{"id":26925,"date":"2023-01-04T13:31:37","date_gmt":"2023-01-04T11:31:37","guid":{"rendered":"https:\/\/just-now.news\/de\/deutschland\/aus-chinesischer-sicht-in-der-welt-findet-ein-praezedenzloser-aufstand-gegen-den-westen-statt\/"},"modified":"2023-01-04T13:31:37","modified_gmt":"2023-01-04T11:31:37","slug":"aus-chinesischer-sicht-in-der-welt-findet-ein-praezedenzloser-aufstand-gegen-den-westen-statt","status":"publish","type":"post","link":"https:\/\/now-news.de\/de\/deutschland\/aus-chinesischer-sicht-in-der-welt-findet-ein-praezedenzloser-aufstand-gegen-den-westen-statt\/","title":{"rendered":"Aus chinesischer Sicht: In der Welt findet ein &quot;pr\u00e4zedenzloser Aufstand&quot; gegen den Westen statt"},"content":{"rendered":"<p><img decoding=\"async\" src=\"http:\/\/just-now.news\/de\/wp-content\/uploads\/sites\/3\/2023\/01\/63b430a3b480cc75f437317e.jpg\" \/><\/p>\n<div class=\"Text-root Text-type_1 \">\n                Das Jahr 2022 hat nach Auffassung des chinesischen Geostrategen Wang Wen den Beginn eines Aufstandes nicht-westlicher Staaten gegen die bisherige Weltordnung markiert. Dabei gehe es nicht nur um den russischen Versuch, die westliche Dominanz milit\u00e4risch zu durchbrechen.\n            <\/div>\n<p><\/p>\n<div class=\"Text-root Text-type_5 ArticleView-text ViewText-root \">\n<p>Die Welt erlebe eine &#8220;beispiellose Rebellion&#8221; der nicht-westlichen L\u00e4nder gegen die etablierte westliche Ordnung, schreibt einer der f\u00fchrenden chinesischen Politologen, Professor Wang Wen,\u00a0<a rel=\"nofollow noopener\" target=\"_blank\" href=\"https:\/\/www.scmp.com\/comment\/opinion\/article\/3205148\/beyond-china-more-nations-reject-us-led-order-2022-will-go-down-year-de-westernisation\">in einem Artikel<\/a>\u00a0f\u00fcr die chinesische\u00a0<em>South China Morning Post:<\/em><\/p>\n<blockquote>\n<p><em>&#8220;Von Chinas sozialistischem Weg \u00fcber Lateinamerikas Linksschwenk bis hin zur neutralen Haltung der ASEAN: Immer mehr L\u00e4nder verschm\u00e4hen die westliche Weltordnung. Still, aber bestimmt.&#8221;<\/em><\/p>\n<\/blockquote>\n<p>Das vergangene Jahr 2022 sei ein Jahr der &#8220;Entwestlichung&#8221; (&#8220;De-Westernisierung&#8221;) gewesen, da immer mehr Staaten \u2013 von China \u00fcber Lateinamerika bis zu den ASEAN-L\u00e4ndern \u2013 &#8220;die westliche Weltordnung leise, aber entschieden ablehnen&#8221; und diese Ablehnung immer entschiedener zum Ausdruck br\u00e4chten. Laut Wang Wen biete &#8220;die nicht-westliche Welt ein noch nie dagewesenes Bild&#8221;.\u00a0Die westlichen Medien neigen dazu, sich auf die Konkurrenz der &#8220;gro\u00dfen Zwei&#8221;, als den Konflikt zwischen den USA und China zu konzentrieren. Dabei spiele sich in der Geopolitik l\u00e4ngst ein zweigleisiges Szenario mit paralleler Entwicklung der westlichen Hegemonie einerseits und einer antiwestlichen und unabh\u00e4ngigeren Entwicklung ab.<\/p>\n<p>Dabei gehe es nicht nur um den &#8220;radikalen Versuch Russlands, durch den Einsatz milit\u00e4rischer Macht die von den USA dominierte internationale Ordnung zu durchbrechen&#8221;. Es gehe auch um das beispiellose Aufbegehren nicht-westlicher L\u00e4nder gegen die etablierte Ordnung auf der Suche nach einer unabh\u00e4ngigeren Position. Die Abweichler lassen sich dabei nicht auf eine offene Konfrontation oder einen milit\u00e4rischen Konflikt ein, sondern beginnen, nach ihren nationalen Interessen zu handeln und sich der Abh\u00e4ngigkeit und Kontrolle des Westens zu entledigen.<\/p>\n<p>In Brasilien markiere die Wiederwahl von Luiz Inacio Lula da Silva zum Pr\u00e4sidenten einen pr\u00e4zedenzlosen Zustand, 80 Prozent Lateinamerikas werden nun von linken Regierungen regiert.\u00a0 In den vergangenen Jahren haben auch Mexiko, Argentinien, Peru, Chile, Honduras, Kolumbien und andere L\u00e4nder linke Regierungen gew\u00e4hlt. Sie treten daf\u00fcr ein, sich von den Vereinigten Staaten zu distanzieren und eine gr\u00f6\u00dfere Unabh\u00e4ngigkeit und Integration Lateinamerikas zu f\u00f6rdern.<\/p>\n<p>In S\u00fcdostasien, wo k\u00fcrzlich die Gipfeltreffen der ASEAN, der G20 und der APEC stattgefunden haben, hat der Verband S\u00fcdostasiatischer Nationen sorgf\u00e4ltig die gleiche Distanz zu China wie zu den USA gewahrt und seine neutrale Position durch regionale Solidarit\u00e4t und wirtschaftliche Vitalit\u00e4t gest\u00e4rkt.<\/p>\n<p>In Zentralasien haben die Staats- und Regierungschefs Kirgisistans, Kasachstans, Usbekistans, Tadschikistans und Turkmenistans den Konsultationsmechanismus der Staatschefs weiter gest\u00e4rkt und wichtige Dokumente unterzeichnet, darunter ein Vertrag \u00fcber &#8220;Freundschaft, gute Nachbarschaft und Zusammenarbeit f\u00fcr die Entwicklung Zentralasiens im 21 Jahrhundert&#8221;. In gleichem Abstand zu Russland, den USA, Europa und anderen M\u00e4chten trete Zentralasien, in eine &#8220;neue Phase der nationalen Konsolidierung und regionalen Integration&#8221; ein, schreibt\u00a0Wang Wen .<\/p>\n<p>Im Nahen Osten, der den arabischen Fr\u00fchling und den Anti-Terror-Krieg der USA \u00fcberstanden habe, konzentrieren sich die 22 L\u00e4nder der arabischen Welt zunehmend auf ihre Entwicklung. Die &#8220;Vision 2030&#8221; von Saudi-Arabien, die &#8220;Nationale Vision 2030&#8221; von Katar, die &#8220;Neue Vision 2035&#8221; von Kuwait, die &#8220;Vision 2040&#8221; in Oman und die &#8220;Vision 2050&#8221; der Vereinigten Arabischen Emirate seien langfristige Entwicklungspl\u00e4ne, die hohe Erwartungen wecken.\u00a0Die Austragung der Fu\u00dfballweltmeisterschaft in Katar, das Gipfeltreffen zwischen China und den arabischen Staaten und das Gipfeltreffen zwischen China und dem Golfkooperationsrat (GCC) haben das weltweite Ansehen und den Einfluss der Region ebenfalls gest\u00e4rkt.<\/p>\n<p>Indien habe sich, erw\u00e4hnt der Autor lobend, dem westlichen Druck widersetzt, sich den Sanktionen gegen Russland anzuschlie\u00dfen, und halte an seiner Politik der Zusammenarbeit mit China und Russland fest. Als Vorsitzender der G20 im Jahr 2023 habe es eine &#8220;gro\u00dfe Chance, seinen Einfluss zu erweitern&#8221;.<\/p>\n<p>China selbst n\u00e4here sich &#8220;nach der erfolgreichen Durchf\u00fchrung des 20. Parteikongresses der Kommunistischen Partei und trotz der Herausforderungen des Covid-19 und des wirtschaftlichen Abschwungs&#8221; weiterhin stetig seinem Ziel, bis 2050 eine moderne sozialistische Macht zu werden.<\/p>\n<p>F\u00fcr die n\u00e4chsten Jahre prophezeit der chinesische Wissenschaftler eine Intensivierung dieses Trends und harte Auseinandersetzungen um den Fortbestand der alten Weltordnung:\u00a0<\/p>\n<blockquote>\n<p><em>&#8220;Die Welt wird im Jahr 2023 keine sanfte sein, aber die Bewegung der De-Westernisierung ist unumkehrbar und wird nur voranschreiten.&#8221;<\/em><\/p>\n<\/blockquote>\n<p>Im Ergebnis dieses schmerzhaften Prozesses werde, zeigt sich Wang Wen \u00fcberzeugt, eine &#8220;demokratischere Form der internationalen Politik&#8221;, die auf &#8220;gegenseitiger Achtung&#8221; beruht, stehen.\u00a0<\/p>\n<p>Wang Wen ist Professor und gesch\u00e4ftsf\u00fchrender Dekan des Chongyang-Instituts f\u00fcr Finanzstudien an der Chinesischen Renmin-Universit\u00e4t in Beijing.<\/p>\n<p><strong>Mehr zum Thema<\/strong> &#8211; <a rel=\"nofollow noopener\" target=\"_blank\" href=\"https:\/\/test.rtde.tech\/international\/158278-xi-von-arabien-und-langer-marsch\/\">Pepe Escobar: Xi von Arabien und der lange Marsch zum Petroyuan<\/a><\/p>\n<\/div>\n<p><br \/>\n<br \/><a href=\"https:\/\/de.rt.com\/international\/158871-aus-chinesischer-sicht-in-welt\/\">Source link <\/a><\/p>\n","protected":false},"excerpt":{"rendered":"<p>Das Jahr 2022 hat nach Auffassung des chinesischen Geostrategen Wang Wen den Beginn eines Aufstandes nicht-westlicher Staaten gegen die bisherige Weltordnung markiert. Dabei gehe es nicht nur um den russischen Versuch, die westliche Dominanz milit\u00e4risch zu durchbrechen. Die Welt erlebe eine &#8220;beispiellose Rebellion&#8221; der nicht-westlichen L\u00e4nder gegen die etablierte westliche Ordnung, schreibt einer der f\u00fchrenden [&hellip;]<\/p>\n","protected":false},"author":3,"featured_media":26926,"comment_status":"open","ping_status":"open","sticky":false,"template":"","format":"standard","meta":{"_yoast_indexnow_last_ping":["1672832814"],"wp_automatic_camp":["217"],"2ee906e0484deba438d6b350a517fee7":["Aus chinesischer Sicht: In der Welt findet ein &quot;pr\u00e4zedenzloser Aufstand&quot; gegen den Westen statt"],"original_link":["https:\/\/de.rt.com\/international\/158871-aus-chinesischer-sicht-in-welt\/"],"_thumbnail_id":["26926"],"_wptgpro_p2tg_sent2tg":["a:1:{i:23737;s:19:\"2023-01-04 13:47:59\";}"],"jnews_social_counter_last_update":["1777377652"]},"categories":[19,23],"tags":[38504,679,1442,48,82,357,431,278,38503,13406,6396,778,378],"yoast_head":"<!-- This site is optimized with the Yoast SEO Premium plugin v22.7 (Yoast SEO v22.7) - https:\/\/yoast.com\/wordpress\/plugins\/seo\/ -->\n<title>Aus chinesischer Sicht: In der Welt findet ein &quot;pr\u00e4zedenzloser Aufstand&quot; gegen den Westen statt - just-now.NEWS Deutschland<\/title>\n<meta name=\"robots\" content=\"index, follow, max-snippet:-1, max-image-preview:large, max-video-preview:-1\" \/>\n<link rel=\"canonical\" href=\"https:\/\/now-news.de\/de\/deutschland\/aus-chinesischer-sicht-in-der-welt-findet-ein-praezedenzloser-aufstand-gegen-den-westen-statt\/\" \/>\n<meta property=\"og:locale\" content=\"de_DE\" \/>\n<meta property=\"og:type\" content=\"article\" \/>\n<meta property=\"og:title\" content=\"Aus chinesischer Sicht: In der Welt findet ein &quot;pr\u00e4zedenzloser Aufstand&quot; gegen den Westen statt\" \/>\n<meta property=\"og:description\" content=\"Das Jahr 2022 hat nach Auffassung des chinesischen Geostrategen Wang Wen den Beginn eines Aufstandes nicht-westlicher Staaten gegen die bisherige Weltordnung markiert. Dabei gehe es nicht nur um den russischen Versuch, die westliche Dominanz milit\u00e4risch zu durchbrechen. Die Welt erlebe eine &#8220;beispiellose Rebellion&#8221; der nicht-westlichen L\u00e4nder gegen die etablierte westliche Ordnung, schreibt einer der f\u00fchrenden [&hellip;]\" \/>\n<meta property=\"og:url\" content=\"https:\/\/now-news.de\/de\/deutschland\/aus-chinesischer-sicht-in-der-welt-findet-ein-praezedenzloser-aufstand-gegen-den-westen-statt\/\" \/>\n<meta property=\"og:site_name\" content=\"just-now.NEWS Deutschland\" \/>\n<meta property=\"article:publisher\" content=\"https:\/\/www.facebook.com\/wirmachenauf\" \/>\n<meta property=\"article:published_time\" content=\"2023-01-04T11:31:37+00:00\" \/>\n<meta property=\"og:image\" content=\"https:\/\/now-news.de\/de\/wp-content\/uploads\/sites\/3\/2023\/01\/Aus-chinesischer-Sicht-In-der-Welt-findet-ein-quotpraezedenzloser-Aufstandquot.jpg\" \/>\n\t<meta property=\"og:image:width\" content=\"460\" \/>\n\t<meta property=\"og:image:height\" content=\"259\" \/>\n\t<meta property=\"og:image:type\" content=\"image\/jpeg\" \/>\n<meta name=\"author\" content=\"rtnews\" \/>\n<meta name=\"twitter:card\" content=\"summary_large_image\" \/>\n<meta name=\"twitter:creator\" content=\"@WirMachenAuf_de\" \/>\n<meta name=\"twitter:site\" content=\"@WirMachenAuf_de\" \/>\n<meta name=\"twitter:label1\" content=\"Verfasst von\" \/>\n\t<meta name=\"twitter:data1\" content=\"rtnews\" \/>\n\t<meta name=\"twitter:label2\" content=\"Gesch\u00e4tzte Lesezeit\" \/>\n\t<meta name=\"twitter:data2\" content=\"4\u00a0Minuten\" \/>\n<script type=\"application\/ld+json\" class=\"yoast-schema-graph\">{\"@context\":\"https:\/\/schema.org\",\"@graph\":[{\"@type\":\"Article\",\"@id\":\"https:\/\/now-news.de\/de\/deutschland\/aus-chinesischer-sicht-in-der-welt-findet-ein-praezedenzloser-aufstand-gegen-den-westen-statt\/#article\",\"isPartOf\":{\"@id\":\"https:\/\/now-news.de\/de\/deutschland\/aus-chinesischer-sicht-in-der-welt-findet-ein-praezedenzloser-aufstand-gegen-den-westen-statt\/\"},\"author\":{\"name\":\"rtnews\",\"@id\":\"https:\/\/now-news.de\/de\/#\/schema\/person\/fb534a4e865501d8b3285208df34a9b5\"},\"headline\":\"Aus chinesischer Sicht: In der Welt findet ein &quot;pr\u00e4zedenzloser Aufstand&quot; gegen den Westen statt\",\"datePublished\":\"2023-01-04T11:31:37+00:00\",\"dateModified\":\"2023-01-04T11:31:37+00:00\",\"mainEntityOfPage\":{\"@id\":\"https:\/\/now-news.de\/de\/deutschland\/aus-chinesischer-sicht-in-der-welt-findet-ein-praezedenzloser-aufstand-gegen-den-westen-statt\/\"},\"wordCount\":768,\"commentCount\":0,\"publisher\":{\"@id\":\"https:\/\/now-news.de\/de\/#organization\"},\"image\":{\"@id\":\"https:\/\/now-news.de\/de\/deutschland\/aus-chinesischer-sicht-in-der-welt-findet-ein-praezedenzloser-aufstand-gegen-den-westen-statt\/#primaryimage\"},\"thumbnailUrl\":\"https:\/\/now-news.de\/de\/wp-content\/uploads\/sites\/3\/2023\/01\/Aus-chinesischer-Sicht-In-der-Welt-findet-ein-quotpraezedenzloser-Aufstandquot.jpg\",\"keywords\":[\"Aufstandquot\",\"aus\",\"Chinesischer\",\"den\",\"der\",\"ein\",\"findet\",\"gegen\",\"quotpr\u00e4zedenzloser\",\"Sicht\",\"Statt\",\"Welt\",\"Westen\"],\"articleSection\":[\"Deutschland\",\"Russland\"],\"inLanguage\":\"de\",\"potentialAction\":[{\"@type\":\"CommentAction\",\"name\":\"Comment\",\"target\":[\"https:\/\/now-news.de\/de\/deutschland\/aus-chinesischer-sicht-in-der-welt-findet-ein-praezedenzloser-aufstand-gegen-den-westen-statt\/#respond\"]}]},{\"@type\":\"WebPage\",\"@id\":\"https:\/\/now-news.de\/de\/deutschland\/aus-chinesischer-sicht-in-der-welt-findet-ein-praezedenzloser-aufstand-gegen-den-westen-statt\/\",\"url\":\"https:\/\/now-news.de\/de\/deutschland\/aus-chinesischer-sicht-in-der-welt-findet-ein-praezedenzloser-aufstand-gegen-den-westen-statt\/\",\"name\":\"Aus chinesischer Sicht: In der Welt findet ein &quot;pr\u00e4zedenzloser Aufstand&quot; gegen den Westen statt - just-now.NEWS Deutschland\",\"isPartOf\":{\"@id\":\"https:\/\/now-news.de\/de\/#website\"},\"primaryImageOfPage\":{\"@id\":\"https:\/\/now-news.de\/de\/deutschland\/aus-chinesischer-sicht-in-der-welt-findet-ein-praezedenzloser-aufstand-gegen-den-westen-statt\/#primaryimage\"},\"image\":{\"@id\":\"https:\/\/now-news.de\/de\/deutschland\/aus-chinesischer-sicht-in-der-welt-findet-ein-praezedenzloser-aufstand-gegen-den-westen-statt\/#primaryimage\"},\"thumbnailUrl\":\"https:\/\/now-news.de\/de\/wp-content\/uploads\/sites\/3\/2023\/01\/Aus-chinesischer-Sicht-In-der-Welt-findet-ein-quotpraezedenzloser-Aufstandquot.jpg\",\"datePublished\":\"2023-01-04T11:31:37+00:00\",\"dateModified\":\"2023-01-04T11:31:37+00:00\",\"breadcrumb\":{\"@id\":\"https:\/\/now-news.de\/de\/deutschland\/aus-chinesischer-sicht-in-der-welt-findet-ein-praezedenzloser-aufstand-gegen-den-westen-statt\/#breadcrumb\"},\"inLanguage\":\"de\",\"potentialAction\":[{\"@type\":\"ReadAction\",\"target\":[\"https:\/\/now-news.de\/de\/deutschland\/aus-chinesischer-sicht-in-der-welt-findet-ein-praezedenzloser-aufstand-gegen-den-westen-statt\/\"]}]},{\"@type\":\"ImageObject\",\"inLanguage\":\"de\",\"@id\":\"https:\/\/now-news.de\/de\/deutschland\/aus-chinesischer-sicht-in-der-welt-findet-ein-praezedenzloser-aufstand-gegen-den-westen-statt\/#primaryimage\",\"url\":\"https:\/\/now-news.de\/de\/wp-content\/uploads\/sites\/3\/2023\/01\/Aus-chinesischer-Sicht-In-der-Welt-findet-ein-quotpraezedenzloser-Aufstandquot.jpg\",\"contentUrl\":\"https:\/\/now-news.de\/de\/wp-content\/uploads\/sites\/3\/2023\/01\/Aus-chinesischer-Sicht-In-der-Welt-findet-ein-quotpraezedenzloser-Aufstandquot.jpg\",\"width\":460,\"height\":259,\"caption\":\"Aus chinesischer Sicht: In der Welt findet ein &quot;pr\u00e4zedenzloser Aufstand&quot; gegen den Westen statt\"},{\"@type\":\"BreadcrumbList\",\"@id\":\"https:\/\/now-news.de\/de\/deutschland\/aus-chinesischer-sicht-in-der-welt-findet-ein-praezedenzloser-aufstand-gegen-den-westen-statt\/#breadcrumb\",\"itemListElement\":[{\"@type\":\"ListItem\",\"position\":1,\"name\":\"Home\",\"item\":\"https:\/\/now-news.de\/de\/\"},{\"@type\":\"ListItem\",\"position\":2,\"name\":\"Aus chinesischer Sicht: In der Welt findet ein &quot;pr\u00e4zedenzloser Aufstand&quot; gegen den Westen statt\"}]},{\"@type\":\"WebSite\",\"@id\":\"https:\/\/now-news.de\/de\/#website\",\"url\":\"https:\/\/now-news.de\/de\/\",\"name\":\"just-now.NEWS Deutschland\",\"description\":\"Das Portal f\u00fcr unzensierte Nachrichten aus der Welt\",\"publisher\":{\"@id\":\"https:\/\/now-news.de\/de\/#organization\"},\"potentialAction\":[{\"@type\":\"SearchAction\",\"target\":{\"@type\":\"EntryPoint\",\"urlTemplate\":\"https:\/\/now-news.de\/de\/?s={search_term_string}\"},\"query-input\":\"required name=search_term_string\"}],\"inLanguage\":\"de\"},{\"@type\":\"Organization\",\"@id\":\"https:\/\/now-news.de\/de\/#organization\",\"name\":\"Just Now News\",\"url\":\"https:\/\/now-news.de\/de\/\",\"logo\":{\"@type\":\"ImageObject\",\"inLanguage\":\"de\",\"@id\":\"https:\/\/now-news.de\/de\/#\/schema\/logo\/image\/\",\"url\":\"http:\/\/just-now.news\/de\/wp-content\/uploads\/sites\/3\/2022\/04\/logo500x500.jpg\",\"contentUrl\":\"http:\/\/just-now.news\/de\/wp-content\/uploads\/sites\/3\/2022\/04\/logo500x500.jpg\",\"width\":500,\"height\":500,\"caption\":\"Just Now News\"},\"image\":{\"@id\":\"https:\/\/now-news.de\/de\/#\/schema\/logo\/image\/\"},\"sameAs\":[\"https:\/\/www.facebook.com\/wirmachenauf\",\"https:\/\/x.com\/WirMachenAuf_de\"]},{\"@type\":\"Person\",\"@id\":\"https:\/\/now-news.de\/de\/#\/schema\/person\/fb534a4e865501d8b3285208df34a9b5\",\"name\":\"rtnews\",\"image\":{\"@type\":\"ImageObject\",\"inLanguage\":\"de\",\"@id\":\"https:\/\/now-news.de\/de\/#\/schema\/person\/image\/\",\"url\":\"https:\/\/secure.gravatar.com\/avatar\/82aafea7d8127119dd649515f56e2117?s=96&d=mm&r=g\",\"contentUrl\":\"https:\/\/secure.gravatar.com\/avatar\/82aafea7d8127119dd649515f56e2117?s=96&d=mm&r=g\",\"caption\":\"rtnews\"},\"url\":\"https:\/\/now-news.de\/de\/author\/rnews\/\"}]}<\/script>\n<!-- \/ Yoast SEO Premium plugin. -->","yoast_head_json":{"title":"Aus chinesischer Sicht: In der Welt findet ein &quot;pr\u00e4zedenzloser Aufstand&quot; gegen den Westen statt - just-now.NEWS Deutschland","robots":{"index":"index","follow":"follow","max-snippet":"max-snippet:-1","max-image-preview":"max-image-preview:large","max-video-preview":"max-video-preview:-1"},"canonical":"https:\/\/now-news.de\/de\/deutschland\/aus-chinesischer-sicht-in-der-welt-findet-ein-praezedenzloser-aufstand-gegen-den-westen-statt\/","og_locale":"de_DE","og_type":"article","og_title":"Aus chinesischer Sicht: In der Welt findet ein &quot;pr\u00e4zedenzloser Aufstand&quot; gegen den Westen statt","og_description":"Das Jahr 2022 hat nach Auffassung des chinesischen Geostrategen Wang Wen den Beginn eines Aufstandes nicht-westlicher Staaten gegen die bisherige Weltordnung markiert. Dabei gehe es nicht nur um den russischen Versuch, die westliche Dominanz milit\u00e4risch zu durchbrechen. Die Welt erlebe eine &#8220;beispiellose Rebellion&#8221; der nicht-westlichen L\u00e4nder gegen die etablierte westliche Ordnung, schreibt einer der f\u00fchrenden [&hellip;]","og_url":"https:\/\/now-news.de\/de\/deutschland\/aus-chinesischer-sicht-in-der-welt-findet-ein-praezedenzloser-aufstand-gegen-den-westen-statt\/","og_site_name":"just-now.NEWS Deutschland","article_publisher":"https:\/\/www.facebook.com\/wirmachenauf","article_published_time":"2023-01-04T11:31:37+00:00","og_image":[{"width":460,"height":259,"url":"https:\/\/now-news.de\/de\/wp-content\/uploads\/sites\/3\/2023\/01\/Aus-chinesischer-Sicht-In-der-Welt-findet-ein-quotpraezedenzloser-Aufstandquot.jpg","type":"image\/jpeg"}],"author":"rtnews","twitter_card":"summary_large_image","twitter_creator":"@WirMachenAuf_de","twitter_site":"@WirMachenAuf_de","twitter_misc":{"Verfasst von":"rtnews","Gesch\u00e4tzte Lesezeit":"4\u00a0Minuten"},"schema":{"@context":"https:\/\/schema.org","@graph":[{"@type":"Article","@id":"https:\/\/now-news.de\/de\/deutschland\/aus-chinesischer-sicht-in-der-welt-findet-ein-praezedenzloser-aufstand-gegen-den-westen-statt\/#article","isPartOf":{"@id":"https:\/\/now-news.de\/de\/deutschland\/aus-chinesischer-sicht-in-der-welt-findet-ein-praezedenzloser-aufstand-gegen-den-westen-statt\/"},"author":{"name":"rtnews","@id":"https:\/\/now-news.de\/de\/#\/schema\/person\/fb534a4e865501d8b3285208df34a9b5"},"headline":"Aus chinesischer Sicht: In der Welt findet ein &quot;pr\u00e4zedenzloser Aufstand&quot; gegen den Westen statt","datePublished":"2023-01-04T11:31:37+00:00","dateModified":"2023-01-04T11:31:37+00:00","mainEntityOfPage":{"@id":"https:\/\/now-news.de\/de\/deutschland\/aus-chinesischer-sicht-in-der-welt-findet-ein-praezedenzloser-aufstand-gegen-den-westen-statt\/"},"wordCount":768,"commentCount":0,"publisher":{"@id":"https:\/\/now-news.de\/de\/#organization"},"image":{"@id":"https:\/\/now-news.de\/de\/deutschland\/aus-chinesischer-sicht-in-der-welt-findet-ein-praezedenzloser-aufstand-gegen-den-westen-statt\/#primaryimage"},"thumbnailUrl":"https:\/\/now-news.de\/de\/wp-content\/uploads\/sites\/3\/2023\/01\/Aus-chinesischer-Sicht-In-der-Welt-findet-ein-quotpraezedenzloser-Aufstandquot.jpg","keywords":["Aufstandquot","aus","Chinesischer","den","der","ein","findet","gegen","quotpr\u00e4zedenzloser","Sicht","Statt","Welt","Westen"],"articleSection":["Deutschland","Russland"],"inLanguage":"de","potentialAction":[{"@type":"CommentAction","name":"Comment","target":["https:\/\/now-news.de\/de\/deutschland\/aus-chinesischer-sicht-in-der-welt-findet-ein-praezedenzloser-aufstand-gegen-den-westen-statt\/#respond"]}]},{"@type":"WebPage","@id":"https:\/\/now-news.de\/de\/deutschland\/aus-chinesischer-sicht-in-der-welt-findet-ein-praezedenzloser-aufstand-gegen-den-westen-statt\/","url":"https:\/\/now-news.de\/de\/deutschland\/aus-chinesischer-sicht-in-der-welt-findet-ein-praezedenzloser-aufstand-gegen-den-westen-statt\/","name":"Aus chinesischer Sicht: In der Welt findet ein &quot;pr\u00e4zedenzloser Aufstand&quot; gegen den Westen statt - just-now.NEWS Deutschland","isPartOf":{"@id":"https:\/\/now-news.de\/de\/#website"},"primaryImageOfPage":{"@id":"https:\/\/now-news.de\/de\/deutschland\/aus-chinesischer-sicht-in-der-welt-findet-ein-praezedenzloser-aufstand-gegen-den-westen-statt\/#primaryimage"},"image":{"@id":"https:\/\/now-news.de\/de\/deutschland\/aus-chinesischer-sicht-in-der-welt-findet-ein-praezedenzloser-aufstand-gegen-den-westen-statt\/#primaryimage"},"thumbnailUrl":"https:\/\/now-news.de\/de\/wp-content\/uploads\/sites\/3\/2023\/01\/Aus-chinesischer-Sicht-In-der-Welt-findet-ein-quotpraezedenzloser-Aufstandquot.jpg","datePublished":"2023-01-04T11:31:37+00:00","dateModified":"2023-01-04T11:31:37+00:00","breadcrumb":{"@id":"https:\/\/now-news.de\/de\/deutschland\/aus-chinesischer-sicht-in-der-welt-findet-ein-praezedenzloser-aufstand-gegen-den-westen-statt\/#breadcrumb"},"inLanguage":"de","potentialAction":[{"@type":"ReadAction","target":["https:\/\/now-news.de\/de\/deutschland\/aus-chinesischer-sicht-in-der-welt-findet-ein-praezedenzloser-aufstand-gegen-den-westen-statt\/"]}]},{"@type":"ImageObject","inLanguage":"de","@id":"https:\/\/now-news.de\/de\/deutschland\/aus-chinesischer-sicht-in-der-welt-findet-ein-praezedenzloser-aufstand-gegen-den-westen-statt\/#primaryimage","url":"https:\/\/now-news.de\/de\/wp-content\/uploads\/sites\/3\/2023\/01\/Aus-chinesischer-Sicht-In-der-Welt-findet-ein-quotpraezedenzloser-Aufstandquot.jpg","contentUrl":"https:\/\/now-news.de\/de\/wp-content\/uploads\/sites\/3\/2023\/01\/Aus-chinesischer-Sicht-In-der-Welt-findet-ein-quotpraezedenzloser-Aufstandquot.jpg","width":460,"height":259,"caption":"Aus chinesischer Sicht: In der Welt findet ein &quot;pr\u00e4zedenzloser Aufstand&quot; gegen den Westen statt"},{"@type":"BreadcrumbList","@id":"https:\/\/now-news.de\/de\/deutschland\/aus-chinesischer-sicht-in-der-welt-findet-ein-praezedenzloser-aufstand-gegen-den-westen-statt\/#breadcrumb","itemListElement":[{"@type":"ListItem","position":1,"name":"Home","item":"https:\/\/now-news.de\/de\/"},{"@type":"ListItem","position":2,"name":"Aus chinesischer Sicht: In der Welt findet ein &quot;pr\u00e4zedenzloser Aufstand&quot; gegen den Westen statt"}]},{"@type":"WebSite","@id":"https:\/\/now-news.de\/de\/#website","url":"https:\/\/now-news.de\/de\/","name":"just-now.NEWS Deutschland","description":"Das Portal f\u00fcr unzensierte Nachrichten aus der Welt","publisher":{"@id":"https:\/\/now-news.de\/de\/#organization"},"potentialAction":[{"@type":"SearchAction","target":{"@type":"EntryPoint","urlTemplate":"https:\/\/now-news.de\/de\/?s={search_term_string}"},"query-input":"required name=search_term_string"}],"inLanguage":"de"},{"@type":"Organization","@id":"https:\/\/now-news.de\/de\/#organization","name":"Just Now News","url":"https:\/\/now-news.de\/de\/","logo":{"@type":"ImageObject","inLanguage":"de","@id":"https:\/\/now-news.de\/de\/#\/schema\/logo\/image\/","url":"http:\/\/just-now.news\/de\/wp-content\/uploads\/sites\/3\/2022\/04\/logo500x500.jpg","contentUrl":"http:\/\/just-now.news\/de\/wp-content\/uploads\/sites\/3\/2022\/04\/logo500x500.jpg","width":500,"height":500,"caption":"Just Now News"},"image":{"@id":"https:\/\/now-news.de\/de\/#\/schema\/logo\/image\/"},"sameAs":["https:\/\/www.facebook.com\/wirmachenauf","https:\/\/x.com\/WirMachenAuf_de"]},{"@type":"Person","@id":"https:\/\/now-news.de\/de\/#\/schema\/person\/fb534a4e865501d8b3285208df34a9b5","name":"rtnews","image":{"@type":"ImageObject","inLanguage":"de","@id":"https:\/\/now-news.de\/de\/#\/schema\/person\/image\/","url":"https:\/\/secure.gravatar.com\/avatar\/82aafea7d8127119dd649515f56e2117?s=96&d=mm&r=g","contentUrl":"https:\/\/secure.gravatar.com\/avatar\/82aafea7d8127119dd649515f56e2117?s=96&d=mm&r=g","caption":"rtnews"},"url":"https:\/\/now-news.de\/de\/author\/rnews\/"}]}},"_links":{"self":[{"href":"https:\/\/now-news.de\/de\/wp-json\/wp\/v2\/posts\/26925"}],"collection":[{"href":"https:\/\/now-news.de\/de\/wp-json\/wp\/v2\/posts"}],"about":[{"href":"https:\/\/now-news.de\/de\/wp-json\/wp\/v2\/types\/post"}],"author":[{"embeddable":true,"href":"https:\/\/now-news.de\/de\/wp-json\/wp\/v2\/users\/3"}],"replies":[{"embeddable":true,"href":"https:\/\/now-news.de\/de\/wp-json\/wp\/v2\/comments?post=26925"}],"version-history":[{"count":0,"href":"https:\/\/now-news.de\/de\/wp-json\/wp\/v2\/posts\/26925\/revisions"}],"wp:featuredmedia":[{"embeddable":true,"href":"https:\/\/now-news.de\/de\/wp-json\/wp\/v2\/media\/26926"}],"wp:attachment":[{"href":"https:\/\/now-news.de\/de\/wp-json\/wp\/v2\/media?parent=26925"}],"wp:term":[{"taxonomy":"category","embeddable":true,"href":"https:\/\/now-news.de\/de\/wp-json\/wp\/v2\/categories?post=26925"},{"taxonomy":"post_tag","embeddable":true,"href":"https:\/\/now-news.de\/de\/wp-json\/wp\/v2\/tags?post=26925"}],"curies":[{"name":"wp","href":"https:\/\/api.w.org\/{rel}","templated":true}]}}