{"id":26921,"date":"2023-01-04T12:30:36","date_gmt":"2023-01-04T10:30:36","guid":{"rendered":"https:\/\/just-now.news\/de\/deutschland\/chaos-im-us-kongress-historische-niederlage-fuer-republikaner-mccarthy\/"},"modified":"2023-01-04T12:30:36","modified_gmt":"2023-01-04T10:30:36","slug":"chaos-im-us-kongress-historische-niederlage-fuer-republikaner-mccarthy","status":"publish","type":"post","link":"https:\/\/now-news.de\/de\/deutschland\/chaos-im-us-kongress-historische-niederlage-fuer-republikaner-mccarthy\/","title":{"rendered":"Chaos im US-Kongress: Historische Niederlage f\u00fcr Republikaner McCarthy"},"content":{"rendered":"<p><img decoding=\"async\" src=\"http:\/\/just-now.news\/de\/wp-content\/uploads\/sites\/3\/2023\/01\/63b53b1548fbef45106cbd42.jpg\" \/><\/p>\n<div class=\"Text-root Text-type_1 \">\n                Die Wahl zum Vorsitzenden des US-Repr\u00e4sentantenhauses zum Start eines neuen Kongresses wurde am Dienstag ein Drama von historischem Ausma\u00df. Kevin McCarthy verlor drei Wahlg\u00e4nge in Folge. Mehrere Republikaner rebellierten auf offener B\u00fchne gegen ihre F\u00fchrungsfigur.\n            <\/div>\n<p><\/p>\n<div class=\"Text-root Text-type_5 ArticleView-text ViewText-root \">\n<p>Bei der Wahl des Vorsitzenden des US-Repr\u00e4sentantenhauses hat der Republikaner Kevin McCarthy eine historische Schlappe erlitten. McCarthy verfehlte bei der Abstimmung in der konstituierenden Sitzung der Parlamentskammer am Dienstag in den ersten drei Wahlg\u00e4ngen die erforderliche Mehrheit f\u00fcr das m\u00e4chtige Amt in den USA.\u00a0Die n\u00e4chste Abstimmung zum sogenannten &#8220;Speaker&#8221; soll am heutigen Mittwoch stattfinden.<\/p>\n<p>Es ist das erste Mal seit einhundert Jahren, dass bei der Wahl mehr als ein Anlauf erforderlich ist und eine Fraktion ihrem Kandidaten im ersten Durchgang die Gefolgschaft verweigert.<\/p>\n<p>Nach den Parlamentswahlen im November kam der Kongress am Dienstag erstmals in neuer Konstellation zusammen. Die Republikaner \u00fcbernahmen die Kontrolle im Repr\u00e4sentantenhaus.\u00a0Sie stellen k\u00fcnftig 222 der 435 Abgeordneten, das liegt nur knapp \u00fcber der Mehrheit von 218 Stimmen. Im Senat\u00a0haben die Demokraten von US-Pr\u00e4sident Joe Biden weiterhin eine knappe Mehrheit. Seit Wochen w\u00fctet nun der erbitterte interne Kampf der Republikaner um die F\u00fchrung im Repr\u00e4sentantenhaus. Indessen kam es f\u00fcr McCarthy noch schlimmer als erwartet.<\/p>\n<p>Der Posten des Vorsitzenden in der Kammer, den in den vergangenen Jahren die Demokratin Nancy Pelosi innehatte, steht in der staatlichen Rangfolge der USA an dritter Stelle nach dem Pr\u00e4sidenten und dessen Vize. \u00dcblicherweise ist die Wahl eine Formalie. Doch mehrere Parteikollegen lehnten sich gegen McCarthy auf und hatten bereits vor der Wahl signalisiert, nicht f\u00fcr McCarthy stimmen zu wollen. Dieser machte seinen Gegnern etliche Zugest\u00e4ndnisse, denn angesichts einer knappen Mehrheit der Republikaner in der Kammer ist er auf fast jede Stimme angewiesen.<\/p>\n<p>F\u00fcr McCarthy ist seine Niederlage in den Wahlg\u00e4ngen eine \u00f6ffentliche Stellung, die auch die Zerrissenheit der Partei verdeutlicht. Es sind genau einhundert Jahre vergangen, seit das letzte Mal ein Kandidat bei der Abstimmung zum Vorsitz im Repr\u00e4sentantenhaus nicht im ersten Wahlgang die n\u00f6tige Mehrheit erreichen konnte: 1923 waren neun Wahlg\u00e4nge n\u00f6tig, um einen Vorsitzenden zu bestimmen. Damals zog sich das Ganze \u00fcber mehrere Tage hin.<\/p>\n<p>Da alle Abgeordneten einzeln aufgerufen werden, um ihren Wunsch-Kandidaten zu benennen,\u00a0ist jeder Wahlgang sehr langwierig.\u00a0McCarthy kam im ersten und zweiten Durchgang bei der m\u00fcndlichen Abstimmung lediglich auf 203 von 434 abgegebenen Stimmen, denn 19 seiner Parteikollegen verweigerten ihm die Stimme. F\u00fcr die Mehrheit sind 218 Stimmen erforderlich. Zuvor war bereits erwartet worden, dass gut ein Dutzend seiner Parteikollegen nicht hinter ihm stehen w\u00fcrden. Im dritten Wahlgang ging ihm dann noch eine weitere Stimme aus den eigenen Reihen verloren.<\/p>\n<p>Die Abgeordneten aus dem Lager des Ex-Pr\u00e4sidenten Donald Trump lehnen McCarthy als zu moderat ab.\u00a0Nach dem ersten Wahlgang hatte der republikanische Abgeordnete Jim\u00a0Jordan McCarthy f\u00fcr den zweiten Anlauf nominiert und seinen Parteikollegen ins Gewissen geredet, die Reihen zu schlie\u00dfen. Doch dann holte direkt im Anschluss einer der h\u00e4rtesten Gegner McCarthys, der Parlamentarier Matt Gaetz, zum Schlag aus \u2013 und nominierte ausgerechnet Jordan. Jordan ist ein Getreuer von Ex-Pr\u00e4sident Donald Trump und versammelte schlie\u00dflich in der zweiten Runde alle 19 Abweichler hinter sich.<\/p>\n<p>Angesichts der nur knappen Mehrheit muss McCarthy die verschiedenen Fl\u00fcgel hinter sich vereinen und selbst Mitglieder vom \u00e4u\u00dfersten Rand seiner Fraktion f\u00fcr sich gewinnen, um Vorsitzender zu werden. Ob ihm das letztlich gelingen wird, bleibt abzuwarten. Der 57-j\u00e4hrige Kalifornier ist seit acht Jahren Fraktionschef der Republikaner. Medienberichten zufolge habe McGarthy seine Meinung in den vergangenen Jahren jedoch zu oft ge\u00e4ndert, weshalb viele seiner Parteikollegen das Vertrauen in ihn verloren haben. Vor allem die Anh\u00e4nger des ehemaligen US-Pr\u00e4sidenten Trump unter den republikanischen Abgeordneten halten ihn f\u00fcr zu offen f\u00fcr Kompromisse mit den Demokraten.\u00a0Matt Gaetz aus Florida, einer der prominentesten Vertreter dieser Gruppe, sagte vor der Abstimmung gegen\u00fcber Reportern:\u00a0<\/p>\n<blockquote>\n<p><em>&#8220;Wir haben Schwierigkeiten, Herrn McCarthy zu vertrauen, weil sich seine Standpunkte und Positionen immer wieder verschieben wie Sand am Meer.&#8221;<\/em><\/p>\n<\/blockquote>\n<p>McCarthy selbst sagte dem US-Sender\u00a0<em>ABC News<\/em>, die Abstimmung sei &#8220;genau so ausgegangen, wie wir es uns vorgestellt hatten&#8221;, und warf Gaetz&#8217; Gruppe vor, &#8220;f\u00fcr ihre eigenen pers\u00f6nlichen Interessen zu k\u00e4mpfen und nicht f\u00fcr das Land&#8221;.<\/p>\n<p>Auch wenn sich McCarthy\u00a0am Ende durchsetzen sollte, wird er geschw\u00e4cht aus dem Gerangel hervorgehen und wird sich in den kommenden Jahren auf einige Schwierigkeiten bei der Organisation von Mehrheiten in der Kongresskammer einstellen m\u00fcssen.<\/p>\n<p><strong>Mehr zum Thema<\/strong> &#8211; <a rel=\"nofollow noopener\" target=\"_blank\" href=\"https:\/\/test.rtde.tech\/nordamerika\/158309-der-us-kongress-auf-kriegskurs\/\">Der US-Kongress auf Kriegskurs \u2013 Weihnachtsgeschenke an die US-R\u00fcstungsindustrie<\/a><\/p>\n<p><em>(rt\/dpa)<\/em><\/p>\n<\/div>\n<p><br \/>\n<br \/><a href=\"https:\/\/de.rt.com\/nordamerika\/158916-wahl-im-us-kongress-historische\/\">Source link <\/a><\/p>\n","protected":false},"excerpt":{"rendered":"<p>Die Wahl zum Vorsitzenden des US-Repr\u00e4sentantenhauses zum Start eines neuen Kongresses wurde am Dienstag ein Drama von historischem Ausma\u00df. Kevin McCarthy verlor drei Wahlg\u00e4nge in Folge. Mehrere Republikaner rebellierten auf offener B\u00fchne gegen ihre F\u00fchrungsfigur. Bei der Wahl des Vorsitzenden des US-Repr\u00e4sentantenhauses hat der Republikaner Kevin McCarthy eine historische Schlappe erlitten. McCarthy verfehlte bei der [&hellip;]<\/p>\n","protected":false},"author":3,"featured_media":26922,"comment_status":"open","ping_status":"open","sticky":false,"template":"","format":"standard","meta":{"_yoast_indexnow_last_ping":["1672828929"],"wp_automatic_camp":["217"],"4e03716957df4a51ed044ec91aa26686":["Chaos im US-Kongress: Historische Niederlage f\u00fcr Republikaner McCarthy"],"original_link":["https:\/\/de.rt.com\/nordamerika\/158916-wahl-im-us-kongress-historische\/"],"_thumbnail_id":["26922"],"_wptgpro_p2tg_sent2tg":["a:1:{i:23737;s:19:\"2023-01-04 12:43:12\";}"],"jnews_social_counter_last_update":["1777264081"]},"categories":[19,23],"tags":[8410,221,27173,3731,3948,4396,19732],"yoast_head":"<!-- This site is optimized with the Yoast SEO Premium plugin v22.7 (Yoast SEO v22.7) - https:\/\/yoast.com\/wordpress\/plugins\/seo\/ -->\n<title>Chaos im US-Kongress: Historische Niederlage f\u00fcr Republikaner McCarthy - just-now.NEWS Deutschland<\/title>\n<meta name=\"robots\" content=\"index, follow, max-snippet:-1, max-image-preview:large, max-video-preview:-1\" \/>\n<link rel=\"canonical\" href=\"https:\/\/now-news.de\/de\/deutschland\/chaos-im-us-kongress-historische-niederlage-fuer-republikaner-mccarthy\/\" \/>\n<meta property=\"og:locale\" content=\"de_DE\" \/>\n<meta property=\"og:type\" content=\"article\" \/>\n<meta property=\"og:title\" content=\"Chaos im US-Kongress: Historische Niederlage f\u00fcr Republikaner McCarthy\" \/>\n<meta property=\"og:description\" content=\"Die Wahl zum Vorsitzenden des US-Repr\u00e4sentantenhauses zum Start eines neuen Kongresses wurde am Dienstag ein Drama von historischem Ausma\u00df. Kevin McCarthy verlor drei Wahlg\u00e4nge in Folge. Mehrere Republikaner rebellierten auf offener B\u00fchne gegen ihre F\u00fchrungsfigur. Bei der Wahl des Vorsitzenden des US-Repr\u00e4sentantenhauses hat der Republikaner Kevin McCarthy eine historische Schlappe erlitten. McCarthy verfehlte bei der [&hellip;]\" \/>\n<meta property=\"og:url\" content=\"https:\/\/now-news.de\/de\/deutschland\/chaos-im-us-kongress-historische-niederlage-fuer-republikaner-mccarthy\/\" \/>\n<meta property=\"og:site_name\" content=\"just-now.NEWS Deutschland\" \/>\n<meta property=\"article:publisher\" content=\"https:\/\/www.facebook.com\/wirmachenauf\" \/>\n<meta property=\"article:published_time\" content=\"2023-01-04T10:30:36+00:00\" \/>\n<meta property=\"og:image\" content=\"https:\/\/now-news.de\/de\/wp-content\/uploads\/sites\/3\/2023\/01\/Chaos-im-US-Kongress-Historische-Niederlage-fuer-Republikaner-McCarthy.jpg\" \/>\n\t<meta property=\"og:image:width\" content=\"460\" \/>\n\t<meta property=\"og:image:height\" content=\"259\" \/>\n\t<meta property=\"og:image:type\" content=\"image\/jpeg\" \/>\n<meta name=\"author\" content=\"rtnews\" \/>\n<meta name=\"twitter:card\" content=\"summary_large_image\" \/>\n<meta name=\"twitter:creator\" content=\"@WirMachenAuf_de\" \/>\n<meta name=\"twitter:site\" content=\"@WirMachenAuf_de\" \/>\n<meta name=\"twitter:label1\" content=\"Verfasst von\" \/>\n\t<meta name=\"twitter:data1\" content=\"rtnews\" \/>\n\t<meta name=\"twitter:label2\" content=\"Gesch\u00e4tzte Lesezeit\" \/>\n\t<meta name=\"twitter:data2\" content=\"4\u00a0Minuten\" \/>\n<script type=\"application\/ld+json\" class=\"yoast-schema-graph\">{\"@context\":\"https:\/\/schema.org\",\"@graph\":[{\"@type\":\"Article\",\"@id\":\"https:\/\/now-news.de\/de\/deutschland\/chaos-im-us-kongress-historische-niederlage-fuer-republikaner-mccarthy\/#article\",\"isPartOf\":{\"@id\":\"https:\/\/now-news.de\/de\/deutschland\/chaos-im-us-kongress-historische-niederlage-fuer-republikaner-mccarthy\/\"},\"author\":{\"name\":\"rtnews\",\"@id\":\"https:\/\/now-news.de\/de\/#\/schema\/person\/fb534a4e865501d8b3285208df34a9b5\"},\"headline\":\"Chaos im US-Kongress: Historische Niederlage f\u00fcr Republikaner McCarthy\",\"datePublished\":\"2023-01-04T10:30:36+00:00\",\"dateModified\":\"2023-01-04T10:30:36+00:00\",\"mainEntityOfPage\":{\"@id\":\"https:\/\/now-news.de\/de\/deutschland\/chaos-im-us-kongress-historische-niederlage-fuer-republikaner-mccarthy\/\"},\"wordCount\":773,\"commentCount\":0,\"publisher\":{\"@id\":\"https:\/\/now-news.de\/de\/#organization\"},\"image\":{\"@id\":\"https:\/\/now-news.de\/de\/deutschland\/chaos-im-us-kongress-historische-niederlage-fuer-republikaner-mccarthy\/#primaryimage\"},\"thumbnailUrl\":\"https:\/\/now-news.de\/de\/wp-content\/uploads\/sites\/3\/2023\/01\/Chaos-im-US-Kongress-Historische-Niederlage-fuer-Republikaner-McCarthy.jpg\",\"keywords\":[\"Chaos\",\"f\u00fcr\",\"historische\",\"McCarthy\",\"Niederlage\",\"Republikaner\",\"USKongress\"],\"articleSection\":[\"Deutschland\",\"Russland\"],\"inLanguage\":\"de\",\"potentialAction\":[{\"@type\":\"CommentAction\",\"name\":\"Comment\",\"target\":[\"https:\/\/now-news.de\/de\/deutschland\/chaos-im-us-kongress-historische-niederlage-fuer-republikaner-mccarthy\/#respond\"]}]},{\"@type\":\"WebPage\",\"@id\":\"https:\/\/now-news.de\/de\/deutschland\/chaos-im-us-kongress-historische-niederlage-fuer-republikaner-mccarthy\/\",\"url\":\"https:\/\/now-news.de\/de\/deutschland\/chaos-im-us-kongress-historische-niederlage-fuer-republikaner-mccarthy\/\",\"name\":\"Chaos im US-Kongress: Historische Niederlage f\u00fcr Republikaner McCarthy - just-now.NEWS Deutschland\",\"isPartOf\":{\"@id\":\"https:\/\/now-news.de\/de\/#website\"},\"primaryImageOfPage\":{\"@id\":\"https:\/\/now-news.de\/de\/deutschland\/chaos-im-us-kongress-historische-niederlage-fuer-republikaner-mccarthy\/#primaryimage\"},\"image\":{\"@id\":\"https:\/\/now-news.de\/de\/deutschland\/chaos-im-us-kongress-historische-niederlage-fuer-republikaner-mccarthy\/#primaryimage\"},\"thumbnailUrl\":\"https:\/\/now-news.de\/de\/wp-content\/uploads\/sites\/3\/2023\/01\/Chaos-im-US-Kongress-Historische-Niederlage-fuer-Republikaner-McCarthy.jpg\",\"datePublished\":\"2023-01-04T10:30:36+00:00\",\"dateModified\":\"2023-01-04T10:30:36+00:00\",\"breadcrumb\":{\"@id\":\"https:\/\/now-news.de\/de\/deutschland\/chaos-im-us-kongress-historische-niederlage-fuer-republikaner-mccarthy\/#breadcrumb\"},\"inLanguage\":\"de\",\"potentialAction\":[{\"@type\":\"ReadAction\",\"target\":[\"https:\/\/now-news.de\/de\/deutschland\/chaos-im-us-kongress-historische-niederlage-fuer-republikaner-mccarthy\/\"]}]},{\"@type\":\"ImageObject\",\"inLanguage\":\"de\",\"@id\":\"https:\/\/now-news.de\/de\/deutschland\/chaos-im-us-kongress-historische-niederlage-fuer-republikaner-mccarthy\/#primaryimage\",\"url\":\"https:\/\/now-news.de\/de\/wp-content\/uploads\/sites\/3\/2023\/01\/Chaos-im-US-Kongress-Historische-Niederlage-fuer-Republikaner-McCarthy.jpg\",\"contentUrl\":\"https:\/\/now-news.de\/de\/wp-content\/uploads\/sites\/3\/2023\/01\/Chaos-im-US-Kongress-Historische-Niederlage-fuer-Republikaner-McCarthy.jpg\",\"width\":460,\"height\":259,\"caption\":\"Chaos im US-Kongress: Historische Niederlage f\u00fcr Republikaner McCarthy\"},{\"@type\":\"BreadcrumbList\",\"@id\":\"https:\/\/now-news.de\/de\/deutschland\/chaos-im-us-kongress-historische-niederlage-fuer-republikaner-mccarthy\/#breadcrumb\",\"itemListElement\":[{\"@type\":\"ListItem\",\"position\":1,\"name\":\"Home\",\"item\":\"https:\/\/now-news.de\/de\/\"},{\"@type\":\"ListItem\",\"position\":2,\"name\":\"Chaos im US-Kongress: Historische Niederlage f\u00fcr Republikaner McCarthy\"}]},{\"@type\":\"WebSite\",\"@id\":\"https:\/\/now-news.de\/de\/#website\",\"url\":\"https:\/\/now-news.de\/de\/\",\"name\":\"just-now.NEWS Deutschland\",\"description\":\"Das Portal f\u00fcr unzensierte Nachrichten aus der Welt\",\"publisher\":{\"@id\":\"https:\/\/now-news.de\/de\/#organization\"},\"potentialAction\":[{\"@type\":\"SearchAction\",\"target\":{\"@type\":\"EntryPoint\",\"urlTemplate\":\"https:\/\/now-news.de\/de\/?s={search_term_string}\"},\"query-input\":\"required name=search_term_string\"}],\"inLanguage\":\"de\"},{\"@type\":\"Organization\",\"@id\":\"https:\/\/now-news.de\/de\/#organization\",\"name\":\"Just Now News\",\"url\":\"https:\/\/now-news.de\/de\/\",\"logo\":{\"@type\":\"ImageObject\",\"inLanguage\":\"de\",\"@id\":\"https:\/\/now-news.de\/de\/#\/schema\/logo\/image\/\",\"url\":\"http:\/\/just-now.news\/de\/wp-content\/uploads\/sites\/3\/2022\/04\/logo500x500.jpg\",\"contentUrl\":\"http:\/\/just-now.news\/de\/wp-content\/uploads\/sites\/3\/2022\/04\/logo500x500.jpg\",\"width\":500,\"height\":500,\"caption\":\"Just Now News\"},\"image\":{\"@id\":\"https:\/\/now-news.de\/de\/#\/schema\/logo\/image\/\"},\"sameAs\":[\"https:\/\/www.facebook.com\/wirmachenauf\",\"https:\/\/x.com\/WirMachenAuf_de\"]},{\"@type\":\"Person\",\"@id\":\"https:\/\/now-news.de\/de\/#\/schema\/person\/fb534a4e865501d8b3285208df34a9b5\",\"name\":\"rtnews\",\"image\":{\"@type\":\"ImageObject\",\"inLanguage\":\"de\",\"@id\":\"https:\/\/now-news.de\/de\/#\/schema\/person\/image\/\",\"url\":\"https:\/\/secure.gravatar.com\/avatar\/82aafea7d8127119dd649515f56e2117?s=96&d=mm&r=g\",\"contentUrl\":\"https:\/\/secure.gravatar.com\/avatar\/82aafea7d8127119dd649515f56e2117?s=96&d=mm&r=g\",\"caption\":\"rtnews\"},\"url\":\"https:\/\/now-news.de\/de\/author\/rnews\/\"}]}<\/script>\n<!-- \/ Yoast SEO Premium plugin. -->","yoast_head_json":{"title":"Chaos im US-Kongress: Historische Niederlage f\u00fcr Republikaner McCarthy - just-now.NEWS Deutschland","robots":{"index":"index","follow":"follow","max-snippet":"max-snippet:-1","max-image-preview":"max-image-preview:large","max-video-preview":"max-video-preview:-1"},"canonical":"https:\/\/now-news.de\/de\/deutschland\/chaos-im-us-kongress-historische-niederlage-fuer-republikaner-mccarthy\/","og_locale":"de_DE","og_type":"article","og_title":"Chaos im US-Kongress: Historische Niederlage f\u00fcr Republikaner McCarthy","og_description":"Die Wahl zum Vorsitzenden des US-Repr\u00e4sentantenhauses zum Start eines neuen Kongresses wurde am Dienstag ein Drama von historischem Ausma\u00df. Kevin McCarthy verlor drei Wahlg\u00e4nge in Folge. Mehrere Republikaner rebellierten auf offener B\u00fchne gegen ihre F\u00fchrungsfigur. Bei der Wahl des Vorsitzenden des US-Repr\u00e4sentantenhauses hat der Republikaner Kevin McCarthy eine historische Schlappe erlitten. McCarthy verfehlte bei der [&hellip;]","og_url":"https:\/\/now-news.de\/de\/deutschland\/chaos-im-us-kongress-historische-niederlage-fuer-republikaner-mccarthy\/","og_site_name":"just-now.NEWS Deutschland","article_publisher":"https:\/\/www.facebook.com\/wirmachenauf","article_published_time":"2023-01-04T10:30:36+00:00","og_image":[{"width":460,"height":259,"url":"https:\/\/now-news.de\/de\/wp-content\/uploads\/sites\/3\/2023\/01\/Chaos-im-US-Kongress-Historische-Niederlage-fuer-Republikaner-McCarthy.jpg","type":"image\/jpeg"}],"author":"rtnews","twitter_card":"summary_large_image","twitter_creator":"@WirMachenAuf_de","twitter_site":"@WirMachenAuf_de","twitter_misc":{"Verfasst von":"rtnews","Gesch\u00e4tzte Lesezeit":"4\u00a0Minuten"},"schema":{"@context":"https:\/\/schema.org","@graph":[{"@type":"Article","@id":"https:\/\/now-news.de\/de\/deutschland\/chaos-im-us-kongress-historische-niederlage-fuer-republikaner-mccarthy\/#article","isPartOf":{"@id":"https:\/\/now-news.de\/de\/deutschland\/chaos-im-us-kongress-historische-niederlage-fuer-republikaner-mccarthy\/"},"author":{"name":"rtnews","@id":"https:\/\/now-news.de\/de\/#\/schema\/person\/fb534a4e865501d8b3285208df34a9b5"},"headline":"Chaos im US-Kongress: Historische Niederlage f\u00fcr Republikaner McCarthy","datePublished":"2023-01-04T10:30:36+00:00","dateModified":"2023-01-04T10:30:36+00:00","mainEntityOfPage":{"@id":"https:\/\/now-news.de\/de\/deutschland\/chaos-im-us-kongress-historische-niederlage-fuer-republikaner-mccarthy\/"},"wordCount":773,"commentCount":0,"publisher":{"@id":"https:\/\/now-news.de\/de\/#organization"},"image":{"@id":"https:\/\/now-news.de\/de\/deutschland\/chaos-im-us-kongress-historische-niederlage-fuer-republikaner-mccarthy\/#primaryimage"},"thumbnailUrl":"https:\/\/now-news.de\/de\/wp-content\/uploads\/sites\/3\/2023\/01\/Chaos-im-US-Kongress-Historische-Niederlage-fuer-Republikaner-McCarthy.jpg","keywords":["Chaos","f\u00fcr","historische","McCarthy","Niederlage","Republikaner","USKongress"],"articleSection":["Deutschland","Russland"],"inLanguage":"de","potentialAction":[{"@type":"CommentAction","name":"Comment","target":["https:\/\/now-news.de\/de\/deutschland\/chaos-im-us-kongress-historische-niederlage-fuer-republikaner-mccarthy\/#respond"]}]},{"@type":"WebPage","@id":"https:\/\/now-news.de\/de\/deutschland\/chaos-im-us-kongress-historische-niederlage-fuer-republikaner-mccarthy\/","url":"https:\/\/now-news.de\/de\/deutschland\/chaos-im-us-kongress-historische-niederlage-fuer-republikaner-mccarthy\/","name":"Chaos im US-Kongress: Historische Niederlage f\u00fcr Republikaner McCarthy - just-now.NEWS Deutschland","isPartOf":{"@id":"https:\/\/now-news.de\/de\/#website"},"primaryImageOfPage":{"@id":"https:\/\/now-news.de\/de\/deutschland\/chaos-im-us-kongress-historische-niederlage-fuer-republikaner-mccarthy\/#primaryimage"},"image":{"@id":"https:\/\/now-news.de\/de\/deutschland\/chaos-im-us-kongress-historische-niederlage-fuer-republikaner-mccarthy\/#primaryimage"},"thumbnailUrl":"https:\/\/now-news.de\/de\/wp-content\/uploads\/sites\/3\/2023\/01\/Chaos-im-US-Kongress-Historische-Niederlage-fuer-Republikaner-McCarthy.jpg","datePublished":"2023-01-04T10:30:36+00:00","dateModified":"2023-01-04T10:30:36+00:00","breadcrumb":{"@id":"https:\/\/now-news.de\/de\/deutschland\/chaos-im-us-kongress-historische-niederlage-fuer-republikaner-mccarthy\/#breadcrumb"},"inLanguage":"de","potentialAction":[{"@type":"ReadAction","target":["https:\/\/now-news.de\/de\/deutschland\/chaos-im-us-kongress-historische-niederlage-fuer-republikaner-mccarthy\/"]}]},{"@type":"ImageObject","inLanguage":"de","@id":"https:\/\/now-news.de\/de\/deutschland\/chaos-im-us-kongress-historische-niederlage-fuer-republikaner-mccarthy\/#primaryimage","url":"https:\/\/now-news.de\/de\/wp-content\/uploads\/sites\/3\/2023\/01\/Chaos-im-US-Kongress-Historische-Niederlage-fuer-Republikaner-McCarthy.jpg","contentUrl":"https:\/\/now-news.de\/de\/wp-content\/uploads\/sites\/3\/2023\/01\/Chaos-im-US-Kongress-Historische-Niederlage-fuer-Republikaner-McCarthy.jpg","width":460,"height":259,"caption":"Chaos im US-Kongress: Historische Niederlage f\u00fcr Republikaner McCarthy"},{"@type":"BreadcrumbList","@id":"https:\/\/now-news.de\/de\/deutschland\/chaos-im-us-kongress-historische-niederlage-fuer-republikaner-mccarthy\/#breadcrumb","itemListElement":[{"@type":"ListItem","position":1,"name":"Home","item":"https:\/\/now-news.de\/de\/"},{"@type":"ListItem","position":2,"name":"Chaos im US-Kongress: Historische Niederlage f\u00fcr Republikaner McCarthy"}]},{"@type":"WebSite","@id":"https:\/\/now-news.de\/de\/#website","url":"https:\/\/now-news.de\/de\/","name":"just-now.NEWS Deutschland","description":"Das Portal f\u00fcr unzensierte Nachrichten aus der Welt","publisher":{"@id":"https:\/\/now-news.de\/de\/#organization"},"potentialAction":[{"@type":"SearchAction","target":{"@type":"EntryPoint","urlTemplate":"https:\/\/now-news.de\/de\/?s={search_term_string}"},"query-input":"required name=search_term_string"}],"inLanguage":"de"},{"@type":"Organization","@id":"https:\/\/now-news.de\/de\/#organization","name":"Just Now News","url":"https:\/\/now-news.de\/de\/","logo":{"@type":"ImageObject","inLanguage":"de","@id":"https:\/\/now-news.de\/de\/#\/schema\/logo\/image\/","url":"http:\/\/just-now.news\/de\/wp-content\/uploads\/sites\/3\/2022\/04\/logo500x500.jpg","contentUrl":"http:\/\/just-now.news\/de\/wp-content\/uploads\/sites\/3\/2022\/04\/logo500x500.jpg","width":500,"height":500,"caption":"Just Now News"},"image":{"@id":"https:\/\/now-news.de\/de\/#\/schema\/logo\/image\/"},"sameAs":["https:\/\/www.facebook.com\/wirmachenauf","https:\/\/x.com\/WirMachenAuf_de"]},{"@type":"Person","@id":"https:\/\/now-news.de\/de\/#\/schema\/person\/fb534a4e865501d8b3285208df34a9b5","name":"rtnews","image":{"@type":"ImageObject","inLanguage":"de","@id":"https:\/\/now-news.de\/de\/#\/schema\/person\/image\/","url":"https:\/\/secure.gravatar.com\/avatar\/82aafea7d8127119dd649515f56e2117?s=96&d=mm&r=g","contentUrl":"https:\/\/secure.gravatar.com\/avatar\/82aafea7d8127119dd649515f56e2117?s=96&d=mm&r=g","caption":"rtnews"},"url":"https:\/\/now-news.de\/de\/author\/rnews\/"}]}},"_links":{"self":[{"href":"https:\/\/now-news.de\/de\/wp-json\/wp\/v2\/posts\/26921"}],"collection":[{"href":"https:\/\/now-news.de\/de\/wp-json\/wp\/v2\/posts"}],"about":[{"href":"https:\/\/now-news.de\/de\/wp-json\/wp\/v2\/types\/post"}],"author":[{"embeddable":true,"href":"https:\/\/now-news.de\/de\/wp-json\/wp\/v2\/users\/3"}],"replies":[{"embeddable":true,"href":"https:\/\/now-news.de\/de\/wp-json\/wp\/v2\/comments?post=26921"}],"version-history":[{"count":0,"href":"https:\/\/now-news.de\/de\/wp-json\/wp\/v2\/posts\/26921\/revisions"}],"wp:featuredmedia":[{"embeddable":true,"href":"https:\/\/now-news.de\/de\/wp-json\/wp\/v2\/media\/26922"}],"wp:attachment":[{"href":"https:\/\/now-news.de\/de\/wp-json\/wp\/v2\/media?parent=26921"}],"wp:term":[{"taxonomy":"category","embeddable":true,"href":"https:\/\/now-news.de\/de\/wp-json\/wp\/v2\/categories?post=26921"},{"taxonomy":"post_tag","embeddable":true,"href":"https:\/\/now-news.de\/de\/wp-json\/wp\/v2\/tags?post=26921"}],"curies":[{"name":"wp","href":"https:\/\/api.w.org\/{rel}","templated":true}]}}