{"id":26890,"date":"2023-01-03T19:51:15","date_gmt":"2023-01-03T17:51:15","guid":{"rendered":"http:\/\/just-now.news\/de\/deutschland\/trotz-voller-lager-bundesregierung-muss-weitere-283-millionen-dosen-impfstoff-abnehmen\/"},"modified":"2023-01-03T19:51:15","modified_gmt":"2023-01-03T17:51:15","slug":"trotz-voller-lager-bundesregierung-muss-weitere-283-millionen-dosen-impfstoff-abnehmen","status":"publish","type":"post","link":"https:\/\/now-news.de\/de\/deutschland\/trotz-voller-lager-bundesregierung-muss-weitere-283-millionen-dosen-impfstoff-abnehmen\/","title":{"rendered":"Trotz voller Lager: Bundesregierung muss weitere 283 Millionen Dosen Impfstoff abnehmen"},"content":{"rendered":"<p><img decoding=\"async\" src=\"http:\/\/just-now.news\/de\/wp-content\/uploads\/sites\/3\/2023\/01\/63b4279248fbef45106cbc7e.jpg\" \/><\/p>\n<div class=\"Text-root Text-type_1 \">\n                Mitgefangen, mitgehangen \u2013 oder auch: Vertrag ist Vertrag. Die Bundesregierung musste im Rahmen einer Parlamentsanfrage zugeben, dass die sowieso mehr als gef\u00fcllten COVID-19-Impfstofflager mit weiteren Abermillionen Dosen aufgef\u00fcllt werden.\n            <\/div>\n<p><\/p>\n<div class=\"Text-root Text-type_5 ArticleView-text ViewText-root \">\n<p>Die Diskussionen um sogenannte &#8220;Knebelvertr\u00e4ge&#8221; der EU wie auch das Thema &#8220;Bestellrausch&#8221; geht in die n\u00e4chste Runde. Ausgangspunkt war die Wahrnehmung des Bundesministers f\u00fcr Gesundheit Karl Lauterbach im\u00a0Dezember 2021, dass Deutschland <a rel=\"nofollow noopener\" target=\"_blank\" href=\"https:\/\/pressefreiheit.rtde.tech\/inland\/128517-spd-attackiert-spahn-wegen-impfstoffmangel\/\">zu wenig COVID-19-Impfstoffe<\/a> be- und vorbestellt habe.<\/p>\n<p>Die AfD-Fraktion im Bundestag <a rel=\"nofollow noopener\" target=\"_blank\" href=\"https:\/\/dserver.bundestag.de\/btd\/20\/046\/2004657.pdf\">fragte<\/a> im November bei der Bundesregierung bez\u00fcglich ausstehender und zu erwartender Lieferungen des Impfstoffanbieters BioNTech an, Postadresse: An der Goldgrube 12, 55131 Mainz. Dazu hei\u00dft es nun in\u00a0einer <a rel=\"nofollow noopener\" target=\"_blank\" href=\"https:\/\/www.bundestag.de\/presse\/hib\/kurzmeldungen-928336\">ver\u00f6ffentlichten<\/a> Antwort der Bundesregierung vom 3. Januar:<\/p>\n<blockquote>\n<p><em>&#8220;Deutschland ist nach Angaben der Bundesregierung vertraglich dazu verpflichtet gewesen, rund 283 Millionen Dosen des Covid-19-Impfstoffs Comirnaty des Herstellers BioNTech\/Pfizer abzunehmen. Ferner bestehe f\u00fcr weitere 92,4 Millionen Dosen des Impfstoffs eine Abnahmeverpflichtung.&#8221;<\/em><\/p>\n<\/blockquote>\n<p>In dem dazugeh\u00f6rigen Antwortschreiben vom 20. Dezember:\u00a0Drucksache <a rel=\"nofollow noopener\" target=\"_blank\" href=\"https:\/\/dserver.bundestag.de\/btd\/20\/050\/2005033.pdf\">20\/5033<\/a>, hei\u00dft es detaillierter zu der Frage der H\u00f6he finanzieller Aufwendungen:<\/p>\n<blockquote>\n<p><em>&#8220;Der Preis pro Dosis unterliegt der vertraglichen Vertraulichkeit und darf nicht \u00f6ffentlich bekannt gegeben werden. Aufgrund der Nennung des noch ausstehenden Liefervolumens k\u00f6nnen die noch ausstehenden finanziellen Gesamtaufwendungen nicht genannt werden.&#8221;<\/em><\/p>\n<\/blockquote>\n<p>Zur Frage der &#8220;Vertragspartei der Impfstoffbeschaffungsvertr\u00e4ge mit dem Hersteller Pfizer\/BioNTech&#8221; hei\u00dft es in der Beantwortung der Bundesregierung:<\/p>\n<blockquote>\n<p><em>&#8220;Die Europ\u00e4ische Kommission hat im Namen der Mitgliedstaaten der Europ\u00e4ischen Union \u2013 einschlie\u00dflich der Bundesrepublik Deutschland \u2013 Beschaffungsvertr\u00e4ge mit BioNTech\/Pfizer zum Bezug von Comirnaty\u00ae abgeschlossen. Die Bundesrepublik Deutschland bezieht durch diese Vertr\u00e4ge Comirnaty\u00ae direkt vom Hersteller BioNTech\/Pfizer. Kaufoptionen werden von der Europ\u00e4ischen Kommission in Abstimmung mit den Mitgliedstaaten gegen\u00fcber BioNTech\/ Pfizer ausge\u00fcbt.&#8221;<\/em><\/p>\n<\/blockquote>\n<p>Zu diesem Punkt\u00a0schreibt\u00a0die <em>Welt <\/em>in\u00a0einem <a rel=\"nofollow noopener\" target=\"_blank\" href=\"https:\/\/www.welt.de\/wirtschaft\/plus242962719\/Corona-Impfung-Lizenz-zum-Gelddrucken-fuer-die-Industrie-auf-Kosten-der-Steuerzahler.html?cid=socialmedia.twitter.shared.web\">Artikel<\/a> vom 3. Dezember:<\/p>\n<blockquote>\n<p><em>&#8220;Lizenz zum Gelddrucken f\u00fcr die Industrie \u2013 auf Kosten der Steuerzahler:\u00a0Die EU-L\u00e4nder haben sich auf teure Knebelvertr\u00e4ge mit der Pharmaindustrie eingelassen. Nun zeigt sich, dass sie Hunderte Millionen Covid-Impfdosen zu viel bestellt haben \u2013 und sie nicht zahlen wollen.&#8221;<\/em><\/p>\n<\/blockquote>\n<p>Demnach wurden von der EU unter ma\u00dfgeblicher Initiative von Kommissionspr\u00e4sidentin Ursula von der Leyen insgesamt &#8220;4,2 Milliarden Dosen bestellt \u2013 bei einer Einwohnerzahl von knapp 450 Millionen&#8221;. Im\u00a0Juni 2021 h\u00e4tten aufgrund dessen die Gesundheitsminister von zehn osteurop\u00e4ischen L\u00e4ndern, darunter Polen und Ungarn, einen Brandbrief an die EU-Kommissarin f\u00fcr Gesundheit Stella Kyriakides mit der Bitte &#8220;nach Unterst\u00fctzung beim Versuch, die Pharmafirmen zum Verzicht auf Milliarden zu bewegen&#8221; geschrieben. Von der Leyen weigert sich weiterhin, genauere Details zu Vertragsabsprachen mit dem US-Hersteller Pfizer zur Verf\u00fcgung zu stellen.<\/p>\n<p>Mitte Dezember sei dann \u00fcberraschend in EU-Kreisen durchgesickert, &#8220;dass sich auch Berlin an der Initiative der osteurop\u00e4ischen Partner beteiligen&#8221; werde. Ob dies mit dem Wissen von Gesundheitsminister Lauterbach erfolgte, ist dem Artikel nicht zu entnehmen.\u00a0Der letzte Vertrag mit den Pharmafirmen werde demnach &#8220;Anfang 2024 <a rel=\"nofollow noopener\" target=\"_blank\" href=\"https:\/\/www.welt.de\/politik\/deutschland\/plus242959409\/Corona-Impfstoffe-Zu-viele-Dosen-Milliardenkosten-Regierung-will-Impfdeal-aufheben.html?icid=search.product.onsitesearch\">auslaufen<\/a>&#8220;, teilte das Bundesgesundheitsministerium (BMG) der <em>Welt am Sonntag<\/em>\u00a0Ende Dezember mit.<\/p>\n<p>Laut Informationen der <em>Deutschen Presse-Agentur<\/em> sind dem <a rel=\"nofollow noopener\" target=\"_blank\" href=\"https:\/\/impfdashboard.de\/\">Impfdashboard<\/a>\u00a0des Gesundheitsministeriums zufolge bis zum Jahreswechsel insgesamt etwa 163 Millionen Dosen Impfstoff von BioNTech\/Pfizer an das BMG geliefert worden, &#8220;dar\u00fcber hinaus etwa 60 Millionen Dosen von anderen Herstellern, etwa Moderna&#8221;. Von den insgesamt bisher gelieferten knapp 223 Millionen Dosen sind den Angaben zufolge mehr als 85 Prozent verimpft. Momentan\u00a0erfolgen\u00a0laut dem Impfdashboard etwa 7.000 Impfungen pro Tag in Deutschland.<\/p>\n<p><strong>Mehr zum Thema <\/strong>&#8211;<a rel=\"nofollow noopener\" target=\"_blank\" href=\"https:\/\/pressefreiheit.rtde.tech\/europa\/158687-interessenskonflikt-rishi-sunak-und-10\/\">\u00a0Interessenskonflikt? Rishi Sunak und die 10-j\u00e4hrige Partnerschaft Gro\u00dfbritanniens mit Moderna<\/a><\/p>\n<\/div>\n<p><br \/>\n<br \/><a href=\"https:\/\/de.rt.com\/inland\/158874-trotz-voller-lager-bundesregierung-muss\/\">Source link <\/a><\/p>\n","protected":false},"excerpt":{"rendered":"<p>Mitgefangen, mitgehangen \u2013 oder auch: Vertrag ist Vertrag. Die Bundesregierung musste im Rahmen einer Parlamentsanfrage zugeben, dass die sowieso mehr als gef\u00fcllten COVID-19-Impfstofflager mit weiteren Abermillionen Dosen aufgef\u00fcllt werden. Die Diskussionen um sogenannte &#8220;Knebelvertr\u00e4ge&#8221; der EU wie auch das Thema &#8220;Bestellrausch&#8221; geht in die n\u00e4chste Runde. Ausgangspunkt war die Wahrnehmung des Bundesministers f\u00fcr Gesundheit Karl [&hellip;]<\/p>\n","protected":false},"author":3,"featured_media":26891,"comment_status":"open","ping_status":"open","sticky":false,"template":"","format":"standard","meta":{"_yoast_indexnow_last_ping":["1672768621"],"wp_automatic_camp":["217"],"eed4c6096589114a2912ab50a2b53f94":["Trotz voller Lager: Bundesregierung muss weitere 283 Millionen Dosen Impfstoff abnehmen"],"original_link":["https:\/\/de.rt.com\/inland\/158874-trotz-voller-lager-bundesregierung-muss\/"],"_thumbnail_id":["26891"],"_wptgpro_p2tg_sent2tg":["a:1:{i:23737;s:19:\"2023-01-03 19:58:33\";}"],"jnews_social_counter_last_update":["1777218360"]},"categories":[19,23],"tags":[38485,3807,15799,8019,30132,4294,534,1381,26628,823],"yoast_head":"<!-- This site is optimized with the Yoast SEO Premium plugin v22.7 (Yoast SEO v22.7) - https:\/\/yoast.com\/wordpress\/plugins\/seo\/ -->\n<title>Trotz voller Lager: Bundesregierung muss weitere 283 Millionen Dosen Impfstoff abnehmen - just-now.NEWS Deutschland<\/title>\n<meta name=\"robots\" content=\"index, follow, max-snippet:-1, max-image-preview:large, max-video-preview:-1\" \/>\n<link rel=\"canonical\" href=\"https:\/\/now-news.de\/de\/deutschland\/trotz-voller-lager-bundesregierung-muss-weitere-283-millionen-dosen-impfstoff-abnehmen\/\" \/>\n<meta property=\"og:locale\" content=\"de_DE\" \/>\n<meta property=\"og:type\" content=\"article\" \/>\n<meta property=\"og:title\" content=\"Trotz voller Lager: Bundesregierung muss weitere 283 Millionen Dosen Impfstoff abnehmen\" \/>\n<meta property=\"og:description\" content=\"Mitgefangen, mitgehangen \u2013 oder auch: Vertrag ist Vertrag. Die Bundesregierung musste im Rahmen einer Parlamentsanfrage zugeben, dass die sowieso mehr als gef\u00fcllten COVID-19-Impfstofflager mit weiteren Abermillionen Dosen aufgef\u00fcllt werden. Die Diskussionen um sogenannte &#8220;Knebelvertr\u00e4ge&#8221; der EU wie auch das Thema &#8220;Bestellrausch&#8221; geht in die n\u00e4chste Runde. Ausgangspunkt war die Wahrnehmung des Bundesministers f\u00fcr Gesundheit Karl [&hellip;]\" \/>\n<meta property=\"og:url\" content=\"https:\/\/now-news.de\/de\/deutschland\/trotz-voller-lager-bundesregierung-muss-weitere-283-millionen-dosen-impfstoff-abnehmen\/\" \/>\n<meta property=\"og:site_name\" content=\"just-now.NEWS Deutschland\" \/>\n<meta property=\"article:publisher\" content=\"https:\/\/www.facebook.com\/wirmachenauf\" \/>\n<meta property=\"article:published_time\" content=\"2023-01-03T17:51:15+00:00\" \/>\n<meta property=\"og:image\" content=\"https:\/\/now-news.de\/de\/wp-content\/uploads\/sites\/3\/2023\/01\/Trotz-voller-Lager-Bundesregierung-muss-weitere-283-Millionen-Dosen-Impfstoff.jpg\" \/>\n\t<meta property=\"og:image:width\" content=\"460\" \/>\n\t<meta property=\"og:image:height\" content=\"259\" \/>\n\t<meta property=\"og:image:type\" content=\"image\/jpeg\" \/>\n<meta name=\"author\" content=\"rtnews\" \/>\n<meta name=\"twitter:card\" content=\"summary_large_image\" \/>\n<meta name=\"twitter:creator\" content=\"@WirMachenAuf_de\" \/>\n<meta name=\"twitter:site\" content=\"@WirMachenAuf_de\" \/>\n<meta name=\"twitter:label1\" content=\"Verfasst von\" \/>\n\t<meta name=\"twitter:data1\" content=\"rtnews\" \/>\n\t<meta name=\"twitter:label2\" content=\"Gesch\u00e4tzte Lesezeit\" \/>\n\t<meta name=\"twitter:data2\" content=\"3\u00a0Minuten\" \/>\n<script type=\"application\/ld+json\" class=\"yoast-schema-graph\">{\"@context\":\"https:\/\/schema.org\",\"@graph\":[{\"@type\":\"Article\",\"@id\":\"https:\/\/now-news.de\/de\/deutschland\/trotz-voller-lager-bundesregierung-muss-weitere-283-millionen-dosen-impfstoff-abnehmen\/#article\",\"isPartOf\":{\"@id\":\"https:\/\/now-news.de\/de\/deutschland\/trotz-voller-lager-bundesregierung-muss-weitere-283-millionen-dosen-impfstoff-abnehmen\/\"},\"author\":{\"name\":\"rtnews\",\"@id\":\"https:\/\/now-news.de\/de\/#\/schema\/person\/fb534a4e865501d8b3285208df34a9b5\"},\"headline\":\"Trotz voller Lager: Bundesregierung muss weitere 283 Millionen Dosen Impfstoff abnehmen\",\"datePublished\":\"2023-01-03T17:51:15+00:00\",\"dateModified\":\"2023-01-03T17:51:15+00:00\",\"mainEntityOfPage\":{\"@id\":\"https:\/\/now-news.de\/de\/deutschland\/trotz-voller-lager-bundesregierung-muss-weitere-283-millionen-dosen-impfstoff-abnehmen\/\"},\"wordCount\":571,\"commentCount\":0,\"publisher\":{\"@id\":\"https:\/\/now-news.de\/de\/#organization\"},\"image\":{\"@id\":\"https:\/\/now-news.de\/de\/deutschland\/trotz-voller-lager-bundesregierung-muss-weitere-283-millionen-dosen-impfstoff-abnehmen\/#primaryimage\"},\"thumbnailUrl\":\"https:\/\/now-news.de\/de\/wp-content\/uploads\/sites\/3\/2023\/01\/Trotz-voller-Lager-Bundesregierung-muss-weitere-283-Millionen-Dosen-Impfstoff.jpg\",\"keywords\":[\"abnehmen\",\"Bundesregierung\",\"Dosen\",\"Impfstoff\",\"Lager\",\"Millionen\",\"muss\",\"Trotz\",\"voller\",\"weitere\"],\"articleSection\":[\"Deutschland\",\"Russland\"],\"inLanguage\":\"de\",\"potentialAction\":[{\"@type\":\"CommentAction\",\"name\":\"Comment\",\"target\":[\"https:\/\/now-news.de\/de\/deutschland\/trotz-voller-lager-bundesregierung-muss-weitere-283-millionen-dosen-impfstoff-abnehmen\/#respond\"]}]},{\"@type\":\"WebPage\",\"@id\":\"https:\/\/now-news.de\/de\/deutschland\/trotz-voller-lager-bundesregierung-muss-weitere-283-millionen-dosen-impfstoff-abnehmen\/\",\"url\":\"https:\/\/now-news.de\/de\/deutschland\/trotz-voller-lager-bundesregierung-muss-weitere-283-millionen-dosen-impfstoff-abnehmen\/\",\"name\":\"Trotz voller Lager: Bundesregierung muss weitere 283 Millionen Dosen Impfstoff abnehmen - just-now.NEWS Deutschland\",\"isPartOf\":{\"@id\":\"https:\/\/now-news.de\/de\/#website\"},\"primaryImageOfPage\":{\"@id\":\"https:\/\/now-news.de\/de\/deutschland\/trotz-voller-lager-bundesregierung-muss-weitere-283-millionen-dosen-impfstoff-abnehmen\/#primaryimage\"},\"image\":{\"@id\":\"https:\/\/now-news.de\/de\/deutschland\/trotz-voller-lager-bundesregierung-muss-weitere-283-millionen-dosen-impfstoff-abnehmen\/#primaryimage\"},\"thumbnailUrl\":\"https:\/\/now-news.de\/de\/wp-content\/uploads\/sites\/3\/2023\/01\/Trotz-voller-Lager-Bundesregierung-muss-weitere-283-Millionen-Dosen-Impfstoff.jpg\",\"datePublished\":\"2023-01-03T17:51:15+00:00\",\"dateModified\":\"2023-01-03T17:51:15+00:00\",\"breadcrumb\":{\"@id\":\"https:\/\/now-news.de\/de\/deutschland\/trotz-voller-lager-bundesregierung-muss-weitere-283-millionen-dosen-impfstoff-abnehmen\/#breadcrumb\"},\"inLanguage\":\"de\",\"potentialAction\":[{\"@type\":\"ReadAction\",\"target\":[\"https:\/\/now-news.de\/de\/deutschland\/trotz-voller-lager-bundesregierung-muss-weitere-283-millionen-dosen-impfstoff-abnehmen\/\"]}]},{\"@type\":\"ImageObject\",\"inLanguage\":\"de\",\"@id\":\"https:\/\/now-news.de\/de\/deutschland\/trotz-voller-lager-bundesregierung-muss-weitere-283-millionen-dosen-impfstoff-abnehmen\/#primaryimage\",\"url\":\"https:\/\/now-news.de\/de\/wp-content\/uploads\/sites\/3\/2023\/01\/Trotz-voller-Lager-Bundesregierung-muss-weitere-283-Millionen-Dosen-Impfstoff.jpg\",\"contentUrl\":\"https:\/\/now-news.de\/de\/wp-content\/uploads\/sites\/3\/2023\/01\/Trotz-voller-Lager-Bundesregierung-muss-weitere-283-Millionen-Dosen-Impfstoff.jpg\",\"width\":460,\"height\":259,\"caption\":\"Trotz voller Lager: Bundesregierung muss weitere 283 Millionen Dosen Impfstoff abnehmen\"},{\"@type\":\"BreadcrumbList\",\"@id\":\"https:\/\/now-news.de\/de\/deutschland\/trotz-voller-lager-bundesregierung-muss-weitere-283-millionen-dosen-impfstoff-abnehmen\/#breadcrumb\",\"itemListElement\":[{\"@type\":\"ListItem\",\"position\":1,\"name\":\"Home\",\"item\":\"https:\/\/now-news.de\/de\/\"},{\"@type\":\"ListItem\",\"position\":2,\"name\":\"Trotz voller Lager: Bundesregierung muss weitere 283 Millionen Dosen Impfstoff abnehmen\"}]},{\"@type\":\"WebSite\",\"@id\":\"https:\/\/now-news.de\/de\/#website\",\"url\":\"https:\/\/now-news.de\/de\/\",\"name\":\"just-now.NEWS Deutschland\",\"description\":\"Das Portal f\u00fcr unzensierte Nachrichten aus der Welt\",\"publisher\":{\"@id\":\"https:\/\/now-news.de\/de\/#organization\"},\"potentialAction\":[{\"@type\":\"SearchAction\",\"target\":{\"@type\":\"EntryPoint\",\"urlTemplate\":\"https:\/\/now-news.de\/de\/?s={search_term_string}\"},\"query-input\":\"required name=search_term_string\"}],\"inLanguage\":\"de\"},{\"@type\":\"Organization\",\"@id\":\"https:\/\/now-news.de\/de\/#organization\",\"name\":\"Just Now News\",\"url\":\"https:\/\/now-news.de\/de\/\",\"logo\":{\"@type\":\"ImageObject\",\"inLanguage\":\"de\",\"@id\":\"https:\/\/now-news.de\/de\/#\/schema\/logo\/image\/\",\"url\":\"http:\/\/just-now.news\/de\/wp-content\/uploads\/sites\/3\/2022\/04\/logo500x500.jpg\",\"contentUrl\":\"http:\/\/just-now.news\/de\/wp-content\/uploads\/sites\/3\/2022\/04\/logo500x500.jpg\",\"width\":500,\"height\":500,\"caption\":\"Just Now News\"},\"image\":{\"@id\":\"https:\/\/now-news.de\/de\/#\/schema\/logo\/image\/\"},\"sameAs\":[\"https:\/\/www.facebook.com\/wirmachenauf\",\"https:\/\/x.com\/WirMachenAuf_de\"]},{\"@type\":\"Person\",\"@id\":\"https:\/\/now-news.de\/de\/#\/schema\/person\/fb534a4e865501d8b3285208df34a9b5\",\"name\":\"rtnews\",\"image\":{\"@type\":\"ImageObject\",\"inLanguage\":\"de\",\"@id\":\"https:\/\/now-news.de\/de\/#\/schema\/person\/image\/\",\"url\":\"https:\/\/secure.gravatar.com\/avatar\/82aafea7d8127119dd649515f56e2117?s=96&d=mm&r=g\",\"contentUrl\":\"https:\/\/secure.gravatar.com\/avatar\/82aafea7d8127119dd649515f56e2117?s=96&d=mm&r=g\",\"caption\":\"rtnews\"},\"url\":\"https:\/\/now-news.de\/de\/author\/rnews\/\"}]}<\/script>\n<!-- \/ Yoast SEO Premium plugin. -->","yoast_head_json":{"title":"Trotz voller Lager: Bundesregierung muss weitere 283 Millionen Dosen Impfstoff abnehmen - just-now.NEWS Deutschland","robots":{"index":"index","follow":"follow","max-snippet":"max-snippet:-1","max-image-preview":"max-image-preview:large","max-video-preview":"max-video-preview:-1"},"canonical":"https:\/\/now-news.de\/de\/deutschland\/trotz-voller-lager-bundesregierung-muss-weitere-283-millionen-dosen-impfstoff-abnehmen\/","og_locale":"de_DE","og_type":"article","og_title":"Trotz voller Lager: Bundesregierung muss weitere 283 Millionen Dosen Impfstoff abnehmen","og_description":"Mitgefangen, mitgehangen \u2013 oder auch: Vertrag ist Vertrag. Die Bundesregierung musste im Rahmen einer Parlamentsanfrage zugeben, dass die sowieso mehr als gef\u00fcllten COVID-19-Impfstofflager mit weiteren Abermillionen Dosen aufgef\u00fcllt werden. Die Diskussionen um sogenannte &#8220;Knebelvertr\u00e4ge&#8221; der EU wie auch das Thema &#8220;Bestellrausch&#8221; geht in die n\u00e4chste Runde. Ausgangspunkt war die Wahrnehmung des Bundesministers f\u00fcr Gesundheit Karl [&hellip;]","og_url":"https:\/\/now-news.de\/de\/deutschland\/trotz-voller-lager-bundesregierung-muss-weitere-283-millionen-dosen-impfstoff-abnehmen\/","og_site_name":"just-now.NEWS Deutschland","article_publisher":"https:\/\/www.facebook.com\/wirmachenauf","article_published_time":"2023-01-03T17:51:15+00:00","og_image":[{"width":460,"height":259,"url":"https:\/\/now-news.de\/de\/wp-content\/uploads\/sites\/3\/2023\/01\/Trotz-voller-Lager-Bundesregierung-muss-weitere-283-Millionen-Dosen-Impfstoff.jpg","type":"image\/jpeg"}],"author":"rtnews","twitter_card":"summary_large_image","twitter_creator":"@WirMachenAuf_de","twitter_site":"@WirMachenAuf_de","twitter_misc":{"Verfasst von":"rtnews","Gesch\u00e4tzte Lesezeit":"3\u00a0Minuten"},"schema":{"@context":"https:\/\/schema.org","@graph":[{"@type":"Article","@id":"https:\/\/now-news.de\/de\/deutschland\/trotz-voller-lager-bundesregierung-muss-weitere-283-millionen-dosen-impfstoff-abnehmen\/#article","isPartOf":{"@id":"https:\/\/now-news.de\/de\/deutschland\/trotz-voller-lager-bundesregierung-muss-weitere-283-millionen-dosen-impfstoff-abnehmen\/"},"author":{"name":"rtnews","@id":"https:\/\/now-news.de\/de\/#\/schema\/person\/fb534a4e865501d8b3285208df34a9b5"},"headline":"Trotz voller Lager: Bundesregierung muss weitere 283 Millionen Dosen Impfstoff abnehmen","datePublished":"2023-01-03T17:51:15+00:00","dateModified":"2023-01-03T17:51:15+00:00","mainEntityOfPage":{"@id":"https:\/\/now-news.de\/de\/deutschland\/trotz-voller-lager-bundesregierung-muss-weitere-283-millionen-dosen-impfstoff-abnehmen\/"},"wordCount":571,"commentCount":0,"publisher":{"@id":"https:\/\/now-news.de\/de\/#organization"},"image":{"@id":"https:\/\/now-news.de\/de\/deutschland\/trotz-voller-lager-bundesregierung-muss-weitere-283-millionen-dosen-impfstoff-abnehmen\/#primaryimage"},"thumbnailUrl":"https:\/\/now-news.de\/de\/wp-content\/uploads\/sites\/3\/2023\/01\/Trotz-voller-Lager-Bundesregierung-muss-weitere-283-Millionen-Dosen-Impfstoff.jpg","keywords":["abnehmen","Bundesregierung","Dosen","Impfstoff","Lager","Millionen","muss","Trotz","voller","weitere"],"articleSection":["Deutschland","Russland"],"inLanguage":"de","potentialAction":[{"@type":"CommentAction","name":"Comment","target":["https:\/\/now-news.de\/de\/deutschland\/trotz-voller-lager-bundesregierung-muss-weitere-283-millionen-dosen-impfstoff-abnehmen\/#respond"]}]},{"@type":"WebPage","@id":"https:\/\/now-news.de\/de\/deutschland\/trotz-voller-lager-bundesregierung-muss-weitere-283-millionen-dosen-impfstoff-abnehmen\/","url":"https:\/\/now-news.de\/de\/deutschland\/trotz-voller-lager-bundesregierung-muss-weitere-283-millionen-dosen-impfstoff-abnehmen\/","name":"Trotz voller Lager: Bundesregierung muss weitere 283 Millionen Dosen Impfstoff abnehmen - just-now.NEWS Deutschland","isPartOf":{"@id":"https:\/\/now-news.de\/de\/#website"},"primaryImageOfPage":{"@id":"https:\/\/now-news.de\/de\/deutschland\/trotz-voller-lager-bundesregierung-muss-weitere-283-millionen-dosen-impfstoff-abnehmen\/#primaryimage"},"image":{"@id":"https:\/\/now-news.de\/de\/deutschland\/trotz-voller-lager-bundesregierung-muss-weitere-283-millionen-dosen-impfstoff-abnehmen\/#primaryimage"},"thumbnailUrl":"https:\/\/now-news.de\/de\/wp-content\/uploads\/sites\/3\/2023\/01\/Trotz-voller-Lager-Bundesregierung-muss-weitere-283-Millionen-Dosen-Impfstoff.jpg","datePublished":"2023-01-03T17:51:15+00:00","dateModified":"2023-01-03T17:51:15+00:00","breadcrumb":{"@id":"https:\/\/now-news.de\/de\/deutschland\/trotz-voller-lager-bundesregierung-muss-weitere-283-millionen-dosen-impfstoff-abnehmen\/#breadcrumb"},"inLanguage":"de","potentialAction":[{"@type":"ReadAction","target":["https:\/\/now-news.de\/de\/deutschland\/trotz-voller-lager-bundesregierung-muss-weitere-283-millionen-dosen-impfstoff-abnehmen\/"]}]},{"@type":"ImageObject","inLanguage":"de","@id":"https:\/\/now-news.de\/de\/deutschland\/trotz-voller-lager-bundesregierung-muss-weitere-283-millionen-dosen-impfstoff-abnehmen\/#primaryimage","url":"https:\/\/now-news.de\/de\/wp-content\/uploads\/sites\/3\/2023\/01\/Trotz-voller-Lager-Bundesregierung-muss-weitere-283-Millionen-Dosen-Impfstoff.jpg","contentUrl":"https:\/\/now-news.de\/de\/wp-content\/uploads\/sites\/3\/2023\/01\/Trotz-voller-Lager-Bundesregierung-muss-weitere-283-Millionen-Dosen-Impfstoff.jpg","width":460,"height":259,"caption":"Trotz voller Lager: Bundesregierung muss weitere 283 Millionen Dosen Impfstoff abnehmen"},{"@type":"BreadcrumbList","@id":"https:\/\/now-news.de\/de\/deutschland\/trotz-voller-lager-bundesregierung-muss-weitere-283-millionen-dosen-impfstoff-abnehmen\/#breadcrumb","itemListElement":[{"@type":"ListItem","position":1,"name":"Home","item":"https:\/\/now-news.de\/de\/"},{"@type":"ListItem","position":2,"name":"Trotz voller Lager: Bundesregierung muss weitere 283 Millionen Dosen Impfstoff abnehmen"}]},{"@type":"WebSite","@id":"https:\/\/now-news.de\/de\/#website","url":"https:\/\/now-news.de\/de\/","name":"just-now.NEWS Deutschland","description":"Das Portal f\u00fcr unzensierte Nachrichten aus der Welt","publisher":{"@id":"https:\/\/now-news.de\/de\/#organization"},"potentialAction":[{"@type":"SearchAction","target":{"@type":"EntryPoint","urlTemplate":"https:\/\/now-news.de\/de\/?s={search_term_string}"},"query-input":"required name=search_term_string"}],"inLanguage":"de"},{"@type":"Organization","@id":"https:\/\/now-news.de\/de\/#organization","name":"Just Now News","url":"https:\/\/now-news.de\/de\/","logo":{"@type":"ImageObject","inLanguage":"de","@id":"https:\/\/now-news.de\/de\/#\/schema\/logo\/image\/","url":"http:\/\/just-now.news\/de\/wp-content\/uploads\/sites\/3\/2022\/04\/logo500x500.jpg","contentUrl":"http:\/\/just-now.news\/de\/wp-content\/uploads\/sites\/3\/2022\/04\/logo500x500.jpg","width":500,"height":500,"caption":"Just Now News"},"image":{"@id":"https:\/\/now-news.de\/de\/#\/schema\/logo\/image\/"},"sameAs":["https:\/\/www.facebook.com\/wirmachenauf","https:\/\/x.com\/WirMachenAuf_de"]},{"@type":"Person","@id":"https:\/\/now-news.de\/de\/#\/schema\/person\/fb534a4e865501d8b3285208df34a9b5","name":"rtnews","image":{"@type":"ImageObject","inLanguage":"de","@id":"https:\/\/now-news.de\/de\/#\/schema\/person\/image\/","url":"https:\/\/secure.gravatar.com\/avatar\/82aafea7d8127119dd649515f56e2117?s=96&d=mm&r=g","contentUrl":"https:\/\/secure.gravatar.com\/avatar\/82aafea7d8127119dd649515f56e2117?s=96&d=mm&r=g","caption":"rtnews"},"url":"https:\/\/now-news.de\/de\/author\/rnews\/"}]}},"_links":{"self":[{"href":"https:\/\/now-news.de\/de\/wp-json\/wp\/v2\/posts\/26890"}],"collection":[{"href":"https:\/\/now-news.de\/de\/wp-json\/wp\/v2\/posts"}],"about":[{"href":"https:\/\/now-news.de\/de\/wp-json\/wp\/v2\/types\/post"}],"author":[{"embeddable":true,"href":"https:\/\/now-news.de\/de\/wp-json\/wp\/v2\/users\/3"}],"replies":[{"embeddable":true,"href":"https:\/\/now-news.de\/de\/wp-json\/wp\/v2\/comments?post=26890"}],"version-history":[{"count":0,"href":"https:\/\/now-news.de\/de\/wp-json\/wp\/v2\/posts\/26890\/revisions"}],"wp:featuredmedia":[{"embeddable":true,"href":"https:\/\/now-news.de\/de\/wp-json\/wp\/v2\/media\/26891"}],"wp:attachment":[{"href":"https:\/\/now-news.de\/de\/wp-json\/wp\/v2\/media?parent=26890"}],"wp:term":[{"taxonomy":"category","embeddable":true,"href":"https:\/\/now-news.de\/de\/wp-json\/wp\/v2\/categories?post=26890"},{"taxonomy":"post_tag","embeddable":true,"href":"https:\/\/now-news.de\/de\/wp-json\/wp\/v2\/tags?post=26890"}],"curies":[{"name":"wp","href":"https:\/\/api.w.org\/{rel}","templated":true}]}}