{"id":26886,"date":"2023-01-03T18:57:03","date_gmt":"2023-01-03T16:57:03","guid":{"rendered":"https:\/\/just-now.news\/de\/deutschland\/nato-verteidigungsausgaben-sollen-steigen\/"},"modified":"2023-01-03T18:57:03","modified_gmt":"2023-01-03T16:57:03","slug":"nato-verteidigungsausgaben-sollen-steigen","status":"publish","type":"post","link":"https:\/\/now-news.de\/de\/deutschland\/nato-verteidigungsausgaben-sollen-steigen\/","title":{"rendered":"NATO: Verteidigungsausgaben sollen steigen"},"content":{"rendered":"<p><img decoding=\"async\" src=\"http:\/\/just-now.news\/de\/wp-content\/uploads\/sites\/3\/2023\/01\/63b4368bb480cc462b17f332.jpg\" \/><\/p>\n<div class=\"Text-root Text-type_1 \">\n                Mehrere NATO-B\u00fcndnispartner wollen k\u00fcnftig offenbar mehr in ihre Verteidigung investieren. Daher fordern sie nun, dass der jetzige Zielwert f\u00fcr Verteidigungsausgaben zum Mindestwert erkl\u00e4rt wird. Generalsekret\u00e4r Stoltenberg zeigte sich optimistisch, dass bei dem anstehenden NATO-Gipfel in Litauen eine Einigung erzielt wird.\n            <\/div>\n<p><\/p>\n<div class=\"Text-root Text-type_5 ArticleView-text ViewText-root \">\n<p>Die NATO-Mitgliedsl\u00e4nder wollen nach Angaben von Generalsekret\u00e4r Jens Stoltenberg in den kommenden Wochen \u00fcber eine Erh\u00f6hung\u00a0der Verteidigungsausgaben der einzelnen Mitgliedstaaten verhandeln. Wie Stoltenberg am Dienstag im Gespr\u00e4ch mit der Nachrichtenagentur <em>dpa<\/em> mitteilte, pl\u00e4diere ein Teil der Alliierten daf\u00fcr, das derzeitige Ziel von zwei Prozent des jeweiligen\u00a0Bruttoinlandsproduktes (BIP) deutlich zu versch\u00e4rfen.\u00a0&#8220;Einige Verb\u00fcndete sind entschieden daf\u00fcr, aus dem gegenw\u00e4rtigen Zielwert von zwei Prozent einen Mindestwert zu machen&#8221;, erkl\u00e4rte der Generalsekret\u00e4r. Und weiter:<\/p>\n<blockquote>\n<p><em>&#8220;Wir werden uns treffen, wir werden Ministertreffen haben, wir werden Gespr\u00e4che in den Hauptst\u00e4dten f\u00fchren.&#8221;<\/em><\/p>\n<\/blockquote>\n<p>Eine Einigung in der Frage solle demnach sp\u00e4testens bei dem n\u00e4chsten regul\u00e4ren Gipfel des B\u00fcndnisses am 11. und 12. Juli in\u00a0der litauischen Hauptstadt Vilnius erzielt werden. Stoltenberg betonte seinerseits, dass er eine weitere Erh\u00f6hung der Verteidigungsausgaben angesichts des Ukraine-Krieges f\u00fcr unabdingbar halte. Der Krieg habe aufgezeigt, wie wichtig Investitionen in die Verteidigung seien. Da sich alle Verb\u00fcndeten dar\u00fcber im Klaren seien,\u00a0so Stoltenberg, sei er zuversichtlich, dass bei dem Gipfel in Litauen eine Einigung erreicht werde.<\/p>\n<p>Welche NATO-Staaten explizit hinter der Forderung stehen, lie\u00df der Generalsekret\u00e4r zwar offen. Allerdings sollen sich im Zuge\u00a0des Ukraine-Krieges\u00a0nach Diplomatenangaben zuletzt vor allem \u00f6stliche B\u00fcndnisstaaten wie Polen und Litauen, aber auch Gro\u00dfbritannien, f\u00fcr strengere Vorgaben starkgemacht haben. Deutschland, Kanada und Belgien gelten hingegen als Gegner dieser Idee. F\u00fcr Verteidigung gaben die drei L\u00e4nder bisher deutlich weniger aus als die von der NATO veranschlagten zwei Prozent ihres BIP. Deutschland etwa hatte laut einer Sch\u00e4tzung des B\u00fcndnisses im vergangenen Jahr nur eine Quote von 1,44 Prozent erreicht. Das entspreche Verteidigungsausgaben in H\u00f6he von rund 55,6 Milliarden Euro, hei\u00dft es.<\/p>\n<p>Die gr\u00f6\u00dften Verteidigungsausgaben verzeichnete 2022\u00a0 Griechenland, mit einem Wert von 3,76 Prozent. Danach folgten die USA mit 3,47 Prozent, die in absoluten Zahlen mit 822 Milliarden US-Dollar (768 Milliarden Euro) zuletzt mehr als doppelt so viel Geld f\u00fcr die Verteidigung ausgaben wie alle anderen B\u00fcndnisstaaten zusammen.\u00a0<\/p>\n<p><strong>Mehr zum Thema <\/strong>&#8211;\u00a0<a rel=\"nofollow noopener\" target=\"_blank\" href=\"https:\/\/test.rtde.tech\/international\/158814-stoltenberg-westen-muss-sich-auf\/\">Stoltenberg: Westen muss sich auf einen langwierigen Konflikt in der Ukraine einstellen<\/a><\/p>\n<\/div>\n<p><br \/>\n<br \/><a href=\"https:\/\/de.rt.com\/international\/158873-nato-verteidigungsausgaben-sollen-steigen\/\">Source link <\/a><\/p>\n","protected":false},"excerpt":{"rendered":"<p>Mehrere NATO-B\u00fcndnispartner wollen k\u00fcnftig offenbar mehr in ihre Verteidigung investieren. Daher fordern sie nun, dass der jetzige Zielwert f\u00fcr Verteidigungsausgaben zum Mindestwert erkl\u00e4rt wird. Generalsekret\u00e4r Stoltenberg zeigte sich optimistisch, dass bei dem anstehenden NATO-Gipfel in Litauen eine Einigung erzielt wird. Die NATO-Mitgliedsl\u00e4nder wollen nach Angaben von Generalsekret\u00e4r Jens Stoltenberg in den kommenden Wochen \u00fcber eine [&hellip;]<\/p>\n","protected":false},"author":3,"featured_media":26887,"comment_status":"open","ping_status":"open","sticky":false,"template":"","format":"standard","meta":{"_yoast_indexnow_last_ping":["1672765750"],"wp_automatic_camp":["217"],"05d30187566d30fe48e91b79b759fd56":["NATO: Verteidigungsausgaben sollen steigen"],"original_link":["https:\/\/de.rt.com\/international\/158873-nato-verteidigungsausgaben-sollen-steigen\/"],"_thumbnail_id":["26887"],"_wptgpro_p2tg_sent2tg":["a:1:{i:23737;s:19:\"2023-01-03 19:10:16\";}"],"jnews_social_counter_last_update":["1777308200"]},"categories":[19,23],"tags":[2697,1677,1472,28094],"yoast_head":"<!-- This site is optimized with the Yoast SEO Premium plugin v22.7 (Yoast SEO v22.7) - https:\/\/yoast.com\/wordpress\/plugins\/seo\/ -->\n<title>NATO: Verteidigungsausgaben sollen steigen - just-now.NEWS Deutschland<\/title>\n<meta name=\"robots\" content=\"index, follow, max-snippet:-1, max-image-preview:large, max-video-preview:-1\" \/>\n<link rel=\"canonical\" href=\"https:\/\/now-news.de\/de\/deutschland\/nato-verteidigungsausgaben-sollen-steigen\/\" \/>\n<meta property=\"og:locale\" content=\"de_DE\" \/>\n<meta property=\"og:type\" content=\"article\" \/>\n<meta property=\"og:title\" content=\"NATO: Verteidigungsausgaben sollen steigen\" \/>\n<meta property=\"og:description\" content=\"Mehrere NATO-B\u00fcndnispartner wollen k\u00fcnftig offenbar mehr in ihre Verteidigung investieren. Daher fordern sie nun, dass der jetzige Zielwert f\u00fcr Verteidigungsausgaben zum Mindestwert erkl\u00e4rt wird. Generalsekret\u00e4r Stoltenberg zeigte sich optimistisch, dass bei dem anstehenden NATO-Gipfel in Litauen eine Einigung erzielt wird. Die NATO-Mitgliedsl\u00e4nder wollen nach Angaben von Generalsekret\u00e4r Jens Stoltenberg in den kommenden Wochen \u00fcber eine [&hellip;]\" \/>\n<meta property=\"og:url\" content=\"https:\/\/now-news.de\/de\/deutschland\/nato-verteidigungsausgaben-sollen-steigen\/\" \/>\n<meta property=\"og:site_name\" content=\"just-now.NEWS Deutschland\" \/>\n<meta property=\"article:publisher\" content=\"https:\/\/www.facebook.com\/wirmachenauf\" \/>\n<meta property=\"article:published_time\" content=\"2023-01-03T16:57:03+00:00\" \/>\n<meta property=\"og:image\" content=\"https:\/\/now-news.de\/de\/wp-content\/uploads\/sites\/3\/2023\/01\/NATO-Verteidigungsausgaben-sollen-steigen.jpg\" \/>\n\t<meta property=\"og:image:width\" content=\"460\" \/>\n\t<meta property=\"og:image:height\" content=\"259\" \/>\n\t<meta property=\"og:image:type\" content=\"image\/jpeg\" \/>\n<meta name=\"author\" content=\"rtnews\" \/>\n<meta name=\"twitter:card\" content=\"summary_large_image\" \/>\n<meta name=\"twitter:creator\" content=\"@WirMachenAuf_de\" \/>\n<meta name=\"twitter:site\" content=\"@WirMachenAuf_de\" \/>\n<meta name=\"twitter:label1\" content=\"Verfasst von\" \/>\n\t<meta name=\"twitter:data1\" content=\"rtnews\" \/>\n\t<meta name=\"twitter:label2\" content=\"Gesch\u00e4tzte Lesezeit\" \/>\n\t<meta name=\"twitter:data2\" content=\"2\u00a0Minuten\" \/>\n<script type=\"application\/ld+json\" class=\"yoast-schema-graph\">{\"@context\":\"https:\/\/schema.org\",\"@graph\":[{\"@type\":\"Article\",\"@id\":\"https:\/\/now-news.de\/de\/deutschland\/nato-verteidigungsausgaben-sollen-steigen\/#article\",\"isPartOf\":{\"@id\":\"https:\/\/now-news.de\/de\/deutschland\/nato-verteidigungsausgaben-sollen-steigen\/\"},\"author\":{\"name\":\"rtnews\",\"@id\":\"https:\/\/now-news.de\/de\/#\/schema\/person\/fb534a4e865501d8b3285208df34a9b5\"},\"headline\":\"NATO: Verteidigungsausgaben sollen steigen\",\"datePublished\":\"2023-01-03T16:57:03+00:00\",\"dateModified\":\"2023-01-03T16:57:03+00:00\",\"mainEntityOfPage\":{\"@id\":\"https:\/\/now-news.de\/de\/deutschland\/nato-verteidigungsausgaben-sollen-steigen\/\"},\"wordCount\":404,\"commentCount\":0,\"publisher\":{\"@id\":\"https:\/\/now-news.de\/de\/#organization\"},\"image\":{\"@id\":\"https:\/\/now-news.de\/de\/deutschland\/nato-verteidigungsausgaben-sollen-steigen\/#primaryimage\"},\"thumbnailUrl\":\"https:\/\/now-news.de\/de\/wp-content\/uploads\/sites\/3\/2023\/01\/NATO-Verteidigungsausgaben-sollen-steigen.jpg\",\"keywords\":[\"nato\",\"sollen\",\"steigen\",\"Verteidigungsausgaben\"],\"articleSection\":[\"Deutschland\",\"Russland\"],\"inLanguage\":\"de\",\"potentialAction\":[{\"@type\":\"CommentAction\",\"name\":\"Comment\",\"target\":[\"https:\/\/now-news.de\/de\/deutschland\/nato-verteidigungsausgaben-sollen-steigen\/#respond\"]}]},{\"@type\":\"WebPage\",\"@id\":\"https:\/\/now-news.de\/de\/deutschland\/nato-verteidigungsausgaben-sollen-steigen\/\",\"url\":\"https:\/\/now-news.de\/de\/deutschland\/nato-verteidigungsausgaben-sollen-steigen\/\",\"name\":\"NATO: Verteidigungsausgaben sollen steigen - just-now.NEWS Deutschland\",\"isPartOf\":{\"@id\":\"https:\/\/now-news.de\/de\/#website\"},\"primaryImageOfPage\":{\"@id\":\"https:\/\/now-news.de\/de\/deutschland\/nato-verteidigungsausgaben-sollen-steigen\/#primaryimage\"},\"image\":{\"@id\":\"https:\/\/now-news.de\/de\/deutschland\/nato-verteidigungsausgaben-sollen-steigen\/#primaryimage\"},\"thumbnailUrl\":\"https:\/\/now-news.de\/de\/wp-content\/uploads\/sites\/3\/2023\/01\/NATO-Verteidigungsausgaben-sollen-steigen.jpg\",\"datePublished\":\"2023-01-03T16:57:03+00:00\",\"dateModified\":\"2023-01-03T16:57:03+00:00\",\"breadcrumb\":{\"@id\":\"https:\/\/now-news.de\/de\/deutschland\/nato-verteidigungsausgaben-sollen-steigen\/#breadcrumb\"},\"inLanguage\":\"de\",\"potentialAction\":[{\"@type\":\"ReadAction\",\"target\":[\"https:\/\/now-news.de\/de\/deutschland\/nato-verteidigungsausgaben-sollen-steigen\/\"]}]},{\"@type\":\"ImageObject\",\"inLanguage\":\"de\",\"@id\":\"https:\/\/now-news.de\/de\/deutschland\/nato-verteidigungsausgaben-sollen-steigen\/#primaryimage\",\"url\":\"https:\/\/now-news.de\/de\/wp-content\/uploads\/sites\/3\/2023\/01\/NATO-Verteidigungsausgaben-sollen-steigen.jpg\",\"contentUrl\":\"https:\/\/now-news.de\/de\/wp-content\/uploads\/sites\/3\/2023\/01\/NATO-Verteidigungsausgaben-sollen-steigen.jpg\",\"width\":460,\"height\":259,\"caption\":\"NATO: Verteidigungsausgaben sollen steigen\"},{\"@type\":\"BreadcrumbList\",\"@id\":\"https:\/\/now-news.de\/de\/deutschland\/nato-verteidigungsausgaben-sollen-steigen\/#breadcrumb\",\"itemListElement\":[{\"@type\":\"ListItem\",\"position\":1,\"name\":\"Home\",\"item\":\"https:\/\/now-news.de\/de\/\"},{\"@type\":\"ListItem\",\"position\":2,\"name\":\"NATO: Verteidigungsausgaben sollen steigen\"}]},{\"@type\":\"WebSite\",\"@id\":\"https:\/\/now-news.de\/de\/#website\",\"url\":\"https:\/\/now-news.de\/de\/\",\"name\":\"just-now.NEWS Deutschland\",\"description\":\"Das Portal f\u00fcr unzensierte Nachrichten aus der Welt\",\"publisher\":{\"@id\":\"https:\/\/now-news.de\/de\/#organization\"},\"potentialAction\":[{\"@type\":\"SearchAction\",\"target\":{\"@type\":\"EntryPoint\",\"urlTemplate\":\"https:\/\/now-news.de\/de\/?s={search_term_string}\"},\"query-input\":\"required name=search_term_string\"}],\"inLanguage\":\"de\"},{\"@type\":\"Organization\",\"@id\":\"https:\/\/now-news.de\/de\/#organization\",\"name\":\"Just Now News\",\"url\":\"https:\/\/now-news.de\/de\/\",\"logo\":{\"@type\":\"ImageObject\",\"inLanguage\":\"de\",\"@id\":\"https:\/\/now-news.de\/de\/#\/schema\/logo\/image\/\",\"url\":\"http:\/\/just-now.news\/de\/wp-content\/uploads\/sites\/3\/2022\/04\/logo500x500.jpg\",\"contentUrl\":\"http:\/\/just-now.news\/de\/wp-content\/uploads\/sites\/3\/2022\/04\/logo500x500.jpg\",\"width\":500,\"height\":500,\"caption\":\"Just Now News\"},\"image\":{\"@id\":\"https:\/\/now-news.de\/de\/#\/schema\/logo\/image\/\"},\"sameAs\":[\"https:\/\/www.facebook.com\/wirmachenauf\",\"https:\/\/x.com\/WirMachenAuf_de\"]},{\"@type\":\"Person\",\"@id\":\"https:\/\/now-news.de\/de\/#\/schema\/person\/fb534a4e865501d8b3285208df34a9b5\",\"name\":\"rtnews\",\"image\":{\"@type\":\"ImageObject\",\"inLanguage\":\"de\",\"@id\":\"https:\/\/now-news.de\/de\/#\/schema\/person\/image\/\",\"url\":\"https:\/\/secure.gravatar.com\/avatar\/82aafea7d8127119dd649515f56e2117?s=96&d=mm&r=g\",\"contentUrl\":\"https:\/\/secure.gravatar.com\/avatar\/82aafea7d8127119dd649515f56e2117?s=96&d=mm&r=g\",\"caption\":\"rtnews\"},\"url\":\"https:\/\/now-news.de\/de\/author\/rnews\/\"}]}<\/script>\n<!-- \/ Yoast SEO Premium plugin. -->","yoast_head_json":{"title":"NATO: Verteidigungsausgaben sollen steigen - just-now.NEWS Deutschland","robots":{"index":"index","follow":"follow","max-snippet":"max-snippet:-1","max-image-preview":"max-image-preview:large","max-video-preview":"max-video-preview:-1"},"canonical":"https:\/\/now-news.de\/de\/deutschland\/nato-verteidigungsausgaben-sollen-steigen\/","og_locale":"de_DE","og_type":"article","og_title":"NATO: Verteidigungsausgaben sollen steigen","og_description":"Mehrere NATO-B\u00fcndnispartner wollen k\u00fcnftig offenbar mehr in ihre Verteidigung investieren. Daher fordern sie nun, dass der jetzige Zielwert f\u00fcr Verteidigungsausgaben zum Mindestwert erkl\u00e4rt wird. Generalsekret\u00e4r Stoltenberg zeigte sich optimistisch, dass bei dem anstehenden NATO-Gipfel in Litauen eine Einigung erzielt wird. Die NATO-Mitgliedsl\u00e4nder wollen nach Angaben von Generalsekret\u00e4r Jens Stoltenberg in den kommenden Wochen \u00fcber eine [&hellip;]","og_url":"https:\/\/now-news.de\/de\/deutschland\/nato-verteidigungsausgaben-sollen-steigen\/","og_site_name":"just-now.NEWS Deutschland","article_publisher":"https:\/\/www.facebook.com\/wirmachenauf","article_published_time":"2023-01-03T16:57:03+00:00","og_image":[{"width":460,"height":259,"url":"https:\/\/now-news.de\/de\/wp-content\/uploads\/sites\/3\/2023\/01\/NATO-Verteidigungsausgaben-sollen-steigen.jpg","type":"image\/jpeg"}],"author":"rtnews","twitter_card":"summary_large_image","twitter_creator":"@WirMachenAuf_de","twitter_site":"@WirMachenAuf_de","twitter_misc":{"Verfasst von":"rtnews","Gesch\u00e4tzte Lesezeit":"2\u00a0Minuten"},"schema":{"@context":"https:\/\/schema.org","@graph":[{"@type":"Article","@id":"https:\/\/now-news.de\/de\/deutschland\/nato-verteidigungsausgaben-sollen-steigen\/#article","isPartOf":{"@id":"https:\/\/now-news.de\/de\/deutschland\/nato-verteidigungsausgaben-sollen-steigen\/"},"author":{"name":"rtnews","@id":"https:\/\/now-news.de\/de\/#\/schema\/person\/fb534a4e865501d8b3285208df34a9b5"},"headline":"NATO: Verteidigungsausgaben sollen steigen","datePublished":"2023-01-03T16:57:03+00:00","dateModified":"2023-01-03T16:57:03+00:00","mainEntityOfPage":{"@id":"https:\/\/now-news.de\/de\/deutschland\/nato-verteidigungsausgaben-sollen-steigen\/"},"wordCount":404,"commentCount":0,"publisher":{"@id":"https:\/\/now-news.de\/de\/#organization"},"image":{"@id":"https:\/\/now-news.de\/de\/deutschland\/nato-verteidigungsausgaben-sollen-steigen\/#primaryimage"},"thumbnailUrl":"https:\/\/now-news.de\/de\/wp-content\/uploads\/sites\/3\/2023\/01\/NATO-Verteidigungsausgaben-sollen-steigen.jpg","keywords":["nato","sollen","steigen","Verteidigungsausgaben"],"articleSection":["Deutschland","Russland"],"inLanguage":"de","potentialAction":[{"@type":"CommentAction","name":"Comment","target":["https:\/\/now-news.de\/de\/deutschland\/nato-verteidigungsausgaben-sollen-steigen\/#respond"]}]},{"@type":"WebPage","@id":"https:\/\/now-news.de\/de\/deutschland\/nato-verteidigungsausgaben-sollen-steigen\/","url":"https:\/\/now-news.de\/de\/deutschland\/nato-verteidigungsausgaben-sollen-steigen\/","name":"NATO: Verteidigungsausgaben sollen steigen - just-now.NEWS Deutschland","isPartOf":{"@id":"https:\/\/now-news.de\/de\/#website"},"primaryImageOfPage":{"@id":"https:\/\/now-news.de\/de\/deutschland\/nato-verteidigungsausgaben-sollen-steigen\/#primaryimage"},"image":{"@id":"https:\/\/now-news.de\/de\/deutschland\/nato-verteidigungsausgaben-sollen-steigen\/#primaryimage"},"thumbnailUrl":"https:\/\/now-news.de\/de\/wp-content\/uploads\/sites\/3\/2023\/01\/NATO-Verteidigungsausgaben-sollen-steigen.jpg","datePublished":"2023-01-03T16:57:03+00:00","dateModified":"2023-01-03T16:57:03+00:00","breadcrumb":{"@id":"https:\/\/now-news.de\/de\/deutschland\/nato-verteidigungsausgaben-sollen-steigen\/#breadcrumb"},"inLanguage":"de","potentialAction":[{"@type":"ReadAction","target":["https:\/\/now-news.de\/de\/deutschland\/nato-verteidigungsausgaben-sollen-steigen\/"]}]},{"@type":"ImageObject","inLanguage":"de","@id":"https:\/\/now-news.de\/de\/deutschland\/nato-verteidigungsausgaben-sollen-steigen\/#primaryimage","url":"https:\/\/now-news.de\/de\/wp-content\/uploads\/sites\/3\/2023\/01\/NATO-Verteidigungsausgaben-sollen-steigen.jpg","contentUrl":"https:\/\/now-news.de\/de\/wp-content\/uploads\/sites\/3\/2023\/01\/NATO-Verteidigungsausgaben-sollen-steigen.jpg","width":460,"height":259,"caption":"NATO: Verteidigungsausgaben sollen steigen"},{"@type":"BreadcrumbList","@id":"https:\/\/now-news.de\/de\/deutschland\/nato-verteidigungsausgaben-sollen-steigen\/#breadcrumb","itemListElement":[{"@type":"ListItem","position":1,"name":"Home","item":"https:\/\/now-news.de\/de\/"},{"@type":"ListItem","position":2,"name":"NATO: Verteidigungsausgaben sollen steigen"}]},{"@type":"WebSite","@id":"https:\/\/now-news.de\/de\/#website","url":"https:\/\/now-news.de\/de\/","name":"just-now.NEWS Deutschland","description":"Das Portal f\u00fcr unzensierte Nachrichten aus der Welt","publisher":{"@id":"https:\/\/now-news.de\/de\/#organization"},"potentialAction":[{"@type":"SearchAction","target":{"@type":"EntryPoint","urlTemplate":"https:\/\/now-news.de\/de\/?s={search_term_string}"},"query-input":"required name=search_term_string"}],"inLanguage":"de"},{"@type":"Organization","@id":"https:\/\/now-news.de\/de\/#organization","name":"Just Now News","url":"https:\/\/now-news.de\/de\/","logo":{"@type":"ImageObject","inLanguage":"de","@id":"https:\/\/now-news.de\/de\/#\/schema\/logo\/image\/","url":"http:\/\/just-now.news\/de\/wp-content\/uploads\/sites\/3\/2022\/04\/logo500x500.jpg","contentUrl":"http:\/\/just-now.news\/de\/wp-content\/uploads\/sites\/3\/2022\/04\/logo500x500.jpg","width":500,"height":500,"caption":"Just Now News"},"image":{"@id":"https:\/\/now-news.de\/de\/#\/schema\/logo\/image\/"},"sameAs":["https:\/\/www.facebook.com\/wirmachenauf","https:\/\/x.com\/WirMachenAuf_de"]},{"@type":"Person","@id":"https:\/\/now-news.de\/de\/#\/schema\/person\/fb534a4e865501d8b3285208df34a9b5","name":"rtnews","image":{"@type":"ImageObject","inLanguage":"de","@id":"https:\/\/now-news.de\/de\/#\/schema\/person\/image\/","url":"https:\/\/secure.gravatar.com\/avatar\/82aafea7d8127119dd649515f56e2117?s=96&d=mm&r=g","contentUrl":"https:\/\/secure.gravatar.com\/avatar\/82aafea7d8127119dd649515f56e2117?s=96&d=mm&r=g","caption":"rtnews"},"url":"https:\/\/now-news.de\/de\/author\/rnews\/"}]}},"_links":{"self":[{"href":"https:\/\/now-news.de\/de\/wp-json\/wp\/v2\/posts\/26886"}],"collection":[{"href":"https:\/\/now-news.de\/de\/wp-json\/wp\/v2\/posts"}],"about":[{"href":"https:\/\/now-news.de\/de\/wp-json\/wp\/v2\/types\/post"}],"author":[{"embeddable":true,"href":"https:\/\/now-news.de\/de\/wp-json\/wp\/v2\/users\/3"}],"replies":[{"embeddable":true,"href":"https:\/\/now-news.de\/de\/wp-json\/wp\/v2\/comments?post=26886"}],"version-history":[{"count":0,"href":"https:\/\/now-news.de\/de\/wp-json\/wp\/v2\/posts\/26886\/revisions"}],"wp:featuredmedia":[{"embeddable":true,"href":"https:\/\/now-news.de\/de\/wp-json\/wp\/v2\/media\/26887"}],"wp:attachment":[{"href":"https:\/\/now-news.de\/de\/wp-json\/wp\/v2\/media?parent=26886"}],"wp:term":[{"taxonomy":"category","embeddable":true,"href":"https:\/\/now-news.de\/de\/wp-json\/wp\/v2\/categories?post=26886"},{"taxonomy":"post_tag","embeddable":true,"href":"https:\/\/now-news.de\/de\/wp-json\/wp\/v2\/tags?post=26886"}],"curies":[{"name":"wp","href":"https:\/\/api.w.org\/{rel}","templated":true}]}}