{"id":26834,"date":"2023-01-02T18:00:00","date_gmt":"2023-01-02T16:00:00","guid":{"rendered":"http:\/\/just-now.news\/de\/deutschland\/krisen-und-insolvenzticker-prognosen-fuer-2023-immobilienpreise-sinken-wohnungsmieten-steigen\/"},"modified":"2023-01-02T18:00:00","modified_gmt":"2023-01-02T16:00:00","slug":"krisen-und-insolvenzticker-prognosen-fuer-2023-immobilienpreise-sinken-wohnungsmieten-steigen","status":"publish","type":"post","link":"https:\/\/now-news.de\/de\/deutschland\/krisen-und-insolvenzticker-prognosen-fuer-2023-immobilienpreise-sinken-wohnungsmieten-steigen\/","title":{"rendered":"Krisen- und Insolvenzticker \u2013 Prognosen f\u00fcr 2023: Immobilienpreise sinken, Wohnungsmieten steigen"},"content":{"rendered":"<div class=\"Text-root Text-type_1 \">\n                Die deutsche Wirtschaft rutscht immer tiefer in die Krise. Unter dem Druck dramatisch steigender Energiekosten und anderer ung\u00fcnstiger Rahmenbedingungen sind allein in diesem Jahr tausende Unternehmen insolvent gegangen. Wir fassen in diesem Ticker die wichtigsten Entwicklungen und Neuigkeiten zusammen.\n            <\/div>\n<p><\/p>\n<div class=\"ArticleView-liveUpdates\">\n<div class=\"LiveUpdates-root\">\n<div class=\"LiveUpdates-content\">\n<ul class=\"LiveUpdates-list Listing-root\" data-listing=\"LiveUpdates\" data-count=\"10\">\n<li class=\"LiveUpdates-item Listing-item\">\n<div class=\"LiveUpdates-date\">\n<p class=\"HeaderNews-root HeaderNews-type_2 \">\n                2.01.2023 17:34 Uhr\n            <\/p>\n<\/div>\n<div class=\"LiveUpdate-root\">\n<div class=\"LiveUpdate-date\">\n<p class=\"HeaderNews-root HeaderNews-type_6 \">\n                17:34 Uhr\n            <\/p>\n<\/div>\n<div class=\"LiveUpdate-content\">\n<div class=\"LiveUpdate-text\">\n<div class=\"Text-root Text-type_5 ViewText-root\">\n<p><strong>Prognosen f\u00fcr 2023: Immobilienpreise sinken, Wohnungsmieten steigen<\/strong><\/p>\n<figure class=\"RTImage-root\">\n<div class=\"RTImage-image RTImage-original\"><picture class=\"Picture-root Picture-original\"><!--[if IE 9]><video style=\"display: none;\"><![endif]--><source media=\"(-webkit-min-device-pixel-ratio: 2) and (min-resolution: 120dpi)\" data-srcset=\" \nhttp:\/\/just-now.news\/de\/wp-content\/uploads\/sites\/3\/2023\/01\/63b3015048fbef4d1206343b.jpeg 850w,\n                http:\/\/just-now.news\/de\/wp-content\/uploads\/sites\/3\/2023\/01\/63b3015048fbef4d1206343b.jpeg 1960w,\n            \" ><source data-srcset=\" \nhttp:\/\/just-now.news\/de\/wp-content\/uploads\/sites\/3\/2023\/01\/63b3015048fbef4d1206343b.jpeg 460w,\n              http:\/\/just-now.news\/de\/wp-content\/uploads\/sites\/3\/2023\/01\/63b3015048fbef4d1206343b.jpeg 980w,\n            \" ><!--[if IE 9]><\/video><![endif]--><img decoding=\"async\" data- src=\"data:image\/png;base64,iVBORw0KGgoAAAANSUhEUgAAABAAAAAJCAQAAACRI2S5AAAAEElEQVR42mNkIAAYRxWAAQAG9gAKqv6+AwAAAABJRU5ErkJggg==\" class=\"Picture-root Picture-original lazyload\" data-src=\"http:\/\/just-now.news\/de\/wp-content\/uploads\/sites\/3\/2023\/01\/63b3015048fbef4d1206343b.jpeg\" alt=\"\"><\/source><\/source><\/picture><!-- noscript pattern --><noscript><img decoding=\"async\" src=\"http:\/\/just-now.news\/de\/wp-content\/uploads\/sites\/3\/2023\/01\/63b3015048fbef4d1206343b.jpeg\" alt=\"\"><\/noscript><\/div><figcaption class=\"RTImage-footer\"><span class=\"RTImage-caption\"><span class=\"RTImage-captionItem\">Wohnungsbau bei M\u00fcnchen (Symbolbild)<\/span><\/span><span class=\"RTImage-source\"><span class=\"RTImage-captionItem\">IMAGO\/Frank Hoermann\/SVEN SIMON<\/span><span class=\"RTImage-captionItem\"> \/ www.globallookpress.com<\/span><\/span><\/figcaption><\/figure>\n<p>Der Immobilienboom in Deutschland geht seinem Ende entgegen: Experten erwarten 2023 fallende Immobilienpreise, aber einen zunehmenden Anstieg der Mieten. Mit steigenden Kreditzinsen und hohen Baukosten k\u00f6nnen sich viele Menschen kein Wohnungseigentum mehr leisten und weichen auf Mietwohnungen aus, sodass Mieten wieder kr\u00e4ftiger klettern. Das trifft in Deutschland viele Menschen, da nur rund die H\u00e4lfte der Bev\u00f6lkerung in Eigentum lebt \u2013 so wenig wie in kaum einem anderen Land Europas.<\/p>\n<p>Im dritten Quartal 2022 fielen die Preise f\u00fcr Wohnimmobilien laut Statistischem Bundesamt im Schnitt um 0,4 Prozent zum Vorquartal. Der Verband deutscher Pfandbriefbanken (VDP) beobachtete einen R\u00fcckgang um 0,7 Prozent \u2013 das erste Minus seit 2010.\u00a0<\/p>\n<p>Fachleuten zufolge d\u00fcrfte sich der Trend beschleunigen. Das Deutsche Institut f\u00fcr Wirtschaftsforschung (DIW) h\u00e4lt 2023 einen R\u00fcckgang der Immobilienpreise um bis zu zehn Prozent f\u00fcr m\u00f6glich. Die Forscher beobachten in einer Studie in 97 St\u00e4dten, dass sich die Preise weiter von den Mieten abgekoppelt haben \u2013 ein Zeichen f\u00fcr &#8220;spekulative \u00dcbertreibungen&#8221;. Eine Immobilie habe in Gro\u00dfst\u00e4dten zuletzt so viel wie 28 Jahresmieten gekostet.\u00a0<\/p>\n<p>Einen katastrophalen Einbruch der Immobilienpreise, der einem &#8220;Platzen der Spekulationsblase&#8221; gleichk\u00e4me, sehen die Experten jedoch nicht auf Deutschland zurollen. Hohe Transaktionskosten, etwa f\u00fcr Makler und Notare, w\u00fcrden vor kurzfristigen Verk\u00e4ufen abschrecken.\u00a0<\/p>\n<p>Dazu kommt, dass Wohnungen knapp bleiben. Das inzwischen kassierte Ziel der Bundesregierung von 400.000 neuen Wohnungen j\u00e4hrlich galt als utopisch: Der Bauverband ZDB erwartet 245.000 im kommenden Jahr.\u00a0Die starke Nachfrage nach bezahlbarem Wohnraum sto\u00dfe auf sinkende Leerst\u00e4nde in den St\u00e4dten. An dem Engpass werde sich im neuen Jahr nichts \u00e4ndern.<\/p>\n<\/div>\n<\/div>\n<\/div>\n<\/div>\n<\/li>\n<li class=\"LiveUpdates-item Listing-item\">\n<div class=\"LiveUpdates-date\">\n<p class=\"HeaderNews-root HeaderNews-type_2 \">\n                1.01.2023 13:20 Uhr\n            <\/p>\n<\/div>\n<div class=\"LiveUpdate-root\">\n<div class=\"LiveUpdate-date\">\n<p class=\"HeaderNews-root HeaderNews-type_6 \">\n                13:20 Uhr\n            <\/p>\n<\/div>\n<div class=\"LiveUpdate-content\">\n<div class=\"LiveUpdate-text\">\n<div class=\"Text-root Text-type_5 ViewText-root\">\n<p><strong>Neuer Handwerkspr\u00e4sident warnt vor explodierenden Preisen<\/strong>\u00a0<br \/><em><\/em><\/p>\n<p>Der neue Handwerkspr\u00e4sident J\u00f6rg Dittrich hat davor gewarnt, dass Handwerker f\u00fcr viele Menschen bald unerschwinglich werden k\u00f6nnten. &#8220;Wir m\u00fcssen aufpassen, dass Handwerksleistungen f\u00fcr weite Teile der Bev\u00f6lkerung nicht unbezahlbar werden&#8221;, sagte Dittrich der <em>Bild am Sonntag<\/em>. &#8220;Dieser Grenze n\u00e4hern wir uns gerade.&#8221; Es drohe eine Spaltung der Gesellschaft:<\/p>\n<p><em>&#8220;Menschen, die sich beispielsweise einen Friseurbesuch leisten k\u00f6nnen, und andere, die das nicht mehr k\u00f6nnen.&#8221;<\/em><\/p>\n<p>Auch im neuen Jahr werden Handwerker-Leistungen wohl teurer werden. &#8220;Denn f\u00fcr uns steigen ja nicht nur die Material- und Energiekosten. Wir haben steigende Krankenkassen-, Pflegeversicherungs-, Berufsgenossenschaftsbeitr\u00e4ge&#8221;, betonte der Handwerkspr\u00e4sident. &#8220;Und am Ende kommen vom Staat noch 19 Prozent Mehrwertsteuer obendrauf. Ergebnis: Die L\u00fccke zwischen dem, was der Handwerker tats\u00e4chlich verdient, und dem, was die Stunde die Kundin oder den Kunden kostet, wird immer gr\u00f6\u00dfer. Hier muss die Politik gegensteuern.&#8221;<\/p>\n<p>Wegen des Fachkr\u00e4ftemangels erwartet Dittrich zudem einen deutlichen Anstieg der Wartezeiten. &#8220;Ich kann nicht ausschlie\u00dfen, dass wir in einem Jahr nicht mehr drei, sondern sechs Monate auf einen Handwerker warten m\u00fcssen&#8221;, sagte er der Zeitung. Werde nicht gegengesteuert, m\u00fcssten Betriebe nur deshalb schlie\u00dfen, weil es nicht gen\u00fcgend Mitarbeiter gebe. Dem Handwerk fehlten aktuell 250.000 Fachkr\u00e4fte. &#8220;Und die Zahl steigt t\u00e4glich, denn auch bei uns kommen die Babyboomer jetzt ins Rentenalter&#8221;, sagte der Handwerkspr\u00e4sident.<\/p>\n<p>Dittrich forderte eine st\u00e4rkere Zuwanderung &#8211; auch von Menschen, die noch keine Berufsqualifikation haben. Es gehe um junge Leute, die bereit seien, in Deutschland ein Handwerk zu lernen und hier zu arbeiten. &#8220;Visa m\u00fcssen schneller vergeben werden und wer hier gebraucht wird, sollte dauerhaft ein Aufenthaltsrecht ohne hohe b\u00fcrokratische H\u00fcrden wie derzeit bekommen.&#8221;<\/p>\n<\/div>\n<\/div>\n<\/div>\n<\/div>\n<\/li>\n<li class=\"LiveUpdates-item Listing-item\">\n<div class=\"LiveUpdate-root\">\n<div class=\"LiveUpdate-date\">\n<p class=\"HeaderNews-root HeaderNews-type_6 \">\n                11:30 Uhr\n            <\/p>\n<\/div>\n<div class=\"LiveUpdate-content\">\n<div class=\"LiveUpdate-text\">\n<div class=\"Text-root Text-type_5 ViewText-root\">\n<p><strong>Habeck f\u00fcr fr\u00fcheren Kohleausstieg auch im Osten<\/strong>\u00a0<br \/><em><\/em><\/p>\n<figure class=\"RTImage-root\">\n<div class=\"RTImage-image RTImage-original\"><picture class=\"Picture-root Picture-original\"><!--[if IE 9]><video style=\"display: none;\"><![endif]--><source media=\"(-webkit-min-device-pixel-ratio: 2) and (min-resolution: 120dpi)\" data-srcset=\" \nhttp:\/\/just-now.news\/de\/wp-content\/uploads\/sites\/3\/2023\/01\/63b15d9548fbef1a5f20bdf2.jpg 850w,\n                http:\/\/just-now.news\/de\/wp-content\/uploads\/sites\/3\/2023\/01\/63b15d9548fbef1a5f20bdf2.jpg 1960w,\n            \" ><source data-srcset=\" \nhttp:\/\/just-now.news\/de\/wp-content\/uploads\/sites\/3\/2023\/01\/63b15d9548fbef1a5f20bdf2.jpg 460w,\n              http:\/\/just-now.news\/de\/wp-content\/uploads\/sites\/3\/2023\/01\/63b15d9548fbef1a5f20bdf2.jpg 980w,\n            \" ><!--[if IE 9]><\/video><![endif]--><img decoding=\"async\" data- src=\"data:image\/png;base64,iVBORw0KGgoAAAANSUhEUgAAABAAAAAJCAQAAACRI2S5AAAAEElEQVR42mNkIAAYRxWAAQAG9gAKqv6+AwAAAABJRU5ErkJggg==\" class=\"Picture-root Picture-original lazyload\" data-src=\"http:\/\/just-now.news\/de\/wp-content\/uploads\/sites\/3\/2023\/01\/63b15d9548fbef1a5f20bdf2.jpg\" alt=\"\"><\/source><\/source><\/picture><!-- noscript pattern --><noscript><img decoding=\"async\" src=\"http:\/\/just-now.news\/de\/wp-content\/uploads\/sites\/3\/2023\/01\/63b15d9548fbef1a5f20bdf2.jpg\" alt=\"\"><\/noscript><\/div><figcaption class=\"RTImage-footer\"><span class=\"RTImage-caption\"><span class=\"RTImage-captionItem\">Wirtschaftsminister Robert Habeck (Flensburg, 23. Dezember 2022)<\/span><\/span><span class=\"RTImage-source\"><span class=\"RTImage-captionItem\">Markus Scholz \/ dpa<\/span><span class=\"RTImage-captionItem\"> \/ www.globallookpress.com<\/span><\/span><\/figcaption><\/figure>\n<p>Wirtschaftsminister Robert Habeck will einen Konsens \u00fcber einen vorgezogenen Kohleausstieg auch im Osten erreichen. Der Gr\u00fcnen-Politiker sagte der Deutschen Presse-Agentur: &#8220;Das sage ich den Ministerpr\u00e4sidenten und allen Belegschaften hiermit zu: Das wird nicht par Ordre du Mufti entschieden werden, sondern es muss in einer breiten Allianz als guter Plan empfunden werden.&#8221; F\u00fcr den Plan habe er sinnvolle Argumente.<\/p>\n<p>Nach der bisherigen Gesetzeslage sind die letzten Stilllegungen von Kraftwerksbl\u00f6cken in Deutschland 2038 geplant, und zwar bei der Betreiberin Leag in der Lausitz. Bundestag und Bundesrat hatten beschlossen, dass der Kohleausstieg im Rheinischen Revier um acht Jahre auf 2030 vorgezogen wird. Zuvor hatte es eine Verst\u00e4ndigung zwischen der Bundesregierung, der NRW-Landesregierung und dem Energiekonzern RWE gegeben. Die Braunkohlel\u00e4nder im Osten Deutschlands sind Brandenburg, Sachsen und Sachsen-Anhalt.<\/p>\n<\/div>\n<\/div>\n<\/div>\n<\/div>\n<\/li>\n<li class=\"LiveUpdates-item Listing-item\">\n<div class=\"LiveUpdate-root\">\n<div class=\"LiveUpdate-date\">\n<p class=\"HeaderNews-root HeaderNews-type_6 \">\n                10:45 Uhr\n            <\/p>\n<\/div>\n<div class=\"LiveUpdate-content\">\n<div class=\"LiveUpdate-text\">\n<div class=\"Text-root Text-type_5 ViewText-root\">\n<p><strong>Finanzminister Lindner rechnet mit dauerhaft hohen Energiepreisen und hoher Inflation 2023<\/strong><br \/><em><\/em><\/p>\n<figure class=\"RTImage-root\">\n<div class=\"RTImage-image RTImage-original\"><picture class=\"Picture-root Picture-original\"><!--[if IE 9]><video style=\"display: none;\"><![endif]--><source media=\"(-webkit-min-device-pixel-ratio: 2) and (min-resolution: 120dpi)\" data-srcset=\" \nhttp:\/\/just-now.news\/de\/wp-content\/uploads\/sites\/3\/2023\/01\/63b155e2b480cc7c0a7663e0.jpg 850w,\n                http:\/\/just-now.news\/de\/wp-content\/uploads\/sites\/3\/2023\/01\/63b155e2b480cc7c0a7663e0.jpg 1960w,\n            \" ><source data-srcset=\" \nhttp:\/\/just-now.news\/de\/wp-content\/uploads\/sites\/3\/2023\/01\/63b155e2b480cc7c0a7663e0.jpg 460w,\n              http:\/\/just-now.news\/de\/wp-content\/uploads\/sites\/3\/2023\/01\/63b155e2b480cc7c0a7663e0.jpg 980w,\n            \" ><!--[if IE 9]><\/video><![endif]--><img decoding=\"async\" data- src=\"data:image\/png;base64,iVBORw0KGgoAAAANSUhEUgAAABAAAAAJCAQAAACRI2S5AAAAEElEQVR42mNkIAAYRxWAAQAG9gAKqv6+AwAAAABJRU5ErkJggg==\" class=\"Picture-root Picture-original lazyload\" data-src=\"http:\/\/just-now.news\/de\/wp-content\/uploads\/sites\/3\/2023\/01\/63b155e2b480cc7c0a7663e0.jpg\" alt=\"\"><\/source><\/source><\/picture><!-- noscript pattern --><noscript><img decoding=\"async\" src=\"http:\/\/just-now.news\/de\/wp-content\/uploads\/sites\/3\/2023\/01\/63b155e2b480cc7c0a7663e0.jpg\" alt=\"\"><\/noscript><\/div><figcaption class=\"RTImage-footer\"><span class=\"RTImage-caption\"><span class=\"RTImage-captionItem\">Bundesfinanzminister Christian Lindner (Berlin, 16. Dezember 2022)<\/span><\/span><span class=\"RTImage-source\"><span class=\"RTImage-captionItem\">Britta Pedersen \/ dpa<\/span><span class=\"RTImage-captionItem\"> \/ www.globallookpress.com<\/span><\/span><\/figcaption><\/figure>\n<p>Bundesfinanzminister Christian Lindner erwartet dauerhaft hohe Energiepreise. &#8220;Es wird ein neues Normal sein. Gas \u00fcber die Fl\u00fcssiggasterminals ist schon aus logistischen Gr\u00fcnden teurer als das russische Pipeline-Gas&#8221;, sagte der FDP-Vorsitzende der <em>Bild am Sonntag<\/em>. Das Preisniveau bleibe nach seiner Einsch\u00e4tzung h\u00f6her, &#8220;aber ohne ruin\u00f6se Spitzen&#8221;.<\/p>\n<p>Er forderte die &#8220;Ampel&#8221;-Regierung auf, das Fracking-Verbot in Deutschland im neuen Jahr aufzuheben, um so heimisches Gas f\u00f6rdern zu k\u00f6nnen. &#8220;Nicht nur die Preise f\u00fcr die Verbraucher lohnen neues Nachdenken, auch die Argumente dagegen sind \u00fcberholt&#8221;, sagte Lindner. &#8220;Eine unabh\u00e4ngige Expertenkommission des Bundestages hat 2021 best\u00e4tigt, dass die Technologie verantwortbar ist. Das Verbot sollte fallen.&#8221; Dann k\u00f6nnten private Investoren entscheiden, ob der Abbau wirtschaftlich ist. Gegen\u00fcber Gas aus anderen Weltregionen erwartet Lindner Wettbewerbsvorteile.<\/p>\n<p>Der Finanzminister bekr\u00e4ftigte die Erwartung der Bundesregierung bez\u00fcglich der Inflationsraten. Er sagte:<\/p>\n<p><em>&#8220;F\u00fcr 2023 rechnen wir mit 7 Prozent, aber 2024 und danach sinken die Zahlen laut den Prognosen weiter. Ziel bleibt 2 Prozent. Das muss f\u00fcr Europ\u00e4ische Zentralbank und Bundesregierung h\u00f6chste Priorit\u00e4t haben, denn dauerhaft hohe Inflation w\u00fcrde unser wirtschaftliches Fundament untersp\u00fclen.&#8221;<\/em><\/p>\n<\/div>\n<\/div>\n<\/div>\n<\/div>\n<\/li>\n<li class=\"LiveUpdates-item Listing-item\">\n<div class=\"LiveUpdate-root\">\n<div class=\"LiveUpdate-date\">\n<p class=\"HeaderNews-root HeaderNews-type_6 \">\n                08:30 Uhr\n            <\/p>\n<\/div>\n<div class=\"LiveUpdate-content\">\n<div class=\"LiveUpdate-text\">\n<div class=\"Text-root Text-type_5 ViewText-root\">\n<p><strong>Sch\u00e4dlingsbek\u00e4mpfer: Problem mit Bettwanzen ist gr\u00f6\u00dfer geworden<\/strong>\u00a0<br \/><em><\/em><\/p>\n<figure class=\"RTImage-root\">\n<div class=\"RTImage-image RTImage-original\"><picture class=\"Picture-root Picture-original\"><!--[if IE 9]><video style=\"display: none;\"><![endif]--><source media=\"(-webkit-min-device-pixel-ratio: 2) and (min-resolution: 120dpi)\" data-srcset=\" \nhttp:\/\/just-now.news\/de\/wp-content\/uploads\/sites\/3\/2023\/01\/63b1350748fbef19713f9f89.jpg 850w,\n                http:\/\/just-now.news\/de\/wp-content\/uploads\/sites\/3\/2023\/01\/63b1350748fbef19713f9f89.jpg 1960w,\n            \" ><source data-srcset=\" \nhttp:\/\/just-now.news\/de\/wp-content\/uploads\/sites\/3\/2023\/01\/63b1350748fbef19713f9f89.jpg 460w,\n              http:\/\/just-now.news\/de\/wp-content\/uploads\/sites\/3\/2023\/01\/63b1350748fbef19713f9f89.jpg 980w,\n            \" ><!--[if IE 9]><\/video><![endif]--><img decoding=\"async\" data- src=\"data:image\/png;base64,iVBORw0KGgoAAAANSUhEUgAAABAAAAAJCAQAAACRI2S5AAAAEElEQVR42mNkIAAYRxWAAQAG9gAKqv6+AwAAAABJRU5ErkJggg==\" class=\"Picture-root Picture-original lazyload\" data-src=\"http:\/\/just-now.news\/de\/wp-content\/uploads\/sites\/3\/2023\/01\/63b1350748fbef19713f9f89.jpg\" alt=\"\"><\/source><\/source><\/picture><!-- noscript pattern --><noscript><img decoding=\"async\" src=\"http:\/\/just-now.news\/de\/wp-content\/uploads\/sites\/3\/2023\/01\/63b1350748fbef19713f9f89.jpg\" alt=\"\"><\/noscript><\/div><figcaption class=\"RTImage-footer\"><span class=\"RTImage-caption\"><span class=\"RTImage-captionItem\">Bettwanzen in einer Matratze (Symbolbild)<\/span><\/span><span class=\"RTImage-source\"><span class=\"RTImage-captionItem\">Whitejellybeans<\/span><span class=\"RTImage-captionItem\"> \/ Legion-media.ru<\/span><\/span><\/figcaption><\/figure>\n<p>Sch\u00e4dlingsbek\u00e4mpfer in Deutschland werden immer \u00f6fter wegen Bettwanzen gerufen. Das Problem sei in den vergangenen Jahren gr\u00f6\u00dfer geworden, sagte der Vorsitzende des Deutschen Sch\u00e4dlingsbek\u00e4mpfer-Verbands, Kai Scheffler, der<em> dpa<\/em>. Nach dem Ende des Zweiten Weltkrieges seien die Insekten, die sich vom\u00a0Blut der Menschen ern\u00e4hren, nahezu ausgerottet gewesen. Seit 15 bis 20 Jahren breiten sie sich demzufolge aber wieder aus.<\/p>\n<p>&#8220;Nur die Reiset\u00e4tigkeit f\u00fchrt nicht zwangsl\u00e4ufig dazu, dass wahnsinnig mehr Sch\u00e4dlinge da sind.&#8221; Entscheidend sei vielmehr, in welche L\u00e4nder gereist werde, sagte Scheffler. Nach Aufhebung der Reise-Verbote wegen der Corona-Pandemie habe es wieder mehr Fl\u00fcge in die USA gegeben. &#8220;\u00dcber 90 Prozent der Hotels dort haben schon mal einen Bettwanzen-Befall gemeldet. Davon sind wir in Deutschland weit entfernt.&#8221; Ebenso h\u00e4ufig betroffen seien ehemalige Sowjetrepubliken \u2013 so auch die Ukraine.<\/p>\n<p>&#8220;Als Sch\u00e4dlingsbek\u00e4mpfer Anfang der 1990er Jahre erstmals wieder damit zu tun hatten, mussten sie wieder lernen, damit umzugehen&#8221;, sagte er. Zahlen, wie verbreitet das Problem ist, lagen nicht vor.<\/p>\n<p>&#8220;Wenn der Kunde alle drei Tage einmal gebissen wird, dann wei\u00df ich: Hier ist nicht so viel los.&#8221; Dann suche er nach dem Insekt, statt chemische Bek\u00e4mpfungsmittel einzusetzen. Laut dem Verband werden zunehmend speziell ausgebildete Sp\u00fcrhunde eingesetzt. Damit sei es schneller m\u00f6glich, Bettwanzen aufzusp\u00fcren. Nach einem Biss sind auf der Haut in der Regel leicht geschwollene Flecken zu sehen.<\/p>\n<p>Hotels arbeiteten inzwischen enger mit Sch\u00e4dlingsbek\u00e4mpfern zusammen, sagte Scheffler. Privathaushalte seien dagegen noch zur\u00fcckhaltender \u2013 mitunter auch aus Scham vor Nachbarn. &#8220;Da hei\u00dft es: K\u00f6nnen Sie vielleicht eine Stra\u00dfe weiter parken?&#8221; Anders sehe es bei einigen Anfragen im Sommer aus. &#8220;Bei Wespennestern ist ihnen das egal.&#8221;<\/p>\n<\/div>\n<\/div>\n<\/div>\n<\/div>\n<\/li>\n<li class=\"LiveUpdates-item Listing-item\">\n<div class=\"LiveUpdates-date\">\n<p class=\"HeaderNews-root HeaderNews-type_2 \">\n                31.12.2022 19:32 Uhr\n            <\/p>\n<\/div>\n<div class=\"LiveUpdate-root\">\n<div class=\"LiveUpdate-date\">\n<p class=\"HeaderNews-root HeaderNews-type_6 \">\n                19:32 Uhr\n            <\/p>\n<\/div>\n<div class=\"LiveUpdate-content\">\n<div class=\"LiveUpdate-text\">\n<div class=\"Text-root Text-type_5 ViewText-root\">\n<p><strong>Bundestagspr\u00e4sidentin fordert weitere Entlastung f\u00fcr Verbraucher<\/strong><\/p>\n<p>Bundestagspr\u00e4sidentin B\u00e4rbel Bas (SPD) hat infolge der hohen Energiepreise weitere Unterst\u00fctzungen f\u00fcr Menschen mit geringen Einkommen gefordert. Bas sagte der <em>Neuen Osnabr\u00fccker Zeitung<\/em>, dass Energie vorerst weiter teuer bleiben werde.<\/p>\n<p><em>&#8220;Ich sehe also einen zus\u00e4tzlichen Unterst\u00fctzungsbedarf f\u00fcr Haushalte mit sehr geringem Einkommen auf das Land zukommen.&#8221;<\/em><\/p>\n<p>Bas appellierte an die Bundesregierung, wenn zus\u00e4tzliche Pakete geschn\u00fcrt werden m\u00fcssten, m\u00fcsse die Hilfe gezielt und in ausreichendem Ma\u00dfe bei denen ankommen, die sie wirklich brauchten. Weiterhin sagte Bas, dass die Regierung es mittels Energiepreisbremsen und Entlastungen geschafft habe, den Menschen die gr\u00f6\u00dfte Unsicherheit zu nehmen. Der von vielen heraufbeschworene hei\u00dfe Herbst habe nicht stattgefunden. Dies sei ein &#8220;wichtiger Erfolg&#8221;.<\/p>\n<p>Sie kritisierte jedoch, dass es bei weiteren Hilfspaketen mehr Zeit f\u00fcr Beratungen im Bundestag geben m\u00fcsse. Im aktuellen Jahr habe der Bundestag nicht genug Zeit f\u00fcr Beratungen gehabt. Dies d\u00fcrfe so nicht weitergehen.&#8221;Den permanenten Krisenmodus halten die Parlamentarier nicht aus&#8221;, warnte Bas. Ohne ausreichende Debatte und ohne das Abw\u00e4gen von Argumenten der B\u00fcrger k\u00f6nnten Entscheidungen nicht nachvollzogen werden. Dies sei jedoch entscheidend, &#8220;auch um die Solidarit\u00e4t mit der Ukraine zu bewahren und um eine Akzeptanz f\u00fcr die Zeitenwende zu schaffen.&#8221;<\/p>\n<\/div>\n<\/div>\n<\/div>\n<\/div>\n<\/li>\n<li class=\"LiveUpdates-item Listing-item\">\n<div class=\"LiveUpdate-root\">\n<div class=\"LiveUpdate-date\">\n<p class=\"HeaderNews-root HeaderNews-type_6 \">\n                13:35 Uhr\n            <\/p>\n<\/div>\n<div class=\"LiveUpdate-content\">\n<div class=\"LiveUpdate-text\">\n<div class=\"Text-root Text-type_5 ViewText-root\">\n<p><strong>Kalte Wohnung? Spiegel\u00a0hilft mit Tipps aus dem Mittelalter<\/strong><\/p>\n<p>Die Zeitschrift <em>Der Spiegel<\/em> liefert ihren Lesern Krisentipps aus dem Mittelalter. Am Dienstag erschien auf dem Onlineportal des Magazins ein <a rel=\"nofollow noopener\" target=\"_blank\" href=\"https:\/\/www.spiegel.de\/psychologie\/annette-kehnel-uebers-energiesparen-was-wir-vom-mittelalter-lernen-koennen-a-bf571533-2ea2-4f11-9dea-e7b0313206a4\">Beitrag<\/a> mit dem Titel &#8220;Was wir vom Mittelalter lernen k\u00f6nnen&#8221;. Im Teaser des von der Mannheimer Historikerin Annette Kehnel verfassten Gastbeitrags hei\u00dft es:<\/p>\n<p>&#8220;K\u00fcrzer duschen, unterk\u00fchlt hausen, weniger Auto fahren? Unsere fernen Vorfahren k\u00f6nnen dar\u00fcber nur m\u00fcde l\u00e4cheln. Und trotzdem haben sie es sich auch gem\u00fctlich gemacht.&#8221;<\/p>\n<figure class=\"RTImage-root\">\n<div class=\"RTImage-image RTImage-original\"><picture class=\"Picture-root Picture-original\"><!--[if IE 9]><video style=\"display: none;\"><![endif]--><source media=\"(-webkit-min-device-pixel-ratio: 2) and (min-resolution: 120dpi)\" data-srcset=\" \nhttp:\/\/just-now.news\/de\/wp-content\/uploads\/sites\/3\/2023\/01\/63b031a948fbef19334608d5.png 850w,\n                http:\/\/just-now.news\/de\/wp-content\/uploads\/sites\/3\/2023\/01\/63b031a948fbef19334608d5.png 1960w,\n            \" ><source data-srcset=\" \nhttp:\/\/just-now.news\/de\/wp-content\/uploads\/sites\/3\/2023\/01\/63b031a948fbef19334608d5.png 460w,\n              http:\/\/just-now.news\/de\/wp-content\/uploads\/sites\/3\/2023\/01\/63b031a948fbef19334608d5.png 980w,\n            \" ><!--[if IE 9]><\/video><![endif]--><img decoding=\"async\" data- src=\"data:image\/png;base64,iVBORw0KGgoAAAANSUhEUgAAABAAAAAJCAQAAACRI2S5AAAAEElEQVR42mNkIAAYRxWAAQAG9gAKqv6+AwAAAABJRU5ErkJggg==\" class=\"Picture-root Picture-original lazyload\" data-src=\"http:\/\/just-now.news\/de\/wp-content\/uploads\/sites\/3\/2023\/01\/63b031a948fbef19334608d5.png\" alt=\"\"><\/source><\/source><\/picture><!-- noscript pattern --><noscript><img decoding=\"async\" src=\"http:\/\/just-now.news\/de\/wp-content\/uploads\/sites\/3\/2023\/01\/63b031a948fbef19334608d5.png\" alt=\"\"><\/noscript><\/div><figcaption class=\"RTImage-footer\"><span class=\"RTImage-caption\"><\/span><span class=\"RTImage-source\"><span class=\"RTImage-captionItem\">Screenshot: spiegel.de<\/span><\/span><\/figcaption><\/figure>\n<p>Als vorbildlich in Zeiten des Sparens stellt die Autorin unter anderem das Teilbeheizen von Wohnr\u00e4umen, den Gebrauch von W\u00e4rmepfannen und Schlafm\u00fctzen sowie den gemeinsamen Besuch von Badeh\u00e4usern dar. Ein Schl\u00fcsselsatz des Artikels:<\/p>\n<p>&#8220;Gemeinschaft ist also das Stichwort, nicht Raumtemperatur.&#8221;<\/p>\n<p>In den sozialen Medien sorgten die Ratschl\u00e4ge der Zeitschrift f\u00fcr Spott. Ein Twitternutzer schrieb:<\/p>\n<p>&#8220;Der Vorteil am Mittelalter war, dass es da keinen Spiegel gab.&#8221;<\/p>\n<\/p>\n<\/div>\n<\/div>\n<\/div>\n<\/div>\n<\/li>\n<li class=\"LiveUpdates-item Listing-item\">\n<div class=\"LiveUpdate-root\">\n<div class=\"LiveUpdate-date\">\n<p class=\"HeaderNews-root HeaderNews-type_6 \">\n                11:45 Uhr\n            <\/p>\n<\/div>\n<div class=\"LiveUpdate-content\">\n<div class=\"LiveUpdate-text\">\n<div class=\"Text-root Text-type_5 ViewText-root\">\n<p><strong>Bankenverband erwartet &#8220;moderate Rezession&#8221; in Deutschland<\/strong><\/p>\n<figure class=\"RTImage-root\">\n<div class=\"RTImage-image RTImage-original\"><picture class=\"Picture-root Picture-original\"><!--[if IE 9]><video style=\"display: none;\"><![endif]--><source media=\"(-webkit-min-device-pixel-ratio: 2) and (min-resolution: 120dpi)\" data-srcset=\" \nhttp:\/\/just-now.news\/de\/wp-content\/uploads\/sites\/3\/2023\/01\/63b01406b480cc31415f2ed6.jpg 850w,\n                http:\/\/just-now.news\/de\/wp-content\/uploads\/sites\/3\/2023\/01\/63b01406b480cc31415f2ed6.jpg 1960w,\n            \" ><source data-srcset=\" \nhttp:\/\/just-now.news\/de\/wp-content\/uploads\/sites\/3\/2023\/01\/63b01406b480cc31415f2ed6.jpg 460w,\n              http:\/\/just-now.news\/de\/wp-content\/uploads\/sites\/3\/2023\/01\/63b01406b480cc31415f2ed6.jpg 980w,\n            \" ><!--[if IE 9]><\/video><![endif]--><img decoding=\"async\" data- src=\"data:image\/png;base64,iVBORw0KGgoAAAANSUhEUgAAABAAAAAJCAQAAACRI2S5AAAAEElEQVR42mNkIAAYRxWAAQAG9gAKqv6+AwAAAABJRU5ErkJggg==\" class=\"Picture-root Picture-original lazyload\" data-src=\"http:\/\/just-now.news\/de\/wp-content\/uploads\/sites\/3\/2023\/01\/63b01406b480cc31415f2ed6.jpg\" alt=\"\"><\/source><\/source><\/picture><!-- noscript pattern --><noscript><img decoding=\"async\" src=\"http:\/\/just-now.news\/de\/wp-content\/uploads\/sites\/3\/2023\/01\/63b01406b480cc31415f2ed6.jpg\" alt=\"\"><\/noscript><\/div><figcaption class=\"RTImage-footer\"><span class=\"RTImage-caption\"><span class=\"RTImage-captionItem\">Symbolbild<\/span><\/span><span class=\"RTImage-source\"><span class=\"RTImage-captionItem\">Adam Gault \/ OJO Images<\/span><span class=\"RTImage-captionItem\"> \/ Gettyimages.ru<\/span><\/span><\/figcaption><\/figure>\n<p>Die deutsche Wirtschaft wird nach Einsch\u00e4tzung des Bankenverbands im Winterhalbjahr in eine &#8220;moderate Rezession&#8221; rutschen. &#8220;Insgesamt rechnen wir f\u00fcr 2023 mit einem R\u00fcckgang der gesamtwirtschaftlichen Leistung in Deutschland um bis zu ein Prozent&#8221;, sagte der Pr\u00e4sident des Bundesverbands deutscher Banken, Christian Sewing, den Zeitungen der Funke Mediengruppe (Samstag). Der Verband ist damit pessimistischer als etwa die &#8220;Wirtschaftsweisen&#8221; oder die Bundesregierung.<\/p>\n<p>&#8220;Alle Zeichen deuten darauf hin, dass wir im Winterhalbjahr eine moderate Rezession in Deutschland sehen werden&#8221;, sagte Sewing. Sie d\u00fcrfte aber nicht so stark ausfallen, wie noch vor einigen Wochen bef\u00fcrchtet \u2013 auch wegen staatlicher Unterst\u00fctzungsma\u00dfnahmen wie der Gaspreisbremse. Ab dem Fr\u00fchsommer sollte sich Sewing zufolge die wirtschaftliche Lage in Deutschland wieder stabilisieren.<\/p>\n<p>Nach \u00fcber 10 Prozent Inflation in den vergangenen Monaten werde sich der Anstieg der Verbraucherpreise wohl abschw\u00e4chen. &#8220;Es besteht berechtigte Hoffnung, dass die Inflationsrate in Deutschland wieder in den einstelligen Bereich zur\u00fcckkehrt&#8221;, sagte Sewing, der zugleich Chef der Deutschen Bank ist. Im Jahresdurchschnitt 2023 h\u00e4lt er eine Teuerungsrate von um die sieben Prozent f\u00fcr wahrscheinlich. Deutlich niedrigere Inflationsraten werde es wohl erst im Jahr 2024 geben. &#8220;Allerdings k\u00f6nnte die Rate dann, auch wegen des Auslaufens der Energiepreisbremsen, immer noch bei knapp vier Prozent liegen.&#8221;<\/p>\n<\/div>\n<\/div>\n<\/div>\n<\/div>\n<\/li>\n<li class=\"LiveUpdates-item Listing-item\">\n<div class=\"LiveUpdate-root\">\n<div class=\"LiveUpdate-date\">\n<p class=\"HeaderNews-root HeaderNews-type_6 \">\n                11:00 Uhr\n            <\/p>\n<\/div>\n<div class=\"LiveUpdate-content\">\n<div class=\"LiveUpdate-text\">\n<div class=\"Text-root Text-type_5 ViewText-root\">\n<p><strong>Schafft die Unabh\u00e4ngigkeit vom russischen \u00d6l eine deutsche Abh\u00e4ngigkeit von Polen?<\/strong><\/p>\n<div class=\"EmbedBlock-root EmbedBlock-externalVideo EmbedBlock-odysee\">\n<div class=\"VkEmbed\"><iframe class=\"lazyload\" data-src=\"https:\/\/odysee.com\/%24\/embed\/%40RTDE%3Ae%2Funabh%C3%A4ngigkeit-vom-russischen-%C3%B6l%3Af\" frameborder=\"0\" width=\"853\" height=\"480\" allowfullscreen><\/iframe><\/div>\n<\/div>\n<p>Die Bundesregierung ist entschlossen, sich ab 2023 vom russischen \u00d6l zu verabschieden. In der Zwischenzeit k\u00f6nnte der Ausstieg aus dem russischen \u00d6l Deutschland in eine andere Abh\u00e4ngigkeit bringen \u2013 n\u00e4mlich von Polen. Neben dem \u00d6l aus Polen k\u00f6nnten Versorgungsengp\u00e4sse auch durch \u00d6llieferungen aus Kasachstan ausgeglichen werden.<\/p>\n<\/div>\n<\/div>\n<\/div>\n<\/div>\n<\/li>\n<li class=\"LiveUpdates-item Listing-item\">\n<div class=\"LiveUpdates-date\">\n<p class=\"HeaderNews-root HeaderNews-type_2 \">\n                30.12.2022 21:57 Uhr\n            <\/p>\n<\/div>\n<div class=\"LiveUpdate-root\">\n<div class=\"LiveUpdate-date\">\n<p class=\"HeaderNews-root HeaderNews-type_6 \">\n                21:57 Uhr\n            <\/p>\n<\/div>\n<div class=\"LiveUpdate-content\">\n<div class=\"LiveUpdate-text\">\n<div class=\"Text-root Text-type_5 ViewText-root\">\n<p><strong>US-Energiekonzern Exxon verklagt die EU<\/strong><\/p>\n<p>Der US-amerikanische Energiekonzern Exxon hat Klage gegen die Europ\u00e4ische Union eingereicht, um die \u00dcbergewinnsteuer zu blockieren. Nach Einsch\u00e4tzung des Konzerns hat die EU ihre Befugnisse \u00fcberschritten. Wie das Unternehmen bekannt gab, sei die Steuer kontraproduktiv, mache Investitionen unattraktiv und untergrabe das Vertrauen der Investoren. Man werde dies in \u00dcberlegungen zu k\u00fcnftigen\u00a0Milliardeninvestitionen in die Energieversorgung der EU\u00a0einbeziehen. Die Finanzchefin des Unternehmens bef\u00fcrchtet eine Senkung des Gewinns\u00a0um zwei Milliarden Euro. Das Unternehmen gab Ende Oktober f\u00fcr das dritte Quartal einen Nettogewinn von knapp 20 Milliarden Dollar\u00a0bekannt.<\/p>\n<p>Die EU-Kommission will jedoch weiterhin an der Steuer festhalten. &#8220;Es ist nun Sache des Gerichts, \u00fcber diesen Fall zu entscheiden. Die Kommission h\u00e4lt daran fest, dass die fraglichen Ma\u00dfnahmen vollst\u00e4ndig mit dem EU-Recht vereinbar sind&#8221;, erkl\u00e4rte Kommissionssprecherin Arianna Podesta am\u00a0Donnerstag.<\/p>\n<\/div>\n<\/div>\n<\/div>\n<\/div>\n<\/li>\n<\/ul>\n<div class=\"Listing-isReact\" data-rtmodule=\"Listing\" onload=\"return {\n                page: '1',\n                limit: '10',\n                listing: '\/listing\/parent.6337e74248fbef5b3c62f1db\/noprepare\/liveupdates\/10\/1',\n            };\"><\/div>\n<\/div>\n<\/div>\n<\/div>\n<p><br \/>\n<br \/><a href=\"https:\/\/de.rt.com\/wirtschaft\/150363-krisen-und-insolvenzticker-prognosen-fuer\/\">Source link <\/a><\/p>\n","protected":false},"excerpt":{"rendered":"<p>Die deutsche Wirtschaft rutscht immer tiefer in die Krise. Unter dem Druck dramatisch steigender Energiekosten und anderer ung\u00fcnstiger Rahmenbedingungen sind allein in diesem Jahr tausende Unternehmen insolvent gegangen. Wir fassen in diesem Ticker die wichtigsten Entwicklungen und Neuigkeiten zusammen. 2.01.2023 17:34 Uhr 17:34 Uhr Prognosen f\u00fcr 2023: Immobilienpreise sinken, Wohnungsmieten steigen Wohnungsbau bei M\u00fcnchen (Symbolbild)IMAGO\/Frank [&hellip;]<\/p>\n","protected":false},"author":3,"featured_media":26835,"comment_status":"open","ping_status":"open","sticky":false,"template":"","format":"standard","meta":{"_yoast_indexnow_last_ping":["1672678798"],"wp_automatic_camp":["217"],"c902a449a49b3fb44ad9820ff12c4454":["Krisen- und Insolvenzticker \u2013 Prognosen f\u00fcr 2023: Immobilienpreise sinken, Wohnungsmieten steigen"],"original_link":["https:\/\/de.rt.com\/wirtschaft\/150363-krisen-und-insolvenzticker-prognosen-fuer\/"],"_thumbnail_id":["26835"],"_wptgpro_p2tg_sent2tg":["a:1:{i:23737;s:19:\"2023-01-02 19:00:59\";}"],"jnews_social_counter_last_update":["1776644968"]},"categories":[19,23],"tags":[221,38445,33683,2667,9955,25268,1472,140,38446],"yoast_head":"<!-- This site is optimized with the Yoast SEO Premium plugin v22.7 (Yoast SEO v22.7) - https:\/\/yoast.com\/wordpress\/plugins\/seo\/ -->\n<title>Krisen- und Insolvenzticker \u2013 Prognosen f\u00fcr 2023: Immobilienpreise sinken, Wohnungsmieten steigen - just-now.NEWS Deutschland<\/title>\n<meta name=\"robots\" content=\"index, follow, max-snippet:-1, max-image-preview:large, max-video-preview:-1\" \/>\n<link rel=\"canonical\" href=\"https:\/\/now-news.de\/de\/deutschland\/krisen-und-insolvenzticker-prognosen-fuer-2023-immobilienpreise-sinken-wohnungsmieten-steigen\/\" \/>\n<meta property=\"og:locale\" content=\"de_DE\" \/>\n<meta property=\"og:type\" content=\"article\" \/>\n<meta property=\"og:title\" content=\"Krisen- und Insolvenzticker \u2013 Prognosen f\u00fcr 2023: Immobilienpreise sinken, Wohnungsmieten steigen\" \/>\n<meta property=\"og:description\" content=\"Die deutsche Wirtschaft rutscht immer tiefer in die Krise. Unter dem Druck dramatisch steigender Energiekosten und anderer ung\u00fcnstiger Rahmenbedingungen sind allein in diesem Jahr tausende Unternehmen insolvent gegangen. Wir fassen in diesem Ticker die wichtigsten Entwicklungen und Neuigkeiten zusammen. 2.01.2023 17:34 Uhr 17:34 Uhr Prognosen f\u00fcr 2023: Immobilienpreise sinken, Wohnungsmieten steigen Wohnungsbau bei M\u00fcnchen (Symbolbild)IMAGO\/Frank [&hellip;]\" \/>\n<meta property=\"og:url\" content=\"https:\/\/now-news.de\/de\/deutschland\/krisen-und-insolvenzticker-prognosen-fuer-2023-immobilienpreise-sinken-wohnungsmieten-steigen\/\" \/>\n<meta property=\"og:site_name\" content=\"just-now.NEWS Deutschland\" \/>\n<meta property=\"article:publisher\" content=\"https:\/\/www.facebook.com\/wirmachenauf\" \/>\n<meta property=\"article:published_time\" content=\"2023-01-02T16:00:00+00:00\" \/>\n<meta property=\"og:image\" content=\"https:\/\/now-news.de\/de\/wp-content\/uploads\/sites\/3\/2023\/01\/Krisen-und-Insolvenzticker-\u2013-Prognosen-fuer-2023-Immobilienpreise-sinken-Wohnungsmieten.jpeg\" \/>\n\t<meta property=\"og:image:width\" content=\"1620\" \/>\n\t<meta property=\"og:image:height\" content=\"1080\" \/>\n\t<meta property=\"og:image:type\" content=\"image\/jpeg\" \/>\n<meta name=\"author\" content=\"rtnews\" \/>\n<meta name=\"twitter:card\" content=\"summary_large_image\" \/>\n<meta name=\"twitter:creator\" content=\"@WirMachenAuf_de\" \/>\n<meta name=\"twitter:site\" content=\"@WirMachenAuf_de\" \/>\n<meta name=\"twitter:label1\" content=\"Verfasst von\" \/>\n\t<meta name=\"twitter:data1\" content=\"rtnews\" \/>\n\t<meta name=\"twitter:label2\" content=\"Gesch\u00e4tzte Lesezeit\" \/>\n\t<meta name=\"twitter:data2\" content=\"10\u00a0Minuten\" \/>\n<script type=\"application\/ld+json\" class=\"yoast-schema-graph\">{\"@context\":\"https:\/\/schema.org\",\"@graph\":[{\"@type\":\"Article\",\"@id\":\"https:\/\/now-news.de\/de\/deutschland\/krisen-und-insolvenzticker-prognosen-fuer-2023-immobilienpreise-sinken-wohnungsmieten-steigen\/#article\",\"isPartOf\":{\"@id\":\"https:\/\/now-news.de\/de\/deutschland\/krisen-und-insolvenzticker-prognosen-fuer-2023-immobilienpreise-sinken-wohnungsmieten-steigen\/\"},\"author\":{\"name\":\"rtnews\",\"@id\":\"https:\/\/now-news.de\/de\/#\/schema\/person\/fb534a4e865501d8b3285208df34a9b5\"},\"headline\":\"Krisen- und Insolvenzticker \u2013 Prognosen f\u00fcr 2023: Immobilienpreise sinken, Wohnungsmieten steigen\",\"datePublished\":\"2023-01-02T16:00:00+00:00\",\"dateModified\":\"2023-01-02T16:00:00+00:00\",\"mainEntityOfPage\":{\"@id\":\"https:\/\/now-news.de\/de\/deutschland\/krisen-und-insolvenzticker-prognosen-fuer-2023-immobilienpreise-sinken-wohnungsmieten-steigen\/\"},\"wordCount\":2098,\"commentCount\":0,\"publisher\":{\"@id\":\"https:\/\/now-news.de\/de\/#organization\"},\"image\":{\"@id\":\"https:\/\/now-news.de\/de\/deutschland\/krisen-und-insolvenzticker-prognosen-fuer-2023-immobilienpreise-sinken-wohnungsmieten-steigen\/#primaryimage\"},\"thumbnailUrl\":\"https:\/\/now-news.de\/de\/wp-content\/uploads\/sites\/3\/2023\/01\/Krisen-und-Insolvenzticker-\u2013-Prognosen-fuer-2023-Immobilienpreise-sinken-Wohnungsmieten.jpeg\",\"keywords\":[\"f\u00fcr\",\"Immobilienpreise\",\"Insolvenzticker\",\"Krisen\",\"Prognosen\",\"sinken\",\"steigen\",\"und\",\"Wohnungsmieten\"],\"articleSection\":[\"Deutschland\",\"Russland\"],\"inLanguage\":\"de\",\"potentialAction\":[{\"@type\":\"CommentAction\",\"name\":\"Comment\",\"target\":[\"https:\/\/now-news.de\/de\/deutschland\/krisen-und-insolvenzticker-prognosen-fuer-2023-immobilienpreise-sinken-wohnungsmieten-steigen\/#respond\"]}]},{\"@type\":\"WebPage\",\"@id\":\"https:\/\/now-news.de\/de\/deutschland\/krisen-und-insolvenzticker-prognosen-fuer-2023-immobilienpreise-sinken-wohnungsmieten-steigen\/\",\"url\":\"https:\/\/now-news.de\/de\/deutschland\/krisen-und-insolvenzticker-prognosen-fuer-2023-immobilienpreise-sinken-wohnungsmieten-steigen\/\",\"name\":\"Krisen- und Insolvenzticker \u2013 Prognosen f\u00fcr 2023: Immobilienpreise sinken, Wohnungsmieten steigen - just-now.NEWS Deutschland\",\"isPartOf\":{\"@id\":\"https:\/\/now-news.de\/de\/#website\"},\"primaryImageOfPage\":{\"@id\":\"https:\/\/now-news.de\/de\/deutschland\/krisen-und-insolvenzticker-prognosen-fuer-2023-immobilienpreise-sinken-wohnungsmieten-steigen\/#primaryimage\"},\"image\":{\"@id\":\"https:\/\/now-news.de\/de\/deutschland\/krisen-und-insolvenzticker-prognosen-fuer-2023-immobilienpreise-sinken-wohnungsmieten-steigen\/#primaryimage\"},\"thumbnailUrl\":\"https:\/\/now-news.de\/de\/wp-content\/uploads\/sites\/3\/2023\/01\/Krisen-und-Insolvenzticker-\u2013-Prognosen-fuer-2023-Immobilienpreise-sinken-Wohnungsmieten.jpeg\",\"datePublished\":\"2023-01-02T16:00:00+00:00\",\"dateModified\":\"2023-01-02T16:00:00+00:00\",\"breadcrumb\":{\"@id\":\"https:\/\/now-news.de\/de\/deutschland\/krisen-und-insolvenzticker-prognosen-fuer-2023-immobilienpreise-sinken-wohnungsmieten-steigen\/#breadcrumb\"},\"inLanguage\":\"de\",\"potentialAction\":[{\"@type\":\"ReadAction\",\"target\":[\"https:\/\/now-news.de\/de\/deutschland\/krisen-und-insolvenzticker-prognosen-fuer-2023-immobilienpreise-sinken-wohnungsmieten-steigen\/\"]}]},{\"@type\":\"ImageObject\",\"inLanguage\":\"de\",\"@id\":\"https:\/\/now-news.de\/de\/deutschland\/krisen-und-insolvenzticker-prognosen-fuer-2023-immobilienpreise-sinken-wohnungsmieten-steigen\/#primaryimage\",\"url\":\"https:\/\/now-news.de\/de\/wp-content\/uploads\/sites\/3\/2023\/01\/Krisen-und-Insolvenzticker-\u2013-Prognosen-fuer-2023-Immobilienpreise-sinken-Wohnungsmieten.jpeg\",\"contentUrl\":\"https:\/\/now-news.de\/de\/wp-content\/uploads\/sites\/3\/2023\/01\/Krisen-und-Insolvenzticker-\u2013-Prognosen-fuer-2023-Immobilienpreise-sinken-Wohnungsmieten.jpeg\",\"width\":1620,\"height\":1080,\"caption\":\"Krisen- und Insolvenzticker \u2013 Prognosen f\u00fcr 2023: Immobilienpreise sinken, Wohnungsmieten steigen\"},{\"@type\":\"BreadcrumbList\",\"@id\":\"https:\/\/now-news.de\/de\/deutschland\/krisen-und-insolvenzticker-prognosen-fuer-2023-immobilienpreise-sinken-wohnungsmieten-steigen\/#breadcrumb\",\"itemListElement\":[{\"@type\":\"ListItem\",\"position\":1,\"name\":\"Home\",\"item\":\"https:\/\/now-news.de\/de\/\"},{\"@type\":\"ListItem\",\"position\":2,\"name\":\"Krisen- und Insolvenzticker \u2013 Prognosen f\u00fcr 2023: Immobilienpreise sinken, Wohnungsmieten steigen\"}]},{\"@type\":\"WebSite\",\"@id\":\"https:\/\/now-news.de\/de\/#website\",\"url\":\"https:\/\/now-news.de\/de\/\",\"name\":\"just-now.NEWS Deutschland\",\"description\":\"Das Portal f\u00fcr unzensierte Nachrichten aus der Welt\",\"publisher\":{\"@id\":\"https:\/\/now-news.de\/de\/#organization\"},\"potentialAction\":[{\"@type\":\"SearchAction\",\"target\":{\"@type\":\"EntryPoint\",\"urlTemplate\":\"https:\/\/now-news.de\/de\/?s={search_term_string}\"},\"query-input\":\"required name=search_term_string\"}],\"inLanguage\":\"de\"},{\"@type\":\"Organization\",\"@id\":\"https:\/\/now-news.de\/de\/#organization\",\"name\":\"Just Now News\",\"url\":\"https:\/\/now-news.de\/de\/\",\"logo\":{\"@type\":\"ImageObject\",\"inLanguage\":\"de\",\"@id\":\"https:\/\/now-news.de\/de\/#\/schema\/logo\/image\/\",\"url\":\"http:\/\/just-now.news\/de\/wp-content\/uploads\/sites\/3\/2022\/04\/logo500x500.jpg\",\"contentUrl\":\"http:\/\/just-now.news\/de\/wp-content\/uploads\/sites\/3\/2022\/04\/logo500x500.jpg\",\"width\":500,\"height\":500,\"caption\":\"Just Now News\"},\"image\":{\"@id\":\"https:\/\/now-news.de\/de\/#\/schema\/logo\/image\/\"},\"sameAs\":[\"https:\/\/www.facebook.com\/wirmachenauf\",\"https:\/\/x.com\/WirMachenAuf_de\"]},{\"@type\":\"Person\",\"@id\":\"https:\/\/now-news.de\/de\/#\/schema\/person\/fb534a4e865501d8b3285208df34a9b5\",\"name\":\"rtnews\",\"image\":{\"@type\":\"ImageObject\",\"inLanguage\":\"de\",\"@id\":\"https:\/\/now-news.de\/de\/#\/schema\/person\/image\/\",\"url\":\"https:\/\/secure.gravatar.com\/avatar\/82aafea7d8127119dd649515f56e2117?s=96&d=mm&r=g\",\"contentUrl\":\"https:\/\/secure.gravatar.com\/avatar\/82aafea7d8127119dd649515f56e2117?s=96&d=mm&r=g\",\"caption\":\"rtnews\"},\"url\":\"https:\/\/now-news.de\/de\/author\/rnews\/\"}]}<\/script>\n<!-- \/ Yoast SEO Premium plugin. -->","yoast_head_json":{"title":"Krisen- und Insolvenzticker \u2013 Prognosen f\u00fcr 2023: Immobilienpreise sinken, Wohnungsmieten steigen - just-now.NEWS Deutschland","robots":{"index":"index","follow":"follow","max-snippet":"max-snippet:-1","max-image-preview":"max-image-preview:large","max-video-preview":"max-video-preview:-1"},"canonical":"https:\/\/now-news.de\/de\/deutschland\/krisen-und-insolvenzticker-prognosen-fuer-2023-immobilienpreise-sinken-wohnungsmieten-steigen\/","og_locale":"de_DE","og_type":"article","og_title":"Krisen- und Insolvenzticker \u2013 Prognosen f\u00fcr 2023: Immobilienpreise sinken, Wohnungsmieten steigen","og_description":"Die deutsche Wirtschaft rutscht immer tiefer in die Krise. Unter dem Druck dramatisch steigender Energiekosten und anderer ung\u00fcnstiger Rahmenbedingungen sind allein in diesem Jahr tausende Unternehmen insolvent gegangen. Wir fassen in diesem Ticker die wichtigsten Entwicklungen und Neuigkeiten zusammen. 2.01.2023 17:34 Uhr 17:34 Uhr Prognosen f\u00fcr 2023: Immobilienpreise sinken, Wohnungsmieten steigen Wohnungsbau bei M\u00fcnchen (Symbolbild)IMAGO\/Frank [&hellip;]","og_url":"https:\/\/now-news.de\/de\/deutschland\/krisen-und-insolvenzticker-prognosen-fuer-2023-immobilienpreise-sinken-wohnungsmieten-steigen\/","og_site_name":"just-now.NEWS Deutschland","article_publisher":"https:\/\/www.facebook.com\/wirmachenauf","article_published_time":"2023-01-02T16:00:00+00:00","og_image":[{"width":1620,"height":1080,"url":"https:\/\/now-news.de\/de\/wp-content\/uploads\/sites\/3\/2023\/01\/Krisen-und-Insolvenzticker-\u2013-Prognosen-fuer-2023-Immobilienpreise-sinken-Wohnungsmieten.jpeg","type":"image\/jpeg"}],"author":"rtnews","twitter_card":"summary_large_image","twitter_creator":"@WirMachenAuf_de","twitter_site":"@WirMachenAuf_de","twitter_misc":{"Verfasst von":"rtnews","Gesch\u00e4tzte Lesezeit":"10\u00a0Minuten"},"schema":{"@context":"https:\/\/schema.org","@graph":[{"@type":"Article","@id":"https:\/\/now-news.de\/de\/deutschland\/krisen-und-insolvenzticker-prognosen-fuer-2023-immobilienpreise-sinken-wohnungsmieten-steigen\/#article","isPartOf":{"@id":"https:\/\/now-news.de\/de\/deutschland\/krisen-und-insolvenzticker-prognosen-fuer-2023-immobilienpreise-sinken-wohnungsmieten-steigen\/"},"author":{"name":"rtnews","@id":"https:\/\/now-news.de\/de\/#\/schema\/person\/fb534a4e865501d8b3285208df34a9b5"},"headline":"Krisen- und Insolvenzticker \u2013 Prognosen f\u00fcr 2023: Immobilienpreise sinken, Wohnungsmieten steigen","datePublished":"2023-01-02T16:00:00+00:00","dateModified":"2023-01-02T16:00:00+00:00","mainEntityOfPage":{"@id":"https:\/\/now-news.de\/de\/deutschland\/krisen-und-insolvenzticker-prognosen-fuer-2023-immobilienpreise-sinken-wohnungsmieten-steigen\/"},"wordCount":2098,"commentCount":0,"publisher":{"@id":"https:\/\/now-news.de\/de\/#organization"},"image":{"@id":"https:\/\/now-news.de\/de\/deutschland\/krisen-und-insolvenzticker-prognosen-fuer-2023-immobilienpreise-sinken-wohnungsmieten-steigen\/#primaryimage"},"thumbnailUrl":"https:\/\/now-news.de\/de\/wp-content\/uploads\/sites\/3\/2023\/01\/Krisen-und-Insolvenzticker-\u2013-Prognosen-fuer-2023-Immobilienpreise-sinken-Wohnungsmieten.jpeg","keywords":["f\u00fcr","Immobilienpreise","Insolvenzticker","Krisen","Prognosen","sinken","steigen","und","Wohnungsmieten"],"articleSection":["Deutschland","Russland"],"inLanguage":"de","potentialAction":[{"@type":"CommentAction","name":"Comment","target":["https:\/\/now-news.de\/de\/deutschland\/krisen-und-insolvenzticker-prognosen-fuer-2023-immobilienpreise-sinken-wohnungsmieten-steigen\/#respond"]}]},{"@type":"WebPage","@id":"https:\/\/now-news.de\/de\/deutschland\/krisen-und-insolvenzticker-prognosen-fuer-2023-immobilienpreise-sinken-wohnungsmieten-steigen\/","url":"https:\/\/now-news.de\/de\/deutschland\/krisen-und-insolvenzticker-prognosen-fuer-2023-immobilienpreise-sinken-wohnungsmieten-steigen\/","name":"Krisen- und Insolvenzticker \u2013 Prognosen f\u00fcr 2023: Immobilienpreise sinken, Wohnungsmieten steigen - just-now.NEWS Deutschland","isPartOf":{"@id":"https:\/\/now-news.de\/de\/#website"},"primaryImageOfPage":{"@id":"https:\/\/now-news.de\/de\/deutschland\/krisen-und-insolvenzticker-prognosen-fuer-2023-immobilienpreise-sinken-wohnungsmieten-steigen\/#primaryimage"},"image":{"@id":"https:\/\/now-news.de\/de\/deutschland\/krisen-und-insolvenzticker-prognosen-fuer-2023-immobilienpreise-sinken-wohnungsmieten-steigen\/#primaryimage"},"thumbnailUrl":"https:\/\/now-news.de\/de\/wp-content\/uploads\/sites\/3\/2023\/01\/Krisen-und-Insolvenzticker-\u2013-Prognosen-fuer-2023-Immobilienpreise-sinken-Wohnungsmieten.jpeg","datePublished":"2023-01-02T16:00:00+00:00","dateModified":"2023-01-02T16:00:00+00:00","breadcrumb":{"@id":"https:\/\/now-news.de\/de\/deutschland\/krisen-und-insolvenzticker-prognosen-fuer-2023-immobilienpreise-sinken-wohnungsmieten-steigen\/#breadcrumb"},"inLanguage":"de","potentialAction":[{"@type":"ReadAction","target":["https:\/\/now-news.de\/de\/deutschland\/krisen-und-insolvenzticker-prognosen-fuer-2023-immobilienpreise-sinken-wohnungsmieten-steigen\/"]}]},{"@type":"ImageObject","inLanguage":"de","@id":"https:\/\/now-news.de\/de\/deutschland\/krisen-und-insolvenzticker-prognosen-fuer-2023-immobilienpreise-sinken-wohnungsmieten-steigen\/#primaryimage","url":"https:\/\/now-news.de\/de\/wp-content\/uploads\/sites\/3\/2023\/01\/Krisen-und-Insolvenzticker-\u2013-Prognosen-fuer-2023-Immobilienpreise-sinken-Wohnungsmieten.jpeg","contentUrl":"https:\/\/now-news.de\/de\/wp-content\/uploads\/sites\/3\/2023\/01\/Krisen-und-Insolvenzticker-\u2013-Prognosen-fuer-2023-Immobilienpreise-sinken-Wohnungsmieten.jpeg","width":1620,"height":1080,"caption":"Krisen- und Insolvenzticker \u2013 Prognosen f\u00fcr 2023: Immobilienpreise sinken, Wohnungsmieten steigen"},{"@type":"BreadcrumbList","@id":"https:\/\/now-news.de\/de\/deutschland\/krisen-und-insolvenzticker-prognosen-fuer-2023-immobilienpreise-sinken-wohnungsmieten-steigen\/#breadcrumb","itemListElement":[{"@type":"ListItem","position":1,"name":"Home","item":"https:\/\/now-news.de\/de\/"},{"@type":"ListItem","position":2,"name":"Krisen- und Insolvenzticker \u2013 Prognosen f\u00fcr 2023: Immobilienpreise sinken, Wohnungsmieten steigen"}]},{"@type":"WebSite","@id":"https:\/\/now-news.de\/de\/#website","url":"https:\/\/now-news.de\/de\/","name":"just-now.NEWS Deutschland","description":"Das Portal f\u00fcr unzensierte Nachrichten aus der Welt","publisher":{"@id":"https:\/\/now-news.de\/de\/#organization"},"potentialAction":[{"@type":"SearchAction","target":{"@type":"EntryPoint","urlTemplate":"https:\/\/now-news.de\/de\/?s={search_term_string}"},"query-input":"required name=search_term_string"}],"inLanguage":"de"},{"@type":"Organization","@id":"https:\/\/now-news.de\/de\/#organization","name":"Just Now News","url":"https:\/\/now-news.de\/de\/","logo":{"@type":"ImageObject","inLanguage":"de","@id":"https:\/\/now-news.de\/de\/#\/schema\/logo\/image\/","url":"http:\/\/just-now.news\/de\/wp-content\/uploads\/sites\/3\/2022\/04\/logo500x500.jpg","contentUrl":"http:\/\/just-now.news\/de\/wp-content\/uploads\/sites\/3\/2022\/04\/logo500x500.jpg","width":500,"height":500,"caption":"Just Now News"},"image":{"@id":"https:\/\/now-news.de\/de\/#\/schema\/logo\/image\/"},"sameAs":["https:\/\/www.facebook.com\/wirmachenauf","https:\/\/x.com\/WirMachenAuf_de"]},{"@type":"Person","@id":"https:\/\/now-news.de\/de\/#\/schema\/person\/fb534a4e865501d8b3285208df34a9b5","name":"rtnews","image":{"@type":"ImageObject","inLanguage":"de","@id":"https:\/\/now-news.de\/de\/#\/schema\/person\/image\/","url":"https:\/\/secure.gravatar.com\/avatar\/82aafea7d8127119dd649515f56e2117?s=96&d=mm&r=g","contentUrl":"https:\/\/secure.gravatar.com\/avatar\/82aafea7d8127119dd649515f56e2117?s=96&d=mm&r=g","caption":"rtnews"},"url":"https:\/\/now-news.de\/de\/author\/rnews\/"}]}},"_links":{"self":[{"href":"https:\/\/now-news.de\/de\/wp-json\/wp\/v2\/posts\/26834"}],"collection":[{"href":"https:\/\/now-news.de\/de\/wp-json\/wp\/v2\/posts"}],"about":[{"href":"https:\/\/now-news.de\/de\/wp-json\/wp\/v2\/types\/post"}],"author":[{"embeddable":true,"href":"https:\/\/now-news.de\/de\/wp-json\/wp\/v2\/users\/3"}],"replies":[{"embeddable":true,"href":"https:\/\/now-news.de\/de\/wp-json\/wp\/v2\/comments?post=26834"}],"version-history":[{"count":0,"href":"https:\/\/now-news.de\/de\/wp-json\/wp\/v2\/posts\/26834\/revisions"}],"wp:featuredmedia":[{"embeddable":true,"href":"https:\/\/now-news.de\/de\/wp-json\/wp\/v2\/media\/26835"}],"wp:attachment":[{"href":"https:\/\/now-news.de\/de\/wp-json\/wp\/v2\/media?parent=26834"}],"wp:term":[{"taxonomy":"category","embeddable":true,"href":"https:\/\/now-news.de\/de\/wp-json\/wp\/v2\/categories?post=26834"},{"taxonomy":"post_tag","embeddable":true,"href":"https:\/\/now-news.de\/de\/wp-json\/wp\/v2\/tags?post=26834"}],"curies":[{"name":"wp","href":"https:\/\/api.w.org\/{rel}","templated":true}]}}