{"id":26706,"date":"2022-12-31T16:33:49","date_gmt":"2022-12-31T14:33:49","guid":{"rendered":"https:\/\/just-now.news\/de\/deutschland\/der-depressive-westen-darf-es-wenigstens-an-silvester-wieder-krachen-lassen\/"},"modified":"2022-12-31T16:33:49","modified_gmt":"2022-12-31T14:33:49","slug":"der-depressive-westen-darf-es-wenigstens-an-silvester-wieder-krachen-lassen","status":"publish","type":"post","link":"https:\/\/now-news.de\/de\/deutschland\/der-depressive-westen-darf-es-wenigstens-an-silvester-wieder-krachen-lassen\/","title":{"rendered":"Der depressive Westen darf es wenigstens an Silvester wieder krachen lassen"},"content":{"rendered":"<p><img decoding=\"async\" src=\"http:\/\/just-now.news\/de\/wp-content\/uploads\/sites\/3\/2022\/12\/63a9c1ccb480cc1c9c11a574.jpg\" \/><\/p>\n<div class=\"Text-root Text-type_1 \">\n                Jedes Jahr, wenn es auf Neujahr zugeht, besch\u00e4ftigt man sich damit, was vom kommenden Jahr oder, allgemeiner, der Zukunft erwartet wird. Nicht nur geopolitisch ist die Welt gespalten \u2013 auch Stimmung und Erwartungen unterscheiden sich gewaltig.\n            <\/div>\n<p><\/p>\n<div class=\"Text-root Text-type_5 ArticleView-text ViewText-root \">\n<p><em>Von Dagmar Henn<\/em><\/p>\n<p>Immerhin darf das neue Jahr diesmal wieder mit Feuerwerk begr\u00fc\u00dft werden. Eine Sitte \u00fcbrigens, die mit der Erfindung des Schwarzpulvers aus China nach Europa kam; aber die Gewohnheit, durch L\u00e4rm b\u00f6se Geister zu verjagen und damit die Zukunft g\u00fcnstiger zu gestalten, gab es schon davor.<\/p>\n<p>Dieses Jahr fragt man sich, ob der L\u00e4rm gen\u00fcgt. Wenn es nur die Inflation w\u00e4re \u2013 die H\u00e4lfte der Deutschen <a rel=\"nofollow noopener\" target=\"_blank\" href=\"https:\/\/www.rnd.de\/wirtschaft\/inflation-2023-mehr-der-deutschen-erwartet-hoehere-energie-und-lebensmittelpreise-OAIHLVSNTE6O7TJO67L5PJXYKM.html\">erwartet<\/a>, dass\u00a0sie im kommenden Jahr weiter steigt. Zwei Drittel sind <a rel=\"nofollow noopener\" target=\"_blank\" href=\"https:\/\/www.stiftungfuerzukunftsfragen.de\/klimawandel-krieg-und-pandemie-bevoelkerung-gespalten\/?_gl=1*544396*_ga*MTI2OTI3NzI2Ni4xNjcyMDYxMTgz*_up*MQ..\">gestresst<\/a> von der unsicheren Zukunft, und sogar unter den J\u00fcngeren im Alter bis 34 w\u00fcrde eine Mehrheit von 56 Prozent <a rel=\"nofollow noopener\" target=\"_blank\" href=\"https:\/\/www.zdf.de\/nachrichten\/panorama\/jugend-vergangenheit-zukunft-umfrage-100.html\">lieber<\/a> in der Vergangenheit leben.<\/p>\n<p>Was nicht wirklich verwundert, bei schlechter Beheizung und beginnender Rezession. Aber schon davor war die Stimmung nicht wirklich gut, und es sind noch ganz andere Sorgen, die den Einheimischen die Laune <a rel=\"nofollow noopener\" target=\"_blank\" href=\"https:\/\/www.tagesspiegel.de\/gesellschaft\/panorama\/die-deutschen-sind-immer-mehr-im-krisenmodus-8151046.html\">vermiesen<\/a>: 87 Prozent macht die wachsende Kluft zwischen Arm und Reich Angst, 83 Prozent f\u00fcrchten, keine bezahlbare Wohnung zu finden; im Alter wird die Einsamkeit inzwischen von 80 Prozent als ebenso bedrohlich gesehen wie Armut, und mehr Aggression und Gewaltbereitschaft in der Gesellschaft f\u00fcrchten 79 Prozent. Es sind sich also mindestens 4 von f\u00fcnf Deutschen einig, dass die Lage mies ist und noch mieser werden d\u00fcrfte. Wobei sich diese Zahl sicher nicht ganz zuf\u00e4llig damit deckt, dass seit l\u00e4ngerer Zeit Wohlstandsgewinne nur an das obere F\u00fcnftel der Gesellschaft gehen.<\/p>\n<p>Vielleicht wurden ja deshalb die Feuerwerksverbote im vergangenen Jahr mit solchem Gleichmut hingenommen. Ob das neue Jahr gefeiert oder eher verdr\u00e4ngt wird, hat sehr viel mit Zuversicht zu tun, und zwischen Untergangspredigten und real selbstzerst\u00f6rerischer Politik scheint davon nicht viel \u00fcbrig. Und welche junge Frau wollte heute noch die Sitte pflegen, eine Apfelschale \u00fcber die Schulter zu werfen, um daraus dann den Anfangsbuchstaben des Namens des k\u00fcnftigen Liebsten zu erkennen, wenn sie mindestens noch eine weitere Apfelschale f\u00fcr das Geschlecht br\u00e4uchte?<\/p>\n<p>Nun, nicht \u00fcberall ist die Sicht so d\u00fcster. In Russland <a rel=\"nofollow noopener\" target=\"_blank\" href=\"https:\/\/incrussia.ru\/news\/uroven-optimizma-rossiyan\/\">antworteten<\/a> j\u00fcngst auf die Frage, ob die Gesellschaft die meisten Probleme l\u00f6sen k\u00f6nne, 58 Prozent mit &#8220;ja&#8221;. Auch wird sowohl f\u00fcr die eigene Generation als auch f\u00fcr die kommende ein besseres Leben erwartet, und die Zahl derer mit einer positiven Sicht auf die Zukunft ist seit Anfang diesen Jahres sogar gestiegen.<\/p>\n<p>Die Regierung <a rel=\"nofollow noopener\" target=\"_blank\" href=\"https:\/\/wciom-ru.translate.goog\/analytical-reviews\/analiticheskii-obzor\/dalshe-luchshe-rossijane-o-situacii-v-strane-i-v-mire?_x_tr_sl=ru&amp;_x_tr_tl=en&amp;_x_tr_hl=de&amp;_x_tr_pto=wapp\">spielt<\/a> dabei eine positive Rolle, 54 Prozent sind \u00fcberzeugt, dass sie schon in naher Zukunft f\u00fcr Verbesserungen sorgen wird; 2012 war das erst ein Drittel. Und trotz aller westlicher Sanktionswut erwarten 47 Prozent eine Verbesserung der internationalen Beziehungen ihres Landes, und ein Drittel sieht die Position Russlands in der Welt als stabil.<\/p>\n<p>In Deutschland d\u00fcrfte es geraume Zeit her sein, dass man von einer Regierung tats\u00e4chlich eine Verbesserung der Lebensverh\u00e4ltnisse erwartete; die allermeisten w\u00e4ren schon froh, wenn sie eine Verschlechterung unterlassen k\u00f6nnte. Da gen\u00fcgt es, an die inzwischen seit Jahrzehnten wiederholten Versprechungen der Deutschen Bahn zu denken, im n\u00e4chsten Jahr sei sie aber wieder p\u00fcnktlich, und sich an die reale Entwicklung zu erinnern, nach der inzwischen eine p\u00fcnktliche Ankunft die Ausnahme darstellt. Ja, da hat man es nicht leicht mit dem Optimismus.<\/p>\n<p>Die Erfinder des Feuerwerks blicken \u00fcbrigens auch nicht pessimistisch in die Zukunft. Sie <a rel=\"nofollow noopener\" target=\"_blank\" href=\"https:\/\/www.globaltimes.cn\/page\/202212\/1282601.shtml\">erwarten<\/a> f\u00fcr ihr Land ein g\u00fcnstigeres Umfeld, gleich, wie sehr sich die USA und ihre europ\u00e4ischen Verb\u00fcndeten bem\u00fchen, China &#8220;einzud\u00e4mmen.&#8221; Ganz pragmatisch halten sie dann eben die Beziehungen zu den USA f\u00fcr weniger wichtig, daf\u00fcr die nach Russland und in die s\u00fcdostasiatischen L\u00e4nder f\u00fcr wichtiger.\u00a0Viele glauben, die Beziehungen nach Washington seien angespannt (30,4 Prozent) oder nur \u00e4u\u00dferlich friedlich (35,2 Prozent).<\/p>\n<p>Wobei das Ansehen der US-Politik in China seit Beginn der speziellen Milit\u00e4roperation gewaltig gesunken ist; so \u00e4u\u00dferten sich 48,9 Prozent, und bei weiteren 22,4 Prozent ist es immerhin noch etwas gesunken. Kein Wunder bei einer US-Regierung, die 39,6 Prozent f\u00fcr unf\u00e4hig und weitere 27,4 Prozent f\u00fcr vielleicht unf\u00e4hig halten (worin sie sich gar nicht besonders von den US-Amerikanern selbst unterscheiden). Und ganze 70,6 Prozent sind alles andere als begeistert von der US-Geschmacksrichtung von Demokratie, Freiheit und Menschenrechten.<\/p>\n<p>Allerdings \u2013 sogar die US-Amerikaner selbst sind nicht so recht gl\u00fccklich damit. Zwei Drittel sind <a rel=\"nofollow noopener\" target=\"_blank\" href=\"https:\/\/eu.usatoday.com\/story\/news\/politics\/2022\/12\/18\/poll-inflation-future-leaders-americans\/10903538002\/\">\u00fcberzeugt<\/a>, ihr Land entwickle sich in die falsche Richtung, und erwarten von keiner der Parteien oder Regierungsbeh\u00f6rden eine sinnvolle Antwort auf die k\u00fcnftigen Herausforderungen. Dennoch sind immer noch 39 Prozent hoffnungsvoll f\u00fcr das neue Jahr, aber auch 24 Prozent besorgt und 11 Prozent \u00e4ngstlich. Das wichtigste Thema f\u00fcr sie ist die Inflation. Und nicht nur hinsichtlich Pr\u00e4sident Joe Biden \u00fcberwiegt eine negative Bewertung, sondern auch bez\u00fcglich des\u00a0Obersten Gerichtshofs\u00a0und des Kongresses.<\/p>\n<p>Die Regierungen des Westens, die so \u00fcberzeugt sind, im Besitz der einzigen Wahrheit zu sein, vermitteln also nicht nur keine Zuversicht f\u00fcr die Zukunft, sondern erzeugen Sorgen, Stress und eine starke Sehnsucht nach der Vergangenheit, w\u00e4hrend im Osten den Regierungen vertraut und Zukunft mit Hoffnung verkn\u00fcpft wird. Egal, was die Spitzen von EU und NATO von sich geben\u00a0\u2013 in der Bev\u00f6lkerung ist l\u00e4ngst angekommen, dass der Westen von gestern ist.<\/p>\n<p>Kein Wunder, die Chinesen haben eben nach dem Feuerwerk, dem Papier, dem Porzellan nur vor\u00fcbergehend Pause gemacht im Erfinden und sind jetzt wieder dort, wo sie, allein aufgrund ihrer Zahl und ihres kulturellen Potentials, hingeh\u00f6ren \u2013 an der <a rel=\"nofollow noopener\" target=\"_blank\" href=\"https:\/\/www.globaltimes.cn\/page\/202212\/1282607.shtml\">Spitze<\/a> bei Einreichungen von Patenten. In der Zeit, die Deutschland brauchte, um die ICE-Verbindung nach Berlin fertigzubauen (das waren rund 30 Jahre), d\u00fcrften die Chinesen mit dem Schnellbahnnetz auf dem afrikanischen Kontinent fertig sein. Und auch Russland hat gezeigt, dass es die westlichen Sanktionen locker wegsteckt; dann werden eben vollst\u00e4ndig eigene Flugzeuge und Fahrzeuge gebaut &#8230;<\/p>\n<p>Daf\u00fcr kaufte man in Deutschland im vergangenen Fr\u00fchjahr Waschmaschinen aus der T\u00fcrkei, um die Chips in BMWs einzubauen. Das ist n\u00e4mlich die wahre Geschichte hinter Ursula von der Leyens Behauptung, in Russland w\u00fcrden Chips aus Geschirrsp\u00fclern in Kampfflugzeuge eingebaut. Aber immerhin, dieses Jahr ist das Feuerwerk erlaubt, und es gibt noch welches \u2013 nachdem auch Schwarzpulver Ammoniak ben\u00f6tigt, und daf\u00fcr Erdgas &#8230; Es macht jedenfalls Sinn, wenigstens so zu tun, als g\u00e4be es etwas zu feiern\u00a0\u2013 denn wer wei\u00df, wie es in einem Jahr aussieht.<\/p>\n<p><strong>Mehr zum Thema<\/strong>\u00a0\u2013\u00a0<a rel=\"nofollow noopener\" target=\"_blank\" href=\"https:\/\/pressefreiheit.rtde.tech\/kurzclips\/video\/158122-wagenknechts-jahresrueckbick-wer-waehlt-knalltueten\/\">Wagenknechts Jahresr\u00fcckblick: &#8220;Wer w\u00e4hlt diese Knallt\u00fcten?&#8221; \u2013 Die gr\u00f6\u00dften Flops und L\u00fcgen 2022 <\/a><\/p>\n<\/div>\n<p><br \/>\n<br \/><a href=\"https:\/\/de.rt.com\/meinung\/158222-depressive-westen-darf-es-wenigstens-knallen-lassen\/\">Source link <\/a><\/p>\n","protected":false},"excerpt":{"rendered":"<p>Jedes Jahr, wenn es auf Neujahr zugeht, besch\u00e4ftigt man sich damit, was vom kommenden Jahr oder, allgemeiner, der Zukunft erwartet wird. Nicht nur geopolitisch ist die Welt gespalten \u2013 auch Stimmung und Erwartungen unterscheiden sich gewaltig. Von Dagmar Henn Immerhin darf das neue Jahr diesmal wieder mit Feuerwerk begr\u00fc\u00dft werden. Eine Sitte \u00fcbrigens, die mit [&hellip;]<\/p>\n","protected":false},"author":3,"featured_media":26707,"comment_status":"open","ping_status":"open","sticky":false,"template":"","format":"standard","meta":{"_yoast_indexnow_last_ping":["1672497235"],"wp_automatic_camp":["217"],"1f41b9f9a70d83edea7cd2eb59fefc3e":["Der depressive Westen darf es wenigstens an Silvester wieder krachen lassen"],"original_link":["https:\/\/de.rt.com\/meinung\/158222-depressive-westen-darf-es-wenigstens-knallen-lassen\/"],"_thumbnail_id":["26707"],"_wptgpro_p2tg_sent2tg":["a:1:{i:23737;s:19:\"2022-12-31 16:35:06\";}"],"jnews_social_counter_last_update":["1777346655"]},"categories":[19,23],"tags":[5310,38356,82,38358,3340,30822,38357,378,904],"yoast_head":"<!-- This site is optimized with the Yoast SEO Premium plugin v22.7 (Yoast SEO v22.7) - https:\/\/yoast.com\/wordpress\/plugins\/seo\/ -->\n<title>Der depressive Westen darf es wenigstens an Silvester wieder krachen lassen - just-now.NEWS Deutschland<\/title>\n<meta name=\"robots\" content=\"index, follow, max-snippet:-1, max-image-preview:large, max-video-preview:-1\" \/>\n<link rel=\"canonical\" href=\"https:\/\/now-news.de\/de\/deutschland\/der-depressive-westen-darf-es-wenigstens-an-silvester-wieder-krachen-lassen\/\" \/>\n<meta property=\"og:locale\" content=\"de_DE\" \/>\n<meta property=\"og:type\" content=\"article\" \/>\n<meta property=\"og:title\" content=\"Der depressive Westen darf es wenigstens an Silvester wieder krachen lassen\" \/>\n<meta property=\"og:description\" content=\"Jedes Jahr, wenn es auf Neujahr zugeht, besch\u00e4ftigt man sich damit, was vom kommenden Jahr oder, allgemeiner, der Zukunft erwartet wird. Nicht nur geopolitisch ist die Welt gespalten \u2013 auch Stimmung und Erwartungen unterscheiden sich gewaltig. Von Dagmar Henn Immerhin darf das neue Jahr diesmal wieder mit Feuerwerk begr\u00fc\u00dft werden. Eine Sitte \u00fcbrigens, die mit [&hellip;]\" \/>\n<meta property=\"og:url\" content=\"https:\/\/now-news.de\/de\/deutschland\/der-depressive-westen-darf-es-wenigstens-an-silvester-wieder-krachen-lassen\/\" \/>\n<meta property=\"og:site_name\" content=\"just-now.NEWS Deutschland\" \/>\n<meta property=\"article:publisher\" content=\"https:\/\/www.facebook.com\/wirmachenauf\" \/>\n<meta property=\"article:published_time\" content=\"2022-12-31T14:33:49+00:00\" \/>\n<meta property=\"og:image\" content=\"https:\/\/now-news.de\/de\/wp-content\/uploads\/sites\/3\/2022\/12\/Der-depressive-Westen-darf-es-wenigstens-an-Silvester-wieder-krachen.jpg\" \/>\n\t<meta property=\"og:image:width\" content=\"460\" \/>\n\t<meta property=\"og:image:height\" content=\"259\" \/>\n\t<meta property=\"og:image:type\" content=\"image\/jpeg\" \/>\n<meta name=\"author\" content=\"rtnews\" \/>\n<meta name=\"twitter:card\" content=\"summary_large_image\" \/>\n<meta name=\"twitter:creator\" content=\"@WirMachenAuf_de\" \/>\n<meta name=\"twitter:site\" content=\"@WirMachenAuf_de\" \/>\n<meta name=\"twitter:label1\" content=\"Verfasst von\" \/>\n\t<meta name=\"twitter:data1\" content=\"rtnews\" \/>\n\t<meta name=\"twitter:label2\" content=\"Gesch\u00e4tzte Lesezeit\" \/>\n\t<meta name=\"twitter:data2\" content=\"5\u00a0Minuten\" \/>\n<script type=\"application\/ld+json\" class=\"yoast-schema-graph\">{\"@context\":\"https:\/\/schema.org\",\"@graph\":[{\"@type\":\"Article\",\"@id\":\"https:\/\/now-news.de\/de\/deutschland\/der-depressive-westen-darf-es-wenigstens-an-silvester-wieder-krachen-lassen\/#article\",\"isPartOf\":{\"@id\":\"https:\/\/now-news.de\/de\/deutschland\/der-depressive-westen-darf-es-wenigstens-an-silvester-wieder-krachen-lassen\/\"},\"author\":{\"name\":\"rtnews\",\"@id\":\"https:\/\/now-news.de\/de\/#\/schema\/person\/fb534a4e865501d8b3285208df34a9b5\"},\"headline\":\"Der depressive Westen darf es wenigstens an Silvester wieder krachen lassen\",\"datePublished\":\"2022-12-31T14:33:49+00:00\",\"dateModified\":\"2022-12-31T14:33:49+00:00\",\"mainEntityOfPage\":{\"@id\":\"https:\/\/now-news.de\/de\/deutschland\/der-depressive-westen-darf-es-wenigstens-an-silvester-wieder-krachen-lassen\/\"},\"wordCount\":1109,\"commentCount\":0,\"publisher\":{\"@id\":\"https:\/\/now-news.de\/de\/#organization\"},\"image\":{\"@id\":\"https:\/\/now-news.de\/de\/deutschland\/der-depressive-westen-darf-es-wenigstens-an-silvester-wieder-krachen-lassen\/#primaryimage\"},\"thumbnailUrl\":\"https:\/\/now-news.de\/de\/wp-content\/uploads\/sites\/3\/2022\/12\/Der-depressive-Westen-darf-es-wenigstens-an-Silvester-wieder-krachen.jpg\",\"keywords\":[\"darf\",\"depressive\",\"der\",\"krachen\",\"lassen\",\"Silvester\",\"wenigstens\",\"Westen\",\"wieder\"],\"articleSection\":[\"Deutschland\",\"Russland\"],\"inLanguage\":\"de\",\"potentialAction\":[{\"@type\":\"CommentAction\",\"name\":\"Comment\",\"target\":[\"https:\/\/now-news.de\/de\/deutschland\/der-depressive-westen-darf-es-wenigstens-an-silvester-wieder-krachen-lassen\/#respond\"]}]},{\"@type\":\"WebPage\",\"@id\":\"https:\/\/now-news.de\/de\/deutschland\/der-depressive-westen-darf-es-wenigstens-an-silvester-wieder-krachen-lassen\/\",\"url\":\"https:\/\/now-news.de\/de\/deutschland\/der-depressive-westen-darf-es-wenigstens-an-silvester-wieder-krachen-lassen\/\",\"name\":\"Der depressive Westen darf es wenigstens an Silvester wieder krachen lassen - just-now.NEWS Deutschland\",\"isPartOf\":{\"@id\":\"https:\/\/now-news.de\/de\/#website\"},\"primaryImageOfPage\":{\"@id\":\"https:\/\/now-news.de\/de\/deutschland\/der-depressive-westen-darf-es-wenigstens-an-silvester-wieder-krachen-lassen\/#primaryimage\"},\"image\":{\"@id\":\"https:\/\/now-news.de\/de\/deutschland\/der-depressive-westen-darf-es-wenigstens-an-silvester-wieder-krachen-lassen\/#primaryimage\"},\"thumbnailUrl\":\"https:\/\/now-news.de\/de\/wp-content\/uploads\/sites\/3\/2022\/12\/Der-depressive-Westen-darf-es-wenigstens-an-Silvester-wieder-krachen.jpg\",\"datePublished\":\"2022-12-31T14:33:49+00:00\",\"dateModified\":\"2022-12-31T14:33:49+00:00\",\"breadcrumb\":{\"@id\":\"https:\/\/now-news.de\/de\/deutschland\/der-depressive-westen-darf-es-wenigstens-an-silvester-wieder-krachen-lassen\/#breadcrumb\"},\"inLanguage\":\"de\",\"potentialAction\":[{\"@type\":\"ReadAction\",\"target\":[\"https:\/\/now-news.de\/de\/deutschland\/der-depressive-westen-darf-es-wenigstens-an-silvester-wieder-krachen-lassen\/\"]}]},{\"@type\":\"ImageObject\",\"inLanguage\":\"de\",\"@id\":\"https:\/\/now-news.de\/de\/deutschland\/der-depressive-westen-darf-es-wenigstens-an-silvester-wieder-krachen-lassen\/#primaryimage\",\"url\":\"https:\/\/now-news.de\/de\/wp-content\/uploads\/sites\/3\/2022\/12\/Der-depressive-Westen-darf-es-wenigstens-an-Silvester-wieder-krachen.jpg\",\"contentUrl\":\"https:\/\/now-news.de\/de\/wp-content\/uploads\/sites\/3\/2022\/12\/Der-depressive-Westen-darf-es-wenigstens-an-Silvester-wieder-krachen.jpg\",\"width\":460,\"height\":259,\"caption\":\"Der depressive Westen darf es wenigstens an Silvester wieder krachen lassen\"},{\"@type\":\"BreadcrumbList\",\"@id\":\"https:\/\/now-news.de\/de\/deutschland\/der-depressive-westen-darf-es-wenigstens-an-silvester-wieder-krachen-lassen\/#breadcrumb\",\"itemListElement\":[{\"@type\":\"ListItem\",\"position\":1,\"name\":\"Home\",\"item\":\"https:\/\/now-news.de\/de\/\"},{\"@type\":\"ListItem\",\"position\":2,\"name\":\"Der depressive Westen darf es wenigstens an Silvester wieder krachen lassen\"}]},{\"@type\":\"WebSite\",\"@id\":\"https:\/\/now-news.de\/de\/#website\",\"url\":\"https:\/\/now-news.de\/de\/\",\"name\":\"just-now.NEWS Deutschland\",\"description\":\"Das Portal f\u00fcr unzensierte Nachrichten aus der Welt\",\"publisher\":{\"@id\":\"https:\/\/now-news.de\/de\/#organization\"},\"potentialAction\":[{\"@type\":\"SearchAction\",\"target\":{\"@type\":\"EntryPoint\",\"urlTemplate\":\"https:\/\/now-news.de\/de\/?s={search_term_string}\"},\"query-input\":\"required name=search_term_string\"}],\"inLanguage\":\"de\"},{\"@type\":\"Organization\",\"@id\":\"https:\/\/now-news.de\/de\/#organization\",\"name\":\"Just Now News\",\"url\":\"https:\/\/now-news.de\/de\/\",\"logo\":{\"@type\":\"ImageObject\",\"inLanguage\":\"de\",\"@id\":\"https:\/\/now-news.de\/de\/#\/schema\/logo\/image\/\",\"url\":\"http:\/\/just-now.news\/de\/wp-content\/uploads\/sites\/3\/2022\/04\/logo500x500.jpg\",\"contentUrl\":\"http:\/\/just-now.news\/de\/wp-content\/uploads\/sites\/3\/2022\/04\/logo500x500.jpg\",\"width\":500,\"height\":500,\"caption\":\"Just Now News\"},\"image\":{\"@id\":\"https:\/\/now-news.de\/de\/#\/schema\/logo\/image\/\"},\"sameAs\":[\"https:\/\/www.facebook.com\/wirmachenauf\",\"https:\/\/x.com\/WirMachenAuf_de\"]},{\"@type\":\"Person\",\"@id\":\"https:\/\/now-news.de\/de\/#\/schema\/person\/fb534a4e865501d8b3285208df34a9b5\",\"name\":\"rtnews\",\"image\":{\"@type\":\"ImageObject\",\"inLanguage\":\"de\",\"@id\":\"https:\/\/now-news.de\/de\/#\/schema\/person\/image\/\",\"url\":\"https:\/\/secure.gravatar.com\/avatar\/82aafea7d8127119dd649515f56e2117?s=96&d=mm&r=g\",\"contentUrl\":\"https:\/\/secure.gravatar.com\/avatar\/82aafea7d8127119dd649515f56e2117?s=96&d=mm&r=g\",\"caption\":\"rtnews\"},\"url\":\"https:\/\/now-news.de\/de\/author\/rnews\/\"}]}<\/script>\n<!-- \/ Yoast SEO Premium plugin. -->","yoast_head_json":{"title":"Der depressive Westen darf es wenigstens an Silvester wieder krachen lassen - just-now.NEWS Deutschland","robots":{"index":"index","follow":"follow","max-snippet":"max-snippet:-1","max-image-preview":"max-image-preview:large","max-video-preview":"max-video-preview:-1"},"canonical":"https:\/\/now-news.de\/de\/deutschland\/der-depressive-westen-darf-es-wenigstens-an-silvester-wieder-krachen-lassen\/","og_locale":"de_DE","og_type":"article","og_title":"Der depressive Westen darf es wenigstens an Silvester wieder krachen lassen","og_description":"Jedes Jahr, wenn es auf Neujahr zugeht, besch\u00e4ftigt man sich damit, was vom kommenden Jahr oder, allgemeiner, der Zukunft erwartet wird. Nicht nur geopolitisch ist die Welt gespalten \u2013 auch Stimmung und Erwartungen unterscheiden sich gewaltig. Von Dagmar Henn Immerhin darf das neue Jahr diesmal wieder mit Feuerwerk begr\u00fc\u00dft werden. Eine Sitte \u00fcbrigens, die mit [&hellip;]","og_url":"https:\/\/now-news.de\/de\/deutschland\/der-depressive-westen-darf-es-wenigstens-an-silvester-wieder-krachen-lassen\/","og_site_name":"just-now.NEWS Deutschland","article_publisher":"https:\/\/www.facebook.com\/wirmachenauf","article_published_time":"2022-12-31T14:33:49+00:00","og_image":[{"width":460,"height":259,"url":"https:\/\/now-news.de\/de\/wp-content\/uploads\/sites\/3\/2022\/12\/Der-depressive-Westen-darf-es-wenigstens-an-Silvester-wieder-krachen.jpg","type":"image\/jpeg"}],"author":"rtnews","twitter_card":"summary_large_image","twitter_creator":"@WirMachenAuf_de","twitter_site":"@WirMachenAuf_de","twitter_misc":{"Verfasst von":"rtnews","Gesch\u00e4tzte Lesezeit":"5\u00a0Minuten"},"schema":{"@context":"https:\/\/schema.org","@graph":[{"@type":"Article","@id":"https:\/\/now-news.de\/de\/deutschland\/der-depressive-westen-darf-es-wenigstens-an-silvester-wieder-krachen-lassen\/#article","isPartOf":{"@id":"https:\/\/now-news.de\/de\/deutschland\/der-depressive-westen-darf-es-wenigstens-an-silvester-wieder-krachen-lassen\/"},"author":{"name":"rtnews","@id":"https:\/\/now-news.de\/de\/#\/schema\/person\/fb534a4e865501d8b3285208df34a9b5"},"headline":"Der depressive Westen darf es wenigstens an Silvester wieder krachen lassen","datePublished":"2022-12-31T14:33:49+00:00","dateModified":"2022-12-31T14:33:49+00:00","mainEntityOfPage":{"@id":"https:\/\/now-news.de\/de\/deutschland\/der-depressive-westen-darf-es-wenigstens-an-silvester-wieder-krachen-lassen\/"},"wordCount":1109,"commentCount":0,"publisher":{"@id":"https:\/\/now-news.de\/de\/#organization"},"image":{"@id":"https:\/\/now-news.de\/de\/deutschland\/der-depressive-westen-darf-es-wenigstens-an-silvester-wieder-krachen-lassen\/#primaryimage"},"thumbnailUrl":"https:\/\/now-news.de\/de\/wp-content\/uploads\/sites\/3\/2022\/12\/Der-depressive-Westen-darf-es-wenigstens-an-Silvester-wieder-krachen.jpg","keywords":["darf","depressive","der","krachen","lassen","Silvester","wenigstens","Westen","wieder"],"articleSection":["Deutschland","Russland"],"inLanguage":"de","potentialAction":[{"@type":"CommentAction","name":"Comment","target":["https:\/\/now-news.de\/de\/deutschland\/der-depressive-westen-darf-es-wenigstens-an-silvester-wieder-krachen-lassen\/#respond"]}]},{"@type":"WebPage","@id":"https:\/\/now-news.de\/de\/deutschland\/der-depressive-westen-darf-es-wenigstens-an-silvester-wieder-krachen-lassen\/","url":"https:\/\/now-news.de\/de\/deutschland\/der-depressive-westen-darf-es-wenigstens-an-silvester-wieder-krachen-lassen\/","name":"Der depressive Westen darf es wenigstens an Silvester wieder krachen lassen - just-now.NEWS Deutschland","isPartOf":{"@id":"https:\/\/now-news.de\/de\/#website"},"primaryImageOfPage":{"@id":"https:\/\/now-news.de\/de\/deutschland\/der-depressive-westen-darf-es-wenigstens-an-silvester-wieder-krachen-lassen\/#primaryimage"},"image":{"@id":"https:\/\/now-news.de\/de\/deutschland\/der-depressive-westen-darf-es-wenigstens-an-silvester-wieder-krachen-lassen\/#primaryimage"},"thumbnailUrl":"https:\/\/now-news.de\/de\/wp-content\/uploads\/sites\/3\/2022\/12\/Der-depressive-Westen-darf-es-wenigstens-an-Silvester-wieder-krachen.jpg","datePublished":"2022-12-31T14:33:49+00:00","dateModified":"2022-12-31T14:33:49+00:00","breadcrumb":{"@id":"https:\/\/now-news.de\/de\/deutschland\/der-depressive-westen-darf-es-wenigstens-an-silvester-wieder-krachen-lassen\/#breadcrumb"},"inLanguage":"de","potentialAction":[{"@type":"ReadAction","target":["https:\/\/now-news.de\/de\/deutschland\/der-depressive-westen-darf-es-wenigstens-an-silvester-wieder-krachen-lassen\/"]}]},{"@type":"ImageObject","inLanguage":"de","@id":"https:\/\/now-news.de\/de\/deutschland\/der-depressive-westen-darf-es-wenigstens-an-silvester-wieder-krachen-lassen\/#primaryimage","url":"https:\/\/now-news.de\/de\/wp-content\/uploads\/sites\/3\/2022\/12\/Der-depressive-Westen-darf-es-wenigstens-an-Silvester-wieder-krachen.jpg","contentUrl":"https:\/\/now-news.de\/de\/wp-content\/uploads\/sites\/3\/2022\/12\/Der-depressive-Westen-darf-es-wenigstens-an-Silvester-wieder-krachen.jpg","width":460,"height":259,"caption":"Der depressive Westen darf es wenigstens an Silvester wieder krachen lassen"},{"@type":"BreadcrumbList","@id":"https:\/\/now-news.de\/de\/deutschland\/der-depressive-westen-darf-es-wenigstens-an-silvester-wieder-krachen-lassen\/#breadcrumb","itemListElement":[{"@type":"ListItem","position":1,"name":"Home","item":"https:\/\/now-news.de\/de\/"},{"@type":"ListItem","position":2,"name":"Der depressive Westen darf es wenigstens an Silvester wieder krachen lassen"}]},{"@type":"WebSite","@id":"https:\/\/now-news.de\/de\/#website","url":"https:\/\/now-news.de\/de\/","name":"just-now.NEWS Deutschland","description":"Das Portal f\u00fcr unzensierte Nachrichten aus der Welt","publisher":{"@id":"https:\/\/now-news.de\/de\/#organization"},"potentialAction":[{"@type":"SearchAction","target":{"@type":"EntryPoint","urlTemplate":"https:\/\/now-news.de\/de\/?s={search_term_string}"},"query-input":"required name=search_term_string"}],"inLanguage":"de"},{"@type":"Organization","@id":"https:\/\/now-news.de\/de\/#organization","name":"Just Now News","url":"https:\/\/now-news.de\/de\/","logo":{"@type":"ImageObject","inLanguage":"de","@id":"https:\/\/now-news.de\/de\/#\/schema\/logo\/image\/","url":"http:\/\/just-now.news\/de\/wp-content\/uploads\/sites\/3\/2022\/04\/logo500x500.jpg","contentUrl":"http:\/\/just-now.news\/de\/wp-content\/uploads\/sites\/3\/2022\/04\/logo500x500.jpg","width":500,"height":500,"caption":"Just Now News"},"image":{"@id":"https:\/\/now-news.de\/de\/#\/schema\/logo\/image\/"},"sameAs":["https:\/\/www.facebook.com\/wirmachenauf","https:\/\/x.com\/WirMachenAuf_de"]},{"@type":"Person","@id":"https:\/\/now-news.de\/de\/#\/schema\/person\/fb534a4e865501d8b3285208df34a9b5","name":"rtnews","image":{"@type":"ImageObject","inLanguage":"de","@id":"https:\/\/now-news.de\/de\/#\/schema\/person\/image\/","url":"https:\/\/secure.gravatar.com\/avatar\/82aafea7d8127119dd649515f56e2117?s=96&d=mm&r=g","contentUrl":"https:\/\/secure.gravatar.com\/avatar\/82aafea7d8127119dd649515f56e2117?s=96&d=mm&r=g","caption":"rtnews"},"url":"https:\/\/now-news.de\/de\/author\/rnews\/"}]}},"_links":{"self":[{"href":"https:\/\/now-news.de\/de\/wp-json\/wp\/v2\/posts\/26706"}],"collection":[{"href":"https:\/\/now-news.de\/de\/wp-json\/wp\/v2\/posts"}],"about":[{"href":"https:\/\/now-news.de\/de\/wp-json\/wp\/v2\/types\/post"}],"author":[{"embeddable":true,"href":"https:\/\/now-news.de\/de\/wp-json\/wp\/v2\/users\/3"}],"replies":[{"embeddable":true,"href":"https:\/\/now-news.de\/de\/wp-json\/wp\/v2\/comments?post=26706"}],"version-history":[{"count":0,"href":"https:\/\/now-news.de\/de\/wp-json\/wp\/v2\/posts\/26706\/revisions"}],"wp:featuredmedia":[{"embeddable":true,"href":"https:\/\/now-news.de\/de\/wp-json\/wp\/v2\/media\/26707"}],"wp:attachment":[{"href":"https:\/\/now-news.de\/de\/wp-json\/wp\/v2\/media?parent=26706"}],"wp:term":[{"taxonomy":"category","embeddable":true,"href":"https:\/\/now-news.de\/de\/wp-json\/wp\/v2\/categories?post=26706"},{"taxonomy":"post_tag","embeddable":true,"href":"https:\/\/now-news.de\/de\/wp-json\/wp\/v2\/tags?post=26706"}],"curies":[{"name":"wp","href":"https:\/\/api.w.org\/{rel}","templated":true}]}}