{"id":26698,"date":"2022-12-31T14:42:10","date_gmt":"2022-12-31T12:42:10","guid":{"rendered":"https:\/\/just-now.news\/de\/deutschland\/kinder-in-afrika-oder-schweine-in-spanien-wohin-ging-das-ukrainische-getreide\/"},"modified":"2022-12-31T14:42:10","modified_gmt":"2022-12-31T12:42:10","slug":"kinder-in-afrika-oder-schweine-in-spanien-wohin-ging-das-ukrainische-getreide","status":"publish","type":"post","link":"https:\/\/now-news.de\/de\/deutschland\/kinder-in-afrika-oder-schweine-in-spanien-wohin-ging-das-ukrainische-getreide\/","title":{"rendered":"Kinder in Afrika oder Schweine in Spanien: Wohin ging das ukrainische Getreide?"},"content":{"rendered":"<div class=\"Text-root Text-type_1 \">\n                Der moralische Druck auf Moskau, die Ausfuhr ukrainischen Getreides trotz Kampfhandlungen zu erm\u00f6glichen, war gro\u00df: Die mediale und die politische Kampagne verwiesen auf von Hunger bedrohte Regionen in Afrika. Gro\u00df ist daher die Verwunderung dar\u00fcber, dass sich das satte Europa den gr\u00f6\u00dften Teil der Lieferungen schnappte.\n            <\/div>\n<p><\/p>\n<div class=\"Text-root Text-type_5 ArticleView-text ViewText-root \">\n<p>Es war der drohende Hunger in Afrika, mit dem im Fr\u00fchjahr von allen Seiten massiver Druck auf die russische F\u00fchrung ausge\u00fcbt wurde, Kampfhandlungen im Schwarzen Meer einzustellen und der Ukraine den Export von Getreide zu erm\u00f6glichen. Die medial heraufbeschworene Gefahr einer drohenden humanit\u00e4ren Katastrophe bewegte die russische F\u00fchrung schlie\u00dflich zum Abschluss des sogenannten Getreideabkommens am 22. Juli 2022 in Istanbul.<\/p>\n<p>Das Abkommen bestand in getrennten Dokumenten, die die Ukraine und Russland jeweils mit den Vereinten Nationen und der T\u00fcrkei unterzeichnet hatten. Und\u00a0es beinhaltete die sogenannte &#8220;Initiative f\u00fcr den sicheren Transport von Getreide und Lebensmitteln aus ukrainischen H\u00e4fen&#8221; \u00fcber das Schwarze Meer und durch den Bosporus. Seither wurden mindestens 16 Millionen Tonnen Getreide aus den H\u00e4fen Odessa, Tschernomorsk und Juschni exportiert.<\/p>\n<p>Doch wohin ging das ukrainische Getreide? Tats\u00e4chlich in von Hunger bedrohte L\u00e4nder Afrikas, wo Lebensmittel dringend gebraucht werden? Die <a rel=\"nofollow noopener\" target=\"_blank\" href=\"https:\/\/www.un.org\/en\/black-sea-grain-initiative\/vessel-movements\">Statistik der UNO<\/a> und der zugeh\u00f6rigen Organisation f\u00fcr Ern\u00e4hrung und Landwirtschaft (FAO) gibt eine Antwort: Die Mehrzahl der Frachter ging in Staaten der EU, nach China und in die T\u00fcrkei. Gr\u00f6\u00dfter Abnehmer der ukrainischen Getreideausfuhren im laufenden Jahr ist Spanien.\u00a0<\/p>\n<figure class=\"RTImage-root\">\n<div class=\"RTImage-image RTImage-original\"><picture class=\"Picture-root Picture-original\"><!--[if IE 9]><video style=\"display: none;\"><![endif]--><source media=\"(-webkit-min-device-pixel-ratio: 2) and (min-resolution: 120dpi)\" data-srcset=\" \nhttp:\/\/just-now.news\/de\/wp-content\/uploads\/sites\/3\/2022\/12\/63af27e448fbef269e567134.png 850w,\n                http:\/\/just-now.news\/de\/wp-content\/uploads\/sites\/3\/2022\/12\/63af27e448fbef269e567134.png 1960w,\n            \" ><source data-srcset=\" \nhttp:\/\/just-now.news\/de\/wp-content\/uploads\/sites\/3\/2022\/12\/63af27e448fbef269e567134.png 460w,\n              http:\/\/just-now.news\/de\/wp-content\/uploads\/sites\/3\/2022\/12\/63af27e448fbef269e567134.png 980w,\n            \" ><!--[if IE 9]><\/video><![endif]--><img decoding=\"async\" data- src=\"data:image\/png;base64,iVBORw0KGgoAAAANSUhEUgAAABAAAAAJCAQAAACRI2S5AAAAEElEQVR42mNkIAAYRxWAAQAG9gAKqv6+AwAAAABJRU5ErkJggg==\" class=\"Picture-root Picture-original lazyload\" data-src=\"http:\/\/just-now.news\/de\/wp-content\/uploads\/sites\/3\/2022\/12\/63af27e448fbef269e567134.png\" alt=\"\"><\/source><\/source><\/picture><!-- noscript pattern --><noscript><img decoding=\"async\" src=\"http:\/\/just-now.news\/de\/wp-content\/uploads\/sites\/3\/2022\/12\/63af27e448fbef269e567134.png\" alt=\"\"><\/noscript><\/div><figcaption class=\"RTImage-footer\"><span class=\"RTImage-caption\"><\/span><span class=\"RTImage-source\"><span class=\"RTImage-captionItem\">RT<\/span><\/span><\/figcaption><\/figure>\n<p>Selbst die konservative deutsche Tageszeitung <em>Welt<\/em> wunderte das und sie fragte beim spanischen Landwirtschaftsministerium in Madrid nach. Einen Pressesprecher des Ministeriums zitiert die <em>Welt<\/em>\u00a0mit den Worten:<\/p>\n<blockquote>\n<p><em>&#8220;Der Gro\u00dfteil der Importe von Weizen, Mais und Gerste aus der Ukraine wird als Futtermittel in der Viehzucht verwendet.&#8221;<\/em><\/p>\n<\/blockquote>\n<p>Spanien, so die Erkl\u00e4rung weiter, ist neben Deutschland der gr\u00f6\u00dfte Schweinefleischproduzent in der EU. Der j\u00e4hrliche Bedarf an Getreide im Land belaufe sich auf etwa 35 Millionen Tonnen, es w\u00fcrden aber nur 20 Millionen Tonnen selbst produziert. Die Differenz m\u00fcsse aus dem Ausland importiert werden. Schon vor dem Krieg sei Spanien daher ein wichtiger Abnehmer von ukrainischem Getreide gewesen. Nach dem Exportstopp habe sich die spanische Regierung zun\u00e4chst um andere Lieferanten bem\u00fcht, sich dann aber f\u00fcr das Getreideabkommen eingesetzt.<\/p>\n<p>Das zahlte sich aus: Fast zwanzig Prozent des aus der Ukraine ausgef\u00fchrten Getreides, knapp drei Millionen Tonnen, landeten in Spanien. Dagegen entfielen auf \u00c4gypten, das erste afrikanische Land\u00a0auf der Liste der Importeure von Getreide aus der Ukraine, nur 0,7 Millionen Tonnen.\u00a0<\/p>\n<p>Von den bislang exportierten 16 Millionen Tonnen Getreide sind 45 Prozent Mais, 29 Prozent Weizen und sechs Prozent Sonnenblumen\u00f6l. Die \u00fcbrigen 20 Prozent entfallen auf verschiedene andere Feldfr\u00fcchte. Zweitgr\u00f6\u00dfter Abnehmer nach Spanien ist China mit bislang 2,6 Millionen Tonnen, gefolgt von der T\u00fcrkei mit knapp zwei Millionen Tonnen, Italien (1,4 Millionen) und den Niederlanden (900.000 Tonnen).\u00a0<\/p>\n<p>Der russische Pr\u00e4sident Wladimir Putin und andere russische Beamte hatten in den vergangenen Monaten bereits mehrfach kritisiert, dass die EU das Abkommen zum eigenen Vorteil ausnutze und den tats\u00e4chlich bed\u00fcrftigen L\u00e4ndern wenig zugutekomme. <a rel=\"nofollow noopener\" target=\"_blank\" href=\"https:\/\/test.rtde.tech\/russland\/157907-russische-vizepremierministerin-getreidedeal-wird-im-interesse-der-eu-umgesetzt\/\">Vizeregierungschefin Wiktoria Abramtschenko<\/a>\u00a0benannte Mitte Dezember die Nutznie\u00dfer des Getreidedeals wie folgt:\u00a0<\/p>\n<blockquote>\n<p><em>&#8220;6,4 Millionen Tonnen gingen in die EU. In Bezug auf die Ausfuhrstruktur\u00a0war es im Wesentlichen\u00a0Mais \u2013 43 Prozent \u2013 und 29 Prozent Weizen. Und etwas mehr als zwei Millionen Tonnen gingen in die T\u00fcrkei.&#8221;<\/em><\/p>\n<\/blockquote>\n<p><strong>Mehr zum Thema<\/strong> &#8211; <a rel=\"nofollow noopener\" target=\"_blank\" href=\"https:\/\/test.rtde.tech\/international\/154774-hungerzone-weltweit-um-60-millionen\/\">Hungerzone weltweit um 60 Millionen Menschen ausgeweitet \u2013 UN-Ern\u00e4hrungsorganisation<\/a>\u00a0\u00a0<\/p>\n<\/div>\n<p><br \/>\n<br \/><a href=\"https:\/\/de.rt.com\/international\/158623-wohin-geht-das-ukrainische-getreide\/\">Source link <\/a><\/p>\n","protected":false},"excerpt":{"rendered":"<p>Der moralische Druck auf Moskau, die Ausfuhr ukrainischen Getreides trotz Kampfhandlungen zu erm\u00f6glichen, war gro\u00df: Die mediale und die politische Kampagne verwiesen auf von Hunger bedrohte Regionen in Afrika. Gro\u00df ist daher die Verwunderung dar\u00fcber, dass sich das satte Europa den gr\u00f6\u00dften Teil der Lieferungen schnappte. Es war der drohende Hunger in Afrika, mit dem [&hellip;]<\/p>\n","protected":false},"author":3,"featured_media":26699,"comment_status":"open","ping_status":"open","sticky":false,"template":"","format":"standard","meta":{"_yoast_indexnow_last_ping":["1672491451"],"wp_automatic_camp":["217"],"ed6ee0625acda6370410dfbdea60f519":["Kinder in Afrika oder Schweine in Spanien: Wohin ging das ukrainische Getreide?"],"original_link":["https:\/\/de.rt.com\/international\/158623-wohin-geht-das-ukrainische-getreide\/"],"_thumbnail_id":["26699"],"_wptgpro_p2tg_sent2tg":["a:1:{i:23737;s:19:\"2022-12-31 14:59:59\";}"],"jnews_social_counter_last_update":["1777440713"]},"categories":[19,23],"tags":[18099,427,21610,11576,3567,268,38353,1271,905,4561],"yoast_head":"<!-- This site is optimized with the Yoast SEO Premium plugin v22.7 (Yoast SEO v22.7) - https:\/\/yoast.com\/wordpress\/plugins\/seo\/ -->\n<title>Kinder in Afrika oder Schweine in Spanien: Wohin ging das ukrainische Getreide? - just-now.NEWS Deutschland<\/title>\n<meta name=\"robots\" content=\"index, follow, max-snippet:-1, max-image-preview:large, max-video-preview:-1\" \/>\n<link rel=\"canonical\" href=\"https:\/\/now-news.de\/de\/deutschland\/kinder-in-afrika-oder-schweine-in-spanien-wohin-ging-das-ukrainische-getreide\/\" \/>\n<meta property=\"og:locale\" content=\"de_DE\" \/>\n<meta property=\"og:type\" content=\"article\" \/>\n<meta property=\"og:title\" content=\"Kinder in Afrika oder Schweine in Spanien: Wohin ging das ukrainische Getreide?\" \/>\n<meta property=\"og:description\" content=\"Der moralische Druck auf Moskau, die Ausfuhr ukrainischen Getreides trotz Kampfhandlungen zu erm\u00f6glichen, war gro\u00df: Die mediale und die politische Kampagne verwiesen auf von Hunger bedrohte Regionen in Afrika. Gro\u00df ist daher die Verwunderung dar\u00fcber, dass sich das satte Europa den gr\u00f6\u00dften Teil der Lieferungen schnappte. Es war der drohende Hunger in Afrika, mit dem [&hellip;]\" \/>\n<meta property=\"og:url\" content=\"https:\/\/now-news.de\/de\/deutschland\/kinder-in-afrika-oder-schweine-in-spanien-wohin-ging-das-ukrainische-getreide\/\" \/>\n<meta property=\"og:site_name\" content=\"just-now.NEWS Deutschland\" \/>\n<meta property=\"article:publisher\" content=\"https:\/\/www.facebook.com\/wirmachenauf\" \/>\n<meta property=\"article:published_time\" content=\"2022-12-31T12:42:10+00:00\" \/>\n<meta property=\"og:image\" content=\"https:\/\/now-news.de\/de\/wp-content\/uploads\/sites\/3\/2022\/12\/Kinder-in-Afrika-oder-Schweine-in-Spanien-Wohin-ging-das.png\" \/>\n\t<meta property=\"og:image:width\" content=\"780\" \/>\n\t<meta property=\"og:image:height\" content=\"520\" \/>\n\t<meta property=\"og:image:type\" content=\"image\/png\" \/>\n<meta name=\"author\" content=\"rtnews\" \/>\n<meta name=\"twitter:card\" content=\"summary_large_image\" \/>\n<meta name=\"twitter:creator\" content=\"@WirMachenAuf_de\" \/>\n<meta name=\"twitter:site\" content=\"@WirMachenAuf_de\" \/>\n<meta name=\"twitter:label1\" content=\"Verfasst von\" \/>\n\t<meta name=\"twitter:data1\" content=\"rtnews\" \/>\n\t<meta name=\"twitter:label2\" content=\"Gesch\u00e4tzte Lesezeit\" \/>\n\t<meta name=\"twitter:data2\" content=\"3\u00a0Minuten\" \/>\n<script type=\"application\/ld+json\" class=\"yoast-schema-graph\">{\"@context\":\"https:\/\/schema.org\",\"@graph\":[{\"@type\":\"Article\",\"@id\":\"https:\/\/now-news.de\/de\/deutschland\/kinder-in-afrika-oder-schweine-in-spanien-wohin-ging-das-ukrainische-getreide\/#article\",\"isPartOf\":{\"@id\":\"https:\/\/now-news.de\/de\/deutschland\/kinder-in-afrika-oder-schweine-in-spanien-wohin-ging-das-ukrainische-getreide\/\"},\"author\":{\"name\":\"rtnews\",\"@id\":\"https:\/\/now-news.de\/de\/#\/schema\/person\/fb534a4e865501d8b3285208df34a9b5\"},\"headline\":\"Kinder in Afrika oder Schweine in Spanien: Wohin ging das ukrainische Getreide?\",\"datePublished\":\"2022-12-31T12:42:10+00:00\",\"dateModified\":\"2022-12-31T12:42:10+00:00\",\"mainEntityOfPage\":{\"@id\":\"https:\/\/now-news.de\/de\/deutschland\/kinder-in-afrika-oder-schweine-in-spanien-wohin-ging-das-ukrainische-getreide\/\"},\"wordCount\":581,\"commentCount\":0,\"publisher\":{\"@id\":\"https:\/\/now-news.de\/de\/#organization\"},\"image\":{\"@id\":\"https:\/\/now-news.de\/de\/deutschland\/kinder-in-afrika-oder-schweine-in-spanien-wohin-ging-das-ukrainische-getreide\/#primaryimage\"},\"thumbnailUrl\":\"https:\/\/now-news.de\/de\/wp-content\/uploads\/sites\/3\/2022\/12\/Kinder-in-Afrika-oder-Schweine-in-Spanien-Wohin-ging-das.png\",\"keywords\":[\"Afrika\",\"das\",\"Getreide\",\"ging\",\"Kinder\",\"oder\",\"Schweine\",\"Spanien\",\"Ukrainische\",\"Wohin\"],\"articleSection\":[\"Deutschland\",\"Russland\"],\"inLanguage\":\"de\",\"potentialAction\":[{\"@type\":\"CommentAction\",\"name\":\"Comment\",\"target\":[\"https:\/\/now-news.de\/de\/deutschland\/kinder-in-afrika-oder-schweine-in-spanien-wohin-ging-das-ukrainische-getreide\/#respond\"]}]},{\"@type\":\"WebPage\",\"@id\":\"https:\/\/now-news.de\/de\/deutschland\/kinder-in-afrika-oder-schweine-in-spanien-wohin-ging-das-ukrainische-getreide\/\",\"url\":\"https:\/\/now-news.de\/de\/deutschland\/kinder-in-afrika-oder-schweine-in-spanien-wohin-ging-das-ukrainische-getreide\/\",\"name\":\"Kinder in Afrika oder Schweine in Spanien: Wohin ging das ukrainische Getreide? - just-now.NEWS Deutschland\",\"isPartOf\":{\"@id\":\"https:\/\/now-news.de\/de\/#website\"},\"primaryImageOfPage\":{\"@id\":\"https:\/\/now-news.de\/de\/deutschland\/kinder-in-afrika-oder-schweine-in-spanien-wohin-ging-das-ukrainische-getreide\/#primaryimage\"},\"image\":{\"@id\":\"https:\/\/now-news.de\/de\/deutschland\/kinder-in-afrika-oder-schweine-in-spanien-wohin-ging-das-ukrainische-getreide\/#primaryimage\"},\"thumbnailUrl\":\"https:\/\/now-news.de\/de\/wp-content\/uploads\/sites\/3\/2022\/12\/Kinder-in-Afrika-oder-Schweine-in-Spanien-Wohin-ging-das.png\",\"datePublished\":\"2022-12-31T12:42:10+00:00\",\"dateModified\":\"2022-12-31T12:42:10+00:00\",\"breadcrumb\":{\"@id\":\"https:\/\/now-news.de\/de\/deutschland\/kinder-in-afrika-oder-schweine-in-spanien-wohin-ging-das-ukrainische-getreide\/#breadcrumb\"},\"inLanguage\":\"de\",\"potentialAction\":[{\"@type\":\"ReadAction\",\"target\":[\"https:\/\/now-news.de\/de\/deutschland\/kinder-in-afrika-oder-schweine-in-spanien-wohin-ging-das-ukrainische-getreide\/\"]}]},{\"@type\":\"ImageObject\",\"inLanguage\":\"de\",\"@id\":\"https:\/\/now-news.de\/de\/deutschland\/kinder-in-afrika-oder-schweine-in-spanien-wohin-ging-das-ukrainische-getreide\/#primaryimage\",\"url\":\"https:\/\/now-news.de\/de\/wp-content\/uploads\/sites\/3\/2022\/12\/Kinder-in-Afrika-oder-Schweine-in-Spanien-Wohin-ging-das.png\",\"contentUrl\":\"https:\/\/now-news.de\/de\/wp-content\/uploads\/sites\/3\/2022\/12\/Kinder-in-Afrika-oder-Schweine-in-Spanien-Wohin-ging-das.png\",\"width\":780,\"height\":520,\"caption\":\"Kinder in Afrika oder Schweine in Spanien: Wohin ging das ukrainische Getreide?\"},{\"@type\":\"BreadcrumbList\",\"@id\":\"https:\/\/now-news.de\/de\/deutschland\/kinder-in-afrika-oder-schweine-in-spanien-wohin-ging-das-ukrainische-getreide\/#breadcrumb\",\"itemListElement\":[{\"@type\":\"ListItem\",\"position\":1,\"name\":\"Home\",\"item\":\"https:\/\/now-news.de\/de\/\"},{\"@type\":\"ListItem\",\"position\":2,\"name\":\"Kinder in Afrika oder Schweine in Spanien: Wohin ging das ukrainische Getreide?\"}]},{\"@type\":\"WebSite\",\"@id\":\"https:\/\/now-news.de\/de\/#website\",\"url\":\"https:\/\/now-news.de\/de\/\",\"name\":\"just-now.NEWS Deutschland\",\"description\":\"Das Portal f\u00fcr unzensierte Nachrichten aus der Welt\",\"publisher\":{\"@id\":\"https:\/\/now-news.de\/de\/#organization\"},\"potentialAction\":[{\"@type\":\"SearchAction\",\"target\":{\"@type\":\"EntryPoint\",\"urlTemplate\":\"https:\/\/now-news.de\/de\/?s={search_term_string}\"},\"query-input\":\"required name=search_term_string\"}],\"inLanguage\":\"de\"},{\"@type\":\"Organization\",\"@id\":\"https:\/\/now-news.de\/de\/#organization\",\"name\":\"Just Now News\",\"url\":\"https:\/\/now-news.de\/de\/\",\"logo\":{\"@type\":\"ImageObject\",\"inLanguage\":\"de\",\"@id\":\"https:\/\/now-news.de\/de\/#\/schema\/logo\/image\/\",\"url\":\"http:\/\/just-now.news\/de\/wp-content\/uploads\/sites\/3\/2022\/04\/logo500x500.jpg\",\"contentUrl\":\"http:\/\/just-now.news\/de\/wp-content\/uploads\/sites\/3\/2022\/04\/logo500x500.jpg\",\"width\":500,\"height\":500,\"caption\":\"Just Now News\"},\"image\":{\"@id\":\"https:\/\/now-news.de\/de\/#\/schema\/logo\/image\/\"},\"sameAs\":[\"https:\/\/www.facebook.com\/wirmachenauf\",\"https:\/\/x.com\/WirMachenAuf_de\"]},{\"@type\":\"Person\",\"@id\":\"https:\/\/now-news.de\/de\/#\/schema\/person\/fb534a4e865501d8b3285208df34a9b5\",\"name\":\"rtnews\",\"image\":{\"@type\":\"ImageObject\",\"inLanguage\":\"de\",\"@id\":\"https:\/\/now-news.de\/de\/#\/schema\/person\/image\/\",\"url\":\"https:\/\/secure.gravatar.com\/avatar\/82aafea7d8127119dd649515f56e2117?s=96&d=mm&r=g\",\"contentUrl\":\"https:\/\/secure.gravatar.com\/avatar\/82aafea7d8127119dd649515f56e2117?s=96&d=mm&r=g\",\"caption\":\"rtnews\"},\"url\":\"https:\/\/now-news.de\/de\/author\/rnews\/\"}]}<\/script>\n<!-- \/ Yoast SEO Premium plugin. -->","yoast_head_json":{"title":"Kinder in Afrika oder Schweine in Spanien: Wohin ging das ukrainische Getreide? - just-now.NEWS Deutschland","robots":{"index":"index","follow":"follow","max-snippet":"max-snippet:-1","max-image-preview":"max-image-preview:large","max-video-preview":"max-video-preview:-1"},"canonical":"https:\/\/now-news.de\/de\/deutschland\/kinder-in-afrika-oder-schweine-in-spanien-wohin-ging-das-ukrainische-getreide\/","og_locale":"de_DE","og_type":"article","og_title":"Kinder in Afrika oder Schweine in Spanien: Wohin ging das ukrainische Getreide?","og_description":"Der moralische Druck auf Moskau, die Ausfuhr ukrainischen Getreides trotz Kampfhandlungen zu erm\u00f6glichen, war gro\u00df: Die mediale und die politische Kampagne verwiesen auf von Hunger bedrohte Regionen in Afrika. Gro\u00df ist daher die Verwunderung dar\u00fcber, dass sich das satte Europa den gr\u00f6\u00dften Teil der Lieferungen schnappte. Es war der drohende Hunger in Afrika, mit dem [&hellip;]","og_url":"https:\/\/now-news.de\/de\/deutschland\/kinder-in-afrika-oder-schweine-in-spanien-wohin-ging-das-ukrainische-getreide\/","og_site_name":"just-now.NEWS Deutschland","article_publisher":"https:\/\/www.facebook.com\/wirmachenauf","article_published_time":"2022-12-31T12:42:10+00:00","og_image":[{"width":780,"height":520,"url":"https:\/\/now-news.de\/de\/wp-content\/uploads\/sites\/3\/2022\/12\/Kinder-in-Afrika-oder-Schweine-in-Spanien-Wohin-ging-das.png","type":"image\/png"}],"author":"rtnews","twitter_card":"summary_large_image","twitter_creator":"@WirMachenAuf_de","twitter_site":"@WirMachenAuf_de","twitter_misc":{"Verfasst von":"rtnews","Gesch\u00e4tzte Lesezeit":"3\u00a0Minuten"},"schema":{"@context":"https:\/\/schema.org","@graph":[{"@type":"Article","@id":"https:\/\/now-news.de\/de\/deutschland\/kinder-in-afrika-oder-schweine-in-spanien-wohin-ging-das-ukrainische-getreide\/#article","isPartOf":{"@id":"https:\/\/now-news.de\/de\/deutschland\/kinder-in-afrika-oder-schweine-in-spanien-wohin-ging-das-ukrainische-getreide\/"},"author":{"name":"rtnews","@id":"https:\/\/now-news.de\/de\/#\/schema\/person\/fb534a4e865501d8b3285208df34a9b5"},"headline":"Kinder in Afrika oder Schweine in Spanien: Wohin ging das ukrainische Getreide?","datePublished":"2022-12-31T12:42:10+00:00","dateModified":"2022-12-31T12:42:10+00:00","mainEntityOfPage":{"@id":"https:\/\/now-news.de\/de\/deutschland\/kinder-in-afrika-oder-schweine-in-spanien-wohin-ging-das-ukrainische-getreide\/"},"wordCount":581,"commentCount":0,"publisher":{"@id":"https:\/\/now-news.de\/de\/#organization"},"image":{"@id":"https:\/\/now-news.de\/de\/deutschland\/kinder-in-afrika-oder-schweine-in-spanien-wohin-ging-das-ukrainische-getreide\/#primaryimage"},"thumbnailUrl":"https:\/\/now-news.de\/de\/wp-content\/uploads\/sites\/3\/2022\/12\/Kinder-in-Afrika-oder-Schweine-in-Spanien-Wohin-ging-das.png","keywords":["Afrika","das","Getreide","ging","Kinder","oder","Schweine","Spanien","Ukrainische","Wohin"],"articleSection":["Deutschland","Russland"],"inLanguage":"de","potentialAction":[{"@type":"CommentAction","name":"Comment","target":["https:\/\/now-news.de\/de\/deutschland\/kinder-in-afrika-oder-schweine-in-spanien-wohin-ging-das-ukrainische-getreide\/#respond"]}]},{"@type":"WebPage","@id":"https:\/\/now-news.de\/de\/deutschland\/kinder-in-afrika-oder-schweine-in-spanien-wohin-ging-das-ukrainische-getreide\/","url":"https:\/\/now-news.de\/de\/deutschland\/kinder-in-afrika-oder-schweine-in-spanien-wohin-ging-das-ukrainische-getreide\/","name":"Kinder in Afrika oder Schweine in Spanien: Wohin ging das ukrainische Getreide? - just-now.NEWS Deutschland","isPartOf":{"@id":"https:\/\/now-news.de\/de\/#website"},"primaryImageOfPage":{"@id":"https:\/\/now-news.de\/de\/deutschland\/kinder-in-afrika-oder-schweine-in-spanien-wohin-ging-das-ukrainische-getreide\/#primaryimage"},"image":{"@id":"https:\/\/now-news.de\/de\/deutschland\/kinder-in-afrika-oder-schweine-in-spanien-wohin-ging-das-ukrainische-getreide\/#primaryimage"},"thumbnailUrl":"https:\/\/now-news.de\/de\/wp-content\/uploads\/sites\/3\/2022\/12\/Kinder-in-Afrika-oder-Schweine-in-Spanien-Wohin-ging-das.png","datePublished":"2022-12-31T12:42:10+00:00","dateModified":"2022-12-31T12:42:10+00:00","breadcrumb":{"@id":"https:\/\/now-news.de\/de\/deutschland\/kinder-in-afrika-oder-schweine-in-spanien-wohin-ging-das-ukrainische-getreide\/#breadcrumb"},"inLanguage":"de","potentialAction":[{"@type":"ReadAction","target":["https:\/\/now-news.de\/de\/deutschland\/kinder-in-afrika-oder-schweine-in-spanien-wohin-ging-das-ukrainische-getreide\/"]}]},{"@type":"ImageObject","inLanguage":"de","@id":"https:\/\/now-news.de\/de\/deutschland\/kinder-in-afrika-oder-schweine-in-spanien-wohin-ging-das-ukrainische-getreide\/#primaryimage","url":"https:\/\/now-news.de\/de\/wp-content\/uploads\/sites\/3\/2022\/12\/Kinder-in-Afrika-oder-Schweine-in-Spanien-Wohin-ging-das.png","contentUrl":"https:\/\/now-news.de\/de\/wp-content\/uploads\/sites\/3\/2022\/12\/Kinder-in-Afrika-oder-Schweine-in-Spanien-Wohin-ging-das.png","width":780,"height":520,"caption":"Kinder in Afrika oder Schweine in Spanien: Wohin ging das ukrainische Getreide?"},{"@type":"BreadcrumbList","@id":"https:\/\/now-news.de\/de\/deutschland\/kinder-in-afrika-oder-schweine-in-spanien-wohin-ging-das-ukrainische-getreide\/#breadcrumb","itemListElement":[{"@type":"ListItem","position":1,"name":"Home","item":"https:\/\/now-news.de\/de\/"},{"@type":"ListItem","position":2,"name":"Kinder in Afrika oder Schweine in Spanien: Wohin ging das ukrainische Getreide?"}]},{"@type":"WebSite","@id":"https:\/\/now-news.de\/de\/#website","url":"https:\/\/now-news.de\/de\/","name":"just-now.NEWS Deutschland","description":"Das Portal f\u00fcr unzensierte Nachrichten aus der Welt","publisher":{"@id":"https:\/\/now-news.de\/de\/#organization"},"potentialAction":[{"@type":"SearchAction","target":{"@type":"EntryPoint","urlTemplate":"https:\/\/now-news.de\/de\/?s={search_term_string}"},"query-input":"required name=search_term_string"}],"inLanguage":"de"},{"@type":"Organization","@id":"https:\/\/now-news.de\/de\/#organization","name":"Just Now News","url":"https:\/\/now-news.de\/de\/","logo":{"@type":"ImageObject","inLanguage":"de","@id":"https:\/\/now-news.de\/de\/#\/schema\/logo\/image\/","url":"http:\/\/just-now.news\/de\/wp-content\/uploads\/sites\/3\/2022\/04\/logo500x500.jpg","contentUrl":"http:\/\/just-now.news\/de\/wp-content\/uploads\/sites\/3\/2022\/04\/logo500x500.jpg","width":500,"height":500,"caption":"Just Now News"},"image":{"@id":"https:\/\/now-news.de\/de\/#\/schema\/logo\/image\/"},"sameAs":["https:\/\/www.facebook.com\/wirmachenauf","https:\/\/x.com\/WirMachenAuf_de"]},{"@type":"Person","@id":"https:\/\/now-news.de\/de\/#\/schema\/person\/fb534a4e865501d8b3285208df34a9b5","name":"rtnews","image":{"@type":"ImageObject","inLanguage":"de","@id":"https:\/\/now-news.de\/de\/#\/schema\/person\/image\/","url":"https:\/\/secure.gravatar.com\/avatar\/82aafea7d8127119dd649515f56e2117?s=96&d=mm&r=g","contentUrl":"https:\/\/secure.gravatar.com\/avatar\/82aafea7d8127119dd649515f56e2117?s=96&d=mm&r=g","caption":"rtnews"},"url":"https:\/\/now-news.de\/de\/author\/rnews\/"}]}},"_links":{"self":[{"href":"https:\/\/now-news.de\/de\/wp-json\/wp\/v2\/posts\/26698"}],"collection":[{"href":"https:\/\/now-news.de\/de\/wp-json\/wp\/v2\/posts"}],"about":[{"href":"https:\/\/now-news.de\/de\/wp-json\/wp\/v2\/types\/post"}],"author":[{"embeddable":true,"href":"https:\/\/now-news.de\/de\/wp-json\/wp\/v2\/users\/3"}],"replies":[{"embeddable":true,"href":"https:\/\/now-news.de\/de\/wp-json\/wp\/v2\/comments?post=26698"}],"version-history":[{"count":0,"href":"https:\/\/now-news.de\/de\/wp-json\/wp\/v2\/posts\/26698\/revisions"}],"wp:featuredmedia":[{"embeddable":true,"href":"https:\/\/now-news.de\/de\/wp-json\/wp\/v2\/media\/26699"}],"wp:attachment":[{"href":"https:\/\/now-news.de\/de\/wp-json\/wp\/v2\/media?parent=26698"}],"wp:term":[{"taxonomy":"category","embeddable":true,"href":"https:\/\/now-news.de\/de\/wp-json\/wp\/v2\/categories?post=26698"},{"taxonomy":"post_tag","embeddable":true,"href":"https:\/\/now-news.de\/de\/wp-json\/wp\/v2\/tags?post=26698"}],"curies":[{"name":"wp","href":"https:\/\/api.w.org\/{rel}","templated":true}]}}