{"id":26639,"date":"2022-12-30T17:34:10","date_gmt":"2022-12-30T15:34:10","guid":{"rendered":"https:\/\/just-now.news\/de\/deutschland\/infantilisierung-der-politik-eindruecke-eines-afd-abgeordneten-im-berliner-abgeordnetenhaus\/"},"modified":"2022-12-30T17:34:10","modified_gmt":"2022-12-30T15:34:10","slug":"infantilisierung-der-politik-eindruecke-eines-afd-abgeordneten-im-berliner-abgeordnetenhaus","status":"publish","type":"post","link":"https:\/\/now-news.de\/de\/deutschland\/infantilisierung-der-politik-eindruecke-eines-afd-abgeordneten-im-berliner-abgeordnetenhaus\/","title":{"rendered":"&quot;Infantilisierung der Politik&quot; \u2013 Eindr\u00fccke eines AfD-Abgeordneten im Berliner Abgeordnetenhaus"},"content":{"rendered":"<p><img decoding=\"async\" src=\"http:\/\/just-now.news\/de\/wp-content\/uploads\/sites\/3\/2022\/12\/63ae9fb4b480cc103b3b14e5.jpg\" \/><\/p>\n<div class=\"Text-root Text-type_1 \">\n                Der Berliner AfD-Landtagsabgeordnete Anton\u00edn Brousek erl\u00e4utert in einem Video seine Erfahrungen von politischer Kultur im Berliner Politmilieu. Ein Gro\u00dfteil der Abgeordneten des Senats sind unter 30 und h\u00e4tten Verhaltensformen auf Schulhofniveau. Ablehnung, Desinteresse und auff\u00e4lliger Digitalkonsum seien die Normalit\u00e4t.\n            <\/div>\n<p><\/p>\n<div class=\"Text-root Text-type_5 ArticleView-text ViewText-root \">\n<p>Antonin Brousek ist geb\u00fcrtiger Tscheche und gelernter \u00dcbersetzer. Er war zudem zuletzt als Volljuris im\u00a0Justizdienst des Landes Berlin als Richter am Amtsgericht Sch\u00f6neberg und Ausbilder am Kammergericht t\u00e4tig. Seit dem Jahr 2021\u00a0hat er einen Sitz als <a rel=\"nofollow noopener\" target=\"_blank\" href=\"https:\/\/www.parlament-berlin.de\/Abgeordnete\/antonin-brousek?groupStrategy=fraktion\">Mitglied der Afd<\/a> im Berliner\u00a0Abgeordnetenhaus. Brousek ist\u00a060 Jahre alt.\u00a0<\/p>\n<p>In den sozialen Medien wird aktuell \u00fcber ein Videostatement des AfD-Abgeordneten diskutiert, in dem er einen Einblick in seine pers\u00f6nlichen Erfahrungswerte\u00a0des Alltagsgesch\u00e4fts eines Berliner Politikers gibt. Er zeigt sich best\u00fcrzt und irritiert \u00fcber das Niveau und Verhalten der gr\u00f6\u00dftenteils wesentlich j\u00fcngeren Kollegen aus der regierungsverantwortlichen Rot-Rot-Gr\u00fcn Fraktion. Die AfD \u00fcberschrieb das Statement auf ihrer Facebook-Seite mit dem Titel: &#8220;Infantilisierung der Politik: <a rel=\"nofollow noopener\" target=\"_blank\" href=\"https:\/\/www.facebook.com\/Hauptstadtfraktion\/videos\/5214833565288691\/\">Kinder an der Macht<\/a>&#8220;.<\/p>\n<p>Brousek erl\u00e4utert\u00a0am Anfang seiner Darlegungen, dass er mit Beginn seiner Abgeordnetent\u00e4tigkeit davon ausging, dass das Rote Rathaus als &#8220;das Hohe Haus&#8221; betrachtet werden sollte, dabei jedoch feststellen musste, dass ein wesentlicher Anteil der Kollegen weit j\u00fcnger, &#8220;unter 30 sind&#8221;. Er kommentiert dazu:<\/p>\n<blockquote>\n<p><em>&#8220;Und in der Politik gilt meiner Meinung nach der Spruch: &#8216;Trau keinem unter 30&#8217;. Leider merkt man, dass hier auch Kinder im Parlament sitzen, daran, wie die Leute sich benehmen.&#8221;<\/em><\/p>\n<\/blockquote>\n<p>So w\u00fcrden, &#8220;f\u00fcr die meisten eher unbekannt&#8221;, generell bei Reden von AfD-Mitgliedern &#8220;ungef\u00e4hr 50 Prozent der Abgeordneten rausgehen&#8221;. Weiter legt Brousek dar:<\/p>\n<blockquote>\n<p><em>&#8220;Die \u00fcbrigen 50 Prozent schauen, und ich \u00fcbertreibe nicht, zu 90 Prozent in ihr Handy oder in ihren Laptop. Auch auf der Regierungsbank wird das gemacht.&#8221;<\/em><\/p>\n<\/blockquote>\n<p>Das Statement f\u00fchrt weiter aus:<\/p>\n<blockquote>\n<p><em>&#8220;Und wenn sie da nicht reingucken, weil offensichtlich nichts Interessantes ist, stehen sie auf, bilden Gr\u00fcppchen und quatschen miteinander, wie auf dem Schulhof.&#8221;<\/em><\/p>\n<\/blockquote>\n<p>Eine zu erwartende Ermahnung seitens des\u00a0<a rel=\"nofollow noopener\" target=\"_blank\" href=\"https:\/\/www.parlament-berlin.de\/das-parlament\/der-praesident\">Parlamentspr\u00e4sidenten<\/a>, aktuell\u00a0Dennis Buchner (SPD), oder entsprechenden Stellvertreterinnen sei dabei noch nicht vorgekommen. In einem diesbez\u00fcglichen aktuellen <a rel=\"nofollow noopener\" target=\"_blank\" href=\"https:\/\/reitschuster.de\/post\/berliner-parlament-mischung-aus-irrenhaus-und-maedchen-lyzeum\/\">Interview<\/a> mit dem Journalisten Boris Reitschuster hei\u00dft es in dem dazugeh\u00f6rigen Artikel:<\/p>\n<blockquote>\n<p><em>&#8220;Das Parlament sei eine &#8216;Mischung aus Irrenhaus und M\u00e4dchen-Lyzeum&#8217;, eine &#8216;Art selbst verwaltete Schule, wo es \u00fcberhaupt keine Autorit\u00e4ten mehr gibt&#8217;. Er glaube, im Berliner Landtag gebe es &#8216;wenig Autorit\u00e4t&#8217;. Und die Autorit\u00e4ten w\u00fcrden von diesen Leuten &#8220;ausdr\u00fccklich und ostentativ missachtet, denn sie lehnen ja Autorit\u00e4ten ab&#8221;.<\/em><\/p>\n<\/blockquote>\n<p>Brousek erl\u00e4utert dazu weiter in dem Reitschuster-Interview:<\/p>\n<blockquote>\n<p><em>&#8220;Aber es ist nicht autorit\u00e4tsfrei, sondern man gibt dem anderen eine Ohrfeige durch dieses schlechte Verhalten, man zeigt, wie sehr man den anderen verachtet. Indem man Kommunikation ablehne. Das ist ganz gef\u00e4hrlich.&#8221;<\/em><\/p>\n<\/blockquote>\n<p>Im Fahrstuhl &#8220;werde man als AfD-Abgeordneter von den anderen nicht gegr\u00fc\u00dft, auch wenn man selbst h\u00f6flich gr\u00fc\u00dfe&#8221;, so Brousek bei Reitschuster: &#8220;Das ist eine subtil-primitive Art, wo man eigentlich Schl\u00e4ge durch Ignoranz ersetzt. Manchmal hat man das Gef\u00fchl, die w\u00fcrden einem am liebsten ins Gesicht schlagen.&#8221; In dem Facebook-Video-Statement schildert Brousek dann ein Erlebnis im\u00a0Ausschuss f\u00fcr Kultur und Europa, dem er als AfD-Abgeordneter angeh\u00f6rt. Mehrheitlich anwesend sind dabei auch &#8220;zw\u00f6lf Frauen von Rot-Rot-Gr\u00fcn&#8221;. Brousek schildert einen Vorfall w\u00e4hrend einer Veranstaltung mit dem tschechischen Botschafter in Berlin,\u00a0Tom\u00e1\u0161 Kafka:<\/p>\n<blockquote>\n<p><em>&#8220;Und zuerst waren die Damen von Rot-Rot-Gr\u00fcn wahnsinnig h\u00f6flich: &#8216;Seine Exzellenz&#8217; und &#8220;sch\u00f6n, dass sie da sind&#8217;.&#8221;\u00a0<\/em><\/p>\n<\/blockquote>\n<p>Die Beantwortungen der Fragen der Abgeordneten w\u00e4ren dann jedoch inhaltlich so ausgefallen, als &#8220;w\u00e4re der Botschafter ein Mitglied der AfD&#8221;. So teilte er mit: &#8220;Ja, Atomkraft finden wir gut in Prag&#8221;. Die Fl\u00fcchtlingspolitik der Bundesrepublik seit 2015 bef\u00e4nde Tschechien als &#8220;ganz schlecht. Sie von Rot-Rot-Gr\u00fcn fragen immer nur nach Werten. Sie fragen uns aber nicht, was diese Werte uns kosten k\u00f6nnten&#8221;, so Botschafter Kafka laut Brousek gegen\u00fcber dem Ausschuss. Daraufhin sei die Stimmung der Anwesenden gekippt. Brousek w\u00f6rtlich:<\/p>\n<blockquote>\n<p><em>&#8220;Und was\u00a0haben diese zw\u00f6lf Damen gemacht? Als sie merkten, dass die Antworten in eine bestimmte Richtung gehen,\u00a0haben elf von den zw\u00f6lf\u00a0sofort in ihr Handy geguckt, wie Kinder in der Schule, die nicht rangenommen werden wollen und intensiv in ihr Buch gucken.&#8221;<\/em><\/p>\n<\/blockquote>\n<p>W\u00e4hrend der Veranstaltung seien die Abgeordneten dann &#8220;aufgestanden und haben wieder Gr\u00fcppchen gebildet, sind rein- und rausgegangen und haben sich, man glaubt es kaum, der Botschafter konnte es auch nicht glauben, teilweise auf den Boden gesetzt&#8221;. Res\u00fcmierend kommentiert Brousek:<\/p>\n<blockquote>\n<p><em>&#8220;Deswegen bin ich der Meinung, dass diese Leute einfach geistig nicht reif sind, egal wie alt sie sind, ob sie unter 30 sind oder \u00fcber 30. Sie k\u00f6nnen n\u00e4mlich verschiedene Dinge nicht, die man im Parlament und in der Regierung braucht. Sie k\u00f6nnen sich nicht konzentrieren, sie k\u00f6nnen nicht diskutieren und sie halten andere Meinungen nicht aus. Solche Menschen haben hier eigentlich nichts verloren.&#8221;\u00a0<\/em><\/p>\n<\/blockquote>\n<p>Es kam w\u00e4hrend der Ausschusssitzung zu keinerlei Ermahnungen. Die Vorsitzende des\u00a0Ausschuss f\u00fcr Kultur und Europa in Berlin hei\u00dft Laura Neugebauer (Jahrgang 1995) und ist Gr\u00fcnen-Abgeordnete. Seit\u00a0November 2021 ist sie Mitglied des Abgeordnetenhauses von Berlin. Laut ihrer <a rel=\"nofollow noopener\" target=\"_blank\" href=\"https:\/\/www.parlament-berlin.de\/Abgeordnete\/laura-neugebauer?committeeSlug=19-ausschuss-fur-kultur-und-europa&amp;groupStrategy=committee\">Biografie<\/a> studiert sie seit 2018\u00a0Wirtschaftsingenieurwesen an der TU Berlin, zudem ist sie &#8220;fachpolitische Sprecherin f\u00fcr\u00a0Hochschule, Forschung und au\u00dferschulische Bildung sowie\u00a0Sprecherin f\u00fcr\u00a0Queerpolitik&#8221;.<\/p>\n<p><strong>Mehr zum Thema <\/strong>&#8211;\u00a0<a rel=\"nofollow noopener\" target=\"_blank\" href=\"https:\/\/pressefreiheit.rtde.tech\/inland\/158486-berliner-polizei-erhaelt-leitfaden-fuer\/\">Hausaufgabe: Berliner Polizei erh\u00e4lt Leitfaden f\u00fcr &#8220;einen diskriminierungssensiblen Sprachgebrauch&#8221;<\/a><\/p>\n<\/div>\n<p><br \/>\n<br \/><a href=\"https:\/\/de.rt.com\/inland\/158576-infantilisierung-politik-eindruecke-afd-abgeordneten\/\">Source link <\/a><\/p>\n","protected":false},"excerpt":{"rendered":"<p>Der Berliner AfD-Landtagsabgeordnete Anton\u00edn Brousek erl\u00e4utert in einem Video seine Erfahrungen von politischer Kultur im Berliner Politmilieu. Ein Gro\u00dfteil der Abgeordneten des Senats sind unter 30 und h\u00e4tten Verhaltensformen auf Schulhofniveau. Ablehnung, Desinteresse und auff\u00e4lliger Digitalkonsum seien die Normalit\u00e4t. Antonin Brousek ist geb\u00fcrtiger Tscheche und gelernter \u00dcbersetzer. Er war zudem zuletzt als Volljuris im\u00a0Justizdienst des [&hellip;]<\/p>\n","protected":false},"author":3,"featured_media":26640,"comment_status":"open","ping_status":"open","sticky":false,"template":"","format":"standard","meta":{"_yoast_indexnow_last_ping":["1672415296"],"wp_automatic_camp":["217"],"f02f26f3764147c0304fb7ec632a75aa":["&quot;Infantilisierung der Politik&quot; \u2013 Eindr\u00fccke eines AfD-Abgeordneten im Berliner Abgeordnetenhaus"],"original_link":["https:\/\/de.rt.com\/inland\/158576-infantilisierung-politik-eindruecke-afd-abgeordneten\/"],"_thumbnail_id":["26640"],"_wptgpro_p2tg_sent2tg":["a:1:{i:23737;s:19:\"2022-12-30 17:49:43\";}"],"jnews_social_counter_last_update":["1777170593"]},"categories":[19,23],"tags":[38310,38309,9101,82,33691,2111,23100,38308],"yoast_head":"<!-- This site is optimized with the Yoast SEO Premium plugin v22.7 (Yoast SEO v22.7) - https:\/\/yoast.com\/wordpress\/plugins\/seo\/ -->\n<title>&quot;Infantilisierung der Politik&quot; \u2013 Eindr\u00fccke eines AfD-Abgeordneten im Berliner Abgeordnetenhaus - just-now.NEWS Deutschland<\/title>\n<meta name=\"robots\" content=\"index, follow, max-snippet:-1, max-image-preview:large, max-video-preview:-1\" \/>\n<link rel=\"canonical\" href=\"https:\/\/now-news.de\/de\/deutschland\/infantilisierung-der-politik-eindruecke-eines-afd-abgeordneten-im-berliner-abgeordnetenhaus\/\" \/>\n<meta property=\"og:locale\" content=\"de_DE\" \/>\n<meta property=\"og:type\" content=\"article\" \/>\n<meta property=\"og:title\" content=\"&quot;Infantilisierung der Politik&quot; \u2013 Eindr\u00fccke eines AfD-Abgeordneten im Berliner Abgeordnetenhaus\" \/>\n<meta property=\"og:description\" content=\"Der Berliner AfD-Landtagsabgeordnete Anton\u00edn Brousek erl\u00e4utert in einem Video seine Erfahrungen von politischer Kultur im Berliner Politmilieu. Ein Gro\u00dfteil der Abgeordneten des Senats sind unter 30 und h\u00e4tten Verhaltensformen auf Schulhofniveau. Ablehnung, Desinteresse und auff\u00e4lliger Digitalkonsum seien die Normalit\u00e4t. Antonin Brousek ist geb\u00fcrtiger Tscheche und gelernter \u00dcbersetzer. Er war zudem zuletzt als Volljuris im\u00a0Justizdienst des [&hellip;]\" \/>\n<meta property=\"og:url\" content=\"https:\/\/now-news.de\/de\/deutschland\/infantilisierung-der-politik-eindruecke-eines-afd-abgeordneten-im-berliner-abgeordnetenhaus\/\" \/>\n<meta property=\"og:site_name\" content=\"just-now.NEWS Deutschland\" \/>\n<meta property=\"article:publisher\" content=\"https:\/\/www.facebook.com\/wirmachenauf\" \/>\n<meta property=\"article:published_time\" content=\"2022-12-30T15:34:10+00:00\" \/>\n<meta property=\"og:image\" content=\"https:\/\/now-news.de\/de\/wp-content\/uploads\/sites\/3\/2022\/12\/quotInfantilisierung-der-Politikquot-\u2013-Eindruecke-eines-AfD-Abgeordneten-im-Berliner-Abgeordnetenhaus.jpg\" \/>\n\t<meta property=\"og:image:width\" content=\"460\" \/>\n\t<meta property=\"og:image:height\" content=\"259\" \/>\n\t<meta property=\"og:image:type\" content=\"image\/jpeg\" \/>\n<meta name=\"author\" content=\"rtnews\" \/>\n<meta name=\"twitter:card\" content=\"summary_large_image\" \/>\n<meta name=\"twitter:creator\" content=\"@WirMachenAuf_de\" \/>\n<meta name=\"twitter:site\" content=\"@WirMachenAuf_de\" \/>\n<meta name=\"twitter:label1\" content=\"Verfasst von\" \/>\n\t<meta name=\"twitter:data1\" content=\"rtnews\" \/>\n\t<meta name=\"twitter:label2\" content=\"Gesch\u00e4tzte Lesezeit\" \/>\n\t<meta name=\"twitter:data2\" content=\"4\u00a0Minuten\" \/>\n<script type=\"application\/ld+json\" class=\"yoast-schema-graph\">{\"@context\":\"https:\/\/schema.org\",\"@graph\":[{\"@type\":\"Article\",\"@id\":\"https:\/\/now-news.de\/de\/deutschland\/infantilisierung-der-politik-eindruecke-eines-afd-abgeordneten-im-berliner-abgeordnetenhaus\/#article\",\"isPartOf\":{\"@id\":\"https:\/\/now-news.de\/de\/deutschland\/infantilisierung-der-politik-eindruecke-eines-afd-abgeordneten-im-berliner-abgeordnetenhaus\/\"},\"author\":{\"name\":\"rtnews\",\"@id\":\"https:\/\/now-news.de\/de\/#\/schema\/person\/fb534a4e865501d8b3285208df34a9b5\"},\"headline\":\"&quot;Infantilisierung der Politik&quot; \u2013 Eindr\u00fccke eines AfD-Abgeordneten im Berliner Abgeordnetenhaus\",\"datePublished\":\"2022-12-30T15:34:10+00:00\",\"dateModified\":\"2022-12-30T15:34:10+00:00\",\"mainEntityOfPage\":{\"@id\":\"https:\/\/now-news.de\/de\/deutschland\/infantilisierung-der-politik-eindruecke-eines-afd-abgeordneten-im-berliner-abgeordnetenhaus\/\"},\"wordCount\":909,\"commentCount\":0,\"publisher\":{\"@id\":\"https:\/\/now-news.de\/de\/#organization\"},\"image\":{\"@id\":\"https:\/\/now-news.de\/de\/deutschland\/infantilisierung-der-politik-eindruecke-eines-afd-abgeordneten-im-berliner-abgeordnetenhaus\/#primaryimage\"},\"thumbnailUrl\":\"https:\/\/now-news.de\/de\/wp-content\/uploads\/sites\/3\/2022\/12\/quotInfantilisierung-der-Politikquot-\u2013-Eindruecke-eines-AfD-Abgeordneten-im-Berliner-Abgeordnetenhaus.jpg\",\"keywords\":[\"Abgeordnetenhaus\",\"AfDAbgeordneten\",\"Berliner\",\"der\",\"Eindr\u00fccke\",\"eines\",\"Politikquot\",\"quotInfantilisierung\"],\"articleSection\":[\"Deutschland\",\"Russland\"],\"inLanguage\":\"de\",\"potentialAction\":[{\"@type\":\"CommentAction\",\"name\":\"Comment\",\"target\":[\"https:\/\/now-news.de\/de\/deutschland\/infantilisierung-der-politik-eindruecke-eines-afd-abgeordneten-im-berliner-abgeordnetenhaus\/#respond\"]}]},{\"@type\":\"WebPage\",\"@id\":\"https:\/\/now-news.de\/de\/deutschland\/infantilisierung-der-politik-eindruecke-eines-afd-abgeordneten-im-berliner-abgeordnetenhaus\/\",\"url\":\"https:\/\/now-news.de\/de\/deutschland\/infantilisierung-der-politik-eindruecke-eines-afd-abgeordneten-im-berliner-abgeordnetenhaus\/\",\"name\":\"&quot;Infantilisierung der Politik&quot; \u2013 Eindr\u00fccke eines AfD-Abgeordneten im Berliner Abgeordnetenhaus - just-now.NEWS Deutschland\",\"isPartOf\":{\"@id\":\"https:\/\/now-news.de\/de\/#website\"},\"primaryImageOfPage\":{\"@id\":\"https:\/\/now-news.de\/de\/deutschland\/infantilisierung-der-politik-eindruecke-eines-afd-abgeordneten-im-berliner-abgeordnetenhaus\/#primaryimage\"},\"image\":{\"@id\":\"https:\/\/now-news.de\/de\/deutschland\/infantilisierung-der-politik-eindruecke-eines-afd-abgeordneten-im-berliner-abgeordnetenhaus\/#primaryimage\"},\"thumbnailUrl\":\"https:\/\/now-news.de\/de\/wp-content\/uploads\/sites\/3\/2022\/12\/quotInfantilisierung-der-Politikquot-\u2013-Eindruecke-eines-AfD-Abgeordneten-im-Berliner-Abgeordnetenhaus.jpg\",\"datePublished\":\"2022-12-30T15:34:10+00:00\",\"dateModified\":\"2022-12-30T15:34:10+00:00\",\"breadcrumb\":{\"@id\":\"https:\/\/now-news.de\/de\/deutschland\/infantilisierung-der-politik-eindruecke-eines-afd-abgeordneten-im-berliner-abgeordnetenhaus\/#breadcrumb\"},\"inLanguage\":\"de\",\"potentialAction\":[{\"@type\":\"ReadAction\",\"target\":[\"https:\/\/now-news.de\/de\/deutschland\/infantilisierung-der-politik-eindruecke-eines-afd-abgeordneten-im-berliner-abgeordnetenhaus\/\"]}]},{\"@type\":\"ImageObject\",\"inLanguage\":\"de\",\"@id\":\"https:\/\/now-news.de\/de\/deutschland\/infantilisierung-der-politik-eindruecke-eines-afd-abgeordneten-im-berliner-abgeordnetenhaus\/#primaryimage\",\"url\":\"https:\/\/now-news.de\/de\/wp-content\/uploads\/sites\/3\/2022\/12\/quotInfantilisierung-der-Politikquot-\u2013-Eindruecke-eines-AfD-Abgeordneten-im-Berliner-Abgeordnetenhaus.jpg\",\"contentUrl\":\"https:\/\/now-news.de\/de\/wp-content\/uploads\/sites\/3\/2022\/12\/quotInfantilisierung-der-Politikquot-\u2013-Eindruecke-eines-AfD-Abgeordneten-im-Berliner-Abgeordnetenhaus.jpg\",\"width\":460,\"height\":259,\"caption\":\"&quot;Infantilisierung der Politik&quot; \u2013 Eindr\u00fccke eines AfD-Abgeordneten im Berliner Abgeordnetenhaus\"},{\"@type\":\"BreadcrumbList\",\"@id\":\"https:\/\/now-news.de\/de\/deutschland\/infantilisierung-der-politik-eindruecke-eines-afd-abgeordneten-im-berliner-abgeordnetenhaus\/#breadcrumb\",\"itemListElement\":[{\"@type\":\"ListItem\",\"position\":1,\"name\":\"Home\",\"item\":\"https:\/\/now-news.de\/de\/\"},{\"@type\":\"ListItem\",\"position\":2,\"name\":\"&quot;Infantilisierung der Politik&quot; \u2013 Eindr\u00fccke eines AfD-Abgeordneten im Berliner Abgeordnetenhaus\"}]},{\"@type\":\"WebSite\",\"@id\":\"https:\/\/now-news.de\/de\/#website\",\"url\":\"https:\/\/now-news.de\/de\/\",\"name\":\"just-now.NEWS Deutschland\",\"description\":\"Das Portal f\u00fcr unzensierte Nachrichten aus der Welt\",\"publisher\":{\"@id\":\"https:\/\/now-news.de\/de\/#organization\"},\"potentialAction\":[{\"@type\":\"SearchAction\",\"target\":{\"@type\":\"EntryPoint\",\"urlTemplate\":\"https:\/\/now-news.de\/de\/?s={search_term_string}\"},\"query-input\":\"required name=search_term_string\"}],\"inLanguage\":\"de\"},{\"@type\":\"Organization\",\"@id\":\"https:\/\/now-news.de\/de\/#organization\",\"name\":\"Just Now News\",\"url\":\"https:\/\/now-news.de\/de\/\",\"logo\":{\"@type\":\"ImageObject\",\"inLanguage\":\"de\",\"@id\":\"https:\/\/now-news.de\/de\/#\/schema\/logo\/image\/\",\"url\":\"http:\/\/just-now.news\/de\/wp-content\/uploads\/sites\/3\/2022\/04\/logo500x500.jpg\",\"contentUrl\":\"http:\/\/just-now.news\/de\/wp-content\/uploads\/sites\/3\/2022\/04\/logo500x500.jpg\",\"width\":500,\"height\":500,\"caption\":\"Just Now News\"},\"image\":{\"@id\":\"https:\/\/now-news.de\/de\/#\/schema\/logo\/image\/\"},\"sameAs\":[\"https:\/\/www.facebook.com\/wirmachenauf\",\"https:\/\/x.com\/WirMachenAuf_de\"]},{\"@type\":\"Person\",\"@id\":\"https:\/\/now-news.de\/de\/#\/schema\/person\/fb534a4e865501d8b3285208df34a9b5\",\"name\":\"rtnews\",\"image\":{\"@type\":\"ImageObject\",\"inLanguage\":\"de\",\"@id\":\"https:\/\/now-news.de\/de\/#\/schema\/person\/image\/\",\"url\":\"https:\/\/secure.gravatar.com\/avatar\/82aafea7d8127119dd649515f56e2117?s=96&d=mm&r=g\",\"contentUrl\":\"https:\/\/secure.gravatar.com\/avatar\/82aafea7d8127119dd649515f56e2117?s=96&d=mm&r=g\",\"caption\":\"rtnews\"},\"url\":\"https:\/\/now-news.de\/de\/author\/rnews\/\"}]}<\/script>\n<!-- \/ Yoast SEO Premium plugin. -->","yoast_head_json":{"title":"&quot;Infantilisierung der Politik&quot; \u2013 Eindr\u00fccke eines AfD-Abgeordneten im Berliner Abgeordnetenhaus - just-now.NEWS Deutschland","robots":{"index":"index","follow":"follow","max-snippet":"max-snippet:-1","max-image-preview":"max-image-preview:large","max-video-preview":"max-video-preview:-1"},"canonical":"https:\/\/now-news.de\/de\/deutschland\/infantilisierung-der-politik-eindruecke-eines-afd-abgeordneten-im-berliner-abgeordnetenhaus\/","og_locale":"de_DE","og_type":"article","og_title":"&quot;Infantilisierung der Politik&quot; \u2013 Eindr\u00fccke eines AfD-Abgeordneten im Berliner Abgeordnetenhaus","og_description":"Der Berliner AfD-Landtagsabgeordnete Anton\u00edn Brousek erl\u00e4utert in einem Video seine Erfahrungen von politischer Kultur im Berliner Politmilieu. Ein Gro\u00dfteil der Abgeordneten des Senats sind unter 30 und h\u00e4tten Verhaltensformen auf Schulhofniveau. Ablehnung, Desinteresse und auff\u00e4lliger Digitalkonsum seien die Normalit\u00e4t. Antonin Brousek ist geb\u00fcrtiger Tscheche und gelernter \u00dcbersetzer. Er war zudem zuletzt als Volljuris im\u00a0Justizdienst des [&hellip;]","og_url":"https:\/\/now-news.de\/de\/deutschland\/infantilisierung-der-politik-eindruecke-eines-afd-abgeordneten-im-berliner-abgeordnetenhaus\/","og_site_name":"just-now.NEWS Deutschland","article_publisher":"https:\/\/www.facebook.com\/wirmachenauf","article_published_time":"2022-12-30T15:34:10+00:00","og_image":[{"width":460,"height":259,"url":"https:\/\/now-news.de\/de\/wp-content\/uploads\/sites\/3\/2022\/12\/quotInfantilisierung-der-Politikquot-\u2013-Eindruecke-eines-AfD-Abgeordneten-im-Berliner-Abgeordnetenhaus.jpg","type":"image\/jpeg"}],"author":"rtnews","twitter_card":"summary_large_image","twitter_creator":"@WirMachenAuf_de","twitter_site":"@WirMachenAuf_de","twitter_misc":{"Verfasst von":"rtnews","Gesch\u00e4tzte Lesezeit":"4\u00a0Minuten"},"schema":{"@context":"https:\/\/schema.org","@graph":[{"@type":"Article","@id":"https:\/\/now-news.de\/de\/deutschland\/infantilisierung-der-politik-eindruecke-eines-afd-abgeordneten-im-berliner-abgeordnetenhaus\/#article","isPartOf":{"@id":"https:\/\/now-news.de\/de\/deutschland\/infantilisierung-der-politik-eindruecke-eines-afd-abgeordneten-im-berliner-abgeordnetenhaus\/"},"author":{"name":"rtnews","@id":"https:\/\/now-news.de\/de\/#\/schema\/person\/fb534a4e865501d8b3285208df34a9b5"},"headline":"&quot;Infantilisierung der Politik&quot; \u2013 Eindr\u00fccke eines AfD-Abgeordneten im Berliner Abgeordnetenhaus","datePublished":"2022-12-30T15:34:10+00:00","dateModified":"2022-12-30T15:34:10+00:00","mainEntityOfPage":{"@id":"https:\/\/now-news.de\/de\/deutschland\/infantilisierung-der-politik-eindruecke-eines-afd-abgeordneten-im-berliner-abgeordnetenhaus\/"},"wordCount":909,"commentCount":0,"publisher":{"@id":"https:\/\/now-news.de\/de\/#organization"},"image":{"@id":"https:\/\/now-news.de\/de\/deutschland\/infantilisierung-der-politik-eindruecke-eines-afd-abgeordneten-im-berliner-abgeordnetenhaus\/#primaryimage"},"thumbnailUrl":"https:\/\/now-news.de\/de\/wp-content\/uploads\/sites\/3\/2022\/12\/quotInfantilisierung-der-Politikquot-\u2013-Eindruecke-eines-AfD-Abgeordneten-im-Berliner-Abgeordnetenhaus.jpg","keywords":["Abgeordnetenhaus","AfDAbgeordneten","Berliner","der","Eindr\u00fccke","eines","Politikquot","quotInfantilisierung"],"articleSection":["Deutschland","Russland"],"inLanguage":"de","potentialAction":[{"@type":"CommentAction","name":"Comment","target":["https:\/\/now-news.de\/de\/deutschland\/infantilisierung-der-politik-eindruecke-eines-afd-abgeordneten-im-berliner-abgeordnetenhaus\/#respond"]}]},{"@type":"WebPage","@id":"https:\/\/now-news.de\/de\/deutschland\/infantilisierung-der-politik-eindruecke-eines-afd-abgeordneten-im-berliner-abgeordnetenhaus\/","url":"https:\/\/now-news.de\/de\/deutschland\/infantilisierung-der-politik-eindruecke-eines-afd-abgeordneten-im-berliner-abgeordnetenhaus\/","name":"&quot;Infantilisierung der Politik&quot; \u2013 Eindr\u00fccke eines AfD-Abgeordneten im Berliner Abgeordnetenhaus - just-now.NEWS Deutschland","isPartOf":{"@id":"https:\/\/now-news.de\/de\/#website"},"primaryImageOfPage":{"@id":"https:\/\/now-news.de\/de\/deutschland\/infantilisierung-der-politik-eindruecke-eines-afd-abgeordneten-im-berliner-abgeordnetenhaus\/#primaryimage"},"image":{"@id":"https:\/\/now-news.de\/de\/deutschland\/infantilisierung-der-politik-eindruecke-eines-afd-abgeordneten-im-berliner-abgeordnetenhaus\/#primaryimage"},"thumbnailUrl":"https:\/\/now-news.de\/de\/wp-content\/uploads\/sites\/3\/2022\/12\/quotInfantilisierung-der-Politikquot-\u2013-Eindruecke-eines-AfD-Abgeordneten-im-Berliner-Abgeordnetenhaus.jpg","datePublished":"2022-12-30T15:34:10+00:00","dateModified":"2022-12-30T15:34:10+00:00","breadcrumb":{"@id":"https:\/\/now-news.de\/de\/deutschland\/infantilisierung-der-politik-eindruecke-eines-afd-abgeordneten-im-berliner-abgeordnetenhaus\/#breadcrumb"},"inLanguage":"de","potentialAction":[{"@type":"ReadAction","target":["https:\/\/now-news.de\/de\/deutschland\/infantilisierung-der-politik-eindruecke-eines-afd-abgeordneten-im-berliner-abgeordnetenhaus\/"]}]},{"@type":"ImageObject","inLanguage":"de","@id":"https:\/\/now-news.de\/de\/deutschland\/infantilisierung-der-politik-eindruecke-eines-afd-abgeordneten-im-berliner-abgeordnetenhaus\/#primaryimage","url":"https:\/\/now-news.de\/de\/wp-content\/uploads\/sites\/3\/2022\/12\/quotInfantilisierung-der-Politikquot-\u2013-Eindruecke-eines-AfD-Abgeordneten-im-Berliner-Abgeordnetenhaus.jpg","contentUrl":"https:\/\/now-news.de\/de\/wp-content\/uploads\/sites\/3\/2022\/12\/quotInfantilisierung-der-Politikquot-\u2013-Eindruecke-eines-AfD-Abgeordneten-im-Berliner-Abgeordnetenhaus.jpg","width":460,"height":259,"caption":"&quot;Infantilisierung der Politik&quot; \u2013 Eindr\u00fccke eines AfD-Abgeordneten im Berliner Abgeordnetenhaus"},{"@type":"BreadcrumbList","@id":"https:\/\/now-news.de\/de\/deutschland\/infantilisierung-der-politik-eindruecke-eines-afd-abgeordneten-im-berliner-abgeordnetenhaus\/#breadcrumb","itemListElement":[{"@type":"ListItem","position":1,"name":"Home","item":"https:\/\/now-news.de\/de\/"},{"@type":"ListItem","position":2,"name":"&quot;Infantilisierung der Politik&quot; \u2013 Eindr\u00fccke eines AfD-Abgeordneten im Berliner Abgeordnetenhaus"}]},{"@type":"WebSite","@id":"https:\/\/now-news.de\/de\/#website","url":"https:\/\/now-news.de\/de\/","name":"just-now.NEWS Deutschland","description":"Das Portal f\u00fcr unzensierte Nachrichten aus der Welt","publisher":{"@id":"https:\/\/now-news.de\/de\/#organization"},"potentialAction":[{"@type":"SearchAction","target":{"@type":"EntryPoint","urlTemplate":"https:\/\/now-news.de\/de\/?s={search_term_string}"},"query-input":"required name=search_term_string"}],"inLanguage":"de"},{"@type":"Organization","@id":"https:\/\/now-news.de\/de\/#organization","name":"Just Now News","url":"https:\/\/now-news.de\/de\/","logo":{"@type":"ImageObject","inLanguage":"de","@id":"https:\/\/now-news.de\/de\/#\/schema\/logo\/image\/","url":"http:\/\/just-now.news\/de\/wp-content\/uploads\/sites\/3\/2022\/04\/logo500x500.jpg","contentUrl":"http:\/\/just-now.news\/de\/wp-content\/uploads\/sites\/3\/2022\/04\/logo500x500.jpg","width":500,"height":500,"caption":"Just Now News"},"image":{"@id":"https:\/\/now-news.de\/de\/#\/schema\/logo\/image\/"},"sameAs":["https:\/\/www.facebook.com\/wirmachenauf","https:\/\/x.com\/WirMachenAuf_de"]},{"@type":"Person","@id":"https:\/\/now-news.de\/de\/#\/schema\/person\/fb534a4e865501d8b3285208df34a9b5","name":"rtnews","image":{"@type":"ImageObject","inLanguage":"de","@id":"https:\/\/now-news.de\/de\/#\/schema\/person\/image\/","url":"https:\/\/secure.gravatar.com\/avatar\/82aafea7d8127119dd649515f56e2117?s=96&d=mm&r=g","contentUrl":"https:\/\/secure.gravatar.com\/avatar\/82aafea7d8127119dd649515f56e2117?s=96&d=mm&r=g","caption":"rtnews"},"url":"https:\/\/now-news.de\/de\/author\/rnews\/"}]}},"_links":{"self":[{"href":"https:\/\/now-news.de\/de\/wp-json\/wp\/v2\/posts\/26639"}],"collection":[{"href":"https:\/\/now-news.de\/de\/wp-json\/wp\/v2\/posts"}],"about":[{"href":"https:\/\/now-news.de\/de\/wp-json\/wp\/v2\/types\/post"}],"author":[{"embeddable":true,"href":"https:\/\/now-news.de\/de\/wp-json\/wp\/v2\/users\/3"}],"replies":[{"embeddable":true,"href":"https:\/\/now-news.de\/de\/wp-json\/wp\/v2\/comments?post=26639"}],"version-history":[{"count":0,"href":"https:\/\/now-news.de\/de\/wp-json\/wp\/v2\/posts\/26639\/revisions"}],"wp:featuredmedia":[{"embeddable":true,"href":"https:\/\/now-news.de\/de\/wp-json\/wp\/v2\/media\/26640"}],"wp:attachment":[{"href":"https:\/\/now-news.de\/de\/wp-json\/wp\/v2\/media?parent=26639"}],"wp:term":[{"taxonomy":"category","embeddable":true,"href":"https:\/\/now-news.de\/de\/wp-json\/wp\/v2\/categories?post=26639"},{"taxonomy":"post_tag","embeddable":true,"href":"https:\/\/now-news.de\/de\/wp-json\/wp\/v2\/tags?post=26639"}],"curies":[{"name":"wp","href":"https:\/\/api.w.org\/{rel}","templated":true}]}}