{"id":26635,"date":"2022-12-30T16:38:27","date_gmt":"2022-12-30T14:38:27","guid":{"rendered":"https:\/\/just-now.news\/de\/deutschland\/wie-eine-ukrainische-anwaltskanzlei-die-jagd-auf-russen-in-europa-organisiert\/"},"modified":"2022-12-30T16:38:27","modified_gmt":"2022-12-30T14:38:27","slug":"wie-eine-ukrainische-anwaltskanzlei-die-jagd-auf-russen-in-europa-organisiert","status":"publish","type":"post","link":"https:\/\/now-news.de\/de\/deutschland\/wie-eine-ukrainische-anwaltskanzlei-die-jagd-auf-russen-in-europa-organisiert\/","title":{"rendered":"Wie eine ukrainische Anwaltskanzlei die Jagd auf Russen in Europa organisiert"},"content":{"rendered":"<div class=\"Text-root Text-type_1 \">\n                Jagd auf Russen: Eine im ukrainischen Lwow ans\u00e4ssige Anwaltskanzlei verspricht, das &#8220;Problem der russischen Pr\u00e4senz&#8221; zu &#8220;l\u00f6sen&#8221;. Soll damit die Hetze auf Russen und alles Russische auf eine globale Ebene gehoben werden?\n            <\/div>\n<p><\/p>\n<div class=\"Text-root Text-type_5 ArticleView-text ViewText-root \">\n<p><em>Von Felix Livschitz<\/em><\/p>\n<p>Die ukrainische Edel-Anwaltskanzlei T&amp;M hat eine neue &#8220;Dienstleistung&#8221; eingef\u00fchrt, die Einwohnern westeurop\u00e4ischer L\u00e4nder verspricht, &#8220;Europa von Raschisten zu s\u00e4ubern&#8221;. &#8220;Raschist&#8221; ist eine in der Ukraine verbreitete abf\u00e4llige Wortsch\u00f6pfung f\u00fcr Russen und Russlandsympathisanten, die von Offiziellen in Kiew gerne verwendet wird und die W\u00f6rter &#8220;russisch&#8221; und &#8220;faschistisch&#8221; kombiniert.<\/p>\n<p>Unter dem Titel &#8220;Geben Sie die Verantwortung f\u00fcr einen Raschisten ab&#8221; \u2013\u00a0offenbar eine schlechte \u00dcbersetzung des ukrainischen Titels &#8220;Liefern Sie einen Raschisten aus&#8221; \u2013, l\u00e4dt eine Webseite Menschen ein, &#8220;die potenziellen Aggressoren, die in Ihrer N\u00e4he leben&#8221; zu melden und verspricht als Reaktion ein Pro-Bono-T\u00e4tigwerden der Kanzlei: &#8220;Wir werden versuchen, das Problem auf rechtlichem Weg zu l\u00f6sen&#8221;. Konkret wird versprochen, dass die Kanzlei die Beh\u00f6rden auf die gemeldete Person aufmerksam machen werde und erreichen wolle, dass ihr Status in der EU &#8220;\u00fcberpr\u00fcft&#8221; wird.\u00a0<\/p>\n<figure class=\"RTImage-root\">\n<div class=\"RTImage-image RTImage-original\"><picture class=\"Picture-root Picture-original\"><!--[if IE 9]><video style=\"display: none;\"><![endif]--><source media=\"(-webkit-min-device-pixel-ratio: 2) and (min-resolution: 120dpi)\" data-srcset=\" \nhttp:\/\/just-now.news\/de\/wp-content\/uploads\/sites\/3\/2022\/12\/63ada34c48fbef62c826a0c4.JPG 850w,\n                http:\/\/just-now.news\/de\/wp-content\/uploads\/sites\/3\/2022\/12\/63ada34c48fbef62c826a0c4.JPG 1960w,\n            \" ><source data-srcset=\" \nhttp:\/\/just-now.news\/de\/wp-content\/uploads\/sites\/3\/2022\/12\/63ada34c48fbef62c826a0c4.JPG 460w,\n              http:\/\/just-now.news\/de\/wp-content\/uploads\/sites\/3\/2022\/12\/63ada34c48fbef62c826a0c4.JPG 980w,\n            \" ><!--[if IE 9]><\/video><![endif]--><img decoding=\"async\" data- src=\"data:image\/png;base64,iVBORw0KGgoAAAANSUhEUgAAABAAAAAJCAQAAACRI2S5AAAAEElEQVR42mNkIAAYRxWAAQAG9gAKqv6+AwAAAABJRU5ErkJggg==\" class=\"Picture-root Picture-original lazyload\" data-src=\"http:\/\/just-now.news\/de\/wp-content\/uploads\/sites\/3\/2022\/12\/63ada34c48fbef62c826a0c4.JPG\" alt=\"\"><\/source><\/source><\/picture><!-- noscript pattern --><noscript><img decoding=\"async\" src=\"http:\/\/just-now.news\/de\/wp-content\/uploads\/sites\/3\/2022\/12\/63ada34c48fbef62c826a0c4.JPG\" alt=\"\"><\/noscript><\/div><figcaption class=\"RTImage-footer\"><span class=\"RTImage-caption\"><span class=\"RTImage-captionItem\">Screenshot der Seite der Anwaltskanzlei (29.12.22)<\/span><\/span><span class=\"RTImage-source\"><span class=\"RTImage-captionItem\">RT<\/span><\/span><\/figcaption><\/figure>\n<p>&#8220;Wir sind ein Team von Anw\u00e4lten, die beschlossen haben, rechtliche Mittel anzuwenden, um Europa von potenziellen Eindringlingen zu s\u00e4ubern&#8221;, wird auf der Website erkl\u00e4rt. &#8220;Niemand wird erfahren, wer den Raschisten ausgeliefert hat. Die Dienstleistung ist v\u00f6llig kostenlos. Sie zahlen nichts, aber Sie erhalten einen Bonus auf ihr Karma. Sie leisten einen pers\u00f6nlichen Beitrag f\u00fcr eine friedliche Zukunft.&#8221;<\/p>\n<p>Das Melden eines &#8220;potenziellen Aggressors&#8221; sei &#8220;unkompliziert&#8221;, wirbt die Seite. &#8220;Besorgte B\u00fcrger&#8221; k\u00f6nnen ein Formular ausf\u00fcllen und anonym die Namen und Social-Media-Konten von russischen Mitb\u00fcrgern \u00fcbermitteln, die in einem beliebigen europ\u00e4ischen Land leben und &#8220;potenziell gef\u00e4hrlich&#8221; und &#8220;Verbreiter von Propaganda und Gewalt&#8221; sein k\u00f6nnten. Im Gegenzug unternimmt die im ukrainischen Lemberg ans\u00e4ssige Anwaltskanzlei &#8220;alles, damit die zust\u00e4ndigen europ\u00e4ischen Beh\u00f6rden die Rechtm\u00e4\u00dfigkeit des Aufenthalts einer solchen Person in der EU pr\u00fcfen&#8221;.\u00a0 Die Meldungen w\u00fcrden an die staatlichen Beh\u00f6rden des Landes weitergeleitet, in dem der Aufenthalt des &#8220;potenziell gef\u00e4hrlichen Raschisten&#8221; gemeldet wurde. Das offensichtlich gew\u00fcnschte Endergebnis ist, dass der betreffende Russe verhaftet und deportiert wird \u2013 oder vielleicht sogar noch Schlimmeres.<\/p>\n<p>Ein Haftungsausschluss am Ende der Seite besagt, dass die Dienstleistung &#8220;nicht beabsichtigt, ethnische, rassische, religi\u00f6se oder andere Feindseligkeiten zu sch\u00fcren&#8221;, und lediglich dazu dient, die Zielpersonen &#8220;vor Gericht zu bringen&#8221;. Interessant sind auch die in einem weiteren Disclaimer angegebenen Kriterien, nach denen die Kanzlei Menschen in die Kategorie &#8220;Raschist&#8221; einordnet: &#8220;Person spricht russisch, tr\u00e4gt raschistische Symbole, verbreitet eine aggressive Ideologie&#8221;.\u00a0<\/p>\n<figure class=\"RTImage-root\">\n<div class=\"RTImage-image RTImage-original\"><picture class=\"Picture-root Picture-original\"><!--[if IE 9]><video style=\"display: none;\"><![endif]--><source media=\"(-webkit-min-device-pixel-ratio: 2) and (min-resolution: 120dpi)\" data-srcset=\" \nhttp:\/\/just-now.news\/de\/wp-content\/uploads\/sites\/3\/2022\/12\/63ada68748fbef62c826a0d1.JPG 850w,\n                http:\/\/just-now.news\/de\/wp-content\/uploads\/sites\/3\/2022\/12\/63ada68748fbef62c826a0d1.JPG 1960w,\n            \" ><source data-srcset=\" \nhttp:\/\/just-now.news\/de\/wp-content\/uploads\/sites\/3\/2022\/12\/63ada68748fbef62c826a0d1.JPG 460w,\n              http:\/\/just-now.news\/de\/wp-content\/uploads\/sites\/3\/2022\/12\/63ada68748fbef62c826a0d1.JPG 980w,\n            \" ><!--[if IE 9]><\/video><![endif]--><img decoding=\"async\" data- src=\"data:image\/png;base64,iVBORw0KGgoAAAANSUhEUgAAABAAAAAJCAQAAACRI2S5AAAAEElEQVR42mNkIAAYRxWAAQAG9gAKqv6+AwAAAABJRU5ErkJggg==\" class=\"Picture-root Picture-original lazyload\" data-src=\"http:\/\/just-now.news\/de\/wp-content\/uploads\/sites\/3\/2022\/12\/63ada68748fbef62c826a0d1.JPG\" alt=\"\"><\/source><\/source><\/picture><!-- noscript pattern --><noscript><img decoding=\"async\" src=\"http:\/\/just-now.news\/de\/wp-content\/uploads\/sites\/3\/2022\/12\/63ada68748fbef62c826a0d1.JPG\" alt=\"\"><\/noscript><\/div><figcaption class=\"RTImage-footer\"><span class=\"RTImage-caption\"><span class=\"RTImage-captionItem\">Screenshot der Internetseite (29.12.22)<\/span><\/span><span class=\"RTImage-source\"><span class=\"RTImage-captionItem\">RT<\/span><\/span><\/figcaption><\/figure>\n<p>T&amp;M ist seit 2014 in Lemberg t\u00e4tig und spezialisiert auf Sportrecht, Verkehrsunf\u00e4lle, IT- und Technologietransfer sowie Unternehmensbeziehungen. &#8220;Liefern Sie einen Raschisten aus&#8221; ist eine Unterseite auf der Webseite von T&amp;M und im Impressum verlinkt.<\/p>\n<p>&#8220;Wir sammeln Ihre personenbezogenen Daten in keiner Weise und verwenden die personenbezogenen Daten von Raschisten, die Sie uns zur Verf\u00fcgung stellen, ausschlie\u00dflich zur Kontaktaufnahme mit staatlichen Beh\u00f6rden&#8221;, hei\u00dft es abschlie\u00dfend. Es ist nicht bekannt, ob den Beh\u00f6rden aufgrund dieser abscheulichen Ressource bereits &#8220;Raschisten&#8221; gemeldet wurden, und wenn ja, wo sie sich befinden oder was mit ihnen passiert ist.<\/p>\n<p>Initiativen wie diese haben den \u2013 wahrscheinlich beabsichtigten \u2013 Effekt, ein h\u00f6chst feindseliges Umfeld f\u00fcr Russen zu schaffen, die im Ausland leben oder dorthin reisen. Dies geschieht, indem sie, ungeachtet ihrer politischen Neigungen und \u00dcberzeugungen, als ein und derselbe wahrgenommen werden \u2013 als &#8220;Feind im Inneren, der Pl\u00e4ne schmiedet im Namen des Kreml zum Nachteil der lokalen B\u00fcrger, der nationalen Sicherheit oder Souver\u00e4nit\u00e4t des Gastlandes&#8221;.<\/p>\n<p>Obwohl T&amp;M diese Ressource anscheinend aus eigener Initiative lanciert hat, gibt es Grund zu der Annahme, dass die ukrainischen Beh\u00f6rden sie guthei\u00dfen. Seit dem 24. Februar fordern Offizielle in Kiew immer wieder, dass europ\u00e4ische Staaten ein Embargo f\u00fcr alles Russische verh\u00e4ngen \u2013 auch auf Menschen. Am 7. Dezember flehte Kulturminister Aleksander Tkatschenko den Westen an, &#8220;Tschaikowski zu verbieten, bis dieser Krieg vorbei ist&#8221;. Viele europ\u00e4ische L\u00e4nder haben bereits unz\u00e4hlige Konzerte, Tanzshows und Ausstellungen, mit auch nur dem geringsten Bezug zu Russland,\u00a0<a rel=\"nofollow noopener\" target=\"_blank\" href=\"https:\/\/www.theguardian.com\/world\/2022\/mar\/01\/the-show-cant-go-on-russian-arts-cancelled-worldwide\">abgesagt<\/a>\u00a0oder auf unbestimmte Zeit verschoben. Der Buchstabe &#8220;Z&#8221; selbst \u2013 der als Symbol f\u00fcr Moskaus Milit\u00e4roperation in der Ukraine verwendet wird \u2013\u00a0wurde derma\u00dfen stigmatisiert, dass Unternehmen wie Banken und Lieferdienste f\u00fcr Lebensmittel ihre Firmen-Logos\u00a0<a rel=\"nofollow noopener\" target=\"_blank\" href=\"https:\/\/www.reuters.com\/world\/europe\/zurich-insurance-removes-z-symbol-after-letter-used-show-support-ukraine-war-2022-03-26\/\">ge\u00e4ndert<\/a>\u00a0haben.<\/p>\n<p>W\u00e4hrend solche Herabsetzungen sowie die Initiative von T&amp;M von einigen m\u00f6glicherweise nicht ernst genommen werden, werden Versuche, Russen zu kriminalisieren und zu d\u00e4monisieren, fortgesetzt und haben dazu gef\u00fchrt, dass bereits Menschen get\u00f6tet wurden. Im Dezember 2014 startete der ukrainische Politiker und Aktivist Georgi Tuka die Website\u00a0<a rel=\"nofollow noopener\" target=\"_blank\" href=\"https:\/\/de.rt.com\/europa\/148662-feinde-ukraine-wie-webseite-ungehindert\/\">Mirotworez<\/a>\u00a0\u2013 auf Englisch &#8220;Friedensstifter&#8221;.<\/p>\n<p>Mirotworez ver\u00f6ffentlicht eine st\u00e4ndig aktualisierte Liste von Personen, die von den unbekannten Kuratoren der Website als &#8220;Feinde der Ukraine&#8221; eingestuft wurden und Dinge gesagt oder getan haben, die &#8220;Anzeichen von Verbrechen gegen die nationale Sicherheit der Ukraine, den Frieden, die menschliche Sicherheit und das V\u00f6lkerrecht&#8221; beinhalten. Einige der auf der Webseite aufgef\u00fchrten Personen sind mittlerweile ermordet worden, und wenn dies geschieht, wird das Wort &#8220;liquidiert&#8221; in gro\u00dfen, roten Lettern \u00fcber den Akteneintrag der Person gestempelt, zusammen mit einem &#8220;X&#8221;.<\/p>\n<p>Manchmal landen Menschen aus einfachen administrativen Gr\u00fcnden auf der Abschussliste von Mirotworez. Im September 2018 kamen Hunderte von Einwohner der Region Transkarpatien, darunter Regierungsbeamte, die eine ungarische Staatsb\u00fcrgerschaft angenommen hatten, hinzu. Dies f\u00fchrte zu Protesten aus Budapest, gefolgt vom Dementi aus Kiew, an der Website beteiligt zu sein.<\/p>\n<p>Darauffolgend entgegnete der ungarische Au\u00dfenminister P\u00e9ter Szijj\u00e1rt\u00f3 w\u00fctend: &#8220;Es ist eine L\u00fcge, dass der ukrainische Staat nichts mit dieser Website zu tun hat&#8221;. Er behauptete auch, der damalige Pr\u00e4sident des Landes, Petro Poroschenko, &#8220;hat seine Zustimmung zu der Hasskampagne gegeben, um damit seine Popularit\u00e4t zu steigern.&#8221;<\/p>\n<p>Neben Durchschnittsb\u00fcrgern sind viele westliche Pers\u00f6nlichkeiten mit hohem Bekanntheitsgrad auf Mirotworez gelandet. Dazu geh\u00f6ren die amerikanischen Journalisten Chris Hedges und Glenn Greenwald, die Antikriegs-Politiker Tulsi Gabbard und Rand Paul, der britische Musiker Roger Waters und viele andere, wie der &#8220;Kriegstreiber&#8221; Henry Kissinger. Sein &#8220;Verbrechen&#8221; bestand darin, sich \u00f6ffentlich dar\u00fcber Sorgen zu machen, dass Kiews antirussische Aktionen mit Vergeltungsma\u00dfnahmen aus Moskau beantwortet werden k\u00f6nnten.<\/p>\n<p>Obwohl die Europ\u00e4ische Union, die G7, die Vereinten Nationen und mehrere Menschenrechtsgruppen die Schlie\u00dfung von Mirotworez fordern, ist sie online geblieben. Ukrainische Grenzbeamte haben die Website seit ihrer Lancierung auch daf\u00fcr genutzt, Einreisende an Grenzkontrollpunkten zu \u00fcberpr\u00fcfen, zus\u00e4tzlich zu bestehenden Regierungsdatenbanken mit den Daten &#8220;unerw\u00fcnschter Elemente&#8221;.<\/p>\n<p>Obwohl die Website im Geheimen verwaltet wird, sind Beweise daf\u00fcr aufgetaucht, dass sie eng mit Kiews m\u00e4chtigem Geheimdienst, dem Sicherheitsdienst der Ukraine (SBU), verbunden ist, w\u00e4hrend ihre Domain in Langley, Virginia, USA, unweit des Hauptquartiers der CIA, registriert ist. Was die Frage aufwirft: Ist &#8220;Liefern Sie einen Raschisten aus&#8221; ein Versuch derselben dubiosen Akteure, Mirotworez auf eine globale Ebene auszuweiten?<\/p>\n<p><em>Aus dem <a rel=\"nofollow noopener\" target=\"_blank\" href=\"https:\/\/www.rt.com\/russia\/568508-ukrainian-law-firm-russians\/\">Englischen<\/a><\/em><\/p>\n<p><strong>Mehr zum Thema<\/strong> &#8211; <a rel=\"nofollow noopener\" target=\"_blank\" href=\"https:\/\/test.rtde.tech\/meinung\/132733-demokratisches-europa-musste-helfen-ukraine\/\">Ein demokratisches Europa m\u00fcsste helfen, die Ukraine von Nazis zu befreien<\/a><\/p>\n<\/div>\n<p><br \/>\n<br \/><a href=\"https:\/\/de.rt.com\/europa\/158477-wie-ukrainische-anwaltskanzlei-kampagne-gegen\/\">Source link <\/a><\/p>\n","protected":false},"excerpt":{"rendered":"<p>Jagd auf Russen: Eine im ukrainischen Lwow ans\u00e4ssige Anwaltskanzlei verspricht, das &#8220;Problem der russischen Pr\u00e4senz&#8221; zu &#8220;l\u00f6sen&#8221;. Soll damit die Hetze auf Russen und alles Russische auf eine globale Ebene gehoben werden? Von Felix Livschitz Die ukrainische Edel-Anwaltskanzlei T&amp;M hat eine neue &#8220;Dienstleistung&#8221; eingef\u00fchrt, die Einwohnern westeurop\u00e4ischer L\u00e4nder verspricht, &#8220;Europa von Raschisten zu s\u00e4ubern&#8221;. &#8220;Raschist&#8221; [&hellip;]<\/p>\n","protected":false},"author":3,"featured_media":26636,"comment_status":"open","ping_status":"open","sticky":false,"template":"","format":"standard","meta":{"_yoast_indexnow_last_ping":["1672411446"],"wp_automatic_camp":["217"],"e1d8c8113da384ad80635353a1ac4daf":["Wie eine ukrainische Anwaltskanzlei die Jagd auf Russen in Europa organisiert"],"original_link":["https:\/\/de.rt.com\/europa\/158477-wie-ukrainische-anwaltskanzlei-kampagne-gegen\/"],"_thumbnail_id":["26636"],"_wptgpro_p2tg_sent2tg":["a:1:{i:23737;s:19:\"2022-12-30 16:45:09\";}"],"jnews_social_counter_last_update":["1777424745"]},"categories":[19,23],"tags":[25813,133,45,275,1370,15132,38307,4405,905,579],"yoast_head":"<!-- This site is optimized with the Yoast SEO Premium plugin v22.7 (Yoast SEO v22.7) - https:\/\/yoast.com\/wordpress\/plugins\/seo\/ -->\n<title>Wie eine ukrainische Anwaltskanzlei die Jagd auf Russen in Europa organisiert - just-now.NEWS Deutschland<\/title>\n<meta name=\"robots\" content=\"index, follow, max-snippet:-1, max-image-preview:large, max-video-preview:-1\" \/>\n<link rel=\"canonical\" href=\"https:\/\/now-news.de\/de\/deutschland\/wie-eine-ukrainische-anwaltskanzlei-die-jagd-auf-russen-in-europa-organisiert\/\" \/>\n<meta property=\"og:locale\" content=\"de_DE\" \/>\n<meta property=\"og:type\" content=\"article\" \/>\n<meta property=\"og:title\" content=\"Wie eine ukrainische Anwaltskanzlei die Jagd auf Russen in Europa organisiert\" \/>\n<meta property=\"og:description\" content=\"Jagd auf Russen: Eine im ukrainischen Lwow ans\u00e4ssige Anwaltskanzlei verspricht, das &#8220;Problem der russischen Pr\u00e4senz&#8221; zu &#8220;l\u00f6sen&#8221;. Soll damit die Hetze auf Russen und alles Russische auf eine globale Ebene gehoben werden? Von Felix Livschitz Die ukrainische Edel-Anwaltskanzlei T&amp;M hat eine neue &#8220;Dienstleistung&#8221; eingef\u00fchrt, die Einwohnern westeurop\u00e4ischer L\u00e4nder verspricht, &#8220;Europa von Raschisten zu s\u00e4ubern&#8221;. &#8220;Raschist&#8221; [&hellip;]\" \/>\n<meta property=\"og:url\" content=\"https:\/\/now-news.de\/de\/deutschland\/wie-eine-ukrainische-anwaltskanzlei-die-jagd-auf-russen-in-europa-organisiert\/\" \/>\n<meta property=\"og:site_name\" content=\"just-now.NEWS Deutschland\" \/>\n<meta property=\"article:publisher\" content=\"https:\/\/www.facebook.com\/wirmachenauf\" \/>\n<meta property=\"article:published_time\" content=\"2022-12-30T14:38:27+00:00\" \/>\n<meta property=\"og:image\" content=\"https:\/\/now-news.de\/de\/wp-content\/uploads\/sites\/3\/2022\/12\/Wie-eine-ukrainische-Anwaltskanzlei-die-Jagd-auf-Russen-in-Europa.JPG\" \/>\n\t<meta property=\"og:image:width\" content=\"1639\" \/>\n\t<meta property=\"og:image:height\" content=\"857\" \/>\n\t<meta property=\"og:image:type\" content=\"image\/jpeg\" \/>\n<meta name=\"author\" content=\"rtnews\" \/>\n<meta name=\"twitter:card\" content=\"summary_large_image\" \/>\n<meta name=\"twitter:creator\" content=\"@WirMachenAuf_de\" \/>\n<meta name=\"twitter:site\" content=\"@WirMachenAuf_de\" \/>\n<meta name=\"twitter:label1\" content=\"Verfasst von\" \/>\n\t<meta name=\"twitter:data1\" content=\"rtnews\" \/>\n\t<meta name=\"twitter:label2\" content=\"Gesch\u00e4tzte Lesezeit\" \/>\n\t<meta name=\"twitter:data2\" content=\"6\u00a0Minuten\" \/>\n<script type=\"application\/ld+json\" class=\"yoast-schema-graph\">{\"@context\":\"https:\/\/schema.org\",\"@graph\":[{\"@type\":\"Article\",\"@id\":\"https:\/\/now-news.de\/de\/deutschland\/wie-eine-ukrainische-anwaltskanzlei-die-jagd-auf-russen-in-europa-organisiert\/#article\",\"isPartOf\":{\"@id\":\"https:\/\/now-news.de\/de\/deutschland\/wie-eine-ukrainische-anwaltskanzlei-die-jagd-auf-russen-in-europa-organisiert\/\"},\"author\":{\"name\":\"rtnews\",\"@id\":\"https:\/\/now-news.de\/de\/#\/schema\/person\/fb534a4e865501d8b3285208df34a9b5\"},\"headline\":\"Wie eine ukrainische Anwaltskanzlei die Jagd auf Russen in Europa organisiert\",\"datePublished\":\"2022-12-30T14:38:27+00:00\",\"dateModified\":\"2022-12-30T14:38:27+00:00\",\"mainEntityOfPage\":{\"@id\":\"https:\/\/now-news.de\/de\/deutschland\/wie-eine-ukrainische-anwaltskanzlei-die-jagd-auf-russen-in-europa-organisiert\/\"},\"wordCount\":1205,\"commentCount\":0,\"publisher\":{\"@id\":\"https:\/\/now-news.de\/de\/#organization\"},\"image\":{\"@id\":\"https:\/\/now-news.de\/de\/deutschland\/wie-eine-ukrainische-anwaltskanzlei-die-jagd-auf-russen-in-europa-organisiert\/#primaryimage\"},\"thumbnailUrl\":\"https:\/\/now-news.de\/de\/wp-content\/uploads\/sites\/3\/2022\/12\/Wie-eine-ukrainische-Anwaltskanzlei-die-Jagd-auf-Russen-in-Europa.JPG\",\"keywords\":[\"Anwaltskanzlei\",\"AUF\",\"die\",\"eine\",\"Europa\",\"Jagd\",\"organisiert\",\"Russen\",\"Ukrainische\",\"Wie\"],\"articleSection\":[\"Deutschland\",\"Russland\"],\"inLanguage\":\"de\",\"potentialAction\":[{\"@type\":\"CommentAction\",\"name\":\"Comment\",\"target\":[\"https:\/\/now-news.de\/de\/deutschland\/wie-eine-ukrainische-anwaltskanzlei-die-jagd-auf-russen-in-europa-organisiert\/#respond\"]}]},{\"@type\":\"WebPage\",\"@id\":\"https:\/\/now-news.de\/de\/deutschland\/wie-eine-ukrainische-anwaltskanzlei-die-jagd-auf-russen-in-europa-organisiert\/\",\"url\":\"https:\/\/now-news.de\/de\/deutschland\/wie-eine-ukrainische-anwaltskanzlei-die-jagd-auf-russen-in-europa-organisiert\/\",\"name\":\"Wie eine ukrainische Anwaltskanzlei die Jagd auf Russen in Europa organisiert - just-now.NEWS Deutschland\",\"isPartOf\":{\"@id\":\"https:\/\/now-news.de\/de\/#website\"},\"primaryImageOfPage\":{\"@id\":\"https:\/\/now-news.de\/de\/deutschland\/wie-eine-ukrainische-anwaltskanzlei-die-jagd-auf-russen-in-europa-organisiert\/#primaryimage\"},\"image\":{\"@id\":\"https:\/\/now-news.de\/de\/deutschland\/wie-eine-ukrainische-anwaltskanzlei-die-jagd-auf-russen-in-europa-organisiert\/#primaryimage\"},\"thumbnailUrl\":\"https:\/\/now-news.de\/de\/wp-content\/uploads\/sites\/3\/2022\/12\/Wie-eine-ukrainische-Anwaltskanzlei-die-Jagd-auf-Russen-in-Europa.JPG\",\"datePublished\":\"2022-12-30T14:38:27+00:00\",\"dateModified\":\"2022-12-30T14:38:27+00:00\",\"breadcrumb\":{\"@id\":\"https:\/\/now-news.de\/de\/deutschland\/wie-eine-ukrainische-anwaltskanzlei-die-jagd-auf-russen-in-europa-organisiert\/#breadcrumb\"},\"inLanguage\":\"de\",\"potentialAction\":[{\"@type\":\"ReadAction\",\"target\":[\"https:\/\/now-news.de\/de\/deutschland\/wie-eine-ukrainische-anwaltskanzlei-die-jagd-auf-russen-in-europa-organisiert\/\"]}]},{\"@type\":\"ImageObject\",\"inLanguage\":\"de\",\"@id\":\"https:\/\/now-news.de\/de\/deutschland\/wie-eine-ukrainische-anwaltskanzlei-die-jagd-auf-russen-in-europa-organisiert\/#primaryimage\",\"url\":\"https:\/\/now-news.de\/de\/wp-content\/uploads\/sites\/3\/2022\/12\/Wie-eine-ukrainische-Anwaltskanzlei-die-Jagd-auf-Russen-in-Europa.JPG\",\"contentUrl\":\"https:\/\/now-news.de\/de\/wp-content\/uploads\/sites\/3\/2022\/12\/Wie-eine-ukrainische-Anwaltskanzlei-die-Jagd-auf-Russen-in-Europa.JPG\",\"width\":1639,\"height\":857,\"caption\":\"Wie eine ukrainische Anwaltskanzlei die Jagd auf Russen in Europa organisiert\"},{\"@type\":\"BreadcrumbList\",\"@id\":\"https:\/\/now-news.de\/de\/deutschland\/wie-eine-ukrainische-anwaltskanzlei-die-jagd-auf-russen-in-europa-organisiert\/#breadcrumb\",\"itemListElement\":[{\"@type\":\"ListItem\",\"position\":1,\"name\":\"Home\",\"item\":\"https:\/\/now-news.de\/de\/\"},{\"@type\":\"ListItem\",\"position\":2,\"name\":\"Wie eine ukrainische Anwaltskanzlei die Jagd auf Russen in Europa organisiert\"}]},{\"@type\":\"WebSite\",\"@id\":\"https:\/\/now-news.de\/de\/#website\",\"url\":\"https:\/\/now-news.de\/de\/\",\"name\":\"just-now.NEWS Deutschland\",\"description\":\"Das Portal f\u00fcr unzensierte Nachrichten aus der Welt\",\"publisher\":{\"@id\":\"https:\/\/now-news.de\/de\/#organization\"},\"potentialAction\":[{\"@type\":\"SearchAction\",\"target\":{\"@type\":\"EntryPoint\",\"urlTemplate\":\"https:\/\/now-news.de\/de\/?s={search_term_string}\"},\"query-input\":\"required name=search_term_string\"}],\"inLanguage\":\"de\"},{\"@type\":\"Organization\",\"@id\":\"https:\/\/now-news.de\/de\/#organization\",\"name\":\"Just Now News\",\"url\":\"https:\/\/now-news.de\/de\/\",\"logo\":{\"@type\":\"ImageObject\",\"inLanguage\":\"de\",\"@id\":\"https:\/\/now-news.de\/de\/#\/schema\/logo\/image\/\",\"url\":\"http:\/\/just-now.news\/de\/wp-content\/uploads\/sites\/3\/2022\/04\/logo500x500.jpg\",\"contentUrl\":\"http:\/\/just-now.news\/de\/wp-content\/uploads\/sites\/3\/2022\/04\/logo500x500.jpg\",\"width\":500,\"height\":500,\"caption\":\"Just Now News\"},\"image\":{\"@id\":\"https:\/\/now-news.de\/de\/#\/schema\/logo\/image\/\"},\"sameAs\":[\"https:\/\/www.facebook.com\/wirmachenauf\",\"https:\/\/x.com\/WirMachenAuf_de\"]},{\"@type\":\"Person\",\"@id\":\"https:\/\/now-news.de\/de\/#\/schema\/person\/fb534a4e865501d8b3285208df34a9b5\",\"name\":\"rtnews\",\"image\":{\"@type\":\"ImageObject\",\"inLanguage\":\"de\",\"@id\":\"https:\/\/now-news.de\/de\/#\/schema\/person\/image\/\",\"url\":\"https:\/\/secure.gravatar.com\/avatar\/82aafea7d8127119dd649515f56e2117?s=96&d=mm&r=g\",\"contentUrl\":\"https:\/\/secure.gravatar.com\/avatar\/82aafea7d8127119dd649515f56e2117?s=96&d=mm&r=g\",\"caption\":\"rtnews\"},\"url\":\"https:\/\/now-news.de\/de\/author\/rnews\/\"}]}<\/script>\n<!-- \/ Yoast SEO Premium plugin. -->","yoast_head_json":{"title":"Wie eine ukrainische Anwaltskanzlei die Jagd auf Russen in Europa organisiert - just-now.NEWS Deutschland","robots":{"index":"index","follow":"follow","max-snippet":"max-snippet:-1","max-image-preview":"max-image-preview:large","max-video-preview":"max-video-preview:-1"},"canonical":"https:\/\/now-news.de\/de\/deutschland\/wie-eine-ukrainische-anwaltskanzlei-die-jagd-auf-russen-in-europa-organisiert\/","og_locale":"de_DE","og_type":"article","og_title":"Wie eine ukrainische Anwaltskanzlei die Jagd auf Russen in Europa organisiert","og_description":"Jagd auf Russen: Eine im ukrainischen Lwow ans\u00e4ssige Anwaltskanzlei verspricht, das &#8220;Problem der russischen Pr\u00e4senz&#8221; zu &#8220;l\u00f6sen&#8221;. Soll damit die Hetze auf Russen und alles Russische auf eine globale Ebene gehoben werden? Von Felix Livschitz Die ukrainische Edel-Anwaltskanzlei T&amp;M hat eine neue &#8220;Dienstleistung&#8221; eingef\u00fchrt, die Einwohnern westeurop\u00e4ischer L\u00e4nder verspricht, &#8220;Europa von Raschisten zu s\u00e4ubern&#8221;. &#8220;Raschist&#8221; [&hellip;]","og_url":"https:\/\/now-news.de\/de\/deutschland\/wie-eine-ukrainische-anwaltskanzlei-die-jagd-auf-russen-in-europa-organisiert\/","og_site_name":"just-now.NEWS Deutschland","article_publisher":"https:\/\/www.facebook.com\/wirmachenauf","article_published_time":"2022-12-30T14:38:27+00:00","og_image":[{"width":1639,"height":857,"url":"https:\/\/now-news.de\/de\/wp-content\/uploads\/sites\/3\/2022\/12\/Wie-eine-ukrainische-Anwaltskanzlei-die-Jagd-auf-Russen-in-Europa.JPG","type":"image\/jpeg"}],"author":"rtnews","twitter_card":"summary_large_image","twitter_creator":"@WirMachenAuf_de","twitter_site":"@WirMachenAuf_de","twitter_misc":{"Verfasst von":"rtnews","Gesch\u00e4tzte Lesezeit":"6\u00a0Minuten"},"schema":{"@context":"https:\/\/schema.org","@graph":[{"@type":"Article","@id":"https:\/\/now-news.de\/de\/deutschland\/wie-eine-ukrainische-anwaltskanzlei-die-jagd-auf-russen-in-europa-organisiert\/#article","isPartOf":{"@id":"https:\/\/now-news.de\/de\/deutschland\/wie-eine-ukrainische-anwaltskanzlei-die-jagd-auf-russen-in-europa-organisiert\/"},"author":{"name":"rtnews","@id":"https:\/\/now-news.de\/de\/#\/schema\/person\/fb534a4e865501d8b3285208df34a9b5"},"headline":"Wie eine ukrainische Anwaltskanzlei die Jagd auf Russen in Europa organisiert","datePublished":"2022-12-30T14:38:27+00:00","dateModified":"2022-12-30T14:38:27+00:00","mainEntityOfPage":{"@id":"https:\/\/now-news.de\/de\/deutschland\/wie-eine-ukrainische-anwaltskanzlei-die-jagd-auf-russen-in-europa-organisiert\/"},"wordCount":1205,"commentCount":0,"publisher":{"@id":"https:\/\/now-news.de\/de\/#organization"},"image":{"@id":"https:\/\/now-news.de\/de\/deutschland\/wie-eine-ukrainische-anwaltskanzlei-die-jagd-auf-russen-in-europa-organisiert\/#primaryimage"},"thumbnailUrl":"https:\/\/now-news.de\/de\/wp-content\/uploads\/sites\/3\/2022\/12\/Wie-eine-ukrainische-Anwaltskanzlei-die-Jagd-auf-Russen-in-Europa.JPG","keywords":["Anwaltskanzlei","AUF","die","eine","Europa","Jagd","organisiert","Russen","Ukrainische","Wie"],"articleSection":["Deutschland","Russland"],"inLanguage":"de","potentialAction":[{"@type":"CommentAction","name":"Comment","target":["https:\/\/now-news.de\/de\/deutschland\/wie-eine-ukrainische-anwaltskanzlei-die-jagd-auf-russen-in-europa-organisiert\/#respond"]}]},{"@type":"WebPage","@id":"https:\/\/now-news.de\/de\/deutschland\/wie-eine-ukrainische-anwaltskanzlei-die-jagd-auf-russen-in-europa-organisiert\/","url":"https:\/\/now-news.de\/de\/deutschland\/wie-eine-ukrainische-anwaltskanzlei-die-jagd-auf-russen-in-europa-organisiert\/","name":"Wie eine ukrainische Anwaltskanzlei die Jagd auf Russen in Europa organisiert - just-now.NEWS Deutschland","isPartOf":{"@id":"https:\/\/now-news.de\/de\/#website"},"primaryImageOfPage":{"@id":"https:\/\/now-news.de\/de\/deutschland\/wie-eine-ukrainische-anwaltskanzlei-die-jagd-auf-russen-in-europa-organisiert\/#primaryimage"},"image":{"@id":"https:\/\/now-news.de\/de\/deutschland\/wie-eine-ukrainische-anwaltskanzlei-die-jagd-auf-russen-in-europa-organisiert\/#primaryimage"},"thumbnailUrl":"https:\/\/now-news.de\/de\/wp-content\/uploads\/sites\/3\/2022\/12\/Wie-eine-ukrainische-Anwaltskanzlei-die-Jagd-auf-Russen-in-Europa.JPG","datePublished":"2022-12-30T14:38:27+00:00","dateModified":"2022-12-30T14:38:27+00:00","breadcrumb":{"@id":"https:\/\/now-news.de\/de\/deutschland\/wie-eine-ukrainische-anwaltskanzlei-die-jagd-auf-russen-in-europa-organisiert\/#breadcrumb"},"inLanguage":"de","potentialAction":[{"@type":"ReadAction","target":["https:\/\/now-news.de\/de\/deutschland\/wie-eine-ukrainische-anwaltskanzlei-die-jagd-auf-russen-in-europa-organisiert\/"]}]},{"@type":"ImageObject","inLanguage":"de","@id":"https:\/\/now-news.de\/de\/deutschland\/wie-eine-ukrainische-anwaltskanzlei-die-jagd-auf-russen-in-europa-organisiert\/#primaryimage","url":"https:\/\/now-news.de\/de\/wp-content\/uploads\/sites\/3\/2022\/12\/Wie-eine-ukrainische-Anwaltskanzlei-die-Jagd-auf-Russen-in-Europa.JPG","contentUrl":"https:\/\/now-news.de\/de\/wp-content\/uploads\/sites\/3\/2022\/12\/Wie-eine-ukrainische-Anwaltskanzlei-die-Jagd-auf-Russen-in-Europa.JPG","width":1639,"height":857,"caption":"Wie eine ukrainische Anwaltskanzlei die Jagd auf Russen in Europa organisiert"},{"@type":"BreadcrumbList","@id":"https:\/\/now-news.de\/de\/deutschland\/wie-eine-ukrainische-anwaltskanzlei-die-jagd-auf-russen-in-europa-organisiert\/#breadcrumb","itemListElement":[{"@type":"ListItem","position":1,"name":"Home","item":"https:\/\/now-news.de\/de\/"},{"@type":"ListItem","position":2,"name":"Wie eine ukrainische Anwaltskanzlei die Jagd auf Russen in Europa organisiert"}]},{"@type":"WebSite","@id":"https:\/\/now-news.de\/de\/#website","url":"https:\/\/now-news.de\/de\/","name":"just-now.NEWS Deutschland","description":"Das Portal f\u00fcr unzensierte Nachrichten aus der Welt","publisher":{"@id":"https:\/\/now-news.de\/de\/#organization"},"potentialAction":[{"@type":"SearchAction","target":{"@type":"EntryPoint","urlTemplate":"https:\/\/now-news.de\/de\/?s={search_term_string}"},"query-input":"required name=search_term_string"}],"inLanguage":"de"},{"@type":"Organization","@id":"https:\/\/now-news.de\/de\/#organization","name":"Just Now News","url":"https:\/\/now-news.de\/de\/","logo":{"@type":"ImageObject","inLanguage":"de","@id":"https:\/\/now-news.de\/de\/#\/schema\/logo\/image\/","url":"http:\/\/just-now.news\/de\/wp-content\/uploads\/sites\/3\/2022\/04\/logo500x500.jpg","contentUrl":"http:\/\/just-now.news\/de\/wp-content\/uploads\/sites\/3\/2022\/04\/logo500x500.jpg","width":500,"height":500,"caption":"Just Now News"},"image":{"@id":"https:\/\/now-news.de\/de\/#\/schema\/logo\/image\/"},"sameAs":["https:\/\/www.facebook.com\/wirmachenauf","https:\/\/x.com\/WirMachenAuf_de"]},{"@type":"Person","@id":"https:\/\/now-news.de\/de\/#\/schema\/person\/fb534a4e865501d8b3285208df34a9b5","name":"rtnews","image":{"@type":"ImageObject","inLanguage":"de","@id":"https:\/\/now-news.de\/de\/#\/schema\/person\/image\/","url":"https:\/\/secure.gravatar.com\/avatar\/82aafea7d8127119dd649515f56e2117?s=96&d=mm&r=g","contentUrl":"https:\/\/secure.gravatar.com\/avatar\/82aafea7d8127119dd649515f56e2117?s=96&d=mm&r=g","caption":"rtnews"},"url":"https:\/\/now-news.de\/de\/author\/rnews\/"}]}},"_links":{"self":[{"href":"https:\/\/now-news.de\/de\/wp-json\/wp\/v2\/posts\/26635"}],"collection":[{"href":"https:\/\/now-news.de\/de\/wp-json\/wp\/v2\/posts"}],"about":[{"href":"https:\/\/now-news.de\/de\/wp-json\/wp\/v2\/types\/post"}],"author":[{"embeddable":true,"href":"https:\/\/now-news.de\/de\/wp-json\/wp\/v2\/users\/3"}],"replies":[{"embeddable":true,"href":"https:\/\/now-news.de\/de\/wp-json\/wp\/v2\/comments?post=26635"}],"version-history":[{"count":0,"href":"https:\/\/now-news.de\/de\/wp-json\/wp\/v2\/posts\/26635\/revisions"}],"wp:featuredmedia":[{"embeddable":true,"href":"https:\/\/now-news.de\/de\/wp-json\/wp\/v2\/media\/26636"}],"wp:attachment":[{"href":"https:\/\/now-news.de\/de\/wp-json\/wp\/v2\/media?parent=26635"}],"wp:term":[{"taxonomy":"category","embeddable":true,"href":"https:\/\/now-news.de\/de\/wp-json\/wp\/v2\/categories?post=26635"},{"taxonomy":"post_tag","embeddable":true,"href":"https:\/\/now-news.de\/de\/wp-json\/wp\/v2\/tags?post=26635"}],"curies":[{"name":"wp","href":"https:\/\/api.w.org\/{rel}","templated":true}]}}