{"id":26619,"date":"2022-12-30T12:17:13","date_gmt":"2022-12-30T10:17:13","guid":{"rendered":"http:\/\/just-now.news\/de\/deutschland\/nach-raketenvorfall-militaerbehoerde-in-minsk-haelt-provokation-ukrainischer-militaers-fuer-moeglich\/"},"modified":"2022-12-30T12:17:13","modified_gmt":"2022-12-30T10:17:13","slug":"nach-raketenvorfall-militaerbehoerde-in-minsk-haelt-provokation-ukrainischer-militaers-fuer-moeglich","status":"publish","type":"post","link":"https:\/\/now-news.de\/de\/deutschland\/nach-raketenvorfall-militaerbehoerde-in-minsk-haelt-provokation-ukrainischer-militaers-fuer-moeglich\/","title":{"rendered":"Nach Raketenvorfall: Milit\u00e4rbeh\u00f6rde in Minsk h\u00e4lt Provokation ukrainischer Milit\u00e4rs f\u00fcr m\u00f6glich"},"content":{"rendered":"<p><img decoding=\"async\" src=\"http:\/\/just-now.news\/de\/wp-content\/uploads\/sites\/3\/2022\/12\/63aeac92b480cc723678b0ef.jpg\" \/><\/p>\n<div class=\"Text-root Text-type_1 \">\n                Nach dem Einschlag einer ukrainischen Flugabwehrrakete in Wei\u00dfrussland hat das Verteidigungsministerium in Minsk angek\u00fcndigt, zwei Versionen des Zwischenfalls in Betracht zu ziehen. Bei einer davon k\u00f6nne es sich um eine Provokation seitens der Streitkr\u00e4fte der Ukraine handeln.\n            <\/div>\n<p><\/p>\n<div class=\"Text-root Text-type_5 ArticleView-text ViewText-root \">\n<p>Das Verteidigungsministerium von Wei\u00dfrussland betrachtet nach eigenen Angaben zwei Darstellungen des Zwischenfalls mit einer ukrainischen Rakete vom Typ S-300, die am Donnerstag von der wei\u00dfrussischen Luftabwehr im Luftraum des Landes abgeschossen wurde. Der Chef der Flugabwehrkr\u00e4fte, Oberst Kirill Kasanzew, teilte am Freitag mit:<\/p>\n<blockquote>\n<p><em>&#8220;Es bleiben Fragen zu diesem Vorfall, und wir ziehen zwei Versionen in Betracht: einen unbeabsichtigten Start einer Flugabwehrrakete aufgrund einer geringen Ausbildung der Besatzung oder einer Fehlfunktion der Rakete. Oder es handelt sich um eine absichtliche Provokation der Streitkr\u00e4fte der Ukraine.&#8221;<\/em><\/p>\n<\/blockquote>\n<p>Eine vom Territorium der Ukraine abgefeuerte Rakete des Fla-Raketenkomplexes S-300 wurde am Donnerstagmorgen von den wei\u00dfrussischen Flugabwehrkr\u00e4ften abgeschossen, nachdem sie in den Luftraum des Landes eingedrungen war. Die Fragmente seien im Gebiet Brest niedergegangen, teilten die Milit\u00e4rs mit. Daraufhin forderte Minsk Kiew auf, den Vorfall gr\u00fcndlich zu untersuchen, die Verantwortlichen vor Gericht zu stellen und umfassende Ma\u00dfnahmen zu ergreifen, um die Wiederholung solcher Situationen zu verhindern. Die Streitkr\u00e4fte der Ukraine w\u00fcrden nicht bestreiten, dass die \u00fcber Wei\u00dfrussland abgeschossene Rakete ukrainisch sein k\u00f6nnte, sagte Juri Ignat, der Sprecher der ukrainischen Luftstreitkr\u00e4fte. Weiter wurde kommentiert:<\/p>\n<blockquote>\n<p><em>&#8220;Solche Dinge sind m\u00f6glich. Das kann nicht ausgeschlossen werden. Wir kennen Beispiele auf dem Territorium benachbarter Staaten \u2013 einige Fragmente k\u00f6nnen niedergehen.&#8221;<\/em><\/p>\n<\/blockquote>\n<p>Dar\u00fcber hinaus hat das Verteidigungsministerium der Ukraine seine Bereitschaft angek\u00fcndigt, eine &#8220;objektive Untersuchung des Vorfalls&#8221; durchzuf\u00fchren. Zudem sei die ukrainische Seite bereit, Experten zu den Ermittlungen einzuladen, aber nur aus jenen Staaten, die Russland nach Ansicht in Kiew &#8220;in keiner Form&#8221; unterst\u00fctzen.<\/p>\n<p>Mitte November war eine ukrainische Flugabwehrrakete im Dorf Przewod\u00f3w in Ostpolen an der Grenze zur Ukraine eingeschlagen. Nach Beh\u00f6rdenangaben wurden dabei zwei polnische Staatsb\u00fcrger get\u00f6tet. Polens Pr\u00e4sident Andrzej Duda erkl\u00e4rte damals unter Verweis auf Angaben der zust\u00e4ndigen Beh\u00f6rden, dass die abgest\u00fcrzte Rakete den ukrainischen Luftverteidigungskr\u00e4ften geh\u00f6rt habe.<\/p>\n<p><strong>Mehr zum Thema<\/strong> &#8211; <a rel=\"nofollow noopener\" target=\"_blank\" href=\"https:\/\/de.rt.com\/kurzclips\/video\/158553-ukrainische-s-300-rakete-schlaegt\/\">Ukrainische S-300-Rakete schl\u00e4gt in Wei\u00dfrussland ein<\/a><\/p>\n<div class=\"EmbedBlock-root EmbedBlock-externalVideo EmbedBlock-vk\">\n<div class=\"VkEmbed\"><iframe class=\"lazyload\" data-src=\"https:\/\/vk.com\/video_ext.php?oid=-134310637&amp;id=456261878&amp;hash=d47f68757ed5862f\" frameborder=\"0\" width=\"853\" height=\"480\" allowfullscreen><\/iframe><\/div>\n<\/div>\n<\/div>\n<p><br \/>\n<br \/><a href=\"https:\/\/de.rt.com\/europa\/158580-nach-raketenvorfall-militaerbehoerde-in-minsk\/\">Source link <\/a><\/p>\n","protected":false},"excerpt":{"rendered":"<p>Nach dem Einschlag einer ukrainischen Flugabwehrrakete in Wei\u00dfrussland hat das Verteidigungsministerium in Minsk angek\u00fcndigt, zwei Versionen des Zwischenfalls in Betracht zu ziehen. Bei einer davon k\u00f6nne es sich um eine Provokation seitens der Streitkr\u00e4fte der Ukraine handeln. Das Verteidigungsministerium von Wei\u00dfrussland betrachtet nach eigenen Angaben zwei Darstellungen des Zwischenfalls mit einer ukrainischen Rakete vom Typ [&hellip;]<\/p>\n","protected":false},"author":3,"featured_media":26620,"comment_status":"open","ping_status":"open","sticky":false,"template":"","format":"standard","meta":{"_yoast_indexnow_last_ping":["1672396060"],"wp_automatic_camp":["217"],"10bd26181a396be0c5ed38fa9deb368d":["Nach Raketenvorfall: Milit\u00e4rbeh\u00f6rde in Minsk h\u00e4lt Provokation ukrainischer Milit\u00e4rs f\u00fcr m\u00f6glich"],"original_link":["https:\/\/de.rt.com\/europa\/158580-nach-raketenvorfall-militaerbehoerde-in-minsk\/"],"_thumbnail_id":["26620"],"_wptgpro_p2tg_sent2tg":["a:1:{i:23737;s:19:\"2022-12-30 12:29:45\";}"],"jnews_social_counter_last_update":["1777563500"]},"categories":[19,23],"tags":[221,2191,38292,21064,19008,2123,979,20873,36098,488],"yoast_head":"<!-- This site is optimized with the Yoast SEO Premium plugin v22.7 (Yoast SEO v22.7) - https:\/\/yoast.com\/wordpress\/plugins\/seo\/ -->\n<title>Nach Raketenvorfall: Milit\u00e4rbeh\u00f6rde in Minsk h\u00e4lt Provokation ukrainischer Milit\u00e4rs f\u00fcr m\u00f6glich - just-now.NEWS Deutschland<\/title>\n<meta name=\"robots\" content=\"index, follow, max-snippet:-1, max-image-preview:large, max-video-preview:-1\" \/>\n<link rel=\"canonical\" href=\"https:\/\/now-news.de\/de\/deutschland\/nach-raketenvorfall-militaerbehoerde-in-minsk-haelt-provokation-ukrainischer-militaers-fuer-moeglich\/\" \/>\n<meta property=\"og:locale\" content=\"de_DE\" \/>\n<meta property=\"og:type\" content=\"article\" \/>\n<meta property=\"og:title\" content=\"Nach Raketenvorfall: Milit\u00e4rbeh\u00f6rde in Minsk h\u00e4lt Provokation ukrainischer Milit\u00e4rs f\u00fcr m\u00f6glich\" \/>\n<meta property=\"og:description\" content=\"Nach dem Einschlag einer ukrainischen Flugabwehrrakete in Wei\u00dfrussland hat das Verteidigungsministerium in Minsk angek\u00fcndigt, zwei Versionen des Zwischenfalls in Betracht zu ziehen. Bei einer davon k\u00f6nne es sich um eine Provokation seitens der Streitkr\u00e4fte der Ukraine handeln. Das Verteidigungsministerium von Wei\u00dfrussland betrachtet nach eigenen Angaben zwei Darstellungen des Zwischenfalls mit einer ukrainischen Rakete vom Typ [&hellip;]\" \/>\n<meta property=\"og:url\" content=\"https:\/\/now-news.de\/de\/deutschland\/nach-raketenvorfall-militaerbehoerde-in-minsk-haelt-provokation-ukrainischer-militaers-fuer-moeglich\/\" \/>\n<meta property=\"og:site_name\" content=\"just-now.NEWS Deutschland\" \/>\n<meta property=\"article:publisher\" content=\"https:\/\/www.facebook.com\/wirmachenauf\" \/>\n<meta property=\"article:published_time\" content=\"2022-12-30T10:17:13+00:00\" \/>\n<meta property=\"og:image\" content=\"https:\/\/now-news.de\/de\/wp-content\/uploads\/sites\/3\/2022\/12\/Nach-Raketenvorfall-Militaerbehoerde-in-Minsk-haelt-Provokation-ukrainischer-Militaers-fuer.jpg\" \/>\n\t<meta property=\"og:image:width\" content=\"460\" \/>\n\t<meta property=\"og:image:height\" content=\"259\" \/>\n\t<meta property=\"og:image:type\" content=\"image\/jpeg\" \/>\n<meta name=\"author\" content=\"rtnews\" \/>\n<meta name=\"twitter:card\" content=\"summary_large_image\" \/>\n<meta name=\"twitter:creator\" content=\"@WirMachenAuf_de\" \/>\n<meta name=\"twitter:site\" content=\"@WirMachenAuf_de\" \/>\n<meta name=\"twitter:label1\" content=\"Verfasst von\" \/>\n\t<meta name=\"twitter:data1\" content=\"rtnews\" \/>\n\t<meta name=\"twitter:label2\" content=\"Gesch\u00e4tzte Lesezeit\" \/>\n\t<meta name=\"twitter:data2\" content=\"2\u00a0Minuten\" \/>\n<script type=\"application\/ld+json\" class=\"yoast-schema-graph\">{\"@context\":\"https:\/\/schema.org\",\"@graph\":[{\"@type\":\"Article\",\"@id\":\"https:\/\/now-news.de\/de\/deutschland\/nach-raketenvorfall-militaerbehoerde-in-minsk-haelt-provokation-ukrainischer-militaers-fuer-moeglich\/#article\",\"isPartOf\":{\"@id\":\"https:\/\/now-news.de\/de\/deutschland\/nach-raketenvorfall-militaerbehoerde-in-minsk-haelt-provokation-ukrainischer-militaers-fuer-moeglich\/\"},\"author\":{\"name\":\"rtnews\",\"@id\":\"https:\/\/now-news.de\/de\/#\/schema\/person\/fb534a4e865501d8b3285208df34a9b5\"},\"headline\":\"Nach Raketenvorfall: Milit\u00e4rbeh\u00f6rde in Minsk h\u00e4lt Provokation ukrainischer Milit\u00e4rs f\u00fcr m\u00f6glich\",\"datePublished\":\"2022-12-30T10:17:13+00:00\",\"dateModified\":\"2022-12-30T10:17:13+00:00\",\"mainEntityOfPage\":{\"@id\":\"https:\/\/now-news.de\/de\/deutschland\/nach-raketenvorfall-militaerbehoerde-in-minsk-haelt-provokation-ukrainischer-militaers-fuer-moeglich\/\"},\"wordCount\":392,\"commentCount\":0,\"publisher\":{\"@id\":\"https:\/\/now-news.de\/de\/#organization\"},\"image\":{\"@id\":\"https:\/\/now-news.de\/de\/deutschland\/nach-raketenvorfall-militaerbehoerde-in-minsk-haelt-provokation-ukrainischer-militaers-fuer-moeglich\/#primaryimage\"},\"thumbnailUrl\":\"https:\/\/now-news.de\/de\/wp-content\/uploads\/sites\/3\/2022\/12\/Nach-Raketenvorfall-Militaerbehoerde-in-Minsk-haelt-Provokation-ukrainischer-Militaers-fuer.jpg\",\"keywords\":[\"f\u00fcr\",\"h\u00e4lt\",\"Milit\u00e4rbeh\u00f6rde\",\"Milit\u00e4rs\",\"Minsk\",\"m\u00f6glich\",\"nach\",\"Provokation\",\"Raketenvorfall\",\"Ukrainischer\"],\"articleSection\":[\"Deutschland\",\"Russland\"],\"inLanguage\":\"de\",\"potentialAction\":[{\"@type\":\"CommentAction\",\"name\":\"Comment\",\"target\":[\"https:\/\/now-news.de\/de\/deutschland\/nach-raketenvorfall-militaerbehoerde-in-minsk-haelt-provokation-ukrainischer-militaers-fuer-moeglich\/#respond\"]}]},{\"@type\":\"WebPage\",\"@id\":\"https:\/\/now-news.de\/de\/deutschland\/nach-raketenvorfall-militaerbehoerde-in-minsk-haelt-provokation-ukrainischer-militaers-fuer-moeglich\/\",\"url\":\"https:\/\/now-news.de\/de\/deutschland\/nach-raketenvorfall-militaerbehoerde-in-minsk-haelt-provokation-ukrainischer-militaers-fuer-moeglich\/\",\"name\":\"Nach Raketenvorfall: Milit\u00e4rbeh\u00f6rde in Minsk h\u00e4lt Provokation ukrainischer Milit\u00e4rs f\u00fcr m\u00f6glich - just-now.NEWS Deutschland\",\"isPartOf\":{\"@id\":\"https:\/\/now-news.de\/de\/#website\"},\"primaryImageOfPage\":{\"@id\":\"https:\/\/now-news.de\/de\/deutschland\/nach-raketenvorfall-militaerbehoerde-in-minsk-haelt-provokation-ukrainischer-militaers-fuer-moeglich\/#primaryimage\"},\"image\":{\"@id\":\"https:\/\/now-news.de\/de\/deutschland\/nach-raketenvorfall-militaerbehoerde-in-minsk-haelt-provokation-ukrainischer-militaers-fuer-moeglich\/#primaryimage\"},\"thumbnailUrl\":\"https:\/\/now-news.de\/de\/wp-content\/uploads\/sites\/3\/2022\/12\/Nach-Raketenvorfall-Militaerbehoerde-in-Minsk-haelt-Provokation-ukrainischer-Militaers-fuer.jpg\",\"datePublished\":\"2022-12-30T10:17:13+00:00\",\"dateModified\":\"2022-12-30T10:17:13+00:00\",\"breadcrumb\":{\"@id\":\"https:\/\/now-news.de\/de\/deutschland\/nach-raketenvorfall-militaerbehoerde-in-minsk-haelt-provokation-ukrainischer-militaers-fuer-moeglich\/#breadcrumb\"},\"inLanguage\":\"de\",\"potentialAction\":[{\"@type\":\"ReadAction\",\"target\":[\"https:\/\/now-news.de\/de\/deutschland\/nach-raketenvorfall-militaerbehoerde-in-minsk-haelt-provokation-ukrainischer-militaers-fuer-moeglich\/\"]}]},{\"@type\":\"ImageObject\",\"inLanguage\":\"de\",\"@id\":\"https:\/\/now-news.de\/de\/deutschland\/nach-raketenvorfall-militaerbehoerde-in-minsk-haelt-provokation-ukrainischer-militaers-fuer-moeglich\/#primaryimage\",\"url\":\"https:\/\/now-news.de\/de\/wp-content\/uploads\/sites\/3\/2022\/12\/Nach-Raketenvorfall-Militaerbehoerde-in-Minsk-haelt-Provokation-ukrainischer-Militaers-fuer.jpg\",\"contentUrl\":\"https:\/\/now-news.de\/de\/wp-content\/uploads\/sites\/3\/2022\/12\/Nach-Raketenvorfall-Militaerbehoerde-in-Minsk-haelt-Provokation-ukrainischer-Militaers-fuer.jpg\",\"width\":460,\"height\":259,\"caption\":\"Nach Raketenvorfall: Milit\u00e4rbeh\u00f6rde in Minsk h\u00e4lt Provokation ukrainischer Milit\u00e4rs f\u00fcr m\u00f6glich\"},{\"@type\":\"BreadcrumbList\",\"@id\":\"https:\/\/now-news.de\/de\/deutschland\/nach-raketenvorfall-militaerbehoerde-in-minsk-haelt-provokation-ukrainischer-militaers-fuer-moeglich\/#breadcrumb\",\"itemListElement\":[{\"@type\":\"ListItem\",\"position\":1,\"name\":\"Home\",\"item\":\"https:\/\/now-news.de\/de\/\"},{\"@type\":\"ListItem\",\"position\":2,\"name\":\"Nach Raketenvorfall: Milit\u00e4rbeh\u00f6rde in Minsk h\u00e4lt Provokation ukrainischer Milit\u00e4rs f\u00fcr m\u00f6glich\"}]},{\"@type\":\"WebSite\",\"@id\":\"https:\/\/now-news.de\/de\/#website\",\"url\":\"https:\/\/now-news.de\/de\/\",\"name\":\"just-now.NEWS Deutschland\",\"description\":\"Das Portal f\u00fcr unzensierte Nachrichten aus der Welt\",\"publisher\":{\"@id\":\"https:\/\/now-news.de\/de\/#organization\"},\"potentialAction\":[{\"@type\":\"SearchAction\",\"target\":{\"@type\":\"EntryPoint\",\"urlTemplate\":\"https:\/\/now-news.de\/de\/?s={search_term_string}\"},\"query-input\":\"required name=search_term_string\"}],\"inLanguage\":\"de\"},{\"@type\":\"Organization\",\"@id\":\"https:\/\/now-news.de\/de\/#organization\",\"name\":\"Just Now News\",\"url\":\"https:\/\/now-news.de\/de\/\",\"logo\":{\"@type\":\"ImageObject\",\"inLanguage\":\"de\",\"@id\":\"https:\/\/now-news.de\/de\/#\/schema\/logo\/image\/\",\"url\":\"http:\/\/just-now.news\/de\/wp-content\/uploads\/sites\/3\/2022\/04\/logo500x500.jpg\",\"contentUrl\":\"http:\/\/just-now.news\/de\/wp-content\/uploads\/sites\/3\/2022\/04\/logo500x500.jpg\",\"width\":500,\"height\":500,\"caption\":\"Just Now News\"},\"image\":{\"@id\":\"https:\/\/now-news.de\/de\/#\/schema\/logo\/image\/\"},\"sameAs\":[\"https:\/\/www.facebook.com\/wirmachenauf\",\"https:\/\/x.com\/WirMachenAuf_de\"]},{\"@type\":\"Person\",\"@id\":\"https:\/\/now-news.de\/de\/#\/schema\/person\/fb534a4e865501d8b3285208df34a9b5\",\"name\":\"rtnews\",\"image\":{\"@type\":\"ImageObject\",\"inLanguage\":\"de\",\"@id\":\"https:\/\/now-news.de\/de\/#\/schema\/person\/image\/\",\"url\":\"https:\/\/secure.gravatar.com\/avatar\/82aafea7d8127119dd649515f56e2117?s=96&d=mm&r=g\",\"contentUrl\":\"https:\/\/secure.gravatar.com\/avatar\/82aafea7d8127119dd649515f56e2117?s=96&d=mm&r=g\",\"caption\":\"rtnews\"},\"url\":\"https:\/\/now-news.de\/de\/author\/rnews\/\"}]}<\/script>\n<!-- \/ Yoast SEO Premium plugin. -->","yoast_head_json":{"title":"Nach Raketenvorfall: Milit\u00e4rbeh\u00f6rde in Minsk h\u00e4lt Provokation ukrainischer Milit\u00e4rs f\u00fcr m\u00f6glich - just-now.NEWS Deutschland","robots":{"index":"index","follow":"follow","max-snippet":"max-snippet:-1","max-image-preview":"max-image-preview:large","max-video-preview":"max-video-preview:-1"},"canonical":"https:\/\/now-news.de\/de\/deutschland\/nach-raketenvorfall-militaerbehoerde-in-minsk-haelt-provokation-ukrainischer-militaers-fuer-moeglich\/","og_locale":"de_DE","og_type":"article","og_title":"Nach Raketenvorfall: Milit\u00e4rbeh\u00f6rde in Minsk h\u00e4lt Provokation ukrainischer Milit\u00e4rs f\u00fcr m\u00f6glich","og_description":"Nach dem Einschlag einer ukrainischen Flugabwehrrakete in Wei\u00dfrussland hat das Verteidigungsministerium in Minsk angek\u00fcndigt, zwei Versionen des Zwischenfalls in Betracht zu ziehen. Bei einer davon k\u00f6nne es sich um eine Provokation seitens der Streitkr\u00e4fte der Ukraine handeln. Das Verteidigungsministerium von Wei\u00dfrussland betrachtet nach eigenen Angaben zwei Darstellungen des Zwischenfalls mit einer ukrainischen Rakete vom Typ [&hellip;]","og_url":"https:\/\/now-news.de\/de\/deutschland\/nach-raketenvorfall-militaerbehoerde-in-minsk-haelt-provokation-ukrainischer-militaers-fuer-moeglich\/","og_site_name":"just-now.NEWS Deutschland","article_publisher":"https:\/\/www.facebook.com\/wirmachenauf","article_published_time":"2022-12-30T10:17:13+00:00","og_image":[{"width":460,"height":259,"url":"https:\/\/now-news.de\/de\/wp-content\/uploads\/sites\/3\/2022\/12\/Nach-Raketenvorfall-Militaerbehoerde-in-Minsk-haelt-Provokation-ukrainischer-Militaers-fuer.jpg","type":"image\/jpeg"}],"author":"rtnews","twitter_card":"summary_large_image","twitter_creator":"@WirMachenAuf_de","twitter_site":"@WirMachenAuf_de","twitter_misc":{"Verfasst von":"rtnews","Gesch\u00e4tzte Lesezeit":"2\u00a0Minuten"},"schema":{"@context":"https:\/\/schema.org","@graph":[{"@type":"Article","@id":"https:\/\/now-news.de\/de\/deutschland\/nach-raketenvorfall-militaerbehoerde-in-minsk-haelt-provokation-ukrainischer-militaers-fuer-moeglich\/#article","isPartOf":{"@id":"https:\/\/now-news.de\/de\/deutschland\/nach-raketenvorfall-militaerbehoerde-in-minsk-haelt-provokation-ukrainischer-militaers-fuer-moeglich\/"},"author":{"name":"rtnews","@id":"https:\/\/now-news.de\/de\/#\/schema\/person\/fb534a4e865501d8b3285208df34a9b5"},"headline":"Nach Raketenvorfall: Milit\u00e4rbeh\u00f6rde in Minsk h\u00e4lt Provokation ukrainischer Milit\u00e4rs f\u00fcr m\u00f6glich","datePublished":"2022-12-30T10:17:13+00:00","dateModified":"2022-12-30T10:17:13+00:00","mainEntityOfPage":{"@id":"https:\/\/now-news.de\/de\/deutschland\/nach-raketenvorfall-militaerbehoerde-in-minsk-haelt-provokation-ukrainischer-militaers-fuer-moeglich\/"},"wordCount":392,"commentCount":0,"publisher":{"@id":"https:\/\/now-news.de\/de\/#organization"},"image":{"@id":"https:\/\/now-news.de\/de\/deutschland\/nach-raketenvorfall-militaerbehoerde-in-minsk-haelt-provokation-ukrainischer-militaers-fuer-moeglich\/#primaryimage"},"thumbnailUrl":"https:\/\/now-news.de\/de\/wp-content\/uploads\/sites\/3\/2022\/12\/Nach-Raketenvorfall-Militaerbehoerde-in-Minsk-haelt-Provokation-ukrainischer-Militaers-fuer.jpg","keywords":["f\u00fcr","h\u00e4lt","Milit\u00e4rbeh\u00f6rde","Milit\u00e4rs","Minsk","m\u00f6glich","nach","Provokation","Raketenvorfall","Ukrainischer"],"articleSection":["Deutschland","Russland"],"inLanguage":"de","potentialAction":[{"@type":"CommentAction","name":"Comment","target":["https:\/\/now-news.de\/de\/deutschland\/nach-raketenvorfall-militaerbehoerde-in-minsk-haelt-provokation-ukrainischer-militaers-fuer-moeglich\/#respond"]}]},{"@type":"WebPage","@id":"https:\/\/now-news.de\/de\/deutschland\/nach-raketenvorfall-militaerbehoerde-in-minsk-haelt-provokation-ukrainischer-militaers-fuer-moeglich\/","url":"https:\/\/now-news.de\/de\/deutschland\/nach-raketenvorfall-militaerbehoerde-in-minsk-haelt-provokation-ukrainischer-militaers-fuer-moeglich\/","name":"Nach Raketenvorfall: Milit\u00e4rbeh\u00f6rde in Minsk h\u00e4lt Provokation ukrainischer Milit\u00e4rs f\u00fcr m\u00f6glich - just-now.NEWS Deutschland","isPartOf":{"@id":"https:\/\/now-news.de\/de\/#website"},"primaryImageOfPage":{"@id":"https:\/\/now-news.de\/de\/deutschland\/nach-raketenvorfall-militaerbehoerde-in-minsk-haelt-provokation-ukrainischer-militaers-fuer-moeglich\/#primaryimage"},"image":{"@id":"https:\/\/now-news.de\/de\/deutschland\/nach-raketenvorfall-militaerbehoerde-in-minsk-haelt-provokation-ukrainischer-militaers-fuer-moeglich\/#primaryimage"},"thumbnailUrl":"https:\/\/now-news.de\/de\/wp-content\/uploads\/sites\/3\/2022\/12\/Nach-Raketenvorfall-Militaerbehoerde-in-Minsk-haelt-Provokation-ukrainischer-Militaers-fuer.jpg","datePublished":"2022-12-30T10:17:13+00:00","dateModified":"2022-12-30T10:17:13+00:00","breadcrumb":{"@id":"https:\/\/now-news.de\/de\/deutschland\/nach-raketenvorfall-militaerbehoerde-in-minsk-haelt-provokation-ukrainischer-militaers-fuer-moeglich\/#breadcrumb"},"inLanguage":"de","potentialAction":[{"@type":"ReadAction","target":["https:\/\/now-news.de\/de\/deutschland\/nach-raketenvorfall-militaerbehoerde-in-minsk-haelt-provokation-ukrainischer-militaers-fuer-moeglich\/"]}]},{"@type":"ImageObject","inLanguage":"de","@id":"https:\/\/now-news.de\/de\/deutschland\/nach-raketenvorfall-militaerbehoerde-in-minsk-haelt-provokation-ukrainischer-militaers-fuer-moeglich\/#primaryimage","url":"https:\/\/now-news.de\/de\/wp-content\/uploads\/sites\/3\/2022\/12\/Nach-Raketenvorfall-Militaerbehoerde-in-Minsk-haelt-Provokation-ukrainischer-Militaers-fuer.jpg","contentUrl":"https:\/\/now-news.de\/de\/wp-content\/uploads\/sites\/3\/2022\/12\/Nach-Raketenvorfall-Militaerbehoerde-in-Minsk-haelt-Provokation-ukrainischer-Militaers-fuer.jpg","width":460,"height":259,"caption":"Nach Raketenvorfall: Milit\u00e4rbeh\u00f6rde in Minsk h\u00e4lt Provokation ukrainischer Milit\u00e4rs f\u00fcr m\u00f6glich"},{"@type":"BreadcrumbList","@id":"https:\/\/now-news.de\/de\/deutschland\/nach-raketenvorfall-militaerbehoerde-in-minsk-haelt-provokation-ukrainischer-militaers-fuer-moeglich\/#breadcrumb","itemListElement":[{"@type":"ListItem","position":1,"name":"Home","item":"https:\/\/now-news.de\/de\/"},{"@type":"ListItem","position":2,"name":"Nach Raketenvorfall: Milit\u00e4rbeh\u00f6rde in Minsk h\u00e4lt Provokation ukrainischer Milit\u00e4rs f\u00fcr m\u00f6glich"}]},{"@type":"WebSite","@id":"https:\/\/now-news.de\/de\/#website","url":"https:\/\/now-news.de\/de\/","name":"just-now.NEWS Deutschland","description":"Das Portal f\u00fcr unzensierte Nachrichten aus der Welt","publisher":{"@id":"https:\/\/now-news.de\/de\/#organization"},"potentialAction":[{"@type":"SearchAction","target":{"@type":"EntryPoint","urlTemplate":"https:\/\/now-news.de\/de\/?s={search_term_string}"},"query-input":"required name=search_term_string"}],"inLanguage":"de"},{"@type":"Organization","@id":"https:\/\/now-news.de\/de\/#organization","name":"Just Now News","url":"https:\/\/now-news.de\/de\/","logo":{"@type":"ImageObject","inLanguage":"de","@id":"https:\/\/now-news.de\/de\/#\/schema\/logo\/image\/","url":"http:\/\/just-now.news\/de\/wp-content\/uploads\/sites\/3\/2022\/04\/logo500x500.jpg","contentUrl":"http:\/\/just-now.news\/de\/wp-content\/uploads\/sites\/3\/2022\/04\/logo500x500.jpg","width":500,"height":500,"caption":"Just Now News"},"image":{"@id":"https:\/\/now-news.de\/de\/#\/schema\/logo\/image\/"},"sameAs":["https:\/\/www.facebook.com\/wirmachenauf","https:\/\/x.com\/WirMachenAuf_de"]},{"@type":"Person","@id":"https:\/\/now-news.de\/de\/#\/schema\/person\/fb534a4e865501d8b3285208df34a9b5","name":"rtnews","image":{"@type":"ImageObject","inLanguage":"de","@id":"https:\/\/now-news.de\/de\/#\/schema\/person\/image\/","url":"https:\/\/secure.gravatar.com\/avatar\/82aafea7d8127119dd649515f56e2117?s=96&d=mm&r=g","contentUrl":"https:\/\/secure.gravatar.com\/avatar\/82aafea7d8127119dd649515f56e2117?s=96&d=mm&r=g","caption":"rtnews"},"url":"https:\/\/now-news.de\/de\/author\/rnews\/"}]}},"_links":{"self":[{"href":"https:\/\/now-news.de\/de\/wp-json\/wp\/v2\/posts\/26619"}],"collection":[{"href":"https:\/\/now-news.de\/de\/wp-json\/wp\/v2\/posts"}],"about":[{"href":"https:\/\/now-news.de\/de\/wp-json\/wp\/v2\/types\/post"}],"author":[{"embeddable":true,"href":"https:\/\/now-news.de\/de\/wp-json\/wp\/v2\/users\/3"}],"replies":[{"embeddable":true,"href":"https:\/\/now-news.de\/de\/wp-json\/wp\/v2\/comments?post=26619"}],"version-history":[{"count":0,"href":"https:\/\/now-news.de\/de\/wp-json\/wp\/v2\/posts\/26619\/revisions"}],"wp:featuredmedia":[{"embeddable":true,"href":"https:\/\/now-news.de\/de\/wp-json\/wp\/v2\/media\/26620"}],"wp:attachment":[{"href":"https:\/\/now-news.de\/de\/wp-json\/wp\/v2\/media?parent=26619"}],"wp:term":[{"taxonomy":"category","embeddable":true,"href":"https:\/\/now-news.de\/de\/wp-json\/wp\/v2\/categories?post=26619"},{"taxonomy":"post_tag","embeddable":true,"href":"https:\/\/now-news.de\/de\/wp-json\/wp\/v2\/tags?post=26619"}],"curies":[{"name":"wp","href":"https:\/\/api.w.org\/{rel}","templated":true}]}}