{"id":26593,"date":"2022-12-29T22:50:02","date_gmt":"2022-12-29T20:50:02","guid":{"rendered":"https:\/\/just-now.news\/de\/deutschland\/liveticker-ukraine-krieg-selenskij-soll-biden-um-atacms-raketen-gebeten-haben\/"},"modified":"2022-12-29T22:50:02","modified_gmt":"2022-12-29T20:50:02","slug":"liveticker-ukraine-krieg-selenskij-soll-biden-um-atacms-raketen-gebeten-haben","status":"publish","type":"post","link":"https:\/\/now-news.de\/de\/deutschland\/liveticker-ukraine-krieg-selenskij-soll-biden-um-atacms-raketen-gebeten-haben\/","title":{"rendered":"Liveticker Ukraine-Krieg \u2013 Selenskij soll Biden um ATACMS-Raketen gebeten haben"},"content":{"rendered":"<div class=\"Text-root Text-type_1 \">\n                Russland f\u00fchrt gemeinsam mit den Streitkr\u00e4ften der Donbass-Republiken eine Milit\u00e4roperation in der Ukraine durch. Der Westen reagiert mit immer neuen Waffenlieferungen an die Ukraine und beispiellosen Sanktionen gegen Russland. Lesen Sie hier die neuesten Entwicklungen. Kiews Geheimdienstchef: Konflikt mit Russland steckt in einer Sackgasse\n            <\/div>\n<p><\/p>\n<div class=\"ArticleView-liveUpdates\">\n<div class=\"LiveUpdates-root\">\n<div class=\"LiveUpdates-content\">\n<ul class=\"LiveUpdates-list Listing-root\" data-listing=\"LiveUpdates\" data-count=\"10\">\n<li class=\"LiveUpdates-item Listing-item\">\n<div class=\"LiveUpdates-date\">\n<p class=\"HeaderNews-root HeaderNews-type_2 \">\n                29.12.2022 22:00 Uhr\n            <\/p>\n<\/div>\n<div class=\"LiveUpdate-root\">\n<div class=\"LiveUpdate-date\">\n<p class=\"HeaderNews-root HeaderNews-type_6 \">\n                22:00 Uhr\n            <\/p>\n<\/div>\n<div class=\"LiveUpdate-content\">\n<div class=\"LiveUpdate-text\">\n<div class=\"Text-root Text-type_5 ViewText-root\">\n<p>Damit beenden wir f\u00fcr heute den Live-Ticker zur Lage im Ukraine-Konflikt. Morgen fr\u00fch ab 7 Uhr geht es mit der Berichterstattung weiter. Wir w\u00fcnschen unseren Lesern trotz aller Spannungen in der Welt eine gute Nacht!<\/p>\n<\/div>\n<\/div>\n<\/div>\n<\/div>\n<\/li>\n<li class=\"LiveUpdates-item Listing-item\">\n<div class=\"LiveUpdate-root\">\n<div class=\"LiveUpdate-date\">\n<p class=\"HeaderNews-root HeaderNews-type_6 \">\n                21:55 Uhr\n            <\/p>\n<\/div>\n<div class=\"LiveUpdate-content\">\n<div class=\"LiveUpdate-text\">\n<div class=\"Text-root Text-type_5 ViewText-root\">\n<p><strong>Angriffe auf Infrastruktur in der Ukraine: Gro\u00dfbrand in Charkow erst gegen Abend gel\u00f6scht<\/strong><\/p>\n<p>Infolge der Angriffe der russischen Streitkr\u00e4fte ist es am Donnerstag in Charkow und im Gebiet Charkow zu schweren Schaden an Stromnetzen gekommen.<\/p>\n<p>Nach einem Raketeneinschlag im Charkower Bezirk Industialni brach ein Gro\u00dfbrand in einem Umspannwerk des \u00f6rtlichen W\u00e4rmekraftwerkes aus. Der Brand <a rel=\"nofollow noopener\" target=\"_blank\" href=\"https:\/\/t.me\/readovkanews\/49889\">konnte<\/a> erst gegen Abend mit gro\u00dfem Aufwand gel\u00f6scht werden.<\/p>\n<\/div>\n<\/div>\n<\/div>\n<\/div>\n<\/li>\n<li class=\"LiveUpdates-item Listing-item\">\n<div class=\"LiveUpdate-root\">\n<div class=\"LiveUpdate-date\">\n<p class=\"HeaderNews-root HeaderNews-type_6 \">\n                21:37 Uhr\n            <\/p>\n<\/div>\n<div class=\"LiveUpdate-content\">\n<div class=\"LiveUpdate-text\">\n<div class=\"Text-root Text-type_5 ViewText-root\">\n<p><strong>Selenskij\u00a0verst\u00e4rkt mit neuem Gesetz staatliche Kontrolle \u00fcber Medien<\/strong><\/p>\n<figure class=\"RTImage-root\">\n<div class=\"RTImage-image RTImage-original\"><picture class=\"Picture-root Picture-original\"><!--[if IE 9]><video style=\"display: none;\"><![endif]--><source media=\"(-webkit-min-device-pixel-ratio: 2) and (min-resolution: 120dpi)\" data-srcset=\" \nhttp:\/\/just-now.news\/de\/wp-content\/uploads\/sites\/3\/2022\/12\/63adec5048fbef623f58d719.jpg 850w,\n                http:\/\/just-now.news\/de\/wp-content\/uploads\/sites\/3\/2022\/12\/1672347736_420_63adec5048fbef623f58d719.jpg 1960w,\n            \" ><source data-srcset=\" \nhttp:\/\/just-now.news\/de\/wp-content\/uploads\/sites\/3\/2022\/12\/63adec5048fbef623f58d719.jpg 460w,\n              http:\/\/just-now.news\/de\/wp-content\/uploads\/sites\/3\/2022\/12\/1672347736_420_63adec5048fbef623f58d719.jpg 980w,\n            \" ><!--[if IE 9]><\/video><![endif]--><img decoding=\"async\" data- src=\"data:image\/png;base64,iVBORw0KGgoAAAANSUhEUgAAABAAAAAJCAQAAACRI2S5AAAAEElEQVR42mNkIAAYRxWAAQAG9gAKqv6+AwAAAABJRU5ErkJggg==\" class=\"Picture-root Picture-original lazyload\" data-src=\"http:\/\/just-now.news\/de\/wp-content\/uploads\/sites\/3\/2022\/12\/63adec5048fbef623f58d719.jpg\" alt=\"\"><\/source><\/source><\/picture><!-- noscript pattern --><noscript><img decoding=\"async\" src=\"http:\/\/just-now.news\/de\/wp-content\/uploads\/sites\/3\/2022\/12\/1672347736_420_63adec5048fbef623f58d719.jpg\" alt=\"\"><\/noscript><\/div><figcaption class=\"RTImage-footer\"><span class=\"RTImage-caption\"><span class=\"RTImage-captionItem\">Archivbild: Der Pr\u00e4sident der Ukraine Wladimir Selenskij im US-Kongress<\/span><\/span><span class=\"RTImage-source\"><span class=\"RTImage-captionItem\">ANNA MONEYMAKER<\/span><span class=\"RTImage-captionItem\"> \/ AFP<\/span><\/span><\/figcaption><\/figure>\n<p>Laut Informationen\u00a0von der Webseite der ukrainischen Werchownaja Rada hat Wladimir Selenskij das Gesetz &#8220;\u00dcber die Medien&#8221; unterzeichnet. Das neue Gesetz erweitert die Befugnisse des Nationalen Rundfunk- und Fernsehrats, der zur einzigen Medienaufsichtsbeh\u00f6rde wird. Gem\u00e4\u00df dem Dokument\u00a0k\u00f6nnten die ukrainischen Beh\u00f6rden verbindliche Anweisungen an die Redaktionen aller Medien senden, Geldbu\u00dfen verh\u00e4ngen, Internetmedien ohne Gerichtsbeschluss f\u00fcr 14 Tage blockieren und die Registrierung von Printmedien aufheben.<\/p>\n<p>Zuvor hatte sich der Nationale Journalistenverband der Ukraine gegen den Gesetzentwurf ausgesprochen. Kritiker wiesen darauf hin, dass der Nationale Rundfunk- und Fernsehrat keine unabh\u00e4ngige Regulierungsbeh\u00f6rde sei, da die H\u00e4lfte des Gremiums vom Pr\u00e4sidenten und die andere H\u00e4lfte vom Parlament ernannt werde.<\/p>\n<\/div>\n<\/div>\n<\/div>\n<\/div>\n<\/li>\n<li class=\"LiveUpdates-item Listing-item\">\n<div class=\"LiveUpdate-root\">\n<div class=\"LiveUpdate-date\">\n<p class=\"HeaderNews-root HeaderNews-type_6 \">\n                21:24 Uhr\n            <\/p>\n<\/div>\n<div class=\"LiveUpdate-content\">\n<div class=\"LiveUpdate-text\">\n<div class=\"Text-root Text-type_5 ViewText-root\">\n<p><strong>Politico: Selenskij soll Biden um\u00a0ATACMS-Raketen gebeten haben<\/strong><\/p>\n<figure class=\"RTImage-root\">\n<div class=\"RTImage-image RTImage-original\"><picture class=\"Picture-root Picture-original\"><!--[if IE 9]><video style=\"display: none;\"><![endif]--><source media=\"(-webkit-min-device-pixel-ratio: 2) and (min-resolution: 120dpi)\" data-srcset=\" \nhttp:\/\/just-now.news\/de\/wp-content\/uploads\/sites\/3\/2022\/12\/63ada856b480cc52e268da28.jpg 850w,\n                http:\/\/just-now.news\/de\/wp-content\/uploads\/sites\/3\/2022\/12\/63ada856b480cc52e268da27.jpg 1960w,\n            \" ><source data-srcset=\" \nhttp:\/\/just-now.news\/de\/wp-content\/uploads\/sites\/3\/2022\/12\/63ada856b480cc52e268da28.jpg 460w,\n              http:\/\/just-now.news\/de\/wp-content\/uploads\/sites\/3\/2022\/12\/63ada856b480cc52e268da27.jpg 980w,\n            \" ><!--[if IE 9]><\/video><![endif]--><img decoding=\"async\" data- src=\"data:image\/png;base64,iVBORw0KGgoAAAANSUhEUgAAABAAAAAJCAQAAACRI2S5AAAAEElEQVR42mNkIAAYRxWAAQAG9gAKqv6+AwAAAABJRU5ErkJggg==\" class=\"Picture-root Picture-original lazyload\" data-src=\"http:\/\/just-now.news\/de\/wp-content\/uploads\/sites\/3\/2022\/12\/63ada856b480cc52e268da28.jpg\" alt=\"\"><\/source><\/source><\/picture><!-- noscript pattern --><noscript><img decoding=\"async\" src=\"http:\/\/just-now.news\/de\/wp-content\/uploads\/sites\/3\/2022\/12\/63ada856b480cc52e268da27.jpg\" alt=\"\"><\/noscript><\/div><figcaption class=\"RTImage-footer\"><span class=\"RTImage-caption\"><span class=\"RTImage-captionItem\">Archivbild: Eine ATACMS-Rakete wird in S\u00fcdkorea im Rahmen einer \u00dcbung abgeschossen, 24. M\u00e4rz 2022.<\/span><\/span><span class=\"RTImage-source\"><span class=\"RTImage-captionItem\">JO YONG HAK \/ S\u00fcdkoreas Verteidigungsministerium<\/span><span class=\"RTImage-captionItem\"> \/ AFP<\/span><\/span><\/figcaption><\/figure>\n<p>Nach Angaben der Zeitung <em>Politico<\/em> hat Wladimir Selenskij, der Pr\u00e4sident der Ukraine, w\u00e4hrend seines Besuchs in Washington mit dem US-Pr\u00e4sidenten Joe Biden erneut \u00fcber <a rel=\"nofollow noopener\" target=\"_blank\" href=\"https:\/\/www.politico.com\/news\/2022\/12\/29\/himars-patriot-russia-ukraine-biden-00075708\">Lieferungen<\/a> von ATACMS-Raketen gesprochen. Washington lehne es dennoch weiterhin ab, der Ukraine die ballistischen Raketen mit einer Reichweite von bis zu 300 Kilometer zur Verf\u00fcgung zu stellen.\u00a0<\/p>\n<p>Zuvor war mehrmals berichtet worden, dass die USA der Ukraine die Lieferungen von Langstreckenraketen verweigern, um eine m\u00f6gliche Eskalation des Konflikts zu verhindern.<\/p>\n<\/div>\n<\/div>\n<\/div>\n<\/div>\n<\/li>\n<li class=\"LiveUpdates-item Listing-item\">\n<div class=\"LiveUpdate-root\">\n<div class=\"LiveUpdate-date\">\n<p class=\"HeaderNews-root HeaderNews-type_6 \">\n                21:06 Uhr\n            <\/p>\n<\/div>\n<div class=\"LiveUpdate-content\">\n<div class=\"LiveUpdate-text\">\n<div class=\"Text-root Text-type_5 ViewText-root\">\n<p><strong>Sibirischer Gesch\u00e4ftsmann schickt eine Tonne Fisch f\u00fcr das Milit\u00e4r an die Front<\/strong><\/p>\n<figure class=\"RTImage-root\">\n<div class=\"RTImage-image RTImage-original\"><picture class=\"Picture-root Picture-original\"><!--[if IE 9]><video style=\"display: none;\"><![endif]--><source media=\"(-webkit-min-device-pixel-ratio: 2) and (min-resolution: 120dpi)\" data-srcset=\" \nhttp:\/\/just-now.news\/de\/wp-content\/uploads\/sites\/3\/2022\/12\/63adb2e048fbef07777eccd1.jpg 850w,\n                http:\/\/just-now.news\/de\/wp-content\/uploads\/sites\/3\/2022\/12\/63adb2e048fbef07777eccd1.jpg 1960w,\n            \" ><source data-srcset=\" \nhttp:\/\/just-now.news\/de\/wp-content\/uploads\/sites\/3\/2022\/12\/63adb2e048fbef07777eccd1.jpg 460w,\n              http:\/\/just-now.news\/de\/wp-content\/uploads\/sites\/3\/2022\/12\/63adb2e048fbef07777eccd1.jpg 980w,\n            \" ><!--[if IE 9]><\/video><![endif]--><img decoding=\"async\" data- src=\"data:image\/png;base64,iVBORw0KGgoAAAANSUhEUgAAABAAAAAJCAQAAACRI2S5AAAAEElEQVR42mNkIAAYRxWAAQAG9gAKqv6+AwAAAABJRU5ErkJggg==\" class=\"Picture-root Picture-original lazyload\" data-src=\"http:\/\/just-now.news\/de\/wp-content\/uploads\/sites\/3\/2022\/12\/63adb2e048fbef07777eccd1.jpg\" alt=\"\"><\/source><\/source><\/picture><!-- noscript pattern --><noscript><img decoding=\"async\" src=\"http:\/\/just-now.news\/de\/wp-content\/uploads\/sites\/3\/2022\/12\/63adb2e048fbef07777eccd1.jpg\" alt=\"\"><\/noscript><\/div><figcaption class=\"RTImage-footer\"><span class=\"RTImage-caption\"><span class=\"RTImage-captionItem\">(Symbolbild)<\/span><\/span><span class=\"RTImage-source\"><span class=\"RTImage-captionItem\">Ilya Naymushin<\/span><span class=\"RTImage-captionItem\"> \/ Sputnik<\/span><\/span><\/figcaption><\/figure>\n<p>Der sibirische Unternehmer Alexander Kudjaschew aus Kurgan hat russischen Soldaten, die an Kampfeins\u00e4tzen in der Ukraine beteiligt sind, zum neuen Jahr eine Tonne Fisch zukommen lassen, berichtet <em>Ura.ru<\/em>. Er postete in einer Gruppe des sozialen Netzwerks <em>Vkontakte<\/em> ein Video, in dem er sich an die Soldaten wandte und sagte:<\/p>\n<p><em>&#8220;Wir haben eine Tonne Fisch an die Soldaten an der Front geschickt, damit sie unsere Unterst\u00fctzung sp\u00fcren. Peledmar\u00e4ne\u00a0sind sehr lecker und nahrhaft. Ich denke, dass das die Jungs aufmuntern und ihre Stimmung heben wird. Au\u00dferdem m\u00f6chte ich allen K\u00e4mpfern ein gutes neues Jahr w\u00fcnschen. Ich hoffe, dass alle gesund, lebendig und als Sieger nach Hause kommen.&#8221;<\/em><\/p>\n<\/div>\n<\/div>\n<\/div>\n<\/div>\n<\/li>\n<li class=\"LiveUpdates-item Listing-item\">\n<div class=\"LiveUpdate-root\">\n<div class=\"LiveUpdate-date\">\n<p class=\"HeaderNews-root HeaderNews-type_6 \">\n                20:40 Uhr\n            <\/p>\n<\/div>\n<div class=\"LiveUpdate-content\">\n<div class=\"LiveUpdate-text\">\n<div class=\"Text-root Text-type_5 ViewText-root\">\n<p><strong>LVR: Sicherheitskr\u00e4fte entdecken Waffenversteck \u2013 Saboteure planten Anschl\u00e4ge \u00fcber Silvester <br \/><\/strong><\/p>\n<p>Russische Sicherheitskr\u00e4fte haben nach eigenen Angaben in einem Privathaus in der Volksrepublik Lugansk ein Versteck mit Waffen und Uniformen entdeckt. Der Fund beinhaltete auch Sprengstoff. Das Versteck geh\u00f6re mutma\u00dflich einer ukrainischen Aufkl\u00e4rungs- und Sabotagegruppe, die Terroranschl\u00e4ge \u00fcber Silvester geplant habe. Ein Sprecher teilte der Nachrichtenagentur <em>TASS<\/em> mit:<\/p>\n<p><em>&#8220;Der Inhalt des Verstecks und die Menge an Explosivstoff im selbst gebauten Sprengsatz zeugen davon, dass es das Ziel der Aufkl\u00e4rungs- und Sabotagegruppe war, w\u00e4hrend der Neujahrsfeiertage der zivilen Infrastruktur in der jeweiligen Ortschaft einen deutlichen Schaden zuzuf\u00fcgen und zahlreiche Opfer unter der Bev\u00f6lkerung herbeizuf\u00fchren.&#8221;<\/em><\/p>\n<p>Zuvor hatte der Interims-Gouverneur der Volksrepublik Lugansk, Leonid Passetschnik, den Fahrzeugverkehr w\u00e4hrend der Ausgangssperre untersagt. Die Ma\u00dfnahme wurde mit dem Kampf gegen Aufkl\u00e4rungs- und Sabotagegruppen aus der Ukraine begr\u00fcndet.<\/p>\n<\/div>\n<\/div>\n<\/div>\n<\/div>\n<\/li>\n<li class=\"LiveUpdates-item Listing-item\">\n<div class=\"LiveUpdate-root\">\n<div class=\"LiveUpdate-date\">\n<p class=\"HeaderNews-root HeaderNews-type_6 \">\n                20:21 Uhr\n            <\/p>\n<\/div>\n<div class=\"LiveUpdate-content\">\n<div class=\"LiveUpdate-text\">\n<div class=\"Text-root Text-type_5 ViewText-root\">\n<p><strong>Ukraine ist\u00a0zur Untersuchung des Raketenvorfalls in Wei\u00dfrussland bereit<\/strong><\/p>\n<p>In einer Erkl\u00e4rung hat das Au\u00dfenministerium der Ukraine bekannt gegeben, dass das Land zu einer Untersuchung des Raketenabsturzes in Wei\u00dfrussland bereit sei. In diesem Zusammenhang wolle die Ukraine kompetente Experten aus L\u00e4ndern, die mit Russland nicht in Verbindung stehen und es in keiner Weise unterst\u00fctzen, zur Teilnahme an einer solchen Untersuchung einladen. Trotzdem behalte sich die Ukraine das uneingeschr\u00e4nkte Recht vor, den eigenen Luftraum zu verteidigen, hob das Ministerium hervor.\u00a0<\/p>\n<p>Zuvor am Donnerstag hatte Wei\u00dfrusslands Verteidigungsministerium mitgeteilt, dass die Luftabwehrtruppen des Landes eine Rakete abgeschossen haben. Es handelte sich um eine Boden-Luft-Rakete des Typs S-300, die mutma\u00dflich von der Ukraine aus abgefeuert wurde.<\/p>\n<\/div>\n<\/div>\n<\/div>\n<\/div>\n<\/li>\n<li class=\"LiveUpdates-item Listing-item\">\n<div class=\"LiveUpdate-root\">\n<div class=\"LiveUpdate-date\">\n<p class=\"HeaderNews-root HeaderNews-type_6 \">\n                19:35 Uhr\n            <\/p>\n<\/div>\n<div class=\"LiveUpdate-content\">\n<div class=\"LiveUpdate-text\">\n<div class=\"Text-root Text-type_5 ViewText-root\">\n<p><strong>The Times: Ukrainischer Kommandeur bezweifelt Eind\u00e4mmung russischer Truppen bei Ugledar<\/strong><\/p>\n<figure class=\"RTImage-root\">\n<div class=\"RTImage-image RTImage-original\"><picture class=\"Picture-root Picture-original\"><!--[if IE 9]><video style=\"display: none;\"><![endif]--><source media=\"(-webkit-min-device-pixel-ratio: 2) and (min-resolution: 120dpi)\" data-srcset=\" \nhttp:\/\/just-now.news\/de\/wp-content\/uploads\/sites\/3\/2022\/12\/63ad9aa048fbef623f58d6a7.jpg 850w,\n                http:\/\/just-now.news\/de\/wp-content\/uploads\/sites\/3\/2022\/12\/63ad9aa048fbef623f58d6a7.jpg 1960w,\n            \" ><source data-srcset=\" \nhttp:\/\/just-now.news\/de\/wp-content\/uploads\/sites\/3\/2022\/12\/63ad9aa048fbef623f58d6a7.jpg 460w,\n              http:\/\/just-now.news\/de\/wp-content\/uploads\/sites\/3\/2022\/12\/63ad9aa048fbef623f58d6a7.jpg 980w,\n            \" ><!--[if IE 9]><\/video><![endif]--><img decoding=\"async\" data- src=\"data:image\/png;base64,iVBORw0KGgoAAAANSUhEUgAAABAAAAAJCAQAAACRI2S5AAAAEElEQVR42mNkIAAYRxWAAQAG9gAKqv6+AwAAAABJRU5ErkJggg==\" class=\"Picture-root Picture-original lazyload\" data-src=\"http:\/\/just-now.news\/de\/wp-content\/uploads\/sites\/3\/2022\/12\/63ad9aa048fbef623f58d6a7.jpg\" alt=\"\"><\/source><\/source><\/picture><!-- noscript pattern --><noscript><img decoding=\"async\" src=\"http:\/\/just-now.news\/de\/wp-content\/uploads\/sites\/3\/2022\/12\/63ad9aa048fbef623f58d6a7.jpg\" alt=\"\"><\/noscript><\/div><figcaption class=\"RTImage-footer\"><span class=\"RTImage-caption\"><span class=\"RTImage-captionItem\">(Symbolbild)<\/span><\/span><span class=\"RTImage-source\"><span class=\"RTImage-captionItem\">Dmitry Makeev<\/span><span class=\"RTImage-captionItem\"> \/ Sputnik<\/span><\/span><\/figcaption><\/figure>\n<p>In einem <a rel=\"nofollow noopener\" target=\"_blank\" href=\"https:\/\/www.thetimes.co.uk\/article\/a-day-without-dead-russians-isnt-a-complete-day-3dw97pqqp\">Interview<\/a> mit der britischen Zeitung <em>The Times<\/em> beklagte der Befehlshaber des 48. Sch\u00fctzenbataillons der 72. motorisierten Sch\u00fctzenbrigade der ukrainischen Armee, Nasari Kischak, die schwierige Lage in der N\u00e4he von Ugledar in der Donezker Volksrepublik. Er bezweifelte auch, dass eine Offensive der ukrainischen Truppen in diesem Frontabschnitt ratsam w\u00e4re. Seiner Meinung nach w\u00fcrde eine solche Offensive &#8220;Verluste bedeuten&#8221;. Kischak erkl\u00e4rte der <em>Times<\/em> gegen\u00fcber:<\/p>\n<p><em>&#8220;Das Verh\u00e4ltnis der M\u00f6rser ist eins zu sieben zugunsten der Russen. Ich bin mir nicht sicher, ob wir sie aufhalten k\u00f6nnen, weil wir nicht genug Artillerie haben. Au\u00dferdem werden wir durch den Matsch stark behindert.&#8221;<\/em><\/p>\n<\/div>\n<\/div>\n<\/div>\n<\/div>\n<\/li>\n<li class=\"LiveUpdates-item Listing-item\">\n<div class=\"LiveUpdate-root\">\n<div class=\"LiveUpdate-date\">\n<p class=\"HeaderNews-root HeaderNews-type_6 \">\n                19:15 Uhr\n            <\/p>\n<\/div>\n<div class=\"LiveUpdate-content\">\n<div class=\"LiveUpdate-text\">\n<div class=\"Text-root Text-type_5 ViewText-root\">\n<p><strong>Jassinowataja in DVR durch ukrainische Streitkr\u00e4fte beschossen<\/strong><\/p>\n<p>Die ukrainischen Streitkr\u00e4fte haben um 19:20 Uhr (Ortszeit) die Siedlung Jassinowataja in der Volksrepublik Donezk (DVR) beschossen. Die DVR-Vertretung beim Gemeinsamen Zentrum f\u00fcr die Kontrolle und Koordinierung von Fragen im Zusammenhang mit den ukrainischen Verbrechen <a rel=\"nofollow noopener\" target=\"_blank\" href=\"https:\/\/t.me\/online_dnr_sckk\/20546\">informierte<\/a> dar\u00fcber, dass sechs Granaten des NATO-Kalibers 155 Millimeter genutzt worden seien.<\/p>\n<p>Ferner <a rel=\"nofollow noopener\" target=\"_blank\" href=\"https:\/\/t.me\/online_dnr_sckk\/20547\">berichtete<\/a> die Beh\u00f6rde \u00fcber weitere zw\u00f6lf Geschosse, die um 20:00 Uhr in Jassinowataja einschlugen.<\/p>\n<\/div>\n<\/div>\n<\/div>\n<\/div>\n<\/li>\n<li class=\"LiveUpdates-item Listing-item\">\n<div class=\"LiveUpdate-root\">\n<div class=\"LiveUpdate-date\">\n<p class=\"HeaderNews-root HeaderNews-type_6 \">\n                18:44 Uhr\n            <\/p>\n<\/div>\n<div class=\"LiveUpdate-content\">\n<div class=\"LiveUpdate-text\">\n<div class=\"Text-root Text-type_5 ViewText-root\">\n<p><strong>Innenministerium Spaniens: K\u00f6nigreich begr\u00fc\u00dfte seit M\u00e4rz mehr als 160.000 ukrainische Fl\u00fcchtlinge<\/strong><\/p>\n<figure class=\"RTImage-root\">\n<div class=\"RTImage-image RTImage-original\"><picture class=\"Picture-root Picture-original\"><!--[if IE 9]><video style=\"display: none;\"><![endif]--><source media=\"(-webkit-min-device-pixel-ratio: 2) and (min-resolution: 120dpi)\" data-srcset=\" \nhttp:\/\/just-now.news\/de\/wp-content\/uploads\/sites\/3\/2022\/12\/63ada53048fbef62467cda70.jpg 850w,\n                http:\/\/just-now.news\/de\/wp-content\/uploads\/sites\/3\/2022\/12\/63ada53048fbef62467cda70.jpg 1960w,\n            \" ><source data-srcset=\" \nhttp:\/\/just-now.news\/de\/wp-content\/uploads\/sites\/3\/2022\/12\/63ada53048fbef62467cda70.jpg 460w,\n              http:\/\/just-now.news\/de\/wp-content\/uploads\/sites\/3\/2022\/12\/63ada53048fbef62467cda70.jpg 980w,\n            \" ><!--[if IE 9]><\/video><![endif]--><img decoding=\"async\" data- src=\"data:image\/png;base64,iVBORw0KGgoAAAANSUhEUgAAABAAAAAJCAQAAACRI2S5AAAAEElEQVR42mNkIAAYRxWAAQAG9gAKqv6+AwAAAABJRU5ErkJggg==\" class=\"Picture-root Picture-original lazyload\" data-src=\"http:\/\/just-now.news\/de\/wp-content\/uploads\/sites\/3\/2022\/12\/63ada53048fbef62467cda70.jpg\" alt=\"\"><\/source><\/source><\/picture><!-- noscript pattern --><noscript><img decoding=\"async\" src=\"http:\/\/just-now.news\/de\/wp-content\/uploads\/sites\/3\/2022\/12\/63ada53048fbef62467cda70.jpg\" alt=\"\"><\/noscript><\/div><figcaption class=\"RTImage-footer\"><span class=\"RTImage-caption\"><span class=\"RTImage-captionItem\">Archivbild: Ukrainische Fl\u00fcchtlingskinder setzen ukrainische F\u00e4hnchen auf die Spitzen von Sandburgen am Strand von Sant Salvador in Vendrell, Spanien.<\/span><\/span><span class=\"RTImage-source\"><span class=\"RTImage-captionItem\">Ramon Costa \/ SOPA Images\/Sipa U<\/span><span class=\"RTImage-captionItem\"> \/ Legion-media.ru<\/span><\/span><\/figcaption><\/figure>\n<p>Mehr als 160.000 Fl\u00fcchtlinge aus der Ukraine wurden seit M\u00e4rz dieses Jahres in Spanien aufgenommen. Dies geht aus einer Presseerkl\u00e4rung des Innenministeriums des K\u00f6nigreichs hervor. Nach Angaben des Ministeriums wurden zwischen dem 9. M\u00e4rz und dem 28. Dezember insgesamt 160.537 befristete Schutzdokumente f\u00fcr ukrainische Staatsangeh\u00f6rige in Spanien ausgestellt.<\/p>\n<p>Im Oktober teilte das spanische Innenministerium mit, dass das K\u00f6nigreich seit M\u00e4rz des Jahres 2022 \u00fcber 150.000 Gefl\u00fcchtete aus der Ukraine aufgenommen habe. Laut diesen Angaben waren 64,1 Prozent der Personen, die den vor\u00fcbergehenden Schutz erhielten, Frauen.<\/p>\n<\/div>\n<\/div>\n<\/div>\n<\/div>\n<\/li>\n<\/ul>\n<div class=\"Listing-isReact\" data-rtmodule=\"Listing\" onload=\"return {\n                page: '1',\n                limit: '10',\n                listing: '\/listing\/parent.6209f961b480cc2c7e35341b\/noprepare\/liveupdates\/10\/1',\n            };\"><\/div>\n<\/div>\n<\/div>\n<\/div>\n<p><br \/>\n<br \/><a href=\"https:\/\/de.rt.com\/international\/131481-liveticker-ukraine-krieg-selenskij-soll\/\">Source link <\/a><\/p>\n","protected":false},"excerpt":{"rendered":"<p>Russland f\u00fchrt gemeinsam mit den Streitkr\u00e4ften der Donbass-Republiken eine Milit\u00e4roperation in der Ukraine durch. Der Westen reagiert mit immer neuen Waffenlieferungen an die Ukraine und beispiellosen Sanktionen gegen Russland. Lesen Sie hier die neuesten Entwicklungen. Kiews Geheimdienstchef: Konflikt mit Russland steckt in einer Sackgasse 29.12.2022 22:00 Uhr 22:00 Uhr Damit beenden wir f\u00fcr heute den [&hellip;]<\/p>\n","protected":false},"author":3,"featured_media":26594,"comment_status":"open","ping_status":"open","sticky":false,"template":"","format":"standard","meta":{"_yoast_indexnow_last_ping":["1672347737"],"wp_automatic_camp":["217"],"d1b2d40c2de6bcd8c8c70d4b3eb82e0d":["Liveticker Ukraine-Krieg \u2013 Selenskij soll Biden um ATACMS-Raketen gebeten haben"],"original_link":["https:\/\/de.rt.com\/international\/131481-liveticker-ukraine-krieg-selenskij-soll\/"],"_thumbnail_id":["26594"],"_wptgpro_p2tg_sent2tg":["a:1:{i:23737;s:19:\"2022-12-29 23:03:35\";}"],"jnews_social_counter_last_update":["1777291846"]},"categories":[19,23],"tags":[37422,1348,24212,771,564,6158,766,566],"yoast_head":"<!-- This site is optimized with the Yoast SEO Premium plugin v22.7 (Yoast SEO v22.7) - https:\/\/yoast.com\/wordpress\/plugins\/seo\/ -->\n<title>Liveticker Ukraine-Krieg \u2013 Selenskij soll Biden um ATACMS-Raketen gebeten haben - just-now.NEWS Deutschland<\/title>\n<meta name=\"robots\" content=\"index, follow, max-snippet:-1, max-image-preview:large, max-video-preview:-1\" \/>\n<link rel=\"canonical\" href=\"https:\/\/now-news.de\/de\/deutschland\/liveticker-ukraine-krieg-selenskij-soll-biden-um-atacms-raketen-gebeten-haben\/\" \/>\n<meta property=\"og:locale\" content=\"de_DE\" \/>\n<meta property=\"og:type\" content=\"article\" \/>\n<meta property=\"og:title\" content=\"Liveticker Ukraine-Krieg \u2013 Selenskij soll Biden um ATACMS-Raketen gebeten haben\" \/>\n<meta property=\"og:description\" content=\"Russland f\u00fchrt gemeinsam mit den Streitkr\u00e4ften der Donbass-Republiken eine Milit\u00e4roperation in der Ukraine durch. Der Westen reagiert mit immer neuen Waffenlieferungen an die Ukraine und beispiellosen Sanktionen gegen Russland. Lesen Sie hier die neuesten Entwicklungen. Kiews Geheimdienstchef: Konflikt mit Russland steckt in einer Sackgasse 29.12.2022 22:00 Uhr 22:00 Uhr Damit beenden wir f\u00fcr heute den [&hellip;]\" \/>\n<meta property=\"og:url\" content=\"https:\/\/now-news.de\/de\/deutschland\/liveticker-ukraine-krieg-selenskij-soll-biden-um-atacms-raketen-gebeten-haben\/\" \/>\n<meta property=\"og:site_name\" content=\"just-now.NEWS Deutschland\" \/>\n<meta property=\"article:publisher\" content=\"https:\/\/www.facebook.com\/wirmachenauf\" \/>\n<meta property=\"article:published_time\" content=\"2022-12-29T20:50:02+00:00\" \/>\n<meta property=\"og:image\" content=\"https:\/\/now-news.de\/de\/wp-content\/uploads\/sites\/3\/2022\/12\/Liveticker-Ukraine-Krieg-\u2013-Selenskij-soll-Biden-um-ATACMS-Raketen-gebeten-haben.jpg\" \/>\n\t<meta property=\"og:image:width\" content=\"460\" \/>\n\t<meta property=\"og:image:height\" content=\"259\" \/>\n\t<meta property=\"og:image:type\" content=\"image\/jpeg\" \/>\n<meta name=\"author\" content=\"rtnews\" \/>\n<meta name=\"twitter:card\" content=\"summary_large_image\" \/>\n<meta name=\"twitter:creator\" content=\"@WirMachenAuf_de\" \/>\n<meta name=\"twitter:site\" content=\"@WirMachenAuf_de\" \/>\n<meta name=\"twitter:label1\" content=\"Verfasst von\" \/>\n\t<meta name=\"twitter:data1\" content=\"rtnews\" \/>\n\t<meta name=\"twitter:label2\" content=\"Gesch\u00e4tzte Lesezeit\" \/>\n\t<meta name=\"twitter:data2\" content=\"6\u00a0Minuten\" \/>\n<script type=\"application\/ld+json\" class=\"yoast-schema-graph\">{\"@context\":\"https:\/\/schema.org\",\"@graph\":[{\"@type\":\"Article\",\"@id\":\"https:\/\/now-news.de\/de\/deutschland\/liveticker-ukraine-krieg-selenskij-soll-biden-um-atacms-raketen-gebeten-haben\/#article\",\"isPartOf\":{\"@id\":\"https:\/\/now-news.de\/de\/deutschland\/liveticker-ukraine-krieg-selenskij-soll-biden-um-atacms-raketen-gebeten-haben\/\"},\"author\":{\"name\":\"rtnews\",\"@id\":\"https:\/\/now-news.de\/de\/#\/schema\/person\/fb534a4e865501d8b3285208df34a9b5\"},\"headline\":\"Liveticker Ukraine-Krieg \u2013 Selenskij soll Biden um ATACMS-Raketen gebeten haben\",\"datePublished\":\"2022-12-29T20:50:02+00:00\",\"dateModified\":\"2022-12-29T20:50:02+00:00\",\"mainEntityOfPage\":{\"@id\":\"https:\/\/now-news.de\/de\/deutschland\/liveticker-ukraine-krieg-selenskij-soll-biden-um-atacms-raketen-gebeten-haben\/\"},\"wordCount\":1150,\"commentCount\":0,\"publisher\":{\"@id\":\"https:\/\/now-news.de\/de\/#organization\"},\"image\":{\"@id\":\"https:\/\/now-news.de\/de\/deutschland\/liveticker-ukraine-krieg-selenskij-soll-biden-um-atacms-raketen-gebeten-haben\/#primaryimage\"},\"thumbnailUrl\":\"https:\/\/now-news.de\/de\/wp-content\/uploads\/sites\/3\/2022\/12\/Liveticker-Ukraine-Krieg-\u2013-Selenskij-soll-Biden-um-ATACMS-Raketen-gebeten-haben.jpg\",\"keywords\":[\"ATACMSRaketen\",\"Biden\",\"gebeten\",\"haben\",\"Liveticker\",\"Selenskij\",\"soll\",\"UkraineKrieg\"],\"articleSection\":[\"Deutschland\",\"Russland\"],\"inLanguage\":\"de\",\"potentialAction\":[{\"@type\":\"CommentAction\",\"name\":\"Comment\",\"target\":[\"https:\/\/now-news.de\/de\/deutschland\/liveticker-ukraine-krieg-selenskij-soll-biden-um-atacms-raketen-gebeten-haben\/#respond\"]}]},{\"@type\":\"WebPage\",\"@id\":\"https:\/\/now-news.de\/de\/deutschland\/liveticker-ukraine-krieg-selenskij-soll-biden-um-atacms-raketen-gebeten-haben\/\",\"url\":\"https:\/\/now-news.de\/de\/deutschland\/liveticker-ukraine-krieg-selenskij-soll-biden-um-atacms-raketen-gebeten-haben\/\",\"name\":\"Liveticker Ukraine-Krieg \u2013 Selenskij soll Biden um ATACMS-Raketen gebeten haben - just-now.NEWS Deutschland\",\"isPartOf\":{\"@id\":\"https:\/\/now-news.de\/de\/#website\"},\"primaryImageOfPage\":{\"@id\":\"https:\/\/now-news.de\/de\/deutschland\/liveticker-ukraine-krieg-selenskij-soll-biden-um-atacms-raketen-gebeten-haben\/#primaryimage\"},\"image\":{\"@id\":\"https:\/\/now-news.de\/de\/deutschland\/liveticker-ukraine-krieg-selenskij-soll-biden-um-atacms-raketen-gebeten-haben\/#primaryimage\"},\"thumbnailUrl\":\"https:\/\/now-news.de\/de\/wp-content\/uploads\/sites\/3\/2022\/12\/Liveticker-Ukraine-Krieg-\u2013-Selenskij-soll-Biden-um-ATACMS-Raketen-gebeten-haben.jpg\",\"datePublished\":\"2022-12-29T20:50:02+00:00\",\"dateModified\":\"2022-12-29T20:50:02+00:00\",\"breadcrumb\":{\"@id\":\"https:\/\/now-news.de\/de\/deutschland\/liveticker-ukraine-krieg-selenskij-soll-biden-um-atacms-raketen-gebeten-haben\/#breadcrumb\"},\"inLanguage\":\"de\",\"potentialAction\":[{\"@type\":\"ReadAction\",\"target\":[\"https:\/\/now-news.de\/de\/deutschland\/liveticker-ukraine-krieg-selenskij-soll-biden-um-atacms-raketen-gebeten-haben\/\"]}]},{\"@type\":\"ImageObject\",\"inLanguage\":\"de\",\"@id\":\"https:\/\/now-news.de\/de\/deutschland\/liveticker-ukraine-krieg-selenskij-soll-biden-um-atacms-raketen-gebeten-haben\/#primaryimage\",\"url\":\"https:\/\/now-news.de\/de\/wp-content\/uploads\/sites\/3\/2022\/12\/Liveticker-Ukraine-Krieg-\u2013-Selenskij-soll-Biden-um-ATACMS-Raketen-gebeten-haben.jpg\",\"contentUrl\":\"https:\/\/now-news.de\/de\/wp-content\/uploads\/sites\/3\/2022\/12\/Liveticker-Ukraine-Krieg-\u2013-Selenskij-soll-Biden-um-ATACMS-Raketen-gebeten-haben.jpg\",\"width\":460,\"height\":259,\"caption\":\"Liveticker Ukraine-Krieg \u2013 Selenskij soll Biden um ATACMS-Raketen gebeten haben\"},{\"@type\":\"BreadcrumbList\",\"@id\":\"https:\/\/now-news.de\/de\/deutschland\/liveticker-ukraine-krieg-selenskij-soll-biden-um-atacms-raketen-gebeten-haben\/#breadcrumb\",\"itemListElement\":[{\"@type\":\"ListItem\",\"position\":1,\"name\":\"Home\",\"item\":\"https:\/\/now-news.de\/de\/\"},{\"@type\":\"ListItem\",\"position\":2,\"name\":\"Liveticker Ukraine-Krieg \u2013 Selenskij soll Biden um ATACMS-Raketen gebeten haben\"}]},{\"@type\":\"WebSite\",\"@id\":\"https:\/\/now-news.de\/de\/#website\",\"url\":\"https:\/\/now-news.de\/de\/\",\"name\":\"just-now.NEWS Deutschland\",\"description\":\"Das Portal f\u00fcr unzensierte Nachrichten aus der Welt\",\"publisher\":{\"@id\":\"https:\/\/now-news.de\/de\/#organization\"},\"potentialAction\":[{\"@type\":\"SearchAction\",\"target\":{\"@type\":\"EntryPoint\",\"urlTemplate\":\"https:\/\/now-news.de\/de\/?s={search_term_string}\"},\"query-input\":\"required name=search_term_string\"}],\"inLanguage\":\"de\"},{\"@type\":\"Organization\",\"@id\":\"https:\/\/now-news.de\/de\/#organization\",\"name\":\"Just Now News\",\"url\":\"https:\/\/now-news.de\/de\/\",\"logo\":{\"@type\":\"ImageObject\",\"inLanguage\":\"de\",\"@id\":\"https:\/\/now-news.de\/de\/#\/schema\/logo\/image\/\",\"url\":\"http:\/\/just-now.news\/de\/wp-content\/uploads\/sites\/3\/2022\/04\/logo500x500.jpg\",\"contentUrl\":\"http:\/\/just-now.news\/de\/wp-content\/uploads\/sites\/3\/2022\/04\/logo500x500.jpg\",\"width\":500,\"height\":500,\"caption\":\"Just Now News\"},\"image\":{\"@id\":\"https:\/\/now-news.de\/de\/#\/schema\/logo\/image\/\"},\"sameAs\":[\"https:\/\/www.facebook.com\/wirmachenauf\",\"https:\/\/x.com\/WirMachenAuf_de\"]},{\"@type\":\"Person\",\"@id\":\"https:\/\/now-news.de\/de\/#\/schema\/person\/fb534a4e865501d8b3285208df34a9b5\",\"name\":\"rtnews\",\"image\":{\"@type\":\"ImageObject\",\"inLanguage\":\"de\",\"@id\":\"https:\/\/now-news.de\/de\/#\/schema\/person\/image\/\",\"url\":\"https:\/\/secure.gravatar.com\/avatar\/82aafea7d8127119dd649515f56e2117?s=96&d=mm&r=g\",\"contentUrl\":\"https:\/\/secure.gravatar.com\/avatar\/82aafea7d8127119dd649515f56e2117?s=96&d=mm&r=g\",\"caption\":\"rtnews\"},\"url\":\"https:\/\/now-news.de\/de\/author\/rnews\/\"}]}<\/script>\n<!-- \/ Yoast SEO Premium plugin. -->","yoast_head_json":{"title":"Liveticker Ukraine-Krieg \u2013 Selenskij soll Biden um ATACMS-Raketen gebeten haben - just-now.NEWS Deutschland","robots":{"index":"index","follow":"follow","max-snippet":"max-snippet:-1","max-image-preview":"max-image-preview:large","max-video-preview":"max-video-preview:-1"},"canonical":"https:\/\/now-news.de\/de\/deutschland\/liveticker-ukraine-krieg-selenskij-soll-biden-um-atacms-raketen-gebeten-haben\/","og_locale":"de_DE","og_type":"article","og_title":"Liveticker Ukraine-Krieg \u2013 Selenskij soll Biden um ATACMS-Raketen gebeten haben","og_description":"Russland f\u00fchrt gemeinsam mit den Streitkr\u00e4ften der Donbass-Republiken eine Milit\u00e4roperation in der Ukraine durch. Der Westen reagiert mit immer neuen Waffenlieferungen an die Ukraine und beispiellosen Sanktionen gegen Russland. Lesen Sie hier die neuesten Entwicklungen. Kiews Geheimdienstchef: Konflikt mit Russland steckt in einer Sackgasse 29.12.2022 22:00 Uhr 22:00 Uhr Damit beenden wir f\u00fcr heute den [&hellip;]","og_url":"https:\/\/now-news.de\/de\/deutschland\/liveticker-ukraine-krieg-selenskij-soll-biden-um-atacms-raketen-gebeten-haben\/","og_site_name":"just-now.NEWS Deutschland","article_publisher":"https:\/\/www.facebook.com\/wirmachenauf","article_published_time":"2022-12-29T20:50:02+00:00","og_image":[{"width":460,"height":259,"url":"https:\/\/now-news.de\/de\/wp-content\/uploads\/sites\/3\/2022\/12\/Liveticker-Ukraine-Krieg-\u2013-Selenskij-soll-Biden-um-ATACMS-Raketen-gebeten-haben.jpg","type":"image\/jpeg"}],"author":"rtnews","twitter_card":"summary_large_image","twitter_creator":"@WirMachenAuf_de","twitter_site":"@WirMachenAuf_de","twitter_misc":{"Verfasst von":"rtnews","Gesch\u00e4tzte Lesezeit":"6\u00a0Minuten"},"schema":{"@context":"https:\/\/schema.org","@graph":[{"@type":"Article","@id":"https:\/\/now-news.de\/de\/deutschland\/liveticker-ukraine-krieg-selenskij-soll-biden-um-atacms-raketen-gebeten-haben\/#article","isPartOf":{"@id":"https:\/\/now-news.de\/de\/deutschland\/liveticker-ukraine-krieg-selenskij-soll-biden-um-atacms-raketen-gebeten-haben\/"},"author":{"name":"rtnews","@id":"https:\/\/now-news.de\/de\/#\/schema\/person\/fb534a4e865501d8b3285208df34a9b5"},"headline":"Liveticker Ukraine-Krieg \u2013 Selenskij soll Biden um ATACMS-Raketen gebeten haben","datePublished":"2022-12-29T20:50:02+00:00","dateModified":"2022-12-29T20:50:02+00:00","mainEntityOfPage":{"@id":"https:\/\/now-news.de\/de\/deutschland\/liveticker-ukraine-krieg-selenskij-soll-biden-um-atacms-raketen-gebeten-haben\/"},"wordCount":1150,"commentCount":0,"publisher":{"@id":"https:\/\/now-news.de\/de\/#organization"},"image":{"@id":"https:\/\/now-news.de\/de\/deutschland\/liveticker-ukraine-krieg-selenskij-soll-biden-um-atacms-raketen-gebeten-haben\/#primaryimage"},"thumbnailUrl":"https:\/\/now-news.de\/de\/wp-content\/uploads\/sites\/3\/2022\/12\/Liveticker-Ukraine-Krieg-\u2013-Selenskij-soll-Biden-um-ATACMS-Raketen-gebeten-haben.jpg","keywords":["ATACMSRaketen","Biden","gebeten","haben","Liveticker","Selenskij","soll","UkraineKrieg"],"articleSection":["Deutschland","Russland"],"inLanguage":"de","potentialAction":[{"@type":"CommentAction","name":"Comment","target":["https:\/\/now-news.de\/de\/deutschland\/liveticker-ukraine-krieg-selenskij-soll-biden-um-atacms-raketen-gebeten-haben\/#respond"]}]},{"@type":"WebPage","@id":"https:\/\/now-news.de\/de\/deutschland\/liveticker-ukraine-krieg-selenskij-soll-biden-um-atacms-raketen-gebeten-haben\/","url":"https:\/\/now-news.de\/de\/deutschland\/liveticker-ukraine-krieg-selenskij-soll-biden-um-atacms-raketen-gebeten-haben\/","name":"Liveticker Ukraine-Krieg \u2013 Selenskij soll Biden um ATACMS-Raketen gebeten haben - just-now.NEWS Deutschland","isPartOf":{"@id":"https:\/\/now-news.de\/de\/#website"},"primaryImageOfPage":{"@id":"https:\/\/now-news.de\/de\/deutschland\/liveticker-ukraine-krieg-selenskij-soll-biden-um-atacms-raketen-gebeten-haben\/#primaryimage"},"image":{"@id":"https:\/\/now-news.de\/de\/deutschland\/liveticker-ukraine-krieg-selenskij-soll-biden-um-atacms-raketen-gebeten-haben\/#primaryimage"},"thumbnailUrl":"https:\/\/now-news.de\/de\/wp-content\/uploads\/sites\/3\/2022\/12\/Liveticker-Ukraine-Krieg-\u2013-Selenskij-soll-Biden-um-ATACMS-Raketen-gebeten-haben.jpg","datePublished":"2022-12-29T20:50:02+00:00","dateModified":"2022-12-29T20:50:02+00:00","breadcrumb":{"@id":"https:\/\/now-news.de\/de\/deutschland\/liveticker-ukraine-krieg-selenskij-soll-biden-um-atacms-raketen-gebeten-haben\/#breadcrumb"},"inLanguage":"de","potentialAction":[{"@type":"ReadAction","target":["https:\/\/now-news.de\/de\/deutschland\/liveticker-ukraine-krieg-selenskij-soll-biden-um-atacms-raketen-gebeten-haben\/"]}]},{"@type":"ImageObject","inLanguage":"de","@id":"https:\/\/now-news.de\/de\/deutschland\/liveticker-ukraine-krieg-selenskij-soll-biden-um-atacms-raketen-gebeten-haben\/#primaryimage","url":"https:\/\/now-news.de\/de\/wp-content\/uploads\/sites\/3\/2022\/12\/Liveticker-Ukraine-Krieg-\u2013-Selenskij-soll-Biden-um-ATACMS-Raketen-gebeten-haben.jpg","contentUrl":"https:\/\/now-news.de\/de\/wp-content\/uploads\/sites\/3\/2022\/12\/Liveticker-Ukraine-Krieg-\u2013-Selenskij-soll-Biden-um-ATACMS-Raketen-gebeten-haben.jpg","width":460,"height":259,"caption":"Liveticker Ukraine-Krieg \u2013 Selenskij soll Biden um ATACMS-Raketen gebeten haben"},{"@type":"BreadcrumbList","@id":"https:\/\/now-news.de\/de\/deutschland\/liveticker-ukraine-krieg-selenskij-soll-biden-um-atacms-raketen-gebeten-haben\/#breadcrumb","itemListElement":[{"@type":"ListItem","position":1,"name":"Home","item":"https:\/\/now-news.de\/de\/"},{"@type":"ListItem","position":2,"name":"Liveticker Ukraine-Krieg \u2013 Selenskij soll Biden um ATACMS-Raketen gebeten haben"}]},{"@type":"WebSite","@id":"https:\/\/now-news.de\/de\/#website","url":"https:\/\/now-news.de\/de\/","name":"just-now.NEWS Deutschland","description":"Das Portal f\u00fcr unzensierte Nachrichten aus der Welt","publisher":{"@id":"https:\/\/now-news.de\/de\/#organization"},"potentialAction":[{"@type":"SearchAction","target":{"@type":"EntryPoint","urlTemplate":"https:\/\/now-news.de\/de\/?s={search_term_string}"},"query-input":"required name=search_term_string"}],"inLanguage":"de"},{"@type":"Organization","@id":"https:\/\/now-news.de\/de\/#organization","name":"Just Now News","url":"https:\/\/now-news.de\/de\/","logo":{"@type":"ImageObject","inLanguage":"de","@id":"https:\/\/now-news.de\/de\/#\/schema\/logo\/image\/","url":"http:\/\/just-now.news\/de\/wp-content\/uploads\/sites\/3\/2022\/04\/logo500x500.jpg","contentUrl":"http:\/\/just-now.news\/de\/wp-content\/uploads\/sites\/3\/2022\/04\/logo500x500.jpg","width":500,"height":500,"caption":"Just Now News"},"image":{"@id":"https:\/\/now-news.de\/de\/#\/schema\/logo\/image\/"},"sameAs":["https:\/\/www.facebook.com\/wirmachenauf","https:\/\/x.com\/WirMachenAuf_de"]},{"@type":"Person","@id":"https:\/\/now-news.de\/de\/#\/schema\/person\/fb534a4e865501d8b3285208df34a9b5","name":"rtnews","image":{"@type":"ImageObject","inLanguage":"de","@id":"https:\/\/now-news.de\/de\/#\/schema\/person\/image\/","url":"https:\/\/secure.gravatar.com\/avatar\/82aafea7d8127119dd649515f56e2117?s=96&d=mm&r=g","contentUrl":"https:\/\/secure.gravatar.com\/avatar\/82aafea7d8127119dd649515f56e2117?s=96&d=mm&r=g","caption":"rtnews"},"url":"https:\/\/now-news.de\/de\/author\/rnews\/"}]}},"_links":{"self":[{"href":"https:\/\/now-news.de\/de\/wp-json\/wp\/v2\/posts\/26593"}],"collection":[{"href":"https:\/\/now-news.de\/de\/wp-json\/wp\/v2\/posts"}],"about":[{"href":"https:\/\/now-news.de\/de\/wp-json\/wp\/v2\/types\/post"}],"author":[{"embeddable":true,"href":"https:\/\/now-news.de\/de\/wp-json\/wp\/v2\/users\/3"}],"replies":[{"embeddable":true,"href":"https:\/\/now-news.de\/de\/wp-json\/wp\/v2\/comments?post=26593"}],"version-history":[{"count":0,"href":"https:\/\/now-news.de\/de\/wp-json\/wp\/v2\/posts\/26593\/revisions"}],"wp:featuredmedia":[{"embeddable":true,"href":"https:\/\/now-news.de\/de\/wp-json\/wp\/v2\/media\/26594"}],"wp:attachment":[{"href":"https:\/\/now-news.de\/de\/wp-json\/wp\/v2\/media?parent=26593"}],"wp:term":[{"taxonomy":"category","embeddable":true,"href":"https:\/\/now-news.de\/de\/wp-json\/wp\/v2\/categories?post=26593"},{"taxonomy":"post_tag","embeddable":true,"href":"https:\/\/now-news.de\/de\/wp-json\/wp\/v2\/tags?post=26593"}],"curies":[{"name":"wp","href":"https:\/\/api.w.org\/{rel}","templated":true}]}}