{"id":26540,"date":"2022-12-29T14:19:38","date_gmt":"2022-12-29T12:19:38","guid":{"rendered":"https:\/\/just-now.news\/de\/deutschland\/bolivien-oppositioneller-gouverneur-festgenommen-massive-proteste-in-der-provinz-santa-cruz\/"},"modified":"2022-12-29T14:19:38","modified_gmt":"2022-12-29T12:19:38","slug":"bolivien-oppositioneller-gouverneur-festgenommen-massive-proteste-in-der-provinz-santa-cruz","status":"publish","type":"post","link":"https:\/\/now-news.de\/de\/deutschland\/bolivien-oppositioneller-gouverneur-festgenommen-massive-proteste-in-der-provinz-santa-cruz\/","title":{"rendered":"Bolivien: Oppositioneller Gouverneur festgenommen \u2013 Massive Proteste in der Provinz Santa Cruz"},"content":{"rendered":"<p><img decoding=\"async\" src=\"http:\/\/just-now.news\/de\/wp-content\/uploads\/sites\/3\/2022\/12\/63ad6d3fb480cc107d54d689.jpg\" \/><\/p>\n<div class=\"Text-root Text-type_1 \">\n                Die Festnahme des oppositionellen Gouverneurs der Provinz Santa Cruz hat die ohnehin angespannte politische Lage in Bolivien weiter zugespitzt. Gegen Luis Fernando Camacho wird im Zusammenhang mit dem Staatsstreich gegen Ex-Staatschef Evo Morales im Jahr 2019 ermittelt.\n            <\/div>\n<p><\/p>\n<div class=\"Text-root Text-type_5 ArticleView-text ViewText-root \">\n<p>Einen Monat nach der Beendigung eines 36-t\u00e4tigen Streiks im Zusammenhang mit einer verschobenen Volksz\u00e4hlung hat sich die politische Situation in Bolivien erneut zugespitzt. Am\u00a028. Dezember nahm die Polizei des Andenlandes den oppositionellen Gouverneur der Protestprovinz Santa Cruz fest.<\/p>\n<div class=\"EmbedBlock-root EmbedBlock-twitter\">\n<div class=\"TwitterEmbed\">\n<blockquote class=\"twitter-tweet lazyload\" data-twitter=\"twitter-tweet\">\n<p lang=\"es\" dir=\"ltr\"><a rel=\"nofollow noopener\" target=\"_blank\" href=\"https:\/\/twitter.com\/hashtag\/%C3%9Altimo?src=hash&amp;ref_src=twsrc%5Etfw\">#\u00daltimo<\/a> \ud83d\udd34<a rel=\"nofollow noopener\" target=\"_blank\" href=\"https:\/\/twitter.com\/hashtag\/Exclusivo?src=hash&amp;ref_src=twsrc%5Etfw\">#Exclusivo<\/a>Caso <a rel=\"nofollow noopener\" target=\"_blank\" href=\"https:\/\/twitter.com\/hashtag\/GolpeDeEstado?src=hash&amp;ref_src=twsrc%5Etfw\">#GolpeDeEstado<\/a> I: Luis Fernando Camacho presta su declaraci\u00f3n en instalaciones de la Fuerza Especial de Lucha Contra el Crimen (FELCC) en <a rel=\"nofollow noopener\" target=\"_blank\" href=\"https:\/\/twitter.com\/hashtag\/LaPaz?src=hash&amp;ref_src=twsrc%5Etfw\">#LaPaz<\/a>. <a rel=\"nofollow noopener\" target=\"_blank\" href=\"https:\/\/twitter.com\/hashtag\/BTVInforma?src=hash&amp;ref_src=twsrc%5Etfw\">#BTVInforma<\/a><a rel=\"nofollow noopener\" target=\"_blank\" href=\"https:\/\/t.co\/yPMMtSbDKQ\">pic.twitter.com\/yPMMtSbDKQ<\/a><\/p>\n<p>\u2014 Bolivia tv Oficial (@Canal_BoliviaTV) <a rel=\"nofollow noopener\" target=\"_blank\" href=\"https:\/\/twitter.com\/Canal_BoliviaTV\/status\/1608286059556659201?ref_src=twsrc%5Etfw\">December 29, 2022<\/a><\/p><\/blockquote>\n<\/div>\n<\/div>\n<p>Die Generalstaatsanwaltschaft teilte mit, dass Luis Fernando Camacho im Zusammenhang mit der Untersuchung des Staatsstreichs gegen den ehemaligen Pr\u00e4sidenten Evo Morales im November 2019 und der folgenden Vereidigung der \u00dcbergangspr\u00e4sidentin Jeanine \u00c1\u00f1ez verhaftet worden sei. In der entsprechenden <a rel=\"nofollow noopener\" target=\"_blank\" href=\"https:\/\/twitter.com\/FGE_Bolivia\/status\/1608220380740698119\">Mitteilung<\/a> wurde hervorgehoben:<\/p>\n<blockquote>\n<p><em>&#8220;Bei der Entscheidung der Generalstaatsanwaltschaft handelt es sich um keine Entf\u00fchrung und keine politische Verfolgung.&#8221;<\/em><\/p>\n<\/blockquote>\n<p>Der Haftbefehl sei noch in diesem Oktober von einem Gericht in La Paz erstellt worden. Der Verd\u00e4chtige sei \u00fcber die laufende Ermittlung seit ihrem Beginn am 20. November 2020 im Bilde, hie\u00df es.<\/p>\n<p>Camacho wurde anschlie\u00dfend gegen 16:00 Uhr Ortszeit von El Alto nach La Paz verlegt. Laut \u00f6rtlichen Medien h\u00e4tten die Beh\u00f6rden den Gouverneur noch im November verh\u00f6ren wollen. Die Vorladung sei allerdings wegen des Streiks in Santa Cruz verschoben worden.<\/p>\n<p>Die Verhaftung des oppositionellen Politikers f\u00fchrte in der bev\u00f6lkerungsreichsten und wirtschaftsst\u00e4rksten Provinz zu gewaltt\u00e4tigen Protesten und Ausschreitungen. Hunderte Anh\u00e4nger von Camacho gingen auf die Stra\u00dfe, um ihren Missmut kundzutun. Randalierer griffen Polizeiautos an. Es kam zu Zusammenst\u00f6\u00dfen mit Sicherheitskr\u00e4ften.<\/p>\n<p>Auf Videos und Fotos aus der Stadt Santa Cruz sind Stra\u00dfenblockaden zu sehen.<\/p>\n<p>Ein Video zeigt einen Brand im Geb\u00e4ude der Generalstaatsanwaltschaft von Santa Cruz.\u00a0Berichte \u00fcber m\u00f6gliche Opfer und Festnahmen lagen zun\u00e4chst nicht vor.\u00a0<\/p>\n<p>Mehrere Protestierende besetzten au\u00dferdem die Start- und Landebahnen des landesweit gr\u00f6\u00dften und wichtigsten Flughafens Viru Viru. Die Protestierenden drohten, dass kein Flugzeug abheben werde, bis Camacho wieder vor die \u00d6ffentlichkeit treten werde. Infolge des Chaos wurde der Betrieb des Airports eingestellt. Alle Fl\u00fcge wurden bis auf weiteres gestrichen.<\/p>\n<p>Gleichzeitig fand in der Stadt El Alto eine Kundgebung statt, dessen Teilnehmer die Regierung aufforderten, Camacho wegen des sogenannten Senkata-Massakers im November 2019 zur Verantwortung zu ziehen.<\/p>\n<div class=\"EmbedBlock-root EmbedBlock-twitter\">\n<div class=\"TwitterEmbed\">\n<blockquote class=\"twitter-tweet lazyload\" data-twitter=\"twitter-tweet\">\n<p lang=\"es\" dir=\"ltr\"><a rel=\"nofollow noopener\" target=\"_blank\" href=\"https:\/\/twitter.com\/hashtag\/BTVMultimedia?src=hash&amp;ref_src=twsrc%5Etfw\">#BTVMultimedia<\/a>Personas protestan en la ciudad de <a rel=\"nofollow noopener\" target=\"_blank\" href=\"https:\/\/twitter.com\/hashtag\/ElAlto?src=hash&amp;ref_src=twsrc%5Etfw\">#ElAlto<\/a> pidiendo justicia por los hechos suscitados en 2019.\ud83d\udcf8: Josu\u00e9 Cort\u00e9z \/ABI <a rel=\"nofollow noopener\" target=\"_blank\" href=\"https:\/\/t.co\/XaA9cmaXuU\">pic.twitter.com\/XaA9cmaXuU<\/a><\/p>\n<p>\u2014 Bolivia tv Oficial (@Canal_BoliviaTV) <a rel=\"nofollow noopener\" target=\"_blank\" href=\"https:\/\/twitter.com\/Canal_BoliviaTV\/status\/1608248207968014344?ref_src=twsrc%5Etfw\">December 28, 2022<\/a><\/p><\/blockquote>\n<\/div>\n<\/div>\n<p>Nach dem erzwungenen R\u00fccktritt des damaligen Staatschefs Evo Morales waren dort massenhafte Proteste ausgebrochen. Im Bezirk Senkata blockierten mehrere Demonstranten ein Werk des staatlichen Erd\u00f6l- und Erdgasunternehmens YPFB. Die Polizei und das Heer setzten Tr\u00e4nengas und Schusswaffen ein. Elf Menschen kamen damals ums Leben, weitere 78 erlitten Verletzungen.<\/p>\n<p><strong>Mehr zum Thema<\/strong> &#8211;\u00a0<a rel=\"nofollow noopener\" target=\"_blank\" href=\"https:\/\/rtde.site\/amerika\/157358-peru-druck-mobilisierten-teile-bevoelkerung\/\">Peru nach Putsch gegen Pr\u00e4sidenten \u2013 Wird sich die Bev\u00f6lkerung mobilisieren f\u00fcr ihre Interessen?<\/a><\/p>\n<\/div>\n<p><script async src=\"https:\/\/platform.twitter.com\/widgets.js\" charset=\"utf-8\"><\/script><br \/>\n<br \/><br \/>\n<br \/><a href=\"https:\/\/de.rt.com\/amerika\/158470-bolivien-massenhafte-proteste-gegen-festnahme-von-gouverneur-der-provinz-santa-cruz\/\">Source link <\/a><\/p>\n","protected":false},"excerpt":{"rendered":"<p>Die Festnahme des oppositionellen Gouverneurs der Provinz Santa Cruz hat die ohnehin angespannte politische Lage in Bolivien weiter zugespitzt. Gegen Luis Fernando Camacho wird im Zusammenhang mit dem Staatsstreich gegen Ex-Staatschef Evo Morales im Jahr 2019 ermittelt. Einen Monat nach der Beendigung eines 36-t\u00e4tigen Streiks im Zusammenhang mit einer verschobenen Volksz\u00e4hlung hat sich die politische [&hellip;]<\/p>\n","protected":false},"author":3,"featured_media":26541,"comment_status":"open","ping_status":"open","sticky":false,"template":"","format":"standard","meta":{"_yoast_indexnow_last_ping":["1672316694"],"wp_automatic_camp":["217"],"854f43caec9181c051b813515b07f303":["Bolivien: Oppositioneller Gouverneur festgenommen \u2013 Massive Proteste in der Provinz Santa Cruz"],"original_link":["https:\/\/de.rt.com\/amerika\/158470-bolivien-massenhafte-proteste-gegen-festnahme-von-gouverneur-der-provinz-santa-cruz\/"],"_thumbnail_id":["26541"],"_wptgpro_p2tg_sent2tg":["a:1:{i:23737;s:19:\"2022-12-29 14:26:06\";}"],"jnews_social_counter_last_update":["1788737099"]},"categories":[19,23],"tags":[31967,21807,82,1356,4345,9773,27249,3824,3861,8750],"class_list":["post-26540","post","type-post","status-publish","format-standard","has-post-thumbnail","hentry","category-deutschland","category-russland","tag-bolivien","tag-cruz","tag-der","tag-festgenommen","tag-gouverneur","tag-massive","tag-oppositioneller","tag-proteste","tag-provinz","tag-santa"],"yoast_head":"<!-- This site is optimized with the Yoast SEO Premium plugin v22.7 (Yoast SEO v28.2) - https:\/\/yoast.com\/product\/yoast-seo-premium-wordpress\/ -->\n<title>Bolivien: Oppositioneller Gouverneur festgenommen \u2013 Massive Proteste in der Provinz Santa Cruz - just-now.NEWS Deutschland<\/title>\n<meta name=\"robots\" content=\"index, follow, max-snippet:-1, max-image-preview:large, max-video-preview:-1\" \/>\n<link rel=\"canonical\" href=\"https:\/\/now-news.de\/de\/deutschland\/bolivien-oppositioneller-gouverneur-festgenommen-massive-proteste-in-der-provinz-santa-cruz\/\" \/>\n<meta property=\"og:locale\" content=\"de_DE\" \/>\n<meta property=\"og:type\" content=\"article\" \/>\n<meta property=\"og:title\" content=\"Bolivien: Oppositioneller Gouverneur festgenommen \u2013 Massive Proteste in der Provinz Santa Cruz\" \/>\n<meta property=\"og:description\" content=\"Die Festnahme des oppositionellen Gouverneurs der Provinz Santa Cruz hat die ohnehin angespannte politische Lage in Bolivien weiter zugespitzt. Gegen Luis Fernando Camacho wird im Zusammenhang mit dem Staatsstreich gegen Ex-Staatschef Evo Morales im Jahr 2019 ermittelt. Einen Monat nach der Beendigung eines 36-t\u00e4tigen Streiks im Zusammenhang mit einer verschobenen Volksz\u00e4hlung hat sich die politische [&hellip;]\" \/>\n<meta property=\"og:url\" content=\"https:\/\/now-news.de\/de\/deutschland\/bolivien-oppositioneller-gouverneur-festgenommen-massive-proteste-in-der-provinz-santa-cruz\/\" \/>\n<meta property=\"og:site_name\" content=\"just-now.NEWS Deutschland\" \/>\n<meta property=\"article:publisher\" content=\"https:\/\/www.facebook.com\/wirmachenauf\" \/>\n<meta property=\"article:published_time\" content=\"2022-12-29T12:19:38+00:00\" \/>\n<meta property=\"og:image\" content=\"https:\/\/now-news.de\/de\/wp-content\/uploads\/sites\/3\/2022\/12\/Bolivien-Oppositioneller-Gouverneur-festgenommen-\u2013-Massive-Proteste-in-der-Provinz.jpg\" \/>\n\t<meta property=\"og:image:width\" content=\"460\" \/>\n\t<meta property=\"og:image:height\" content=\"259\" \/>\n\t<meta property=\"og:image:type\" content=\"image\/jpeg\" \/>\n<meta name=\"author\" content=\"rtnews\" \/>\n<meta name=\"twitter:card\" content=\"summary_large_image\" \/>\n<meta name=\"twitter:creator\" content=\"@WirMachenAuf_de\" \/>\n<meta name=\"twitter:site\" content=\"@WirMachenAuf_de\" \/>\n<meta name=\"twitter:label1\" content=\"Verfasst von\" \/>\n\t<meta name=\"twitter:data1\" content=\"rtnews\" \/>\n\t<meta name=\"twitter:label2\" content=\"Gesch\u00e4tzte Lesezeit\" \/>\n\t<meta name=\"twitter:data2\" content=\"3\u00a0Minuten\" \/>\n<script type=\"application\/ld+json\" class=\"yoast-schema-graph\">{\"@context\":\"https:\\\/\\\/schema.org\",\"@graph\":[{\"@type\":\"Article\",\"@id\":\"https:\\\/\\\/now-news.de\\\/de\\\/deutschland\\\/bolivien-oppositioneller-gouverneur-festgenommen-massive-proteste-in-der-provinz-santa-cruz\\\/#article\",\"isPartOf\":{\"@id\":\"https:\\\/\\\/now-news.de\\\/de\\\/deutschland\\\/bolivien-oppositioneller-gouverneur-festgenommen-massive-proteste-in-der-provinz-santa-cruz\\\/\"},\"author\":{\"name\":\"rtnews\",\"@id\":\"https:\\\/\\\/now-news.de\\\/de\\\/#\\\/schema\\\/person\\\/fb534a4e865501d8b3285208df34a9b5\"},\"headline\":\"Bolivien: Oppositioneller Gouverneur festgenommen \u2013 Massive Proteste in der Provinz Santa Cruz\",\"datePublished\":\"2022-12-29T12:19:38+00:00\",\"mainEntityOfPage\":{\"@id\":\"https:\\\/\\\/now-news.de\\\/de\\\/deutschland\\\/bolivien-oppositioneller-gouverneur-festgenommen-massive-proteste-in-der-provinz-santa-cruz\\\/\"},\"wordCount\":520,\"commentCount\":0,\"publisher\":{\"@id\":\"https:\\\/\\\/now-news.de\\\/de\\\/#organization\"},\"image\":{\"@id\":\"https:\\\/\\\/now-news.de\\\/de\\\/deutschland\\\/bolivien-oppositioneller-gouverneur-festgenommen-massive-proteste-in-der-provinz-santa-cruz\\\/#primaryimage\"},\"thumbnailUrl\":\"https:\\\/\\\/now-news.de\\\/de\\\/wp-content\\\/uploads\\\/sites\\\/3\\\/2022\\\/12\\\/Bolivien-Oppositioneller-Gouverneur-festgenommen-\u2013-Massive-Proteste-in-der-Provinz.jpg\",\"keywords\":[\"Bolivien\",\"Cruz\",\"der\",\"festgenommen\",\"Gouverneur\",\"Massive\",\"Oppositioneller\",\"Proteste\",\"Provinz\",\"Santa\"],\"articleSection\":[\"Deutschland\",\"Russland\"],\"inLanguage\":\"de\",\"potentialAction\":[{\"@type\":\"CommentAction\",\"name\":\"Comment\",\"target\":[\"https:\\\/\\\/now-news.de\\\/de\\\/deutschland\\\/bolivien-oppositioneller-gouverneur-festgenommen-massive-proteste-in-der-provinz-santa-cruz\\\/#respond\"]}]},{\"@type\":\"WebPage\",\"@id\":\"https:\\\/\\\/now-news.de\\\/de\\\/deutschland\\\/bolivien-oppositioneller-gouverneur-festgenommen-massive-proteste-in-der-provinz-santa-cruz\\\/\",\"url\":\"https:\\\/\\\/now-news.de\\\/de\\\/deutschland\\\/bolivien-oppositioneller-gouverneur-festgenommen-massive-proteste-in-der-provinz-santa-cruz\\\/\",\"name\":\"Bolivien: Oppositioneller Gouverneur festgenommen \u2013 Massive Proteste in der Provinz Santa Cruz - just-now.NEWS Deutschland\",\"isPartOf\":{\"@id\":\"https:\\\/\\\/now-news.de\\\/de\\\/#website\"},\"primaryImageOfPage\":{\"@id\":\"https:\\\/\\\/now-news.de\\\/de\\\/deutschland\\\/bolivien-oppositioneller-gouverneur-festgenommen-massive-proteste-in-der-provinz-santa-cruz\\\/#primaryimage\"},\"image\":{\"@id\":\"https:\\\/\\\/now-news.de\\\/de\\\/deutschland\\\/bolivien-oppositioneller-gouverneur-festgenommen-massive-proteste-in-der-provinz-santa-cruz\\\/#primaryimage\"},\"thumbnailUrl\":\"https:\\\/\\\/now-news.de\\\/de\\\/wp-content\\\/uploads\\\/sites\\\/3\\\/2022\\\/12\\\/Bolivien-Oppositioneller-Gouverneur-festgenommen-\u2013-Massive-Proteste-in-der-Provinz.jpg\",\"datePublished\":\"2022-12-29T12:19:38+00:00\",\"breadcrumb\":{\"@id\":\"https:\\\/\\\/now-news.de\\\/de\\\/deutschland\\\/bolivien-oppositioneller-gouverneur-festgenommen-massive-proteste-in-der-provinz-santa-cruz\\\/#breadcrumb\"},\"inLanguage\":\"de\",\"potentialAction\":[{\"@type\":\"ReadAction\",\"target\":[\"https:\\\/\\\/now-news.de\\\/de\\\/deutschland\\\/bolivien-oppositioneller-gouverneur-festgenommen-massive-proteste-in-der-provinz-santa-cruz\\\/\"]}]},{\"@type\":\"ImageObject\",\"inLanguage\":\"de\",\"@id\":\"https:\\\/\\\/now-news.de\\\/de\\\/deutschland\\\/bolivien-oppositioneller-gouverneur-festgenommen-massive-proteste-in-der-provinz-santa-cruz\\\/#primaryimage\",\"url\":\"https:\\\/\\\/now-news.de\\\/de\\\/wp-content\\\/uploads\\\/sites\\\/3\\\/2022\\\/12\\\/Bolivien-Oppositioneller-Gouverneur-festgenommen-\u2013-Massive-Proteste-in-der-Provinz.jpg\",\"contentUrl\":\"https:\\\/\\\/now-news.de\\\/de\\\/wp-content\\\/uploads\\\/sites\\\/3\\\/2022\\\/12\\\/Bolivien-Oppositioneller-Gouverneur-festgenommen-\u2013-Massive-Proteste-in-der-Provinz.jpg\",\"width\":460,\"height\":259,\"caption\":\"Bolivien: Oppositioneller Gouverneur festgenommen \u2013 Massive Proteste in der Provinz Santa Cruz\"},{\"@type\":\"BreadcrumbList\",\"@id\":\"https:\\\/\\\/now-news.de\\\/de\\\/deutschland\\\/bolivien-oppositioneller-gouverneur-festgenommen-massive-proteste-in-der-provinz-santa-cruz\\\/#breadcrumb\",\"itemListElement\":[{\"@type\":\"ListItem\",\"position\":1,\"name\":\"Home\",\"item\":\"https:\\\/\\\/now-news.de\\\/de\\\/\"},{\"@type\":\"ListItem\",\"position\":2,\"name\":\"Bolivien: Oppositioneller Gouverneur festgenommen \u2013 Massive Proteste in der Provinz Santa Cruz\"}]},{\"@type\":\"WebSite\",\"@id\":\"https:\\\/\\\/now-news.de\\\/de\\\/#website\",\"url\":\"https:\\\/\\\/now-news.de\\\/de\\\/\",\"name\":\"just-now.NEWS Deutschland\",\"description\":\"Das Portal f\u00fcr unzensierte Nachrichten aus der Welt\",\"publisher\":{\"@id\":\"https:\\\/\\\/now-news.de\\\/de\\\/#organization\"},\"potentialAction\":[{\"@type\":\"SearchAction\",\"target\":{\"@type\":\"EntryPoint\",\"urlTemplate\":\"https:\\\/\\\/now-news.de\\\/de\\\/?s={search_term_string}\"},\"query-input\":{\"@type\":\"PropertyValueSpecification\",\"valueRequired\":true,\"valueName\":\"search_term_string\"}}],\"inLanguage\":\"de\"},{\"@type\":\"Organization\",\"@id\":\"https:\\\/\\\/now-news.de\\\/de\\\/#organization\",\"name\":\"Just Now News\",\"url\":\"https:\\\/\\\/now-news.de\\\/de\\\/\",\"logo\":{\"@type\":\"ImageObject\",\"inLanguage\":\"de\",\"@id\":\"https:\\\/\\\/now-news.de\\\/de\\\/#\\\/schema\\\/logo\\\/image\\\/\",\"url\":\"http:\\\/\\\/just-now.news\\\/de\\\/wp-content\\\/uploads\\\/sites\\\/3\\\/2022\\\/04\\\/logo500x500.jpg\",\"contentUrl\":\"http:\\\/\\\/just-now.news\\\/de\\\/wp-content\\\/uploads\\\/sites\\\/3\\\/2022\\\/04\\\/logo500x500.jpg\",\"width\":500,\"height\":500,\"caption\":\"Just Now News\"},\"image\":{\"@id\":\"https:\\\/\\\/now-news.de\\\/de\\\/#\\\/schema\\\/logo\\\/image\\\/\"},\"sameAs\":[\"https:\\\/\\\/www.facebook.com\\\/wirmachenauf\",\"https:\\\/\\\/x.com\\\/WirMachenAuf_de\"]},{\"@type\":\"Person\",\"@id\":\"https:\\\/\\\/now-news.de\\\/de\\\/#\\\/schema\\\/person\\\/fb534a4e865501d8b3285208df34a9b5\",\"name\":\"rtnews\",\"image\":{\"@type\":\"ImageObject\",\"inLanguage\":\"de\",\"@id\":\"https:\\\/\\\/secure.gravatar.com\\\/avatar\\\/358fe31b3ab5769fea05376e1953329834cd9912cf9daf607e2af3076a1b982b?s=96&d=mm&r=g\",\"url\":\"https:\\\/\\\/secure.gravatar.com\\\/avatar\\\/358fe31b3ab5769fea05376e1953329834cd9912cf9daf607e2af3076a1b982b?s=96&d=mm&r=g\",\"contentUrl\":\"https:\\\/\\\/secure.gravatar.com\\\/avatar\\\/358fe31b3ab5769fea05376e1953329834cd9912cf9daf607e2af3076a1b982b?s=96&d=mm&r=g\",\"caption\":\"rtnews\"},\"url\":\"https:\\\/\\\/now-news.de\\\/de\\\/author\\\/rnews\\\/\"}]}<\/script>\n<!-- \/ Yoast SEO Premium plugin. -->","yoast_head_json":{"title":"Bolivien: Oppositioneller Gouverneur festgenommen \u2013 Massive Proteste in der Provinz Santa Cruz - just-now.NEWS Deutschland","robots":{"index":"index","follow":"follow","max-snippet":"max-snippet:-1","max-image-preview":"max-image-preview:large","max-video-preview":"max-video-preview:-1"},"canonical":"https:\/\/now-news.de\/de\/deutschland\/bolivien-oppositioneller-gouverneur-festgenommen-massive-proteste-in-der-provinz-santa-cruz\/","og_locale":"de_DE","og_type":"article","og_title":"Bolivien: Oppositioneller Gouverneur festgenommen \u2013 Massive Proteste in der Provinz Santa Cruz","og_description":"Die Festnahme des oppositionellen Gouverneurs der Provinz Santa Cruz hat die ohnehin angespannte politische Lage in Bolivien weiter zugespitzt. Gegen Luis Fernando Camacho wird im Zusammenhang mit dem Staatsstreich gegen Ex-Staatschef Evo Morales im Jahr 2019 ermittelt. Einen Monat nach der Beendigung eines 36-t\u00e4tigen Streiks im Zusammenhang mit einer verschobenen Volksz\u00e4hlung hat sich die politische [&hellip;]","og_url":"https:\/\/now-news.de\/de\/deutschland\/bolivien-oppositioneller-gouverneur-festgenommen-massive-proteste-in-der-provinz-santa-cruz\/","og_site_name":"just-now.NEWS Deutschland","article_publisher":"https:\/\/www.facebook.com\/wirmachenauf","article_published_time":"2022-12-29T12:19:38+00:00","og_image":[{"width":460,"height":259,"url":"https:\/\/now-news.de\/de\/wp-content\/uploads\/sites\/3\/2022\/12\/Bolivien-Oppositioneller-Gouverneur-festgenommen-\u2013-Massive-Proteste-in-der-Provinz.jpg","type":"image\/jpeg"}],"author":"rtnews","twitter_card":"summary_large_image","twitter_creator":"@WirMachenAuf_de","twitter_site":"@WirMachenAuf_de","twitter_misc":{"Verfasst von":"rtnews","Gesch\u00e4tzte Lesezeit":"3\u00a0Minuten"},"schema":{"@context":"https:\/\/schema.org","@graph":[{"@type":"Article","@id":"https:\/\/now-news.de\/de\/deutschland\/bolivien-oppositioneller-gouverneur-festgenommen-massive-proteste-in-der-provinz-santa-cruz\/#article","isPartOf":{"@id":"https:\/\/now-news.de\/de\/deutschland\/bolivien-oppositioneller-gouverneur-festgenommen-massive-proteste-in-der-provinz-santa-cruz\/"},"author":{"name":"rtnews","@id":"https:\/\/now-news.de\/de\/#\/schema\/person\/fb534a4e865501d8b3285208df34a9b5"},"headline":"Bolivien: Oppositioneller Gouverneur festgenommen \u2013 Massive Proteste in der Provinz Santa Cruz","datePublished":"2022-12-29T12:19:38+00:00","mainEntityOfPage":{"@id":"https:\/\/now-news.de\/de\/deutschland\/bolivien-oppositioneller-gouverneur-festgenommen-massive-proteste-in-der-provinz-santa-cruz\/"},"wordCount":520,"commentCount":0,"publisher":{"@id":"https:\/\/now-news.de\/de\/#organization"},"image":{"@id":"https:\/\/now-news.de\/de\/deutschland\/bolivien-oppositioneller-gouverneur-festgenommen-massive-proteste-in-der-provinz-santa-cruz\/#primaryimage"},"thumbnailUrl":"https:\/\/now-news.de\/de\/wp-content\/uploads\/sites\/3\/2022\/12\/Bolivien-Oppositioneller-Gouverneur-festgenommen-\u2013-Massive-Proteste-in-der-Provinz.jpg","keywords":["Bolivien","Cruz","der","festgenommen","Gouverneur","Massive","Oppositioneller","Proteste","Provinz","Santa"],"articleSection":["Deutschland","Russland"],"inLanguage":"de","potentialAction":[{"@type":"CommentAction","name":"Comment","target":["https:\/\/now-news.de\/de\/deutschland\/bolivien-oppositioneller-gouverneur-festgenommen-massive-proteste-in-der-provinz-santa-cruz\/#respond"]}]},{"@type":"WebPage","@id":"https:\/\/now-news.de\/de\/deutschland\/bolivien-oppositioneller-gouverneur-festgenommen-massive-proteste-in-der-provinz-santa-cruz\/","url":"https:\/\/now-news.de\/de\/deutschland\/bolivien-oppositioneller-gouverneur-festgenommen-massive-proteste-in-der-provinz-santa-cruz\/","name":"Bolivien: Oppositioneller Gouverneur festgenommen \u2013 Massive Proteste in der Provinz Santa Cruz - just-now.NEWS Deutschland","isPartOf":{"@id":"https:\/\/now-news.de\/de\/#website"},"primaryImageOfPage":{"@id":"https:\/\/now-news.de\/de\/deutschland\/bolivien-oppositioneller-gouverneur-festgenommen-massive-proteste-in-der-provinz-santa-cruz\/#primaryimage"},"image":{"@id":"https:\/\/now-news.de\/de\/deutschland\/bolivien-oppositioneller-gouverneur-festgenommen-massive-proteste-in-der-provinz-santa-cruz\/#primaryimage"},"thumbnailUrl":"https:\/\/now-news.de\/de\/wp-content\/uploads\/sites\/3\/2022\/12\/Bolivien-Oppositioneller-Gouverneur-festgenommen-\u2013-Massive-Proteste-in-der-Provinz.jpg","datePublished":"2022-12-29T12:19:38+00:00","breadcrumb":{"@id":"https:\/\/now-news.de\/de\/deutschland\/bolivien-oppositioneller-gouverneur-festgenommen-massive-proteste-in-der-provinz-santa-cruz\/#breadcrumb"},"inLanguage":"de","potentialAction":[{"@type":"ReadAction","target":["https:\/\/now-news.de\/de\/deutschland\/bolivien-oppositioneller-gouverneur-festgenommen-massive-proteste-in-der-provinz-santa-cruz\/"]}]},{"@type":"ImageObject","inLanguage":"de","@id":"https:\/\/now-news.de\/de\/deutschland\/bolivien-oppositioneller-gouverneur-festgenommen-massive-proteste-in-der-provinz-santa-cruz\/#primaryimage","url":"https:\/\/now-news.de\/de\/wp-content\/uploads\/sites\/3\/2022\/12\/Bolivien-Oppositioneller-Gouverneur-festgenommen-\u2013-Massive-Proteste-in-der-Provinz.jpg","contentUrl":"https:\/\/now-news.de\/de\/wp-content\/uploads\/sites\/3\/2022\/12\/Bolivien-Oppositioneller-Gouverneur-festgenommen-\u2013-Massive-Proteste-in-der-Provinz.jpg","width":460,"height":259,"caption":"Bolivien: Oppositioneller Gouverneur festgenommen \u2013 Massive Proteste in der Provinz Santa Cruz"},{"@type":"BreadcrumbList","@id":"https:\/\/now-news.de\/de\/deutschland\/bolivien-oppositioneller-gouverneur-festgenommen-massive-proteste-in-der-provinz-santa-cruz\/#breadcrumb","itemListElement":[{"@type":"ListItem","position":1,"name":"Home","item":"https:\/\/now-news.de\/de\/"},{"@type":"ListItem","position":2,"name":"Bolivien: Oppositioneller Gouverneur festgenommen \u2013 Massive Proteste in der Provinz Santa Cruz"}]},{"@type":"WebSite","@id":"https:\/\/now-news.de\/de\/#website","url":"https:\/\/now-news.de\/de\/","name":"just-now.NEWS Deutschland","description":"Das Portal f\u00fcr unzensierte Nachrichten aus der Welt","publisher":{"@id":"https:\/\/now-news.de\/de\/#organization"},"potentialAction":[{"@type":"SearchAction","target":{"@type":"EntryPoint","urlTemplate":"https:\/\/now-news.de\/de\/?s={search_term_string}"},"query-input":{"@type":"PropertyValueSpecification","valueRequired":true,"valueName":"search_term_string"}}],"inLanguage":"de"},{"@type":"Organization","@id":"https:\/\/now-news.de\/de\/#organization","name":"Just Now News","url":"https:\/\/now-news.de\/de\/","logo":{"@type":"ImageObject","inLanguage":"de","@id":"https:\/\/now-news.de\/de\/#\/schema\/logo\/image\/","url":"http:\/\/just-now.news\/de\/wp-content\/uploads\/sites\/3\/2022\/04\/logo500x500.jpg","contentUrl":"http:\/\/just-now.news\/de\/wp-content\/uploads\/sites\/3\/2022\/04\/logo500x500.jpg","width":500,"height":500,"caption":"Just Now News"},"image":{"@id":"https:\/\/now-news.de\/de\/#\/schema\/logo\/image\/"},"sameAs":["https:\/\/www.facebook.com\/wirmachenauf","https:\/\/x.com\/WirMachenAuf_de"]},{"@type":"Person","@id":"https:\/\/now-news.de\/de\/#\/schema\/person\/fb534a4e865501d8b3285208df34a9b5","name":"rtnews","image":{"@type":"ImageObject","inLanguage":"de","@id":"https:\/\/secure.gravatar.com\/avatar\/358fe31b3ab5769fea05376e1953329834cd9912cf9daf607e2af3076a1b982b?s=96&d=mm&r=g","url":"https:\/\/secure.gravatar.com\/avatar\/358fe31b3ab5769fea05376e1953329834cd9912cf9daf607e2af3076a1b982b?s=96&d=mm&r=g","contentUrl":"https:\/\/secure.gravatar.com\/avatar\/358fe31b3ab5769fea05376e1953329834cd9912cf9daf607e2af3076a1b982b?s=96&d=mm&r=g","caption":"rtnews"},"url":"https:\/\/now-news.de\/de\/author\/rnews\/"}]}},"_links":{"self":[{"href":"https:\/\/now-news.de\/de\/wp-json\/wp\/v2\/posts\/26540","targetHints":{"allow":["GET"]}}],"collection":[{"href":"https:\/\/now-news.de\/de\/wp-json\/wp\/v2\/posts"}],"about":[{"href":"https:\/\/now-news.de\/de\/wp-json\/wp\/v2\/types\/post"}],"author":[{"embeddable":true,"href":"https:\/\/now-news.de\/de\/wp-json\/wp\/v2\/users\/3"}],"replies":[{"embeddable":true,"href":"https:\/\/now-news.de\/de\/wp-json\/wp\/v2\/comments?post=26540"}],"version-history":[{"count":0,"href":"https:\/\/now-news.de\/de\/wp-json\/wp\/v2\/posts\/26540\/revisions"}],"wp:featuredmedia":[{"embeddable":true,"href":"https:\/\/now-news.de\/de\/wp-json\/wp\/v2\/media\/26541"}],"wp:attachment":[{"href":"https:\/\/now-news.de\/de\/wp-json\/wp\/v2\/media?parent=26540"}],"wp:term":[{"taxonomy":"category","embeddable":true,"href":"https:\/\/now-news.de\/de\/wp-json\/wp\/v2\/categories?post=26540"},{"taxonomy":"post_tag","embeddable":true,"href":"https:\/\/now-news.de\/de\/wp-json\/wp\/v2\/tags?post=26540"}],"curies":[{"name":"wp","href":"https:\/\/api.w.org\/{rel}","templated":true}]}}