{"id":26532,"date":"2022-12-29T12:28:20","date_gmt":"2022-12-29T10:28:20","guid":{"rendered":"https:\/\/just-now.news\/de\/deutschland\/moskau-hochrangige-vertreter-der-tuerkei-und-syriens-treffen-sich-erstmals-seit-2011\/"},"modified":"2022-12-29T12:28:20","modified_gmt":"2022-12-29T10:28:20","slug":"moskau-hochrangige-vertreter-der-tuerkei-und-syriens-treffen-sich-erstmals-seit-2011","status":"publish","type":"post","link":"https:\/\/now-news.de\/de\/deutschland\/moskau-hochrangige-vertreter-der-tuerkei-und-syriens-treffen-sich-erstmals-seit-2011\/","title":{"rendered":"Moskau: Hochrangige Vertreter der T\u00fcrkei und Syriens treffen sich erstmals seit 2011"},"content":{"rendered":"<p><img decoding=\"async\" src=\"http:\/\/just-now.news\/de\/wp-content\/uploads\/sites\/3\/2022\/12\/63ad655048fbef627079e4e6.jpg\" \/><\/p>\n<div class=\"Text-root Text-type_1 \">\n                Die Verteidigungsminister Syriens, der T\u00fcrkei und Russlands f\u00fchrten am Mittwoch Gespr\u00e4che in Moskau. F\u00fcr Ankara und Damaskus war es das erste Treffen auf dieser Ebene seit mehr als zehn Jahren. Es wurde \u00fcber Wege zur L\u00f6sung der Syrienkrise und des Fl\u00fcchtlingsproblems beraten .\n            <\/div>\n<p><\/p>\n<div class=\"Text-root Text-type_5 ArticleView-text ViewText-root \">\n<p>Der russische Verteidigungsminister Sergei Schoigu traf sich am Mittwoch mit seinen t\u00fcrkischen und syrischen Amtskollegen, Hulusi Akar und Ali Mahmoud Abbas. Das teilte der Pressedienst des russischen Verteidigungsministeriums mit. Auch die Geheimdienstchefs der drei L\u00e4nder trafen sich dabei in Moskau.\u00a0<\/p>\n<p>Hauptthemen der Gespr\u00e4che seien die Syrien-Krise, das Fl\u00fcchtlingsproblem und die gemeinsamen Anstrengungen im Kampf gegen terroristische Organisationen auf syrischem Territorium gewesen, hei\u00dft es in einer Erkl\u00e4rung. Es sei vereinbart worden, dass solche trilateralen Treffen und Diskussionen fortgesetzt werden, um Syrien und die Region als Ganzes zu stabilisieren.<\/p>\n<p>Der t\u00fcrkische Verteidigungsminister f\u00fchrte Berichten zufolge erstmals seit 2011 direkte Verhandlungen mit seinem syrischen Amtskollegen.\u00a0Der t\u00fcrkische Pr\u00e4sident Recep Tayyip Erdo\u011fan\u00a0hatte nach Beginn des\u00a0syrischen\u00a0B\u00fcrgerkriegs die diplomatischen Beziehungen zu Syrien abgebrochen.\u00a0<\/p>\n<p>Der Krieg in Syrien dauert nunmehr bereits fast zw\u00f6lf Jahre.\u00a0Russland unterst\u00fctzt den Pr\u00e4sidenten Baschar al-Assad, die T\u00fcrkei steht auf der Seite von Assads Gegnern. Im Oktober letzten Jahres trafen sich die Au\u00dfenminister der beiden L\u00e4nder auf einem Gipfeltreffen\u00a0der\u00a0Bewegung\u00a0der\u00a0Blockfreien\u00a0Staaten in Serbien, wo bekannt wurde, dass ihre jeweiligen Geheimdienste die Kommunikation wieder aufgenommen hatten.\u00a0Vor knapp zwei Wochen hatte Erdo\u011fan\u00a0auch ein Treffen mit al-Assad ins Spiel gebracht, den er in der Vergangenheit jedoch bereits einen &#8220;M\u00f6rder&#8221; genannt hatte.<\/p>\n<p>Das Treffen in Moskau fand nur wenige Tage nach dem Bericht von Hulusi\u00a0Akar statt, er h\u00e4tte mit Russland \u00fcber die Nutzung des syrischen Luftraums f\u00fcr die &#8220;Claw-Sword\u00a0Air\u00a0Operation&#8221; verhandelt. Dabei handelt es sich um einen grenz\u00fcberschreitenden Luftangriff auf die kurdischen Milizen in Nordsyrien. Ankara betrachtet diese als Terroristen, die mit der Arbeiterpartei Kurdistans (PKK) verb\u00fcndet seien, und machte\u00a0eine PKK-Anh\u00e4ngerin f\u00fcr einen Selbstmordanschlag in Istanbul verantwortlich, bei dem sechs Menschen get\u00f6tet und 81 weitere verletzt worden waren.<\/p>\n<p><strong>Mehr zum Thema<\/strong> &#8211;\u00a0<a rel=\"nofollow noopener\" target=\"_blank\" href=\"https:\/\/de.rt.com\/international\/157439-erdogan-tuerkei-soll-moeglichst-schnell\/\">Erdo\u011fan: T\u00fcrkei soll m\u00f6glichst schnell zu einem globalen Zentrum f\u00fcr Gaspreis-Bildung werden<\/a><\/p>\n<\/div>\n<p><br \/>\n<br \/><a href=\"https:\/\/de.rt.com\/der-nahe-osten\/158461-moskau-hochrangige-vertreter-tuerkei-und-syrien\/\">Source link <\/a><\/p>\n","protected":false},"excerpt":{"rendered":"<p>Die Verteidigungsminister Syriens, der T\u00fcrkei und Russlands f\u00fchrten am Mittwoch Gespr\u00e4che in Moskau. F\u00fcr Ankara und Damaskus war es das erste Treffen auf dieser Ebene seit mehr als zehn Jahren. Es wurde \u00fcber Wege zur L\u00f6sung der Syrienkrise und des Fl\u00fcchtlingsproblems beraten . Der russische Verteidigungsminister Sergei Schoigu traf sich am Mittwoch mit seinen t\u00fcrkischen [&hellip;]<\/p>\n","protected":false},"author":3,"featured_media":26533,"comment_status":"open","ping_status":"open","sticky":false,"template":"","format":"standard","meta":{"_yoast_indexnow_last_ping":["1672309973"],"wp_automatic_camp":["217"],"cba87081966bf609fbf361c7ddea93d3":["Moskau: Hochrangige Vertreter der T\u00fcrkei und Syriens treffen sich erstmals seit 2011"],"original_link":["https:\/\/de.rt.com\/der-nahe-osten\/158461-moskau-hochrangige-vertreter-tuerkei-und-syrien\/"],"_thumbnail_id":["26533"],"_wptgpro_p2tg_sent2tg":["a:1:{i:23737;s:19:\"2022-12-29 12:33:57\";}"],"jnews_social_counter_last_update":["1777815604"]},"categories":[19,23],"tags":[82,7182,14709,946,1829,434,19660,354,1897,140,20016],"yoast_head":"<!-- This site is optimized with the Yoast SEO Premium plugin v22.7 (Yoast SEO v22.7) - https:\/\/yoast.com\/wordpress\/plugins\/seo\/ -->\n<title>Moskau: Hochrangige Vertreter der T\u00fcrkei und Syriens treffen sich erstmals seit 2011 - just-now.NEWS Deutschland<\/title>\n<meta name=\"robots\" content=\"index, follow, max-snippet:-1, max-image-preview:large, max-video-preview:-1\" \/>\n<link rel=\"canonical\" href=\"https:\/\/now-news.de\/de\/deutschland\/moskau-hochrangige-vertreter-der-tuerkei-und-syriens-treffen-sich-erstmals-seit-2011\/\" \/>\n<meta property=\"og:locale\" content=\"de_DE\" \/>\n<meta property=\"og:type\" content=\"article\" \/>\n<meta property=\"og:title\" content=\"Moskau: Hochrangige Vertreter der T\u00fcrkei und Syriens treffen sich erstmals seit 2011\" \/>\n<meta property=\"og:description\" content=\"Die Verteidigungsminister Syriens, der T\u00fcrkei und Russlands f\u00fchrten am Mittwoch Gespr\u00e4che in Moskau. F\u00fcr Ankara und Damaskus war es das erste Treffen auf dieser Ebene seit mehr als zehn Jahren. Es wurde \u00fcber Wege zur L\u00f6sung der Syrienkrise und des Fl\u00fcchtlingsproblems beraten . Der russische Verteidigungsminister Sergei Schoigu traf sich am Mittwoch mit seinen t\u00fcrkischen [&hellip;]\" \/>\n<meta property=\"og:url\" content=\"https:\/\/now-news.de\/de\/deutschland\/moskau-hochrangige-vertreter-der-tuerkei-und-syriens-treffen-sich-erstmals-seit-2011\/\" \/>\n<meta property=\"og:site_name\" content=\"just-now.NEWS Deutschland\" \/>\n<meta property=\"article:publisher\" content=\"https:\/\/www.facebook.com\/wirmachenauf\" \/>\n<meta property=\"article:published_time\" content=\"2022-12-29T10:28:20+00:00\" \/>\n<meta property=\"og:image\" content=\"https:\/\/now-news.de\/de\/wp-content\/uploads\/sites\/3\/2022\/12\/Moskau-Hochrangige-Vertreter-der-Tuerkei-und-Syriens-treffen-sich-erstmals.jpg\" \/>\n\t<meta property=\"og:image:width\" content=\"460\" \/>\n\t<meta property=\"og:image:height\" content=\"259\" \/>\n\t<meta property=\"og:image:type\" content=\"image\/jpeg\" \/>\n<meta name=\"author\" content=\"rtnews\" \/>\n<meta name=\"twitter:card\" content=\"summary_large_image\" \/>\n<meta name=\"twitter:creator\" content=\"@WirMachenAuf_de\" \/>\n<meta name=\"twitter:site\" content=\"@WirMachenAuf_de\" \/>\n<meta name=\"twitter:label1\" content=\"Verfasst von\" \/>\n\t<meta name=\"twitter:data1\" content=\"rtnews\" \/>\n\t<meta name=\"twitter:label2\" content=\"Gesch\u00e4tzte Lesezeit\" \/>\n\t<meta name=\"twitter:data2\" content=\"2\u00a0Minuten\" \/>\n<script type=\"application\/ld+json\" class=\"yoast-schema-graph\">{\"@context\":\"https:\/\/schema.org\",\"@graph\":[{\"@type\":\"Article\",\"@id\":\"https:\/\/now-news.de\/de\/deutschland\/moskau-hochrangige-vertreter-der-tuerkei-und-syriens-treffen-sich-erstmals-seit-2011\/#article\",\"isPartOf\":{\"@id\":\"https:\/\/now-news.de\/de\/deutschland\/moskau-hochrangige-vertreter-der-tuerkei-und-syriens-treffen-sich-erstmals-seit-2011\/\"},\"author\":{\"name\":\"rtnews\",\"@id\":\"https:\/\/now-news.de\/de\/#\/schema\/person\/fb534a4e865501d8b3285208df34a9b5\"},\"headline\":\"Moskau: Hochrangige Vertreter der T\u00fcrkei und Syriens treffen sich erstmals seit 2011\",\"datePublished\":\"2022-12-29T10:28:20+00:00\",\"dateModified\":\"2022-12-29T10:28:20+00:00\",\"mainEntityOfPage\":{\"@id\":\"https:\/\/now-news.de\/de\/deutschland\/moskau-hochrangige-vertreter-der-tuerkei-und-syriens-treffen-sich-erstmals-seit-2011\/\"},\"wordCount\":390,\"commentCount\":0,\"publisher\":{\"@id\":\"https:\/\/now-news.de\/de\/#organization\"},\"image\":{\"@id\":\"https:\/\/now-news.de\/de\/deutschland\/moskau-hochrangige-vertreter-der-tuerkei-und-syriens-treffen-sich-erstmals-seit-2011\/#primaryimage\"},\"thumbnailUrl\":\"https:\/\/now-news.de\/de\/wp-content\/uploads\/sites\/3\/2022\/12\/Moskau-Hochrangige-Vertreter-der-Tuerkei-und-Syriens-treffen-sich-erstmals.jpg\",\"keywords\":[\"der\",\"Erstmals\",\"Hochrangige\",\"Moskau\",\"seit\",\"sich\",\"Syriens\",\"Treffen\",\"T\u00fcrkei\",\"und\",\"Vertreter\"],\"articleSection\":[\"Deutschland\",\"Russland\"],\"inLanguage\":\"de\",\"potentialAction\":[{\"@type\":\"CommentAction\",\"name\":\"Comment\",\"target\":[\"https:\/\/now-news.de\/de\/deutschland\/moskau-hochrangige-vertreter-der-tuerkei-und-syriens-treffen-sich-erstmals-seit-2011\/#respond\"]}]},{\"@type\":\"WebPage\",\"@id\":\"https:\/\/now-news.de\/de\/deutschland\/moskau-hochrangige-vertreter-der-tuerkei-und-syriens-treffen-sich-erstmals-seit-2011\/\",\"url\":\"https:\/\/now-news.de\/de\/deutschland\/moskau-hochrangige-vertreter-der-tuerkei-und-syriens-treffen-sich-erstmals-seit-2011\/\",\"name\":\"Moskau: Hochrangige Vertreter der T\u00fcrkei und Syriens treffen sich erstmals seit 2011 - just-now.NEWS Deutschland\",\"isPartOf\":{\"@id\":\"https:\/\/now-news.de\/de\/#website\"},\"primaryImageOfPage\":{\"@id\":\"https:\/\/now-news.de\/de\/deutschland\/moskau-hochrangige-vertreter-der-tuerkei-und-syriens-treffen-sich-erstmals-seit-2011\/#primaryimage\"},\"image\":{\"@id\":\"https:\/\/now-news.de\/de\/deutschland\/moskau-hochrangige-vertreter-der-tuerkei-und-syriens-treffen-sich-erstmals-seit-2011\/#primaryimage\"},\"thumbnailUrl\":\"https:\/\/now-news.de\/de\/wp-content\/uploads\/sites\/3\/2022\/12\/Moskau-Hochrangige-Vertreter-der-Tuerkei-und-Syriens-treffen-sich-erstmals.jpg\",\"datePublished\":\"2022-12-29T10:28:20+00:00\",\"dateModified\":\"2022-12-29T10:28:20+00:00\",\"breadcrumb\":{\"@id\":\"https:\/\/now-news.de\/de\/deutschland\/moskau-hochrangige-vertreter-der-tuerkei-und-syriens-treffen-sich-erstmals-seit-2011\/#breadcrumb\"},\"inLanguage\":\"de\",\"potentialAction\":[{\"@type\":\"ReadAction\",\"target\":[\"https:\/\/now-news.de\/de\/deutschland\/moskau-hochrangige-vertreter-der-tuerkei-und-syriens-treffen-sich-erstmals-seit-2011\/\"]}]},{\"@type\":\"ImageObject\",\"inLanguage\":\"de\",\"@id\":\"https:\/\/now-news.de\/de\/deutschland\/moskau-hochrangige-vertreter-der-tuerkei-und-syriens-treffen-sich-erstmals-seit-2011\/#primaryimage\",\"url\":\"https:\/\/now-news.de\/de\/wp-content\/uploads\/sites\/3\/2022\/12\/Moskau-Hochrangige-Vertreter-der-Tuerkei-und-Syriens-treffen-sich-erstmals.jpg\",\"contentUrl\":\"https:\/\/now-news.de\/de\/wp-content\/uploads\/sites\/3\/2022\/12\/Moskau-Hochrangige-Vertreter-der-Tuerkei-und-Syriens-treffen-sich-erstmals.jpg\",\"width\":460,\"height\":259,\"caption\":\"Moskau: Hochrangige Vertreter der T\u00fcrkei und Syriens treffen sich erstmals seit 2011\"},{\"@type\":\"BreadcrumbList\",\"@id\":\"https:\/\/now-news.de\/de\/deutschland\/moskau-hochrangige-vertreter-der-tuerkei-und-syriens-treffen-sich-erstmals-seit-2011\/#breadcrumb\",\"itemListElement\":[{\"@type\":\"ListItem\",\"position\":1,\"name\":\"Home\",\"item\":\"https:\/\/now-news.de\/de\/\"},{\"@type\":\"ListItem\",\"position\":2,\"name\":\"Moskau: Hochrangige Vertreter der T\u00fcrkei und Syriens treffen sich erstmals seit 2011\"}]},{\"@type\":\"WebSite\",\"@id\":\"https:\/\/now-news.de\/de\/#website\",\"url\":\"https:\/\/now-news.de\/de\/\",\"name\":\"just-now.NEWS Deutschland\",\"description\":\"Das Portal f\u00fcr unzensierte Nachrichten aus der Welt\",\"publisher\":{\"@id\":\"https:\/\/now-news.de\/de\/#organization\"},\"potentialAction\":[{\"@type\":\"SearchAction\",\"target\":{\"@type\":\"EntryPoint\",\"urlTemplate\":\"https:\/\/now-news.de\/de\/?s={search_term_string}\"},\"query-input\":\"required name=search_term_string\"}],\"inLanguage\":\"de\"},{\"@type\":\"Organization\",\"@id\":\"https:\/\/now-news.de\/de\/#organization\",\"name\":\"Just Now News\",\"url\":\"https:\/\/now-news.de\/de\/\",\"logo\":{\"@type\":\"ImageObject\",\"inLanguage\":\"de\",\"@id\":\"https:\/\/now-news.de\/de\/#\/schema\/logo\/image\/\",\"url\":\"http:\/\/just-now.news\/de\/wp-content\/uploads\/sites\/3\/2022\/04\/logo500x500.jpg\",\"contentUrl\":\"http:\/\/just-now.news\/de\/wp-content\/uploads\/sites\/3\/2022\/04\/logo500x500.jpg\",\"width\":500,\"height\":500,\"caption\":\"Just Now News\"},\"image\":{\"@id\":\"https:\/\/now-news.de\/de\/#\/schema\/logo\/image\/\"},\"sameAs\":[\"https:\/\/www.facebook.com\/wirmachenauf\",\"https:\/\/x.com\/WirMachenAuf_de\"]},{\"@type\":\"Person\",\"@id\":\"https:\/\/now-news.de\/de\/#\/schema\/person\/fb534a4e865501d8b3285208df34a9b5\",\"name\":\"rtnews\",\"image\":{\"@type\":\"ImageObject\",\"inLanguage\":\"de\",\"@id\":\"https:\/\/now-news.de\/de\/#\/schema\/person\/image\/\",\"url\":\"https:\/\/secure.gravatar.com\/avatar\/82aafea7d8127119dd649515f56e2117?s=96&d=mm&r=g\",\"contentUrl\":\"https:\/\/secure.gravatar.com\/avatar\/82aafea7d8127119dd649515f56e2117?s=96&d=mm&r=g\",\"caption\":\"rtnews\"},\"url\":\"https:\/\/now-news.de\/de\/author\/rnews\/\"}]}<\/script>\n<!-- \/ Yoast SEO Premium plugin. -->","yoast_head_json":{"title":"Moskau: Hochrangige Vertreter der T\u00fcrkei und Syriens treffen sich erstmals seit 2011 - just-now.NEWS Deutschland","robots":{"index":"index","follow":"follow","max-snippet":"max-snippet:-1","max-image-preview":"max-image-preview:large","max-video-preview":"max-video-preview:-1"},"canonical":"https:\/\/now-news.de\/de\/deutschland\/moskau-hochrangige-vertreter-der-tuerkei-und-syriens-treffen-sich-erstmals-seit-2011\/","og_locale":"de_DE","og_type":"article","og_title":"Moskau: Hochrangige Vertreter der T\u00fcrkei und Syriens treffen sich erstmals seit 2011","og_description":"Die Verteidigungsminister Syriens, der T\u00fcrkei und Russlands f\u00fchrten am Mittwoch Gespr\u00e4che in Moskau. F\u00fcr Ankara und Damaskus war es das erste Treffen auf dieser Ebene seit mehr als zehn Jahren. Es wurde \u00fcber Wege zur L\u00f6sung der Syrienkrise und des Fl\u00fcchtlingsproblems beraten . Der russische Verteidigungsminister Sergei Schoigu traf sich am Mittwoch mit seinen t\u00fcrkischen [&hellip;]","og_url":"https:\/\/now-news.de\/de\/deutschland\/moskau-hochrangige-vertreter-der-tuerkei-und-syriens-treffen-sich-erstmals-seit-2011\/","og_site_name":"just-now.NEWS Deutschland","article_publisher":"https:\/\/www.facebook.com\/wirmachenauf","article_published_time":"2022-12-29T10:28:20+00:00","og_image":[{"width":460,"height":259,"url":"https:\/\/now-news.de\/de\/wp-content\/uploads\/sites\/3\/2022\/12\/Moskau-Hochrangige-Vertreter-der-Tuerkei-und-Syriens-treffen-sich-erstmals.jpg","type":"image\/jpeg"}],"author":"rtnews","twitter_card":"summary_large_image","twitter_creator":"@WirMachenAuf_de","twitter_site":"@WirMachenAuf_de","twitter_misc":{"Verfasst von":"rtnews","Gesch\u00e4tzte Lesezeit":"2\u00a0Minuten"},"schema":{"@context":"https:\/\/schema.org","@graph":[{"@type":"Article","@id":"https:\/\/now-news.de\/de\/deutschland\/moskau-hochrangige-vertreter-der-tuerkei-und-syriens-treffen-sich-erstmals-seit-2011\/#article","isPartOf":{"@id":"https:\/\/now-news.de\/de\/deutschland\/moskau-hochrangige-vertreter-der-tuerkei-und-syriens-treffen-sich-erstmals-seit-2011\/"},"author":{"name":"rtnews","@id":"https:\/\/now-news.de\/de\/#\/schema\/person\/fb534a4e865501d8b3285208df34a9b5"},"headline":"Moskau: Hochrangige Vertreter der T\u00fcrkei und Syriens treffen sich erstmals seit 2011","datePublished":"2022-12-29T10:28:20+00:00","dateModified":"2022-12-29T10:28:20+00:00","mainEntityOfPage":{"@id":"https:\/\/now-news.de\/de\/deutschland\/moskau-hochrangige-vertreter-der-tuerkei-und-syriens-treffen-sich-erstmals-seit-2011\/"},"wordCount":390,"commentCount":0,"publisher":{"@id":"https:\/\/now-news.de\/de\/#organization"},"image":{"@id":"https:\/\/now-news.de\/de\/deutschland\/moskau-hochrangige-vertreter-der-tuerkei-und-syriens-treffen-sich-erstmals-seit-2011\/#primaryimage"},"thumbnailUrl":"https:\/\/now-news.de\/de\/wp-content\/uploads\/sites\/3\/2022\/12\/Moskau-Hochrangige-Vertreter-der-Tuerkei-und-Syriens-treffen-sich-erstmals.jpg","keywords":["der","Erstmals","Hochrangige","Moskau","seit","sich","Syriens","Treffen","T\u00fcrkei","und","Vertreter"],"articleSection":["Deutschland","Russland"],"inLanguage":"de","potentialAction":[{"@type":"CommentAction","name":"Comment","target":["https:\/\/now-news.de\/de\/deutschland\/moskau-hochrangige-vertreter-der-tuerkei-und-syriens-treffen-sich-erstmals-seit-2011\/#respond"]}]},{"@type":"WebPage","@id":"https:\/\/now-news.de\/de\/deutschland\/moskau-hochrangige-vertreter-der-tuerkei-und-syriens-treffen-sich-erstmals-seit-2011\/","url":"https:\/\/now-news.de\/de\/deutschland\/moskau-hochrangige-vertreter-der-tuerkei-und-syriens-treffen-sich-erstmals-seit-2011\/","name":"Moskau: Hochrangige Vertreter der T\u00fcrkei und Syriens treffen sich erstmals seit 2011 - just-now.NEWS Deutschland","isPartOf":{"@id":"https:\/\/now-news.de\/de\/#website"},"primaryImageOfPage":{"@id":"https:\/\/now-news.de\/de\/deutschland\/moskau-hochrangige-vertreter-der-tuerkei-und-syriens-treffen-sich-erstmals-seit-2011\/#primaryimage"},"image":{"@id":"https:\/\/now-news.de\/de\/deutschland\/moskau-hochrangige-vertreter-der-tuerkei-und-syriens-treffen-sich-erstmals-seit-2011\/#primaryimage"},"thumbnailUrl":"https:\/\/now-news.de\/de\/wp-content\/uploads\/sites\/3\/2022\/12\/Moskau-Hochrangige-Vertreter-der-Tuerkei-und-Syriens-treffen-sich-erstmals.jpg","datePublished":"2022-12-29T10:28:20+00:00","dateModified":"2022-12-29T10:28:20+00:00","breadcrumb":{"@id":"https:\/\/now-news.de\/de\/deutschland\/moskau-hochrangige-vertreter-der-tuerkei-und-syriens-treffen-sich-erstmals-seit-2011\/#breadcrumb"},"inLanguage":"de","potentialAction":[{"@type":"ReadAction","target":["https:\/\/now-news.de\/de\/deutschland\/moskau-hochrangige-vertreter-der-tuerkei-und-syriens-treffen-sich-erstmals-seit-2011\/"]}]},{"@type":"ImageObject","inLanguage":"de","@id":"https:\/\/now-news.de\/de\/deutschland\/moskau-hochrangige-vertreter-der-tuerkei-und-syriens-treffen-sich-erstmals-seit-2011\/#primaryimage","url":"https:\/\/now-news.de\/de\/wp-content\/uploads\/sites\/3\/2022\/12\/Moskau-Hochrangige-Vertreter-der-Tuerkei-und-Syriens-treffen-sich-erstmals.jpg","contentUrl":"https:\/\/now-news.de\/de\/wp-content\/uploads\/sites\/3\/2022\/12\/Moskau-Hochrangige-Vertreter-der-Tuerkei-und-Syriens-treffen-sich-erstmals.jpg","width":460,"height":259,"caption":"Moskau: Hochrangige Vertreter der T\u00fcrkei und Syriens treffen sich erstmals seit 2011"},{"@type":"BreadcrumbList","@id":"https:\/\/now-news.de\/de\/deutschland\/moskau-hochrangige-vertreter-der-tuerkei-und-syriens-treffen-sich-erstmals-seit-2011\/#breadcrumb","itemListElement":[{"@type":"ListItem","position":1,"name":"Home","item":"https:\/\/now-news.de\/de\/"},{"@type":"ListItem","position":2,"name":"Moskau: Hochrangige Vertreter der T\u00fcrkei und Syriens treffen sich erstmals seit 2011"}]},{"@type":"WebSite","@id":"https:\/\/now-news.de\/de\/#website","url":"https:\/\/now-news.de\/de\/","name":"just-now.NEWS Deutschland","description":"Das Portal f\u00fcr unzensierte Nachrichten aus der Welt","publisher":{"@id":"https:\/\/now-news.de\/de\/#organization"},"potentialAction":[{"@type":"SearchAction","target":{"@type":"EntryPoint","urlTemplate":"https:\/\/now-news.de\/de\/?s={search_term_string}"},"query-input":"required name=search_term_string"}],"inLanguage":"de"},{"@type":"Organization","@id":"https:\/\/now-news.de\/de\/#organization","name":"Just Now News","url":"https:\/\/now-news.de\/de\/","logo":{"@type":"ImageObject","inLanguage":"de","@id":"https:\/\/now-news.de\/de\/#\/schema\/logo\/image\/","url":"http:\/\/just-now.news\/de\/wp-content\/uploads\/sites\/3\/2022\/04\/logo500x500.jpg","contentUrl":"http:\/\/just-now.news\/de\/wp-content\/uploads\/sites\/3\/2022\/04\/logo500x500.jpg","width":500,"height":500,"caption":"Just Now News"},"image":{"@id":"https:\/\/now-news.de\/de\/#\/schema\/logo\/image\/"},"sameAs":["https:\/\/www.facebook.com\/wirmachenauf","https:\/\/x.com\/WirMachenAuf_de"]},{"@type":"Person","@id":"https:\/\/now-news.de\/de\/#\/schema\/person\/fb534a4e865501d8b3285208df34a9b5","name":"rtnews","image":{"@type":"ImageObject","inLanguage":"de","@id":"https:\/\/now-news.de\/de\/#\/schema\/person\/image\/","url":"https:\/\/secure.gravatar.com\/avatar\/82aafea7d8127119dd649515f56e2117?s=96&d=mm&r=g","contentUrl":"https:\/\/secure.gravatar.com\/avatar\/82aafea7d8127119dd649515f56e2117?s=96&d=mm&r=g","caption":"rtnews"},"url":"https:\/\/now-news.de\/de\/author\/rnews\/"}]}},"_links":{"self":[{"href":"https:\/\/now-news.de\/de\/wp-json\/wp\/v2\/posts\/26532"}],"collection":[{"href":"https:\/\/now-news.de\/de\/wp-json\/wp\/v2\/posts"}],"about":[{"href":"https:\/\/now-news.de\/de\/wp-json\/wp\/v2\/types\/post"}],"author":[{"embeddable":true,"href":"https:\/\/now-news.de\/de\/wp-json\/wp\/v2\/users\/3"}],"replies":[{"embeddable":true,"href":"https:\/\/now-news.de\/de\/wp-json\/wp\/v2\/comments?post=26532"}],"version-history":[{"count":0,"href":"https:\/\/now-news.de\/de\/wp-json\/wp\/v2\/posts\/26532\/revisions"}],"wp:featuredmedia":[{"embeddable":true,"href":"https:\/\/now-news.de\/de\/wp-json\/wp\/v2\/media\/26533"}],"wp:attachment":[{"href":"https:\/\/now-news.de\/de\/wp-json\/wp\/v2\/media?parent=26532"}],"wp:term":[{"taxonomy":"category","embeddable":true,"href":"https:\/\/now-news.de\/de\/wp-json\/wp\/v2\/categories?post=26532"},{"taxonomy":"post_tag","embeddable":true,"href":"https:\/\/now-news.de\/de\/wp-json\/wp\/v2\/tags?post=26532"}],"curies":[{"name":"wp","href":"https:\/\/api.w.org\/{rel}","templated":true}]}}