{"id":26508,"date":"2022-12-29T07:30:07","date_gmt":"2022-12-29T05:30:07","guid":{"rendered":"http:\/\/just-now.news\/de\/deutschland\/pulverfass-kosovo-spannungen-wachsen-barrikaden-bleiben\/"},"modified":"2022-12-29T07:30:07","modified_gmt":"2022-12-29T05:30:07","slug":"pulverfass-kosovo-spannungen-wachsen-barrikaden-bleiben","status":"publish","type":"post","link":"https:\/\/now-news.de\/de\/deutschland\/pulverfass-kosovo-spannungen-wachsen-barrikaden-bleiben\/","title":{"rendered":"Pulverfass Kosovo? Spannungen wachsen, Barrikaden bleiben"},"content":{"rendered":"<p><img decoding=\"async\" src=\"http:\/\/just-now.news\/de\/wp-content\/uploads\/sites\/3\/2022\/12\/63ac9b80b480cc6bae62341b.jpg\" \/><\/p>\n<div class=\"Text-root Text-type_1 \">\n                Nachdem Belgrad einen Antrag gestellt hatte, serbischen Milit\u00e4r- und Sicherheitskr\u00e4ften die R\u00fcckkehr in den Kosovo in einer Zahl von bis zu 1.000 Mitgliedern zu erm\u00f6glichen, &#8220;analysiert&#8221; die internationale Sicherheitstruppe KFOR den Antrag immer noch.\n            <\/div>\n<p><\/p>\n<div class=\"Text-root Text-type_5 ArticleView-text ViewText-root \">\n<p><em>Von Marinko U\u010dur<\/em><\/p>\n<p>Die internationale Sicherheitstruppe KFOR, die \u00fcberwiegend aus Einheiten der NATO-Mitgliedsstaaten zusammengesetzt ist, &#8220;analysiert&#8221; weiterhin den Antrag Belgrads, serbischen Milit\u00e4r- und Sicherheitskr\u00e4ften die R\u00fcckkehr in den Kosovo im Umfang von bis zu 1.000 Mitgliedern zu erm\u00f6glichen, was durch die Resolution 1.244 der Vereinten Nationen vorgesehen ist. Die Analyse dauert jedoch ungew\u00f6hnlich lange, eine offizielle Antwort steht immer noch aus.<\/p>\n<p><strong>KFOR unentschieden \u2013 Albaner ermutigt<\/strong><\/p>\n<p>Kenner der Situation sagen, dass die Antwort bereits zu erahnen und klar sei, dass sie negativ ausfallen werde, aber noch Raum und Zeit n\u00f6tig seien, um eine \u00fcberzeugende Begr\u00fcndung zu finden. Die KFOR versprach, &#8220;ein sicheres Umfeld und Bewegungsfreiheit zu schaffen&#8221;, und erinnerte daran, dass ihre Mission &#8220;aus mehr als 3.700 Vertretern aus 27 L\u00e4ndern besteht, darunter aus Verb\u00fcndeten und Partnern der NATO, die sich daf\u00fcr einsetzen, in \u00dcbereinstimmung mit dem auf der Grundlage der Resolution 1.244 des UN-Sicherheitsrates von 1999 erteilten Mandat ein sicheres Umfeld und Bewegungsfreiheit f\u00fcr alle Gemeinschaften im Kosovo zu gew\u00e4hrleisten.<\/p>\n<p>Als solche bleibt die Rolle der KFOR von grundlegender Bedeutung f\u00fcr eine dauerhafte Sicherheit im gesamten Kosovo und die Stabilit\u00e4t in der Region des Westbalkans. Unabh\u00e4ngig von der endg\u00fcltigen Antwort ist offensichtlich, dass die vorgenannte Resolution und das gesamte V\u00f6lkerrecht erneut auf den Pr\u00fcfstand gestellt werden. Gleichzeitig wird die Lage im Norden der serbischen Provinz, die von den Albanern mithilfe des Westens und der NATO zum &#8220;Staat&#8221; erkl\u00e4rt wurde, noch komplizierter. Knapp 20 Tage, nachdem die Spannungen nach der Festnahme von drei Serben, ehemaligen Polizisten, eskaliert sind, ist kein Ende in Sicht, und alles befindet sich am Rande eines bewaffneten Konflikts.<\/p>\n<p>Der Ministerpr\u00e4sident des Kosovo, Albin Kurti, drohte in Pristina damit, serbische Barrikaden als Form des unbewaffneten Widerstands gewaltsam zu entfernen, was in der serbischen Gemeinschaft zus\u00e4tzliche Angst ausl\u00f6st. Kurti geht davon aus, dass es sich um kriegerische Barrikaden handelt und dass es nicht m\u00f6glich ist, dass die B\u00fcrger sie aus eigener Initiative errichten, sondern dass Belgrad dahintersteckt. &#8220;Auf Bildern in den sozialen Netzwerken kann man sehen, wie sie prahlen und sowohl den Kreml als auch die Wagner-Gruppe anbeten&#8221;, sagte Kurti und warf Serbien zum x-ten Mal seine angebliche prorussische Politik vor.<\/p>\n<p><strong>Serbische Armee in Kampfbereitschaft<\/strong><\/p>\n<p>Der serbische Pr\u00e4sident Aleksandar Vu\u010di\u0107 befahl nach einem Treffen mit dem serbischen Patriarchen Porfirije, die Armee in h\u00f6chste Kampfbereitschaft zu versetzen und brachte zugleich seine Hoffnung und \u00dcberzeugung zum Ausdruck, dass der Frieden um jeden Preis erhalten werden muss. Die Medien stellten fest, dass Verteidigungsminister Milo\u0161 Vu\u010devi\u0107 auch Milit\u00e4reinheiten in der N\u00e4he der administrativen Linie zu jenem Staat besuchte, der von der Mehrheit der UN-Mitgliedstaaten nicht anerkannt wird.<\/p>\n<p>Zuvor hatten die Beh\u00f6rden von Pristina dem Patriarchen der serbisch-orthodoxen Kirche untersagt, die Gl\u00e4ubigen im Kosovo und das Patriarchat von Pe\u0107, den jahrhundertealten Sitz der serbisch-orthodoxen Kirche, zu besuchen, was Patriarch Porfirije selbst als unglaublichen Pr\u00e4zedenzfall interpretierte: &#8220;Das Patriarchat von Pe\u0107 ist f\u00fcr unser Volk, die Kirche und f\u00fcr jedes Oberhaupt unserer Kirche, was der Vatikan und der Lateran f\u00fcr die r\u00f6misch-katholische Kirche sind&#8221;, sagte der serbische Patriarch am Tag nach der gescheiterten Reise und f\u00fcgte hinzu: &#8220;Stellen Sie sich vor, dass jemand, nur weil er es so will, dem Papst verbietet, den Vatikan zu betreten!&#8221;<\/p>\n<p>Sogar Rada Trajkovi\u0107, eine Vu\u010di\u0107-feindliche Politikerin aus dem Kosovo, \u00e4u\u00dferte sich erstaunt \u00fcber die Entscheidung Pristinas, einem Kirchenoberhaupt eine spirituelle Mission zu verbieten: &#8220;Dem Patriarchen die Einreise in den Kosovo und nach Metochien zu verbieten, ist eine schlechte Botschaft f\u00fcr uns alle. Der Patriarch ist ein Mann des Friedens und es versteht sich von selbst, dass religi\u00f6se F\u00fchrer Vorboten und Tr\u00e4ger der Vers\u00f6hnung sein sollten&#8221;, betonte Trajkovi\u0107 und reagierte damit auf Ank\u00fcndigungen, wonach Pristinas Premierminister Kurti seine Streitkr\u00e4fte gewaltsam einsetzen k\u00f6nnte, um die Barrikaden in serbischen Gebieten im Kosovo zu beseitigen: &#8220;Kurti kann ohne Genehmigung der Amerikaner nicht einmal ein Fahrrad, geschweige denn einen Panzer in Bewegung setzen.&#8221;<\/p>\n<p><strong>Das Au\u00dfenministerium von Pristina erwartet eine Reaktion der EU<\/strong><\/p>\n<p>In einem Schreiben, das Pristina angesichts der neu entstandenen Situation im Norden der selbst ernannten serbischen Provinz nach Br\u00fcssel schickte, wird der j\u00fcngste Anschlag mit &#8220;Schockbomben&#8221; auf EULEX-Mitglieder erw\u00e4hnt und Serbiens Antrag auf Stationierung serbischer Truppen im Kosovo mit der &#8220;russischen Taktik der Invasion gegen einen souver\u00e4nen Staat (Ukraine) unter dem Vorwand, ihre &#8216;gef\u00e4hrdete Gemeinschaft&#8217; zu sch\u00fctzen&#8221;, verglichen.<\/p>\n<p>Derzeit gibt es im Norden des Kosovo dreizehn Barrikaden, und anscheinend werden es noch mehr. Zeugenaussagen zufolge ist jeder Serbe entschlossen, vor seinem Haus eine Barrikade zu errichten, bis Pristina zur Besinnung kommt und die festgenommenen serbischen Polizisten freil\u00e4sst. Der alte Wunsch nach der Einrichtung einer Gemeinschaft serbischer Gemeinden, der vor neun Jahren im Br\u00fcsseler Abkommen vereinbart wurde, bleibt bestehen. Klar ist in jedem Fall, dass Vu\u010di\u0107 weder mit der Armee in den Norden des Kosovo einreisen noch Albin Kurti alleine die Barrikaden niederrei\u00dfen darf.<\/p>\n<p><strong>Mehr zum Thema <\/strong>&#8211; <a rel=\"nofollow noopener\" target=\"_blank\" href=\"https:\/\/de.rt.com\/meinung\/158379-kosovo-krise-schwaechesignale-aus-eu\/\">Kosovo-Krise: Schw\u00e4chesignale aus der EU<\/a><\/p>\n<div class=\"EmbedBlock-root EmbedBlock-externalVideo EmbedBlock-odysee\">\n<div class=\"VkEmbed\"><iframe class=\"lazyload\" data-src=\"https:\/\/odysee.com\/%24\/embed\/%40RTDE%3Ae%2FSerbiens-Pr%C3%A4sident-Ihr-Endziel-ist-die-endg%C3%BCltige-Vertreibung-der-Serben-aus-dem-Kosovo%3Ad\" frameborder=\"0\" width=\"853\" height=\"480\" allowfullscreen><\/iframe><\/div>\n<\/div>\n<\/div>\n<p><br \/>\n<br \/><a href=\"https:\/\/de.rt.com\/international\/158426-pulverfass-kosovo-spannungen-wachsen-barrikaden\/\">Source link <\/a><\/p>\n","protected":false},"excerpt":{"rendered":"<p>Nachdem Belgrad einen Antrag gestellt hatte, serbischen Milit\u00e4r- und Sicherheitskr\u00e4ften die R\u00fcckkehr in den Kosovo in einer Zahl von bis zu 1.000 Mitgliedern zu erm\u00f6glichen, &#8220;analysiert&#8221; die internationale Sicherheitstruppe KFOR den Antrag immer noch. Von Marinko U\u010dur Die internationale Sicherheitstruppe KFOR, die \u00fcberwiegend aus Einheiten der NATO-Mitgliedsstaaten zusammengesetzt ist, &#8220;analysiert&#8221; weiterhin den Antrag Belgrads, serbischen [&hellip;]<\/p>\n","protected":false},"author":3,"featured_media":26509,"comment_status":"open","ping_status":"open","sticky":false,"template":"","format":"standard","meta":{"_yoast_indexnow_last_ping":["1672292635"],"wp_automatic_camp":["217"],"35eacae1aa1e820ed0f25adf3544e38a":["Pulverfass Kosovo? Spannungen wachsen, Barrikaden bleiben"],"original_link":["https:\/\/de.rt.com\/international\/158426-pulverfass-kosovo-spannungen-wachsen-barrikaden\/"],"_thumbnail_id":["26509"],"_wptgpro_p2tg_sent2tg":["a:1:{i:23737;s:19:\"2022-12-29 07:45:05\";}"],"jnews_social_counter_last_update":["1777346505"]},"categories":[19,23],"tags":[29872,9445,2681,33083,4832,28441],"yoast_head":"<!-- This site is optimized with the Yoast SEO Premium plugin v22.7 (Yoast SEO v22.7) - https:\/\/yoast.com\/wordpress\/plugins\/seo\/ -->\n<title>Pulverfass Kosovo? Spannungen wachsen, Barrikaden bleiben - just-now.NEWS Deutschland<\/title>\n<meta name=\"robots\" content=\"index, follow, max-snippet:-1, max-image-preview:large, max-video-preview:-1\" \/>\n<link rel=\"canonical\" href=\"https:\/\/now-news.de\/de\/deutschland\/pulverfass-kosovo-spannungen-wachsen-barrikaden-bleiben\/\" \/>\n<meta property=\"og:locale\" content=\"de_DE\" \/>\n<meta property=\"og:type\" content=\"article\" \/>\n<meta property=\"og:title\" content=\"Pulverfass Kosovo? Spannungen wachsen, Barrikaden bleiben\" \/>\n<meta property=\"og:description\" content=\"Nachdem Belgrad einen Antrag gestellt hatte, serbischen Milit\u00e4r- und Sicherheitskr\u00e4ften die R\u00fcckkehr in den Kosovo in einer Zahl von bis zu 1.000 Mitgliedern zu erm\u00f6glichen, &#8220;analysiert&#8221; die internationale Sicherheitstruppe KFOR den Antrag immer noch. Von Marinko U\u010dur Die internationale Sicherheitstruppe KFOR, die \u00fcberwiegend aus Einheiten der NATO-Mitgliedsstaaten zusammengesetzt ist, &#8220;analysiert&#8221; weiterhin den Antrag Belgrads, serbischen [&hellip;]\" \/>\n<meta property=\"og:url\" content=\"https:\/\/now-news.de\/de\/deutschland\/pulverfass-kosovo-spannungen-wachsen-barrikaden-bleiben\/\" \/>\n<meta property=\"og:site_name\" content=\"just-now.NEWS Deutschland\" \/>\n<meta property=\"article:publisher\" content=\"https:\/\/www.facebook.com\/wirmachenauf\" \/>\n<meta property=\"article:published_time\" content=\"2022-12-29T05:30:07+00:00\" \/>\n<meta property=\"og:image\" content=\"https:\/\/now-news.de\/de\/wp-content\/uploads\/sites\/3\/2022\/12\/Pulverfass-Kosovo-Spannungen-wachsen-Barrikaden-bleiben.jpg\" \/>\n\t<meta property=\"og:image:width\" content=\"460\" \/>\n\t<meta property=\"og:image:height\" content=\"259\" \/>\n\t<meta property=\"og:image:type\" content=\"image\/jpeg\" \/>\n<meta name=\"author\" content=\"rtnews\" \/>\n<meta name=\"twitter:card\" content=\"summary_large_image\" \/>\n<meta name=\"twitter:creator\" content=\"@WirMachenAuf_de\" \/>\n<meta name=\"twitter:site\" content=\"@WirMachenAuf_de\" \/>\n<meta name=\"twitter:label1\" content=\"Verfasst von\" \/>\n\t<meta name=\"twitter:data1\" content=\"rtnews\" \/>\n\t<meta name=\"twitter:label2\" content=\"Gesch\u00e4tzte Lesezeit\" \/>\n\t<meta name=\"twitter:data2\" content=\"4\u00a0Minuten\" \/>\n<script type=\"application\/ld+json\" class=\"yoast-schema-graph\">{\"@context\":\"https:\/\/schema.org\",\"@graph\":[{\"@type\":\"Article\",\"@id\":\"https:\/\/now-news.de\/de\/deutschland\/pulverfass-kosovo-spannungen-wachsen-barrikaden-bleiben\/#article\",\"isPartOf\":{\"@id\":\"https:\/\/now-news.de\/de\/deutschland\/pulverfass-kosovo-spannungen-wachsen-barrikaden-bleiben\/\"},\"author\":{\"name\":\"rtnews\",\"@id\":\"https:\/\/now-news.de\/de\/#\/schema\/person\/fb534a4e865501d8b3285208df34a9b5\"},\"headline\":\"Pulverfass Kosovo? Spannungen wachsen, Barrikaden bleiben\",\"datePublished\":\"2022-12-29T05:30:07+00:00\",\"dateModified\":\"2022-12-29T05:30:07+00:00\",\"mainEntityOfPage\":{\"@id\":\"https:\/\/now-news.de\/de\/deutschland\/pulverfass-kosovo-spannungen-wachsen-barrikaden-bleiben\/\"},\"wordCount\":890,\"commentCount\":0,\"publisher\":{\"@id\":\"https:\/\/now-news.de\/de\/#organization\"},\"image\":{\"@id\":\"https:\/\/now-news.de\/de\/deutschland\/pulverfass-kosovo-spannungen-wachsen-barrikaden-bleiben\/#primaryimage\"},\"thumbnailUrl\":\"https:\/\/now-news.de\/de\/wp-content\/uploads\/sites\/3\/2022\/12\/Pulverfass-Kosovo-Spannungen-wachsen-Barrikaden-bleiben.jpg\",\"keywords\":[\"Barrikaden\",\"Bleiben\",\"Kosovo\",\"Pulverfass\",\"Spannungen\",\"wachsen\"],\"articleSection\":[\"Deutschland\",\"Russland\"],\"inLanguage\":\"de\",\"potentialAction\":[{\"@type\":\"CommentAction\",\"name\":\"Comment\",\"target\":[\"https:\/\/now-news.de\/de\/deutschland\/pulverfass-kosovo-spannungen-wachsen-barrikaden-bleiben\/#respond\"]}]},{\"@type\":\"WebPage\",\"@id\":\"https:\/\/now-news.de\/de\/deutschland\/pulverfass-kosovo-spannungen-wachsen-barrikaden-bleiben\/\",\"url\":\"https:\/\/now-news.de\/de\/deutschland\/pulverfass-kosovo-spannungen-wachsen-barrikaden-bleiben\/\",\"name\":\"Pulverfass Kosovo? Spannungen wachsen, Barrikaden bleiben - just-now.NEWS Deutschland\",\"isPartOf\":{\"@id\":\"https:\/\/now-news.de\/de\/#website\"},\"primaryImageOfPage\":{\"@id\":\"https:\/\/now-news.de\/de\/deutschland\/pulverfass-kosovo-spannungen-wachsen-barrikaden-bleiben\/#primaryimage\"},\"image\":{\"@id\":\"https:\/\/now-news.de\/de\/deutschland\/pulverfass-kosovo-spannungen-wachsen-barrikaden-bleiben\/#primaryimage\"},\"thumbnailUrl\":\"https:\/\/now-news.de\/de\/wp-content\/uploads\/sites\/3\/2022\/12\/Pulverfass-Kosovo-Spannungen-wachsen-Barrikaden-bleiben.jpg\",\"datePublished\":\"2022-12-29T05:30:07+00:00\",\"dateModified\":\"2022-12-29T05:30:07+00:00\",\"breadcrumb\":{\"@id\":\"https:\/\/now-news.de\/de\/deutschland\/pulverfass-kosovo-spannungen-wachsen-barrikaden-bleiben\/#breadcrumb\"},\"inLanguage\":\"de\",\"potentialAction\":[{\"@type\":\"ReadAction\",\"target\":[\"https:\/\/now-news.de\/de\/deutschland\/pulverfass-kosovo-spannungen-wachsen-barrikaden-bleiben\/\"]}]},{\"@type\":\"ImageObject\",\"inLanguage\":\"de\",\"@id\":\"https:\/\/now-news.de\/de\/deutschland\/pulverfass-kosovo-spannungen-wachsen-barrikaden-bleiben\/#primaryimage\",\"url\":\"https:\/\/now-news.de\/de\/wp-content\/uploads\/sites\/3\/2022\/12\/Pulverfass-Kosovo-Spannungen-wachsen-Barrikaden-bleiben.jpg\",\"contentUrl\":\"https:\/\/now-news.de\/de\/wp-content\/uploads\/sites\/3\/2022\/12\/Pulverfass-Kosovo-Spannungen-wachsen-Barrikaden-bleiben.jpg\",\"width\":460,\"height\":259,\"caption\":\"Pulverfass Kosovo? Spannungen wachsen, Barrikaden bleiben\"},{\"@type\":\"BreadcrumbList\",\"@id\":\"https:\/\/now-news.de\/de\/deutschland\/pulverfass-kosovo-spannungen-wachsen-barrikaden-bleiben\/#breadcrumb\",\"itemListElement\":[{\"@type\":\"ListItem\",\"position\":1,\"name\":\"Home\",\"item\":\"https:\/\/now-news.de\/de\/\"},{\"@type\":\"ListItem\",\"position\":2,\"name\":\"Pulverfass Kosovo? Spannungen wachsen, Barrikaden bleiben\"}]},{\"@type\":\"WebSite\",\"@id\":\"https:\/\/now-news.de\/de\/#website\",\"url\":\"https:\/\/now-news.de\/de\/\",\"name\":\"just-now.NEWS Deutschland\",\"description\":\"Das Portal f\u00fcr unzensierte Nachrichten aus der Welt\",\"publisher\":{\"@id\":\"https:\/\/now-news.de\/de\/#organization\"},\"potentialAction\":[{\"@type\":\"SearchAction\",\"target\":{\"@type\":\"EntryPoint\",\"urlTemplate\":\"https:\/\/now-news.de\/de\/?s={search_term_string}\"},\"query-input\":\"required name=search_term_string\"}],\"inLanguage\":\"de\"},{\"@type\":\"Organization\",\"@id\":\"https:\/\/now-news.de\/de\/#organization\",\"name\":\"Just Now News\",\"url\":\"https:\/\/now-news.de\/de\/\",\"logo\":{\"@type\":\"ImageObject\",\"inLanguage\":\"de\",\"@id\":\"https:\/\/now-news.de\/de\/#\/schema\/logo\/image\/\",\"url\":\"http:\/\/just-now.news\/de\/wp-content\/uploads\/sites\/3\/2022\/04\/logo500x500.jpg\",\"contentUrl\":\"http:\/\/just-now.news\/de\/wp-content\/uploads\/sites\/3\/2022\/04\/logo500x500.jpg\",\"width\":500,\"height\":500,\"caption\":\"Just Now News\"},\"image\":{\"@id\":\"https:\/\/now-news.de\/de\/#\/schema\/logo\/image\/\"},\"sameAs\":[\"https:\/\/www.facebook.com\/wirmachenauf\",\"https:\/\/x.com\/WirMachenAuf_de\"]},{\"@type\":\"Person\",\"@id\":\"https:\/\/now-news.de\/de\/#\/schema\/person\/fb534a4e865501d8b3285208df34a9b5\",\"name\":\"rtnews\",\"image\":{\"@type\":\"ImageObject\",\"inLanguage\":\"de\",\"@id\":\"https:\/\/now-news.de\/de\/#\/schema\/person\/image\/\",\"url\":\"https:\/\/secure.gravatar.com\/avatar\/82aafea7d8127119dd649515f56e2117?s=96&d=mm&r=g\",\"contentUrl\":\"https:\/\/secure.gravatar.com\/avatar\/82aafea7d8127119dd649515f56e2117?s=96&d=mm&r=g\",\"caption\":\"rtnews\"},\"url\":\"https:\/\/now-news.de\/de\/author\/rnews\/\"}]}<\/script>\n<!-- \/ Yoast SEO Premium plugin. -->","yoast_head_json":{"title":"Pulverfass Kosovo? Spannungen wachsen, Barrikaden bleiben - just-now.NEWS Deutschland","robots":{"index":"index","follow":"follow","max-snippet":"max-snippet:-1","max-image-preview":"max-image-preview:large","max-video-preview":"max-video-preview:-1"},"canonical":"https:\/\/now-news.de\/de\/deutschland\/pulverfass-kosovo-spannungen-wachsen-barrikaden-bleiben\/","og_locale":"de_DE","og_type":"article","og_title":"Pulverfass Kosovo? Spannungen wachsen, Barrikaden bleiben","og_description":"Nachdem Belgrad einen Antrag gestellt hatte, serbischen Milit\u00e4r- und Sicherheitskr\u00e4ften die R\u00fcckkehr in den Kosovo in einer Zahl von bis zu 1.000 Mitgliedern zu erm\u00f6glichen, &#8220;analysiert&#8221; die internationale Sicherheitstruppe KFOR den Antrag immer noch. Von Marinko U\u010dur Die internationale Sicherheitstruppe KFOR, die \u00fcberwiegend aus Einheiten der NATO-Mitgliedsstaaten zusammengesetzt ist, &#8220;analysiert&#8221; weiterhin den Antrag Belgrads, serbischen [&hellip;]","og_url":"https:\/\/now-news.de\/de\/deutschland\/pulverfass-kosovo-spannungen-wachsen-barrikaden-bleiben\/","og_site_name":"just-now.NEWS Deutschland","article_publisher":"https:\/\/www.facebook.com\/wirmachenauf","article_published_time":"2022-12-29T05:30:07+00:00","og_image":[{"width":460,"height":259,"url":"https:\/\/now-news.de\/de\/wp-content\/uploads\/sites\/3\/2022\/12\/Pulverfass-Kosovo-Spannungen-wachsen-Barrikaden-bleiben.jpg","type":"image\/jpeg"}],"author":"rtnews","twitter_card":"summary_large_image","twitter_creator":"@WirMachenAuf_de","twitter_site":"@WirMachenAuf_de","twitter_misc":{"Verfasst von":"rtnews","Gesch\u00e4tzte Lesezeit":"4\u00a0Minuten"},"schema":{"@context":"https:\/\/schema.org","@graph":[{"@type":"Article","@id":"https:\/\/now-news.de\/de\/deutschland\/pulverfass-kosovo-spannungen-wachsen-barrikaden-bleiben\/#article","isPartOf":{"@id":"https:\/\/now-news.de\/de\/deutschland\/pulverfass-kosovo-spannungen-wachsen-barrikaden-bleiben\/"},"author":{"name":"rtnews","@id":"https:\/\/now-news.de\/de\/#\/schema\/person\/fb534a4e865501d8b3285208df34a9b5"},"headline":"Pulverfass Kosovo? Spannungen wachsen, Barrikaden bleiben","datePublished":"2022-12-29T05:30:07+00:00","dateModified":"2022-12-29T05:30:07+00:00","mainEntityOfPage":{"@id":"https:\/\/now-news.de\/de\/deutschland\/pulverfass-kosovo-spannungen-wachsen-barrikaden-bleiben\/"},"wordCount":890,"commentCount":0,"publisher":{"@id":"https:\/\/now-news.de\/de\/#organization"},"image":{"@id":"https:\/\/now-news.de\/de\/deutschland\/pulverfass-kosovo-spannungen-wachsen-barrikaden-bleiben\/#primaryimage"},"thumbnailUrl":"https:\/\/now-news.de\/de\/wp-content\/uploads\/sites\/3\/2022\/12\/Pulverfass-Kosovo-Spannungen-wachsen-Barrikaden-bleiben.jpg","keywords":["Barrikaden","Bleiben","Kosovo","Pulverfass","Spannungen","wachsen"],"articleSection":["Deutschland","Russland"],"inLanguage":"de","potentialAction":[{"@type":"CommentAction","name":"Comment","target":["https:\/\/now-news.de\/de\/deutschland\/pulverfass-kosovo-spannungen-wachsen-barrikaden-bleiben\/#respond"]}]},{"@type":"WebPage","@id":"https:\/\/now-news.de\/de\/deutschland\/pulverfass-kosovo-spannungen-wachsen-barrikaden-bleiben\/","url":"https:\/\/now-news.de\/de\/deutschland\/pulverfass-kosovo-spannungen-wachsen-barrikaden-bleiben\/","name":"Pulverfass Kosovo? Spannungen wachsen, Barrikaden bleiben - just-now.NEWS Deutschland","isPartOf":{"@id":"https:\/\/now-news.de\/de\/#website"},"primaryImageOfPage":{"@id":"https:\/\/now-news.de\/de\/deutschland\/pulverfass-kosovo-spannungen-wachsen-barrikaden-bleiben\/#primaryimage"},"image":{"@id":"https:\/\/now-news.de\/de\/deutschland\/pulverfass-kosovo-spannungen-wachsen-barrikaden-bleiben\/#primaryimage"},"thumbnailUrl":"https:\/\/now-news.de\/de\/wp-content\/uploads\/sites\/3\/2022\/12\/Pulverfass-Kosovo-Spannungen-wachsen-Barrikaden-bleiben.jpg","datePublished":"2022-12-29T05:30:07+00:00","dateModified":"2022-12-29T05:30:07+00:00","breadcrumb":{"@id":"https:\/\/now-news.de\/de\/deutschland\/pulverfass-kosovo-spannungen-wachsen-barrikaden-bleiben\/#breadcrumb"},"inLanguage":"de","potentialAction":[{"@type":"ReadAction","target":["https:\/\/now-news.de\/de\/deutschland\/pulverfass-kosovo-spannungen-wachsen-barrikaden-bleiben\/"]}]},{"@type":"ImageObject","inLanguage":"de","@id":"https:\/\/now-news.de\/de\/deutschland\/pulverfass-kosovo-spannungen-wachsen-barrikaden-bleiben\/#primaryimage","url":"https:\/\/now-news.de\/de\/wp-content\/uploads\/sites\/3\/2022\/12\/Pulverfass-Kosovo-Spannungen-wachsen-Barrikaden-bleiben.jpg","contentUrl":"https:\/\/now-news.de\/de\/wp-content\/uploads\/sites\/3\/2022\/12\/Pulverfass-Kosovo-Spannungen-wachsen-Barrikaden-bleiben.jpg","width":460,"height":259,"caption":"Pulverfass Kosovo? Spannungen wachsen, Barrikaden bleiben"},{"@type":"BreadcrumbList","@id":"https:\/\/now-news.de\/de\/deutschland\/pulverfass-kosovo-spannungen-wachsen-barrikaden-bleiben\/#breadcrumb","itemListElement":[{"@type":"ListItem","position":1,"name":"Home","item":"https:\/\/now-news.de\/de\/"},{"@type":"ListItem","position":2,"name":"Pulverfass Kosovo? Spannungen wachsen, Barrikaden bleiben"}]},{"@type":"WebSite","@id":"https:\/\/now-news.de\/de\/#website","url":"https:\/\/now-news.de\/de\/","name":"just-now.NEWS Deutschland","description":"Das Portal f\u00fcr unzensierte Nachrichten aus der Welt","publisher":{"@id":"https:\/\/now-news.de\/de\/#organization"},"potentialAction":[{"@type":"SearchAction","target":{"@type":"EntryPoint","urlTemplate":"https:\/\/now-news.de\/de\/?s={search_term_string}"},"query-input":"required name=search_term_string"}],"inLanguage":"de"},{"@type":"Organization","@id":"https:\/\/now-news.de\/de\/#organization","name":"Just Now News","url":"https:\/\/now-news.de\/de\/","logo":{"@type":"ImageObject","inLanguage":"de","@id":"https:\/\/now-news.de\/de\/#\/schema\/logo\/image\/","url":"http:\/\/just-now.news\/de\/wp-content\/uploads\/sites\/3\/2022\/04\/logo500x500.jpg","contentUrl":"http:\/\/just-now.news\/de\/wp-content\/uploads\/sites\/3\/2022\/04\/logo500x500.jpg","width":500,"height":500,"caption":"Just Now News"},"image":{"@id":"https:\/\/now-news.de\/de\/#\/schema\/logo\/image\/"},"sameAs":["https:\/\/www.facebook.com\/wirmachenauf","https:\/\/x.com\/WirMachenAuf_de"]},{"@type":"Person","@id":"https:\/\/now-news.de\/de\/#\/schema\/person\/fb534a4e865501d8b3285208df34a9b5","name":"rtnews","image":{"@type":"ImageObject","inLanguage":"de","@id":"https:\/\/now-news.de\/de\/#\/schema\/person\/image\/","url":"https:\/\/secure.gravatar.com\/avatar\/82aafea7d8127119dd649515f56e2117?s=96&d=mm&r=g","contentUrl":"https:\/\/secure.gravatar.com\/avatar\/82aafea7d8127119dd649515f56e2117?s=96&d=mm&r=g","caption":"rtnews"},"url":"https:\/\/now-news.de\/de\/author\/rnews\/"}]}},"_links":{"self":[{"href":"https:\/\/now-news.de\/de\/wp-json\/wp\/v2\/posts\/26508"}],"collection":[{"href":"https:\/\/now-news.de\/de\/wp-json\/wp\/v2\/posts"}],"about":[{"href":"https:\/\/now-news.de\/de\/wp-json\/wp\/v2\/types\/post"}],"author":[{"embeddable":true,"href":"https:\/\/now-news.de\/de\/wp-json\/wp\/v2\/users\/3"}],"replies":[{"embeddable":true,"href":"https:\/\/now-news.de\/de\/wp-json\/wp\/v2\/comments?post=26508"}],"version-history":[{"count":0,"href":"https:\/\/now-news.de\/de\/wp-json\/wp\/v2\/posts\/26508\/revisions"}],"wp:featuredmedia":[{"embeddable":true,"href":"https:\/\/now-news.de\/de\/wp-json\/wp\/v2\/media\/26509"}],"wp:attachment":[{"href":"https:\/\/now-news.de\/de\/wp-json\/wp\/v2\/media?parent=26508"}],"wp:term":[{"taxonomy":"category","embeddable":true,"href":"https:\/\/now-news.de\/de\/wp-json\/wp\/v2\/categories?post=26508"},{"taxonomy":"post_tag","embeddable":true,"href":"https:\/\/now-news.de\/de\/wp-json\/wp\/v2\/tags?post=26508"}],"curies":[{"name":"wp","href":"https:\/\/api.w.org\/{rel}","templated":true}]}}