{"id":26504,"date":"2022-12-29T02:56:42","date_gmt":"2022-12-29T00:56:42","guid":{"rendered":"https:\/\/just-now.news\/de\/china\/stellt-der-neue-covid-anstieg-oder-die-covid-propaganda-ein-groesseres-risiko-dar\/"},"modified":"2022-12-29T02:56:42","modified_gmt":"2022-12-29T00:56:42","slug":"stellt-der-neue-covid-anstieg-oder-die-covid-propaganda-ein-groesseres-risiko-dar","status":"publish","type":"post","link":"https:\/\/now-news.de\/de\/china\/stellt-der-neue-covid-anstieg-oder-die-covid-propaganda-ein-groesseres-risiko-dar\/","title":{"rendered":"Stellt der neue COVID-Anstieg oder die COVID-Propaganda ein gr\u00f6\u00dferes Risiko dar?"},"content":{"rendered":"<p><\/p>\n<div data-channelid=\"155501\">\n<p>Drei Jahre lang pr\u00e4gte die Pandemiepropaganda der KPCh die Reaktionen des Westens auf COVID.  Jetzt, nachdem Peking seine Null-Covid-Politik beendet hat, kommen Berichte \u00fcber massive Infektionen und Todesf\u00e4lle.  Was passiert wirklich in China und wird die t\u00f6dliche Desinformation der Partei die westlichen Demokratien erneut zu totalit\u00e4ren Ma\u00dfnahmen treiben?<\/p>\n<p>In dieser knallharten neuen Folge von Over the Target untersuchen Brendon Fallon und Lee Smith die Beweggr\u00fcnde der KPCh, um herauszufinden, was hinter den Nachrichten steckt.<\/p>\n<\/p><\/div>\n<p><br \/>\n<b> Text ist eine \u00dcbersetzung vom Epoch Times Artikel:<\/p>\n<p><a href=\"https:\/\/www.theepochtimes.com\/does-new-covid-surge-or-covid-propaganda-pose-greater-risk_4948283.html\">Source link <\/a><\/p>\n","protected":false},"excerpt":{"rendered":"<p>Drei Jahre lang pr\u00e4gte die Pandemiepropaganda der KPCh die Reaktionen des Westens auf COVID. Jetzt, nachdem Peking seine Null-Covid-Politik beendet hat, kommen Berichte \u00fcber massive Infektionen und Todesf\u00e4lle. Was passiert wirklich in China und wird die t\u00f6dliche Desinformation der Partei die westlichen Demokratien erneut zu totalit\u00e4ren Ma\u00dfnahmen treiben? In dieser knallharten neuen Folge von Over [&hellip;]<\/p>\n","protected":false},"author":6,"featured_media":26505,"comment_status":"open","ping_status":"open","sticky":false,"template":"","format":"standard","meta":{"_yoast_indexnow_last_ping":["1672276750"],"wp_automatic_camp":["1164"],"7b397ee92b9a6427f13a96088aeb7689":["Stellt der neue COVID-Anstieg oder die COVID-Propaganda ein gr\u00f6\u00dferes Risiko dar?\n"],"original_link":["https:\/\/www.theepochtimes.com\/does-new-covid-surge-or-covid-propaganda-pose-greater-risk_4948283.html"],"_thumbnail_id":["26505"],"wp_automatic_remove_first_image":["yes"],"_wptgpro_p2tg_sent2tg":["a:0:{}"],"jnews_social_counter_last_update":["1777483902"]},"categories":[21],"tags":[37892,38215,21202,82,45,357,38216,1227,268,18665,15979],"yoast_head":"<!-- This site is optimized with the Yoast SEO Premium plugin v22.7 (Yoast SEO v22.7) - https:\/\/yoast.com\/wordpress\/plugins\/seo\/ -->\n<title>Stellt der neue COVID-Anstieg oder die COVID-Propaganda ein gr\u00f6\u00dferes Risiko dar? - just-now.NEWS Deutschland<\/title>\n<meta name=\"robots\" content=\"index, follow, max-snippet:-1, max-image-preview:large, max-video-preview:-1\" \/>\n<link rel=\"canonical\" href=\"https:\/\/now-news.de\/de\/china\/stellt-der-neue-covid-anstieg-oder-die-covid-propaganda-ein-groesseres-risiko-dar\/\" \/>\n<meta property=\"og:locale\" content=\"de_DE\" \/>\n<meta property=\"og:type\" content=\"article\" \/>\n<meta property=\"og:title\" content=\"Stellt der neue COVID-Anstieg oder die COVID-Propaganda ein gr\u00f6\u00dferes Risiko dar?\" \/>\n<meta property=\"og:description\" content=\"Drei Jahre lang pr\u00e4gte die Pandemiepropaganda der KPCh die Reaktionen des Westens auf COVID. Jetzt, nachdem Peking seine Null-Covid-Politik beendet hat, kommen Berichte \u00fcber massive Infektionen und Todesf\u00e4lle. Was passiert wirklich in China und wird die t\u00f6dliche Desinformation der Partei die westlichen Demokratien erneut zu totalit\u00e4ren Ma\u00dfnahmen treiben? In dieser knallharten neuen Folge von Over [&hellip;]\" \/>\n<meta property=\"og:url\" content=\"https:\/\/now-news.de\/de\/china\/stellt-der-neue-covid-anstieg-oder-die-covid-propaganda-ein-groesseres-risiko-dar\/\" \/>\n<meta property=\"og:site_name\" content=\"just-now.NEWS Deutschland\" \/>\n<meta property=\"article:publisher\" content=\"https:\/\/www.facebook.com\/wirmachenauf\" \/>\n<meta property=\"article:published_time\" content=\"2022-12-29T00:56:42+00:00\" \/>\n<meta property=\"og:image\" content=\"https:\/\/now-news.de\/de\/wp-content\/uploads\/sites\/3\/2022\/12\/1672276751_Stellt-der-neue-COVID-Anstieg-oder-die-COVID-Propaganda-ein-groesseres-Risiko.jpg\" \/>\n\t<meta property=\"og:image:width\" content=\"1200\" \/>\n\t<meta property=\"og:image:height\" content=\"675\" \/>\n\t<meta property=\"og:image:type\" content=\"image\/jpeg\" \/>\n<meta name=\"author\" content=\"epoch\" \/>\n<meta name=\"twitter:card\" content=\"summary_large_image\" \/>\n<meta name=\"twitter:creator\" content=\"@WirMachenAuf_de\" \/>\n<meta name=\"twitter:site\" content=\"@WirMachenAuf_de\" \/>\n<meta name=\"twitter:label1\" content=\"Verfasst von\" \/>\n\t<meta name=\"twitter:data1\" content=\"epoch\" \/>\n<script type=\"application\/ld+json\" class=\"yoast-schema-graph\">{\"@context\":\"https:\/\/schema.org\",\"@graph\":[{\"@type\":\"Article\",\"@id\":\"https:\/\/now-news.de\/de\/china\/stellt-der-neue-covid-anstieg-oder-die-covid-propaganda-ein-groesseres-risiko-dar\/#article\",\"isPartOf\":{\"@id\":\"https:\/\/now-news.de\/de\/china\/stellt-der-neue-covid-anstieg-oder-die-covid-propaganda-ein-groesseres-risiko-dar\/\"},\"author\":{\"name\":\"epoch\",\"@id\":\"https:\/\/now-news.de\/de\/#\/schema\/person\/c6dfcd35a72a074487761b9d49aef52f\"},\"headline\":\"Stellt der neue COVID-Anstieg oder die COVID-Propaganda ein gr\u00f6\u00dferes Risiko dar?\",\"datePublished\":\"2022-12-29T00:56:42+00:00\",\"dateModified\":\"2022-12-29T00:56:42+00:00\",\"mainEntityOfPage\":{\"@id\":\"https:\/\/now-news.de\/de\/china\/stellt-der-neue-covid-anstieg-oder-die-covid-propaganda-ein-groesseres-risiko-dar\/\"},\"wordCount\":103,\"commentCount\":0,\"publisher\":{\"@id\":\"https:\/\/now-news.de\/de\/#organization\"},\"image\":{\"@id\":\"https:\/\/now-news.de\/de\/china\/stellt-der-neue-covid-anstieg-oder-die-covid-propaganda-ein-groesseres-risiko-dar\/#primaryimage\"},\"thumbnailUrl\":\"https:\/\/now-news.de\/de\/wp-content\/uploads\/sites\/3\/2022\/12\/1672276751_Stellt-der-neue-COVID-Anstieg-oder-die-COVID-Propaganda-ein-groesseres-Risiko.jpg\",\"keywords\":[\"COVIDAnstieg\",\"COVIDPropaganda\",\"dar\",\"der\",\"die\",\"ein\",\"gr\u00f6\u00dferes\",\"NEUE\",\"oder\",\"Risiko\",\"stellt\"],\"articleSection\":[\"China\"],\"inLanguage\":\"de\",\"potentialAction\":[{\"@type\":\"CommentAction\",\"name\":\"Comment\",\"target\":[\"https:\/\/now-news.de\/de\/china\/stellt-der-neue-covid-anstieg-oder-die-covid-propaganda-ein-groesseres-risiko-dar\/#respond\"]}]},{\"@type\":\"WebPage\",\"@id\":\"https:\/\/now-news.de\/de\/china\/stellt-der-neue-covid-anstieg-oder-die-covid-propaganda-ein-groesseres-risiko-dar\/\",\"url\":\"https:\/\/now-news.de\/de\/china\/stellt-der-neue-covid-anstieg-oder-die-covid-propaganda-ein-groesseres-risiko-dar\/\",\"name\":\"Stellt der neue COVID-Anstieg oder die COVID-Propaganda ein gr\u00f6\u00dferes Risiko dar? - just-now.NEWS Deutschland\",\"isPartOf\":{\"@id\":\"https:\/\/now-news.de\/de\/#website\"},\"primaryImageOfPage\":{\"@id\":\"https:\/\/now-news.de\/de\/china\/stellt-der-neue-covid-anstieg-oder-die-covid-propaganda-ein-groesseres-risiko-dar\/#primaryimage\"},\"image\":{\"@id\":\"https:\/\/now-news.de\/de\/china\/stellt-der-neue-covid-anstieg-oder-die-covid-propaganda-ein-groesseres-risiko-dar\/#primaryimage\"},\"thumbnailUrl\":\"https:\/\/now-news.de\/de\/wp-content\/uploads\/sites\/3\/2022\/12\/1672276751_Stellt-der-neue-COVID-Anstieg-oder-die-COVID-Propaganda-ein-groesseres-Risiko.jpg\",\"datePublished\":\"2022-12-29T00:56:42+00:00\",\"dateModified\":\"2022-12-29T00:56:42+00:00\",\"breadcrumb\":{\"@id\":\"https:\/\/now-news.de\/de\/china\/stellt-der-neue-covid-anstieg-oder-die-covid-propaganda-ein-groesseres-risiko-dar\/#breadcrumb\"},\"inLanguage\":\"de\",\"potentialAction\":[{\"@type\":\"ReadAction\",\"target\":[\"https:\/\/now-news.de\/de\/china\/stellt-der-neue-covid-anstieg-oder-die-covid-propaganda-ein-groesseres-risiko-dar\/\"]}]},{\"@type\":\"ImageObject\",\"inLanguage\":\"de\",\"@id\":\"https:\/\/now-news.de\/de\/china\/stellt-der-neue-covid-anstieg-oder-die-covid-propaganda-ein-groesseres-risiko-dar\/#primaryimage\",\"url\":\"https:\/\/now-news.de\/de\/wp-content\/uploads\/sites\/3\/2022\/12\/1672276751_Stellt-der-neue-COVID-Anstieg-oder-die-COVID-Propaganda-ein-groesseres-Risiko.jpg\",\"contentUrl\":\"https:\/\/now-news.de\/de\/wp-content\/uploads\/sites\/3\/2022\/12\/1672276751_Stellt-der-neue-COVID-Anstieg-oder-die-COVID-Propaganda-ein-groesseres-Risiko.jpg\",\"width\":1200,\"height\":675},{\"@type\":\"BreadcrumbList\",\"@id\":\"https:\/\/now-news.de\/de\/china\/stellt-der-neue-covid-anstieg-oder-die-covid-propaganda-ein-groesseres-risiko-dar\/#breadcrumb\",\"itemListElement\":[{\"@type\":\"ListItem\",\"position\":1,\"name\":\"Home\",\"item\":\"https:\/\/now-news.de\/de\/\"},{\"@type\":\"ListItem\",\"position\":2,\"name\":\"Stellt der neue COVID-Anstieg oder die COVID-Propaganda ein gr\u00f6\u00dferes Risiko dar?\"}]},{\"@type\":\"WebSite\",\"@id\":\"https:\/\/now-news.de\/de\/#website\",\"url\":\"https:\/\/now-news.de\/de\/\",\"name\":\"just-now.NEWS Deutschland\",\"description\":\"Das Portal f\u00fcr unzensierte Nachrichten aus der Welt\",\"publisher\":{\"@id\":\"https:\/\/now-news.de\/de\/#organization\"},\"potentialAction\":[{\"@type\":\"SearchAction\",\"target\":{\"@type\":\"EntryPoint\",\"urlTemplate\":\"https:\/\/now-news.de\/de\/?s={search_term_string}\"},\"query-input\":\"required name=search_term_string\"}],\"inLanguage\":\"de\"},{\"@type\":\"Organization\",\"@id\":\"https:\/\/now-news.de\/de\/#organization\",\"name\":\"Just Now News\",\"url\":\"https:\/\/now-news.de\/de\/\",\"logo\":{\"@type\":\"ImageObject\",\"inLanguage\":\"de\",\"@id\":\"https:\/\/now-news.de\/de\/#\/schema\/logo\/image\/\",\"url\":\"http:\/\/just-now.news\/de\/wp-content\/uploads\/sites\/3\/2022\/04\/logo500x500.jpg\",\"contentUrl\":\"http:\/\/just-now.news\/de\/wp-content\/uploads\/sites\/3\/2022\/04\/logo500x500.jpg\",\"width\":500,\"height\":500,\"caption\":\"Just Now News\"},\"image\":{\"@id\":\"https:\/\/now-news.de\/de\/#\/schema\/logo\/image\/\"},\"sameAs\":[\"https:\/\/www.facebook.com\/wirmachenauf\",\"https:\/\/x.com\/WirMachenAuf_de\"]},{\"@type\":\"Person\",\"@id\":\"https:\/\/now-news.de\/de\/#\/schema\/person\/c6dfcd35a72a074487761b9d49aef52f\",\"name\":\"epoch\",\"image\":{\"@type\":\"ImageObject\",\"inLanguage\":\"de\",\"@id\":\"https:\/\/now-news.de\/de\/#\/schema\/person\/image\/\",\"url\":\"https:\/\/secure.gravatar.com\/avatar\/56933836307948e61ef581cc4d100335?s=96&d=mm&r=g\",\"contentUrl\":\"https:\/\/secure.gravatar.com\/avatar\/56933836307948e61ef581cc4d100335?s=96&d=mm&r=g\",\"caption\":\"epoch\"},\"url\":\"https:\/\/now-news.de\/de\/author\/epoch\/\"}]}<\/script>\n<!-- \/ Yoast SEO Premium plugin. -->","yoast_head_json":{"title":"Stellt der neue COVID-Anstieg oder die COVID-Propaganda ein gr\u00f6\u00dferes Risiko dar? - just-now.NEWS Deutschland","robots":{"index":"index","follow":"follow","max-snippet":"max-snippet:-1","max-image-preview":"max-image-preview:large","max-video-preview":"max-video-preview:-1"},"canonical":"https:\/\/now-news.de\/de\/china\/stellt-der-neue-covid-anstieg-oder-die-covid-propaganda-ein-groesseres-risiko-dar\/","og_locale":"de_DE","og_type":"article","og_title":"Stellt der neue COVID-Anstieg oder die COVID-Propaganda ein gr\u00f6\u00dferes Risiko dar?","og_description":"Drei Jahre lang pr\u00e4gte die Pandemiepropaganda der KPCh die Reaktionen des Westens auf COVID. Jetzt, nachdem Peking seine Null-Covid-Politik beendet hat, kommen Berichte \u00fcber massive Infektionen und Todesf\u00e4lle. Was passiert wirklich in China und wird die t\u00f6dliche Desinformation der Partei die westlichen Demokratien erneut zu totalit\u00e4ren Ma\u00dfnahmen treiben? In dieser knallharten neuen Folge von Over [&hellip;]","og_url":"https:\/\/now-news.de\/de\/china\/stellt-der-neue-covid-anstieg-oder-die-covid-propaganda-ein-groesseres-risiko-dar\/","og_site_name":"just-now.NEWS Deutschland","article_publisher":"https:\/\/www.facebook.com\/wirmachenauf","article_published_time":"2022-12-29T00:56:42+00:00","og_image":[{"width":1200,"height":675,"url":"https:\/\/now-news.de\/de\/wp-content\/uploads\/sites\/3\/2022\/12\/1672276751_Stellt-der-neue-COVID-Anstieg-oder-die-COVID-Propaganda-ein-groesseres-Risiko.jpg","type":"image\/jpeg"}],"author":"epoch","twitter_card":"summary_large_image","twitter_creator":"@WirMachenAuf_de","twitter_site":"@WirMachenAuf_de","twitter_misc":{"Verfasst von":"epoch"},"schema":{"@context":"https:\/\/schema.org","@graph":[{"@type":"Article","@id":"https:\/\/now-news.de\/de\/china\/stellt-der-neue-covid-anstieg-oder-die-covid-propaganda-ein-groesseres-risiko-dar\/#article","isPartOf":{"@id":"https:\/\/now-news.de\/de\/china\/stellt-der-neue-covid-anstieg-oder-die-covid-propaganda-ein-groesseres-risiko-dar\/"},"author":{"name":"epoch","@id":"https:\/\/now-news.de\/de\/#\/schema\/person\/c6dfcd35a72a074487761b9d49aef52f"},"headline":"Stellt der neue COVID-Anstieg oder die COVID-Propaganda ein gr\u00f6\u00dferes Risiko dar?","datePublished":"2022-12-29T00:56:42+00:00","dateModified":"2022-12-29T00:56:42+00:00","mainEntityOfPage":{"@id":"https:\/\/now-news.de\/de\/china\/stellt-der-neue-covid-anstieg-oder-die-covid-propaganda-ein-groesseres-risiko-dar\/"},"wordCount":103,"commentCount":0,"publisher":{"@id":"https:\/\/now-news.de\/de\/#organization"},"image":{"@id":"https:\/\/now-news.de\/de\/china\/stellt-der-neue-covid-anstieg-oder-die-covid-propaganda-ein-groesseres-risiko-dar\/#primaryimage"},"thumbnailUrl":"https:\/\/now-news.de\/de\/wp-content\/uploads\/sites\/3\/2022\/12\/1672276751_Stellt-der-neue-COVID-Anstieg-oder-die-COVID-Propaganda-ein-groesseres-Risiko.jpg","keywords":["COVIDAnstieg","COVIDPropaganda","dar","der","die","ein","gr\u00f6\u00dferes","NEUE","oder","Risiko","stellt"],"articleSection":["China"],"inLanguage":"de","potentialAction":[{"@type":"CommentAction","name":"Comment","target":["https:\/\/now-news.de\/de\/china\/stellt-der-neue-covid-anstieg-oder-die-covid-propaganda-ein-groesseres-risiko-dar\/#respond"]}]},{"@type":"WebPage","@id":"https:\/\/now-news.de\/de\/china\/stellt-der-neue-covid-anstieg-oder-die-covid-propaganda-ein-groesseres-risiko-dar\/","url":"https:\/\/now-news.de\/de\/china\/stellt-der-neue-covid-anstieg-oder-die-covid-propaganda-ein-groesseres-risiko-dar\/","name":"Stellt der neue COVID-Anstieg oder die COVID-Propaganda ein gr\u00f6\u00dferes Risiko dar? - just-now.NEWS Deutschland","isPartOf":{"@id":"https:\/\/now-news.de\/de\/#website"},"primaryImageOfPage":{"@id":"https:\/\/now-news.de\/de\/china\/stellt-der-neue-covid-anstieg-oder-die-covid-propaganda-ein-groesseres-risiko-dar\/#primaryimage"},"image":{"@id":"https:\/\/now-news.de\/de\/china\/stellt-der-neue-covid-anstieg-oder-die-covid-propaganda-ein-groesseres-risiko-dar\/#primaryimage"},"thumbnailUrl":"https:\/\/now-news.de\/de\/wp-content\/uploads\/sites\/3\/2022\/12\/1672276751_Stellt-der-neue-COVID-Anstieg-oder-die-COVID-Propaganda-ein-groesseres-Risiko.jpg","datePublished":"2022-12-29T00:56:42+00:00","dateModified":"2022-12-29T00:56:42+00:00","breadcrumb":{"@id":"https:\/\/now-news.de\/de\/china\/stellt-der-neue-covid-anstieg-oder-die-covid-propaganda-ein-groesseres-risiko-dar\/#breadcrumb"},"inLanguage":"de","potentialAction":[{"@type":"ReadAction","target":["https:\/\/now-news.de\/de\/china\/stellt-der-neue-covid-anstieg-oder-die-covid-propaganda-ein-groesseres-risiko-dar\/"]}]},{"@type":"ImageObject","inLanguage":"de","@id":"https:\/\/now-news.de\/de\/china\/stellt-der-neue-covid-anstieg-oder-die-covid-propaganda-ein-groesseres-risiko-dar\/#primaryimage","url":"https:\/\/now-news.de\/de\/wp-content\/uploads\/sites\/3\/2022\/12\/1672276751_Stellt-der-neue-COVID-Anstieg-oder-die-COVID-Propaganda-ein-groesseres-Risiko.jpg","contentUrl":"https:\/\/now-news.de\/de\/wp-content\/uploads\/sites\/3\/2022\/12\/1672276751_Stellt-der-neue-COVID-Anstieg-oder-die-COVID-Propaganda-ein-groesseres-Risiko.jpg","width":1200,"height":675},{"@type":"BreadcrumbList","@id":"https:\/\/now-news.de\/de\/china\/stellt-der-neue-covid-anstieg-oder-die-covid-propaganda-ein-groesseres-risiko-dar\/#breadcrumb","itemListElement":[{"@type":"ListItem","position":1,"name":"Home","item":"https:\/\/now-news.de\/de\/"},{"@type":"ListItem","position":2,"name":"Stellt der neue COVID-Anstieg oder die COVID-Propaganda ein gr\u00f6\u00dferes Risiko dar?"}]},{"@type":"WebSite","@id":"https:\/\/now-news.de\/de\/#website","url":"https:\/\/now-news.de\/de\/","name":"just-now.NEWS Deutschland","description":"Das Portal f\u00fcr unzensierte Nachrichten aus der Welt","publisher":{"@id":"https:\/\/now-news.de\/de\/#organization"},"potentialAction":[{"@type":"SearchAction","target":{"@type":"EntryPoint","urlTemplate":"https:\/\/now-news.de\/de\/?s={search_term_string}"},"query-input":"required name=search_term_string"}],"inLanguage":"de"},{"@type":"Organization","@id":"https:\/\/now-news.de\/de\/#organization","name":"Just Now News","url":"https:\/\/now-news.de\/de\/","logo":{"@type":"ImageObject","inLanguage":"de","@id":"https:\/\/now-news.de\/de\/#\/schema\/logo\/image\/","url":"http:\/\/just-now.news\/de\/wp-content\/uploads\/sites\/3\/2022\/04\/logo500x500.jpg","contentUrl":"http:\/\/just-now.news\/de\/wp-content\/uploads\/sites\/3\/2022\/04\/logo500x500.jpg","width":500,"height":500,"caption":"Just Now News"},"image":{"@id":"https:\/\/now-news.de\/de\/#\/schema\/logo\/image\/"},"sameAs":["https:\/\/www.facebook.com\/wirmachenauf","https:\/\/x.com\/WirMachenAuf_de"]},{"@type":"Person","@id":"https:\/\/now-news.de\/de\/#\/schema\/person\/c6dfcd35a72a074487761b9d49aef52f","name":"epoch","image":{"@type":"ImageObject","inLanguage":"de","@id":"https:\/\/now-news.de\/de\/#\/schema\/person\/image\/","url":"https:\/\/secure.gravatar.com\/avatar\/56933836307948e61ef581cc4d100335?s=96&d=mm&r=g","contentUrl":"https:\/\/secure.gravatar.com\/avatar\/56933836307948e61ef581cc4d100335?s=96&d=mm&r=g","caption":"epoch"},"url":"https:\/\/now-news.de\/de\/author\/epoch\/"}]}},"_links":{"self":[{"href":"https:\/\/now-news.de\/de\/wp-json\/wp\/v2\/posts\/26504"}],"collection":[{"href":"https:\/\/now-news.de\/de\/wp-json\/wp\/v2\/posts"}],"about":[{"href":"https:\/\/now-news.de\/de\/wp-json\/wp\/v2\/types\/post"}],"author":[{"embeddable":true,"href":"https:\/\/now-news.de\/de\/wp-json\/wp\/v2\/users\/6"}],"replies":[{"embeddable":true,"href":"https:\/\/now-news.de\/de\/wp-json\/wp\/v2\/comments?post=26504"}],"version-history":[{"count":0,"href":"https:\/\/now-news.de\/de\/wp-json\/wp\/v2\/posts\/26504\/revisions"}],"wp:featuredmedia":[{"embeddable":true,"href":"https:\/\/now-news.de\/de\/wp-json\/wp\/v2\/media\/26505"}],"wp:attachment":[{"href":"https:\/\/now-news.de\/de\/wp-json\/wp\/v2\/media?parent=26504"}],"wp:term":[{"taxonomy":"category","embeddable":true,"href":"https:\/\/now-news.de\/de\/wp-json\/wp\/v2\/categories?post=26504"},{"taxonomy":"post_tag","embeddable":true,"href":"https:\/\/now-news.de\/de\/wp-json\/wp\/v2\/tags?post=26504"}],"curies":[{"name":"wp","href":"https:\/\/api.w.org\/{rel}","templated":true}]}}