{"id":26482,"date":"2022-12-28T20:00:00","date_gmt":"2022-12-28T18:00:00","guid":{"rendered":"https:\/\/just-now.news\/de\/deutschland\/krisen-und-insolvenzticker-habeck-schwoert-buerger-auf-hoehere-gaspreise-2023-ein\/"},"modified":"2022-12-28T20:00:00","modified_gmt":"2022-12-28T18:00:00","slug":"krisen-und-insolvenzticker-habeck-schwoert-buerger-auf-hoehere-gaspreise-2023-ein","status":"publish","type":"post","link":"https:\/\/now-news.de\/de\/deutschland\/krisen-und-insolvenzticker-habeck-schwoert-buerger-auf-hoehere-gaspreise-2023-ein\/","title":{"rendered":"Krisen- und Insolvenzticker: Habeck schw\u00f6rt B\u00fcrger auf h\u00f6here Gaspreise 2023 ein"},"content":{"rendered":"<div class=\"Text-root Text-type_1 \">\n                Die deutsche Wirtschaft rutscht immer tiefer in die Krise. Unter dem Druck dramatisch steigender Energiekosten und anderer ung\u00fcnstiger Rahmenbedingungen sind allein in diesem Jahr tausende Unternehmen insolvent gegangen. Wir fassen in diesem Ticker die wichtigsten Entwicklungen und Neuigkeiten zusammen.\n            <\/div>\n<p><\/p>\n<div class=\"ArticleView-liveUpdates\">\n<div class=\"LiveUpdates-root\">\n<div class=\"LiveUpdates-content\">\n<ul class=\"LiveUpdates-list Listing-root\" data-listing=\"LiveUpdates\" data-count=\"10\">\n<li class=\"LiveUpdates-item Listing-item\">\n<div class=\"LiveUpdates-date\">\n<p class=\"HeaderNews-root HeaderNews-type_2 \">\n                28.12.2022 19:36 Uhr\n            <\/p>\n<\/div>\n<div class=\"LiveUpdate-root\">\n<div class=\"LiveUpdate-date\">\n<p class=\"HeaderNews-root HeaderNews-type_6 \">\n                19:36 Uhr\n            <\/p>\n<\/div>\n<div class=\"LiveUpdate-content\">\n<div class=\"LiveUpdate-text\">\n<div class=\"Text-root Text-type_5 ViewText-root\">\n<p><strong>Habeck schw\u00f6rt B\u00fcrger auf h\u00f6here Gaspreise 2023 ein<\/strong><\/p>\n<figure class=\"RTImage-root\">\n<div class=\"RTImage-image RTImage-original\"><picture class=\"Picture-root Picture-original\"><!--[if IE 9]><video style=\"display: none;\"><![endif]--><source media=\"(-webkit-min-device-pixel-ratio: 2) and (min-resolution: 120dpi)\" data-srcset=\" \nhttp:\/\/just-now.news\/de\/wp-content\/uploads\/sites\/3\/2022\/12\/63ac77c648fbef73891ff4c4.jpg 850w,\n                http:\/\/just-now.news\/de\/wp-content\/uploads\/sites\/3\/2022\/12\/63ac77c648fbef73891ff4c4.jpg 1960w,\n            \" ><source data-srcset=\" \nhttp:\/\/just-now.news\/de\/wp-content\/uploads\/sites\/3\/2022\/12\/63ac77c648fbef73891ff4c4.jpg 460w,\n              http:\/\/just-now.news\/de\/wp-content\/uploads\/sites\/3\/2022\/12\/63ac77c648fbef73891ff4c4.jpg 980w,\n            \" ><!--[if IE 9]><\/video><![endif]--><img decoding=\"async\" data- src=\"data:image\/png;base64,iVBORw0KGgoAAAANSUhEUgAAABAAAAAJCAQAAACRI2S5AAAAEElEQVR42mNkIAAYRxWAAQAG9gAKqv6+AwAAAABJRU5ErkJggg==\" class=\"Picture-root Picture-original lazyload\" data-src=\"http:\/\/just-now.news\/de\/wp-content\/uploads\/sites\/3\/2022\/12\/63ac77c648fbef73891ff4c4.jpg\" alt=\"\"><\/source><\/source><\/picture><!-- noscript pattern --><noscript><img decoding=\"async\" src=\"http:\/\/just-now.news\/de\/wp-content\/uploads\/sites\/3\/2022\/12\/63ac77c648fbef73891ff4c4.jpg\" alt=\"\"><\/noscript><\/div><figcaption class=\"RTImage-footer\"><span class=\"RTImage-caption\"><span class=\"RTImage-captionItem\">23. Dezember 2022, Schleswig-Holstein, Flensburg: Bundeswirtschaftsminister Robert Habeck (Gr\u00fcne) spricht auf der Werft der FSG-Nobiskrug Holding zu Journalisten.<\/span><\/span><span class=\"RTImage-source\"><span class=\"RTImage-captionItem\">Markus Scholz<\/span><span class=\"RTImage-captionItem\"> \/ www.globallookpress.com<\/span><\/span><\/figcaption><\/figure>\n<p>Die Deutschen m\u00fcssen aus Sicht von Wirtschaftsminister Robert Habeck noch ein Jahr lang mit hohen Gaspreisen rechnen. Gegen\u00fcber der <em>dpa<\/em> sagte er:<\/p>\n<p><em>&#8220;Wann sinken die Preise? Ich hoffe, dass es gegen Ende 2023 schon besser ist, wenn auch nicht auf dem Niveau von 2021.&#8221;<\/em><\/p>\n<p>Der Gr\u00fcnen-Politiker betonte weiterhin: &#8220;Das Jahr \u00fcber werden wir h\u00f6here Preise noch aushalten m\u00fcssen.&#8221; Danach werde die Infrastruktur voraussichtlich so weit ausgebaut sein, dass gen\u00fcgend Ersatz f\u00fcr das wegen der Zerst\u00f6rung der Nord-Stream-Pipeline ausbleibende russische Gas nach Deutschland flie\u00dfe und sich die Preise von selbst wieder regulierten.<\/p>\n<p>Zuletzt war der Gaspreis an Europas Gro\u00dfhandelsm\u00e4rkten deutlich gesunken, wie das <em>ZDF<\/em>\u00a0<a rel=\"nofollow noopener\" target=\"_blank\" href=\"https:\/\/www.zdf.de\/nachrichten\/wirtschaft\/habeck-langfristige-gaspreise-100.html\">berichtet<\/a>. Auf die Gasrechnung der Verbraucher hatte das jedoch bisher keine unmittelbaren Auswirkungen, da sich viele Versorger mit langfristigen Vertr\u00e4gen eingedeckt haben.<\/p>\n<p>Schwimmende LNG-Terminals f\u00fcr Fl\u00fcssiggas aus den USA sollen laut Habeck rasch Abhilfe schaffen. &#8220;Wenn wir es schaffen, das in dem jetzt vorgelegten Tempo weiter auszubauen, dann schlie\u00dfen wir Deutschland wieder an den Weltmarkt an&#8221;, meinte Habeck. &#8220;Und dann werden wir auch die Weltmarktpreise bekommen, die deutlich unter dem liegen, was wir jetzt haben.&#8221; Kritiker hatten zuletzt immer wieder darauf <a rel=\"nofollow noopener\" target=\"_blank\" href=\"https:\/\/www.ardalpha.de\/wissen\/umwelt\/klima\/fluessiggas-lng-fluessigerdgas-erdgas-umwelt-bilanz-100.html\">hingewiesen<\/a>, dass Fl\u00fcssiggas deutlich umweltsch\u00e4dlicher als russisches Erdgas sei und bislang nur einen Bruchteil der ben\u00f6tigten Menge zu deutlich teureren Preisen ersetzen k\u00f6nne.\u00a0<\/p>\n<div class=\"EmbedBlock-root EmbedBlock-twitter\">\n<div class=\"TwitterEmbed\">\n<blockquote class=\"twitter-tweet lazyload\" data-twitter=\"twitter-tweet\">\n<p lang=\"de\" dir=\"ltr\"><a rel=\"nofollow noopener\" target=\"_blank\" href=\"https:\/\/twitter.com\/hashtag\/Habeck?src=hash&amp;ref_src=twsrc%5Etfw\">#Habeck<\/a> ist nichts peinlich: Er gibt offenherzig zu,dass er bei den <a rel=\"nofollow noopener\" target=\"_blank\" href=\"https:\/\/twitter.com\/hashtag\/Ampel?src=hash&amp;ref_src=twsrc%5Etfw\">#Ampel<\/a>-Entlastungen auch nicht durchsteigen w\u00fcrde. Er k\u00f6nne es nur,weil er Politiker sei (&amp; als Wirtschaftsminister die Ma\u00dfnahmen ma\u00dfgeblich mitzuverantworten hat). Herzlichen Gl\u00fcckwunsch\ud83d\ude48<a rel=\"nofollow noopener\" target=\"_blank\" href=\"https:\/\/t.co\/tsOMDWqKeo\">https:\/\/t.co\/tsOMDWqKeo<\/a><\/p>\n<p>\u2014 Sahra Wagenknecht (@SWagenknecht) <a rel=\"nofollow noopener\" target=\"_blank\" href=\"https:\/\/twitter.com\/SWagenknecht\/status\/1605563321473646592?ref_src=twsrc%5Etfw\">December 21, 2022<\/a><\/p><\/blockquote>\n<\/div>\n<\/div>\n<\/div>\n<\/div>\n<\/div>\n<\/div>\n<\/li>\n<li class=\"LiveUpdates-item Listing-item\">\n<div class=\"LiveUpdates-date\">\n<p class=\"HeaderNews-root HeaderNews-type_2 \">\n                27.12.2022 17:53 Uhr\n            <\/p>\n<\/div>\n<div class=\"LiveUpdate-root\">\n<div class=\"LiveUpdate-date\">\n<p class=\"HeaderNews-root HeaderNews-type_6 \">\n                17:53 Uhr\n            <\/p>\n<\/div>\n<div class=\"LiveUpdate-content\">\n<div class=\"LiveUpdate-text\">\n<div class=\"Text-root Text-type_5 ViewText-root\">\n<p><strong>B\u00f6rsenwerte: Nur noch ein deutscher Konzern unter Top-100 der Welt<\/strong><\/p>\n<figure class=\"RTImage-root\">\n<div class=\"RTImage-image RTImage-original\"><picture class=\"Picture-root Picture-original\"><!--[if IE 9]><video style=\"display: none;\"><![endif]--><source media=\"(-webkit-min-device-pixel-ratio: 2) and (min-resolution: 120dpi)\" data-srcset=\" \nhttp:\/\/just-now.news\/de\/wp-content\/uploads\/sites\/3\/2022\/12\/63ab131548fbef591b59d3a7.jpg 850w,\n                http:\/\/just-now.news\/de\/wp-content\/uploads\/sites\/3\/2022\/12\/63ab131548fbef591b59d3a7.jpg 1960w,\n            \" ><source data-srcset=\" \nhttp:\/\/just-now.news\/de\/wp-content\/uploads\/sites\/3\/2022\/12\/63ab131548fbef591b59d3a7.jpg 460w,\n              http:\/\/just-now.news\/de\/wp-content\/uploads\/sites\/3\/2022\/12\/63ab131548fbef591b59d3a7.jpg 980w,\n            \" ><!--[if IE 9]><\/video><![endif]--><img decoding=\"async\" data- src=\"data:image\/png;base64,iVBORw0KGgoAAAANSUhEUgAAABAAAAAJCAQAAACRI2S5AAAAEElEQVR42mNkIAAYRxWAAQAG9gAKqv6+AwAAAABJRU5ErkJggg==\" class=\"Picture-root Picture-original lazyload\" data-src=\"http:\/\/just-now.news\/de\/wp-content\/uploads\/sites\/3\/2022\/12\/63ab131548fbef591b59d3a7.jpg\" alt=\"\"><\/source><\/source><\/picture><!-- noscript pattern --><noscript><img decoding=\"async\" src=\"http:\/\/just-now.news\/de\/wp-content\/uploads\/sites\/3\/2022\/12\/63ab131548fbef591b59d3a7.jpg\" alt=\"\"><\/noscript><\/div><figcaption class=\"RTImage-footer\"><span class=\"RTImage-caption\"><span class=\"RTImage-captionItem\">SAP-Konzernzentale in Walldorf, Baden-W\u00fcrttemberg<\/span><\/span><span class=\"RTImage-source\"><span class=\"RTImage-captionItem\">Uwe Anspach<\/span><span class=\"RTImage-captionItem\"> \/ www.globallookpress.com<\/span><\/span><\/figcaption><\/figure>\n<p>Deutschlands wirtschaftlicher Niedergang setzt sich auch im globalen Ma\u00dfstab fort. Mit dem Softwarehersteller SAP\u00a0auf Rang 91 findet sich erstmals nur noch ein deutsches Unternehmen unter den Top 100. Mit Siemens\u00a0verabschiedete sich ein ehemaliger Weltkonzern aus dem Ranking. Der Dax-Konzern Linde\u00a0konnte zwar um 18 Pl\u00e4tze auf Rang 59 vorsto\u00dfen, der Industriegigant verlegte seinen Firmensitz jedoch im Jahr 2018 nach Irland.<\/p>\n<p>Unter den weltweit nach B\u00f6rsenwert gr\u00f6\u00dften Konzernen <a rel=\"nofollow noopener\" target=\"_blank\" href=\"https:\/\/www.handelsblatt.com\/unternehmen\/management\/berechnung-deutschland-stellt-nur-noch-ein-unternehmen-unter-den-top-100-nach-boersenwert-\/28885228.html\">befinden<\/a> sich laut dem <em>Handelsblatt<\/em> zum Jahresende 62 US-amerikanische. Das ist ein Konzern mehr als im Jahr 2021 und es sind so viele wie seit \u00fcber einem halben Jahrhundert nicht mehr.\u00a0Von den zw\u00f6lf weltweit wertvollsten Unternehmen stammen elf aus\u00a0den USA \u2013 das hat es noch nie gegeben. Der\u00a0Handyhersteller\u00a0Apple\u00a0rangiert weiter unangetastet mit einem Wert von umgerechnet zwei Billionen Euro auf Platz eins.<\/p>\n<\/div>\n<\/div>\n<\/div>\n<\/div>\n<\/li>\n<li class=\"LiveUpdates-item Listing-item\">\n<div class=\"LiveUpdates-date\">\n<p class=\"HeaderNews-root HeaderNews-type_2 \">\n                26.12.2022 14:00 Uhr\n            <\/p>\n<\/div>\n<div class=\"LiveUpdate-root\">\n<div class=\"LiveUpdate-date\">\n<p class=\"HeaderNews-root HeaderNews-type_6 \">\n                14:00 Uhr\n            <\/p>\n<\/div>\n<div class=\"LiveUpdate-content\">\n<div class=\"LiveUpdate-text\">\n<div class=\"Text-root Text-type_5 ViewText-root\">\n<p><strong>Mehrheit der Deutschen rechnet mit Gasknappheit<\/strong><\/p>\n<figure class=\"RTImage-root\">\n<div class=\"RTImage-image RTImage-original\"><picture class=\"Picture-root Picture-original\"><!--[if IE 9]><video style=\"display: none;\"><![endif]--><source media=\"(-webkit-min-device-pixel-ratio: 2) and (min-resolution: 120dpi)\" data-srcset=\" \nhttp:\/\/just-now.news\/de\/wp-content\/uploads\/sites\/3\/2022\/12\/63a99d2d48fbef1bce40c9fb.jpg 850w,\n                http:\/\/just-now.news\/de\/wp-content\/uploads\/sites\/3\/2022\/12\/63a99d2d48fbef1bce40c9fb.jpg 1960w,\n            \" ><source data-srcset=\" \nhttp:\/\/just-now.news\/de\/wp-content\/uploads\/sites\/3\/2022\/12\/63a99d2d48fbef1bce40c9fb.jpg 460w,\n              http:\/\/just-now.news\/de\/wp-content\/uploads\/sites\/3\/2022\/12\/63a99d2d48fbef1bce40c9fb.jpg 980w,\n            \" ><!--[if IE 9]><\/video><![endif]--><img decoding=\"async\" data- src=\"data:image\/png;base64,iVBORw0KGgoAAAANSUhEUgAAABAAAAAJCAQAAACRI2S5AAAAEElEQVR42mNkIAAYRxWAAQAG9gAKqv6+AwAAAABJRU5ErkJggg==\" class=\"Picture-root Picture-original lazyload\" data-src=\"http:\/\/just-now.news\/de\/wp-content\/uploads\/sites\/3\/2022\/12\/63a99d2d48fbef1bce40c9fb.jpg\" alt=\"\"><\/source><\/source><\/picture><!-- noscript pattern --><noscript><img decoding=\"async\" src=\"http:\/\/just-now.news\/de\/wp-content\/uploads\/sites\/3\/2022\/12\/63a99d2d48fbef1bce40c9fb.jpg\" alt=\"\"><\/noscript><\/div><figcaption class=\"RTImage-footer\"><span class=\"RTImage-caption\"><span class=\"RTImage-captionItem\">Symbolbild<\/span><\/span><span class=\"RTImage-source\"><span class=\"RTImage-captionItem\">coldsnowstorm \/ E+<\/span><span class=\"RTImage-captionItem\"> \/ Gettyimages.ru<\/span><\/span><\/figcaption><\/figure>\n<p>Eine gro\u00dfe Mehrheit der Deutschen rechnet damit, dass Erdgas in diesem oder im n\u00e4chsten Winter knapp wird. In einer Umfrage des Meinungsforschungsinstituts <em>YouGov <\/em>im Auftrag der<em> dpa<\/em> sagten 29 Prozent, sie erwarteten schon f\u00fcr diesen Winter eine Knappheit. 26 Prozent rechnen erst 2023\/24 damit. 29 Prozent glauben, dass die Gasversorgung \u00fcber beide Winter hinweg gesichert ist.<\/p>\n<p>Bundeskanzler Olaf Scholz hat zwar mehrfach erkl\u00e4rt, dass die Gasversorgung f\u00fcr diesen Winter sicher sei. Vor wenigen Tagen sagte der SPD-Politiker das in einem Interview der <em>S\u00fcddeutschen Zeitung<\/em> erstmals auch f\u00fcr den Winter 2023\/24 \u2013 allerdings mit der Einschr\u00e4nkung: &#8220;wenn nichts Unvorhergesehenes passiert&#8221;.<\/p>\n<p>Das Vertrauen in diese Vorhersage ist aber selbst bei den W\u00e4hlern der Koalitionsparteien nicht besonders gro\u00df. Von den SPD-Anh\u00e4ngern rechnen 58 Prozent mit einer Gasknappheit in diesem oder im n\u00e4chsten Winter. Von den W\u00e4hlern der Gr\u00fcnen sind es 56 Prozent und von denen der FDP 57 Prozent. Am skeptischsten blicken AfD-Anh\u00e4nger auf die Gasversorgung. Von ihnen rechnen 69 Prozent mit einer Knappheit. Von den W\u00e4hlern der Union sind es 57 Prozent und im Lager der Linken 59 Prozent.<\/p>\n<\/div>\n<\/div>\n<\/div>\n<\/div>\n<\/li>\n<li class=\"LiveUpdates-item Listing-item\">\n<div class=\"LiveUpdate-root\">\n<div class=\"LiveUpdate-date\">\n<p class=\"HeaderNews-root HeaderNews-type_6 \">\n                09:00 Uhr\n            <\/p>\n<\/div>\n<div class=\"LiveUpdate-content\">\n<div class=\"LiveUpdate-text\">\n<div class=\"Text-root Text-type_5 ViewText-root\">\n<p><strong>EU-Asylbeh\u00f6rde erwartet weiter steigende Zahl an Asylbewerbern<\/strong><\/p>\n<figure class=\"RTImage-root\">\n<div class=\"RTImage-image RTImage-original\"><picture class=\"Picture-root Picture-original\"><!--[if IE 9]><video style=\"display: none;\"><![endif]--><source media=\"(-webkit-min-device-pixel-ratio: 2) and (min-resolution: 120dpi)\" data-srcset=\" \nhttp:\/\/just-now.news\/de\/wp-content\/uploads\/sites\/3\/2022\/12\/63a9494748fbef1d8d1ddcb4.jpg 850w,\n                http:\/\/just-now.news\/de\/wp-content\/uploads\/sites\/3\/2022\/12\/63a9494748fbef1d8d1ddcb4.jpg 1960w,\n            \" ><source data-srcset=\" \nhttp:\/\/just-now.news\/de\/wp-content\/uploads\/sites\/3\/2022\/12\/63a9494748fbef1d8d1ddcb4.jpg 460w,\n              http:\/\/just-now.news\/de\/wp-content\/uploads\/sites\/3\/2022\/12\/63a9494748fbef1d8d1ddcb4.jpg 980w,\n            \" ><!--[if IE 9]><\/video><![endif]--><img decoding=\"async\" data- src=\"data:image\/png;base64,iVBORw0KGgoAAAANSUhEUgAAABAAAAAJCAQAAACRI2S5AAAAEElEQVR42mNkIAAYRxWAAQAG9gAKqv6+AwAAAABJRU5ErkJggg==\" class=\"Picture-root Picture-original lazyload\" data-src=\"http:\/\/just-now.news\/de\/wp-content\/uploads\/sites\/3\/2022\/12\/63a9494748fbef1d8d1ddcb4.jpg\" alt=\"\"><\/source><\/source><\/picture><!-- noscript pattern --><noscript><img decoding=\"async\" src=\"http:\/\/just-now.news\/de\/wp-content\/uploads\/sites\/3\/2022\/12\/63a9494748fbef1d8d1ddcb4.jpg\" alt=\"\"><\/noscript><\/div><figcaption class=\"RTImage-footer\"><span class=\"RTImage-caption\"><span class=\"RTImage-captionItem\">Symbolbild<\/span><\/span><span class=\"RTImage-source\"><span class=\"RTImage-captionItem\">www.imago-images.de<\/span><span class=\"RTImage-captionItem\"> \/ www.globallookpress.com<\/span><\/span><\/figcaption><\/figure>\n<p>Die Chefin der EU-Asylbeh\u00f6rde (EUAA), Nina Gregori, geht von einer weiteren Zunahme von Asylbewerbern in der Europ\u00e4ischen Union aus. &#8220;Es ist ziemlich klar, dass die steigenden Antragszahlen in absehbarer Zeit anhalten werden&#8221;, sagte Gregori den Zeitungen der <em>Funke Mediengruppe<\/em>. Instabilit\u00e4t und Bedrohungen der menschlichen Sicherheit seien Merkmale der heutigen Welt. &#8220;Leider sind sie nicht vor\u00fcbergehend.&#8221;<\/p>\n<p>Die geopolitischen Entwicklungen in den Jahren 2021 und 2022 h\u00e4tten direkte Auswirkungen auf den Bedarf an internationalem Schutz und f\u00fchrten zu einer zunehmenden Vertreibung in EU-L\u00e4nder, sagte Gregori. Zwischen Januar und Oktober dieses Jahres seien in der EU fast 790.000 Asylantr\u00e4ge gestellt worden. Das sei ein Anstieg von 54 Prozent im Vergleich zum Vorjahreszeitraum. Die Zahl bleibe aber unter den aus den Jahren 2015 und 2016, f\u00fcgte Gregori hinzu. Nach Angaben der EU-Asylbeh\u00f6rde stammen die meisten Asyl-Antragsteller aus Syrien, Afghanistan und der T\u00fcrkei. Auch in Deutschland stieg zuletzt die Zahl der Asylbewerber.<\/p>\n<p>Kriegsfl\u00fcchtlinge aus der Ukraine m\u00fcssen in der EU kein langwieriges Asylverfahren durchlaufen.\u00a0Sie erhalten seit kurz nach Beginn der russischen Invasion der Ukraine vor\u00fcbergehenden Schutz. Gregori zufolge sind daf\u00fcr 4,7 Millionen Menschen registriert worden. Die Aktivierung der Richtlinie \u00fcber vor\u00fcbergehenden Schutz habe den Zusammenbruch der nationalen europ\u00e4ischen Asylsysteme verhindert, sagte Gregori. Die Millionen Registrierungen h\u00e4tten die europ\u00e4ischen Aufnahmesysteme aber &#8220;unter erheblichen Druck&#8221; gesetzt.<\/p>\n<\/div>\n<\/div>\n<\/div>\n<\/div>\n<\/li>\n<li class=\"LiveUpdates-item Listing-item\">\n<div class=\"LiveUpdate-root\">\n<div class=\"LiveUpdate-date\">\n<p class=\"HeaderNews-root HeaderNews-type_6 \">\n                08:00 Uhr\n            <\/p>\n<\/div>\n<div class=\"LiveUpdate-content\">\n<div class=\"LiveUpdate-text\">\n<div class=\"Text-root Text-type_5 ViewText-root\">\n<p><strong>Umfrage: Mehrheit der Deutschen erwartet 2023 steigende Inflation<\/strong><\/p>\n<figure class=\"RTImage-root\">\n<div class=\"RTImage-image RTImage-original\"><picture class=\"Picture-root Picture-original\"><!--[if IE 9]><video style=\"display: none;\"><![endif]--><source media=\"(-webkit-min-device-pixel-ratio: 2) and (min-resolution: 120dpi)\" data-srcset=\" \nhttp:\/\/just-now.news\/de\/wp-content\/uploads\/sites\/3\/2022\/12\/63a946e5b480cc507b7e308d.jpg 850w,\n                http:\/\/just-now.news\/de\/wp-content\/uploads\/sites\/3\/2022\/12\/63a946e5b480cc507b7e308d.jpg 1960w,\n            \" ><source data-srcset=\" \nhttp:\/\/just-now.news\/de\/wp-content\/uploads\/sites\/3\/2022\/12\/63a946e5b480cc507b7e308d.jpg 460w,\n              http:\/\/just-now.news\/de\/wp-content\/uploads\/sites\/3\/2022\/12\/63a946e5b480cc507b7e308d.jpg 980w,\n            \" ><!--[if IE 9]><\/video><![endif]--><img decoding=\"async\" data- src=\"data:image\/png;base64,iVBORw0KGgoAAAANSUhEUgAAABAAAAAJCAQAAACRI2S5AAAAEElEQVR42mNkIAAYRxWAAQAG9gAKqv6+AwAAAABJRU5ErkJggg==\" class=\"Picture-root Picture-original lazyload\" data-src=\"http:\/\/just-now.news\/de\/wp-content\/uploads\/sites\/3\/2022\/12\/63a946e5b480cc507b7e308d.jpg\" alt=\"\"><\/source><\/source><\/picture><!-- noscript pattern --><noscript><img decoding=\"async\" src=\"http:\/\/just-now.news\/de\/wp-content\/uploads\/sites\/3\/2022\/12\/63a946e5b480cc507b7e308d.jpg\" alt=\"\"><\/noscript><\/div><figcaption class=\"RTImage-footer\"><span class=\"RTImage-caption\"><span class=\"RTImage-captionItem\">Symbolbild<\/span><\/span><span class=\"RTImage-source\"><span class=\"RTImage-captionItem\">Christian Ohde\/face to face<\/span><\/span><\/figcaption><\/figure>\n<p>Die Mehrheit in Deutschland glaubt einer Umfrage zufolge nicht an Entspannung bei den Verbraucherpreisen im neuen Jahr. Im Gegenteil: Die H\u00e4lfte (50 Prozent) der 2.057 vom Meinungsforschungsinstitut <em>Yougov<\/em> befragten Erwachsenen h\u00e4lt es f\u00fcr wahrscheinlich, dass die Inflation 2023 weiter steigen wird. Knapp ein Drittel (28 Prozent) rechnet mit Teuerungsraten auf dem hohen Niveau der vergangenen Monate. Im November lagen die Verbraucherpreise in Deutschland nach Berechnungen des Statistischen Bundesamtes 10 Prozent \u00fcber dem Niveau des Vorjahresmonats.<\/p>\n<p>Aus Sicht von J\u00fcrgen Wache, Vorstandssprecher der Hannoverschen Volksbank, zeigen die Umfrageergebnisse, &#8220;dass sich die Teuerungsrate bereits jetzt in den K\u00f6pfen der Menschen zu verfestigen droht \u2013 mit entsprechenden Auswirkungen auf ihr Verhalten&#8221;.<\/p>\n<p>Auch mit Blick auf die n\u00e4chsten drei Jahre erwartet die Mehrheit der Befragten eine weiter steigende (35 Prozent) oder gleichbleibend hohe (24 Prozent) Inflation. 28 Prozent gehen in diesem Mittelfristszenario davon aus, dass die Teuerungsraten sinken werden, 12 Prozent machten keine Angaben.<\/p>\n<\/div>\n<\/div>\n<\/div>\n<\/div>\n<\/li>\n<li class=\"LiveUpdates-item Listing-item\">\n<div class=\"LiveUpdates-date\">\n<p class=\"HeaderNews-root HeaderNews-type_2 \">\n                25.12.2022 20:50 Uhr\n            <\/p>\n<\/div>\n<div class=\"LiveUpdate-root\">\n<div class=\"LiveUpdate-date\">\n<p class=\"HeaderNews-root HeaderNews-type_6 \">\n                20:50 Uhr\n            <\/p>\n<\/div>\n<div class=\"LiveUpdate-content\">\n<div class=\"LiveUpdate-text\">\n<div class=\"Text-root Text-type_5 ViewText-root\">\n<p><strong>Streiks und Rekordschuldenaufnahme in Gro\u00dfbritannien<\/strong><\/p>\n<figure class=\"RTImage-root\">\n<div class=\"RTImage-image RTImage-original\"><picture class=\"Picture-root Picture-original\"><!--[if IE 9]><video style=\"display: none;\"><![endif]--><source media=\"(-webkit-min-device-pixel-ratio: 2) and (min-resolution: 120dpi)\" data-srcset=\" \nhttp:\/\/just-now.news\/de\/wp-content\/uploads\/sites\/3\/2022\/12\/63a8aabdb480cc673f32a70c.jpg 850w,\n                http:\/\/just-now.news\/de\/wp-content\/uploads\/sites\/3\/2022\/12\/63a8aabdb480cc673f32a70c.jpg 1960w,\n            \" ><source data-srcset=\" \nhttp:\/\/just-now.news\/de\/wp-content\/uploads\/sites\/3\/2022\/12\/63a8aabdb480cc673f32a70c.jpg 460w,\n              http:\/\/just-now.news\/de\/wp-content\/uploads\/sites\/3\/2022\/12\/63a8aabdb480cc673f32a70c.jpg 980w,\n            \" ><!--[if IE 9]><\/video><![endif]--><img decoding=\"async\" data- src=\"data:image\/png;base64,iVBORw0KGgoAAAANSUhEUgAAABAAAAAJCAQAAACRI2S5AAAAEElEQVR42mNkIAAYRxWAAQAG9gAKqv6+AwAAAABJRU5ErkJggg==\" class=\"Picture-root Picture-original lazyload\" data-src=\"http:\/\/just-now.news\/de\/wp-content\/uploads\/sites\/3\/2022\/12\/63a8aabdb480cc673f32a70c.jpg\" alt=\"\"><\/source><\/source><\/picture><!-- noscript pattern --><noscript><img decoding=\"async\" src=\"http:\/\/just-now.news\/de\/wp-content\/uploads\/sites\/3\/2022\/12\/63a8aabdb480cc673f32a70c.jpg\" alt=\"\"><\/noscript><\/div><figcaption class=\"RTImage-footer\"><span class=\"RTImage-caption\"><span class=\"RTImage-captionItem\">Symbolbild; Eisenbahnstreik in Grobritannien, 05.10.2022<\/span><\/span><span class=\"RTImage-source\"><span class=\"RTImage-captionItem\">IMAGO\/Paul Marriott<\/span><span class=\"RTImage-captionItem\"> \/ www.globallookpress.com<\/span><\/span><\/figcaption><\/figure>\n<p>Im November 2022 musste die britische Regierung 22 Milliarden Pfund an neuen Schulden aufnehmen; das entspricht knapp 25 Milliarden Euro. Das ist die h\u00f6chste monatliche Neuverschuldung seit Beginn der Aufzeichnungen durch das nationale B\u00fcro f\u00fcr Statistik im Jahr 1993.<\/p>\n<p>Schon davor lag die gesamte Neuverschuldung 2022 an vierter Stelle, sofern man die Bankenrettungen w\u00e4hrend der Finanzkrise unber\u00fccksichtigt l\u00e4sst. Die Versteigerungen des Monats November <a rel=\"nofollow noopener\" target=\"_blank\" href=\"https:\/\/www.dmo.gov.uk\/data\/pdfdatareport?reportCode=D2.1A\">erfolgten<\/a> zwar wieder zu einer etwas niedrigeren Verzinsung als im Oktober, aber die Nachfrage lag insgesamt unter dem langj\u00e4hrigen Schnitt.<\/p>\n<p>Mit verantwortlich f\u00fcr die steigende Schuldenaufnahme d\u00fcrften die explodierenden Energiekosten sein, die die britische Regierung durch Subventionen abzusenken versucht. Eben diese steigenden Schulden f\u00fchren dazu, dass Finanzminister Jeremy Hunt bereits erkl\u00e4rt hat, keine weiteren Ausgabenerh\u00f6hungen hinnehmen zu wollen.<\/p>\n<p>Augenblicklich stehen in Gro\u00dfbritannien alle Zugverbindungen wegen eines Streiks der Eisenbahnarbeiter, und auch die Krankenschwestern des nationalen Gesundheitsdienstes streiken. In beiden F\u00e4llen lautet die Forderung schlicht, die durch die Inflation von immer noch 10,7 Prozent ausgel\u00f6sten Reallohnverluste auszugleichen.<\/p>\n<\/div>\n<\/div>\n<\/div>\n<\/div>\n<\/li>\n<li class=\"LiveUpdates-item Listing-item\">\n<div class=\"LiveUpdate-root\">\n<div class=\"LiveUpdate-date\">\n<p class=\"HeaderNews-root HeaderNews-type_6 \">\n                07:00 Uhr\n            <\/p>\n<\/div>\n<div class=\"LiveUpdate-content\">\n<div class=\"LiveUpdate-text\">\n<div class=\"Text-root Text-type_5 ViewText-root\">\n<p><strong>Chefin der Wirtschaftsweisen sagt zwei Jahre Inflation voraus und fordert Rente ab 69<\/strong><\/p>\n<figure class=\"RTImage-root\">\n<div class=\"RTImage-image RTImage-original\"><picture class=\"Picture-root Picture-original\"><!--[if IE 9]><video style=\"display: none;\"><![endif]--><source media=\"(-webkit-min-device-pixel-ratio: 2) and (min-resolution: 120dpi)\" data-srcset=\" \nhttp:\/\/just-now.news\/de\/wp-content\/uploads\/sites\/3\/2022\/12\/63a7457248fbef0cc9788949.jpeg 850w,\n                http:\/\/just-now.news\/de\/wp-content\/uploads\/sites\/3\/2022\/12\/63a7457248fbef0cc9788949.jpeg 1960w,\n            \" ><source data-srcset=\" \nhttp:\/\/just-now.news\/de\/wp-content\/uploads\/sites\/3\/2022\/12\/63a7457248fbef0cc9788949.jpeg 460w,\n              http:\/\/just-now.news\/de\/wp-content\/uploads\/sites\/3\/2022\/12\/63a7457248fbef0cc9788949.jpeg 980w,\n            \" ><!--[if IE 9]><\/video><![endif]--><img decoding=\"async\" data- src=\"data:image\/png;base64,iVBORw0KGgoAAAANSUhEUgAAABAAAAAJCAQAAACRI2S5AAAAEElEQVR42mNkIAAYRxWAAQAG9gAKqv6+AwAAAABJRU5ErkJggg==\" class=\"Picture-root Picture-original lazyload\" data-src=\"http:\/\/just-now.news\/de\/wp-content\/uploads\/sites\/3\/2022\/12\/63a7457248fbef0cc9788949.jpeg\" alt=\"\"><\/source><\/source><\/picture><!-- noscript pattern --><noscript><img decoding=\"async\" src=\"http:\/\/just-now.news\/de\/wp-content\/uploads\/sites\/3\/2022\/12\/63a7457248fbef0cc9788949.jpeg\" alt=\"\"><\/noscript><\/div><figcaption class=\"RTImage-footer\"><span class=\"RTImage-caption\"><span class=\"RTImage-captionItem\">Monika Schnitzer  (18.11.2022)<\/span><\/span><span class=\"RTImage-source\"><span class=\"RTImage-captionItem\">Hannes P Albert\/dpa<\/span><span class=\"RTImage-captionItem\"> \/ www.globallookpress.com<\/span><\/span><\/figcaption><\/figure>\n<p>Monika Schnitzler, die Vorsitzende der sogenannten &#8220;Wirtschaftsweisen&#8221; (einer Gruppe aus f\u00fcnf Wirtschaftswissenschaftlern, die Prognosen der Entwicklung der Volkswirtschaft aufstellen und der Politik Ratschl\u00e4ge geben), hat in einem am Samstag ver\u00f6ffentlichten <a rel=\"nofollow noopener\" target=\"_blank\" href=\"https:\/\/rp-online.de\/wirtschaft\/monika-schnitzer-rente-mit-69-jetzt-angehen-rente-mit-63-abschaffen_aid-81027827\">Interview<\/a> der <em>Rheinischen Post<\/em> gesagt, dass die Inflation in Deutschland noch zwei Jahre hoch bleiben werde. Im kommenden Jahr und auch 2024 werde es insoweit keine Entspannung geben,\u00a0&#8220;erst danach k\u00f6nnten wir allm\u00e4hlich zu Raten von zwei Prozent zur\u00fcckkehren&#8221;.<\/p>\n<p>Im selben Interview forderte die Volkswirtin von der Politik, die Fr\u00fchrente ab 63 abzuschaffen und die Heraufsetzung des allgemeinen Renteneintrittsalters auf 69 Jahre zu beschlie\u00dfen. F\u00fcr Atomkraftwerke w\u00fcnscht sie sich eine Laufzeitverl\u00e4ngerung um zwei Jahre und empfiehlt die Einf\u00fchrung eines &#8220;Energie-Soli&#8221;, eines Zuschlags auf die Einkommensteuer, mit dem die Energiepreisbremse finanziert werden kann.<\/p>\n<p>Die 61-j\u00e4hrige Schnitzler ist\u00a0Inhaberin des Lehrstuhls f\u00fcr Komparative Wirtschaftsforschung an der\u00a0Ludwig-Maximilians-Universit\u00e4t M\u00fcnchen.\u00a0<\/p>\n<p><strong>Mehr zum Thema<\/strong> &#8211;\u00a0 <a rel=\"nofollow noopener\" target=\"_blank\" href=\"https:\/\/test.rtde.tech\/inland\/157216-historischer-reallohnverlust-unternehmen-erzielen-gewinne\/\">Reallohnverlust: Unternehmen erzielen Gewinne auf Kosten der Inflation trotz Lohnentwertung<\/a><\/p>\n<\/div>\n<\/div>\n<\/div>\n<\/div>\n<\/li>\n<li class=\"LiveUpdates-item Listing-item\">\n<div class=\"LiveUpdates-date\">\n<p class=\"HeaderNews-root HeaderNews-type_2 \">\n                24.12.2022 19:17 Uhr\n            <\/p>\n<\/div>\n<div class=\"LiveUpdate-root\">\n<div class=\"LiveUpdate-date\">\n<p class=\"HeaderNews-root HeaderNews-type_6 \">\n                19:17 Uhr\n            <\/p>\n<\/div>\n<div class=\"LiveUpdate-content\">\n<div class=\"LiveUpdate-text\">\n<div class=\"Text-root Text-type_5 ViewText-root\">\n<p><strong>Bescherung zu Weihnachten: Sektpreise steigen weiter an<\/strong><\/p>\n<figure class=\"RTImage-root\">\n<div class=\"RTImage-image RTImage-original\"><picture class=\"Picture-root Picture-original\"><!--[if IE 9]><video style=\"display: none;\"><![endif]--><source media=\"(-webkit-min-device-pixel-ratio: 2) and (min-resolution: 120dpi)\" data-srcset=\" \nhttp:\/\/just-now.news\/de\/wp-content\/uploads\/sites\/3\/2022\/12\/63a70288b480cc59970473c8.jpg 850w,\n                http:\/\/just-now.news\/de\/wp-content\/uploads\/sites\/3\/2022\/12\/63a70288b480cc59970473c8.jpg 1960w,\n            \" ><source data-srcset=\" \nhttp:\/\/just-now.news\/de\/wp-content\/uploads\/sites\/3\/2022\/12\/63a70288b480cc59970473c8.jpg 460w,\n              http:\/\/just-now.news\/de\/wp-content\/uploads\/sites\/3\/2022\/12\/63a70288b480cc59970473c8.jpg 980w,\n            \" ><!--[if IE 9]><\/video><![endif]--><img decoding=\"async\" data- src=\"data:image\/png;base64,iVBORw0KGgoAAAANSUhEUgAAABAAAAAJCAQAAACRI2S5AAAAEElEQVR42mNkIAAYRxWAAQAG9gAKqv6+AwAAAABJRU5ErkJggg==\" class=\"Picture-root Picture-original lazyload\" data-src=\"http:\/\/just-now.news\/de\/wp-content\/uploads\/sites\/3\/2022\/12\/63a70288b480cc59970473c8.jpg\" alt=\"\"><\/source><\/source><\/picture><!-- noscript pattern --><noscript><img decoding=\"async\" src=\"http:\/\/just-now.news\/de\/wp-content\/uploads\/sites\/3\/2022\/12\/63a70288b480cc59970473c8.jpg\" alt=\"\"><\/noscript><\/div><figcaption class=\"RTImage-footer\"><span class=\"RTImage-caption\"><span class=\"RTImage-captionItem\">Symbolbild<\/span><\/span><span class=\"RTImage-source\"><span class=\"RTImage-captionItem\">Martin Poole<\/span><span class=\"RTImage-captionItem\"> \/ Gettyimages.ru<\/span><\/span><\/figcaption><\/figure>\n<p>Die Preise f\u00fcr Sekt gehen weiter nach oben. Auch g\u00fcnstigere Marken sind von den Preissteigerungen betroffen. Oliver Gloden, der Vorstand eines der gr\u00f6\u00dften europ\u00e4ischen Sekthersteller, der Schloss Wachenheim AG, <a rel=\"nofollow noopener\" target=\"_blank\" href=\"https:\/\/www.handelsblatt.com\/unternehmen\/handel-konsumgueter\/schloss-wachenheim-drei-cent-gewinn-pro-flasche-warum-guenstiger-sekt-nun-teurer-werden-muss\/28884222.html\">erkl\u00e4rte<\/a> gegen\u00fcber dem <em>Handelsblatt<\/em>:<\/p>\n<p><em>&#8220;Zum dritten Mal innerhalb eines Jahres sehen wir uns gezwungen, die Preise anzuheben.&#8221;<\/em><\/p>\n<p>So seien die Preise f\u00fcr die Sektmarken Faber und Light Five inzwischen von 2,99 auf 3,49 Euro pro Flasche gestiegen. Urs\u00e4chlich daf\u00fcr seien h\u00f6here Kosten f\u00fcr Energie, vor allem aber f\u00fcr Glas, so Gloden:<\/p>\n<p><em>&#8220;Entweder man zahlt deutlich mehr oder bekommt keine Flaschen.&#8221;<\/em><\/p>\n<p>Trotz der saisonal bedingten Nachfragesteigerung im Dezember reiche der Umsatz nicht aus, um die steigenden Kosten auszugleichen. In n\u00e4chster Zukunft rechne Gloden mit einem Umsatzr\u00fcckgang von bis zu 20 Prozent.<\/p>\n<\/div>\n<\/div>\n<\/div>\n<\/div>\n<\/li>\n<li class=\"LiveUpdates-item Listing-item\">\n<div class=\"LiveUpdate-root\">\n<div class=\"LiveUpdate-date\">\n<p class=\"HeaderNews-root HeaderNews-type_6 \">\n                14:00 Uhr\n            <\/p>\n<\/div>\n<div class=\"LiveUpdate-content\">\n<div class=\"LiveUpdate-text\">\n<div class=\"Text-root Text-type_5 ViewText-root\">\n<p><strong>Schwedens Energieministerin warnt vor Stromausf\u00e4llen<\/strong><\/p>\n<p>Aufgrund einer instabilen Energieversorgung bestehe in Schweden die Gefahr von Blackouts im kommenden Winter, warnte die Energieministerin Ebba Busch. W\u00e4hrend einer Pressekonferenz am Mittwoch sagte sie:<\/p>\n<p><em>&#8220;Januar und Februar sind eine Herausforderung. Wir wissen, dass der Winter immer hart ist. Und nun haben wir auch eine Situation mit einem echten Risiko von Ausf\u00e4llen in Verbindung mit hohen Strompreisen.&#8221;<\/em><\/p>\n<p>Die Ministerin gehe davon aus, dass die Stromausf\u00e4lle nicht l\u00e4nger als einige Stunden dauern werden. Trotzdem empfahl sie der Bev\u00f6lkerung, ein batteriebetriebenes Radioger\u00e4t anzuschaffen sowie Vorr\u00e4te an Wasser und Konserven anzulegen. Der w\u00e4hrend der Pressekonferenz ebenfalls anwesend gewesene Minister f\u00fcr Zivilverteidigung Carl-Oskar Bohlin sagte:<\/p>\n<p><em>&#8220;Im schlimmsten Fall werden wir nicht wissen, wann der Strom ausf\u00e4llt und wann er zur\u00fcckkommt.&#8221;<\/em><\/p>\n<p>Wie der d\u00e4nische Fernsehkanal <em>TV2<\/em> weiter <a rel=\"nofollow noopener\" target=\"_blank\" href=\"https:\/\/nyheder.tv2.dk\/udland\/2022-12-21-svenskerne-advares-om-stroemnedbrud-forbered-jer-paa-det-vaerste\">erkl\u00e4rte<\/a>, werden steigende Energiepreise in Schweden mit gro\u00dfer Wahrscheinlichkeit auch die d\u00e4nischen Strompreise in die H\u00f6he treiben, da die Energiem\u00e4rkte der skandinavischen L\u00e4nder miteinander eng verbunden sind. Auch hatte die fr\u00fchere d\u00e4nische Regierung bereits vor Stromausf\u00e4llen im Winter gewarnt.<\/p>\n<\/div>\n<\/div>\n<\/div>\n<\/div>\n<\/li>\n<li class=\"LiveUpdates-item Listing-item\">\n<div class=\"LiveUpdate-root\">\n<div class=\"LiveUpdate-date\">\n<p class=\"HeaderNews-root HeaderNews-type_6 \">\n                13:30 Uhr\n            <\/p>\n<\/div>\n<div class=\"LiveUpdate-content\">\n<div class=\"LiveUpdate-text\">\n<div class=\"Text-root Text-type_5 ViewText-root\">\n<p><strong>Deutsche Flugh\u00e4fen werden wohl erst 2025 wieder Vorkrisenniveau erreichen<\/strong><\/p>\n<figure class=\"RTImage-root\">\n<div class=\"RTImage-image RTImage-original\"><picture class=\"Picture-root Picture-original\"><!--[if IE 9]><video style=\"display: none;\"><![endif]--><source media=\"(-webkit-min-device-pixel-ratio: 2) and (min-resolution: 120dpi)\" data-srcset=\" \nhttp:\/\/just-now.news\/de\/wp-content\/uploads\/sites\/3\/2022\/12\/63a6e387b480cc5a9c532035.jpg 850w,\n                http:\/\/just-now.news\/de\/wp-content\/uploads\/sites\/3\/2022\/12\/63a6e387b480cc5a9c532035.jpg 1960w,\n            \" ><source data-srcset=\" \nhttp:\/\/just-now.news\/de\/wp-content\/uploads\/sites\/3\/2022\/12\/63a6e387b480cc5a9c532035.jpg 460w,\n              http:\/\/just-now.news\/de\/wp-content\/uploads\/sites\/3\/2022\/12\/63a6e387b480cc5a9c532035.jpg 980w,\n            \" ><!--[if IE 9]><\/video><![endif]--><img decoding=\"async\" data- src=\"data:image\/png;base64,iVBORw0KGgoAAAANSUhEUgAAABAAAAAJCAQAAACRI2S5AAAAEElEQVR42mNkIAAYRxWAAQAG9gAKqv6+AwAAAABJRU5ErkJggg==\" class=\"Picture-root Picture-original lazyload\" data-src=\"http:\/\/just-now.news\/de\/wp-content\/uploads\/sites\/3\/2022\/12\/63a6e387b480cc5a9c532035.jpg\" alt=\"\"><\/source><\/source><\/picture><!-- noscript pattern --><noscript><img decoding=\"async\" src=\"http:\/\/just-now.news\/de\/wp-content\/uploads\/sites\/3\/2022\/12\/63a6e387b480cc5a9c532035.jpg\" alt=\"\"><\/noscript><\/div><figcaption class=\"RTImage-footer\"><span class=\"RTImage-caption\"><span class=\"RTImage-captionItem\">(Symbolbild)<\/span><\/span><span class=\"RTImage-source\"><span class=\"RTImage-captionItem\">German Conejo<\/span><span class=\"RTImage-captionItem\"> \/ Gettyimages.ru<\/span><\/span><\/figcaption><\/figure>\n<p>Die deutschen Flugh\u00e4fen erwarten auch im kommenden Jahr eine vergleichsweise langsame Erholung des Flugverkehrs nach dem coronabedingten Einbruch. Nach der am Freitag vorgestellten Prognose der Arbeitsgemeinschaft Deutscher Verkehrsflugh\u00e4fen (ADV)\u00a0werden f\u00fcr 2023 rund 205 Millionen Passagiere erwartet, was rund 82 Prozent des Aufkommens im Vorkrisenjahr 2019 entspricht. Dieses Niveau werde voraussichtlich erst im Jahr 2025 wieder erreicht, teilte der Verband in Berlin mit.<\/p>\n<p>Im\u00a0Jahr 2022 lag die Zahl der Passagiere bei erst 65 Prozent im Vergleich zum Vorkrisenjahr, w\u00e4hrend in einigen anderen europ\u00e4ischen L\u00e4ndern bereits wieder mehr geflogen wurde als vor der Pandemie. Beim Zuwachs der von den Airlines angebotenen Sitze lag Deutschland demnach am unteren Ende der europ\u00e4ischen Luftverkehrsm\u00e4rkte. ADV-Hauptgesch\u00e4ftsf\u00fchrer Ralph Beisel \u00e4u\u00dferte gegen\u00fcber dem <em>Handelsblatt<\/em> die Sorge, dass der Standort Deutschland zunehmend unattraktiv f\u00fcr die Fluggesellschaften werde:<\/p>\n<p><em>&#8220;Besorgniserregend ist der weiter steigende Anteil der regulativ bedingten Abgaben und Geb\u00fchren.&#8221;<\/em><\/p>\n<p><strong>Mehr zum Thema\u00a0<\/strong>\u2013 <a rel=\"nofollow noopener\" target=\"_blank\" href=\"https:\/\/test.rtde.tech\/meinung\/144919-flugchaos-als-spiegel-malaise\/\">Das Flugchaos als Spiegel einer Malaise<\/a><\/p>\n<\/div>\n<\/div>\n<\/div>\n<\/div>\n<\/li>\n<\/ul>\n<div class=\"Listing-isReact\" data-rtmodule=\"Listing\" onload=\"return {\n                page: '1',\n                limit: '10',\n                listing: '\/listing\/parent.6337e74248fbef5b3c62f1db\/noprepare\/liveupdates\/10\/1',\n            };\"><\/div>\n<\/div>\n<\/div>\n<\/div>\n<p><script async src=\"https:\/\/platform.twitter.com\/widgets.js\" charset=\"utf-8\"><\/script><br \/>\n<br \/><br \/>\n<br \/><a href=\"https:\/\/de.rt.com\/wirtschaft\/150363-krisen-und-insolvenzticker-habeck-schwoert\/\">Source link <\/a><\/p>\n","protected":false},"excerpt":{"rendered":"<p>Die deutsche Wirtschaft rutscht immer tiefer in die Krise. Unter dem Druck dramatisch steigender Energiekosten und anderer ung\u00fcnstiger Rahmenbedingungen sind allein in diesem Jahr tausende Unternehmen insolvent gegangen. Wir fassen in diesem Ticker die wichtigsten Entwicklungen und Neuigkeiten zusammen. 28.12.2022 19:36 Uhr 19:36 Uhr Habeck schw\u00f6rt B\u00fcrger auf h\u00f6here Gaspreise 2023 ein 23. Dezember 2022, [&hellip;]<\/p>\n","protected":false},"author":3,"featured_media":26483,"comment_status":"open","ping_status":"open","sticky":false,"template":"","format":"standard","meta":{"_yoast_indexnow_last_ping":["1672252992"],"wp_automatic_camp":["217"],"9fed4e7de9320dd0c52f0d05d47e7209":["Krisen- und Insolvenzticker: Habeck schw\u00f6rt B\u00fcrger auf h\u00f6here Gaspreise 2023 ein"],"original_link":["https:\/\/de.rt.com\/wirtschaft\/150363-krisen-und-insolvenzticker-habeck-schwoert\/"],"_thumbnail_id":["26483"],"_wptgpro_p2tg_sent2tg":["a:1:{i:23737;s:19:\"2022-12-28 20:44:40\";}"],"jnews_social_counter_last_update":["1777193511"]},"categories":[19,23],"tags":[133,8956,357,12968,911,20853,33683,2667,14141,140],"yoast_head":"<!-- This site is optimized with the Yoast SEO Premium plugin v22.7 (Yoast SEO v22.7) - https:\/\/yoast.com\/wordpress\/plugins\/seo\/ -->\n<title>Krisen- und Insolvenzticker: Habeck schw\u00f6rt B\u00fcrger auf h\u00f6here Gaspreise 2023 ein - just-now.NEWS Deutschland<\/title>\n<meta name=\"robots\" content=\"index, follow, max-snippet:-1, max-image-preview:large, max-video-preview:-1\" \/>\n<link rel=\"canonical\" href=\"https:\/\/now-news.de\/de\/deutschland\/krisen-und-insolvenzticker-habeck-schwoert-buerger-auf-hoehere-gaspreise-2023-ein\/\" \/>\n<meta property=\"og:locale\" content=\"de_DE\" \/>\n<meta property=\"og:type\" content=\"article\" \/>\n<meta property=\"og:title\" content=\"Krisen- und Insolvenzticker: Habeck schw\u00f6rt B\u00fcrger auf h\u00f6here Gaspreise 2023 ein\" \/>\n<meta property=\"og:description\" content=\"Die deutsche Wirtschaft rutscht immer tiefer in die Krise. Unter dem Druck dramatisch steigender Energiekosten und anderer ung\u00fcnstiger Rahmenbedingungen sind allein in diesem Jahr tausende Unternehmen insolvent gegangen. Wir fassen in diesem Ticker die wichtigsten Entwicklungen und Neuigkeiten zusammen. 28.12.2022 19:36 Uhr 19:36 Uhr Habeck schw\u00f6rt B\u00fcrger auf h\u00f6here Gaspreise 2023 ein 23. Dezember 2022, [&hellip;]\" \/>\n<meta property=\"og:url\" content=\"https:\/\/now-news.de\/de\/deutschland\/krisen-und-insolvenzticker-habeck-schwoert-buerger-auf-hoehere-gaspreise-2023-ein\/\" \/>\n<meta property=\"og:site_name\" content=\"just-now.NEWS Deutschland\" \/>\n<meta property=\"article:publisher\" content=\"https:\/\/www.facebook.com\/wirmachenauf\" \/>\n<meta property=\"article:published_time\" content=\"2022-12-28T18:00:00+00:00\" \/>\n<meta property=\"og:image\" content=\"https:\/\/now-news.de\/de\/wp-content\/uploads\/sites\/3\/2022\/12\/Krisen-und-Insolvenzticker-Habeck-schwoert-Buerger-auf-hoehere-Gaspreise-2023.jpg\" \/>\n\t<meta property=\"og:image:width\" content=\"1748\" \/>\n\t<meta property=\"og:image:height\" content=\"1080\" \/>\n\t<meta property=\"og:image:type\" content=\"image\/jpeg\" \/>\n<meta name=\"author\" content=\"rtnews\" \/>\n<meta name=\"twitter:card\" content=\"summary_large_image\" \/>\n<meta name=\"twitter:creator\" content=\"@WirMachenAuf_de\" \/>\n<meta name=\"twitter:site\" content=\"@WirMachenAuf_de\" \/>\n<meta name=\"twitter:label1\" content=\"Verfasst von\" \/>\n\t<meta name=\"twitter:data1\" content=\"rtnews\" \/>\n\t<meta name=\"twitter:label2\" content=\"Gesch\u00e4tzte Lesezeit\" \/>\n\t<meta name=\"twitter:data2\" content=\"10\u00a0Minuten\" \/>\n<script type=\"application\/ld+json\" class=\"yoast-schema-graph\">{\"@context\":\"https:\/\/schema.org\",\"@graph\":[{\"@type\":\"Article\",\"@id\":\"https:\/\/now-news.de\/de\/deutschland\/krisen-und-insolvenzticker-habeck-schwoert-buerger-auf-hoehere-gaspreise-2023-ein\/#article\",\"isPartOf\":{\"@id\":\"https:\/\/now-news.de\/de\/deutschland\/krisen-und-insolvenzticker-habeck-schwoert-buerger-auf-hoehere-gaspreise-2023-ein\/\"},\"author\":{\"name\":\"rtnews\",\"@id\":\"https:\/\/now-news.de\/de\/#\/schema\/person\/fb534a4e865501d8b3285208df34a9b5\"},\"headline\":\"Krisen- und Insolvenzticker: Habeck schw\u00f6rt B\u00fcrger auf h\u00f6here Gaspreise 2023 ein\",\"datePublished\":\"2022-12-28T18:00:00+00:00\",\"dateModified\":\"2022-12-28T18:00:00+00:00\",\"mainEntityOfPage\":{\"@id\":\"https:\/\/now-news.de\/de\/deutschland\/krisen-und-insolvenzticker-habeck-schwoert-buerger-auf-hoehere-gaspreise-2023-ein\/\"},\"wordCount\":1987,\"commentCount\":0,\"publisher\":{\"@id\":\"https:\/\/now-news.de\/de\/#organization\"},\"image\":{\"@id\":\"https:\/\/now-news.de\/de\/deutschland\/krisen-und-insolvenzticker-habeck-schwoert-buerger-auf-hoehere-gaspreise-2023-ein\/#primaryimage\"},\"thumbnailUrl\":\"https:\/\/now-news.de\/de\/wp-content\/uploads\/sites\/3\/2022\/12\/Krisen-und-Insolvenzticker-Habeck-schwoert-Buerger-auf-hoehere-Gaspreise-2023.jpg\",\"keywords\":[\"AUF\",\"b\u00fcrger\",\"ein\",\"Gaspreise\",\"Habeck\",\"h\u00f6here\",\"Insolvenzticker\",\"Krisen\",\"schw\u00f6rt\",\"und\"],\"articleSection\":[\"Deutschland\",\"Russland\"],\"inLanguage\":\"de\",\"potentialAction\":[{\"@type\":\"CommentAction\",\"name\":\"Comment\",\"target\":[\"https:\/\/now-news.de\/de\/deutschland\/krisen-und-insolvenzticker-habeck-schwoert-buerger-auf-hoehere-gaspreise-2023-ein\/#respond\"]}]},{\"@type\":\"WebPage\",\"@id\":\"https:\/\/now-news.de\/de\/deutschland\/krisen-und-insolvenzticker-habeck-schwoert-buerger-auf-hoehere-gaspreise-2023-ein\/\",\"url\":\"https:\/\/now-news.de\/de\/deutschland\/krisen-und-insolvenzticker-habeck-schwoert-buerger-auf-hoehere-gaspreise-2023-ein\/\",\"name\":\"Krisen- und Insolvenzticker: Habeck schw\u00f6rt B\u00fcrger auf h\u00f6here Gaspreise 2023 ein - just-now.NEWS Deutschland\",\"isPartOf\":{\"@id\":\"https:\/\/now-news.de\/de\/#website\"},\"primaryImageOfPage\":{\"@id\":\"https:\/\/now-news.de\/de\/deutschland\/krisen-und-insolvenzticker-habeck-schwoert-buerger-auf-hoehere-gaspreise-2023-ein\/#primaryimage\"},\"image\":{\"@id\":\"https:\/\/now-news.de\/de\/deutschland\/krisen-und-insolvenzticker-habeck-schwoert-buerger-auf-hoehere-gaspreise-2023-ein\/#primaryimage\"},\"thumbnailUrl\":\"https:\/\/now-news.de\/de\/wp-content\/uploads\/sites\/3\/2022\/12\/Krisen-und-Insolvenzticker-Habeck-schwoert-Buerger-auf-hoehere-Gaspreise-2023.jpg\",\"datePublished\":\"2022-12-28T18:00:00+00:00\",\"dateModified\":\"2022-12-28T18:00:00+00:00\",\"breadcrumb\":{\"@id\":\"https:\/\/now-news.de\/de\/deutschland\/krisen-und-insolvenzticker-habeck-schwoert-buerger-auf-hoehere-gaspreise-2023-ein\/#breadcrumb\"},\"inLanguage\":\"de\",\"potentialAction\":[{\"@type\":\"ReadAction\",\"target\":[\"https:\/\/now-news.de\/de\/deutschland\/krisen-und-insolvenzticker-habeck-schwoert-buerger-auf-hoehere-gaspreise-2023-ein\/\"]}]},{\"@type\":\"ImageObject\",\"inLanguage\":\"de\",\"@id\":\"https:\/\/now-news.de\/de\/deutschland\/krisen-und-insolvenzticker-habeck-schwoert-buerger-auf-hoehere-gaspreise-2023-ein\/#primaryimage\",\"url\":\"https:\/\/now-news.de\/de\/wp-content\/uploads\/sites\/3\/2022\/12\/Krisen-und-Insolvenzticker-Habeck-schwoert-Buerger-auf-hoehere-Gaspreise-2023.jpg\",\"contentUrl\":\"https:\/\/now-news.de\/de\/wp-content\/uploads\/sites\/3\/2022\/12\/Krisen-und-Insolvenzticker-Habeck-schwoert-Buerger-auf-hoehere-Gaspreise-2023.jpg\",\"width\":1748,\"height\":1080,\"caption\":\"Krisen- und Insolvenzticker: Habeck schw\u00f6rt B\u00fcrger auf h\u00f6here Gaspreise 2023 ein\"},{\"@type\":\"BreadcrumbList\",\"@id\":\"https:\/\/now-news.de\/de\/deutschland\/krisen-und-insolvenzticker-habeck-schwoert-buerger-auf-hoehere-gaspreise-2023-ein\/#breadcrumb\",\"itemListElement\":[{\"@type\":\"ListItem\",\"position\":1,\"name\":\"Home\",\"item\":\"https:\/\/now-news.de\/de\/\"},{\"@type\":\"ListItem\",\"position\":2,\"name\":\"Krisen- und Insolvenzticker: Habeck schw\u00f6rt B\u00fcrger auf h\u00f6here Gaspreise 2023 ein\"}]},{\"@type\":\"WebSite\",\"@id\":\"https:\/\/now-news.de\/de\/#website\",\"url\":\"https:\/\/now-news.de\/de\/\",\"name\":\"just-now.NEWS Deutschland\",\"description\":\"Das Portal f\u00fcr unzensierte Nachrichten aus der Welt\",\"publisher\":{\"@id\":\"https:\/\/now-news.de\/de\/#organization\"},\"potentialAction\":[{\"@type\":\"SearchAction\",\"target\":{\"@type\":\"EntryPoint\",\"urlTemplate\":\"https:\/\/now-news.de\/de\/?s={search_term_string}\"},\"query-input\":\"required name=search_term_string\"}],\"inLanguage\":\"de\"},{\"@type\":\"Organization\",\"@id\":\"https:\/\/now-news.de\/de\/#organization\",\"name\":\"Just Now News\",\"url\":\"https:\/\/now-news.de\/de\/\",\"logo\":{\"@type\":\"ImageObject\",\"inLanguage\":\"de\",\"@id\":\"https:\/\/now-news.de\/de\/#\/schema\/logo\/image\/\",\"url\":\"http:\/\/just-now.news\/de\/wp-content\/uploads\/sites\/3\/2022\/04\/logo500x500.jpg\",\"contentUrl\":\"http:\/\/just-now.news\/de\/wp-content\/uploads\/sites\/3\/2022\/04\/logo500x500.jpg\",\"width\":500,\"height\":500,\"caption\":\"Just Now News\"},\"image\":{\"@id\":\"https:\/\/now-news.de\/de\/#\/schema\/logo\/image\/\"},\"sameAs\":[\"https:\/\/www.facebook.com\/wirmachenauf\",\"https:\/\/x.com\/WirMachenAuf_de\"]},{\"@type\":\"Person\",\"@id\":\"https:\/\/now-news.de\/de\/#\/schema\/person\/fb534a4e865501d8b3285208df34a9b5\",\"name\":\"rtnews\",\"image\":{\"@type\":\"ImageObject\",\"inLanguage\":\"de\",\"@id\":\"https:\/\/now-news.de\/de\/#\/schema\/person\/image\/\",\"url\":\"https:\/\/secure.gravatar.com\/avatar\/82aafea7d8127119dd649515f56e2117?s=96&d=mm&r=g\",\"contentUrl\":\"https:\/\/secure.gravatar.com\/avatar\/82aafea7d8127119dd649515f56e2117?s=96&d=mm&r=g\",\"caption\":\"rtnews\"},\"url\":\"https:\/\/now-news.de\/de\/author\/rnews\/\"}]}<\/script>\n<!-- \/ Yoast SEO Premium plugin. -->","yoast_head_json":{"title":"Krisen- und Insolvenzticker: Habeck schw\u00f6rt B\u00fcrger auf h\u00f6here Gaspreise 2023 ein - just-now.NEWS Deutschland","robots":{"index":"index","follow":"follow","max-snippet":"max-snippet:-1","max-image-preview":"max-image-preview:large","max-video-preview":"max-video-preview:-1"},"canonical":"https:\/\/now-news.de\/de\/deutschland\/krisen-und-insolvenzticker-habeck-schwoert-buerger-auf-hoehere-gaspreise-2023-ein\/","og_locale":"de_DE","og_type":"article","og_title":"Krisen- und Insolvenzticker: Habeck schw\u00f6rt B\u00fcrger auf h\u00f6here Gaspreise 2023 ein","og_description":"Die deutsche Wirtschaft rutscht immer tiefer in die Krise. Unter dem Druck dramatisch steigender Energiekosten und anderer ung\u00fcnstiger Rahmenbedingungen sind allein in diesem Jahr tausende Unternehmen insolvent gegangen. Wir fassen in diesem Ticker die wichtigsten Entwicklungen und Neuigkeiten zusammen. 28.12.2022 19:36 Uhr 19:36 Uhr Habeck schw\u00f6rt B\u00fcrger auf h\u00f6here Gaspreise 2023 ein 23. Dezember 2022, [&hellip;]","og_url":"https:\/\/now-news.de\/de\/deutschland\/krisen-und-insolvenzticker-habeck-schwoert-buerger-auf-hoehere-gaspreise-2023-ein\/","og_site_name":"just-now.NEWS Deutschland","article_publisher":"https:\/\/www.facebook.com\/wirmachenauf","article_published_time":"2022-12-28T18:00:00+00:00","og_image":[{"width":1748,"height":1080,"url":"https:\/\/now-news.de\/de\/wp-content\/uploads\/sites\/3\/2022\/12\/Krisen-und-Insolvenzticker-Habeck-schwoert-Buerger-auf-hoehere-Gaspreise-2023.jpg","type":"image\/jpeg"}],"author":"rtnews","twitter_card":"summary_large_image","twitter_creator":"@WirMachenAuf_de","twitter_site":"@WirMachenAuf_de","twitter_misc":{"Verfasst von":"rtnews","Gesch\u00e4tzte Lesezeit":"10\u00a0Minuten"},"schema":{"@context":"https:\/\/schema.org","@graph":[{"@type":"Article","@id":"https:\/\/now-news.de\/de\/deutschland\/krisen-und-insolvenzticker-habeck-schwoert-buerger-auf-hoehere-gaspreise-2023-ein\/#article","isPartOf":{"@id":"https:\/\/now-news.de\/de\/deutschland\/krisen-und-insolvenzticker-habeck-schwoert-buerger-auf-hoehere-gaspreise-2023-ein\/"},"author":{"name":"rtnews","@id":"https:\/\/now-news.de\/de\/#\/schema\/person\/fb534a4e865501d8b3285208df34a9b5"},"headline":"Krisen- und Insolvenzticker: Habeck schw\u00f6rt B\u00fcrger auf h\u00f6here Gaspreise 2023 ein","datePublished":"2022-12-28T18:00:00+00:00","dateModified":"2022-12-28T18:00:00+00:00","mainEntityOfPage":{"@id":"https:\/\/now-news.de\/de\/deutschland\/krisen-und-insolvenzticker-habeck-schwoert-buerger-auf-hoehere-gaspreise-2023-ein\/"},"wordCount":1987,"commentCount":0,"publisher":{"@id":"https:\/\/now-news.de\/de\/#organization"},"image":{"@id":"https:\/\/now-news.de\/de\/deutschland\/krisen-und-insolvenzticker-habeck-schwoert-buerger-auf-hoehere-gaspreise-2023-ein\/#primaryimage"},"thumbnailUrl":"https:\/\/now-news.de\/de\/wp-content\/uploads\/sites\/3\/2022\/12\/Krisen-und-Insolvenzticker-Habeck-schwoert-Buerger-auf-hoehere-Gaspreise-2023.jpg","keywords":["AUF","b\u00fcrger","ein","Gaspreise","Habeck","h\u00f6here","Insolvenzticker","Krisen","schw\u00f6rt","und"],"articleSection":["Deutschland","Russland"],"inLanguage":"de","potentialAction":[{"@type":"CommentAction","name":"Comment","target":["https:\/\/now-news.de\/de\/deutschland\/krisen-und-insolvenzticker-habeck-schwoert-buerger-auf-hoehere-gaspreise-2023-ein\/#respond"]}]},{"@type":"WebPage","@id":"https:\/\/now-news.de\/de\/deutschland\/krisen-und-insolvenzticker-habeck-schwoert-buerger-auf-hoehere-gaspreise-2023-ein\/","url":"https:\/\/now-news.de\/de\/deutschland\/krisen-und-insolvenzticker-habeck-schwoert-buerger-auf-hoehere-gaspreise-2023-ein\/","name":"Krisen- und Insolvenzticker: Habeck schw\u00f6rt B\u00fcrger auf h\u00f6here Gaspreise 2023 ein - just-now.NEWS Deutschland","isPartOf":{"@id":"https:\/\/now-news.de\/de\/#website"},"primaryImageOfPage":{"@id":"https:\/\/now-news.de\/de\/deutschland\/krisen-und-insolvenzticker-habeck-schwoert-buerger-auf-hoehere-gaspreise-2023-ein\/#primaryimage"},"image":{"@id":"https:\/\/now-news.de\/de\/deutschland\/krisen-und-insolvenzticker-habeck-schwoert-buerger-auf-hoehere-gaspreise-2023-ein\/#primaryimage"},"thumbnailUrl":"https:\/\/now-news.de\/de\/wp-content\/uploads\/sites\/3\/2022\/12\/Krisen-und-Insolvenzticker-Habeck-schwoert-Buerger-auf-hoehere-Gaspreise-2023.jpg","datePublished":"2022-12-28T18:00:00+00:00","dateModified":"2022-12-28T18:00:00+00:00","breadcrumb":{"@id":"https:\/\/now-news.de\/de\/deutschland\/krisen-und-insolvenzticker-habeck-schwoert-buerger-auf-hoehere-gaspreise-2023-ein\/#breadcrumb"},"inLanguage":"de","potentialAction":[{"@type":"ReadAction","target":["https:\/\/now-news.de\/de\/deutschland\/krisen-und-insolvenzticker-habeck-schwoert-buerger-auf-hoehere-gaspreise-2023-ein\/"]}]},{"@type":"ImageObject","inLanguage":"de","@id":"https:\/\/now-news.de\/de\/deutschland\/krisen-und-insolvenzticker-habeck-schwoert-buerger-auf-hoehere-gaspreise-2023-ein\/#primaryimage","url":"https:\/\/now-news.de\/de\/wp-content\/uploads\/sites\/3\/2022\/12\/Krisen-und-Insolvenzticker-Habeck-schwoert-Buerger-auf-hoehere-Gaspreise-2023.jpg","contentUrl":"https:\/\/now-news.de\/de\/wp-content\/uploads\/sites\/3\/2022\/12\/Krisen-und-Insolvenzticker-Habeck-schwoert-Buerger-auf-hoehere-Gaspreise-2023.jpg","width":1748,"height":1080,"caption":"Krisen- und Insolvenzticker: Habeck schw\u00f6rt B\u00fcrger auf h\u00f6here Gaspreise 2023 ein"},{"@type":"BreadcrumbList","@id":"https:\/\/now-news.de\/de\/deutschland\/krisen-und-insolvenzticker-habeck-schwoert-buerger-auf-hoehere-gaspreise-2023-ein\/#breadcrumb","itemListElement":[{"@type":"ListItem","position":1,"name":"Home","item":"https:\/\/now-news.de\/de\/"},{"@type":"ListItem","position":2,"name":"Krisen- und Insolvenzticker: Habeck schw\u00f6rt B\u00fcrger auf h\u00f6here Gaspreise 2023 ein"}]},{"@type":"WebSite","@id":"https:\/\/now-news.de\/de\/#website","url":"https:\/\/now-news.de\/de\/","name":"just-now.NEWS Deutschland","description":"Das Portal f\u00fcr unzensierte Nachrichten aus der Welt","publisher":{"@id":"https:\/\/now-news.de\/de\/#organization"},"potentialAction":[{"@type":"SearchAction","target":{"@type":"EntryPoint","urlTemplate":"https:\/\/now-news.de\/de\/?s={search_term_string}"},"query-input":"required name=search_term_string"}],"inLanguage":"de"},{"@type":"Organization","@id":"https:\/\/now-news.de\/de\/#organization","name":"Just Now News","url":"https:\/\/now-news.de\/de\/","logo":{"@type":"ImageObject","inLanguage":"de","@id":"https:\/\/now-news.de\/de\/#\/schema\/logo\/image\/","url":"http:\/\/just-now.news\/de\/wp-content\/uploads\/sites\/3\/2022\/04\/logo500x500.jpg","contentUrl":"http:\/\/just-now.news\/de\/wp-content\/uploads\/sites\/3\/2022\/04\/logo500x500.jpg","width":500,"height":500,"caption":"Just Now News"},"image":{"@id":"https:\/\/now-news.de\/de\/#\/schema\/logo\/image\/"},"sameAs":["https:\/\/www.facebook.com\/wirmachenauf","https:\/\/x.com\/WirMachenAuf_de"]},{"@type":"Person","@id":"https:\/\/now-news.de\/de\/#\/schema\/person\/fb534a4e865501d8b3285208df34a9b5","name":"rtnews","image":{"@type":"ImageObject","inLanguage":"de","@id":"https:\/\/now-news.de\/de\/#\/schema\/person\/image\/","url":"https:\/\/secure.gravatar.com\/avatar\/82aafea7d8127119dd649515f56e2117?s=96&d=mm&r=g","contentUrl":"https:\/\/secure.gravatar.com\/avatar\/82aafea7d8127119dd649515f56e2117?s=96&d=mm&r=g","caption":"rtnews"},"url":"https:\/\/now-news.de\/de\/author\/rnews\/"}]}},"_links":{"self":[{"href":"https:\/\/now-news.de\/de\/wp-json\/wp\/v2\/posts\/26482"}],"collection":[{"href":"https:\/\/now-news.de\/de\/wp-json\/wp\/v2\/posts"}],"about":[{"href":"https:\/\/now-news.de\/de\/wp-json\/wp\/v2\/types\/post"}],"author":[{"embeddable":true,"href":"https:\/\/now-news.de\/de\/wp-json\/wp\/v2\/users\/3"}],"replies":[{"embeddable":true,"href":"https:\/\/now-news.de\/de\/wp-json\/wp\/v2\/comments?post=26482"}],"version-history":[{"count":0,"href":"https:\/\/now-news.de\/de\/wp-json\/wp\/v2\/posts\/26482\/revisions"}],"wp:featuredmedia":[{"embeddable":true,"href":"https:\/\/now-news.de\/de\/wp-json\/wp\/v2\/media\/26483"}],"wp:attachment":[{"href":"https:\/\/now-news.de\/de\/wp-json\/wp\/v2\/media?parent=26482"}],"wp:term":[{"taxonomy":"category","embeddable":true,"href":"https:\/\/now-news.de\/de\/wp-json\/wp\/v2\/categories?post=26482"},{"taxonomy":"post_tag","embeddable":true,"href":"https:\/\/now-news.de\/de\/wp-json\/wp\/v2\/tags?post=26482"}],"curies":[{"name":"wp","href":"https:\/\/api.w.org\/{rel}","templated":true}]}}