{"id":26462,"date":"2022-12-28T15:39:28","date_gmt":"2022-12-28T13:39:28","guid":{"rendered":"https:\/\/just-now.news\/de\/deutschland\/merkel-schliesst-ihre-beteiligung-an-loesung-im-ukraine-konflikt-aus\/"},"modified":"2022-12-28T15:39:28","modified_gmt":"2022-12-28T13:39:28","slug":"merkel-schliesst-ihre-beteiligung-an-loesung-im-ukraine-konflikt-aus","status":"publish","type":"post","link":"https:\/\/now-news.de\/de\/deutschland\/merkel-schliesst-ihre-beteiligung-an-loesung-im-ukraine-konflikt-aus\/","title":{"rendered":"Merkel schlie\u00dft ihre Beteiligung an L\u00f6sung im Ukraine-Konflikt aus"},"content":{"rendered":"<p><img decoding=\"async\" src=\"http:\/\/just-now.news\/de\/wp-content\/uploads\/sites\/3\/2022\/12\/63ac1e2d48fbef65d63fea2a.jpg\" \/><\/p>\n<div class=\"Text-root Text-type_1 \">\n                Der Krieg in der Ukraine werde eines Tages mit Verhandlungen enden, sagte die ehemalige Bundeskanzlerin in einem Interview. Ihre Teilnahme an m\u00f6glichen Gespr\u00e4chen \u00fcber eine friedliche Beilegung schloss sie aber aus.\n            <\/div>\n<p><\/p>\n<div class=\"Text-root Text-type_5 ArticleView-text ViewText-root \">\n<p>Die ehemalige Bundeskanzlerin erkl\u00e4rte in einem Interview mit der italienischen Tageszeitung\u00a0<em>Corriere della Sera<\/em>, dass ihre Beteiligung an einer Friedensregelung zwischen Russland und der Ukraine nicht infrage komme. Wie der Krieg enden wird, wisse sie nicht genau. &#8220;Irgendwann wird es zu Verhandlungen kommen. Kriege enden am Verhandlungstisch. Es gibt einen Unterschied zwischen einem erzwungenen Frieden, den ich, wie viele andere auch, nicht will, und einem offenen und freundschaftlichen Gespr\u00e4ch&#8221;, erkl\u00e4rte sie.<\/p>\n<p>Zu ihrer Politik gegen\u00fcber Russland und der Ukraine sagte Merkel, sie habe damals Entscheidungen nach einer Logik getroffen, die f\u00fcr sie immer noch vern\u00fcnftig erscheine:<\/p>\n<blockquote>\n<p><em>&#8220;Es ging darum, einen Krieg wie den jetzigen zu verhindern. Nur weil es nicht funktioniert hat, hei\u00dft das nicht, dass es falsch war, es zu versuchen&#8221;.<\/em><\/p>\n<\/blockquote>\n<p>Die Alternativen, die es damals gegeben habe, wie etwa\u00a0eine m\u00f6gliche NATO-Mitgliedschaft der Ukraine und Georgiens,\u00a0seien aus ihrer Sicht falsch gewesen.\u00a0&#8220;Die beiden L\u00e4nder erf\u00fcllten die Anforderungen nicht&#8221;.<\/p>\n<p>Au\u00dferdem betonte sie noch einmal, was sie bereits in einem Interview mit der\u00a0<em>Zeit\u00a0<\/em>gesagt hatte. Der eingefrorene Konflikt habe der Ukraine wertvolle Zeit verschafft. &#8220;Die Ukraine nutzte diese Zeit, um st\u00e4rker zu werden, wie man heute sehen kann. Das Land von 2014\/15 ist nicht das Land von heute. Und ich bezweifle, dass die NATO viel h\u00e4tte tun k\u00f6nnen, um der Ukraine zu helfen, wie sie es heute tut.&#8221;\u00a0<\/p>\n<p>&#8220;Nat\u00fcrlich kann man sich heute fragen, warum der Bau der Gaspipeline Nord Stream 2 in einer solchen Situation genehmigt wurde&#8221;, fuhr sie fort. Allerdings habe nicht die Bundesrepublik die Genehmigungen f\u00fcr\u00a0die Pipeline\u00a0beantragt, sondern die Unternehmen selbst.<\/p>\n<p>Zu den Hintergr\u00fcnden ihrer Zitteranf\u00e4lle im Jahr 2019 sagte Merkel, es sei ein schwieriger Moment f\u00fcr sie gewesen, eine Art kurzer Blackout, noch dazu bei einem offiziellen Anlass, w\u00e4hrend des Abspielens der Nationalhymnen. &#8220;Meine Mutter war gestorben und ich hatte in ihren letzten Lebenswochen zu wenig Zeit gehabt, mich um sie zu k\u00fcmmern.&#8221; Au\u00dferdem sei es hei\u00df gewesen und sie hatte das Gef\u00fchl, &#8220;vollkommen durchsichtig zu sein&#8221;.<\/p>\n<p><strong>Mehr zum Thema<\/strong> &#8211; <a rel=\"nofollow noopener\" target=\"_blank\" href=\"https:\/\/de.rt.com\/inland\/156571-angela-merkel-donbass-konflikt-sollte\/\">Angela Merkel: Donbass-Konflikt sollte nie friedlich gel\u00f6st werden<\/a><\/p>\n<\/div>\n<p><br \/>\n<br \/><a href=\"https:\/\/de.rt.com\/europa\/158364-merkel-schliesst-ihre-beteiligung-an\/\">Source link <\/a><\/p>\n","protected":false},"excerpt":{"rendered":"<p>Der Krieg in der Ukraine werde eines Tages mit Verhandlungen enden, sagte die ehemalige Bundeskanzlerin in einem Interview. Ihre Teilnahme an m\u00f6glichen Gespr\u00e4chen \u00fcber eine friedliche Beilegung schloss sie aber aus. Die ehemalige Bundeskanzlerin erkl\u00e4rte in einem Interview mit der italienischen Tageszeitung\u00a0Corriere della Sera, dass ihre Beteiligung an einer Friedensregelung zwischen Russland und der Ukraine [&hellip;]<\/p>\n","protected":false},"author":3,"featured_media":26463,"comment_status":"open","ping_status":"open","sticky":false,"template":"","format":"standard","meta":{"_yoast_indexnow_last_ping":["1672235582"],"wp_automatic_camp":["217"],"ce17a378182b8b85e147ff2b372d31ab":["Merkel schlie\u00dft ihre Beteiligung an L\u00f6sung im Ukraine-Konflikt aus"],"original_link":["https:\/\/de.rt.com\/europa\/158364-merkel-schliesst-ihre-beteiligung-an\/"],"_thumbnail_id":["26463"],"_wptgpro_p2tg_sent2tg":["a:1:{i:23737;s:19:\"2022-12-28 15:54:10\";}"],"jnews_social_counter_last_update":["1777655681"]},"categories":[19,23],"tags":[679,4912,1908,4583,55,870,1173],"yoast_head":"<!-- This site is optimized with the Yoast SEO Premium plugin v22.7 (Yoast SEO v22.7) - https:\/\/yoast.com\/wordpress\/plugins\/seo\/ -->\n<title>Merkel schlie\u00dft ihre Beteiligung an L\u00f6sung im Ukraine-Konflikt aus - just-now.NEWS Deutschland<\/title>\n<meta name=\"robots\" content=\"index, follow, max-snippet:-1, max-image-preview:large, max-video-preview:-1\" \/>\n<link rel=\"canonical\" href=\"https:\/\/now-news.de\/de\/deutschland\/merkel-schliesst-ihre-beteiligung-an-loesung-im-ukraine-konflikt-aus\/\" \/>\n<meta property=\"og:locale\" content=\"de_DE\" \/>\n<meta property=\"og:type\" content=\"article\" \/>\n<meta property=\"og:title\" content=\"Merkel schlie\u00dft ihre Beteiligung an L\u00f6sung im Ukraine-Konflikt aus\" \/>\n<meta property=\"og:description\" content=\"Der Krieg in der Ukraine werde eines Tages mit Verhandlungen enden, sagte die ehemalige Bundeskanzlerin in einem Interview. Ihre Teilnahme an m\u00f6glichen Gespr\u00e4chen \u00fcber eine friedliche Beilegung schloss sie aber aus. Die ehemalige Bundeskanzlerin erkl\u00e4rte in einem Interview mit der italienischen Tageszeitung\u00a0Corriere della Sera, dass ihre Beteiligung an einer Friedensregelung zwischen Russland und der Ukraine [&hellip;]\" \/>\n<meta property=\"og:url\" content=\"https:\/\/now-news.de\/de\/deutschland\/merkel-schliesst-ihre-beteiligung-an-loesung-im-ukraine-konflikt-aus\/\" \/>\n<meta property=\"og:site_name\" content=\"just-now.NEWS Deutschland\" \/>\n<meta property=\"article:publisher\" content=\"https:\/\/www.facebook.com\/wirmachenauf\" \/>\n<meta property=\"article:published_time\" content=\"2022-12-28T13:39:28+00:00\" \/>\n<meta property=\"og:image\" content=\"https:\/\/now-news.de\/de\/wp-content\/uploads\/sites\/3\/2022\/12\/Merkel-schliesst-ihre-Beteiligung-an-Loesung-im-Ukraine-Konflikt-aus.jpg\" \/>\n\t<meta property=\"og:image:width\" content=\"460\" \/>\n\t<meta property=\"og:image:height\" content=\"259\" \/>\n\t<meta property=\"og:image:type\" content=\"image\/jpeg\" \/>\n<meta name=\"author\" content=\"rtnews\" \/>\n<meta name=\"twitter:card\" content=\"summary_large_image\" \/>\n<meta name=\"twitter:creator\" content=\"@WirMachenAuf_de\" \/>\n<meta name=\"twitter:site\" content=\"@WirMachenAuf_de\" \/>\n<meta name=\"twitter:label1\" content=\"Verfasst von\" \/>\n\t<meta name=\"twitter:data1\" content=\"rtnews\" \/>\n\t<meta name=\"twitter:label2\" content=\"Gesch\u00e4tzte Lesezeit\" \/>\n\t<meta name=\"twitter:data2\" content=\"2\u00a0Minuten\" \/>\n<script type=\"application\/ld+json\" class=\"yoast-schema-graph\">{\"@context\":\"https:\/\/schema.org\",\"@graph\":[{\"@type\":\"Article\",\"@id\":\"https:\/\/now-news.de\/de\/deutschland\/merkel-schliesst-ihre-beteiligung-an-loesung-im-ukraine-konflikt-aus\/#article\",\"isPartOf\":{\"@id\":\"https:\/\/now-news.de\/de\/deutschland\/merkel-schliesst-ihre-beteiligung-an-loesung-im-ukraine-konflikt-aus\/\"},\"author\":{\"name\":\"rtnews\",\"@id\":\"https:\/\/now-news.de\/de\/#\/schema\/person\/fb534a4e865501d8b3285208df34a9b5\"},\"headline\":\"Merkel schlie\u00dft ihre Beteiligung an L\u00f6sung im Ukraine-Konflikt aus\",\"datePublished\":\"2022-12-28T13:39:28+00:00\",\"dateModified\":\"2022-12-28T13:39:28+00:00\",\"mainEntityOfPage\":{\"@id\":\"https:\/\/now-news.de\/de\/deutschland\/merkel-schliesst-ihre-beteiligung-an-loesung-im-ukraine-konflikt-aus\/\"},\"wordCount\":405,\"commentCount\":0,\"publisher\":{\"@id\":\"https:\/\/now-news.de\/de\/#organization\"},\"image\":{\"@id\":\"https:\/\/now-news.de\/de\/deutschland\/merkel-schliesst-ihre-beteiligung-an-loesung-im-ukraine-konflikt-aus\/#primaryimage\"},\"thumbnailUrl\":\"https:\/\/now-news.de\/de\/wp-content\/uploads\/sites\/3\/2022\/12\/Merkel-schliesst-ihre-Beteiligung-an-Loesung-im-Ukraine-Konflikt-aus.jpg\",\"keywords\":[\"aus\",\"Beteiligung\",\"ihre\",\"L\u00f6sung\",\"Merkel\",\"schlie\u00dft\",\"UkraineKonflikt\"],\"articleSection\":[\"Deutschland\",\"Russland\"],\"inLanguage\":\"de\",\"potentialAction\":[{\"@type\":\"CommentAction\",\"name\":\"Comment\",\"target\":[\"https:\/\/now-news.de\/de\/deutschland\/merkel-schliesst-ihre-beteiligung-an-loesung-im-ukraine-konflikt-aus\/#respond\"]}]},{\"@type\":\"WebPage\",\"@id\":\"https:\/\/now-news.de\/de\/deutschland\/merkel-schliesst-ihre-beteiligung-an-loesung-im-ukraine-konflikt-aus\/\",\"url\":\"https:\/\/now-news.de\/de\/deutschland\/merkel-schliesst-ihre-beteiligung-an-loesung-im-ukraine-konflikt-aus\/\",\"name\":\"Merkel schlie\u00dft ihre Beteiligung an L\u00f6sung im Ukraine-Konflikt aus - just-now.NEWS Deutschland\",\"isPartOf\":{\"@id\":\"https:\/\/now-news.de\/de\/#website\"},\"primaryImageOfPage\":{\"@id\":\"https:\/\/now-news.de\/de\/deutschland\/merkel-schliesst-ihre-beteiligung-an-loesung-im-ukraine-konflikt-aus\/#primaryimage\"},\"image\":{\"@id\":\"https:\/\/now-news.de\/de\/deutschland\/merkel-schliesst-ihre-beteiligung-an-loesung-im-ukraine-konflikt-aus\/#primaryimage\"},\"thumbnailUrl\":\"https:\/\/now-news.de\/de\/wp-content\/uploads\/sites\/3\/2022\/12\/Merkel-schliesst-ihre-Beteiligung-an-Loesung-im-Ukraine-Konflikt-aus.jpg\",\"datePublished\":\"2022-12-28T13:39:28+00:00\",\"dateModified\":\"2022-12-28T13:39:28+00:00\",\"breadcrumb\":{\"@id\":\"https:\/\/now-news.de\/de\/deutschland\/merkel-schliesst-ihre-beteiligung-an-loesung-im-ukraine-konflikt-aus\/#breadcrumb\"},\"inLanguage\":\"de\",\"potentialAction\":[{\"@type\":\"ReadAction\",\"target\":[\"https:\/\/now-news.de\/de\/deutschland\/merkel-schliesst-ihre-beteiligung-an-loesung-im-ukraine-konflikt-aus\/\"]}]},{\"@type\":\"ImageObject\",\"inLanguage\":\"de\",\"@id\":\"https:\/\/now-news.de\/de\/deutschland\/merkel-schliesst-ihre-beteiligung-an-loesung-im-ukraine-konflikt-aus\/#primaryimage\",\"url\":\"https:\/\/now-news.de\/de\/wp-content\/uploads\/sites\/3\/2022\/12\/Merkel-schliesst-ihre-Beteiligung-an-Loesung-im-Ukraine-Konflikt-aus.jpg\",\"contentUrl\":\"https:\/\/now-news.de\/de\/wp-content\/uploads\/sites\/3\/2022\/12\/Merkel-schliesst-ihre-Beteiligung-an-Loesung-im-Ukraine-Konflikt-aus.jpg\",\"width\":460,\"height\":259,\"caption\":\"Merkel schlie\u00dft ihre Beteiligung an L\u00f6sung im Ukraine-Konflikt aus\"},{\"@type\":\"BreadcrumbList\",\"@id\":\"https:\/\/now-news.de\/de\/deutschland\/merkel-schliesst-ihre-beteiligung-an-loesung-im-ukraine-konflikt-aus\/#breadcrumb\",\"itemListElement\":[{\"@type\":\"ListItem\",\"position\":1,\"name\":\"Home\",\"item\":\"https:\/\/now-news.de\/de\/\"},{\"@type\":\"ListItem\",\"position\":2,\"name\":\"Merkel schlie\u00dft ihre Beteiligung an L\u00f6sung im Ukraine-Konflikt aus\"}]},{\"@type\":\"WebSite\",\"@id\":\"https:\/\/now-news.de\/de\/#website\",\"url\":\"https:\/\/now-news.de\/de\/\",\"name\":\"just-now.NEWS Deutschland\",\"description\":\"Das Portal f\u00fcr unzensierte Nachrichten aus der Welt\",\"publisher\":{\"@id\":\"https:\/\/now-news.de\/de\/#organization\"},\"potentialAction\":[{\"@type\":\"SearchAction\",\"target\":{\"@type\":\"EntryPoint\",\"urlTemplate\":\"https:\/\/now-news.de\/de\/?s={search_term_string}\"},\"query-input\":\"required name=search_term_string\"}],\"inLanguage\":\"de\"},{\"@type\":\"Organization\",\"@id\":\"https:\/\/now-news.de\/de\/#organization\",\"name\":\"Just Now News\",\"url\":\"https:\/\/now-news.de\/de\/\",\"logo\":{\"@type\":\"ImageObject\",\"inLanguage\":\"de\",\"@id\":\"https:\/\/now-news.de\/de\/#\/schema\/logo\/image\/\",\"url\":\"http:\/\/just-now.news\/de\/wp-content\/uploads\/sites\/3\/2022\/04\/logo500x500.jpg\",\"contentUrl\":\"http:\/\/just-now.news\/de\/wp-content\/uploads\/sites\/3\/2022\/04\/logo500x500.jpg\",\"width\":500,\"height\":500,\"caption\":\"Just Now News\"},\"image\":{\"@id\":\"https:\/\/now-news.de\/de\/#\/schema\/logo\/image\/\"},\"sameAs\":[\"https:\/\/www.facebook.com\/wirmachenauf\",\"https:\/\/x.com\/WirMachenAuf_de\"]},{\"@type\":\"Person\",\"@id\":\"https:\/\/now-news.de\/de\/#\/schema\/person\/fb534a4e865501d8b3285208df34a9b5\",\"name\":\"rtnews\",\"image\":{\"@type\":\"ImageObject\",\"inLanguage\":\"de\",\"@id\":\"https:\/\/now-news.de\/de\/#\/schema\/person\/image\/\",\"url\":\"https:\/\/secure.gravatar.com\/avatar\/82aafea7d8127119dd649515f56e2117?s=96&d=mm&r=g\",\"contentUrl\":\"https:\/\/secure.gravatar.com\/avatar\/82aafea7d8127119dd649515f56e2117?s=96&d=mm&r=g\",\"caption\":\"rtnews\"},\"url\":\"https:\/\/now-news.de\/de\/author\/rnews\/\"}]}<\/script>\n<!-- \/ Yoast SEO Premium plugin. -->","yoast_head_json":{"title":"Merkel schlie\u00dft ihre Beteiligung an L\u00f6sung im Ukraine-Konflikt aus - just-now.NEWS Deutschland","robots":{"index":"index","follow":"follow","max-snippet":"max-snippet:-1","max-image-preview":"max-image-preview:large","max-video-preview":"max-video-preview:-1"},"canonical":"https:\/\/now-news.de\/de\/deutschland\/merkel-schliesst-ihre-beteiligung-an-loesung-im-ukraine-konflikt-aus\/","og_locale":"de_DE","og_type":"article","og_title":"Merkel schlie\u00dft ihre Beteiligung an L\u00f6sung im Ukraine-Konflikt aus","og_description":"Der Krieg in der Ukraine werde eines Tages mit Verhandlungen enden, sagte die ehemalige Bundeskanzlerin in einem Interview. Ihre Teilnahme an m\u00f6glichen Gespr\u00e4chen \u00fcber eine friedliche Beilegung schloss sie aber aus. Die ehemalige Bundeskanzlerin erkl\u00e4rte in einem Interview mit der italienischen Tageszeitung\u00a0Corriere della Sera, dass ihre Beteiligung an einer Friedensregelung zwischen Russland und der Ukraine [&hellip;]","og_url":"https:\/\/now-news.de\/de\/deutschland\/merkel-schliesst-ihre-beteiligung-an-loesung-im-ukraine-konflikt-aus\/","og_site_name":"just-now.NEWS Deutschland","article_publisher":"https:\/\/www.facebook.com\/wirmachenauf","article_published_time":"2022-12-28T13:39:28+00:00","og_image":[{"width":460,"height":259,"url":"https:\/\/now-news.de\/de\/wp-content\/uploads\/sites\/3\/2022\/12\/Merkel-schliesst-ihre-Beteiligung-an-Loesung-im-Ukraine-Konflikt-aus.jpg","type":"image\/jpeg"}],"author":"rtnews","twitter_card":"summary_large_image","twitter_creator":"@WirMachenAuf_de","twitter_site":"@WirMachenAuf_de","twitter_misc":{"Verfasst von":"rtnews","Gesch\u00e4tzte Lesezeit":"2\u00a0Minuten"},"schema":{"@context":"https:\/\/schema.org","@graph":[{"@type":"Article","@id":"https:\/\/now-news.de\/de\/deutschland\/merkel-schliesst-ihre-beteiligung-an-loesung-im-ukraine-konflikt-aus\/#article","isPartOf":{"@id":"https:\/\/now-news.de\/de\/deutschland\/merkel-schliesst-ihre-beteiligung-an-loesung-im-ukraine-konflikt-aus\/"},"author":{"name":"rtnews","@id":"https:\/\/now-news.de\/de\/#\/schema\/person\/fb534a4e865501d8b3285208df34a9b5"},"headline":"Merkel schlie\u00dft ihre Beteiligung an L\u00f6sung im Ukraine-Konflikt aus","datePublished":"2022-12-28T13:39:28+00:00","dateModified":"2022-12-28T13:39:28+00:00","mainEntityOfPage":{"@id":"https:\/\/now-news.de\/de\/deutschland\/merkel-schliesst-ihre-beteiligung-an-loesung-im-ukraine-konflikt-aus\/"},"wordCount":405,"commentCount":0,"publisher":{"@id":"https:\/\/now-news.de\/de\/#organization"},"image":{"@id":"https:\/\/now-news.de\/de\/deutschland\/merkel-schliesst-ihre-beteiligung-an-loesung-im-ukraine-konflikt-aus\/#primaryimage"},"thumbnailUrl":"https:\/\/now-news.de\/de\/wp-content\/uploads\/sites\/3\/2022\/12\/Merkel-schliesst-ihre-Beteiligung-an-Loesung-im-Ukraine-Konflikt-aus.jpg","keywords":["aus","Beteiligung","ihre","L\u00f6sung","Merkel","schlie\u00dft","UkraineKonflikt"],"articleSection":["Deutschland","Russland"],"inLanguage":"de","potentialAction":[{"@type":"CommentAction","name":"Comment","target":["https:\/\/now-news.de\/de\/deutschland\/merkel-schliesst-ihre-beteiligung-an-loesung-im-ukraine-konflikt-aus\/#respond"]}]},{"@type":"WebPage","@id":"https:\/\/now-news.de\/de\/deutschland\/merkel-schliesst-ihre-beteiligung-an-loesung-im-ukraine-konflikt-aus\/","url":"https:\/\/now-news.de\/de\/deutschland\/merkel-schliesst-ihre-beteiligung-an-loesung-im-ukraine-konflikt-aus\/","name":"Merkel schlie\u00dft ihre Beteiligung an L\u00f6sung im Ukraine-Konflikt aus - just-now.NEWS Deutschland","isPartOf":{"@id":"https:\/\/now-news.de\/de\/#website"},"primaryImageOfPage":{"@id":"https:\/\/now-news.de\/de\/deutschland\/merkel-schliesst-ihre-beteiligung-an-loesung-im-ukraine-konflikt-aus\/#primaryimage"},"image":{"@id":"https:\/\/now-news.de\/de\/deutschland\/merkel-schliesst-ihre-beteiligung-an-loesung-im-ukraine-konflikt-aus\/#primaryimage"},"thumbnailUrl":"https:\/\/now-news.de\/de\/wp-content\/uploads\/sites\/3\/2022\/12\/Merkel-schliesst-ihre-Beteiligung-an-Loesung-im-Ukraine-Konflikt-aus.jpg","datePublished":"2022-12-28T13:39:28+00:00","dateModified":"2022-12-28T13:39:28+00:00","breadcrumb":{"@id":"https:\/\/now-news.de\/de\/deutschland\/merkel-schliesst-ihre-beteiligung-an-loesung-im-ukraine-konflikt-aus\/#breadcrumb"},"inLanguage":"de","potentialAction":[{"@type":"ReadAction","target":["https:\/\/now-news.de\/de\/deutschland\/merkel-schliesst-ihre-beteiligung-an-loesung-im-ukraine-konflikt-aus\/"]}]},{"@type":"ImageObject","inLanguage":"de","@id":"https:\/\/now-news.de\/de\/deutschland\/merkel-schliesst-ihre-beteiligung-an-loesung-im-ukraine-konflikt-aus\/#primaryimage","url":"https:\/\/now-news.de\/de\/wp-content\/uploads\/sites\/3\/2022\/12\/Merkel-schliesst-ihre-Beteiligung-an-Loesung-im-Ukraine-Konflikt-aus.jpg","contentUrl":"https:\/\/now-news.de\/de\/wp-content\/uploads\/sites\/3\/2022\/12\/Merkel-schliesst-ihre-Beteiligung-an-Loesung-im-Ukraine-Konflikt-aus.jpg","width":460,"height":259,"caption":"Merkel schlie\u00dft ihre Beteiligung an L\u00f6sung im Ukraine-Konflikt aus"},{"@type":"BreadcrumbList","@id":"https:\/\/now-news.de\/de\/deutschland\/merkel-schliesst-ihre-beteiligung-an-loesung-im-ukraine-konflikt-aus\/#breadcrumb","itemListElement":[{"@type":"ListItem","position":1,"name":"Home","item":"https:\/\/now-news.de\/de\/"},{"@type":"ListItem","position":2,"name":"Merkel schlie\u00dft ihre Beteiligung an L\u00f6sung im Ukraine-Konflikt aus"}]},{"@type":"WebSite","@id":"https:\/\/now-news.de\/de\/#website","url":"https:\/\/now-news.de\/de\/","name":"just-now.NEWS Deutschland","description":"Das Portal f\u00fcr unzensierte Nachrichten aus der Welt","publisher":{"@id":"https:\/\/now-news.de\/de\/#organization"},"potentialAction":[{"@type":"SearchAction","target":{"@type":"EntryPoint","urlTemplate":"https:\/\/now-news.de\/de\/?s={search_term_string}"},"query-input":"required name=search_term_string"}],"inLanguage":"de"},{"@type":"Organization","@id":"https:\/\/now-news.de\/de\/#organization","name":"Just Now News","url":"https:\/\/now-news.de\/de\/","logo":{"@type":"ImageObject","inLanguage":"de","@id":"https:\/\/now-news.de\/de\/#\/schema\/logo\/image\/","url":"http:\/\/just-now.news\/de\/wp-content\/uploads\/sites\/3\/2022\/04\/logo500x500.jpg","contentUrl":"http:\/\/just-now.news\/de\/wp-content\/uploads\/sites\/3\/2022\/04\/logo500x500.jpg","width":500,"height":500,"caption":"Just Now News"},"image":{"@id":"https:\/\/now-news.de\/de\/#\/schema\/logo\/image\/"},"sameAs":["https:\/\/www.facebook.com\/wirmachenauf","https:\/\/x.com\/WirMachenAuf_de"]},{"@type":"Person","@id":"https:\/\/now-news.de\/de\/#\/schema\/person\/fb534a4e865501d8b3285208df34a9b5","name":"rtnews","image":{"@type":"ImageObject","inLanguage":"de","@id":"https:\/\/now-news.de\/de\/#\/schema\/person\/image\/","url":"https:\/\/secure.gravatar.com\/avatar\/82aafea7d8127119dd649515f56e2117?s=96&d=mm&r=g","contentUrl":"https:\/\/secure.gravatar.com\/avatar\/82aafea7d8127119dd649515f56e2117?s=96&d=mm&r=g","caption":"rtnews"},"url":"https:\/\/now-news.de\/de\/author\/rnews\/"}]}},"_links":{"self":[{"href":"https:\/\/now-news.de\/de\/wp-json\/wp\/v2\/posts\/26462"}],"collection":[{"href":"https:\/\/now-news.de\/de\/wp-json\/wp\/v2\/posts"}],"about":[{"href":"https:\/\/now-news.de\/de\/wp-json\/wp\/v2\/types\/post"}],"author":[{"embeddable":true,"href":"https:\/\/now-news.de\/de\/wp-json\/wp\/v2\/users\/3"}],"replies":[{"embeddable":true,"href":"https:\/\/now-news.de\/de\/wp-json\/wp\/v2\/comments?post=26462"}],"version-history":[{"count":0,"href":"https:\/\/now-news.de\/de\/wp-json\/wp\/v2\/posts\/26462\/revisions"}],"wp:featuredmedia":[{"embeddable":true,"href":"https:\/\/now-news.de\/de\/wp-json\/wp\/v2\/media\/26463"}],"wp:attachment":[{"href":"https:\/\/now-news.de\/de\/wp-json\/wp\/v2\/media?parent=26462"}],"wp:term":[{"taxonomy":"category","embeddable":true,"href":"https:\/\/now-news.de\/de\/wp-json\/wp\/v2\/categories?post=26462"},{"taxonomy":"post_tag","embeddable":true,"href":"https:\/\/now-news.de\/de\/wp-json\/wp\/v2\/tags?post=26462"}],"curies":[{"name":"wp","href":"https:\/\/api.w.org\/{rel}","templated":true}]}}