{"id":26428,"date":"2022-12-28T08:00:38","date_gmt":"2022-12-28T06:00:38","guid":{"rendered":"https:\/\/just-now.news\/de\/deutschland\/liveticker-ukraine-krieg-hacker-veroeffentlichen-daten-ueber-ukrainische-cyber-truppen\/"},"modified":"2022-12-28T08:00:38","modified_gmt":"2022-12-28T06:00:38","slug":"liveticker-ukraine-krieg-hacker-veroeffentlichen-daten-ueber-ukrainische-cyber-truppen","status":"publish","type":"post","link":"https:\/\/now-news.de\/de\/deutschland\/liveticker-ukraine-krieg-hacker-veroeffentlichen-daten-ueber-ukrainische-cyber-truppen\/","title":{"rendered":"Liveticker Ukraine-Krieg: Hacker ver\u00f6ffentlichen Daten \u00fcber ukrainische Cyber-Truppen"},"content":{"rendered":"<div class=\"Text-root Text-type_1 \">\n                Russland f\u00fchrt gemeinsam mit den Streitkr\u00e4ften der Donbass-Republiken eine Milit\u00e4roperation in der Ukraine durch. Der Westen reagiert mit immer neuen Waffenlieferungen an die Ukraine und beispiellosen Sanktionen gegen Russland. Lesen Sie hier die neuesten Entwicklungen.\n            <\/div>\n<p><\/p>\n<div class=\"ArticleView-liveUpdates\">\n<div class=\"LiveUpdates-root\">\n<div class=\"LiveUpdates-content\">\n<ul class=\"LiveUpdates-list Listing-root\" data-listing=\"LiveUpdates\" data-count=\"10\">\n<li class=\"LiveUpdates-item Listing-item\">\n<div class=\"LiveUpdates-date\">\n<p class=\"HeaderNews-root HeaderNews-type_2 \">\n                28.12.2022 07:01 Uhr\n            <\/p>\n<\/div>\n<div class=\"LiveUpdate-root\">\n<div class=\"LiveUpdate-date\">\n<p class=\"HeaderNews-root HeaderNews-type_6 \">\n                07:01 Uhr\n            <\/p>\n<\/div>\n<div class=\"LiveUpdate-content\">\n<div class=\"LiveUpdate-text\">\n<div class=\"Text-root Text-type_5 ViewText-root\">\n<p><strong>Hacker ver\u00f6ffentlichen Daten von ukrainischen Soldaten und Offizieren der &#8220;Cyber-Truppen&#8221;<\/strong><\/p>\n<p>Die Hackergruppe RaHDit (B\u00f6se russische Hacker) hat auf dem antifaschistischen Portal <em>Nemesis<\/em> Daten \u00fcber mehr als 70 ukrainische Soldaten und Offiziere der sogenannten Cyberkr\u00e4fte der ukrainischen Armee ver\u00f6ffentlicht. In einer Nachricht auf dem Telegram-Kanal der Gruppe hei\u00dft es:<\/p>\n<p><em>&#8220;Wir gehen zur zweiten Phase \u00fcber. Lernen Sie die Elite der ukrainischen Cyberkr\u00e4fte kennen \u2013 hauptamtliche Hacker, Teilnehmer an regelm\u00e4\u00dfigen beh\u00f6rden\u00fcbergreifenden CTF-Wettbewerben (&#8216;Capture the Flag&#8217;) zwischen den Machtstrukturen des Staates 404.&#8221;<\/em><\/p>\n<p>Nach Angaben der Hacker geh\u00f6ren die ver\u00f6ffentlichten Daten zu professionellen Hackern des ukrainischen Verteidigungsministeriums sowie zu Vertretern der ukrainischen Nationalgarde, Ausbildungseinrichtungen f\u00fcr Informationsverteidigung und sogar zu SBU-Mitarbeitern.<\/p>\n<p><em>&#8220;Das sind Einzelexemplare. Es sind diejenigen, die die F\u00e4den der IT-Armee und anderer Erpresser ziehen und ihnen sagen, wo sie sich einhacken und wann sie die Kn\u00f6pfe dr\u00fccken m\u00fcssen. Aber auch sie sind nur eine Dekoration. Morgen werden wir die Gesichter der wahren Anf\u00fchrer der ukrainischen Cyberclownada zeigen.&#8221;<\/em><\/p>\n<p>Am Vortag ver\u00f6ffentlichte RaHDit auf der <em>Nemesis<\/em>-Webseite den ersten Teil der Daten \u00fcber ukrainische Hacker der IT-Armee der Ukraine, bestehend aus 759 Personen, sowie\u00a0von 406 Personen der SMM-Aktivisten der Bewegung &#8220;Rettet die Ukraine&#8221;.<\/p>\n<p>Die ver\u00f6ffentlichten Daten enthalten Informationen \u00fcber Kadetten und Lehrkr\u00e4fte ukrainischer Milit\u00e4runiversit\u00e4ten sowie \u00fcber Offiziere von IT-Abteilungen und deren Daten in sozialen Netzwerken.<\/p>\n<\/div>\n<\/div>\n<\/div>\n<\/div>\n<\/li>\n<li class=\"LiveUpdates-item Listing-item\">\n<div class=\"LiveUpdates-date\">\n<p class=\"HeaderNews-root HeaderNews-type_2 \">\n                27.12.2022 22:00 Uhr\n            <\/p>\n<\/div>\n<div class=\"LiveUpdate-root\">\n<div class=\"LiveUpdate-date\">\n<p class=\"HeaderNews-root HeaderNews-type_6 \">\n                22:00 Uhr\n            <\/p>\n<\/div>\n<div class=\"LiveUpdate-content\">\n<div class=\"LiveUpdate-text\">\n<div class=\"Text-root Text-type_5 ViewText-root\">\n<p>Damit beenden wir f\u00fcr heute den Live-Ticker zur Lage im Ukraine-Konflikt. Morgen fr\u00fch ab 7 Uhr geht es mit der Berichterstattung weiter. Wir w\u00fcnschen unseren Lesern trotz aller Spannungen in der Welt eine gute Nacht!<\/p>\n<\/div>\n<\/div>\n<\/div>\n<\/div>\n<\/li>\n<li class=\"LiveUpdates-item Listing-item\">\n<div class=\"LiveUpdate-root\">\n<div class=\"LiveUpdate-date\">\n<p class=\"HeaderNews-root HeaderNews-type_6 \">\n                21:52 Uhr\n            <\/p>\n<\/div>\n<div class=\"LiveUpdate-content\">\n<div class=\"LiveUpdate-text\">\n<div class=\"Text-root Text-type_5 ViewText-root\">\n<p><strong><\/strong><strong>Stromausf\u00e4lle\u00a0in Kiew werden den ganzen Winter dauern<\/strong><\/p>\n<figure class=\"RTImage-root\">\n<div class=\"RTImage-image RTImage-original\"><picture class=\"Picture-root Picture-original\"><!--[if IE 9]><video style=\"display: none;\"><![endif]--><source media=\"(-webkit-min-device-pixel-ratio: 2) and (min-resolution: 120dpi)\" data-srcset=\" \nhttp:\/\/just-now.news\/de\/wp-content\/uploads\/sites\/3\/2022\/12\/63ab4b4948fbef65d63fe9a6.jpg 850w,\n                http:\/\/just-now.news\/de\/wp-content\/uploads\/sites\/3\/2022\/12\/63ab4b4948fbef65d63fe9a6.jpg 1960w,\n            \" ><source data-srcset=\" \nhttp:\/\/just-now.news\/de\/wp-content\/uploads\/sites\/3\/2022\/12\/63ab4b4948fbef65d63fe9a6.jpg 460w,\n              http:\/\/just-now.news\/de\/wp-content\/uploads\/sites\/3\/2022\/12\/63ab4b4948fbef65d63fe9a6.jpg 980w,\n            \" ><!--[if IE 9]><\/video><![endif]--><img decoding=\"async\" data- src=\"data:image\/png;base64,iVBORw0KGgoAAAANSUhEUgAAABAAAAAJCAQAAACRI2S5AAAAEElEQVR42mNkIAAYRxWAAQAG9gAKqv6+AwAAAABJRU5ErkJggg==\" class=\"Picture-root Picture-original lazyload\" data-src=\"http:\/\/just-now.news\/de\/wp-content\/uploads\/sites\/3\/2022\/12\/63ab4b4948fbef65d63fe9a6.jpg\" alt=\"\"><\/source><\/source><\/picture><!-- noscript pattern --><noscript><img decoding=\"async\" src=\"http:\/\/just-now.news\/de\/wp-content\/uploads\/sites\/3\/2022\/12\/63ab4b4948fbef65d63fe9a6.jpg\" alt=\"\"><\/noscript><\/div><figcaption class=\"RTImage-footer\"><span class=\"RTImage-caption\"><span class=\"RTImage-captionItem\">Stromausfall in Kiew (Symbolbild)<\/span><\/span><span class=\"RTImage-source\"><span class=\"RTImage-captionItem\">Sergei CHUZAVKOV<\/span><span class=\"RTImage-captionItem\"> \/ AFP<\/span><\/span><\/figcaption><\/figure>\n<p>Notabschaltungen der Elektrizit\u00e4t in Kiew werden den ganzen Winter andauern, erkl\u00e4rte der stellvertretende B\u00fcrgermeister Petr Pantelejew. In einer Sendung des Fernsehkanals\u00a0<em>Kiew<\/em> sagte er:<\/p>\n<p><em>&#8220;Die Lage bleibt schwierig. Entsprechende Reparaturarbeiten dauern an. Doch ebenfalls dauern die Beschr\u00e4nkungen und Stromabschaltungen, meist au\u00dferplanm\u00e4\u00dfige, an. So werden wir den ganzen Winter leben, das muss man verstehen.&#8221;<\/em><\/p>\n<p>Zuvor meldete das ukrainische Energieunternehmen DTEK, dass Notabschaltungen von Strom in der ukrainischen Hauptstadt weiterhin bestehen werden. Die Spannung im Netz k\u00f6nne seit \u00fcber einer Woche nicht stabilisiert werden.<\/p>\n<\/div>\n<\/div>\n<\/div>\n<\/div>\n<\/li>\n<li class=\"LiveUpdates-item Listing-item\">\n<div class=\"LiveUpdate-root\">\n<div class=\"LiveUpdate-date\">\n<p class=\"HeaderNews-root HeaderNews-type_6 \">\n                21:32 Uhr\n            <\/p>\n<\/div>\n<div class=\"LiveUpdate-content\">\n<div class=\"LiveUpdate-text\">\n<div class=\"Text-root Text-type_5 ViewText-root\">\n<p><strong>Syriens Au\u00dfenminister verurteilt Verz\u00f6gerung des Ukraine-Konflikts durch USA und ihre Verb\u00fcndete<\/strong><\/p>\n<figure class=\"RTImage-root\">\n<div class=\"RTImage-image RTImage-original\"><picture class=\"Picture-root Picture-original\"><!--[if IE 9]><video style=\"display: none;\"><![endif]--><source media=\"(-webkit-min-device-pixel-ratio: 2) and (min-resolution: 120dpi)\" data-srcset=\" \nhttp:\/\/just-now.news\/de\/wp-content\/uploads\/sites\/3\/2022\/12\/63ab4374b480cc3e5647e804.jpg 850w,\n                http:\/\/just-now.news\/de\/wp-content\/uploads\/sites\/3\/2022\/12\/63ab4374b480cc3e5647e804.jpg 1960w,\n            \" ><source data-srcset=\" \nhttp:\/\/just-now.news\/de\/wp-content\/uploads\/sites\/3\/2022\/12\/63ab4374b480cc3e5647e804.jpg 460w,\n              http:\/\/just-now.news\/de\/wp-content\/uploads\/sites\/3\/2022\/12\/63ab4374b480cc3e5647e804.jpg 980w,\n            \" ><!--[if IE 9]><\/video><![endif]--><img decoding=\"async\" data- src=\"data:image\/png;base64,iVBORw0KGgoAAAANSUhEUgAAABAAAAAJCAQAAACRI2S5AAAAEElEQVR42mNkIAAYRxWAAQAG9gAKqv6+AwAAAABJRU5ErkJggg==\" class=\"Picture-root Picture-original lazyload\" data-src=\"http:\/\/just-now.news\/de\/wp-content\/uploads\/sites\/3\/2022\/12\/63ab4374b480cc3e5647e804.jpg\" alt=\"\"><\/source><\/source><\/picture><!-- noscript pattern --><noscript><img decoding=\"async\" src=\"http:\/\/just-now.news\/de\/wp-content\/uploads\/sites\/3\/2022\/12\/63ab4374b480cc3e5647e804.jpg\" alt=\"\"><\/noscript><\/div><figcaption class=\"RTImage-footer\"><span class=\"RTImage-caption\"><span class=\"RTImage-captionItem\">Archivbild: Syriens Au\u00dfenminister Faisal Mekdad (links) und sein russischer Amtskollege Sergei Lawrow bei einem Treffen am 23. August.<\/span><\/span><span class=\"RTImage-source\"><span class=\"RTImage-captionItem\">Sergei Gunejew<\/span><span class=\"RTImage-captionItem\"> \/ Sputnik<\/span><\/span><\/figcaption><\/figure>\n<p>Der syrische Au\u00dfenminister Faisal Mekdad hat mit seinem russischen Amtskollegen Sergei Lawrow ein Telefongespr\u00e4ch gef\u00fchrt. Wie die syrische Nachrichtenagentur\u00a0<em>SANA<\/em> berichtete, verurteilte Mekdad w\u00e4hrend des Gespr\u00e4chs &#8220;die Politik der USA und ihrer Verb\u00fcndeten, die den Konflikt in der Ukraine f\u00fcr eigene Interessen verz\u00f6gern&#8221; sowie die Kampagne des Westens zur Unterwanderung von Russlands nationaler Sicherheit.<\/p>\n<p>Die Russische F\u00f6deration spiele international eine gro\u00dfe Rolle beim Widerstand gegen das Aufzwingen der westlichen Hegemonie und bei der Schaffung eines multipolaren internationalen Systems im Interesse der Sicherheit der V\u00f6lker der Welt, f\u00fcgte Syriens Au\u00dfenminister hinzu.<\/p>\n<p>Im weiteren Verlauf besprachen die Minister Wege zur St\u00e4rkung der bilateralen Beziehungen sowie Herausforderungen, die der Welt durch die westliche Politik gestellt werden, so die Meldung von\u00a0<em>SANA\u00a0<\/em>weiter.<\/p>\n<\/div>\n<\/div>\n<\/div>\n<\/div>\n<\/li>\n<li class=\"LiveUpdates-item Listing-item\">\n<div class=\"LiveUpdate-root\">\n<div class=\"LiveUpdate-date\">\n<p class=\"HeaderNews-root HeaderNews-type_6 \">\n                21:19 Uhr\n            <\/p>\n<\/div>\n<div class=\"LiveUpdate-content\">\n<div class=\"LiveUpdate-text\">\n<div class=\"Text-root Text-type_5 ViewText-root\">\n<p><strong>Weitere 16 milit\u00e4rische Ausbildungszentren werden an russischen Universit\u00e4ten er\u00f6ffnet<\/strong><\/p>\n<figure class=\"RTImage-root\">\n<div class=\"RTImage-image RTImage-original\"><picture class=\"Picture-root Picture-original\"><!--[if IE 9]><video style=\"display: none;\"><![endif]--><source media=\"(-webkit-min-device-pixel-ratio: 2) and (min-resolution: 120dpi)\" data-srcset=\" \nhttp:\/\/just-now.news\/de\/wp-content\/uploads\/sites\/3\/2022\/12\/63ab326ab480cc3301075594.jpg 850w,\n                http:\/\/just-now.news\/de\/wp-content\/uploads\/sites\/3\/2022\/12\/1672207417_985_63ab326ab480cc3301075594.jpg 1960w,\n            \" ><source data-srcset=\" \nhttp:\/\/just-now.news\/de\/wp-content\/uploads\/sites\/3\/2022\/12\/63ab326ab480cc3301075594.jpg 460w,\n              http:\/\/just-now.news\/de\/wp-content\/uploads\/sites\/3\/2022\/12\/1672207417_985_63ab326ab480cc3301075594.jpg 980w,\n            \" ><!--[if IE 9]><\/video><![endif]--><img decoding=\"async\" data- src=\"data:image\/png;base64,iVBORw0KGgoAAAANSUhEUgAAABAAAAAJCAQAAACRI2S5AAAAEElEQVR42mNkIAAYRxWAAQAG9gAKqv6+AwAAAABJRU5ErkJggg==\" class=\"Picture-root Picture-original lazyload\" data-src=\"http:\/\/just-now.news\/de\/wp-content\/uploads\/sites\/3\/2022\/12\/63ab326ab480cc3301075594.jpg\" alt=\"\"><\/source><\/source><\/picture><!-- noscript pattern --><noscript><img decoding=\"async\" src=\"http:\/\/just-now.news\/de\/wp-content\/uploads\/sites\/3\/2022\/12\/1672207417_985_63ab326ab480cc3301075594.jpg\" alt=\"\"><\/noscript><\/div><figcaption class=\"RTImage-footer\"><span class=\"RTImage-caption\"><span class=\"RTImage-captionItem\">Archivbild: Russische Studenten im ersten Jahr, die in einem milit\u00e4rischen Ausbildungszentrum ausgebildet werden.<\/span><\/span><span class=\"RTImage-source\"><span class=\"RTImage-captionItem\">Witali Ankow<\/span><span class=\"RTImage-captionItem\"> \/ Sputnik<\/span><\/span><\/figcaption><\/figure>\n<p>In 16 weiteren russischen Hochschulen werden milit\u00e4rische Ausbildungszentren eingerichtet. Der entsprechende Auftrag wurde heute vom Ministerpr\u00e4sidenten der Russischen F\u00f6deration, Michail Mischustin, unterzeichnet. Das entsprechende Dokument <a rel=\"nofollow noopener\" target=\"_blank\" href=\"http:\/\/publication.pravo.gov.ru\/Document\/View\/0001202212270042\">wurde<\/a>\u00a0auf dem offiziellen Internetportal f\u00fcr Rechtsinformationen ver\u00f6ffentlicht:<\/p>\n<p><em>&#8220;Milit\u00e4rische Ausbildungsst\u00e4tten an den\u00a0f\u00f6deralen staatlichen Hochschulen sind einzurichten.&#8221;<\/em><\/p>\n<p>Milit\u00e4rische Ausbildungszentren dienen dazu, Reservesoldaten f\u00fcr verschiedene Teilstreitkr\u00e4fte und Truppengattungen im Rahmen des Studiums auszubilden. Aktuell gibt es in Russland bereits milit\u00e4rische Ausbildungszentren an einer Reihe von Universit\u00e4ten, nun wird ihre Zahl erweitert.<\/p>\n<\/div>\n<\/div>\n<\/div>\n<\/div>\n<\/li>\n<li class=\"LiveUpdates-item Listing-item\">\n<div class=\"LiveUpdate-root\">\n<div class=\"LiveUpdate-date\">\n<p class=\"HeaderNews-root HeaderNews-type_6 \">\n                21:03 Uhr\n            <\/p>\n<\/div>\n<div class=\"LiveUpdate-content\">\n<div class=\"LiveUpdate-text\">\n<div class=\"Text-root Text-type_5 ViewText-root\">\n<p><strong>Ukrainische Truppen beschie\u00dfen Donezk und Jassinowataja<\/strong><\/p>\n<p>Das ukrainische Milit\u00e4r beschie\u00dft weiterhin St\u00e4dte in der Donezker Volksrepublik. Wie die Vertretung der DVR beim Gemeinsamen Zentrum f\u00fcr Kontrolle und Koordination meldete, wurden innerhalb von zehn Minuten zw\u00f6lf Geschosse des NATO-Kalibers 155 Millimeter gegen Donezk abgefeuert.<\/p>\n<p>Wie die Beh\u00f6rde weiter mitteilte, feuerte das ukrainische Milit\u00e4r zehn Projektile von einem Mehrfachraketenwerfer gegen die n\u00f6rdlich von Donezk gelegene Stadt Jassinowataja ab.\u00a0Laut der\u00a0<em>Donezker Nachrichtenagentur (DAN)\u00a0<\/em>wurden bei diesem Angriff das Bahnhofsgeb\u00e4ude besch\u00e4digt und mindestens ein Wohnhaus zerst\u00f6rt.<\/p>\n<\/div>\n<\/div>\n<\/div>\n<\/div>\n<\/li>\n<li class=\"LiveUpdates-item Listing-item\">\n<div class=\"LiveUpdate-root\">\n<div class=\"LiveUpdate-date\">\n<p class=\"HeaderNews-root HeaderNews-type_6 \">\n                20:47 Uhr\n            <\/p>\n<\/div>\n<div class=\"LiveUpdate-content\">\n<div class=\"LiveUpdate-text\">\n<div class=\"Text-root Text-type_5 ViewText-root\">\n<p><strong>UNO: Knapp 6.900 Zivilisten seit 24. Februar in der Ukraine gestorben<\/strong><\/p>\n<p>Seit dem Beginn der russischen Milit\u00e4roperation in der Ukraine am 24. Februar sind etwa 6.900 Zivilisten ums Leben gekommen, 10.900 weitere sind verwundet worden. Dies geht aus dem aktualisierten Bericht des B\u00fcros des\u00a0Hohen Kommissars der Vereinten Nationen f\u00fcr Menschenrechte hervor. Die Beh\u00f6rde meldete auf ihrer Webseite:<\/p>\n<p><em>&#8220;Vom 24. Februar 2022 bis 26. Dezember 2022 registrierte das B\u00fcro des Hohen Kommissars der Vereinten Nationen f\u00fcr Menschenrechte 17.831 Opfer unter der Zivilbev\u00f6lkerung im Land: 6.884 Tote und 10.947 Verwundete.&#8221;<\/em><\/p>\n<p>In dem von russischen Streitkr\u00e4ften kontrollierten Gebiet wurden 483 Tote und 1.633 Verwundete gemeldet, so die Beh\u00f6rde.\u00a0<\/p>\n<p>Der Gro\u00dfteil der Zivilopfer sei durch &#8220;Anwendung explosiver Waffen mit gro\u00dfem Wirkungsradius&#8221; verursacht worden.<\/p>\n<\/div>\n<\/div>\n<\/div>\n<\/div>\n<\/li>\n<li class=\"LiveUpdates-item Listing-item\">\n<div class=\"LiveUpdate-root\">\n<div class=\"LiveUpdate-date\">\n<p class=\"HeaderNews-root HeaderNews-type_6 \">\n                20:28 Uhr\n            <\/p>\n<\/div>\n<div class=\"LiveUpdate-content\">\n<div class=\"LiveUpdate-text\">\n<div class=\"Text-root Text-type_5 ViewText-root\">\n<p><strong>Russlands Ministerpr\u00e4sident: Industrie bew\u00e4ltigt Herausforderungen der Milit\u00e4roperation<\/strong><\/p>\n<figure class=\"RTImage-root\">\n<div class=\"RTImage-image RTImage-original\"><picture class=\"Picture-root Picture-original\"><!--[if IE 9]><video style=\"display: none;\"><![endif]--><source media=\"(-webkit-min-device-pixel-ratio: 2) and (min-resolution: 120dpi)\" data-srcset=\" \nhttp:\/\/just-now.news\/de\/wp-content\/uploads\/sites\/3\/2022\/12\/63ab15d048fbef581f4e9daa.jpg 850w,\n                http:\/\/just-now.news\/de\/wp-content\/uploads\/sites\/3\/2022\/12\/63ab15d048fbef581f4e9daa.jpg 1960w,\n            \" ><source data-srcset=\" \nhttp:\/\/just-now.news\/de\/wp-content\/uploads\/sites\/3\/2022\/12\/63ab15d048fbef581f4e9daa.jpg 460w,\n              http:\/\/just-now.news\/de\/wp-content\/uploads\/sites\/3\/2022\/12\/63ab15d048fbef581f4e9daa.jpg 980w,\n            \" ><!--[if IE 9]><\/video><![endif]--><img decoding=\"async\" data- src=\"data:image\/png;base64,iVBORw0KGgoAAAANSUhEUgAAABAAAAAJCAQAAACRI2S5AAAAEElEQVR42mNkIAAYRxWAAQAG9gAKqv6+AwAAAABJRU5ErkJggg==\" class=\"Picture-root Picture-original lazyload\" data-src=\"http:\/\/just-now.news\/de\/wp-content\/uploads\/sites\/3\/2022\/12\/63ab15d048fbef581f4e9daa.jpg\" alt=\"\"><\/source><\/source><\/picture><!-- noscript pattern --><noscript><img decoding=\"async\" src=\"http:\/\/just-now.news\/de\/wp-content\/uploads\/sites\/3\/2022\/12\/63ab15d048fbef581f4e9daa.jpg\" alt=\"\"><\/noscript><\/div><figcaption class=\"RTImage-footer\"><span class=\"RTImage-caption\"><span class=\"RTImage-captionItem\">Archivbild: Panzerproduktion in Russland<\/span><\/span><span class=\"RTImage-source\"><span class=\"RTImage-captionItem\">Sergei Mamontow<\/span><span class=\"RTImage-captionItem\"> \/ Sputnik<\/span><\/span><\/figcaption><\/figure>\n<p>Die russische Industrie bew\u00e4ltigt zunehmend die Herausforderungen durch die spezielle Milit\u00e4roperation, erkl\u00e4rte der Ministerpr\u00e4sident Michail Mischustin. W\u00e4hrend der Sitzung des Koordinationsrats f\u00fcr Versorgung der Streitkr\u00e4fte sagte er:<\/p>\n<p><em>&#8220;Vieles muss noch getan werden, unsere Industrie bew\u00e4ltigt allm\u00e4hlich die gegenw\u00e4rtigen Herausforderungen und f\u00e4ngt die Situation ab.&#8221;<\/em><\/p>\n<p>Mischustin merkte an, dass die Lieferungen von Waffen, Milit\u00e4r- und Spezialtechnik an die Streitkr\u00e4fte sowie die Versorgung der Soldaten mit individueller Ausr\u00fcstung bereits sichergestellt seien. Dies seien die ersten Ergebnisse, die Industrie m\u00fcsse aber in diesem Sinne weiter arbeiten, so Mischustin.<\/p>\n<\/div>\n<\/div>\n<\/div>\n<\/div>\n<\/li>\n<li class=\"LiveUpdates-item Listing-item\">\n<div class=\"LiveUpdate-root\">\n<div class=\"LiveUpdate-date\">\n<p class=\"HeaderNews-root HeaderNews-type_6 \">\n                19:58 Uhr\n            <\/p>\n<\/div>\n<div class=\"LiveUpdate-content\">\n<div class=\"LiveUpdate-text\">\n<div class=\"Text-root Text-type_5 ViewText-root\">\n<p><strong>Ex-Pentagon-Berater: Ukrainische Streitkr\u00e4fte verlieren Tausende K\u00e4mpfer bei Artjomowsk<\/strong><\/p>\n<figure class=\"RTImage-root\">\n<div class=\"RTImage-image RTImage-original\"><picture class=\"Picture-root Picture-original\"><!--[if IE 9]><video style=\"display: none;\"><![endif]--><source media=\"(-webkit-min-device-pixel-ratio: 2) and (min-resolution: 120dpi)\" data-srcset=\" \nhttp:\/\/just-now.news\/de\/wp-content\/uploads\/sites\/3\/2022\/12\/63ab1a41b480cc332f073427.jpg 850w,\n                http:\/\/just-now.news\/de\/wp-content\/uploads\/sites\/3\/2022\/12\/1672170487_980_63ab1a41b480cc332f073427.jpg 1960w,\n            \" ><source data-srcset=\" \nhttp:\/\/just-now.news\/de\/wp-content\/uploads\/sites\/3\/2022\/12\/63ab1a41b480cc332f073427.jpg 460w,\n              http:\/\/just-now.news\/de\/wp-content\/uploads\/sites\/3\/2022\/12\/1672170487_980_63ab1a41b480cc332f073427.jpg 980w,\n            \" ><!--[if IE 9]><\/video><![endif]--><img decoding=\"async\" data- src=\"data:image\/png;base64,iVBORw0KGgoAAAANSUhEUgAAABAAAAAJCAQAAACRI2S5AAAAEElEQVR42mNkIAAYRxWAAQAG9gAKqv6+AwAAAABJRU5ErkJggg==\" class=\"Picture-root Picture-original lazyload\" data-src=\"http:\/\/just-now.news\/de\/wp-content\/uploads\/sites\/3\/2022\/12\/63ab1a41b480cc332f073427.jpg\" alt=\"\"><\/source><\/source><\/picture><!-- noscript pattern --><noscript><img decoding=\"async\" src=\"http:\/\/just-now.news\/de\/wp-content\/uploads\/sites\/3\/2022\/12\/1672170487_980_63ab1a41b480cc332f073427.jpg\" alt=\"\"><\/noscript><\/div><figcaption class=\"RTImage-footer\"><span class=\"RTImage-caption\"><span class=\"RTImage-captionItem\">Archivbild: Ein Soldaten-Friedhof in der Ukraine<\/span><\/span><span class=\"RTImage-source\"><span class=\"RTImage-captionItem\">Daniel Ceng Shou-Yi<\/span><span class=\"RTImage-captionItem\"> \/ Legion-media.ru<\/span><\/span><\/figcaption><\/figure>\n<p>Der ehemalige Pentagon-Berater, US-Oberst Douglas Macgregor, <a rel=\"nofollow noopener\" target=\"_blank\" href=\"https:\/\/www.youtube.com\/watch?v=gNX6hQVgyWQ\">hat<\/a>\u00a0erkl\u00e4rt, dass die ukrainische Armee bei Artjomowsk (ukrainisch Bachmut) schwere Verluste erleide und von den russischen Streitkr\u00e4ften zur\u00fcckgeschlagen werde. Der Offizier w\u00f6rtlich:<\/p>\n<p><em>&#8220;Sie versuchen, den Ort namens Bachmut zu halten. Der Ort wurde als Logistikzentrum aufgebaut, der Eisenbahnen und Verkehrsknotenpunkte verbindet. Die Streitkr\u00e4fte der Ukraine erleiden dort eine Niederlage und verlieren Tausende von Soldaten in den K\u00e4mpfen.&#8221;<\/em><\/p>\n<p>Vor dem Hintergrund, dass die ukrainische Armee viele erfahrene K\u00e4mpfer verloren habe, w\u00fcrden die Stellungen durch schlecht ausgebildete Rekruten besetzt, f\u00fcr deren Unterrichtung &#8220;nicht mehr als zwei bis drei Wochen&#8221; vorgesehen seien, hie\u00df es weiter. Macgregor res\u00fcmierte:<\/p>\n<p><em>&#8220;Sie klettern in diese Gr\u00e4ben und warten buchst\u00e4blich auf den Moment, in dem sie eliminiert werden. Das ist eine tragische Situation. Niemand, der bei klarem Verstand ist, w\u00fcrde so etwas tun.&#8221;<\/em><\/p>\n<\/div>\n<\/div>\n<\/div>\n<\/div>\n<\/li>\n<li class=\"LiveUpdates-item Listing-item\">\n<div class=\"LiveUpdate-root\">\n<div class=\"LiveUpdate-date\">\n<p class=\"HeaderNews-root HeaderNews-type_6 \">\n                19:06 Uhr\n            <\/p>\n<\/div>\n<div class=\"LiveUpdate-content\">\n<div class=\"LiveUpdate-text\">\n<div class=\"Text-root Text-type_5 ViewText-root\">\n<p><strong>Donezk verzichtet auf Massenveranstaltungen zum Neujahr<\/strong><\/p>\n<figure class=\"RTImage-root\">\n<div class=\"RTImage-image RTImage-original\"><picture class=\"Picture-root Picture-original\"><!--[if IE 9]><video style=\"display: none;\"><![endif]--><source media=\"(-webkit-min-device-pixel-ratio: 2) and (min-resolution: 120dpi)\" data-srcset=\" \nhttp:\/\/just-now.news\/de\/wp-content\/uploads\/sites\/3\/2022\/12\/63ab08a0b480cc3da9266eb4.jpg 850w,\n                http:\/\/just-now.news\/de\/wp-content\/uploads\/sites\/3\/2022\/12\/63ab08a0b480cc3da9266eb4.jpg 1960w,\n            \" ><source data-srcset=\" \nhttp:\/\/just-now.news\/de\/wp-content\/uploads\/sites\/3\/2022\/12\/63ab08a0b480cc3da9266eb4.jpg 460w,\n              http:\/\/just-now.news\/de\/wp-content\/uploads\/sites\/3\/2022\/12\/63ab08a0b480cc3da9266eb4.jpg 980w,\n            \" ><!--[if IE 9]><\/video><![endif]--><img decoding=\"async\" data- src=\"data:image\/png;base64,iVBORw0KGgoAAAANSUhEUgAAABAAAAAJCAQAAACRI2S5AAAAEElEQVR42mNkIAAYRxWAAQAG9gAKqv6+AwAAAABJRU5ErkJggg==\" class=\"Picture-root Picture-original lazyload\" data-src=\"http:\/\/just-now.news\/de\/wp-content\/uploads\/sites\/3\/2022\/12\/63ab08a0b480cc3da9266eb4.jpg\" alt=\"\"><\/source><\/source><\/picture><!-- noscript pattern --><noscript><img decoding=\"async\" src=\"http:\/\/just-now.news\/de\/wp-content\/uploads\/sites\/3\/2022\/12\/63ab08a0b480cc3da9266eb4.jpg\" alt=\"\"><\/noscript><\/div><figcaption class=\"RTImage-footer\"><span class=\"RTImage-caption\"><span class=\"RTImage-captionItem\">Archivbild: Feier des Neujahrs 2022 in Donezk.<\/span><\/span><span class=\"RTImage-source\"><span class=\"RTImage-captionItem\">Sergei Awerin<\/span><span class=\"RTImage-captionItem\"> \/ Sputnik<\/span><\/span><\/figcaption><\/figure>\n<p>Die Verwaltung der Donezker Volksrepublik plant in Donezk keine Massenveranstaltungen zum Neujahr wegen einer voraussichtlichen Intensivierung ukrainischer Artillerieangriffe. Der Berater des amtierenden Oberhaupts der DVR, Jan Gagin, erkl\u00e4rte diesbez\u00fcglich gegen\u00fcber der Nachrichtenagentur\u00a0<em>RIA Nowosti<\/em>:<\/p>\n<p><em>&#8220;W\u00e4hrend dieses Krieges, der hier seit 2014 gef\u00fchrt wird, bereitet der Gegner zu jedem Feiertag unangenehme \u00dcberraschungen vor.\u00a0An jedem Feiertag, besonders an gro\u00dfen wie Weihnachten oder Neujahr fehlte es nicht an verst\u00e4rktem Beschuss.&#8221;<\/em><\/p>\n<p>Gagin rief die Stadtbewohner auf, vorsichtig zu sein und notwendige Sicherheitsvorkehrungen zu treffen.<\/p>\n<\/div>\n<\/div>\n<\/div>\n<\/div>\n<\/li>\n<\/ul>\n<div class=\"Listing-isReact\" data-rtmodule=\"Listing\" onload=\"return {\n                page: '1',\n                limit: '10',\n                listing: '\/listing\/parent.6209f961b480cc2c7e35341b\/noprepare\/liveupdates\/10\/1',\n            };\"><\/div>\n<\/div>\n<\/div>\n<\/div>\n<p><br \/>\n<br \/><a href=\"https:\/\/de.rt.com\/international\/131481-liveticker-ukraine-krieg-hacker-veroeffentlichen\/\">Source link <\/a><\/p>\n","protected":false},"excerpt":{"rendered":"<p>Russland f\u00fchrt gemeinsam mit den Streitkr\u00e4ften der Donbass-Republiken eine Milit\u00e4roperation in der Ukraine durch. Der Westen reagiert mit immer neuen Waffenlieferungen an die Ukraine und beispiellosen Sanktionen gegen Russland. Lesen Sie hier die neuesten Entwicklungen. 28.12.2022 07:01 Uhr 07:01 Uhr Hacker ver\u00f6ffentlichen Daten von ukrainischen Soldaten und Offizieren der &#8220;Cyber-Truppen&#8221; Die Hackergruppe RaHDit (B\u00f6se russische [&hellip;]<\/p>\n","protected":false},"author":3,"featured_media":26429,"comment_status":"open","ping_status":"open","sticky":false,"template":"","format":"standard","meta":{"_yoast_indexnow_last_ping":["1672207418"],"wp_automatic_camp":["217"],"c22cf2e2ba8c6a0bc1b60c4bc9f467b1":["Liveticker Ukraine-Krieg: Hacker ver\u00f6ffentlichen Daten \u00fcber ukrainische Cyber-Truppen"],"original_link":["https:\/\/de.rt.com\/international\/131481-liveticker-ukraine-krieg-hacker-veroeffentlichen\/"],"_thumbnail_id":["26429"],"_wptgpro_p2tg_sent2tg":["a:1:{i:23737;s:19:\"2022-12-28 08:04:49\";}"],"jnews_social_counter_last_update":["1777340942"]},"categories":[19,23],"tags":[38160,7633,24832,564,139,566,905,5323],"yoast_head":"<!-- This site is optimized with the Yoast SEO Premium plugin v22.7 (Yoast SEO v22.7) - https:\/\/yoast.com\/wordpress\/plugins\/seo\/ -->\n<title>Liveticker Ukraine-Krieg: Hacker ver\u00f6ffentlichen Daten \u00fcber ukrainische Cyber-Truppen - just-now.NEWS Deutschland<\/title>\n<meta name=\"robots\" content=\"index, follow, max-snippet:-1, max-image-preview:large, max-video-preview:-1\" \/>\n<link rel=\"canonical\" href=\"https:\/\/now-news.de\/de\/deutschland\/liveticker-ukraine-krieg-hacker-veroeffentlichen-daten-ueber-ukrainische-cyber-truppen\/\" \/>\n<meta property=\"og:locale\" content=\"de_DE\" \/>\n<meta property=\"og:type\" content=\"article\" \/>\n<meta property=\"og:title\" content=\"Liveticker Ukraine-Krieg: Hacker ver\u00f6ffentlichen Daten \u00fcber ukrainische Cyber-Truppen\" \/>\n<meta property=\"og:description\" content=\"Russland f\u00fchrt gemeinsam mit den Streitkr\u00e4ften der Donbass-Republiken eine Milit\u00e4roperation in der Ukraine durch. Der Westen reagiert mit immer neuen Waffenlieferungen an die Ukraine und beispiellosen Sanktionen gegen Russland. Lesen Sie hier die neuesten Entwicklungen. 28.12.2022 07:01 Uhr 07:01 Uhr Hacker ver\u00f6ffentlichen Daten von ukrainischen Soldaten und Offizieren der &#8220;Cyber-Truppen&#8221; Die Hackergruppe RaHDit (B\u00f6se russische [&hellip;]\" \/>\n<meta property=\"og:url\" content=\"https:\/\/now-news.de\/de\/deutschland\/liveticker-ukraine-krieg-hacker-veroeffentlichen-daten-ueber-ukrainische-cyber-truppen\/\" \/>\n<meta property=\"og:site_name\" content=\"just-now.NEWS Deutschland\" \/>\n<meta property=\"article:publisher\" content=\"https:\/\/www.facebook.com\/wirmachenauf\" \/>\n<meta property=\"article:published_time\" content=\"2022-12-28T06:00:38+00:00\" \/>\n<meta property=\"og:image\" content=\"https:\/\/now-news.de\/de\/wp-content\/uploads\/sites\/3\/2022\/12\/Liveticker-Ukraine-Krieg-Hacker-veroeffentlichen-Daten-ueber-ukrainische-Cyber-Truppen.jpg\" \/>\n\t<meta property=\"og:image:width\" content=\"1559\" \/>\n\t<meta property=\"og:image:height\" content=\"1080\" \/>\n\t<meta property=\"og:image:type\" content=\"image\/jpeg\" \/>\n<meta name=\"author\" content=\"rtnews\" \/>\n<meta name=\"twitter:card\" content=\"summary_large_image\" \/>\n<meta name=\"twitter:creator\" content=\"@WirMachenAuf_de\" \/>\n<meta name=\"twitter:site\" content=\"@WirMachenAuf_de\" \/>\n<meta name=\"twitter:label1\" content=\"Verfasst von\" \/>\n\t<meta name=\"twitter:data1\" content=\"rtnews\" \/>\n\t<meta name=\"twitter:label2\" content=\"Gesch\u00e4tzte Lesezeit\" \/>\n\t<meta name=\"twitter:data2\" content=\"6\u00a0Minuten\" \/>\n<script type=\"application\/ld+json\" class=\"yoast-schema-graph\">{\"@context\":\"https:\/\/schema.org\",\"@graph\":[{\"@type\":\"Article\",\"@id\":\"https:\/\/now-news.de\/de\/deutschland\/liveticker-ukraine-krieg-hacker-veroeffentlichen-daten-ueber-ukrainische-cyber-truppen\/#article\",\"isPartOf\":{\"@id\":\"https:\/\/now-news.de\/de\/deutschland\/liveticker-ukraine-krieg-hacker-veroeffentlichen-daten-ueber-ukrainische-cyber-truppen\/\"},\"author\":{\"name\":\"rtnews\",\"@id\":\"https:\/\/now-news.de\/de\/#\/schema\/person\/fb534a4e865501d8b3285208df34a9b5\"},\"headline\":\"Liveticker Ukraine-Krieg: Hacker ver\u00f6ffentlichen Daten \u00fcber ukrainische Cyber-Truppen\",\"datePublished\":\"2022-12-28T06:00:38+00:00\",\"dateModified\":\"2022-12-28T06:00:38+00:00\",\"mainEntityOfPage\":{\"@id\":\"https:\/\/now-news.de\/de\/deutschland\/liveticker-ukraine-krieg-hacker-veroeffentlichen-daten-ueber-ukrainische-cyber-truppen\/\"},\"wordCount\":1310,\"commentCount\":0,\"publisher\":{\"@id\":\"https:\/\/now-news.de\/de\/#organization\"},\"image\":{\"@id\":\"https:\/\/now-news.de\/de\/deutschland\/liveticker-ukraine-krieg-hacker-veroeffentlichen-daten-ueber-ukrainische-cyber-truppen\/#primaryimage\"},\"thumbnailUrl\":\"https:\/\/now-news.de\/de\/wp-content\/uploads\/sites\/3\/2022\/12\/Liveticker-Ukraine-Krieg-Hacker-veroeffentlichen-Daten-ueber-ukrainische-Cyber-Truppen.jpg\",\"keywords\":[\"CyberTruppen\",\"Daten\",\"Hacker\",\"Liveticker\",\"\u00fcber\",\"UkraineKrieg\",\"Ukrainische\",\"ver\u00f6ffentlichen\"],\"articleSection\":[\"Deutschland\",\"Russland\"],\"inLanguage\":\"de\",\"potentialAction\":[{\"@type\":\"CommentAction\",\"name\":\"Comment\",\"target\":[\"https:\/\/now-news.de\/de\/deutschland\/liveticker-ukraine-krieg-hacker-veroeffentlichen-daten-ueber-ukrainische-cyber-truppen\/#respond\"]}]},{\"@type\":\"WebPage\",\"@id\":\"https:\/\/now-news.de\/de\/deutschland\/liveticker-ukraine-krieg-hacker-veroeffentlichen-daten-ueber-ukrainische-cyber-truppen\/\",\"url\":\"https:\/\/now-news.de\/de\/deutschland\/liveticker-ukraine-krieg-hacker-veroeffentlichen-daten-ueber-ukrainische-cyber-truppen\/\",\"name\":\"Liveticker Ukraine-Krieg: Hacker ver\u00f6ffentlichen Daten \u00fcber ukrainische Cyber-Truppen - just-now.NEWS Deutschland\",\"isPartOf\":{\"@id\":\"https:\/\/now-news.de\/de\/#website\"},\"primaryImageOfPage\":{\"@id\":\"https:\/\/now-news.de\/de\/deutschland\/liveticker-ukraine-krieg-hacker-veroeffentlichen-daten-ueber-ukrainische-cyber-truppen\/#primaryimage\"},\"image\":{\"@id\":\"https:\/\/now-news.de\/de\/deutschland\/liveticker-ukraine-krieg-hacker-veroeffentlichen-daten-ueber-ukrainische-cyber-truppen\/#primaryimage\"},\"thumbnailUrl\":\"https:\/\/now-news.de\/de\/wp-content\/uploads\/sites\/3\/2022\/12\/Liveticker-Ukraine-Krieg-Hacker-veroeffentlichen-Daten-ueber-ukrainische-Cyber-Truppen.jpg\",\"datePublished\":\"2022-12-28T06:00:38+00:00\",\"dateModified\":\"2022-12-28T06:00:38+00:00\",\"breadcrumb\":{\"@id\":\"https:\/\/now-news.de\/de\/deutschland\/liveticker-ukraine-krieg-hacker-veroeffentlichen-daten-ueber-ukrainische-cyber-truppen\/#breadcrumb\"},\"inLanguage\":\"de\",\"potentialAction\":[{\"@type\":\"ReadAction\",\"target\":[\"https:\/\/now-news.de\/de\/deutschland\/liveticker-ukraine-krieg-hacker-veroeffentlichen-daten-ueber-ukrainische-cyber-truppen\/\"]}]},{\"@type\":\"ImageObject\",\"inLanguage\":\"de\",\"@id\":\"https:\/\/now-news.de\/de\/deutschland\/liveticker-ukraine-krieg-hacker-veroeffentlichen-daten-ueber-ukrainische-cyber-truppen\/#primaryimage\",\"url\":\"https:\/\/now-news.de\/de\/wp-content\/uploads\/sites\/3\/2022\/12\/Liveticker-Ukraine-Krieg-Hacker-veroeffentlichen-Daten-ueber-ukrainische-Cyber-Truppen.jpg\",\"contentUrl\":\"https:\/\/now-news.de\/de\/wp-content\/uploads\/sites\/3\/2022\/12\/Liveticker-Ukraine-Krieg-Hacker-veroeffentlichen-Daten-ueber-ukrainische-Cyber-Truppen.jpg\",\"width\":1559,\"height\":1080,\"caption\":\"Liveticker Ukraine-Krieg: Hacker ver\u00f6ffentlichen Daten \u00fcber ukrainische Cyber-Truppen\"},{\"@type\":\"BreadcrumbList\",\"@id\":\"https:\/\/now-news.de\/de\/deutschland\/liveticker-ukraine-krieg-hacker-veroeffentlichen-daten-ueber-ukrainische-cyber-truppen\/#breadcrumb\",\"itemListElement\":[{\"@type\":\"ListItem\",\"position\":1,\"name\":\"Home\",\"item\":\"https:\/\/now-news.de\/de\/\"},{\"@type\":\"ListItem\",\"position\":2,\"name\":\"Liveticker Ukraine-Krieg: Hacker ver\u00f6ffentlichen Daten \u00fcber ukrainische Cyber-Truppen\"}]},{\"@type\":\"WebSite\",\"@id\":\"https:\/\/now-news.de\/de\/#website\",\"url\":\"https:\/\/now-news.de\/de\/\",\"name\":\"just-now.NEWS Deutschland\",\"description\":\"Das Portal f\u00fcr unzensierte Nachrichten aus der Welt\",\"publisher\":{\"@id\":\"https:\/\/now-news.de\/de\/#organization\"},\"potentialAction\":[{\"@type\":\"SearchAction\",\"target\":{\"@type\":\"EntryPoint\",\"urlTemplate\":\"https:\/\/now-news.de\/de\/?s={search_term_string}\"},\"query-input\":\"required name=search_term_string\"}],\"inLanguage\":\"de\"},{\"@type\":\"Organization\",\"@id\":\"https:\/\/now-news.de\/de\/#organization\",\"name\":\"Just Now News\",\"url\":\"https:\/\/now-news.de\/de\/\",\"logo\":{\"@type\":\"ImageObject\",\"inLanguage\":\"de\",\"@id\":\"https:\/\/now-news.de\/de\/#\/schema\/logo\/image\/\",\"url\":\"http:\/\/just-now.news\/de\/wp-content\/uploads\/sites\/3\/2022\/04\/logo500x500.jpg\",\"contentUrl\":\"http:\/\/just-now.news\/de\/wp-content\/uploads\/sites\/3\/2022\/04\/logo500x500.jpg\",\"width\":500,\"height\":500,\"caption\":\"Just Now News\"},\"image\":{\"@id\":\"https:\/\/now-news.de\/de\/#\/schema\/logo\/image\/\"},\"sameAs\":[\"https:\/\/www.facebook.com\/wirmachenauf\",\"https:\/\/x.com\/WirMachenAuf_de\"]},{\"@type\":\"Person\",\"@id\":\"https:\/\/now-news.de\/de\/#\/schema\/person\/fb534a4e865501d8b3285208df34a9b5\",\"name\":\"rtnews\",\"image\":{\"@type\":\"ImageObject\",\"inLanguage\":\"de\",\"@id\":\"https:\/\/now-news.de\/de\/#\/schema\/person\/image\/\",\"url\":\"https:\/\/secure.gravatar.com\/avatar\/82aafea7d8127119dd649515f56e2117?s=96&d=mm&r=g\",\"contentUrl\":\"https:\/\/secure.gravatar.com\/avatar\/82aafea7d8127119dd649515f56e2117?s=96&d=mm&r=g\",\"caption\":\"rtnews\"},\"url\":\"https:\/\/now-news.de\/de\/author\/rnews\/\"}]}<\/script>\n<!-- \/ Yoast SEO Premium plugin. -->","yoast_head_json":{"title":"Liveticker Ukraine-Krieg: Hacker ver\u00f6ffentlichen Daten \u00fcber ukrainische Cyber-Truppen - just-now.NEWS Deutschland","robots":{"index":"index","follow":"follow","max-snippet":"max-snippet:-1","max-image-preview":"max-image-preview:large","max-video-preview":"max-video-preview:-1"},"canonical":"https:\/\/now-news.de\/de\/deutschland\/liveticker-ukraine-krieg-hacker-veroeffentlichen-daten-ueber-ukrainische-cyber-truppen\/","og_locale":"de_DE","og_type":"article","og_title":"Liveticker Ukraine-Krieg: Hacker ver\u00f6ffentlichen Daten \u00fcber ukrainische Cyber-Truppen","og_description":"Russland f\u00fchrt gemeinsam mit den Streitkr\u00e4ften der Donbass-Republiken eine Milit\u00e4roperation in der Ukraine durch. Der Westen reagiert mit immer neuen Waffenlieferungen an die Ukraine und beispiellosen Sanktionen gegen Russland. Lesen Sie hier die neuesten Entwicklungen. 28.12.2022 07:01 Uhr 07:01 Uhr Hacker ver\u00f6ffentlichen Daten von ukrainischen Soldaten und Offizieren der &#8220;Cyber-Truppen&#8221; Die Hackergruppe RaHDit (B\u00f6se russische [&hellip;]","og_url":"https:\/\/now-news.de\/de\/deutschland\/liveticker-ukraine-krieg-hacker-veroeffentlichen-daten-ueber-ukrainische-cyber-truppen\/","og_site_name":"just-now.NEWS Deutschland","article_publisher":"https:\/\/www.facebook.com\/wirmachenauf","article_published_time":"2022-12-28T06:00:38+00:00","og_image":[{"width":1559,"height":1080,"url":"https:\/\/now-news.de\/de\/wp-content\/uploads\/sites\/3\/2022\/12\/Liveticker-Ukraine-Krieg-Hacker-veroeffentlichen-Daten-ueber-ukrainische-Cyber-Truppen.jpg","type":"image\/jpeg"}],"author":"rtnews","twitter_card":"summary_large_image","twitter_creator":"@WirMachenAuf_de","twitter_site":"@WirMachenAuf_de","twitter_misc":{"Verfasst von":"rtnews","Gesch\u00e4tzte Lesezeit":"6\u00a0Minuten"},"schema":{"@context":"https:\/\/schema.org","@graph":[{"@type":"Article","@id":"https:\/\/now-news.de\/de\/deutschland\/liveticker-ukraine-krieg-hacker-veroeffentlichen-daten-ueber-ukrainische-cyber-truppen\/#article","isPartOf":{"@id":"https:\/\/now-news.de\/de\/deutschland\/liveticker-ukraine-krieg-hacker-veroeffentlichen-daten-ueber-ukrainische-cyber-truppen\/"},"author":{"name":"rtnews","@id":"https:\/\/now-news.de\/de\/#\/schema\/person\/fb534a4e865501d8b3285208df34a9b5"},"headline":"Liveticker Ukraine-Krieg: Hacker ver\u00f6ffentlichen Daten \u00fcber ukrainische Cyber-Truppen","datePublished":"2022-12-28T06:00:38+00:00","dateModified":"2022-12-28T06:00:38+00:00","mainEntityOfPage":{"@id":"https:\/\/now-news.de\/de\/deutschland\/liveticker-ukraine-krieg-hacker-veroeffentlichen-daten-ueber-ukrainische-cyber-truppen\/"},"wordCount":1310,"commentCount":0,"publisher":{"@id":"https:\/\/now-news.de\/de\/#organization"},"image":{"@id":"https:\/\/now-news.de\/de\/deutschland\/liveticker-ukraine-krieg-hacker-veroeffentlichen-daten-ueber-ukrainische-cyber-truppen\/#primaryimage"},"thumbnailUrl":"https:\/\/now-news.de\/de\/wp-content\/uploads\/sites\/3\/2022\/12\/Liveticker-Ukraine-Krieg-Hacker-veroeffentlichen-Daten-ueber-ukrainische-Cyber-Truppen.jpg","keywords":["CyberTruppen","Daten","Hacker","Liveticker","\u00fcber","UkraineKrieg","Ukrainische","ver\u00f6ffentlichen"],"articleSection":["Deutschland","Russland"],"inLanguage":"de","potentialAction":[{"@type":"CommentAction","name":"Comment","target":["https:\/\/now-news.de\/de\/deutschland\/liveticker-ukraine-krieg-hacker-veroeffentlichen-daten-ueber-ukrainische-cyber-truppen\/#respond"]}]},{"@type":"WebPage","@id":"https:\/\/now-news.de\/de\/deutschland\/liveticker-ukraine-krieg-hacker-veroeffentlichen-daten-ueber-ukrainische-cyber-truppen\/","url":"https:\/\/now-news.de\/de\/deutschland\/liveticker-ukraine-krieg-hacker-veroeffentlichen-daten-ueber-ukrainische-cyber-truppen\/","name":"Liveticker Ukraine-Krieg: Hacker ver\u00f6ffentlichen Daten \u00fcber ukrainische Cyber-Truppen - just-now.NEWS Deutschland","isPartOf":{"@id":"https:\/\/now-news.de\/de\/#website"},"primaryImageOfPage":{"@id":"https:\/\/now-news.de\/de\/deutschland\/liveticker-ukraine-krieg-hacker-veroeffentlichen-daten-ueber-ukrainische-cyber-truppen\/#primaryimage"},"image":{"@id":"https:\/\/now-news.de\/de\/deutschland\/liveticker-ukraine-krieg-hacker-veroeffentlichen-daten-ueber-ukrainische-cyber-truppen\/#primaryimage"},"thumbnailUrl":"https:\/\/now-news.de\/de\/wp-content\/uploads\/sites\/3\/2022\/12\/Liveticker-Ukraine-Krieg-Hacker-veroeffentlichen-Daten-ueber-ukrainische-Cyber-Truppen.jpg","datePublished":"2022-12-28T06:00:38+00:00","dateModified":"2022-12-28T06:00:38+00:00","breadcrumb":{"@id":"https:\/\/now-news.de\/de\/deutschland\/liveticker-ukraine-krieg-hacker-veroeffentlichen-daten-ueber-ukrainische-cyber-truppen\/#breadcrumb"},"inLanguage":"de","potentialAction":[{"@type":"ReadAction","target":["https:\/\/now-news.de\/de\/deutschland\/liveticker-ukraine-krieg-hacker-veroeffentlichen-daten-ueber-ukrainische-cyber-truppen\/"]}]},{"@type":"ImageObject","inLanguage":"de","@id":"https:\/\/now-news.de\/de\/deutschland\/liveticker-ukraine-krieg-hacker-veroeffentlichen-daten-ueber-ukrainische-cyber-truppen\/#primaryimage","url":"https:\/\/now-news.de\/de\/wp-content\/uploads\/sites\/3\/2022\/12\/Liveticker-Ukraine-Krieg-Hacker-veroeffentlichen-Daten-ueber-ukrainische-Cyber-Truppen.jpg","contentUrl":"https:\/\/now-news.de\/de\/wp-content\/uploads\/sites\/3\/2022\/12\/Liveticker-Ukraine-Krieg-Hacker-veroeffentlichen-Daten-ueber-ukrainische-Cyber-Truppen.jpg","width":1559,"height":1080,"caption":"Liveticker Ukraine-Krieg: Hacker ver\u00f6ffentlichen Daten \u00fcber ukrainische Cyber-Truppen"},{"@type":"BreadcrumbList","@id":"https:\/\/now-news.de\/de\/deutschland\/liveticker-ukraine-krieg-hacker-veroeffentlichen-daten-ueber-ukrainische-cyber-truppen\/#breadcrumb","itemListElement":[{"@type":"ListItem","position":1,"name":"Home","item":"https:\/\/now-news.de\/de\/"},{"@type":"ListItem","position":2,"name":"Liveticker Ukraine-Krieg: Hacker ver\u00f6ffentlichen Daten \u00fcber ukrainische Cyber-Truppen"}]},{"@type":"WebSite","@id":"https:\/\/now-news.de\/de\/#website","url":"https:\/\/now-news.de\/de\/","name":"just-now.NEWS Deutschland","description":"Das Portal f\u00fcr unzensierte Nachrichten aus der Welt","publisher":{"@id":"https:\/\/now-news.de\/de\/#organization"},"potentialAction":[{"@type":"SearchAction","target":{"@type":"EntryPoint","urlTemplate":"https:\/\/now-news.de\/de\/?s={search_term_string}"},"query-input":"required name=search_term_string"}],"inLanguage":"de"},{"@type":"Organization","@id":"https:\/\/now-news.de\/de\/#organization","name":"Just Now News","url":"https:\/\/now-news.de\/de\/","logo":{"@type":"ImageObject","inLanguage":"de","@id":"https:\/\/now-news.de\/de\/#\/schema\/logo\/image\/","url":"http:\/\/just-now.news\/de\/wp-content\/uploads\/sites\/3\/2022\/04\/logo500x500.jpg","contentUrl":"http:\/\/just-now.news\/de\/wp-content\/uploads\/sites\/3\/2022\/04\/logo500x500.jpg","width":500,"height":500,"caption":"Just Now News"},"image":{"@id":"https:\/\/now-news.de\/de\/#\/schema\/logo\/image\/"},"sameAs":["https:\/\/www.facebook.com\/wirmachenauf","https:\/\/x.com\/WirMachenAuf_de"]},{"@type":"Person","@id":"https:\/\/now-news.de\/de\/#\/schema\/person\/fb534a4e865501d8b3285208df34a9b5","name":"rtnews","image":{"@type":"ImageObject","inLanguage":"de","@id":"https:\/\/now-news.de\/de\/#\/schema\/person\/image\/","url":"https:\/\/secure.gravatar.com\/avatar\/82aafea7d8127119dd649515f56e2117?s=96&d=mm&r=g","contentUrl":"https:\/\/secure.gravatar.com\/avatar\/82aafea7d8127119dd649515f56e2117?s=96&d=mm&r=g","caption":"rtnews"},"url":"https:\/\/now-news.de\/de\/author\/rnews\/"}]}},"_links":{"self":[{"href":"https:\/\/now-news.de\/de\/wp-json\/wp\/v2\/posts\/26428"}],"collection":[{"href":"https:\/\/now-news.de\/de\/wp-json\/wp\/v2\/posts"}],"about":[{"href":"https:\/\/now-news.de\/de\/wp-json\/wp\/v2\/types\/post"}],"author":[{"embeddable":true,"href":"https:\/\/now-news.de\/de\/wp-json\/wp\/v2\/users\/3"}],"replies":[{"embeddable":true,"href":"https:\/\/now-news.de\/de\/wp-json\/wp\/v2\/comments?post=26428"}],"version-history":[{"count":0,"href":"https:\/\/now-news.de\/de\/wp-json\/wp\/v2\/posts\/26428\/revisions"}],"wp:featuredmedia":[{"embeddable":true,"href":"https:\/\/now-news.de\/de\/wp-json\/wp\/v2\/media\/26429"}],"wp:attachment":[{"href":"https:\/\/now-news.de\/de\/wp-json\/wp\/v2\/media?parent=26428"}],"wp:term":[{"taxonomy":"category","embeddable":true,"href":"https:\/\/now-news.de\/de\/wp-json\/wp\/v2\/categories?post=26428"},{"taxonomy":"post_tag","embeddable":true,"href":"https:\/\/now-news.de\/de\/wp-json\/wp\/v2\/tags?post=26428"}],"curies":[{"name":"wp","href":"https:\/\/api.w.org\/{rel}","templated":true}]}}