{"id":26366,"date":"2022-12-26T23:27:35","date_gmt":"2022-12-26T21:27:35","guid":{"rendered":"https:\/\/just-now.news\/de\/deutschland\/handelsstreit-zwischen-eu-und-usa-der-ton-wird-rauer\/"},"modified":"2022-12-26T23:27:35","modified_gmt":"2022-12-26T21:27:35","slug":"handelsstreit-zwischen-eu-und-usa-der-ton-wird-rauer","status":"publish","type":"post","link":"https:\/\/now-news.de\/de\/deutschland\/handelsstreit-zwischen-eu-und-usa-der-ton-wird-rauer\/","title":{"rendered":"Handelsstreit zwischen EU und USA: Der Ton wird rauer"},"content":{"rendered":"<p><img decoding=\"async\" src=\"http:\/\/just-now.news\/de\/wp-content\/uploads\/sites\/3\/2022\/12\/63a995a148fbef19c756b2b6.jpg\" \/><\/p>\n<div class=\"Text-root Text-type_1 \">\n                Europa reagiert emp\u00f6rt auf j\u00fcngste Angriffe Washingtons gegen die Welthandelsorganisation WTO. Zuvor hatte die WTO in einem Verfahren gegen die USA und die von Ex-US-Pr\u00e4sident Donald Trump eingef\u00fchrten Stahl- und Aluminiumz\u00f6lle entschieden.\n            <\/div>\n<p><\/p>\n<div class=\"Text-root Text-type_5 ArticleView-text ViewText-root \">\n<p>Br\u00fcssel ist w\u00fctend \u00fcber Washingtons j\u00fcngsten Angriffe gegen\u00fcber der Welthandelsorganisation WTO, wie das Magazin <em>Politico<\/em> berichtet.<\/p>\n<p>Die US-Handelsbeauftragte Katherine Tai hatte die internationale Handelsorganisation am Montag scharf angegriffen, weil sie gegen die Z\u00f6lle des ehemaligen US-Pr\u00e4sidenten Donald Trump auf Stahl- und Aluminiumimporte entschieden hat.<\/p>\n<p>Tai hatte gesagt, die WTO bewege sich auf &#8220;sehr, sehr d\u00fcnnem Eis&#8221;, wenn sie urteile, dass eine Demokratie wie die USA keine stichhaltigen Gr\u00fcnde f\u00fcr die nationale Sicherheit habe, um Z\u00f6lle auf Metall aus China, Norwegen, der Schweiz und der T\u00fcrkei zu verh\u00e4ngen.<\/p>\n<p>Dies sei ein weiteres Zeichen daf\u00fcr, dass das, was von international anerkannten Handelsregeln \u00fcbrig geblieben ist, angesichts der geopolitischen Spannungen zwischen den USA, China und der EU erodiere, sagten europ\u00e4ische Politiker und Experten gegen\u00fcber <em>Politico<\/em>.<\/p>\n<p>&#8220;Die Reaktion der USA, das Urteil einfach abzulehnen, ist unverst\u00e4ndlich&#8221;, sagte Bernd Lange, Vorsitzender des Ausschusses f\u00fcr internationalen Handel des Europ\u00e4ischen Parlaments. Der Politiker von der Mitte-Links-Fraktion der Sozialisten und Demokraten f\u00fcgte hinzu:<\/p>\n<blockquote>\n<p><em>&#8220;Wir m\u00fcssen eine ehrliche Diskussion mit den USA dar\u00fcber f\u00fchren, ob sie sich von einem regelbasierten Handelssystem wegbewegen und ob und wie wir das bestehende System retten k\u00f6nnen.&#8221;<\/em><\/p>\n<\/blockquote>\n<p>F\u00fcr die Europ\u00e4er sind Tais \u00c4u\u00dferungen eine zus\u00e4tzliche Provokation, schreibt <em>Politico<\/em>. Tai \u2013 die das Land vertritt, das das WTO-Berufungsgremium 2019 unter Trump im Alleingang zu Fall gebracht hat und sich seitdem weigert, es wieder einzurichten \u2013 sagte, das Urteil stelle &#8220;die Integrit\u00e4t des Systems wirklich infrage&#8221;.<\/p>\n<p>Sie machte auch &#8220;nicht gew\u00e4hlte, nicht wirklich rechenschaftspflichtige Entscheidungstr\u00e4ger in Genf [verantwortlich], die Amerikas nationales Sicherheitsurteil anzweifeln&#8221;. Br\u00fcssel hatte gehofft, dass Washingtons feindseliges Verhalten in der WTO ein Ende haben w\u00fcrde, als der demokratische Pr\u00e4sident Joe Biden im Januar letzten Jahres ins Wei\u00dfe Haus einzog.<\/p>\n<p>Aber das ist nicht geschehen. Die Biden-Administration stellt die Relevanz des multilateralen Handelsforums auch wegen der systemischen Rivalit\u00e4t mit China infrage, das ebenfalls Mitglied der WTO ist.<\/p>\n<p>Hosuk Lee-Makiyama von der Br\u00fcsseler Wirtschaftsdenkfabrik ECIPE sagte gegen\u00fcber <em>Politico<\/em>:<\/p>\n<blockquote>\n<p><em>&#8220;Viele Leute in Europa und Genf haben v\u00f6llig missverstanden, dass die Vereinigten Staaten sich bereits weiterentwickelt haben \u2013 sie befinden sich bereits in einer Post-WTO-Realit\u00e4t.&#8221;<\/em><\/p>\n<\/blockquote>\n<p>&#8220;Wenn jeder anf\u00e4ngt, nationale Sicherheitsgr\u00fcnde zum Schutz wirtschaftlicher Interessen geltend zu machen, dann wird diese Ausnahme zur Regel&#8221;, sagte Luisa Santos von der Industriegruppe BusinessEurope gegen\u00fcber dem Magazin. Sie f\u00fcgte hinzu:<\/p>\n<blockquote>\n<p><em>&#8220;Die internationalen Verpflichtungen eines Landes werden bedeutungslos und der Handel wird unsicher.&#8221;<\/em><\/p>\n<\/blockquote>\n<p>Tais absch\u00e4tzige Bemerkungen \u00fcber die j\u00fcngste Entscheidung verhei\u00dfen auch nichts Gutes f\u00fcr die laufenden Diskussionen in Genf \u00fcber die Reform der WTO.<\/p>\n<p>&#8220;Ich verstehe nicht, wie die USA ernsthaft an der Aufrechterhaltung der Institution interessiert sein k\u00f6nnen, wenn sie nicht bereit sind, den einzigen Mechanismus zu unterst\u00fctzen, der daf\u00fcr sorgen soll, dass sich alle an die Regeln halten&#8221;, sagte Lorand Bartels, Professor f\u00fcr internationales Recht an der Universit\u00e4t Cambridge.<\/p>\n<p><strong>Mehr zum Thema<\/strong> \u2013 <a rel=\"nofollow noopener\" target=\"_blank\" href=\"https:\/\/test.rtde.tech\/international\/157703-eu-karbonzoll-cbam-koloniale-erpressung\/\">EU-Karbonzoll CBAM: Koloniale Erpressung und ein kleiner Handelskrieg mit den USA<\/a><\/p>\n<\/div>\n<p><br \/>\n<br \/><a href=\"https:\/\/de.rt.com\/international\/158204-handelsstreit-zwischen-eu-und-usa-der-ton-wird-rauer\/\">Source link <\/a><\/p>\n","protected":false},"excerpt":{"rendered":"<p>Europa reagiert emp\u00f6rt auf j\u00fcngste Angriffe Washingtons gegen die Welthandelsorganisation WTO. Zuvor hatte die WTO in einem Verfahren gegen die USA und die von Ex-US-Pr\u00e4sident Donald Trump eingef\u00fchrten Stahl- und Aluminiumz\u00f6lle entschieden. Br\u00fcssel ist w\u00fctend \u00fcber Washingtons j\u00fcngsten Angriffe gegen\u00fcber der Welthandelsorganisation WTO, wie das Magazin Politico berichtet. Die US-Handelsbeauftragte Katherine Tai hatte die internationale [&hellip;]<\/p>\n","protected":false},"author":3,"featured_media":26367,"comment_status":"open","ping_status":"open","sticky":false,"template":"","format":"standard","meta":{"_yoast_indexnow_last_ping":["1672090207"],"wp_automatic_camp":["217"],"87e1f1f2302dd0f171fc56a6d33e4dc7":["Handelsstreit zwischen EU und USA: Der Ton wird rauer"],"original_link":["https:\/\/de.rt.com\/international\/158204-handelsstreit-zwischen-eu-und-usa-der-ton-wird-rauer\/"],"_thumbnail_id":["26367"],"jnews_social_counter_last_update":["1777353392"],"_wptgpro_p2tg_sent2tg":["a:1:{i:23737;s:19:\"2022-12-26 23:31:07\";}"]},"categories":[19,23],"tags":[82,38120,38121,23507,140,193,374,436],"yoast_head":"<!-- This site is optimized with the Yoast SEO Premium plugin v22.7 (Yoast SEO v22.7) - https:\/\/yoast.com\/wordpress\/plugins\/seo\/ -->\n<title>Handelsstreit zwischen EU und USA: Der Ton wird rauer - just-now.NEWS Deutschland<\/title>\n<meta name=\"robots\" content=\"index, follow, max-snippet:-1, max-image-preview:large, max-video-preview:-1\" \/>\n<link rel=\"canonical\" href=\"https:\/\/now-news.de\/de\/deutschland\/handelsstreit-zwischen-eu-und-usa-der-ton-wird-rauer\/\" \/>\n<meta property=\"og:locale\" content=\"de_DE\" \/>\n<meta property=\"og:type\" content=\"article\" \/>\n<meta property=\"og:title\" content=\"Handelsstreit zwischen EU und USA: Der Ton wird rauer\" \/>\n<meta property=\"og:description\" content=\"Europa reagiert emp\u00f6rt auf j\u00fcngste Angriffe Washingtons gegen die Welthandelsorganisation WTO. Zuvor hatte die WTO in einem Verfahren gegen die USA und die von Ex-US-Pr\u00e4sident Donald Trump eingef\u00fchrten Stahl- und Aluminiumz\u00f6lle entschieden. Br\u00fcssel ist w\u00fctend \u00fcber Washingtons j\u00fcngsten Angriffe gegen\u00fcber der Welthandelsorganisation WTO, wie das Magazin Politico berichtet. Die US-Handelsbeauftragte Katherine Tai hatte die internationale [&hellip;]\" \/>\n<meta property=\"og:url\" content=\"https:\/\/now-news.de\/de\/deutschland\/handelsstreit-zwischen-eu-und-usa-der-ton-wird-rauer\/\" \/>\n<meta property=\"og:site_name\" content=\"just-now.NEWS Deutschland\" \/>\n<meta property=\"article:publisher\" content=\"https:\/\/www.facebook.com\/wirmachenauf\" \/>\n<meta property=\"article:published_time\" content=\"2022-12-26T21:27:35+00:00\" \/>\n<meta property=\"og:image\" content=\"https:\/\/now-news.de\/de\/wp-content\/uploads\/sites\/3\/2022\/12\/Handelsstreit-zwischen-EU-und-USA-Der-Ton-wird-rauer.jpg\" \/>\n\t<meta property=\"og:image:width\" content=\"460\" \/>\n\t<meta property=\"og:image:height\" content=\"259\" \/>\n\t<meta property=\"og:image:type\" content=\"image\/jpeg\" \/>\n<meta name=\"author\" content=\"rtnews\" \/>\n<meta name=\"twitter:card\" content=\"summary_large_image\" \/>\n<meta name=\"twitter:creator\" content=\"@WirMachenAuf_de\" \/>\n<meta name=\"twitter:site\" content=\"@WirMachenAuf_de\" \/>\n<meta name=\"twitter:label1\" content=\"Verfasst von\" \/>\n\t<meta name=\"twitter:data1\" content=\"rtnews\" \/>\n\t<meta name=\"twitter:label2\" content=\"Gesch\u00e4tzte Lesezeit\" \/>\n\t<meta name=\"twitter:data2\" content=\"3\u00a0Minuten\" \/>\n<script type=\"application\/ld+json\" class=\"yoast-schema-graph\">{\"@context\":\"https:\/\/schema.org\",\"@graph\":[{\"@type\":\"Article\",\"@id\":\"https:\/\/now-news.de\/de\/deutschland\/handelsstreit-zwischen-eu-und-usa-der-ton-wird-rauer\/#article\",\"isPartOf\":{\"@id\":\"https:\/\/now-news.de\/de\/deutschland\/handelsstreit-zwischen-eu-und-usa-der-ton-wird-rauer\/\"},\"author\":{\"name\":\"rtnews\",\"@id\":\"https:\/\/now-news.de\/de\/#\/schema\/person\/fb534a4e865501d8b3285208df34a9b5\"},\"headline\":\"Handelsstreit zwischen EU und USA: Der Ton wird rauer\",\"datePublished\":\"2022-12-26T21:27:35+00:00\",\"dateModified\":\"2022-12-26T21:27:35+00:00\",\"mainEntityOfPage\":{\"@id\":\"https:\/\/now-news.de\/de\/deutschland\/handelsstreit-zwischen-eu-und-usa-der-ton-wird-rauer\/\"},\"wordCount\":560,\"commentCount\":0,\"publisher\":{\"@id\":\"https:\/\/now-news.de\/de\/#organization\"},\"image\":{\"@id\":\"https:\/\/now-news.de\/de\/deutschland\/handelsstreit-zwischen-eu-und-usa-der-ton-wird-rauer\/#primaryimage\"},\"thumbnailUrl\":\"https:\/\/now-news.de\/de\/wp-content\/uploads\/sites\/3\/2022\/12\/Handelsstreit-zwischen-EU-und-USA-Der-Ton-wird-rauer.jpg\",\"keywords\":[\"der\",\"Handelsstreit\",\"rauer\",\"Ton\",\"und\",\"USA\",\"wird\",\"zwischen\"],\"articleSection\":[\"Deutschland\",\"Russland\"],\"inLanguage\":\"de\",\"potentialAction\":[{\"@type\":\"CommentAction\",\"name\":\"Comment\",\"target\":[\"https:\/\/now-news.de\/de\/deutschland\/handelsstreit-zwischen-eu-und-usa-der-ton-wird-rauer\/#respond\"]}]},{\"@type\":\"WebPage\",\"@id\":\"https:\/\/now-news.de\/de\/deutschland\/handelsstreit-zwischen-eu-und-usa-der-ton-wird-rauer\/\",\"url\":\"https:\/\/now-news.de\/de\/deutschland\/handelsstreit-zwischen-eu-und-usa-der-ton-wird-rauer\/\",\"name\":\"Handelsstreit zwischen EU und USA: Der Ton wird rauer - just-now.NEWS Deutschland\",\"isPartOf\":{\"@id\":\"https:\/\/now-news.de\/de\/#website\"},\"primaryImageOfPage\":{\"@id\":\"https:\/\/now-news.de\/de\/deutschland\/handelsstreit-zwischen-eu-und-usa-der-ton-wird-rauer\/#primaryimage\"},\"image\":{\"@id\":\"https:\/\/now-news.de\/de\/deutschland\/handelsstreit-zwischen-eu-und-usa-der-ton-wird-rauer\/#primaryimage\"},\"thumbnailUrl\":\"https:\/\/now-news.de\/de\/wp-content\/uploads\/sites\/3\/2022\/12\/Handelsstreit-zwischen-EU-und-USA-Der-Ton-wird-rauer.jpg\",\"datePublished\":\"2022-12-26T21:27:35+00:00\",\"dateModified\":\"2022-12-26T21:27:35+00:00\",\"breadcrumb\":{\"@id\":\"https:\/\/now-news.de\/de\/deutschland\/handelsstreit-zwischen-eu-und-usa-der-ton-wird-rauer\/#breadcrumb\"},\"inLanguage\":\"de\",\"potentialAction\":[{\"@type\":\"ReadAction\",\"target\":[\"https:\/\/now-news.de\/de\/deutschland\/handelsstreit-zwischen-eu-und-usa-der-ton-wird-rauer\/\"]}]},{\"@type\":\"ImageObject\",\"inLanguage\":\"de\",\"@id\":\"https:\/\/now-news.de\/de\/deutschland\/handelsstreit-zwischen-eu-und-usa-der-ton-wird-rauer\/#primaryimage\",\"url\":\"https:\/\/now-news.de\/de\/wp-content\/uploads\/sites\/3\/2022\/12\/Handelsstreit-zwischen-EU-und-USA-Der-Ton-wird-rauer.jpg\",\"contentUrl\":\"https:\/\/now-news.de\/de\/wp-content\/uploads\/sites\/3\/2022\/12\/Handelsstreit-zwischen-EU-und-USA-Der-Ton-wird-rauer.jpg\",\"width\":460,\"height\":259,\"caption\":\"Handelsstreit zwischen EU und USA: Der Ton wird rauer\"},{\"@type\":\"BreadcrumbList\",\"@id\":\"https:\/\/now-news.de\/de\/deutschland\/handelsstreit-zwischen-eu-und-usa-der-ton-wird-rauer\/#breadcrumb\",\"itemListElement\":[{\"@type\":\"ListItem\",\"position\":1,\"name\":\"Home\",\"item\":\"https:\/\/now-news.de\/de\/\"},{\"@type\":\"ListItem\",\"position\":2,\"name\":\"Handelsstreit zwischen EU und USA: Der Ton wird rauer\"}]},{\"@type\":\"WebSite\",\"@id\":\"https:\/\/now-news.de\/de\/#website\",\"url\":\"https:\/\/now-news.de\/de\/\",\"name\":\"just-now.NEWS Deutschland\",\"description\":\"Das Portal f\u00fcr unzensierte Nachrichten aus der Welt\",\"publisher\":{\"@id\":\"https:\/\/now-news.de\/de\/#organization\"},\"potentialAction\":[{\"@type\":\"SearchAction\",\"target\":{\"@type\":\"EntryPoint\",\"urlTemplate\":\"https:\/\/now-news.de\/de\/?s={search_term_string}\"},\"query-input\":\"required name=search_term_string\"}],\"inLanguage\":\"de\"},{\"@type\":\"Organization\",\"@id\":\"https:\/\/now-news.de\/de\/#organization\",\"name\":\"Just Now News\",\"url\":\"https:\/\/now-news.de\/de\/\",\"logo\":{\"@type\":\"ImageObject\",\"inLanguage\":\"de\",\"@id\":\"https:\/\/now-news.de\/de\/#\/schema\/logo\/image\/\",\"url\":\"http:\/\/just-now.news\/de\/wp-content\/uploads\/sites\/3\/2022\/04\/logo500x500.jpg\",\"contentUrl\":\"http:\/\/just-now.news\/de\/wp-content\/uploads\/sites\/3\/2022\/04\/logo500x500.jpg\",\"width\":500,\"height\":500,\"caption\":\"Just Now News\"},\"image\":{\"@id\":\"https:\/\/now-news.de\/de\/#\/schema\/logo\/image\/\"},\"sameAs\":[\"https:\/\/www.facebook.com\/wirmachenauf\",\"https:\/\/x.com\/WirMachenAuf_de\"]},{\"@type\":\"Person\",\"@id\":\"https:\/\/now-news.de\/de\/#\/schema\/person\/fb534a4e865501d8b3285208df34a9b5\",\"name\":\"rtnews\",\"image\":{\"@type\":\"ImageObject\",\"inLanguage\":\"de\",\"@id\":\"https:\/\/now-news.de\/de\/#\/schema\/person\/image\/\",\"url\":\"https:\/\/secure.gravatar.com\/avatar\/82aafea7d8127119dd649515f56e2117?s=96&d=mm&r=g\",\"contentUrl\":\"https:\/\/secure.gravatar.com\/avatar\/82aafea7d8127119dd649515f56e2117?s=96&d=mm&r=g\",\"caption\":\"rtnews\"},\"url\":\"https:\/\/now-news.de\/de\/author\/rnews\/\"}]}<\/script>\n<!-- \/ Yoast SEO Premium plugin. -->","yoast_head_json":{"title":"Handelsstreit zwischen EU und USA: Der Ton wird rauer - just-now.NEWS Deutschland","robots":{"index":"index","follow":"follow","max-snippet":"max-snippet:-1","max-image-preview":"max-image-preview:large","max-video-preview":"max-video-preview:-1"},"canonical":"https:\/\/now-news.de\/de\/deutschland\/handelsstreit-zwischen-eu-und-usa-der-ton-wird-rauer\/","og_locale":"de_DE","og_type":"article","og_title":"Handelsstreit zwischen EU und USA: Der Ton wird rauer","og_description":"Europa reagiert emp\u00f6rt auf j\u00fcngste Angriffe Washingtons gegen die Welthandelsorganisation WTO. Zuvor hatte die WTO in einem Verfahren gegen die USA und die von Ex-US-Pr\u00e4sident Donald Trump eingef\u00fchrten Stahl- und Aluminiumz\u00f6lle entschieden. Br\u00fcssel ist w\u00fctend \u00fcber Washingtons j\u00fcngsten Angriffe gegen\u00fcber der Welthandelsorganisation WTO, wie das Magazin Politico berichtet. Die US-Handelsbeauftragte Katherine Tai hatte die internationale [&hellip;]","og_url":"https:\/\/now-news.de\/de\/deutschland\/handelsstreit-zwischen-eu-und-usa-der-ton-wird-rauer\/","og_site_name":"just-now.NEWS Deutschland","article_publisher":"https:\/\/www.facebook.com\/wirmachenauf","article_published_time":"2022-12-26T21:27:35+00:00","og_image":[{"width":460,"height":259,"url":"https:\/\/now-news.de\/de\/wp-content\/uploads\/sites\/3\/2022\/12\/Handelsstreit-zwischen-EU-und-USA-Der-Ton-wird-rauer.jpg","type":"image\/jpeg"}],"author":"rtnews","twitter_card":"summary_large_image","twitter_creator":"@WirMachenAuf_de","twitter_site":"@WirMachenAuf_de","twitter_misc":{"Verfasst von":"rtnews","Gesch\u00e4tzte Lesezeit":"3\u00a0Minuten"},"schema":{"@context":"https:\/\/schema.org","@graph":[{"@type":"Article","@id":"https:\/\/now-news.de\/de\/deutschland\/handelsstreit-zwischen-eu-und-usa-der-ton-wird-rauer\/#article","isPartOf":{"@id":"https:\/\/now-news.de\/de\/deutschland\/handelsstreit-zwischen-eu-und-usa-der-ton-wird-rauer\/"},"author":{"name":"rtnews","@id":"https:\/\/now-news.de\/de\/#\/schema\/person\/fb534a4e865501d8b3285208df34a9b5"},"headline":"Handelsstreit zwischen EU und USA: Der Ton wird rauer","datePublished":"2022-12-26T21:27:35+00:00","dateModified":"2022-12-26T21:27:35+00:00","mainEntityOfPage":{"@id":"https:\/\/now-news.de\/de\/deutschland\/handelsstreit-zwischen-eu-und-usa-der-ton-wird-rauer\/"},"wordCount":560,"commentCount":0,"publisher":{"@id":"https:\/\/now-news.de\/de\/#organization"},"image":{"@id":"https:\/\/now-news.de\/de\/deutschland\/handelsstreit-zwischen-eu-und-usa-der-ton-wird-rauer\/#primaryimage"},"thumbnailUrl":"https:\/\/now-news.de\/de\/wp-content\/uploads\/sites\/3\/2022\/12\/Handelsstreit-zwischen-EU-und-USA-Der-Ton-wird-rauer.jpg","keywords":["der","Handelsstreit","rauer","Ton","und","USA","wird","zwischen"],"articleSection":["Deutschland","Russland"],"inLanguage":"de","potentialAction":[{"@type":"CommentAction","name":"Comment","target":["https:\/\/now-news.de\/de\/deutschland\/handelsstreit-zwischen-eu-und-usa-der-ton-wird-rauer\/#respond"]}]},{"@type":"WebPage","@id":"https:\/\/now-news.de\/de\/deutschland\/handelsstreit-zwischen-eu-und-usa-der-ton-wird-rauer\/","url":"https:\/\/now-news.de\/de\/deutschland\/handelsstreit-zwischen-eu-und-usa-der-ton-wird-rauer\/","name":"Handelsstreit zwischen EU und USA: Der Ton wird rauer - just-now.NEWS Deutschland","isPartOf":{"@id":"https:\/\/now-news.de\/de\/#website"},"primaryImageOfPage":{"@id":"https:\/\/now-news.de\/de\/deutschland\/handelsstreit-zwischen-eu-und-usa-der-ton-wird-rauer\/#primaryimage"},"image":{"@id":"https:\/\/now-news.de\/de\/deutschland\/handelsstreit-zwischen-eu-und-usa-der-ton-wird-rauer\/#primaryimage"},"thumbnailUrl":"https:\/\/now-news.de\/de\/wp-content\/uploads\/sites\/3\/2022\/12\/Handelsstreit-zwischen-EU-und-USA-Der-Ton-wird-rauer.jpg","datePublished":"2022-12-26T21:27:35+00:00","dateModified":"2022-12-26T21:27:35+00:00","breadcrumb":{"@id":"https:\/\/now-news.de\/de\/deutschland\/handelsstreit-zwischen-eu-und-usa-der-ton-wird-rauer\/#breadcrumb"},"inLanguage":"de","potentialAction":[{"@type":"ReadAction","target":["https:\/\/now-news.de\/de\/deutschland\/handelsstreit-zwischen-eu-und-usa-der-ton-wird-rauer\/"]}]},{"@type":"ImageObject","inLanguage":"de","@id":"https:\/\/now-news.de\/de\/deutschland\/handelsstreit-zwischen-eu-und-usa-der-ton-wird-rauer\/#primaryimage","url":"https:\/\/now-news.de\/de\/wp-content\/uploads\/sites\/3\/2022\/12\/Handelsstreit-zwischen-EU-und-USA-Der-Ton-wird-rauer.jpg","contentUrl":"https:\/\/now-news.de\/de\/wp-content\/uploads\/sites\/3\/2022\/12\/Handelsstreit-zwischen-EU-und-USA-Der-Ton-wird-rauer.jpg","width":460,"height":259,"caption":"Handelsstreit zwischen EU und USA: Der Ton wird rauer"},{"@type":"BreadcrumbList","@id":"https:\/\/now-news.de\/de\/deutschland\/handelsstreit-zwischen-eu-und-usa-der-ton-wird-rauer\/#breadcrumb","itemListElement":[{"@type":"ListItem","position":1,"name":"Home","item":"https:\/\/now-news.de\/de\/"},{"@type":"ListItem","position":2,"name":"Handelsstreit zwischen EU und USA: Der Ton wird rauer"}]},{"@type":"WebSite","@id":"https:\/\/now-news.de\/de\/#website","url":"https:\/\/now-news.de\/de\/","name":"just-now.NEWS Deutschland","description":"Das Portal f\u00fcr unzensierte Nachrichten aus der Welt","publisher":{"@id":"https:\/\/now-news.de\/de\/#organization"},"potentialAction":[{"@type":"SearchAction","target":{"@type":"EntryPoint","urlTemplate":"https:\/\/now-news.de\/de\/?s={search_term_string}"},"query-input":"required name=search_term_string"}],"inLanguage":"de"},{"@type":"Organization","@id":"https:\/\/now-news.de\/de\/#organization","name":"Just Now News","url":"https:\/\/now-news.de\/de\/","logo":{"@type":"ImageObject","inLanguage":"de","@id":"https:\/\/now-news.de\/de\/#\/schema\/logo\/image\/","url":"http:\/\/just-now.news\/de\/wp-content\/uploads\/sites\/3\/2022\/04\/logo500x500.jpg","contentUrl":"http:\/\/just-now.news\/de\/wp-content\/uploads\/sites\/3\/2022\/04\/logo500x500.jpg","width":500,"height":500,"caption":"Just Now News"},"image":{"@id":"https:\/\/now-news.de\/de\/#\/schema\/logo\/image\/"},"sameAs":["https:\/\/www.facebook.com\/wirmachenauf","https:\/\/x.com\/WirMachenAuf_de"]},{"@type":"Person","@id":"https:\/\/now-news.de\/de\/#\/schema\/person\/fb534a4e865501d8b3285208df34a9b5","name":"rtnews","image":{"@type":"ImageObject","inLanguage":"de","@id":"https:\/\/now-news.de\/de\/#\/schema\/person\/image\/","url":"https:\/\/secure.gravatar.com\/avatar\/82aafea7d8127119dd649515f56e2117?s=96&d=mm&r=g","contentUrl":"https:\/\/secure.gravatar.com\/avatar\/82aafea7d8127119dd649515f56e2117?s=96&d=mm&r=g","caption":"rtnews"},"url":"https:\/\/now-news.de\/de\/author\/rnews\/"}]}},"_links":{"self":[{"href":"https:\/\/now-news.de\/de\/wp-json\/wp\/v2\/posts\/26366"}],"collection":[{"href":"https:\/\/now-news.de\/de\/wp-json\/wp\/v2\/posts"}],"about":[{"href":"https:\/\/now-news.de\/de\/wp-json\/wp\/v2\/types\/post"}],"author":[{"embeddable":true,"href":"https:\/\/now-news.de\/de\/wp-json\/wp\/v2\/users\/3"}],"replies":[{"embeddable":true,"href":"https:\/\/now-news.de\/de\/wp-json\/wp\/v2\/comments?post=26366"}],"version-history":[{"count":0,"href":"https:\/\/now-news.de\/de\/wp-json\/wp\/v2\/posts\/26366\/revisions"}],"wp:featuredmedia":[{"embeddable":true,"href":"https:\/\/now-news.de\/de\/wp-json\/wp\/v2\/media\/26367"}],"wp:attachment":[{"href":"https:\/\/now-news.de\/de\/wp-json\/wp\/v2\/media?parent=26366"}],"wp:term":[{"taxonomy":"category","embeddable":true,"href":"https:\/\/now-news.de\/de\/wp-json\/wp\/v2\/categories?post=26366"},{"taxonomy":"post_tag","embeddable":true,"href":"https:\/\/now-news.de\/de\/wp-json\/wp\/v2\/tags?post=26366"}],"curies":[{"name":"wp","href":"https:\/\/api.w.org\/{rel}","templated":true}]}}