{"id":26332,"date":"2022-12-26T11:42:16","date_gmt":"2022-12-26T09:42:16","guid":{"rendered":"https:\/\/just-now.news\/de\/deutschland\/warum-will-die-radikale-rechte-opposition-in-venezuela-juan-guaido-loswerden\/"},"modified":"2022-12-26T11:42:16","modified_gmt":"2022-12-26T09:42:16","slug":"warum-will-die-radikale-rechte-opposition-in-venezuela-juan-guaido-loswerden","status":"publish","type":"post","link":"https:\/\/now-news.de\/de\/deutschland\/warum-will-die-radikale-rechte-opposition-in-venezuela-juan-guaido-loswerden\/","title":{"rendered":"Warum will die radikale rechte Opposition in Venezuela Juan Guaid\u00f3 loswerden?"},"content":{"rendered":"<p><img decoding=\"async\" src=\"http:\/\/just-now.news\/de\/wp-content\/uploads\/sites\/3\/2022\/12\/63a94ea048fbef1bce40c9bb.jpg\" \/><\/p>\n<div class=\"Text-root Text-type_1 \">\n                Ist es das Ende der schillernden Polit-Karriere des Juan Guaid\u00f3? Unbeachtet vom Gro\u00dfteil der Westmedien haben seine Oppositionsfreunde den selbst ernannten &#8220;Interimspr\u00e4sidenten&#8221; Venezuelas aus ihrer imagin\u00e4ren Parallelregierung entfernt. Welche Rolle spielen die USA dabei?\n            <\/div>\n<p><\/p>\n<div class=\"Text-root Text-type_5 ArticleView-text ViewText-root \">\n<p><em>Von Ociel Al\u00ed L\u00f3pez<\/em><\/p>\n<p>Der 22. Dezember war ein schlechter Tag f\u00fcr Juan Guaid\u00f3. Seine eigenen Oppositionsfreunde entfernten ihn aus dem &#8220;Pr\u00e4sidentenamt&#8221; einer imagin\u00e4ren Parallelregierung. In dieser Rolle hatten ihn die USA bisher daf\u00fcr ausersehen, Venezuelas betr\u00e4chtliche Verm\u00f6genswerte im Ausland zu kontrollieren.<\/p>\n<p>Die Oppositionsparteien, die Guaid\u00f3 im Jahr 2019 als selbstproklamierten &#8220;Interimspr\u00e4sidenten&#8221; unterst\u00fctzt hatten, f\u00e4llten nun ein vorl\u00e4ufiges Urteil gegen ihn. Das Votum der Parteikollegen sagt viel \u00fcber die Schw\u00e4che seiner Position aus: 72 Ja-Stimmen f\u00fcr seine &#8220;Abwahl&#8221; und knapp 23 Nein-Stimmen, dazu neun Enthaltungen.<\/p>\n<p>Die getroffene Entscheidung hat auch Konsequenzen f\u00fcr die im Dezember 2015 gew\u00e4hlte, von der Opposition dominierte Nationalversammlung. Sie musste sich seitdem wegen angeblicher Wahlf\u00e4lschungen gegen ein zweites, mehrheitlich chavistisches Parlament verteidigen. Die verfassungsm\u00e4\u00dfige Amtszeit endete im Januar 2021.<\/p>\n<p>Das Schattenparlament war in den vergangenen Jahren nur noch &#8220;in Kraft&#8221;, um der Beschlagnahme des venezolanischen Verm\u00f6gens vorwiegend in den USA und in Gro\u00dfbritannien ein rechtliches Alibi zu bieten. Als Teil von Guaid\u00f3s Scheinregierung erf\u00fcllte es die Rolle des &#8220;wahren Besitzers&#8221; der venezolanischen Milliarden und legitimierte somit, dass sie der Bev\u00f6lkerung des Landes sogar f\u00fcr humanit\u00e4re Zwecke vorenthalten wurden.<\/p>\n<p>Noch immer hat dieser Organismus, der seitdem keine Wahlen mehr erlebte, das Kontrollrecht \u00fcber die Citgo-\u00d6lgesellschaft in den USA und die Zentralbank Venezuelas. Die rechten Oppositionsparteien Un Nuevo Tiempo (UNT), Primero Justifica (PJ) und Acci\u00f3n Democr\u00e1tica (AD) stellen sich nun gegen Juan Guaid\u00f3. Ihr Sprecher Alfonso Marquina erkl\u00e4rte:<\/p>\n<blockquote>\n<p><em>&#8220;Die Entscheidung bedeutet f\u00fcr die Partei von Leopoldo L\u00f3pez, Voluntad Popular, einen Schlag gegen ihre ineffektive Aufstandspolitik, die die Opposition in ihre schwerste politische Niederlage gezerrt hat.&#8221;<\/em><\/p>\n<\/blockquote>\n<p>Das endg\u00fcltige Schicksal des Juan Guaid\u00f3 wird in einer zweiten Abstimmungsrunde am 5. Januar entschieden werden. Es gab keine konkreten Informationen \u00fcber die Debatte. Lediglich ein kurzes Video drang an die \u00d6ffentlichkeit, worin der bisherige &#8220;Interimspr\u00e4sident&#8221; es immer noch f\u00fcr m\u00f6glich h\u00e4lt, die Konfliktthemen f\u00fcr die n\u00e4chste Diskussion zu \u00fcberwinden:<\/p>\n<p>&#8220;Lasst uns Fortschritte bei den heute zum Ausdruck gebrachten klaren Differenzen machen&#8221;, sagte Guaid\u00f3 darin. Die Entscheidung zeigt eine \u00c4nderung in der Strategie der Opposition und beschleunigt die Wende, die ihre Eingliederung in demokratische Institutionen beg\u00fcnstigen w\u00fcrde. Seit Jahren haben sich diese rechtsradikalen Parteien geweigert, an Wahlen jeder Art teilzunehmen. Nicht zu vergessen, dass sie Tod und Verw\u00fcstung auf die Stra\u00dfen brachten, um die Regierung Maduro gewaltsam zu st\u00fcrzen. Ein gescheiterter Milit\u00e4rputsch, eine milit\u00e4rische Invasion von US-S\u00f6ldnern an der Karibikk\u00fcste \u2013 das alles wird nicht einfach zu vergessen sein.<\/p>\n<p>Obwohl sich der &#8220;interne Parteienaufstand&#8221; gegen Guaid\u00f3 als eine vollendete Tatsache darstellt, ist der Fall immer noch nicht abgeschlossen. Man muss abwarten, wie sich die USA dazu verhalten. Die Vereinigten Staaten sind eines der wenigen L\u00e4nder, die Guaid\u00f3 noch anerkennen. Ab Januar 2021 bezeichnet man ihn in Europa als &#8220;politischen Akteur&#8221; oder &#8220;politischen Repr\u00e4sentanten&#8221;, aber nicht mehr als &#8220;Pr\u00e4sidenten Venezuelas&#8221;.<\/p>\n<p>Vorerst entledigen sich die Oppositionsparteien der Last, eine Parallelregierung unterst\u00fctzen zu m\u00fcssen. Sie wollen an den kommenden Wahlen teilnehmen. Gleichzeitig m\u00fcssen sie in dieser Kampagne f\u00fcr die Enteignung von Venezuelas Besitzt\u00fcmer im Ausland geradestehen. Sie haben die \u00f6ffentliche Verantwortung f\u00fcr Verm\u00f6genswerte zu \u00fcbernehmen, deren Verwaltung undurchsichtig und umstritten ist.\u00a0Die brutalen Wirtschaftssanktionen Nordamerikas und Europas wurden von ihnen mitgetragen. Sie handelten gegen die elementarsten Lebensbed\u00fcrfnisse der Bev\u00f6lkerung.<\/p>\n<p>Die USA sind die wichtigsten Verb\u00fcndeten des Juan Guaid\u00f3. Wenn die Staaten ihre Unterst\u00fctzung aufrechterhalten, reicht das aus, um die Kontrolle \u00fcber Citgo fortzusetzen und die Botschaft in Washington offenzuhalten. Der n\u00e4chste 5. Januar wird das entscheidende Datum sein, um die Zukunft der Opposition und des &#8220;Interims&#8221; zu erfahren.<\/p>\n<p><em>\u00dcbersetzung aus dem <a rel=\"nofollow noopener\" target=\"_blank\" href=\"https:\/\/actualidad.rt.com\/opinion\/ociel-ali-lopez\/452949-oposicion-radical-venezolana-acabar-juan-guaido\">Spanischen<\/a>.<\/em><\/p>\n<p><strong>Mehr zum Thema<\/strong> \u2013 <a rel=\"nofollow noopener\" target=\"_blank\" href=\"https:\/\/test.rtde.tech\/kurzclips\/video\/123636-praesident-maduro-ueber-opposition-da-sitzt-die-us-regierung-mit-am-tisch\/\">Pr\u00e4sident Maduro \u00fcber Opposition: &#8220;Da sitzt die US-Regierung am Tisch&#8221;<\/a><\/p>\n<\/div>\n<p><br \/>\n<br \/><a href=\"https:\/\/de.rt.com\/amerika\/158181-warum-will-radikale-rechte-opposition-juan-guaido-loswerden\/\">Source link <\/a><\/p>\n","protected":false},"excerpt":{"rendered":"<p>Ist es das Ende der schillernden Polit-Karriere des Juan Guaid\u00f3? Unbeachtet vom Gro\u00dfteil der Westmedien haben seine Oppositionsfreunde den selbst ernannten &#8220;Interimspr\u00e4sidenten&#8221; Venezuelas aus ihrer imagin\u00e4ren Parallelregierung entfernt. Welche Rolle spielen die USA dabei? Von Ociel Al\u00ed L\u00f3pez Der 22. Dezember war ein schlechter Tag f\u00fcr Juan Guaid\u00f3. Seine eigenen Oppositionsfreunde entfernten ihn aus dem [&hellip;]<\/p>\n","protected":false},"author":3,"featured_media":26333,"comment_status":"open","ping_status":"open","sticky":false,"template":"","format":"standard","meta":{"_yoast_indexnow_last_ping":["1672048253"],"wp_automatic_camp":["217"],"ff32d51ac8adfc6e10eab76c2d52fce2":["Warum will die radikale rechte Opposition in Venezuela Juan Guaid\u00f3 loswerden?"],"original_link":["https:\/\/de.rt.com\/amerika\/158181-warum-will-radikale-rechte-opposition-juan-guaido-loswerden\/"],"_thumbnail_id":["26333"],"_wptgpro_p2tg_sent2tg":["a:1:{i:23737;s:19:\"2022-12-26 11:51:55\";}"],"jnews_social_counter_last_update":["1777432962"]},"categories":[19,23],"tags":[45,24240,24239,36295,20355,19264,143,18708,1289],"yoast_head":"<!-- This site is optimized with the Yoast SEO Premium plugin v22.7 (Yoast SEO v22.7) - https:\/\/yoast.com\/wordpress\/plugins\/seo\/ -->\n<title>Warum will die radikale rechte Opposition in Venezuela Juan Guaid\u00f3 loswerden? - just-now.NEWS Deutschland<\/title>\n<meta name=\"robots\" content=\"index, follow, max-snippet:-1, max-image-preview:large, max-video-preview:-1\" \/>\n<link rel=\"canonical\" href=\"https:\/\/now-news.de\/de\/deutschland\/warum-will-die-radikale-rechte-opposition-in-venezuela-juan-guaido-loswerden\/\" \/>\n<meta property=\"og:locale\" content=\"de_DE\" \/>\n<meta property=\"og:type\" content=\"article\" \/>\n<meta property=\"og:title\" content=\"Warum will die radikale rechte Opposition in Venezuela Juan Guaid\u00f3 loswerden?\" \/>\n<meta property=\"og:description\" content=\"Ist es das Ende der schillernden Polit-Karriere des Juan Guaid\u00f3? Unbeachtet vom Gro\u00dfteil der Westmedien haben seine Oppositionsfreunde den selbst ernannten &#8220;Interimspr\u00e4sidenten&#8221; Venezuelas aus ihrer imagin\u00e4ren Parallelregierung entfernt. Welche Rolle spielen die USA dabei? Von Ociel Al\u00ed L\u00f3pez Der 22. Dezember war ein schlechter Tag f\u00fcr Juan Guaid\u00f3. Seine eigenen Oppositionsfreunde entfernten ihn aus dem [&hellip;]\" \/>\n<meta property=\"og:url\" content=\"https:\/\/now-news.de\/de\/deutschland\/warum-will-die-radikale-rechte-opposition-in-venezuela-juan-guaido-loswerden\/\" \/>\n<meta property=\"og:site_name\" content=\"just-now.NEWS Deutschland\" \/>\n<meta property=\"article:publisher\" content=\"https:\/\/www.facebook.com\/wirmachenauf\" \/>\n<meta property=\"article:published_time\" content=\"2022-12-26T09:42:16+00:00\" \/>\n<meta property=\"og:image\" content=\"https:\/\/now-news.de\/de\/wp-content\/uploads\/sites\/3\/2022\/12\/Warum-will-die-radikale-rechte-Opposition-in-Venezuela-Juan-Guaido.jpg\" \/>\n\t<meta property=\"og:image:width\" content=\"460\" \/>\n\t<meta property=\"og:image:height\" content=\"259\" \/>\n\t<meta property=\"og:image:type\" content=\"image\/jpeg\" \/>\n<meta name=\"author\" content=\"rtnews\" \/>\n<meta name=\"twitter:card\" content=\"summary_large_image\" \/>\n<meta name=\"twitter:creator\" content=\"@WirMachenAuf_de\" \/>\n<meta name=\"twitter:site\" content=\"@WirMachenAuf_de\" \/>\n<meta name=\"twitter:label1\" content=\"Verfasst von\" \/>\n\t<meta name=\"twitter:data1\" content=\"rtnews\" \/>\n\t<meta name=\"twitter:label2\" content=\"Gesch\u00e4tzte Lesezeit\" \/>\n\t<meta name=\"twitter:data2\" content=\"3\u00a0Minuten\" \/>\n<script type=\"application\/ld+json\" class=\"yoast-schema-graph\">{\"@context\":\"https:\/\/schema.org\",\"@graph\":[{\"@type\":\"Article\",\"@id\":\"https:\/\/now-news.de\/de\/deutschland\/warum-will-die-radikale-rechte-opposition-in-venezuela-juan-guaido-loswerden\/#article\",\"isPartOf\":{\"@id\":\"https:\/\/now-news.de\/de\/deutschland\/warum-will-die-radikale-rechte-opposition-in-venezuela-juan-guaido-loswerden\/\"},\"author\":{\"name\":\"rtnews\",\"@id\":\"https:\/\/now-news.de\/de\/#\/schema\/person\/fb534a4e865501d8b3285208df34a9b5\"},\"headline\":\"Warum will die radikale rechte Opposition in Venezuela Juan Guaid\u00f3 loswerden?\",\"datePublished\":\"2022-12-26T09:42:16+00:00\",\"dateModified\":\"2022-12-26T09:42:16+00:00\",\"mainEntityOfPage\":{\"@id\":\"https:\/\/now-news.de\/de\/deutschland\/warum-will-die-radikale-rechte-opposition-in-venezuela-juan-guaido-loswerden\/\"},\"wordCount\":692,\"commentCount\":0,\"publisher\":{\"@id\":\"https:\/\/now-news.de\/de\/#organization\"},\"image\":{\"@id\":\"https:\/\/now-news.de\/de\/deutschland\/warum-will-die-radikale-rechte-opposition-in-venezuela-juan-guaido-loswerden\/#primaryimage\"},\"thumbnailUrl\":\"https:\/\/now-news.de\/de\/wp-content\/uploads\/sites\/3\/2022\/12\/Warum-will-die-radikale-rechte-Opposition-in-Venezuela-Juan-Guaido.jpg\",\"keywords\":[\"die\",\"Guaido\",\"Juan\",\"loswerden\",\"Opposition\",\"radikale\",\"Rechte\",\"Venezuela\",\"Warum\"],\"articleSection\":[\"Deutschland\",\"Russland\"],\"inLanguage\":\"de\",\"potentialAction\":[{\"@type\":\"CommentAction\",\"name\":\"Comment\",\"target\":[\"https:\/\/now-news.de\/de\/deutschland\/warum-will-die-radikale-rechte-opposition-in-venezuela-juan-guaido-loswerden\/#respond\"]}]},{\"@type\":\"WebPage\",\"@id\":\"https:\/\/now-news.de\/de\/deutschland\/warum-will-die-radikale-rechte-opposition-in-venezuela-juan-guaido-loswerden\/\",\"url\":\"https:\/\/now-news.de\/de\/deutschland\/warum-will-die-radikale-rechte-opposition-in-venezuela-juan-guaido-loswerden\/\",\"name\":\"Warum will die radikale rechte Opposition in Venezuela Juan Guaid\u00f3 loswerden? - just-now.NEWS Deutschland\",\"isPartOf\":{\"@id\":\"https:\/\/now-news.de\/de\/#website\"},\"primaryImageOfPage\":{\"@id\":\"https:\/\/now-news.de\/de\/deutschland\/warum-will-die-radikale-rechte-opposition-in-venezuela-juan-guaido-loswerden\/#primaryimage\"},\"image\":{\"@id\":\"https:\/\/now-news.de\/de\/deutschland\/warum-will-die-radikale-rechte-opposition-in-venezuela-juan-guaido-loswerden\/#primaryimage\"},\"thumbnailUrl\":\"https:\/\/now-news.de\/de\/wp-content\/uploads\/sites\/3\/2022\/12\/Warum-will-die-radikale-rechte-Opposition-in-Venezuela-Juan-Guaido.jpg\",\"datePublished\":\"2022-12-26T09:42:16+00:00\",\"dateModified\":\"2022-12-26T09:42:16+00:00\",\"breadcrumb\":{\"@id\":\"https:\/\/now-news.de\/de\/deutschland\/warum-will-die-radikale-rechte-opposition-in-venezuela-juan-guaido-loswerden\/#breadcrumb\"},\"inLanguage\":\"de\",\"potentialAction\":[{\"@type\":\"ReadAction\",\"target\":[\"https:\/\/now-news.de\/de\/deutschland\/warum-will-die-radikale-rechte-opposition-in-venezuela-juan-guaido-loswerden\/\"]}]},{\"@type\":\"ImageObject\",\"inLanguage\":\"de\",\"@id\":\"https:\/\/now-news.de\/de\/deutschland\/warum-will-die-radikale-rechte-opposition-in-venezuela-juan-guaido-loswerden\/#primaryimage\",\"url\":\"https:\/\/now-news.de\/de\/wp-content\/uploads\/sites\/3\/2022\/12\/Warum-will-die-radikale-rechte-Opposition-in-Venezuela-Juan-Guaido.jpg\",\"contentUrl\":\"https:\/\/now-news.de\/de\/wp-content\/uploads\/sites\/3\/2022\/12\/Warum-will-die-radikale-rechte-Opposition-in-Venezuela-Juan-Guaido.jpg\",\"width\":460,\"height\":259,\"caption\":\"Warum will die radikale rechte Opposition in Venezuela Juan Guaid\u00f3 loswerden?\"},{\"@type\":\"BreadcrumbList\",\"@id\":\"https:\/\/now-news.de\/de\/deutschland\/warum-will-die-radikale-rechte-opposition-in-venezuela-juan-guaido-loswerden\/#breadcrumb\",\"itemListElement\":[{\"@type\":\"ListItem\",\"position\":1,\"name\":\"Home\",\"item\":\"https:\/\/now-news.de\/de\/\"},{\"@type\":\"ListItem\",\"position\":2,\"name\":\"Warum will die radikale rechte Opposition in Venezuela Juan Guaid\u00f3 loswerden?\"}]},{\"@type\":\"WebSite\",\"@id\":\"https:\/\/now-news.de\/de\/#website\",\"url\":\"https:\/\/now-news.de\/de\/\",\"name\":\"just-now.NEWS Deutschland\",\"description\":\"Das Portal f\u00fcr unzensierte Nachrichten aus der Welt\",\"publisher\":{\"@id\":\"https:\/\/now-news.de\/de\/#organization\"},\"potentialAction\":[{\"@type\":\"SearchAction\",\"target\":{\"@type\":\"EntryPoint\",\"urlTemplate\":\"https:\/\/now-news.de\/de\/?s={search_term_string}\"},\"query-input\":\"required name=search_term_string\"}],\"inLanguage\":\"de\"},{\"@type\":\"Organization\",\"@id\":\"https:\/\/now-news.de\/de\/#organization\",\"name\":\"Just Now News\",\"url\":\"https:\/\/now-news.de\/de\/\",\"logo\":{\"@type\":\"ImageObject\",\"inLanguage\":\"de\",\"@id\":\"https:\/\/now-news.de\/de\/#\/schema\/logo\/image\/\",\"url\":\"http:\/\/just-now.news\/de\/wp-content\/uploads\/sites\/3\/2022\/04\/logo500x500.jpg\",\"contentUrl\":\"http:\/\/just-now.news\/de\/wp-content\/uploads\/sites\/3\/2022\/04\/logo500x500.jpg\",\"width\":500,\"height\":500,\"caption\":\"Just Now News\"},\"image\":{\"@id\":\"https:\/\/now-news.de\/de\/#\/schema\/logo\/image\/\"},\"sameAs\":[\"https:\/\/www.facebook.com\/wirmachenauf\",\"https:\/\/x.com\/WirMachenAuf_de\"]},{\"@type\":\"Person\",\"@id\":\"https:\/\/now-news.de\/de\/#\/schema\/person\/fb534a4e865501d8b3285208df34a9b5\",\"name\":\"rtnews\",\"image\":{\"@type\":\"ImageObject\",\"inLanguage\":\"de\",\"@id\":\"https:\/\/now-news.de\/de\/#\/schema\/person\/image\/\",\"url\":\"https:\/\/secure.gravatar.com\/avatar\/82aafea7d8127119dd649515f56e2117?s=96&d=mm&r=g\",\"contentUrl\":\"https:\/\/secure.gravatar.com\/avatar\/82aafea7d8127119dd649515f56e2117?s=96&d=mm&r=g\",\"caption\":\"rtnews\"},\"url\":\"https:\/\/now-news.de\/de\/author\/rnews\/\"}]}<\/script>\n<!-- \/ Yoast SEO Premium plugin. -->","yoast_head_json":{"title":"Warum will die radikale rechte Opposition in Venezuela Juan Guaid\u00f3 loswerden? - just-now.NEWS Deutschland","robots":{"index":"index","follow":"follow","max-snippet":"max-snippet:-1","max-image-preview":"max-image-preview:large","max-video-preview":"max-video-preview:-1"},"canonical":"https:\/\/now-news.de\/de\/deutschland\/warum-will-die-radikale-rechte-opposition-in-venezuela-juan-guaido-loswerden\/","og_locale":"de_DE","og_type":"article","og_title":"Warum will die radikale rechte Opposition in Venezuela Juan Guaid\u00f3 loswerden?","og_description":"Ist es das Ende der schillernden Polit-Karriere des Juan Guaid\u00f3? Unbeachtet vom Gro\u00dfteil der Westmedien haben seine Oppositionsfreunde den selbst ernannten &#8220;Interimspr\u00e4sidenten&#8221; Venezuelas aus ihrer imagin\u00e4ren Parallelregierung entfernt. Welche Rolle spielen die USA dabei? Von Ociel Al\u00ed L\u00f3pez Der 22. Dezember war ein schlechter Tag f\u00fcr Juan Guaid\u00f3. Seine eigenen Oppositionsfreunde entfernten ihn aus dem [&hellip;]","og_url":"https:\/\/now-news.de\/de\/deutschland\/warum-will-die-radikale-rechte-opposition-in-venezuela-juan-guaido-loswerden\/","og_site_name":"just-now.NEWS Deutschland","article_publisher":"https:\/\/www.facebook.com\/wirmachenauf","article_published_time":"2022-12-26T09:42:16+00:00","og_image":[{"width":460,"height":259,"url":"https:\/\/now-news.de\/de\/wp-content\/uploads\/sites\/3\/2022\/12\/Warum-will-die-radikale-rechte-Opposition-in-Venezuela-Juan-Guaido.jpg","type":"image\/jpeg"}],"author":"rtnews","twitter_card":"summary_large_image","twitter_creator":"@WirMachenAuf_de","twitter_site":"@WirMachenAuf_de","twitter_misc":{"Verfasst von":"rtnews","Gesch\u00e4tzte Lesezeit":"3\u00a0Minuten"},"schema":{"@context":"https:\/\/schema.org","@graph":[{"@type":"Article","@id":"https:\/\/now-news.de\/de\/deutschland\/warum-will-die-radikale-rechte-opposition-in-venezuela-juan-guaido-loswerden\/#article","isPartOf":{"@id":"https:\/\/now-news.de\/de\/deutschland\/warum-will-die-radikale-rechte-opposition-in-venezuela-juan-guaido-loswerden\/"},"author":{"name":"rtnews","@id":"https:\/\/now-news.de\/de\/#\/schema\/person\/fb534a4e865501d8b3285208df34a9b5"},"headline":"Warum will die radikale rechte Opposition in Venezuela Juan Guaid\u00f3 loswerden?","datePublished":"2022-12-26T09:42:16+00:00","dateModified":"2022-12-26T09:42:16+00:00","mainEntityOfPage":{"@id":"https:\/\/now-news.de\/de\/deutschland\/warum-will-die-radikale-rechte-opposition-in-venezuela-juan-guaido-loswerden\/"},"wordCount":692,"commentCount":0,"publisher":{"@id":"https:\/\/now-news.de\/de\/#organization"},"image":{"@id":"https:\/\/now-news.de\/de\/deutschland\/warum-will-die-radikale-rechte-opposition-in-venezuela-juan-guaido-loswerden\/#primaryimage"},"thumbnailUrl":"https:\/\/now-news.de\/de\/wp-content\/uploads\/sites\/3\/2022\/12\/Warum-will-die-radikale-rechte-Opposition-in-Venezuela-Juan-Guaido.jpg","keywords":["die","Guaido","Juan","loswerden","Opposition","radikale","Rechte","Venezuela","Warum"],"articleSection":["Deutschland","Russland"],"inLanguage":"de","potentialAction":[{"@type":"CommentAction","name":"Comment","target":["https:\/\/now-news.de\/de\/deutschland\/warum-will-die-radikale-rechte-opposition-in-venezuela-juan-guaido-loswerden\/#respond"]}]},{"@type":"WebPage","@id":"https:\/\/now-news.de\/de\/deutschland\/warum-will-die-radikale-rechte-opposition-in-venezuela-juan-guaido-loswerden\/","url":"https:\/\/now-news.de\/de\/deutschland\/warum-will-die-radikale-rechte-opposition-in-venezuela-juan-guaido-loswerden\/","name":"Warum will die radikale rechte Opposition in Venezuela Juan Guaid\u00f3 loswerden? - just-now.NEWS Deutschland","isPartOf":{"@id":"https:\/\/now-news.de\/de\/#website"},"primaryImageOfPage":{"@id":"https:\/\/now-news.de\/de\/deutschland\/warum-will-die-radikale-rechte-opposition-in-venezuela-juan-guaido-loswerden\/#primaryimage"},"image":{"@id":"https:\/\/now-news.de\/de\/deutschland\/warum-will-die-radikale-rechte-opposition-in-venezuela-juan-guaido-loswerden\/#primaryimage"},"thumbnailUrl":"https:\/\/now-news.de\/de\/wp-content\/uploads\/sites\/3\/2022\/12\/Warum-will-die-radikale-rechte-Opposition-in-Venezuela-Juan-Guaido.jpg","datePublished":"2022-12-26T09:42:16+00:00","dateModified":"2022-12-26T09:42:16+00:00","breadcrumb":{"@id":"https:\/\/now-news.de\/de\/deutschland\/warum-will-die-radikale-rechte-opposition-in-venezuela-juan-guaido-loswerden\/#breadcrumb"},"inLanguage":"de","potentialAction":[{"@type":"ReadAction","target":["https:\/\/now-news.de\/de\/deutschland\/warum-will-die-radikale-rechte-opposition-in-venezuela-juan-guaido-loswerden\/"]}]},{"@type":"ImageObject","inLanguage":"de","@id":"https:\/\/now-news.de\/de\/deutschland\/warum-will-die-radikale-rechte-opposition-in-venezuela-juan-guaido-loswerden\/#primaryimage","url":"https:\/\/now-news.de\/de\/wp-content\/uploads\/sites\/3\/2022\/12\/Warum-will-die-radikale-rechte-Opposition-in-Venezuela-Juan-Guaido.jpg","contentUrl":"https:\/\/now-news.de\/de\/wp-content\/uploads\/sites\/3\/2022\/12\/Warum-will-die-radikale-rechte-Opposition-in-Venezuela-Juan-Guaido.jpg","width":460,"height":259,"caption":"Warum will die radikale rechte Opposition in Venezuela Juan Guaid\u00f3 loswerden?"},{"@type":"BreadcrumbList","@id":"https:\/\/now-news.de\/de\/deutschland\/warum-will-die-radikale-rechte-opposition-in-venezuela-juan-guaido-loswerden\/#breadcrumb","itemListElement":[{"@type":"ListItem","position":1,"name":"Home","item":"https:\/\/now-news.de\/de\/"},{"@type":"ListItem","position":2,"name":"Warum will die radikale rechte Opposition in Venezuela Juan Guaid\u00f3 loswerden?"}]},{"@type":"WebSite","@id":"https:\/\/now-news.de\/de\/#website","url":"https:\/\/now-news.de\/de\/","name":"just-now.NEWS Deutschland","description":"Das Portal f\u00fcr unzensierte Nachrichten aus der Welt","publisher":{"@id":"https:\/\/now-news.de\/de\/#organization"},"potentialAction":[{"@type":"SearchAction","target":{"@type":"EntryPoint","urlTemplate":"https:\/\/now-news.de\/de\/?s={search_term_string}"},"query-input":"required name=search_term_string"}],"inLanguage":"de"},{"@type":"Organization","@id":"https:\/\/now-news.de\/de\/#organization","name":"Just Now News","url":"https:\/\/now-news.de\/de\/","logo":{"@type":"ImageObject","inLanguage":"de","@id":"https:\/\/now-news.de\/de\/#\/schema\/logo\/image\/","url":"http:\/\/just-now.news\/de\/wp-content\/uploads\/sites\/3\/2022\/04\/logo500x500.jpg","contentUrl":"http:\/\/just-now.news\/de\/wp-content\/uploads\/sites\/3\/2022\/04\/logo500x500.jpg","width":500,"height":500,"caption":"Just Now News"},"image":{"@id":"https:\/\/now-news.de\/de\/#\/schema\/logo\/image\/"},"sameAs":["https:\/\/www.facebook.com\/wirmachenauf","https:\/\/x.com\/WirMachenAuf_de"]},{"@type":"Person","@id":"https:\/\/now-news.de\/de\/#\/schema\/person\/fb534a4e865501d8b3285208df34a9b5","name":"rtnews","image":{"@type":"ImageObject","inLanguage":"de","@id":"https:\/\/now-news.de\/de\/#\/schema\/person\/image\/","url":"https:\/\/secure.gravatar.com\/avatar\/82aafea7d8127119dd649515f56e2117?s=96&d=mm&r=g","contentUrl":"https:\/\/secure.gravatar.com\/avatar\/82aafea7d8127119dd649515f56e2117?s=96&d=mm&r=g","caption":"rtnews"},"url":"https:\/\/now-news.de\/de\/author\/rnews\/"}]}},"_links":{"self":[{"href":"https:\/\/now-news.de\/de\/wp-json\/wp\/v2\/posts\/26332"}],"collection":[{"href":"https:\/\/now-news.de\/de\/wp-json\/wp\/v2\/posts"}],"about":[{"href":"https:\/\/now-news.de\/de\/wp-json\/wp\/v2\/types\/post"}],"author":[{"embeddable":true,"href":"https:\/\/now-news.de\/de\/wp-json\/wp\/v2\/users\/3"}],"replies":[{"embeddable":true,"href":"https:\/\/now-news.de\/de\/wp-json\/wp\/v2\/comments?post=26332"}],"version-history":[{"count":0,"href":"https:\/\/now-news.de\/de\/wp-json\/wp\/v2\/posts\/26332\/revisions"}],"wp:featuredmedia":[{"embeddable":true,"href":"https:\/\/now-news.de\/de\/wp-json\/wp\/v2\/media\/26333"}],"wp:attachment":[{"href":"https:\/\/now-news.de\/de\/wp-json\/wp\/v2\/media?parent=26332"}],"wp:term":[{"taxonomy":"category","embeddable":true,"href":"https:\/\/now-news.de\/de\/wp-json\/wp\/v2\/categories?post=26332"},{"taxonomy":"post_tag","embeddable":true,"href":"https:\/\/now-news.de\/de\/wp-json\/wp\/v2\/tags?post=26332"}],"curies":[{"name":"wp","href":"https:\/\/api.w.org\/{rel}","templated":true}]}}