{"id":26326,"date":"2022-12-26T07:15:00","date_gmt":"2022-12-26T05:15:00","guid":{"rendered":"https:\/\/just-now.news\/de\/deutschland\/umfrage-mehrheit-gegen-kampfpanzer-fuer-die-ukraine\/"},"modified":"2022-12-26T07:15:00","modified_gmt":"2022-12-26T05:15:00","slug":"umfrage-mehrheit-gegen-kampfpanzer-fuer-die-ukraine","status":"publish","type":"post","link":"https:\/\/now-news.de\/de\/deutschland\/umfrage-mehrheit-gegen-kampfpanzer-fuer-die-ukraine\/","title":{"rendered":"Umfrage: Mehrheit gegen Kampfpanzer f\u00fcr die Ukraine"},"content":{"rendered":"<p><img decoding=\"async\" src=\"http:\/\/just-now.news\/de\/wp-content\/uploads\/sites\/3\/2022\/12\/63a883f748fbef0cc97889e8.jpg\" \/><\/p>\n<div class=\"Text-root Text-type_1 \">\n                Die Ukraine fordert seit Monaten unter anderem Leopard-2-Panzer von Deutschland. Bundeskanzler Olaf Scholz (SPD) will sie aber nicht im Alleingang liefern. W\u00fcrde er weniger auf ukrainische Politiker als auf die Bev\u00f6lkerung h\u00f6ren, bliebe es auch dabei.\n            <\/div>\n<p><\/p>\n<div class=\"Text-root Text-type_5 ArticleView-text ViewText-root \">\n<p>W\u00e4hrend ukrainische Politiker seit Monaten teils erfolgreich versuchen, der deutschen Regierung ihre W\u00fcnsche aufzudr\u00e4ngen, vertritt der offizielle Souver\u00e4n hierzulande, die B\u00fcrger, eine teils sehr viel skeptischere Haltung.<\/p>\n<p>Zuletzt hatte der f\u00fcr seine harschen Forderungen und <a rel=\"nofollow noopener\" target=\"_blank\" href=\"https:\/\/pressefreiheit.rtde.tech\/inland\/147297-sie-sind-unerwunscht-punkt-botschafter\/\">undiplomatischen Auslassungen<\/a> bekannte ehemalige ukrainische Botschafter in Deutschland, Andrij Melnyk, am Freitag mal wieder eine Plattform verschiedener deutscher Medien f\u00fcr eine\u00a0<a rel=\"nofollow noopener\" target=\"_blank\" href=\"https:\/\/pressefreiheit.rtde.tech\/europa\/137458-melnyk-an-deutschland-wir-wollen\/\">Wunschliste an die deutsche Regierung<\/a> erhalten.<\/p>\n<p>So sagte der heutige Vize-Au\u00dfenminister dem <em>Redaktionsnetzwerk Deutschland (RND)<\/em>, er w\u00fcnsche sich von Bundeskanzler Olaf Scholz (SPD), &#8220;dass er endlich die Zur\u00fcckhaltung zum Beispiel beim Kampfpanzer Leopard und beim Sch\u00fctzenpanzer Marder \u00fcberdenkt&#8221;. Da dies bekannterma\u00dfen der Politik der Bundesregierung widerspricht, f\u00fcgte er hinzu: &#8220;Wenn die Bundesregierung keinen Alleingang bei der Lieferung will, dann k\u00f6nnte Deutschland dabei eine F\u00fchrungsrolle auf dem Kontinent verfolgen, eine europ\u00e4ische Panzerallianz zu schmieden.&#8221;<\/p>\n<p>In einem am Freitag ver\u00f6ffentlichten gemeinsamen Beitrag f\u00fcr <em>ntv.de<\/em> pochten auch Marie-Agnes Strack-Zimmermann (FDP) und Anton Hofreiter (B\u00fcndnis 90\/Die Gr\u00fcnen) darauf, Truppentransporter, Sch\u00fctzenpanzer und Kampfpanzer zu liefern, da der sogenannte Ringtausch nicht mehr funktioniere weil die europ\u00e4ischen Staaten mittlerweile so gut wie alle Sch\u00fctzen- und Kampfpanzer sowjetischer Bauart an die Ukraine abgegeben h\u00e4tten. &#8220;Wir sollten daher schon jetzt in Deutschland beginnen, ukrainische Soldatinnen und Soldaten am &#8216;Marder&#8217; und vor allem am &#8216;Leopard 2&#8217; auszubilden&#8221;, hei\u00dft es in dem Beitrag.<\/p>\n<p>Seit einiger Zeit fordert die Ukraine Kampf- und Sch\u00fctzenpanzer westlicher Bauart. Anfang des Monats hatte der ukrainische Au\u00dfenminister Dmitri Kuleba sein Bedauern \u00fcber die mangelnde Bereitschaft Berlins ge\u00e4u\u00dfert, den W\u00fcnschen Kiews nach den Panzern nachzukommen. Der Diplomat stellte fest, dass die Ukraine die Gr\u00fcnde f\u00fcr das Z\u00f6gern Berlins nicht verstehe. Angeblich ist nach ukrainischen Angaben die Lieferung der deutschen Fabrikate Leopard 2 und Marder im Gespr\u00e4ch. Kanzler Scholz will solche Panzer aber nicht liefern, solange sie auch von anderen B\u00fcndnispartnern nicht bereitgestellt werden. Es werde keinen deutschen Alleingang in dieser Frage geben, hat der SPD-Politiker immer wieder betont.<\/p>\n<p>W\u00e4hrend ein gro\u00dfer Teil der Medienberichterstattung seit einiger Zeit den Anschein vermittelt, als w\u00fcrden nicht deutsche W\u00e4hler, sondern ukrainische Politiker und Aktivisten die hiesige Politik ma\u00dfgeblich bestimmen, zeigt eine aktuelle Umfrage, dass ein bedeutender Anteil der B\u00fcrger sehr deutlich gegen die Lieferung von Kampfpanzern ist: In einer Umfrage des Meinungsforschungsinstituts YouGov im Auftrag der <em>Deutschen Presse-Agentur<\/em> sprechen sich 45 Prozent der Befragten gegen eine Lieferung deutscher Kampfpanzer des Typs Leopard 2 in die Ukraine aus. Nur 33 Prozent sind daf\u00fcr, 22 Prozent machen keine Angaben.<\/p>\n<p>In der YouGov-Umfrage \u00fcberwiegt nur bei den W\u00e4hlern der Gr\u00fcnen die Zustimmung zur Kampfpanzerlieferung \u2013 und zwar eindeutig: 50 Prozent sind daf\u00fcr, nur 25 Prozent dagegen. Bei den anderen beiden Koalitionsparteien sind die Gegner in der Mehrheit \u2013 bei der SPD nur knapp mit 41 zu 40 Prozent, bei der FDP\u00a0mit 42 zu 33 Prozent. Auch die Anh\u00e4nger von CDU\/CSU sind eher gegen eine Panzerlieferung (43 zu 38 Prozent). Am gr\u00f6\u00dften ist die Ablehnung bei den W\u00e4hlern der AfD (76 zu 13 Prozent) und der Linken (52 zu 32 Prozent). YouGov befragte daf\u00fcr vom 16. bis 21. Dezember dieses Jahres 2.075 Menschen online. Die Ergebnisse wurden gewichtet und sind repr\u00e4sentativ f\u00fcr die deutsche Bev\u00f6lkerung ab 18 Jahren.<\/p>\n<p>Moskau hat immer wieder argumentiert, dass die westlichen Waffenlieferungen an die Ukraine nur dazu dienen, den Konflikt zu verl\u00e4ngern. Es hat auch davor gewarnt, dass die NATO-Mitgliedstaaten zunehmend in die Feindseligkeiten verwickelt werden, was m\u00f6glicherweise zu einer umfassenden milit\u00e4rischen Konfrontation zwischen dem Block und Russland f\u00fchren k\u00f6nnte<\/p>\n<p><strong>Mehr zum Thema<\/strong> &#8211; <a rel=\"nofollow noopener\" target=\"_blank\" href=\"https:\/\/pressefreiheit.rtde.tech\/international\/157437-kissinger-skizziert-erneut-friedensvorschlag-fuer-ukraine\/\">Kissinger skizziert erneut Friedensvorschlag f\u00fcr die Ukraine<\/a><\/p>\n<\/div>\n<p><br \/>\n<br \/><a href=\"https:\/\/de.rt.com\/inland\/158152-umfrage-mehrheit-gegen-kampfpanzer-fuer\/\">Source link <\/a><\/p>\n","protected":false},"excerpt":{"rendered":"<p>Die Ukraine fordert seit Monaten unter anderem Leopard-2-Panzer von Deutschland. Bundeskanzler Olaf Scholz (SPD) will sie aber nicht im Alleingang liefern. W\u00fcrde er weniger auf ukrainische Politiker als auf die Bev\u00f6lkerung h\u00f6ren, bliebe es auch dabei. W\u00e4hrend ukrainische Politiker seit Monaten teils erfolgreich versuchen, der deutschen Regierung ihre W\u00fcnsche aufzudr\u00e4ngen, vertritt der offizielle Souver\u00e4n hierzulande, [&hellip;]<\/p>\n","protected":false},"author":3,"featured_media":26327,"comment_status":"open","ping_status":"open","sticky":false,"template":"","format":"standard","meta":{"_yoast_indexnow_last_ping":["1672045386"],"wp_automatic_camp":["217"],"27b61e655261a5164310a0884863f91f":["Umfrage: Mehrheit gegen Kampfpanzer f\u00fcr die Ukraine"],"original_link":["https:\/\/de.rt.com\/inland\/158152-umfrage-mehrheit-gegen-kampfpanzer-fuer\/"],"_thumbnail_id":["26327"],"_wptgpro_p2tg_sent2tg":["a:1:{i:23737;s:19:\"2022-12-26 11:04:09\";}"],"jnews_social_counter_last_update":["1777506353"]},"categories":[19,23],"tags":[45,221,278,24433,2033,127,1428],"yoast_head":"<!-- This site is optimized with the Yoast SEO Premium plugin v22.7 (Yoast SEO v22.7) - https:\/\/yoast.com\/wordpress\/plugins\/seo\/ -->\n<title>Umfrage: Mehrheit gegen Kampfpanzer f\u00fcr die Ukraine - just-now.NEWS Deutschland<\/title>\n<meta name=\"robots\" content=\"index, follow, max-snippet:-1, max-image-preview:large, max-video-preview:-1\" \/>\n<link rel=\"canonical\" href=\"https:\/\/now-news.de\/de\/deutschland\/umfrage-mehrheit-gegen-kampfpanzer-fuer-die-ukraine\/\" \/>\n<meta property=\"og:locale\" content=\"de_DE\" \/>\n<meta property=\"og:type\" content=\"article\" \/>\n<meta property=\"og:title\" content=\"Umfrage: Mehrheit gegen Kampfpanzer f\u00fcr die Ukraine\" \/>\n<meta property=\"og:description\" content=\"Die Ukraine fordert seit Monaten unter anderem Leopard-2-Panzer von Deutschland. Bundeskanzler Olaf Scholz (SPD) will sie aber nicht im Alleingang liefern. W\u00fcrde er weniger auf ukrainische Politiker als auf die Bev\u00f6lkerung h\u00f6ren, bliebe es auch dabei. W\u00e4hrend ukrainische Politiker seit Monaten teils erfolgreich versuchen, der deutschen Regierung ihre W\u00fcnsche aufzudr\u00e4ngen, vertritt der offizielle Souver\u00e4n hierzulande, [&hellip;]\" \/>\n<meta property=\"og:url\" content=\"https:\/\/now-news.de\/de\/deutschland\/umfrage-mehrheit-gegen-kampfpanzer-fuer-die-ukraine\/\" \/>\n<meta property=\"og:site_name\" content=\"just-now.NEWS Deutschland\" \/>\n<meta property=\"article:publisher\" content=\"https:\/\/www.facebook.com\/wirmachenauf\" \/>\n<meta property=\"article:published_time\" content=\"2022-12-26T05:15:00+00:00\" \/>\n<meta property=\"og:image\" content=\"https:\/\/now-news.de\/de\/wp-content\/uploads\/sites\/3\/2022\/12\/Umfrage-Mehrheit-gegen-Kampfpanzer-fuer-die-Ukraine.jpg\" \/>\n\t<meta property=\"og:image:width\" content=\"460\" \/>\n\t<meta property=\"og:image:height\" content=\"259\" \/>\n\t<meta property=\"og:image:type\" content=\"image\/jpeg\" \/>\n<meta name=\"author\" content=\"rtnews\" \/>\n<meta name=\"twitter:card\" content=\"summary_large_image\" \/>\n<meta name=\"twitter:creator\" content=\"@WirMachenAuf_de\" \/>\n<meta name=\"twitter:site\" content=\"@WirMachenAuf_de\" \/>\n<meta name=\"twitter:label1\" content=\"Verfasst von\" \/>\n\t<meta name=\"twitter:data1\" content=\"rtnews\" \/>\n\t<meta name=\"twitter:label2\" content=\"Gesch\u00e4tzte Lesezeit\" \/>\n\t<meta name=\"twitter:data2\" content=\"3\u00a0Minuten\" \/>\n<script type=\"application\/ld+json\" class=\"yoast-schema-graph\">{\"@context\":\"https:\/\/schema.org\",\"@graph\":[{\"@type\":\"Article\",\"@id\":\"https:\/\/now-news.de\/de\/deutschland\/umfrage-mehrheit-gegen-kampfpanzer-fuer-die-ukraine\/#article\",\"isPartOf\":{\"@id\":\"https:\/\/now-news.de\/de\/deutschland\/umfrage-mehrheit-gegen-kampfpanzer-fuer-die-ukraine\/\"},\"author\":{\"name\":\"rtnews\",\"@id\":\"https:\/\/now-news.de\/de\/#\/schema\/person\/fb534a4e865501d8b3285208df34a9b5\"},\"headline\":\"Umfrage: Mehrheit gegen Kampfpanzer f\u00fcr die Ukraine\",\"datePublished\":\"2022-12-26T05:15:00+00:00\",\"dateModified\":\"2022-12-26T05:15:00+00:00\",\"mainEntityOfPage\":{\"@id\":\"https:\/\/now-news.de\/de\/deutschland\/umfrage-mehrheit-gegen-kampfpanzer-fuer-die-ukraine\/\"},\"wordCount\":654,\"commentCount\":0,\"publisher\":{\"@id\":\"https:\/\/now-news.de\/de\/#organization\"},\"image\":{\"@id\":\"https:\/\/now-news.de\/de\/deutschland\/umfrage-mehrheit-gegen-kampfpanzer-fuer-die-ukraine\/#primaryimage\"},\"thumbnailUrl\":\"https:\/\/now-news.de\/de\/wp-content\/uploads\/sites\/3\/2022\/12\/Umfrage-Mehrheit-gegen-Kampfpanzer-fuer-die-Ukraine.jpg\",\"keywords\":[\"die\",\"f\u00fcr\",\"gegen\",\"Kampfpanzer\",\"Mehrheit\",\"ukraine\",\"Umfrage\"],\"articleSection\":[\"Deutschland\",\"Russland\"],\"inLanguage\":\"de\",\"potentialAction\":[{\"@type\":\"CommentAction\",\"name\":\"Comment\",\"target\":[\"https:\/\/now-news.de\/de\/deutschland\/umfrage-mehrheit-gegen-kampfpanzer-fuer-die-ukraine\/#respond\"]}]},{\"@type\":\"WebPage\",\"@id\":\"https:\/\/now-news.de\/de\/deutschland\/umfrage-mehrheit-gegen-kampfpanzer-fuer-die-ukraine\/\",\"url\":\"https:\/\/now-news.de\/de\/deutschland\/umfrage-mehrheit-gegen-kampfpanzer-fuer-die-ukraine\/\",\"name\":\"Umfrage: Mehrheit gegen Kampfpanzer f\u00fcr die Ukraine - just-now.NEWS Deutschland\",\"isPartOf\":{\"@id\":\"https:\/\/now-news.de\/de\/#website\"},\"primaryImageOfPage\":{\"@id\":\"https:\/\/now-news.de\/de\/deutschland\/umfrage-mehrheit-gegen-kampfpanzer-fuer-die-ukraine\/#primaryimage\"},\"image\":{\"@id\":\"https:\/\/now-news.de\/de\/deutschland\/umfrage-mehrheit-gegen-kampfpanzer-fuer-die-ukraine\/#primaryimage\"},\"thumbnailUrl\":\"https:\/\/now-news.de\/de\/wp-content\/uploads\/sites\/3\/2022\/12\/Umfrage-Mehrheit-gegen-Kampfpanzer-fuer-die-Ukraine.jpg\",\"datePublished\":\"2022-12-26T05:15:00+00:00\",\"dateModified\":\"2022-12-26T05:15:00+00:00\",\"breadcrumb\":{\"@id\":\"https:\/\/now-news.de\/de\/deutschland\/umfrage-mehrheit-gegen-kampfpanzer-fuer-die-ukraine\/#breadcrumb\"},\"inLanguage\":\"de\",\"potentialAction\":[{\"@type\":\"ReadAction\",\"target\":[\"https:\/\/now-news.de\/de\/deutschland\/umfrage-mehrheit-gegen-kampfpanzer-fuer-die-ukraine\/\"]}]},{\"@type\":\"ImageObject\",\"inLanguage\":\"de\",\"@id\":\"https:\/\/now-news.de\/de\/deutschland\/umfrage-mehrheit-gegen-kampfpanzer-fuer-die-ukraine\/#primaryimage\",\"url\":\"https:\/\/now-news.de\/de\/wp-content\/uploads\/sites\/3\/2022\/12\/Umfrage-Mehrheit-gegen-Kampfpanzer-fuer-die-Ukraine.jpg\",\"contentUrl\":\"https:\/\/now-news.de\/de\/wp-content\/uploads\/sites\/3\/2022\/12\/Umfrage-Mehrheit-gegen-Kampfpanzer-fuer-die-Ukraine.jpg\",\"width\":460,\"height\":259,\"caption\":\"Umfrage: Mehrheit gegen Kampfpanzer f\u00fcr die Ukraine\"},{\"@type\":\"BreadcrumbList\",\"@id\":\"https:\/\/now-news.de\/de\/deutschland\/umfrage-mehrheit-gegen-kampfpanzer-fuer-die-ukraine\/#breadcrumb\",\"itemListElement\":[{\"@type\":\"ListItem\",\"position\":1,\"name\":\"Home\",\"item\":\"https:\/\/now-news.de\/de\/\"},{\"@type\":\"ListItem\",\"position\":2,\"name\":\"Umfrage: Mehrheit gegen Kampfpanzer f\u00fcr die Ukraine\"}]},{\"@type\":\"WebSite\",\"@id\":\"https:\/\/now-news.de\/de\/#website\",\"url\":\"https:\/\/now-news.de\/de\/\",\"name\":\"just-now.NEWS Deutschland\",\"description\":\"Das Portal f\u00fcr unzensierte Nachrichten aus der Welt\",\"publisher\":{\"@id\":\"https:\/\/now-news.de\/de\/#organization\"},\"potentialAction\":[{\"@type\":\"SearchAction\",\"target\":{\"@type\":\"EntryPoint\",\"urlTemplate\":\"https:\/\/now-news.de\/de\/?s={search_term_string}\"},\"query-input\":\"required name=search_term_string\"}],\"inLanguage\":\"de\"},{\"@type\":\"Organization\",\"@id\":\"https:\/\/now-news.de\/de\/#organization\",\"name\":\"Just Now News\",\"url\":\"https:\/\/now-news.de\/de\/\",\"logo\":{\"@type\":\"ImageObject\",\"inLanguage\":\"de\",\"@id\":\"https:\/\/now-news.de\/de\/#\/schema\/logo\/image\/\",\"url\":\"http:\/\/just-now.news\/de\/wp-content\/uploads\/sites\/3\/2022\/04\/logo500x500.jpg\",\"contentUrl\":\"http:\/\/just-now.news\/de\/wp-content\/uploads\/sites\/3\/2022\/04\/logo500x500.jpg\",\"width\":500,\"height\":500,\"caption\":\"Just Now News\"},\"image\":{\"@id\":\"https:\/\/now-news.de\/de\/#\/schema\/logo\/image\/\"},\"sameAs\":[\"https:\/\/www.facebook.com\/wirmachenauf\",\"https:\/\/x.com\/WirMachenAuf_de\"]},{\"@type\":\"Person\",\"@id\":\"https:\/\/now-news.de\/de\/#\/schema\/person\/fb534a4e865501d8b3285208df34a9b5\",\"name\":\"rtnews\",\"image\":{\"@type\":\"ImageObject\",\"inLanguage\":\"de\",\"@id\":\"https:\/\/now-news.de\/de\/#\/schema\/person\/image\/\",\"url\":\"https:\/\/secure.gravatar.com\/avatar\/82aafea7d8127119dd649515f56e2117?s=96&d=mm&r=g\",\"contentUrl\":\"https:\/\/secure.gravatar.com\/avatar\/82aafea7d8127119dd649515f56e2117?s=96&d=mm&r=g\",\"caption\":\"rtnews\"},\"url\":\"https:\/\/now-news.de\/de\/author\/rnews\/\"}]}<\/script>\n<!-- \/ Yoast SEO Premium plugin. -->","yoast_head_json":{"title":"Umfrage: Mehrheit gegen Kampfpanzer f\u00fcr die Ukraine - just-now.NEWS Deutschland","robots":{"index":"index","follow":"follow","max-snippet":"max-snippet:-1","max-image-preview":"max-image-preview:large","max-video-preview":"max-video-preview:-1"},"canonical":"https:\/\/now-news.de\/de\/deutschland\/umfrage-mehrheit-gegen-kampfpanzer-fuer-die-ukraine\/","og_locale":"de_DE","og_type":"article","og_title":"Umfrage: Mehrheit gegen Kampfpanzer f\u00fcr die Ukraine","og_description":"Die Ukraine fordert seit Monaten unter anderem Leopard-2-Panzer von Deutschland. Bundeskanzler Olaf Scholz (SPD) will sie aber nicht im Alleingang liefern. W\u00fcrde er weniger auf ukrainische Politiker als auf die Bev\u00f6lkerung h\u00f6ren, bliebe es auch dabei. W\u00e4hrend ukrainische Politiker seit Monaten teils erfolgreich versuchen, der deutschen Regierung ihre W\u00fcnsche aufzudr\u00e4ngen, vertritt der offizielle Souver\u00e4n hierzulande, [&hellip;]","og_url":"https:\/\/now-news.de\/de\/deutschland\/umfrage-mehrheit-gegen-kampfpanzer-fuer-die-ukraine\/","og_site_name":"just-now.NEWS Deutschland","article_publisher":"https:\/\/www.facebook.com\/wirmachenauf","article_published_time":"2022-12-26T05:15:00+00:00","og_image":[{"width":460,"height":259,"url":"https:\/\/now-news.de\/de\/wp-content\/uploads\/sites\/3\/2022\/12\/Umfrage-Mehrheit-gegen-Kampfpanzer-fuer-die-Ukraine.jpg","type":"image\/jpeg"}],"author":"rtnews","twitter_card":"summary_large_image","twitter_creator":"@WirMachenAuf_de","twitter_site":"@WirMachenAuf_de","twitter_misc":{"Verfasst von":"rtnews","Gesch\u00e4tzte Lesezeit":"3\u00a0Minuten"},"schema":{"@context":"https:\/\/schema.org","@graph":[{"@type":"Article","@id":"https:\/\/now-news.de\/de\/deutschland\/umfrage-mehrheit-gegen-kampfpanzer-fuer-die-ukraine\/#article","isPartOf":{"@id":"https:\/\/now-news.de\/de\/deutschland\/umfrage-mehrheit-gegen-kampfpanzer-fuer-die-ukraine\/"},"author":{"name":"rtnews","@id":"https:\/\/now-news.de\/de\/#\/schema\/person\/fb534a4e865501d8b3285208df34a9b5"},"headline":"Umfrage: Mehrheit gegen Kampfpanzer f\u00fcr die Ukraine","datePublished":"2022-12-26T05:15:00+00:00","dateModified":"2022-12-26T05:15:00+00:00","mainEntityOfPage":{"@id":"https:\/\/now-news.de\/de\/deutschland\/umfrage-mehrheit-gegen-kampfpanzer-fuer-die-ukraine\/"},"wordCount":654,"commentCount":0,"publisher":{"@id":"https:\/\/now-news.de\/de\/#organization"},"image":{"@id":"https:\/\/now-news.de\/de\/deutschland\/umfrage-mehrheit-gegen-kampfpanzer-fuer-die-ukraine\/#primaryimage"},"thumbnailUrl":"https:\/\/now-news.de\/de\/wp-content\/uploads\/sites\/3\/2022\/12\/Umfrage-Mehrheit-gegen-Kampfpanzer-fuer-die-Ukraine.jpg","keywords":["die","f\u00fcr","gegen","Kampfpanzer","Mehrheit","ukraine","Umfrage"],"articleSection":["Deutschland","Russland"],"inLanguage":"de","potentialAction":[{"@type":"CommentAction","name":"Comment","target":["https:\/\/now-news.de\/de\/deutschland\/umfrage-mehrheit-gegen-kampfpanzer-fuer-die-ukraine\/#respond"]}]},{"@type":"WebPage","@id":"https:\/\/now-news.de\/de\/deutschland\/umfrage-mehrheit-gegen-kampfpanzer-fuer-die-ukraine\/","url":"https:\/\/now-news.de\/de\/deutschland\/umfrage-mehrheit-gegen-kampfpanzer-fuer-die-ukraine\/","name":"Umfrage: Mehrheit gegen Kampfpanzer f\u00fcr die Ukraine - just-now.NEWS Deutschland","isPartOf":{"@id":"https:\/\/now-news.de\/de\/#website"},"primaryImageOfPage":{"@id":"https:\/\/now-news.de\/de\/deutschland\/umfrage-mehrheit-gegen-kampfpanzer-fuer-die-ukraine\/#primaryimage"},"image":{"@id":"https:\/\/now-news.de\/de\/deutschland\/umfrage-mehrheit-gegen-kampfpanzer-fuer-die-ukraine\/#primaryimage"},"thumbnailUrl":"https:\/\/now-news.de\/de\/wp-content\/uploads\/sites\/3\/2022\/12\/Umfrage-Mehrheit-gegen-Kampfpanzer-fuer-die-Ukraine.jpg","datePublished":"2022-12-26T05:15:00+00:00","dateModified":"2022-12-26T05:15:00+00:00","breadcrumb":{"@id":"https:\/\/now-news.de\/de\/deutschland\/umfrage-mehrheit-gegen-kampfpanzer-fuer-die-ukraine\/#breadcrumb"},"inLanguage":"de","potentialAction":[{"@type":"ReadAction","target":["https:\/\/now-news.de\/de\/deutschland\/umfrage-mehrheit-gegen-kampfpanzer-fuer-die-ukraine\/"]}]},{"@type":"ImageObject","inLanguage":"de","@id":"https:\/\/now-news.de\/de\/deutschland\/umfrage-mehrheit-gegen-kampfpanzer-fuer-die-ukraine\/#primaryimage","url":"https:\/\/now-news.de\/de\/wp-content\/uploads\/sites\/3\/2022\/12\/Umfrage-Mehrheit-gegen-Kampfpanzer-fuer-die-Ukraine.jpg","contentUrl":"https:\/\/now-news.de\/de\/wp-content\/uploads\/sites\/3\/2022\/12\/Umfrage-Mehrheit-gegen-Kampfpanzer-fuer-die-Ukraine.jpg","width":460,"height":259,"caption":"Umfrage: Mehrheit gegen Kampfpanzer f\u00fcr die Ukraine"},{"@type":"BreadcrumbList","@id":"https:\/\/now-news.de\/de\/deutschland\/umfrage-mehrheit-gegen-kampfpanzer-fuer-die-ukraine\/#breadcrumb","itemListElement":[{"@type":"ListItem","position":1,"name":"Home","item":"https:\/\/now-news.de\/de\/"},{"@type":"ListItem","position":2,"name":"Umfrage: Mehrheit gegen Kampfpanzer f\u00fcr die Ukraine"}]},{"@type":"WebSite","@id":"https:\/\/now-news.de\/de\/#website","url":"https:\/\/now-news.de\/de\/","name":"just-now.NEWS Deutschland","description":"Das Portal f\u00fcr unzensierte Nachrichten aus der Welt","publisher":{"@id":"https:\/\/now-news.de\/de\/#organization"},"potentialAction":[{"@type":"SearchAction","target":{"@type":"EntryPoint","urlTemplate":"https:\/\/now-news.de\/de\/?s={search_term_string}"},"query-input":"required name=search_term_string"}],"inLanguage":"de"},{"@type":"Organization","@id":"https:\/\/now-news.de\/de\/#organization","name":"Just Now News","url":"https:\/\/now-news.de\/de\/","logo":{"@type":"ImageObject","inLanguage":"de","@id":"https:\/\/now-news.de\/de\/#\/schema\/logo\/image\/","url":"http:\/\/just-now.news\/de\/wp-content\/uploads\/sites\/3\/2022\/04\/logo500x500.jpg","contentUrl":"http:\/\/just-now.news\/de\/wp-content\/uploads\/sites\/3\/2022\/04\/logo500x500.jpg","width":500,"height":500,"caption":"Just Now News"},"image":{"@id":"https:\/\/now-news.de\/de\/#\/schema\/logo\/image\/"},"sameAs":["https:\/\/www.facebook.com\/wirmachenauf","https:\/\/x.com\/WirMachenAuf_de"]},{"@type":"Person","@id":"https:\/\/now-news.de\/de\/#\/schema\/person\/fb534a4e865501d8b3285208df34a9b5","name":"rtnews","image":{"@type":"ImageObject","inLanguage":"de","@id":"https:\/\/now-news.de\/de\/#\/schema\/person\/image\/","url":"https:\/\/secure.gravatar.com\/avatar\/82aafea7d8127119dd649515f56e2117?s=96&d=mm&r=g","contentUrl":"https:\/\/secure.gravatar.com\/avatar\/82aafea7d8127119dd649515f56e2117?s=96&d=mm&r=g","caption":"rtnews"},"url":"https:\/\/now-news.de\/de\/author\/rnews\/"}]}},"_links":{"self":[{"href":"https:\/\/now-news.de\/de\/wp-json\/wp\/v2\/posts\/26326"}],"collection":[{"href":"https:\/\/now-news.de\/de\/wp-json\/wp\/v2\/posts"}],"about":[{"href":"https:\/\/now-news.de\/de\/wp-json\/wp\/v2\/types\/post"}],"author":[{"embeddable":true,"href":"https:\/\/now-news.de\/de\/wp-json\/wp\/v2\/users\/3"}],"replies":[{"embeddable":true,"href":"https:\/\/now-news.de\/de\/wp-json\/wp\/v2\/comments?post=26326"}],"version-history":[{"count":0,"href":"https:\/\/now-news.de\/de\/wp-json\/wp\/v2\/posts\/26326\/revisions"}],"wp:featuredmedia":[{"embeddable":true,"href":"https:\/\/now-news.de\/de\/wp-json\/wp\/v2\/media\/26327"}],"wp:attachment":[{"href":"https:\/\/now-news.de\/de\/wp-json\/wp\/v2\/media?parent=26326"}],"wp:term":[{"taxonomy":"category","embeddable":true,"href":"https:\/\/now-news.de\/de\/wp-json\/wp\/v2\/categories?post=26326"},{"taxonomy":"post_tag","embeddable":true,"href":"https:\/\/now-news.de\/de\/wp-json\/wp\/v2\/tags?post=26326"}],"curies":[{"name":"wp","href":"https:\/\/api.w.org\/{rel}","templated":true}]}}