{"id":26308,"date":"2022-12-26T08:36:12","date_gmt":"2022-12-26T06:36:12","guid":{"rendered":"https:\/\/just-now.news\/de\/deutschland\/kolumbiens-praesident-petro-bestaetigt-eln-und-vier-weitere-guerillas-rufen-einseitige-waffenruhe-aus\/"},"modified":"2022-12-26T08:36:12","modified_gmt":"2022-12-26T06:36:12","slug":"kolumbiens-praesident-petro-bestaetigt-eln-und-vier-weitere-guerillas-rufen-einseitige-waffenruhe-aus","status":"publish","type":"post","link":"https:\/\/now-news.de\/de\/deutschland\/kolumbiens-praesident-petro-bestaetigt-eln-und-vier-weitere-guerillas-rufen-einseitige-waffenruhe-aus\/","title":{"rendered":"Kolumbiens Pr\u00e4sident Petro best\u00e4tigt: ELN und vier weitere Guerillas rufen einseitige Waffenruhe aus"},"content":{"rendered":"<p><img decoding=\"async\" src=\"http:\/\/just-now.news\/de\/wp-content\/uploads\/sites\/3\/2022\/12\/63a8460f48fbef1e5d246122.jpg\" \/><\/p>\n<div class=\"Text-root Text-type_1 \">\n                Obwohl sich die Sicherheitslage in Kolumbien nach einem Friedensvertrag mit der Guerilla FARC im Jahr 2016 verbessert hat, sind in dem s\u00fcdamerikanischen Land immer noch viele bewaffnete Gruppen am Werk. Pr\u00e4sident Gustavo Petro will den Friedensprozess nun wieder ankurbeln.\n            <\/div>\n<p><\/p>\n<div class=\"Text-root Text-type_5 ArticleView-text ViewText-root \">\n<p>Der kolumbianische Pr\u00e4sident Gustavo Petro hat am Samstag auf Twitter best\u00e4tigt, dass f\u00fcnf Guerilla-Bewegungen einseitig eine Waffenruhe begonnen haben. Der linke Politiker nannte\u00a0unter den Teilnehmern der Waffenruhe die\u00a0sogenannte Nationale Befreiungsarmee (ELN), die beiden Splitter-Gruppierungen der fr\u00fcheren FARC-Rebellen Segunda Marquetalia und Estado Mayor Central sowie bewaffnete Organisationen aus der Sierra Nevada und aus Buenaventura. Auf Twitter <a rel=\"nofollow noopener\" target=\"_blank\" href=\"https:\/\/twitter.com\/petrogustavo\/status\/1606715176602025991\">schrieb<\/a> Petro:<\/p>\n<blockquote>\n<p><em>&#8220;Wir hoffen, dass daraus echte Friedensprozesse resultieren.&#8221;<\/em><\/p>\n<\/blockquote>\n<p>Zuvor hatte die ELN, die sich derzeit unter Venezuelas Vermittlung in Friedensverhandlungen mit Kolumbiens Regierung befindet, f\u00fcr die Zeit vom 24. Dezember bis zum 2. Januar eine &#8220;einseitige Waffenruhe&#8221; verk\u00fcndet, &#8220;um an diesen Weihnachtstagen eine friedliche Stimmung zu schaffen&#8221;. Gleichzeitig pr\u00e4zisierten ELN-Vertreter in einer Videobotschaft, dass der Waffenstillstand nur f\u00fcr das Milit\u00e4r und die Staatspolizei gelte. F\u00fcr den Fall einer Attacke behalte sich die Organisation das Recht auf Selbstverteidigung vor.<\/p>\n<div class=\"EmbedBlock-root EmbedBlock-twitter\">\n<div class=\"TwitterEmbed\">\n<blockquote class=\"twitter-tweet lazyload\" data-twitter=\"twitter-tweet\">\n<p lang=\"es\" dir=\"ltr\">Saludo declaraci\u00f3n de alto al fuego por parte del ELN como muestra de buena voluntad y aporte para seguir construyendo el camino de la paz en el contexto de los di\u00e1logos que estamos adelantando: <a rel=\"nofollow noopener\" target=\"_blank\" href=\"https:\/\/t.co\/f9m3WsS2F8\">pic.twitter.com\/f9m3WsS2F8<\/a><\/p>\n<p>\u2014 Iv\u00e1n Cepeda Castro (@IvanCepedaCast) <a rel=\"nofollow noopener\" target=\"_blank\" href=\"https:\/\/twitter.com\/IvanCepedaCast\/status\/1604844656235511808?ref_src=twsrc%5Etfw\">December 19, 2022<\/a><\/p><\/blockquote>\n<\/div>\n<\/div>\n<p>Das B\u00fcro des Hohen Kommissars f\u00fcr den Frieden in Kolumbien <a rel=\"nofollow noopener\" target=\"_blank\" href=\"https:\/\/twitter.com\/comisionadopaz\/status\/1606717207261618183\">teilte<\/a> am selben Tag auf Twitter mit, dass die Estado Mayor Central, die die meisten FARC-Splittergruppen vereint, ebenfalls bis zum 2. Januar eine Waffenruhe ausgerufen habe. Auch die sogenannten Konquistador-Selbstverteidigungskr\u00e4fte der Sierra Nevada seien dem Beispiel gefolgt, <a rel=\"nofollow noopener\" target=\"_blank\" href=\"https:\/\/twitter.com\/comisionadopaz\/status\/1606490160677404673\">verlautete<\/a> es aus der Friedensbeh\u00f6rde in Bogot\u00e1. Dabei wurde betont:\u00a0<\/p>\n<blockquote>\n<p><em>&#8220;Die Regierung von Gustavo Petro h\u00e4lt am Aufbau des Friedens fest und erwartet die Benennung von Wortf\u00fchrern f\u00fcr den Dialog.&#8221;<\/em><\/p>\n<\/blockquote>\n<p>Ihrerseits verk\u00fcndete die FARC-Splittergruppe Bloque Magdalena Medio einen einseitigen Waffenstillstand bis zum 7. Januar. In einem Video rief die Miliz andere Guerilla-Gruppen dazu auf, den historischen Moment, in dem sich das Land gerade befinde, zu nutzen, und dem von Pr\u00e4sident Petro angestrebten &#8220;totalen&#8221; Friedensprozess &#8220;keinen Kn\u00fcppel zwischen die Beine zu werfen&#8221;.<\/p>\n<p>Kolumbien hatte 52 Jahre lang unter einem B\u00fcrgerkrieg zwischen linken Rebellen, rechten Paramilit\u00e4rs und den Streitkr\u00e4ften gelitten. Dadurch kamen etwa 220.000 Menschen ums Leben. Millionen wurden vertrieben. Im Jahr 2016 schloss die Regierung von Juan Manuel Santos ein Friedensabkommen der damals gr\u00f6\u00dften Guerilla-Gruppierung FARC, und die Sicherheitslage verbesserte sich zun\u00e4chst.<\/p>\n<p>Santos\u2019 Nachfolger Iv\u00e1n Duque k\u00fcndigte im Januar 2019 den Dialog mit der anderen Guerilla ELN auf, nachdem bei einem Anschlag auf eine Kadettenschule in Bogot\u00e1 mehr als 20 Menschen get\u00f6tet und 60 weitere verletzt worden waren.<\/p>\n<p>Nach der Wahl Petros zum neuen Staatschef signalisierte der linke Politiker seine Bereitschaft, den Dialog mit den bewaffneten Gruppen fortzusetzen.<\/p>\n<p><strong>Mehr zum Thema<\/strong> &#8211;\u00a0<a rel=\"nofollow noopener\" target=\"_blank\" href=\"https:\/\/de.rt.com\/international\/152057-kolumbiens-prasident-petro-erhebt-schwere-vorwuerfe-an-usa\/\">Kolumbiens Pr\u00e4sident Petro: &#8220;Die USA ruinieren praktisch alle Wirtschaften der Welt&#8221;<\/a><\/p>\n<\/div>\n<p><script async src=\"https:\/\/platform.twitter.com\/widgets.js\" charset=\"utf-8\"><\/script><br \/>\n<br \/><br \/>\n<br \/><a href=\"https:\/\/de.rt.com\/amerika\/158129-kolumbiens-praesident-petro-bestaetigt-eln\/\">Source link <\/a><\/p>\n","protected":false},"excerpt":{"rendered":"<p>Obwohl sich die Sicherheitslage in Kolumbien nach einem Friedensvertrag mit der Guerilla FARC im Jahr 2016 verbessert hat, sind in dem s\u00fcdamerikanischen Land immer noch viele bewaffnete Gruppen am Werk. Pr\u00e4sident Gustavo Petro will den Friedensprozess nun wieder ankurbeln. Der kolumbianische Pr\u00e4sident Gustavo Petro hat am Samstag auf Twitter best\u00e4tigt, dass f\u00fcnf Guerilla-Bewegungen einseitig eine [&hellip;]<\/p>\n","protected":false},"author":3,"featured_media":26309,"comment_status":"open","ping_status":"open","sticky":false,"template":"","format":"standard","meta":{"_yoast_indexnow_last_ping":["1672036717"],"wp_automatic_camp":["217"],"aebe44def3bc8475904fb96343fc4e71":["Kolumbiens Pr\u00e4sident Petro best\u00e4tigt: ELN und vier weitere Guerillas rufen einseitige Waffenruhe aus"],"original_link":["https:\/\/de.rt.com\/amerika\/158129-kolumbiens-praesident-petro-bestaetigt-eln\/"],"_thumbnail_id":["26309"],"_wptgpro_p2tg_sent2tg":["a:1:{i:23737;s:19:\"2022-12-26 08:39:53\";}"],"jnews_social_counter_last_update":["1777411729"]},"categories":[19,23],"tags":[679,1438,5976,38072,38073,27109,26776,3464,18724,140,3232,9691,823],"yoast_head":"<!-- This site is optimized with the Yoast SEO Premium plugin v22.7 (Yoast SEO v22.7) - https:\/\/yoast.com\/wordpress\/plugins\/seo\/ -->\n<title>Kolumbiens Pr\u00e4sident Petro best\u00e4tigt: ELN und vier weitere Guerillas rufen einseitige Waffenruhe aus - just-now.NEWS Deutschland<\/title>\n<meta name=\"robots\" content=\"index, follow, max-snippet:-1, max-image-preview:large, max-video-preview:-1\" \/>\n<link rel=\"canonical\" href=\"https:\/\/now-news.de\/de\/deutschland\/kolumbiens-praesident-petro-bestaetigt-eln-und-vier-weitere-guerillas-rufen-einseitige-waffenruhe-aus\/\" \/>\n<meta property=\"og:locale\" content=\"de_DE\" \/>\n<meta property=\"og:type\" content=\"article\" \/>\n<meta property=\"og:title\" content=\"Kolumbiens Pr\u00e4sident Petro best\u00e4tigt: ELN und vier weitere Guerillas rufen einseitige Waffenruhe aus\" \/>\n<meta property=\"og:description\" content=\"Obwohl sich die Sicherheitslage in Kolumbien nach einem Friedensvertrag mit der Guerilla FARC im Jahr 2016 verbessert hat, sind in dem s\u00fcdamerikanischen Land immer noch viele bewaffnete Gruppen am Werk. Pr\u00e4sident Gustavo Petro will den Friedensprozess nun wieder ankurbeln. Der kolumbianische Pr\u00e4sident Gustavo Petro hat am Samstag auf Twitter best\u00e4tigt, dass f\u00fcnf Guerilla-Bewegungen einseitig eine [&hellip;]\" \/>\n<meta property=\"og:url\" content=\"https:\/\/now-news.de\/de\/deutschland\/kolumbiens-praesident-petro-bestaetigt-eln-und-vier-weitere-guerillas-rufen-einseitige-waffenruhe-aus\/\" \/>\n<meta property=\"og:site_name\" content=\"just-now.NEWS Deutschland\" \/>\n<meta property=\"article:publisher\" content=\"https:\/\/www.facebook.com\/wirmachenauf\" \/>\n<meta property=\"article:published_time\" content=\"2022-12-26T06:36:12+00:00\" \/>\n<meta property=\"og:image\" content=\"https:\/\/now-news.de\/de\/wp-content\/uploads\/sites\/3\/2022\/12\/Kolumbiens-Praesident-Petro-bestaetigt-ELN-und-vier-weitere-Guerillas-rufen.jpg\" \/>\n\t<meta property=\"og:image:width\" content=\"460\" \/>\n\t<meta property=\"og:image:height\" content=\"259\" \/>\n\t<meta property=\"og:image:type\" content=\"image\/jpeg\" \/>\n<meta name=\"author\" content=\"rtnews\" \/>\n<meta name=\"twitter:card\" content=\"summary_large_image\" \/>\n<meta name=\"twitter:creator\" content=\"@WirMachenAuf_de\" \/>\n<meta name=\"twitter:site\" content=\"@WirMachenAuf_de\" \/>\n<meta name=\"twitter:label1\" content=\"Verfasst von\" \/>\n\t<meta name=\"twitter:data1\" content=\"rtnews\" \/>\n\t<meta name=\"twitter:label2\" content=\"Gesch\u00e4tzte Lesezeit\" \/>\n\t<meta name=\"twitter:data2\" content=\"2\u00a0Minuten\" \/>\n<script type=\"application\/ld+json\" class=\"yoast-schema-graph\">{\"@context\":\"https:\/\/schema.org\",\"@graph\":[{\"@type\":\"Article\",\"@id\":\"https:\/\/now-news.de\/de\/deutschland\/kolumbiens-praesident-petro-bestaetigt-eln-und-vier-weitere-guerillas-rufen-einseitige-waffenruhe-aus\/#article\",\"isPartOf\":{\"@id\":\"https:\/\/now-news.de\/de\/deutschland\/kolumbiens-praesident-petro-bestaetigt-eln-und-vier-weitere-guerillas-rufen-einseitige-waffenruhe-aus\/\"},\"author\":{\"name\":\"rtnews\",\"@id\":\"https:\/\/now-news.de\/de\/#\/schema\/person\/fb534a4e865501d8b3285208df34a9b5\"},\"headline\":\"Kolumbiens Pr\u00e4sident Petro best\u00e4tigt: ELN und vier weitere Guerillas rufen einseitige Waffenruhe aus\",\"datePublished\":\"2022-12-26T06:36:12+00:00\",\"dateModified\":\"2022-12-26T06:36:12+00:00\",\"mainEntityOfPage\":{\"@id\":\"https:\/\/now-news.de\/de\/deutschland\/kolumbiens-praesident-petro-bestaetigt-eln-und-vier-weitere-guerillas-rufen-einseitige-waffenruhe-aus\/\"},\"wordCount\":511,\"commentCount\":0,\"publisher\":{\"@id\":\"https:\/\/now-news.de\/de\/#organization\"},\"image\":{\"@id\":\"https:\/\/now-news.de\/de\/deutschland\/kolumbiens-praesident-petro-bestaetigt-eln-und-vier-weitere-guerillas-rufen-einseitige-waffenruhe-aus\/#primaryimage\"},\"thumbnailUrl\":\"https:\/\/now-news.de\/de\/wp-content\/uploads\/sites\/3\/2022\/12\/Kolumbiens-Praesident-Petro-bestaetigt-ELN-und-vier-weitere-Guerillas-rufen.jpg\",\"keywords\":[\"aus\",\"best\u00e4tigt\",\"einseitige\",\"ELN\",\"Guerillas\",\"Kolumbiens\",\"Petro\",\"Pr\u00e4sident\",\"rufen\",\"und\",\"vier\",\"Waffenruhe\",\"weitere\"],\"articleSection\":[\"Deutschland\",\"Russland\"],\"inLanguage\":\"de\",\"potentialAction\":[{\"@type\":\"CommentAction\",\"name\":\"Comment\",\"target\":[\"https:\/\/now-news.de\/de\/deutschland\/kolumbiens-praesident-petro-bestaetigt-eln-und-vier-weitere-guerillas-rufen-einseitige-waffenruhe-aus\/#respond\"]}]},{\"@type\":\"WebPage\",\"@id\":\"https:\/\/now-news.de\/de\/deutschland\/kolumbiens-praesident-petro-bestaetigt-eln-und-vier-weitere-guerillas-rufen-einseitige-waffenruhe-aus\/\",\"url\":\"https:\/\/now-news.de\/de\/deutschland\/kolumbiens-praesident-petro-bestaetigt-eln-und-vier-weitere-guerillas-rufen-einseitige-waffenruhe-aus\/\",\"name\":\"Kolumbiens Pr\u00e4sident Petro best\u00e4tigt: ELN und vier weitere Guerillas rufen einseitige Waffenruhe aus - just-now.NEWS Deutschland\",\"isPartOf\":{\"@id\":\"https:\/\/now-news.de\/de\/#website\"},\"primaryImageOfPage\":{\"@id\":\"https:\/\/now-news.de\/de\/deutschland\/kolumbiens-praesident-petro-bestaetigt-eln-und-vier-weitere-guerillas-rufen-einseitige-waffenruhe-aus\/#primaryimage\"},\"image\":{\"@id\":\"https:\/\/now-news.de\/de\/deutschland\/kolumbiens-praesident-petro-bestaetigt-eln-und-vier-weitere-guerillas-rufen-einseitige-waffenruhe-aus\/#primaryimage\"},\"thumbnailUrl\":\"https:\/\/now-news.de\/de\/wp-content\/uploads\/sites\/3\/2022\/12\/Kolumbiens-Praesident-Petro-bestaetigt-ELN-und-vier-weitere-Guerillas-rufen.jpg\",\"datePublished\":\"2022-12-26T06:36:12+00:00\",\"dateModified\":\"2022-12-26T06:36:12+00:00\",\"breadcrumb\":{\"@id\":\"https:\/\/now-news.de\/de\/deutschland\/kolumbiens-praesident-petro-bestaetigt-eln-und-vier-weitere-guerillas-rufen-einseitige-waffenruhe-aus\/#breadcrumb\"},\"inLanguage\":\"de\",\"potentialAction\":[{\"@type\":\"ReadAction\",\"target\":[\"https:\/\/now-news.de\/de\/deutschland\/kolumbiens-praesident-petro-bestaetigt-eln-und-vier-weitere-guerillas-rufen-einseitige-waffenruhe-aus\/\"]}]},{\"@type\":\"ImageObject\",\"inLanguage\":\"de\",\"@id\":\"https:\/\/now-news.de\/de\/deutschland\/kolumbiens-praesident-petro-bestaetigt-eln-und-vier-weitere-guerillas-rufen-einseitige-waffenruhe-aus\/#primaryimage\",\"url\":\"https:\/\/now-news.de\/de\/wp-content\/uploads\/sites\/3\/2022\/12\/Kolumbiens-Praesident-Petro-bestaetigt-ELN-und-vier-weitere-Guerillas-rufen.jpg\",\"contentUrl\":\"https:\/\/now-news.de\/de\/wp-content\/uploads\/sites\/3\/2022\/12\/Kolumbiens-Praesident-Petro-bestaetigt-ELN-und-vier-weitere-Guerillas-rufen.jpg\",\"width\":460,\"height\":259,\"caption\":\"Kolumbiens Pr\u00e4sident Petro best\u00e4tigt: ELN und vier weitere Guerillas rufen einseitige Waffenruhe aus\"},{\"@type\":\"BreadcrumbList\",\"@id\":\"https:\/\/now-news.de\/de\/deutschland\/kolumbiens-praesident-petro-bestaetigt-eln-und-vier-weitere-guerillas-rufen-einseitige-waffenruhe-aus\/#breadcrumb\",\"itemListElement\":[{\"@type\":\"ListItem\",\"position\":1,\"name\":\"Home\",\"item\":\"https:\/\/now-news.de\/de\/\"},{\"@type\":\"ListItem\",\"position\":2,\"name\":\"Kolumbiens Pr\u00e4sident Petro best\u00e4tigt: ELN und vier weitere Guerillas rufen einseitige Waffenruhe aus\"}]},{\"@type\":\"WebSite\",\"@id\":\"https:\/\/now-news.de\/de\/#website\",\"url\":\"https:\/\/now-news.de\/de\/\",\"name\":\"just-now.NEWS Deutschland\",\"description\":\"Das Portal f\u00fcr unzensierte Nachrichten aus der Welt\",\"publisher\":{\"@id\":\"https:\/\/now-news.de\/de\/#organization\"},\"potentialAction\":[{\"@type\":\"SearchAction\",\"target\":{\"@type\":\"EntryPoint\",\"urlTemplate\":\"https:\/\/now-news.de\/de\/?s={search_term_string}\"},\"query-input\":\"required name=search_term_string\"}],\"inLanguage\":\"de\"},{\"@type\":\"Organization\",\"@id\":\"https:\/\/now-news.de\/de\/#organization\",\"name\":\"Just Now News\",\"url\":\"https:\/\/now-news.de\/de\/\",\"logo\":{\"@type\":\"ImageObject\",\"inLanguage\":\"de\",\"@id\":\"https:\/\/now-news.de\/de\/#\/schema\/logo\/image\/\",\"url\":\"http:\/\/just-now.news\/de\/wp-content\/uploads\/sites\/3\/2022\/04\/logo500x500.jpg\",\"contentUrl\":\"http:\/\/just-now.news\/de\/wp-content\/uploads\/sites\/3\/2022\/04\/logo500x500.jpg\",\"width\":500,\"height\":500,\"caption\":\"Just Now News\"},\"image\":{\"@id\":\"https:\/\/now-news.de\/de\/#\/schema\/logo\/image\/\"},\"sameAs\":[\"https:\/\/www.facebook.com\/wirmachenauf\",\"https:\/\/x.com\/WirMachenAuf_de\"]},{\"@type\":\"Person\",\"@id\":\"https:\/\/now-news.de\/de\/#\/schema\/person\/fb534a4e865501d8b3285208df34a9b5\",\"name\":\"rtnews\",\"image\":{\"@type\":\"ImageObject\",\"inLanguage\":\"de\",\"@id\":\"https:\/\/now-news.de\/de\/#\/schema\/person\/image\/\",\"url\":\"https:\/\/secure.gravatar.com\/avatar\/82aafea7d8127119dd649515f56e2117?s=96&d=mm&r=g\",\"contentUrl\":\"https:\/\/secure.gravatar.com\/avatar\/82aafea7d8127119dd649515f56e2117?s=96&d=mm&r=g\",\"caption\":\"rtnews\"},\"url\":\"https:\/\/now-news.de\/de\/author\/rnews\/\"}]}<\/script>\n<!-- \/ Yoast SEO Premium plugin. -->","yoast_head_json":{"title":"Kolumbiens Pr\u00e4sident Petro best\u00e4tigt: ELN und vier weitere Guerillas rufen einseitige Waffenruhe aus - just-now.NEWS Deutschland","robots":{"index":"index","follow":"follow","max-snippet":"max-snippet:-1","max-image-preview":"max-image-preview:large","max-video-preview":"max-video-preview:-1"},"canonical":"https:\/\/now-news.de\/de\/deutschland\/kolumbiens-praesident-petro-bestaetigt-eln-und-vier-weitere-guerillas-rufen-einseitige-waffenruhe-aus\/","og_locale":"de_DE","og_type":"article","og_title":"Kolumbiens Pr\u00e4sident Petro best\u00e4tigt: ELN und vier weitere Guerillas rufen einseitige Waffenruhe aus","og_description":"Obwohl sich die Sicherheitslage in Kolumbien nach einem Friedensvertrag mit der Guerilla FARC im Jahr 2016 verbessert hat, sind in dem s\u00fcdamerikanischen Land immer noch viele bewaffnete Gruppen am Werk. Pr\u00e4sident Gustavo Petro will den Friedensprozess nun wieder ankurbeln. Der kolumbianische Pr\u00e4sident Gustavo Petro hat am Samstag auf Twitter best\u00e4tigt, dass f\u00fcnf Guerilla-Bewegungen einseitig eine [&hellip;]","og_url":"https:\/\/now-news.de\/de\/deutschland\/kolumbiens-praesident-petro-bestaetigt-eln-und-vier-weitere-guerillas-rufen-einseitige-waffenruhe-aus\/","og_site_name":"just-now.NEWS Deutschland","article_publisher":"https:\/\/www.facebook.com\/wirmachenauf","article_published_time":"2022-12-26T06:36:12+00:00","og_image":[{"width":460,"height":259,"url":"https:\/\/now-news.de\/de\/wp-content\/uploads\/sites\/3\/2022\/12\/Kolumbiens-Praesident-Petro-bestaetigt-ELN-und-vier-weitere-Guerillas-rufen.jpg","type":"image\/jpeg"}],"author":"rtnews","twitter_card":"summary_large_image","twitter_creator":"@WirMachenAuf_de","twitter_site":"@WirMachenAuf_de","twitter_misc":{"Verfasst von":"rtnews","Gesch\u00e4tzte Lesezeit":"2\u00a0Minuten"},"schema":{"@context":"https:\/\/schema.org","@graph":[{"@type":"Article","@id":"https:\/\/now-news.de\/de\/deutschland\/kolumbiens-praesident-petro-bestaetigt-eln-und-vier-weitere-guerillas-rufen-einseitige-waffenruhe-aus\/#article","isPartOf":{"@id":"https:\/\/now-news.de\/de\/deutschland\/kolumbiens-praesident-petro-bestaetigt-eln-und-vier-weitere-guerillas-rufen-einseitige-waffenruhe-aus\/"},"author":{"name":"rtnews","@id":"https:\/\/now-news.de\/de\/#\/schema\/person\/fb534a4e865501d8b3285208df34a9b5"},"headline":"Kolumbiens Pr\u00e4sident Petro best\u00e4tigt: ELN und vier weitere Guerillas rufen einseitige Waffenruhe aus","datePublished":"2022-12-26T06:36:12+00:00","dateModified":"2022-12-26T06:36:12+00:00","mainEntityOfPage":{"@id":"https:\/\/now-news.de\/de\/deutschland\/kolumbiens-praesident-petro-bestaetigt-eln-und-vier-weitere-guerillas-rufen-einseitige-waffenruhe-aus\/"},"wordCount":511,"commentCount":0,"publisher":{"@id":"https:\/\/now-news.de\/de\/#organization"},"image":{"@id":"https:\/\/now-news.de\/de\/deutschland\/kolumbiens-praesident-petro-bestaetigt-eln-und-vier-weitere-guerillas-rufen-einseitige-waffenruhe-aus\/#primaryimage"},"thumbnailUrl":"https:\/\/now-news.de\/de\/wp-content\/uploads\/sites\/3\/2022\/12\/Kolumbiens-Praesident-Petro-bestaetigt-ELN-und-vier-weitere-Guerillas-rufen.jpg","keywords":["aus","best\u00e4tigt","einseitige","ELN","Guerillas","Kolumbiens","Petro","Pr\u00e4sident","rufen","und","vier","Waffenruhe","weitere"],"articleSection":["Deutschland","Russland"],"inLanguage":"de","potentialAction":[{"@type":"CommentAction","name":"Comment","target":["https:\/\/now-news.de\/de\/deutschland\/kolumbiens-praesident-petro-bestaetigt-eln-und-vier-weitere-guerillas-rufen-einseitige-waffenruhe-aus\/#respond"]}]},{"@type":"WebPage","@id":"https:\/\/now-news.de\/de\/deutschland\/kolumbiens-praesident-petro-bestaetigt-eln-und-vier-weitere-guerillas-rufen-einseitige-waffenruhe-aus\/","url":"https:\/\/now-news.de\/de\/deutschland\/kolumbiens-praesident-petro-bestaetigt-eln-und-vier-weitere-guerillas-rufen-einseitige-waffenruhe-aus\/","name":"Kolumbiens Pr\u00e4sident Petro best\u00e4tigt: ELN und vier weitere Guerillas rufen einseitige Waffenruhe aus - just-now.NEWS Deutschland","isPartOf":{"@id":"https:\/\/now-news.de\/de\/#website"},"primaryImageOfPage":{"@id":"https:\/\/now-news.de\/de\/deutschland\/kolumbiens-praesident-petro-bestaetigt-eln-und-vier-weitere-guerillas-rufen-einseitige-waffenruhe-aus\/#primaryimage"},"image":{"@id":"https:\/\/now-news.de\/de\/deutschland\/kolumbiens-praesident-petro-bestaetigt-eln-und-vier-weitere-guerillas-rufen-einseitige-waffenruhe-aus\/#primaryimage"},"thumbnailUrl":"https:\/\/now-news.de\/de\/wp-content\/uploads\/sites\/3\/2022\/12\/Kolumbiens-Praesident-Petro-bestaetigt-ELN-und-vier-weitere-Guerillas-rufen.jpg","datePublished":"2022-12-26T06:36:12+00:00","dateModified":"2022-12-26T06:36:12+00:00","breadcrumb":{"@id":"https:\/\/now-news.de\/de\/deutschland\/kolumbiens-praesident-petro-bestaetigt-eln-und-vier-weitere-guerillas-rufen-einseitige-waffenruhe-aus\/#breadcrumb"},"inLanguage":"de","potentialAction":[{"@type":"ReadAction","target":["https:\/\/now-news.de\/de\/deutschland\/kolumbiens-praesident-petro-bestaetigt-eln-und-vier-weitere-guerillas-rufen-einseitige-waffenruhe-aus\/"]}]},{"@type":"ImageObject","inLanguage":"de","@id":"https:\/\/now-news.de\/de\/deutschland\/kolumbiens-praesident-petro-bestaetigt-eln-und-vier-weitere-guerillas-rufen-einseitige-waffenruhe-aus\/#primaryimage","url":"https:\/\/now-news.de\/de\/wp-content\/uploads\/sites\/3\/2022\/12\/Kolumbiens-Praesident-Petro-bestaetigt-ELN-und-vier-weitere-Guerillas-rufen.jpg","contentUrl":"https:\/\/now-news.de\/de\/wp-content\/uploads\/sites\/3\/2022\/12\/Kolumbiens-Praesident-Petro-bestaetigt-ELN-und-vier-weitere-Guerillas-rufen.jpg","width":460,"height":259,"caption":"Kolumbiens Pr\u00e4sident Petro best\u00e4tigt: ELN und vier weitere Guerillas rufen einseitige Waffenruhe aus"},{"@type":"BreadcrumbList","@id":"https:\/\/now-news.de\/de\/deutschland\/kolumbiens-praesident-petro-bestaetigt-eln-und-vier-weitere-guerillas-rufen-einseitige-waffenruhe-aus\/#breadcrumb","itemListElement":[{"@type":"ListItem","position":1,"name":"Home","item":"https:\/\/now-news.de\/de\/"},{"@type":"ListItem","position":2,"name":"Kolumbiens Pr\u00e4sident Petro best\u00e4tigt: ELN und vier weitere Guerillas rufen einseitige Waffenruhe aus"}]},{"@type":"WebSite","@id":"https:\/\/now-news.de\/de\/#website","url":"https:\/\/now-news.de\/de\/","name":"just-now.NEWS Deutschland","description":"Das Portal f\u00fcr unzensierte Nachrichten aus der Welt","publisher":{"@id":"https:\/\/now-news.de\/de\/#organization"},"potentialAction":[{"@type":"SearchAction","target":{"@type":"EntryPoint","urlTemplate":"https:\/\/now-news.de\/de\/?s={search_term_string}"},"query-input":"required name=search_term_string"}],"inLanguage":"de"},{"@type":"Organization","@id":"https:\/\/now-news.de\/de\/#organization","name":"Just Now News","url":"https:\/\/now-news.de\/de\/","logo":{"@type":"ImageObject","inLanguage":"de","@id":"https:\/\/now-news.de\/de\/#\/schema\/logo\/image\/","url":"http:\/\/just-now.news\/de\/wp-content\/uploads\/sites\/3\/2022\/04\/logo500x500.jpg","contentUrl":"http:\/\/just-now.news\/de\/wp-content\/uploads\/sites\/3\/2022\/04\/logo500x500.jpg","width":500,"height":500,"caption":"Just Now News"},"image":{"@id":"https:\/\/now-news.de\/de\/#\/schema\/logo\/image\/"},"sameAs":["https:\/\/www.facebook.com\/wirmachenauf","https:\/\/x.com\/WirMachenAuf_de"]},{"@type":"Person","@id":"https:\/\/now-news.de\/de\/#\/schema\/person\/fb534a4e865501d8b3285208df34a9b5","name":"rtnews","image":{"@type":"ImageObject","inLanguage":"de","@id":"https:\/\/now-news.de\/de\/#\/schema\/person\/image\/","url":"https:\/\/secure.gravatar.com\/avatar\/82aafea7d8127119dd649515f56e2117?s=96&d=mm&r=g","contentUrl":"https:\/\/secure.gravatar.com\/avatar\/82aafea7d8127119dd649515f56e2117?s=96&d=mm&r=g","caption":"rtnews"},"url":"https:\/\/now-news.de\/de\/author\/rnews\/"}]}},"_links":{"self":[{"href":"https:\/\/now-news.de\/de\/wp-json\/wp\/v2\/posts\/26308"}],"collection":[{"href":"https:\/\/now-news.de\/de\/wp-json\/wp\/v2\/posts"}],"about":[{"href":"https:\/\/now-news.de\/de\/wp-json\/wp\/v2\/types\/post"}],"author":[{"embeddable":true,"href":"https:\/\/now-news.de\/de\/wp-json\/wp\/v2\/users\/3"}],"replies":[{"embeddable":true,"href":"https:\/\/now-news.de\/de\/wp-json\/wp\/v2\/comments?post=26308"}],"version-history":[{"count":0,"href":"https:\/\/now-news.de\/de\/wp-json\/wp\/v2\/posts\/26308\/revisions"}],"wp:featuredmedia":[{"embeddable":true,"href":"https:\/\/now-news.de\/de\/wp-json\/wp\/v2\/media\/26309"}],"wp:attachment":[{"href":"https:\/\/now-news.de\/de\/wp-json\/wp\/v2\/media?parent=26308"}],"wp:term":[{"taxonomy":"category","embeddable":true,"href":"https:\/\/now-news.de\/de\/wp-json\/wp\/v2\/categories?post=26308"},{"taxonomy":"post_tag","embeddable":true,"href":"https:\/\/now-news.de\/de\/wp-json\/wp\/v2\/tags?post=26308"}],"curies":[{"name":"wp","href":"https:\/\/api.w.org\/{rel}","templated":true}]}}