{"id":26294,"date":"2022-12-25T17:45:00","date_gmt":"2022-12-25T15:45:00","guid":{"rendered":"https:\/\/just-now.news\/de\/deutschland\/liveticker-ukraine-krieg-medien-ukrainer-erhalten-erneut-vorladungen-zur-mobilmachung\/"},"modified":"2022-12-25T17:45:00","modified_gmt":"2022-12-25T15:45:00","slug":"liveticker-ukraine-krieg-medien-ukrainer-erhalten-erneut-vorladungen-zur-mobilmachung","status":"publish","type":"post","link":"https:\/\/now-news.de\/de\/deutschland\/liveticker-ukraine-krieg-medien-ukrainer-erhalten-erneut-vorladungen-zur-mobilmachung\/","title":{"rendered":"Liveticker Ukraine-Krieg \u2013 Medien: Ukrainer erhalten erneut Vorladungen zur Mobilmachung"},"content":{"rendered":"<div class=\"Text-root Text-type_1 \">\n                Russland f\u00fchrt gemeinsam mit den Streitkr\u00e4ften der Donbass-Republiken eine Milit\u00e4roperation in der Ukraine durch. Der Westen reagiert mit immer neuen Waffenlieferungen an die Ukraine und beispiellosen Sanktionen gegen Russland. Lesen Sie hier die neuesten Entwicklungen.\n            <\/div>\n<p><\/p>\n<div class=\"ArticleView-liveUpdates\">\n<div class=\"LiveUpdates-root\">\n<div class=\"LiveUpdates-content\">\n<ul class=\"LiveUpdates-list Listing-root\" data-listing=\"LiveUpdates\" data-count=\"10\">\n<li class=\"LiveUpdates-item Listing-item\">\n<div class=\"LiveUpdates-date\">\n<p class=\"HeaderNews-root HeaderNews-type_2 \">\n                25.12.2022 16:04 Uhr\n            <\/p>\n<\/div>\n<div class=\"LiveUpdate-root\">\n<div class=\"LiveUpdate-date\">\n<p class=\"HeaderNews-root HeaderNews-type_6 \">\n                16:04 Uhr\n            <\/p>\n<\/div>\n<div class=\"LiveUpdate-content\">\n<div class=\"LiveUpdate-text\">\n<div class=\"Text-root Text-type_5 ViewText-root\">\n<p><strong>Iran reagiert scharf auf Forderung Kiews, Waffenfabriken ins Visier zu nehmen<br \/><\/strong><\/p>\n<figure class=\"RTImage-root\">\n<div class=\"RTImage-image RTImage-original\"><picture class=\"Picture-root Picture-original\"><!--[if IE 9]><video style=\"display: none;\"><![endif]--><source media=\"(-webkit-min-device-pixel-ratio: 2) and (min-resolution: 120dpi)\" data-srcset=\" \nhttp:\/\/just-now.news\/de\/wp-content\/uploads\/sites\/3\/2022\/12\/63a85d5948fbef0cc34b20a5.jpg 850w,\n                http:\/\/just-now.news\/de\/wp-content\/uploads\/sites\/3\/2022\/12\/63a85d5848fbef0cc34b20a4.jpg 1960w,\n            \" ><source data-srcset=\" \nhttp:\/\/just-now.news\/de\/wp-content\/uploads\/sites\/3\/2022\/12\/63a85d5948fbef0cc34b20a5.jpg 460w,\n              http:\/\/just-now.news\/de\/wp-content\/uploads\/sites\/3\/2022\/12\/63a85d5848fbef0cc34b20a4.jpg 980w,\n            \" ><!--[if IE 9]><\/video><![endif]--><img decoding=\"async\" data- src=\"data:image\/png;base64,iVBORw0KGgoAAAANSUhEUgAAABAAAAAJCAQAAACRI2S5AAAAEElEQVR42mNkIAAYRxWAAQAG9gAKqv6+AwAAAABJRU5ErkJggg==\" class=\"Picture-root Picture-original lazyload\" data-src=\"http:\/\/just-now.news\/de\/wp-content\/uploads\/sites\/3\/2022\/12\/63a85d5948fbef0cc34b20a5.jpg\" alt=\"\"><\/source><\/source><\/picture><!-- noscript pattern --><noscript><img decoding=\"async\" src=\"http:\/\/just-now.news\/de\/wp-content\/uploads\/sites\/3\/2022\/12\/63a85d5848fbef0cc34b20a4.jpg\" alt=\"\"><\/noscript><\/div><figcaption class=\"RTImage-footer\"><span class=\"RTImage-caption\"><span class=\"RTImage-captionItem\">Symbolbild: Iranische Flagge<\/span><\/span><span class=\"RTImage-source\"><span class=\"RTImage-captionItem\">Maksim Konstantinov\/SOPA Images\/LightRocket<\/span><span class=\"RTImage-captionItem\"> \/ Gettyimages.ru<\/span><\/span><\/figcaption><\/figure>\n<p>Der iranische Journalist Reza Abbasi berichtete, Kiew werde als Reaktion auf jede Bedrohung der nationalen Sicherheit Teherans in die vorindustrielle \u00c4ra zur\u00fcckkehren. Der Journalist <a rel=\"nofollow noopener\" target=\"_blank\" href=\"https:\/\/mobile.twitter.com\/RezaAbbasi23\/status\/1606666039592378369\">tweetete<\/a>:<strong><\/strong><\/p>\n<p><em>&#8220;Die kleinste Aktion, die die Sicherheit des iranischen Volkes bedroht, wird Kiew in die vorindustrielle Zeit zur\u00fcckversetzen. Dies ist keine Drohung, sondern eine Warnung.&#8221;<\/em><\/p>\n<p>Zuvor hatte Michail Podoljak, Berater des Leiters des ukrainischen Pr\u00e4sidialamtes, die Zerst\u00f6rung von Waffenproduktionsst\u00e4tten in der Islamischen Republik &#8220;wegen der Zusammenarbeit zwischen Moskau und Teheran&#8221; gefordert.<\/p>\n<p>Nasser Kanaani, Sprecher des iranischen Au\u00dfenministeriums, bezeichnete die Aussagen der ukrainischen Beh\u00f6rden \u00fcber die Weitergabe von ukrainischen Drohnen an Russland als unbegr\u00fcndet. Der Diplomat best\u00e4tigte, dass Teheran keine Drohnen an eine der Konfliktparteien geliefert habe.<\/p>\n<\/div>\n<\/div>\n<\/div>\n<\/div>\n<\/li>\n<li class=\"LiveUpdates-item Listing-item\">\n<div class=\"LiveUpdate-root\">\n<div class=\"LiveUpdate-date\">\n<p class=\"HeaderNews-root HeaderNews-type_6 \">\n                15:25 Uhr\n            <\/p>\n<\/div>\n<div class=\"LiveUpdate-content\">\n<div class=\"LiveUpdate-text\">\n<div class=\"Text-root Text-type_5 ViewText-root\">\n<p><strong>Ukrainische Medien: Einwohner der Ukraine erhalten erneut Vorladungen zur Mobilmachung<\/strong><strong><\/strong><\/p>\n<p>Wie die ukrainische Nachrichten- und Analyse-Webseite s<em>trana.ua<\/em>\u00a0<a rel=\"nofollow noopener\" target=\"_blank\" href=\"https:\/\/t.me\/stranaua\/82260\">berichtet<\/a>, werden auf den Stra\u00dfen der Ukraine wieder Mobilisierungsaufrufe verteilt.<strong><\/strong><\/p>\n<p>Das von der Nachrichtenagentur ver\u00f6ffentlichte Video zeigt eine Gruppe von M\u00e4nnern in Milit\u00e4runiform, die einen Mann in Zivilkleidung flankiert. Der Autor des Videos schilderte dazu, dass das Milit\u00e4r in der N\u00e4he des \u00f6rtlichen Marktes Vorladungen verteilt. Auf dem Telegram-Kanal der Nachrichtenagentur hie\u00df es:<\/p>\n<p><em>&#8220;Dies ist angeblich die Verteilung von Vorladungen in den Stra\u00dfen von Dnjepropetrowsk.&#8221;<\/em><\/p>\n<p>\u00c4hnliche Videos tauchen in letzter Zeit <a rel=\"nofollow noopener\" target=\"_blank\" href=\"https:\/\/t.me\/stranaua\/82063\">h\u00e4ufiger<\/a> auf, obwohl das ukrainische Verteidigungsministerium versichert hat, dass keine neue Mobilisierungswelle geplant ist.<\/p>\n<p>Das Kriegsrecht und die allgemeine Mobilmachung in der Ukraine sind bis zum 19. Februar 2023 verl\u00e4ngert worden.<\/p>\n<\/div>\n<\/div>\n<\/div>\n<\/div>\n<\/li>\n<li class=\"LiveUpdates-item Listing-item\">\n<div class=\"LiveUpdate-root\">\n<div class=\"LiveUpdate-date\">\n<p class=\"HeaderNews-root HeaderNews-type_6 \">\n                14:49 Uhr\n            <\/p>\n<\/div>\n<div class=\"LiveUpdate-content\">\n<div class=\"LiveUpdate-text\">\n<div class=\"Text-root Text-type_5 ViewText-root\">\n<p><strong>Gorlowka: Ukrainischer Beschuss der Chemiefabrik Stirol besch\u00e4digt Ammoniumnitratlager<\/strong><\/p>\n<p>Bei dem Beschuss des Chemiewerks Stirol in Gorlowka (Donezker Volksrepublik) durch ukrainische Truppen sei ein Lagerhaus f\u00fcr Ammoniumnitrat besch\u00e4digt worden, wie der B\u00fcrgermeister der Stadt, Iwan Prichodko, mitteilte. Auf seinem Telegram-Kanal <a rel=\"nofollow noopener\" target=\"_blank\" href=\"https:\/\/t.me\/Prikhodko1970\/8125\">schrieb<\/a> er:<strong><\/strong><\/p>\n<p><em>&#8220;Nach best\u00e4tigten Informationen ist bei dem Beschuss des Stirol-Werks durch ukrainische Neonazis eine feindliche Granate in der N\u00e4he des Salpeterlagers explodiert und hat das Geb\u00e4ude besch\u00e4digt. Die Verglasung und die Umz\u00e4unung der Harnstoffwerkstatt wurden besch\u00e4digt.&#8221;<\/em><\/p>\n<p>Gorlowka liegt 50 Kilometer n\u00f6rdlich von Donezk und ist Sitz des Chemiekonzerns Stirol und von Kohlebergbauunternehmen. Sie ist eine der gr\u00f6\u00dften St\u00e4dte in der DVR und hatte vor Beginn des Konflikts im Donbass \u00fcber 250.000 Einwohner.<\/p>\n<\/div>\n<\/div>\n<\/div>\n<\/div>\n<\/li>\n<li class=\"LiveUpdates-item Listing-item\">\n<div class=\"LiveUpdate-root\">\n<div class=\"LiveUpdate-date\">\n<p class=\"HeaderNews-root HeaderNews-type_6 \">\n                14:16 Uhr\n            <\/p>\n<\/div>\n<div class=\"LiveUpdate-content\">\n<div class=\"LiveUpdate-text\">\n<div class=\"Text-root Text-type_5 ViewText-root\">\n<p><strong>&#8220;Ein gew\u00f6hnlicher Infanterist mit einer Waffe in der Hand&#8221; \u2013 Wagner-K\u00e4mpfer wird in Sankt Petersburg beerdigt<\/strong><\/p>\n<div class=\"EmbedBlock-root EmbedBlock-externalVideo EmbedBlock-vk\">\n<div class=\"VkEmbed\"><iframe class=\"lazyload\" data-src=\"https:\/\/vk.com\/video_ext.php?oid=-134310637&amp;id=456261692&amp;hash=4fa16ab993d1ef6a\" frameborder=\"0\" width=\"853\" height=\"480\" allowfullscreen><\/iframe><\/div>\n<\/div>\n<p>An Heiligabend wurde Dmitri Menschikow, ein K\u00e4mpfer des privaten Milit\u00e4runternehmens (PMC) Wagner, auf dem Beloostrowski-Friedhof in Sankt Petersburg beigesetzt. Jewgeni Prigoschin, Gr\u00fcnder des Unternehmens, <a rel=\"nofollow noopener\" target=\"_blank\" href=\"https:\/\/vk.com\/video-134310637_456261692\">erz\u00e4hlte<\/a> auf der Trauerfeier:<\/p>\n<p><em>&#8220;In einem Graben t\u00f6tete er einen Feind. Wurde von einer Kugel getroffen und ist verblutet. Wir haben versucht, ihn herauszuholen, aber er hat es nicht \u00fcberlebt.&#8221;<\/em><\/p>\n<p>Dmitri Menschikow kam aus einer Strafkolonie, in der er eine Strafe f\u00fcr den Verkauf von Drogen verb\u00fc\u00dfte, in den Donbass. Der K\u00e4mpfer wurde f\u00fcr die Erf\u00fcllung seiner milit\u00e4rischen Pflichten mit der Tapferkeitsmedaille ausgezeichnet.<\/p>\n<\/div>\n<\/div>\n<\/div>\n<\/div>\n<\/li>\n<li class=\"LiveUpdates-item Listing-item\">\n<div class=\"LiveUpdate-root\">\n<div class=\"LiveUpdate-date\">\n<p class=\"HeaderNews-root HeaderNews-type_6 \">\n                13:42 Uhr\n            <\/p>\n<\/div>\n<div class=\"LiveUpdate-content\">\n<div class=\"LiveUpdate-text\">\n<div class=\"Text-root Text-type_5 ViewText-root\">\n<p><strong>NRW-Ministerpr\u00e4sident W\u00fcst sichert ukrainischen Kriegsfl\u00fcchtlingen weitere Unterst\u00fctzung zu<\/strong><\/p>\n<p>Nordrhein-Westfalens Ministerpr\u00e4sident Hendrik W\u00fcst hat in einem Gespr\u00e4ch mit der <em>Deutschen Presse-Agentur<\/em> in D\u00fcsseldorf erkl\u00e4rt, dass die Unterst\u00fctzung f\u00fcr Kriegsfl\u00fcchtlinge aus der Ukraine trotz steigender Zahlen nicht nachlasse werde.<\/p>\n<p><em>&#8220;Wer vor Putin flieht, ist bei uns in Nordrhein-Westfalen willkommen und sicher.&#8221;<\/em><\/p>\n<p>In den vergangenen Jahren sei die Zahl der Gefl\u00fcchteten im Winter meistens r\u00fcckl\u00e4ufig gewesen, aktuell sei die Situation eine andere.<\/p>\n<p><em>&#8220;Wir tun deshalb alles daf\u00fcr, die Menschen aus der Ukraine anst\u00e4ndig unterzubringen und Kommunen wie Ehrenamt nach Kr\u00e4ften zu unterst\u00fctzen.&#8221;<\/em><\/p>\n<p>Im n\u00e4chsten Schritt gehe es um die Integration ins gesellschaftliche Leben. Die geflohenen ukrainischen Kinder sollten endlich wieder Kind sein k\u00f6nnen, <a rel=\"nofollow noopener\" target=\"_blank\" href=\"https:\/\/rp-online.de\/nrw\/landespolitik\/nrw-ministerpraesident-hendrik-wuest-hilfsbereitschaft-in-nrw-trotzt-russlands-brutalitaet_aid-81887859\">betonte<\/a> W\u00fcst.<\/p>\n<div class=\"EmbedBlock-root EmbedBlock-twitter\">\n<div class=\"TwitterEmbed\">\n<blockquote class=\"twitter-tweet lazyload\" data-twitter=\"twitter-tweet\">\n<p lang=\"de\" dir=\"ltr\">Bei der Debatte zum Haushalt 2023 im Landtag hat Ministerpr\u00e4sident <a rel=\"nofollow noopener\" target=\"_blank\" href=\"https:\/\/twitter.com\/HendrikWuest?ref_src=twsrc%5Etfw\">@HendrikWuest<\/a> u.a. mit Blick auf die Versorgung ukrainischer Fl\u00fcchtlinge betont, dass die Landesregierung mit dem Haushalt Vorsorge trifft: &#8220;Wir schaffen Vorsorge und Hilfe f\u00fcr die, die besonders in Not sind.&#8221; <a rel=\"nofollow noopener\" target=\"_blank\" href=\"https:\/\/t.co\/D7f00VV1v5\">pic.twitter.com\/D7f00VV1v5<\/a><\/p>\n<p>\u2014 Staatskanzlei NRW (@landnrw) <a rel=\"nofollow noopener\" target=\"_blank\" href=\"https:\/\/twitter.com\/landnrw\/status\/1605242718191501313?ref_src=twsrc%5Etfw\">December 20, 2022<\/a><\/p><\/blockquote>\n<\/div>\n<\/div>\n<\/div>\n<\/div>\n<\/div>\n<\/div>\n<\/li>\n<li class=\"LiveUpdates-item Listing-item\">\n<div class=\"LiveUpdate-root\">\n<div class=\"LiveUpdate-date\">\n<p class=\"HeaderNews-root HeaderNews-type_6 \">\n                13:06 Uhr\n            <\/p>\n<\/div>\n<div class=\"LiveUpdate-content\">\n<div class=\"LiveUpdate-text\">\n<div class=\"Text-root Text-type_5 ViewText-root\">\n<p><strong>LVR-Beh\u00f6rden melden 169 tote Zivilisten durch ukrainische Angriffe seit Beginn der russischen Sonderoperation<\/strong><\/p>\n<figure class=\"RTImage-root\">\n<div class=\"RTImage-image RTImage-original\"><picture class=\"Picture-root Picture-original\"><!--[if IE 9]><video style=\"display: none;\"><![endif]--><source media=\"(-webkit-min-device-pixel-ratio: 2) and (min-resolution: 120dpi)\" data-srcset=\" \nhttp:\/\/just-now.news\/de\/wp-content\/uploads\/sites\/3\/2022\/12\/63a809e148fbef0cbd625f76.jpg 850w,\n                http:\/\/just-now.news\/de\/wp-content\/uploads\/sites\/3\/2022\/12\/63a809e148fbef0cbd625f76.jpg 1960w,\n            \" ><source data-srcset=\" \nhttp:\/\/just-now.news\/de\/wp-content\/uploads\/sites\/3\/2022\/12\/63a809e148fbef0cbd625f76.jpg 460w,\n              http:\/\/just-now.news\/de\/wp-content\/uploads\/sites\/3\/2022\/12\/63a809e148fbef0cbd625f76.jpg 980w,\n            \" ><!--[if IE 9]><\/video><![endif]--><img decoding=\"async\" data- src=\"data:image\/png;base64,iVBORw0KGgoAAAANSUhEUgAAABAAAAAJCAQAAACRI2S5AAAAEElEQVR42mNkIAAYRxWAAQAG9gAKqv6+AwAAAABJRU5ErkJggg==\" class=\"Picture-root Picture-original lazyload\" data-src=\"http:\/\/just-now.news\/de\/wp-content\/uploads\/sites\/3\/2022\/12\/63a809e148fbef0cbd625f76.jpg\" alt=\"\"><\/source><\/source><\/picture><!-- noscript pattern --><noscript><img decoding=\"async\" src=\"http:\/\/just-now.news\/de\/wp-content\/uploads\/sites\/3\/2022\/12\/63a809e148fbef0cbd625f76.jpg\" alt=\"\"><\/noscript><\/div><figcaption class=\"RTImage-footer\"><span class=\"RTImage-caption\"><span class=\"RTImage-captionItem\">Archivbild: Ein durch eine ukrainische HIMARS-Attacke besch\u00e4digtes Hotel in Altschewsk in der Volksrepublik Lugansk, 31. Oktober 2022.<\/span><\/span><span class=\"RTImage-source\"><span class=\"RTImage-captionItem\">MAXIM SACHAROW<\/span><span class=\"RTImage-captionItem\"> \/ Sputnik<\/span><\/span><\/figcaption><\/figure>\n<p>Sei dem Beginn der russischen Sonderoperation in der Ukraine sind nach Angaben der Beh\u00f6rden in Lugansk auf dem Territorium der Volksrepublik 169 Zivilisten durch ukrainische Attacken get\u00f6tet worden. Unter den Todesopfern sind 21 Kinder. Wie die Beh\u00f6rden auf Telegram <a rel=\"nofollow noopener\" target=\"_blank\" href=\"https:\/\/t.me\/LPR_JCCC\/7853\">mitteilen<\/a>, seien weitere 449 Einwohner, von ihnen 29 Minderj\u00e4hrige, verletzt worden. Insgesamt habe es in den vergangenen zehn Monaten 1.324 Angriffe der ukrainischen Streitkr\u00e4fte gegeben, bei denen mehr als 11.000 Projektile auf das Territorium der Volksrepublik Lugansk abgefeuert worden seien, darunter 37 Totschka-U-Raketen und 587 HIMARS-Geschosse. Dadurch seien 3.602 H\u00e4user in 84 Ortschaften zerst\u00f6rt oder besch\u00e4digt worden. Zu Schaden seien zudem 399 zivile Infrastrukturobjekte, darunter 91 Bildungsst\u00e4tten und 17 medizinische Einrichtungen, gekommen.<\/p>\n<\/div>\n<\/div>\n<\/div>\n<\/div>\n<\/li>\n<li class=\"LiveUpdates-item Listing-item\">\n<div class=\"LiveUpdate-root\">\n<div class=\"LiveUpdate-date\">\n<p class=\"HeaderNews-root HeaderNews-type_6 \">\n                12:34 Uhr\n            <\/p>\n<\/div>\n<div class=\"LiveUpdate-content\">\n<div class=\"LiveUpdate-text\">\n<div class=\"Text-root Text-type_5 ViewText-root\">\n<p><strong>Russland meldet Zerst\u00f6rung von drei US-Haubitzen vom Typ\u00a0M777\u00a0<\/strong><\/p>\n<figure class=\"RTImage-root\">\n<div class=\"RTImage-image RTImage-original\"><picture class=\"Picture-root Picture-original\"><!--[if IE 9]><video style=\"display: none;\"><![endif]--><source media=\"(-webkit-min-device-pixel-ratio: 2) and (min-resolution: 120dpi)\" data-srcset=\" \nhttp:\/\/just-now.news\/de\/wp-content\/uploads\/sites\/3\/2022\/12\/63a830c948fbef0cc34b205b.jpg 850w,\n                http:\/\/just-now.news\/de\/wp-content\/uploads\/sites\/3\/2022\/12\/63a830c948fbef0cc34b205b.jpg 1960w,\n            \" ><source data-srcset=\" \nhttp:\/\/just-now.news\/de\/wp-content\/uploads\/sites\/3\/2022\/12\/63a830c948fbef0cc34b205b.jpg 460w,\n              http:\/\/just-now.news\/de\/wp-content\/uploads\/sites\/3\/2022\/12\/63a830c948fbef0cc34b205b.jpg 980w,\n            \" ><!--[if IE 9]><\/video><![endif]--><img decoding=\"async\" data- src=\"data:image\/png;base64,iVBORw0KGgoAAAANSUhEUgAAABAAAAAJCAQAAACRI2S5AAAAEElEQVR42mNkIAAYRxWAAQAG9gAKqv6+AwAAAABJRU5ErkJggg==\" class=\"Picture-root Picture-original lazyload\" data-src=\"http:\/\/just-now.news\/de\/wp-content\/uploads\/sites\/3\/2022\/12\/63a830c948fbef0cc34b205b.jpg\" alt=\"\"><\/source><\/source><\/picture><!-- noscript pattern --><noscript><img decoding=\"async\" src=\"http:\/\/just-now.news\/de\/wp-content\/uploads\/sites\/3\/2022\/12\/63a830c948fbef0cc34b205b.jpg\" alt=\"\"><\/noscript><\/div><figcaption class=\"RTImage-footer\"><span class=\"RTImage-caption\"><span class=\"RTImage-captionItem\">Archivbild: Ukrainische Artilleristen schie\u00dfen mit einer US-Haubitze vom Typ M777, 23. November 2022.<\/span><\/span><span class=\"RTImage-source\"><span class=\"RTImage-captionItem\">ANATOLII STEPANOV<\/span><span class=\"RTImage-captionItem\"> \/ AFP<\/span><\/span><\/figcaption><\/figure>\n<p>Das russische Verteidigungsministerium hat am Sonntag \u00fcber weitere russische Attacken auf ukrainische Milit\u00e4rziele berichtet. Wie der Sprecher der Beh\u00f6rde, Generalleutnant Igor Konaschenkow, w\u00e4hrend seines Briefings bekannt gab, seien durch russische Raketen- und Artillerie-Angriffe 58 ukrainische Artillerie-Einheiten und 86 Orte mit Technik und Personals des Gegners getroffen worden. In der N\u00e4he der Stadt Artjomowsk auf dem Territorium der Volksrepublik Donezk sei ein Standort mit ausl\u00e4ndischen S\u00f6ldnern zerst\u00f6rt worden. \u00a0\u00a0<\/p>\n<p>Au\u00dferdem habe die russische Armee in der N\u00e4he der Stadt Sewersk auf dem Territorium der Volksrepublik Lugansk zwei ukrainische Mehrfachraketenwerfer vom Typ Uragan und selbstfahrendes gepanzertes Artilleriegesch\u00fctz vom Typ Krab aus polnischer Produktion au\u00dfer Gefecht gesetzt. In der N\u00e4he der Stadt Makejewka auf dem Territorium der Volksrepublik Lugansk seien zwei Mehrfachraketenwerfer vom Typ Grad zerst\u00f6rt worden. Zudem habe die Ukraine in der N\u00e4he der Siedlungen Dobrowolje im Gebiet Charkow und Pleschtschejewka auf dem Territorium der Volksrepublik Donezk drei M777-Haubitzen aus US-Produktion verloren, erkl\u00e4rte Konaschenkow.\u00a0<\/p>\n<p>Ferner berichtete der russische Milit\u00e4rsprecher \u00fcber Erfolge der russischen Flugabwehr. Demnach seien innerhalb der letzten 24 Stunden f\u00fcnf ukrainische Drohen abgeschossen worden. Zus\u00e4tzlich seien sechs HIMARS-Geschosse und ein reaktives Uragan-Geschoss abgefangen worden.<\/p>\n<p>Nach Angaben des Verteidigungsministeriums in Moskau habe die Ukraine seit dem Beginn der Sonderoperation am 24. Februar insgesamt 352 Flugzeuge, 192 Hubschrauber, 2.724 Drohnen, 399 Flugabwehrraketensysteme, 7.240 Panzer und andere Panzerfahrzeuge, 940 Mehrfachraketenwerfer sowie 3.708 Gesch\u00fctze und M\u00f6rser verloren.<\/p>\n<\/div>\n<\/div>\n<\/div>\n<\/div>\n<\/li>\n<li class=\"LiveUpdates-item Listing-item\">\n<div class=\"LiveUpdate-root\">\n<div class=\"LiveUpdate-date\">\n<p class=\"HeaderNews-root HeaderNews-type_6 \">\n                12:03 Uhr\n            <\/p>\n<\/div>\n<div class=\"LiveUpdate-content\">\n<div class=\"LiveUpdate-text\">\n<div class=\"Text-root Text-type_5 ViewText-root\">\n<p><strong>Russlands Verteidigungsministerium meldet hohe Verluste unter ukrainischen Kr\u00e4ften im Donbass<\/strong><\/p>\n<figure class=\"RTImage-root\">\n<div class=\"RTImage-image RTImage-original\"><picture class=\"Picture-root Picture-original\"><!--[if IE 9]><video style=\"display: none;\"><![endif]--><source media=\"(-webkit-min-device-pixel-ratio: 2) and (min-resolution: 120dpi)\" data-srcset=\" \nhttp:\/\/just-now.news\/de\/wp-content\/uploads\/sites\/3\/2022\/12\/63a82a3648fbef0cc978898e.jpg 850w,\n                http:\/\/just-now.news\/de\/wp-content\/uploads\/sites\/3\/2022\/12\/63a82a3648fbef0cc978898e.jpg 1960w,\n            \" ><source data-srcset=\" \nhttp:\/\/just-now.news\/de\/wp-content\/uploads\/sites\/3\/2022\/12\/63a82a3648fbef0cc978898e.jpg 460w,\n              http:\/\/just-now.news\/de\/wp-content\/uploads\/sites\/3\/2022\/12\/63a82a3648fbef0cc978898e.jpg 980w,\n            \" ><!--[if IE 9]><\/video><![endif]--><img decoding=\"async\" data- src=\"data:image\/png;base64,iVBORw0KGgoAAAANSUhEUgAAABAAAAAJCAQAAACRI2S5AAAAEElEQVR42mNkIAAYRxWAAQAG9gAKqv6+AwAAAABJRU5ErkJggg==\" class=\"Picture-root Picture-original lazyload\" data-src=\"http:\/\/just-now.news\/de\/wp-content\/uploads\/sites\/3\/2022\/12\/63a82a3648fbef0cc978898e.jpg\" alt=\"\"><\/source><\/source><\/picture><!-- noscript pattern --><noscript><img decoding=\"async\" src=\"http:\/\/just-now.news\/de\/wp-content\/uploads\/sites\/3\/2022\/12\/63a82a3648fbef0cc978898e.jpg\" alt=\"\"><\/noscript><\/div><figcaption class=\"RTImage-footer\"><span class=\"RTImage-caption\"><span class=\"RTImage-captionItem\">Archivbild: Ein ukrainischer Soldat feuert ein M\u00f6rsergeschoss ab, 9. Dezember 2022.<\/span><\/span><span class=\"RTImage-source\"><span class=\"RTImage-captionItem\">IHOR TKACHOV<\/span><span class=\"RTImage-captionItem\"> \/ AFP<\/span><\/span><\/figcaption><\/figure>\n<p>Der Sprecher des russischen Verteidigungsministeriums, Generalleutnant Igor Konaschenkow, hat auf seinem Briefing \u00fcber hohe Verluste unter ukrainischen Armeeangeh\u00f6rigen im Donbass berichtet. So seien am Frontabschnitt Kupjansk bei Angriffen auf mehrere gegnerische St\u00fctzpunkte im Gebiet Charkow mehr als 30 ukrainische Soldaten get\u00f6tet worden. Am Frontabschnitt Krasny Liman seien in den letzten 24 Stunden bis zu 60 ukrainische Armeeangeh\u00f6rige get\u00f6tet oder verletzt worden. Bei ihrem Vormarsch am Frontabschnitt Donezk habe die russische Armee mehr als 80 ukrainische Soldaten und S\u00f6ldner get\u00f6tet. Der Gegner habe auch am Frontabschnitt im S\u00fcden der Volksrepublik Donezk Verluste erlitten: Innerhalb der letzten 24 Stunden seien dort mehr als 50 ukrainische Armeeangeh\u00f6rige get\u00f6tet worden.<\/p>\n<\/div>\n<\/div>\n<\/div>\n<\/div>\n<\/li>\n<li class=\"LiveUpdates-item Listing-item\">\n<div class=\"LiveUpdate-root\">\n<div class=\"LiveUpdate-date\">\n<p class=\"HeaderNews-root HeaderNews-type_6 \">\n                11:40 Uhr\n            <\/p>\n<\/div>\n<div class=\"LiveUpdate-content\">\n<div class=\"LiveUpdate-text\">\n<div class=\"Text-root Text-type_5 ViewText-root\">\n<p><strong>Putin sieht keine Gefahr f\u00fcr Russland wegen Ukraine-Krise: &#8220;Unser Ziel ist, das russische Volk zu vereinen&#8221;\u00a0 <br \/><\/strong><\/p>\n<p>Pr\u00e4sident Wladimir Putin hat in einem Interview f\u00fcr die Sendung <em>Moskau. Kreml. Putin<\/em> die russische Vorgehensweise in der Ukraine erneut verteidigt. Auf die Frage des Reporters Pawel Sarubin, ob Russland nicht vor einer gef\u00e4hrlichen Linie im Zusammenhang mit der Situation in der Ukraine stehe, antwortete der Politiker in dem am Sonntag ausgestrahlten Gespr\u00e4ch:<\/p>\n<p><em>&#8220;Ich halte sie eigentlich nicht f\u00fcr gef\u00e4hrlich. Ich finde, dass wir in der richtigen Weise agieren. Wir verteidigen unsere nationalen Interessen, die Interessen unserer B\u00fcrger und Menschen.&#8221;<\/em><\/p>\n<p>Gleichzeitig zeigte sich der russische Staatschef noch immer verhandlungsbereit. Dies sei\u00a0allerdings\u00a0die Angelegenheit der anderen Seite: Es sei nicht die russische Regierung, die auf Gespr\u00e4che verzichte. Moskau habe immer danach gestrebt, alle Streitigkeiten auf dem Friedensweg zu l\u00f6sen. Leider sei die Gegenpartei anders eingestellt gewesen. Russland habe einfach nicht umhink\u00f6nnen, im Jahr 2014 die Krim-Bewohner zu sch\u00fctzen und ihre Wahl zu unterst\u00fctzen. Alles habe damals angefangen.<\/p>\n<p>Putin warf den geopolitischen Gegnern seines Landes vor, Russland nach dem Motto &#8220;teile und herrsche&#8221; zerst\u00fcckeln zu wollen.<\/p>\n<p><em>&#8220;Sie haben immer versucht, uns zu teilen. Sie tun es auch heute. Dabei besteht unser Ziel im Gegenteil in der Vereinigung des russischen Volkes.&#8221;<\/em><\/p>\n<\/p>\n<\/div>\n<\/div>\n<\/div>\n<\/div>\n<\/li>\n<li class=\"LiveUpdates-item Listing-item\">\n<div class=\"LiveUpdate-root\">\n<div class=\"LiveUpdate-date\">\n<p class=\"HeaderNews-root HeaderNews-type_6 \">\n                11:09 Uhr\n            <\/p>\n<\/div>\n<div class=\"LiveUpdate-content\">\n<div class=\"LiveUpdate-text\">\n<div class=\"Text-root Text-type_5 ViewText-root\">\n<p><strong>Vereinigte Arabische Emirate schicken f\u00fcr Zivilisten in der Ukraine 2.500 Stromgeneratoren \u00a0<\/strong><\/p>\n<p>Die Vereinigten Arabischen Emirate (VAE) wollen 2.500 Stromgeneratoren an Haushalte in der Ukraine schicken. Sie sollen betroffenen ukrainischen Zivilisten \u00fcber den Winter helfen. Die Stromerzeuger haben eine Leistung von 3,5 bis 8 Kilowatt. Die erste, am Samstag abgeschickte Charge von 1.200 Ger\u00e4ten soll \u00fcber die polnische Hauptstadt Warschau geliefert werden.\u00a0<\/p>\n<div class=\"EmbedBlock-root EmbedBlock-twitter\">\n<div class=\"TwitterEmbed\">\n<blockquote class=\"twitter-tweet lazyload\" data-twitter=\"twitter-tweet\">\n<p lang=\"en\" dir=\"ltr\"><a rel=\"nofollow noopener\" target=\"_blank\" href=\"https:\/\/twitter.com\/hashtag\/UAE?src=hash&amp;ref_src=twsrc%5Etfw\">#UAE<\/a> provides household generators to <a rel=\"nofollow noopener\" target=\"_blank\" href=\"https:\/\/twitter.com\/hashtag\/Ukraine?src=hash&amp;ref_src=twsrc%5Etfw\">#Ukraine<\/a> in response to difficult winter conditions and power outages<a rel=\"nofollow noopener\" target=\"_blank\" href=\"https:\/\/twitter.com\/hashtag\/WamNews?src=hash&amp;ref_src=twsrc%5Etfw\">#WamNews<\/a><a rel=\"nofollow noopener\" target=\"_blank\" href=\"https:\/\/t.co\/YAbhEzvpx9\">https:\/\/t.co\/YAbhEzvpx9<\/a><a rel=\"nofollow noopener\" target=\"_blank\" href=\"https:\/\/t.co\/LxrSuzyhUb\">pic.twitter.com\/LxrSuzyhUb<\/a><\/p>\n<p>\u2014 WAM English (@WAMNEWS_ENG) <a rel=\"nofollow noopener\" target=\"_blank\" href=\"https:\/\/twitter.com\/WAMNEWS_ENG\/status\/1606567744354521089?ref_src=twsrc%5Etfw\">December 24, 2022<\/a><\/p><\/blockquote>\n<\/div>\n<\/div>\n<p>Die restlichen Generatoren sollen im Januar folgen. Die Lieferung ist Teil eines 100 Millionen US-Dollar schweren Hilfspakets der VAE f\u00fcr die zivile Bev\u00f6lkerung der Ukraine. Zuvor hatte der Staat am Persischen Golf acht Flugzeuge mit 360 Tonnen Lebensmitteln und Medizinzubeh\u00f6r f\u00fcr ukrainische Fl\u00fcchtlinge in Polen, Moldawien und Bulgarien geschickt.<\/p>\n<\/div>\n<\/div>\n<\/div>\n<\/div>\n<\/li>\n<\/ul>\n<div class=\"Listing-isReact\" data-rtmodule=\"Listing\" onload=\"return {\n                page: '1',\n                limit: '10',\n                listing: '\/listing\/parent.6209f961b480cc2c7e35341b\/noprepare\/liveupdates\/10\/1',\n            };\"><\/div>\n<\/div>\n<\/div>\n<\/div>\n<p><script async src=\"https:\/\/platform.twitter.com\/widgets.js\" charset=\"utf-8\"><\/script><br \/>\n<br \/><br \/>\n<br \/><a href=\"https:\/\/de.rt.com\/international\/131481-liveticker-ukraine-krieg-medien-ukrainer\/\">Source link <\/a><\/p>\n","protected":false},"excerpt":{"rendered":"<p>Russland f\u00fchrt gemeinsam mit den Streitkr\u00e4ften der Donbass-Republiken eine Milit\u00e4roperation in der Ukraine durch. Der Westen reagiert mit immer neuen Waffenlieferungen an die Ukraine und beispiellosen Sanktionen gegen Russland. Lesen Sie hier die neuesten Entwicklungen. 25.12.2022 16:04 Uhr 16:04 Uhr Iran reagiert scharf auf Forderung Kiews, Waffenfabriken ins Visier zu nehmen Symbolbild: Iranische FlaggeMaksim Konstantinov\/SOPA [&hellip;]<\/p>\n","protected":false},"author":3,"featured_media":26295,"comment_status":"open","ping_status":"open","sticky":false,"template":"","format":"standard","meta":{"_yoast_indexnow_last_ping":["1671983526"],"wp_automatic_camp":["217"],"5bc8707be1e36c2e4102bb8ff46825f6":["Liveticker Ukraine-Krieg \u2013 Medien: Ukrainer erhalten erneut Vorladungen zur Mobilmachung"],"original_link":["https:\/\/de.rt.com\/international\/131481-liveticker-ukraine-krieg-medien-ukrainer\/"],"_thumbnail_id":["26295"],"_wptgpro_p2tg_sent2tg":["a:1:{i:23737;s:19:\"2022-12-25 17:53:20\";}"],"jnews_social_counter_last_update":["1777260635"]},"categories":[19,23],"tags":[5243,781,564,580,33199,566,5757,26254,581],"yoast_head":"<!-- This site is optimized with the Yoast SEO Premium plugin v22.7 (Yoast SEO v22.7) - https:\/\/yoast.com\/wordpress\/plugins\/seo\/ -->\n<title>Liveticker Ukraine-Krieg \u2013 Medien: Ukrainer erhalten erneut Vorladungen zur Mobilmachung - just-now.NEWS Deutschland<\/title>\n<meta name=\"robots\" content=\"index, follow, max-snippet:-1, max-image-preview:large, max-video-preview:-1\" \/>\n<link rel=\"canonical\" href=\"https:\/\/now-news.de\/de\/deutschland\/liveticker-ukraine-krieg-medien-ukrainer-erhalten-erneut-vorladungen-zur-mobilmachung\/\" \/>\n<meta property=\"og:locale\" content=\"de_DE\" \/>\n<meta property=\"og:type\" content=\"article\" \/>\n<meta property=\"og:title\" content=\"Liveticker Ukraine-Krieg \u2013 Medien: Ukrainer erhalten erneut Vorladungen zur Mobilmachung\" \/>\n<meta property=\"og:description\" content=\"Russland f\u00fchrt gemeinsam mit den Streitkr\u00e4ften der Donbass-Republiken eine Milit\u00e4roperation in der Ukraine durch. Der Westen reagiert mit immer neuen Waffenlieferungen an die Ukraine und beispiellosen Sanktionen gegen Russland. Lesen Sie hier die neuesten Entwicklungen. 25.12.2022 16:04 Uhr 16:04 Uhr Iran reagiert scharf auf Forderung Kiews, Waffenfabriken ins Visier zu nehmen Symbolbild: Iranische FlaggeMaksim Konstantinov\/SOPA [&hellip;]\" \/>\n<meta property=\"og:url\" content=\"https:\/\/now-news.de\/de\/deutschland\/liveticker-ukraine-krieg-medien-ukrainer-erhalten-erneut-vorladungen-zur-mobilmachung\/\" \/>\n<meta property=\"og:site_name\" content=\"just-now.NEWS Deutschland\" \/>\n<meta property=\"article:publisher\" content=\"https:\/\/www.facebook.com\/wirmachenauf\" \/>\n<meta property=\"article:published_time\" content=\"2022-12-25T15:45:00+00:00\" \/>\n<meta property=\"og:image\" content=\"https:\/\/now-news.de\/de\/wp-content\/uploads\/sites\/3\/2022\/12\/Liveticker-Ukraine-Krieg-\u2013-Medien-Ukrainer-erhalten-erneut-Vorladungen-zur-Mobilmachung.jpg\" \/>\n\t<meta property=\"og:image:width\" content=\"460\" \/>\n\t<meta property=\"og:image:height\" content=\"259\" \/>\n\t<meta property=\"og:image:type\" content=\"image\/jpeg\" \/>\n<meta name=\"author\" content=\"rtnews\" \/>\n<meta name=\"twitter:card\" content=\"summary_large_image\" \/>\n<meta name=\"twitter:creator\" content=\"@WirMachenAuf_de\" \/>\n<meta name=\"twitter:site\" content=\"@WirMachenAuf_de\" \/>\n<meta name=\"twitter:label1\" content=\"Verfasst von\" \/>\n\t<meta name=\"twitter:data1\" content=\"rtnews\" \/>\n\t<meta name=\"twitter:label2\" content=\"Gesch\u00e4tzte Lesezeit\" \/>\n\t<meta name=\"twitter:data2\" content=\"8\u00a0Minuten\" \/>\n<script type=\"application\/ld+json\" class=\"yoast-schema-graph\">{\"@context\":\"https:\/\/schema.org\",\"@graph\":[{\"@type\":\"Article\",\"@id\":\"https:\/\/now-news.de\/de\/deutschland\/liveticker-ukraine-krieg-medien-ukrainer-erhalten-erneut-vorladungen-zur-mobilmachung\/#article\",\"isPartOf\":{\"@id\":\"https:\/\/now-news.de\/de\/deutschland\/liveticker-ukraine-krieg-medien-ukrainer-erhalten-erneut-vorladungen-zur-mobilmachung\/\"},\"author\":{\"name\":\"rtnews\",\"@id\":\"https:\/\/now-news.de\/de\/#\/schema\/person\/fb534a4e865501d8b3285208df34a9b5\"},\"headline\":\"Liveticker Ukraine-Krieg \u2013 Medien: Ukrainer erhalten erneut Vorladungen zur Mobilmachung\",\"datePublished\":\"2022-12-25T15:45:00+00:00\",\"dateModified\":\"2022-12-25T15:45:00+00:00\",\"mainEntityOfPage\":{\"@id\":\"https:\/\/now-news.de\/de\/deutschland\/liveticker-ukraine-krieg-medien-ukrainer-erhalten-erneut-vorladungen-zur-mobilmachung\/\"},\"wordCount\":1641,\"commentCount\":0,\"publisher\":{\"@id\":\"https:\/\/now-news.de\/de\/#organization\"},\"image\":{\"@id\":\"https:\/\/now-news.de\/de\/deutschland\/liveticker-ukraine-krieg-medien-ukrainer-erhalten-erneut-vorladungen-zur-mobilmachung\/#primaryimage\"},\"thumbnailUrl\":\"https:\/\/now-news.de\/de\/wp-content\/uploads\/sites\/3\/2022\/12\/Liveticker-Ukraine-Krieg-\u2013-Medien-Ukrainer-erhalten-erneut-Vorladungen-zur-Mobilmachung.jpg\",\"keywords\":[\"erhalten\",\"erneut\",\"Liveticker\",\"Medien\",\"Mobilmachung\",\"UkraineKrieg\",\"Ukrainer\",\"Vorladungen\",\"zur\"],\"articleSection\":[\"Deutschland\",\"Russland\"],\"inLanguage\":\"de\",\"potentialAction\":[{\"@type\":\"CommentAction\",\"name\":\"Comment\",\"target\":[\"https:\/\/now-news.de\/de\/deutschland\/liveticker-ukraine-krieg-medien-ukrainer-erhalten-erneut-vorladungen-zur-mobilmachung\/#respond\"]}]},{\"@type\":\"WebPage\",\"@id\":\"https:\/\/now-news.de\/de\/deutschland\/liveticker-ukraine-krieg-medien-ukrainer-erhalten-erneut-vorladungen-zur-mobilmachung\/\",\"url\":\"https:\/\/now-news.de\/de\/deutschland\/liveticker-ukraine-krieg-medien-ukrainer-erhalten-erneut-vorladungen-zur-mobilmachung\/\",\"name\":\"Liveticker Ukraine-Krieg \u2013 Medien: Ukrainer erhalten erneut Vorladungen zur Mobilmachung - just-now.NEWS Deutschland\",\"isPartOf\":{\"@id\":\"https:\/\/now-news.de\/de\/#website\"},\"primaryImageOfPage\":{\"@id\":\"https:\/\/now-news.de\/de\/deutschland\/liveticker-ukraine-krieg-medien-ukrainer-erhalten-erneut-vorladungen-zur-mobilmachung\/#primaryimage\"},\"image\":{\"@id\":\"https:\/\/now-news.de\/de\/deutschland\/liveticker-ukraine-krieg-medien-ukrainer-erhalten-erneut-vorladungen-zur-mobilmachung\/#primaryimage\"},\"thumbnailUrl\":\"https:\/\/now-news.de\/de\/wp-content\/uploads\/sites\/3\/2022\/12\/Liveticker-Ukraine-Krieg-\u2013-Medien-Ukrainer-erhalten-erneut-Vorladungen-zur-Mobilmachung.jpg\",\"datePublished\":\"2022-12-25T15:45:00+00:00\",\"dateModified\":\"2022-12-25T15:45:00+00:00\",\"breadcrumb\":{\"@id\":\"https:\/\/now-news.de\/de\/deutschland\/liveticker-ukraine-krieg-medien-ukrainer-erhalten-erneut-vorladungen-zur-mobilmachung\/#breadcrumb\"},\"inLanguage\":\"de\",\"potentialAction\":[{\"@type\":\"ReadAction\",\"target\":[\"https:\/\/now-news.de\/de\/deutschland\/liveticker-ukraine-krieg-medien-ukrainer-erhalten-erneut-vorladungen-zur-mobilmachung\/\"]}]},{\"@type\":\"ImageObject\",\"inLanguage\":\"de\",\"@id\":\"https:\/\/now-news.de\/de\/deutschland\/liveticker-ukraine-krieg-medien-ukrainer-erhalten-erneut-vorladungen-zur-mobilmachung\/#primaryimage\",\"url\":\"https:\/\/now-news.de\/de\/wp-content\/uploads\/sites\/3\/2022\/12\/Liveticker-Ukraine-Krieg-\u2013-Medien-Ukrainer-erhalten-erneut-Vorladungen-zur-Mobilmachung.jpg\",\"contentUrl\":\"https:\/\/now-news.de\/de\/wp-content\/uploads\/sites\/3\/2022\/12\/Liveticker-Ukraine-Krieg-\u2013-Medien-Ukrainer-erhalten-erneut-Vorladungen-zur-Mobilmachung.jpg\",\"width\":460,\"height\":259,\"caption\":\"Liveticker Ukraine-Krieg \u2013 Medien: Ukrainer erhalten erneut Vorladungen zur Mobilmachung\"},{\"@type\":\"BreadcrumbList\",\"@id\":\"https:\/\/now-news.de\/de\/deutschland\/liveticker-ukraine-krieg-medien-ukrainer-erhalten-erneut-vorladungen-zur-mobilmachung\/#breadcrumb\",\"itemListElement\":[{\"@type\":\"ListItem\",\"position\":1,\"name\":\"Home\",\"item\":\"https:\/\/now-news.de\/de\/\"},{\"@type\":\"ListItem\",\"position\":2,\"name\":\"Liveticker Ukraine-Krieg \u2013 Medien: Ukrainer erhalten erneut Vorladungen zur Mobilmachung\"}]},{\"@type\":\"WebSite\",\"@id\":\"https:\/\/now-news.de\/de\/#website\",\"url\":\"https:\/\/now-news.de\/de\/\",\"name\":\"just-now.NEWS Deutschland\",\"description\":\"Das Portal f\u00fcr unzensierte Nachrichten aus der Welt\",\"publisher\":{\"@id\":\"https:\/\/now-news.de\/de\/#organization\"},\"potentialAction\":[{\"@type\":\"SearchAction\",\"target\":{\"@type\":\"EntryPoint\",\"urlTemplate\":\"https:\/\/now-news.de\/de\/?s={search_term_string}\"},\"query-input\":\"required name=search_term_string\"}],\"inLanguage\":\"de\"},{\"@type\":\"Organization\",\"@id\":\"https:\/\/now-news.de\/de\/#organization\",\"name\":\"Just Now News\",\"url\":\"https:\/\/now-news.de\/de\/\",\"logo\":{\"@type\":\"ImageObject\",\"inLanguage\":\"de\",\"@id\":\"https:\/\/now-news.de\/de\/#\/schema\/logo\/image\/\",\"url\":\"http:\/\/just-now.news\/de\/wp-content\/uploads\/sites\/3\/2022\/04\/logo500x500.jpg\",\"contentUrl\":\"http:\/\/just-now.news\/de\/wp-content\/uploads\/sites\/3\/2022\/04\/logo500x500.jpg\",\"width\":500,\"height\":500,\"caption\":\"Just Now News\"},\"image\":{\"@id\":\"https:\/\/now-news.de\/de\/#\/schema\/logo\/image\/\"},\"sameAs\":[\"https:\/\/www.facebook.com\/wirmachenauf\",\"https:\/\/x.com\/WirMachenAuf_de\"]},{\"@type\":\"Person\",\"@id\":\"https:\/\/now-news.de\/de\/#\/schema\/person\/fb534a4e865501d8b3285208df34a9b5\",\"name\":\"rtnews\",\"image\":{\"@type\":\"ImageObject\",\"inLanguage\":\"de\",\"@id\":\"https:\/\/now-news.de\/de\/#\/schema\/person\/image\/\",\"url\":\"https:\/\/secure.gravatar.com\/avatar\/82aafea7d8127119dd649515f56e2117?s=96&d=mm&r=g\",\"contentUrl\":\"https:\/\/secure.gravatar.com\/avatar\/82aafea7d8127119dd649515f56e2117?s=96&d=mm&r=g\",\"caption\":\"rtnews\"},\"url\":\"https:\/\/now-news.de\/de\/author\/rnews\/\"}]}<\/script>\n<!-- \/ Yoast SEO Premium plugin. -->","yoast_head_json":{"title":"Liveticker Ukraine-Krieg \u2013 Medien: Ukrainer erhalten erneut Vorladungen zur Mobilmachung - just-now.NEWS Deutschland","robots":{"index":"index","follow":"follow","max-snippet":"max-snippet:-1","max-image-preview":"max-image-preview:large","max-video-preview":"max-video-preview:-1"},"canonical":"https:\/\/now-news.de\/de\/deutschland\/liveticker-ukraine-krieg-medien-ukrainer-erhalten-erneut-vorladungen-zur-mobilmachung\/","og_locale":"de_DE","og_type":"article","og_title":"Liveticker Ukraine-Krieg \u2013 Medien: Ukrainer erhalten erneut Vorladungen zur Mobilmachung","og_description":"Russland f\u00fchrt gemeinsam mit den Streitkr\u00e4ften der Donbass-Republiken eine Milit\u00e4roperation in der Ukraine durch. Der Westen reagiert mit immer neuen Waffenlieferungen an die Ukraine und beispiellosen Sanktionen gegen Russland. Lesen Sie hier die neuesten Entwicklungen. 25.12.2022 16:04 Uhr 16:04 Uhr Iran reagiert scharf auf Forderung Kiews, Waffenfabriken ins Visier zu nehmen Symbolbild: Iranische FlaggeMaksim Konstantinov\/SOPA [&hellip;]","og_url":"https:\/\/now-news.de\/de\/deutschland\/liveticker-ukraine-krieg-medien-ukrainer-erhalten-erneut-vorladungen-zur-mobilmachung\/","og_site_name":"just-now.NEWS Deutschland","article_publisher":"https:\/\/www.facebook.com\/wirmachenauf","article_published_time":"2022-12-25T15:45:00+00:00","og_image":[{"width":460,"height":259,"url":"https:\/\/now-news.de\/de\/wp-content\/uploads\/sites\/3\/2022\/12\/Liveticker-Ukraine-Krieg-\u2013-Medien-Ukrainer-erhalten-erneut-Vorladungen-zur-Mobilmachung.jpg","type":"image\/jpeg"}],"author":"rtnews","twitter_card":"summary_large_image","twitter_creator":"@WirMachenAuf_de","twitter_site":"@WirMachenAuf_de","twitter_misc":{"Verfasst von":"rtnews","Gesch\u00e4tzte Lesezeit":"8\u00a0Minuten"},"schema":{"@context":"https:\/\/schema.org","@graph":[{"@type":"Article","@id":"https:\/\/now-news.de\/de\/deutschland\/liveticker-ukraine-krieg-medien-ukrainer-erhalten-erneut-vorladungen-zur-mobilmachung\/#article","isPartOf":{"@id":"https:\/\/now-news.de\/de\/deutschland\/liveticker-ukraine-krieg-medien-ukrainer-erhalten-erneut-vorladungen-zur-mobilmachung\/"},"author":{"name":"rtnews","@id":"https:\/\/now-news.de\/de\/#\/schema\/person\/fb534a4e865501d8b3285208df34a9b5"},"headline":"Liveticker Ukraine-Krieg \u2013 Medien: Ukrainer erhalten erneut Vorladungen zur Mobilmachung","datePublished":"2022-12-25T15:45:00+00:00","dateModified":"2022-12-25T15:45:00+00:00","mainEntityOfPage":{"@id":"https:\/\/now-news.de\/de\/deutschland\/liveticker-ukraine-krieg-medien-ukrainer-erhalten-erneut-vorladungen-zur-mobilmachung\/"},"wordCount":1641,"commentCount":0,"publisher":{"@id":"https:\/\/now-news.de\/de\/#organization"},"image":{"@id":"https:\/\/now-news.de\/de\/deutschland\/liveticker-ukraine-krieg-medien-ukrainer-erhalten-erneut-vorladungen-zur-mobilmachung\/#primaryimage"},"thumbnailUrl":"https:\/\/now-news.de\/de\/wp-content\/uploads\/sites\/3\/2022\/12\/Liveticker-Ukraine-Krieg-\u2013-Medien-Ukrainer-erhalten-erneut-Vorladungen-zur-Mobilmachung.jpg","keywords":["erhalten","erneut","Liveticker","Medien","Mobilmachung","UkraineKrieg","Ukrainer","Vorladungen","zur"],"articleSection":["Deutschland","Russland"],"inLanguage":"de","potentialAction":[{"@type":"CommentAction","name":"Comment","target":["https:\/\/now-news.de\/de\/deutschland\/liveticker-ukraine-krieg-medien-ukrainer-erhalten-erneut-vorladungen-zur-mobilmachung\/#respond"]}]},{"@type":"WebPage","@id":"https:\/\/now-news.de\/de\/deutschland\/liveticker-ukraine-krieg-medien-ukrainer-erhalten-erneut-vorladungen-zur-mobilmachung\/","url":"https:\/\/now-news.de\/de\/deutschland\/liveticker-ukraine-krieg-medien-ukrainer-erhalten-erneut-vorladungen-zur-mobilmachung\/","name":"Liveticker Ukraine-Krieg \u2013 Medien: Ukrainer erhalten erneut Vorladungen zur Mobilmachung - just-now.NEWS Deutschland","isPartOf":{"@id":"https:\/\/now-news.de\/de\/#website"},"primaryImageOfPage":{"@id":"https:\/\/now-news.de\/de\/deutschland\/liveticker-ukraine-krieg-medien-ukrainer-erhalten-erneut-vorladungen-zur-mobilmachung\/#primaryimage"},"image":{"@id":"https:\/\/now-news.de\/de\/deutschland\/liveticker-ukraine-krieg-medien-ukrainer-erhalten-erneut-vorladungen-zur-mobilmachung\/#primaryimage"},"thumbnailUrl":"https:\/\/now-news.de\/de\/wp-content\/uploads\/sites\/3\/2022\/12\/Liveticker-Ukraine-Krieg-\u2013-Medien-Ukrainer-erhalten-erneut-Vorladungen-zur-Mobilmachung.jpg","datePublished":"2022-12-25T15:45:00+00:00","dateModified":"2022-12-25T15:45:00+00:00","breadcrumb":{"@id":"https:\/\/now-news.de\/de\/deutschland\/liveticker-ukraine-krieg-medien-ukrainer-erhalten-erneut-vorladungen-zur-mobilmachung\/#breadcrumb"},"inLanguage":"de","potentialAction":[{"@type":"ReadAction","target":["https:\/\/now-news.de\/de\/deutschland\/liveticker-ukraine-krieg-medien-ukrainer-erhalten-erneut-vorladungen-zur-mobilmachung\/"]}]},{"@type":"ImageObject","inLanguage":"de","@id":"https:\/\/now-news.de\/de\/deutschland\/liveticker-ukraine-krieg-medien-ukrainer-erhalten-erneut-vorladungen-zur-mobilmachung\/#primaryimage","url":"https:\/\/now-news.de\/de\/wp-content\/uploads\/sites\/3\/2022\/12\/Liveticker-Ukraine-Krieg-\u2013-Medien-Ukrainer-erhalten-erneut-Vorladungen-zur-Mobilmachung.jpg","contentUrl":"https:\/\/now-news.de\/de\/wp-content\/uploads\/sites\/3\/2022\/12\/Liveticker-Ukraine-Krieg-\u2013-Medien-Ukrainer-erhalten-erneut-Vorladungen-zur-Mobilmachung.jpg","width":460,"height":259,"caption":"Liveticker Ukraine-Krieg \u2013 Medien: Ukrainer erhalten erneut Vorladungen zur Mobilmachung"},{"@type":"BreadcrumbList","@id":"https:\/\/now-news.de\/de\/deutschland\/liveticker-ukraine-krieg-medien-ukrainer-erhalten-erneut-vorladungen-zur-mobilmachung\/#breadcrumb","itemListElement":[{"@type":"ListItem","position":1,"name":"Home","item":"https:\/\/now-news.de\/de\/"},{"@type":"ListItem","position":2,"name":"Liveticker Ukraine-Krieg \u2013 Medien: Ukrainer erhalten erneut Vorladungen zur Mobilmachung"}]},{"@type":"WebSite","@id":"https:\/\/now-news.de\/de\/#website","url":"https:\/\/now-news.de\/de\/","name":"just-now.NEWS Deutschland","description":"Das Portal f\u00fcr unzensierte Nachrichten aus der Welt","publisher":{"@id":"https:\/\/now-news.de\/de\/#organization"},"potentialAction":[{"@type":"SearchAction","target":{"@type":"EntryPoint","urlTemplate":"https:\/\/now-news.de\/de\/?s={search_term_string}"},"query-input":"required name=search_term_string"}],"inLanguage":"de"},{"@type":"Organization","@id":"https:\/\/now-news.de\/de\/#organization","name":"Just Now News","url":"https:\/\/now-news.de\/de\/","logo":{"@type":"ImageObject","inLanguage":"de","@id":"https:\/\/now-news.de\/de\/#\/schema\/logo\/image\/","url":"http:\/\/just-now.news\/de\/wp-content\/uploads\/sites\/3\/2022\/04\/logo500x500.jpg","contentUrl":"http:\/\/just-now.news\/de\/wp-content\/uploads\/sites\/3\/2022\/04\/logo500x500.jpg","width":500,"height":500,"caption":"Just Now News"},"image":{"@id":"https:\/\/now-news.de\/de\/#\/schema\/logo\/image\/"},"sameAs":["https:\/\/www.facebook.com\/wirmachenauf","https:\/\/x.com\/WirMachenAuf_de"]},{"@type":"Person","@id":"https:\/\/now-news.de\/de\/#\/schema\/person\/fb534a4e865501d8b3285208df34a9b5","name":"rtnews","image":{"@type":"ImageObject","inLanguage":"de","@id":"https:\/\/now-news.de\/de\/#\/schema\/person\/image\/","url":"https:\/\/secure.gravatar.com\/avatar\/82aafea7d8127119dd649515f56e2117?s=96&d=mm&r=g","contentUrl":"https:\/\/secure.gravatar.com\/avatar\/82aafea7d8127119dd649515f56e2117?s=96&d=mm&r=g","caption":"rtnews"},"url":"https:\/\/now-news.de\/de\/author\/rnews\/"}]}},"_links":{"self":[{"href":"https:\/\/now-news.de\/de\/wp-json\/wp\/v2\/posts\/26294"}],"collection":[{"href":"https:\/\/now-news.de\/de\/wp-json\/wp\/v2\/posts"}],"about":[{"href":"https:\/\/now-news.de\/de\/wp-json\/wp\/v2\/types\/post"}],"author":[{"embeddable":true,"href":"https:\/\/now-news.de\/de\/wp-json\/wp\/v2\/users\/3"}],"replies":[{"embeddable":true,"href":"https:\/\/now-news.de\/de\/wp-json\/wp\/v2\/comments?post=26294"}],"version-history":[{"count":0,"href":"https:\/\/now-news.de\/de\/wp-json\/wp\/v2\/posts\/26294\/revisions"}],"wp:featuredmedia":[{"embeddable":true,"href":"https:\/\/now-news.de\/de\/wp-json\/wp\/v2\/media\/26295"}],"wp:attachment":[{"href":"https:\/\/now-news.de\/de\/wp-json\/wp\/v2\/media?parent=26294"}],"wp:term":[{"taxonomy":"category","embeddable":true,"href":"https:\/\/now-news.de\/de\/wp-json\/wp\/v2\/categories?post=26294"},{"taxonomy":"post_tag","embeddable":true,"href":"https:\/\/now-news.de\/de\/wp-json\/wp\/v2\/tags?post=26294"}],"curies":[{"name":"wp","href":"https:\/\/api.w.org\/{rel}","templated":true}]}}