{"id":26280,"date":"2022-12-25T11:09:48","date_gmt":"2022-12-25T09:09:48","guid":{"rendered":"https:\/\/just-now.news\/de\/deutschland\/krise-in-peru-putschpraesidentin-boluarte-entschuldigt-sich-wegen-aussage-ueber-tote-demonstranten\/"},"modified":"2022-12-25T11:09:48","modified_gmt":"2022-12-25T09:09:48","slug":"krise-in-peru-putschpraesidentin-boluarte-entschuldigt-sich-wegen-aussage-ueber-tote-demonstranten","status":"publish","type":"post","link":"https:\/\/now-news.de\/de\/deutschland\/krise-in-peru-putschpraesidentin-boluarte-entschuldigt-sich-wegen-aussage-ueber-tote-demonstranten\/","title":{"rendered":"Krise in Peru: Putschpr\u00e4sidentin Boluarte entschuldigt sich wegen Aussage \u00fcber tote Demonstranten"},"content":{"rendered":"<p><img decoding=\"async\" src=\"http:\/\/just-now.news\/de\/wp-content\/uploads\/sites\/3\/2022\/12\/63a8002848fbef0cbd625f71.jpg\" \/><\/p>\n<div class=\"Text-root Text-type_1 \">\n                Mindestens 30 Todesopfer beklagt die Andenrepublik Peru bereits seit dem Putsch gegen Pr\u00e4sident Pedro Castillo. Die an die Macht gekommene \u00dcbergangspr\u00e4sidentin Boluarte musste nun nach einem medialen Eklat zur\u00fcckrudern. Sie hatte erkl\u00e4rt, dass alle Todesf\u00e4lle &#8220;von einem Milit\u00e4rgericht&#8221; untersucht w\u00fcrden.\n            <\/div>\n<p><\/p>\n<div class=\"Text-root Text-type_5 ArticleView-text ViewText-root \">\n<p><em>Von Maria M\u00fcller<\/em><\/p>\n<p>Die \u00dcbergangspr\u00e4sidentin\u00a0Dina Boluarte Zegarra hat sich f\u00fcr ihre \u00c4u\u00dferungen in einem Interview mit dem Sender\u00a0<em>Cuarto Poder<\/em> (Die vierte Macht) entschuldigt, in dem sie erkl\u00e4rt hatte, dass die Todesf\u00e4lle, die als Folge von Zusammenst\u00f6\u00dfen zwischen der Polizei und den Demonstranten verzeichnet wurden, &#8220;von einem Milit\u00e4rgericht&#8221; untersucht w\u00fcrden.<\/p>\n<p>Sie stellte klar, dass &#8220;sie sich schlecht ausgedr\u00fcckt hat. Was ich sagen wollte, ist, dass ich mich Minuten vor diesem Interview mit dem Generalkommandanten der Streitkr\u00e4fte [Manuel G\u00f3mez de la Torre] getroffen hatte, und wir \u00fcber das Thema gesprochen haben.&#8221;<\/p>\n<p>Boluarte erkl\u00e4rte, dass G\u00f3mez de la Torre ihr gesagt hat, dass es notwendig sei, &#8220;alle Instanzen in den Fall einzubeziehen&#8221;, damit die Staatsanwaltschaft ihre Ermittlungen gem\u00e4\u00df der ihr entsprechenden Autonomie durchf\u00fchren k\u00f6nne. &#8220;Folglich ziehe ich zur\u00fcck, was ich gesagt habe. Ich habe mich schlecht ausgedr\u00fcckt und ich entschuldige mich erneut f\u00fcr diese Angelegenheit&#8221;, erkl\u00e4rte sie.<\/p>\n<p>In diesem Zusammenhang wiederholte sie, dass die Beh\u00f6rden ihr Bestes t\u00e4ten, um die Vorf\u00e4lle zu untersuchen. Sie pr\u00e4zisierte, dass sie die Interamerikanische Menschenrechtskommission eingeladen habe, damit &#8220;sie ihre Arbeit machen kann&#8221;. Vom Verteidigungsministerium w\u00fcrden ihnen alle Mittel zur Verf\u00fcgung gestellt, um in das Gebiet von Ayacucho zu gelangen, f\u00fcgte sie hinzu.<\/p>\n<p>&#8220;Wir haben nichts zu verbergen (\u2026) wenn die Verantwortlichkeit festgestellt werden muss, werden die Staatsanwaltschaft und die Justiz Entscheidungen treffen&#8221;. Die neue peruanische Pr\u00e4sidentin betonte, dass die Armee und die Polizei nicht die Absicht h\u00e4tten, &#8220;der peruanischen Gesellschaft Schaden zuzuf\u00fcgen&#8221;.<\/p>\n<p><strong>Mindestens 30 Todesopfer<\/strong><\/p>\n<p>Seit der Versch\u00e4rfung der politischen Krise in Peru nach der vom Parlament beschlossenen Absetzung des Pr\u00e4sidenten Pedro Castillo und seiner anschlie\u00dfenden Verhaftung am 7. Dezember, haben Tausende Peruaner auf den Stra\u00dfen f\u00fcr den gest\u00fcrzten Pr\u00e4sidenten demonstriert und ihre Ablehnung f\u00fcr die Pr\u00e4sidentschaft von Boluarte zum Ausdruck gebracht. Die Demonstrationen haben nach Berichten \u00fcber polizeiliche Unterdr\u00fcckung und Gewaltanwendung gegen Zivilisten laut lokalen Medien mindestens 30 Todesopfer gefordert.<\/p>\n<p><strong>Weihnachten und Aussetzen der Mobilisierungen<\/strong><\/p>\n<p>Nun k\u00fcndigten soziale Organisationen die vor\u00fcbergehende Einstellung der Mobilisierungen w\u00e4hrend der Weihnachts- und Neujahrsfeierlichkeiten in einigen St\u00e4dten an. Boluarte forderte das Land jedoch auf, den Waffenstillstand bei den Demonstrationen auf unbestimmte Zeit zu verl\u00e4ngern. Tania Pariona, eine ehemalige Kongressabgeordnete, <a rel=\"nofollow noopener\" target=\"_blank\" href=\"https:\/\/actualidad.rt.com\/actualidad\/452798-excongresista-peruana-renunciar-boluarte-llamado-elecciones\">erkl\u00e4rte<\/a> am 22. Dezember gegen\u00fcber <em>RT<\/em>, dass die einzige L\u00f6sung f\u00fcr die aktuelle Krise der R\u00fccktritt von Boluarte sei. Ihre &#8220;falschen&#8221; Ma\u00dfnahmen h\u00e4tten die Situation im Land nur verschlimmert und Gewalt und Unterdr\u00fcckung auf den Stra\u00dfen gef\u00f6rdert.<\/p>\n<p>&#8220;Es ist klar, dass die L\u00f6sung f\u00fcr dieses Ausma\u00df der versch\u00e4rften politischen Krise, die wir erleben, \u00fcber die Neubesetzung eines Kabinetts hinausgeht. Das peruanische Volk fordert vielmehr den R\u00fccktritt von Frau Boluarte, die es als &#8216;Usurpatorin&#8217; bezeichnet, und die Achtung der Demokratie im Land, sowie Neuwahlen.&#8221; Um die politischen und sozialen Spannungen abzubauen, beschloss Boluarte, ihr Kabinett umzustrukturieren und neue Minister zu ernennen. Die Demonstranten halten diese Ma\u00dfnahme jedoch f\u00fcr unzureichend.<\/p>\n<p><strong>Forderung nach R\u00fccktritt Boluartes und Neuwahlen<\/strong><\/p>\n<p>Die Forderungen nach dem R\u00fccktritt der fr\u00fcheren Vize-Pr\u00e4sidentin halten an. Die Demonstranten sind der Meinung, dass der Artikel 115 der Verfassung respektiert werden muss. Er besagt, dass bei dauerhafter Absetzung eines Pr\u00e4sidenten der Kongressvorsitzende\u00a0 &#8220;unverz\u00fcglich Neuwahlen&#8221; ausrufen muss. In Missachtung der Verfassung stimmte die Kammer am Dienstag daf\u00fcr, dass erst im April 2024 neue Pr\u00e4sidentschaftswahlen anstehen sollen.<\/p>\n<p><strong>Menschenrechtskommission der OAS in Peru<\/strong><\/p>\n<p>Seit dem 20. Dezember besucht ein Team der internationalen Menschenrechtskommission IACHR (Interamerican Commission of Human Rights) das Land, um die institutionelle und soziale Krise zu \u00fcberpr\u00fcfen. Die Demonstranten kritisieren jedoch, dass sich die Kommission nur zwei Tage in der Hauptstadt Lima aufhielt, sich mit Leuten von der Regierungspartei traf und die Stimmen derer ignoriert, die in allen Regionen der Nation auf den Stra\u00dfen protestieren.<\/p>\n<p>&#8220;Wir sind sehr besorgt, weil von dieser Kommission nicht gen\u00fcgend Signale daf\u00fcr kommen, dass wirklich eine objektive Untersuchung durchgef\u00fchrt wird&#8221;, <a rel=\"nofollow noopener\" target=\"_blank\" href=\"https:\/\/actualidad.rt.com\/actualidad\/452777-pedro-castillo-solicita-visita-urgente-cidh\">sagen <\/a>manche Demonstranten. Die sozialen Organisationen, die sich mit der Kommission treffen, werden nur &#8220;das Gesicht von Dina waschen, sie ist eine M\u00f6rderin&#8221;.<\/p>\n<p><strong>Besuch Castillos im Gef\u00e4ngnis<\/strong><\/p>\n<p>W\u00e4hrenddessen <a rel=\"nofollow noopener\" target=\"_blank\" href=\"https:\/\/actualidad.rt.com\/actualidad\/452864-delegacion-cidh-visita-pedro-castillo-prision\">forderte<\/a> Pedro Castillo, dass die IACHR ihn so schnell wie m\u00f6glich im Gef\u00e4ngnis besuche. Er erkl\u00e4rte, dass er &#8220;willk\u00fcrlich seiner Rechte beraubt&#8221; werde. Die Delegation besuchte ihn daraufhin am 22. Dezember im Gef\u00e4ngnis, um sich \u00fcber die Haftbedingungen zu informieren. Castillos Hoffnung, dass sein Fall auch juristisch von der Kommission gepr\u00fcft wird, scheint sich nicht erf\u00fcllt zu haben. <br \/> Der Ombudsmann von Peru berichtete, dass er eine Gruppe der Kommission zum Barbadillo-Gef\u00e4ngnis begleitet hat, das sich auf einer Polizeibasis im Bezirk Ate in Lima befindet. Castillo soll dort eine 18-monatige Untersuchungshaft verb\u00fc\u00dfen.<\/p>\n<p>&#8220;Wir haben uns mit dem Ex-Pr\u00e4sidenten und seiner Verteidigung getroffen und \u00fcberpr\u00fcft, ob die Haftbedingungen denen des Strafvollzugsgesetzes entsprechen&#8221;, teilte das B\u00fcro des Ombudsmanns auf seinem Twitter-Account mit. In diesem Rahmen trafen sich die Delegierten des Gremiums der Organisation Amerikanischer Staaten (OAS) mit Beh\u00f6rden, Aktivisten, Journalisten und verschiedenen sozialen, studentischen, b\u00e4uerlichen und indigenen Organisationen.<\/p>\n<p><strong>Mehr zum Thema<\/strong> \u2013 <a rel=\"nofollow noopener\" target=\"_blank\" href=\"https:\/\/test.rtde.tech\/amerika\/157604-peruanische-praesident-pedro-castillo-stand\/\">Der peruanische Pr\u00e4sident Pedro Castillo stand Raubvertr\u00e4gen mit \u00d6l- und Gaskonzernen im Wege<\/a><\/p>\n<\/div>\n<p><br \/>\n<br \/><a href=\"https:\/\/de.rt.com\/amerika\/158118-krise-in-peru-uebergangspraesidentin-boluarte\/\">Source link <\/a><\/p>\n","protected":false},"excerpt":{"rendered":"<p>Mindestens 30 Todesopfer beklagt die Andenrepublik Peru bereits seit dem Putsch gegen Pr\u00e4sident Pedro Castillo. Die an die Macht gekommene \u00dcbergangspr\u00e4sidentin Boluarte musste nun nach einem medialen Eklat zur\u00fcckrudern. Sie hatte erkl\u00e4rt, dass alle Todesf\u00e4lle &#8220;von einem Milit\u00e4rgericht&#8221; untersucht w\u00fcrden. Von Maria M\u00fcller Die \u00dcbergangspr\u00e4sidentin\u00a0Dina Boluarte Zegarra hat sich f\u00fcr ihre \u00c4u\u00dferungen in einem Interview [&hellip;]<\/p>\n","protected":false},"author":3,"featured_media":26281,"comment_status":"open","ping_status":"open","sticky":false,"template":"","format":"standard","meta":{"_yoast_indexnow_last_ping":["1671960068"],"wp_automatic_camp":["217"],"f55698de2bc6379ad208385f04fdf9b9":["Krise in Peru: Putschpr\u00e4sidentin Boluarte entschuldigt sich wegen Aussage \u00fcber tote Demonstranten"],"original_link":["https:\/\/de.rt.com\/amerika\/158118-krise-in-peru-uebergangspraesidentin-boluarte\/"],"_thumbnail_id":["26281"],"_wptgpro_p2tg_sent2tg":["a:1:{i:23737;s:19:\"2022-12-25 11:22:47\";}"],"jnews_social_counter_last_update":["1776894422"]},"categories":[19,23],"tags":[19757,37632,15786,7174,861,831,38060,434,3233,139,145],"yoast_head":"<!-- This site is optimized with the Yoast SEO Premium plugin v22.7 (Yoast SEO v22.7) - https:\/\/yoast.com\/wordpress\/plugins\/seo\/ -->\n<title>Krise in Peru: Putschpr\u00e4sidentin Boluarte entschuldigt sich wegen Aussage \u00fcber tote Demonstranten - just-now.NEWS Deutschland<\/title>\n<meta name=\"robots\" content=\"index, follow, max-snippet:-1, max-image-preview:large, max-video-preview:-1\" \/>\n<link rel=\"canonical\" href=\"https:\/\/now-news.de\/de\/deutschland\/krise-in-peru-putschpraesidentin-boluarte-entschuldigt-sich-wegen-aussage-ueber-tote-demonstranten\/\" \/>\n<meta property=\"og:locale\" content=\"de_DE\" \/>\n<meta property=\"og:type\" content=\"article\" \/>\n<meta property=\"og:title\" content=\"Krise in Peru: Putschpr\u00e4sidentin Boluarte entschuldigt sich wegen Aussage \u00fcber tote Demonstranten\" \/>\n<meta property=\"og:description\" content=\"Mindestens 30 Todesopfer beklagt die Andenrepublik Peru bereits seit dem Putsch gegen Pr\u00e4sident Pedro Castillo. Die an die Macht gekommene \u00dcbergangspr\u00e4sidentin Boluarte musste nun nach einem medialen Eklat zur\u00fcckrudern. Sie hatte erkl\u00e4rt, dass alle Todesf\u00e4lle &#8220;von einem Milit\u00e4rgericht&#8221; untersucht w\u00fcrden. Von Maria M\u00fcller Die \u00dcbergangspr\u00e4sidentin\u00a0Dina Boluarte Zegarra hat sich f\u00fcr ihre \u00c4u\u00dferungen in einem Interview [&hellip;]\" \/>\n<meta property=\"og:url\" content=\"https:\/\/now-news.de\/de\/deutschland\/krise-in-peru-putschpraesidentin-boluarte-entschuldigt-sich-wegen-aussage-ueber-tote-demonstranten\/\" \/>\n<meta property=\"og:site_name\" content=\"just-now.NEWS Deutschland\" \/>\n<meta property=\"article:publisher\" content=\"https:\/\/www.facebook.com\/wirmachenauf\" \/>\n<meta property=\"article:published_time\" content=\"2022-12-25T09:09:48+00:00\" \/>\n<meta property=\"og:image\" content=\"https:\/\/now-news.de\/de\/wp-content\/uploads\/sites\/3\/2022\/12\/Krise-in-Peru-Putschpraesidentin-Boluarte-entschuldigt-sich-wegen-Aussage-ueber.jpg\" \/>\n\t<meta property=\"og:image:width\" content=\"460\" \/>\n\t<meta property=\"og:image:height\" content=\"259\" \/>\n\t<meta property=\"og:image:type\" content=\"image\/jpeg\" \/>\n<meta name=\"author\" content=\"rtnews\" \/>\n<meta name=\"twitter:card\" content=\"summary_large_image\" \/>\n<meta name=\"twitter:creator\" content=\"@WirMachenAuf_de\" \/>\n<meta name=\"twitter:site\" content=\"@WirMachenAuf_de\" \/>\n<meta name=\"twitter:label1\" content=\"Verfasst von\" \/>\n\t<meta name=\"twitter:data1\" content=\"rtnews\" \/>\n\t<meta name=\"twitter:label2\" content=\"Gesch\u00e4tzte Lesezeit\" \/>\n\t<meta name=\"twitter:data2\" content=\"5\u00a0Minuten\" \/>\n<script type=\"application\/ld+json\" class=\"yoast-schema-graph\">{\"@context\":\"https:\/\/schema.org\",\"@graph\":[{\"@type\":\"Article\",\"@id\":\"https:\/\/now-news.de\/de\/deutschland\/krise-in-peru-putschpraesidentin-boluarte-entschuldigt-sich-wegen-aussage-ueber-tote-demonstranten\/#article\",\"isPartOf\":{\"@id\":\"https:\/\/now-news.de\/de\/deutschland\/krise-in-peru-putschpraesidentin-boluarte-entschuldigt-sich-wegen-aussage-ueber-tote-demonstranten\/\"},\"author\":{\"name\":\"rtnews\",\"@id\":\"https:\/\/now-news.de\/de\/#\/schema\/person\/fb534a4e865501d8b3285208df34a9b5\"},\"headline\":\"Krise in Peru: Putschpr\u00e4sidentin Boluarte entschuldigt sich wegen Aussage \u00fcber tote Demonstranten\",\"datePublished\":\"2022-12-25T09:09:48+00:00\",\"dateModified\":\"2022-12-25T09:09:48+00:00\",\"mainEntityOfPage\":{\"@id\":\"https:\/\/now-news.de\/de\/deutschland\/krise-in-peru-putschpraesidentin-boluarte-entschuldigt-sich-wegen-aussage-ueber-tote-demonstranten\/\"},\"wordCount\":945,\"commentCount\":0,\"publisher\":{\"@id\":\"https:\/\/now-news.de\/de\/#organization\"},\"image\":{\"@id\":\"https:\/\/now-news.de\/de\/deutschland\/krise-in-peru-putschpraesidentin-boluarte-entschuldigt-sich-wegen-aussage-ueber-tote-demonstranten\/#primaryimage\"},\"thumbnailUrl\":\"https:\/\/now-news.de\/de\/wp-content\/uploads\/sites\/3\/2022\/12\/Krise-in-Peru-Putschpraesidentin-Boluarte-entschuldigt-sich-wegen-Aussage-ueber.jpg\",\"keywords\":[\"Aussage\",\"Boluarte\",\"Demonstranten\",\"entschuldigt\",\"krise\",\"Peru\",\"Putschpr\u00e4sidentin\",\"sich\",\"Tote\",\"\u00fcber\",\"wegen\"],\"articleSection\":[\"Deutschland\",\"Russland\"],\"inLanguage\":\"de\",\"potentialAction\":[{\"@type\":\"CommentAction\",\"name\":\"Comment\",\"target\":[\"https:\/\/now-news.de\/de\/deutschland\/krise-in-peru-putschpraesidentin-boluarte-entschuldigt-sich-wegen-aussage-ueber-tote-demonstranten\/#respond\"]}]},{\"@type\":\"WebPage\",\"@id\":\"https:\/\/now-news.de\/de\/deutschland\/krise-in-peru-putschpraesidentin-boluarte-entschuldigt-sich-wegen-aussage-ueber-tote-demonstranten\/\",\"url\":\"https:\/\/now-news.de\/de\/deutschland\/krise-in-peru-putschpraesidentin-boluarte-entschuldigt-sich-wegen-aussage-ueber-tote-demonstranten\/\",\"name\":\"Krise in Peru: Putschpr\u00e4sidentin Boluarte entschuldigt sich wegen Aussage \u00fcber tote Demonstranten - just-now.NEWS Deutschland\",\"isPartOf\":{\"@id\":\"https:\/\/now-news.de\/de\/#website\"},\"primaryImageOfPage\":{\"@id\":\"https:\/\/now-news.de\/de\/deutschland\/krise-in-peru-putschpraesidentin-boluarte-entschuldigt-sich-wegen-aussage-ueber-tote-demonstranten\/#primaryimage\"},\"image\":{\"@id\":\"https:\/\/now-news.de\/de\/deutschland\/krise-in-peru-putschpraesidentin-boluarte-entschuldigt-sich-wegen-aussage-ueber-tote-demonstranten\/#primaryimage\"},\"thumbnailUrl\":\"https:\/\/now-news.de\/de\/wp-content\/uploads\/sites\/3\/2022\/12\/Krise-in-Peru-Putschpraesidentin-Boluarte-entschuldigt-sich-wegen-Aussage-ueber.jpg\",\"datePublished\":\"2022-12-25T09:09:48+00:00\",\"dateModified\":\"2022-12-25T09:09:48+00:00\",\"breadcrumb\":{\"@id\":\"https:\/\/now-news.de\/de\/deutschland\/krise-in-peru-putschpraesidentin-boluarte-entschuldigt-sich-wegen-aussage-ueber-tote-demonstranten\/#breadcrumb\"},\"inLanguage\":\"de\",\"potentialAction\":[{\"@type\":\"ReadAction\",\"target\":[\"https:\/\/now-news.de\/de\/deutschland\/krise-in-peru-putschpraesidentin-boluarte-entschuldigt-sich-wegen-aussage-ueber-tote-demonstranten\/\"]}]},{\"@type\":\"ImageObject\",\"inLanguage\":\"de\",\"@id\":\"https:\/\/now-news.de\/de\/deutschland\/krise-in-peru-putschpraesidentin-boluarte-entschuldigt-sich-wegen-aussage-ueber-tote-demonstranten\/#primaryimage\",\"url\":\"https:\/\/now-news.de\/de\/wp-content\/uploads\/sites\/3\/2022\/12\/Krise-in-Peru-Putschpraesidentin-Boluarte-entschuldigt-sich-wegen-Aussage-ueber.jpg\",\"contentUrl\":\"https:\/\/now-news.de\/de\/wp-content\/uploads\/sites\/3\/2022\/12\/Krise-in-Peru-Putschpraesidentin-Boluarte-entschuldigt-sich-wegen-Aussage-ueber.jpg\",\"width\":460,\"height\":259,\"caption\":\"Krise in Peru: Putschpr\u00e4sidentin Boluarte entschuldigt sich wegen Aussage \u00fcber tote Demonstranten\"},{\"@type\":\"BreadcrumbList\",\"@id\":\"https:\/\/now-news.de\/de\/deutschland\/krise-in-peru-putschpraesidentin-boluarte-entschuldigt-sich-wegen-aussage-ueber-tote-demonstranten\/#breadcrumb\",\"itemListElement\":[{\"@type\":\"ListItem\",\"position\":1,\"name\":\"Home\",\"item\":\"https:\/\/now-news.de\/de\/\"},{\"@type\":\"ListItem\",\"position\":2,\"name\":\"Krise in Peru: Putschpr\u00e4sidentin Boluarte entschuldigt sich wegen Aussage \u00fcber tote Demonstranten\"}]},{\"@type\":\"WebSite\",\"@id\":\"https:\/\/now-news.de\/de\/#website\",\"url\":\"https:\/\/now-news.de\/de\/\",\"name\":\"just-now.NEWS Deutschland\",\"description\":\"Das Portal f\u00fcr unzensierte Nachrichten aus der Welt\",\"publisher\":{\"@id\":\"https:\/\/now-news.de\/de\/#organization\"},\"potentialAction\":[{\"@type\":\"SearchAction\",\"target\":{\"@type\":\"EntryPoint\",\"urlTemplate\":\"https:\/\/now-news.de\/de\/?s={search_term_string}\"},\"query-input\":\"required name=search_term_string\"}],\"inLanguage\":\"de\"},{\"@type\":\"Organization\",\"@id\":\"https:\/\/now-news.de\/de\/#organization\",\"name\":\"Just Now News\",\"url\":\"https:\/\/now-news.de\/de\/\",\"logo\":{\"@type\":\"ImageObject\",\"inLanguage\":\"de\",\"@id\":\"https:\/\/now-news.de\/de\/#\/schema\/logo\/image\/\",\"url\":\"http:\/\/just-now.news\/de\/wp-content\/uploads\/sites\/3\/2022\/04\/logo500x500.jpg\",\"contentUrl\":\"http:\/\/just-now.news\/de\/wp-content\/uploads\/sites\/3\/2022\/04\/logo500x500.jpg\",\"width\":500,\"height\":500,\"caption\":\"Just Now News\"},\"image\":{\"@id\":\"https:\/\/now-news.de\/de\/#\/schema\/logo\/image\/\"},\"sameAs\":[\"https:\/\/www.facebook.com\/wirmachenauf\",\"https:\/\/x.com\/WirMachenAuf_de\"]},{\"@type\":\"Person\",\"@id\":\"https:\/\/now-news.de\/de\/#\/schema\/person\/fb534a4e865501d8b3285208df34a9b5\",\"name\":\"rtnews\",\"image\":{\"@type\":\"ImageObject\",\"inLanguage\":\"de\",\"@id\":\"https:\/\/now-news.de\/de\/#\/schema\/person\/image\/\",\"url\":\"https:\/\/secure.gravatar.com\/avatar\/82aafea7d8127119dd649515f56e2117?s=96&d=mm&r=g\",\"contentUrl\":\"https:\/\/secure.gravatar.com\/avatar\/82aafea7d8127119dd649515f56e2117?s=96&d=mm&r=g\",\"caption\":\"rtnews\"},\"url\":\"https:\/\/now-news.de\/de\/author\/rnews\/\"}]}<\/script>\n<!-- \/ Yoast SEO Premium plugin. -->","yoast_head_json":{"title":"Krise in Peru: Putschpr\u00e4sidentin Boluarte entschuldigt sich wegen Aussage \u00fcber tote Demonstranten - just-now.NEWS Deutschland","robots":{"index":"index","follow":"follow","max-snippet":"max-snippet:-1","max-image-preview":"max-image-preview:large","max-video-preview":"max-video-preview:-1"},"canonical":"https:\/\/now-news.de\/de\/deutschland\/krise-in-peru-putschpraesidentin-boluarte-entschuldigt-sich-wegen-aussage-ueber-tote-demonstranten\/","og_locale":"de_DE","og_type":"article","og_title":"Krise in Peru: Putschpr\u00e4sidentin Boluarte entschuldigt sich wegen Aussage \u00fcber tote Demonstranten","og_description":"Mindestens 30 Todesopfer beklagt die Andenrepublik Peru bereits seit dem Putsch gegen Pr\u00e4sident Pedro Castillo. Die an die Macht gekommene \u00dcbergangspr\u00e4sidentin Boluarte musste nun nach einem medialen Eklat zur\u00fcckrudern. Sie hatte erkl\u00e4rt, dass alle Todesf\u00e4lle &#8220;von einem Milit\u00e4rgericht&#8221; untersucht w\u00fcrden. Von Maria M\u00fcller Die \u00dcbergangspr\u00e4sidentin\u00a0Dina Boluarte Zegarra hat sich f\u00fcr ihre \u00c4u\u00dferungen in einem Interview [&hellip;]","og_url":"https:\/\/now-news.de\/de\/deutschland\/krise-in-peru-putschpraesidentin-boluarte-entschuldigt-sich-wegen-aussage-ueber-tote-demonstranten\/","og_site_name":"just-now.NEWS Deutschland","article_publisher":"https:\/\/www.facebook.com\/wirmachenauf","article_published_time":"2022-12-25T09:09:48+00:00","og_image":[{"width":460,"height":259,"url":"https:\/\/now-news.de\/de\/wp-content\/uploads\/sites\/3\/2022\/12\/Krise-in-Peru-Putschpraesidentin-Boluarte-entschuldigt-sich-wegen-Aussage-ueber.jpg","type":"image\/jpeg"}],"author":"rtnews","twitter_card":"summary_large_image","twitter_creator":"@WirMachenAuf_de","twitter_site":"@WirMachenAuf_de","twitter_misc":{"Verfasst von":"rtnews","Gesch\u00e4tzte Lesezeit":"5\u00a0Minuten"},"schema":{"@context":"https:\/\/schema.org","@graph":[{"@type":"Article","@id":"https:\/\/now-news.de\/de\/deutschland\/krise-in-peru-putschpraesidentin-boluarte-entschuldigt-sich-wegen-aussage-ueber-tote-demonstranten\/#article","isPartOf":{"@id":"https:\/\/now-news.de\/de\/deutschland\/krise-in-peru-putschpraesidentin-boluarte-entschuldigt-sich-wegen-aussage-ueber-tote-demonstranten\/"},"author":{"name":"rtnews","@id":"https:\/\/now-news.de\/de\/#\/schema\/person\/fb534a4e865501d8b3285208df34a9b5"},"headline":"Krise in Peru: Putschpr\u00e4sidentin Boluarte entschuldigt sich wegen Aussage \u00fcber tote Demonstranten","datePublished":"2022-12-25T09:09:48+00:00","dateModified":"2022-12-25T09:09:48+00:00","mainEntityOfPage":{"@id":"https:\/\/now-news.de\/de\/deutschland\/krise-in-peru-putschpraesidentin-boluarte-entschuldigt-sich-wegen-aussage-ueber-tote-demonstranten\/"},"wordCount":945,"commentCount":0,"publisher":{"@id":"https:\/\/now-news.de\/de\/#organization"},"image":{"@id":"https:\/\/now-news.de\/de\/deutschland\/krise-in-peru-putschpraesidentin-boluarte-entschuldigt-sich-wegen-aussage-ueber-tote-demonstranten\/#primaryimage"},"thumbnailUrl":"https:\/\/now-news.de\/de\/wp-content\/uploads\/sites\/3\/2022\/12\/Krise-in-Peru-Putschpraesidentin-Boluarte-entschuldigt-sich-wegen-Aussage-ueber.jpg","keywords":["Aussage","Boluarte","Demonstranten","entschuldigt","krise","Peru","Putschpr\u00e4sidentin","sich","Tote","\u00fcber","wegen"],"articleSection":["Deutschland","Russland"],"inLanguage":"de","potentialAction":[{"@type":"CommentAction","name":"Comment","target":["https:\/\/now-news.de\/de\/deutschland\/krise-in-peru-putschpraesidentin-boluarte-entschuldigt-sich-wegen-aussage-ueber-tote-demonstranten\/#respond"]}]},{"@type":"WebPage","@id":"https:\/\/now-news.de\/de\/deutschland\/krise-in-peru-putschpraesidentin-boluarte-entschuldigt-sich-wegen-aussage-ueber-tote-demonstranten\/","url":"https:\/\/now-news.de\/de\/deutschland\/krise-in-peru-putschpraesidentin-boluarte-entschuldigt-sich-wegen-aussage-ueber-tote-demonstranten\/","name":"Krise in Peru: Putschpr\u00e4sidentin Boluarte entschuldigt sich wegen Aussage \u00fcber tote Demonstranten - just-now.NEWS Deutschland","isPartOf":{"@id":"https:\/\/now-news.de\/de\/#website"},"primaryImageOfPage":{"@id":"https:\/\/now-news.de\/de\/deutschland\/krise-in-peru-putschpraesidentin-boluarte-entschuldigt-sich-wegen-aussage-ueber-tote-demonstranten\/#primaryimage"},"image":{"@id":"https:\/\/now-news.de\/de\/deutschland\/krise-in-peru-putschpraesidentin-boluarte-entschuldigt-sich-wegen-aussage-ueber-tote-demonstranten\/#primaryimage"},"thumbnailUrl":"https:\/\/now-news.de\/de\/wp-content\/uploads\/sites\/3\/2022\/12\/Krise-in-Peru-Putschpraesidentin-Boluarte-entschuldigt-sich-wegen-Aussage-ueber.jpg","datePublished":"2022-12-25T09:09:48+00:00","dateModified":"2022-12-25T09:09:48+00:00","breadcrumb":{"@id":"https:\/\/now-news.de\/de\/deutschland\/krise-in-peru-putschpraesidentin-boluarte-entschuldigt-sich-wegen-aussage-ueber-tote-demonstranten\/#breadcrumb"},"inLanguage":"de","potentialAction":[{"@type":"ReadAction","target":["https:\/\/now-news.de\/de\/deutschland\/krise-in-peru-putschpraesidentin-boluarte-entschuldigt-sich-wegen-aussage-ueber-tote-demonstranten\/"]}]},{"@type":"ImageObject","inLanguage":"de","@id":"https:\/\/now-news.de\/de\/deutschland\/krise-in-peru-putschpraesidentin-boluarte-entschuldigt-sich-wegen-aussage-ueber-tote-demonstranten\/#primaryimage","url":"https:\/\/now-news.de\/de\/wp-content\/uploads\/sites\/3\/2022\/12\/Krise-in-Peru-Putschpraesidentin-Boluarte-entschuldigt-sich-wegen-Aussage-ueber.jpg","contentUrl":"https:\/\/now-news.de\/de\/wp-content\/uploads\/sites\/3\/2022\/12\/Krise-in-Peru-Putschpraesidentin-Boluarte-entschuldigt-sich-wegen-Aussage-ueber.jpg","width":460,"height":259,"caption":"Krise in Peru: Putschpr\u00e4sidentin Boluarte entschuldigt sich wegen Aussage \u00fcber tote Demonstranten"},{"@type":"BreadcrumbList","@id":"https:\/\/now-news.de\/de\/deutschland\/krise-in-peru-putschpraesidentin-boluarte-entschuldigt-sich-wegen-aussage-ueber-tote-demonstranten\/#breadcrumb","itemListElement":[{"@type":"ListItem","position":1,"name":"Home","item":"https:\/\/now-news.de\/de\/"},{"@type":"ListItem","position":2,"name":"Krise in Peru: Putschpr\u00e4sidentin Boluarte entschuldigt sich wegen Aussage \u00fcber tote Demonstranten"}]},{"@type":"WebSite","@id":"https:\/\/now-news.de\/de\/#website","url":"https:\/\/now-news.de\/de\/","name":"just-now.NEWS Deutschland","description":"Das Portal f\u00fcr unzensierte Nachrichten aus der Welt","publisher":{"@id":"https:\/\/now-news.de\/de\/#organization"},"potentialAction":[{"@type":"SearchAction","target":{"@type":"EntryPoint","urlTemplate":"https:\/\/now-news.de\/de\/?s={search_term_string}"},"query-input":"required name=search_term_string"}],"inLanguage":"de"},{"@type":"Organization","@id":"https:\/\/now-news.de\/de\/#organization","name":"Just Now News","url":"https:\/\/now-news.de\/de\/","logo":{"@type":"ImageObject","inLanguage":"de","@id":"https:\/\/now-news.de\/de\/#\/schema\/logo\/image\/","url":"http:\/\/just-now.news\/de\/wp-content\/uploads\/sites\/3\/2022\/04\/logo500x500.jpg","contentUrl":"http:\/\/just-now.news\/de\/wp-content\/uploads\/sites\/3\/2022\/04\/logo500x500.jpg","width":500,"height":500,"caption":"Just Now News"},"image":{"@id":"https:\/\/now-news.de\/de\/#\/schema\/logo\/image\/"},"sameAs":["https:\/\/www.facebook.com\/wirmachenauf","https:\/\/x.com\/WirMachenAuf_de"]},{"@type":"Person","@id":"https:\/\/now-news.de\/de\/#\/schema\/person\/fb534a4e865501d8b3285208df34a9b5","name":"rtnews","image":{"@type":"ImageObject","inLanguage":"de","@id":"https:\/\/now-news.de\/de\/#\/schema\/person\/image\/","url":"https:\/\/secure.gravatar.com\/avatar\/82aafea7d8127119dd649515f56e2117?s=96&d=mm&r=g","contentUrl":"https:\/\/secure.gravatar.com\/avatar\/82aafea7d8127119dd649515f56e2117?s=96&d=mm&r=g","caption":"rtnews"},"url":"https:\/\/now-news.de\/de\/author\/rnews\/"}]}},"_links":{"self":[{"href":"https:\/\/now-news.de\/de\/wp-json\/wp\/v2\/posts\/26280"}],"collection":[{"href":"https:\/\/now-news.de\/de\/wp-json\/wp\/v2\/posts"}],"about":[{"href":"https:\/\/now-news.de\/de\/wp-json\/wp\/v2\/types\/post"}],"author":[{"embeddable":true,"href":"https:\/\/now-news.de\/de\/wp-json\/wp\/v2\/users\/3"}],"replies":[{"embeddable":true,"href":"https:\/\/now-news.de\/de\/wp-json\/wp\/v2\/comments?post=26280"}],"version-history":[{"count":0,"href":"https:\/\/now-news.de\/de\/wp-json\/wp\/v2\/posts\/26280\/revisions"}],"wp:featuredmedia":[{"embeddable":true,"href":"https:\/\/now-news.de\/de\/wp-json\/wp\/v2\/media\/26281"}],"wp:attachment":[{"href":"https:\/\/now-news.de\/de\/wp-json\/wp\/v2\/media?parent=26280"}],"wp:term":[{"taxonomy":"category","embeddable":true,"href":"https:\/\/now-news.de\/de\/wp-json\/wp\/v2\/categories?post=26280"},{"taxonomy":"post_tag","embeddable":true,"href":"https:\/\/now-news.de\/de\/wp-json\/wp\/v2\/tags?post=26280"}],"curies":[{"name":"wp","href":"https:\/\/api.w.org\/{rel}","templated":true}]}}