{"id":2623,"date":"2022-04-22T05:04:54","date_gmt":"2022-04-22T06:04:54","guid":{"rendered":"http:\/\/just-now.news\/de\/great-reset\/greatvideos\/der-aufstieg-von-bill-gates-kapitalist-charaktermaske-des-kapitals-marx-the-corbett-report\/"},"modified":"2022-04-22T05:04:54","modified_gmt":"2022-04-22T06:04:54","slug":"der-aufstieg-von-bill-gates-kapitalist-charaktermaske-des-kapitals-marx-the-corbett-report","status":"publish","type":"post","link":"https:\/\/now-news.de\/de\/great-reset\/greatvideos\/der-aufstieg-von-bill-gates-kapitalist-charaktermaske-des-kapitals-marx-the-corbett-report\/","title":{"rendered":"Der Aufstieg von Bill Gates &#8211; Kapitalist &amp; &quot;Charaktermaske des Kapitals&quot; (Marx) &#8211; The Corbett Report"},"content":{"rendered":"<p><iframe loading=\"lazy\"  width=\"580\" height=\"385\" src=\"https:\/\/www.youtube.com\/embed\/54gn-ZcLz_M?modestbranding=1\" frameborder=\"0\" allowfullscreen><\/iframe><br \/>\n<br \/>0:00:00 Teil 1 &#8211; Ein Blick hinter die Maske: \u201eWer ist Bill Gates?\u201c<br \/>\n0:23:58 Teil 2 &#8211; Bill Gates Plan zur Impfung der Welt<br \/>\n0:52:50 Teil 3 &#8211; Bill Gates und das Netz der Bev\u00f6lkerungskontrolle<br \/>\n1:31:39 Teil 4 &#8211; Begegnung mit Bill Gates<br \/>\nMehr Infos:<br \/>\nDie Hintergr\u00fcnde der Pandemie \u2013 eine Analyse von Prof. Fabio Vighi https:\/\/tkp.at\/2021\/12\/30\/die-hintergruende-der-pandemie-eine-analyse-von-prof-fabio-vighi\/ &#8211; <\/p>\n<p>Fabio Vighi, Professor f\u00fcr Critical and Italian Theory an der Cardiff University im UK &#8211;<br \/>\nThe Political Economy of Covid https:\/\/www.youtube.com\/watch?v=rQU7sH794ho<\/p>\n<p>Corona.Krise.Kapitalismus &#8211; \u00bbBrandbeschleuniger\u00ab der Weltwirtschaftskrise 2020 &#8211; Der Sturz in die globale Rezession<br \/>\nhttps:\/\/www.youtube.com\/playlist?list=PL3Q6E4PJrgSS6aD8q7ITBXR3X_WeuxE5v<\/p>\n<p>Antikapitalistische Kritik der Corona-Ma\u00dfnahmen &#8211; Stopp Impfzwang! &#8211; Demo in Hamburg (5.2.2022) https:\/\/www.youtube.com\/watch?v=yhsy8P1e3Xg<\/p>\n<p>Dark Winter \u2013 Thesenpapier zur Coronakrise https:\/\/freie-linke.de\/freier-funke\/2021\/02\/dark-winter-thesenpapier-zur-coronakrise<\/p>\n<p>Modern Monetary Theory (MMT*) &#8211; The Great Reset und das \u00bbneue\u00ab Gesicht des Imperialismus<br \/>\nhttps:\/\/www.youtube.com\/playlist?list=PL3Q6E4PJrgSTirh5qr_HMaU6iWiqlQVKi<\/p>\n<p>Gegen Impfzwang &#8211; Lisa, Freie Linke (Kundgebung 8.1.2022 in Wien) https:\/\/www.youtube.com\/watch?v=OIpVt_iT0ck<\/p>\n<blockquote class=\"wp-embedded-content\" data-secret=\"BYQbxJ6ZSE\"><p><a href=\"https:\/\/tkp.at\/2022\/01\/14\/offener-brief-von-600-aerztinnen-und-aerzten-mit-sachlichen-argumenten-gegen-impfpflicht\/\">Offener Brief von 600 \u00c4rztinnen und \u00c4rzten mit sachlichen Argumenten gegen Impfpflicht<\/a><\/p><\/blockquote>\n<p><iframe class=\"wp-embedded-content\" sandbox=\"allow-scripts\" security=\"restricted\" style=\"position: absolute; clip: rect(1px, 1px, 1px, 1px);\" title=\"&#8222;Offener Brief von 600 \u00c4rztinnen und \u00c4rzten mit sachlichen Argumenten gegen Impfpflicht&#8220; &#8212; tkp.at\" src=\"https:\/\/tkp.at\/2022\/01\/14\/offener-brief-von-600-aerztinnen-und-aerzten-mit-sachlichen-argumenten-gegen-impfpflicht\/embed\/#?secret=gRTIDSoIkm#?secret=BYQbxJ6ZSE\" data-secret=\"BYQbxJ6ZSE\" width=\"500\" height=\"282\" frameborder=\"0\" marginwidth=\"0\" marginheight=\"0\" scrolling=\"no\"><\/iframe><\/p>\n<p>Sind die Ungeimpften schuld? &#8211; Ein Essay von Daniela Dahn <\/p>\n<div class=\"jeg_video_container jeg_video_content\"><iframe loading=\"lazy\" title=\"Sind die Ungeimpften schuld? - Ein Essay von Daniela Dahn\" width=\"500\" height=\"281\" src=\"https:\/\/www.youtube.com\/embed\/4KUPyiVwrjM?feature=oembed\" frameborder=\"0\" allow=\"accelerometer; autoplay; clipboard-write; encrypted-media; gyroscope; picture-in-picture; web-share\" referrerpolicy=\"strict-origin-when-cross-origin\" allowfullscreen><\/iframe><\/div>\n<p>Die Impfpflicht kommt<br \/>\nhttps:\/\/www.rubikon.news\/artikel\/das-geschwatz-von-gestern<\/p>\n<p>https:\/\/www.initiative-corona.info\/<\/p>\n<blockquote class=\"wp-embedded-content\" data-secret=\"mwM2RwHLeT\"><p><a href=\"https:\/\/tkp.at\/\">Der Blog f\u00fcr Science &#038; Politik<\/a><\/p><\/blockquote>\n<p><iframe class=\"wp-embedded-content\" sandbox=\"allow-scripts\" security=\"restricted\" style=\"position: absolute; clip: rect(1px, 1px, 1px, 1px);\" title=\"&#8222;Der Blog f\u00fcr Science &#038; Politik&#8220; &#8212; tkp.at\" src=\"https:\/\/tkp.at\/embed\/#?secret=QdmBcRPT2h#?secret=mwM2RwHLeT\" data-secret=\"mwM2RwHLeT\" width=\"500\" height=\"282\" frameborder=\"0\" marginwidth=\"0\" marginheight=\"0\" scrolling=\"no\"><\/iframe> <\/p>\n<p>Heilung Nebensache &#8211; Dr. med. Gerd Reuther<br \/>\nhttps:\/\/radiomuenchen.net\/podcast-archiv\/radiomuenchen-themen\/2013-04-04-17-32-41\/1951-heilung-nebensache-die-irrungen-der-medizin.html<\/p>\n<p>https:\/\/www.corona-in-zahlen.de\/weltweit\/deutschland\/<br \/>\nhttps:\/\/www.corona-in-zahlen.de\/weltweit\/schweden\/<\/p>\n<p>Das Covid Versagen der Linken* https:\/\/www.trueten.de\/archives\/12152-Das-Covid-Versagen-der-Linken.html<br \/>\nhttps:\/\/www.youtube.com\/watch?v=NzEPqkDTHLo<\/p>\n<p>https:\/\/www.broeckers.com\/<\/p>\n<p>Gesundheit ein Milliarden-Gesch\u00e4ft &#8211; Big Pharma* &#8211; Die Allmacht der Konzerne<br \/>\nhttps:\/\/www.youtube.com\/playlist?list=PL362371EB416D2307<\/p>\n<p>Schockstrategie und Impfkampagne<\/p>\n<blockquote class=\"wp-embedded-content\" data-secret=\"NKWwlNSF93\"><p><a href=\"https:\/\/klartext-info.de\/?p=975\">Schockstrategie und Impfkampagne<\/a><\/p><\/blockquote>\n<p><iframe class=\"wp-embedded-content\" sandbox=\"allow-scripts\" security=\"restricted\" style=\"position: absolute; clip: rect(1px, 1px, 1px, 1px);\" title=\"&#8222;Schockstrategie und Impfkampagne&#8220; &#8212; KLARtext-Blog\" src=\"https:\/\/klartext-info.de\/?p=975&#038;embed=true#?secret=N5KZMLULq3#?secret=NKWwlNSF93\" data-secret=\"NKWwlNSF93\" width=\"500\" height=\"282\" frameborder=\"0\" marginwidth=\"0\" marginheight=\"0\" scrolling=\"no\"><\/iframe><\/p>\n<p>INITIATIVE LINKE KRITIK GEGEN LOCKDOWN<\/p>\n<blockquote class=\"wp-embedded-content\" data-secret=\"0MHEishmmk\"><p><a href=\"https:\/\/klartext-info.de\/?p=1004\">INITIATIVE LINKE KRITIK GEGEN LOCKDOWN: Umfangreiche Zusammenstellung von Medien-Beitr\u00e4gen &#8211; UPDATE 2021!<\/a><\/p><\/blockquote>\n<p><iframe class=\"wp-embedded-content\" sandbox=\"allow-scripts\" security=\"restricted\" style=\"position: absolute; clip: rect(1px, 1px, 1px, 1px);\" title=\"&#8222;INITIATIVE LINKE KRITIK GEGEN LOCKDOWN: Umfangreiche Zusammenstellung von Medien-Beitr\u00e4gen &#8211; UPDATE 2021!&#8220; &#8212; KLARtext-Blog\" src=\"https:\/\/klartext-info.de\/?p=1004&#038;embed=true#?secret=mxPdoqIw80#?secret=0MHEishmmk\" data-secret=\"0MHEishmmk\" width=\"500\" height=\"282\" frameborder=\"0\" marginwidth=\"0\" marginheight=\"0\" scrolling=\"no\"><\/iframe><\/p>\n<p>https:\/\/klartext-info.de\/wp-content\/uploads\/2021\/11\/HH_Links_Corona_0121-1121.pdf<\/p>\n<p>\u201eZero-Covid\u201c: Ausweg aus der Krise oder neoliberale Idee in pseudoradikalem Gewand?<br \/>\nhttps:\/\/freie-linke.de\/freier-funke\/2021\/04\/zero-covid-ausweg-aus-der-krise-oder-neoliberale-idee-in-pseudoradikalem-gewand<\/p>\n<p>https:\/\/www.initiative-corona.info\/<\/p>\n<p>https:\/\/demonocracy.info\/infographics\/usa\/us_stimulus_package_10_trillion_2020\/us_stimulus_package_10_trillion.html<\/p>\n<p>Noam Chomsky -The Corporation &#8211; Wie &#8220;funktioniert&#8221; die globale Herrschaft der Konzerne &#038; Banken?<br \/>\nhttps:\/\/www.youtube.com\/watch?v=AgD0wGQQVEo5Nhp4mGNpQ<\/p>\n<p>&#8220;unten gegen oben! &#8211; &#8220;Es herrscht Klassenkrieg&#8221; &#8211; Georg Schramm<br \/>\nhttps:\/\/www.youtube.com\/watch?v=D5Nhp4mGNpQ<\/p>\n<p>Prof. Dr. Christian Krei\u00df &#8211; &#8220;Jede vierte Fabrik ist zuviel&#8221; &#8211; \u00fcber Schulden, globale \u00dcberkapazit\u00e4ten, Corona, Lockdown &#8211; Jahrhundertrezession in Sicht<br \/>\nhttps:\/\/www.youtube.com\/playlist?list=PL3Q6E4PJrgSTEx4182aKCgfPTbkKw1jaF<\/p>\n<p>The Great Reset: Der gro\u00dfe Neuanfang des Kapitalismus <\/p>\n<blockquote class=\"wp-embedded-content\" data-secret=\"3ncBf4TYn8\"><p><a href=\"https:\/\/www.pressenza.com\/de\/2021\/11\/the-great-reset-der-grosse-neuanfang-des-kapitalismus\/\">The Great Reset: Der gro\u00dfe Neuanfang des Kapitalismus<\/a><\/p><\/blockquote>\n<p><iframe class=\"wp-embedded-content\" sandbox=\"allow-scripts\" security=\"restricted\" style=\"position: absolute; clip: rect(1px, 1px, 1px, 1px);\" title=\"&#8222;The Great Reset: Der gro\u00dfe Neuanfang des Kapitalismus&#8220; &#8212; Pressenza\" src=\"https:\/\/www.pressenza.com\/de\/2021\/11\/the-great-reset-der-grosse-neuanfang-des-kapitalismus\/embed\/#?secret=26WoOwi4Gb#?secret=3ncBf4TYn8\" data-secret=\"3ncBf4TYn8\" width=\"500\" height=\"282\" frameborder=\"0\" marginwidth=\"0\" marginheight=\"0\" scrolling=\"no\"><\/iframe><\/p>\n<p>\u00bbVerschw\u00f6rungstheorie\u00ab: The Great Reset? Pandemic Shock Doctrine \u00dcberwachungskapitalismus Degrowth<br \/>\nhttps:\/\/www.youtube.com\/watch?v=g_3thfrQ7x4<\/p>\n<p>Prof. Dr. Rudolph Bauer &#8211; The Great Reset &#8211; Der grosse R\u00fcckfall. Hygienegemeinschaft, Softtotalitarismus und \u00dcberwachungskapitalismus (ISBN-10: 3885153351)<br \/>\nVerlag: pad-verlag \/ Bergkamen https:\/\/www.booklooker.de\/B%C3%BCcher\/Rudolph-Bauer+The-Great-Reset-Der-grosse-R%C3%BCckfall-Hygienegemeinschaft-Softtotalitarismus-und\/id\/A02yBall01ZZG<\/p>\n<p>Ich glaube an die Kraft der Rebellion \u2013 gegen den gewaltigen Umbruch des imperialistischen Wirtschaftssystems<br \/>\nRudolph Bauer \u2013 interviewt von Milena Rampoldi<br \/>\nhttp:\/\/www.nrhz.de\/flyer\/beitrag.php?id=27392&#038;css=print<\/p>\n<blockquote class=\"wp-embedded-content\" data-secret=\"UPI5w2F2eG\"><p><a href=\"https:\/\/hinter-den-schlagzeilen.de\/biofaschismus-und-medizinischem-fundamentalismus\">Biofaschismus und medizinischem Fundamentalismus<\/a><\/p><\/blockquote>\n<p><iframe class=\"wp-embedded-content\" sandbox=\"allow-scripts\" security=\"restricted\" style=\"position: absolute; clip: rect(1px, 1px, 1px, 1px);\" title=\"&#8222;Biofaschismus und medizinischem Fundamentalismus&#8220; &#8212; HINTER DEN SCHLAGZEILEN\" src=\"https:\/\/hinter-den-schlagzeilen.de\/biofaschismus-und-medizinischem-fundamentalismus\/embed#?secret=45NRuE9jV8#?secret=UPI5w2F2eG\" data-secret=\"UPI5w2F2eG\" width=\"500\" height=\"282\" frameborder=\"0\" marginwidth=\"0\" marginheight=\"0\" scrolling=\"no\"><\/iframe><\/p>\n<p>&#8220;Great Reset&#8221;*. WEF** Corona. Krise des kapitalistischen Weltsystems. &#8211; Prof. Immanuel Wallerstein<br \/>\nhttps:\/\/www.youtube.com\/watch?v=DQLeUHxSmKs<\/p>\n<p>Klaus Schwab und sein gro\u00dfer faschistischer Reset* \u2013 OffGuardian <\/p>\n<blockquote class=\"wp-embedded-content\" data-secret=\"mImpLgkNHW\"><p><a href=\"https:\/\/laufpass.com\/politik\/klaus-schwab-und-sein-grosser-faschistischer-reset\/\">Klaus Schwab und sein gro\u00dfer faschistischer Reset<\/a><\/p><\/blockquote>\n<p><iframe class=\"wp-embedded-content\" sandbox=\"allow-scripts\" security=\"restricted\" style=\"position: absolute; clip: rect(1px, 1px, 1px, 1px);\" title=\"&#8222;Klaus Schwab und sein gro\u00dfer faschistischer Reset&#8220; &#8212; LAUFPASS.com\" src=\"https:\/\/laufpass.com\/politik\/klaus-schwab-und-sein-grosser-faschistischer-reset\/embed\/#?secret=5NYHpwJdZb#?secret=mImpLgkNHW\" data-secret=\"mImpLgkNHW\" width=\"500\" height=\"282\" frameborder=\"0\" marginwidth=\"0\" marginheight=\"0\" scrolling=\"no\"><\/iframe><\/p>\n<p>Ernst Wolff Die 4. industrielle Revolution &#8211; Ende aller Demokratie? Oder Aufbruch in eine neue Welt?<br \/>\nhttps:\/\/www.youtube.com\/watch?v=m3TNy7KKXhQ<\/p>\n<p>The Great Reset &#8211; \u00bbNeustart\u00ab des Finanzsystems- Ende des Kapitalismus? Ohne Revolution*? Ernst Wolff<br \/>\nhttps:\/\/www.youtube.com\/watch?v=8y0Rv8ZqpFE<\/p>\n<p>https:\/\/www.dieplattform.org<\/p>\n<p>Quelle:<br \/>\nAugen Auf Medien Analyse;Video Translate Projects<br \/>\nhttps:\/\/www.youtube.com\/watch?v=MH2R75HfQm0<br \/>\n<br \/><a href=\"https:\/\/www.youtube.com\/watch?v=54gn-ZcLz_M\">source<\/a><\/p>\n","protected":false},"excerpt":{"rendered":"<p>0:00:00 Teil 1 &#8211; Ein Blick hinter die Maske: \u201eWer ist Bill Gates?\u201c 0:23:58 Teil 2 &#8211; Bill Gates Plan zur Impfung der Welt 0:52:50 Teil 3 &#8211; Bill Gates und das Netz der Bev\u00f6lkerungskontrolle 1:31:39 Teil 4 &#8211; Begegnung mit Bill Gates Mehr Infos: Die Hintergr\u00fcnde der Pandemie \u2013 eine Analyse von Prof. Fabio [&hellip;]<\/p>\n","protected":false},"author":5,"featured_media":2624,"comment_status":"open","ping_status":"open","sticky":false,"template":"","format":"standard","meta":{"_oembed_321a3135d7a68f62accb6e53c7914dec":["<iframe title=\"Corona.Krise.Kapitalismus - \u00bbBrandbeschleuniger\u00ab der Weltwirtschaftskrise 2020 - Der Sturz in die globale Rezession*\" width=\"500\" height=\"281\" src=\"https:\/\/www.youtube.com\/embed\/videoseries?list=PL3Q6E4PJrgSS6aD8q7ITBXR3X_WeuxE5v\" frameborder=\"0\" allow=\"accelerometer; autoplay; clipboard-write; encrypted-media; gyroscope; picture-in-picture\" allowfullscreen><\/iframe>"],"_oembed_time_321a3135d7a68f62accb6e53c7914dec":["1650672568"],"_oembed_1dc3bd5b8bf2e1f2e3f11f3d13f6479d":["<iframe title=\"Modern Monetary Theory (MMT) - The Great Reset* und das \u00bbneue\u00ab Gesicht des Imperialismus\" width=\"500\" height=\"281\" src=\"https:\/\/www.youtube.com\/embed\/videoseries?list=PL3Q6E4PJrgSTirh5qr_HMaU6iWiqlQVKi\" frameborder=\"0\" allow=\"accelerometer; autoplay; clipboard-write; encrypted-media; gyroscope; picture-in-picture\" allowfullscreen><\/iframe>"],"_oembed_time_1dc3bd5b8bf2e1f2e3f11f3d13f6479d":["1650672568"],"_oembed_06cc6ab36bdc74a6de2380c26445c454":["<blockquote class=\"wp-embedded-content\" data-secret=\"GnmA5SZD2g\"><a href=\"https:\/\/tkp.at\/2022\/01\/14\/offener-brief-von-600-aerztinnen-und-aerzten-mit-sachlichen-argumenten-gegen-impfpflicht\/\">Offener Brief von 600 \u00c4rztinnen und \u00c4rzten mit sachlichen Argumenten gegen Impfpflicht<\/a><\/blockquote><iframe class=\"wp-embedded-content\" sandbox=\"allow-scripts\" security=\"restricted\" style=\"position: absolute; clip: rect(1px, 1px, 1px, 1px);\" title=\"&#8222;Offener Brief von 600 \u00c4rztinnen und \u00c4rzten mit sachlichen Argumenten gegen Impfpflicht&#8220; &#8212; tkp.at\" src=\"https:\/\/tkp.at\/2022\/01\/14\/offener-brief-von-600-aerztinnen-und-aerzten-mit-sachlichen-argumenten-gegen-impfpflicht\/embed\/#?secret=N6nXMcvHal#?secret=GnmA5SZD2g\" data-secret=\"GnmA5SZD2g\" width=\"500\" height=\"282\" frameborder=\"0\" marginwidth=\"0\" marginheight=\"0\" scrolling=\"no\"><\/iframe>"],"_oembed_time_06cc6ab36bdc74a6de2380c26445c454":["1650672570"],"_oembed_00590ce52a2023ca7eafd781123483e4":["<iframe title=\"Sind die Ungeimpften schuld? - Ein Essay von Daniela Dahn\" width=\"500\" height=\"281\" src=\"https:\/\/www.youtube.com\/embed\/4KUPyiVwrjM?feature=oembed\" frameborder=\"0\" allow=\"accelerometer; autoplay; clipboard-write; encrypted-media; gyroscope; picture-in-picture\" allowfullscreen><\/iframe>"],"_oembed_time_00590ce52a2023ca7eafd781123483e4":["1650672570"],"_oembed_cd758da76c1ebea8c2e93ca5e193569e":["{{unknown}}"],"_oembed_77b7030f06b42011799f8d3b205300b4":["{{unknown}}"],"_oembed_667a689b08b985845963b34fa2354db7":["<blockquote class=\"wp-embedded-content\" data-secret=\"h3m2bGhz5K\"><a href=\"https:\/\/tkp.at\/\">Der Blog f\u00fcr Science &#038; Politik<\/a><\/blockquote><iframe class=\"wp-embedded-content\" sandbox=\"allow-scripts\" security=\"restricted\" style=\"position: absolute; clip: rect(1px, 1px, 1px, 1px);\" title=\"&#8222;Der Blog f\u00fcr Science &#038; Politik&#8220; &#8212; tkp.at\" src=\"https:\/\/tkp.at\/embed\/#?secret=6Sg2ifFw9C#?secret=h3m2bGhz5K\" data-secret=\"h3m2bGhz5K\" width=\"500\" height=\"282\" frameborder=\"0\" marginwidth=\"0\" marginheight=\"0\" scrolling=\"no\"><\/iframe>"],"_oembed_time_667a689b08b985845963b34fa2354db7":["1650672573"],"_oembed_4d1aff756bd0b64464a08b7f9e104741":["{{unknown}}"],"_oembed_f2e58a9a472c6af63d9b77afeba57848":["{{unknown}}"],"_oembed_61cd00db3fb04d3c9c9a63daa251ce4d":["{{unknown}}"],"_oembed_da3c29ebc0db01ab0f14ffb30c8c3a14":["<iframe title=\"Das Covid Versagen der Linken*- unmobilisierbare Linke - Selbstaufgabe, Echsenkost\u00fcme &amp; &quot;Schwurbler&quot;\" width=\"500\" height=\"281\" src=\"https:\/\/www.youtube.com\/embed\/NzEPqkDTHLo?feature=oembed\" frameborder=\"0\" allow=\"accelerometer; autoplay; clipboard-write; encrypted-media; gyroscope; picture-in-picture\" allowfullscreen><\/iframe>"],"_oembed_time_da3c29ebc0db01ab0f14ffb30c8c3a14":["1650672574"],"_oembed_78b2df29903b780bd1274952e5191311":["{{unknown}}"],"_oembed_e9fb5b975302f452ff84375bd94deb28":["<iframe title=\"Gesundheit ein Milliarden-Gesch\u00e4ft - Big Pharma* - Die Allmacht der Konzerne\" width=\"500\" height=\"281\" src=\"https:\/\/www.youtube.com\/embed\/videoseries?list=PL362371EB416D2307\" frameborder=\"0\" allow=\"accelerometer; autoplay; clipboard-write; encrypted-media; gyroscope; picture-in-picture\" allowfullscreen><\/iframe>"],"_oembed_time_e9fb5b975302f452ff84375bd94deb28":["1650672575"],"_oembed_19503779ac4aef4bb2a2d240e16aff34":["<blockquote class=\"wp-embedded-content\" data-secret=\"6DoB1V2LaI\"><a href=\"https:\/\/klartext-info.de\/?p=975\">Schockstrategie und Impfkampagne<\/a><\/blockquote><iframe class=\"wp-embedded-content\" sandbox=\"allow-scripts\" security=\"restricted\" style=\"position: absolute; clip: rect(1px, 1px, 1px, 1px);\" title=\"&#8222;Schockstrategie und Impfkampagne&#8220; &#8212; KLARtext e.V.\" src=\"https:\/\/klartext-info.de\/?p=975&#038;embed=true#?secret=F4SkXtISHK#?secret=6DoB1V2LaI\" data-secret=\"6DoB1V2LaI\" width=\"500\" height=\"282\" frameborder=\"0\" marginwidth=\"0\" marginheight=\"0\" scrolling=\"no\"><\/iframe>"],"_oembed_time_19503779ac4aef4bb2a2d240e16aff34":["1650672577"],"_oembed_2b4466ad4abb8cdd2298f54b0578bcbc":["<blockquote class=\"wp-embedded-content\" data-secret=\"B2peGmQ5sH\"><a href=\"https:\/\/klartext-info.de\/?p=1004\">INITIATIVE LINKE KRITIK GEGEN LOCKDOWN: Umfangreiche Zusammenstellung von Medien-Beitr\u00e4gen &#8211; UPDATE 2021!<\/a><\/blockquote><iframe class=\"wp-embedded-content\" sandbox=\"allow-scripts\" security=\"restricted\" style=\"position: absolute; clip: rect(1px, 1px, 1px, 1px);\" title=\"&#8222;INITIATIVE LINKE KRITIK GEGEN LOCKDOWN: Umfangreiche Zusammenstellung von Medien-Beitr\u00e4gen &#8211; UPDATE 2021!&#8220; &#8212; KLARtext e.V.\" src=\"https:\/\/klartext-info.de\/?p=1004&#038;embed=true#?secret=a67HsbZqxL#?secret=B2peGmQ5sH\" data-secret=\"B2peGmQ5sH\" width=\"500\" height=\"282\" frameborder=\"0\" marginwidth=\"0\" marginheight=\"0\" scrolling=\"no\"><\/iframe>"],"_oembed_time_2b4466ad4abb8cdd2298f54b0578bcbc":["1650672579"],"_oembed_1a46833a0d892aa0b5c713aead3b7c25":["{{unknown}}"],"_oembed_b0ce082aabaf80837e94cb767630db3f":["<blockquote class=\"wp-embedded-content\" data-secret=\"a5s9TMQFqg\"><a href=\"https:\/\/freie-linke.de\/freier-funke\/2021\/04\/zero-covid-ausweg-aus-der-krise-oder-neoliberale-idee-in-pseudoradikalem-gewand\">\u201eZero-Covid\u201c: Ausweg aus der Krise oder neoliberale Idee in pseudoradikalem Gewand?<\/a><\/blockquote><iframe class=\"wp-embedded-content\" sandbox=\"allow-scripts\" security=\"restricted\" style=\"position: absolute; clip: rect(1px, 1px, 1px, 1px);\" title=\"&#8222;\u201eZero-Covid\u201c: Ausweg aus der Krise oder neoliberale Idee in pseudoradikalem Gewand?&#8220; &#8212; Freie Linke\" src=\"https:\/\/freie-linke.de\/freier-funke\/2021\/04\/zero-covid-ausweg-aus-der-krise-oder-neoliberale-idee-in-pseudoradikalem-gewand\/embed#?secret=XvhusWczKA#?secret=a5s9TMQFqg\" data-secret=\"a5s9TMQFqg\" width=\"500\" height=\"282\" frameborder=\"0\" marginwidth=\"0\" marginheight=\"0\" scrolling=\"no\"><\/iframe>"],"_oembed_time_b0ce082aabaf80837e94cb767630db3f":["1650672581"],"_oembed_2d13bc6046df35dfcc2b32ed4c155c47":["{{unknown}}"],"_oembed_0c1296f51bbfb8d10dd91785c1bf3925":["{{unknown}}"],"_oembed_d7ee5c6dca17819d4dc2ac35fce53c46":["<iframe title=\"&quot;unten gegen oben! - &quot;Es herrscht Klassenkrieg&quot; - Georg Schramm\" width=\"500\" height=\"281\" src=\"https:\/\/www.youtube.com\/embed\/D5Nhp4mGNpQ?feature=oembed\" frameborder=\"0\" allow=\"accelerometer; autoplay; clipboard-write; encrypted-media; gyroscope; picture-in-picture\" allowfullscreen><\/iframe>"],"_oembed_time_d7ee5c6dca17819d4dc2ac35fce53c46":["1650672583"],"_oembed_158167f3132f0210e02863d7da69e5c1":["<iframe title=\"Prof. Dr. Christian Krei\u00df - &quot;Jede vierte Fabrik ist zuviel&quot; - \u00fcber Schulden, globale \u00dcberkapazit\u00e4ten, Corona, Lockdown - Jahrhundertrezession in Sicht\" width=\"500\" height=\"281\" src=\"https:\/\/www.youtube.com\/embed\/videoseries?list=PL3Q6E4PJrgSTEx4182aKCgfPTbkKw1jaF\" frameborder=\"0\" allow=\"accelerometer; autoplay; clipboard-write; encrypted-media; gyroscope; picture-in-picture\" allowfullscreen><\/iframe>"],"_oembed_time_158167f3132f0210e02863d7da69e5c1":["1650672583"],"_oembed_457089ba6c1747dccfc557957baab708":["{{unknown}}"],"_oembed_75852223ef342262f17e3232e5bfc5b8":["{{unknown}}"],"_oembed_17ecdf1800010fdd538bab66118673a1":["{{unknown}}"],"_oembed_7c0ea550a2f6a69299e2fc201d21ef64":["<blockquote class=\"wp-embedded-content\" data-secret=\"vpKJicej4N\"><a href=\"https:\/\/hinter-den-schlagzeilen.de\/biofaschismus-und-medizinischem-fundamentalismus\">Biofaschismus und medizinischem Fundamentalismus<\/a><\/blockquote><iframe class=\"wp-embedded-content\" sandbox=\"allow-scripts\" security=\"restricted\" style=\"position: absolute; clip: rect(1px, 1px, 1px, 1px);\" title=\"&#8222;Biofaschismus und medizinischem Fundamentalismus&#8220; &#8212; HINTER DEN SCHLAGZEILEN\" src=\"https:\/\/hinter-den-schlagzeilen.de\/biofaschismus-und-medizinischem-fundamentalismus\/embed#?secret=XpyXAdjpTU#?secret=vpKJicej4N\" data-secret=\"vpKJicej4N\" width=\"500\" height=\"282\" frameborder=\"0\" marginwidth=\"0\" marginheight=\"0\" scrolling=\"no\"><\/iframe>"],"_oembed_time_7c0ea550a2f6a69299e2fc201d21ef64":["1650672588"],"_oembed_00342ed865bc208ac840f1d36e743aec":["<iframe title=\"&quot;Great Reset&quot;*. WEF** Corona. Krise des kapitalistischen Weltsystems. - Prof. Immanuel Wallerstein\" width=\"500\" height=\"281\" src=\"https:\/\/www.youtube.com\/embed\/DQLeUHxSmKs?feature=oembed\" frameborder=\"0\" allow=\"accelerometer; autoplay; clipboard-write; encrypted-media; gyroscope; picture-in-picture\" allowfullscreen><\/iframe>"],"_oembed_time_00342ed865bc208ac840f1d36e743aec":["1650672588"],"_oembed_36f0b9e943ee2e78c9446f48d04c4f56":["<blockquote class=\"wp-embedded-content\" data-secret=\"J9MdlO1xRp\"><a href=\"https:\/\/laufpass.com\/politik\/klaus-schwab-und-sein-grosser-faschistischer-reset\/\">Klaus Schwab und sein gro\u00dfer faschistischer Reset<\/a><\/blockquote><iframe class=\"wp-embedded-content\" sandbox=\"allow-scripts\" security=\"restricted\" style=\"position: absolute; clip: rect(1px, 1px, 1px, 1px);\" title=\"&#8222;Klaus Schwab und sein gro\u00dfer faschistischer Reset&#8220; &#8212; LAUFPASS.com\" src=\"https:\/\/laufpass.com\/politik\/klaus-schwab-und-sein-grosser-faschistischer-reset\/embed\/#?secret=J9MdlO1xRp\" data-secret=\"J9MdlO1xRp\" width=\"500\" height=\"282\" frameborder=\"0\" marginwidth=\"0\" marginheight=\"0\" scrolling=\"no\"><\/iframe>"],"_oembed_time_36f0b9e943ee2e78c9446f48d04c4f56":["1650672590"],"_oembed_1de990e926cf01046e62a728809e5059":["<iframe title=\"Ernst Wolff Die 4. industrielle Revolution - Ende aller Demokratie? Oder Aufbruch in eine neue Welt?\" width=\"500\" height=\"281\" src=\"https:\/\/www.youtube.com\/embed\/m3TNy7KKXhQ?feature=oembed\" frameborder=\"0\" allow=\"accelerometer; autoplay; clipboard-write; encrypted-media; gyroscope; picture-in-picture\" allowfullscreen><\/iframe>"],"_oembed_time_1de990e926cf01046e62a728809e5059":["1650672590"],"_oembed_04c7907935ef4b2683c362db352448ff":["<iframe title=\"The Great Reset - \u00bbNeustart\u00ab des Finanzsystems- Ende des Kapitalismus? Ohne Revolution*? Ernst Wolff\" width=\"500\" height=\"281\" src=\"https:\/\/www.youtube.com\/embed\/8y0Rv8ZqpFE?feature=oembed\" frameborder=\"0\" allow=\"accelerometer; autoplay; clipboard-write; encrypted-media; gyroscope; picture-in-picture\" allowfullscreen><\/iframe>"],"_oembed_time_04c7907935ef4b2683c362db352448ff":["1650672590"],"_oembed_77366e5fd44321d043d6018e6b9a4637":["{{unknown}}"],"_oembed_a581df6714de44a8f7cacd79fb51bce1":["<iframe title=\"Wer ist Bill Gates? (The Corbett Report - Komplett)\" width=\"500\" height=\"281\" src=\"https:\/\/www.youtube.com\/embed\/MH2R75HfQm0?feature=oembed\" frameborder=\"0\" allow=\"accelerometer; autoplay; clipboard-write; encrypted-media; gyroscope; picture-in-picture\" allowfullscreen><\/iframe>"],"_oembed_time_a581df6714de44a8f7cacd79fb51bce1":["1650672590"],"wp_automatic_camp":["168"],"509df798aa399ea0b99770cdbcb38703":["Der Aufstieg von Bill Gates - Kapitalist &amp; &quot;Charaktermaske des Kapitals&quot; (Marx) - The Corbett Report"],"original_link":["https:\/\/www.youtube.com\/watch?v=54gn-ZcLz_M"],"_thumbnail_id":["2624"],"wp_automatic_remove_first_image":["yes"],"jnews_social_counter_last_update":["1777799670"],"_oembed_293a309ee5b38a895caf3c7bea3aa5db":["{{unknown}}"],"_oembed_f34f9a40d579e94ffa8eaefba83fed16":["{{unknown}}"],"_oembed_ef7f3b33fa83587f86b48ae667d14ac7":["<blockquote class=\"wp-embedded-content\" data-secret=\"BYQbxJ6ZSE\"><a href=\"https:\/\/tkp.at\/2022\/01\/14\/offener-brief-von-600-aerztinnen-und-aerzten-mit-sachlichen-argumenten-gegen-impfpflicht\/\">Offener Brief von 600 \u00c4rztinnen und \u00c4rzten mit sachlichen Argumenten gegen Impfpflicht<\/a><\/blockquote><iframe class=\"wp-embedded-content\" sandbox=\"allow-scripts\" security=\"restricted\" style=\"position: absolute; clip: rect(1px, 1px, 1px, 1px);\" title=\"&#8222;Offener Brief von 600 \u00c4rztinnen und \u00c4rzten mit sachlichen Argumenten gegen Impfpflicht&#8220; &#8212; tkp.at\" src=\"https:\/\/tkp.at\/2022\/01\/14\/offener-brief-von-600-aerztinnen-und-aerzten-mit-sachlichen-argumenten-gegen-impfpflicht\/embed\/#?secret=gRTIDSoIkm#?secret=BYQbxJ6ZSE\" data-secret=\"BYQbxJ6ZSE\" width=\"500\" height=\"282\" frameborder=\"0\" marginwidth=\"0\" marginheight=\"0\" scrolling=\"no\"><\/iframe>"],"_oembed_time_ef7f3b33fa83587f86b48ae667d14ac7":["1717299116"],"_oembed_71df73a0abbc79568b1078686add9805":["<iframe title=\"Sind die Ungeimpften schuld? - Ein Essay von Daniela Dahn\" width=\"500\" height=\"281\" src=\"https:\/\/www.youtube.com\/embed\/4KUPyiVwrjM?feature=oembed\" frameborder=\"0\" allow=\"accelerometer; autoplay; clipboard-write; encrypted-media; gyroscope; picture-in-picture; web-share\" referrerpolicy=\"strict-origin-when-cross-origin\" allowfullscreen><\/iframe>"],"_oembed_time_71df73a0abbc79568b1078686add9805":["1717299116"],"_oembed_683a5053afbee75d41d39b1f01edbc3a":["{{unknown}}"],"_oembed_4701304e3a9b18728655f7586fabc3d1":["{{unknown}}"],"_oembed_b5e0044a667f1964749e759cf882ad36":["<blockquote class=\"wp-embedded-content\" data-secret=\"mwM2RwHLeT\"><a href=\"https:\/\/tkp.at\/\">Der Blog f\u00fcr Science &#038; Politik<\/a><\/blockquote><iframe class=\"wp-embedded-content\" sandbox=\"allow-scripts\" security=\"restricted\" style=\"position: absolute; clip: rect(1px, 1px, 1px, 1px);\" title=\"&#8222;Der Blog f\u00fcr Science &#038; Politik&#8220; &#8212; tkp.at\" src=\"https:\/\/tkp.at\/embed\/#?secret=QdmBcRPT2h#?secret=mwM2RwHLeT\" data-secret=\"mwM2RwHLeT\" width=\"500\" height=\"282\" frameborder=\"0\" marginwidth=\"0\" marginheight=\"0\" scrolling=\"no\"><\/iframe>"],"_oembed_time_b5e0044a667f1964749e759cf882ad36":["1717299117"],"_oembed_6c45b9c2a0a3cf88fb32950394c9e27a":["{{unknown}}"],"_oembed_230cce0e0d593bfd070271782afc305f":["{{unknown}}"],"_oembed_42730f3da6fa3a0c4770e3e800b1d849":["{{unknown}}"],"_oembed_61c869faa76bb0d6ddb21fddba175a2e":["{{unknown}}"],"_oembed_5d13837daf1cf2a9216f95bffe7d476a":["{{unknown}}"],"_oembed_3d773caf4a32621aa3c77ff7285faf9a":["{{unknown}}"],"_oembed_8a36b8915d5d770d1c33c54f5f821f46":["<blockquote class=\"wp-embedded-content\" data-secret=\"NKWwlNSF93\"><a href=\"https:\/\/klartext-info.de\/?p=975\">Schockstrategie und Impfkampagne<\/a><\/blockquote><iframe class=\"wp-embedded-content\" sandbox=\"allow-scripts\" security=\"restricted\" style=\"position: absolute; clip: rect(1px, 1px, 1px, 1px);\" title=\"&#8222;Schockstrategie und Impfkampagne&#8220; &#8212; KLARtext-Blog\" src=\"https:\/\/klartext-info.de\/?p=975&#038;embed=true#?secret=N5KZMLULq3#?secret=NKWwlNSF93\" data-secret=\"NKWwlNSF93\" width=\"500\" height=\"282\" frameborder=\"0\" marginwidth=\"0\" marginheight=\"0\" scrolling=\"no\"><\/iframe>"],"_oembed_time_8a36b8915d5d770d1c33c54f5f821f46":["1717299126"],"_oembed_5c17a2131da5212d4b635130db7a76fc":["<blockquote class=\"wp-embedded-content\" data-secret=\"0MHEishmmk\"><a href=\"https:\/\/klartext-info.de\/?p=1004\">INITIATIVE LINKE KRITIK GEGEN LOCKDOWN: Umfangreiche Zusammenstellung von Medien-Beitr\u00e4gen &#8211; UPDATE 2021!<\/a><\/blockquote><iframe class=\"wp-embedded-content\" sandbox=\"allow-scripts\" security=\"restricted\" style=\"position: absolute; clip: rect(1px, 1px, 1px, 1px);\" title=\"&#8222;INITIATIVE LINKE KRITIK GEGEN LOCKDOWN: Umfangreiche Zusammenstellung von Medien-Beitr\u00e4gen &#8211; UPDATE 2021!&#8220; &#8212; KLARtext-Blog\" src=\"https:\/\/klartext-info.de\/?p=1004&#038;embed=true#?secret=mxPdoqIw80#?secret=0MHEishmmk\" data-secret=\"0MHEishmmk\" width=\"500\" height=\"282\" frameborder=\"0\" marginwidth=\"0\" marginheight=\"0\" scrolling=\"no\"><\/iframe>"],"_oembed_time_5c17a2131da5212d4b635130db7a76fc":["1717299128"],"_oembed_85832d2b1b4c9a31045425cf4be5804f":["{{unknown}}"],"_oembed_5dfa177afd72a7c7669c7c805b1bc0d0":["{{unknown}}"],"_oembed_f211e9b5bca294ea40e8e4313ccc5a8e":["{{unknown}}"],"_oembed_ab52605cd32a10a365826851750b9b95":["{{unknown}}"],"_oembed_a10317189cdd9c622c4bbc41786ca8d4":["{{unknown}}"],"_oembed_07ac0d41afc009ef5161decc928a80ba":["{{unknown}}"],"_oembed_9831c951504e8b2fd08a4388024cff28":["<blockquote class=\"wp-embedded-content\" data-secret=\"3ncBf4TYn8\"><a href=\"https:\/\/www.pressenza.com\/de\/2021\/11\/the-great-reset-der-grosse-neuanfang-des-kapitalismus\/\">The Great Reset: Der gro\u00dfe Neuanfang des Kapitalismus<\/a><\/blockquote><iframe class=\"wp-embedded-content\" sandbox=\"allow-scripts\" security=\"restricted\" style=\"position: absolute; clip: rect(1px, 1px, 1px, 1px);\" title=\"&#8222;The Great Reset: Der gro\u00dfe Neuanfang des Kapitalismus&#8220; &#8212; Pressenza\" src=\"https:\/\/www.pressenza.com\/de\/2021\/11\/the-great-reset-der-grosse-neuanfang-des-kapitalismus\/embed\/#?secret=26WoOwi4Gb#?secret=3ncBf4TYn8\" data-secret=\"3ncBf4TYn8\" width=\"500\" height=\"282\" frameborder=\"0\" marginwidth=\"0\" marginheight=\"0\" scrolling=\"no\"><\/iframe>"],"_oembed_time_9831c951504e8b2fd08a4388024cff28":["1717299133"],"_oembed_a0c7dfeef7a3ee8196a555503d838c1e":["{{unknown}}"],"_oembed_f493b81ac1fba9624d40928a6c5e0451":["{{unknown}}"],"_oembed_ed3c69053c963fb2cfece80c6e75bfbd":["<blockquote class=\"wp-embedded-content\" data-secret=\"UPI5w2F2eG\"><a href=\"https:\/\/hinter-den-schlagzeilen.de\/biofaschismus-und-medizinischem-fundamentalismus\">Biofaschismus und medizinischem Fundamentalismus<\/a><\/blockquote><iframe class=\"wp-embedded-content\" sandbox=\"allow-scripts\" security=\"restricted\" style=\"position: absolute; clip: rect(1px, 1px, 1px, 1px);\" title=\"&#8222;Biofaschismus und medizinischem Fundamentalismus&#8220; &#8212; HINTER DEN SCHLAGZEILEN\" src=\"https:\/\/hinter-den-schlagzeilen.de\/biofaschismus-und-medizinischem-fundamentalismus\/embed#?secret=45NRuE9jV8#?secret=UPI5w2F2eG\" data-secret=\"UPI5w2F2eG\" width=\"500\" height=\"282\" frameborder=\"0\" marginwidth=\"0\" marginheight=\"0\" scrolling=\"no\"><\/iframe>"],"_oembed_time_ed3c69053c963fb2cfece80c6e75bfbd":["1717299134"],"_oembed_0ec2176bbb9d7553b8f8296c48ddb00d":["{{unknown}}"],"_oembed_fc9e676bd7fde12261f6ca2b807aa09d":["<blockquote class=\"wp-embedded-content\" data-secret=\"mImpLgkNHW\"><a href=\"https:\/\/laufpass.com\/politik\/klaus-schwab-und-sein-grosser-faschistischer-reset\/\">Klaus Schwab und sein gro\u00dfer faschistischer Reset<\/a><\/blockquote><iframe class=\"wp-embedded-content\" sandbox=\"allow-scripts\" security=\"restricted\" style=\"position: absolute; clip: rect(1px, 1px, 1px, 1px);\" title=\"&#8222;Klaus Schwab und sein gro\u00dfer faschistischer Reset&#8220; &#8212; LAUFPASS.com\" src=\"https:\/\/laufpass.com\/politik\/klaus-schwab-und-sein-grosser-faschistischer-reset\/embed\/#?secret=5NYHpwJdZb#?secret=mImpLgkNHW\" data-secret=\"mImpLgkNHW\" width=\"500\" height=\"282\" frameborder=\"0\" marginwidth=\"0\" marginheight=\"0\" scrolling=\"no\"><\/iframe>"],"_oembed_time_fc9e676bd7fde12261f6ca2b807aa09d":["1717299136"],"_oembed_256dd31ef6bd4e75d2bfdf890781e7aa":["{{unknown}}"],"_oembed_4cc5bf1452c562fb17c1c879d63fd237":["{{unknown}}"],"_oembed_4f6efd602081bc268b2bd008bccaf2ad":["{{unknown}}"],"_oembed_673529d11fb1ee551c7685bfeaa3df9e":["{{unknown}}"]},"categories":[53],"tags":[56,7667,4871,7671,82,583,5783,7668,7670,5178,7669,2820,50],"yoast_head":"<!-- This site is optimized with the Yoast SEO Premium plugin v22.7 (Yoast SEO v22.7) - https:\/\/yoast.com\/wordpress\/plugins\/seo\/ -->\n<title>Der Aufstieg von Bill Gates - Kapitalist &amp; &quot;Charaktermaske des Kapitals&quot; (Marx) - The Corbett Report - just-now.NEWS Deutschland<\/title>\n<meta name=\"robots\" content=\"index, follow, max-snippet:-1, max-image-preview:large, max-video-preview:-1\" \/>\n<link rel=\"canonical\" href=\"https:\/\/now-news.de\/de\/great-reset\/greatvideos\/der-aufstieg-von-bill-gates-kapitalist-charaktermaske-des-kapitals-marx-the-corbett-report\/\" \/>\n<meta property=\"og:locale\" content=\"de_DE\" \/>\n<meta property=\"og:type\" content=\"article\" \/>\n<meta property=\"og:title\" content=\"Der Aufstieg von Bill Gates - Kapitalist &amp; &quot;Charaktermaske des Kapitals&quot; (Marx) - The Corbett Report\" \/>\n<meta property=\"og:description\" content=\"0:00:00 Teil 1 &#8211; Ein Blick hinter die Maske: \u201eWer ist Bill Gates?\u201c 0:23:58 Teil 2 &#8211; Bill Gates Plan zur Impfung der Welt 0:52:50 Teil 3 &#8211; Bill Gates und das Netz der Bev\u00f6lkerungskontrolle 1:31:39 Teil 4 &#8211; Begegnung mit Bill Gates Mehr Infos: Die Hintergr\u00fcnde der Pandemie \u2013 eine Analyse von Prof. Fabio [&hellip;]\" \/>\n<meta property=\"og:url\" content=\"https:\/\/now-news.de\/de\/great-reset\/greatvideos\/der-aufstieg-von-bill-gates-kapitalist-charaktermaske-des-kapitals-marx-the-corbett-report\/\" \/>\n<meta property=\"og:site_name\" content=\"just-now.NEWS Deutschland\" \/>\n<meta property=\"article:publisher\" content=\"https:\/\/www.facebook.com\/wirmachenauf\" \/>\n<meta property=\"article:published_time\" content=\"2022-04-22T06:04:54+00:00\" \/>\n<meta property=\"og:image\" content=\"https:\/\/now-news.de\/de\/wp-content\/uploads\/sites\/3\/2022\/04\/Der-Aufstieg-von-Bill-Gates-Kapitalist-amp-quotCharaktermaske-des.jpg\" \/>\n\t<meta property=\"og:image:width\" content=\"1280\" \/>\n\t<meta property=\"og:image:height\" content=\"720\" \/>\n\t<meta property=\"og:image:type\" content=\"image\/jpeg\" \/>\n<meta name=\"author\" content=\"greatreset\" \/>\n<meta name=\"twitter:card\" content=\"summary_large_image\" \/>\n<meta name=\"twitter:creator\" content=\"@WirMachenAuf_de\" \/>\n<meta name=\"twitter:site\" content=\"@WirMachenAuf_de\" \/>\n<meta name=\"twitter:label1\" content=\"Verfasst von\" \/>\n\t<meta name=\"twitter:data1\" content=\"greatreset\" \/>\n\t<meta name=\"twitter:label2\" content=\"Gesch\u00e4tzte Lesezeit\" \/>\n\t<meta name=\"twitter:data2\" content=\"3\u00a0Minuten\" \/>\n<script type=\"application\/ld+json\" class=\"yoast-schema-graph\">{\"@context\":\"https:\/\/schema.org\",\"@graph\":[{\"@type\":\"Article\",\"@id\":\"https:\/\/now-news.de\/de\/great-reset\/greatvideos\/der-aufstieg-von-bill-gates-kapitalist-charaktermaske-des-kapitals-marx-the-corbett-report\/#article\",\"isPartOf\":{\"@id\":\"https:\/\/now-news.de\/de\/great-reset\/greatvideos\/der-aufstieg-von-bill-gates-kapitalist-charaktermaske-des-kapitals-marx-the-corbett-report\/\"},\"author\":{\"name\":\"greatreset\",\"@id\":\"https:\/\/now-news.de\/de\/#\/schema\/person\/8afb4cd92b68572db7902c13a349ffcb\"},\"headline\":\"Der Aufstieg von Bill Gates &#8211; Kapitalist &amp; &quot;Charaktermaske des Kapitals&quot; (Marx) &#8211; The Corbett Report\",\"datePublished\":\"2022-04-22T06:04:54+00:00\",\"dateModified\":\"2022-04-22T06:04:54+00:00\",\"mainEntityOfPage\":{\"@id\":\"https:\/\/now-news.de\/de\/great-reset\/greatvideos\/der-aufstieg-von-bill-gates-kapitalist-charaktermaske-des-kapitals-marx-the-corbett-report\/\"},\"wordCount\":664,\"commentCount\":0,\"publisher\":{\"@id\":\"https:\/\/now-news.de\/de\/#organization\"},\"image\":{\"@id\":\"https:\/\/now-news.de\/de\/great-reset\/greatvideos\/der-aufstieg-von-bill-gates-kapitalist-charaktermaske-des-kapitals-marx-the-corbett-report\/#primaryimage\"},\"thumbnailUrl\":\"https:\/\/now-news.de\/de\/wp-content\/uploads\/sites\/3\/2022\/04\/Der-Aufstieg-von-Bill-Gates-Kapitalist-amp-quotCharaktermaske-des.jpg\",\"keywords\":[\"amp\",\"Aufstieg\",\"Bill\",\"Corbett\",\"der\",\"des\",\"Gates\",\"Kapitalist\",\"Kapitalsquot\",\"Marx\",\"quotCharaktermaske\",\"Report\",\"von\"],\"articleSection\":[\"GreatVideos\"],\"inLanguage\":\"de\",\"potentialAction\":[{\"@type\":\"CommentAction\",\"name\":\"Comment\",\"target\":[\"https:\/\/now-news.de\/de\/great-reset\/greatvideos\/der-aufstieg-von-bill-gates-kapitalist-charaktermaske-des-kapitals-marx-the-corbett-report\/#respond\"]}]},{\"@type\":\"WebPage\",\"@id\":\"https:\/\/now-news.de\/de\/great-reset\/greatvideos\/der-aufstieg-von-bill-gates-kapitalist-charaktermaske-des-kapitals-marx-the-corbett-report\/\",\"url\":\"https:\/\/now-news.de\/de\/great-reset\/greatvideos\/der-aufstieg-von-bill-gates-kapitalist-charaktermaske-des-kapitals-marx-the-corbett-report\/\",\"name\":\"Der Aufstieg von Bill Gates - Kapitalist &amp; &quot;Charaktermaske des Kapitals&quot; (Marx) - The Corbett Report - just-now.NEWS Deutschland\",\"isPartOf\":{\"@id\":\"https:\/\/now-news.de\/de\/#website\"},\"primaryImageOfPage\":{\"@id\":\"https:\/\/now-news.de\/de\/great-reset\/greatvideos\/der-aufstieg-von-bill-gates-kapitalist-charaktermaske-des-kapitals-marx-the-corbett-report\/#primaryimage\"},\"image\":{\"@id\":\"https:\/\/now-news.de\/de\/great-reset\/greatvideos\/der-aufstieg-von-bill-gates-kapitalist-charaktermaske-des-kapitals-marx-the-corbett-report\/#primaryimage\"},\"thumbnailUrl\":\"https:\/\/now-news.de\/de\/wp-content\/uploads\/sites\/3\/2022\/04\/Der-Aufstieg-von-Bill-Gates-Kapitalist-amp-quotCharaktermaske-des.jpg\",\"datePublished\":\"2022-04-22T06:04:54+00:00\",\"dateModified\":\"2022-04-22T06:04:54+00:00\",\"breadcrumb\":{\"@id\":\"https:\/\/now-news.de\/de\/great-reset\/greatvideos\/der-aufstieg-von-bill-gates-kapitalist-charaktermaske-des-kapitals-marx-the-corbett-report\/#breadcrumb\"},\"inLanguage\":\"de\",\"potentialAction\":[{\"@type\":\"ReadAction\",\"target\":[\"https:\/\/now-news.de\/de\/great-reset\/greatvideos\/der-aufstieg-von-bill-gates-kapitalist-charaktermaske-des-kapitals-marx-the-corbett-report\/\"]}]},{\"@type\":\"ImageObject\",\"inLanguage\":\"de\",\"@id\":\"https:\/\/now-news.de\/de\/great-reset\/greatvideos\/der-aufstieg-von-bill-gates-kapitalist-charaktermaske-des-kapitals-marx-the-corbett-report\/#primaryimage\",\"url\":\"https:\/\/now-news.de\/de\/wp-content\/uploads\/sites\/3\/2022\/04\/Der-Aufstieg-von-Bill-Gates-Kapitalist-amp-quotCharaktermaske-des.jpg\",\"contentUrl\":\"https:\/\/now-news.de\/de\/wp-content\/uploads\/sites\/3\/2022\/04\/Der-Aufstieg-von-Bill-Gates-Kapitalist-amp-quotCharaktermaske-des.jpg\",\"width\":1280,\"height\":720},{\"@type\":\"BreadcrumbList\",\"@id\":\"https:\/\/now-news.de\/de\/great-reset\/greatvideos\/der-aufstieg-von-bill-gates-kapitalist-charaktermaske-des-kapitals-marx-the-corbett-report\/#breadcrumb\",\"itemListElement\":[{\"@type\":\"ListItem\",\"position\":1,\"name\":\"Home\",\"item\":\"https:\/\/now-news.de\/de\/\"},{\"@type\":\"ListItem\",\"position\":2,\"name\":\"Der Aufstieg von Bill Gates &#8211; Kapitalist &amp; &quot;Charaktermaske des Kapitals&quot; (Marx) &#8211; The Corbett Report\"}]},{\"@type\":\"WebSite\",\"@id\":\"https:\/\/now-news.de\/de\/#website\",\"url\":\"https:\/\/now-news.de\/de\/\",\"name\":\"just-now.NEWS Deutschland\",\"description\":\"Das Portal f\u00fcr unzensierte Nachrichten aus der Welt\",\"publisher\":{\"@id\":\"https:\/\/now-news.de\/de\/#organization\"},\"potentialAction\":[{\"@type\":\"SearchAction\",\"target\":{\"@type\":\"EntryPoint\",\"urlTemplate\":\"https:\/\/now-news.de\/de\/?s={search_term_string}\"},\"query-input\":\"required name=search_term_string\"}],\"inLanguage\":\"de\"},{\"@type\":\"Organization\",\"@id\":\"https:\/\/now-news.de\/de\/#organization\",\"name\":\"Just Now News\",\"url\":\"https:\/\/now-news.de\/de\/\",\"logo\":{\"@type\":\"ImageObject\",\"inLanguage\":\"de\",\"@id\":\"https:\/\/now-news.de\/de\/#\/schema\/logo\/image\/\",\"url\":\"http:\/\/just-now.news\/de\/wp-content\/uploads\/sites\/3\/2022\/04\/logo500x500.jpg\",\"contentUrl\":\"http:\/\/just-now.news\/de\/wp-content\/uploads\/sites\/3\/2022\/04\/logo500x500.jpg\",\"width\":500,\"height\":500,\"caption\":\"Just Now News\"},\"image\":{\"@id\":\"https:\/\/now-news.de\/de\/#\/schema\/logo\/image\/\"},\"sameAs\":[\"https:\/\/www.facebook.com\/wirmachenauf\",\"https:\/\/x.com\/WirMachenAuf_de\"]},{\"@type\":\"Person\",\"@id\":\"https:\/\/now-news.de\/de\/#\/schema\/person\/8afb4cd92b68572db7902c13a349ffcb\",\"name\":\"greatreset\",\"image\":{\"@type\":\"ImageObject\",\"inLanguage\":\"de\",\"@id\":\"https:\/\/now-news.de\/de\/#\/schema\/person\/image\/\",\"url\":\"https:\/\/secure.gravatar.com\/avatar\/a088df625d49991c090e78c8b9542592?s=96&d=mm&r=g\",\"contentUrl\":\"https:\/\/secure.gravatar.com\/avatar\/a088df625d49991c090e78c8b9542592?s=96&d=mm&r=g\",\"caption\":\"greatreset\"},\"url\":\"https:\/\/now-news.de\/de\/author\/greatreset\/\"}]}<\/script>\n<!-- \/ Yoast SEO Premium plugin. -->","yoast_head_json":{"title":"Der Aufstieg von Bill Gates - Kapitalist &amp; &quot;Charaktermaske des Kapitals&quot; (Marx) - The Corbett Report - just-now.NEWS Deutschland","robots":{"index":"index","follow":"follow","max-snippet":"max-snippet:-1","max-image-preview":"max-image-preview:large","max-video-preview":"max-video-preview:-1"},"canonical":"https:\/\/now-news.de\/de\/great-reset\/greatvideos\/der-aufstieg-von-bill-gates-kapitalist-charaktermaske-des-kapitals-marx-the-corbett-report\/","og_locale":"de_DE","og_type":"article","og_title":"Der Aufstieg von Bill Gates - Kapitalist &amp; &quot;Charaktermaske des Kapitals&quot; (Marx) - The Corbett Report","og_description":"0:00:00 Teil 1 &#8211; Ein Blick hinter die Maske: \u201eWer ist Bill Gates?\u201c 0:23:58 Teil 2 &#8211; Bill Gates Plan zur Impfung der Welt 0:52:50 Teil 3 &#8211; Bill Gates und das Netz der Bev\u00f6lkerungskontrolle 1:31:39 Teil 4 &#8211; Begegnung mit Bill Gates Mehr Infos: Die Hintergr\u00fcnde der Pandemie \u2013 eine Analyse von Prof. Fabio [&hellip;]","og_url":"https:\/\/now-news.de\/de\/great-reset\/greatvideos\/der-aufstieg-von-bill-gates-kapitalist-charaktermaske-des-kapitals-marx-the-corbett-report\/","og_site_name":"just-now.NEWS Deutschland","article_publisher":"https:\/\/www.facebook.com\/wirmachenauf","article_published_time":"2022-04-22T06:04:54+00:00","og_image":[{"width":1280,"height":720,"url":"https:\/\/now-news.de\/de\/wp-content\/uploads\/sites\/3\/2022\/04\/Der-Aufstieg-von-Bill-Gates-Kapitalist-amp-quotCharaktermaske-des.jpg","type":"image\/jpeg"}],"author":"greatreset","twitter_card":"summary_large_image","twitter_creator":"@WirMachenAuf_de","twitter_site":"@WirMachenAuf_de","twitter_misc":{"Verfasst von":"greatreset","Gesch\u00e4tzte Lesezeit":"3\u00a0Minuten"},"schema":{"@context":"https:\/\/schema.org","@graph":[{"@type":"Article","@id":"https:\/\/now-news.de\/de\/great-reset\/greatvideos\/der-aufstieg-von-bill-gates-kapitalist-charaktermaske-des-kapitals-marx-the-corbett-report\/#article","isPartOf":{"@id":"https:\/\/now-news.de\/de\/great-reset\/greatvideos\/der-aufstieg-von-bill-gates-kapitalist-charaktermaske-des-kapitals-marx-the-corbett-report\/"},"author":{"name":"greatreset","@id":"https:\/\/now-news.de\/de\/#\/schema\/person\/8afb4cd92b68572db7902c13a349ffcb"},"headline":"Der Aufstieg von Bill Gates &#8211; Kapitalist &amp; &quot;Charaktermaske des Kapitals&quot; (Marx) &#8211; The Corbett Report","datePublished":"2022-04-22T06:04:54+00:00","dateModified":"2022-04-22T06:04:54+00:00","mainEntityOfPage":{"@id":"https:\/\/now-news.de\/de\/great-reset\/greatvideos\/der-aufstieg-von-bill-gates-kapitalist-charaktermaske-des-kapitals-marx-the-corbett-report\/"},"wordCount":664,"commentCount":0,"publisher":{"@id":"https:\/\/now-news.de\/de\/#organization"},"image":{"@id":"https:\/\/now-news.de\/de\/great-reset\/greatvideos\/der-aufstieg-von-bill-gates-kapitalist-charaktermaske-des-kapitals-marx-the-corbett-report\/#primaryimage"},"thumbnailUrl":"https:\/\/now-news.de\/de\/wp-content\/uploads\/sites\/3\/2022\/04\/Der-Aufstieg-von-Bill-Gates-Kapitalist-amp-quotCharaktermaske-des.jpg","keywords":["amp","Aufstieg","Bill","Corbett","der","des","Gates","Kapitalist","Kapitalsquot","Marx","quotCharaktermaske","Report","von"],"articleSection":["GreatVideos"],"inLanguage":"de","potentialAction":[{"@type":"CommentAction","name":"Comment","target":["https:\/\/now-news.de\/de\/great-reset\/greatvideos\/der-aufstieg-von-bill-gates-kapitalist-charaktermaske-des-kapitals-marx-the-corbett-report\/#respond"]}]},{"@type":"WebPage","@id":"https:\/\/now-news.de\/de\/great-reset\/greatvideos\/der-aufstieg-von-bill-gates-kapitalist-charaktermaske-des-kapitals-marx-the-corbett-report\/","url":"https:\/\/now-news.de\/de\/great-reset\/greatvideos\/der-aufstieg-von-bill-gates-kapitalist-charaktermaske-des-kapitals-marx-the-corbett-report\/","name":"Der Aufstieg von Bill Gates - Kapitalist &amp; &quot;Charaktermaske des Kapitals&quot; (Marx) - The Corbett Report - just-now.NEWS Deutschland","isPartOf":{"@id":"https:\/\/now-news.de\/de\/#website"},"primaryImageOfPage":{"@id":"https:\/\/now-news.de\/de\/great-reset\/greatvideos\/der-aufstieg-von-bill-gates-kapitalist-charaktermaske-des-kapitals-marx-the-corbett-report\/#primaryimage"},"image":{"@id":"https:\/\/now-news.de\/de\/great-reset\/greatvideos\/der-aufstieg-von-bill-gates-kapitalist-charaktermaske-des-kapitals-marx-the-corbett-report\/#primaryimage"},"thumbnailUrl":"https:\/\/now-news.de\/de\/wp-content\/uploads\/sites\/3\/2022\/04\/Der-Aufstieg-von-Bill-Gates-Kapitalist-amp-quotCharaktermaske-des.jpg","datePublished":"2022-04-22T06:04:54+00:00","dateModified":"2022-04-22T06:04:54+00:00","breadcrumb":{"@id":"https:\/\/now-news.de\/de\/great-reset\/greatvideos\/der-aufstieg-von-bill-gates-kapitalist-charaktermaske-des-kapitals-marx-the-corbett-report\/#breadcrumb"},"inLanguage":"de","potentialAction":[{"@type":"ReadAction","target":["https:\/\/now-news.de\/de\/great-reset\/greatvideos\/der-aufstieg-von-bill-gates-kapitalist-charaktermaske-des-kapitals-marx-the-corbett-report\/"]}]},{"@type":"ImageObject","inLanguage":"de","@id":"https:\/\/now-news.de\/de\/great-reset\/greatvideos\/der-aufstieg-von-bill-gates-kapitalist-charaktermaske-des-kapitals-marx-the-corbett-report\/#primaryimage","url":"https:\/\/now-news.de\/de\/wp-content\/uploads\/sites\/3\/2022\/04\/Der-Aufstieg-von-Bill-Gates-Kapitalist-amp-quotCharaktermaske-des.jpg","contentUrl":"https:\/\/now-news.de\/de\/wp-content\/uploads\/sites\/3\/2022\/04\/Der-Aufstieg-von-Bill-Gates-Kapitalist-amp-quotCharaktermaske-des.jpg","width":1280,"height":720},{"@type":"BreadcrumbList","@id":"https:\/\/now-news.de\/de\/great-reset\/greatvideos\/der-aufstieg-von-bill-gates-kapitalist-charaktermaske-des-kapitals-marx-the-corbett-report\/#breadcrumb","itemListElement":[{"@type":"ListItem","position":1,"name":"Home","item":"https:\/\/now-news.de\/de\/"},{"@type":"ListItem","position":2,"name":"Der Aufstieg von Bill Gates &#8211; Kapitalist &amp; &quot;Charaktermaske des Kapitals&quot; (Marx) &#8211; The Corbett Report"}]},{"@type":"WebSite","@id":"https:\/\/now-news.de\/de\/#website","url":"https:\/\/now-news.de\/de\/","name":"just-now.NEWS Deutschland","description":"Das Portal f\u00fcr unzensierte Nachrichten aus der Welt","publisher":{"@id":"https:\/\/now-news.de\/de\/#organization"},"potentialAction":[{"@type":"SearchAction","target":{"@type":"EntryPoint","urlTemplate":"https:\/\/now-news.de\/de\/?s={search_term_string}"},"query-input":"required name=search_term_string"}],"inLanguage":"de"},{"@type":"Organization","@id":"https:\/\/now-news.de\/de\/#organization","name":"Just Now News","url":"https:\/\/now-news.de\/de\/","logo":{"@type":"ImageObject","inLanguage":"de","@id":"https:\/\/now-news.de\/de\/#\/schema\/logo\/image\/","url":"http:\/\/just-now.news\/de\/wp-content\/uploads\/sites\/3\/2022\/04\/logo500x500.jpg","contentUrl":"http:\/\/just-now.news\/de\/wp-content\/uploads\/sites\/3\/2022\/04\/logo500x500.jpg","width":500,"height":500,"caption":"Just Now News"},"image":{"@id":"https:\/\/now-news.de\/de\/#\/schema\/logo\/image\/"},"sameAs":["https:\/\/www.facebook.com\/wirmachenauf","https:\/\/x.com\/WirMachenAuf_de"]},{"@type":"Person","@id":"https:\/\/now-news.de\/de\/#\/schema\/person\/8afb4cd92b68572db7902c13a349ffcb","name":"greatreset","image":{"@type":"ImageObject","inLanguage":"de","@id":"https:\/\/now-news.de\/de\/#\/schema\/person\/image\/","url":"https:\/\/secure.gravatar.com\/avatar\/a088df625d49991c090e78c8b9542592?s=96&d=mm&r=g","contentUrl":"https:\/\/secure.gravatar.com\/avatar\/a088df625d49991c090e78c8b9542592?s=96&d=mm&r=g","caption":"greatreset"},"url":"https:\/\/now-news.de\/de\/author\/greatreset\/"}]}},"_links":{"self":[{"href":"https:\/\/now-news.de\/de\/wp-json\/wp\/v2\/posts\/2623"}],"collection":[{"href":"https:\/\/now-news.de\/de\/wp-json\/wp\/v2\/posts"}],"about":[{"href":"https:\/\/now-news.de\/de\/wp-json\/wp\/v2\/types\/post"}],"author":[{"embeddable":true,"href":"https:\/\/now-news.de\/de\/wp-json\/wp\/v2\/users\/5"}],"replies":[{"embeddable":true,"href":"https:\/\/now-news.de\/de\/wp-json\/wp\/v2\/comments?post=2623"}],"version-history":[{"count":0,"href":"https:\/\/now-news.de\/de\/wp-json\/wp\/v2\/posts\/2623\/revisions"}],"wp:featuredmedia":[{"embeddable":true,"href":"https:\/\/now-news.de\/de\/wp-json\/wp\/v2\/media\/2624"}],"wp:attachment":[{"href":"https:\/\/now-news.de\/de\/wp-json\/wp\/v2\/media?parent=2623"}],"wp:term":[{"taxonomy":"category","embeddable":true,"href":"https:\/\/now-news.de\/de\/wp-json\/wp\/v2\/categories?post=2623"},{"taxonomy":"post_tag","embeddable":true,"href":"https:\/\/now-news.de\/de\/wp-json\/wp\/v2\/tags?post=2623"}],"curies":[{"name":"wp","href":"https:\/\/api.w.org\/{rel}","templated":true}]}}