{"id":26189,"date":"2022-12-23T18:30:08","date_gmt":"2022-12-23T16:30:08","guid":{"rendered":"https:\/\/just-now.news\/de\/deutschland\/geplante-wartungsarbeiten-fehlalarm-weckt-zehntausende-israelische-reservisten\/"},"modified":"2022-12-23T18:30:08","modified_gmt":"2022-12-23T16:30:08","slug":"geplante-wartungsarbeiten-fehlalarm-weckt-zehntausende-israelische-reservisten","status":"publish","type":"post","link":"https:\/\/now-news.de\/de\/deutschland\/geplante-wartungsarbeiten-fehlalarm-weckt-zehntausende-israelische-reservisten\/","title":{"rendered":"&quot;Geplante Wartungsarbeiten&quot;: Fehlalarm weckt Zehntausende israelische Reservisten"},"content":{"rendered":"<p><img decoding=\"async\" src=\"http:\/\/just-now.news\/de\/wp-content\/uploads\/sites\/3\/2022\/12\/63a5a0d348fbef797e6858fc.jpg\" \/><\/p>\n<div class=\"Text-root Text-type_1 \">\n                In Israel spielen Reservisten eine wichtige Rolle in der Verteidigungspolitik. Einige Reservistenverb\u00e4nde sollen innerhalb von zw\u00f6lf Stunden einsatzbereit sein. Zu diesem Zweck gibt es ein Benachrichtigungssystem, das bei Wartungsarbeiten auch mal f\u00fcr Verwirrung sorgen kann.\n            <\/div>\n<p><\/p>\n<div class=\"Text-root Text-type_5 ArticleView-text ViewText-root \">\n<p>Zigtausende israelische Reservisten sind in den fr\u00fchen Morgenstunden des 27. Dezember durch Telefonanrufe und Textmeldungen geweckt worden. Diese wurden durch das automatische Benachrichtigungssystem abgegeben, das im Fall eines Krieges, eines sonstigen Notfalls oder eines Man\u00f6vers Reservisten schnell zu den Waffen rufen soll. Der Alarm, der um 2 Uhr ausgel\u00f6st wurde, erwies sich jedoch als falsch.<\/p>\n<p>Wie die Israelischen Verteidigungsstreitkr\u00e4fte (IDF) auf Twitter <a rel=\"nofollow noopener\" target=\"_blank\" href=\"https:\/\/twitter.com\/idfonline\/status\/1605829978037305344\">mitteilten<\/a>, habe es sich um eine technische St\u00f6rung gehandelt. Niemand sei mobilisiert worden. Zu der Panne sei es bei &#8220;geplanten Wartungsarbeiten&#8221; gekommen. Das Problem sei im Laufe der Nacht behoben worden, und man untersuche die Ursache.<\/p>\n<p>Die Zeitung <em>Times of Israel<\/em>\u00a0<a rel=\"nofollow noopener\" target=\"_blank\" href=\"https:\/\/www.timesofisrael.com\/idf-accidentally-issues-nighttime-messages-to-thousands-of-reservist-troops\/\">berichtete<\/a> unter Berufung auf eine Milit\u00e4rquelle, dass ein Cyberangriff ausgeschlossen sei. Dem Blatt zufolge sei auf den betroffenen Handys eine Error-Meldung auf Englisch aufgetaucht. Im Fall von Anrufen sei die Verbindung sofort abgebrochen. Viele Soldaten und Reservisten seien dadurch verwirrt worden.<\/p>\n<p>Das war allerdings nicht der erste derartige Vorfall: Mitte April 2018 waren am Unabh\u00e4ngigkeitstag Hunderte Reservisten f\u00e4lschlicherweise\u00a0einberufen\u00a0worden. Gegen 7:30 Uhr Ortszeit bekamen die Betroffenen per Handy die Meldung \u00fcber eine dringliche Mobilmachung. Wenige Minuten sp\u00e4ter kam die Entwarnung.<\/p>\n<p><strong>Mehr zum Thema<\/strong> &#8211;\u00a0<a rel=\"nofollow noopener\" target=\"_blank\" href=\"https:\/\/de.rt.com\/der-nahe-osten\/157091-radikalste-regierung-in-geschichte-israels\/\">&#8220;Radikalste Regierung in der Geschichte Israels&#8221; \u2013 B\u00fcrger sollen das Land in Massen verlassen<\/a><\/p>\n<\/div>\n<p><script async src=\"https:\/\/platform.twitter.com\/widgets.js\" charset=\"utf-8\"><\/script><br \/>\n<br \/><br \/>\n<br \/><a href=\"https:\/\/de.rt.com\/der-nahe-osten\/157997-geplante-wartungsarbeiten-fehlalarm-weckt-zehntausende\/\">Source link <\/a><\/p>\n","protected":false},"excerpt":{"rendered":"<p>In Israel spielen Reservisten eine wichtige Rolle in der Verteidigungspolitik. Einige Reservistenverb\u00e4nde sollen innerhalb von zw\u00f6lf Stunden einsatzbereit sein. Zu diesem Zweck gibt es ein Benachrichtigungssystem, das bei Wartungsarbeiten auch mal f\u00fcr Verwirrung sorgen kann. Zigtausende israelische Reservisten sind in den fr\u00fchen Morgenstunden des 27. Dezember durch Telefonanrufe und Textmeldungen geweckt worden. Diese wurden durch [&hellip;]<\/p>\n","protected":false},"author":3,"featured_media":26190,"comment_status":"open","ping_status":"open","sticky":false,"template":"","format":"standard","meta":{"_yoast_indexnow_last_ping":["1671813570"],"wp_automatic_camp":["217"],"79a12e2dd262134a88ccaf1be69cdfa5":["&quot;Geplante Wartungsarbeiten&quot;: Fehlalarm weckt Zehntausende israelische Reservisten"],"original_link":["https:\/\/de.rt.com\/der-nahe-osten\/157997-geplante-wartungsarbeiten-fehlalarm-weckt-zehntausende\/"],"_thumbnail_id":["26190"],"_wptgpro_p2tg_sent2tg":["a:1:{i:23737;s:19:\"2022-12-23 18:42:03\";}"],"jnews_social_counter_last_update":["1777259457"]},"categories":[19,23],"tags":[22375,1166,37975,33540,37976,24434,25799],"yoast_head":"<!-- This site is optimized with the Yoast SEO Premium plugin v22.7 (Yoast SEO v22.7) - https:\/\/yoast.com\/wordpress\/plugins\/seo\/ -->\n<title>&quot;Geplante Wartungsarbeiten&quot;: Fehlalarm weckt Zehntausende israelische Reservisten - just-now.NEWS Deutschland<\/title>\n<meta name=\"robots\" content=\"index, follow, max-snippet:-1, max-image-preview:large, max-video-preview:-1\" \/>\n<link rel=\"canonical\" href=\"https:\/\/now-news.de\/de\/deutschland\/geplante-wartungsarbeiten-fehlalarm-weckt-zehntausende-israelische-reservisten\/\" \/>\n<meta property=\"og:locale\" content=\"de_DE\" \/>\n<meta property=\"og:type\" content=\"article\" \/>\n<meta property=\"og:title\" content=\"&quot;Geplante Wartungsarbeiten&quot;: Fehlalarm weckt Zehntausende israelische Reservisten\" \/>\n<meta property=\"og:description\" content=\"In Israel spielen Reservisten eine wichtige Rolle in der Verteidigungspolitik. Einige Reservistenverb\u00e4nde sollen innerhalb von zw\u00f6lf Stunden einsatzbereit sein. Zu diesem Zweck gibt es ein Benachrichtigungssystem, das bei Wartungsarbeiten auch mal f\u00fcr Verwirrung sorgen kann. Zigtausende israelische Reservisten sind in den fr\u00fchen Morgenstunden des 27. Dezember durch Telefonanrufe und Textmeldungen geweckt worden. Diese wurden durch [&hellip;]\" \/>\n<meta property=\"og:url\" content=\"https:\/\/now-news.de\/de\/deutschland\/geplante-wartungsarbeiten-fehlalarm-weckt-zehntausende-israelische-reservisten\/\" \/>\n<meta property=\"og:site_name\" content=\"just-now.NEWS Deutschland\" \/>\n<meta property=\"article:publisher\" content=\"https:\/\/www.facebook.com\/wirmachenauf\" \/>\n<meta property=\"article:published_time\" content=\"2022-12-23T16:30:08+00:00\" \/>\n<meta property=\"og:image\" content=\"https:\/\/now-news.de\/de\/wp-content\/uploads\/sites\/3\/2022\/12\/quotGeplante-Wartungsarbeitenquot-Fehlalarm-weckt-Zehntausende-israelische-Reservisten.jpg\" \/>\n\t<meta property=\"og:image:width\" content=\"460\" \/>\n\t<meta property=\"og:image:height\" content=\"259\" \/>\n\t<meta property=\"og:image:type\" content=\"image\/jpeg\" \/>\n<meta name=\"author\" content=\"rtnews\" \/>\n<meta name=\"twitter:card\" content=\"summary_large_image\" \/>\n<meta name=\"twitter:creator\" content=\"@WirMachenAuf_de\" \/>\n<meta name=\"twitter:site\" content=\"@WirMachenAuf_de\" \/>\n<meta name=\"twitter:label1\" content=\"Verfasst von\" \/>\n\t<meta name=\"twitter:data1\" content=\"rtnews\" \/>\n\t<meta name=\"twitter:label2\" content=\"Gesch\u00e4tzte Lesezeit\" \/>\n\t<meta name=\"twitter:data2\" content=\"1\u00a0Minute\" \/>\n<script type=\"application\/ld+json\" class=\"yoast-schema-graph\">{\"@context\":\"https:\/\/schema.org\",\"@graph\":[{\"@type\":\"Article\",\"@id\":\"https:\/\/now-news.de\/de\/deutschland\/geplante-wartungsarbeiten-fehlalarm-weckt-zehntausende-israelische-reservisten\/#article\",\"isPartOf\":{\"@id\":\"https:\/\/now-news.de\/de\/deutschland\/geplante-wartungsarbeiten-fehlalarm-weckt-zehntausende-israelische-reservisten\/\"},\"author\":{\"name\":\"rtnews\",\"@id\":\"https:\/\/now-news.de\/de\/#\/schema\/person\/fb534a4e865501d8b3285208df34a9b5\"},\"headline\":\"&quot;Geplante Wartungsarbeiten&quot;: Fehlalarm weckt Zehntausende israelische Reservisten\",\"datePublished\":\"2022-12-23T16:30:08+00:00\",\"dateModified\":\"2022-12-23T16:30:08+00:00\",\"mainEntityOfPage\":{\"@id\":\"https:\/\/now-news.de\/de\/deutschland\/geplante-wartungsarbeiten-fehlalarm-weckt-zehntausende-israelische-reservisten\/\"},\"wordCount\":257,\"commentCount\":0,\"publisher\":{\"@id\":\"https:\/\/now-news.de\/de\/#organization\"},\"image\":{\"@id\":\"https:\/\/now-news.de\/de\/deutschland\/geplante-wartungsarbeiten-fehlalarm-weckt-zehntausende-israelische-reservisten\/#primaryimage\"},\"thumbnailUrl\":\"https:\/\/now-news.de\/de\/wp-content\/uploads\/sites\/3\/2022\/12\/quotGeplante-Wartungsarbeitenquot-Fehlalarm-weckt-Zehntausende-israelische-Reservisten.jpg\",\"keywords\":[\"Fehlalarm\",\"Israelische\",\"quotGeplante\",\"Reservisten\",\"Wartungsarbeitenquot\",\"weckt\",\"Zehntausende\"],\"articleSection\":[\"Deutschland\",\"Russland\"],\"inLanguage\":\"de\",\"potentialAction\":[{\"@type\":\"CommentAction\",\"name\":\"Comment\",\"target\":[\"https:\/\/now-news.de\/de\/deutschland\/geplante-wartungsarbeiten-fehlalarm-weckt-zehntausende-israelische-reservisten\/#respond\"]}]},{\"@type\":\"WebPage\",\"@id\":\"https:\/\/now-news.de\/de\/deutschland\/geplante-wartungsarbeiten-fehlalarm-weckt-zehntausende-israelische-reservisten\/\",\"url\":\"https:\/\/now-news.de\/de\/deutschland\/geplante-wartungsarbeiten-fehlalarm-weckt-zehntausende-israelische-reservisten\/\",\"name\":\"&quot;Geplante Wartungsarbeiten&quot;: Fehlalarm weckt Zehntausende israelische Reservisten - just-now.NEWS Deutschland\",\"isPartOf\":{\"@id\":\"https:\/\/now-news.de\/de\/#website\"},\"primaryImageOfPage\":{\"@id\":\"https:\/\/now-news.de\/de\/deutschland\/geplante-wartungsarbeiten-fehlalarm-weckt-zehntausende-israelische-reservisten\/#primaryimage\"},\"image\":{\"@id\":\"https:\/\/now-news.de\/de\/deutschland\/geplante-wartungsarbeiten-fehlalarm-weckt-zehntausende-israelische-reservisten\/#primaryimage\"},\"thumbnailUrl\":\"https:\/\/now-news.de\/de\/wp-content\/uploads\/sites\/3\/2022\/12\/quotGeplante-Wartungsarbeitenquot-Fehlalarm-weckt-Zehntausende-israelische-Reservisten.jpg\",\"datePublished\":\"2022-12-23T16:30:08+00:00\",\"dateModified\":\"2022-12-23T16:30:08+00:00\",\"breadcrumb\":{\"@id\":\"https:\/\/now-news.de\/de\/deutschland\/geplante-wartungsarbeiten-fehlalarm-weckt-zehntausende-israelische-reservisten\/#breadcrumb\"},\"inLanguage\":\"de\",\"potentialAction\":[{\"@type\":\"ReadAction\",\"target\":[\"https:\/\/now-news.de\/de\/deutschland\/geplante-wartungsarbeiten-fehlalarm-weckt-zehntausende-israelische-reservisten\/\"]}]},{\"@type\":\"ImageObject\",\"inLanguage\":\"de\",\"@id\":\"https:\/\/now-news.de\/de\/deutschland\/geplante-wartungsarbeiten-fehlalarm-weckt-zehntausende-israelische-reservisten\/#primaryimage\",\"url\":\"https:\/\/now-news.de\/de\/wp-content\/uploads\/sites\/3\/2022\/12\/quotGeplante-Wartungsarbeitenquot-Fehlalarm-weckt-Zehntausende-israelische-Reservisten.jpg\",\"contentUrl\":\"https:\/\/now-news.de\/de\/wp-content\/uploads\/sites\/3\/2022\/12\/quotGeplante-Wartungsarbeitenquot-Fehlalarm-weckt-Zehntausende-israelische-Reservisten.jpg\",\"width\":460,\"height\":259,\"caption\":\"&quot;Geplante Wartungsarbeiten&quot;: Fehlalarm weckt Zehntausende israelische Reservisten\"},{\"@type\":\"BreadcrumbList\",\"@id\":\"https:\/\/now-news.de\/de\/deutschland\/geplante-wartungsarbeiten-fehlalarm-weckt-zehntausende-israelische-reservisten\/#breadcrumb\",\"itemListElement\":[{\"@type\":\"ListItem\",\"position\":1,\"name\":\"Home\",\"item\":\"https:\/\/now-news.de\/de\/\"},{\"@type\":\"ListItem\",\"position\":2,\"name\":\"&quot;Geplante Wartungsarbeiten&quot;: Fehlalarm weckt Zehntausende israelische Reservisten\"}]},{\"@type\":\"WebSite\",\"@id\":\"https:\/\/now-news.de\/de\/#website\",\"url\":\"https:\/\/now-news.de\/de\/\",\"name\":\"just-now.NEWS Deutschland\",\"description\":\"Das Portal f\u00fcr unzensierte Nachrichten aus der Welt\",\"publisher\":{\"@id\":\"https:\/\/now-news.de\/de\/#organization\"},\"potentialAction\":[{\"@type\":\"SearchAction\",\"target\":{\"@type\":\"EntryPoint\",\"urlTemplate\":\"https:\/\/now-news.de\/de\/?s={search_term_string}\"},\"query-input\":\"required name=search_term_string\"}],\"inLanguage\":\"de\"},{\"@type\":\"Organization\",\"@id\":\"https:\/\/now-news.de\/de\/#organization\",\"name\":\"Just Now News\",\"url\":\"https:\/\/now-news.de\/de\/\",\"logo\":{\"@type\":\"ImageObject\",\"inLanguage\":\"de\",\"@id\":\"https:\/\/now-news.de\/de\/#\/schema\/logo\/image\/\",\"url\":\"http:\/\/just-now.news\/de\/wp-content\/uploads\/sites\/3\/2022\/04\/logo500x500.jpg\",\"contentUrl\":\"http:\/\/just-now.news\/de\/wp-content\/uploads\/sites\/3\/2022\/04\/logo500x500.jpg\",\"width\":500,\"height\":500,\"caption\":\"Just Now News\"},\"image\":{\"@id\":\"https:\/\/now-news.de\/de\/#\/schema\/logo\/image\/\"},\"sameAs\":[\"https:\/\/www.facebook.com\/wirmachenauf\",\"https:\/\/x.com\/WirMachenAuf_de\"]},{\"@type\":\"Person\",\"@id\":\"https:\/\/now-news.de\/de\/#\/schema\/person\/fb534a4e865501d8b3285208df34a9b5\",\"name\":\"rtnews\",\"image\":{\"@type\":\"ImageObject\",\"inLanguage\":\"de\",\"@id\":\"https:\/\/now-news.de\/de\/#\/schema\/person\/image\/\",\"url\":\"https:\/\/secure.gravatar.com\/avatar\/82aafea7d8127119dd649515f56e2117?s=96&d=mm&r=g\",\"contentUrl\":\"https:\/\/secure.gravatar.com\/avatar\/82aafea7d8127119dd649515f56e2117?s=96&d=mm&r=g\",\"caption\":\"rtnews\"},\"url\":\"https:\/\/now-news.de\/de\/author\/rnews\/\"}]}<\/script>\n<!-- \/ Yoast SEO Premium plugin. -->","yoast_head_json":{"title":"&quot;Geplante Wartungsarbeiten&quot;: Fehlalarm weckt Zehntausende israelische Reservisten - just-now.NEWS Deutschland","robots":{"index":"index","follow":"follow","max-snippet":"max-snippet:-1","max-image-preview":"max-image-preview:large","max-video-preview":"max-video-preview:-1"},"canonical":"https:\/\/now-news.de\/de\/deutschland\/geplante-wartungsarbeiten-fehlalarm-weckt-zehntausende-israelische-reservisten\/","og_locale":"de_DE","og_type":"article","og_title":"&quot;Geplante Wartungsarbeiten&quot;: Fehlalarm weckt Zehntausende israelische Reservisten","og_description":"In Israel spielen Reservisten eine wichtige Rolle in der Verteidigungspolitik. Einige Reservistenverb\u00e4nde sollen innerhalb von zw\u00f6lf Stunden einsatzbereit sein. Zu diesem Zweck gibt es ein Benachrichtigungssystem, das bei Wartungsarbeiten auch mal f\u00fcr Verwirrung sorgen kann. Zigtausende israelische Reservisten sind in den fr\u00fchen Morgenstunden des 27. Dezember durch Telefonanrufe und Textmeldungen geweckt worden. Diese wurden durch [&hellip;]","og_url":"https:\/\/now-news.de\/de\/deutschland\/geplante-wartungsarbeiten-fehlalarm-weckt-zehntausende-israelische-reservisten\/","og_site_name":"just-now.NEWS Deutschland","article_publisher":"https:\/\/www.facebook.com\/wirmachenauf","article_published_time":"2022-12-23T16:30:08+00:00","og_image":[{"width":460,"height":259,"url":"https:\/\/now-news.de\/de\/wp-content\/uploads\/sites\/3\/2022\/12\/quotGeplante-Wartungsarbeitenquot-Fehlalarm-weckt-Zehntausende-israelische-Reservisten.jpg","type":"image\/jpeg"}],"author":"rtnews","twitter_card":"summary_large_image","twitter_creator":"@WirMachenAuf_de","twitter_site":"@WirMachenAuf_de","twitter_misc":{"Verfasst von":"rtnews","Gesch\u00e4tzte Lesezeit":"1\u00a0Minute"},"schema":{"@context":"https:\/\/schema.org","@graph":[{"@type":"Article","@id":"https:\/\/now-news.de\/de\/deutschland\/geplante-wartungsarbeiten-fehlalarm-weckt-zehntausende-israelische-reservisten\/#article","isPartOf":{"@id":"https:\/\/now-news.de\/de\/deutschland\/geplante-wartungsarbeiten-fehlalarm-weckt-zehntausende-israelische-reservisten\/"},"author":{"name":"rtnews","@id":"https:\/\/now-news.de\/de\/#\/schema\/person\/fb534a4e865501d8b3285208df34a9b5"},"headline":"&quot;Geplante Wartungsarbeiten&quot;: Fehlalarm weckt Zehntausende israelische Reservisten","datePublished":"2022-12-23T16:30:08+00:00","dateModified":"2022-12-23T16:30:08+00:00","mainEntityOfPage":{"@id":"https:\/\/now-news.de\/de\/deutschland\/geplante-wartungsarbeiten-fehlalarm-weckt-zehntausende-israelische-reservisten\/"},"wordCount":257,"commentCount":0,"publisher":{"@id":"https:\/\/now-news.de\/de\/#organization"},"image":{"@id":"https:\/\/now-news.de\/de\/deutschland\/geplante-wartungsarbeiten-fehlalarm-weckt-zehntausende-israelische-reservisten\/#primaryimage"},"thumbnailUrl":"https:\/\/now-news.de\/de\/wp-content\/uploads\/sites\/3\/2022\/12\/quotGeplante-Wartungsarbeitenquot-Fehlalarm-weckt-Zehntausende-israelische-Reservisten.jpg","keywords":["Fehlalarm","Israelische","quotGeplante","Reservisten","Wartungsarbeitenquot","weckt","Zehntausende"],"articleSection":["Deutschland","Russland"],"inLanguage":"de","potentialAction":[{"@type":"CommentAction","name":"Comment","target":["https:\/\/now-news.de\/de\/deutschland\/geplante-wartungsarbeiten-fehlalarm-weckt-zehntausende-israelische-reservisten\/#respond"]}]},{"@type":"WebPage","@id":"https:\/\/now-news.de\/de\/deutschland\/geplante-wartungsarbeiten-fehlalarm-weckt-zehntausende-israelische-reservisten\/","url":"https:\/\/now-news.de\/de\/deutschland\/geplante-wartungsarbeiten-fehlalarm-weckt-zehntausende-israelische-reservisten\/","name":"&quot;Geplante Wartungsarbeiten&quot;: Fehlalarm weckt Zehntausende israelische Reservisten - just-now.NEWS Deutschland","isPartOf":{"@id":"https:\/\/now-news.de\/de\/#website"},"primaryImageOfPage":{"@id":"https:\/\/now-news.de\/de\/deutschland\/geplante-wartungsarbeiten-fehlalarm-weckt-zehntausende-israelische-reservisten\/#primaryimage"},"image":{"@id":"https:\/\/now-news.de\/de\/deutschland\/geplante-wartungsarbeiten-fehlalarm-weckt-zehntausende-israelische-reservisten\/#primaryimage"},"thumbnailUrl":"https:\/\/now-news.de\/de\/wp-content\/uploads\/sites\/3\/2022\/12\/quotGeplante-Wartungsarbeitenquot-Fehlalarm-weckt-Zehntausende-israelische-Reservisten.jpg","datePublished":"2022-12-23T16:30:08+00:00","dateModified":"2022-12-23T16:30:08+00:00","breadcrumb":{"@id":"https:\/\/now-news.de\/de\/deutschland\/geplante-wartungsarbeiten-fehlalarm-weckt-zehntausende-israelische-reservisten\/#breadcrumb"},"inLanguage":"de","potentialAction":[{"@type":"ReadAction","target":["https:\/\/now-news.de\/de\/deutschland\/geplante-wartungsarbeiten-fehlalarm-weckt-zehntausende-israelische-reservisten\/"]}]},{"@type":"ImageObject","inLanguage":"de","@id":"https:\/\/now-news.de\/de\/deutschland\/geplante-wartungsarbeiten-fehlalarm-weckt-zehntausende-israelische-reservisten\/#primaryimage","url":"https:\/\/now-news.de\/de\/wp-content\/uploads\/sites\/3\/2022\/12\/quotGeplante-Wartungsarbeitenquot-Fehlalarm-weckt-Zehntausende-israelische-Reservisten.jpg","contentUrl":"https:\/\/now-news.de\/de\/wp-content\/uploads\/sites\/3\/2022\/12\/quotGeplante-Wartungsarbeitenquot-Fehlalarm-weckt-Zehntausende-israelische-Reservisten.jpg","width":460,"height":259,"caption":"&quot;Geplante Wartungsarbeiten&quot;: Fehlalarm weckt Zehntausende israelische Reservisten"},{"@type":"BreadcrumbList","@id":"https:\/\/now-news.de\/de\/deutschland\/geplante-wartungsarbeiten-fehlalarm-weckt-zehntausende-israelische-reservisten\/#breadcrumb","itemListElement":[{"@type":"ListItem","position":1,"name":"Home","item":"https:\/\/now-news.de\/de\/"},{"@type":"ListItem","position":2,"name":"&quot;Geplante Wartungsarbeiten&quot;: Fehlalarm weckt Zehntausende israelische Reservisten"}]},{"@type":"WebSite","@id":"https:\/\/now-news.de\/de\/#website","url":"https:\/\/now-news.de\/de\/","name":"just-now.NEWS Deutschland","description":"Das Portal f\u00fcr unzensierte Nachrichten aus der Welt","publisher":{"@id":"https:\/\/now-news.de\/de\/#organization"},"potentialAction":[{"@type":"SearchAction","target":{"@type":"EntryPoint","urlTemplate":"https:\/\/now-news.de\/de\/?s={search_term_string}"},"query-input":"required name=search_term_string"}],"inLanguage":"de"},{"@type":"Organization","@id":"https:\/\/now-news.de\/de\/#organization","name":"Just Now News","url":"https:\/\/now-news.de\/de\/","logo":{"@type":"ImageObject","inLanguage":"de","@id":"https:\/\/now-news.de\/de\/#\/schema\/logo\/image\/","url":"http:\/\/just-now.news\/de\/wp-content\/uploads\/sites\/3\/2022\/04\/logo500x500.jpg","contentUrl":"http:\/\/just-now.news\/de\/wp-content\/uploads\/sites\/3\/2022\/04\/logo500x500.jpg","width":500,"height":500,"caption":"Just Now News"},"image":{"@id":"https:\/\/now-news.de\/de\/#\/schema\/logo\/image\/"},"sameAs":["https:\/\/www.facebook.com\/wirmachenauf","https:\/\/x.com\/WirMachenAuf_de"]},{"@type":"Person","@id":"https:\/\/now-news.de\/de\/#\/schema\/person\/fb534a4e865501d8b3285208df34a9b5","name":"rtnews","image":{"@type":"ImageObject","inLanguage":"de","@id":"https:\/\/now-news.de\/de\/#\/schema\/person\/image\/","url":"https:\/\/secure.gravatar.com\/avatar\/82aafea7d8127119dd649515f56e2117?s=96&d=mm&r=g","contentUrl":"https:\/\/secure.gravatar.com\/avatar\/82aafea7d8127119dd649515f56e2117?s=96&d=mm&r=g","caption":"rtnews"},"url":"https:\/\/now-news.de\/de\/author\/rnews\/"}]}},"_links":{"self":[{"href":"https:\/\/now-news.de\/de\/wp-json\/wp\/v2\/posts\/26189"}],"collection":[{"href":"https:\/\/now-news.de\/de\/wp-json\/wp\/v2\/posts"}],"about":[{"href":"https:\/\/now-news.de\/de\/wp-json\/wp\/v2\/types\/post"}],"author":[{"embeddable":true,"href":"https:\/\/now-news.de\/de\/wp-json\/wp\/v2\/users\/3"}],"replies":[{"embeddable":true,"href":"https:\/\/now-news.de\/de\/wp-json\/wp\/v2\/comments?post=26189"}],"version-history":[{"count":0,"href":"https:\/\/now-news.de\/de\/wp-json\/wp\/v2\/posts\/26189\/revisions"}],"wp:featuredmedia":[{"embeddable":true,"href":"https:\/\/now-news.de\/de\/wp-json\/wp\/v2\/media\/26190"}],"wp:attachment":[{"href":"https:\/\/now-news.de\/de\/wp-json\/wp\/v2\/media?parent=26189"}],"wp:term":[{"taxonomy":"category","embeddable":true,"href":"https:\/\/now-news.de\/de\/wp-json\/wp\/v2\/categories?post=26189"},{"taxonomy":"post_tag","embeddable":true,"href":"https:\/\/now-news.de\/de\/wp-json\/wp\/v2\/tags?post=26189"}],"curies":[{"name":"wp","href":"https:\/\/api.w.org\/{rel}","templated":true}]}}