{"id":26181,"date":"2022-12-23T16:54:41","date_gmt":"2022-12-23T14:54:41","guid":{"rendered":"http:\/\/just-now.news\/de\/deutschland\/post-vac-syndrom-bundesregierung-lehnt-nun-offiziell-finanzielle-hilfen-ab\/"},"modified":"2022-12-23T16:54:41","modified_gmt":"2022-12-23T14:54:41","slug":"post-vac-syndrom-bundesregierung-lehnt-nun-offiziell-finanzielle-hilfen-ab","status":"publish","type":"post","link":"https:\/\/now-news.de\/de\/deutschland\/post-vac-syndrom-bundesregierung-lehnt-nun-offiziell-finanzielle-hilfen-ab\/","title":{"rendered":"Post-Vac-Syndrom: Bundesregierung lehnt nun offiziell finanzielle Hilfen ab"},"content":{"rendered":"<p><img decoding=\"async\" src=\"http:\/\/just-now.news\/de\/wp-content\/uploads\/sites\/3\/2022\/12\/63a5905348fbef622129f6bb.jpg\" \/><\/p>\n<div class=\"Text-root Text-type_1 \">\n                Bereits im letzten Jahr verabschiedete die Bundesregierung einen Forschungsetat zu Long COVID. Die Forschung zu den Gr\u00fcnden und Auswirkungen einer nachweislichen Existenz des Post-Vac-Syndroms nach COVID-19-Impfungen wie auch generelle Entsch\u00e4digungszahlungen sollen anscheinend nicht unterst\u00fctzt werden.\n            <\/div>\n<p><\/p>\n<div class=\"Text-root Text-type_5 ArticleView-text ViewText-root \">\n<p><em>Von Bernhard Loyen<\/em><\/p>\n<p>Die CDU\/CSU-Fraktion im Bundestag hat\u00a0eine kleine Anfrage an die\u00a0Bundesregierung zum regierungspolitischen Umgangs mit dem Post-Vac-Syndrom gestellt. Gekl\u00e4rt werden sollte \u00fcber den Fragenkatalog, welchen Handlungsbedarf die Ampel-Regierung bez\u00fcglich des sich stetig dynamisierenden Ph\u00e4nomens in Deutschland erkennt. Die Antwort lautet, dass die Bundesregierung\u00a0generell weiterhin keinerlei Hinweise auf &#8220;einen kausalen Zusammenhang von\u00a0Long COVID \u00e4hnlichen Symptomen nach einer COVID-19-Impfung&#8221; erkennen m\u00f6chte.<\/p>\n<p>Das Post-Vac-Syndrom\u00a0erf\u00e4hrt verglichen mit dem sogenannten Long-COVID-Syndrom medial wie auch vor allem\u00a0politisch weiterhin nur sehr\u00a0bedingte Aufmerksamkeit. Zu den spezifischen Unterschieden beider Ph\u00e4nomene hie\u00df es in einem <a rel=\"nofollow noopener\" target=\"_blank\" href=\"https:\/\/www.netdoktor.de\/magazin\/post-vac-syndrom-long-covid-nach-der-impfung\/#:~:text=Post%2DVac%20und%20Long%20Covid,der%20Impfung%E2%80%9C%2C%20erkl%C3%A4rt%20Schieffer.\">Artikel<\/a> aus dem August erl\u00e4uternd durch\u00a0Prof. Bernhard Schieffer, Direktor am Universit\u00e4tsklinikum Marburg und Leiter\u00a0der ersten Long-COVID-Ambulanz in Deutschland:<\/p>\n<blockquote>\n<p>&#8220;<em>Post-Vac und Long Covid sind prinzipiell dasselbe. Wir sehen keinen Unterschied: Im Grunde handelt es sich um Long Covid \u2013 nur eben nicht nach der Infektion, sondern aufgrund der Impfung.&#8221;<\/em><\/p>\n<\/blockquote>\n<p>Die\u00a0beschriebenen Symptome Betroffener sind daher \u00e4hnlich. Unter anderem werden kognitive und neurologische St\u00f6rungen beschrieben, Herz-Kreislauf-Probleme, bleierne M\u00fcdigkeit und migr\u00e4ne\u00e4hnliche Kopfschmerzen. In der Forschung zu Long COVID werden insgesamt mittlerweile \u00fcber 200 Symptome als m\u00f6gliche Beschwerdevarianten <a rel=\"nofollow noopener\" target=\"_blank\" href=\"https:\/\/www.netdoktor.de\/magazin\/post-vac-syndrom-long-covid-nach-der-impfung\/#:~:text=Post%2DVac%20und%20Long%20Covid,der%20Impfung%E2%80%9C%2C%20erkl%C3%A4rt%20Schieffer.\">beschrieben<\/a>. Die Beantwortung der Anfrage durch die CDU\/CSU-Fraktion\u00a0liegt dem Hamburger Magazin <em>Der Spiegel<\/em>\u00a0vor und wird im Rahmen eines Artikels\u00a0<a rel=\"nofollow noopener\" target=\"_blank\" href=\"https:\/\/www.spiegel.de\/gesundheit\/post-vac-syndrom-bundesregierung-plant-keine-hilfen-fuer-mutmasslich-betroffene-a-0979e2dd-3705-4973-8cdb-0b78ac632443\">erl\u00e4utert<\/a>\u00a0(Bezahlschranke). In der Antwort hei\u00dft es demnach:<\/p>\n<blockquote>\n<p><em>&#8220;Derzeit gibt es nach Auswertung der in Deutschland und international verf\u00fcgbaren Daten zu Verdachtsfallmeldungen nach COVID-19-Impfungen keinen Hinweis f\u00fcr einen kausalen Zusammenhang von\u00a0Long COVID \u00e4hnlichen Symptomen nach einer COVID-19-Impfung.&#8221;<\/em><\/p>\n<\/blockquote>\n<p>Ein &#8220;einheitliches Krankheitsbild&#8221; lasse sich derzeit &#8220;noch nicht abgrenzen&#8221;, da der Bundesregierung &#8220;keine Erkenntnisse zu den Ursachen des sogenannten Post-Vac-Syndroms vorliegen&#8221;. Weiter hei\u00dft es im <em>Spiegel<\/em>-Artikel:<\/p>\n<blockquote>\n<p><em>&#8220;Angesichts der Spontanberichte sei jedoch nicht auszuschlie\u00dfen, dass es sich bei den Beschwerden um m\u00f6gliche Impfnebenwirkungen handeln k\u00f6nne.&#8221;<\/em><\/p>\n<\/blockquote>\n<p>Zu den ma\u00dfgeblichen Problemen Post-Vac-Betroffener gilt weiterhin die Tatsache, dass behandelnde \u00c4rztinnen und \u00c4rzte zwar die Pflicht haben,\u00a0auff\u00e4llige Nebenwirkungen nach COVID-19-Impfungen zu melden, dass jedoch bei vermutetem &#8220;Post-Vac&#8221; nach wie vor keine eigene Kategorie in entsprechenden Meldeformularen zur Verf\u00fcgung steht. Es k\u00f6nnen daher nur einzelne konkrete Symptome angegeben werden.\u00a0Der behandelnde Mediziner kann beim Auftreten mehrerer Symptome gleichzeitig diese also nur einzeln melden, das gesamte Krankheitsbild wird so nicht erfasst, erkannt und dokumentiert. Dazu hei\u00dft es im Artikel:<\/p>\n<blockquote>\n<p><em>&#8220;Die Bundesregierung begr\u00fcndet das damit, dass &#8216;Post-Vac&#8217; ein unspezifischer Begriff f\u00fcr Beschwerden nach der Impfung und keine spezifische Bezeichnung f\u00fcr eine potenzielle Erkrankung sei.&#8221;<\/em><\/p>\n<\/blockquote>\n<p>Diese provokative Wahrnehmung soll anscheinend beibehalten werden \u2013 vollkommen kontr\u00e4r zur regelm\u00e4\u00dfigen mahnenden Thematisierung von Long COVID. Das Paul-Ehrlich-Institut (PEI) best\u00e4tigt diese bewusste Strategie durch eine Mitteilung im <a rel=\"nofollow noopener\" target=\"_blank\" href=\"https:\/\/www.pei.de\/SharedDocs\/Downloads\/DE\/newsroom\/dossiers\/sicherheitsberichte\/sicherheitsbericht-27-12-20-bis-30-06-22.pdf\">Sicherheitsbericht <\/a>vom September. Dort hei\u00dft es im Unterkapitel: &#8220;Verdachtsmeldungen \u00fcber lange andauernde Beschwerden nach COVID-19-Impfung \u2013 &#8216;Post-Vac'&#8221;:<\/p>\n<blockquote>\n<p><em>&#8220;Das Paul-Ehrlich-Institut erhielt in den letzten Monaten zunehmend Meldungen \u00fcber Gesundheitsst\u00f6rungen in unterschiedlichem Abstand zur COVID-19-Impfung (&#8230;). &#8216;Post-Vac&#8217; stellt dabei keine definierte Bezeichnung einer Erkrankung dar (im Gegensatz zu Long Covid und <a rel=\"nofollow noopener\" target=\"_blank\" href=\"https:\/\/www.mecfs.de\/was-ist-me-cfs\/\">CFS\/ME<\/a>). Der Begriff meint offenbar verschiedene Beschwerden, wie sie auch mit Long COVID in Verbindung gebracht werden. H\u00e4ufig fehlen allerdings wichtige klinische Informationen, sodass die diagnostische Sicherheit oft nicht beurteilt werden kann.&#8221;<\/em><\/p>\n<\/blockquote>\n<p>Im aktuellen &#8220;<a rel=\"nofollow noopener\" target=\"_blank\" href=\"https:\/\/www.pei.de\/SharedDocs\/Downloads\/DE\/newsroom\/bulletin-arzneimittelsicherheit\/2022\/4-2022.pdf?__blob=publicationFile&amp;v=4\">PEI-Bul\u00adle\u00adtin<\/a>\u00a0zur Arz\u00adnei\u00admit\u00adtel\u00adsi\u00adcher\u00adheit&#8221;, Ausgabe 04\/22, ist der Begriff &#8220;Post-Vac&#8221; nicht einmal vorzufinden.\u00a0Auf die Frage, ob Post-Vac-Betroffene mit einer Entsch\u00e4digung f\u00fcr ihr Leid rechnen k\u00f6nnten, antwortete die Bundesregierung nun aktuell:<\/p>\n<blockquote>\n<p><em>&#8220;Wer durch eine \u00f6ffentlich empfohlene Schutzimpfung oder eine Impfung aufgrund der Coronavirus-Impfverordnung einen Impfschaden erlitten hat, erh\u00e4lt auf Antrag Versorgung nach dem Bundesversorgungsgesetz.&#8221;<\/em><\/p>\n<\/blockquote>\n<p>Damit schiebt die Bundesregierung erneut eine potenzielle Entsch\u00e4digungszahlung bei ma\u00dfgeblicher\u00a0Verantwortlichkeit f\u00fcr potenzielle Impfsch\u00e4den durch entsprechende politische Verordnungen, geregelt \u00fcber das Infektionsschutzgesetz (IfSG), und <a rel=\"nofollow noopener\" target=\"_blank\" href=\"https:\/\/pressefreiheit.rtde.tech\/inland\/156001-schuetze-dich-buergerinitiative-setzt-bmg\/\">manipulativen Impfkampagnen<\/a> auf die L\u00e4nder ab. Dazu hei\u00dft es beim &#8220;<a rel=\"nofollow noopener\" target=\"_blank\" href=\"https:\/\/www.bundestag.de\/resource\/blob\/896070\/6ce9039f01ec95714abb4dcb5465971f\/WD-9-006-22-pdf-data.pdf\">Antragsverfahren<\/a>\u00a0bei der Geltendmachung eines Impfschadens nach einer Impfung gegen das Coronavirus SARS-CoV-2&#8243; auf Seite 5:<\/p>\n<blockquote>\n<p><em>&#8220;Zahlungsverpflichteter ist nach \u00a7 66 Abs. 2\u00a0(&#8230;) IfSG das Bundesland, in dem der Schaden verursacht worden ist. Sachlich zust\u00e4ndig f\u00fcr die Versorgungsleistung sind nach \u00a7 64 Abs. 1 S. 1 IfSG (&#8230;) \u00fcber das Verwaltungsverfahren der Kriegsopferversorgung (KOVVfG) die Versorgungs\u00e4mter als diejenigen Beh\u00f6rden, die f\u00fcr die Durchf\u00fchrung des Gesetzes \u00fcber die Versorgung der Opfer des Krieges (Bundesversorgungsgesetz \u2013 BVG) 8 zust\u00e4ndig sind. &#8220;<\/em><\/p>\n<\/blockquote>\n<p>Dies stellt jedoch weiterhin die gr\u00f6\u00dfte H\u00fcrde f\u00fcr die betroffenen Menschen dar.\u00a0Diese m\u00fcssen n\u00e4mlich zuvor erst beweisen, dass es einen kausalen Zusammenhang zwischen ihrer Impfung und\u00a0den belastenden Symptomen im Anschluss gibt. Erfahrungswerte, auch \u00fcber mediale Berichterstattung (<a rel=\"nofollow noopener\" target=\"_blank\" href=\"https:\/\/www.ardmediathek.de\/video\/fakt\/post-vac-syndrom-corona-impfung-mit-nebenwirkungen\/das-erste\/Y3JpZDovL21kci5kZS9iZWl0cmFnL2Ntcy8xNmE3MjlhYy01YTJkLTQxM2MtYTNlNC1hNThiYjBjM2Q3YjI\">Beispiel 1<\/a>, <a rel=\"nofollow noopener\" target=\"_blank\" href=\"https:\/\/www.youtube.com\/watch?v=wGf4b21BgA0\">Beispiel 2<\/a>, <a rel=\"nofollow noopener\" target=\"_blank\" href=\"https:\/\/www.zdf.de\/nachrichten\/panorama\/corona-long-covid-impfung-impfschaeden-100.html\">Beispiel 3<\/a>, <a rel=\"nofollow noopener\" target=\"_blank\" href=\"https:\/\/amp.zdf.de\/nachrichten\/drehscheibe\/corona-impfung-long-covid-post-vac-syndrom-100.html\">Beispiel 4<\/a>, <a rel=\"nofollow noopener\" target=\"_blank\" href=\"https:\/\/www.youtube.com\/watch?v=hl5pReQNfDo\">Beispiel 5<\/a>), belegen jedoch, dass gro\u00dfe Teile der deutschen \u00c4rzteschaft sich dieser neuen Leidensrealit\u00e4t weiterhin nicht stellen wollen, die Existenz des Post-Vac-Syndroms sogar tendenziell hinterfragen und schlicht negieren, anstatt beratend und unterst\u00fctzend zu agieren.<\/p>\n<p>Der <em>Spiegel<\/em>-Artikel res\u00fcmiert \u00fcberraschend kritisch, dass &#8220;auch die Bundesregierung sich im Umgang mit &#8216;Post Vac&#8217; bislang nicht durch besondere Transparenz&#8221; auszeichne.\u00a0Mehrfache Anfragen des <em>Spiegel<\/em> zu dem Thema &#8220;wurden in der Vergangenheit abgelehnt&#8221;. Auf eine aktuelle Anfrage hie\u00df es demnach, dass Bundesgesundheitsminister\u00a0Karl Lauterbach\u00a0(SPD) &#8220;sich &#8216;mehrfach <a rel=\"nofollow noopener\" target=\"_blank\" href=\"https:\/\/www.youtube.com\/watch?v=7vX7TwZy3h8\">zu dem Thema<\/a> ge\u00e4u\u00dfert&#8217; h\u00e4tte&#8221;. Ein Gespr\u00e4ch zwischen Weihnachten und Neujahr k\u00f6nne dem Magazin zudem &#8220;nicht angeboten werden&#8221;.<\/p>\n<p>Seit dem 31. Mai 2021 hei\u00dft es auf der <a rel=\"nofollow noopener\" target=\"_blank\" href=\"https:\/\/www.bundesregierung.de\/breg-de\/suche\/long-covid-1919600\">Webseite<\/a> der Bundesregierung demgegen\u00fcber:<\/p>\n<blockquote>\n<p><em>&#8220;Long Covid auf der Spur: Seit mehr als einem Jahr h\u00e4lt die Corona-Pandemie die Welt in Atem. Nachdem zun\u00e4chst die Forschung nach wirksamen Impfstoffen und Medikamenten zur Behandlung von Erkrankten\u00a0im Fokus stand, startet die Bundesregierung nun ein Forschungsprogramm zu Covid-19-Sp\u00e4tfolgen. F\u00fcnf Millionen Euro stehen daf\u00fcr zur Verf\u00fcgung.&#8221;<\/em><\/p>\n<\/blockquote>\n<p>Dieser medizinisch-politische Skandal von weiterhin nur bedingt absch\u00e4tzbaren Gr\u00f6\u00dfenordnung wird die Gesellschaft noch jahrelang begleiten, realistischer d\u00fcrften Jahrzehnte sein. Oberste Priorit\u00e4t haben\u00a0die dringend ben\u00f6tigten Gelder f\u00fcr die Tausenden Opfer einer kalkulierten und in Teilen fahrl\u00e4ssigen Politik bez\u00fcglich des Umgangs mit einem neuartigen mRNA-Wirkstoff, teils erzwungenen Impfungen und daraus resultierenden Folgeerkrankungen. Diese sind mittlerweile als Post-Vac-Syndrom erkannt, <a rel=\"nofollow noopener\" target=\"_blank\" href=\"https:\/\/www.deutschlandfunk.de\/post-vac-neu-entdeckte-biomarker-weisen-auf-impfschaeden-hin-100.html\">dokumentiert<\/a> und damit bewiesen.<\/p>\n<p><strong>Mehr zum Thema &#8211;<\/strong>\u00a0<a rel=\"nofollow noopener\" target=\"_blank\" href=\"https:\/\/pressefreiheit.rtde.tech\/inland\/157863-kein-neues-risikosignal-paul-ehrlich\/\">&#8220;Kein neues Risikosignal&#8221; \u2013 Paul-Ehrlich-Institut informiert zu Verdachtsf\u00e4llen nach Impfungen<\/a><\/p>\n<\/p>\n<\/div>\n<p><br \/>\n<br \/><a href=\"https:\/\/de.rt.com\/inland\/157994-post-vac-syndrom-bundesregierung-lehnt\/\">Source link <\/a><\/p>\n","protected":false},"excerpt":{"rendered":"<p>Bereits im letzten Jahr verabschiedete die Bundesregierung einen Forschungsetat zu Long COVID. Die Forschung zu den Gr\u00fcnden und Auswirkungen einer nachweislichen Existenz des Post-Vac-Syndroms nach COVID-19-Impfungen wie auch generelle Entsch\u00e4digungszahlungen sollen anscheinend nicht unterst\u00fctzt werden. Von Bernhard Loyen Die CDU\/CSU-Fraktion im Bundestag hat\u00a0eine kleine Anfrage an die\u00a0Bundesregierung zum regierungspolitischen Umgangs mit dem Post-Vac-Syndrom gestellt. Gekl\u00e4rt [&hellip;]<\/p>\n","protected":false},"author":3,"featured_media":26182,"comment_status":"open","ping_status":"open","sticky":false,"template":"","format":"standard","meta":{"_yoast_indexnow_last_ping":["1671807857"],"wp_automatic_camp":["217"],"c514619b94a0f4152f7f0be04777a3ed":["Post-Vac-Syndrom: Bundesregierung lehnt nun offiziell finanzielle Hilfen ab"],"original_link":["https:\/\/de.rt.com\/inland\/157994-post-vac-syndrom-bundesregierung-lehnt\/"],"_thumbnail_id":["26182"],"_wptgpro_p2tg_sent2tg":["a:1:{i:23737;s:19:\"2022-12-23 17:05:33\";}"],"jnews_social_counter_last_update":["1777258847"]},"categories":[19,23],"tags":[3807,24494,21788,2034,2121,2390,25088],"yoast_head":"<!-- This site is optimized with the Yoast SEO Premium plugin v22.7 (Yoast SEO v22.7) - https:\/\/yoast.com\/wordpress\/plugins\/seo\/ -->\n<title>Post-Vac-Syndrom: Bundesregierung lehnt nun offiziell finanzielle Hilfen ab - just-now.NEWS Deutschland<\/title>\n<meta name=\"robots\" content=\"index, follow, max-snippet:-1, max-image-preview:large, max-video-preview:-1\" \/>\n<link rel=\"canonical\" href=\"https:\/\/now-news.de\/de\/deutschland\/post-vac-syndrom-bundesregierung-lehnt-nun-offiziell-finanzielle-hilfen-ab\/\" \/>\n<meta property=\"og:locale\" content=\"de_DE\" \/>\n<meta property=\"og:type\" content=\"article\" \/>\n<meta property=\"og:title\" content=\"Post-Vac-Syndrom: Bundesregierung lehnt nun offiziell finanzielle Hilfen ab\" \/>\n<meta property=\"og:description\" content=\"Bereits im letzten Jahr verabschiedete die Bundesregierung einen Forschungsetat zu Long COVID. Die Forschung zu den Gr\u00fcnden und Auswirkungen einer nachweislichen Existenz des Post-Vac-Syndroms nach COVID-19-Impfungen wie auch generelle Entsch\u00e4digungszahlungen sollen anscheinend nicht unterst\u00fctzt werden. Von Bernhard Loyen Die CDU\/CSU-Fraktion im Bundestag hat\u00a0eine kleine Anfrage an die\u00a0Bundesregierung zum regierungspolitischen Umgangs mit dem Post-Vac-Syndrom gestellt. Gekl\u00e4rt [&hellip;]\" \/>\n<meta property=\"og:url\" content=\"https:\/\/now-news.de\/de\/deutschland\/post-vac-syndrom-bundesregierung-lehnt-nun-offiziell-finanzielle-hilfen-ab\/\" \/>\n<meta property=\"og:site_name\" content=\"just-now.NEWS Deutschland\" \/>\n<meta property=\"article:publisher\" content=\"https:\/\/www.facebook.com\/wirmachenauf\" \/>\n<meta property=\"article:published_time\" content=\"2022-12-23T14:54:41+00:00\" \/>\n<meta property=\"og:image\" content=\"https:\/\/now-news.de\/de\/wp-content\/uploads\/sites\/3\/2022\/12\/Post-Vac-Syndrom-Bundesregierung-lehnt-nun-offiziell-finanzielle-Hilfen-ab.jpg\" \/>\n\t<meta property=\"og:image:width\" content=\"460\" \/>\n\t<meta property=\"og:image:height\" content=\"259\" \/>\n\t<meta property=\"og:image:type\" content=\"image\/jpeg\" \/>\n<meta name=\"author\" content=\"rtnews\" \/>\n<meta name=\"twitter:card\" content=\"summary_large_image\" \/>\n<meta name=\"twitter:creator\" content=\"@WirMachenAuf_de\" \/>\n<meta name=\"twitter:site\" content=\"@WirMachenAuf_de\" \/>\n<meta name=\"twitter:label1\" content=\"Verfasst von\" \/>\n\t<meta name=\"twitter:data1\" content=\"rtnews\" \/>\n\t<meta name=\"twitter:label2\" content=\"Gesch\u00e4tzte Lesezeit\" \/>\n\t<meta name=\"twitter:data2\" content=\"5\u00a0Minuten\" \/>\n<script type=\"application\/ld+json\" class=\"yoast-schema-graph\">{\"@context\":\"https:\/\/schema.org\",\"@graph\":[{\"@type\":\"Article\",\"@id\":\"https:\/\/now-news.de\/de\/deutschland\/post-vac-syndrom-bundesregierung-lehnt-nun-offiziell-finanzielle-hilfen-ab\/#article\",\"isPartOf\":{\"@id\":\"https:\/\/now-news.de\/de\/deutschland\/post-vac-syndrom-bundesregierung-lehnt-nun-offiziell-finanzielle-hilfen-ab\/\"},\"author\":{\"name\":\"rtnews\",\"@id\":\"https:\/\/now-news.de\/de\/#\/schema\/person\/fb534a4e865501d8b3285208df34a9b5\"},\"headline\":\"Post-Vac-Syndrom: Bundesregierung lehnt nun offiziell finanzielle Hilfen ab\",\"datePublished\":\"2022-12-23T14:54:41+00:00\",\"dateModified\":\"2022-12-23T14:54:41+00:00\",\"mainEntityOfPage\":{\"@id\":\"https:\/\/now-news.de\/de\/deutschland\/post-vac-syndrom-bundesregierung-lehnt-nun-offiziell-finanzielle-hilfen-ab\/\"},\"wordCount\":1068,\"commentCount\":0,\"publisher\":{\"@id\":\"https:\/\/now-news.de\/de\/#organization\"},\"image\":{\"@id\":\"https:\/\/now-news.de\/de\/deutschland\/post-vac-syndrom-bundesregierung-lehnt-nun-offiziell-finanzielle-hilfen-ab\/#primaryimage\"},\"thumbnailUrl\":\"https:\/\/now-news.de\/de\/wp-content\/uploads\/sites\/3\/2022\/12\/Post-Vac-Syndrom-Bundesregierung-lehnt-nun-offiziell-finanzielle-Hilfen-ab.jpg\",\"keywords\":[\"Bundesregierung\",\"finanzielle\",\"Hilfen\",\"lehnt\",\"nun\",\"Offiziell\",\"PostVacSyndrom\"],\"articleSection\":[\"Deutschland\",\"Russland\"],\"inLanguage\":\"de\",\"potentialAction\":[{\"@type\":\"CommentAction\",\"name\":\"Comment\",\"target\":[\"https:\/\/now-news.de\/de\/deutschland\/post-vac-syndrom-bundesregierung-lehnt-nun-offiziell-finanzielle-hilfen-ab\/#respond\"]}]},{\"@type\":\"WebPage\",\"@id\":\"https:\/\/now-news.de\/de\/deutschland\/post-vac-syndrom-bundesregierung-lehnt-nun-offiziell-finanzielle-hilfen-ab\/\",\"url\":\"https:\/\/now-news.de\/de\/deutschland\/post-vac-syndrom-bundesregierung-lehnt-nun-offiziell-finanzielle-hilfen-ab\/\",\"name\":\"Post-Vac-Syndrom: Bundesregierung lehnt nun offiziell finanzielle Hilfen ab - just-now.NEWS Deutschland\",\"isPartOf\":{\"@id\":\"https:\/\/now-news.de\/de\/#website\"},\"primaryImageOfPage\":{\"@id\":\"https:\/\/now-news.de\/de\/deutschland\/post-vac-syndrom-bundesregierung-lehnt-nun-offiziell-finanzielle-hilfen-ab\/#primaryimage\"},\"image\":{\"@id\":\"https:\/\/now-news.de\/de\/deutschland\/post-vac-syndrom-bundesregierung-lehnt-nun-offiziell-finanzielle-hilfen-ab\/#primaryimage\"},\"thumbnailUrl\":\"https:\/\/now-news.de\/de\/wp-content\/uploads\/sites\/3\/2022\/12\/Post-Vac-Syndrom-Bundesregierung-lehnt-nun-offiziell-finanzielle-Hilfen-ab.jpg\",\"datePublished\":\"2022-12-23T14:54:41+00:00\",\"dateModified\":\"2022-12-23T14:54:41+00:00\",\"breadcrumb\":{\"@id\":\"https:\/\/now-news.de\/de\/deutschland\/post-vac-syndrom-bundesregierung-lehnt-nun-offiziell-finanzielle-hilfen-ab\/#breadcrumb\"},\"inLanguage\":\"de\",\"potentialAction\":[{\"@type\":\"ReadAction\",\"target\":[\"https:\/\/now-news.de\/de\/deutschland\/post-vac-syndrom-bundesregierung-lehnt-nun-offiziell-finanzielle-hilfen-ab\/\"]}]},{\"@type\":\"ImageObject\",\"inLanguage\":\"de\",\"@id\":\"https:\/\/now-news.de\/de\/deutschland\/post-vac-syndrom-bundesregierung-lehnt-nun-offiziell-finanzielle-hilfen-ab\/#primaryimage\",\"url\":\"https:\/\/now-news.de\/de\/wp-content\/uploads\/sites\/3\/2022\/12\/Post-Vac-Syndrom-Bundesregierung-lehnt-nun-offiziell-finanzielle-Hilfen-ab.jpg\",\"contentUrl\":\"https:\/\/now-news.de\/de\/wp-content\/uploads\/sites\/3\/2022\/12\/Post-Vac-Syndrom-Bundesregierung-lehnt-nun-offiziell-finanzielle-Hilfen-ab.jpg\",\"width\":460,\"height\":259,\"caption\":\"Post-Vac-Syndrom: Bundesregierung lehnt nun offiziell finanzielle Hilfen ab\"},{\"@type\":\"BreadcrumbList\",\"@id\":\"https:\/\/now-news.de\/de\/deutschland\/post-vac-syndrom-bundesregierung-lehnt-nun-offiziell-finanzielle-hilfen-ab\/#breadcrumb\",\"itemListElement\":[{\"@type\":\"ListItem\",\"position\":1,\"name\":\"Home\",\"item\":\"https:\/\/now-news.de\/de\/\"},{\"@type\":\"ListItem\",\"position\":2,\"name\":\"Post-Vac-Syndrom: Bundesregierung lehnt nun offiziell finanzielle Hilfen ab\"}]},{\"@type\":\"WebSite\",\"@id\":\"https:\/\/now-news.de\/de\/#website\",\"url\":\"https:\/\/now-news.de\/de\/\",\"name\":\"just-now.NEWS Deutschland\",\"description\":\"Das Portal f\u00fcr unzensierte Nachrichten aus der Welt\",\"publisher\":{\"@id\":\"https:\/\/now-news.de\/de\/#organization\"},\"potentialAction\":[{\"@type\":\"SearchAction\",\"target\":{\"@type\":\"EntryPoint\",\"urlTemplate\":\"https:\/\/now-news.de\/de\/?s={search_term_string}\"},\"query-input\":\"required name=search_term_string\"}],\"inLanguage\":\"de\"},{\"@type\":\"Organization\",\"@id\":\"https:\/\/now-news.de\/de\/#organization\",\"name\":\"Just Now News\",\"url\":\"https:\/\/now-news.de\/de\/\",\"logo\":{\"@type\":\"ImageObject\",\"inLanguage\":\"de\",\"@id\":\"https:\/\/now-news.de\/de\/#\/schema\/logo\/image\/\",\"url\":\"http:\/\/just-now.news\/de\/wp-content\/uploads\/sites\/3\/2022\/04\/logo500x500.jpg\",\"contentUrl\":\"http:\/\/just-now.news\/de\/wp-content\/uploads\/sites\/3\/2022\/04\/logo500x500.jpg\",\"width\":500,\"height\":500,\"caption\":\"Just Now News\"},\"image\":{\"@id\":\"https:\/\/now-news.de\/de\/#\/schema\/logo\/image\/\"},\"sameAs\":[\"https:\/\/www.facebook.com\/wirmachenauf\",\"https:\/\/x.com\/WirMachenAuf_de\"]},{\"@type\":\"Person\",\"@id\":\"https:\/\/now-news.de\/de\/#\/schema\/person\/fb534a4e865501d8b3285208df34a9b5\",\"name\":\"rtnews\",\"image\":{\"@type\":\"ImageObject\",\"inLanguage\":\"de\",\"@id\":\"https:\/\/now-news.de\/de\/#\/schema\/person\/image\/\",\"url\":\"https:\/\/secure.gravatar.com\/avatar\/82aafea7d8127119dd649515f56e2117?s=96&d=mm&r=g\",\"contentUrl\":\"https:\/\/secure.gravatar.com\/avatar\/82aafea7d8127119dd649515f56e2117?s=96&d=mm&r=g\",\"caption\":\"rtnews\"},\"url\":\"https:\/\/now-news.de\/de\/author\/rnews\/\"}]}<\/script>\n<!-- \/ Yoast SEO Premium plugin. -->","yoast_head_json":{"title":"Post-Vac-Syndrom: Bundesregierung lehnt nun offiziell finanzielle Hilfen ab - just-now.NEWS Deutschland","robots":{"index":"index","follow":"follow","max-snippet":"max-snippet:-1","max-image-preview":"max-image-preview:large","max-video-preview":"max-video-preview:-1"},"canonical":"https:\/\/now-news.de\/de\/deutschland\/post-vac-syndrom-bundesregierung-lehnt-nun-offiziell-finanzielle-hilfen-ab\/","og_locale":"de_DE","og_type":"article","og_title":"Post-Vac-Syndrom: Bundesregierung lehnt nun offiziell finanzielle Hilfen ab","og_description":"Bereits im letzten Jahr verabschiedete die Bundesregierung einen Forschungsetat zu Long COVID. Die Forschung zu den Gr\u00fcnden und Auswirkungen einer nachweislichen Existenz des Post-Vac-Syndroms nach COVID-19-Impfungen wie auch generelle Entsch\u00e4digungszahlungen sollen anscheinend nicht unterst\u00fctzt werden. Von Bernhard Loyen Die CDU\/CSU-Fraktion im Bundestag hat\u00a0eine kleine Anfrage an die\u00a0Bundesregierung zum regierungspolitischen Umgangs mit dem Post-Vac-Syndrom gestellt. Gekl\u00e4rt [&hellip;]","og_url":"https:\/\/now-news.de\/de\/deutschland\/post-vac-syndrom-bundesregierung-lehnt-nun-offiziell-finanzielle-hilfen-ab\/","og_site_name":"just-now.NEWS Deutschland","article_publisher":"https:\/\/www.facebook.com\/wirmachenauf","article_published_time":"2022-12-23T14:54:41+00:00","og_image":[{"width":460,"height":259,"url":"https:\/\/now-news.de\/de\/wp-content\/uploads\/sites\/3\/2022\/12\/Post-Vac-Syndrom-Bundesregierung-lehnt-nun-offiziell-finanzielle-Hilfen-ab.jpg","type":"image\/jpeg"}],"author":"rtnews","twitter_card":"summary_large_image","twitter_creator":"@WirMachenAuf_de","twitter_site":"@WirMachenAuf_de","twitter_misc":{"Verfasst von":"rtnews","Gesch\u00e4tzte Lesezeit":"5\u00a0Minuten"},"schema":{"@context":"https:\/\/schema.org","@graph":[{"@type":"Article","@id":"https:\/\/now-news.de\/de\/deutschland\/post-vac-syndrom-bundesregierung-lehnt-nun-offiziell-finanzielle-hilfen-ab\/#article","isPartOf":{"@id":"https:\/\/now-news.de\/de\/deutschland\/post-vac-syndrom-bundesregierung-lehnt-nun-offiziell-finanzielle-hilfen-ab\/"},"author":{"name":"rtnews","@id":"https:\/\/now-news.de\/de\/#\/schema\/person\/fb534a4e865501d8b3285208df34a9b5"},"headline":"Post-Vac-Syndrom: Bundesregierung lehnt nun offiziell finanzielle Hilfen ab","datePublished":"2022-12-23T14:54:41+00:00","dateModified":"2022-12-23T14:54:41+00:00","mainEntityOfPage":{"@id":"https:\/\/now-news.de\/de\/deutschland\/post-vac-syndrom-bundesregierung-lehnt-nun-offiziell-finanzielle-hilfen-ab\/"},"wordCount":1068,"commentCount":0,"publisher":{"@id":"https:\/\/now-news.de\/de\/#organization"},"image":{"@id":"https:\/\/now-news.de\/de\/deutschland\/post-vac-syndrom-bundesregierung-lehnt-nun-offiziell-finanzielle-hilfen-ab\/#primaryimage"},"thumbnailUrl":"https:\/\/now-news.de\/de\/wp-content\/uploads\/sites\/3\/2022\/12\/Post-Vac-Syndrom-Bundesregierung-lehnt-nun-offiziell-finanzielle-Hilfen-ab.jpg","keywords":["Bundesregierung","finanzielle","Hilfen","lehnt","nun","Offiziell","PostVacSyndrom"],"articleSection":["Deutschland","Russland"],"inLanguage":"de","potentialAction":[{"@type":"CommentAction","name":"Comment","target":["https:\/\/now-news.de\/de\/deutschland\/post-vac-syndrom-bundesregierung-lehnt-nun-offiziell-finanzielle-hilfen-ab\/#respond"]}]},{"@type":"WebPage","@id":"https:\/\/now-news.de\/de\/deutschland\/post-vac-syndrom-bundesregierung-lehnt-nun-offiziell-finanzielle-hilfen-ab\/","url":"https:\/\/now-news.de\/de\/deutschland\/post-vac-syndrom-bundesregierung-lehnt-nun-offiziell-finanzielle-hilfen-ab\/","name":"Post-Vac-Syndrom: Bundesregierung lehnt nun offiziell finanzielle Hilfen ab - just-now.NEWS Deutschland","isPartOf":{"@id":"https:\/\/now-news.de\/de\/#website"},"primaryImageOfPage":{"@id":"https:\/\/now-news.de\/de\/deutschland\/post-vac-syndrom-bundesregierung-lehnt-nun-offiziell-finanzielle-hilfen-ab\/#primaryimage"},"image":{"@id":"https:\/\/now-news.de\/de\/deutschland\/post-vac-syndrom-bundesregierung-lehnt-nun-offiziell-finanzielle-hilfen-ab\/#primaryimage"},"thumbnailUrl":"https:\/\/now-news.de\/de\/wp-content\/uploads\/sites\/3\/2022\/12\/Post-Vac-Syndrom-Bundesregierung-lehnt-nun-offiziell-finanzielle-Hilfen-ab.jpg","datePublished":"2022-12-23T14:54:41+00:00","dateModified":"2022-12-23T14:54:41+00:00","breadcrumb":{"@id":"https:\/\/now-news.de\/de\/deutschland\/post-vac-syndrom-bundesregierung-lehnt-nun-offiziell-finanzielle-hilfen-ab\/#breadcrumb"},"inLanguage":"de","potentialAction":[{"@type":"ReadAction","target":["https:\/\/now-news.de\/de\/deutschland\/post-vac-syndrom-bundesregierung-lehnt-nun-offiziell-finanzielle-hilfen-ab\/"]}]},{"@type":"ImageObject","inLanguage":"de","@id":"https:\/\/now-news.de\/de\/deutschland\/post-vac-syndrom-bundesregierung-lehnt-nun-offiziell-finanzielle-hilfen-ab\/#primaryimage","url":"https:\/\/now-news.de\/de\/wp-content\/uploads\/sites\/3\/2022\/12\/Post-Vac-Syndrom-Bundesregierung-lehnt-nun-offiziell-finanzielle-Hilfen-ab.jpg","contentUrl":"https:\/\/now-news.de\/de\/wp-content\/uploads\/sites\/3\/2022\/12\/Post-Vac-Syndrom-Bundesregierung-lehnt-nun-offiziell-finanzielle-Hilfen-ab.jpg","width":460,"height":259,"caption":"Post-Vac-Syndrom: Bundesregierung lehnt nun offiziell finanzielle Hilfen ab"},{"@type":"BreadcrumbList","@id":"https:\/\/now-news.de\/de\/deutschland\/post-vac-syndrom-bundesregierung-lehnt-nun-offiziell-finanzielle-hilfen-ab\/#breadcrumb","itemListElement":[{"@type":"ListItem","position":1,"name":"Home","item":"https:\/\/now-news.de\/de\/"},{"@type":"ListItem","position":2,"name":"Post-Vac-Syndrom: Bundesregierung lehnt nun offiziell finanzielle Hilfen ab"}]},{"@type":"WebSite","@id":"https:\/\/now-news.de\/de\/#website","url":"https:\/\/now-news.de\/de\/","name":"just-now.NEWS Deutschland","description":"Das Portal f\u00fcr unzensierte Nachrichten aus der Welt","publisher":{"@id":"https:\/\/now-news.de\/de\/#organization"},"potentialAction":[{"@type":"SearchAction","target":{"@type":"EntryPoint","urlTemplate":"https:\/\/now-news.de\/de\/?s={search_term_string}"},"query-input":"required name=search_term_string"}],"inLanguage":"de"},{"@type":"Organization","@id":"https:\/\/now-news.de\/de\/#organization","name":"Just Now News","url":"https:\/\/now-news.de\/de\/","logo":{"@type":"ImageObject","inLanguage":"de","@id":"https:\/\/now-news.de\/de\/#\/schema\/logo\/image\/","url":"http:\/\/just-now.news\/de\/wp-content\/uploads\/sites\/3\/2022\/04\/logo500x500.jpg","contentUrl":"http:\/\/just-now.news\/de\/wp-content\/uploads\/sites\/3\/2022\/04\/logo500x500.jpg","width":500,"height":500,"caption":"Just Now News"},"image":{"@id":"https:\/\/now-news.de\/de\/#\/schema\/logo\/image\/"},"sameAs":["https:\/\/www.facebook.com\/wirmachenauf","https:\/\/x.com\/WirMachenAuf_de"]},{"@type":"Person","@id":"https:\/\/now-news.de\/de\/#\/schema\/person\/fb534a4e865501d8b3285208df34a9b5","name":"rtnews","image":{"@type":"ImageObject","inLanguage":"de","@id":"https:\/\/now-news.de\/de\/#\/schema\/person\/image\/","url":"https:\/\/secure.gravatar.com\/avatar\/82aafea7d8127119dd649515f56e2117?s=96&d=mm&r=g","contentUrl":"https:\/\/secure.gravatar.com\/avatar\/82aafea7d8127119dd649515f56e2117?s=96&d=mm&r=g","caption":"rtnews"},"url":"https:\/\/now-news.de\/de\/author\/rnews\/"}]}},"_links":{"self":[{"href":"https:\/\/now-news.de\/de\/wp-json\/wp\/v2\/posts\/26181"}],"collection":[{"href":"https:\/\/now-news.de\/de\/wp-json\/wp\/v2\/posts"}],"about":[{"href":"https:\/\/now-news.de\/de\/wp-json\/wp\/v2\/types\/post"}],"author":[{"embeddable":true,"href":"https:\/\/now-news.de\/de\/wp-json\/wp\/v2\/users\/3"}],"replies":[{"embeddable":true,"href":"https:\/\/now-news.de\/de\/wp-json\/wp\/v2\/comments?post=26181"}],"version-history":[{"count":0,"href":"https:\/\/now-news.de\/de\/wp-json\/wp\/v2\/posts\/26181\/revisions"}],"wp:featuredmedia":[{"embeddable":true,"href":"https:\/\/now-news.de\/de\/wp-json\/wp\/v2\/media\/26182"}],"wp:attachment":[{"href":"https:\/\/now-news.de\/de\/wp-json\/wp\/v2\/media?parent=26181"}],"wp:term":[{"taxonomy":"category","embeddable":true,"href":"https:\/\/now-news.de\/de\/wp-json\/wp\/v2\/categories?post=26181"},{"taxonomy":"post_tag","embeddable":true,"href":"https:\/\/now-news.de\/de\/wp-json\/wp\/v2\/tags?post=26181"}],"curies":[{"name":"wp","href":"https:\/\/api.w.org\/{rel}","templated":true}]}}