{"id":26161,"date":"2022-12-23T11:19:21","date_gmt":"2022-12-23T09:19:21","guid":{"rendered":"https:\/\/just-now.news\/de\/deutschland\/irans-aussenministerium-verurteilt-unanstaendige-aeusserungen-selenskijs-in-den-usa\/"},"modified":"2022-12-23T11:19:21","modified_gmt":"2022-12-23T09:19:21","slug":"irans-aussenministerium-verurteilt-unanstaendige-aeusserungen-selenskijs-in-den-usa","status":"publish","type":"post","link":"https:\/\/now-news.de\/de\/deutschland\/irans-aussenministerium-verurteilt-unanstaendige-aeusserungen-selenskijs-in-den-usa\/","title":{"rendered":"Irans Au\u00dfenministerium verurteilt &quot;unanst\u00e4ndige \u00c4u\u00dferungen&quot; Selenskijs in den USA"},"content":{"rendered":"<p><img decoding=\"async\" src=\"http:\/\/just-now.news\/de\/wp-content\/uploads\/sites\/3\/2022\/12\/63a5638cb480cc3779386d99.jpg\" \/><\/p>\n<div class=\"Text-root Text-type_1 \">\n                Der Sprecher des iranischen Au\u00dfenministeriums Kanaani hat die Aussagen des ukrainischen Pr\u00e4sidenten scharf kritisiert. In einer Rede im US-Kongress hatte Selenskij Iran als einen &#8220;terroristischen&#8221; Staat bezeichnet, der Russland im Ukraine-Konflikt helfe.\n            <\/div>\n<p><\/p>\n<div class=\"Text-root Text-type_5 ArticleView-text ViewText-root \">\n<p>Nasser Kanaani, der Sprecher des iranischen Au\u00dfenministeriums, hat mit einer Mitteilung am Donnerstag auf &#8220;wiederholte Anschuldigungen&#8221; und &#8220;unanst\u00e4ndige \u00c4u\u00dferungen&#8221; des<strong>\u00a0<\/strong>ukrainischen Pr\u00e4sidenten Wladimir Selenskij im US-Kongress <a rel=\"nofollow noopener\" target=\"_blank\" href=\"https:\/\/en.mfa.ir\/portal\/NewsView\/703846\">reagiert<\/a>. Selenskij hatte in einer Rede Iran als einen terroristischen Staat bezeichnet, der Russland mit Waffenlieferungen im Ukraine-Konflikt helfe. Todbringende Drohnen, die Iran zu Hunderten nach Russland schicke, w\u00fcrden zu einer Bedrohung f\u00fcr die ukrainisch kritische Infrastruktur. Hiermit habe &#8220;ein Terrorist den anderen gefunden&#8221;, so Selenskij.<\/p>\n<p>Kanaani betonte, dass die Islamische Republik Iran an keine Partei milit\u00e4risches Ger\u00e4t f\u00fcr den Einsatz im Ukraine-Konflikt geliefert habe. Teheran habe diesbez\u00fcgliche Berichte wiederholt zur\u00fcckgewiesen. Iran habe, so der Au\u00dfenamtssprecher, immer die territoriale Integrit\u00e4t aller L\u00e4nder einschlie\u00dflich der Ukraine respektiert. Er stellte klar: \u00a0<\/p>\n<blockquote>\n<p><em>&#8220;Selenskij h\u00e4tte es besser wissen sollen, dass die strategische Geduld Irans bei solchen unbegr\u00fcndeten Anschuldigungen nicht endlos ist. &#8220;<\/em><\/p>\n<\/blockquote>\n<p>Kanaani merkte zudem an, dass der ukrainische Pr\u00e4sident eine Lehre aus dem Schicksal einiger anderer Staatschefs ziehen sollte, die die Unterst\u00fctzung der USA genossen h\u00e4tten.\u00a0<\/p>\n<p>Selenskij war am Mittwoch zu einem offiziellen Besuch in den USA eingetroffen und hatte mehrere Stunden in Washington verbracht. Bei einem Treffen im Wei\u00dfen Haus sicherte US-Pr\u00e4sident Joe Biden Selenskij weitere Unterst\u00fctzung zu. Das neue Hilfspaket werde vor allem das Patriot-Raketensystem zur Luftverteidigung enthalten, hie\u00df es. Selenski dankte in einer Rede vor dem US-Kongress f\u00fcr die bewilligten US-Hilfen in Milliardenh\u00f6he zur Unterst\u00fctzung seines Landes. Zudem brachte er die Hoffnung zum Ausdruck, dass der US-Kongress die Ukraine weiterhin unterst\u00fctzen werde. Selenskij forderte von den Vereinigten Staaten die Lieferung moderner Waffen.<\/p>\n<p>Nach Einsch\u00e4tzung der Nachrichtenagentur <em>Bloomberg<\/em> zeugt Selenskijs Besuch in den USA davon, dass Kiew keinen Erfolg im Konflikt mit Russland vorzuweisen habe. Er w\u00e4re nicht nach Washington gekommen, wenn alles in Ordnung w\u00e4re, hie\u00df es. Im Wei\u00dfen Haus nehme die Ukraine-M\u00fcdigkeit zu, so die Meinung. Dar\u00fcber hinaus seien einige Pentagon-Beamte besorgt dar\u00fcber, dass die Ukraine-Hilfe die US-Waffenvorr\u00e4te ersch\u00f6pfe, die zur Umsetzung der Milit\u00e4rpl\u00e4ne Washingtons ben\u00f6tigt w\u00fcrden.<\/p>\n<p><strong>Mehr zum Thema<\/strong> &#8211; <a rel=\"nofollow noopener\" target=\"_blank\" href=\"https:\/\/de.rt.com\/kurzclips\/video\/157953-iranischer-regierungssprecher-ukraine-krise-ist\/\">Iranischer Regierungssprecher: &#8220;Ukraine-Krise ist Ergebnis einer falschen Politik des Westens&#8221;<\/a><\/p>\n<div class=\"EmbedBlock-root EmbedBlock-externalVideo EmbedBlock-vk\">\n<div class=\"VkEmbed\"><iframe class=\"lazyload\" data-src=\"https:\/\/vk.com\/video_ext.php?oid=-134310637&amp;id=456261620&amp;hash=8c4c4629f6b36dec\" frameborder=\"0\" width=\"853\" height=\"480\" allowfullscreen><\/iframe><\/div>\n<\/div>\n<\/div>\n<p><br \/>\n<br \/><a href=\"https:\/\/de.rt.com\/international\/157968-iranisches-aussenministerium-verurteilt-selenskijs-unanstaendige\/\">Source link <\/a><\/p>\n","protected":false},"excerpt":{"rendered":"<p>Der Sprecher des iranischen Au\u00dfenministeriums Kanaani hat die Aussagen des ukrainischen Pr\u00e4sidenten scharf kritisiert. In einer Rede im US-Kongress hatte Selenskij Iran als einen &#8220;terroristischen&#8221; Staat bezeichnet, der Russland im Ukraine-Konflikt helfe. Nasser Kanaani, der Sprecher des iranischen Au\u00dfenministeriums, hat mit einer Mitteilung am Donnerstag auf &#8220;wiederholte Anschuldigungen&#8221; und &#8220;unanst\u00e4ndige \u00c4u\u00dferungen&#8221; des\u00a0ukrainischen Pr\u00e4sidenten Wladimir Selenskij [&hellip;]<\/p>\n","protected":false},"author":3,"featured_media":26162,"comment_status":"open","ping_status":"open","sticky":false,"template":"","format":"standard","meta":{"_yoast_indexnow_last_ping":["1671787555"],"wp_automatic_camp":["217"],"a43286f851d44e877d4bd319f1234100":["Irans Au\u00dfenministerium verurteilt &quot;unanst\u00e4ndige \u00c4u\u00dferungen&quot; Selenskijs in den USA"],"original_link":["https:\/\/de.rt.com\/international\/157968-iranisches-aussenministerium-verurteilt-selenskijs-unanstaendige\/"],"_thumbnail_id":["26162"],"_wptgpro_p2tg_sent2tg":["a:1:{i:23737;s:19:\"2022-12-23 11:27:01\";}"],"jnews_social_counter_last_update":["1777284588"]},"categories":[19,23],"tags":[16681,37954,48,12414,37953,1290,193,2006],"yoast_head":"<!-- This site is optimized with the Yoast SEO Premium plugin v22.7 (Yoast SEO v22.7) - https:\/\/yoast.com\/wordpress\/plugins\/seo\/ -->\n<title>Irans Au\u00dfenministerium verurteilt &quot;unanst\u00e4ndige \u00c4u\u00dferungen&quot; Selenskijs in den USA - just-now.NEWS Deutschland<\/title>\n<meta name=\"robots\" content=\"index, follow, max-snippet:-1, max-image-preview:large, max-video-preview:-1\" \/>\n<link rel=\"canonical\" href=\"https:\/\/now-news.de\/de\/deutschland\/irans-aussenministerium-verurteilt-unanstaendige-aeusserungen-selenskijs-in-den-usa\/\" \/>\n<meta property=\"og:locale\" content=\"de_DE\" \/>\n<meta property=\"og:type\" content=\"article\" \/>\n<meta property=\"og:title\" content=\"Irans Au\u00dfenministerium verurteilt &quot;unanst\u00e4ndige \u00c4u\u00dferungen&quot; Selenskijs in den USA\" \/>\n<meta property=\"og:description\" content=\"Der Sprecher des iranischen Au\u00dfenministeriums Kanaani hat die Aussagen des ukrainischen Pr\u00e4sidenten scharf kritisiert. In einer Rede im US-Kongress hatte Selenskij Iran als einen &#8220;terroristischen&#8221; Staat bezeichnet, der Russland im Ukraine-Konflikt helfe. Nasser Kanaani, der Sprecher des iranischen Au\u00dfenministeriums, hat mit einer Mitteilung am Donnerstag auf &#8220;wiederholte Anschuldigungen&#8221; und &#8220;unanst\u00e4ndige \u00c4u\u00dferungen&#8221; des\u00a0ukrainischen Pr\u00e4sidenten Wladimir Selenskij [&hellip;]\" \/>\n<meta property=\"og:url\" content=\"https:\/\/now-news.de\/de\/deutschland\/irans-aussenministerium-verurteilt-unanstaendige-aeusserungen-selenskijs-in-den-usa\/\" \/>\n<meta property=\"og:site_name\" content=\"just-now.NEWS Deutschland\" \/>\n<meta property=\"article:publisher\" content=\"https:\/\/www.facebook.com\/wirmachenauf\" \/>\n<meta property=\"article:published_time\" content=\"2022-12-23T09:19:21+00:00\" \/>\n<meta property=\"og:image\" content=\"https:\/\/now-news.de\/de\/wp-content\/uploads\/sites\/3\/2022\/12\/Irans-Aussenministerium-verurteilt-quotunanstaendige-Aeusserungenquot-Selenskijs-in-den-USA.jpg\" \/>\n\t<meta property=\"og:image:width\" content=\"460\" \/>\n\t<meta property=\"og:image:height\" content=\"259\" \/>\n\t<meta property=\"og:image:type\" content=\"image\/jpeg\" \/>\n<meta name=\"author\" content=\"rtnews\" \/>\n<meta name=\"twitter:card\" content=\"summary_large_image\" \/>\n<meta name=\"twitter:creator\" content=\"@WirMachenAuf_de\" \/>\n<meta name=\"twitter:site\" content=\"@WirMachenAuf_de\" \/>\n<meta name=\"twitter:label1\" content=\"Verfasst von\" \/>\n\t<meta name=\"twitter:data1\" content=\"rtnews\" \/>\n\t<meta name=\"twitter:label2\" content=\"Gesch\u00e4tzte Lesezeit\" \/>\n\t<meta name=\"twitter:data2\" content=\"2\u00a0Minuten\" \/>\n<script type=\"application\/ld+json\" class=\"yoast-schema-graph\">{\"@context\":\"https:\/\/schema.org\",\"@graph\":[{\"@type\":\"Article\",\"@id\":\"https:\/\/now-news.de\/de\/deutschland\/irans-aussenministerium-verurteilt-unanstaendige-aeusserungen-selenskijs-in-den-usa\/#article\",\"isPartOf\":{\"@id\":\"https:\/\/now-news.de\/de\/deutschland\/irans-aussenministerium-verurteilt-unanstaendige-aeusserungen-selenskijs-in-den-usa\/\"},\"author\":{\"name\":\"rtnews\",\"@id\":\"https:\/\/now-news.de\/de\/#\/schema\/person\/fb534a4e865501d8b3285208df34a9b5\"},\"headline\":\"Irans Au\u00dfenministerium verurteilt &quot;unanst\u00e4ndige \u00c4u\u00dferungen&quot; Selenskijs in den USA\",\"datePublished\":\"2022-12-23T09:19:21+00:00\",\"dateModified\":\"2022-12-23T09:19:21+00:00\",\"mainEntityOfPage\":{\"@id\":\"https:\/\/now-news.de\/de\/deutschland\/irans-aussenministerium-verurteilt-unanstaendige-aeusserungen-selenskijs-in-den-usa\/\"},\"wordCount\":418,\"commentCount\":0,\"publisher\":{\"@id\":\"https:\/\/now-news.de\/de\/#organization\"},\"image\":{\"@id\":\"https:\/\/now-news.de\/de\/deutschland\/irans-aussenministerium-verurteilt-unanstaendige-aeusserungen-selenskijs-in-den-usa\/#primaryimage\"},\"thumbnailUrl\":\"https:\/\/now-news.de\/de\/wp-content\/uploads\/sites\/3\/2022\/12\/Irans-Aussenministerium-verurteilt-quotunanstaendige-Aeusserungenquot-Selenskijs-in-den-USA.jpg\",\"keywords\":[\"Au\u00dfenministerium\",\"\u00c4u\u00dferungenquot\",\"den\",\"Irans\",\"quotunanst\u00e4ndige\",\"Selenskijs\",\"USA\",\"verurteilt\"],\"articleSection\":[\"Deutschland\",\"Russland\"],\"inLanguage\":\"de\",\"potentialAction\":[{\"@type\":\"CommentAction\",\"name\":\"Comment\",\"target\":[\"https:\/\/now-news.de\/de\/deutschland\/irans-aussenministerium-verurteilt-unanstaendige-aeusserungen-selenskijs-in-den-usa\/#respond\"]}]},{\"@type\":\"WebPage\",\"@id\":\"https:\/\/now-news.de\/de\/deutschland\/irans-aussenministerium-verurteilt-unanstaendige-aeusserungen-selenskijs-in-den-usa\/\",\"url\":\"https:\/\/now-news.de\/de\/deutschland\/irans-aussenministerium-verurteilt-unanstaendige-aeusserungen-selenskijs-in-den-usa\/\",\"name\":\"Irans Au\u00dfenministerium verurteilt &quot;unanst\u00e4ndige \u00c4u\u00dferungen&quot; Selenskijs in den USA - just-now.NEWS Deutschland\",\"isPartOf\":{\"@id\":\"https:\/\/now-news.de\/de\/#website\"},\"primaryImageOfPage\":{\"@id\":\"https:\/\/now-news.de\/de\/deutschland\/irans-aussenministerium-verurteilt-unanstaendige-aeusserungen-selenskijs-in-den-usa\/#primaryimage\"},\"image\":{\"@id\":\"https:\/\/now-news.de\/de\/deutschland\/irans-aussenministerium-verurteilt-unanstaendige-aeusserungen-selenskijs-in-den-usa\/#primaryimage\"},\"thumbnailUrl\":\"https:\/\/now-news.de\/de\/wp-content\/uploads\/sites\/3\/2022\/12\/Irans-Aussenministerium-verurteilt-quotunanstaendige-Aeusserungenquot-Selenskijs-in-den-USA.jpg\",\"datePublished\":\"2022-12-23T09:19:21+00:00\",\"dateModified\":\"2022-12-23T09:19:21+00:00\",\"breadcrumb\":{\"@id\":\"https:\/\/now-news.de\/de\/deutschland\/irans-aussenministerium-verurteilt-unanstaendige-aeusserungen-selenskijs-in-den-usa\/#breadcrumb\"},\"inLanguage\":\"de\",\"potentialAction\":[{\"@type\":\"ReadAction\",\"target\":[\"https:\/\/now-news.de\/de\/deutschland\/irans-aussenministerium-verurteilt-unanstaendige-aeusserungen-selenskijs-in-den-usa\/\"]}]},{\"@type\":\"ImageObject\",\"inLanguage\":\"de\",\"@id\":\"https:\/\/now-news.de\/de\/deutschland\/irans-aussenministerium-verurteilt-unanstaendige-aeusserungen-selenskijs-in-den-usa\/#primaryimage\",\"url\":\"https:\/\/now-news.de\/de\/wp-content\/uploads\/sites\/3\/2022\/12\/Irans-Aussenministerium-verurteilt-quotunanstaendige-Aeusserungenquot-Selenskijs-in-den-USA.jpg\",\"contentUrl\":\"https:\/\/now-news.de\/de\/wp-content\/uploads\/sites\/3\/2022\/12\/Irans-Aussenministerium-verurteilt-quotunanstaendige-Aeusserungenquot-Selenskijs-in-den-USA.jpg\",\"width\":460,\"height\":259,\"caption\":\"Irans Au\u00dfenministerium verurteilt &quot;unanst\u00e4ndige \u00c4u\u00dferungen&quot; Selenskijs in den USA\"},{\"@type\":\"BreadcrumbList\",\"@id\":\"https:\/\/now-news.de\/de\/deutschland\/irans-aussenministerium-verurteilt-unanstaendige-aeusserungen-selenskijs-in-den-usa\/#breadcrumb\",\"itemListElement\":[{\"@type\":\"ListItem\",\"position\":1,\"name\":\"Home\",\"item\":\"https:\/\/now-news.de\/de\/\"},{\"@type\":\"ListItem\",\"position\":2,\"name\":\"Irans Au\u00dfenministerium verurteilt &quot;unanst\u00e4ndige \u00c4u\u00dferungen&quot; Selenskijs in den USA\"}]},{\"@type\":\"WebSite\",\"@id\":\"https:\/\/now-news.de\/de\/#website\",\"url\":\"https:\/\/now-news.de\/de\/\",\"name\":\"just-now.NEWS Deutschland\",\"description\":\"Das Portal f\u00fcr unzensierte Nachrichten aus der Welt\",\"publisher\":{\"@id\":\"https:\/\/now-news.de\/de\/#organization\"},\"potentialAction\":[{\"@type\":\"SearchAction\",\"target\":{\"@type\":\"EntryPoint\",\"urlTemplate\":\"https:\/\/now-news.de\/de\/?s={search_term_string}\"},\"query-input\":\"required name=search_term_string\"}],\"inLanguage\":\"de\"},{\"@type\":\"Organization\",\"@id\":\"https:\/\/now-news.de\/de\/#organization\",\"name\":\"Just Now News\",\"url\":\"https:\/\/now-news.de\/de\/\",\"logo\":{\"@type\":\"ImageObject\",\"inLanguage\":\"de\",\"@id\":\"https:\/\/now-news.de\/de\/#\/schema\/logo\/image\/\",\"url\":\"http:\/\/just-now.news\/de\/wp-content\/uploads\/sites\/3\/2022\/04\/logo500x500.jpg\",\"contentUrl\":\"http:\/\/just-now.news\/de\/wp-content\/uploads\/sites\/3\/2022\/04\/logo500x500.jpg\",\"width\":500,\"height\":500,\"caption\":\"Just Now News\"},\"image\":{\"@id\":\"https:\/\/now-news.de\/de\/#\/schema\/logo\/image\/\"},\"sameAs\":[\"https:\/\/www.facebook.com\/wirmachenauf\",\"https:\/\/x.com\/WirMachenAuf_de\"]},{\"@type\":\"Person\",\"@id\":\"https:\/\/now-news.de\/de\/#\/schema\/person\/fb534a4e865501d8b3285208df34a9b5\",\"name\":\"rtnews\",\"image\":{\"@type\":\"ImageObject\",\"inLanguage\":\"de\",\"@id\":\"https:\/\/now-news.de\/de\/#\/schema\/person\/image\/\",\"url\":\"https:\/\/secure.gravatar.com\/avatar\/82aafea7d8127119dd649515f56e2117?s=96&d=mm&r=g\",\"contentUrl\":\"https:\/\/secure.gravatar.com\/avatar\/82aafea7d8127119dd649515f56e2117?s=96&d=mm&r=g\",\"caption\":\"rtnews\"},\"url\":\"https:\/\/now-news.de\/de\/author\/rnews\/\"}]}<\/script>\n<!-- \/ Yoast SEO Premium plugin. -->","yoast_head_json":{"title":"Irans Au\u00dfenministerium verurteilt &quot;unanst\u00e4ndige \u00c4u\u00dferungen&quot; Selenskijs in den USA - just-now.NEWS Deutschland","robots":{"index":"index","follow":"follow","max-snippet":"max-snippet:-1","max-image-preview":"max-image-preview:large","max-video-preview":"max-video-preview:-1"},"canonical":"https:\/\/now-news.de\/de\/deutschland\/irans-aussenministerium-verurteilt-unanstaendige-aeusserungen-selenskijs-in-den-usa\/","og_locale":"de_DE","og_type":"article","og_title":"Irans Au\u00dfenministerium verurteilt &quot;unanst\u00e4ndige \u00c4u\u00dferungen&quot; Selenskijs in den USA","og_description":"Der Sprecher des iranischen Au\u00dfenministeriums Kanaani hat die Aussagen des ukrainischen Pr\u00e4sidenten scharf kritisiert. In einer Rede im US-Kongress hatte Selenskij Iran als einen &#8220;terroristischen&#8221; Staat bezeichnet, der Russland im Ukraine-Konflikt helfe. Nasser Kanaani, der Sprecher des iranischen Au\u00dfenministeriums, hat mit einer Mitteilung am Donnerstag auf &#8220;wiederholte Anschuldigungen&#8221; und &#8220;unanst\u00e4ndige \u00c4u\u00dferungen&#8221; des\u00a0ukrainischen Pr\u00e4sidenten Wladimir Selenskij [&hellip;]","og_url":"https:\/\/now-news.de\/de\/deutschland\/irans-aussenministerium-verurteilt-unanstaendige-aeusserungen-selenskijs-in-den-usa\/","og_site_name":"just-now.NEWS Deutschland","article_publisher":"https:\/\/www.facebook.com\/wirmachenauf","article_published_time":"2022-12-23T09:19:21+00:00","og_image":[{"width":460,"height":259,"url":"https:\/\/now-news.de\/de\/wp-content\/uploads\/sites\/3\/2022\/12\/Irans-Aussenministerium-verurteilt-quotunanstaendige-Aeusserungenquot-Selenskijs-in-den-USA.jpg","type":"image\/jpeg"}],"author":"rtnews","twitter_card":"summary_large_image","twitter_creator":"@WirMachenAuf_de","twitter_site":"@WirMachenAuf_de","twitter_misc":{"Verfasst von":"rtnews","Gesch\u00e4tzte Lesezeit":"2\u00a0Minuten"},"schema":{"@context":"https:\/\/schema.org","@graph":[{"@type":"Article","@id":"https:\/\/now-news.de\/de\/deutschland\/irans-aussenministerium-verurteilt-unanstaendige-aeusserungen-selenskijs-in-den-usa\/#article","isPartOf":{"@id":"https:\/\/now-news.de\/de\/deutschland\/irans-aussenministerium-verurteilt-unanstaendige-aeusserungen-selenskijs-in-den-usa\/"},"author":{"name":"rtnews","@id":"https:\/\/now-news.de\/de\/#\/schema\/person\/fb534a4e865501d8b3285208df34a9b5"},"headline":"Irans Au\u00dfenministerium verurteilt &quot;unanst\u00e4ndige \u00c4u\u00dferungen&quot; Selenskijs in den USA","datePublished":"2022-12-23T09:19:21+00:00","dateModified":"2022-12-23T09:19:21+00:00","mainEntityOfPage":{"@id":"https:\/\/now-news.de\/de\/deutschland\/irans-aussenministerium-verurteilt-unanstaendige-aeusserungen-selenskijs-in-den-usa\/"},"wordCount":418,"commentCount":0,"publisher":{"@id":"https:\/\/now-news.de\/de\/#organization"},"image":{"@id":"https:\/\/now-news.de\/de\/deutschland\/irans-aussenministerium-verurteilt-unanstaendige-aeusserungen-selenskijs-in-den-usa\/#primaryimage"},"thumbnailUrl":"https:\/\/now-news.de\/de\/wp-content\/uploads\/sites\/3\/2022\/12\/Irans-Aussenministerium-verurteilt-quotunanstaendige-Aeusserungenquot-Selenskijs-in-den-USA.jpg","keywords":["Au\u00dfenministerium","\u00c4u\u00dferungenquot","den","Irans","quotunanst\u00e4ndige","Selenskijs","USA","verurteilt"],"articleSection":["Deutschland","Russland"],"inLanguage":"de","potentialAction":[{"@type":"CommentAction","name":"Comment","target":["https:\/\/now-news.de\/de\/deutschland\/irans-aussenministerium-verurteilt-unanstaendige-aeusserungen-selenskijs-in-den-usa\/#respond"]}]},{"@type":"WebPage","@id":"https:\/\/now-news.de\/de\/deutschland\/irans-aussenministerium-verurteilt-unanstaendige-aeusserungen-selenskijs-in-den-usa\/","url":"https:\/\/now-news.de\/de\/deutschland\/irans-aussenministerium-verurteilt-unanstaendige-aeusserungen-selenskijs-in-den-usa\/","name":"Irans Au\u00dfenministerium verurteilt &quot;unanst\u00e4ndige \u00c4u\u00dferungen&quot; Selenskijs in den USA - just-now.NEWS Deutschland","isPartOf":{"@id":"https:\/\/now-news.de\/de\/#website"},"primaryImageOfPage":{"@id":"https:\/\/now-news.de\/de\/deutschland\/irans-aussenministerium-verurteilt-unanstaendige-aeusserungen-selenskijs-in-den-usa\/#primaryimage"},"image":{"@id":"https:\/\/now-news.de\/de\/deutschland\/irans-aussenministerium-verurteilt-unanstaendige-aeusserungen-selenskijs-in-den-usa\/#primaryimage"},"thumbnailUrl":"https:\/\/now-news.de\/de\/wp-content\/uploads\/sites\/3\/2022\/12\/Irans-Aussenministerium-verurteilt-quotunanstaendige-Aeusserungenquot-Selenskijs-in-den-USA.jpg","datePublished":"2022-12-23T09:19:21+00:00","dateModified":"2022-12-23T09:19:21+00:00","breadcrumb":{"@id":"https:\/\/now-news.de\/de\/deutschland\/irans-aussenministerium-verurteilt-unanstaendige-aeusserungen-selenskijs-in-den-usa\/#breadcrumb"},"inLanguage":"de","potentialAction":[{"@type":"ReadAction","target":["https:\/\/now-news.de\/de\/deutschland\/irans-aussenministerium-verurteilt-unanstaendige-aeusserungen-selenskijs-in-den-usa\/"]}]},{"@type":"ImageObject","inLanguage":"de","@id":"https:\/\/now-news.de\/de\/deutschland\/irans-aussenministerium-verurteilt-unanstaendige-aeusserungen-selenskijs-in-den-usa\/#primaryimage","url":"https:\/\/now-news.de\/de\/wp-content\/uploads\/sites\/3\/2022\/12\/Irans-Aussenministerium-verurteilt-quotunanstaendige-Aeusserungenquot-Selenskijs-in-den-USA.jpg","contentUrl":"https:\/\/now-news.de\/de\/wp-content\/uploads\/sites\/3\/2022\/12\/Irans-Aussenministerium-verurteilt-quotunanstaendige-Aeusserungenquot-Selenskijs-in-den-USA.jpg","width":460,"height":259,"caption":"Irans Au\u00dfenministerium verurteilt &quot;unanst\u00e4ndige \u00c4u\u00dferungen&quot; Selenskijs in den USA"},{"@type":"BreadcrumbList","@id":"https:\/\/now-news.de\/de\/deutschland\/irans-aussenministerium-verurteilt-unanstaendige-aeusserungen-selenskijs-in-den-usa\/#breadcrumb","itemListElement":[{"@type":"ListItem","position":1,"name":"Home","item":"https:\/\/now-news.de\/de\/"},{"@type":"ListItem","position":2,"name":"Irans Au\u00dfenministerium verurteilt &quot;unanst\u00e4ndige \u00c4u\u00dferungen&quot; Selenskijs in den USA"}]},{"@type":"WebSite","@id":"https:\/\/now-news.de\/de\/#website","url":"https:\/\/now-news.de\/de\/","name":"just-now.NEWS Deutschland","description":"Das Portal f\u00fcr unzensierte Nachrichten aus der Welt","publisher":{"@id":"https:\/\/now-news.de\/de\/#organization"},"potentialAction":[{"@type":"SearchAction","target":{"@type":"EntryPoint","urlTemplate":"https:\/\/now-news.de\/de\/?s={search_term_string}"},"query-input":"required name=search_term_string"}],"inLanguage":"de"},{"@type":"Organization","@id":"https:\/\/now-news.de\/de\/#organization","name":"Just Now News","url":"https:\/\/now-news.de\/de\/","logo":{"@type":"ImageObject","inLanguage":"de","@id":"https:\/\/now-news.de\/de\/#\/schema\/logo\/image\/","url":"http:\/\/just-now.news\/de\/wp-content\/uploads\/sites\/3\/2022\/04\/logo500x500.jpg","contentUrl":"http:\/\/just-now.news\/de\/wp-content\/uploads\/sites\/3\/2022\/04\/logo500x500.jpg","width":500,"height":500,"caption":"Just Now News"},"image":{"@id":"https:\/\/now-news.de\/de\/#\/schema\/logo\/image\/"},"sameAs":["https:\/\/www.facebook.com\/wirmachenauf","https:\/\/x.com\/WirMachenAuf_de"]},{"@type":"Person","@id":"https:\/\/now-news.de\/de\/#\/schema\/person\/fb534a4e865501d8b3285208df34a9b5","name":"rtnews","image":{"@type":"ImageObject","inLanguage":"de","@id":"https:\/\/now-news.de\/de\/#\/schema\/person\/image\/","url":"https:\/\/secure.gravatar.com\/avatar\/82aafea7d8127119dd649515f56e2117?s=96&d=mm&r=g","contentUrl":"https:\/\/secure.gravatar.com\/avatar\/82aafea7d8127119dd649515f56e2117?s=96&d=mm&r=g","caption":"rtnews"},"url":"https:\/\/now-news.de\/de\/author\/rnews\/"}]}},"_links":{"self":[{"href":"https:\/\/now-news.de\/de\/wp-json\/wp\/v2\/posts\/26161"}],"collection":[{"href":"https:\/\/now-news.de\/de\/wp-json\/wp\/v2\/posts"}],"about":[{"href":"https:\/\/now-news.de\/de\/wp-json\/wp\/v2\/types\/post"}],"author":[{"embeddable":true,"href":"https:\/\/now-news.de\/de\/wp-json\/wp\/v2\/users\/3"}],"replies":[{"embeddable":true,"href":"https:\/\/now-news.de\/de\/wp-json\/wp\/v2\/comments?post=26161"}],"version-history":[{"count":0,"href":"https:\/\/now-news.de\/de\/wp-json\/wp\/v2\/posts\/26161\/revisions"}],"wp:featuredmedia":[{"embeddable":true,"href":"https:\/\/now-news.de\/de\/wp-json\/wp\/v2\/media\/26162"}],"wp:attachment":[{"href":"https:\/\/now-news.de\/de\/wp-json\/wp\/v2\/media?parent=26161"}],"wp:term":[{"taxonomy":"category","embeddable":true,"href":"https:\/\/now-news.de\/de\/wp-json\/wp\/v2\/categories?post=26161"},{"taxonomy":"post_tag","embeddable":true,"href":"https:\/\/now-news.de\/de\/wp-json\/wp\/v2\/tags?post=26161"}],"curies":[{"name":"wp","href":"https:\/\/api.w.org\/{rel}","templated":true}]}}