{"id":26159,"date":"2022-12-23T10:43:32","date_gmt":"2022-12-23T08:43:32","guid":{"rendered":"https:\/\/just-now.news\/de\/deutschland\/ihr-kinderlein-kommet-eure-eltern-sind-nicht-gut-fuer-euch\/"},"modified":"2022-12-23T10:43:32","modified_gmt":"2022-12-23T08:43:32","slug":"ihr-kinderlein-kommet-eure-eltern-sind-nicht-gut-fuer-euch","status":"publish","type":"post","link":"https:\/\/now-news.de\/de\/deutschland\/ihr-kinderlein-kommet-eure-eltern-sind-nicht-gut-fuer-euch\/","title":{"rendered":"Ihr Kinderlein kommet \u2013 Eure Eltern sind nicht gut f\u00fcr Euch!"},"content":{"rendered":"<p><img decoding=\"async\" src=\"http:\/\/just-now.news\/de\/wp-content\/uploads\/sites\/3\/2022\/12\/63a3fe8eb480cc5323086a67.jpg\" \/><\/p>\n<div class=\"Text-root Text-type_1 \">\n                Corona hat es gezeigt: Der Staat wei\u00df am besten, was gut f\u00fcr uns ist. Er hat uns geg\u00e4ngelt, bestraft, diffamiert und ausgegrenzt, wenn wir nicht artig waren. Eine der drastischsten disziplinarischen Ma\u00dfnahmen ist die Kindeswegnahme. Die nimmt immer be\u00e4ngstigendere Ausma\u00dfe an.\n            <\/div>\n<p><\/p>\n<div class=\"Text-root Text-type_5 ArticleView-text ViewText-root \">\n<p><em>Von Tom J. Wellbrock<\/em><\/p>\n<p>Wir erinnern uns an die Meldungen \u00fcber Kinder, die isoliert in ihren Zimmern hockten und auf das Essen warteten. Es wirkt noch immer wie ein b\u00f6ser Traum, aus dem man so schnell wie m\u00f6glich erwachen m\u00f6chte. Um sich selbst zu beruhigen, f\u00e4hrt das Wort &#8220;Einzelf\u00e4lle&#8221; durch unsere K\u00f6pfe, und wir hoffen, dass es so sein m\u00f6ge, dass es sich nur um bedauerliche Einzelf\u00e4lle gehandelt hat. Doch hinter den Meldungen, die langsam in unserer Erinnerung verblassen, verbirgt sich ein staatliches Handeln, das in eine dystopische Richtung weist.<\/p>\n<h4>Ein gutes Prinzip<\/h4>\n<p>Vor der Kritik kommt das Lob. Es gibt leider viele Kinder, die gerettet werden m\u00fcssen, und zwar vor ihren eigenen Familien. Man verdr\u00e4ngt es naturgem\u00e4\u00df aus seiner Gedankenwelt, dass Kinder hungern, angekettet, geschlagen und sexuell misshandelt werden. Doch es gibt diese F\u00e4lle, und der Staat hat hier nicht nur das Recht, sondern die Pflicht einzugreifen. Die Kindeswohlgef\u00e4hrdung ist ein weitverbreitetes Problem, das es nur selten in die Schlagzeilen schafft.<\/p>\n<p>Jugend\u00e4mter und andere Institutionen stehen immer wieder vor der Frage, ob ein Kind bei den Eltern bleiben kann oder nicht. Die Entscheidung ist schwer und wird oft genug mit einem fatalen Ausgang getroffen. Das liegt an personellen Engp\u00e4ssen, aber auch an der Entscheidungsunfreudigkeit. Im Zweifel f\u00fcr den Angeklagten (die Eltern) kann f\u00fcr das Opfer bedeuten, ohne Zweifel genau darunter zu leiden und ohne Hilfe zur\u00fcckzubleiben.<\/p>\n<p>Aber so oder so, das Prinzip der Kindeswegnahme ist gut und richtig. Ob die Praxis im Sinne des Kindeswohls funktioniert, ist eine ganz andere Frage, um die es hier jedoch nicht gehen soll. Vielmehr geht es darum, durch diese Einordnung die Kindeswegnahme nicht generell zu verteufeln.<\/p>\n<p>Wenn allerdings die Motivation f\u00fcr das Herausrei\u00dfen eines Kindes aus der Familie politisch gesteuert ist und als Druckmittel f\u00fcr \u201euneinsichtige\u201c Eltern missbraucht wird, ist vom eigentlich guten Prinzip nichts mehr \u00fcbrig.<\/p>\n<h4>Schlimmer als jede Familie: der Staat<\/h4>\n<p>Im Buch &#8220;<a rel=\"nofollow noopener\" target=\"_blank\" href=\"https:\/\/www.thalia.de\/shop\/home\/artikeldetails\/A1054682068?utm_source=www.billiger.de&amp;utm_medium=PSM&amp;ProvID=11002841&amp;pup_e=5664&amp;pup_cid=406307&amp;pup_id=A1054682068&amp;soluteclid=381ebe34daf841ec91cbbcd65ee9eff9\">Staatliche Kindeswohlgef\u00e4hrdung<\/a>&#8221;\u00a0schildert die Autorin und Psychologin Dr. Andrea Christidis F\u00e4lle staatlicher Einflussnahme und die Kindeswegnahme aufgrund fehlender Impfbereitschaft oder der Weigerung, Masken zu tragen. Der Fall eines Weimarer Richters ging im Sommer 2022 durch die Presse. Der Richter hatte f\u00fcr zwei Schulen die Maskenpflicht aufgehoben und war danach ins <a rel=\"nofollow noopener\" target=\"_blank\" href=\"https:\/\/www.lto.de\/recht\/nachrichten\/n\/urteil-maskenpflicht-schulen-weimarer-amtsrichter-anklage-rechtsbeugung\/\">Visier der Politik<\/a> geraten:<\/p>\n<p><em>&#8220;Der Angeschuldigte hat sich nach Auffassung der Staatsanwaltschaft &#8220;dabei bewusst und in schwerwiegender Weise von Recht und Gesetz entfernt&#8221;. Ihm sei es darum gegangen, &#8220;die angebliche Unwirksamkeit und Sch\u00e4dlichkeit staatlicher Ma\u00dfnahmen zur Bek\u00e4mpfung der Corona-Pandemie \u00f6ffentlichkeitswirksam darzustellen.&#8221;<\/em><\/p>\n<p>Aus heutiger Sicht liest sich das wie ein zynisches Eingest\u00e4ndnis, denn die Unwirksamkeit und Sch\u00e4dlichkeit der Corona-Politik ist inzwischen auf vielen Ebenen belegt. Doch auch die Jugend\u00e4mter waren &#8220;flei\u00dfig&#8221; und arbeiteten dabei nicht nur ohne Empathie, sondern mit fragw\u00fcrdigen Methoden.<\/p>\n<h4>Maske weg, Kinder weg<\/h4>\n<p>Psychologen berichten von <a rel=\"nofollow noopener\" target=\"_blank\" href=\"https:\/\/tkp.at\/2022\/12\/02\/kindeswegnahmen-bei-ungeimpften-und-masken-ablehnenden-eltern\/\">F\u00e4llen der Kindeswegnahme<\/a>, weil Eltern keine Masken tragen oder sich nicht impfen lassen wollten. Es geht hier um hunderte F\u00e4lle, bei denen die Eltern ihre Kinder nach der Anordnung nicht nur nicht besuchen durften, sondern zus\u00e4tzlich eine Rechnung pr\u00e4sentiert bekamen und das alles selbst bezahlen mussten.<\/p>\n<p>Laut Andrea Christidis haben die Inobhutnahmen von Kindern in den letzten Jahren massiv zugenommen. Gem\u00e4\u00df dem oben genannten Motto &#8220;Ein gutes Prinzip&#8221; sollte das eine gute Nachricht sein, doch die Wegnahme von Kindern beruht nicht selten auf erfundenen Anschuldigungen, anonymen Anrufen und sogar einem Nachbarschaftsstreit, der als Grundlage f\u00fcr einen &#8220;Rache-Anruf&#8221; dient.<\/p>\n<p>Hinzu kommt ein weiteres Problem, das jedoch schon deutlich l\u00e4nger als die Corona-Politik besteht: Gef\u00e4lligkeitsgutachten, die in den seltensten F\u00e4llen tats\u00e4chlichen Missbrauch offenbaren, aber f\u00fcr die Eltern und die Kinder grauenvolle Konsequenzen haben k\u00f6nnen.<\/p>\n<p>Eltern, Anw\u00e4lte und Experten k\u00e4mpfen seit Jahren einen aussichtslosen Kampf, sie fordern demokratische Abl\u00e4ufe und dr\u00e4ngen auf h\u00f6chstrichterliche Rechtsprechungen. Vergeblich. Und man sieht nicht nur am oben genannten Weimarer Richter, was &#8220;h\u00f6chstrichterlich&#8221; heute bedeutet, sondern ahnt es auch, wenn man die Pl\u00e4ne der deutschen Innenministerin Nancy Faeser (SPD) verfolgt, die k\u00fcnftig &#8220;Staatsfeinde&#8221; auch durch einen schieren Verwaltungsakt der betroffenen Beh\u00f6rde &#8220;aus dem Weg r\u00e4umen&#8221; m\u00f6chte. Die Definition dessen, was ein &#8220;Staatsfeind&#8221; ist, ist ebenso willk\u00fcrlich, weil nicht klar beschrieben, wie die absurde Umkehr der Beweislast. Der &#8220;Staatsfeind&#8221; soll also, geht es nach Faeser, k\u00fcnftig nachweisen, dass er kein Staatsfeind ist.<\/p>\n<h4>Hexe, Hexe!<\/h4>\n<p>Immerhin: &#8220;Staatsfeinde&#8221; k\u00f6nnen noch den Versuch unternehmen, ihre zutiefst vorhandene demokratische Gesinnung zu belegen. Obgleich ihr Versuch zum Scheitern verurteilt ist, wenn ihre Ausf\u00fchrungen nicht \u00fcberzeugen. Es erinnert in der Tat an den meist t\u00f6dlich endenden Vorwurf, eine Hexe zu sein, der aus einer Zeit stammt, in der es so etwas wie einen Rechtsstaat noch nicht gab und machtversessene Kirchenoberh\u00e4upter ihre Urteile nach Gutd\u00fcnken sprachen.<\/p>\n<p>&#8220;Du sagst, du bist keine Hexe? Beweise es!&#8221; Jeder Versuch, diesen Beweis zu erbringen, wurde in aller Regel als zus\u00e4tzlicher Beleg f\u00fcr die Existenz einer Hexe ausgelegt, was mit entsprechenden Strafen quittiert wurde. Auf &#8220;Staatsfeinde&#8221; k\u00f6nnte \u00c4hnliches zukommen, wenn auch nicht mit t\u00f6dlichem Ausgang.<\/p>\n<p>Eltern aber, denen ihre Kinder weggenommen werden, sind in den meisten aller F\u00e4lle komplett hilflos, sie k\u00f6nnen nicht einmal den Versuch unternehmen, ihre f\u00fcrsorgliche Liebe zu beweisen.<\/p>\n<p>Die Kindeswegnahme ist also schon seit vielen Jahren ein raues Pflaster aus Gef\u00e4lligkeitsgutachten, internen Absprachen, Willk\u00fcrlichkeit und der elterlichen Chancenlosigkeit gegen Entscheidungen, die nur schwerlich wieder korrigiert werden k\u00f6nnen.<\/p>\n<p>Nimmt man jetzt noch die Tatsache hinzu, dass fehlende Masken oder Impfunwilligkeit Anlass sind, Eltern ihre Kinder wegzunehmen, dann ist das Verbrechen perfekt. Es m\u00f6gen &#8220;nur&#8221; ein paar Hundert F\u00e4lle sein, doch erstens ist jeder Fall einer zu viel.<\/p>\n<p>Und zweitens ist es die erschreckende Erkenntnis \u00fcber die Skrupellosigkeit und die Bereitschaft staatlicher Stellen, solche der Folter gleichenden Ma\u00dfnahmen zu ergreifen, um Macht zu demonstrieren und unerw\u00fcnschtes Verhalten zu sanktionieren, die den Atem raubt.<\/p>\n<p>Einmal mehr sind es die Kinder und deren Eltern, die am st\u00e4rksten unter der Politik leiden m\u00fcssen, die nur noch als totalit\u00e4r bezeichnet werden kann.<\/p>\n<p><em>Tom J. Wellbrock ist Journalist, Sprecher, Texter, Moderator und Mitherausgeber des Blogs &#8220;<a rel=\"nofollow noopener\" target=\"_blank\" href=\"http:\/\/www.neulandrebellen.de\">neulandrebellen<\/a>&#8220;, auf dem dieser Artikel zuerst <a rel=\"nofollow noopener\" target=\"_blank\" href=\"https:\/\/www.neulandrebellen.de\/2022\/12\/ihr-kinderlein-kommet-eure-eltern-sind-nicht-gut-fuer-euch\/\">erschien<\/a>.\u00a0<\/em><\/p>\n<p><strong>Mehr zum Thema<\/strong> &#8211; <a rel=\"nofollow noopener\" target=\"_blank\" href=\"https:\/\/de.rt.com\/meinung\/151631-pubertatsblocker-ende-naturlichen-entwicklung-kindes\/\">Pubert\u00e4tsblocker: Das Ende der nat\u00fcrlichen Entwicklung des Kindes<\/a><\/p>\n<\/p>\n<\/div>\n<p><br \/>\n<br \/><a href=\"https:\/\/de.rt.com\/meinung\/157853-ihr-kinderlein-kommet-eure-eltern\/\">Source link <\/a><\/p>\n","protected":false},"excerpt":{"rendered":"<p>Corona hat es gezeigt: Der Staat wei\u00df am besten, was gut f\u00fcr uns ist. Er hat uns geg\u00e4ngelt, bestraft, diffamiert und ausgegrenzt, wenn wir nicht artig waren. Eine der drastischsten disziplinarischen Ma\u00dfnahmen ist die Kindeswegnahme. Die nimmt immer be\u00e4ngstigendere Ausma\u00dfe an. Von Tom J. Wellbrock Wir erinnern uns an die Meldungen \u00fcber Kinder, die isoliert [&hellip;]<\/p>\n","protected":false},"author":3,"featured_media":26160,"comment_status":"open","ping_status":"open","sticky":false,"template":"","format":"standard","meta":{"_yoast_indexnow_last_ping":["1671785578"],"wp_automatic_camp":["217"],"48c0dc67b29e3e534d20bc753b91b902":["Ihr Kinderlein kommet \u2013 Eure Eltern sind nicht gut f\u00fcr Euch!"],"original_link":["https:\/\/de.rt.com\/meinung\/157853-ihr-kinderlein-kommet-eure-eltern\/"],"_thumbnail_id":["26160"],"jnews_social_counter_last_update":["1777322752"],"_wptgpro_p2tg_sent2tg":["a:1:{i:23737;s:19:\"2022-12-23 10:54:47\";}"]},"categories":[19,23],"tags":[16254,20617,15610,221,15536,230,37951,37952,800,1046],"yoast_head":"<!-- This site is optimized with the Yoast SEO Premium plugin v22.7 (Yoast SEO v22.7) - https:\/\/yoast.com\/wordpress\/plugins\/seo\/ -->\n<title>Ihr Kinderlein kommet \u2013 Eure Eltern sind nicht gut f\u00fcr Euch! - just-now.NEWS Deutschland<\/title>\n<meta name=\"robots\" content=\"index, follow, max-snippet:-1, max-image-preview:large, max-video-preview:-1\" \/>\n<link rel=\"canonical\" href=\"https:\/\/now-news.de\/de\/deutschland\/ihr-kinderlein-kommet-eure-eltern-sind-nicht-gut-fuer-euch\/\" \/>\n<meta property=\"og:locale\" content=\"de_DE\" \/>\n<meta property=\"og:type\" content=\"article\" \/>\n<meta property=\"og:title\" content=\"Ihr Kinderlein kommet \u2013 Eure Eltern sind nicht gut f\u00fcr Euch!\" \/>\n<meta property=\"og:description\" content=\"Corona hat es gezeigt: Der Staat wei\u00df am besten, was gut f\u00fcr uns ist. Er hat uns geg\u00e4ngelt, bestraft, diffamiert und ausgegrenzt, wenn wir nicht artig waren. Eine der drastischsten disziplinarischen Ma\u00dfnahmen ist die Kindeswegnahme. Die nimmt immer be\u00e4ngstigendere Ausma\u00dfe an. Von Tom J. Wellbrock Wir erinnern uns an die Meldungen \u00fcber Kinder, die isoliert [&hellip;]\" \/>\n<meta property=\"og:url\" content=\"https:\/\/now-news.de\/de\/deutschland\/ihr-kinderlein-kommet-eure-eltern-sind-nicht-gut-fuer-euch\/\" \/>\n<meta property=\"og:site_name\" content=\"just-now.NEWS Deutschland\" \/>\n<meta property=\"article:publisher\" content=\"https:\/\/www.facebook.com\/wirmachenauf\" \/>\n<meta property=\"article:published_time\" content=\"2022-12-23T08:43:32+00:00\" \/>\n<meta property=\"og:image\" content=\"https:\/\/now-news.de\/de\/wp-content\/uploads\/sites\/3\/2022\/12\/Ihr-Kinderlein-kommet-\u2013-Eure-Eltern-sind-nicht-gut-fuer.jpg\" \/>\n\t<meta property=\"og:image:width\" content=\"460\" \/>\n\t<meta property=\"og:image:height\" content=\"259\" \/>\n\t<meta property=\"og:image:type\" content=\"image\/jpeg\" \/>\n<meta name=\"author\" content=\"rtnews\" \/>\n<meta name=\"twitter:card\" content=\"summary_large_image\" \/>\n<meta name=\"twitter:creator\" content=\"@WirMachenAuf_de\" \/>\n<meta name=\"twitter:site\" content=\"@WirMachenAuf_de\" \/>\n<meta name=\"twitter:label1\" content=\"Verfasst von\" \/>\n\t<meta name=\"twitter:data1\" content=\"rtnews\" \/>\n\t<meta name=\"twitter:label2\" content=\"Gesch\u00e4tzte Lesezeit\" \/>\n\t<meta name=\"twitter:data2\" content=\"6\u00a0Minuten\" \/>\n<script type=\"application\/ld+json\" class=\"yoast-schema-graph\">{\"@context\":\"https:\/\/schema.org\",\"@graph\":[{\"@type\":\"Article\",\"@id\":\"https:\/\/now-news.de\/de\/deutschland\/ihr-kinderlein-kommet-eure-eltern-sind-nicht-gut-fuer-euch\/#article\",\"isPartOf\":{\"@id\":\"https:\/\/now-news.de\/de\/deutschland\/ihr-kinderlein-kommet-eure-eltern-sind-nicht-gut-fuer-euch\/\"},\"author\":{\"name\":\"rtnews\",\"@id\":\"https:\/\/now-news.de\/de\/#\/schema\/person\/fb534a4e865501d8b3285208df34a9b5\"},\"headline\":\"Ihr Kinderlein kommet \u2013 Eure Eltern sind nicht gut f\u00fcr Euch!\",\"datePublished\":\"2022-12-23T08:43:32+00:00\",\"dateModified\":\"2022-12-23T08:43:32+00:00\",\"mainEntityOfPage\":{\"@id\":\"https:\/\/now-news.de\/de\/deutschland\/ihr-kinderlein-kommet-eure-eltern-sind-nicht-gut-fuer-euch\/\"},\"wordCount\":1117,\"commentCount\":0,\"publisher\":{\"@id\":\"https:\/\/now-news.de\/de\/#organization\"},\"image\":{\"@id\":\"https:\/\/now-news.de\/de\/deutschland\/ihr-kinderlein-kommet-eure-eltern-sind-nicht-gut-fuer-euch\/#primaryimage\"},\"thumbnailUrl\":\"https:\/\/now-news.de\/de\/wp-content\/uploads\/sites\/3\/2022\/12\/Ihr-Kinderlein-kommet-\u2013-Eure-Eltern-sind-nicht-gut-fuer.jpg\",\"keywords\":[\"Eltern\",\"euch\",\"Eure\",\"f\u00fcr\",\"gut\",\"ihr\",\"Kinderlein\",\"kommet\",\"nicht\",\"sind\"],\"articleSection\":[\"Deutschland\",\"Russland\"],\"inLanguage\":\"de\",\"potentialAction\":[{\"@type\":\"CommentAction\",\"name\":\"Comment\",\"target\":[\"https:\/\/now-news.de\/de\/deutschland\/ihr-kinderlein-kommet-eure-eltern-sind-nicht-gut-fuer-euch\/#respond\"]}]},{\"@type\":\"WebPage\",\"@id\":\"https:\/\/now-news.de\/de\/deutschland\/ihr-kinderlein-kommet-eure-eltern-sind-nicht-gut-fuer-euch\/\",\"url\":\"https:\/\/now-news.de\/de\/deutschland\/ihr-kinderlein-kommet-eure-eltern-sind-nicht-gut-fuer-euch\/\",\"name\":\"Ihr Kinderlein kommet \u2013 Eure Eltern sind nicht gut f\u00fcr Euch! - just-now.NEWS Deutschland\",\"isPartOf\":{\"@id\":\"https:\/\/now-news.de\/de\/#website\"},\"primaryImageOfPage\":{\"@id\":\"https:\/\/now-news.de\/de\/deutschland\/ihr-kinderlein-kommet-eure-eltern-sind-nicht-gut-fuer-euch\/#primaryimage\"},\"image\":{\"@id\":\"https:\/\/now-news.de\/de\/deutschland\/ihr-kinderlein-kommet-eure-eltern-sind-nicht-gut-fuer-euch\/#primaryimage\"},\"thumbnailUrl\":\"https:\/\/now-news.de\/de\/wp-content\/uploads\/sites\/3\/2022\/12\/Ihr-Kinderlein-kommet-\u2013-Eure-Eltern-sind-nicht-gut-fuer.jpg\",\"datePublished\":\"2022-12-23T08:43:32+00:00\",\"dateModified\":\"2022-12-23T08:43:32+00:00\",\"breadcrumb\":{\"@id\":\"https:\/\/now-news.de\/de\/deutschland\/ihr-kinderlein-kommet-eure-eltern-sind-nicht-gut-fuer-euch\/#breadcrumb\"},\"inLanguage\":\"de\",\"potentialAction\":[{\"@type\":\"ReadAction\",\"target\":[\"https:\/\/now-news.de\/de\/deutschland\/ihr-kinderlein-kommet-eure-eltern-sind-nicht-gut-fuer-euch\/\"]}]},{\"@type\":\"ImageObject\",\"inLanguage\":\"de\",\"@id\":\"https:\/\/now-news.de\/de\/deutschland\/ihr-kinderlein-kommet-eure-eltern-sind-nicht-gut-fuer-euch\/#primaryimage\",\"url\":\"https:\/\/now-news.de\/de\/wp-content\/uploads\/sites\/3\/2022\/12\/Ihr-Kinderlein-kommet-\u2013-Eure-Eltern-sind-nicht-gut-fuer.jpg\",\"contentUrl\":\"https:\/\/now-news.de\/de\/wp-content\/uploads\/sites\/3\/2022\/12\/Ihr-Kinderlein-kommet-\u2013-Eure-Eltern-sind-nicht-gut-fuer.jpg\",\"width\":460,\"height\":259,\"caption\":\"Ihr Kinderlein kommet \u2013 Eure Eltern sind nicht gut f\u00fcr Euch!\"},{\"@type\":\"BreadcrumbList\",\"@id\":\"https:\/\/now-news.de\/de\/deutschland\/ihr-kinderlein-kommet-eure-eltern-sind-nicht-gut-fuer-euch\/#breadcrumb\",\"itemListElement\":[{\"@type\":\"ListItem\",\"position\":1,\"name\":\"Home\",\"item\":\"https:\/\/now-news.de\/de\/\"},{\"@type\":\"ListItem\",\"position\":2,\"name\":\"Ihr Kinderlein kommet \u2013 Eure Eltern sind nicht gut f\u00fcr Euch!\"}]},{\"@type\":\"WebSite\",\"@id\":\"https:\/\/now-news.de\/de\/#website\",\"url\":\"https:\/\/now-news.de\/de\/\",\"name\":\"just-now.NEWS Deutschland\",\"description\":\"Das Portal f\u00fcr unzensierte Nachrichten aus der Welt\",\"publisher\":{\"@id\":\"https:\/\/now-news.de\/de\/#organization\"},\"potentialAction\":[{\"@type\":\"SearchAction\",\"target\":{\"@type\":\"EntryPoint\",\"urlTemplate\":\"https:\/\/now-news.de\/de\/?s={search_term_string}\"},\"query-input\":\"required name=search_term_string\"}],\"inLanguage\":\"de\"},{\"@type\":\"Organization\",\"@id\":\"https:\/\/now-news.de\/de\/#organization\",\"name\":\"Just Now News\",\"url\":\"https:\/\/now-news.de\/de\/\",\"logo\":{\"@type\":\"ImageObject\",\"inLanguage\":\"de\",\"@id\":\"https:\/\/now-news.de\/de\/#\/schema\/logo\/image\/\",\"url\":\"http:\/\/just-now.news\/de\/wp-content\/uploads\/sites\/3\/2022\/04\/logo500x500.jpg\",\"contentUrl\":\"http:\/\/just-now.news\/de\/wp-content\/uploads\/sites\/3\/2022\/04\/logo500x500.jpg\",\"width\":500,\"height\":500,\"caption\":\"Just Now News\"},\"image\":{\"@id\":\"https:\/\/now-news.de\/de\/#\/schema\/logo\/image\/\"},\"sameAs\":[\"https:\/\/www.facebook.com\/wirmachenauf\",\"https:\/\/x.com\/WirMachenAuf_de\"]},{\"@type\":\"Person\",\"@id\":\"https:\/\/now-news.de\/de\/#\/schema\/person\/fb534a4e865501d8b3285208df34a9b5\",\"name\":\"rtnews\",\"image\":{\"@type\":\"ImageObject\",\"inLanguage\":\"de\",\"@id\":\"https:\/\/now-news.de\/de\/#\/schema\/person\/image\/\",\"url\":\"https:\/\/secure.gravatar.com\/avatar\/82aafea7d8127119dd649515f56e2117?s=96&d=mm&r=g\",\"contentUrl\":\"https:\/\/secure.gravatar.com\/avatar\/82aafea7d8127119dd649515f56e2117?s=96&d=mm&r=g\",\"caption\":\"rtnews\"},\"url\":\"https:\/\/now-news.de\/de\/author\/rnews\/\"}]}<\/script>\n<!-- \/ Yoast SEO Premium plugin. -->","yoast_head_json":{"title":"Ihr Kinderlein kommet \u2013 Eure Eltern sind nicht gut f\u00fcr Euch! - just-now.NEWS Deutschland","robots":{"index":"index","follow":"follow","max-snippet":"max-snippet:-1","max-image-preview":"max-image-preview:large","max-video-preview":"max-video-preview:-1"},"canonical":"https:\/\/now-news.de\/de\/deutschland\/ihr-kinderlein-kommet-eure-eltern-sind-nicht-gut-fuer-euch\/","og_locale":"de_DE","og_type":"article","og_title":"Ihr Kinderlein kommet \u2013 Eure Eltern sind nicht gut f\u00fcr Euch!","og_description":"Corona hat es gezeigt: Der Staat wei\u00df am besten, was gut f\u00fcr uns ist. Er hat uns geg\u00e4ngelt, bestraft, diffamiert und ausgegrenzt, wenn wir nicht artig waren. Eine der drastischsten disziplinarischen Ma\u00dfnahmen ist die Kindeswegnahme. Die nimmt immer be\u00e4ngstigendere Ausma\u00dfe an. Von Tom J. Wellbrock Wir erinnern uns an die Meldungen \u00fcber Kinder, die isoliert [&hellip;]","og_url":"https:\/\/now-news.de\/de\/deutschland\/ihr-kinderlein-kommet-eure-eltern-sind-nicht-gut-fuer-euch\/","og_site_name":"just-now.NEWS Deutschland","article_publisher":"https:\/\/www.facebook.com\/wirmachenauf","article_published_time":"2022-12-23T08:43:32+00:00","og_image":[{"width":460,"height":259,"url":"https:\/\/now-news.de\/de\/wp-content\/uploads\/sites\/3\/2022\/12\/Ihr-Kinderlein-kommet-\u2013-Eure-Eltern-sind-nicht-gut-fuer.jpg","type":"image\/jpeg"}],"author":"rtnews","twitter_card":"summary_large_image","twitter_creator":"@WirMachenAuf_de","twitter_site":"@WirMachenAuf_de","twitter_misc":{"Verfasst von":"rtnews","Gesch\u00e4tzte Lesezeit":"6\u00a0Minuten"},"schema":{"@context":"https:\/\/schema.org","@graph":[{"@type":"Article","@id":"https:\/\/now-news.de\/de\/deutschland\/ihr-kinderlein-kommet-eure-eltern-sind-nicht-gut-fuer-euch\/#article","isPartOf":{"@id":"https:\/\/now-news.de\/de\/deutschland\/ihr-kinderlein-kommet-eure-eltern-sind-nicht-gut-fuer-euch\/"},"author":{"name":"rtnews","@id":"https:\/\/now-news.de\/de\/#\/schema\/person\/fb534a4e865501d8b3285208df34a9b5"},"headline":"Ihr Kinderlein kommet \u2013 Eure Eltern sind nicht gut f\u00fcr Euch!","datePublished":"2022-12-23T08:43:32+00:00","dateModified":"2022-12-23T08:43:32+00:00","mainEntityOfPage":{"@id":"https:\/\/now-news.de\/de\/deutschland\/ihr-kinderlein-kommet-eure-eltern-sind-nicht-gut-fuer-euch\/"},"wordCount":1117,"commentCount":0,"publisher":{"@id":"https:\/\/now-news.de\/de\/#organization"},"image":{"@id":"https:\/\/now-news.de\/de\/deutschland\/ihr-kinderlein-kommet-eure-eltern-sind-nicht-gut-fuer-euch\/#primaryimage"},"thumbnailUrl":"https:\/\/now-news.de\/de\/wp-content\/uploads\/sites\/3\/2022\/12\/Ihr-Kinderlein-kommet-\u2013-Eure-Eltern-sind-nicht-gut-fuer.jpg","keywords":["Eltern","euch","Eure","f\u00fcr","gut","ihr","Kinderlein","kommet","nicht","sind"],"articleSection":["Deutschland","Russland"],"inLanguage":"de","potentialAction":[{"@type":"CommentAction","name":"Comment","target":["https:\/\/now-news.de\/de\/deutschland\/ihr-kinderlein-kommet-eure-eltern-sind-nicht-gut-fuer-euch\/#respond"]}]},{"@type":"WebPage","@id":"https:\/\/now-news.de\/de\/deutschland\/ihr-kinderlein-kommet-eure-eltern-sind-nicht-gut-fuer-euch\/","url":"https:\/\/now-news.de\/de\/deutschland\/ihr-kinderlein-kommet-eure-eltern-sind-nicht-gut-fuer-euch\/","name":"Ihr Kinderlein kommet \u2013 Eure Eltern sind nicht gut f\u00fcr Euch! - just-now.NEWS Deutschland","isPartOf":{"@id":"https:\/\/now-news.de\/de\/#website"},"primaryImageOfPage":{"@id":"https:\/\/now-news.de\/de\/deutschland\/ihr-kinderlein-kommet-eure-eltern-sind-nicht-gut-fuer-euch\/#primaryimage"},"image":{"@id":"https:\/\/now-news.de\/de\/deutschland\/ihr-kinderlein-kommet-eure-eltern-sind-nicht-gut-fuer-euch\/#primaryimage"},"thumbnailUrl":"https:\/\/now-news.de\/de\/wp-content\/uploads\/sites\/3\/2022\/12\/Ihr-Kinderlein-kommet-\u2013-Eure-Eltern-sind-nicht-gut-fuer.jpg","datePublished":"2022-12-23T08:43:32+00:00","dateModified":"2022-12-23T08:43:32+00:00","breadcrumb":{"@id":"https:\/\/now-news.de\/de\/deutschland\/ihr-kinderlein-kommet-eure-eltern-sind-nicht-gut-fuer-euch\/#breadcrumb"},"inLanguage":"de","potentialAction":[{"@type":"ReadAction","target":["https:\/\/now-news.de\/de\/deutschland\/ihr-kinderlein-kommet-eure-eltern-sind-nicht-gut-fuer-euch\/"]}]},{"@type":"ImageObject","inLanguage":"de","@id":"https:\/\/now-news.de\/de\/deutschland\/ihr-kinderlein-kommet-eure-eltern-sind-nicht-gut-fuer-euch\/#primaryimage","url":"https:\/\/now-news.de\/de\/wp-content\/uploads\/sites\/3\/2022\/12\/Ihr-Kinderlein-kommet-\u2013-Eure-Eltern-sind-nicht-gut-fuer.jpg","contentUrl":"https:\/\/now-news.de\/de\/wp-content\/uploads\/sites\/3\/2022\/12\/Ihr-Kinderlein-kommet-\u2013-Eure-Eltern-sind-nicht-gut-fuer.jpg","width":460,"height":259,"caption":"Ihr Kinderlein kommet \u2013 Eure Eltern sind nicht gut f\u00fcr Euch!"},{"@type":"BreadcrumbList","@id":"https:\/\/now-news.de\/de\/deutschland\/ihr-kinderlein-kommet-eure-eltern-sind-nicht-gut-fuer-euch\/#breadcrumb","itemListElement":[{"@type":"ListItem","position":1,"name":"Home","item":"https:\/\/now-news.de\/de\/"},{"@type":"ListItem","position":2,"name":"Ihr Kinderlein kommet \u2013 Eure Eltern sind nicht gut f\u00fcr Euch!"}]},{"@type":"WebSite","@id":"https:\/\/now-news.de\/de\/#website","url":"https:\/\/now-news.de\/de\/","name":"just-now.NEWS Deutschland","description":"Das Portal f\u00fcr unzensierte Nachrichten aus der Welt","publisher":{"@id":"https:\/\/now-news.de\/de\/#organization"},"potentialAction":[{"@type":"SearchAction","target":{"@type":"EntryPoint","urlTemplate":"https:\/\/now-news.de\/de\/?s={search_term_string}"},"query-input":"required name=search_term_string"}],"inLanguage":"de"},{"@type":"Organization","@id":"https:\/\/now-news.de\/de\/#organization","name":"Just Now News","url":"https:\/\/now-news.de\/de\/","logo":{"@type":"ImageObject","inLanguage":"de","@id":"https:\/\/now-news.de\/de\/#\/schema\/logo\/image\/","url":"http:\/\/just-now.news\/de\/wp-content\/uploads\/sites\/3\/2022\/04\/logo500x500.jpg","contentUrl":"http:\/\/just-now.news\/de\/wp-content\/uploads\/sites\/3\/2022\/04\/logo500x500.jpg","width":500,"height":500,"caption":"Just Now News"},"image":{"@id":"https:\/\/now-news.de\/de\/#\/schema\/logo\/image\/"},"sameAs":["https:\/\/www.facebook.com\/wirmachenauf","https:\/\/x.com\/WirMachenAuf_de"]},{"@type":"Person","@id":"https:\/\/now-news.de\/de\/#\/schema\/person\/fb534a4e865501d8b3285208df34a9b5","name":"rtnews","image":{"@type":"ImageObject","inLanguage":"de","@id":"https:\/\/now-news.de\/de\/#\/schema\/person\/image\/","url":"https:\/\/secure.gravatar.com\/avatar\/82aafea7d8127119dd649515f56e2117?s=96&d=mm&r=g","contentUrl":"https:\/\/secure.gravatar.com\/avatar\/82aafea7d8127119dd649515f56e2117?s=96&d=mm&r=g","caption":"rtnews"},"url":"https:\/\/now-news.de\/de\/author\/rnews\/"}]}},"_links":{"self":[{"href":"https:\/\/now-news.de\/de\/wp-json\/wp\/v2\/posts\/26159"}],"collection":[{"href":"https:\/\/now-news.de\/de\/wp-json\/wp\/v2\/posts"}],"about":[{"href":"https:\/\/now-news.de\/de\/wp-json\/wp\/v2\/types\/post"}],"author":[{"embeddable":true,"href":"https:\/\/now-news.de\/de\/wp-json\/wp\/v2\/users\/3"}],"replies":[{"embeddable":true,"href":"https:\/\/now-news.de\/de\/wp-json\/wp\/v2\/comments?post=26159"}],"version-history":[{"count":0,"href":"https:\/\/now-news.de\/de\/wp-json\/wp\/v2\/posts\/26159\/revisions"}],"wp:featuredmedia":[{"embeddable":true,"href":"https:\/\/now-news.de\/de\/wp-json\/wp\/v2\/media\/26160"}],"wp:attachment":[{"href":"https:\/\/now-news.de\/de\/wp-json\/wp\/v2\/media?parent=26159"}],"wp:term":[{"taxonomy":"category","embeddable":true,"href":"https:\/\/now-news.de\/de\/wp-json\/wp\/v2\/categories?post=26159"},{"taxonomy":"post_tag","embeddable":true,"href":"https:\/\/now-news.de\/de\/wp-json\/wp\/v2\/tags?post=26159"}],"curies":[{"name":"wp","href":"https:\/\/api.w.org\/{rel}","templated":true}]}}