{"id":2612,"date":"2022-04-22T22:00:00","date_gmt":"2022-04-22T23:00:00","guid":{"rendered":"http:\/\/just-now.news\/de\/usa\/gouverneur-ron-desantis-unterzeichnet-gesetzentwurf-zum-verbot-kritischer-rassentheorie-in-schulen-und-am-arbeitsplatz-demokraten-reichen-klage-ein\/"},"modified":"2022-04-22T22:00:00","modified_gmt":"2022-04-22T23:00:00","slug":"gouverneur-ron-desantis-unterzeichnet-gesetzentwurf-zum-verbot-kritischer-rassentheorie-in-schulen-und-am-arbeitsplatz-demokraten-reichen-klage-ein","status":"publish","type":"post","link":"https:\/\/now-news.de\/de\/usa\/gouverneur-ron-desantis-unterzeichnet-gesetzentwurf-zum-verbot-kritischer-rassentheorie-in-schulen-und-am-arbeitsplatz-demokraten-reichen-klage-ein\/","title":{"rendered":"Gouverneur Ron DeSantis unterzeichnet Gesetzentwurf zum Verbot kritischer Rassentheorie in Schulen und am Arbeitsplatz \u2013 Demokraten reichen Klage ein"},"content":{"rendered":"<div class=\"entry-content\">\n<p><\/p>\n<p>Der Gouverneur von Florida, Ron DeSantis, unterzeichnete am Freitag ein Gesetz, das Schulen und Unternehmen daran hindert, \u201evon Natur aus rassistisch, sexistisch oder unterdr\u00fcckerisch, ob bewusst oder unbewusst\u201c zu unterrichten.<\/p>\n<p>Gouverneur DeSantis unterzeichnete am Freitag auf einer Pressekonferenz in der Mater Academy Charter Middle\/High School in Hialeah Gardens das Gesetz House Bill 7 oder \u201eIndividual Freedom\u201c.<\/p>\n<div id=\"IC1-ad\" class=\"sponsor IC1\">\n<p class=\"ad-notice flipboard-remove\" fl:fl-noexcerpt=\"true\">Werbung \u2013 die Geschichte geht unten weiter<\/p>\n<div id=\"IC1\">\n<script>\n\t\t\t\t\tif( FFADS.units.IC1 && FFADS.units.IC1.ad_type == 'custom' && FFADS.units.IC1.custom_ads && ! getCookie( 'ff_subbed' ) ) {\n\t\t\t\t\t\tdocument.getElementById( 'IC1' ).innerHTML = FFADS.units.IC1.custom_ads[0].code;\n\t\t\t\t\t\tif( ! FFADS.units.IC1.lazy_load ) eval( FFADS.units.IC1.custom_ads[0].rendering_script );\n\t\t\t\t\t}\n\t\t\t\t\telse if( FFADS.units.IC1 && ! getCookie( 'ff_subbed' ) ) {\n\t\t\t\t\t\tif( 'IC' != 'SB' && 'IC' != 'SA' && FFADS.use_fixed_containers ) {\n\t\t\t\t\t\t\tlet max_wh = firefly_size_list_to_max_wh( FFADS.units.IC1.sizes );\n\t\t\t\t\t\t\tlet el = document.querySelector( '#IC1' );\n\t\t\t\t\t\t\tif( 'IC' != 'SA' && FFADS.slide_pixels ) {\n\t\t\t\t\t\t\t\tmax_wh[1] += parseInt( FFADS.slide_pixels );\n\t\t\t\t\t\t\t\tel.classList.add( 'sliding' );\n\t\t\t\t\t\t\t}\n\t\t\t\t\t\t\tel.style.width = max_wh[0] + 'px';\n\t\t\t\t\t\t\tel.style.height = max_wh[1] + 'px';\n\t\t\t\t\t\t\tel.classList.add( 'fixed-size' );\n\t\t\t\t\t\t}\n\t\t\t\t\t\tgoogletag.cmd.push( function() {\n\t\t\t\t\t\t\tFFADS.debug( 'googletag.displaying IC1' );\n\t\t\t\t\t\t\tgoogletag.display( 'IC1' );\n\t\t\t\t\t\t} );\n\t\t\t\t\t}\n\t\t\t\t\telse {\n\t\t\t\t\t\tdocument.querySelector( '#IC1-ad' ).style.display = 'none';}\n\t\t\t\t<\/script><\/div>\n<\/div>\n<p>Das neue Gesetz soll die Unternehmens- und Bildungsindoktrination in Florida beenden und tritt am 1. Juli 2022 in Kraft.<\/p>\n<blockquote class=\"twitter-tweet\">\n<p dir=\"ltr\" lang=\"en\">Individuelle Freiheit ist die grundlegende Wahrheit, dass alle Menschen vor dem Gesetz gleich sind und unver\u00e4u\u00dferliche Rechte haben.  Die Critical Race Theory bedroht dieses grundlegende Prinzip.  Mit der heutigen Gesetzesunterzeichnung haben Eltern, Sch\u00fcler und Angestellte, die CRT ausgesetzt sind, die Macht, sich zu wehren. <a rel=\"nofollow noopener\" target=\"_blank\" href=\"https:\/\/t.co\/pxkFc5qJqU\">pic.twitter.com\/pxkFc5qJqU<\/a><\/p>\n<p>\u2013 Casey DeSantis (@FLCaseyDeSantis) <a rel=\"nofollow noopener\" target=\"_blank\" href=\"https:\/\/twitter.com\/FLCaseyDeSantis\/status\/1517594885393629185\">22. April 2022<\/a><\/p>\n<\/blockquote>\n<p><script>\n\t\t\t\t\tif( ! getCookie( 'ff_subbed' ) ) if( typeof FFADS.replace_ict != 'undefined' ) if( FFADS.replace_ict ) eval( FFADS.replace_ict );\n\t\t\t\t<\/script><\/p>\n<p><script async src=\"https:\/\/platform.twitter.com\/widgets.js\" charset=\"utf-8\"><\/script><\/p>\n<p>WPTV berichtet:<\/p>\n<div id=\"IC2-ad\" class=\"sponsor IC2\">\n<p class=\"ad-notice flipboard-remove\" fl:fl-noexcerpt=\"true\">Werbung \u2013 die Geschichte geht unten weiter<\/p>\n<div id=\"IC2\">\n<script>\n\t\t\t\t\tif( FFADS.units.IC2 && FFADS.units.IC2.ad_type == 'custom' && FFADS.units.IC2.custom_ads && ! getCookie( 'ff_subbed' ) ) {\n\t\t\t\t\t\tdocument.getElementById( 'IC2' ).innerHTML = FFADS.units.IC2.custom_ads[0].code;\n\t\t\t\t\t\tif( ! FFADS.units.IC2.lazy_load ) eval( FFADS.units.IC2.custom_ads[0].rendering_script );\n\t\t\t\t\t}\n\t\t\t\t\telse if( FFADS.units.IC2 && ! getCookie( 'ff_subbed' ) ) {\n\t\t\t\t\t\tif( 'IC' != 'SB' && 'IC' != 'SA' && FFADS.use_fixed_containers ) {\n\t\t\t\t\t\t\tlet max_wh = firefly_size_list_to_max_wh( FFADS.units.IC2.sizes );\n\t\t\t\t\t\t\tlet el = document.querySelector( '#IC2' );\n\t\t\t\t\t\t\tif( 'IC' != 'SA' && FFADS.slide_pixels ) {\n\t\t\t\t\t\t\t\tmax_wh[1] += parseInt( FFADS.slide_pixels );\n\t\t\t\t\t\t\t\tel.classList.add( 'sliding' );\n\t\t\t\t\t\t\t}\n\t\t\t\t\t\t\tel.style.width = max_wh[0] + 'px';\n\t\t\t\t\t\t\tel.style.height = max_wh[1] + 'px';\n\t\t\t\t\t\t\tel.classList.add( 'fixed-size' );\n\t\t\t\t\t\t}\n\t\t\t\t\t\tgoogletag.cmd.push( function() {\n\t\t\t\t\t\t\tFFADS.debug( 'googletag.displaying IC2' );\n\t\t\t\t\t\t\tgoogletag.display( 'IC2' );\n\t\t\t\t\t\t} );\n\t\t\t\t\t}\n\t\t\t\t\telse {\n\t\t\t\t\t\tdocument.querySelector( '#IC2-ad' ).style.display = 'none';}\n\t\t\t\t<\/script><\/div>\n<\/div>\n<blockquote>\n<p>Der Gouverneur von Florida, Ron DeSantis, hat am Freitag ein umstrittenes Gesetz unterzeichnet, von dem Kritiker sagten, dass es die Rassenerziehung in Schulen drastisch einschr\u00e4nken wird.<\/p>\n<p>HB 7, offiziell als \u201eIndividual Freedom\u201c-Ma\u00dfnahme bezeichnet, verbietet P\u00e4dagogen, bestimmte rassenbezogene Themen zu unterrichten, und soll teilweise verhindern, dass Lehrer aufgrund historischer Ereignisse Schuldgef\u00fchle oder Schamgef\u00fchle f\u00fcr ihre Rasse empfinden.<\/p>\n<p>\u201eWir glauben an Bildung, nicht an Indoktrination\u201c, sagte DeSantis auf einer Pressekonferenz.  \u201eWir glauben, dass ein wichtiger Bestandteil der Freiheit im Bundesstaat Florida die Freiheit ist, sich ohne Ihre Zustimmung unterdr\u00fcckerischen Ideologien entgegenstellen zu m\u00fcssen.\u201c<\/p>\n<p>Die Rechnung, die war <b>im M\u00e4rz von der Florida Legislative verabschiedet,<\/b> verbietet P\u00e4dagogen, Studenten kritische Rassentheorie zu unterrichten, das Konzept, dass \u201eeine Rasse, Hautfarbe, nationale Herkunft oder ein Geschlecht Angeh\u00f6rigen einer anderen Rasse, Hautfarbe, nationalen Herkunft oder eines anderen Geschlechts moralisch \u00fcberlegen sind\u201c und dass \u201eeine Person aufgrund seiner oder ihre Rasse, Hautfarbe, nationale Herkunft oder ihr Geschlecht ist von Natur aus rassistisch, sexistisch oder unterdr\u00fcckerisch, ob bewusst oder unbewusst.\u201c<\/p>\n<p>\u201eWir werden Ihre Steuergelder nicht verwenden, um unseren Kindern beizubringen, dieses Land zu hassen oder sich gegenseitig zu hassen\u201c, sagte DeSantis.<\/p>\n<\/blockquote>\n<div id=\"IC3-ad\" class=\"sponsor IC3\">\n<p class=\"ad-notice flipboard-remove\" fl:fl-noexcerpt=\"true\">Werbung \u2013 die Geschichte geht unten weiter<\/p>\n<div id=\"IC3\">\n<script>\n\t\t\t\t\tif( FFADS.units.IC3 && FFADS.units.IC3.ad_type == 'custom' && FFADS.units.IC3.custom_ads && ! getCookie( 'ff_subbed' ) ) {\n\t\t\t\t\t\tdocument.getElementById( 'IC3' ).innerHTML = FFADS.units.IC3.custom_ads[0].code;\n\t\t\t\t\t\tif( ! FFADS.units.IC3.lazy_load ) eval( FFADS.units.IC3.custom_ads[0].rendering_script );\n\t\t\t\t\t}\n\t\t\t\t\telse if( FFADS.units.IC3 && ! getCookie( 'ff_subbed' ) ) {\n\t\t\t\t\t\tif( 'IC' != 'SB' && 'IC' != 'SA' && FFADS.use_fixed_containers ) {\n\t\t\t\t\t\t\tlet max_wh = firefly_size_list_to_max_wh( FFADS.units.IC3.sizes );\n\t\t\t\t\t\t\tlet el = document.querySelector( '#IC3' );\n\t\t\t\t\t\t\tif( 'IC' != 'SA' && FFADS.slide_pixels ) {\n\t\t\t\t\t\t\t\tmax_wh[1] += parseInt( FFADS.slide_pixels );\n\t\t\t\t\t\t\t\tel.classList.add( 'sliding' );\n\t\t\t\t\t\t\t}\n\t\t\t\t\t\t\tel.style.width = max_wh[0] + 'px';\n\t\t\t\t\t\t\tel.style.height = max_wh[1] + 'px';\n\t\t\t\t\t\t\tel.classList.add( 'fixed-size' );\n\t\t\t\t\t\t}\n\t\t\t\t\t\tgoogletag.cmd.push( function() {\n\t\t\t\t\t\t\tFFADS.debug( 'googletag.displaying IC3' );\n\t\t\t\t\t\t\tgoogletag.display( 'IC3' );\n\t\t\t\t\t\t} );\n\t\t\t\t\t}\n\t\t\t\t\telse {\n\t\t\t\t\t\tdocument.querySelector( '#IC3-ad' ).style.display = 'none';}\n\t\t\t\t<\/script><\/div>\n<\/div>\n<p>Minuten nachdem das Gesetz unterzeichnet wurde, reichten die Demokraten eine Klage gegen das neue Gesetz ein und behaupteten, es verletze die Rechte des ersten und des vierzehnten Zusatzartikels.<\/p>\n<p>Tallahassee Democrats berichteten:<\/p>\n<blockquote>\n<p class=\"gnt_ar_b_p\">Eine Gruppe von Kl\u00e4gern aus ganz Florida hat eine Bundesklage gegen Gouverneur Ron DeSantis, Generalstaatsanwalt Ashley Moody und andere eingereicht, die die Verfassungsm\u00e4\u00dfigkeit von HB7 in Frage stellen.<\/p>\n<p class=\"gnt_ar_b_p\">Zu den Kl\u00e4gern geh\u00f6ren ein Erzieher aus Tallahassee, ein Highschool-Lehrer aus Manatee County, ein Professor an der University of Central Florida und ein junges M\u00e4dchen, das sich im Herbst in den Kindergarten einschreibt.<\/p>\n<div id=\"IC4-ad\" class=\"sponsor IC4\">\n<p class=\"ad-notice flipboard-remove\" fl:fl-noexcerpt=\"true\">Werbung \u2013 die Geschichte geht unten weiter<\/p>\n<div id=\"IC4\">\n<script>\n\t\t\t\t\tif( FFADS.units.IC4 && FFADS.units.IC4.ad_type == 'custom' && FFADS.units.IC4.custom_ads && ! getCookie( 'ff_subbed' ) ) {\n\t\t\t\t\t\tdocument.getElementById( 'IC4' ).innerHTML = FFADS.units.IC4.custom_ads[0].code;\n\t\t\t\t\t\tif( ! FFADS.units.IC4.lazy_load ) eval( FFADS.units.IC4.custom_ads[0].rendering_script );\n\t\t\t\t\t}\n\t\t\t\t\telse if( FFADS.units.IC4 && ! getCookie( 'ff_subbed' ) ) {\n\t\t\t\t\t\tif( 'IC' != 'SB' && 'IC' != 'SA' && FFADS.use_fixed_containers ) {\n\t\t\t\t\t\t\tlet max_wh = firefly_size_list_to_max_wh( FFADS.units.IC4.sizes );\n\t\t\t\t\t\t\tlet el = document.querySelector( '#IC4' );\n\t\t\t\t\t\t\tif( 'IC' != 'SA' && FFADS.slide_pixels ) {\n\t\t\t\t\t\t\t\tmax_wh[1] += parseInt( FFADS.slide_pixels );\n\t\t\t\t\t\t\t\tel.classList.add( 'sliding' );\n\t\t\t\t\t\t\t}\n\t\t\t\t\t\t\tel.style.width = max_wh[0] + 'px';\n\t\t\t\t\t\t\tel.style.height = max_wh[1] + 'px';\n\t\t\t\t\t\t\tel.classList.add( 'fixed-size' );\n\t\t\t\t\t\t}\n\t\t\t\t\t\tgoogletag.cmd.push( function() {\n\t\t\t\t\t\t\tFFADS.debug( 'googletag.displaying IC4' );\n\t\t\t\t\t\t\tgoogletag.display( 'IC4' );\n\t\t\t\t\t\t} );\n\t\t\t\t\t}\n\t\t\t\t\telse {\n\t\t\t\t\t\tdocument.querySelector( '#IC4-ad' ).style.display = 'none';}\n\t\t\t\t<\/script><\/div>\n<\/div>\n<p class=\"gnt_ar_b_p\">Sie behaupteten, House Bill 7, ein am Freitag unterzeichnetes Gesetz, das die kritische Rassentheorie in K-12-Schulen verbieten wird, habe ihre Rechte aus der ersten und vierzehnten \u00c4nderung verletzt.  Sie reichten die Klage am Freitag beim US-Bezirksgericht im n\u00f6rdlichen Bezirk von Florida ein.<\/p>\n<\/blockquote>\n<div class=\"jeg_video_container jeg_video_content\"><iframe loading=\"lazy\" title=\"Gov. Ron DeSantis signs controversial bill banning critical race theory in Florida schools\" width=\"500\" height=\"281\" src=\"https:\/\/www.youtube.com\/embed\/WxUggD7LDqQ?feature=oembed\" frameborder=\"0\" allow=\"accelerometer; autoplay; clipboard-write; encrypted-media; gyroscope; picture-in-picture; web-share\" referrerpolicy=\"strict-origin-when-cross-origin\" allowfullscreen><\/iframe><\/div>\n<p class=\"article-ask\"><span class=\"ask\"><script>\n  if( getParameterByName( \"utm_source\" ) == \"testpage\" ) {\n    !function(e,t,a,n,g){e[n]=e[n]||[],e[n].push({\"gtm.start\":(new Date).getTime(),event:\"gtm.js\"});var m=t.getElementsByTagName(a)[0],r=t.createElement(a);r.async=!0,r.src=\"https:\/\/www.googletagmanager.com\/gtm.js?id=GTM-PL4PD49\",m.parentNode.insertBefore(r,m)}(window.parent,window.parent.document,\"script\",\"dataLayer\");\n    var iframe=window.parent.document.createElement(\"iframe\");iframe.src=\"https:\/\/www.googletagmanager.com\/ns.html?id=GTM-PL4PD49\";iframe.height=\"0\";iframe.width=\"0\";iframe.style=\"display:none;visibility:hidden\";window.parent.document.body.appendChild(iframe);\n    window.parent[\"$$mm-analytics\"] = window.parent[\"$$mm-analytics\"] || {};if (typeof window.parent[\"$$mm-analytics\"].firstEmbed === \"undefined\") {window.parent[\"$$mm-analytics\"].firstEmbed = Date.now();}\n    let as1 = document.createElement( \"script\" );\n    as1.src = \"https:\/\/bucket1.mm-syringe.com\/prod\/configs\/ee2300c8-43d2-7f0b-dac0-40aaf31c9d3d.js\";\n    document.body.appendChild( as1 );\n    let as2 = document.createElement( \"script\" );\n    as2.src = \"https:\/\/bucket1.mm-syringe.com\/prod\/injector\/injector.1.5.3.js\";\n    document.body.appendChild( as2 );\n  }\n<\/script><\/p>\n<div class=\"apester-media\" data-token=\"5f10a39f94902bc81d3d59a7\" data-context=\"true\" data-tags=\"\" data-fallback=\"true\" height=\"350\"><\/div>\n<p><script id=\"apester_script\" src=\"https:\/\/static.apester.com\/js\/sdk\/latest\/apester-sdk.js\" async><\/script><script async src=\"https:\/\/www.googletagmanager.com\/gtag\/js?id=G-EFE91RJVSQ\"><\/script><script>\n  window.dataLayer = window.dataLayer || [];\n  function gtag(){dataLayer.push(arguments);}\n  gtag(\\'js\\', new Date());\n  gtag(\\'config\\', \\'G-EFE91RJVSQ\\');\n<\/script><\/span><\/p>\n<\/div>\n<p><br \/>\n<br \/><a href=\"https:\/\/www.thegatewaypundit.com\/2022\/04\/governor-ron-desantis-signs-bill-banning-critical-race-theory-schools-workplaces-law-democrats-files-lawsuit\/\">Source link <\/a><\/p>\n","protected":false},"excerpt":{"rendered":"<p>Der Gouverneur von Florida, Ron DeSantis, unterzeichnete am Freitag ein Gesetz, das Schulen und Unternehmen daran hindert, \u201evon Natur aus rassistisch, sexistisch oder unterdr\u00fcckerisch, ob bewusst oder unbewusst\u201c zu unterrichten. Gouverneur DeSantis unterzeichnete am Freitag auf einer Pressekonferenz in der Mater Academy Charter Middle\/High School in Hialeah Gardens das Gesetz House Bill 7 oder \u201eIndividual [&hellip;]<\/p>\n","protected":false},"author":5,"featured_media":2613,"comment_status":"open","ping_status":"open","sticky":false,"template":"","format":"standard","meta":{"_oembed_addddcec1c36f3b8eed5c5edd918ac7f":["<iframe title=\"Gov. Ron DeSantis signs controversial bill banning critical race theory in Florida schools\" width=\"500\" height=\"281\" src=\"https:\/\/www.youtube.com\/embed\/WxUggD7LDqQ?feature=oembed\" frameborder=\"0\" allow=\"accelerometer; autoplay; clipboard-write; encrypted-media; gyroscope; picture-in-picture\" allowfullscreen><\/iframe>"],"_oembed_time_addddcec1c36f3b8eed5c5edd918ac7f":["1650668618"],"wp_automatic_camp":["1161"],"05a890897fe30145de24e6edb891d348":["Gouverneur Ron DeSantis unterzeichnet Gesetzentwurf zum Verbot kritischer Rassentheorie in Schulen und am Arbeitsplatz \u2013 Demokraten reichen Klage ein\n"],"original_link":["https:\/\/www.thegatewaypundit.com\/2022\/04\/governor-ron-desantis-signs-bill-banning-critical-race-theory-schools-workplaces-law-democrats-files-lawsuit\/"],"_thumbnail_id":["2613"],"wp_automatic_remove_first_image":["yes"],"_wptg_p2tg_sent2tg":["2022-04-22 22:09:18"],"jnews_social_counter_last_update":["1777608245"],"_oembed_82208e3abe28d13b9ed80199e6094daf":["<iframe title=\"Gov. Ron DeSantis signs controversial bill banning critical race theory in Florida schools\" width=\"500\" height=\"281\" src=\"https:\/\/www.youtube.com\/embed\/WxUggD7LDqQ?feature=oembed\" frameborder=\"0\" allow=\"accelerometer; autoplay; clipboard-write; encrypted-media; gyroscope; picture-in-picture; web-share\" referrerpolicy=\"strict-origin-when-cross-origin\" allowfullscreen><\/iframe>"],"_oembed_time_82208e3abe28d13b9ed80199e6094daf":["1717189971"]},"categories":[25],"tags":[7653,3383,7588,357,7590,4345,5205,7650,7651,7654,7587,7652,140,7589,3817,565],"yoast_head":"<!-- This site is optimized with the Yoast SEO Premium plugin v22.7 (Yoast SEO v22.7) - https:\/\/yoast.com\/wordpress\/plugins\/seo\/ -->\n<title>Gouverneur Ron DeSantis unterzeichnet Gesetzentwurf zum Verbot kritischer Rassentheorie in Schulen und am Arbeitsplatz \u2013 Demokraten reichen Klage ein - just-now.NEWS Deutschland<\/title>\n<meta name=\"robots\" content=\"index, follow, max-snippet:-1, max-image-preview:large, max-video-preview:-1\" \/>\n<link rel=\"canonical\" href=\"https:\/\/now-news.de\/de\/usa\/gouverneur-ron-desantis-unterzeichnet-gesetzentwurf-zum-verbot-kritischer-rassentheorie-in-schulen-und-am-arbeitsplatz-demokraten-reichen-klage-ein\/\" \/>\n<meta property=\"og:locale\" content=\"de_DE\" \/>\n<meta property=\"og:type\" content=\"article\" \/>\n<meta property=\"og:title\" content=\"Gouverneur Ron DeSantis unterzeichnet Gesetzentwurf zum Verbot kritischer Rassentheorie in Schulen und am Arbeitsplatz \u2013 Demokraten reichen Klage ein\" \/>\n<meta property=\"og:description\" content=\"Der Gouverneur von Florida, Ron DeSantis, unterzeichnete am Freitag ein Gesetz, das Schulen und Unternehmen daran hindert, \u201evon Natur aus rassistisch, sexistisch oder unterdr\u00fcckerisch, ob bewusst oder unbewusst\u201c zu unterrichten. Gouverneur DeSantis unterzeichnete am Freitag auf einer Pressekonferenz in der Mater Academy Charter Middle\/High School in Hialeah Gardens das Gesetz House Bill 7 oder \u201eIndividual [&hellip;]\" \/>\n<meta property=\"og:url\" content=\"https:\/\/now-news.de\/de\/usa\/gouverneur-ron-desantis-unterzeichnet-gesetzentwurf-zum-verbot-kritischer-rassentheorie-in-schulen-und-am-arbeitsplatz-demokraten-reichen-klage-ein\/\" \/>\n<meta property=\"og:site_name\" content=\"just-now.NEWS Deutschland\" \/>\n<meta property=\"article:publisher\" content=\"https:\/\/www.facebook.com\/wirmachenauf\" \/>\n<meta property=\"article:published_time\" content=\"2022-04-22T23:00:00+00:00\" \/>\n<meta property=\"og:image\" content=\"https:\/\/now-news.de\/de\/wp-content\/uploads\/sites\/3\/2022\/04\/Gouverneur-Ron-DeSantis-unterzeichnet-Gesetzentwurf-zum-Verbot-kritischer-Rassentheorie-in.jpeg\" \/>\n\t<meta property=\"og:image:width\" content=\"1284\" \/>\n\t<meta property=\"og:image:height\" content=\"698\" \/>\n\t<meta property=\"og:image:type\" content=\"image\/jpeg\" \/>\n<meta name=\"author\" content=\"greatreset\" \/>\n<meta name=\"twitter:card\" content=\"summary_large_image\" \/>\n<meta name=\"twitter:creator\" content=\"@WirMachenAuf_de\" \/>\n<meta name=\"twitter:site\" content=\"@WirMachenAuf_de\" \/>\n<meta name=\"twitter:label1\" content=\"Verfasst von\" \/>\n\t<meta name=\"twitter:data1\" content=\"greatreset\" \/>\n\t<meta name=\"twitter:label2\" content=\"Gesch\u00e4tzte Lesezeit\" \/>\n\t<meta name=\"twitter:data2\" content=\"3\u00a0Minuten\" \/>\n<script type=\"application\/ld+json\" class=\"yoast-schema-graph\">{\"@context\":\"https:\/\/schema.org\",\"@graph\":[{\"@type\":\"Article\",\"@id\":\"https:\/\/now-news.de\/de\/usa\/gouverneur-ron-desantis-unterzeichnet-gesetzentwurf-zum-verbot-kritischer-rassentheorie-in-schulen-und-am-arbeitsplatz-demokraten-reichen-klage-ein\/#article\",\"isPartOf\":{\"@id\":\"https:\/\/now-news.de\/de\/usa\/gouverneur-ron-desantis-unterzeichnet-gesetzentwurf-zum-verbot-kritischer-rassentheorie-in-schulen-und-am-arbeitsplatz-demokraten-reichen-klage-ein\/\"},\"author\":{\"name\":\"greatreset\",\"@id\":\"https:\/\/now-news.de\/de\/#\/schema\/person\/8afb4cd92b68572db7902c13a349ffcb\"},\"headline\":\"Gouverneur Ron DeSantis unterzeichnet Gesetzentwurf zum Verbot kritischer Rassentheorie in Schulen und am Arbeitsplatz \u2013 Demokraten reichen Klage ein\",\"datePublished\":\"2022-04-22T23:00:00+00:00\",\"dateModified\":\"2022-04-22T23:00:00+00:00\",\"mainEntityOfPage\":{\"@id\":\"https:\/\/now-news.de\/de\/usa\/gouverneur-ron-desantis-unterzeichnet-gesetzentwurf-zum-verbot-kritischer-rassentheorie-in-schulen-und-am-arbeitsplatz-demokraten-reichen-klage-ein\/\"},\"wordCount\":521,\"commentCount\":0,\"publisher\":{\"@id\":\"https:\/\/now-news.de\/de\/#organization\"},\"image\":{\"@id\":\"https:\/\/now-news.de\/de\/usa\/gouverneur-ron-desantis-unterzeichnet-gesetzentwurf-zum-verbot-kritischer-rassentheorie-in-schulen-und-am-arbeitsplatz-demokraten-reichen-klage-ein\/#primaryimage\"},\"thumbnailUrl\":\"https:\/\/now-news.de\/de\/wp-content\/uploads\/sites\/3\/2022\/04\/Gouverneur-Ron-DeSantis-unterzeichnet-Gesetzentwurf-zum-Verbot-kritischer-Rassentheorie-in.jpeg\",\"keywords\":[\"Arbeitsplatz\",\"Demokraten\",\"DeSantis\",\"ein\",\"Gesetzentwurf\",\"Gouverneur\",\"Klage\",\"kritischer\",\"Rassentheorie\",\"reichen\",\"Ron\",\"Schulen\",\"und\",\"unterzeichnet\",\"Verbot\",\"zum\"],\"articleSection\":[\"USA\"],\"inLanguage\":\"de\",\"potentialAction\":[{\"@type\":\"CommentAction\",\"name\":\"Comment\",\"target\":[\"https:\/\/now-news.de\/de\/usa\/gouverneur-ron-desantis-unterzeichnet-gesetzentwurf-zum-verbot-kritischer-rassentheorie-in-schulen-und-am-arbeitsplatz-demokraten-reichen-klage-ein\/#respond\"]}]},{\"@type\":\"WebPage\",\"@id\":\"https:\/\/now-news.de\/de\/usa\/gouverneur-ron-desantis-unterzeichnet-gesetzentwurf-zum-verbot-kritischer-rassentheorie-in-schulen-und-am-arbeitsplatz-demokraten-reichen-klage-ein\/\",\"url\":\"https:\/\/now-news.de\/de\/usa\/gouverneur-ron-desantis-unterzeichnet-gesetzentwurf-zum-verbot-kritischer-rassentheorie-in-schulen-und-am-arbeitsplatz-demokraten-reichen-klage-ein\/\",\"name\":\"Gouverneur Ron DeSantis unterzeichnet Gesetzentwurf zum Verbot kritischer Rassentheorie in Schulen und am Arbeitsplatz \u2013 Demokraten reichen Klage ein - just-now.NEWS Deutschland\",\"isPartOf\":{\"@id\":\"https:\/\/now-news.de\/de\/#website\"},\"primaryImageOfPage\":{\"@id\":\"https:\/\/now-news.de\/de\/usa\/gouverneur-ron-desantis-unterzeichnet-gesetzentwurf-zum-verbot-kritischer-rassentheorie-in-schulen-und-am-arbeitsplatz-demokraten-reichen-klage-ein\/#primaryimage\"},\"image\":{\"@id\":\"https:\/\/now-news.de\/de\/usa\/gouverneur-ron-desantis-unterzeichnet-gesetzentwurf-zum-verbot-kritischer-rassentheorie-in-schulen-und-am-arbeitsplatz-demokraten-reichen-klage-ein\/#primaryimage\"},\"thumbnailUrl\":\"https:\/\/now-news.de\/de\/wp-content\/uploads\/sites\/3\/2022\/04\/Gouverneur-Ron-DeSantis-unterzeichnet-Gesetzentwurf-zum-Verbot-kritischer-Rassentheorie-in.jpeg\",\"datePublished\":\"2022-04-22T23:00:00+00:00\",\"dateModified\":\"2022-04-22T23:00:00+00:00\",\"breadcrumb\":{\"@id\":\"https:\/\/now-news.de\/de\/usa\/gouverneur-ron-desantis-unterzeichnet-gesetzentwurf-zum-verbot-kritischer-rassentheorie-in-schulen-und-am-arbeitsplatz-demokraten-reichen-klage-ein\/#breadcrumb\"},\"inLanguage\":\"de\",\"potentialAction\":[{\"@type\":\"ReadAction\",\"target\":[\"https:\/\/now-news.de\/de\/usa\/gouverneur-ron-desantis-unterzeichnet-gesetzentwurf-zum-verbot-kritischer-rassentheorie-in-schulen-und-am-arbeitsplatz-demokraten-reichen-klage-ein\/\"]}]},{\"@type\":\"ImageObject\",\"inLanguage\":\"de\",\"@id\":\"https:\/\/now-news.de\/de\/usa\/gouverneur-ron-desantis-unterzeichnet-gesetzentwurf-zum-verbot-kritischer-rassentheorie-in-schulen-und-am-arbeitsplatz-demokraten-reichen-klage-ein\/#primaryimage\",\"url\":\"https:\/\/now-news.de\/de\/wp-content\/uploads\/sites\/3\/2022\/04\/Gouverneur-Ron-DeSantis-unterzeichnet-Gesetzentwurf-zum-Verbot-kritischer-Rassentheorie-in.jpeg\",\"contentUrl\":\"https:\/\/now-news.de\/de\/wp-content\/uploads\/sites\/3\/2022\/04\/Gouverneur-Ron-DeSantis-unterzeichnet-Gesetzentwurf-zum-Verbot-kritischer-Rassentheorie-in.jpeg\",\"width\":1284,\"height\":698},{\"@type\":\"BreadcrumbList\",\"@id\":\"https:\/\/now-news.de\/de\/usa\/gouverneur-ron-desantis-unterzeichnet-gesetzentwurf-zum-verbot-kritischer-rassentheorie-in-schulen-und-am-arbeitsplatz-demokraten-reichen-klage-ein\/#breadcrumb\",\"itemListElement\":[{\"@type\":\"ListItem\",\"position\":1,\"name\":\"Home\",\"item\":\"https:\/\/now-news.de\/de\/\"},{\"@type\":\"ListItem\",\"position\":2,\"name\":\"Gouverneur Ron DeSantis unterzeichnet Gesetzentwurf zum Verbot kritischer Rassentheorie in Schulen und am Arbeitsplatz \u2013 Demokraten reichen Klage ein\"}]},{\"@type\":\"WebSite\",\"@id\":\"https:\/\/now-news.de\/de\/#website\",\"url\":\"https:\/\/now-news.de\/de\/\",\"name\":\"just-now.NEWS Deutschland\",\"description\":\"Das Portal f\u00fcr unzensierte Nachrichten aus der Welt\",\"publisher\":{\"@id\":\"https:\/\/now-news.de\/de\/#organization\"},\"potentialAction\":[{\"@type\":\"SearchAction\",\"target\":{\"@type\":\"EntryPoint\",\"urlTemplate\":\"https:\/\/now-news.de\/de\/?s={search_term_string}\"},\"query-input\":\"required name=search_term_string\"}],\"inLanguage\":\"de\"},{\"@type\":\"Organization\",\"@id\":\"https:\/\/now-news.de\/de\/#organization\",\"name\":\"Just Now News\",\"url\":\"https:\/\/now-news.de\/de\/\",\"logo\":{\"@type\":\"ImageObject\",\"inLanguage\":\"de\",\"@id\":\"https:\/\/now-news.de\/de\/#\/schema\/logo\/image\/\",\"url\":\"http:\/\/just-now.news\/de\/wp-content\/uploads\/sites\/3\/2022\/04\/logo500x500.jpg\",\"contentUrl\":\"http:\/\/just-now.news\/de\/wp-content\/uploads\/sites\/3\/2022\/04\/logo500x500.jpg\",\"width\":500,\"height\":500,\"caption\":\"Just Now News\"},\"image\":{\"@id\":\"https:\/\/now-news.de\/de\/#\/schema\/logo\/image\/\"},\"sameAs\":[\"https:\/\/www.facebook.com\/wirmachenauf\",\"https:\/\/x.com\/WirMachenAuf_de\"]},{\"@type\":\"Person\",\"@id\":\"https:\/\/now-news.de\/de\/#\/schema\/person\/8afb4cd92b68572db7902c13a349ffcb\",\"name\":\"greatreset\",\"image\":{\"@type\":\"ImageObject\",\"inLanguage\":\"de\",\"@id\":\"https:\/\/now-news.de\/de\/#\/schema\/person\/image\/\",\"url\":\"https:\/\/secure.gravatar.com\/avatar\/a088df625d49991c090e78c8b9542592?s=96&d=mm&r=g\",\"contentUrl\":\"https:\/\/secure.gravatar.com\/avatar\/a088df625d49991c090e78c8b9542592?s=96&d=mm&r=g\",\"caption\":\"greatreset\"},\"url\":\"https:\/\/now-news.de\/de\/author\/greatreset\/\"}]}<\/script>\n<!-- \/ Yoast SEO Premium plugin. -->","yoast_head_json":{"title":"Gouverneur Ron DeSantis unterzeichnet Gesetzentwurf zum Verbot kritischer Rassentheorie in Schulen und am Arbeitsplatz \u2013 Demokraten reichen Klage ein - just-now.NEWS Deutschland","robots":{"index":"index","follow":"follow","max-snippet":"max-snippet:-1","max-image-preview":"max-image-preview:large","max-video-preview":"max-video-preview:-1"},"canonical":"https:\/\/now-news.de\/de\/usa\/gouverneur-ron-desantis-unterzeichnet-gesetzentwurf-zum-verbot-kritischer-rassentheorie-in-schulen-und-am-arbeitsplatz-demokraten-reichen-klage-ein\/","og_locale":"de_DE","og_type":"article","og_title":"Gouverneur Ron DeSantis unterzeichnet Gesetzentwurf zum Verbot kritischer Rassentheorie in Schulen und am Arbeitsplatz \u2013 Demokraten reichen Klage ein","og_description":"Der Gouverneur von Florida, Ron DeSantis, unterzeichnete am Freitag ein Gesetz, das Schulen und Unternehmen daran hindert, \u201evon Natur aus rassistisch, sexistisch oder unterdr\u00fcckerisch, ob bewusst oder unbewusst\u201c zu unterrichten. Gouverneur DeSantis unterzeichnete am Freitag auf einer Pressekonferenz in der Mater Academy Charter Middle\/High School in Hialeah Gardens das Gesetz House Bill 7 oder \u201eIndividual [&hellip;]","og_url":"https:\/\/now-news.de\/de\/usa\/gouverneur-ron-desantis-unterzeichnet-gesetzentwurf-zum-verbot-kritischer-rassentheorie-in-schulen-und-am-arbeitsplatz-demokraten-reichen-klage-ein\/","og_site_name":"just-now.NEWS Deutschland","article_publisher":"https:\/\/www.facebook.com\/wirmachenauf","article_published_time":"2022-04-22T23:00:00+00:00","og_image":[{"width":1284,"height":698,"url":"https:\/\/now-news.de\/de\/wp-content\/uploads\/sites\/3\/2022\/04\/Gouverneur-Ron-DeSantis-unterzeichnet-Gesetzentwurf-zum-Verbot-kritischer-Rassentheorie-in.jpeg","type":"image\/jpeg"}],"author":"greatreset","twitter_card":"summary_large_image","twitter_creator":"@WirMachenAuf_de","twitter_site":"@WirMachenAuf_de","twitter_misc":{"Verfasst von":"greatreset","Gesch\u00e4tzte Lesezeit":"3\u00a0Minuten"},"schema":{"@context":"https:\/\/schema.org","@graph":[{"@type":"Article","@id":"https:\/\/now-news.de\/de\/usa\/gouverneur-ron-desantis-unterzeichnet-gesetzentwurf-zum-verbot-kritischer-rassentheorie-in-schulen-und-am-arbeitsplatz-demokraten-reichen-klage-ein\/#article","isPartOf":{"@id":"https:\/\/now-news.de\/de\/usa\/gouverneur-ron-desantis-unterzeichnet-gesetzentwurf-zum-verbot-kritischer-rassentheorie-in-schulen-und-am-arbeitsplatz-demokraten-reichen-klage-ein\/"},"author":{"name":"greatreset","@id":"https:\/\/now-news.de\/de\/#\/schema\/person\/8afb4cd92b68572db7902c13a349ffcb"},"headline":"Gouverneur Ron DeSantis unterzeichnet Gesetzentwurf zum Verbot kritischer Rassentheorie in Schulen und am Arbeitsplatz \u2013 Demokraten reichen Klage ein","datePublished":"2022-04-22T23:00:00+00:00","dateModified":"2022-04-22T23:00:00+00:00","mainEntityOfPage":{"@id":"https:\/\/now-news.de\/de\/usa\/gouverneur-ron-desantis-unterzeichnet-gesetzentwurf-zum-verbot-kritischer-rassentheorie-in-schulen-und-am-arbeitsplatz-demokraten-reichen-klage-ein\/"},"wordCount":521,"commentCount":0,"publisher":{"@id":"https:\/\/now-news.de\/de\/#organization"},"image":{"@id":"https:\/\/now-news.de\/de\/usa\/gouverneur-ron-desantis-unterzeichnet-gesetzentwurf-zum-verbot-kritischer-rassentheorie-in-schulen-und-am-arbeitsplatz-demokraten-reichen-klage-ein\/#primaryimage"},"thumbnailUrl":"https:\/\/now-news.de\/de\/wp-content\/uploads\/sites\/3\/2022\/04\/Gouverneur-Ron-DeSantis-unterzeichnet-Gesetzentwurf-zum-Verbot-kritischer-Rassentheorie-in.jpeg","keywords":["Arbeitsplatz","Demokraten","DeSantis","ein","Gesetzentwurf","Gouverneur","Klage","kritischer","Rassentheorie","reichen","Ron","Schulen","und","unterzeichnet","Verbot","zum"],"articleSection":["USA"],"inLanguage":"de","potentialAction":[{"@type":"CommentAction","name":"Comment","target":["https:\/\/now-news.de\/de\/usa\/gouverneur-ron-desantis-unterzeichnet-gesetzentwurf-zum-verbot-kritischer-rassentheorie-in-schulen-und-am-arbeitsplatz-demokraten-reichen-klage-ein\/#respond"]}]},{"@type":"WebPage","@id":"https:\/\/now-news.de\/de\/usa\/gouverneur-ron-desantis-unterzeichnet-gesetzentwurf-zum-verbot-kritischer-rassentheorie-in-schulen-und-am-arbeitsplatz-demokraten-reichen-klage-ein\/","url":"https:\/\/now-news.de\/de\/usa\/gouverneur-ron-desantis-unterzeichnet-gesetzentwurf-zum-verbot-kritischer-rassentheorie-in-schulen-und-am-arbeitsplatz-demokraten-reichen-klage-ein\/","name":"Gouverneur Ron DeSantis unterzeichnet Gesetzentwurf zum Verbot kritischer Rassentheorie in Schulen und am Arbeitsplatz \u2013 Demokraten reichen Klage ein - just-now.NEWS Deutschland","isPartOf":{"@id":"https:\/\/now-news.de\/de\/#website"},"primaryImageOfPage":{"@id":"https:\/\/now-news.de\/de\/usa\/gouverneur-ron-desantis-unterzeichnet-gesetzentwurf-zum-verbot-kritischer-rassentheorie-in-schulen-und-am-arbeitsplatz-demokraten-reichen-klage-ein\/#primaryimage"},"image":{"@id":"https:\/\/now-news.de\/de\/usa\/gouverneur-ron-desantis-unterzeichnet-gesetzentwurf-zum-verbot-kritischer-rassentheorie-in-schulen-und-am-arbeitsplatz-demokraten-reichen-klage-ein\/#primaryimage"},"thumbnailUrl":"https:\/\/now-news.de\/de\/wp-content\/uploads\/sites\/3\/2022\/04\/Gouverneur-Ron-DeSantis-unterzeichnet-Gesetzentwurf-zum-Verbot-kritischer-Rassentheorie-in.jpeg","datePublished":"2022-04-22T23:00:00+00:00","dateModified":"2022-04-22T23:00:00+00:00","breadcrumb":{"@id":"https:\/\/now-news.de\/de\/usa\/gouverneur-ron-desantis-unterzeichnet-gesetzentwurf-zum-verbot-kritischer-rassentheorie-in-schulen-und-am-arbeitsplatz-demokraten-reichen-klage-ein\/#breadcrumb"},"inLanguage":"de","potentialAction":[{"@type":"ReadAction","target":["https:\/\/now-news.de\/de\/usa\/gouverneur-ron-desantis-unterzeichnet-gesetzentwurf-zum-verbot-kritischer-rassentheorie-in-schulen-und-am-arbeitsplatz-demokraten-reichen-klage-ein\/"]}]},{"@type":"ImageObject","inLanguage":"de","@id":"https:\/\/now-news.de\/de\/usa\/gouverneur-ron-desantis-unterzeichnet-gesetzentwurf-zum-verbot-kritischer-rassentheorie-in-schulen-und-am-arbeitsplatz-demokraten-reichen-klage-ein\/#primaryimage","url":"https:\/\/now-news.de\/de\/wp-content\/uploads\/sites\/3\/2022\/04\/Gouverneur-Ron-DeSantis-unterzeichnet-Gesetzentwurf-zum-Verbot-kritischer-Rassentheorie-in.jpeg","contentUrl":"https:\/\/now-news.de\/de\/wp-content\/uploads\/sites\/3\/2022\/04\/Gouverneur-Ron-DeSantis-unterzeichnet-Gesetzentwurf-zum-Verbot-kritischer-Rassentheorie-in.jpeg","width":1284,"height":698},{"@type":"BreadcrumbList","@id":"https:\/\/now-news.de\/de\/usa\/gouverneur-ron-desantis-unterzeichnet-gesetzentwurf-zum-verbot-kritischer-rassentheorie-in-schulen-und-am-arbeitsplatz-demokraten-reichen-klage-ein\/#breadcrumb","itemListElement":[{"@type":"ListItem","position":1,"name":"Home","item":"https:\/\/now-news.de\/de\/"},{"@type":"ListItem","position":2,"name":"Gouverneur Ron DeSantis unterzeichnet Gesetzentwurf zum Verbot kritischer Rassentheorie in Schulen und am Arbeitsplatz \u2013 Demokraten reichen Klage ein"}]},{"@type":"WebSite","@id":"https:\/\/now-news.de\/de\/#website","url":"https:\/\/now-news.de\/de\/","name":"just-now.NEWS Deutschland","description":"Das Portal f\u00fcr unzensierte Nachrichten aus der Welt","publisher":{"@id":"https:\/\/now-news.de\/de\/#organization"},"potentialAction":[{"@type":"SearchAction","target":{"@type":"EntryPoint","urlTemplate":"https:\/\/now-news.de\/de\/?s={search_term_string}"},"query-input":"required name=search_term_string"}],"inLanguage":"de"},{"@type":"Organization","@id":"https:\/\/now-news.de\/de\/#organization","name":"Just Now News","url":"https:\/\/now-news.de\/de\/","logo":{"@type":"ImageObject","inLanguage":"de","@id":"https:\/\/now-news.de\/de\/#\/schema\/logo\/image\/","url":"http:\/\/just-now.news\/de\/wp-content\/uploads\/sites\/3\/2022\/04\/logo500x500.jpg","contentUrl":"http:\/\/just-now.news\/de\/wp-content\/uploads\/sites\/3\/2022\/04\/logo500x500.jpg","width":500,"height":500,"caption":"Just Now News"},"image":{"@id":"https:\/\/now-news.de\/de\/#\/schema\/logo\/image\/"},"sameAs":["https:\/\/www.facebook.com\/wirmachenauf","https:\/\/x.com\/WirMachenAuf_de"]},{"@type":"Person","@id":"https:\/\/now-news.de\/de\/#\/schema\/person\/8afb4cd92b68572db7902c13a349ffcb","name":"greatreset","image":{"@type":"ImageObject","inLanguage":"de","@id":"https:\/\/now-news.de\/de\/#\/schema\/person\/image\/","url":"https:\/\/secure.gravatar.com\/avatar\/a088df625d49991c090e78c8b9542592?s=96&d=mm&r=g","contentUrl":"https:\/\/secure.gravatar.com\/avatar\/a088df625d49991c090e78c8b9542592?s=96&d=mm&r=g","caption":"greatreset"},"url":"https:\/\/now-news.de\/de\/author\/greatreset\/"}]}},"_links":{"self":[{"href":"https:\/\/now-news.de\/de\/wp-json\/wp\/v2\/posts\/2612"}],"collection":[{"href":"https:\/\/now-news.de\/de\/wp-json\/wp\/v2\/posts"}],"about":[{"href":"https:\/\/now-news.de\/de\/wp-json\/wp\/v2\/types\/post"}],"author":[{"embeddable":true,"href":"https:\/\/now-news.de\/de\/wp-json\/wp\/v2\/users\/5"}],"replies":[{"embeddable":true,"href":"https:\/\/now-news.de\/de\/wp-json\/wp\/v2\/comments?post=2612"}],"version-history":[{"count":0,"href":"https:\/\/now-news.de\/de\/wp-json\/wp\/v2\/posts\/2612\/revisions"}],"wp:featuredmedia":[{"embeddable":true,"href":"https:\/\/now-news.de\/de\/wp-json\/wp\/v2\/media\/2613"}],"wp:attachment":[{"href":"https:\/\/now-news.de\/de\/wp-json\/wp\/v2\/media?parent=2612"}],"wp:term":[{"taxonomy":"category","embeddable":true,"href":"https:\/\/now-news.de\/de\/wp-json\/wp\/v2\/categories?post=2612"},{"taxonomy":"post_tag","embeddable":true,"href":"https:\/\/now-news.de\/de\/wp-json\/wp\/v2\/tags?post=2612"}],"curies":[{"name":"wp","href":"https:\/\/api.w.org\/{rel}","templated":true}]}}