{"id":26002,"date":"2022-12-21T15:27:09","date_gmt":"2022-12-21T13:27:09","guid":{"rendered":"https:\/\/just-now.news\/de\/deutschland\/deutsche-wissen-was-stunde-geschlagen-hat-habeck-bedankt-sich-fuers-gassparen\/"},"modified":"2022-12-21T15:27:09","modified_gmt":"2022-12-21T13:27:09","slug":"deutsche-wissen-was-stunde-geschlagen-hat-habeck-bedankt-sich-fuers-gassparen","status":"publish","type":"post","link":"https:\/\/now-news.de\/de\/deutschland\/deutsche-wissen-was-stunde-geschlagen-hat-habeck-bedankt-sich-fuers-gassparen\/","title":{"rendered":"&quot;Deutsche wissen, was Stunde geschlagen hat&quot; \u2013 Habeck bedankt sich f\u00fcrs Gassparen"},"content":{"rendered":"<p><img decoding=\"async\" src=\"http:\/\/just-now.news\/de\/wp-content\/uploads\/sites\/3\/2022\/12\/63a3079248fbef607d114b4d.jpg\" \/><\/p>\n<div class=\"Text-root Text-type_1 \">\n                In einem Interview mit den Sendern &#8220;RTL&#8221; und &#8220;ntv&#8221; erkl\u00e4rte der gr\u00fcne Bundeswirtschaftsminister Robert Habeck, dass nach Lage der Dinge Deutschland trotz Energiekrise gut durch den Winter kommen m\u00fcsste. Das liege auch an dem Sparverhalten der deutschen B\u00fcrger.\n            <\/div>\n<p><\/p>\n<div class=\"Text-root Text-type_5 ArticleView-text ViewText-root \">\n<p>Er wolle Danke sagen, erkl\u00e4rte Bundeswirtschaftsminister Robert Habeck von den Gr\u00fcnen gegen\u00fcber <em>RTL<\/em> und <em>ntv<\/em>. Der Grund: Deutschland m\u00fcsste nach Lage der Dinge gut durch den Winter kommen. Das liege auch an den B\u00fcrgern, die Gas sparen.<\/p>\n<p>Habeck lobte in dem Interview die Deutschen f\u00fcr ihre Einschr\u00e4nkungen beim Gasverbrauch. Die B\u00fcrgerinnen und B\u00fcrger w\u00fcrden &#8220;wirklich Gas sparen&#8221;, so der Gr\u00fcnenpolitiker. Viele Menschen heizten nicht mehr so wie im vergangenen Jahr, f\u00fcgte er hinzu.<\/p>\n<p>Die vergangenen Wochen seien zwar &#8220;statistisch gesehen nicht gut&#8221; gewesen, so Habeck weiter.<\/p>\n<blockquote>\n<p><em>&#8220;Aber das \u00e4ndert nichts daran, dass die innere Haltung der meisten Deutschen so ist, dass sie wissen, was die Stunde geschlagen hat.&#8221;<\/em><\/p>\n<\/blockquote>\n<p>Der Bundeswirtschaftsminister f\u00fchrte weiter aus, dass derzeit eine neue Gasinfrastruktur entstehe, und deswegen die letzten verbliebenen Atomkraftwerke im Fr\u00fchjahr abgeschaltet werden k\u00f6nnten. Habeck gegen\u00fcber <em>RTL<\/em> und <em>ntv<\/em>:<\/p>\n<blockquote>\n<p><em>&#8220;Wir kriegen die Versorgungssicherheit auch ohne Atomstrom hin.&#8221;<\/em><\/p>\n<\/blockquote>\n<p>W\u00e4hrenddessen zeigte sich der Bundesnetzagentur-Chef Klaus M\u00fcller weiterhin besorgt. Die Gasspeicher in Deutschland seien zwar trotz der aktuellen K\u00e4ltewelle noch zu rund 88 Prozent gef\u00fcllt, dennoch m\u00fcsste weiterhin &#8220;achtsam geheizt werden&#8221;, so M\u00fcller gegen\u00fcber der <em>S\u00fcddeutschen Zeitung<\/em>.<\/p>\n<p>\u00dcber den gesamten Winter m\u00fcssten 20 Prozent Gas eingespart werden. &#8220;Wir m\u00fcssen nach zwei oder drei Wochen wie jetzt noch nicht Alarm rufen&#8221;, sagte M\u00fcller. Aber gleichzeitig warnte er:<\/p>\n<blockquote>\n<p><em>&#8220;Es darf aber nicht den ganzen Januar und Februar so weitergehen.&#8221;<\/em><\/p>\n<\/blockquote>\n<p>M\u00fcller forderte in seinem Interview mit der S\u00fcddeutschen Zeitung zudem eine enge \u00dcberwachung der Erdgas-Infrastruktur, um Sabotageakte zu verhindern. Man tue gut daran, &#8220;die kritischen Infrastrukturen besser zu \u00fcberwachen als fr\u00fcher&#8221;, so der Chef der Bundesnetzagentur.<\/p>\n<p>Laut M\u00fcller sei es &#8220;absolut richtig&#8221;, rund um die Terminals f\u00fcr Fl\u00fcssigerdgas einen sehr gro\u00dfen Sicherheitsaufwand zu betreiben. Neben extremer K\u00e4lte in Deutschland oder benachbarten L\u00e4ndern seien Sabotageakte aktuell die gr\u00f6\u00dften Gefahren f\u00fcr die Gasversorgung, f\u00fcgte er hinzu.<\/p>\n<p><strong>Mehr zum Thema<\/strong> \u2013 <a rel=\"nofollow noopener\" target=\"_blank\" href=\"https:\/\/de.rt.com\/wirtschaft\/150363-krisen-und-insolvenzticker-zdf-gibt\/\">Krisen- und Insolvenzticker \u2013 ZDF gibt Spar-Tipps: &#8220;Sechs Leute ersetzen wunderbar einen Heizk\u00f6rper&#8221;<\/a><\/p>\n<\/p>\n<\/div>\n<p><br \/>\n<br \/><a href=\"https:\/\/de.rt.com\/inland\/157775-deutsche-wissen-was-stunde-geschlagen-hat-habeck-bedankt-sich-f%C3%BCrs-gassparen\/\">Source link <\/a><\/p>\n","protected":false},"excerpt":{"rendered":"<p>In einem Interview mit den Sendern &#8220;RTL&#8221; und &#8220;ntv&#8221; erkl\u00e4rte der gr\u00fcne Bundeswirtschaftsminister Robert Habeck, dass nach Lage der Dinge Deutschland trotz Energiekrise gut durch den Winter kommen m\u00fcsste. Das liege auch an dem Sparverhalten der deutschen B\u00fcrger. Er wolle Danke sagen, erkl\u00e4rte Bundeswirtschaftsminister Robert Habeck von den Gr\u00fcnen gegen\u00fcber RTL und ntv. Der Grund: [&hellip;]<\/p>\n","protected":false},"author":3,"featured_media":26003,"comment_status":"open","ping_status":"open","sticky":false,"template":"","format":"standard","meta":{"_yoast_indexnow_last_ping":["1671630043"],"wp_automatic_camp":["217"],"92cb1fe6f7b6ef0561487b3b4fb2284e":["&quot;Deutsche wissen, was Stunde geschlagen hat&quot; \u2013 Habeck bedankt sich f\u00fcrs Gassparen"],"original_link":["https:\/\/de.rt.com\/inland\/157775-deutsche-wissen-was-stunde-geschlagen-hat-habeck-bedankt-sich-f%C3%BCrs-gassparen\/"],"_thumbnail_id":["26003"],"_wptgpro_p2tg_sent2tg":["a:1:{i:23737;s:19:\"2022-12-21 15:41:52\";}"],"jnews_social_counter_last_update":["1776877841"]},"categories":[19,23],"tags":[37845,34754,24685,6417,911,37844,5639,434,4502,5865],"yoast_head":"<!-- This site is optimized with the Yoast SEO Premium plugin v22.7 (Yoast SEO v22.7) - https:\/\/yoast.com\/wordpress\/plugins\/seo\/ -->\n<title>&quot;Deutsche wissen, was Stunde geschlagen hat&quot; \u2013 Habeck bedankt sich f\u00fcrs Gassparen - just-now.NEWS Deutschland<\/title>\n<meta name=\"robots\" content=\"index, follow, max-snippet:-1, max-image-preview:large, max-video-preview:-1\" \/>\n<link rel=\"canonical\" href=\"https:\/\/now-news.de\/de\/deutschland\/deutsche-wissen-was-stunde-geschlagen-hat-habeck-bedankt-sich-fuers-gassparen\/\" \/>\n<meta property=\"og:locale\" content=\"de_DE\" \/>\n<meta property=\"og:type\" content=\"article\" \/>\n<meta property=\"og:title\" content=\"&quot;Deutsche wissen, was Stunde geschlagen hat&quot; \u2013 Habeck bedankt sich f\u00fcrs Gassparen\" \/>\n<meta property=\"og:description\" content=\"In einem Interview mit den Sendern &#8220;RTL&#8221; und &#8220;ntv&#8221; erkl\u00e4rte der gr\u00fcne Bundeswirtschaftsminister Robert Habeck, dass nach Lage der Dinge Deutschland trotz Energiekrise gut durch den Winter kommen m\u00fcsste. Das liege auch an dem Sparverhalten der deutschen B\u00fcrger. Er wolle Danke sagen, erkl\u00e4rte Bundeswirtschaftsminister Robert Habeck von den Gr\u00fcnen gegen\u00fcber RTL und ntv. Der Grund: [&hellip;]\" \/>\n<meta property=\"og:url\" content=\"https:\/\/now-news.de\/de\/deutschland\/deutsche-wissen-was-stunde-geschlagen-hat-habeck-bedankt-sich-fuers-gassparen\/\" \/>\n<meta property=\"og:site_name\" content=\"just-now.NEWS Deutschland\" \/>\n<meta property=\"article:publisher\" content=\"https:\/\/www.facebook.com\/wirmachenauf\" \/>\n<meta property=\"article:published_time\" content=\"2022-12-21T13:27:09+00:00\" \/>\n<meta property=\"og:image\" content=\"https:\/\/now-news.de\/de\/wp-content\/uploads\/sites\/3\/2022\/12\/quotDeutsche-wissen-was-Stunde-geschlagen-hatquot-\u2013-Habeck-bedankt-sich.jpg\" \/>\n\t<meta property=\"og:image:width\" content=\"460\" \/>\n\t<meta property=\"og:image:height\" content=\"259\" \/>\n\t<meta property=\"og:image:type\" content=\"image\/jpeg\" \/>\n<meta name=\"author\" content=\"rtnews\" \/>\n<meta name=\"twitter:card\" content=\"summary_large_image\" \/>\n<meta name=\"twitter:creator\" content=\"@WirMachenAuf_de\" \/>\n<meta name=\"twitter:site\" content=\"@WirMachenAuf_de\" \/>\n<meta name=\"twitter:label1\" content=\"Verfasst von\" \/>\n\t<meta name=\"twitter:data1\" content=\"rtnews\" \/>\n\t<meta name=\"twitter:label2\" content=\"Gesch\u00e4tzte Lesezeit\" \/>\n\t<meta name=\"twitter:data2\" content=\"2\u00a0Minuten\" \/>\n<script type=\"application\/ld+json\" class=\"yoast-schema-graph\">{\"@context\":\"https:\/\/schema.org\",\"@graph\":[{\"@type\":\"Article\",\"@id\":\"https:\/\/now-news.de\/de\/deutschland\/deutsche-wissen-was-stunde-geschlagen-hat-habeck-bedankt-sich-fuers-gassparen\/#article\",\"isPartOf\":{\"@id\":\"https:\/\/now-news.de\/de\/deutschland\/deutsche-wissen-was-stunde-geschlagen-hat-habeck-bedankt-sich-fuers-gassparen\/\"},\"author\":{\"name\":\"rtnews\",\"@id\":\"https:\/\/now-news.de\/de\/#\/schema\/person\/fb534a4e865501d8b3285208df34a9b5\"},\"headline\":\"&quot;Deutsche wissen, was Stunde geschlagen hat&quot; \u2013 Habeck bedankt sich f\u00fcrs Gassparen\",\"datePublished\":\"2022-12-21T13:27:09+00:00\",\"dateModified\":\"2022-12-21T13:27:09+00:00\",\"mainEntityOfPage\":{\"@id\":\"https:\/\/now-news.de\/de\/deutschland\/deutsche-wissen-was-stunde-geschlagen-hat-habeck-bedankt-sich-fuers-gassparen\/\"},\"wordCount\":406,\"commentCount\":0,\"publisher\":{\"@id\":\"https:\/\/now-news.de\/de\/#organization\"},\"image\":{\"@id\":\"https:\/\/now-news.de\/de\/deutschland\/deutsche-wissen-was-stunde-geschlagen-hat-habeck-bedankt-sich-fuers-gassparen\/#primaryimage\"},\"thumbnailUrl\":\"https:\/\/now-news.de\/de\/wp-content\/uploads\/sites\/3\/2022\/12\/quotDeutsche-wissen-was-Stunde-geschlagen-hatquot-\u2013-Habeck-bedankt-sich.jpg\",\"keywords\":[\"bedankt\",\"f\u00fcrs\",\"Gassparen\",\"geschlagen\",\"Habeck\",\"hatquot\",\"quotdeutsche\",\"sich\",\"Stunde\",\"wissen\"],\"articleSection\":[\"Deutschland\",\"Russland\"],\"inLanguage\":\"de\",\"potentialAction\":[{\"@type\":\"CommentAction\",\"name\":\"Comment\",\"target\":[\"https:\/\/now-news.de\/de\/deutschland\/deutsche-wissen-was-stunde-geschlagen-hat-habeck-bedankt-sich-fuers-gassparen\/#respond\"]}]},{\"@type\":\"WebPage\",\"@id\":\"https:\/\/now-news.de\/de\/deutschland\/deutsche-wissen-was-stunde-geschlagen-hat-habeck-bedankt-sich-fuers-gassparen\/\",\"url\":\"https:\/\/now-news.de\/de\/deutschland\/deutsche-wissen-was-stunde-geschlagen-hat-habeck-bedankt-sich-fuers-gassparen\/\",\"name\":\"&quot;Deutsche wissen, was Stunde geschlagen hat&quot; \u2013 Habeck bedankt sich f\u00fcrs Gassparen - just-now.NEWS Deutschland\",\"isPartOf\":{\"@id\":\"https:\/\/now-news.de\/de\/#website\"},\"primaryImageOfPage\":{\"@id\":\"https:\/\/now-news.de\/de\/deutschland\/deutsche-wissen-was-stunde-geschlagen-hat-habeck-bedankt-sich-fuers-gassparen\/#primaryimage\"},\"image\":{\"@id\":\"https:\/\/now-news.de\/de\/deutschland\/deutsche-wissen-was-stunde-geschlagen-hat-habeck-bedankt-sich-fuers-gassparen\/#primaryimage\"},\"thumbnailUrl\":\"https:\/\/now-news.de\/de\/wp-content\/uploads\/sites\/3\/2022\/12\/quotDeutsche-wissen-was-Stunde-geschlagen-hatquot-\u2013-Habeck-bedankt-sich.jpg\",\"datePublished\":\"2022-12-21T13:27:09+00:00\",\"dateModified\":\"2022-12-21T13:27:09+00:00\",\"breadcrumb\":{\"@id\":\"https:\/\/now-news.de\/de\/deutschland\/deutsche-wissen-was-stunde-geschlagen-hat-habeck-bedankt-sich-fuers-gassparen\/#breadcrumb\"},\"inLanguage\":\"de\",\"potentialAction\":[{\"@type\":\"ReadAction\",\"target\":[\"https:\/\/now-news.de\/de\/deutschland\/deutsche-wissen-was-stunde-geschlagen-hat-habeck-bedankt-sich-fuers-gassparen\/\"]}]},{\"@type\":\"ImageObject\",\"inLanguage\":\"de\",\"@id\":\"https:\/\/now-news.de\/de\/deutschland\/deutsche-wissen-was-stunde-geschlagen-hat-habeck-bedankt-sich-fuers-gassparen\/#primaryimage\",\"url\":\"https:\/\/now-news.de\/de\/wp-content\/uploads\/sites\/3\/2022\/12\/quotDeutsche-wissen-was-Stunde-geschlagen-hatquot-\u2013-Habeck-bedankt-sich.jpg\",\"contentUrl\":\"https:\/\/now-news.de\/de\/wp-content\/uploads\/sites\/3\/2022\/12\/quotDeutsche-wissen-was-Stunde-geschlagen-hatquot-\u2013-Habeck-bedankt-sich.jpg\",\"width\":460,\"height\":259,\"caption\":\"&quot;Deutsche wissen, was Stunde geschlagen hat&quot; \u2013 Habeck bedankt sich f\u00fcrs Gassparen\"},{\"@type\":\"BreadcrumbList\",\"@id\":\"https:\/\/now-news.de\/de\/deutschland\/deutsche-wissen-was-stunde-geschlagen-hat-habeck-bedankt-sich-fuers-gassparen\/#breadcrumb\",\"itemListElement\":[{\"@type\":\"ListItem\",\"position\":1,\"name\":\"Home\",\"item\":\"https:\/\/now-news.de\/de\/\"},{\"@type\":\"ListItem\",\"position\":2,\"name\":\"&quot;Deutsche wissen, was Stunde geschlagen hat&quot; \u2013 Habeck bedankt sich f\u00fcrs Gassparen\"}]},{\"@type\":\"WebSite\",\"@id\":\"https:\/\/now-news.de\/de\/#website\",\"url\":\"https:\/\/now-news.de\/de\/\",\"name\":\"just-now.NEWS Deutschland\",\"description\":\"Das Portal f\u00fcr unzensierte Nachrichten aus der Welt\",\"publisher\":{\"@id\":\"https:\/\/now-news.de\/de\/#organization\"},\"potentialAction\":[{\"@type\":\"SearchAction\",\"target\":{\"@type\":\"EntryPoint\",\"urlTemplate\":\"https:\/\/now-news.de\/de\/?s={search_term_string}\"},\"query-input\":\"required name=search_term_string\"}],\"inLanguage\":\"de\"},{\"@type\":\"Organization\",\"@id\":\"https:\/\/now-news.de\/de\/#organization\",\"name\":\"Just Now News\",\"url\":\"https:\/\/now-news.de\/de\/\",\"logo\":{\"@type\":\"ImageObject\",\"inLanguage\":\"de\",\"@id\":\"https:\/\/now-news.de\/de\/#\/schema\/logo\/image\/\",\"url\":\"http:\/\/just-now.news\/de\/wp-content\/uploads\/sites\/3\/2022\/04\/logo500x500.jpg\",\"contentUrl\":\"http:\/\/just-now.news\/de\/wp-content\/uploads\/sites\/3\/2022\/04\/logo500x500.jpg\",\"width\":500,\"height\":500,\"caption\":\"Just Now News\"},\"image\":{\"@id\":\"https:\/\/now-news.de\/de\/#\/schema\/logo\/image\/\"},\"sameAs\":[\"https:\/\/www.facebook.com\/wirmachenauf\",\"https:\/\/x.com\/WirMachenAuf_de\"]},{\"@type\":\"Person\",\"@id\":\"https:\/\/now-news.de\/de\/#\/schema\/person\/fb534a4e865501d8b3285208df34a9b5\",\"name\":\"rtnews\",\"image\":{\"@type\":\"ImageObject\",\"inLanguage\":\"de\",\"@id\":\"https:\/\/now-news.de\/de\/#\/schema\/person\/image\/\",\"url\":\"https:\/\/secure.gravatar.com\/avatar\/82aafea7d8127119dd649515f56e2117?s=96&d=mm&r=g\",\"contentUrl\":\"https:\/\/secure.gravatar.com\/avatar\/82aafea7d8127119dd649515f56e2117?s=96&d=mm&r=g\",\"caption\":\"rtnews\"},\"url\":\"https:\/\/now-news.de\/de\/author\/rnews\/\"}]}<\/script>\n<!-- \/ Yoast SEO Premium plugin. -->","yoast_head_json":{"title":"&quot;Deutsche wissen, was Stunde geschlagen hat&quot; \u2013 Habeck bedankt sich f\u00fcrs Gassparen - just-now.NEWS Deutschland","robots":{"index":"index","follow":"follow","max-snippet":"max-snippet:-1","max-image-preview":"max-image-preview:large","max-video-preview":"max-video-preview:-1"},"canonical":"https:\/\/now-news.de\/de\/deutschland\/deutsche-wissen-was-stunde-geschlagen-hat-habeck-bedankt-sich-fuers-gassparen\/","og_locale":"de_DE","og_type":"article","og_title":"&quot;Deutsche wissen, was Stunde geschlagen hat&quot; \u2013 Habeck bedankt sich f\u00fcrs Gassparen","og_description":"In einem Interview mit den Sendern &#8220;RTL&#8221; und &#8220;ntv&#8221; erkl\u00e4rte der gr\u00fcne Bundeswirtschaftsminister Robert Habeck, dass nach Lage der Dinge Deutschland trotz Energiekrise gut durch den Winter kommen m\u00fcsste. Das liege auch an dem Sparverhalten der deutschen B\u00fcrger. Er wolle Danke sagen, erkl\u00e4rte Bundeswirtschaftsminister Robert Habeck von den Gr\u00fcnen gegen\u00fcber RTL und ntv. Der Grund: [&hellip;]","og_url":"https:\/\/now-news.de\/de\/deutschland\/deutsche-wissen-was-stunde-geschlagen-hat-habeck-bedankt-sich-fuers-gassparen\/","og_site_name":"just-now.NEWS Deutschland","article_publisher":"https:\/\/www.facebook.com\/wirmachenauf","article_published_time":"2022-12-21T13:27:09+00:00","og_image":[{"width":460,"height":259,"url":"https:\/\/now-news.de\/de\/wp-content\/uploads\/sites\/3\/2022\/12\/quotDeutsche-wissen-was-Stunde-geschlagen-hatquot-\u2013-Habeck-bedankt-sich.jpg","type":"image\/jpeg"}],"author":"rtnews","twitter_card":"summary_large_image","twitter_creator":"@WirMachenAuf_de","twitter_site":"@WirMachenAuf_de","twitter_misc":{"Verfasst von":"rtnews","Gesch\u00e4tzte Lesezeit":"2\u00a0Minuten"},"schema":{"@context":"https:\/\/schema.org","@graph":[{"@type":"Article","@id":"https:\/\/now-news.de\/de\/deutschland\/deutsche-wissen-was-stunde-geschlagen-hat-habeck-bedankt-sich-fuers-gassparen\/#article","isPartOf":{"@id":"https:\/\/now-news.de\/de\/deutschland\/deutsche-wissen-was-stunde-geschlagen-hat-habeck-bedankt-sich-fuers-gassparen\/"},"author":{"name":"rtnews","@id":"https:\/\/now-news.de\/de\/#\/schema\/person\/fb534a4e865501d8b3285208df34a9b5"},"headline":"&quot;Deutsche wissen, was Stunde geschlagen hat&quot; \u2013 Habeck bedankt sich f\u00fcrs Gassparen","datePublished":"2022-12-21T13:27:09+00:00","dateModified":"2022-12-21T13:27:09+00:00","mainEntityOfPage":{"@id":"https:\/\/now-news.de\/de\/deutschland\/deutsche-wissen-was-stunde-geschlagen-hat-habeck-bedankt-sich-fuers-gassparen\/"},"wordCount":406,"commentCount":0,"publisher":{"@id":"https:\/\/now-news.de\/de\/#organization"},"image":{"@id":"https:\/\/now-news.de\/de\/deutschland\/deutsche-wissen-was-stunde-geschlagen-hat-habeck-bedankt-sich-fuers-gassparen\/#primaryimage"},"thumbnailUrl":"https:\/\/now-news.de\/de\/wp-content\/uploads\/sites\/3\/2022\/12\/quotDeutsche-wissen-was-Stunde-geschlagen-hatquot-\u2013-Habeck-bedankt-sich.jpg","keywords":["bedankt","f\u00fcrs","Gassparen","geschlagen","Habeck","hatquot","quotdeutsche","sich","Stunde","wissen"],"articleSection":["Deutschland","Russland"],"inLanguage":"de","potentialAction":[{"@type":"CommentAction","name":"Comment","target":["https:\/\/now-news.de\/de\/deutschland\/deutsche-wissen-was-stunde-geschlagen-hat-habeck-bedankt-sich-fuers-gassparen\/#respond"]}]},{"@type":"WebPage","@id":"https:\/\/now-news.de\/de\/deutschland\/deutsche-wissen-was-stunde-geschlagen-hat-habeck-bedankt-sich-fuers-gassparen\/","url":"https:\/\/now-news.de\/de\/deutschland\/deutsche-wissen-was-stunde-geschlagen-hat-habeck-bedankt-sich-fuers-gassparen\/","name":"&quot;Deutsche wissen, was Stunde geschlagen hat&quot; \u2013 Habeck bedankt sich f\u00fcrs Gassparen - just-now.NEWS Deutschland","isPartOf":{"@id":"https:\/\/now-news.de\/de\/#website"},"primaryImageOfPage":{"@id":"https:\/\/now-news.de\/de\/deutschland\/deutsche-wissen-was-stunde-geschlagen-hat-habeck-bedankt-sich-fuers-gassparen\/#primaryimage"},"image":{"@id":"https:\/\/now-news.de\/de\/deutschland\/deutsche-wissen-was-stunde-geschlagen-hat-habeck-bedankt-sich-fuers-gassparen\/#primaryimage"},"thumbnailUrl":"https:\/\/now-news.de\/de\/wp-content\/uploads\/sites\/3\/2022\/12\/quotDeutsche-wissen-was-Stunde-geschlagen-hatquot-\u2013-Habeck-bedankt-sich.jpg","datePublished":"2022-12-21T13:27:09+00:00","dateModified":"2022-12-21T13:27:09+00:00","breadcrumb":{"@id":"https:\/\/now-news.de\/de\/deutschland\/deutsche-wissen-was-stunde-geschlagen-hat-habeck-bedankt-sich-fuers-gassparen\/#breadcrumb"},"inLanguage":"de","potentialAction":[{"@type":"ReadAction","target":["https:\/\/now-news.de\/de\/deutschland\/deutsche-wissen-was-stunde-geschlagen-hat-habeck-bedankt-sich-fuers-gassparen\/"]}]},{"@type":"ImageObject","inLanguage":"de","@id":"https:\/\/now-news.de\/de\/deutschland\/deutsche-wissen-was-stunde-geschlagen-hat-habeck-bedankt-sich-fuers-gassparen\/#primaryimage","url":"https:\/\/now-news.de\/de\/wp-content\/uploads\/sites\/3\/2022\/12\/quotDeutsche-wissen-was-Stunde-geschlagen-hatquot-\u2013-Habeck-bedankt-sich.jpg","contentUrl":"https:\/\/now-news.de\/de\/wp-content\/uploads\/sites\/3\/2022\/12\/quotDeutsche-wissen-was-Stunde-geschlagen-hatquot-\u2013-Habeck-bedankt-sich.jpg","width":460,"height":259,"caption":"&quot;Deutsche wissen, was Stunde geschlagen hat&quot; \u2013 Habeck bedankt sich f\u00fcrs Gassparen"},{"@type":"BreadcrumbList","@id":"https:\/\/now-news.de\/de\/deutschland\/deutsche-wissen-was-stunde-geschlagen-hat-habeck-bedankt-sich-fuers-gassparen\/#breadcrumb","itemListElement":[{"@type":"ListItem","position":1,"name":"Home","item":"https:\/\/now-news.de\/de\/"},{"@type":"ListItem","position":2,"name":"&quot;Deutsche wissen, was Stunde geschlagen hat&quot; \u2013 Habeck bedankt sich f\u00fcrs Gassparen"}]},{"@type":"WebSite","@id":"https:\/\/now-news.de\/de\/#website","url":"https:\/\/now-news.de\/de\/","name":"just-now.NEWS Deutschland","description":"Das Portal f\u00fcr unzensierte Nachrichten aus der Welt","publisher":{"@id":"https:\/\/now-news.de\/de\/#organization"},"potentialAction":[{"@type":"SearchAction","target":{"@type":"EntryPoint","urlTemplate":"https:\/\/now-news.de\/de\/?s={search_term_string}"},"query-input":"required name=search_term_string"}],"inLanguage":"de"},{"@type":"Organization","@id":"https:\/\/now-news.de\/de\/#organization","name":"Just Now News","url":"https:\/\/now-news.de\/de\/","logo":{"@type":"ImageObject","inLanguage":"de","@id":"https:\/\/now-news.de\/de\/#\/schema\/logo\/image\/","url":"http:\/\/just-now.news\/de\/wp-content\/uploads\/sites\/3\/2022\/04\/logo500x500.jpg","contentUrl":"http:\/\/just-now.news\/de\/wp-content\/uploads\/sites\/3\/2022\/04\/logo500x500.jpg","width":500,"height":500,"caption":"Just Now News"},"image":{"@id":"https:\/\/now-news.de\/de\/#\/schema\/logo\/image\/"},"sameAs":["https:\/\/www.facebook.com\/wirmachenauf","https:\/\/x.com\/WirMachenAuf_de"]},{"@type":"Person","@id":"https:\/\/now-news.de\/de\/#\/schema\/person\/fb534a4e865501d8b3285208df34a9b5","name":"rtnews","image":{"@type":"ImageObject","inLanguage":"de","@id":"https:\/\/now-news.de\/de\/#\/schema\/person\/image\/","url":"https:\/\/secure.gravatar.com\/avatar\/82aafea7d8127119dd649515f56e2117?s=96&d=mm&r=g","contentUrl":"https:\/\/secure.gravatar.com\/avatar\/82aafea7d8127119dd649515f56e2117?s=96&d=mm&r=g","caption":"rtnews"},"url":"https:\/\/now-news.de\/de\/author\/rnews\/"}]}},"_links":{"self":[{"href":"https:\/\/now-news.de\/de\/wp-json\/wp\/v2\/posts\/26002"}],"collection":[{"href":"https:\/\/now-news.de\/de\/wp-json\/wp\/v2\/posts"}],"about":[{"href":"https:\/\/now-news.de\/de\/wp-json\/wp\/v2\/types\/post"}],"author":[{"embeddable":true,"href":"https:\/\/now-news.de\/de\/wp-json\/wp\/v2\/users\/3"}],"replies":[{"embeddable":true,"href":"https:\/\/now-news.de\/de\/wp-json\/wp\/v2\/comments?post=26002"}],"version-history":[{"count":0,"href":"https:\/\/now-news.de\/de\/wp-json\/wp\/v2\/posts\/26002\/revisions"}],"wp:featuredmedia":[{"embeddable":true,"href":"https:\/\/now-news.de\/de\/wp-json\/wp\/v2\/media\/26003"}],"wp:attachment":[{"href":"https:\/\/now-news.de\/de\/wp-json\/wp\/v2\/media?parent=26002"}],"wp:term":[{"taxonomy":"category","embeddable":true,"href":"https:\/\/now-news.de\/de\/wp-json\/wp\/v2\/categories?post=26002"},{"taxonomy":"post_tag","embeddable":true,"href":"https:\/\/now-news.de\/de\/wp-json\/wp\/v2\/tags?post=26002"}],"curies":[{"name":"wp","href":"https:\/\/api.w.org\/{rel}","templated":true}]}}