{"id":25969,"date":"2022-12-21T08:04:13","date_gmt":"2022-12-21T06:04:13","guid":{"rendered":"https:\/\/just-now.news\/de\/deutschland\/der-neue-eu-ablasshandel-fuer-co2-verbrauch-muss-kuenftig-bezahlt-werden\/"},"modified":"2022-12-21T08:04:13","modified_gmt":"2022-12-21T06:04:13","slug":"der-neue-eu-ablasshandel-fuer-co2-verbrauch-muss-kuenftig-bezahlt-werden","status":"publish","type":"post","link":"https:\/\/now-news.de\/de\/deutschland\/der-neue-eu-ablasshandel-fuer-co2-verbrauch-muss-kuenftig-bezahlt-werden\/","title":{"rendered":"Der neue EU-Ablasshandel: F\u00fcr CO2-Verbrauch muss k\u00fcnftig bezahlt werden"},"content":{"rendered":"<p><img decoding=\"async\" src=\"http:\/\/just-now.news\/de\/wp-content\/uploads\/sites\/3\/2022\/12\/63a187c948fbef56a84aa6cd.png\" \/><\/p>\n<div class=\"Text-root Text-type_1 \">\n                Die EU-Staaten haben sich auf ein neues EU-Emissionshandelssystem geeinigt. Dabei soll zuk\u00fcnftig neben den Unternehmen auch jeder B\u00fcrger f\u00fcr seine pers\u00f6nliche CO\u2082-Erzeugung bezahlen. In Planung ist dazu ein damit einhergehendes Sozialkreditsystem. Man w\u00fcrde f\u00fcr ein den EU-Kriterien entsprechendes Wohlverhalten belohnt werden.\n            <\/div>\n<p><\/p>\n<div class=\"Text-root Text-type_5 ArticleView-text ViewText-root \">\n<p>Mit der am vergangenen Wochenende ausgehandelten Reform des <a rel=\"nofollow noopener\" target=\"_blank\" href=\"https:\/\/www.europarl.europa.eu\/news\/en\/press-room\/20221212IPR64527\/climate-change-deal-on-a-more-ambitious-emissions-trading-system-ets\">EU-Emissionshandelssystems<\/a> bekr\u00e4ftigten Abgeordnete und Regierungen ihr Vorhaben, die CO\u2082-Emissionen bis zum Jahr 2030 um 55 Prozent (im Vergleich zu 1990) zu senken. Wie das \u00f6sterreichische Nachrichtenportal <em>tkp<\/em> am Montag <a rel=\"nofollow noopener\" target=\"_blank\" href=\"https:\/\/tkp.at\/2022\/12\/19\/eu-setzt-ersten-schritt-zum-sozialen-co2-kreditsystem\/\">berichtete<\/a>, wird mit der EU-Vereinbarung \u00fcber eine Preisfestlegung f\u00fcr CO\u2082-Emissionen dem Verursacher zuk\u00fcnftig jeglicher CO\u2082-Aussto\u00df in Rechnung gestellt. Neben\u00a0CO\u2082 soll auch der Aussto\u00df von Methan und Lachgas kostenpflichtig werden.<\/p>\n<p>Das neue EU-Emissionshandelssystem sei der &#8220;Mittelpunkt der europ\u00e4ischen Klimapolitik&#8221;, schreibt das EU-Parlament dazu. Es ginge f\u00fcr die Industrie um &#8220;einen Anreiz, ihre Emissionen zu verringern und in klimafreundliche Technologien zu investieren.&#8221; Wirtschaftsminister Robert Habeck bewertete dies als einen &#8220;historischen Durchbruch f\u00fcr den Klimaschutz.&#8221;<\/p>\n<p>Zur mutma\u00dflichen Rettung des Klimas sollen ab dem Jahr 2027 alle Verbraucher f\u00fcr ihren Kraftstoff-, Erdgas- oder Heiz\u00f6l-Verbrauch noch zus\u00e4tzlich eine CO\u2082-Abgabe bezahlen. Vorgesehen sei aber noch eine Preisdeckelung bis zum Jahr 2030. Im niederl\u00e4ndischen Online-Magazin <em>NOS<\/em> wird konkret <a rel=\"nofollow noopener\" target=\"_blank\" href=\"https:\/\/nos.nl\/artikel\/2456845-iedereen-in-europa-gaat-betalen-voor-co2-uitstoot\">beschrieben<\/a>, was das f\u00fcr die B\u00fcrger bedeutet:<\/p>\n<blockquote>\n<p><em>&#8220;Die Bewohner der Europ\u00e4ischen Union m\u00fcssen k\u00fcnftig f\u00fcr die von ihnen ausgesto\u00dfenen Treibhausgase bezahlen. Das bedeutet, dass man f\u00fcr jedes Tanken und jedes Einschalten der Heizung wegen der dabei freigesetzten Schadstoffe bezahlen muss.&#8221;<\/em><\/p>\n<\/blockquote>\n<p>Damit einhergehend w\u00fcrde auch das EU-Sozialkreditsystem weiter vorangetrieben, so der<em> tpk<\/em>-Bericht. Wer sich als B\u00fcrger gem\u00e4\u00df den Verordnungen und Ma\u00dfnahmen der EU verhalte, werde \u00fcber das Sozialkreditsystem belohnt werden, wer weiter das Klima verschmutze, m\u00fcsse k\u00fcnftig daf\u00fcr bezahlen. <em>tkp<\/em> zufolge, sei das geplante Modell mit dem bereits existierenden chinesischen Sozialkreditsystem vergleichbar. F\u00fcr mehrere St\u00e4dte, unter anderem Wien, seien in K\u00fcrze <a rel=\"nofollow noopener\" target=\"_blank\" href=\"https:\/\/tkp.at\/2022\/04\/22\/wien-als-labor-fuer-sozialkreditsystem\/\">Pilotprojekte<\/a> geplant.<\/p>\n<p>Banken und Fluggesellschaften h\u00e4tten bereits damit begonnen, &#8220;CO\u2082-Tracker&#8221; zu konzipieren. In \u00d6sterreich gebe es diesbez\u00fcglich schon eine CO\u2082-Bepreisung: Pro Tonne\u00a0CO\u2082 werden im Alpenland aktuell 30 Euro aufgeschlagen.<\/p>\n<p><strong>Mehr zum Thema<\/strong>\u00a0\u2013 <a rel=\"nofollow noopener\" target=\"_blank\" href=\"https:\/\/pressefreiheit.rtde.tech\/meinung\/156358-servustv-sonne-ist-treibende-kraft\/\">&#8220;Sonne ist treibende Kraft hinter Wetter und Klima&#8221; \u2013 Warum dann die Aufregung ums CO\u2082?<\/a><\/p>\n<\/p>\n<\/div>\n<p><br \/>\n<br \/><a href=\"https:\/\/de.rt.com\/europa\/157653-neue-eu-ablasshandel-fuer-co2\/\">Source link <\/a><\/p>\n","protected":false},"excerpt":{"rendered":"<p>Die EU-Staaten haben sich auf ein neues EU-Emissionshandelssystem geeinigt. Dabei soll zuk\u00fcnftig neben den Unternehmen auch jeder B\u00fcrger f\u00fcr seine pers\u00f6nliche CO\u2082-Erzeugung bezahlen. In Planung ist dazu ein damit einhergehendes Sozialkreditsystem. Man w\u00fcrde f\u00fcr ein den EU-Kriterien entsprechendes Wohlverhalten belohnt werden. Mit der am vergangenen Wochenende ausgehandelten Reform des EU-Emissionshandelssystems bekr\u00e4ftigten Abgeordnete und Regierungen ihr [&hellip;]<\/p>\n","protected":false},"author":3,"featured_media":25970,"comment_status":"open","ping_status":"open","sticky":false,"template":"","format":"standard","meta":{"_yoast_indexnow_last_ping":["1671602997"],"wp_automatic_camp":["217"],"dd5ebf7f686b167d05645b0f7912e4ad":["Der neue EU-Ablasshandel: F\u00fcr CO2-Verbrauch muss k\u00fcnftig bezahlt werden"],"original_link":["https:\/\/de.rt.com\/europa\/157653-neue-eu-ablasshandel-fuer-co2\/"],"_thumbnail_id":["25970"],"jnews_social_counter_last_update":["1777266469"],"_wptgpro_p2tg_sent2tg":["a:1:{i:23737;s:19:\"2022-12-21 08:11:08\";}"]},"categories":[19,23],"tags":[24984,37820,82,37819,221,26356,534,1227,1040],"yoast_head":"<!-- This site is optimized with the Yoast SEO Premium plugin v22.7 (Yoast SEO v22.7) - https:\/\/yoast.com\/wordpress\/plugins\/seo\/ -->\n<title>Der neue EU-Ablasshandel: F\u00fcr CO2-Verbrauch muss k\u00fcnftig bezahlt werden - just-now.NEWS Deutschland<\/title>\n<meta name=\"robots\" content=\"index, follow, max-snippet:-1, max-image-preview:large, max-video-preview:-1\" \/>\n<link rel=\"canonical\" href=\"https:\/\/now-news.de\/de\/deutschland\/der-neue-eu-ablasshandel-fuer-co2-verbrauch-muss-kuenftig-bezahlt-werden\/\" \/>\n<meta property=\"og:locale\" content=\"de_DE\" \/>\n<meta property=\"og:type\" content=\"article\" \/>\n<meta property=\"og:title\" content=\"Der neue EU-Ablasshandel: F\u00fcr CO2-Verbrauch muss k\u00fcnftig bezahlt werden\" \/>\n<meta property=\"og:description\" content=\"Die EU-Staaten haben sich auf ein neues EU-Emissionshandelssystem geeinigt. Dabei soll zuk\u00fcnftig neben den Unternehmen auch jeder B\u00fcrger f\u00fcr seine pers\u00f6nliche CO\u2082-Erzeugung bezahlen. In Planung ist dazu ein damit einhergehendes Sozialkreditsystem. Man w\u00fcrde f\u00fcr ein den EU-Kriterien entsprechendes Wohlverhalten belohnt werden. Mit der am vergangenen Wochenende ausgehandelten Reform des EU-Emissionshandelssystems bekr\u00e4ftigten Abgeordnete und Regierungen ihr [&hellip;]\" \/>\n<meta property=\"og:url\" content=\"https:\/\/now-news.de\/de\/deutschland\/der-neue-eu-ablasshandel-fuer-co2-verbrauch-muss-kuenftig-bezahlt-werden\/\" \/>\n<meta property=\"og:site_name\" content=\"just-now.NEWS Deutschland\" \/>\n<meta property=\"article:publisher\" content=\"https:\/\/www.facebook.com\/wirmachenauf\" \/>\n<meta property=\"article:published_time\" content=\"2022-12-21T06:04:13+00:00\" \/>\n<meta property=\"og:image\" content=\"https:\/\/now-news.de\/de\/wp-content\/uploads\/sites\/3\/2022\/12\/Der-neue-EU-Ablasshandel-Fuer-CO2-Verbrauch-muss-kuenftig-bezahlt-werden.png\" \/>\n\t<meta property=\"og:image:width\" content=\"460\" \/>\n\t<meta property=\"og:image:height\" content=\"259\" \/>\n\t<meta property=\"og:image:type\" content=\"image\/png\" \/>\n<meta name=\"author\" content=\"rtnews\" \/>\n<meta name=\"twitter:card\" content=\"summary_large_image\" \/>\n<meta name=\"twitter:creator\" content=\"@WirMachenAuf_de\" \/>\n<meta name=\"twitter:site\" content=\"@WirMachenAuf_de\" \/>\n<meta name=\"twitter:label1\" content=\"Verfasst von\" \/>\n\t<meta name=\"twitter:data1\" content=\"rtnews\" \/>\n\t<meta name=\"twitter:label2\" content=\"Gesch\u00e4tzte Lesezeit\" \/>\n\t<meta name=\"twitter:data2\" content=\"2\u00a0Minuten\" \/>\n<script type=\"application\/ld+json\" class=\"yoast-schema-graph\">{\"@context\":\"https:\/\/schema.org\",\"@graph\":[{\"@type\":\"Article\",\"@id\":\"https:\/\/now-news.de\/de\/deutschland\/der-neue-eu-ablasshandel-fuer-co2-verbrauch-muss-kuenftig-bezahlt-werden\/#article\",\"isPartOf\":{\"@id\":\"https:\/\/now-news.de\/de\/deutschland\/der-neue-eu-ablasshandel-fuer-co2-verbrauch-muss-kuenftig-bezahlt-werden\/\"},\"author\":{\"name\":\"rtnews\",\"@id\":\"https:\/\/now-news.de\/de\/#\/schema\/person\/fb534a4e865501d8b3285208df34a9b5\"},\"headline\":\"Der neue EU-Ablasshandel: F\u00fcr CO2-Verbrauch muss k\u00fcnftig bezahlt werden\",\"datePublished\":\"2022-12-21T06:04:13+00:00\",\"dateModified\":\"2022-12-21T06:04:13+00:00\",\"mainEntityOfPage\":{\"@id\":\"https:\/\/now-news.de\/de\/deutschland\/der-neue-eu-ablasshandel-fuer-co2-verbrauch-muss-kuenftig-bezahlt-werden\/\"},\"wordCount\":389,\"commentCount\":0,\"publisher\":{\"@id\":\"https:\/\/now-news.de\/de\/#organization\"},\"image\":{\"@id\":\"https:\/\/now-news.de\/de\/deutschland\/der-neue-eu-ablasshandel-fuer-co2-verbrauch-muss-kuenftig-bezahlt-werden\/#primaryimage\"},\"thumbnailUrl\":\"https:\/\/now-news.de\/de\/wp-content\/uploads\/sites\/3\/2022\/12\/Der-neue-EU-Ablasshandel-Fuer-CO2-Verbrauch-muss-kuenftig-bezahlt-werden.png\",\"keywords\":[\"bezahlt\",\"CO2Verbrauch\",\"der\",\"EUAblasshandel\",\"f\u00fcr\",\"k\u00fcnftig\",\"muss\",\"NEUE\",\"Werden\"],\"articleSection\":[\"Deutschland\",\"Russland\"],\"inLanguage\":\"de\",\"potentialAction\":[{\"@type\":\"CommentAction\",\"name\":\"Comment\",\"target\":[\"https:\/\/now-news.de\/de\/deutschland\/der-neue-eu-ablasshandel-fuer-co2-verbrauch-muss-kuenftig-bezahlt-werden\/#respond\"]}]},{\"@type\":\"WebPage\",\"@id\":\"https:\/\/now-news.de\/de\/deutschland\/der-neue-eu-ablasshandel-fuer-co2-verbrauch-muss-kuenftig-bezahlt-werden\/\",\"url\":\"https:\/\/now-news.de\/de\/deutschland\/der-neue-eu-ablasshandel-fuer-co2-verbrauch-muss-kuenftig-bezahlt-werden\/\",\"name\":\"Der neue EU-Ablasshandel: F\u00fcr CO2-Verbrauch muss k\u00fcnftig bezahlt werden - just-now.NEWS Deutschland\",\"isPartOf\":{\"@id\":\"https:\/\/now-news.de\/de\/#website\"},\"primaryImageOfPage\":{\"@id\":\"https:\/\/now-news.de\/de\/deutschland\/der-neue-eu-ablasshandel-fuer-co2-verbrauch-muss-kuenftig-bezahlt-werden\/#primaryimage\"},\"image\":{\"@id\":\"https:\/\/now-news.de\/de\/deutschland\/der-neue-eu-ablasshandel-fuer-co2-verbrauch-muss-kuenftig-bezahlt-werden\/#primaryimage\"},\"thumbnailUrl\":\"https:\/\/now-news.de\/de\/wp-content\/uploads\/sites\/3\/2022\/12\/Der-neue-EU-Ablasshandel-Fuer-CO2-Verbrauch-muss-kuenftig-bezahlt-werden.png\",\"datePublished\":\"2022-12-21T06:04:13+00:00\",\"dateModified\":\"2022-12-21T06:04:13+00:00\",\"breadcrumb\":{\"@id\":\"https:\/\/now-news.de\/de\/deutschland\/der-neue-eu-ablasshandel-fuer-co2-verbrauch-muss-kuenftig-bezahlt-werden\/#breadcrumb\"},\"inLanguage\":\"de\",\"potentialAction\":[{\"@type\":\"ReadAction\",\"target\":[\"https:\/\/now-news.de\/de\/deutschland\/der-neue-eu-ablasshandel-fuer-co2-verbrauch-muss-kuenftig-bezahlt-werden\/\"]}]},{\"@type\":\"ImageObject\",\"inLanguage\":\"de\",\"@id\":\"https:\/\/now-news.de\/de\/deutschland\/der-neue-eu-ablasshandel-fuer-co2-verbrauch-muss-kuenftig-bezahlt-werden\/#primaryimage\",\"url\":\"https:\/\/now-news.de\/de\/wp-content\/uploads\/sites\/3\/2022\/12\/Der-neue-EU-Ablasshandel-Fuer-CO2-Verbrauch-muss-kuenftig-bezahlt-werden.png\",\"contentUrl\":\"https:\/\/now-news.de\/de\/wp-content\/uploads\/sites\/3\/2022\/12\/Der-neue-EU-Ablasshandel-Fuer-CO2-Verbrauch-muss-kuenftig-bezahlt-werden.png\",\"width\":460,\"height\":259,\"caption\":\"Der neue EU-Ablasshandel: F\u00fcr CO2-Verbrauch muss k\u00fcnftig bezahlt werden\"},{\"@type\":\"BreadcrumbList\",\"@id\":\"https:\/\/now-news.de\/de\/deutschland\/der-neue-eu-ablasshandel-fuer-co2-verbrauch-muss-kuenftig-bezahlt-werden\/#breadcrumb\",\"itemListElement\":[{\"@type\":\"ListItem\",\"position\":1,\"name\":\"Home\",\"item\":\"https:\/\/now-news.de\/de\/\"},{\"@type\":\"ListItem\",\"position\":2,\"name\":\"Der neue EU-Ablasshandel: F\u00fcr CO2-Verbrauch muss k\u00fcnftig bezahlt werden\"}]},{\"@type\":\"WebSite\",\"@id\":\"https:\/\/now-news.de\/de\/#website\",\"url\":\"https:\/\/now-news.de\/de\/\",\"name\":\"just-now.NEWS Deutschland\",\"description\":\"Das Portal f\u00fcr unzensierte Nachrichten aus der Welt\",\"publisher\":{\"@id\":\"https:\/\/now-news.de\/de\/#organization\"},\"potentialAction\":[{\"@type\":\"SearchAction\",\"target\":{\"@type\":\"EntryPoint\",\"urlTemplate\":\"https:\/\/now-news.de\/de\/?s={search_term_string}\"},\"query-input\":\"required name=search_term_string\"}],\"inLanguage\":\"de\"},{\"@type\":\"Organization\",\"@id\":\"https:\/\/now-news.de\/de\/#organization\",\"name\":\"Just Now News\",\"url\":\"https:\/\/now-news.de\/de\/\",\"logo\":{\"@type\":\"ImageObject\",\"inLanguage\":\"de\",\"@id\":\"https:\/\/now-news.de\/de\/#\/schema\/logo\/image\/\",\"url\":\"http:\/\/just-now.news\/de\/wp-content\/uploads\/sites\/3\/2022\/04\/logo500x500.jpg\",\"contentUrl\":\"http:\/\/just-now.news\/de\/wp-content\/uploads\/sites\/3\/2022\/04\/logo500x500.jpg\",\"width\":500,\"height\":500,\"caption\":\"Just Now News\"},\"image\":{\"@id\":\"https:\/\/now-news.de\/de\/#\/schema\/logo\/image\/\"},\"sameAs\":[\"https:\/\/www.facebook.com\/wirmachenauf\",\"https:\/\/x.com\/WirMachenAuf_de\"]},{\"@type\":\"Person\",\"@id\":\"https:\/\/now-news.de\/de\/#\/schema\/person\/fb534a4e865501d8b3285208df34a9b5\",\"name\":\"rtnews\",\"image\":{\"@type\":\"ImageObject\",\"inLanguage\":\"de\",\"@id\":\"https:\/\/now-news.de\/de\/#\/schema\/person\/image\/\",\"url\":\"https:\/\/secure.gravatar.com\/avatar\/82aafea7d8127119dd649515f56e2117?s=96&d=mm&r=g\",\"contentUrl\":\"https:\/\/secure.gravatar.com\/avatar\/82aafea7d8127119dd649515f56e2117?s=96&d=mm&r=g\",\"caption\":\"rtnews\"},\"url\":\"https:\/\/now-news.de\/de\/author\/rnews\/\"}]}<\/script>\n<!-- \/ Yoast SEO Premium plugin. -->","yoast_head_json":{"title":"Der neue EU-Ablasshandel: F\u00fcr CO2-Verbrauch muss k\u00fcnftig bezahlt werden - just-now.NEWS Deutschland","robots":{"index":"index","follow":"follow","max-snippet":"max-snippet:-1","max-image-preview":"max-image-preview:large","max-video-preview":"max-video-preview:-1"},"canonical":"https:\/\/now-news.de\/de\/deutschland\/der-neue-eu-ablasshandel-fuer-co2-verbrauch-muss-kuenftig-bezahlt-werden\/","og_locale":"de_DE","og_type":"article","og_title":"Der neue EU-Ablasshandel: F\u00fcr CO2-Verbrauch muss k\u00fcnftig bezahlt werden","og_description":"Die EU-Staaten haben sich auf ein neues EU-Emissionshandelssystem geeinigt. Dabei soll zuk\u00fcnftig neben den Unternehmen auch jeder B\u00fcrger f\u00fcr seine pers\u00f6nliche CO\u2082-Erzeugung bezahlen. In Planung ist dazu ein damit einhergehendes Sozialkreditsystem. Man w\u00fcrde f\u00fcr ein den EU-Kriterien entsprechendes Wohlverhalten belohnt werden. Mit der am vergangenen Wochenende ausgehandelten Reform des EU-Emissionshandelssystems bekr\u00e4ftigten Abgeordnete und Regierungen ihr [&hellip;]","og_url":"https:\/\/now-news.de\/de\/deutschland\/der-neue-eu-ablasshandel-fuer-co2-verbrauch-muss-kuenftig-bezahlt-werden\/","og_site_name":"just-now.NEWS Deutschland","article_publisher":"https:\/\/www.facebook.com\/wirmachenauf","article_published_time":"2022-12-21T06:04:13+00:00","og_image":[{"width":460,"height":259,"url":"https:\/\/now-news.de\/de\/wp-content\/uploads\/sites\/3\/2022\/12\/Der-neue-EU-Ablasshandel-Fuer-CO2-Verbrauch-muss-kuenftig-bezahlt-werden.png","type":"image\/png"}],"author":"rtnews","twitter_card":"summary_large_image","twitter_creator":"@WirMachenAuf_de","twitter_site":"@WirMachenAuf_de","twitter_misc":{"Verfasst von":"rtnews","Gesch\u00e4tzte Lesezeit":"2\u00a0Minuten"},"schema":{"@context":"https:\/\/schema.org","@graph":[{"@type":"Article","@id":"https:\/\/now-news.de\/de\/deutschland\/der-neue-eu-ablasshandel-fuer-co2-verbrauch-muss-kuenftig-bezahlt-werden\/#article","isPartOf":{"@id":"https:\/\/now-news.de\/de\/deutschland\/der-neue-eu-ablasshandel-fuer-co2-verbrauch-muss-kuenftig-bezahlt-werden\/"},"author":{"name":"rtnews","@id":"https:\/\/now-news.de\/de\/#\/schema\/person\/fb534a4e865501d8b3285208df34a9b5"},"headline":"Der neue EU-Ablasshandel: F\u00fcr CO2-Verbrauch muss k\u00fcnftig bezahlt werden","datePublished":"2022-12-21T06:04:13+00:00","dateModified":"2022-12-21T06:04:13+00:00","mainEntityOfPage":{"@id":"https:\/\/now-news.de\/de\/deutschland\/der-neue-eu-ablasshandel-fuer-co2-verbrauch-muss-kuenftig-bezahlt-werden\/"},"wordCount":389,"commentCount":0,"publisher":{"@id":"https:\/\/now-news.de\/de\/#organization"},"image":{"@id":"https:\/\/now-news.de\/de\/deutschland\/der-neue-eu-ablasshandel-fuer-co2-verbrauch-muss-kuenftig-bezahlt-werden\/#primaryimage"},"thumbnailUrl":"https:\/\/now-news.de\/de\/wp-content\/uploads\/sites\/3\/2022\/12\/Der-neue-EU-Ablasshandel-Fuer-CO2-Verbrauch-muss-kuenftig-bezahlt-werden.png","keywords":["bezahlt","CO2Verbrauch","der","EUAblasshandel","f\u00fcr","k\u00fcnftig","muss","NEUE","Werden"],"articleSection":["Deutschland","Russland"],"inLanguage":"de","potentialAction":[{"@type":"CommentAction","name":"Comment","target":["https:\/\/now-news.de\/de\/deutschland\/der-neue-eu-ablasshandel-fuer-co2-verbrauch-muss-kuenftig-bezahlt-werden\/#respond"]}]},{"@type":"WebPage","@id":"https:\/\/now-news.de\/de\/deutschland\/der-neue-eu-ablasshandel-fuer-co2-verbrauch-muss-kuenftig-bezahlt-werden\/","url":"https:\/\/now-news.de\/de\/deutschland\/der-neue-eu-ablasshandel-fuer-co2-verbrauch-muss-kuenftig-bezahlt-werden\/","name":"Der neue EU-Ablasshandel: F\u00fcr CO2-Verbrauch muss k\u00fcnftig bezahlt werden - just-now.NEWS Deutschland","isPartOf":{"@id":"https:\/\/now-news.de\/de\/#website"},"primaryImageOfPage":{"@id":"https:\/\/now-news.de\/de\/deutschland\/der-neue-eu-ablasshandel-fuer-co2-verbrauch-muss-kuenftig-bezahlt-werden\/#primaryimage"},"image":{"@id":"https:\/\/now-news.de\/de\/deutschland\/der-neue-eu-ablasshandel-fuer-co2-verbrauch-muss-kuenftig-bezahlt-werden\/#primaryimage"},"thumbnailUrl":"https:\/\/now-news.de\/de\/wp-content\/uploads\/sites\/3\/2022\/12\/Der-neue-EU-Ablasshandel-Fuer-CO2-Verbrauch-muss-kuenftig-bezahlt-werden.png","datePublished":"2022-12-21T06:04:13+00:00","dateModified":"2022-12-21T06:04:13+00:00","breadcrumb":{"@id":"https:\/\/now-news.de\/de\/deutschland\/der-neue-eu-ablasshandel-fuer-co2-verbrauch-muss-kuenftig-bezahlt-werden\/#breadcrumb"},"inLanguage":"de","potentialAction":[{"@type":"ReadAction","target":["https:\/\/now-news.de\/de\/deutschland\/der-neue-eu-ablasshandel-fuer-co2-verbrauch-muss-kuenftig-bezahlt-werden\/"]}]},{"@type":"ImageObject","inLanguage":"de","@id":"https:\/\/now-news.de\/de\/deutschland\/der-neue-eu-ablasshandel-fuer-co2-verbrauch-muss-kuenftig-bezahlt-werden\/#primaryimage","url":"https:\/\/now-news.de\/de\/wp-content\/uploads\/sites\/3\/2022\/12\/Der-neue-EU-Ablasshandel-Fuer-CO2-Verbrauch-muss-kuenftig-bezahlt-werden.png","contentUrl":"https:\/\/now-news.de\/de\/wp-content\/uploads\/sites\/3\/2022\/12\/Der-neue-EU-Ablasshandel-Fuer-CO2-Verbrauch-muss-kuenftig-bezahlt-werden.png","width":460,"height":259,"caption":"Der neue EU-Ablasshandel: F\u00fcr CO2-Verbrauch muss k\u00fcnftig bezahlt werden"},{"@type":"BreadcrumbList","@id":"https:\/\/now-news.de\/de\/deutschland\/der-neue-eu-ablasshandel-fuer-co2-verbrauch-muss-kuenftig-bezahlt-werden\/#breadcrumb","itemListElement":[{"@type":"ListItem","position":1,"name":"Home","item":"https:\/\/now-news.de\/de\/"},{"@type":"ListItem","position":2,"name":"Der neue EU-Ablasshandel: F\u00fcr CO2-Verbrauch muss k\u00fcnftig bezahlt werden"}]},{"@type":"WebSite","@id":"https:\/\/now-news.de\/de\/#website","url":"https:\/\/now-news.de\/de\/","name":"just-now.NEWS Deutschland","description":"Das Portal f\u00fcr unzensierte Nachrichten aus der Welt","publisher":{"@id":"https:\/\/now-news.de\/de\/#organization"},"potentialAction":[{"@type":"SearchAction","target":{"@type":"EntryPoint","urlTemplate":"https:\/\/now-news.de\/de\/?s={search_term_string}"},"query-input":"required name=search_term_string"}],"inLanguage":"de"},{"@type":"Organization","@id":"https:\/\/now-news.de\/de\/#organization","name":"Just Now News","url":"https:\/\/now-news.de\/de\/","logo":{"@type":"ImageObject","inLanguage":"de","@id":"https:\/\/now-news.de\/de\/#\/schema\/logo\/image\/","url":"http:\/\/just-now.news\/de\/wp-content\/uploads\/sites\/3\/2022\/04\/logo500x500.jpg","contentUrl":"http:\/\/just-now.news\/de\/wp-content\/uploads\/sites\/3\/2022\/04\/logo500x500.jpg","width":500,"height":500,"caption":"Just Now News"},"image":{"@id":"https:\/\/now-news.de\/de\/#\/schema\/logo\/image\/"},"sameAs":["https:\/\/www.facebook.com\/wirmachenauf","https:\/\/x.com\/WirMachenAuf_de"]},{"@type":"Person","@id":"https:\/\/now-news.de\/de\/#\/schema\/person\/fb534a4e865501d8b3285208df34a9b5","name":"rtnews","image":{"@type":"ImageObject","inLanguage":"de","@id":"https:\/\/now-news.de\/de\/#\/schema\/person\/image\/","url":"https:\/\/secure.gravatar.com\/avatar\/82aafea7d8127119dd649515f56e2117?s=96&d=mm&r=g","contentUrl":"https:\/\/secure.gravatar.com\/avatar\/82aafea7d8127119dd649515f56e2117?s=96&d=mm&r=g","caption":"rtnews"},"url":"https:\/\/now-news.de\/de\/author\/rnews\/"}]}},"_links":{"self":[{"href":"https:\/\/now-news.de\/de\/wp-json\/wp\/v2\/posts\/25969"}],"collection":[{"href":"https:\/\/now-news.de\/de\/wp-json\/wp\/v2\/posts"}],"about":[{"href":"https:\/\/now-news.de\/de\/wp-json\/wp\/v2\/types\/post"}],"author":[{"embeddable":true,"href":"https:\/\/now-news.de\/de\/wp-json\/wp\/v2\/users\/3"}],"replies":[{"embeddable":true,"href":"https:\/\/now-news.de\/de\/wp-json\/wp\/v2\/comments?post=25969"}],"version-history":[{"count":0,"href":"https:\/\/now-news.de\/de\/wp-json\/wp\/v2\/posts\/25969\/revisions"}],"wp:featuredmedia":[{"embeddable":true,"href":"https:\/\/now-news.de\/de\/wp-json\/wp\/v2\/media\/25970"}],"wp:attachment":[{"href":"https:\/\/now-news.de\/de\/wp-json\/wp\/v2\/media?parent=25969"}],"wp:term":[{"taxonomy":"category","embeddable":true,"href":"https:\/\/now-news.de\/de\/wp-json\/wp\/v2\/categories?post=25969"},{"taxonomy":"post_tag","embeddable":true,"href":"https:\/\/now-news.de\/de\/wp-json\/wp\/v2\/tags?post=25969"}],"curies":[{"name":"wp","href":"https:\/\/api.w.org\/{rel}","templated":true}]}}