{"id":25912,"date":"2022-12-20T19:52:23","date_gmt":"2022-12-20T17:52:23","guid":{"rendered":"https:\/\/just-now.news\/de\/deutschland\/politikwissenschaftlerin-leukefeld-erlebe-friedensbewegung-zersplittert-und-zerstritten\/"},"modified":"2022-12-20T19:52:23","modified_gmt":"2022-12-20T17:52:23","slug":"politikwissenschaftlerin-leukefeld-erlebe-friedensbewegung-zersplittert-und-zerstritten","status":"publish","type":"post","link":"https:\/\/now-news.de\/de\/deutschland\/politikwissenschaftlerin-leukefeld-erlebe-friedensbewegung-zersplittert-und-zerstritten\/","title":{"rendered":"Politikwissenschaftlerin Leukefeld: Erlebe Friedensbewegung zersplittert und zerstritten"},"content":{"rendered":"<p><img decoding=\"async\" src=\"http:\/\/just-now.news\/de\/wp-content\/uploads\/sites\/3\/2022\/12\/63a197a8b480cc533563f9b6.JPG\" \/><\/p>\n<div class=\"Text-root Text-type_1 \">\n                Die Journalistin Karin Leukefeld spricht \u00fcber ihre Einsch\u00e4tzung der deutschen Friedensbewegung. Sie bewertet die Vorgeschichte des Ukrainekriegs, die westliche Propaganda und auch die Zerstrittenheit der Friedensbewegung. Nach zwei Kriegen gegen Russland und die Sowjetunion habe die deutsche Friedensbewegung eine besondere Verantwortung.\n            <\/div>\n<p><\/p>\n<div class=\"Text-root Text-type_5 ArticleView-text ViewText-root \">\n<p><em>Das Interview mit der Politikwissenschaftlerin und Journalistin Karin Leukefeld zur deutschen Friedensbewegung f\u00fchrte Felicitas Rabe.<\/em><\/p>\n<p><em>Frau Leukefeld, am zweiten Dezemberwochenende fand in Kassel der 29. Friedensratschlag statt. Wie haben sich Vertreter der deutschen Friedensbewegung zum Krieg in der Ukraine positioniert? Wie bewerten Sie das Meinungsspektrum in der deutschen Friedensbewegung in Bezug auf Analyse und Hintergrund des Krieges in der Ukraine?<\/em><\/p>\n<p>Sehr viele Menschen waren zu dem &#8220;Friedensratschlag&#8221; gekommen, das ist sicherlich ein Erfolg. Auf den Podien wurde der Krieg nat\u00fcrlich verurteilt. Auch wenn es gute und ausf\u00fchrliche Analysen \u00fcber den Hintergrund und die Vorgeschichte dieses Krieges gab, wurde doch immer wieder betont, dass Russland oder auch der russische Pr\u00e4sident Putin verantwortlich seien und dass es sich um einen &#8220;Aggressionskrieg&#8221; handele.<\/p>\n<p>Mich irritiert das, weil sich diesbez\u00fcglich die offiziellen Stellungnahmen der deutschen Friedensbewegung nicht wesentlich von dem unterscheiden, was vom ersten Tag an einstimmig \u00fcber die gro\u00dfen Medien und von der Scholz-Regierung verlautbart wurde. Geradezu reflexartig werden die staatlichen und medialen Anschuldigungen wiederholt, selbst in Gespr\u00e4chen unter Freunden. Damit wird jede Kritik an der Haltung von Bundesregierung, EU und NATO \u2013 vor und nach dem milit\u00e4rischen Eingreifens Russland \u2013 abgeschw\u00e4cht und relativiert. \u00a0<\/p>\n<p>Es scheint, als sei der Friedensbewegung ein wesentlicher Kompass abhandengekommen, den Christa Wolf in ihrem Buch Kassandra einmal so beschrieben hat:<\/p>\n<blockquote>\n<p><em>&#8220;Wann der Krieg beginnt, kann man wissen, aber wann beginnt der Vor-Krieg. \/ Falls es da Regeln g\u00e4be, m\u00fcsste man sie weitersagen. \/ In Ton, in Stein eingraben, sie \u00fcberliefern. \/ Was st\u00fcnde da. Da st\u00fcnde unter anderen S\u00e4tzen: Lasst euch nicht von den Eigenen t\u00e4uschen.<\/em><em>&#8220;<\/em><\/p>\n<\/blockquote>\n<p>&#8220;Die Eigenen&#8221; \u2013 die Bundesregierungen unter Merkel und Scholz, Medien, ehemalige Linke, Gr\u00fcne, Sozialdemokraten und Friedensaktivisten, die in Parteien, in Nichtregierungsorganisationen oder Stiftungen, im Bundestag oder \u00fcber das EU-Parlament gro\u00dfgeworden sind \u2013 haben die \u00d6ffentlichkeit get\u00e4uscht. Die NATO und die EU-Kommission sind seit 2014 im Gleichschritt auf US-Kurs und haben sich politisch, milit\u00e4risch und medial gegen Russland aufger\u00fcstet. Ich sage ausdr\u00fccklich &#8220;EU-Kommission&#8221; und nicht &#8220;europ\u00e4ische Staaten&#8221;. Die haben au\u00dfenpolitisch meist andere Interessen und werden \u2013 einschlie\u00dflich den neutralen Staaten \u00d6sterreich und Schweiz \u2013 immer mehr in die Gefolgschaft gezwungen.<\/p>\n<p>Die Friedensbewegung hat diese Entwicklung in ihrer Tragweite nicht erkannt, die Gefahr nicht verstanden oder nicht ernst genommen, obwohl die Vorgeschichte von NATO- und EU-Osterweiterung bekannt war. Die Aufr\u00fcstung der osteurop\u00e4ischen Staaten, auch der Ukraine, war bekannt. US-Truppentransporte liefen ungebremst wieder von West nach Ost durch Deutschland, Proteste und Versuche, diese Transporte mancherorts zu stoppen, blieben vereinzelt und erfolglos. Es war bekannt, dass die NATO im Jahr 2022 von der Ostsee bis zum Schwarzen Meer Man\u00f6ver entlang der Grenze zu Russland geplant hatte, die nahezu nahtlos ineinander \u00fcbergingen.<\/p>\n<p>Ein Redner in Kassel sagte, der Krieg sei die &#8220;Antwort auf eine tats\u00e4chliche Bedrohung&#8221; gewesen. Und ja, f\u00fcr Russland war die Entwicklung eine Provokation, nachdem es seit Jahren gefordert hatte, dass es Verhandlungen \u00fcber eine europ\u00e4ische Sicherheitsstruktur geben m\u00fcsse. Das war Thema eines Gipfeltreffens zwischen Washington und Moskau in Genf im Juni 2021, \u00fcber das breit berichtet worden war. Vor genau einem Jahr, am 17. Dezember 2021 ver\u00f6ffentlichte Moskau den Text eines Schreibens an die USA und die NATO, in dem ein Neutralit\u00e4tsstatus f\u00fcr die Ukraine und ein Stopp der milit\u00e4rischen Ausweitung und Aktivit\u00e4ten der NATO in Osteuropa und in der Ukraine gefordert wurden. Russland wollte &#8220;legal bindende Garantien&#8221;, darunter die Zusage, dass weder die Ukraine noch andere ehemalige Republiken der UdSSR in die NATO aufgenommen w\u00fcrden. Die USA wie die EU wiesen diese Vorschl\u00e4ge zur\u00fcck und waren nicht einmal bereit, dar\u00fcber zu verhandeln.<\/p>\n<p>Krieg gab es in der Ukraine seit 2014. Der Krieg im Donbass und die Russland- und Russen-feindlichen politischen Entscheidungen in der Ukraine \u2013 vieles deutete auf die Versch\u00e4rfung des Klimas in der Region hin. Dazu kam die D\u00e4monisierung Russlands und des russischen Pr\u00e4sidenten in Politik und Medien in Deutschland, das Verbot russischer Medien \u2013 ich kann mich nicht erinnern, dass die Friedensbewegung sich in den letzten acht Jahren mit diesen Entwicklungen intensiv befasst und von den westlichen Regierungen einen sichtbaren und deutlichen Verhandlungswillen mit Russland gefordert h\u00e4tte.<\/p>\n<p><em>Auf der Konferenz konnte man den Eindruck gewinnen, dass sich die deutsche Friedensbewegung mehr oder weniger mit dem Mainstream-Narrativ vom &#8220;v\u00f6lkerrechtswidrigen russischen Angriffskrieg&#8221; einig ist. Dabei wurde im Vorfeld der Konferenz eine Analyse von Doris und George Pumphrey ver\u00f6ffentlicht, die dieses Narrativ in Frage stellt. Schlie\u00dft sich die Mehrheit der Friedensaktivisten der Darstellung in den Medien tats\u00e4chlich an? Warum wurde dar\u00fcber so wenig diskutiert?<\/em><\/p>\n<p>Die <a rel=\"nofollow noopener\" target=\"_blank\" href=\"https:\/\/pressefreiheit.rtde.tech\/international\/155707-wer-ist-aggressor-friedensbewegung-und\/\">Pumphrey-Analyse<\/a> war m.W. kein Thema auf der Konferenz. Ich wei\u00df nicht, ob sie auslag oder verteilt wurde. (Ich habe es jedenfalls nicht gesehen.) Es war auch keine Arbeitsgruppe dazu vorgesehen, in der ein R\u00fcckblick auf die Arbeit der Friedensbewegung h\u00e4tte diskutiert werden sollen. Dabei w\u00e4re eine Analyse der Geschichte in und um die Ukraine dringend notwendig. Die Entwicklungen in der Ukraine nach 2014 scheinen bei der Friedensbewegung und vielen Linken wenig bekannt zu sein.<\/p>\n<p>Es gibt auch keine Diskussion \u00fcber den <a rel=\"nofollow noopener\" target=\"_blank\" href=\"https:\/\/unric.org\/de\/charta\/\">Artikel 51 der UN-Charta<\/a>, das &#8220;naturgegebene Recht zur individuellen oder kollektiven Selbstverteidigung&#8221;, auf das sich Russland mit der Milit\u00e4roperation ja beruft. Es gibt keine Debatte \u00fcber die Bedeutung von staatlicher Neutralit\u00e4t und deren Bedeutung f\u00fcr Frieden. Ein Redner in Kassel sagte w\u00e4hrend der Ukraine-Debatte, USA und NATO h\u00e4tten die Vertragsentw\u00fcrfe Russlands (vom Dezember 2021) nicht einmal angesehen, denn &#8220;der Krieg war gewollt&#8221;, sagte er. Vielleicht stimmten viele der Teilnehmenden dem sogar zu, aber es werden offenbar keine Konsequenzen aus dieser Erkenntnis gezogen.<\/p>\n<p><em>Gibt es \u00fcber den Ukrainekrieg weitere Kontroversen in der Friedensbewegung? Worum geht es da und wo werden die Diskussionen gef\u00fchrt?<strong><\/strong><\/em><\/p>\n<p>Ich erlebe die Linke und die Friedensbewegung in Deutschland zersplittert und zerstritten. In einem lokalen Friedensb\u00fcndnis h\u00f6rte ich, dass jemand vorschlug, eine interne Diskussion dar\u00fcber zu f\u00fchren, wie der Krieg in der Ukraine und das Verhalten Russlands v\u00f6lkerrechtlich zu bewerten seien \u2013 \u00a0ob es sich wirklich um einen Bruch des V\u00f6lkerrechts handele. Allein der Vorschlag stie\u00df schon auf Ablehnung. Das liegt m\u00f6glicherweise auch daran, dass die bekannten Sprecher von gro\u00dfen Friedensorganisationen in der \u00d6ffentlichkeit immer wieder einen &#8220;russischen Angriffskrieg&#8221; verurteilen und sagen, dieser sei &#8220;v\u00f6lkerrechtswidrig&#8221;. Damit werden notwendige Debatten in lokalen B\u00fcndnissen gestoppt.<\/p>\n<p>&#8220;Russland tr\u00e4gt Verantwortung und auch die NATO tr\u00e4gt Verantwortung, wie kommen wir da raus&#8221;, fragte ein Redner in Kassel. Ich bin \u00fcberzeugt, USA und NATO wissen genau so gut wie Russland, welche Auswege es gibt. Russland hat sehr genau seine Forderungen genannt, aber was soll es tun, wenn der Westen das ignoriert? Nur mal zur Erinnerung: Unmittelbar nach Beginn des Krieges begannen direkte Verhandlungen zwischen Russland und der Ukraine, und im April lag daraufhin eine vorl\u00e4ufige Verhandlungsl\u00f6sung auf dem Tisch.<\/p>\n<p>Doch dann intervenierte Gro\u00dfbritannien in Person des damaligen Premierministers. Boris Johnson reiste nach Kiew und erkl\u00e4rte der Ukraine, dass es keine Verhandlungsl\u00f6sung geben solle. Das ging international durch die Medien \u2013 und damit wei\u00df die Friedensbewegung doch, was zu tun ist. Ihr Adressat ist die Bundesregierung und das westliche NATO-B\u00fcndnis, die offenbar nicht an einer L\u00f6sung interessiert sind.<\/p>\n<p><em>Welche Forderungen sollten Ihrer Meinung nach von der Friedensbewegung gestellt werden? Wie bewerten Sie die Standpunkte und Aktionen in der deutschen Friedensbewegung? Welche Chancen sehen Sie aktuell in der deutschen Friedensbewegung und ihrem Einfluss auf die deutsche Politik?\u00a0<strong><\/strong><\/em><\/p>\n<p>Ich arbeite seit vielen Jahren in L\u00e4ndern des Mittleren Ostens in der arabischen Welt und habe Krisen und Kriege erlebt und sehe, welche Folgen das auf die Bev\u00f6lkerung hat. Hintergrund der Kriege gegen Irak, in Libyen, Syrien, Jemen, die anhaltende Besatzung pal\u00e4stinensischen und arabischen Bodens durch Israel \u2013 alles das hat viel mit den westlichen Interessen in der Region zu tun.<\/p>\n<p>Die USA und auch die EU sprechen vom &#8220;Greater Middle East&#8221; (Gro\u00dfraum Mittlerer Osten), das ist eine geostrategische Bezeichnung f\u00fcr die Region von Zentralasien \u00fcber Iran, die arabische Halbinsel, die T\u00fcrkei und Nordafrika und umfasst den Indischen Ozean, den Persischen Golf, das Rote Meer, den Suezkanal, das Kaspische und das Schwarze Meer, das s\u00fcdliche Mittelmeer bis zum Atlantik. Waffenlieferungen, finanzielle Hilfen, einseitige wirtschaftliche Strafma\u00dfnahmen\/Sanktionen und sogenannte &#8220;sanfte Machtinterventionen&#8221; (Soft Power Interventions) mit &#8220;Hilfs- und Demokratisierungsprogrammen&#8221; von Nichtregierungsorganisationen und Stiftungen schr\u00e4nken die souver\u00e4ne politische, soziale und kulturelle Entwicklung in den dort liegenden L\u00e4ndern ein und spalten die Bev\u00f6lkerungen.<\/p>\n<p>Millionen Pal\u00e4stinenser leben seit Generationen in Lagern, weil Israel von seinen Verb\u00fcndeten im Westen nicht zur Anerkennung eines pal\u00e4stinensischen Staates gezwungen wird. Politische und soziale Konflikte und Entwicklungen, die gesellschaftlich und innenpolitisch in jedem einzelnen Land gel\u00f6st werden m\u00fcssen und auch k\u00f6nnen, werden von den USA, der EU und Israel mit wechselnden regionalen Partnern f\u00fcr ihre geopolitischen Interessen instrumentalisiert.<\/p>\n<p>Ob das Kopftuch der iranischen Frauen, die Freilassung von Gefangenen in Syrien, die Rechte der schiitischen Muslime im Irak unter Saddam Hussein, der Kurden in Syrien, Irak, Iran oder in der T\u00fcrkei, der asiatischen Gastarbeiter in Katar oder anderen Golfemiraten \u2013 die Entwicklung zeigt uns, dass es nur vordergr\u00fcndig um Menschenrechte und Demokratie, tats\u00e4chlich aber um Geopolitik geht.<\/p>\n<p>Es geht um Rohstoffe, um die Kontrolle von Transportwegen, um die Konfrontation mit Staaten und Regierungen, die andere politische Vorstellungen haben, als die USA, die EU oder Deutschland. Die westliche Politik im Mittleren Osten, auch das Vorgehen Deutschlands, wird immer h\u00e4ufiger als &#8220;eurozentristisch&#8221; und &#8220;neo-kolonial&#8221; charakterisiert. Darum wenden sich die L\u00e4nder von den USA und der EU oder Deutschland ab und sie wenden sich \u2013 \u00fcber alle m\u00f6gliche Skepsis hinweg \u2013 Russland und China zu.<\/p>\n<p>Die Friedensbewegung scheint diese Entwicklung nicht richtig verstanden zu haben. Seit dem weltweiten Protest gegen die v\u00f6lkerrechtswidrige US-gef\u00fchrte Invasion in den Irak (2003) hat es nie wieder gro\u00dfe Proteste gegen die Verw\u00fcstung einer ganzen Region gegeben. Die analytische Schw\u00e4che \u00fcber die Zielsetzung der Politik der eigenen Regierung und deren Position in westlichen B\u00fcndnissen ist m.E. eine der Ursachen, warum die Friedensbewegung auch jetzt in der aktuellen Konfrontation so schwach ist.<\/p>\n<p>Dabei hat die deutsche Friedensbewegung doch auch eine historische Verantwortung. Deutschland f\u00fchrte im 20. Jahrhundert\u00a0zwei Kriege gegen Russland und die Sowjetunion, die es verlor und dabei weite Teile Europas verw\u00fcstete. Die deutsche Friedensbewegung hat die Verantwortung, f\u00fcr Frieden und f\u00fcr Freundschaft mit Russland und f\u00fcr die Selbstbestimmung aller L\u00e4nder auf die Stra\u00dfe zu gehen.<\/p>\n<p><em><a rel=\"nofollow noopener\" target=\"_blank\" href=\"https:\/\/leukefeld.net\/\">Karin Leukefeld<\/a> ist<strong><\/strong>Politikwissenschaftlerin und Journalistin. Seit dem Jahr 2000 arbeitet sie als freie Korrespondentin im Nahen Osten. Zuletzt ver\u00f6ffentlichte sie 2016 das Buch &#8220;Syrien zwischen Schatten und Licht: Menschen erz\u00e4hlen von ihrem zerrissenen Land&#8221; mit Geschichten und Geschichte von 1916 bis 2016.<\/em><\/p>\n<p><strong>Mehr zum Thema<\/strong> &#8211;\u00a0<a rel=\"nofollow noopener\" target=\"_blank\" href=\"https:\/\/pressefreiheit.rtde.tech\/meinung\/157450-reflexionen-ueber-positionen-und-strategien-der-deutschen-friedensbewegung\/\">Reflexionen \u00fcber Positionen und Strategien der deutschen Friedensbewegung<\/a>\u00a0<\/p>\n<\/div>\n<p><br \/>\n<br \/><a href=\"https:\/\/de.rt.com\/international\/157601-politikwissenschaftlerin-leukefeld-erlebe-friedensbewegung-zersplittert\/\">Source link <\/a><\/p>\n","protected":false},"excerpt":{"rendered":"<p>Die Journalistin Karin Leukefeld spricht \u00fcber ihre Einsch\u00e4tzung der deutschen Friedensbewegung. Sie bewertet die Vorgeschichte des Ukrainekriegs, die westliche Propaganda und auch die Zerstrittenheit der Friedensbewegung. Nach zwei Kriegen gegen Russland und die Sowjetunion habe die deutsche Friedensbewegung eine besondere Verantwortung. Das Interview mit der Politikwissenschaftlerin und Journalistin Karin Leukefeld zur deutschen Friedensbewegung f\u00fchrte Felicitas [&hellip;]<\/p>\n","protected":false},"author":3,"featured_media":25913,"comment_status":"open","ping_status":"open","sticky":false,"template":"","format":"standard","meta":{"_yoast_indexnow_last_ping":["1671559383"],"wp_automatic_camp":["217"],"015a230ab5207ba59930bce1db81873d":["Politikwissenschaftlerin Leukefeld: Erlebe Friedensbewegung zersplittert und zerstritten"],"original_link":["https:\/\/de.rt.com\/international\/157601-politikwissenschaftlerin-leukefeld-erlebe-friedensbewegung-zersplittert\/"],"_thumbnail_id":["25913"],"_wptgpro_p2tg_sent2tg":["a:1:{i:23737;s:19:\"2022-12-20 20:04:18\";}"],"jnews_social_counter_last_update":["1777605746"]},"categories":[19,23],"tags":[37799,20529,37798,37797,140,37800,25928],"yoast_head":"<!-- This site is optimized with the Yoast SEO Premium plugin v22.7 (Yoast SEO v22.7) - https:\/\/yoast.com\/wordpress\/plugins\/seo\/ -->\n<title>Politikwissenschaftlerin Leukefeld: Erlebe Friedensbewegung zersplittert und zerstritten - just-now.NEWS Deutschland<\/title>\n<meta name=\"robots\" content=\"index, follow, max-snippet:-1, max-image-preview:large, max-video-preview:-1\" \/>\n<link rel=\"canonical\" href=\"https:\/\/now-news.de\/de\/deutschland\/politikwissenschaftlerin-leukefeld-erlebe-friedensbewegung-zersplittert-und-zerstritten\/\" \/>\n<meta property=\"og:locale\" content=\"de_DE\" \/>\n<meta property=\"og:type\" content=\"article\" \/>\n<meta property=\"og:title\" content=\"Politikwissenschaftlerin Leukefeld: Erlebe Friedensbewegung zersplittert und zerstritten\" \/>\n<meta property=\"og:description\" content=\"Die Journalistin Karin Leukefeld spricht \u00fcber ihre Einsch\u00e4tzung der deutschen Friedensbewegung. Sie bewertet die Vorgeschichte des Ukrainekriegs, die westliche Propaganda und auch die Zerstrittenheit der Friedensbewegung. Nach zwei Kriegen gegen Russland und die Sowjetunion habe die deutsche Friedensbewegung eine besondere Verantwortung. Das Interview mit der Politikwissenschaftlerin und Journalistin Karin Leukefeld zur deutschen Friedensbewegung f\u00fchrte Felicitas [&hellip;]\" \/>\n<meta property=\"og:url\" content=\"https:\/\/now-news.de\/de\/deutschland\/politikwissenschaftlerin-leukefeld-erlebe-friedensbewegung-zersplittert-und-zerstritten\/\" \/>\n<meta property=\"og:site_name\" content=\"just-now.NEWS Deutschland\" \/>\n<meta property=\"article:publisher\" content=\"https:\/\/www.facebook.com\/wirmachenauf\" \/>\n<meta property=\"article:published_time\" content=\"2022-12-20T17:52:23+00:00\" \/>\n<meta property=\"og:image\" content=\"https:\/\/now-news.de\/de\/wp-content\/uploads\/sites\/3\/2022\/12\/Politikwissenschaftlerin-Leukefeld-Erlebe-Friedensbewegung-zersplittert-und-zerstritten.JPG\" \/>\n\t<meta property=\"og:image:width\" content=\"460\" \/>\n\t<meta property=\"og:image:height\" content=\"259\" \/>\n\t<meta property=\"og:image:type\" content=\"image\/jpeg\" \/>\n<meta name=\"author\" content=\"rtnews\" \/>\n<meta name=\"twitter:card\" content=\"summary_large_image\" \/>\n<meta name=\"twitter:creator\" content=\"@WirMachenAuf_de\" \/>\n<meta name=\"twitter:site\" content=\"@WirMachenAuf_de\" \/>\n<meta name=\"twitter:label1\" content=\"Verfasst von\" \/>\n\t<meta name=\"twitter:data1\" content=\"rtnews\" \/>\n\t<meta name=\"twitter:label2\" content=\"Gesch\u00e4tzte Lesezeit\" \/>\n\t<meta name=\"twitter:data2\" content=\"9\u00a0Minuten\" \/>\n<script type=\"application\/ld+json\" class=\"yoast-schema-graph\">{\"@context\":\"https:\/\/schema.org\",\"@graph\":[{\"@type\":\"Article\",\"@id\":\"https:\/\/now-news.de\/de\/deutschland\/politikwissenschaftlerin-leukefeld-erlebe-friedensbewegung-zersplittert-und-zerstritten\/#article\",\"isPartOf\":{\"@id\":\"https:\/\/now-news.de\/de\/deutschland\/politikwissenschaftlerin-leukefeld-erlebe-friedensbewegung-zersplittert-und-zerstritten\/\"},\"author\":{\"name\":\"rtnews\",\"@id\":\"https:\/\/now-news.de\/de\/#\/schema\/person\/fb534a4e865501d8b3285208df34a9b5\"},\"headline\":\"Politikwissenschaftlerin Leukefeld: Erlebe Friedensbewegung zersplittert und zerstritten\",\"datePublished\":\"2022-12-20T17:52:23+00:00\",\"dateModified\":\"2022-12-20T17:52:23+00:00\",\"mainEntityOfPage\":{\"@id\":\"https:\/\/now-news.de\/de\/deutschland\/politikwissenschaftlerin-leukefeld-erlebe-friedensbewegung-zersplittert-und-zerstritten\/\"},\"wordCount\":1853,\"commentCount\":0,\"publisher\":{\"@id\":\"https:\/\/now-news.de\/de\/#organization\"},\"image\":{\"@id\":\"https:\/\/now-news.de\/de\/deutschland\/politikwissenschaftlerin-leukefeld-erlebe-friedensbewegung-zersplittert-und-zerstritten\/#primaryimage\"},\"thumbnailUrl\":\"https:\/\/now-news.de\/de\/wp-content\/uploads\/sites\/3\/2022\/12\/Politikwissenschaftlerin-Leukefeld-Erlebe-Friedensbewegung-zersplittert-und-zerstritten.JPG\",\"keywords\":[\"Erlebe\",\"Friedensbewegung\",\"Leukefeld\",\"Politikwissenschaftlerin\",\"und\",\"zersplittert\",\"zerstritten\"],\"articleSection\":[\"Deutschland\",\"Russland\"],\"inLanguage\":\"de\",\"potentialAction\":[{\"@type\":\"CommentAction\",\"name\":\"Comment\",\"target\":[\"https:\/\/now-news.de\/de\/deutschland\/politikwissenschaftlerin-leukefeld-erlebe-friedensbewegung-zersplittert-und-zerstritten\/#respond\"]}]},{\"@type\":\"WebPage\",\"@id\":\"https:\/\/now-news.de\/de\/deutschland\/politikwissenschaftlerin-leukefeld-erlebe-friedensbewegung-zersplittert-und-zerstritten\/\",\"url\":\"https:\/\/now-news.de\/de\/deutschland\/politikwissenschaftlerin-leukefeld-erlebe-friedensbewegung-zersplittert-und-zerstritten\/\",\"name\":\"Politikwissenschaftlerin Leukefeld: Erlebe Friedensbewegung zersplittert und zerstritten - just-now.NEWS Deutschland\",\"isPartOf\":{\"@id\":\"https:\/\/now-news.de\/de\/#website\"},\"primaryImageOfPage\":{\"@id\":\"https:\/\/now-news.de\/de\/deutschland\/politikwissenschaftlerin-leukefeld-erlebe-friedensbewegung-zersplittert-und-zerstritten\/#primaryimage\"},\"image\":{\"@id\":\"https:\/\/now-news.de\/de\/deutschland\/politikwissenschaftlerin-leukefeld-erlebe-friedensbewegung-zersplittert-und-zerstritten\/#primaryimage\"},\"thumbnailUrl\":\"https:\/\/now-news.de\/de\/wp-content\/uploads\/sites\/3\/2022\/12\/Politikwissenschaftlerin-Leukefeld-Erlebe-Friedensbewegung-zersplittert-und-zerstritten.JPG\",\"datePublished\":\"2022-12-20T17:52:23+00:00\",\"dateModified\":\"2022-12-20T17:52:23+00:00\",\"breadcrumb\":{\"@id\":\"https:\/\/now-news.de\/de\/deutschland\/politikwissenschaftlerin-leukefeld-erlebe-friedensbewegung-zersplittert-und-zerstritten\/#breadcrumb\"},\"inLanguage\":\"de\",\"potentialAction\":[{\"@type\":\"ReadAction\",\"target\":[\"https:\/\/now-news.de\/de\/deutschland\/politikwissenschaftlerin-leukefeld-erlebe-friedensbewegung-zersplittert-und-zerstritten\/\"]}]},{\"@type\":\"ImageObject\",\"inLanguage\":\"de\",\"@id\":\"https:\/\/now-news.de\/de\/deutschland\/politikwissenschaftlerin-leukefeld-erlebe-friedensbewegung-zersplittert-und-zerstritten\/#primaryimage\",\"url\":\"https:\/\/now-news.de\/de\/wp-content\/uploads\/sites\/3\/2022\/12\/Politikwissenschaftlerin-Leukefeld-Erlebe-Friedensbewegung-zersplittert-und-zerstritten.JPG\",\"contentUrl\":\"https:\/\/now-news.de\/de\/wp-content\/uploads\/sites\/3\/2022\/12\/Politikwissenschaftlerin-Leukefeld-Erlebe-Friedensbewegung-zersplittert-und-zerstritten.JPG\",\"width\":460,\"height\":259,\"caption\":\"Politikwissenschaftlerin Leukefeld: Erlebe Friedensbewegung zersplittert und zerstritten\"},{\"@type\":\"BreadcrumbList\",\"@id\":\"https:\/\/now-news.de\/de\/deutschland\/politikwissenschaftlerin-leukefeld-erlebe-friedensbewegung-zersplittert-und-zerstritten\/#breadcrumb\",\"itemListElement\":[{\"@type\":\"ListItem\",\"position\":1,\"name\":\"Home\",\"item\":\"https:\/\/now-news.de\/de\/\"},{\"@type\":\"ListItem\",\"position\":2,\"name\":\"Politikwissenschaftlerin Leukefeld: Erlebe Friedensbewegung zersplittert und zerstritten\"}]},{\"@type\":\"WebSite\",\"@id\":\"https:\/\/now-news.de\/de\/#website\",\"url\":\"https:\/\/now-news.de\/de\/\",\"name\":\"just-now.NEWS Deutschland\",\"description\":\"Das Portal f\u00fcr unzensierte Nachrichten aus der Welt\",\"publisher\":{\"@id\":\"https:\/\/now-news.de\/de\/#organization\"},\"potentialAction\":[{\"@type\":\"SearchAction\",\"target\":{\"@type\":\"EntryPoint\",\"urlTemplate\":\"https:\/\/now-news.de\/de\/?s={search_term_string}\"},\"query-input\":\"required name=search_term_string\"}],\"inLanguage\":\"de\"},{\"@type\":\"Organization\",\"@id\":\"https:\/\/now-news.de\/de\/#organization\",\"name\":\"Just Now News\",\"url\":\"https:\/\/now-news.de\/de\/\",\"logo\":{\"@type\":\"ImageObject\",\"inLanguage\":\"de\",\"@id\":\"https:\/\/now-news.de\/de\/#\/schema\/logo\/image\/\",\"url\":\"http:\/\/just-now.news\/de\/wp-content\/uploads\/sites\/3\/2022\/04\/logo500x500.jpg\",\"contentUrl\":\"http:\/\/just-now.news\/de\/wp-content\/uploads\/sites\/3\/2022\/04\/logo500x500.jpg\",\"width\":500,\"height\":500,\"caption\":\"Just Now News\"},\"image\":{\"@id\":\"https:\/\/now-news.de\/de\/#\/schema\/logo\/image\/\"},\"sameAs\":[\"https:\/\/www.facebook.com\/wirmachenauf\",\"https:\/\/x.com\/WirMachenAuf_de\"]},{\"@type\":\"Person\",\"@id\":\"https:\/\/now-news.de\/de\/#\/schema\/person\/fb534a4e865501d8b3285208df34a9b5\",\"name\":\"rtnews\",\"image\":{\"@type\":\"ImageObject\",\"inLanguage\":\"de\",\"@id\":\"https:\/\/now-news.de\/de\/#\/schema\/person\/image\/\",\"url\":\"https:\/\/secure.gravatar.com\/avatar\/82aafea7d8127119dd649515f56e2117?s=96&d=mm&r=g\",\"contentUrl\":\"https:\/\/secure.gravatar.com\/avatar\/82aafea7d8127119dd649515f56e2117?s=96&d=mm&r=g\",\"caption\":\"rtnews\"},\"url\":\"https:\/\/now-news.de\/de\/author\/rnews\/\"}]}<\/script>\n<!-- \/ Yoast SEO Premium plugin. -->","yoast_head_json":{"title":"Politikwissenschaftlerin Leukefeld: Erlebe Friedensbewegung zersplittert und zerstritten - just-now.NEWS Deutschland","robots":{"index":"index","follow":"follow","max-snippet":"max-snippet:-1","max-image-preview":"max-image-preview:large","max-video-preview":"max-video-preview:-1"},"canonical":"https:\/\/now-news.de\/de\/deutschland\/politikwissenschaftlerin-leukefeld-erlebe-friedensbewegung-zersplittert-und-zerstritten\/","og_locale":"de_DE","og_type":"article","og_title":"Politikwissenschaftlerin Leukefeld: Erlebe Friedensbewegung zersplittert und zerstritten","og_description":"Die Journalistin Karin Leukefeld spricht \u00fcber ihre Einsch\u00e4tzung der deutschen Friedensbewegung. Sie bewertet die Vorgeschichte des Ukrainekriegs, die westliche Propaganda und auch die Zerstrittenheit der Friedensbewegung. Nach zwei Kriegen gegen Russland und die Sowjetunion habe die deutsche Friedensbewegung eine besondere Verantwortung. Das Interview mit der Politikwissenschaftlerin und Journalistin Karin Leukefeld zur deutschen Friedensbewegung f\u00fchrte Felicitas [&hellip;]","og_url":"https:\/\/now-news.de\/de\/deutschland\/politikwissenschaftlerin-leukefeld-erlebe-friedensbewegung-zersplittert-und-zerstritten\/","og_site_name":"just-now.NEWS Deutschland","article_publisher":"https:\/\/www.facebook.com\/wirmachenauf","article_published_time":"2022-12-20T17:52:23+00:00","og_image":[{"width":460,"height":259,"url":"https:\/\/now-news.de\/de\/wp-content\/uploads\/sites\/3\/2022\/12\/Politikwissenschaftlerin-Leukefeld-Erlebe-Friedensbewegung-zersplittert-und-zerstritten.JPG","type":"image\/jpeg"}],"author":"rtnews","twitter_card":"summary_large_image","twitter_creator":"@WirMachenAuf_de","twitter_site":"@WirMachenAuf_de","twitter_misc":{"Verfasst von":"rtnews","Gesch\u00e4tzte Lesezeit":"9\u00a0Minuten"},"schema":{"@context":"https:\/\/schema.org","@graph":[{"@type":"Article","@id":"https:\/\/now-news.de\/de\/deutschland\/politikwissenschaftlerin-leukefeld-erlebe-friedensbewegung-zersplittert-und-zerstritten\/#article","isPartOf":{"@id":"https:\/\/now-news.de\/de\/deutschland\/politikwissenschaftlerin-leukefeld-erlebe-friedensbewegung-zersplittert-und-zerstritten\/"},"author":{"name":"rtnews","@id":"https:\/\/now-news.de\/de\/#\/schema\/person\/fb534a4e865501d8b3285208df34a9b5"},"headline":"Politikwissenschaftlerin Leukefeld: Erlebe Friedensbewegung zersplittert und zerstritten","datePublished":"2022-12-20T17:52:23+00:00","dateModified":"2022-12-20T17:52:23+00:00","mainEntityOfPage":{"@id":"https:\/\/now-news.de\/de\/deutschland\/politikwissenschaftlerin-leukefeld-erlebe-friedensbewegung-zersplittert-und-zerstritten\/"},"wordCount":1853,"commentCount":0,"publisher":{"@id":"https:\/\/now-news.de\/de\/#organization"},"image":{"@id":"https:\/\/now-news.de\/de\/deutschland\/politikwissenschaftlerin-leukefeld-erlebe-friedensbewegung-zersplittert-und-zerstritten\/#primaryimage"},"thumbnailUrl":"https:\/\/now-news.de\/de\/wp-content\/uploads\/sites\/3\/2022\/12\/Politikwissenschaftlerin-Leukefeld-Erlebe-Friedensbewegung-zersplittert-und-zerstritten.JPG","keywords":["Erlebe","Friedensbewegung","Leukefeld","Politikwissenschaftlerin","und","zersplittert","zerstritten"],"articleSection":["Deutschland","Russland"],"inLanguage":"de","potentialAction":[{"@type":"CommentAction","name":"Comment","target":["https:\/\/now-news.de\/de\/deutschland\/politikwissenschaftlerin-leukefeld-erlebe-friedensbewegung-zersplittert-und-zerstritten\/#respond"]}]},{"@type":"WebPage","@id":"https:\/\/now-news.de\/de\/deutschland\/politikwissenschaftlerin-leukefeld-erlebe-friedensbewegung-zersplittert-und-zerstritten\/","url":"https:\/\/now-news.de\/de\/deutschland\/politikwissenschaftlerin-leukefeld-erlebe-friedensbewegung-zersplittert-und-zerstritten\/","name":"Politikwissenschaftlerin Leukefeld: Erlebe Friedensbewegung zersplittert und zerstritten - just-now.NEWS Deutschland","isPartOf":{"@id":"https:\/\/now-news.de\/de\/#website"},"primaryImageOfPage":{"@id":"https:\/\/now-news.de\/de\/deutschland\/politikwissenschaftlerin-leukefeld-erlebe-friedensbewegung-zersplittert-und-zerstritten\/#primaryimage"},"image":{"@id":"https:\/\/now-news.de\/de\/deutschland\/politikwissenschaftlerin-leukefeld-erlebe-friedensbewegung-zersplittert-und-zerstritten\/#primaryimage"},"thumbnailUrl":"https:\/\/now-news.de\/de\/wp-content\/uploads\/sites\/3\/2022\/12\/Politikwissenschaftlerin-Leukefeld-Erlebe-Friedensbewegung-zersplittert-und-zerstritten.JPG","datePublished":"2022-12-20T17:52:23+00:00","dateModified":"2022-12-20T17:52:23+00:00","breadcrumb":{"@id":"https:\/\/now-news.de\/de\/deutschland\/politikwissenschaftlerin-leukefeld-erlebe-friedensbewegung-zersplittert-und-zerstritten\/#breadcrumb"},"inLanguage":"de","potentialAction":[{"@type":"ReadAction","target":["https:\/\/now-news.de\/de\/deutschland\/politikwissenschaftlerin-leukefeld-erlebe-friedensbewegung-zersplittert-und-zerstritten\/"]}]},{"@type":"ImageObject","inLanguage":"de","@id":"https:\/\/now-news.de\/de\/deutschland\/politikwissenschaftlerin-leukefeld-erlebe-friedensbewegung-zersplittert-und-zerstritten\/#primaryimage","url":"https:\/\/now-news.de\/de\/wp-content\/uploads\/sites\/3\/2022\/12\/Politikwissenschaftlerin-Leukefeld-Erlebe-Friedensbewegung-zersplittert-und-zerstritten.JPG","contentUrl":"https:\/\/now-news.de\/de\/wp-content\/uploads\/sites\/3\/2022\/12\/Politikwissenschaftlerin-Leukefeld-Erlebe-Friedensbewegung-zersplittert-und-zerstritten.JPG","width":460,"height":259,"caption":"Politikwissenschaftlerin Leukefeld: Erlebe Friedensbewegung zersplittert und zerstritten"},{"@type":"BreadcrumbList","@id":"https:\/\/now-news.de\/de\/deutschland\/politikwissenschaftlerin-leukefeld-erlebe-friedensbewegung-zersplittert-und-zerstritten\/#breadcrumb","itemListElement":[{"@type":"ListItem","position":1,"name":"Home","item":"https:\/\/now-news.de\/de\/"},{"@type":"ListItem","position":2,"name":"Politikwissenschaftlerin Leukefeld: Erlebe Friedensbewegung zersplittert und zerstritten"}]},{"@type":"WebSite","@id":"https:\/\/now-news.de\/de\/#website","url":"https:\/\/now-news.de\/de\/","name":"just-now.NEWS Deutschland","description":"Das Portal f\u00fcr unzensierte Nachrichten aus der Welt","publisher":{"@id":"https:\/\/now-news.de\/de\/#organization"},"potentialAction":[{"@type":"SearchAction","target":{"@type":"EntryPoint","urlTemplate":"https:\/\/now-news.de\/de\/?s={search_term_string}"},"query-input":"required name=search_term_string"}],"inLanguage":"de"},{"@type":"Organization","@id":"https:\/\/now-news.de\/de\/#organization","name":"Just Now News","url":"https:\/\/now-news.de\/de\/","logo":{"@type":"ImageObject","inLanguage":"de","@id":"https:\/\/now-news.de\/de\/#\/schema\/logo\/image\/","url":"http:\/\/just-now.news\/de\/wp-content\/uploads\/sites\/3\/2022\/04\/logo500x500.jpg","contentUrl":"http:\/\/just-now.news\/de\/wp-content\/uploads\/sites\/3\/2022\/04\/logo500x500.jpg","width":500,"height":500,"caption":"Just Now News"},"image":{"@id":"https:\/\/now-news.de\/de\/#\/schema\/logo\/image\/"},"sameAs":["https:\/\/www.facebook.com\/wirmachenauf","https:\/\/x.com\/WirMachenAuf_de"]},{"@type":"Person","@id":"https:\/\/now-news.de\/de\/#\/schema\/person\/fb534a4e865501d8b3285208df34a9b5","name":"rtnews","image":{"@type":"ImageObject","inLanguage":"de","@id":"https:\/\/now-news.de\/de\/#\/schema\/person\/image\/","url":"https:\/\/secure.gravatar.com\/avatar\/82aafea7d8127119dd649515f56e2117?s=96&d=mm&r=g","contentUrl":"https:\/\/secure.gravatar.com\/avatar\/82aafea7d8127119dd649515f56e2117?s=96&d=mm&r=g","caption":"rtnews"},"url":"https:\/\/now-news.de\/de\/author\/rnews\/"}]}},"_links":{"self":[{"href":"https:\/\/now-news.de\/de\/wp-json\/wp\/v2\/posts\/25912"}],"collection":[{"href":"https:\/\/now-news.de\/de\/wp-json\/wp\/v2\/posts"}],"about":[{"href":"https:\/\/now-news.de\/de\/wp-json\/wp\/v2\/types\/post"}],"author":[{"embeddable":true,"href":"https:\/\/now-news.de\/de\/wp-json\/wp\/v2\/users\/3"}],"replies":[{"embeddable":true,"href":"https:\/\/now-news.de\/de\/wp-json\/wp\/v2\/comments?post=25912"}],"version-history":[{"count":0,"href":"https:\/\/now-news.de\/de\/wp-json\/wp\/v2\/posts\/25912\/revisions"}],"wp:featuredmedia":[{"embeddable":true,"href":"https:\/\/now-news.de\/de\/wp-json\/wp\/v2\/media\/25913"}],"wp:attachment":[{"href":"https:\/\/now-news.de\/de\/wp-json\/wp\/v2\/media?parent=25912"}],"wp:term":[{"taxonomy":"category","embeddable":true,"href":"https:\/\/now-news.de\/de\/wp-json\/wp\/v2\/categories?post=25912"},{"taxonomy":"post_tag","embeddable":true,"href":"https:\/\/now-news.de\/de\/wp-json\/wp\/v2\/tags?post=25912"}],"curies":[{"name":"wp","href":"https:\/\/api.w.org\/{rel}","templated":true}]}}