{"id":25906,"date":"2022-12-20T18:27:46","date_gmt":"2022-12-20T16:27:46","guid":{"rendered":"https:\/\/just-now.news\/de\/deutschland\/franzoesische-gesundheitsbehoerden-empfehlen-impfung-von-babys-gegen-covid-19\/"},"modified":"2022-12-20T18:27:46","modified_gmt":"2022-12-20T16:27:46","slug":"franzoesische-gesundheitsbehoerden-empfehlen-impfung-von-babys-gegen-covid-19","status":"publish","type":"post","link":"https:\/\/now-news.de\/de\/deutschland\/franzoesische-gesundheitsbehoerden-empfehlen-impfung-von-babys-gegen-covid-19\/","title":{"rendered":"Franz\u00f6sische Gesundheitsbeh\u00f6rden empfehlen Impfung von Babys gegen COVID-19"},"content":{"rendered":"<p><img decoding=\"async\" src=\"http:\/\/just-now.news\/de\/wp-content\/uploads\/sites\/3\/2022\/12\/63a1a9a448fbef582655356d.jpg\" \/><\/p>\n<div class=\"Text-root Text-type_1 \">\n                Die nationale franz\u00f6sische Gesundheitsbeh\u00f6rde (HAS) sprach sich am Montag daf\u00fcr aus, dass gef\u00e4hrdete S\u00e4uglinge und Kinder im Alter von sechs Monaten bis zu vier Jahren gegen COVID-19 geimpft werden sollten. Zugelassen f\u00fcr diese Impfungen ist bis jetzt ausschlie\u00dflich der Pfizer-BioNTech-Impfstoff.\n            <\/div>\n<p><\/p>\n<div class=\"Text-root Text-type_5 ArticleView-text ViewText-root \">\n<p>Die franz\u00f6sischen Gesundheitsbeh\u00f6rden (HAS) haben am Montag zum ersten Mal einen COVID-Impfstoff, den Impfstoff von Pfizer-BioNTech, f\u00fcr besonders gef\u00e4hrdete Babys und Kinder unter f\u00fcnf Jahren <a rel=\"nofollow noopener\" target=\"_blank\" href=\"https:\/\/www.has-sante.fr\/jcms\/p_3396939\/fr\/covid-19-la-has-ouvre-la-vaccination-des-enfants-de-6-mois-a-4-ans-a-risque-de-formes-graves\">empfohlen<\/a>, jedoch nicht wie in den USA f\u00fcr die gesamte Altersgruppe.<\/p>\n<p>Die Beh\u00f6rde r\u00e4t in einer Pressemitteilung, &#8220;ab heute die Impfung gegen COVID-19 f\u00fcr Kinder im Alter von sechs Monaten bis zum vollendeten 4. Lebensjahr auszuweiten, bei denen ein Risiko f\u00fcr eine schwere Form der Krankheit und f\u00fcr den Tod besteht&#8221;.<\/p>\n<p>Dies ist das erste Mal, dass in Frankreich ein COVID-Impfstoff f\u00fcr S\u00e4uglinge zugelassen wurde. Die Stellungnahmen der HAS haben theoretisch beratenden Charakter, doch das Gesundheitsministerium folgt ihnen fast immer. Die Empfehlung der franz\u00f6sischen Gesundheitsbeh\u00f6rden ist jedoch wesentlich enger gefasst als die Stellungnahme ihrer europ\u00e4ischen Kollegen vor einigen Wochen.<\/p>\n<p>Die europ\u00e4ischen Beh\u00f6rden hatten den Impfstoff von Pfizer-BioNTech im Alter von sechs Monaten bis vier Jahre empfohlen, da sie davon ausgehen, dass die Vorteile die Risiken \u00fcberwiegen. Sie empfahlen auch einen anderen Impfstoff, den Moderna-Impfstoff, f\u00fcr Kinder im Alter von sechs Monaten bis zu f\u00fcnf Jahren. Diese Stellungnahmen stimmen mit den Entscheidungen in den USA \u00fcberein, wo seit einigen Monaten alle Babys ab sechs Monaten gegen COVID-19 geimpft werden k\u00f6nnen.<\/p>\n<p>Die franz\u00f6sischen Beh\u00f6rden lie\u00dfen bisher nur den Pfizer-BioNTech-Impfstoff zu und beschr\u00e4nkten ihn auf eine bestimmte Zielgruppe: diejenigen, bei denen ein Risiko f\u00fcr schwere Komplikationen besteht. Dazu geh\u00f6ren laut HAS &#8220;Kinder mit angeborenen Herzfehlern, chronischen Lebererkrankungen, chronischen Herz- und Atemwegserkrankungen\u00a0\u2013 einschlie\u00dflich schwerem Asthma, das eine kontinuierliche Behandlung erfordert \u2013, neurologischen Erkrankungen, prim\u00e4ren oder arzneimittelinduzierten Immundefekten, Fettleibigkeit, Diabetes, b\u00f6sartigen h\u00e4matologischen Erkrankungen, Sichelzellan\u00e4mie und Trisomie 21&#8221;.<\/p>\n<p><strong>Mehr zum Thema<\/strong> \u2013 <a rel=\"nofollow noopener\" target=\"_blank\" href=\"https:\/\/de.rt.com\/meinung\/157296-kommt-mrna-double-shot-biontech\/\">Kommt der mRNA-Double-Shot? BioNTech-Chef plant Influenza-COVID-19-Impfstoff-Kombination<\/a><\/p>\n<\/div>\n<p><br \/>\n<br \/><a href=\"https:\/\/de.rt.com\/europa\/157674-franzoesische-gesundheitsbehoerden-empfehlen-impfung-von\/\">Source link <\/a><\/p>\n","protected":false},"excerpt":{"rendered":"<p>Die nationale franz\u00f6sische Gesundheitsbeh\u00f6rde (HAS) sprach sich am Montag daf\u00fcr aus, dass gef\u00e4hrdete S\u00e4uglinge und Kinder im Alter von sechs Monaten bis zu vier Jahren gegen COVID-19 geimpft werden sollten. Zugelassen f\u00fcr diese Impfungen ist bis jetzt ausschlie\u00dflich der Pfizer-BioNTech-Impfstoff. Die franz\u00f6sischen Gesundheitsbeh\u00f6rden (HAS) haben am Montag zum ersten Mal einen COVID-Impfstoff, den Impfstoff von [&hellip;]<\/p>\n","protected":false},"author":3,"featured_media":25907,"comment_status":"open","ping_status":"open","sticky":false,"template":"","format":"standard","meta":{"_yoast_indexnow_last_ping":["1671556434"],"wp_automatic_camp":["217"],"981984d9bcdc43d5b58fa30cbfa9e6cb":["Franz\u00f6sische Gesundheitsbeh\u00f6rden empfehlen Impfung von Babys gegen COVID-19"],"original_link":["https:\/\/de.rt.com\/europa\/157674-franzoesische-gesundheitsbehoerden-empfehlen-impfung-von\/"],"_thumbnail_id":["25907"],"_wptgpro_p2tg_sent2tg":["a:1:{i:23737;s:19:\"2022-12-20 19:14:55\";}"],"jnews_social_counter_last_update":["1777169970"]},"categories":[19,23],"tags":[18758,120,24518,9969,278,30432,294,50],"yoast_head":"<!-- This site is optimized with the Yoast SEO Premium plugin v22.7 (Yoast SEO v22.7) - https:\/\/yoast.com\/wordpress\/plugins\/seo\/ -->\n<title>Franz\u00f6sische Gesundheitsbeh\u00f6rden empfehlen Impfung von Babys gegen COVID-19 - just-now.NEWS Deutschland<\/title>\n<meta name=\"robots\" content=\"index, follow, max-snippet:-1, max-image-preview:large, max-video-preview:-1\" \/>\n<link rel=\"canonical\" href=\"https:\/\/now-news.de\/de\/deutschland\/franzoesische-gesundheitsbehoerden-empfehlen-impfung-von-babys-gegen-covid-19\/\" \/>\n<meta property=\"og:locale\" content=\"de_DE\" \/>\n<meta property=\"og:type\" content=\"article\" \/>\n<meta property=\"og:title\" content=\"Franz\u00f6sische Gesundheitsbeh\u00f6rden empfehlen Impfung von Babys gegen COVID-19\" \/>\n<meta property=\"og:description\" content=\"Die nationale franz\u00f6sische Gesundheitsbeh\u00f6rde (HAS) sprach sich am Montag daf\u00fcr aus, dass gef\u00e4hrdete S\u00e4uglinge und Kinder im Alter von sechs Monaten bis zu vier Jahren gegen COVID-19 geimpft werden sollten. Zugelassen f\u00fcr diese Impfungen ist bis jetzt ausschlie\u00dflich der Pfizer-BioNTech-Impfstoff. Die franz\u00f6sischen Gesundheitsbeh\u00f6rden (HAS) haben am Montag zum ersten Mal einen COVID-Impfstoff, den Impfstoff von [&hellip;]\" \/>\n<meta property=\"og:url\" content=\"https:\/\/now-news.de\/de\/deutschland\/franzoesische-gesundheitsbehoerden-empfehlen-impfung-von-babys-gegen-covid-19\/\" \/>\n<meta property=\"og:site_name\" content=\"just-now.NEWS Deutschland\" \/>\n<meta property=\"article:publisher\" content=\"https:\/\/www.facebook.com\/wirmachenauf\" \/>\n<meta property=\"article:published_time\" content=\"2022-12-20T16:27:46+00:00\" \/>\n<meta property=\"og:image\" content=\"https:\/\/now-news.de\/de\/wp-content\/uploads\/sites\/3\/2022\/12\/Franzoesische-Gesundheitsbehoerden-empfehlen-Impfung-von-Babys-gegen-COVID-19.jpg\" \/>\n\t<meta property=\"og:image:width\" content=\"460\" \/>\n\t<meta property=\"og:image:height\" content=\"259\" \/>\n\t<meta property=\"og:image:type\" content=\"image\/jpeg\" \/>\n<meta name=\"author\" content=\"rtnews\" \/>\n<meta name=\"twitter:card\" content=\"summary_large_image\" \/>\n<meta name=\"twitter:creator\" content=\"@WirMachenAuf_de\" \/>\n<meta name=\"twitter:site\" content=\"@WirMachenAuf_de\" \/>\n<meta name=\"twitter:label1\" content=\"Verfasst von\" \/>\n\t<meta name=\"twitter:data1\" content=\"rtnews\" \/>\n\t<meta name=\"twitter:label2\" content=\"Gesch\u00e4tzte Lesezeit\" \/>\n\t<meta name=\"twitter:data2\" content=\"2\u00a0Minuten\" \/>\n<script type=\"application\/ld+json\" class=\"yoast-schema-graph\">{\"@context\":\"https:\/\/schema.org\",\"@graph\":[{\"@type\":\"Article\",\"@id\":\"https:\/\/now-news.de\/de\/deutschland\/franzoesische-gesundheitsbehoerden-empfehlen-impfung-von-babys-gegen-covid-19\/#article\",\"isPartOf\":{\"@id\":\"https:\/\/now-news.de\/de\/deutschland\/franzoesische-gesundheitsbehoerden-empfehlen-impfung-von-babys-gegen-covid-19\/\"},\"author\":{\"name\":\"rtnews\",\"@id\":\"https:\/\/now-news.de\/de\/#\/schema\/person\/fb534a4e865501d8b3285208df34a9b5\"},\"headline\":\"Franz\u00f6sische Gesundheitsbeh\u00f6rden empfehlen Impfung von Babys gegen COVID-19\",\"datePublished\":\"2022-12-20T16:27:46+00:00\",\"dateModified\":\"2022-12-20T16:27:46+00:00\",\"mainEntityOfPage\":{\"@id\":\"https:\/\/now-news.de\/de\/deutschland\/franzoesische-gesundheitsbehoerden-empfehlen-impfung-von-babys-gegen-covid-19\/\"},\"wordCount\":356,\"commentCount\":0,\"publisher\":{\"@id\":\"https:\/\/now-news.de\/de\/#organization\"},\"image\":{\"@id\":\"https:\/\/now-news.de\/de\/deutschland\/franzoesische-gesundheitsbehoerden-empfehlen-impfung-von-babys-gegen-covid-19\/#primaryimage\"},\"thumbnailUrl\":\"https:\/\/now-news.de\/de\/wp-content\/uploads\/sites\/3\/2022\/12\/Franzoesische-Gesundheitsbehoerden-empfehlen-Impfung-von-Babys-gegen-COVID-19.jpg\",\"keywords\":[\"Babys\",\"COVID19\",\"empfehlen\",\"franz\u00f6sische\",\"gegen\",\"Gesundheitsbeh\u00f6rden\",\"impfung\",\"von\"],\"articleSection\":[\"Deutschland\",\"Russland\"],\"inLanguage\":\"de\",\"potentialAction\":[{\"@type\":\"CommentAction\",\"name\":\"Comment\",\"target\":[\"https:\/\/now-news.de\/de\/deutschland\/franzoesische-gesundheitsbehoerden-empfehlen-impfung-von-babys-gegen-covid-19\/#respond\"]}]},{\"@type\":\"WebPage\",\"@id\":\"https:\/\/now-news.de\/de\/deutschland\/franzoesische-gesundheitsbehoerden-empfehlen-impfung-von-babys-gegen-covid-19\/\",\"url\":\"https:\/\/now-news.de\/de\/deutschland\/franzoesische-gesundheitsbehoerden-empfehlen-impfung-von-babys-gegen-covid-19\/\",\"name\":\"Franz\u00f6sische Gesundheitsbeh\u00f6rden empfehlen Impfung von Babys gegen COVID-19 - just-now.NEWS Deutschland\",\"isPartOf\":{\"@id\":\"https:\/\/now-news.de\/de\/#website\"},\"primaryImageOfPage\":{\"@id\":\"https:\/\/now-news.de\/de\/deutschland\/franzoesische-gesundheitsbehoerden-empfehlen-impfung-von-babys-gegen-covid-19\/#primaryimage\"},\"image\":{\"@id\":\"https:\/\/now-news.de\/de\/deutschland\/franzoesische-gesundheitsbehoerden-empfehlen-impfung-von-babys-gegen-covid-19\/#primaryimage\"},\"thumbnailUrl\":\"https:\/\/now-news.de\/de\/wp-content\/uploads\/sites\/3\/2022\/12\/Franzoesische-Gesundheitsbehoerden-empfehlen-Impfung-von-Babys-gegen-COVID-19.jpg\",\"datePublished\":\"2022-12-20T16:27:46+00:00\",\"dateModified\":\"2022-12-20T16:27:46+00:00\",\"breadcrumb\":{\"@id\":\"https:\/\/now-news.de\/de\/deutschland\/franzoesische-gesundheitsbehoerden-empfehlen-impfung-von-babys-gegen-covid-19\/#breadcrumb\"},\"inLanguage\":\"de\",\"potentialAction\":[{\"@type\":\"ReadAction\",\"target\":[\"https:\/\/now-news.de\/de\/deutschland\/franzoesische-gesundheitsbehoerden-empfehlen-impfung-von-babys-gegen-covid-19\/\"]}]},{\"@type\":\"ImageObject\",\"inLanguage\":\"de\",\"@id\":\"https:\/\/now-news.de\/de\/deutschland\/franzoesische-gesundheitsbehoerden-empfehlen-impfung-von-babys-gegen-covid-19\/#primaryimage\",\"url\":\"https:\/\/now-news.de\/de\/wp-content\/uploads\/sites\/3\/2022\/12\/Franzoesische-Gesundheitsbehoerden-empfehlen-Impfung-von-Babys-gegen-COVID-19.jpg\",\"contentUrl\":\"https:\/\/now-news.de\/de\/wp-content\/uploads\/sites\/3\/2022\/12\/Franzoesische-Gesundheitsbehoerden-empfehlen-Impfung-von-Babys-gegen-COVID-19.jpg\",\"width\":460,\"height\":259,\"caption\":\"Franz\u00f6sische Gesundheitsbeh\u00f6rden empfehlen Impfung von Babys gegen COVID-19\"},{\"@type\":\"BreadcrumbList\",\"@id\":\"https:\/\/now-news.de\/de\/deutschland\/franzoesische-gesundheitsbehoerden-empfehlen-impfung-von-babys-gegen-covid-19\/#breadcrumb\",\"itemListElement\":[{\"@type\":\"ListItem\",\"position\":1,\"name\":\"Home\",\"item\":\"https:\/\/now-news.de\/de\/\"},{\"@type\":\"ListItem\",\"position\":2,\"name\":\"Franz\u00f6sische Gesundheitsbeh\u00f6rden empfehlen Impfung von Babys gegen COVID-19\"}]},{\"@type\":\"WebSite\",\"@id\":\"https:\/\/now-news.de\/de\/#website\",\"url\":\"https:\/\/now-news.de\/de\/\",\"name\":\"just-now.NEWS Deutschland\",\"description\":\"Das Portal f\u00fcr unzensierte Nachrichten aus der Welt\",\"publisher\":{\"@id\":\"https:\/\/now-news.de\/de\/#organization\"},\"potentialAction\":[{\"@type\":\"SearchAction\",\"target\":{\"@type\":\"EntryPoint\",\"urlTemplate\":\"https:\/\/now-news.de\/de\/?s={search_term_string}\"},\"query-input\":\"required name=search_term_string\"}],\"inLanguage\":\"de\"},{\"@type\":\"Organization\",\"@id\":\"https:\/\/now-news.de\/de\/#organization\",\"name\":\"Just Now News\",\"url\":\"https:\/\/now-news.de\/de\/\",\"logo\":{\"@type\":\"ImageObject\",\"inLanguage\":\"de\",\"@id\":\"https:\/\/now-news.de\/de\/#\/schema\/logo\/image\/\",\"url\":\"http:\/\/just-now.news\/de\/wp-content\/uploads\/sites\/3\/2022\/04\/logo500x500.jpg\",\"contentUrl\":\"http:\/\/just-now.news\/de\/wp-content\/uploads\/sites\/3\/2022\/04\/logo500x500.jpg\",\"width\":500,\"height\":500,\"caption\":\"Just Now News\"},\"image\":{\"@id\":\"https:\/\/now-news.de\/de\/#\/schema\/logo\/image\/\"},\"sameAs\":[\"https:\/\/www.facebook.com\/wirmachenauf\",\"https:\/\/x.com\/WirMachenAuf_de\"]},{\"@type\":\"Person\",\"@id\":\"https:\/\/now-news.de\/de\/#\/schema\/person\/fb534a4e865501d8b3285208df34a9b5\",\"name\":\"rtnews\",\"image\":{\"@type\":\"ImageObject\",\"inLanguage\":\"de\",\"@id\":\"https:\/\/now-news.de\/de\/#\/schema\/person\/image\/\",\"url\":\"https:\/\/secure.gravatar.com\/avatar\/82aafea7d8127119dd649515f56e2117?s=96&d=mm&r=g\",\"contentUrl\":\"https:\/\/secure.gravatar.com\/avatar\/82aafea7d8127119dd649515f56e2117?s=96&d=mm&r=g\",\"caption\":\"rtnews\"},\"url\":\"https:\/\/now-news.de\/de\/author\/rnews\/\"}]}<\/script>\n<!-- \/ Yoast SEO Premium plugin. -->","yoast_head_json":{"title":"Franz\u00f6sische Gesundheitsbeh\u00f6rden empfehlen Impfung von Babys gegen COVID-19 - just-now.NEWS Deutschland","robots":{"index":"index","follow":"follow","max-snippet":"max-snippet:-1","max-image-preview":"max-image-preview:large","max-video-preview":"max-video-preview:-1"},"canonical":"https:\/\/now-news.de\/de\/deutschland\/franzoesische-gesundheitsbehoerden-empfehlen-impfung-von-babys-gegen-covid-19\/","og_locale":"de_DE","og_type":"article","og_title":"Franz\u00f6sische Gesundheitsbeh\u00f6rden empfehlen Impfung von Babys gegen COVID-19","og_description":"Die nationale franz\u00f6sische Gesundheitsbeh\u00f6rde (HAS) sprach sich am Montag daf\u00fcr aus, dass gef\u00e4hrdete S\u00e4uglinge und Kinder im Alter von sechs Monaten bis zu vier Jahren gegen COVID-19 geimpft werden sollten. Zugelassen f\u00fcr diese Impfungen ist bis jetzt ausschlie\u00dflich der Pfizer-BioNTech-Impfstoff. Die franz\u00f6sischen Gesundheitsbeh\u00f6rden (HAS) haben am Montag zum ersten Mal einen COVID-Impfstoff, den Impfstoff von [&hellip;]","og_url":"https:\/\/now-news.de\/de\/deutschland\/franzoesische-gesundheitsbehoerden-empfehlen-impfung-von-babys-gegen-covid-19\/","og_site_name":"just-now.NEWS Deutschland","article_publisher":"https:\/\/www.facebook.com\/wirmachenauf","article_published_time":"2022-12-20T16:27:46+00:00","og_image":[{"width":460,"height":259,"url":"https:\/\/now-news.de\/de\/wp-content\/uploads\/sites\/3\/2022\/12\/Franzoesische-Gesundheitsbehoerden-empfehlen-Impfung-von-Babys-gegen-COVID-19.jpg","type":"image\/jpeg"}],"author":"rtnews","twitter_card":"summary_large_image","twitter_creator":"@WirMachenAuf_de","twitter_site":"@WirMachenAuf_de","twitter_misc":{"Verfasst von":"rtnews","Gesch\u00e4tzte Lesezeit":"2\u00a0Minuten"},"schema":{"@context":"https:\/\/schema.org","@graph":[{"@type":"Article","@id":"https:\/\/now-news.de\/de\/deutschland\/franzoesische-gesundheitsbehoerden-empfehlen-impfung-von-babys-gegen-covid-19\/#article","isPartOf":{"@id":"https:\/\/now-news.de\/de\/deutschland\/franzoesische-gesundheitsbehoerden-empfehlen-impfung-von-babys-gegen-covid-19\/"},"author":{"name":"rtnews","@id":"https:\/\/now-news.de\/de\/#\/schema\/person\/fb534a4e865501d8b3285208df34a9b5"},"headline":"Franz\u00f6sische Gesundheitsbeh\u00f6rden empfehlen Impfung von Babys gegen COVID-19","datePublished":"2022-12-20T16:27:46+00:00","dateModified":"2022-12-20T16:27:46+00:00","mainEntityOfPage":{"@id":"https:\/\/now-news.de\/de\/deutschland\/franzoesische-gesundheitsbehoerden-empfehlen-impfung-von-babys-gegen-covid-19\/"},"wordCount":356,"commentCount":0,"publisher":{"@id":"https:\/\/now-news.de\/de\/#organization"},"image":{"@id":"https:\/\/now-news.de\/de\/deutschland\/franzoesische-gesundheitsbehoerden-empfehlen-impfung-von-babys-gegen-covid-19\/#primaryimage"},"thumbnailUrl":"https:\/\/now-news.de\/de\/wp-content\/uploads\/sites\/3\/2022\/12\/Franzoesische-Gesundheitsbehoerden-empfehlen-Impfung-von-Babys-gegen-COVID-19.jpg","keywords":["Babys","COVID19","empfehlen","franz\u00f6sische","gegen","Gesundheitsbeh\u00f6rden","impfung","von"],"articleSection":["Deutschland","Russland"],"inLanguage":"de","potentialAction":[{"@type":"CommentAction","name":"Comment","target":["https:\/\/now-news.de\/de\/deutschland\/franzoesische-gesundheitsbehoerden-empfehlen-impfung-von-babys-gegen-covid-19\/#respond"]}]},{"@type":"WebPage","@id":"https:\/\/now-news.de\/de\/deutschland\/franzoesische-gesundheitsbehoerden-empfehlen-impfung-von-babys-gegen-covid-19\/","url":"https:\/\/now-news.de\/de\/deutschland\/franzoesische-gesundheitsbehoerden-empfehlen-impfung-von-babys-gegen-covid-19\/","name":"Franz\u00f6sische Gesundheitsbeh\u00f6rden empfehlen Impfung von Babys gegen COVID-19 - just-now.NEWS Deutschland","isPartOf":{"@id":"https:\/\/now-news.de\/de\/#website"},"primaryImageOfPage":{"@id":"https:\/\/now-news.de\/de\/deutschland\/franzoesische-gesundheitsbehoerden-empfehlen-impfung-von-babys-gegen-covid-19\/#primaryimage"},"image":{"@id":"https:\/\/now-news.de\/de\/deutschland\/franzoesische-gesundheitsbehoerden-empfehlen-impfung-von-babys-gegen-covid-19\/#primaryimage"},"thumbnailUrl":"https:\/\/now-news.de\/de\/wp-content\/uploads\/sites\/3\/2022\/12\/Franzoesische-Gesundheitsbehoerden-empfehlen-Impfung-von-Babys-gegen-COVID-19.jpg","datePublished":"2022-12-20T16:27:46+00:00","dateModified":"2022-12-20T16:27:46+00:00","breadcrumb":{"@id":"https:\/\/now-news.de\/de\/deutschland\/franzoesische-gesundheitsbehoerden-empfehlen-impfung-von-babys-gegen-covid-19\/#breadcrumb"},"inLanguage":"de","potentialAction":[{"@type":"ReadAction","target":["https:\/\/now-news.de\/de\/deutschland\/franzoesische-gesundheitsbehoerden-empfehlen-impfung-von-babys-gegen-covid-19\/"]}]},{"@type":"ImageObject","inLanguage":"de","@id":"https:\/\/now-news.de\/de\/deutschland\/franzoesische-gesundheitsbehoerden-empfehlen-impfung-von-babys-gegen-covid-19\/#primaryimage","url":"https:\/\/now-news.de\/de\/wp-content\/uploads\/sites\/3\/2022\/12\/Franzoesische-Gesundheitsbehoerden-empfehlen-Impfung-von-Babys-gegen-COVID-19.jpg","contentUrl":"https:\/\/now-news.de\/de\/wp-content\/uploads\/sites\/3\/2022\/12\/Franzoesische-Gesundheitsbehoerden-empfehlen-Impfung-von-Babys-gegen-COVID-19.jpg","width":460,"height":259,"caption":"Franz\u00f6sische Gesundheitsbeh\u00f6rden empfehlen Impfung von Babys gegen COVID-19"},{"@type":"BreadcrumbList","@id":"https:\/\/now-news.de\/de\/deutschland\/franzoesische-gesundheitsbehoerden-empfehlen-impfung-von-babys-gegen-covid-19\/#breadcrumb","itemListElement":[{"@type":"ListItem","position":1,"name":"Home","item":"https:\/\/now-news.de\/de\/"},{"@type":"ListItem","position":2,"name":"Franz\u00f6sische Gesundheitsbeh\u00f6rden empfehlen Impfung von Babys gegen COVID-19"}]},{"@type":"WebSite","@id":"https:\/\/now-news.de\/de\/#website","url":"https:\/\/now-news.de\/de\/","name":"just-now.NEWS Deutschland","description":"Das Portal f\u00fcr unzensierte Nachrichten aus der Welt","publisher":{"@id":"https:\/\/now-news.de\/de\/#organization"},"potentialAction":[{"@type":"SearchAction","target":{"@type":"EntryPoint","urlTemplate":"https:\/\/now-news.de\/de\/?s={search_term_string}"},"query-input":"required name=search_term_string"}],"inLanguage":"de"},{"@type":"Organization","@id":"https:\/\/now-news.de\/de\/#organization","name":"Just Now News","url":"https:\/\/now-news.de\/de\/","logo":{"@type":"ImageObject","inLanguage":"de","@id":"https:\/\/now-news.de\/de\/#\/schema\/logo\/image\/","url":"http:\/\/just-now.news\/de\/wp-content\/uploads\/sites\/3\/2022\/04\/logo500x500.jpg","contentUrl":"http:\/\/just-now.news\/de\/wp-content\/uploads\/sites\/3\/2022\/04\/logo500x500.jpg","width":500,"height":500,"caption":"Just Now News"},"image":{"@id":"https:\/\/now-news.de\/de\/#\/schema\/logo\/image\/"},"sameAs":["https:\/\/www.facebook.com\/wirmachenauf","https:\/\/x.com\/WirMachenAuf_de"]},{"@type":"Person","@id":"https:\/\/now-news.de\/de\/#\/schema\/person\/fb534a4e865501d8b3285208df34a9b5","name":"rtnews","image":{"@type":"ImageObject","inLanguage":"de","@id":"https:\/\/now-news.de\/de\/#\/schema\/person\/image\/","url":"https:\/\/secure.gravatar.com\/avatar\/82aafea7d8127119dd649515f56e2117?s=96&d=mm&r=g","contentUrl":"https:\/\/secure.gravatar.com\/avatar\/82aafea7d8127119dd649515f56e2117?s=96&d=mm&r=g","caption":"rtnews"},"url":"https:\/\/now-news.de\/de\/author\/rnews\/"}]}},"_links":{"self":[{"href":"https:\/\/now-news.de\/de\/wp-json\/wp\/v2\/posts\/25906"}],"collection":[{"href":"https:\/\/now-news.de\/de\/wp-json\/wp\/v2\/posts"}],"about":[{"href":"https:\/\/now-news.de\/de\/wp-json\/wp\/v2\/types\/post"}],"author":[{"embeddable":true,"href":"https:\/\/now-news.de\/de\/wp-json\/wp\/v2\/users\/3"}],"replies":[{"embeddable":true,"href":"https:\/\/now-news.de\/de\/wp-json\/wp\/v2\/comments?post=25906"}],"version-history":[{"count":0,"href":"https:\/\/now-news.de\/de\/wp-json\/wp\/v2\/posts\/25906\/revisions"}],"wp:featuredmedia":[{"embeddable":true,"href":"https:\/\/now-news.de\/de\/wp-json\/wp\/v2\/media\/25907"}],"wp:attachment":[{"href":"https:\/\/now-news.de\/de\/wp-json\/wp\/v2\/media?parent=25906"}],"wp:term":[{"taxonomy":"category","embeddable":true,"href":"https:\/\/now-news.de\/de\/wp-json\/wp\/v2\/categories?post=25906"},{"taxonomy":"post_tag","embeddable":true,"href":"https:\/\/now-news.de\/de\/wp-json\/wp\/v2\/tags?post=25906"}],"curies":[{"name":"wp","href":"https:\/\/api.w.org\/{rel}","templated":true}]}}