{"id":25861,"date":"2022-12-20T11:17:35","date_gmt":"2022-12-20T09:17:35","guid":{"rendered":"https:\/\/just-now.news\/de\/deutschland\/krim-oberhaupt-wasserspeicher-der-halbinsel-gut-gefuellt-keine-engpaesse-absehbar\/"},"modified":"2022-12-20T11:17:35","modified_gmt":"2022-12-20T09:17:35","slug":"krim-oberhaupt-wasserspeicher-der-halbinsel-gut-gefuellt-keine-engpaesse-absehbar","status":"publish","type":"post","link":"https:\/\/now-news.de\/de\/deutschland\/krim-oberhaupt-wasserspeicher-der-halbinsel-gut-gefuellt-keine-engpaesse-absehbar\/","title":{"rendered":"Krim-Oberhaupt: Wasserspeicher der Halbinsel gut gef\u00fcllt, keine Engp\u00e4sse absehbar"},"content":{"rendered":"<p><img decoding=\"async\" src=\"http:\/\/just-now.news\/de\/wp-content\/uploads\/sites\/3\/2022\/12\/63a04cecb480cc2e38531023.jpg\" \/><\/p>\n<div class=\"Text-root Text-type_1 \">\n                Noch vor einem Jahr hing die Wasserversorgung der Krim an einem seidenen Faden, seit Kiew im Jahr 2014 eine Blockade der Halbinsel verh\u00e4ngte. Jetzt sind die Reservoirs der Krim voll, und die Wasservorr\u00e4te reichen f\u00fcr mehr als ein Jahr.\n            <\/div>\n<p><\/p>\n<div class=\"Text-root Text-type_5 ArticleView-text ViewText-root \">\n<p>Im Jahr 2014 hatte Kiew die Wasserversorgung der Krim \u00fcber einen Kanal aus dem Gebiet Cherson unterbrochen, der 90 Prozent des Bedarfs der Halbinsel deckte. Acht Jahre lang erhielten die Bewohner und Unternehmen der Krim ihr Wasser ausschlie\u00dflich aus lokalen Quellen. Im Jahr 2020 wurde die Wasserversorgung auf der Halbinsel aufgrund der D\u00fcrre kritisch. In Simferopol, Jalta und Aluschta wurden Trinkwasserverteilungspl\u00e4ne eingef\u00fchrt, die bis zum Sommer des Jahres 2021 in Kraft blieben, als schwere Regenf\u00e4lle die Halbinsel heimsuchten.<\/p>\n<p>W\u00e4hrend der Milit\u00e4roperation in der Ukraine befreite die russische Armee den wasserbaulichen Knotenpunkt des Nord-Krim-Kanals in dem Gebiet Cherson\u00a0\u2013 damit war die Wasserversorgung der Krim gesichert.<\/p>\n<p>In einem Interview mit der Nachrichtenagentur <em>TASS<\/em>\u00a0<a rel=\"nofollow noopener\" target=\"_blank\" href=\"https:\/\/tass.com\/society\/1552305\">sagte<\/a> nun das Oberhaupt der Republik Krim, Sergei Aksjonow, dass die Reservoirs der Krim fast doppelt so voll seien wie im vergangenen Jahr. Sie seien zu 100 Prozent des geplanten Volumens gef\u00fcllt:<\/p>\n<blockquote>\n<p><em>&#8220;Wir haben jetzt keine Schwierigkeiten mit der Wasserversorgung, alle Reservoirs sind zu 100 Prozent des geplanten F\u00fcllstands gef\u00fcllt. Wir sind fast doppelt so voll wie im letzten Jahr. Mit diesen Mengen werden die Krimbewohner auch ohne Niederschl\u00e4ge anderthalb Jahre lang mit Wasser versorgt.&#8221;<\/em><\/p>\n<\/blockquote>\n<p>In dem Gespr\u00e4ch mit der Nachrichtenagentur <em>TASS<\/em><em>\u00a0\u00a0<\/em>erinnerte er an die D\u00fcrre im Jahr 2020 und merkte an, dass es nat\u00fcrlich unm\u00f6glich ist, Wetterkatastrophen f\u00fcr die n\u00e4chsten Jahrzehnte vorherzusagen, aber derzeit ist die Wasserversorgung der Krim stabil:<\/p>\n<blockquote>\n<p><em>&#8220;Die D\u00fcrre kann sich tats\u00e4chlich wiederholen, aber jetzt haben wir zus\u00e4tzliche Versorgungsquellen\u00a0\u2013 den Nordkrim-Kanal, Grundwasserreservoirs. Ich bin also sicher, dass wir alle Schwierigkeiten meistern werden. Die Arbeiten zum Wiederaufbau des Meschgornoje-Stausees verlaufen planm\u00e4\u00dfig, und die Fragen seiner umfassenden Nutzung werden derzeit gekl\u00e4rt. Keiner wird das Projekt aufgeben.&#8221;<\/em><\/p>\n<\/blockquote>\n<p>Der Stausee Meschgornoje ist das gr\u00f6\u00dfte der Wasserreservoirs der Krim. Er wurde w\u00e4hrend der Sowjetzeit gebaut und hat eine Kapazit\u00e4t von bis zu 30 Millionen Kubikmetern. Aufgrund der Krim-Blockade wurde er seit dem Jahr 2014 nicht mehr genutzt, so dass nun umfangreiche technische Arbeiten erforderlich sind, um ihn wieder in Betrieb zu nehmen.<\/p>\n<p>Zuvor hatte Sergei Aksjonow in einem Interview mit der Zeitung <em>Kommersant<\/em> erkl\u00e4rt, dass die Beendigung der Landblockade der Krim durch die russischen Truppen die Wirtschaft der Halbinsel aus der Krise gef\u00fchrt und der Region neue M\u00f6glichkeiten er\u00f6ffnet habe: Die Investoren setzen nun auf den Tourismus, das Baugewerbe und den Weinbau, die Seeh\u00e4fen leben auf und neue St\u00e4dte werden geplant.<\/p>\n<p><strong>Mehr zum Thema\u00a0\u2013\u00a0<\/strong><a rel=\"nofollow noopener\" target=\"_blank\" href=\"https:\/\/de.rt.com\/europa\/156042-ukrainische-medien-deportation-aller-russen\/\">Ukrainische Medien: Deportation aller Russen von der Krim nach R\u00fcckeroberung geplant<\/a><\/p>\n<\/div>\n<p><br \/>\n<br \/><a href=\"https:\/\/de.rt.com\/russland\/157570-krim-oberhaupt-wasserspeicher-halbinsel-gut\/\">Source link <\/a><\/p>\n","protected":false},"excerpt":{"rendered":"<p>Noch vor einem Jahr hing die Wasserversorgung der Krim an einem seidenen Faden, seit Kiew im Jahr 2014 eine Blockade der Halbinsel verh\u00e4ngte. Jetzt sind die Reservoirs der Krim voll, und die Wasservorr\u00e4te reichen f\u00fcr mehr als ein Jahr. Im Jahr 2014 hatte Kiew die Wasserversorgung der Krim \u00fcber einen Kanal aus dem Gebiet Cherson [&hellip;]<\/p>\n","protected":false},"author":3,"featured_media":25862,"comment_status":"open","ping_status":"open","sticky":false,"template":"","format":"standard","meta":{"_yoast_indexnow_last_ping":["1671528307"],"wp_automatic_camp":["217"],"5bc531cf4e8c098d66bd808500f6c1b3":["Krim-Oberhaupt: Wasserspeicher der Halbinsel gut gef\u00fcllt, keine Engp\u00e4sse absehbar"],"original_link":["https:\/\/de.rt.com\/russland\/157570-krim-oberhaupt-wasserspeicher-halbinsel-gut\/"],"_thumbnail_id":["25862"],"_wptgpro_p2tg_sent2tg":["a:1:{i:23737;s:19:\"2022-12-20 11:26:12\";}"],"jnews_social_counter_last_update":["1777617374"]},"categories":[19,23],"tags":[37764,82,21472,27307,15536,23841,375,37762,37763],"yoast_head":"<!-- This site is optimized with the Yoast SEO Premium plugin v22.7 (Yoast SEO v22.7) - https:\/\/yoast.com\/wordpress\/plugins\/seo\/ -->\n<title>Krim-Oberhaupt: Wasserspeicher der Halbinsel gut gef\u00fcllt, keine Engp\u00e4sse absehbar - just-now.NEWS Deutschland<\/title>\n<meta name=\"robots\" content=\"index, follow, max-snippet:-1, max-image-preview:large, max-video-preview:-1\" \/>\n<link rel=\"canonical\" href=\"https:\/\/now-news.de\/de\/deutschland\/krim-oberhaupt-wasserspeicher-der-halbinsel-gut-gefuellt-keine-engpaesse-absehbar\/\" \/>\n<meta property=\"og:locale\" content=\"de_DE\" \/>\n<meta property=\"og:type\" content=\"article\" \/>\n<meta property=\"og:title\" content=\"Krim-Oberhaupt: Wasserspeicher der Halbinsel gut gef\u00fcllt, keine Engp\u00e4sse absehbar\" \/>\n<meta property=\"og:description\" content=\"Noch vor einem Jahr hing die Wasserversorgung der Krim an einem seidenen Faden, seit Kiew im Jahr 2014 eine Blockade der Halbinsel verh\u00e4ngte. Jetzt sind die Reservoirs der Krim voll, und die Wasservorr\u00e4te reichen f\u00fcr mehr als ein Jahr. Im Jahr 2014 hatte Kiew die Wasserversorgung der Krim \u00fcber einen Kanal aus dem Gebiet Cherson [&hellip;]\" \/>\n<meta property=\"og:url\" content=\"https:\/\/now-news.de\/de\/deutschland\/krim-oberhaupt-wasserspeicher-der-halbinsel-gut-gefuellt-keine-engpaesse-absehbar\/\" \/>\n<meta property=\"og:site_name\" content=\"just-now.NEWS Deutschland\" \/>\n<meta property=\"article:publisher\" content=\"https:\/\/www.facebook.com\/wirmachenauf\" \/>\n<meta property=\"article:published_time\" content=\"2022-12-20T09:17:35+00:00\" \/>\n<meta property=\"og:image\" content=\"https:\/\/now-news.de\/de\/wp-content\/uploads\/sites\/3\/2022\/12\/Krim-Oberhaupt-Wasserspeicher-der-Halbinsel-gut-gefuellt-keine-Engpaesse-absehbar.jpg\" \/>\n\t<meta property=\"og:image:width\" content=\"460\" \/>\n\t<meta property=\"og:image:height\" content=\"259\" \/>\n\t<meta property=\"og:image:type\" content=\"image\/jpeg\" \/>\n<meta name=\"author\" content=\"rtnews\" \/>\n<meta name=\"twitter:card\" content=\"summary_large_image\" \/>\n<meta name=\"twitter:creator\" content=\"@WirMachenAuf_de\" \/>\n<meta name=\"twitter:site\" content=\"@WirMachenAuf_de\" \/>\n<meta name=\"twitter:label1\" content=\"Verfasst von\" \/>\n\t<meta name=\"twitter:data1\" content=\"rtnews\" \/>\n\t<meta name=\"twitter:label2\" content=\"Gesch\u00e4tzte Lesezeit\" \/>\n\t<meta name=\"twitter:data2\" content=\"2\u00a0Minuten\" \/>\n<script type=\"application\/ld+json\" class=\"yoast-schema-graph\">{\"@context\":\"https:\/\/schema.org\",\"@graph\":[{\"@type\":\"Article\",\"@id\":\"https:\/\/now-news.de\/de\/deutschland\/krim-oberhaupt-wasserspeicher-der-halbinsel-gut-gefuellt-keine-engpaesse-absehbar\/#article\",\"isPartOf\":{\"@id\":\"https:\/\/now-news.de\/de\/deutschland\/krim-oberhaupt-wasserspeicher-der-halbinsel-gut-gefuellt-keine-engpaesse-absehbar\/\"},\"author\":{\"name\":\"rtnews\",\"@id\":\"https:\/\/now-news.de\/de\/#\/schema\/person\/fb534a4e865501d8b3285208df34a9b5\"},\"headline\":\"Krim-Oberhaupt: Wasserspeicher der Halbinsel gut gef\u00fcllt, keine Engp\u00e4sse absehbar\",\"datePublished\":\"2022-12-20T09:17:35+00:00\",\"dateModified\":\"2022-12-20T09:17:35+00:00\",\"mainEntityOfPage\":{\"@id\":\"https:\/\/now-news.de\/de\/deutschland\/krim-oberhaupt-wasserspeicher-der-halbinsel-gut-gefuellt-keine-engpaesse-absehbar\/\"},\"wordCount\":474,\"commentCount\":0,\"publisher\":{\"@id\":\"https:\/\/now-news.de\/de\/#organization\"},\"image\":{\"@id\":\"https:\/\/now-news.de\/de\/deutschland\/krim-oberhaupt-wasserspeicher-der-halbinsel-gut-gefuellt-keine-engpaesse-absehbar\/#primaryimage\"},\"thumbnailUrl\":\"https:\/\/now-news.de\/de\/wp-content\/uploads\/sites\/3\/2022\/12\/Krim-Oberhaupt-Wasserspeicher-der-Halbinsel-gut-gefuellt-keine-Engpaesse-absehbar.jpg\",\"keywords\":[\"absehbar\",\"der\",\"Engp\u00e4sse\",\"gef\u00fcllt\",\"gut\",\"Halbinsel\",\"keine\",\"KrimOberhaupt\",\"Wasserspeicher\"],\"articleSection\":[\"Deutschland\",\"Russland\"],\"inLanguage\":\"de\",\"potentialAction\":[{\"@type\":\"CommentAction\",\"name\":\"Comment\",\"target\":[\"https:\/\/now-news.de\/de\/deutschland\/krim-oberhaupt-wasserspeicher-der-halbinsel-gut-gefuellt-keine-engpaesse-absehbar\/#respond\"]}]},{\"@type\":\"WebPage\",\"@id\":\"https:\/\/now-news.de\/de\/deutschland\/krim-oberhaupt-wasserspeicher-der-halbinsel-gut-gefuellt-keine-engpaesse-absehbar\/\",\"url\":\"https:\/\/now-news.de\/de\/deutschland\/krim-oberhaupt-wasserspeicher-der-halbinsel-gut-gefuellt-keine-engpaesse-absehbar\/\",\"name\":\"Krim-Oberhaupt: Wasserspeicher der Halbinsel gut gef\u00fcllt, keine Engp\u00e4sse absehbar - just-now.NEWS Deutschland\",\"isPartOf\":{\"@id\":\"https:\/\/now-news.de\/de\/#website\"},\"primaryImageOfPage\":{\"@id\":\"https:\/\/now-news.de\/de\/deutschland\/krim-oberhaupt-wasserspeicher-der-halbinsel-gut-gefuellt-keine-engpaesse-absehbar\/#primaryimage\"},\"image\":{\"@id\":\"https:\/\/now-news.de\/de\/deutschland\/krim-oberhaupt-wasserspeicher-der-halbinsel-gut-gefuellt-keine-engpaesse-absehbar\/#primaryimage\"},\"thumbnailUrl\":\"https:\/\/now-news.de\/de\/wp-content\/uploads\/sites\/3\/2022\/12\/Krim-Oberhaupt-Wasserspeicher-der-Halbinsel-gut-gefuellt-keine-Engpaesse-absehbar.jpg\",\"datePublished\":\"2022-12-20T09:17:35+00:00\",\"dateModified\":\"2022-12-20T09:17:35+00:00\",\"breadcrumb\":{\"@id\":\"https:\/\/now-news.de\/de\/deutschland\/krim-oberhaupt-wasserspeicher-der-halbinsel-gut-gefuellt-keine-engpaesse-absehbar\/#breadcrumb\"},\"inLanguage\":\"de\",\"potentialAction\":[{\"@type\":\"ReadAction\",\"target\":[\"https:\/\/now-news.de\/de\/deutschland\/krim-oberhaupt-wasserspeicher-der-halbinsel-gut-gefuellt-keine-engpaesse-absehbar\/\"]}]},{\"@type\":\"ImageObject\",\"inLanguage\":\"de\",\"@id\":\"https:\/\/now-news.de\/de\/deutschland\/krim-oberhaupt-wasserspeicher-der-halbinsel-gut-gefuellt-keine-engpaesse-absehbar\/#primaryimage\",\"url\":\"https:\/\/now-news.de\/de\/wp-content\/uploads\/sites\/3\/2022\/12\/Krim-Oberhaupt-Wasserspeicher-der-Halbinsel-gut-gefuellt-keine-Engpaesse-absehbar.jpg\",\"contentUrl\":\"https:\/\/now-news.de\/de\/wp-content\/uploads\/sites\/3\/2022\/12\/Krim-Oberhaupt-Wasserspeicher-der-Halbinsel-gut-gefuellt-keine-Engpaesse-absehbar.jpg\",\"width\":460,\"height\":259,\"caption\":\"Krim-Oberhaupt: Wasserspeicher der Halbinsel gut gef\u00fcllt, keine Engp\u00e4sse absehbar\"},{\"@type\":\"BreadcrumbList\",\"@id\":\"https:\/\/now-news.de\/de\/deutschland\/krim-oberhaupt-wasserspeicher-der-halbinsel-gut-gefuellt-keine-engpaesse-absehbar\/#breadcrumb\",\"itemListElement\":[{\"@type\":\"ListItem\",\"position\":1,\"name\":\"Home\",\"item\":\"https:\/\/now-news.de\/de\/\"},{\"@type\":\"ListItem\",\"position\":2,\"name\":\"Krim-Oberhaupt: Wasserspeicher der Halbinsel gut gef\u00fcllt, keine Engp\u00e4sse absehbar\"}]},{\"@type\":\"WebSite\",\"@id\":\"https:\/\/now-news.de\/de\/#website\",\"url\":\"https:\/\/now-news.de\/de\/\",\"name\":\"just-now.NEWS Deutschland\",\"description\":\"Das Portal f\u00fcr unzensierte Nachrichten aus der Welt\",\"publisher\":{\"@id\":\"https:\/\/now-news.de\/de\/#organization\"},\"potentialAction\":[{\"@type\":\"SearchAction\",\"target\":{\"@type\":\"EntryPoint\",\"urlTemplate\":\"https:\/\/now-news.de\/de\/?s={search_term_string}\"},\"query-input\":\"required name=search_term_string\"}],\"inLanguage\":\"de\"},{\"@type\":\"Organization\",\"@id\":\"https:\/\/now-news.de\/de\/#organization\",\"name\":\"Just Now News\",\"url\":\"https:\/\/now-news.de\/de\/\",\"logo\":{\"@type\":\"ImageObject\",\"inLanguage\":\"de\",\"@id\":\"https:\/\/now-news.de\/de\/#\/schema\/logo\/image\/\",\"url\":\"http:\/\/just-now.news\/de\/wp-content\/uploads\/sites\/3\/2022\/04\/logo500x500.jpg\",\"contentUrl\":\"http:\/\/just-now.news\/de\/wp-content\/uploads\/sites\/3\/2022\/04\/logo500x500.jpg\",\"width\":500,\"height\":500,\"caption\":\"Just Now News\"},\"image\":{\"@id\":\"https:\/\/now-news.de\/de\/#\/schema\/logo\/image\/\"},\"sameAs\":[\"https:\/\/www.facebook.com\/wirmachenauf\",\"https:\/\/x.com\/WirMachenAuf_de\"]},{\"@type\":\"Person\",\"@id\":\"https:\/\/now-news.de\/de\/#\/schema\/person\/fb534a4e865501d8b3285208df34a9b5\",\"name\":\"rtnews\",\"image\":{\"@type\":\"ImageObject\",\"inLanguage\":\"de\",\"@id\":\"https:\/\/now-news.de\/de\/#\/schema\/person\/image\/\",\"url\":\"https:\/\/secure.gravatar.com\/avatar\/82aafea7d8127119dd649515f56e2117?s=96&d=mm&r=g\",\"contentUrl\":\"https:\/\/secure.gravatar.com\/avatar\/82aafea7d8127119dd649515f56e2117?s=96&d=mm&r=g\",\"caption\":\"rtnews\"},\"url\":\"https:\/\/now-news.de\/de\/author\/rnews\/\"}]}<\/script>\n<!-- \/ Yoast SEO Premium plugin. -->","yoast_head_json":{"title":"Krim-Oberhaupt: Wasserspeicher der Halbinsel gut gef\u00fcllt, keine Engp\u00e4sse absehbar - just-now.NEWS Deutschland","robots":{"index":"index","follow":"follow","max-snippet":"max-snippet:-1","max-image-preview":"max-image-preview:large","max-video-preview":"max-video-preview:-1"},"canonical":"https:\/\/now-news.de\/de\/deutschland\/krim-oberhaupt-wasserspeicher-der-halbinsel-gut-gefuellt-keine-engpaesse-absehbar\/","og_locale":"de_DE","og_type":"article","og_title":"Krim-Oberhaupt: Wasserspeicher der Halbinsel gut gef\u00fcllt, keine Engp\u00e4sse absehbar","og_description":"Noch vor einem Jahr hing die Wasserversorgung der Krim an einem seidenen Faden, seit Kiew im Jahr 2014 eine Blockade der Halbinsel verh\u00e4ngte. Jetzt sind die Reservoirs der Krim voll, und die Wasservorr\u00e4te reichen f\u00fcr mehr als ein Jahr. Im Jahr 2014 hatte Kiew die Wasserversorgung der Krim \u00fcber einen Kanal aus dem Gebiet Cherson [&hellip;]","og_url":"https:\/\/now-news.de\/de\/deutschland\/krim-oberhaupt-wasserspeicher-der-halbinsel-gut-gefuellt-keine-engpaesse-absehbar\/","og_site_name":"just-now.NEWS Deutschland","article_publisher":"https:\/\/www.facebook.com\/wirmachenauf","article_published_time":"2022-12-20T09:17:35+00:00","og_image":[{"width":460,"height":259,"url":"https:\/\/now-news.de\/de\/wp-content\/uploads\/sites\/3\/2022\/12\/Krim-Oberhaupt-Wasserspeicher-der-Halbinsel-gut-gefuellt-keine-Engpaesse-absehbar.jpg","type":"image\/jpeg"}],"author":"rtnews","twitter_card":"summary_large_image","twitter_creator":"@WirMachenAuf_de","twitter_site":"@WirMachenAuf_de","twitter_misc":{"Verfasst von":"rtnews","Gesch\u00e4tzte Lesezeit":"2\u00a0Minuten"},"schema":{"@context":"https:\/\/schema.org","@graph":[{"@type":"Article","@id":"https:\/\/now-news.de\/de\/deutschland\/krim-oberhaupt-wasserspeicher-der-halbinsel-gut-gefuellt-keine-engpaesse-absehbar\/#article","isPartOf":{"@id":"https:\/\/now-news.de\/de\/deutschland\/krim-oberhaupt-wasserspeicher-der-halbinsel-gut-gefuellt-keine-engpaesse-absehbar\/"},"author":{"name":"rtnews","@id":"https:\/\/now-news.de\/de\/#\/schema\/person\/fb534a4e865501d8b3285208df34a9b5"},"headline":"Krim-Oberhaupt: Wasserspeicher der Halbinsel gut gef\u00fcllt, keine Engp\u00e4sse absehbar","datePublished":"2022-12-20T09:17:35+00:00","dateModified":"2022-12-20T09:17:35+00:00","mainEntityOfPage":{"@id":"https:\/\/now-news.de\/de\/deutschland\/krim-oberhaupt-wasserspeicher-der-halbinsel-gut-gefuellt-keine-engpaesse-absehbar\/"},"wordCount":474,"commentCount":0,"publisher":{"@id":"https:\/\/now-news.de\/de\/#organization"},"image":{"@id":"https:\/\/now-news.de\/de\/deutschland\/krim-oberhaupt-wasserspeicher-der-halbinsel-gut-gefuellt-keine-engpaesse-absehbar\/#primaryimage"},"thumbnailUrl":"https:\/\/now-news.de\/de\/wp-content\/uploads\/sites\/3\/2022\/12\/Krim-Oberhaupt-Wasserspeicher-der-Halbinsel-gut-gefuellt-keine-Engpaesse-absehbar.jpg","keywords":["absehbar","der","Engp\u00e4sse","gef\u00fcllt","gut","Halbinsel","keine","KrimOberhaupt","Wasserspeicher"],"articleSection":["Deutschland","Russland"],"inLanguage":"de","potentialAction":[{"@type":"CommentAction","name":"Comment","target":["https:\/\/now-news.de\/de\/deutschland\/krim-oberhaupt-wasserspeicher-der-halbinsel-gut-gefuellt-keine-engpaesse-absehbar\/#respond"]}]},{"@type":"WebPage","@id":"https:\/\/now-news.de\/de\/deutschland\/krim-oberhaupt-wasserspeicher-der-halbinsel-gut-gefuellt-keine-engpaesse-absehbar\/","url":"https:\/\/now-news.de\/de\/deutschland\/krim-oberhaupt-wasserspeicher-der-halbinsel-gut-gefuellt-keine-engpaesse-absehbar\/","name":"Krim-Oberhaupt: Wasserspeicher der Halbinsel gut gef\u00fcllt, keine Engp\u00e4sse absehbar - just-now.NEWS Deutschland","isPartOf":{"@id":"https:\/\/now-news.de\/de\/#website"},"primaryImageOfPage":{"@id":"https:\/\/now-news.de\/de\/deutschland\/krim-oberhaupt-wasserspeicher-der-halbinsel-gut-gefuellt-keine-engpaesse-absehbar\/#primaryimage"},"image":{"@id":"https:\/\/now-news.de\/de\/deutschland\/krim-oberhaupt-wasserspeicher-der-halbinsel-gut-gefuellt-keine-engpaesse-absehbar\/#primaryimage"},"thumbnailUrl":"https:\/\/now-news.de\/de\/wp-content\/uploads\/sites\/3\/2022\/12\/Krim-Oberhaupt-Wasserspeicher-der-Halbinsel-gut-gefuellt-keine-Engpaesse-absehbar.jpg","datePublished":"2022-12-20T09:17:35+00:00","dateModified":"2022-12-20T09:17:35+00:00","breadcrumb":{"@id":"https:\/\/now-news.de\/de\/deutschland\/krim-oberhaupt-wasserspeicher-der-halbinsel-gut-gefuellt-keine-engpaesse-absehbar\/#breadcrumb"},"inLanguage":"de","potentialAction":[{"@type":"ReadAction","target":["https:\/\/now-news.de\/de\/deutschland\/krim-oberhaupt-wasserspeicher-der-halbinsel-gut-gefuellt-keine-engpaesse-absehbar\/"]}]},{"@type":"ImageObject","inLanguage":"de","@id":"https:\/\/now-news.de\/de\/deutschland\/krim-oberhaupt-wasserspeicher-der-halbinsel-gut-gefuellt-keine-engpaesse-absehbar\/#primaryimage","url":"https:\/\/now-news.de\/de\/wp-content\/uploads\/sites\/3\/2022\/12\/Krim-Oberhaupt-Wasserspeicher-der-Halbinsel-gut-gefuellt-keine-Engpaesse-absehbar.jpg","contentUrl":"https:\/\/now-news.de\/de\/wp-content\/uploads\/sites\/3\/2022\/12\/Krim-Oberhaupt-Wasserspeicher-der-Halbinsel-gut-gefuellt-keine-Engpaesse-absehbar.jpg","width":460,"height":259,"caption":"Krim-Oberhaupt: Wasserspeicher der Halbinsel gut gef\u00fcllt, keine Engp\u00e4sse absehbar"},{"@type":"BreadcrumbList","@id":"https:\/\/now-news.de\/de\/deutschland\/krim-oberhaupt-wasserspeicher-der-halbinsel-gut-gefuellt-keine-engpaesse-absehbar\/#breadcrumb","itemListElement":[{"@type":"ListItem","position":1,"name":"Home","item":"https:\/\/now-news.de\/de\/"},{"@type":"ListItem","position":2,"name":"Krim-Oberhaupt: Wasserspeicher der Halbinsel gut gef\u00fcllt, keine Engp\u00e4sse absehbar"}]},{"@type":"WebSite","@id":"https:\/\/now-news.de\/de\/#website","url":"https:\/\/now-news.de\/de\/","name":"just-now.NEWS Deutschland","description":"Das Portal f\u00fcr unzensierte Nachrichten aus der Welt","publisher":{"@id":"https:\/\/now-news.de\/de\/#organization"},"potentialAction":[{"@type":"SearchAction","target":{"@type":"EntryPoint","urlTemplate":"https:\/\/now-news.de\/de\/?s={search_term_string}"},"query-input":"required name=search_term_string"}],"inLanguage":"de"},{"@type":"Organization","@id":"https:\/\/now-news.de\/de\/#organization","name":"Just Now News","url":"https:\/\/now-news.de\/de\/","logo":{"@type":"ImageObject","inLanguage":"de","@id":"https:\/\/now-news.de\/de\/#\/schema\/logo\/image\/","url":"http:\/\/just-now.news\/de\/wp-content\/uploads\/sites\/3\/2022\/04\/logo500x500.jpg","contentUrl":"http:\/\/just-now.news\/de\/wp-content\/uploads\/sites\/3\/2022\/04\/logo500x500.jpg","width":500,"height":500,"caption":"Just Now News"},"image":{"@id":"https:\/\/now-news.de\/de\/#\/schema\/logo\/image\/"},"sameAs":["https:\/\/www.facebook.com\/wirmachenauf","https:\/\/x.com\/WirMachenAuf_de"]},{"@type":"Person","@id":"https:\/\/now-news.de\/de\/#\/schema\/person\/fb534a4e865501d8b3285208df34a9b5","name":"rtnews","image":{"@type":"ImageObject","inLanguage":"de","@id":"https:\/\/now-news.de\/de\/#\/schema\/person\/image\/","url":"https:\/\/secure.gravatar.com\/avatar\/82aafea7d8127119dd649515f56e2117?s=96&d=mm&r=g","contentUrl":"https:\/\/secure.gravatar.com\/avatar\/82aafea7d8127119dd649515f56e2117?s=96&d=mm&r=g","caption":"rtnews"},"url":"https:\/\/now-news.de\/de\/author\/rnews\/"}]}},"_links":{"self":[{"href":"https:\/\/now-news.de\/de\/wp-json\/wp\/v2\/posts\/25861"}],"collection":[{"href":"https:\/\/now-news.de\/de\/wp-json\/wp\/v2\/posts"}],"about":[{"href":"https:\/\/now-news.de\/de\/wp-json\/wp\/v2\/types\/post"}],"author":[{"embeddable":true,"href":"https:\/\/now-news.de\/de\/wp-json\/wp\/v2\/users\/3"}],"replies":[{"embeddable":true,"href":"https:\/\/now-news.de\/de\/wp-json\/wp\/v2\/comments?post=25861"}],"version-history":[{"count":0,"href":"https:\/\/now-news.de\/de\/wp-json\/wp\/v2\/posts\/25861\/revisions"}],"wp:featuredmedia":[{"embeddable":true,"href":"https:\/\/now-news.de\/de\/wp-json\/wp\/v2\/media\/25862"}],"wp:attachment":[{"href":"https:\/\/now-news.de\/de\/wp-json\/wp\/v2\/media?parent=25861"}],"wp:term":[{"taxonomy":"category","embeddable":true,"href":"https:\/\/now-news.de\/de\/wp-json\/wp\/v2\/categories?post=25861"},{"taxonomy":"post_tag","embeddable":true,"href":"https:\/\/now-news.de\/de\/wp-json\/wp\/v2\/tags?post=25861"}],"curies":[{"name":"wp","href":"https:\/\/api.w.org\/{rel}","templated":true}]}}