{"id":25851,"date":"2022-12-20T08:42:11","date_gmt":"2022-12-20T06:42:11","guid":{"rendered":"https:\/\/just-now.news\/de\/deutschland\/lukaschenko-bei-treffen-mit-putin-wir-sind-bereit-zum-sicherheitsdialog-mit-europa\/"},"modified":"2022-12-20T08:42:11","modified_gmt":"2022-12-20T06:42:11","slug":"lukaschenko-bei-treffen-mit-putin-wir-sind-bereit-zum-sicherheitsdialog-mit-europa","status":"publish","type":"post","link":"https:\/\/now-news.de\/de\/deutschland\/lukaschenko-bei-treffen-mit-putin-wir-sind-bereit-zum-sicherheitsdialog-mit-europa\/","title":{"rendered":"Lukaschenko bei Treffen mit Putin: Wir sind bereit zum Sicherheitsdialog mit Europa"},"content":{"rendered":"<p><img decoding=\"async\" src=\"http:\/\/just-now.news\/de\/wp-content\/uploads\/sites\/3\/2022\/12\/63a0d2b848fbef4020425fe4.jpg\" \/><\/p>\n<div class=\"Text-root Text-type_1 \">\n                Bei einem Treffen mit Wladimir Putin \u00e4u\u00dfert der wei\u00dfrussische Pr\u00e4sident Alexander Lukaschenko die Hoffnung, dass der Westen &#8220;die Stimme der Vernunft&#8221; h\u00f6ren werde. Er versichert Moskau, dass Minsk zu einem Dialog mit europ\u00e4ischen L\u00e4ndern \u00fcber Sicherheitsfragen bereit sei.\n            <\/div>\n<p><\/p>\n<div class=\"Text-root Text-type_5 ArticleView-text ViewText-root \">\n<p>Zu Beginn seines Treffens mit dem russischen Pr\u00e4sidenten Wladimir Putin in Minsk erkl\u00e4rte der wei\u00dfrussische Pr\u00e4sident Alexander Lukaschenko, dass die beiden L\u00e4nder f\u00fcr einen Dialog\u00a0\u00fcber Sicherheitsfragen mit den europ\u00e4ischen L\u00e4ndern offen seien. Er \u00e4u\u00dferte die Hoffnung, dass die westlichen Staaten &#8220;auf die Stimme der Vernunft h\u00f6ren werden&#8221;. Der wei\u00dfrussische Pr\u00e4sident sagte:<\/p>\n<blockquote>\n<p><em>&#8220;Russland und Wei\u00dfrussland sind offen f\u00fcr den Dialog mit anderen Staaten, auch mit europ\u00e4ischen Staaten. Ich hoffe, dass sie dort bald auf die Stimme der Vernunft h\u00f6ren werden und wir zu konstruktiven Gespr\u00e4chen \u00fcber die Fragen der gemeinsamen Sicherheit und die Zukunft der Weltordnung \u00fcbergehen werden.&#8221;<\/em><\/p>\n<\/blockquote>\n<p>Laut Lukaschenko erfordern schwierige Zeiten von Russland und Wei\u00dfrussland politischen Willen und Ergebnisorientierung bei allen Themen der bilateralen Agenda. Der Erfolg dieser Arbeit werde dar\u00fcber entscheiden, welchen Platz die L\u00e4nder im neuen internationalen Koordinatensystem einnehmen werden. Lukaschenko hob hervor:<\/p>\n<blockquote>\n<p><em>&#8220;Unsere unbedingte Priorit\u00e4t ist es, heikle wirtschaftliche Fragen anzugehen, von denen das Wohlergehen der Bev\u00f6lkerung abh\u00e4ngt, und letztlich die Reformen zu unterst\u00fctzen, die wir im \u00f6ffentlichen und politischen Bereich durchf\u00fchren.&#8221;<\/em><\/p>\n<\/blockquote>\n<p>Der wei\u00dfrussische Staatschef wies darauf hin, dass es den L\u00e4ndern dank gemeinsamer Schritte gelungen sei, die negativen Auswirkungen des Sanktionsdrucks zu \u00fcberwinden. Er stellte fest, dass russische und wei\u00dfrussische Experten gut an den von den Staats- und Regierungschefs genehmigten Gewerkschaftsprogrammen gearbeitet h\u00e4tten. Lukaschenko erkl\u00e4rte:<\/p>\n<blockquote>\n<p><em>&#8220;Es gibt eindeutige Fortschritte in fast allen Bereichen. Aber bisher ist nicht alles gelungen und das hemmt unsere Entwicklung. Sie wissen, dass die Regierungen ihre Verhandlungsm\u00f6glichkeiten in einer Reihe von heiklen Fragen ausgesch\u00f6pft haben.&#8221;<\/em><\/p>\n<\/blockquote>\n<p>Nach Angaben des wei\u00dfrussischen Pr\u00e4sidenten liegt der Grund f\u00fcr das Treffen mit Putin darin, dass die Regierungen Russlands und Wei\u00dfrusslands der Ansicht seien, dass eine Einigung in bestimmten Fragen ohne die Staatschefs nicht m\u00f6glich sei.<\/p>\n<p>Putin best\u00e4tigte, dass wirtschaftliche Fragen bei der Entwicklung der Beziehungen zwischen Russland und Wei\u00dfrussland Priorit\u00e4t haben.<\/p>\n<p>Lukaschenko und Putin trafen sich am 19. Dezember in Minsk. Nach Angaben von Kremlsprecher Dmitri Peskow waren auch milit\u00e4rische Fragen zu er\u00f6rtern. Er sagte, dass die neuen Ziele und Aufgaben der verb\u00fcndeten russischen und wei\u00dfrussischen Truppen von den Leitern im aktuellen Modus diskutiert werden.<\/p>\n<p>Peskow bezeichnete die Spekulationen, wonach Wei\u00dfrussland versuche, im Gegenzug f\u00fcr die Beteiligung an der russischen Milit\u00e4roperation in der Ukraine g\u00fcnstige Bedingungen f\u00fcr die L\u00f6sung der Gasfrage auszuhandeln, als &#8220;Verschw\u00f6rungstheorie&#8221;. Er best\u00e4tigte die Fortsetzung der Gaskontakte, wies aber darauf hin, dass dies nicht das erste Jahr sei, in dem Wei\u00dfrussland g\u00fcnstige Bedingungen zugestanden worden seien.<\/p>\n<p>Am 16. Dezember hatte Lukaschenko erkl\u00e4rt, die Frist f\u00fcr das Unionsprogramm zur Schaffung eines einheitlichen Gasmarktes f\u00fcr Russland und Wei\u00dfrussland sei nicht eingehalten worden. Die L\u00e4nder wollen sich darauf einigen, wie der gemeinsame Markt funktionieren soll. Bis 1. Dezember 2023 soll eine Entscheidung \u00fcber den Zeitplan und die Grunds\u00e4tze der Umsetzung getroffen werden.<\/p>\n<p>Wei\u00dfrusslands Energieminister Wiktor Karankewitsch sagte, dass die Entscheidung \u00fcber den Gaspreis f\u00fcr das Land f\u00fcr das n\u00e4chste Jahr noch nicht getroffen worden sei, die Frage werde auf h\u00f6chster Ebene diskutiert.<\/p>\n<p><strong>Mehr zum Thema<\/strong> &#8211; <a rel=\"nofollow noopener\" target=\"_blank\" href=\"https:\/\/de.rt.com\/europa\/157123-weissrusslands-militaer-startet-ueberraschungstest-seiner-kampfbereitschaft\/\">Wei\u00dfrusslands Milit\u00e4r startet \u00dcberraschungstest seiner Kampfbereitschaft<\/a><\/p>\n<\/div>\n<p><br \/>\n<br \/><a href=\"https:\/\/de.rt.com\/europa\/157628-lukaschenko-beim-treffen-mit-putin\/\">Source link <\/a><\/p>\n","protected":false},"excerpt":{"rendered":"<p>Bei einem Treffen mit Wladimir Putin \u00e4u\u00dfert der wei\u00dfrussische Pr\u00e4sident Alexander Lukaschenko die Hoffnung, dass der Westen &#8220;die Stimme der Vernunft&#8221; h\u00f6ren werde. Er versichert Moskau, dass Minsk zu einem Dialog mit europ\u00e4ischen L\u00e4ndern \u00fcber Sicherheitsfragen bereit sei. Zu Beginn seines Treffens mit dem russischen Pr\u00e4sidenten Wladimir Putin in Minsk erkl\u00e4rte der wei\u00dfrussische Pr\u00e4sident Alexander [&hellip;]<\/p>\n","protected":false},"author":3,"featured_media":25852,"comment_status":"open","ping_status":"open","sticky":false,"template":"","format":"standard","meta":{"_yoast_indexnow_last_ping":["1671518700"],"wp_automatic_camp":["217"],"0b2e4ffdb496f9aab368e9491c08aa0c":["Lukaschenko bei Treffen mit Putin: Wir sind bereit zum Sicherheitsdialog mit Europa"],"original_link":["https:\/\/de.rt.com\/europa\/157628-lukaschenko-beim-treffen-mit-putin\/"],"_thumbnail_id":["25852"],"_wptgpro_p2tg_sent2tg":["a:1:{i:23737;s:19:\"2022-12-20 08:46:15\";}"],"jnews_social_counter_last_update":["1777305065"]},"categories":[19,23],"tags":[363,964,1370,21453,419,125,37750,1046,354,1801,565],"yoast_head":"<!-- This site is optimized with the Yoast SEO Premium plugin v22.7 (Yoast SEO v22.7) - https:\/\/yoast.com\/wordpress\/plugins\/seo\/ -->\n<title>Lukaschenko bei Treffen mit Putin: Wir sind bereit zum Sicherheitsdialog mit Europa - just-now.NEWS Deutschland<\/title>\n<meta name=\"robots\" content=\"index, follow, max-snippet:-1, max-image-preview:large, max-video-preview:-1\" \/>\n<link rel=\"canonical\" href=\"https:\/\/now-news.de\/de\/deutschland\/lukaschenko-bei-treffen-mit-putin-wir-sind-bereit-zum-sicherheitsdialog-mit-europa\/\" \/>\n<meta property=\"og:locale\" content=\"de_DE\" \/>\n<meta property=\"og:type\" content=\"article\" \/>\n<meta property=\"og:title\" content=\"Lukaschenko bei Treffen mit Putin: Wir sind bereit zum Sicherheitsdialog mit Europa\" \/>\n<meta property=\"og:description\" content=\"Bei einem Treffen mit Wladimir Putin \u00e4u\u00dfert der wei\u00dfrussische Pr\u00e4sident Alexander Lukaschenko die Hoffnung, dass der Westen &#8220;die Stimme der Vernunft&#8221; h\u00f6ren werde. Er versichert Moskau, dass Minsk zu einem Dialog mit europ\u00e4ischen L\u00e4ndern \u00fcber Sicherheitsfragen bereit sei. Zu Beginn seines Treffens mit dem russischen Pr\u00e4sidenten Wladimir Putin in Minsk erkl\u00e4rte der wei\u00dfrussische Pr\u00e4sident Alexander [&hellip;]\" \/>\n<meta property=\"og:url\" content=\"https:\/\/now-news.de\/de\/deutschland\/lukaschenko-bei-treffen-mit-putin-wir-sind-bereit-zum-sicherheitsdialog-mit-europa\/\" \/>\n<meta property=\"og:site_name\" content=\"just-now.NEWS Deutschland\" \/>\n<meta property=\"article:publisher\" content=\"https:\/\/www.facebook.com\/wirmachenauf\" \/>\n<meta property=\"article:published_time\" content=\"2022-12-20T06:42:11+00:00\" \/>\n<meta property=\"og:image\" content=\"https:\/\/now-news.de\/de\/wp-content\/uploads\/sites\/3\/2022\/12\/Lukaschenko-bei-Treffen-mit-Putin-Wir-sind-bereit-zum-Sicherheitsdialog.jpg\" \/>\n\t<meta property=\"og:image:width\" content=\"460\" \/>\n\t<meta property=\"og:image:height\" content=\"259\" \/>\n\t<meta property=\"og:image:type\" content=\"image\/jpeg\" \/>\n<meta name=\"author\" content=\"rtnews\" \/>\n<meta name=\"twitter:card\" content=\"summary_large_image\" \/>\n<meta name=\"twitter:creator\" content=\"@WirMachenAuf_de\" \/>\n<meta name=\"twitter:site\" content=\"@WirMachenAuf_de\" \/>\n<meta name=\"twitter:label1\" content=\"Verfasst von\" \/>\n\t<meta name=\"twitter:data1\" content=\"rtnews\" \/>\n\t<meta name=\"twitter:label2\" content=\"Gesch\u00e4tzte Lesezeit\" \/>\n\t<meta name=\"twitter:data2\" content=\"3\u00a0Minuten\" \/>\n<script type=\"application\/ld+json\" class=\"yoast-schema-graph\">{\"@context\":\"https:\/\/schema.org\",\"@graph\":[{\"@type\":\"Article\",\"@id\":\"https:\/\/now-news.de\/de\/deutschland\/lukaschenko-bei-treffen-mit-putin-wir-sind-bereit-zum-sicherheitsdialog-mit-europa\/#article\",\"isPartOf\":{\"@id\":\"https:\/\/now-news.de\/de\/deutschland\/lukaschenko-bei-treffen-mit-putin-wir-sind-bereit-zum-sicherheitsdialog-mit-europa\/\"},\"author\":{\"name\":\"rtnews\",\"@id\":\"https:\/\/now-news.de\/de\/#\/schema\/person\/fb534a4e865501d8b3285208df34a9b5\"},\"headline\":\"Lukaschenko bei Treffen mit Putin: Wir sind bereit zum Sicherheitsdialog mit Europa\",\"datePublished\":\"2022-12-20T06:42:11+00:00\",\"dateModified\":\"2022-12-20T06:42:11+00:00\",\"mainEntityOfPage\":{\"@id\":\"https:\/\/now-news.de\/de\/deutschland\/lukaschenko-bei-treffen-mit-putin-wir-sind-bereit-zum-sicherheitsdialog-mit-europa\/\"},\"wordCount\":609,\"commentCount\":0,\"publisher\":{\"@id\":\"https:\/\/now-news.de\/de\/#organization\"},\"image\":{\"@id\":\"https:\/\/now-news.de\/de\/deutschland\/lukaschenko-bei-treffen-mit-putin-wir-sind-bereit-zum-sicherheitsdialog-mit-europa\/#primaryimage\"},\"thumbnailUrl\":\"https:\/\/now-news.de\/de\/wp-content\/uploads\/sites\/3\/2022\/12\/Lukaschenko-bei-Treffen-mit-Putin-Wir-sind-bereit-zum-Sicherheitsdialog.jpg\",\"keywords\":[\"bei\",\"bereit\",\"Europa\",\"Lukaschenko\",\"mit\",\"putin\",\"Sicherheitsdialog\",\"sind\",\"Treffen\",\"Wir\",\"zum\"],\"articleSection\":[\"Deutschland\",\"Russland\"],\"inLanguage\":\"de\",\"potentialAction\":[{\"@type\":\"CommentAction\",\"name\":\"Comment\",\"target\":[\"https:\/\/now-news.de\/de\/deutschland\/lukaschenko-bei-treffen-mit-putin-wir-sind-bereit-zum-sicherheitsdialog-mit-europa\/#respond\"]}]},{\"@type\":\"WebPage\",\"@id\":\"https:\/\/now-news.de\/de\/deutschland\/lukaschenko-bei-treffen-mit-putin-wir-sind-bereit-zum-sicherheitsdialog-mit-europa\/\",\"url\":\"https:\/\/now-news.de\/de\/deutschland\/lukaschenko-bei-treffen-mit-putin-wir-sind-bereit-zum-sicherheitsdialog-mit-europa\/\",\"name\":\"Lukaschenko bei Treffen mit Putin: Wir sind bereit zum Sicherheitsdialog mit Europa - just-now.NEWS Deutschland\",\"isPartOf\":{\"@id\":\"https:\/\/now-news.de\/de\/#website\"},\"primaryImageOfPage\":{\"@id\":\"https:\/\/now-news.de\/de\/deutschland\/lukaschenko-bei-treffen-mit-putin-wir-sind-bereit-zum-sicherheitsdialog-mit-europa\/#primaryimage\"},\"image\":{\"@id\":\"https:\/\/now-news.de\/de\/deutschland\/lukaschenko-bei-treffen-mit-putin-wir-sind-bereit-zum-sicherheitsdialog-mit-europa\/#primaryimage\"},\"thumbnailUrl\":\"https:\/\/now-news.de\/de\/wp-content\/uploads\/sites\/3\/2022\/12\/Lukaschenko-bei-Treffen-mit-Putin-Wir-sind-bereit-zum-Sicherheitsdialog.jpg\",\"datePublished\":\"2022-12-20T06:42:11+00:00\",\"dateModified\":\"2022-12-20T06:42:11+00:00\",\"breadcrumb\":{\"@id\":\"https:\/\/now-news.de\/de\/deutschland\/lukaschenko-bei-treffen-mit-putin-wir-sind-bereit-zum-sicherheitsdialog-mit-europa\/#breadcrumb\"},\"inLanguage\":\"de\",\"potentialAction\":[{\"@type\":\"ReadAction\",\"target\":[\"https:\/\/now-news.de\/de\/deutschland\/lukaschenko-bei-treffen-mit-putin-wir-sind-bereit-zum-sicherheitsdialog-mit-europa\/\"]}]},{\"@type\":\"ImageObject\",\"inLanguage\":\"de\",\"@id\":\"https:\/\/now-news.de\/de\/deutschland\/lukaschenko-bei-treffen-mit-putin-wir-sind-bereit-zum-sicherheitsdialog-mit-europa\/#primaryimage\",\"url\":\"https:\/\/now-news.de\/de\/wp-content\/uploads\/sites\/3\/2022\/12\/Lukaschenko-bei-Treffen-mit-Putin-Wir-sind-bereit-zum-Sicherheitsdialog.jpg\",\"contentUrl\":\"https:\/\/now-news.de\/de\/wp-content\/uploads\/sites\/3\/2022\/12\/Lukaschenko-bei-Treffen-mit-Putin-Wir-sind-bereit-zum-Sicherheitsdialog.jpg\",\"width\":460,\"height\":259,\"caption\":\"Lukaschenko bei Treffen mit Putin: Wir sind bereit zum Sicherheitsdialog mit Europa\"},{\"@type\":\"BreadcrumbList\",\"@id\":\"https:\/\/now-news.de\/de\/deutschland\/lukaschenko-bei-treffen-mit-putin-wir-sind-bereit-zum-sicherheitsdialog-mit-europa\/#breadcrumb\",\"itemListElement\":[{\"@type\":\"ListItem\",\"position\":1,\"name\":\"Home\",\"item\":\"https:\/\/now-news.de\/de\/\"},{\"@type\":\"ListItem\",\"position\":2,\"name\":\"Lukaschenko bei Treffen mit Putin: Wir sind bereit zum Sicherheitsdialog mit Europa\"}]},{\"@type\":\"WebSite\",\"@id\":\"https:\/\/now-news.de\/de\/#website\",\"url\":\"https:\/\/now-news.de\/de\/\",\"name\":\"just-now.NEWS Deutschland\",\"description\":\"Das Portal f\u00fcr unzensierte Nachrichten aus der Welt\",\"publisher\":{\"@id\":\"https:\/\/now-news.de\/de\/#organization\"},\"potentialAction\":[{\"@type\":\"SearchAction\",\"target\":{\"@type\":\"EntryPoint\",\"urlTemplate\":\"https:\/\/now-news.de\/de\/?s={search_term_string}\"},\"query-input\":\"required name=search_term_string\"}],\"inLanguage\":\"de\"},{\"@type\":\"Organization\",\"@id\":\"https:\/\/now-news.de\/de\/#organization\",\"name\":\"Just Now News\",\"url\":\"https:\/\/now-news.de\/de\/\",\"logo\":{\"@type\":\"ImageObject\",\"inLanguage\":\"de\",\"@id\":\"https:\/\/now-news.de\/de\/#\/schema\/logo\/image\/\",\"url\":\"http:\/\/just-now.news\/de\/wp-content\/uploads\/sites\/3\/2022\/04\/logo500x500.jpg\",\"contentUrl\":\"http:\/\/just-now.news\/de\/wp-content\/uploads\/sites\/3\/2022\/04\/logo500x500.jpg\",\"width\":500,\"height\":500,\"caption\":\"Just Now News\"},\"image\":{\"@id\":\"https:\/\/now-news.de\/de\/#\/schema\/logo\/image\/\"},\"sameAs\":[\"https:\/\/www.facebook.com\/wirmachenauf\",\"https:\/\/x.com\/WirMachenAuf_de\"]},{\"@type\":\"Person\",\"@id\":\"https:\/\/now-news.de\/de\/#\/schema\/person\/fb534a4e865501d8b3285208df34a9b5\",\"name\":\"rtnews\",\"image\":{\"@type\":\"ImageObject\",\"inLanguage\":\"de\",\"@id\":\"https:\/\/now-news.de\/de\/#\/schema\/person\/image\/\",\"url\":\"https:\/\/secure.gravatar.com\/avatar\/82aafea7d8127119dd649515f56e2117?s=96&d=mm&r=g\",\"contentUrl\":\"https:\/\/secure.gravatar.com\/avatar\/82aafea7d8127119dd649515f56e2117?s=96&d=mm&r=g\",\"caption\":\"rtnews\"},\"url\":\"https:\/\/now-news.de\/de\/author\/rnews\/\"}]}<\/script>\n<!-- \/ Yoast SEO Premium plugin. -->","yoast_head_json":{"title":"Lukaschenko bei Treffen mit Putin: Wir sind bereit zum Sicherheitsdialog mit Europa - just-now.NEWS Deutschland","robots":{"index":"index","follow":"follow","max-snippet":"max-snippet:-1","max-image-preview":"max-image-preview:large","max-video-preview":"max-video-preview:-1"},"canonical":"https:\/\/now-news.de\/de\/deutschland\/lukaschenko-bei-treffen-mit-putin-wir-sind-bereit-zum-sicherheitsdialog-mit-europa\/","og_locale":"de_DE","og_type":"article","og_title":"Lukaschenko bei Treffen mit Putin: Wir sind bereit zum Sicherheitsdialog mit Europa","og_description":"Bei einem Treffen mit Wladimir Putin \u00e4u\u00dfert der wei\u00dfrussische Pr\u00e4sident Alexander Lukaschenko die Hoffnung, dass der Westen &#8220;die Stimme der Vernunft&#8221; h\u00f6ren werde. Er versichert Moskau, dass Minsk zu einem Dialog mit europ\u00e4ischen L\u00e4ndern \u00fcber Sicherheitsfragen bereit sei. Zu Beginn seines Treffens mit dem russischen Pr\u00e4sidenten Wladimir Putin in Minsk erkl\u00e4rte der wei\u00dfrussische Pr\u00e4sident Alexander [&hellip;]","og_url":"https:\/\/now-news.de\/de\/deutschland\/lukaschenko-bei-treffen-mit-putin-wir-sind-bereit-zum-sicherheitsdialog-mit-europa\/","og_site_name":"just-now.NEWS Deutschland","article_publisher":"https:\/\/www.facebook.com\/wirmachenauf","article_published_time":"2022-12-20T06:42:11+00:00","og_image":[{"width":460,"height":259,"url":"https:\/\/now-news.de\/de\/wp-content\/uploads\/sites\/3\/2022\/12\/Lukaschenko-bei-Treffen-mit-Putin-Wir-sind-bereit-zum-Sicherheitsdialog.jpg","type":"image\/jpeg"}],"author":"rtnews","twitter_card":"summary_large_image","twitter_creator":"@WirMachenAuf_de","twitter_site":"@WirMachenAuf_de","twitter_misc":{"Verfasst von":"rtnews","Gesch\u00e4tzte Lesezeit":"3\u00a0Minuten"},"schema":{"@context":"https:\/\/schema.org","@graph":[{"@type":"Article","@id":"https:\/\/now-news.de\/de\/deutschland\/lukaschenko-bei-treffen-mit-putin-wir-sind-bereit-zum-sicherheitsdialog-mit-europa\/#article","isPartOf":{"@id":"https:\/\/now-news.de\/de\/deutschland\/lukaschenko-bei-treffen-mit-putin-wir-sind-bereit-zum-sicherheitsdialog-mit-europa\/"},"author":{"name":"rtnews","@id":"https:\/\/now-news.de\/de\/#\/schema\/person\/fb534a4e865501d8b3285208df34a9b5"},"headline":"Lukaschenko bei Treffen mit Putin: Wir sind bereit zum Sicherheitsdialog mit Europa","datePublished":"2022-12-20T06:42:11+00:00","dateModified":"2022-12-20T06:42:11+00:00","mainEntityOfPage":{"@id":"https:\/\/now-news.de\/de\/deutschland\/lukaschenko-bei-treffen-mit-putin-wir-sind-bereit-zum-sicherheitsdialog-mit-europa\/"},"wordCount":609,"commentCount":0,"publisher":{"@id":"https:\/\/now-news.de\/de\/#organization"},"image":{"@id":"https:\/\/now-news.de\/de\/deutschland\/lukaschenko-bei-treffen-mit-putin-wir-sind-bereit-zum-sicherheitsdialog-mit-europa\/#primaryimage"},"thumbnailUrl":"https:\/\/now-news.de\/de\/wp-content\/uploads\/sites\/3\/2022\/12\/Lukaschenko-bei-Treffen-mit-Putin-Wir-sind-bereit-zum-Sicherheitsdialog.jpg","keywords":["bei","bereit","Europa","Lukaschenko","mit","putin","Sicherheitsdialog","sind","Treffen","Wir","zum"],"articleSection":["Deutschland","Russland"],"inLanguage":"de","potentialAction":[{"@type":"CommentAction","name":"Comment","target":["https:\/\/now-news.de\/de\/deutschland\/lukaschenko-bei-treffen-mit-putin-wir-sind-bereit-zum-sicherheitsdialog-mit-europa\/#respond"]}]},{"@type":"WebPage","@id":"https:\/\/now-news.de\/de\/deutschland\/lukaschenko-bei-treffen-mit-putin-wir-sind-bereit-zum-sicherheitsdialog-mit-europa\/","url":"https:\/\/now-news.de\/de\/deutschland\/lukaschenko-bei-treffen-mit-putin-wir-sind-bereit-zum-sicherheitsdialog-mit-europa\/","name":"Lukaschenko bei Treffen mit Putin: Wir sind bereit zum Sicherheitsdialog mit Europa - just-now.NEWS Deutschland","isPartOf":{"@id":"https:\/\/now-news.de\/de\/#website"},"primaryImageOfPage":{"@id":"https:\/\/now-news.de\/de\/deutschland\/lukaschenko-bei-treffen-mit-putin-wir-sind-bereit-zum-sicherheitsdialog-mit-europa\/#primaryimage"},"image":{"@id":"https:\/\/now-news.de\/de\/deutschland\/lukaschenko-bei-treffen-mit-putin-wir-sind-bereit-zum-sicherheitsdialog-mit-europa\/#primaryimage"},"thumbnailUrl":"https:\/\/now-news.de\/de\/wp-content\/uploads\/sites\/3\/2022\/12\/Lukaschenko-bei-Treffen-mit-Putin-Wir-sind-bereit-zum-Sicherheitsdialog.jpg","datePublished":"2022-12-20T06:42:11+00:00","dateModified":"2022-12-20T06:42:11+00:00","breadcrumb":{"@id":"https:\/\/now-news.de\/de\/deutschland\/lukaschenko-bei-treffen-mit-putin-wir-sind-bereit-zum-sicherheitsdialog-mit-europa\/#breadcrumb"},"inLanguage":"de","potentialAction":[{"@type":"ReadAction","target":["https:\/\/now-news.de\/de\/deutschland\/lukaschenko-bei-treffen-mit-putin-wir-sind-bereit-zum-sicherheitsdialog-mit-europa\/"]}]},{"@type":"ImageObject","inLanguage":"de","@id":"https:\/\/now-news.de\/de\/deutschland\/lukaschenko-bei-treffen-mit-putin-wir-sind-bereit-zum-sicherheitsdialog-mit-europa\/#primaryimage","url":"https:\/\/now-news.de\/de\/wp-content\/uploads\/sites\/3\/2022\/12\/Lukaschenko-bei-Treffen-mit-Putin-Wir-sind-bereit-zum-Sicherheitsdialog.jpg","contentUrl":"https:\/\/now-news.de\/de\/wp-content\/uploads\/sites\/3\/2022\/12\/Lukaschenko-bei-Treffen-mit-Putin-Wir-sind-bereit-zum-Sicherheitsdialog.jpg","width":460,"height":259,"caption":"Lukaschenko bei Treffen mit Putin: Wir sind bereit zum Sicherheitsdialog mit Europa"},{"@type":"BreadcrumbList","@id":"https:\/\/now-news.de\/de\/deutschland\/lukaschenko-bei-treffen-mit-putin-wir-sind-bereit-zum-sicherheitsdialog-mit-europa\/#breadcrumb","itemListElement":[{"@type":"ListItem","position":1,"name":"Home","item":"https:\/\/now-news.de\/de\/"},{"@type":"ListItem","position":2,"name":"Lukaschenko bei Treffen mit Putin: Wir sind bereit zum Sicherheitsdialog mit Europa"}]},{"@type":"WebSite","@id":"https:\/\/now-news.de\/de\/#website","url":"https:\/\/now-news.de\/de\/","name":"just-now.NEWS Deutschland","description":"Das Portal f\u00fcr unzensierte Nachrichten aus der Welt","publisher":{"@id":"https:\/\/now-news.de\/de\/#organization"},"potentialAction":[{"@type":"SearchAction","target":{"@type":"EntryPoint","urlTemplate":"https:\/\/now-news.de\/de\/?s={search_term_string}"},"query-input":"required name=search_term_string"}],"inLanguage":"de"},{"@type":"Organization","@id":"https:\/\/now-news.de\/de\/#organization","name":"Just Now News","url":"https:\/\/now-news.de\/de\/","logo":{"@type":"ImageObject","inLanguage":"de","@id":"https:\/\/now-news.de\/de\/#\/schema\/logo\/image\/","url":"http:\/\/just-now.news\/de\/wp-content\/uploads\/sites\/3\/2022\/04\/logo500x500.jpg","contentUrl":"http:\/\/just-now.news\/de\/wp-content\/uploads\/sites\/3\/2022\/04\/logo500x500.jpg","width":500,"height":500,"caption":"Just Now News"},"image":{"@id":"https:\/\/now-news.de\/de\/#\/schema\/logo\/image\/"},"sameAs":["https:\/\/www.facebook.com\/wirmachenauf","https:\/\/x.com\/WirMachenAuf_de"]},{"@type":"Person","@id":"https:\/\/now-news.de\/de\/#\/schema\/person\/fb534a4e865501d8b3285208df34a9b5","name":"rtnews","image":{"@type":"ImageObject","inLanguage":"de","@id":"https:\/\/now-news.de\/de\/#\/schema\/person\/image\/","url":"https:\/\/secure.gravatar.com\/avatar\/82aafea7d8127119dd649515f56e2117?s=96&d=mm&r=g","contentUrl":"https:\/\/secure.gravatar.com\/avatar\/82aafea7d8127119dd649515f56e2117?s=96&d=mm&r=g","caption":"rtnews"},"url":"https:\/\/now-news.de\/de\/author\/rnews\/"}]}},"_links":{"self":[{"href":"https:\/\/now-news.de\/de\/wp-json\/wp\/v2\/posts\/25851"}],"collection":[{"href":"https:\/\/now-news.de\/de\/wp-json\/wp\/v2\/posts"}],"about":[{"href":"https:\/\/now-news.de\/de\/wp-json\/wp\/v2\/types\/post"}],"author":[{"embeddable":true,"href":"https:\/\/now-news.de\/de\/wp-json\/wp\/v2\/users\/3"}],"replies":[{"embeddable":true,"href":"https:\/\/now-news.de\/de\/wp-json\/wp\/v2\/comments?post=25851"}],"version-history":[{"count":0,"href":"https:\/\/now-news.de\/de\/wp-json\/wp\/v2\/posts\/25851\/revisions"}],"wp:featuredmedia":[{"embeddable":true,"href":"https:\/\/now-news.de\/de\/wp-json\/wp\/v2\/media\/25852"}],"wp:attachment":[{"href":"https:\/\/now-news.de\/de\/wp-json\/wp\/v2\/media?parent=25851"}],"wp:term":[{"taxonomy":"category","embeddable":true,"href":"https:\/\/now-news.de\/de\/wp-json\/wp\/v2\/categories?post=25851"},{"taxonomy":"post_tag","embeddable":true,"href":"https:\/\/now-news.de\/de\/wp-json\/wp\/v2\/tags?post=25851"}],"curies":[{"name":"wp","href":"https:\/\/api.w.org\/{rel}","templated":true}]}}