{"id":25828,"date":"2022-12-19T22:00:00","date_gmt":"2022-12-19T20:00:00","guid":{"rendered":"https:\/\/just-now.news\/de\/deutschland\/krisen-und-insolvenzticker-moskau-eu-gaspreisdeckel-ist-inakzeptabel\/"},"modified":"2022-12-19T22:00:00","modified_gmt":"2022-12-19T20:00:00","slug":"krisen-und-insolvenzticker-moskau-eu-gaspreisdeckel-ist-inakzeptabel","status":"publish","type":"post","link":"https:\/\/now-news.de\/de\/deutschland\/krisen-und-insolvenzticker-moskau-eu-gaspreisdeckel-ist-inakzeptabel\/","title":{"rendered":"Krisen- und Insolvenzticker \u2013 Moskau: EU-Gaspreisdeckel ist &quot;inakzeptabel&quot;"},"content":{"rendered":"<div class=\"Text-root Text-type_1 \">\n                Die deutsche Wirtschaft rutscht immer tiefer in die Krise. Unter dem Druck dramatisch steigender Energiekosten und anderer ung\u00fcnstiger Rahmenbedingungen sind allein in diesem Jahr tausende Unternehmen insolvent gegangen. Wir fassen in diesem Ticker die wichtigsten Entwicklungen und Neuigkeiten zusammen.\n            <\/div>\n<p><\/p>\n<div class=\"ArticleView-liveUpdates\">\n<div class=\"LiveUpdates-root\">\n<div class=\"LiveUpdates-content\">\n<ul class=\"LiveUpdates-list Listing-root\" data-listing=\"LiveUpdates\" data-count=\"10\">\n<li class=\"LiveUpdates-item Listing-item\">\n<div class=\"LiveUpdates-date\">\n<p class=\"HeaderNews-root HeaderNews-type_2 \">\n                19.12.2022 21:10 Uhr\n            <\/p>\n<\/div>\n<div class=\"LiveUpdate-root\">\n<div class=\"LiveUpdate-date\">\n<p class=\"HeaderNews-root HeaderNews-type_6 \">\n                21:10 Uhr\n            <\/p>\n<\/div>\n<div class=\"LiveUpdate-content\">\n<div class=\"LiveUpdate-text\">\n<div class=\"Text-root Text-type_5 ViewText-root\">\n<p><strong>Moskau: EU-Gaspreisdeckel ist &#8220;inakzeptabel&#8221;<\/strong><\/p>\n<figure class=\"RTImage-root\">\n<div class=\"RTImage-image RTImage-original\"><picture class=\"Picture-root Picture-original\"><!--[if IE 9]><video style=\"display: none;\"><![endif]--><source media=\"(-webkit-min-device-pixel-ratio: 2) and (min-resolution: 120dpi)\" data-srcset=\" \nhttp:\/\/just-now.news\/de\/wp-content\/uploads\/sites\/3\/2022\/12\/63a0bd5c48fbef3f402c4f32.jpg 850w,\n                http:\/\/just-now.news\/de\/wp-content\/uploads\/sites\/3\/2022\/12\/63a0bd5c48fbef3f402c4f32.jpg 1960w,\n            \" ><source data-srcset=\" \nhttp:\/\/just-now.news\/de\/wp-content\/uploads\/sites\/3\/2022\/12\/63a0bd5c48fbef3f402c4f32.jpg 460w,\n              http:\/\/just-now.news\/de\/wp-content\/uploads\/sites\/3\/2022\/12\/63a0bd5c48fbef3f402c4f32.jpg 980w,\n            \" ><!--[if IE 9]><\/video><![endif]--><img decoding=\"async\" data- src=\"data:image\/png;base64,iVBORw0KGgoAAAANSUhEUgAAABAAAAAJCAQAAACRI2S5AAAAEElEQVR42mNkIAAYRxWAAQAG9gAKqv6+AwAAAABJRU5ErkJggg==\" class=\"Picture-root Picture-original lazyload\" data-src=\"http:\/\/just-now.news\/de\/wp-content\/uploads\/sites\/3\/2022\/12\/63a0bd5c48fbef3f402c4f32.jpg\" alt=\"\"><\/source><\/source><\/picture><!-- noscript pattern --><noscript><img decoding=\"async\" src=\"http:\/\/just-now.news\/de\/wp-content\/uploads\/sites\/3\/2022\/12\/63a0bd5c48fbef3f402c4f32.jpg\" alt=\"\"><\/noscript><\/div><figcaption class=\"RTImage-footer\"><span class=\"RTImage-caption\"><\/span><span class=\"RTImage-source\"><span class=\"RTImage-captionItem\">Emile Alain Ducke\/dpa<\/span><span class=\"RTImage-captionItem\"> \/ www.globallookpress.com<\/span><\/span><\/figcaption><\/figure>\n<p>Nachdem sich die EU-Energieminister am Montag auf einen Mechanismus zur Begrenzung der Gaspreise einigten, erkl\u00e4rte Kreml-Sprecher Dmitri Peskow vor Journalisten, jegliche Versuche, eine Gaspreisobergrenze festzulegen, seien &#8220;inakzeptabel&#8221;:<\/p>\n<p><em>&#8220;Dies ist ein Versto\u00df gegen den Prozess der Preisfindung auf dem Markt, ein Versto\u00df gegen den Marktprozess selbst&#8221;, sagte Peskow vor Journalisten und f\u00fcgte hinzu, dass &#8220;jegliche Verweise auf eine Obergrenze nicht akzeptiert werden k\u00f6nnen&#8221;.<\/em><\/p>\n<p>Russland werde &#8220;Zeit brauchen, um alle Vor- und Nachteile sorgf\u00e4ltig abzuw\u00e4gen, w\u00e4hrend es an seinen Ma\u00dfnahmen arbeitet&#8221;, sagte er und f\u00fcgte hinzu, dass sich eine Reaktion auf die \u00d6lpreisobergrenze aus \u00e4hnlichen Gr\u00fcnden &#8220;etwas verz\u00f6gert&#8221; habe. Die \u00d6lpreisobergrenze wurde Anfang des Monats von der EU, den G7-L\u00e4ndern und Australien eingef\u00fchrt. Russland hat bisher noch keine offiziellen Ma\u00dfnahmen als Reaktion darauf angek\u00fcndigt. Peskow sagte jedoch, dass ein entsprechendes Pr\u00e4sidialdekret in Arbeit sei.<\/p>\n<p>Russischen Medienberichten zufolge w\u00fcrde Moskau \u00d6lverk\u00e4ufe im Rahmen von Vertr\u00e4gen verbieten, in denen eine Preisobergrenze festgelegt ist. Verboten w\u00e4ren auch Exporte in L\u00e4nder, die die Preisobergrenze als Bedingung in ihren Liefervertr\u00e4gen verlangen oder deren Referenzpreise auf die Obergrenze von 60 US-Dollar pro Barrel festgelegt sind.<\/p>\n<\/div>\n<\/div>\n<\/div>\n<\/div>\n<\/li>\n<li class=\"LiveUpdates-item Listing-item\">\n<div class=\"LiveUpdate-root\">\n<div class=\"LiveUpdate-date\">\n<p class=\"HeaderNews-root HeaderNews-type_6 \">\n                20:35 Uhr\n            <\/p>\n<\/div>\n<div class=\"LiveUpdate-content\">\n<div class=\"LiveUpdate-text\">\n<div class=\"Text-root Text-type_5 ViewText-root\">\n<p><strong>EU-Energieminister einigen sich auf Gaspreisdeckel<\/strong><\/p>\n<p>Die Energieminister der Europ\u00e4ischen Union haben sich auf einen tempor\u00e4ren Gaspreisdeckel im Gro\u00dfhandel <a rel=\"nofollow noopener\" target=\"_blank\" href=\"https:\/\/test.rtde.tech\/international\/157614-eu-energieminister-einigen-sich-auf\/\">geeinigt<\/a>. Wie eine Sprecherin des EU-Ministerrats mitteilte, einigten sich die Minister der Mitgliedsl\u00e4nder am Montag auf eine Begrenzung der Marktpreise. Der Preisdeckel soll greifen, wenn der Preis f\u00fcr Gas an drei aufeinanderfolgenden Tagen \u00fcber einem Wert von 180 Euro pro Megawattstunde liegt. Au\u00dferdem soll der Referenzpreis f\u00fcr Fl\u00fcssiggas mindestens 35 Euro unter der Preisschwelle liegen, um zu verhindern, dass entsprechende Lieferungen pl\u00f6tzlich ausbleiben. Sollte dies dennoch geschehen, k\u00f6nne die Preisbremse unter bestimmten Umst\u00e4nden wieder ausgesetzt werden.<\/p>\n<p>Der Preisdeckel, der ab dem 15. Februar eingesetzt werden kann, gilt nicht f\u00fcr den gesamten Gasmarkt, sondern nur f\u00fcr die am niederl\u00e4ndischen Gashub TTF gehandelten Mengen. Der Handel au\u00dferhalb der B\u00f6rse, den beispielsweise auch Verantwortliche f\u00fcr Gasspeicher nutzen, ist nicht davon betroffen. Zum Wochenbeginn lag der TTF-Gaspreis bei etwa 110 Euro pro Megawattstunde \u2013 und damit deutlich unter der geplanten Preisgrenze.<\/p>\n<\/div>\n<\/div>\n<\/div>\n<\/div>\n<\/li>\n<li class=\"LiveUpdates-item Listing-item\">\n<div class=\"LiveUpdate-root\">\n<div class=\"LiveUpdate-date\">\n<p class=\"HeaderNews-root HeaderNews-type_6 \">\n                10:03 Uhr\n            <\/p>\n<\/div>\n<div class=\"LiveUpdate-content\">\n<div class=\"LiveUpdate-text\">\n<div class=\"Text-root Text-type_5 ViewText-root\">\n<p><strong>\u00d6ffentlich-rechtlicher Jugendkanal &#8220;funk&#8221; kl\u00e4rt auf: Armut &#8220;ist normal und niemand kann was daf\u00fcr&#8221;<\/strong><\/p>\n<p><em>Funk<\/em> ist ein &#8220;Online-Inhalte-Netzwerk&#8221; der <em>ARD<\/em> und des <em>ZDF<\/em>, das sich insbesondere an Jugendliche und junge Erwachsene zwischen 14 und 29 Jahren richten soll. In einem <a rel=\"nofollow noopener\" target=\"_blank\" href=\"https:\/\/www.instagram.com\/p\/CmQxARMtw0U\/\">Instagram-Beitrag<\/a> vom 17. Dezember informiert die <em>funk<\/em>-Redaktion dar\u00fcber, dass &#8220;mehr als jeder F\u00fcnfte unter 25 in Deutschland in Jugendarmut lebt oder davon gef\u00e4hrdet ist&#8221;.<\/p>\n<p>Die Empfehlung des Mediums f\u00fcr den Umgang mit davon betroffenen Freunden und Freundinnen lautet daher, doch einfach zu akzeptieren, dass diese &#8220;weniger Geld haben&#8221;. Erg\u00e4nzend hei\u00dft es: &#8220;Das ist normal und niemand kann was daf\u00fcr.&#8221; Die &#8220;Betroffenen&#8221; m\u00fcssten &#8220;im Alltag oft verzichten, z.B. auf Kino, Kaffee trinken, Fintesstudio (&#8230;)&#8221;. Wichtig sei: &#8220;Sprecht das Thema nicht jedes Mal an.&#8221;<\/p>\n<p>Wenn die M\u00f6glichkeit best\u00fcnde und &#8220;ihr es euch leisten k\u00f6nnt&#8221;, sollte jedoch schon geholfen werden. Wichtig dabei sei wiederum: &#8220;Mitleid ist aber unangebracht. Macht es, ohne es gro\u00df anzusprechen.&#8221; Gr\u00fcnde f\u00fcr die grassierende Jugendarmut in Deutschland wurden nicht genannt.<\/p>\n<figure class=\"RTImage-root\">\n<div class=\"RTImage-image RTImage-original\"><picture class=\"Picture-root Picture-original\"><!--[if IE 9]><video style=\"display: none;\"><![endif]--><source media=\"(-webkit-min-device-pixel-ratio: 2) and (min-resolution: 120dpi)\" data-srcset=\" \nhttp:\/\/just-now.news\/de\/wp-content\/uploads\/sites\/3\/2022\/12\/63a029aa48fbef3f402c4e4f.jpg 850w,\n                http:\/\/just-now.news\/de\/wp-content\/uploads\/sites\/3\/2022\/12\/63a029aa48fbef3f402c4e4f.jpg 1960w,\n            \" ><source data-srcset=\" \nhttp:\/\/just-now.news\/de\/wp-content\/uploads\/sites\/3\/2022\/12\/63a029aa48fbef3f402c4e4f.jpg 460w,\n              http:\/\/just-now.news\/de\/wp-content\/uploads\/sites\/3\/2022\/12\/63a029aa48fbef3f402c4e4f.jpg 980w,\n            \" ><!--[if IE 9]><\/video><![endif]--><img decoding=\"async\" data- src=\"data:image\/png;base64,iVBORw0KGgoAAAANSUhEUgAAABAAAAAJCAQAAACRI2S5AAAAEElEQVR42mNkIAAYRxWAAQAG9gAKqv6+AwAAAABJRU5ErkJggg==\" class=\"Picture-root Picture-original lazyload\" data-src=\"http:\/\/just-now.news\/de\/wp-content\/uploads\/sites\/3\/2022\/12\/63a029aa48fbef3f402c4e4f.jpg\" alt=\"\"><\/source><\/source><\/picture><!-- noscript pattern --><noscript><img decoding=\"async\" src=\"http:\/\/just-now.news\/de\/wp-content\/uploads\/sites\/3\/2022\/12\/63a029aa48fbef3f402c4e4f.jpg\" alt=\"\"><\/noscript><\/div><figcaption class=\"RTImage-footer\"><span class=\"RTImage-caption\"><\/span><span class=\"RTImage-source\"><span class=\"RTImage-captionItem\">Screenshot: Instagram-Profil funk, 19.12.22<\/span><\/span><\/figcaption><\/figure>\n<\/div>\n<\/div>\n<\/div>\n<\/div>\n<\/li>\n<li class=\"LiveUpdates-item Listing-item\">\n<div class=\"LiveUpdates-date\">\n<p class=\"HeaderNews-root HeaderNews-type_2 \">\n                18.12.2022 19:25 Uhr\n            <\/p>\n<\/div>\n<div class=\"LiveUpdate-root\">\n<div class=\"LiveUpdate-date\">\n<p class=\"HeaderNews-root HeaderNews-type_6 \">\n                19:25 Uhr\n            <\/p>\n<\/div>\n<div class=\"LiveUpdate-content\">\n<div class=\"LiveUpdate-text\">\n<div class=\"Text-root Text-type_5 ViewText-root\">\n<p><strong>Bloomberg: Energiekrise kostete die EU-Staaten fast eine Billion Euro<\/strong><\/p>\n<p>Die EU-Mitgliedstaaten haben angesichts der schlimmsten Energiekrise seit Jahrzehnten rund eine Billion US-Dollar beziehungsweise 940 Milliarden Euro ausgegeben, wie<em> Bloomberg<\/em> am Sonntag unter Berufung auf Marktdaten-basierten Berechnungen <a rel=\"nofollow noopener\" target=\"_blank\" href=\"https:\/\/www.bloomberg.com\/news\/articles\/2022-12-18\/europe-s-1-trillion-energy-bill-only-marks-start-of-the-crisis?srnd=premium-europe\">berichtet<\/a>. Die steigenden Energiepreise haben die Volkswirtschaften der EU in eine Rezession gest\u00fcrzt, da die meisten Mitgliedstaaten beschlossen haben, kein Gas mehr aus Russland zu importieren und sich auf teurere Lieferungen umstellen mussten.<\/p>\n<p>Die Agentur wies darauf hin, dass die gesch\u00e4tzten Gesamtverluste erst den Anfang einer umfassenden Krise markieren, da eine Periode hoher Energiepreise Jahre andauern k\u00f6nnte, w\u00e4hrend die Hilfe bereits unerschwinglich wird.\u00a0 Es wird erwartet, dass die Energieversorgungssicherheit auch \u00fcber den n\u00e4chsten Winter hinaus ein Thema bleiben wird, wenn die gef\u00fcllten Gasspeicher in der Region geleert sind. Die EU-L\u00e4nder werden ihre Gasreserven f\u00fcr die n\u00e4chste kalte Jahreszeit ohne Lieferungen aus Russland auff\u00fcllen m\u00fcssen, was auch den Wettbewerb um Tanker anheizt.<\/p>\n<p>Selbst wenn mehr Importterminals f\u00fcr verfl\u00fcssigtes Erdgas (LNG) in Betrieb genommen werden, wird sich die Krise Berichten zufolge erst 2026 entspannen, wenn zus\u00e4tzliche Produktionskapazit\u00e4ten aus den USA oder Katar verf\u00fcgbar werden. Gleichzeitig d\u00fcrften die Preise hoch bleiben,\u00a0da LNG von anderen Abnehmern aus asiatischen L\u00e4ndern abgeworben werden muss. Laut der Br\u00fcsseler Denkfabrik Bruegel, die von <em>Bloomberg <\/em>zitiert wird, k\u00f6nnte der Ausnahmezustand noch jahrelang andauern.<\/p>\n<p><em>&#8220;Wenn man alles zusammenz\u00e4hlt &#8211; Kautionszahlungen, Subventionen &#8211; ist das eine l\u00e4cherlich gro\u00dfe Summe&#8221;, sagte Martin Devenish, Direktor der Beratungsfirma S-RM, der Agentur. &#8220;Es wird f\u00fcr die Regierungen sehr viel schwieriger werden, diese Krise im n\u00e4chsten Jahr zu bew\u00e4ltigen&#8221;.<\/em><\/p>\n<\/div>\n<\/div>\n<\/div>\n<\/div>\n<\/li>\n<li class=\"LiveUpdates-item Listing-item\">\n<div class=\"LiveUpdates-date\">\n<p class=\"HeaderNews-root HeaderNews-type_2 \">\n                16.12.2022 13:00 Uhr\n            <\/p>\n<\/div>\n<div class=\"LiveUpdate-root\">\n<div class=\"LiveUpdate-date\">\n<p class=\"HeaderNews-root HeaderNews-type_6 \">\n                13:00 Uhr\n            <\/p>\n<\/div>\n<div class=\"LiveUpdate-content\">\n<div class=\"LiveUpdate-text\">\n<div class=\"Text-root Text-type_5 ViewText-root\">\n<p><strong>&#8220;Winter der Solidarit\u00e4t&#8221; \u2013 Bundestag beschlie\u00dft Gas- und Strompreisbremse<\/strong><\/p>\n<div class=\"EmbedBlock-root EmbedBlock-externalVideo EmbedBlock-odysee\">\n<div class=\"VkEmbed\"><iframe class=\"lazyload\" data-src=\"https:\/\/odysee.com\/%24\/embed\/%40RTDE%3Ae%2Fbundestag-beschlie%C3%9Ft-gas-und-strompreisbremse%3Af\" frameborder=\"0\" width=\"853\" height=\"480\" allowfullscreen><\/iframe><\/div>\n<\/div>\n<p>Der Bundestag hat am Donnerstag die Gas- und Strompreisbremse gebilligt. Das beschlossene Gesetz sieht vor, dass der Gaspreis f\u00fcr Haushalte und kleine Unternehmen f\u00fcr 80 Prozent des Vorjahresverbrauchs auf zw\u00f6lf Cent pro Kilowattstunde und f\u00fcr Fernw\u00e4rme auf 9,5 Cent pro Kilowattstunde begrenzt wird. F\u00fcr Strom soll der Deckel bei 40 Cent pro Kilowattstunde liegen.<\/p>\n<p>Insgesamt hat die Regierung bis zu 200 Milliarden Euro f\u00fcr die Strom- und Gaspreisbremse in Aussicht gestellt. Der CDU-Abgeordnete Mark Helfrich kritisierte die Gesetzgebung als &#8220;Verbrennung des gro\u00dfen Geldes&#8221;. Sie w\u00fcrden die Energiepreise &#8220;k\u00fcnstlich hochhalten&#8221;, behauptete er.<\/p>\n<\/div>\n<\/div>\n<\/div>\n<\/div>\n<\/li>\n<li class=\"LiveUpdates-item Listing-item\">\n<div class=\"LiveUpdate-root\">\n<div class=\"LiveUpdate-date\">\n<p class=\"HeaderNews-root HeaderNews-type_6 \">\n                10:25 Uhr\n            <\/p>\n<\/div>\n<div class=\"LiveUpdate-content\">\n<div class=\"LiveUpdate-text\">\n<div class=\"Text-root Text-type_5 ViewText-root\">\n<p><strong>Bundesbank: Schrumpfende Wirtschaft und hohe Inflation 2023<\/strong><\/p>\n<p>Die Bundesbank rechnet im kommenden Jahr mit einem Wirtschaftseinbruch in Deutschland und \u00fcber 2023 hinaus mit hohen Teuerungsraten. &#8220;Die Wirtschaftsleistung d\u00fcrfte zwar zun\u00e4chst schrumpfen, ab der zweiten Jahresh\u00e4lfte 2023 erwarten wir jedoch eine allm\u00e4hliche Erholung&#8221;, erl\u00e4uterte Bundesbankpr\u00e4sident Joachim Nagel am Freitag die neuesten Prognosen der Notenbank. Allerdings verst\u00e4rke die Energiekrise die Inflation in Deutschland.<\/p>\n<p>Nach 1,8 Prozent Wachstum im laufenden Jahr rechnen die Fachleute der Bundesbank 2023 mit einem R\u00fcckgang des Bruttoinlandsprodukts (BIP) in Deutschland um 0,5 Prozent. Hohe Energiekosten infolge der massiven antirussischen Sanktionen belasten Unternehmen und Verbraucher. Wegen deutlich gestiegener Preise halten sich Privathaushalte beim Konsum zur\u00fcck.<\/p>\n<p>Im November lagen die Verbraucherpreise in Deutschland um 10 Prozent \u00fcber dem Niveau des Vorjahresmonats. Rasche Entspannung ist nicht in Sicht. &#8220;Die Inflation ist hoch und wird nur nach und nach zur\u00fcckgehen&#8221;, f\u00fchrte Nagel aus. F\u00fcr das kommende Jahr rechnet die Bundesbank mit einem R\u00fcckgang der Inflation von 8,6 Prozent auf 7,2 Prozent \u2013 auch wegen der staatlichen Strom- und Gaspreisbremse. 2024 sollte die Teuerungsrate \u2013 gemessen am f\u00fcr die Geldpolitik im Euroraum ma\u00dfgeblichen harmonisierten Verbraucherpreisindex (HVPI) \u2013 demnach auf 4,1 Prozent zur\u00fcckgehen.<\/p>\n<\/div>\n<\/div>\n<\/div>\n<\/div>\n<\/li>\n<li class=\"LiveUpdates-item Listing-item\">\n<div class=\"LiveUpdate-root\">\n<div class=\"LiveUpdate-date\">\n<p class=\"HeaderNews-root HeaderNews-type_6 \">\n                08:30 Uhr\n            <\/p>\n<\/div>\n<div class=\"LiveUpdate-content\">\n<div class=\"LiveUpdate-text\">\n<div class=\"Text-root Text-type_5 ViewText-root\">\n<p><strong>Weltweiter Kohleverbrauch wird 2022 wohl Rekordhoch erreichen<\/strong><\/p>\n<figure class=\"RTImage-root\">\n<div class=\"RTImage-image RTImage-original\"><picture class=\"Picture-root Picture-original\"><!--[if IE 9]><video style=\"display: none;\"><![endif]--><source media=\"(-webkit-min-device-pixel-ratio: 2) and (min-resolution: 120dpi)\" data-srcset=\" \nhttp:\/\/just-now.news\/de\/wp-content\/uploads\/sites\/3\/2022\/12\/639c0dd0b480cc605c208fa4.jpg 850w,\n                http:\/\/just-now.news\/de\/wp-content\/uploads\/sites\/3\/2022\/12\/639c0dd0b480cc605c208fa4.jpg 1960w,\n            \" ><source data-srcset=\" \nhttp:\/\/just-now.news\/de\/wp-content\/uploads\/sites\/3\/2022\/12\/639c0dd0b480cc605c208fa4.jpg 460w,\n              http:\/\/just-now.news\/de\/wp-content\/uploads\/sites\/3\/2022\/12\/639c0dd0b480cc605c208fa4.jpg 980w,\n            \" ><!--[if IE 9]><\/video><![endif]--><img decoding=\"async\" data- src=\"data:image\/png;base64,iVBORw0KGgoAAAANSUhEUgAAABAAAAAJCAQAAACRI2S5AAAAEElEQVR42mNkIAAYRxWAAQAG9gAKqv6+AwAAAABJRU5ErkJggg==\" class=\"Picture-root Picture-original lazyload\" data-src=\"http:\/\/just-now.news\/de\/wp-content\/uploads\/sites\/3\/2022\/12\/639c0dd0b480cc605c208fa4.jpg\" alt=\"\"><\/source><\/source><\/picture><!-- noscript pattern --><noscript><img decoding=\"async\" src=\"http:\/\/just-now.news\/de\/wp-content\/uploads\/sites\/3\/2022\/12\/639c0dd0b480cc605c208fa4.jpg\" alt=\"\"><\/noscript><\/div><figcaption class=\"RTImage-footer\"><span class=\"RTImage-caption\"><span class=\"RTImage-captionItem\">Symbolbild<\/span><\/span><span class=\"RTImage-source\"><span class=\"RTImage-captionItem\">Monty Rakusen<\/span><span class=\"RTImage-captionItem\"> \/ Gettyimages.ru<\/span><\/span><\/figcaption><\/figure>\n<p>Der weltweite Kohleverbrauch wird der Internationalen Energieagentur IEA\u00a0zufolge in diesem Jahr wohl so hoch liegen wie noch nie. Die Fachleute gehen davon aus, dass der Verbrauch des fossilen Brennstoffs 2022 erstmals \u00fcber 8 Milliarden Tonnen liegen wird und etwa 1,2 Prozent h\u00f6her als im vergangenen\u00a0Jahr. Einem am Freitag ver\u00f6ffentlichten Jahresbericht zufolge d\u00fcrfte der Kohleverbrauch bis 2025 auf diesem Niveau bleiben.<\/p>\n<p>&#8220;Die Welt ist nah an einem Scheitelpunkt der Nutzung fossiler Brennstoffe&#8221;, zitierte die IEA Keisuke Sadamori, Direktor f\u00fcr Energiem\u00e4rkte und Sicherheit bei der Agentur. Der Kohleverbrauch solle als erstes zur\u00fcckgehen, doch noch sei man nicht so weit. Es gebe jedoch viele Hinweise darauf, dass die aktuelle Krise etwa den Einsatz von Erneuerbaren und Heizpumpen beschleunige. Das werde die Nachfrage nach Kohle in den kommenden Jahren<\/p>\n<\/div>\n<\/div>\n<\/div>\n<\/div>\n<\/li>\n<li class=\"LiveUpdates-item Listing-item\">\n<div class=\"LiveUpdate-root\">\n<div class=\"LiveUpdate-date\">\n<p class=\"HeaderNews-root HeaderNews-type_6 \">\n                07:30 Uhr\n            <\/p>\n<\/div>\n<div class=\"LiveUpdate-content\">\n<div class=\"LiveUpdate-text\">\n<div class=\"Text-root Text-type_5 ViewText-root\">\n<p><strong>Von der Leyen sieht gro\u00dfe Schwierigkeiten f\u00fcr EU-Wirtschaft 2023<\/strong><\/p>\n<figure class=\"RTImage-root\">\n<div class=\"RTImage-image RTImage-original\"><picture class=\"Picture-root Picture-original\"><!--[if IE 9]><video style=\"display: none;\"><![endif]--><source media=\"(-webkit-min-device-pixel-ratio: 2) and (min-resolution: 120dpi)\" data-srcset=\" \nhttp:\/\/just-now.news\/de\/wp-content\/uploads\/sites\/3\/2022\/12\/639c0cf1b480cc60e23c8e84.jpg 850w,\n                http:\/\/just-now.news\/de\/wp-content\/uploads\/sites\/3\/2022\/12\/639c0cf1b480cc60e23c8e84.jpg 1960w,\n            \" ><source data-srcset=\" \nhttp:\/\/just-now.news\/de\/wp-content\/uploads\/sites\/3\/2022\/12\/639c0cf1b480cc60e23c8e84.jpg 460w,\n              http:\/\/just-now.news\/de\/wp-content\/uploads\/sites\/3\/2022\/12\/639c0cf1b480cc60e23c8e84.jpg 980w,\n            \" ><!--[if IE 9]><\/video><![endif]--><img decoding=\"async\" data- src=\"data:image\/png;base64,iVBORw0KGgoAAAANSUhEUgAAABAAAAAJCAQAAACRI2S5AAAAEElEQVR42mNkIAAYRxWAAQAG9gAKqv6+AwAAAABJRU5ErkJggg==\" class=\"Picture-root Picture-original lazyload\" data-src=\"http:\/\/just-now.news\/de\/wp-content\/uploads\/sites\/3\/2022\/12\/639c0cf1b480cc60e23c8e84.jpg\" alt=\"\"><\/source><\/source><\/picture><!-- noscript pattern --><noscript><img decoding=\"async\" src=\"http:\/\/just-now.news\/de\/wp-content\/uploads\/sites\/3\/2022\/12\/639c0cf1b480cc60e23c8e84.jpg\" alt=\"\"><\/noscript><\/div><figcaption class=\"RTImage-footer\"><span class=\"RTImage-caption\"><span class=\"RTImage-captionItem\">EU-Kommissionspr\u00e4sidentin Ursula von der Leyen (Br\u00fcssel, 15. Dezember 2022)<\/span><\/span><span class=\"RTImage-source\"><span class=\"RTImage-captionItem\">John THYS \/ AFP<\/span><span class=\"RTImage-captionItem\"> \/ AFP<\/span><\/span><\/figcaption><\/figure>\n<p>EU-Kommissionspr\u00e4sidentin Ursula von der Leyen hat die Menschen in Europa auf ein wirtschaftlich schwieriges Jahr 2023 eingeschworen. &#8220;Der Krieg hat massive Konsequenzen f\u00fcr unsere Wirtschaft, und das wird sich im n\u00e4chsten Jahr fortsetzen&#8221;, sagte sie beim EU-Gipfel am Donnerstag in Br\u00fcssel mit Blick den Ukraine Krieg. Die immensen antirussischen Sanktionen der EU benannte sie nicht als Grund.<\/p>\n<p>Von der Leyen betonte, eine prognostizierte L\u00fccke von 30 Milliarden Kubikmeter Erdgas im n\u00e4chsten Winter werde man zwar f\u00fcllen k\u00f6nnen. Man befinde sich aber weiterhin in einem Umfeld sehr hoher Energiepreise. Daher sei es wichtig, dass sich die EU-Staaten nicht gegenseitig \u00fcberb\u00f6ten, sondern ihre Marktmacht nutzten, um Gas zu kaufen.<\/p>\n<\/div>\n<\/div>\n<\/div>\n<\/div>\n<\/li>\n<li class=\"LiveUpdates-item Listing-item\">\n<div class=\"LiveUpdates-date\">\n<p class=\"HeaderNews-root HeaderNews-type_2 \">\n                15.12.2022 20:00 Uhr\n            <\/p>\n<\/div>\n<div class=\"LiveUpdate-root\">\n<div class=\"LiveUpdate-date\">\n<p class=\"HeaderNews-root HeaderNews-type_6 \">\n                20:00 Uhr\n            <\/p>\n<\/div>\n<div class=\"LiveUpdate-content\">\n<div class=\"LiveUpdate-text\">\n<div class=\"Text-root Text-type_5 ViewText-root\">\n<p><strong>Gasspeicher-F\u00fcllst\u00e4nde: Zwei von f\u00fcnf Indikatoren im &#8220;kritischen Bereich&#8221;<\/strong><\/p>\n<p>Die Energiekrise in der Bundesrepublik versch\u00e4rft sich weiter: Durch die eisigen Temperaturen in den vergangenen Tagen erh\u00f6ht sich der Gasverbrauch. Doch selbst wenn man diesen Effekt herausrechnet, gilt auch der temperaturbereinigte Gasverbrauch als kritisch. Die Bundesnetzagentur meldete am Donnerstag, dass zwei von f\u00fcnf Indikatoren im &#8220;kritischen&#8221; Bereich seien.<\/p>\n<p>Auf Grundlage der Zahlen der 49. Kalenderwoche lag der Gasverbrauch 5,2 Prozent unter dem Durchschnitt der vergangenen vier Jahre, im Vergleich zur Vorwoche stieg der Verbrauch sogar um 11,8 Prozent. Um einen Gasmangel in diesem Winter sicher zu vermeiden, m\u00fcssten eigentlich 20 bis 25 Prozent Gas eingespart werden. Laut Bundesnetzagentur wurde dieses Ziel damit &#8220;deutlich verfehlt&#8221;.<\/p>\n<p>Besonders deutlich gingen die Einsparungen in Privathaushalten zur\u00fcck: Im Vergleich zur Vorwoche sanken die Einsparungen von 13 auf drei Prozent. Grund daf\u00fcr d\u00fcrften die niedrigen Temperaturen sein, weshalb deutlich mehr geheizt wird. Auch in der Industrie sanken die Einsparungen von 12 auf sieben Prozent. Laut Bundesnetzagentur-Chef Klaus M\u00fcller h\u00e4nge dies vor allem mit der Verstromung von Gas zusammen, da Deutschland derzeit vermehrt Strom nach Frankreich exportiert.<\/p>\n<p>Die niedrigen Temperaturen k\u00f6nnen den Effekt jedoch nicht allein erkl\u00e4ren: Nach Angaben der Bundesnetzagentur lag die\u00a0temperaturbereinigte Einsparung insgesamt lediglich bei 12 Prozent. Die Ursachen hierf\u00fcr sind unklar. Der hohe Gasverbrauch f\u00fchrt auf jeden Fall dazu, dass sich die Gasspeicher schneller leeren. Am Dienstag sanken die Speicherf\u00fcllst\u00e4nde um 1,2 Prozent auf 91,26 Prozent, die 90-Prozent-Marke d\u00fcrfte demn\u00e4chst unterschritten werden.<\/p>\n<\/div>\n<\/div>\n<\/div>\n<\/div>\n<\/li>\n<li class=\"LiveUpdates-item Listing-item\">\n<div class=\"LiveUpdate-root\">\n<div class=\"LiveUpdate-date\">\n<p class=\"HeaderNews-root HeaderNews-type_6 \">\n                15:30 Uhr\n            <\/p>\n<\/div>\n<div class=\"LiveUpdate-content\">\n<div class=\"LiveUpdate-text\">\n<div class=\"Text-root Text-type_5 ViewText-root\">\n<p><strong>Ein Prozent Gas aus Speicher an einem Tag \u2013 Einhorn &#8220;nicht in Sorge&#8221; \u00fcber deutsche Gasspeicher<\/strong><\/p>\n<div class=\"EmbedBlock-root EmbedBlock-externalVideo EmbedBlock-vk\">\n<div class=\"VkEmbed\"><iframe class=\"lazyload\" data-src=\"https:\/\/vk.com\/video_ext.php?oid=-134310637&amp;id=456261381&amp;hash=3d6fce9ce9d21bc2\" frameborder=\"0\" width=\"853\" height=\"480\" allowfullscreen><\/iframe><\/div>\n<\/div>\n<p>Was die Gasversorgung angeht, &#8220;l\u00e4uft soweit alles nach Plan&#8221;, sagte Annika Einhorn, die Pressesprecherin des Bundeswirtschaftsministeriums am Mittwoch auf der w\u00f6chentlichen Pressekonferenz der Bundesregierung in Berlin. Auf diesbez\u00fcgliche Fragen eines Journalisten antwortete sie, dass die Lagerbest\u00e4nde immer noch \u00fcber 90 Prozent liegen.<\/p>\n<p>Nach Angaben der Bundesnetzagentur reduzierte sich der F\u00fcllstand jedoch allein am Montag um einen Prozent.\u00a0In einem Interview mit dem ZDF sagte Beh\u00f6rdenchef Klaus M\u00fcller, dass der Dezember immer noch einer der k\u00e4ltesten seit einem Jahrzehnt werden k\u00f6nne. Daher mahnt er eindringlich zum Gassparen, sowohl in der Wirtschaft als auch in Privathaushalten.<\/p>\n<\/div>\n<\/div>\n<\/div>\n<\/div>\n<\/li>\n<\/ul>\n<div class=\"Listing-isReact\" data-rtmodule=\"Listing\" onload=\"return {\n                page: '1',\n                limit: '10',\n                listing: '\/listing\/parent.6337e74248fbef5b3c62f1db\/noprepare\/liveupdates\/10\/1',\n            };\"><\/div>\n<\/div>\n<\/div>\n<\/div>\n<p><script async defer src=\"https:\/\/platform.instagram.com\/en_US\/embeds.js\"><\/script><br \/>\n<br \/><br \/>\n<br \/><a href=\"https:\/\/de.rt.com\/wirtschaft\/150363-krisen-und-insolvenzticker-moskau-eu\/\">Source link <\/a><\/p>\n","protected":false},"excerpt":{"rendered":"<p>Die deutsche Wirtschaft rutscht immer tiefer in die Krise. Unter dem Druck dramatisch steigender Energiekosten und anderer ung\u00fcnstiger Rahmenbedingungen sind allein in diesem Jahr tausende Unternehmen insolvent gegangen. Wir fassen in diesem Ticker die wichtigsten Entwicklungen und Neuigkeiten zusammen. 19.12.2022 21:10 Uhr 21:10 Uhr Moskau: EU-Gaspreisdeckel ist &#8220;inakzeptabel&#8221; Emile Alain Ducke\/dpa \/ www.globallookpress.com Nachdem sich [&hellip;]<\/p>\n","protected":false},"author":3,"featured_media":25829,"comment_status":"open","ping_status":"open","sticky":false,"template":"","format":"standard","meta":{"_yoast_indexnow_last_ping":["1671480914"],"wp_automatic_camp":["217"],"7bbffb127ccedcf75ef3de5dc3e1052f":["Krisen- und Insolvenzticker \u2013 Moskau: EU-Gaspreisdeckel ist &quot;inakzeptabel&quot;"],"original_link":["https:\/\/de.rt.com\/wirtschaft\/150363-krisen-und-insolvenzticker-moskau-eu\/"],"_thumbnail_id":["25829"],"_wptgpro_p2tg_sent2tg":["a:1:{i:23737;s:19:\"2022-12-19 22:16:45\";}"],"jnews_social_counter_last_update":["1777192114"]},"categories":[19,23],"tags":[34702,33683,414,2667,946,31503,140],"yoast_head":"<!-- This site is optimized with the Yoast SEO Premium plugin v22.7 (Yoast SEO v22.7) - https:\/\/yoast.com\/wordpress\/plugins\/seo\/ -->\n<title>Krisen- und Insolvenzticker \u2013 Moskau: EU-Gaspreisdeckel ist &quot;inakzeptabel&quot; - just-now.NEWS Deutschland<\/title>\n<meta name=\"robots\" content=\"index, follow, max-snippet:-1, max-image-preview:large, max-video-preview:-1\" \/>\n<link rel=\"canonical\" href=\"https:\/\/now-news.de\/de\/deutschland\/krisen-und-insolvenzticker-moskau-eu-gaspreisdeckel-ist-inakzeptabel\/\" \/>\n<meta property=\"og:locale\" content=\"de_DE\" \/>\n<meta property=\"og:type\" content=\"article\" \/>\n<meta property=\"og:title\" content=\"Krisen- und Insolvenzticker \u2013 Moskau: EU-Gaspreisdeckel ist &quot;inakzeptabel&quot;\" \/>\n<meta property=\"og:description\" content=\"Die deutsche Wirtschaft rutscht immer tiefer in die Krise. Unter dem Druck dramatisch steigender Energiekosten und anderer ung\u00fcnstiger Rahmenbedingungen sind allein in diesem Jahr tausende Unternehmen insolvent gegangen. Wir fassen in diesem Ticker die wichtigsten Entwicklungen und Neuigkeiten zusammen. 19.12.2022 21:10 Uhr 21:10 Uhr Moskau: EU-Gaspreisdeckel ist &#8220;inakzeptabel&#8221; Emile Alain Ducke\/dpa \/ www.globallookpress.com Nachdem sich [&hellip;]\" \/>\n<meta property=\"og:url\" content=\"https:\/\/now-news.de\/de\/deutschland\/krisen-und-insolvenzticker-moskau-eu-gaspreisdeckel-ist-inakzeptabel\/\" \/>\n<meta property=\"og:site_name\" content=\"just-now.NEWS Deutschland\" \/>\n<meta property=\"article:publisher\" content=\"https:\/\/www.facebook.com\/wirmachenauf\" \/>\n<meta property=\"article:published_time\" content=\"2022-12-19T20:00:00+00:00\" \/>\n<meta property=\"og:image\" content=\"https:\/\/now-news.de\/de\/wp-content\/uploads\/sites\/3\/2022\/12\/Krisen-und-Insolvenzticker-\u2013-Moskau-EU-Gaspreisdeckel-ist-quotinakzeptabelquot.jpg\" \/>\n\t<meta property=\"og:image:width\" content=\"1620\" \/>\n\t<meta property=\"og:image:height\" content=\"1080\" \/>\n\t<meta property=\"og:image:type\" content=\"image\/jpeg\" \/>\n<meta name=\"author\" content=\"rtnews\" \/>\n<meta name=\"twitter:card\" content=\"summary_large_image\" \/>\n<meta name=\"twitter:creator\" content=\"@WirMachenAuf_de\" \/>\n<meta name=\"twitter:site\" content=\"@WirMachenAuf_de\" \/>\n<meta name=\"twitter:label1\" content=\"Verfasst von\" \/>\n\t<meta name=\"twitter:data1\" content=\"rtnews\" \/>\n\t<meta name=\"twitter:label2\" content=\"Gesch\u00e4tzte Lesezeit\" \/>\n\t<meta name=\"twitter:data2\" content=\"9\u00a0Minuten\" \/>\n<script type=\"application\/ld+json\" class=\"yoast-schema-graph\">{\"@context\":\"https:\/\/schema.org\",\"@graph\":[{\"@type\":\"Article\",\"@id\":\"https:\/\/now-news.de\/de\/deutschland\/krisen-und-insolvenzticker-moskau-eu-gaspreisdeckel-ist-inakzeptabel\/#article\",\"isPartOf\":{\"@id\":\"https:\/\/now-news.de\/de\/deutschland\/krisen-und-insolvenzticker-moskau-eu-gaspreisdeckel-ist-inakzeptabel\/\"},\"author\":{\"name\":\"rtnews\",\"@id\":\"https:\/\/now-news.de\/de\/#\/schema\/person\/fb534a4e865501d8b3285208df34a9b5\"},\"headline\":\"Krisen- und Insolvenzticker \u2013 Moskau: EU-Gaspreisdeckel ist &quot;inakzeptabel&quot;\",\"datePublished\":\"2022-12-19T20:00:00+00:00\",\"dateModified\":\"2022-12-19T20:00:00+00:00\",\"mainEntityOfPage\":{\"@id\":\"https:\/\/now-news.de\/de\/deutschland\/krisen-und-insolvenzticker-moskau-eu-gaspreisdeckel-ist-inakzeptabel\/\"},\"wordCount\":1829,\"commentCount\":0,\"publisher\":{\"@id\":\"https:\/\/now-news.de\/de\/#organization\"},\"image\":{\"@id\":\"https:\/\/now-news.de\/de\/deutschland\/krisen-und-insolvenzticker-moskau-eu-gaspreisdeckel-ist-inakzeptabel\/#primaryimage\"},\"thumbnailUrl\":\"https:\/\/now-news.de\/de\/wp-content\/uploads\/sites\/3\/2022\/12\/Krisen-und-Insolvenzticker-\u2013-Moskau-EU-Gaspreisdeckel-ist-quotinakzeptabelquot.jpg\",\"keywords\":[\"EUGaspreisdeckel\",\"Insolvenzticker\",\"ist\",\"Krisen\",\"Moskau\",\"quotinakzeptabelquot\",\"und\"],\"articleSection\":[\"Deutschland\",\"Russland\"],\"inLanguage\":\"de\",\"potentialAction\":[{\"@type\":\"CommentAction\",\"name\":\"Comment\",\"target\":[\"https:\/\/now-news.de\/de\/deutschland\/krisen-und-insolvenzticker-moskau-eu-gaspreisdeckel-ist-inakzeptabel\/#respond\"]}]},{\"@type\":\"WebPage\",\"@id\":\"https:\/\/now-news.de\/de\/deutschland\/krisen-und-insolvenzticker-moskau-eu-gaspreisdeckel-ist-inakzeptabel\/\",\"url\":\"https:\/\/now-news.de\/de\/deutschland\/krisen-und-insolvenzticker-moskau-eu-gaspreisdeckel-ist-inakzeptabel\/\",\"name\":\"Krisen- und Insolvenzticker \u2013 Moskau: EU-Gaspreisdeckel ist &quot;inakzeptabel&quot; - just-now.NEWS Deutschland\",\"isPartOf\":{\"@id\":\"https:\/\/now-news.de\/de\/#website\"},\"primaryImageOfPage\":{\"@id\":\"https:\/\/now-news.de\/de\/deutschland\/krisen-und-insolvenzticker-moskau-eu-gaspreisdeckel-ist-inakzeptabel\/#primaryimage\"},\"image\":{\"@id\":\"https:\/\/now-news.de\/de\/deutschland\/krisen-und-insolvenzticker-moskau-eu-gaspreisdeckel-ist-inakzeptabel\/#primaryimage\"},\"thumbnailUrl\":\"https:\/\/now-news.de\/de\/wp-content\/uploads\/sites\/3\/2022\/12\/Krisen-und-Insolvenzticker-\u2013-Moskau-EU-Gaspreisdeckel-ist-quotinakzeptabelquot.jpg\",\"datePublished\":\"2022-12-19T20:00:00+00:00\",\"dateModified\":\"2022-12-19T20:00:00+00:00\",\"breadcrumb\":{\"@id\":\"https:\/\/now-news.de\/de\/deutschland\/krisen-und-insolvenzticker-moskau-eu-gaspreisdeckel-ist-inakzeptabel\/#breadcrumb\"},\"inLanguage\":\"de\",\"potentialAction\":[{\"@type\":\"ReadAction\",\"target\":[\"https:\/\/now-news.de\/de\/deutschland\/krisen-und-insolvenzticker-moskau-eu-gaspreisdeckel-ist-inakzeptabel\/\"]}]},{\"@type\":\"ImageObject\",\"inLanguage\":\"de\",\"@id\":\"https:\/\/now-news.de\/de\/deutschland\/krisen-und-insolvenzticker-moskau-eu-gaspreisdeckel-ist-inakzeptabel\/#primaryimage\",\"url\":\"https:\/\/now-news.de\/de\/wp-content\/uploads\/sites\/3\/2022\/12\/Krisen-und-Insolvenzticker-\u2013-Moskau-EU-Gaspreisdeckel-ist-quotinakzeptabelquot.jpg\",\"contentUrl\":\"https:\/\/now-news.de\/de\/wp-content\/uploads\/sites\/3\/2022\/12\/Krisen-und-Insolvenzticker-\u2013-Moskau-EU-Gaspreisdeckel-ist-quotinakzeptabelquot.jpg\",\"width\":1620,\"height\":1080,\"caption\":\"Krisen- und Insolvenzticker \u2013 Moskau: EU-Gaspreisdeckel ist &quot;inakzeptabel&quot;\"},{\"@type\":\"BreadcrumbList\",\"@id\":\"https:\/\/now-news.de\/de\/deutschland\/krisen-und-insolvenzticker-moskau-eu-gaspreisdeckel-ist-inakzeptabel\/#breadcrumb\",\"itemListElement\":[{\"@type\":\"ListItem\",\"position\":1,\"name\":\"Home\",\"item\":\"https:\/\/now-news.de\/de\/\"},{\"@type\":\"ListItem\",\"position\":2,\"name\":\"Krisen- und Insolvenzticker \u2013 Moskau: EU-Gaspreisdeckel ist &quot;inakzeptabel&quot;\"}]},{\"@type\":\"WebSite\",\"@id\":\"https:\/\/now-news.de\/de\/#website\",\"url\":\"https:\/\/now-news.de\/de\/\",\"name\":\"just-now.NEWS Deutschland\",\"description\":\"Das Portal f\u00fcr unzensierte Nachrichten aus der Welt\",\"publisher\":{\"@id\":\"https:\/\/now-news.de\/de\/#organization\"},\"potentialAction\":[{\"@type\":\"SearchAction\",\"target\":{\"@type\":\"EntryPoint\",\"urlTemplate\":\"https:\/\/now-news.de\/de\/?s={search_term_string}\"},\"query-input\":\"required name=search_term_string\"}],\"inLanguage\":\"de\"},{\"@type\":\"Organization\",\"@id\":\"https:\/\/now-news.de\/de\/#organization\",\"name\":\"Just Now News\",\"url\":\"https:\/\/now-news.de\/de\/\",\"logo\":{\"@type\":\"ImageObject\",\"inLanguage\":\"de\",\"@id\":\"https:\/\/now-news.de\/de\/#\/schema\/logo\/image\/\",\"url\":\"http:\/\/just-now.news\/de\/wp-content\/uploads\/sites\/3\/2022\/04\/logo500x500.jpg\",\"contentUrl\":\"http:\/\/just-now.news\/de\/wp-content\/uploads\/sites\/3\/2022\/04\/logo500x500.jpg\",\"width\":500,\"height\":500,\"caption\":\"Just Now News\"},\"image\":{\"@id\":\"https:\/\/now-news.de\/de\/#\/schema\/logo\/image\/\"},\"sameAs\":[\"https:\/\/www.facebook.com\/wirmachenauf\",\"https:\/\/x.com\/WirMachenAuf_de\"]},{\"@type\":\"Person\",\"@id\":\"https:\/\/now-news.de\/de\/#\/schema\/person\/fb534a4e865501d8b3285208df34a9b5\",\"name\":\"rtnews\",\"image\":{\"@type\":\"ImageObject\",\"inLanguage\":\"de\",\"@id\":\"https:\/\/now-news.de\/de\/#\/schema\/person\/image\/\",\"url\":\"https:\/\/secure.gravatar.com\/avatar\/82aafea7d8127119dd649515f56e2117?s=96&d=mm&r=g\",\"contentUrl\":\"https:\/\/secure.gravatar.com\/avatar\/82aafea7d8127119dd649515f56e2117?s=96&d=mm&r=g\",\"caption\":\"rtnews\"},\"url\":\"https:\/\/now-news.de\/de\/author\/rnews\/\"}]}<\/script>\n<!-- \/ Yoast SEO Premium plugin. -->","yoast_head_json":{"title":"Krisen- und Insolvenzticker \u2013 Moskau: EU-Gaspreisdeckel ist &quot;inakzeptabel&quot; - just-now.NEWS Deutschland","robots":{"index":"index","follow":"follow","max-snippet":"max-snippet:-1","max-image-preview":"max-image-preview:large","max-video-preview":"max-video-preview:-1"},"canonical":"https:\/\/now-news.de\/de\/deutschland\/krisen-und-insolvenzticker-moskau-eu-gaspreisdeckel-ist-inakzeptabel\/","og_locale":"de_DE","og_type":"article","og_title":"Krisen- und Insolvenzticker \u2013 Moskau: EU-Gaspreisdeckel ist &quot;inakzeptabel&quot;","og_description":"Die deutsche Wirtschaft rutscht immer tiefer in die Krise. Unter dem Druck dramatisch steigender Energiekosten und anderer ung\u00fcnstiger Rahmenbedingungen sind allein in diesem Jahr tausende Unternehmen insolvent gegangen. Wir fassen in diesem Ticker die wichtigsten Entwicklungen und Neuigkeiten zusammen. 19.12.2022 21:10 Uhr 21:10 Uhr Moskau: EU-Gaspreisdeckel ist &#8220;inakzeptabel&#8221; Emile Alain Ducke\/dpa \/ www.globallookpress.com Nachdem sich [&hellip;]","og_url":"https:\/\/now-news.de\/de\/deutschland\/krisen-und-insolvenzticker-moskau-eu-gaspreisdeckel-ist-inakzeptabel\/","og_site_name":"just-now.NEWS Deutschland","article_publisher":"https:\/\/www.facebook.com\/wirmachenauf","article_published_time":"2022-12-19T20:00:00+00:00","og_image":[{"width":1620,"height":1080,"url":"https:\/\/now-news.de\/de\/wp-content\/uploads\/sites\/3\/2022\/12\/Krisen-und-Insolvenzticker-\u2013-Moskau-EU-Gaspreisdeckel-ist-quotinakzeptabelquot.jpg","type":"image\/jpeg"}],"author":"rtnews","twitter_card":"summary_large_image","twitter_creator":"@WirMachenAuf_de","twitter_site":"@WirMachenAuf_de","twitter_misc":{"Verfasst von":"rtnews","Gesch\u00e4tzte Lesezeit":"9\u00a0Minuten"},"schema":{"@context":"https:\/\/schema.org","@graph":[{"@type":"Article","@id":"https:\/\/now-news.de\/de\/deutschland\/krisen-und-insolvenzticker-moskau-eu-gaspreisdeckel-ist-inakzeptabel\/#article","isPartOf":{"@id":"https:\/\/now-news.de\/de\/deutschland\/krisen-und-insolvenzticker-moskau-eu-gaspreisdeckel-ist-inakzeptabel\/"},"author":{"name":"rtnews","@id":"https:\/\/now-news.de\/de\/#\/schema\/person\/fb534a4e865501d8b3285208df34a9b5"},"headline":"Krisen- und Insolvenzticker \u2013 Moskau: EU-Gaspreisdeckel ist &quot;inakzeptabel&quot;","datePublished":"2022-12-19T20:00:00+00:00","dateModified":"2022-12-19T20:00:00+00:00","mainEntityOfPage":{"@id":"https:\/\/now-news.de\/de\/deutschland\/krisen-und-insolvenzticker-moskau-eu-gaspreisdeckel-ist-inakzeptabel\/"},"wordCount":1829,"commentCount":0,"publisher":{"@id":"https:\/\/now-news.de\/de\/#organization"},"image":{"@id":"https:\/\/now-news.de\/de\/deutschland\/krisen-und-insolvenzticker-moskau-eu-gaspreisdeckel-ist-inakzeptabel\/#primaryimage"},"thumbnailUrl":"https:\/\/now-news.de\/de\/wp-content\/uploads\/sites\/3\/2022\/12\/Krisen-und-Insolvenzticker-\u2013-Moskau-EU-Gaspreisdeckel-ist-quotinakzeptabelquot.jpg","keywords":["EUGaspreisdeckel","Insolvenzticker","ist","Krisen","Moskau","quotinakzeptabelquot","und"],"articleSection":["Deutschland","Russland"],"inLanguage":"de","potentialAction":[{"@type":"CommentAction","name":"Comment","target":["https:\/\/now-news.de\/de\/deutschland\/krisen-und-insolvenzticker-moskau-eu-gaspreisdeckel-ist-inakzeptabel\/#respond"]}]},{"@type":"WebPage","@id":"https:\/\/now-news.de\/de\/deutschland\/krisen-und-insolvenzticker-moskau-eu-gaspreisdeckel-ist-inakzeptabel\/","url":"https:\/\/now-news.de\/de\/deutschland\/krisen-und-insolvenzticker-moskau-eu-gaspreisdeckel-ist-inakzeptabel\/","name":"Krisen- und Insolvenzticker \u2013 Moskau: EU-Gaspreisdeckel ist &quot;inakzeptabel&quot; - just-now.NEWS Deutschland","isPartOf":{"@id":"https:\/\/now-news.de\/de\/#website"},"primaryImageOfPage":{"@id":"https:\/\/now-news.de\/de\/deutschland\/krisen-und-insolvenzticker-moskau-eu-gaspreisdeckel-ist-inakzeptabel\/#primaryimage"},"image":{"@id":"https:\/\/now-news.de\/de\/deutschland\/krisen-und-insolvenzticker-moskau-eu-gaspreisdeckel-ist-inakzeptabel\/#primaryimage"},"thumbnailUrl":"https:\/\/now-news.de\/de\/wp-content\/uploads\/sites\/3\/2022\/12\/Krisen-und-Insolvenzticker-\u2013-Moskau-EU-Gaspreisdeckel-ist-quotinakzeptabelquot.jpg","datePublished":"2022-12-19T20:00:00+00:00","dateModified":"2022-12-19T20:00:00+00:00","breadcrumb":{"@id":"https:\/\/now-news.de\/de\/deutschland\/krisen-und-insolvenzticker-moskau-eu-gaspreisdeckel-ist-inakzeptabel\/#breadcrumb"},"inLanguage":"de","potentialAction":[{"@type":"ReadAction","target":["https:\/\/now-news.de\/de\/deutschland\/krisen-und-insolvenzticker-moskau-eu-gaspreisdeckel-ist-inakzeptabel\/"]}]},{"@type":"ImageObject","inLanguage":"de","@id":"https:\/\/now-news.de\/de\/deutschland\/krisen-und-insolvenzticker-moskau-eu-gaspreisdeckel-ist-inakzeptabel\/#primaryimage","url":"https:\/\/now-news.de\/de\/wp-content\/uploads\/sites\/3\/2022\/12\/Krisen-und-Insolvenzticker-\u2013-Moskau-EU-Gaspreisdeckel-ist-quotinakzeptabelquot.jpg","contentUrl":"https:\/\/now-news.de\/de\/wp-content\/uploads\/sites\/3\/2022\/12\/Krisen-und-Insolvenzticker-\u2013-Moskau-EU-Gaspreisdeckel-ist-quotinakzeptabelquot.jpg","width":1620,"height":1080,"caption":"Krisen- und Insolvenzticker \u2013 Moskau: EU-Gaspreisdeckel ist &quot;inakzeptabel&quot;"},{"@type":"BreadcrumbList","@id":"https:\/\/now-news.de\/de\/deutschland\/krisen-und-insolvenzticker-moskau-eu-gaspreisdeckel-ist-inakzeptabel\/#breadcrumb","itemListElement":[{"@type":"ListItem","position":1,"name":"Home","item":"https:\/\/now-news.de\/de\/"},{"@type":"ListItem","position":2,"name":"Krisen- und Insolvenzticker \u2013 Moskau: EU-Gaspreisdeckel ist &quot;inakzeptabel&quot;"}]},{"@type":"WebSite","@id":"https:\/\/now-news.de\/de\/#website","url":"https:\/\/now-news.de\/de\/","name":"just-now.NEWS Deutschland","description":"Das Portal f\u00fcr unzensierte Nachrichten aus der Welt","publisher":{"@id":"https:\/\/now-news.de\/de\/#organization"},"potentialAction":[{"@type":"SearchAction","target":{"@type":"EntryPoint","urlTemplate":"https:\/\/now-news.de\/de\/?s={search_term_string}"},"query-input":"required name=search_term_string"}],"inLanguage":"de"},{"@type":"Organization","@id":"https:\/\/now-news.de\/de\/#organization","name":"Just Now News","url":"https:\/\/now-news.de\/de\/","logo":{"@type":"ImageObject","inLanguage":"de","@id":"https:\/\/now-news.de\/de\/#\/schema\/logo\/image\/","url":"http:\/\/just-now.news\/de\/wp-content\/uploads\/sites\/3\/2022\/04\/logo500x500.jpg","contentUrl":"http:\/\/just-now.news\/de\/wp-content\/uploads\/sites\/3\/2022\/04\/logo500x500.jpg","width":500,"height":500,"caption":"Just Now News"},"image":{"@id":"https:\/\/now-news.de\/de\/#\/schema\/logo\/image\/"},"sameAs":["https:\/\/www.facebook.com\/wirmachenauf","https:\/\/x.com\/WirMachenAuf_de"]},{"@type":"Person","@id":"https:\/\/now-news.de\/de\/#\/schema\/person\/fb534a4e865501d8b3285208df34a9b5","name":"rtnews","image":{"@type":"ImageObject","inLanguage":"de","@id":"https:\/\/now-news.de\/de\/#\/schema\/person\/image\/","url":"https:\/\/secure.gravatar.com\/avatar\/82aafea7d8127119dd649515f56e2117?s=96&d=mm&r=g","contentUrl":"https:\/\/secure.gravatar.com\/avatar\/82aafea7d8127119dd649515f56e2117?s=96&d=mm&r=g","caption":"rtnews"},"url":"https:\/\/now-news.de\/de\/author\/rnews\/"}]}},"_links":{"self":[{"href":"https:\/\/now-news.de\/de\/wp-json\/wp\/v2\/posts\/25828"}],"collection":[{"href":"https:\/\/now-news.de\/de\/wp-json\/wp\/v2\/posts"}],"about":[{"href":"https:\/\/now-news.de\/de\/wp-json\/wp\/v2\/types\/post"}],"author":[{"embeddable":true,"href":"https:\/\/now-news.de\/de\/wp-json\/wp\/v2\/users\/3"}],"replies":[{"embeddable":true,"href":"https:\/\/now-news.de\/de\/wp-json\/wp\/v2\/comments?post=25828"}],"version-history":[{"count":0,"href":"https:\/\/now-news.de\/de\/wp-json\/wp\/v2\/posts\/25828\/revisions"}],"wp:featuredmedia":[{"embeddable":true,"href":"https:\/\/now-news.de\/de\/wp-json\/wp\/v2\/media\/25829"}],"wp:attachment":[{"href":"https:\/\/now-news.de\/de\/wp-json\/wp\/v2\/media?parent=25828"}],"wp:term":[{"taxonomy":"category","embeddable":true,"href":"https:\/\/now-news.de\/de\/wp-json\/wp\/v2\/categories?post=25828"},{"taxonomy":"post_tag","embeddable":true,"href":"https:\/\/now-news.de\/de\/wp-json\/wp\/v2\/tags?post=25828"}],"curies":[{"name":"wp","href":"https:\/\/api.w.org\/{rel}","templated":true}]}}