{"id":25597,"date":"2022-12-16T19:00:11","date_gmt":"2022-12-16T17:00:11","guid":{"rendered":"http:\/\/just-now.news\/de\/deutschland\/wenn-blinder-hass-die-feder-fuehrt-%e2%80%92-wer-hat-angst-vorm-russischen-haus\/"},"modified":"2022-12-16T19:00:11","modified_gmt":"2022-12-16T17:00:11","slug":"wenn-blinder-hass-die-feder-fuehrt-%e2%80%92-wer-hat-angst-vorm-russischen-haus","status":"publish","type":"post","link":"https:\/\/now-news.de\/de\/deutschland\/wenn-blinder-hass-die-feder-fuehrt-%e2%80%92-wer-hat-angst-vorm-russischen-haus\/","title":{"rendered":"Wenn blinder Hass die Feder f\u00fchrt \u2012 Wer hat Angst vorm Russischen Haus?"},"content":{"rendered":"<p><img decoding=\"async\" src=\"http:\/\/just-now.news\/de\/wp-content\/uploads\/sites\/3\/2022\/12\/639c77d348fbef0cbf70a42c.JPG\" \/><\/p>\n<div class=\"Text-root Text-type_1 \">\n                Das &#8220;Russische Haus&#8221; in Berlin ist eine Kulturbotschaft. Mit seinen Veranstaltungen bereichert es seit 38 Jahren das gesellschaftliche Leben der Stadt. Nun ist es publizistischen und politischen Anfeindungen ausgesetzt, f\u00fcr die es au\u00dfer in den dunklen deutschen Nazi-Jahren keine Beispiele gibt.\n            <\/div>\n<p><\/p>\n<div class=\"Text-root Text-type_5 ArticleView-text ViewText-root \">\n<p><em>Von Anton Gentzen<\/em><\/p>\n<p>Seit Februar kehre ich in Gedanken immer wieder in das Jahr 2003 zur\u00fcck. In das Jahr, in dem eine &#8220;Koalition der Willigen&#8221;, angef\u00fchrt von Gro\u00dfbritannien und den USA, unter fadenscheinigen Vorw\u00e4nden den Irak \u00fcberfiel. Ich muss daran denken, wie ich meinen Respekt vor der deutschen V\u00f6lkerrechtslehre verloren habe, als sich die Damen und Herren Professoren einhellig wie auf Befehl daran machten, das Vorgehen der &#8220;freien Welt&#8221; zu rechtfertigen. Wie sie das &#8220;Recht der pr\u00e4emptiven Selbstverteidigung&#8221; erfanden, auf das sich Russland heute neben anderen Argumenten berufen will. Wie die wenigen Stimmen, die dagegenhielten, aus der \u00f6ffentlichen Diskussion verbannt wurden und bestenfalls in studentischen Zeitschriften publizieren konnten. Wie Kritiker marginalisiert und pauschal des &#8220;Antiamerikanismus&#8221; beschuldigt, diffamiert und zersetzt wurden.\u00a0<\/p>\n<p>Als Kriegsgegner war ich damals auf fast jeder Protestdemo. W\u00fctend war ich und verbal wenig zur\u00fcckhaltend. Woran ich mich jedoch nicht erinnern kann, ist, dass ich auch nur einen Augenblick lang ein Ressentiment gegen die amerikanische oder britische Kultur, Literatur, Musik und Lebensweise versp\u00fcrte. Auch wenn uns die ausdr\u00fcckliche Position oder das auff\u00e4llige Schweigen des einen oder anderen K\u00fcnstlers oder Schauspielers entt\u00e4uschte, h\u00f6rten wir doch weiter ihre Alben und sahen ihre Filme. Bestenfalls ging man nicht mehr zu McDonald&#8217;s, doch niemand kam auf die Idee, alle Filialen deutschlandweit schlie\u00dfen zu wollen. Das eine hatte mit dem anderen nichts zu tun, wie ich heute immer noch meine.<\/p>\n<p>Hatte damals jemand von uns &#8220;Amerikafeinden&#8221; gefordert, Direktfl\u00fcge in die USA zu streichen, amerikanische Sender zu verbieten, Kultur zu &#8220;canceln&#8221;? Nein, nat\u00fcrlich nicht. Es war au\u00dferhalb der Vorstellungskraft.<\/p>\n<p><strong>Was genau hat Deutschland aus seiner Geschichte gelernt?<\/strong>\u00a0<\/p>\n<p>Seit Februar 2022 l\u00e4uft alles anders, und ich frage mich warum. Warum konnten Direktfl\u00fcge und Bahnverbindungen nach Russland ohne Widerspruch gestrichen werden, obwohl in Deutschland Millionen Menschen leben, die mit Russland pers\u00f6nlich verbunden sind. F\u00fcr die das Leben weitergehen muss, so wie es damals f\u00fcr einfache Briten und Amerikaner weiterging? Warum wird es als Wohltat gesehen, russische Medien zu verbieten, Russen die Einreise zu verweigern, russische Stimmen zum Verstummen zu bringen? Wo ist der Anstand einiger Zeitgenossen geblieben, die\u00a0vorher vern\u00fcnftig schienen, aber heute bei der Vorstellung, dass deutsche Waffen wieder russische Soldaten und Zivilisten t\u00f6ten, einen offen zur Schau gestellten Orgasmus zelebrieren?\u00a0<\/p>\n<p>Ist im Durchschnittsdeutschen nach 1945 etwa tats\u00e4chlich noch so viel Nazi-Ideologie h\u00e4ngen geblieben? Hat er aus seiner Geschichte nur gelernt, den USA gegen\u00fcber sklavisch gehorsam zu sein, nicht aber das, was er eigentlich h\u00e4tte lernen m\u00fcssen: sich niemals wieder in \u00fcberheblicher Art \u00fcber andere V\u00f6lker, egal welche, zu stellen?\u00a0<\/p>\n<p>Was zeigt die unterschiedliche Behandlung der USA und Russlands bei zumindest oberfl\u00e4chlich vergleichbaren Sachverhalten anderes, als dass der deutsche Mainstream voller rassistischer Ressentiments ist wie eh und je.<\/p>\n<p><strong>Wer hat Angst vor dem &#8220;Russischen Haus&#8221;?<\/strong>\u00a0<\/p>\n<p>W\u00e4hrend Frankreich in nahezu jeder Gro\u00dfstadt ein &#8220;Institut fran\u00e7ais&#8221; und Gro\u00dfbritannien ein &#8220;British Council&#8221; unterh\u00e4lt, betreibt Russland in Deutschland aktuell eine einzige Kulturbotschaft: das &#8220;Russische Haus&#8221; in Berlin.\u00a0<\/p>\n<p>Es veranstaltet Sprachkurse und Filmvorf\u00fchrungen, Ausstellungen und Auftritte russischer Kulturschaffender. Alles Selbstverst\u00e4ndlichkeiten. Eine Bereicherung des Kulturlebens, ein Fenster zu einer wenig bekannten Zivilisation. Wie kann man etwas dagegen haben? Wer nicht will, geht einfach nicht hin. Und l\u00e4sst denen, die hingehen wollen, die Freiheiten und M\u00f6glichkeiten, die das Haus bietet.\u00a0<\/p>\n<p>Und doch finden sich in Deutschland Zeitgenossen, denen das &#8220;Russische Haus&#8221; ein Dorn im Auge ist. Nicht erst seit dem 24. Februar, wobei seitdem so manche Maske der Zivilit\u00e4t gefallen ist und so manche rassistische Fratze dahinter hervortrat. Pl\u00f6tzlich war es salonf\u00e4hig, Russenhasser und Kulturver\u00e4chter zu sein, und einige scheinen diese neue Freiheit in vollen Z\u00fcgen zu genie\u00dfen.\u00a0<\/p>\n<p>Am 29. November ver\u00f6ffentlichte der <em>Berliner Kurier<\/em> unter dem Titel &#8220;Russisches Haus in Berlin verbreitet Putin-Propaganda trotz EU-Sanktionen&#8221; eine besonders widerw\u00e4rtige Schrift <a rel=\"nofollow noopener\" target=\"_blank\" href=\"https:\/\/www.msn.com\/de-de\/nachrichten\/politik\/russisches-haus-in-berlin-verbreitet-putin-propaganda-trotz-eu-sanktionen\/ar-AA14FZ1l?ocid=msedgntp&amp;cvid=aba8bd4a7fcf483492d1c860c820903d\">eines Peter Althaus<\/a> gegen die russische Kulturbotschaft. Sie strotzt nur so vor Galle und Arroganz.<\/p>\n<p>Dabei hat der Autor nicht einmal gut recherchiert. So behauptet er, das Haus geh\u00f6re &#8220;Rossotrudnitschestwo, einer Regierungsagentur, die direkt dem Au\u00dfenministerium von Putin-Chefdiplomat Sergei Lawrow untersteht&#8221;.<\/p>\n<p>Nun, nicht dass es etwas Schlimmes w\u00e4re. Das Goethe-Institut, der Kulturbotschafter Deutschlands, ist zwar formal als Verein organisiert, die Kontrolle darin \u00fcben aber Vertreter der Bundes- und Landesregierungen sowie des Bundestages aus. Die T\u00e4tigkeit im Ausland erfolgt auf Grundlage eines Rahmenvertrages mit dem Ausw\u00e4rtigen Amt, der\u00a0diesem Bundesministerium umfassende Kontroll- und Steuerungsinstrumente in die Hand gibt. &#8220;In Ausnahmef\u00e4llen&#8221; ist der Botschaft im jeweiligen Land die unmittelbare Einwirkung auf die laufende Arbeit des Goethe-Instituts m\u00f6glich. Eine Veranstaltung einer Zweigstelle im Ausland kann durch Veto des Leiters der \u00f6rtlichen Auslandsvertretung verhindert werden. Das Ausw\u00e4rtige Amt kann bei &#8220;politisch sch\u00e4digendem Verhalten&#8221; von Mitarbeitern im Ausland deren sofortige Suspendierung verlangen.<\/p>\n<p>\u00c4hnlich ist das British Council aufgestellt:\u00a0Formal unabh\u00e4ngig, arbeitet es de facto eng mit dem\u00a0Au\u00dfenministerium\u00a0des Vereinigten K\u00f6nigreichs zusammen. Das Institut fran\u00e7ais ist unmittelbar eine Institution des franz\u00f6sischen Zentralstaates. Was gibt es also dagegen einzuwenden, dass die Koordination der aus dem Staatshaushalt finanzierten kulturellen Auslandsaktivit\u00e4ten Russlands beim russischen Au\u00dfenministerium liegt?\u00a0<\/p>\n<p>Was aber das &#8220;Russische Haus&#8221; in Berlin angeht, und das h\u00e4tte Herr Althaus wissen k\u00f6nnen, h\u00e4tte er seine Recherchen nicht auf das Studium von Wikipedia beschr\u00e4nkt, so wird es zwar von Rossotrudnitschestwo koordiniert, geh\u00f6rt ihm aber nicht. Das &#8220;Russische Haus&#8221; ist eine eigenst\u00e4ndige K\u00f6rperschaft. Der <a rel=\"nofollow noopener\" target=\"_blank\" href=\"https:\/\/18d3a278-f6ef-4d0a-962e-06bb5a43ca20.filesusr.com\/ugd\/19a876_9b74ace32ef041abb78e86c4590d75b9.pdf\">Staatsvertrag<\/a>, der all das regelt, ist leicht aufzufinden. Deshalb steht das Russische Haus auch nicht unter Sanktionen und stand es nie. Im Gegensatz zu Rossotrudnitschestwo ist es eine andere juristische Person.<\/p>\n<p><strong>Der Holocaust ist Putins Propaganda?<\/strong>\u00a0\u00a0<\/p>\n<p>Noch schlechter wird die Recherche (oder kruder die Ansichten) des Autors der Schm\u00e4hschrift, wenn es darum geht, was er so unter &#8220;Putins Propaganda&#8221; versteht.\u00a0<\/p>\n<p>Als Erstes wittert Herr Althaus diese in dem Film &#8220;Der Holocaust: F\u00e4den des Gedenkens&#8221;, den das &#8220;Russische Haus&#8221; am 26. Oktober vorf\u00fchrte. &#8220;Bedenkliche Untert\u00f6ne&#8221; will er dort ausgemacht haben und \u00fcberhaupt, &#8220;unter dem Deckmantel des Holocaust-Gedenkens&#8221; wurde da &#8220;ein Propagandafilm des russischen Staatssenders <em>RT<\/em> gezeigt&#8221;.\u00a0<\/p>\n<p>Wer will, kann die sehenswerte Dokumentation <a rel=\"nofollow noopener\" target=\"_blank\" href=\"https:\/\/odysee.com\/Holocaust-The-questions-I-never-asked:cf3a77aae381d30383cf8e4c62ee7487ca8c3313?src=embed\">hier<\/a> in der englischsprachigen Version sehen und sich selbst einen Eindruck verschaffen.\u00a0Der Film befasst sich mit dem tragischen Schicksal der wei\u00dfrussischen Juden w\u00e4hrend des Zweiten Weltkriegs. Die Autorin des Films, Paula Slier, ist\u00a0selbst J\u00fcdin und leitet\u00a0das\u00a0B\u00fcro von <em>RT<\/em> f\u00fcr Afrika und den Nahen Osten.\u00a0Slier gelang es, mit den \u00dcberlebenden des Ghettos zu sprechen, Orte zu besuchen, an denen die j\u00fcdische Bev\u00f6lkerung massakriert wurde.\u00a0<\/p>\n<p>Was will uns der Ankl\u00e4ger nun sagen, wenn er darin &#8220;Putins Propaganda&#8221; wittert? D\u00fcrfen sich russische Medien zu gar nichts mehr \u00e4u\u00dfern? Auch (pro)russische Juden m\u00fcssen schweigen?\u00a0<\/p>\n<p>Lesen wir den konkreten Vorwurf, den Althaus erhebt:\u00a0<\/p>\n<blockquote>\n<p><em>&#8220;In der russischsprachigen Originalbeschreibung des Holocaust-Films werden Ukrainer als Nazis verunglimpft: &#8216;Es ist so, als ob der Nazismus nicht besiegt wurde. Es gibt Menschen, die den Nazismus wiederbeleben. Sie sind hier. Alles, was in der Ukraine passiert oder in Europa, ist be\u00e4ngstigend&#8217;, hei\u00dft es in dem Film. Das Bild von Ukrainern als Nazis dient Russland unter anderem als Rechtfertigung f\u00fcr den Angriffskrieg gegen die Ukraine<\/em>.<em>&#8220;<\/em><\/p>\n<\/blockquote>\n<p>Falsch. Nicht Ukrainern als solchen, nicht allen Ukrainern gar unterstellt die &#8220;russische Propaganda&#8221;, Nazis zu sein, sondern denjenigen (unter ihnen \u00fcbrigens auch ethnische Russen, Georgier, Tataren, Afghanen und sogar Juden), die nun mal Nazis sind. Darf man Nazis nicht mehr Nazis nennen, nur weil sie zuf\u00e4llig Ukrainer sind? Auch wenn sie sich <a rel=\"nofollow noopener\" target=\"_blank\" href=\"https:\/\/test.rtde.tech\/kurzclips\/video\/151327-lawrow-neonazismus-muss-ausgerottet-werden\/\">Hakenkreuze t\u00e4towieren<\/a>, <a rel=\"nofollow noopener\" target=\"_blank\" href=\"https:\/\/test.rtde.tech\/kurzclips\/video\/154486-waehrend-proukrainer-hand-zum-nazigruss\/\">Hitlergru\u00df zeigen<\/a> und <a rel=\"nofollow noopener\" target=\"_blank\" href=\"https:\/\/test.rtde.tech\/inland\/133965-parolen-aus-zweiten-weltkrieg-in-leipzig\/\">Nazi-Parolen br\u00fcllen<\/a>? Auch wenn sie <a rel=\"nofollow noopener\" target=\"_blank\" href=\"https:\/\/test.rtde.tech\/europa\/101306-spate-anerkennung-und-hitlergruss-soldat-ss-division-galizien-wird-ausgezeichnet\/\">Hitler-Kollaborateure der OUN-UPA verehren<\/a> und f\u00fcr Bandera und <a rel=\"nofollow noopener\" target=\"_blank\" href=\"https:\/\/test.rtde.tech\/europa\/114247-westukrainischer-stadtrat-benennt-stadion-nach-ss-kollaborateur\/\">Schuchewitsch<\/a> Denkm\u00e4ler aufstellen? Wenn sie Eichmann zitieren und fordern, <a rel=\"nofollow noopener\" target=\"_blank\" href=\"https:\/\/test.rtde.tech\/europa\/133913-ukraine-tv-moderator-zitiert-eichmann\/\">russische Kinder zu t\u00f6ten<\/a>?\u00a0<\/p>\n<p>Die deutsche Journaille hat in der Tat den Weg gew\u00e4hlt, zu allem zu schweigen, was in der Ukraine falsch l\u00e4uft. Unter anderem mit diesem wohlwollenden Wegsehen, dem billigenden Dulden hat sie dazu beigetragen, dass der Krieg unvermeidbar geworden ist.\u00a0<\/p>\n<p>Nur am Rande: Nicht am 18. Oktober wurde der Film im &#8220;Russischen Haus&#8221; aufgef\u00fchrt, wie Althaus schreibt, sondern am 26 Oktober. <em>RT<\/em> wurde die Lizenz in Deutschland nicht entzogen, Deutschland hatte sie nie erteilt. Auf YouTube wurden die Accounts von <em>RT<\/em> nicht wegen tats\u00e4chlicher Verst\u00f6\u00dfe gegen die &#8220;Standards der Plattformen&#8221; gel\u00f6scht, sondern in einem Akt willk\u00fcrlicher Zensur, weil der Sender seiner journalistischen Pflicht nachkam, auch Kritiker der Covid-Ma\u00dfnahmen zu Wort kommen zu lassen.<\/p>\n<p><strong>Kindern das Fest vermiesen<\/strong>\u00a0<\/p>\n<p>Besonders angetan haben es Althaus &#8220;Aktivisten des Vereins Vitsche&#8221;, auf die er sich mehrmals beruft. Nach den Fotos zu urteilen sind es dieselben Aktivisten, die schon mal bei einer Kundgebung vor dem Bundestag zur Melodie von &#8220;Bella Ciao&#8221; von der <a rel=\"nofollow noopener\" target=\"_blank\" href=\"https:\/\/test.rtde.tech\/meinung\/135835-ukrainer-singen-vor-reichtstagsgebaeude-ueber-endloesung-der-russenfrage\/\">Ausrottung aller Russen<\/a> weltweit tr\u00e4umten.<\/p>\n<p>Deren Aktivit\u00e4ten bestanden zuletzt darin, Familien mit Kindern auf dem Weg zum traditionellen &#8220;Jolka&#8221;-Fest im &#8220;Russischen Haus&#8221; <a rel=\"nofollow noopener\" target=\"_blank\" href=\"https:\/\/test.rtde.tech\/inland\/157329-russophobie-und-stimmungsmache-gegen-russisches-haus-stossen-auf-widerstand\/\">anzup\u00f6beln und zu beschimpfen<\/a>. Es waren teils sehr unsch\u00f6ne Szenen, die die Kinder ver\u00e4ngstigten. Kinder s\u00e4mtlicher Abstammung \u00fcbrigens, russische, deutsche, ukrainische, Kinder aus gemischten Ehen. Im Russischen Haus verlangt niemand einen Ausweis oder eine Geburtsurkunde von den Besuchern, auch ein Gentest wird nicht verlangt. Und so tanzten bei dem diesj\u00e4hrigen &#8220;Jolka&#8221;-Fest auch M\u00e4dchen und Jungen in ukrainischen Nationaltrachten um den geschm\u00fcckten Weihnachtsbaum.<\/p>\n<p>Herr Althaus kennt eben \u2012 wenn \u00fcberhaupt\u00a0\u2012 nur ganz spezifische Ukrainer und hat sich von deren Hass anstecken lassen. Dass die andere H\u00e4lfte der Ukrainer ganz andere Ansichten und ganz andere Tr\u00e4ume hat, wird er in seiner Blind- und Taubheit nie verstehen.<\/p>\n<p><em>Video: Jolka-Fest im Russischen Haus<\/em>\u00a0<\/p>\n<div class=\"EmbedBlock-root EmbedBlock-externalVideo EmbedBlock-youtube\">\n<div class=\"YouTubeEmbed lazyload\" data-rtmodule=\"YouTubeEmbed\" id=\"OyvVVc3Jg7s\" onload=\"return {\n            covers: JSON.parse('\\u007B\\u0022small\\u0022\\u003A\\u0022https\\u003A\\\\\\\/\\\\\\\/i.ytimg.com\\\\\\\/vi\\\\\\\/OyvVVc3Jg7s\\\\\\\/hqdefault.jpg\\u0022,\\u0022medium\\u0022\\u003A\\u0022https\\u003A\\\\\\\/\\\\\\\/i.ytimg.com\\\\\\\/vi\\\\\\\/OyvVVc3Jg7s\\\\\\\/sddefault.jpg\\u0022,\\u0022large\\u0022\\u003A\\u0022https\\u003A\\\\\\\/\\\\\\\/i.ytimg.com\\\\\\\/vi\\\\\\\/OyvVVc3Jg7s\\\\\\\/sddefault.jpg\\u0022\\u007D'),\n            iframeSrc: JSON.parse('\\u0022\\\\\\\/\\\\\\\/www.youtube.com\\\\\\\/embed\\\\\\\/OyvVVc3Jg7s\\u0022'),\n            youtubeId: JSON.parse('\\u0022OyvVVc3Jg7s\\u0022'),\n        };\"><\/p>\n<div class=\"YouTubeEmbed-cover\"><button class=\"YouTubeEmbed-button\"><svg class=\"YouTubeEmbed-playButton\" height=\"100%\" version=\"1.1\" viewbox=\"0 0 68 48\" width=\"100%\"><path class=\"YouTubeEmbed-playButtonBg\" d=\"M66.52,7.74c-0.78-2.93-2.49-5.41-5.42-6.19C55.79,.13,34,0,34,0S12.21,.13,6.9,1.55 C3.97,2.33,2.27,4.81,1.48,7.74C0.06,13.05,0,24,0,24s0.06,10.95,1.48,16.26c0.78,2.93,2.49,5.41,5.42,6.19 C12.21,47.87,34,48,34,48s21.79-0.13,27.1-1.55c2.93-0.78,4.64-3.26,5.42-6.19C67.94,34.95,68,24,68,24S67.94,13.05,66.52,7.74z\" fill=\"#212121\" fill-opacity=\"0.8\"><\/path><path d=\"M 45,24 27,14 27,34\" fill=\"#fff\"><\/path><\/svg><\/button><\/div>\n<\/div>\n<\/div>\n<p>Dem Berliner Senat Vorw\u00fcrfe zu machen, weil er zu Recht eine Distanz zwischen den hasserf\u00fcllten P\u00f6blern und den zum Fest anreisenden Kindern zur Auflage machte, als er die erwachsenen Schreih\u00e4lse in eine Seitenstra\u00dfe verbannte, zeugt von einem unheilbar verstellten moralischen Kompass des Schreibers.\u00a0<\/p>\n<p><strong>Der &#8220;Journalismus&#8221;, der Deutschland den Rest gibt<\/strong>\u00a0\u00a0<\/p>\n<p>Den Leser wird es erm\u00fcden, wenn wir die Fr\u00fcchte der &#8220;sauberen Recherchen&#8221; dieses <a rel=\"nofollow noopener\" target=\"_blank\" href=\"http:\/\/peteralthaus.com\/\">Jungjournalisten<\/a> weiter Punkt f\u00fcr Punkt auseinandernehmen.<\/p>\n<p>Es g\u00e4be noch viel zu sagen, zu viel Pfusch ist da in einem Artikel untergebracht.<\/p>\n<p>Wie etwa Herr Althaus kurzerhand einen der gr\u00f6\u00dften lebenden russischen Kinoregisseure mit einer Verleumdung &#8220;canceln&#8221; will. Und zwar genau den Karen Schachnasarow, der als einer von wenigen prominenten Russen in einer Talkshow das Ende der Milit\u00e4roperation in der Ukraine forderte und damit in der deutschen Presse Freudenst\u00fcrme \u00fcber angeblich schwindende Unterst\u00fctzung f\u00fcr Putin ausl\u00f6ste.<\/p>\n<p>Wie er Politkabarett zur seichten Unterhaltung uminterpretiert.<\/p>\n<p>Wie er Freundschaft mit den V\u00f6lkern Russlands als etwas &#8220;Haarstr\u00e4ubendes&#8221; bezeichnet.<\/p>\n<p>Wie er mit wilden Spekulationen um sich wirft, wer im &#8220;Russischen Haus&#8221; gezahlte Bibliotheksgeb\u00fchren kassiert.<\/p>\n<p>Apropos Finanzen. Ich wei\u00df nicht, wer diesem &#8220;Journalisten aus Berufung&#8221; erz\u00e4hlt hat, dass der Betrieb einer Kultureinrichtung Gewinn abwirft. Theater und Kulturh\u00e4user sind ein Zuschussgesch\u00e4ft, selbst wenn sie hohe Eintrittspreise fordern. Im Berliner &#8220;Russischen Haus&#8221; ist bei den meisten Vorstellungen zudem der Eintritt frei, so unter anderem bei den Filmvorf\u00fchrungen.\u00a0\u00a0<\/p>\n<p>Man kann sich nur vorstellen, wie viel Geld ausgegeben wird, um alle Nebenkosten zu bezahlen. Bei einem Geb\u00e4ude von solch enormer Gr\u00f6\u00dfe. Das meiste Geld flie\u00dft offensichtlich in die Begleichung der Rechnungen, darunter die Geh\u00e4lter der Mitarbeiter &#8211; darunter einige mit deutscher Staatsangeh\u00f6rigkeit.<\/p>\n<p>Wir haben genug gesagt, damit jeder, der es sehen will, die Qualit\u00e4t dieses &#8220;Journalisten&#8221; und dieses &#8220;Journalismus&#8221; selbst bewerten kann.<\/p>\n<p>Dabei gibt es auf mittlere und lange Sicht nur zwei M\u00f6glichkeiten: Entweder l\u00f6schen wir uns in den kommenden Monaten gegenseitig aus oder wir werden wohl oder \u00fcbel wieder miteinander auskommen m\u00fcssen. Selbst Kanzler Scholz, der sich mit seiner &#8220;Zeitenwende&#8221; so unr\u00fchmlich und zum Schaden Deutschlands verrannt hat, sagt, man brauche den Dialog mit Russland und d\u00fcrfe Russen nicht stigmatisieren. Nun, mit dem &#8220;Russischen Haus&#8221; hat man einen der wenigen noch verbliebenen R\u00e4ume f\u00fcr einen kulturellen Dialog und m\u00f6chte nun auch ihn zerst\u00f6ren. Was bringt das und wie sollen die jetzt gerissenen Wunden sp\u00e4ter wieder heilen?<\/p>\n<p>Deutschland, diese Art &#8220;Journalismus&#8221; ist dein gro\u00dfes Ungl\u00fcck.\u00a0<\/p>\n<p><strong>Mehr zum Thema<\/strong> &#8211; <a rel=\"nofollow noopener\" target=\"_blank\" href=\"https:\/\/test.rtde.tech\/inland\/157329-russophobie-und-stimmungsmache-gegen-russisches-haus-stossen-auf-widerstand\/\">Stimmungsmache gegen Russisches Haus in Berlin: Es regt sich Widerstand gegen Russophobie<\/a><\/p>\n<\/p>\n<\/div>\n<p><br \/>\n<br \/><a href=\"https:\/\/de.rt.com\/meinung\/157302-journalismus-wenn-blinder-hass-die-feder-fuehrt\/\">Source link <\/a><\/p>\n","protected":false},"excerpt":{"rendered":"<p>Das &#8220;Russische Haus&#8221; in Berlin ist eine Kulturbotschaft. Mit seinen Veranstaltungen bereichert es seit 38 Jahren das gesellschaftliche Leben der Stadt. Nun ist es publizistischen und politischen Anfeindungen ausgesetzt, f\u00fcr die es au\u00dfer in den dunklen deutschen Nazi-Jahren keine Beispiele gibt. Von Anton Gentzen Seit Februar kehre ich in Gedanken immer wieder in das Jahr [&hellip;]<\/p>\n","protected":false},"author":3,"featured_media":25598,"comment_status":"open","ping_status":"open","sticky":false,"template":"","format":"standard","meta":{"_yoast_indexnow_last_ping":["1671210845"],"wp_automatic_camp":["217"],"385850c56d92f4363b232a1e9d30d1b3":["Wenn blinder Hass die Feder f\u00fchrt \u2012 Wer hat Angst vorm Russischen Haus?"],"original_link":["https:\/\/de.rt.com\/meinung\/157302-journalismus-wenn-blinder-hass-die-feder-fuehrt\/"],"_thumbnail_id":["25598"],"_wptgpro_p2tg_sent2tg":["a:1:{i:23737;s:19:\"2022-12-16 19:15:32\";}"],"jnews_social_counter_last_update":["1777337640"]},"categories":[19,23],"tags":[6178,37587,45,37588,3525,3105,423,3356,973,37589,4218,8965],"yoast_head":"<!-- This site is optimized with the Yoast SEO Premium plugin v22.7 (Yoast SEO v22.7) - https:\/\/yoast.com\/wordpress\/plugins\/seo\/ -->\n<title>Wenn blinder Hass die Feder f\u00fchrt \u2012 Wer hat Angst vorm Russischen Haus? - just-now.NEWS Deutschland<\/title>\n<meta name=\"robots\" content=\"index, follow, max-snippet:-1, max-image-preview:large, max-video-preview:-1\" \/>\n<link rel=\"canonical\" href=\"https:\/\/now-news.de\/de\/deutschland\/wenn-blinder-hass-die-feder-fuehrt-\u2012-wer-hat-angst-vorm-russischen-haus\/\" \/>\n<meta property=\"og:locale\" content=\"de_DE\" \/>\n<meta property=\"og:type\" content=\"article\" \/>\n<meta property=\"og:title\" content=\"Wenn blinder Hass die Feder f\u00fchrt \u2012 Wer hat Angst vorm Russischen Haus?\" \/>\n<meta property=\"og:description\" content=\"Das &#8220;Russische Haus&#8221; in Berlin ist eine Kulturbotschaft. Mit seinen Veranstaltungen bereichert es seit 38 Jahren das gesellschaftliche Leben der Stadt. Nun ist es publizistischen und politischen Anfeindungen ausgesetzt, f\u00fcr die es au\u00dfer in den dunklen deutschen Nazi-Jahren keine Beispiele gibt. Von Anton Gentzen Seit Februar kehre ich in Gedanken immer wieder in das Jahr [&hellip;]\" \/>\n<meta property=\"og:url\" content=\"https:\/\/now-news.de\/de\/deutschland\/wenn-blinder-hass-die-feder-fuehrt-\u2012-wer-hat-angst-vorm-russischen-haus\/\" \/>\n<meta property=\"og:site_name\" content=\"just-now.NEWS Deutschland\" \/>\n<meta property=\"article:publisher\" content=\"https:\/\/www.facebook.com\/wirmachenauf\" \/>\n<meta property=\"article:published_time\" content=\"2022-12-16T17:00:11+00:00\" \/>\n<meta property=\"og:image\" content=\"https:\/\/now-news.de\/de\/wp-content\/uploads\/sites\/3\/2022\/12\/Wenn-blinder-Hass-die-Feder-fuehrt-\u2012-Wer-hat-Angst.JPG\" \/>\n\t<meta property=\"og:image:width\" content=\"460\" \/>\n\t<meta property=\"og:image:height\" content=\"259\" \/>\n\t<meta property=\"og:image:type\" content=\"image\/jpeg\" \/>\n<meta name=\"author\" content=\"rtnews\" \/>\n<meta name=\"twitter:card\" content=\"summary_large_image\" \/>\n<meta name=\"twitter:creator\" content=\"@WirMachenAuf_de\" \/>\n<meta name=\"twitter:site\" content=\"@WirMachenAuf_de\" \/>\n<meta name=\"twitter:label1\" content=\"Verfasst von\" \/>\n\t<meta name=\"twitter:data1\" content=\"rtnews\" \/>\n\t<meta name=\"twitter:label2\" content=\"Gesch\u00e4tzte Lesezeit\" \/>\n\t<meta name=\"twitter:data2\" content=\"10\u00a0Minuten\" \/>\n<script type=\"application\/ld+json\" class=\"yoast-schema-graph\">{\"@context\":\"https:\/\/schema.org\",\"@graph\":[{\"@type\":\"Article\",\"@id\":\"https:\/\/now-news.de\/de\/deutschland\/wenn-blinder-hass-die-feder-fuehrt-%e2%80%92-wer-hat-angst-vorm-russischen-haus\/#article\",\"isPartOf\":{\"@id\":\"https:\/\/now-news.de\/de\/deutschland\/wenn-blinder-hass-die-feder-fuehrt-%e2%80%92-wer-hat-angst-vorm-russischen-haus\/\"},\"author\":{\"name\":\"rtnews\",\"@id\":\"https:\/\/now-news.de\/de\/#\/schema\/person\/fb534a4e865501d8b3285208df34a9b5\"},\"headline\":\"Wenn blinder Hass die Feder f\u00fchrt \u2012 Wer hat Angst vorm Russischen Haus?\",\"datePublished\":\"2022-12-16T17:00:11+00:00\",\"dateModified\":\"2022-12-16T17:00:11+00:00\",\"mainEntityOfPage\":{\"@id\":\"https:\/\/now-news.de\/de\/deutschland\/wenn-blinder-hass-die-feder-fuehrt-%e2%80%92-wer-hat-angst-vorm-russischen-haus\/\"},\"wordCount\":2110,\"commentCount\":0,\"publisher\":{\"@id\":\"https:\/\/now-news.de\/de\/#organization\"},\"image\":{\"@id\":\"https:\/\/now-news.de\/de\/deutschland\/wenn-blinder-hass-die-feder-fuehrt-%e2%80%92-wer-hat-angst-vorm-russischen-haus\/#primaryimage\"},\"thumbnailUrl\":\"https:\/\/now-news.de\/de\/wp-content\/uploads\/sites\/3\/2022\/12\/Wenn-blinder-Hass-die-Feder-fuehrt-\u2012-Wer-hat-Angst.JPG\",\"keywords\":[\"Angst\",\"blinder\",\"die\",\"Feder\",\"f\u00fchrt\",\"Hass\",\"hat\",\"Haus\",\"russischen\",\"vorm\",\"wenn\",\"Wer\"],\"articleSection\":[\"Deutschland\",\"Russland\"],\"inLanguage\":\"de\",\"potentialAction\":[{\"@type\":\"CommentAction\",\"name\":\"Comment\",\"target\":[\"https:\/\/now-news.de\/de\/deutschland\/wenn-blinder-hass-die-feder-fuehrt-%e2%80%92-wer-hat-angst-vorm-russischen-haus\/#respond\"]}]},{\"@type\":\"WebPage\",\"@id\":\"https:\/\/now-news.de\/de\/deutschland\/wenn-blinder-hass-die-feder-fuehrt-%e2%80%92-wer-hat-angst-vorm-russischen-haus\/\",\"url\":\"https:\/\/now-news.de\/de\/deutschland\/wenn-blinder-hass-die-feder-fuehrt-%e2%80%92-wer-hat-angst-vorm-russischen-haus\/\",\"name\":\"Wenn blinder Hass die Feder f\u00fchrt \u2012 Wer hat Angst vorm Russischen Haus? - just-now.NEWS Deutschland\",\"isPartOf\":{\"@id\":\"https:\/\/now-news.de\/de\/#website\"},\"primaryImageOfPage\":{\"@id\":\"https:\/\/now-news.de\/de\/deutschland\/wenn-blinder-hass-die-feder-fuehrt-%e2%80%92-wer-hat-angst-vorm-russischen-haus\/#primaryimage\"},\"image\":{\"@id\":\"https:\/\/now-news.de\/de\/deutschland\/wenn-blinder-hass-die-feder-fuehrt-%e2%80%92-wer-hat-angst-vorm-russischen-haus\/#primaryimage\"},\"thumbnailUrl\":\"https:\/\/now-news.de\/de\/wp-content\/uploads\/sites\/3\/2022\/12\/Wenn-blinder-Hass-die-Feder-fuehrt-\u2012-Wer-hat-Angst.JPG\",\"datePublished\":\"2022-12-16T17:00:11+00:00\",\"dateModified\":\"2022-12-16T17:00:11+00:00\",\"breadcrumb\":{\"@id\":\"https:\/\/now-news.de\/de\/deutschland\/wenn-blinder-hass-die-feder-fuehrt-%e2%80%92-wer-hat-angst-vorm-russischen-haus\/#breadcrumb\"},\"inLanguage\":\"de\",\"potentialAction\":[{\"@type\":\"ReadAction\",\"target\":[\"https:\/\/now-news.de\/de\/deutschland\/wenn-blinder-hass-die-feder-fuehrt-%e2%80%92-wer-hat-angst-vorm-russischen-haus\/\"]}]},{\"@type\":\"ImageObject\",\"inLanguage\":\"de\",\"@id\":\"https:\/\/now-news.de\/de\/deutschland\/wenn-blinder-hass-die-feder-fuehrt-%e2%80%92-wer-hat-angst-vorm-russischen-haus\/#primaryimage\",\"url\":\"https:\/\/now-news.de\/de\/wp-content\/uploads\/sites\/3\/2022\/12\/Wenn-blinder-Hass-die-Feder-fuehrt-\u2012-Wer-hat-Angst.JPG\",\"contentUrl\":\"https:\/\/now-news.de\/de\/wp-content\/uploads\/sites\/3\/2022\/12\/Wenn-blinder-Hass-die-Feder-fuehrt-\u2012-Wer-hat-Angst.JPG\",\"width\":460,\"height\":259,\"caption\":\"Wenn blinder Hass die Feder f\u00fchrt \u2012 Wer hat Angst vorm Russischen Haus?\"},{\"@type\":\"BreadcrumbList\",\"@id\":\"https:\/\/now-news.de\/de\/deutschland\/wenn-blinder-hass-die-feder-fuehrt-%e2%80%92-wer-hat-angst-vorm-russischen-haus\/#breadcrumb\",\"itemListElement\":[{\"@type\":\"ListItem\",\"position\":1,\"name\":\"Home\",\"item\":\"https:\/\/now-news.de\/de\/\"},{\"@type\":\"ListItem\",\"position\":2,\"name\":\"Wenn blinder Hass die Feder f\u00fchrt \u2012 Wer hat Angst vorm Russischen Haus?\"}]},{\"@type\":\"WebSite\",\"@id\":\"https:\/\/now-news.de\/de\/#website\",\"url\":\"https:\/\/now-news.de\/de\/\",\"name\":\"just-now.NEWS Deutschland\",\"description\":\"Das Portal f\u00fcr unzensierte Nachrichten aus der Welt\",\"publisher\":{\"@id\":\"https:\/\/now-news.de\/de\/#organization\"},\"potentialAction\":[{\"@type\":\"SearchAction\",\"target\":{\"@type\":\"EntryPoint\",\"urlTemplate\":\"https:\/\/now-news.de\/de\/?s={search_term_string}\"},\"query-input\":\"required name=search_term_string\"}],\"inLanguage\":\"de\"},{\"@type\":\"Organization\",\"@id\":\"https:\/\/now-news.de\/de\/#organization\",\"name\":\"Just Now News\",\"url\":\"https:\/\/now-news.de\/de\/\",\"logo\":{\"@type\":\"ImageObject\",\"inLanguage\":\"de\",\"@id\":\"https:\/\/now-news.de\/de\/#\/schema\/logo\/image\/\",\"url\":\"http:\/\/just-now.news\/de\/wp-content\/uploads\/sites\/3\/2022\/04\/logo500x500.jpg\",\"contentUrl\":\"http:\/\/just-now.news\/de\/wp-content\/uploads\/sites\/3\/2022\/04\/logo500x500.jpg\",\"width\":500,\"height\":500,\"caption\":\"Just Now News\"},\"image\":{\"@id\":\"https:\/\/now-news.de\/de\/#\/schema\/logo\/image\/\"},\"sameAs\":[\"https:\/\/www.facebook.com\/wirmachenauf\",\"https:\/\/x.com\/WirMachenAuf_de\"]},{\"@type\":\"Person\",\"@id\":\"https:\/\/now-news.de\/de\/#\/schema\/person\/fb534a4e865501d8b3285208df34a9b5\",\"name\":\"rtnews\",\"image\":{\"@type\":\"ImageObject\",\"inLanguage\":\"de\",\"@id\":\"https:\/\/now-news.de\/de\/#\/schema\/person\/image\/\",\"url\":\"https:\/\/secure.gravatar.com\/avatar\/82aafea7d8127119dd649515f56e2117?s=96&d=mm&r=g\",\"contentUrl\":\"https:\/\/secure.gravatar.com\/avatar\/82aafea7d8127119dd649515f56e2117?s=96&d=mm&r=g\",\"caption\":\"rtnews\"},\"url\":\"https:\/\/now-news.de\/de\/author\/rnews\/\"}]}<\/script>\n<!-- \/ Yoast SEO Premium plugin. -->","yoast_head_json":{"title":"Wenn blinder Hass die Feder f\u00fchrt \u2012 Wer hat Angst vorm Russischen Haus? - just-now.NEWS Deutschland","robots":{"index":"index","follow":"follow","max-snippet":"max-snippet:-1","max-image-preview":"max-image-preview:large","max-video-preview":"max-video-preview:-1"},"canonical":"https:\/\/now-news.de\/de\/deutschland\/wenn-blinder-hass-die-feder-fuehrt-\u2012-wer-hat-angst-vorm-russischen-haus\/","og_locale":"de_DE","og_type":"article","og_title":"Wenn blinder Hass die Feder f\u00fchrt \u2012 Wer hat Angst vorm Russischen Haus?","og_description":"Das &#8220;Russische Haus&#8221; in Berlin ist eine Kulturbotschaft. Mit seinen Veranstaltungen bereichert es seit 38 Jahren das gesellschaftliche Leben der Stadt. Nun ist es publizistischen und politischen Anfeindungen ausgesetzt, f\u00fcr die es au\u00dfer in den dunklen deutschen Nazi-Jahren keine Beispiele gibt. Von Anton Gentzen Seit Februar kehre ich in Gedanken immer wieder in das Jahr [&hellip;]","og_url":"https:\/\/now-news.de\/de\/deutschland\/wenn-blinder-hass-die-feder-fuehrt-\u2012-wer-hat-angst-vorm-russischen-haus\/","og_site_name":"just-now.NEWS Deutschland","article_publisher":"https:\/\/www.facebook.com\/wirmachenauf","article_published_time":"2022-12-16T17:00:11+00:00","og_image":[{"width":460,"height":259,"url":"https:\/\/now-news.de\/de\/wp-content\/uploads\/sites\/3\/2022\/12\/Wenn-blinder-Hass-die-Feder-fuehrt-\u2012-Wer-hat-Angst.JPG","type":"image\/jpeg"}],"author":"rtnews","twitter_card":"summary_large_image","twitter_creator":"@WirMachenAuf_de","twitter_site":"@WirMachenAuf_de","twitter_misc":{"Verfasst von":"rtnews","Gesch\u00e4tzte Lesezeit":"10\u00a0Minuten"},"schema":{"@context":"https:\/\/schema.org","@graph":[{"@type":"Article","@id":"https:\/\/now-news.de\/de\/deutschland\/wenn-blinder-hass-die-feder-fuehrt-%e2%80%92-wer-hat-angst-vorm-russischen-haus\/#article","isPartOf":{"@id":"https:\/\/now-news.de\/de\/deutschland\/wenn-blinder-hass-die-feder-fuehrt-%e2%80%92-wer-hat-angst-vorm-russischen-haus\/"},"author":{"name":"rtnews","@id":"https:\/\/now-news.de\/de\/#\/schema\/person\/fb534a4e865501d8b3285208df34a9b5"},"headline":"Wenn blinder Hass die Feder f\u00fchrt \u2012 Wer hat Angst vorm Russischen Haus?","datePublished":"2022-12-16T17:00:11+00:00","dateModified":"2022-12-16T17:00:11+00:00","mainEntityOfPage":{"@id":"https:\/\/now-news.de\/de\/deutschland\/wenn-blinder-hass-die-feder-fuehrt-%e2%80%92-wer-hat-angst-vorm-russischen-haus\/"},"wordCount":2110,"commentCount":0,"publisher":{"@id":"https:\/\/now-news.de\/de\/#organization"},"image":{"@id":"https:\/\/now-news.de\/de\/deutschland\/wenn-blinder-hass-die-feder-fuehrt-%e2%80%92-wer-hat-angst-vorm-russischen-haus\/#primaryimage"},"thumbnailUrl":"https:\/\/now-news.de\/de\/wp-content\/uploads\/sites\/3\/2022\/12\/Wenn-blinder-Hass-die-Feder-fuehrt-\u2012-Wer-hat-Angst.JPG","keywords":["Angst","blinder","die","Feder","f\u00fchrt","Hass","hat","Haus","russischen","vorm","wenn","Wer"],"articleSection":["Deutschland","Russland"],"inLanguage":"de","potentialAction":[{"@type":"CommentAction","name":"Comment","target":["https:\/\/now-news.de\/de\/deutschland\/wenn-blinder-hass-die-feder-fuehrt-%e2%80%92-wer-hat-angst-vorm-russischen-haus\/#respond"]}]},{"@type":"WebPage","@id":"https:\/\/now-news.de\/de\/deutschland\/wenn-blinder-hass-die-feder-fuehrt-%e2%80%92-wer-hat-angst-vorm-russischen-haus\/","url":"https:\/\/now-news.de\/de\/deutschland\/wenn-blinder-hass-die-feder-fuehrt-%e2%80%92-wer-hat-angst-vorm-russischen-haus\/","name":"Wenn blinder Hass die Feder f\u00fchrt \u2012 Wer hat Angst vorm Russischen Haus? - just-now.NEWS Deutschland","isPartOf":{"@id":"https:\/\/now-news.de\/de\/#website"},"primaryImageOfPage":{"@id":"https:\/\/now-news.de\/de\/deutschland\/wenn-blinder-hass-die-feder-fuehrt-%e2%80%92-wer-hat-angst-vorm-russischen-haus\/#primaryimage"},"image":{"@id":"https:\/\/now-news.de\/de\/deutschland\/wenn-blinder-hass-die-feder-fuehrt-%e2%80%92-wer-hat-angst-vorm-russischen-haus\/#primaryimage"},"thumbnailUrl":"https:\/\/now-news.de\/de\/wp-content\/uploads\/sites\/3\/2022\/12\/Wenn-blinder-Hass-die-Feder-fuehrt-\u2012-Wer-hat-Angst.JPG","datePublished":"2022-12-16T17:00:11+00:00","dateModified":"2022-12-16T17:00:11+00:00","breadcrumb":{"@id":"https:\/\/now-news.de\/de\/deutschland\/wenn-blinder-hass-die-feder-fuehrt-%e2%80%92-wer-hat-angst-vorm-russischen-haus\/#breadcrumb"},"inLanguage":"de","potentialAction":[{"@type":"ReadAction","target":["https:\/\/now-news.de\/de\/deutschland\/wenn-blinder-hass-die-feder-fuehrt-%e2%80%92-wer-hat-angst-vorm-russischen-haus\/"]}]},{"@type":"ImageObject","inLanguage":"de","@id":"https:\/\/now-news.de\/de\/deutschland\/wenn-blinder-hass-die-feder-fuehrt-%e2%80%92-wer-hat-angst-vorm-russischen-haus\/#primaryimage","url":"https:\/\/now-news.de\/de\/wp-content\/uploads\/sites\/3\/2022\/12\/Wenn-blinder-Hass-die-Feder-fuehrt-\u2012-Wer-hat-Angst.JPG","contentUrl":"https:\/\/now-news.de\/de\/wp-content\/uploads\/sites\/3\/2022\/12\/Wenn-blinder-Hass-die-Feder-fuehrt-\u2012-Wer-hat-Angst.JPG","width":460,"height":259,"caption":"Wenn blinder Hass die Feder f\u00fchrt \u2012 Wer hat Angst vorm Russischen Haus?"},{"@type":"BreadcrumbList","@id":"https:\/\/now-news.de\/de\/deutschland\/wenn-blinder-hass-die-feder-fuehrt-%e2%80%92-wer-hat-angst-vorm-russischen-haus\/#breadcrumb","itemListElement":[{"@type":"ListItem","position":1,"name":"Home","item":"https:\/\/now-news.de\/de\/"},{"@type":"ListItem","position":2,"name":"Wenn blinder Hass die Feder f\u00fchrt \u2012 Wer hat Angst vorm Russischen Haus?"}]},{"@type":"WebSite","@id":"https:\/\/now-news.de\/de\/#website","url":"https:\/\/now-news.de\/de\/","name":"just-now.NEWS Deutschland","description":"Das Portal f\u00fcr unzensierte Nachrichten aus der Welt","publisher":{"@id":"https:\/\/now-news.de\/de\/#organization"},"potentialAction":[{"@type":"SearchAction","target":{"@type":"EntryPoint","urlTemplate":"https:\/\/now-news.de\/de\/?s={search_term_string}"},"query-input":"required name=search_term_string"}],"inLanguage":"de"},{"@type":"Organization","@id":"https:\/\/now-news.de\/de\/#organization","name":"Just Now News","url":"https:\/\/now-news.de\/de\/","logo":{"@type":"ImageObject","inLanguage":"de","@id":"https:\/\/now-news.de\/de\/#\/schema\/logo\/image\/","url":"http:\/\/just-now.news\/de\/wp-content\/uploads\/sites\/3\/2022\/04\/logo500x500.jpg","contentUrl":"http:\/\/just-now.news\/de\/wp-content\/uploads\/sites\/3\/2022\/04\/logo500x500.jpg","width":500,"height":500,"caption":"Just Now News"},"image":{"@id":"https:\/\/now-news.de\/de\/#\/schema\/logo\/image\/"},"sameAs":["https:\/\/www.facebook.com\/wirmachenauf","https:\/\/x.com\/WirMachenAuf_de"]},{"@type":"Person","@id":"https:\/\/now-news.de\/de\/#\/schema\/person\/fb534a4e865501d8b3285208df34a9b5","name":"rtnews","image":{"@type":"ImageObject","inLanguage":"de","@id":"https:\/\/now-news.de\/de\/#\/schema\/person\/image\/","url":"https:\/\/secure.gravatar.com\/avatar\/82aafea7d8127119dd649515f56e2117?s=96&d=mm&r=g","contentUrl":"https:\/\/secure.gravatar.com\/avatar\/82aafea7d8127119dd649515f56e2117?s=96&d=mm&r=g","caption":"rtnews"},"url":"https:\/\/now-news.de\/de\/author\/rnews\/"}]}},"_links":{"self":[{"href":"https:\/\/now-news.de\/de\/wp-json\/wp\/v2\/posts\/25597"}],"collection":[{"href":"https:\/\/now-news.de\/de\/wp-json\/wp\/v2\/posts"}],"about":[{"href":"https:\/\/now-news.de\/de\/wp-json\/wp\/v2\/types\/post"}],"author":[{"embeddable":true,"href":"https:\/\/now-news.de\/de\/wp-json\/wp\/v2\/users\/3"}],"replies":[{"embeddable":true,"href":"https:\/\/now-news.de\/de\/wp-json\/wp\/v2\/comments?post=25597"}],"version-history":[{"count":0,"href":"https:\/\/now-news.de\/de\/wp-json\/wp\/v2\/posts\/25597\/revisions"}],"wp:featuredmedia":[{"embeddable":true,"href":"https:\/\/now-news.de\/de\/wp-json\/wp\/v2\/media\/25598"}],"wp:attachment":[{"href":"https:\/\/now-news.de\/de\/wp-json\/wp\/v2\/media?parent=25597"}],"wp:term":[{"taxonomy":"category","embeddable":true,"href":"https:\/\/now-news.de\/de\/wp-json\/wp\/v2\/categories?post=25597"},{"taxonomy":"post_tag","embeddable":true,"href":"https:\/\/now-news.de\/de\/wp-json\/wp\/v2\/tags?post=25597"}],"curies":[{"name":"wp","href":"https:\/\/api.w.org\/{rel}","templated":true}]}}