{"id":25543,"date":"2022-12-15T21:09:07","date_gmt":"2022-12-15T19:09:07","guid":{"rendered":"https:\/\/just-now.news\/de\/deutschland\/zusammenhang-corona-impfung-und-anstieg-der-todesfaelle-gegenseite-in-widersprueche-verwickelt\/"},"modified":"2022-12-15T21:09:07","modified_gmt":"2022-12-15T19:09:07","slug":"zusammenhang-corona-impfung-und-anstieg-der-todesfaelle-gegenseite-in-widersprueche-verwickelt","status":"publish","type":"post","link":"https:\/\/now-news.de\/de\/deutschland\/zusammenhang-corona-impfung-und-anstieg-der-todesfaelle-gegenseite-in-widersprueche-verwickelt\/","title":{"rendered":"Zusammenhang Corona-Impfung und Anstieg der Todesf\u00e4lle? \u2013 Gegenseite in Widerspr\u00fcche verwickelt"},"content":{"rendered":"<p><img decoding=\"async\" src=\"https:\/\/mf.b37mrtl.ru\/deutsch\/images\/2022.12\/thumbnail\/639a2c2f48fbef693f13d79f.jpg\" \/><\/p>\n<div class=\"Text-root Text-type_1 \">\n                Patientendaten der KBV zeigen einen steilen Anstieg unerwarteter Todesf\u00e4lle seit Beginn der Corona-Impfungen. Die Gegenseite wehrt sich nun mit widerspr\u00fcchlichen Spekulationen, teils skurrilen Vorw\u00fcrfen und Strohmann-Argumenten. Belege liefert sie weiterhin nicht.\n            <\/div>\n<p><\/p>\n<div class=\"Text-root Text-type_5 ArticleView-text ViewText-root \">\n<p><em>Von Susan Bonath<\/em><\/p>\n<p>Starben im ersten Impfjahr 2021 viermal mehr gesetzlich Krankenversicherte pl\u00f6tzlich und unerwartet als in jedem der f\u00fcnf Vorjahre? Diese am Montag auf einer <a rel=\"nofollow noopener\" target=\"_blank\" href=\"https:\/\/www.youtube.com\/watch?v=qfB6ZFUgIEk\">Pressekonferenz der AfD<\/a> im Bundestag pr\u00e4sentierte\u00a0Erkenntnis des Informatikers und Analyse-Spezialisten Tom Lausen aus den Daten der Kassen\u00e4rztlichen Bundesvereinigung (KBV) sorgte f\u00fcr aufgeregte Reaktionen. Verantwortliche und Experten \u00fcberboten sich mit widerspr\u00fcchlichen Vermutungen, wilden Spekulationen, unbelegten Vorw\u00fcrfen, Strohmann-Argumenten und f\u00fcr Laien nicht nachvollziehbaren Ausreden.<\/p>\n<p>Lausen hat nach eigenen Angaben die Diagnose-Daten von 72 Millionen gesetzlich Versicherten f\u00fcr die Jahre 2016 bis 2021 sowie das erste Quartal dieses Jahres <a rel=\"nofollow noopener\" target=\"_blank\" href=\"https:\/\/freeassange.rtde.me\/inland\/video\/157095-daten-zeigen-massiven-anstieg\/\">ausgewertet<\/a>. Die KBV hatte die Daten im Zuge mehrerer Anfragen nach dem Informationsfreiheitsgesetz (IFG) dem AfD-Bundestagspolitiker Martin Sichert \u00fcbermittelt.<\/p>\n<p>Der Analyst verglich in diesem Fall die Anzahl der Kodierungen f\u00fcr unerwartete Todesf\u00e4lle in den einzelnen Jahren. Urpl\u00f6tzlich, so Lausen, h\u00e4tten sich diese F\u00e4lle seit Beginn des Jahres 2021 mehr als vervierfacht. Kurz zuvor, Ende 2020, begannen in Deutschland die Massenimpfungen mit mRNA- und Vektorvakzinen gegen Corona, zun\u00e4chst in den Altenheimen und beim Pflegepersonal \u2013 die zeitliche N\u00e4he ist vorhanden.<\/p>\n<p>Lausen und Sichert stellten auf der Pressekonferenz unmissverst\u00e4ndlich klar: Niemand behaupte, dass die Impfung die Ursache f\u00fcr die Todesf\u00e4lle sein m\u00fcsse. Das k\u00f6nne man ja nicht wissen, ohne es genau zu untersuchen. Da dies bis heute nicht geschah, sei aber ein Zusammenhang nicht ausgeschlossen. Das zust\u00e4ndige Paul-Ehrlich-Institut (PEI) m\u00fcsse dies nun pr\u00fcfen. Das sei seine gesetzliche Pflicht, der es bisher nicht nachgekommen sei. &#8220;Wir fordern die sofortige Aussetzung der Impfungen, bis der Verdacht widerlegt ist&#8221;, erkl\u00e4rte Sichert.<\/p>\n<p><strong>KBV: Richtige Daten, falsche Interpretation?<\/strong><\/p>\n<p>Die KBV reagierte noch am Tag der Konferenz mit einer <a rel=\"nofollow noopener\" target=\"_blank\" href=\"https:\/\/www.kbv.de\/html\/presse_61368.php\">Pressemitteilung<\/a>. Diese beginnt mit einer Unterstellung von KBV-Chef Andreas Gassen: Lausen und Sichert h\u00e4tten in die Daten &#8220;etwas hineininterpretiert, was sie einfach nicht hergeben&#8221;. Doch genau dies taten die beiden eben nicht. Sie forderten lediglich, einen m\u00f6glichen Zusammenhang mit den Impfungen genau zu pr\u00fcfen. Dass zumindest ein Verdacht besteht, erschlie\u00dft sich ohne Weiteres. Diesen k\u00f6nnte man mit genauen Untersuchungen ausr\u00e4umen. Erw\u00fcnscht ist das wohl nicht.<\/p>\n<p>Im zweiten Absatz wurde der KBV-Vorstand noch deutlicher: Aus den \u00fcbermittelten Abrechnungsdaten lie\u00dfen sich &#8220;keine Kausalzusammenh\u00e4nge zwischen COVID-19-Schutzimpfungen und Todesf\u00e4llen herstellen&#8221;. Da diesen ausdr\u00fccklich niemand behauptet hat, handelt es sich um ein klassisches Strohmann-Argument: Man wirft dem Gegner einen Fehler vor, den er nie begangen hat, und lenkt vom eigentlichen Problem ab.<\/p>\n<p>Und schlie\u00dflich m\u00fcndet der KBV-Vorwurf, Lausen und Sichert h\u00e4tten unrichtig spekuliert, nicht etwa in einem Gegenbeweis, sondern in einer eigenen wilden Spekulation:<\/p>\n<blockquote>\n<p><em>&#8220;Aus Sicht der KBV handelt es sich bei der dargestellten Zunahme der Todesf\u00e4lle in den Quartalen I bis IV 2021 und Quartal I 2022 gr\u00f6\u00dftenteils um eine pandemiebedingte \u00dcbersterblichkeit.&#8221;<\/em><\/p>\n<\/blockquote>\n<p>Just Belege f\u00fcr ihre Behauptung liefert die KBV nicht. Zumal &#8220;Corona-Tote&#8221; akribisch gez\u00e4hlt werden. Sie h\u00e4tten nicht die Diagnose eines unerwarteten, pl\u00f6tzlichen Versterbens aus unbekannter Ursache erhalten, sondern vielmehr mindestens die Nebenkodierung U07.1 \u2013 Nachweis des Coronavirus SARS-CoV-2.<\/p>\n<p><strong>ZI: Falsche Daten, verschleppte Sterbef\u00e4lle?<\/strong><\/p>\n<p>Zumindest zweifelt die KBV in ihrer Erkl\u00e4rung nicht die Richtigkeit ihrer \u00fcbermittelten Daten an. Sie beschr\u00e4nkt sich vielmehr auf den Vorwurf der falschen Interpretation. Im v\u00f6lligen Widerspruch dazu reagierte das <a rel=\"nofollow noopener\" target=\"_blank\" href=\"https:\/\/www.zi.de\/\">Zentralinstitut f\u00fcr die Kassen\u00e4rztliche Versorgung in Deutschland<\/a> (ZI). Dieses\u00a0<a rel=\"nofollow noopener\" target=\"_blank\" href=\"https:\/\/www.handelsblatt.com\/dpa\/experten-weisen-afd-darstellung-zu-todesfall-anstieg-zurueck\/28865410.html\">behauptete<\/a> gegen\u00fcber dem <em>Handelsblatt<\/em>, entweder habe Lausen &#8220;Fehler bei der Eingabe&#8221; gemacht, oder die KBV habe die Daten fehlerhaft \u00fcbertragen. Das ZI vermutet also falsche Daten oder eine falsche Auswertung.<\/p>\n<p>Gleichwohl bleibt es ebenso des Gegenbeweises schuldig. Und der Rest der Begr\u00fcndung ist f\u00fcr Laien schlicht nicht nachvollziehbar. So sei etwa der &#8220;scheinbare Anstieg&#8221; eine &#8220;logische Konsequenz aus der Datenauswahl durch die AfD&#8221;. Es handele sich &#8220;um einen Kohorten-Effekt&#8221;.<\/p>\n<p>Au\u00dferdem habe Lausen nur die Daten derjenigen abgefragt, &#8220;die im Jahr 2021 krankenversichert waren&#8221;. Hier stellt sich die Frage: Gab es einen relevanten Unterschied bei der Anzahl der Versicherten im Jahr 2021 gegen\u00fcber den f\u00fcnf Vorjahren, der die vierfach erh\u00f6hten Zahlen erkl\u00e4ren k\u00f6nnte? Bei rund 72 Millionen Versicherten d\u00fcrfte das ausgeschlossen sein. Aber es geht weiter mit fragw\u00fcrdigen Aussagen in dem Blatt:<\/p>\n<blockquote>\n<p><em>&#8220;Wer 2021 noch im System der Krankenversicherung war, f\u00fcr den kann logischerweise in den Jahren vorher auch gar keine Todesdiagnose gestellt worden sein&#8221;, so die Erkl\u00e4rung f\u00fcr den steilen Anstieg der Zahlen ab 2021.<\/em><\/p>\n<\/blockquote>\n<p>Das klingt etwas merkw\u00fcrdig, man fragt sich, wie das ZI darauf kommt. Denn tot ist schlie\u00dflich tot, und wer gestorben ist, m\u00fcsste wohl umgehend aus dem Patienten-Pool der gesetzlichen Kassen fallen \u2013 erst recht, wenn ein Kassenarzt wie hier h\u00f6chstselbst einen pl\u00f6tzlichen und unerwarteten Tod festgestellt hat. In einer Klinik Verstorbene tauchen in diesen Daten ohnehin nicht mit einer Todesfall-Diagnose auf, sondern scheiden eben aus. Noch skurriler klingt der n\u00e4chste Satz im <em>Handelsblatt<\/em>:<\/p>\n<blockquote>\n<p><em>&#8220;Dass bei dieser Kohorte in der Statistik in geringer Zahl auch Kodierungen f\u00fcr Todesf\u00e4lle in den Vorjahren auftauchen, dabei k\u00f6nne es sich nur um einen Fehler bei der Eingabe oder \u00dcbertragung handeln.&#8221;<\/em><\/p>\n<\/blockquote>\n<p>Nur wie kommt das ZI auf die Idee, dass der immerhin massive Anstieg pl\u00f6tzlicher, unerwarteter Todesf\u00e4lle, den Lausen aus der KBV-Datensammlung herausgefiltert hat, allein versp\u00e4tet kodierten Todesf\u00e4llen in den Vorjahren zuzuschreiben w\u00e4re? Wurde das untersucht? Und falls so etwas passiert sein k\u00f6nnte: W\u00e4re dies dann nicht auch f\u00fcr die Vorjahre anzunehmen und ein gewisser Ausgleich zu erwarten? Mehr noch: W\u00e4re eine Weiterf\u00fchrung Verstorbener als Versicherte nicht rechtswidrig, m\u00f6glicherweise sogar Betrug?<\/p>\n<p><strong>Glaube, Spekulation, Beschimpfung<\/strong><\/p>\n<p>Die Krankenkasse AOK <a rel=\"nofollow noopener\" target=\"_blank\" href=\"https:\/\/archive.ph\/JZmW5\">erkl\u00e4rte<\/a> gegen\u00fcber der Springer-Zeitung <em>Welt<\/em>\u00a0die von Lausen ausgewerteten Daten pauschal f\u00fcr &#8220;zweifelhaft&#8221;. Sie selbst sei zu &#8220;v\u00f6llig anderen Ergebnissen gekommen, die das Gegenteil belegten: eine Abnahme fraglicher Diagnose-Kodes zu pl\u00f6tzlichen Todesf\u00e4llen. Die KBV-Daten selbst \u00fcberpr\u00fcft hat die AOK allerdings nicht.<\/p>\n<p>Sodann wartete Thomas Mansky, fr\u00fcherer Professor f\u00fcr Qualit\u00e4tssicherung an der Technischen Universit\u00e4t (TU) Berlin, mit weiteren vagen &#8220;Zweifeln&#8221; an den Daten auf. Sein Argument: Als Folge der Impfungen m\u00fcsse die Todesrate der Impfkurve folgen. Das sei aber nicht so, da sie ab Januar 2021 sprunghaft nach oben schie\u00dfe, obwohl zu Beginn zun\u00e4chst nur Pflegeheimbewohner und -personal geimpft worden seien. Seine Schlussfolgerung: &#8220;Was immer die Zahlen zeigen, es k\u00f6nnen ganz sicher keine Impfnebenwirkungen sein.&#8221;<\/p>\n<p>So sicher sich Mansky sein mag: Beweisen kann auch er seine Behauptungen nicht. Sie implizieren zudem, dass pl\u00f6tzliche Todesf\u00e4lle, so sie durch die Impfung ausgel\u00f6st w\u00fcrden, stets ad hoc den Spritzen folgen m\u00fcssten, also nicht etwa in unterschiedlichen zeitlichen Abst\u00e4nden zu selbigen auftreten k\u00f6nnten, zum Beispiel nach einer unbemerkten oder nicht ausgeheilten Herzmuskelentz\u00fcndung.<\/p>\n<p>Bei <em><a rel=\"nofollow noopener\" target=\"_blank\" href=\"https:\/\/www.t-online.de\/gesundheit\/krankheiten-symptome\/coronavirus\/id_100096834\/warum-die-corona-impfungen-nichts-mit-den-todeszahlen-zu-tun-haben-.html\">t-online<\/a><\/em>\u00a0wei\u00df man ganz genau auch ohne jede Untersuchung: Die Impfungen k\u00f6nnen nichts mit den Todeszahlen zu tun haben. &#8220;Corona-Leugner und Verschw\u00f6rungsgl\u00e4ubige orakelten \u00fcber einen Zusammenhang zwischen Impfung und erh\u00f6hter Sterberate&#8221;, so das Portal mit inzwischen bekanntem Vokabular mit reichlich Pauschal-Beleidigungen.<\/p>\n<p>Das Medium lie\u00df Kristan Schneider, einen Mathematiker mit unbekannter Expertise, einen angeblichen &#8220;Denkfehler&#8221; Lausens erl\u00e4utern. Dieser orakelte dazu: Die AfD rekrutiere damit W\u00e4hler in der &#8220;Corona-Leugner-Szene&#8221;. Die Vakzine seien anfangs schleppend verimpft worden, was dem steilen Anstieg ab Januar 2021 widerspreche. Und schlie\u00dflich: Schneider h\u00e4lt Corona als Ursache f\u00fcr plausibler, weil man seiner Ansicht nach auch Monate nach der Infektion an Sp\u00e4tfolgen sterben k\u00f6nne. Letzteres begr\u00fcnde wohl auch die teils erhebliche \u00dcbersterblichkeit der letzten Monate in Deutschland und Europa, so Schneider.<\/p>\n<p><strong>Geschrei und Ausreden ohne Belege<\/strong><\/p>\n<p>Nun k\u00f6nnen Tom Lausen und Martin Sichert immerhin mit KBV-Daten von 72 Millionen Versicherten aufwarten, die sie am Montag dem PEI \u00fcbergaben. Damit das Institut f\u00fcr Impfstoff\u00fcberwachung und Arzneimittelsicherheit, so Lausens Rechtsanwalt Frank Gro\u00dfenbach, endlich seiner rechtlichen Aufgabe nachkommen k\u00f6nne, was es bisher leider nicht getan habe. Die Gegenseite indes blieb bisher jeden Beweis f\u00fcr ihre Abwehrbehauptungen schuldig.<\/p>\n<p>Von der KBV wollte die Autorin wissen, wie sie ihre Spekulation, es handele sich um versteckte Pandemie-Tote, belegen k\u00f6nne. Eine Antwort in der festgesetzten f\u00fcnfst\u00fcndigen Frist blieb aus. Auch das ZI reagierte nicht in diesem Zeitrahmen auf eine Anfrage. Von Letzterem erbat sich die Autorin mehr Klarheit zu seinen Aussagen hinsichtlich etwaiger unterschiedlicher Kohorten und versp\u00e4tet abgerechneter Sterbef\u00e4lle.<\/p>\n<p>Kurzum: Das Geschrei der Datenproduzenten und Experten war laut, ihre Behauptungen so spekulativ wie der Inhalt ihrer Vorw\u00fcrfe. Nur Beweise daf\u00fcr liefern sie \u2013 erneut! \u2013 nicht. Denn das m\u00fcssten sie, um Lausens Datenanalyse zu widerlegen.<\/p>\n<p>Nebenbei: Gute Argumente und Beweise f\u00fcr die Sicherheit hat zu erbringen, wer Massenimpfungen empfiehlt und teuer bewirbt \u2013 nicht umgekehrt. Nach zwei Jahren Kampagne sollte hier schon einiges auf dem Tisch liegen. Tut es aber nicht, stattdessen wird mit wilden Glaubens- und Moralbekenntnissen &#8220;argumentiert&#8221;. Es ist bereits ein Skandal, dass Dritte die gesetzliche Aufgabe des PEI mit m\u00fchsam angeforderten Datens\u00e4tzen privat \u00fcbernehmen, weil das Institut sich dem verweigert.<\/p>\n<p>Das Gebaren der KBV, des ZI und all der Experten und Medienschaffenden mag an ein uraltes Sprichwort erinnern: Der Teufel hat seine Gro\u00dfmutter erschlagen, als sie keine Ausreden mehr wusste.<\/p>\n<p><strong>Mehr zum Thema<\/strong> &#8211; <a rel=\"nofollow noopener\" target=\"_blank\" href=\"https:\/\/meinungsfreiheit.rtde.life\/inland\/144087-wie-regierung-offentlichkeit-mit-daten\/\">Wie die Regierung die \u00d6ffentlichkeit mit Daten zu gemeldeten Impfnebenwirkungen t\u00e4uscht <\/a><\/p>\n<div class=\"EmbedBlock-root EmbedBlock-externalVideo EmbedBlock-odysee\">\n<div class=\"VkEmbed\"><iframe class=\"lazyload\" data-src=\"https:\/\/odysee.com\/%24\/embed\/%40RTDE%3Ae%2FGesundheitsausschuss-Datenanalyst-konfrontiert-Kassen%C3%A4rztliche-Vereinigung-mit-schockierenden-Zahlen-zu-COVID-Impfsch%C3%A4den%3A1\" frameborder=\"0\" width=\"853\" height=\"480\" allowfullscreen><\/iframe><\/div>\n<\/div>\n<\/div>\n<p><br \/>\n<br \/><a href=\"https:\/\/de.rt.com\/meinung\/157207-zusammenhang-corona-impfung-und-anstieg\/\">Source link <\/a><\/p>\n","protected":false},"excerpt":{"rendered":"<p>Patientendaten der KBV zeigen einen steilen Anstieg unerwarteter Todesf\u00e4lle seit Beginn der Corona-Impfungen. Die Gegenseite wehrt sich nun mit widerspr\u00fcchlichen Spekulationen, teils skurrilen Vorw\u00fcrfen und Strohmann-Argumenten. Belege liefert sie weiterhin nicht. Von Susan Bonath Starben im ersten Impfjahr 2021 viermal mehr gesetzlich Krankenversicherte pl\u00f6tzlich und unerwartet als in jedem der f\u00fcnf Vorjahre? Diese am Montag [&hellip;]<\/p>\n","protected":false},"author":3,"featured_media":25544,"comment_status":"open","ping_status":"open","sticky":false,"template":"","format":"standard","meta":{"_yoast_indexnow_last_ping":["1671131715"],"wp_automatic_camp":["217"],"b1376a201972a403eb752fbefc90914a":["Zusammenhang Corona-Impfung und Anstieg der Todesf\u00e4lle? \u2013 Gegenseite in Widerspr\u00fcche verwickelt"],"original_link":["https:\/\/de.rt.com\/meinung\/157207-zusammenhang-corona-impfung-und-anstieg\/"],"_thumbnail_id":["25544"],"_wptgpro_p2tg_sent2tg":["a:1:{i:23737;s:19:\"2022-12-15 21:16:26\";}"],"jnews_social_counter_last_update":["1777186370"]},"categories":[19,23],"tags":[19969,14079,82,37564,18261,140,10749,31162,11903],"yoast_head":"<!-- This site is optimized with the Yoast SEO Premium plugin v22.7 (Yoast SEO v22.7) - https:\/\/yoast.com\/wordpress\/plugins\/seo\/ -->\n<title>Zusammenhang Corona-Impfung und Anstieg der Todesf\u00e4lle? \u2013 Gegenseite in Widerspr\u00fcche verwickelt - just-now.NEWS Deutschland<\/title>\n<meta name=\"robots\" content=\"index, follow, max-snippet:-1, max-image-preview:large, max-video-preview:-1\" \/>\n<link rel=\"canonical\" href=\"https:\/\/now-news.de\/de\/deutschland\/zusammenhang-corona-impfung-und-anstieg-der-todesfaelle-gegenseite-in-widersprueche-verwickelt\/\" \/>\n<meta property=\"og:locale\" content=\"de_DE\" \/>\n<meta property=\"og:type\" content=\"article\" \/>\n<meta property=\"og:title\" content=\"Zusammenhang Corona-Impfung und Anstieg der Todesf\u00e4lle? \u2013 Gegenseite in Widerspr\u00fcche verwickelt\" \/>\n<meta property=\"og:description\" content=\"Patientendaten der KBV zeigen einen steilen Anstieg unerwarteter Todesf\u00e4lle seit Beginn der Corona-Impfungen. Die Gegenseite wehrt sich nun mit widerspr\u00fcchlichen Spekulationen, teils skurrilen Vorw\u00fcrfen und Strohmann-Argumenten. Belege liefert sie weiterhin nicht. Von Susan Bonath Starben im ersten Impfjahr 2021 viermal mehr gesetzlich Krankenversicherte pl\u00f6tzlich und unerwartet als in jedem der f\u00fcnf Vorjahre? Diese am Montag [&hellip;]\" \/>\n<meta property=\"og:url\" content=\"https:\/\/now-news.de\/de\/deutschland\/zusammenhang-corona-impfung-und-anstieg-der-todesfaelle-gegenseite-in-widersprueche-verwickelt\/\" \/>\n<meta property=\"og:site_name\" content=\"just-now.NEWS Deutschland\" \/>\n<meta property=\"article:publisher\" content=\"https:\/\/www.facebook.com\/wirmachenauf\" \/>\n<meta property=\"article:published_time\" content=\"2022-12-15T19:09:07+00:00\" \/>\n<meta property=\"og:image\" content=\"https:\/\/now-news.de\/de\/wp-content\/uploads\/sites\/3\/2022\/12\/Zusammenhang-Corona-Impfung-und-Anstieg-der-Todesfaelle-\u2013-Gegenseite-in-Widersprueche.jpg\" \/>\n\t<meta property=\"og:image:width\" content=\"460\" \/>\n\t<meta property=\"og:image:height\" content=\"259\" \/>\n\t<meta property=\"og:image:type\" content=\"image\/jpeg\" \/>\n<meta name=\"author\" content=\"rtnews\" \/>\n<meta name=\"twitter:card\" content=\"summary_large_image\" \/>\n<meta name=\"twitter:creator\" content=\"@WirMachenAuf_de\" \/>\n<meta name=\"twitter:site\" content=\"@WirMachenAuf_de\" \/>\n<meta name=\"twitter:label1\" content=\"Verfasst von\" \/>\n\t<meta name=\"twitter:data1\" content=\"rtnews\" \/>\n\t<meta name=\"twitter:label2\" content=\"Gesch\u00e4tzte Lesezeit\" \/>\n\t<meta name=\"twitter:data2\" content=\"8\u00a0Minuten\" \/>\n<script type=\"application\/ld+json\" class=\"yoast-schema-graph\">{\"@context\":\"https:\/\/schema.org\",\"@graph\":[{\"@type\":\"Article\",\"@id\":\"https:\/\/now-news.de\/de\/deutschland\/zusammenhang-corona-impfung-und-anstieg-der-todesfaelle-gegenseite-in-widersprueche-verwickelt\/#article\",\"isPartOf\":{\"@id\":\"https:\/\/now-news.de\/de\/deutschland\/zusammenhang-corona-impfung-und-anstieg-der-todesfaelle-gegenseite-in-widersprueche-verwickelt\/\"},\"author\":{\"name\":\"rtnews\",\"@id\":\"https:\/\/now-news.de\/de\/#\/schema\/person\/fb534a4e865501d8b3285208df34a9b5\"},\"headline\":\"Zusammenhang Corona-Impfung und Anstieg der Todesf\u00e4lle? \u2013 Gegenseite in Widerspr\u00fcche verwickelt\",\"datePublished\":\"2022-12-15T19:09:07+00:00\",\"dateModified\":\"2022-12-15T19:09:07+00:00\",\"mainEntityOfPage\":{\"@id\":\"https:\/\/now-news.de\/de\/deutschland\/zusammenhang-corona-impfung-und-anstieg-der-todesfaelle-gegenseite-in-widersprueche-verwickelt\/\"},\"wordCount\":1587,\"commentCount\":0,\"publisher\":{\"@id\":\"https:\/\/now-news.de\/de\/#organization\"},\"image\":{\"@id\":\"https:\/\/now-news.de\/de\/deutschland\/zusammenhang-corona-impfung-und-anstieg-der-todesfaelle-gegenseite-in-widersprueche-verwickelt\/#primaryimage\"},\"thumbnailUrl\":\"https:\/\/now-news.de\/de\/wp-content\/uploads\/sites\/3\/2022\/12\/Zusammenhang-Corona-Impfung-und-Anstieg-der-Todesfaelle-\u2013-Gegenseite-in-Widersprueche.jpg\",\"keywords\":[\"Anstieg\",\"CoronaImpfung\",\"der\",\"Gegenseite\",\"Todesf\u00e4lle\",\"und\",\"verwickelt\",\"Widerspr\u00fcche\",\"Zusammenhang\"],\"articleSection\":[\"Deutschland\",\"Russland\"],\"inLanguage\":\"de\",\"potentialAction\":[{\"@type\":\"CommentAction\",\"name\":\"Comment\",\"target\":[\"https:\/\/now-news.de\/de\/deutschland\/zusammenhang-corona-impfung-und-anstieg-der-todesfaelle-gegenseite-in-widersprueche-verwickelt\/#respond\"]}]},{\"@type\":\"WebPage\",\"@id\":\"https:\/\/now-news.de\/de\/deutschland\/zusammenhang-corona-impfung-und-anstieg-der-todesfaelle-gegenseite-in-widersprueche-verwickelt\/\",\"url\":\"https:\/\/now-news.de\/de\/deutschland\/zusammenhang-corona-impfung-und-anstieg-der-todesfaelle-gegenseite-in-widersprueche-verwickelt\/\",\"name\":\"Zusammenhang Corona-Impfung und Anstieg der Todesf\u00e4lle? \u2013 Gegenseite in Widerspr\u00fcche verwickelt - just-now.NEWS Deutschland\",\"isPartOf\":{\"@id\":\"https:\/\/now-news.de\/de\/#website\"},\"primaryImageOfPage\":{\"@id\":\"https:\/\/now-news.de\/de\/deutschland\/zusammenhang-corona-impfung-und-anstieg-der-todesfaelle-gegenseite-in-widersprueche-verwickelt\/#primaryimage\"},\"image\":{\"@id\":\"https:\/\/now-news.de\/de\/deutschland\/zusammenhang-corona-impfung-und-anstieg-der-todesfaelle-gegenseite-in-widersprueche-verwickelt\/#primaryimage\"},\"thumbnailUrl\":\"https:\/\/now-news.de\/de\/wp-content\/uploads\/sites\/3\/2022\/12\/Zusammenhang-Corona-Impfung-und-Anstieg-der-Todesfaelle-\u2013-Gegenseite-in-Widersprueche.jpg\",\"datePublished\":\"2022-12-15T19:09:07+00:00\",\"dateModified\":\"2022-12-15T19:09:07+00:00\",\"breadcrumb\":{\"@id\":\"https:\/\/now-news.de\/de\/deutschland\/zusammenhang-corona-impfung-und-anstieg-der-todesfaelle-gegenseite-in-widersprueche-verwickelt\/#breadcrumb\"},\"inLanguage\":\"de\",\"potentialAction\":[{\"@type\":\"ReadAction\",\"target\":[\"https:\/\/now-news.de\/de\/deutschland\/zusammenhang-corona-impfung-und-anstieg-der-todesfaelle-gegenseite-in-widersprueche-verwickelt\/\"]}]},{\"@type\":\"ImageObject\",\"inLanguage\":\"de\",\"@id\":\"https:\/\/now-news.de\/de\/deutschland\/zusammenhang-corona-impfung-und-anstieg-der-todesfaelle-gegenseite-in-widersprueche-verwickelt\/#primaryimage\",\"url\":\"https:\/\/now-news.de\/de\/wp-content\/uploads\/sites\/3\/2022\/12\/Zusammenhang-Corona-Impfung-und-Anstieg-der-Todesfaelle-\u2013-Gegenseite-in-Widersprueche.jpg\",\"contentUrl\":\"https:\/\/now-news.de\/de\/wp-content\/uploads\/sites\/3\/2022\/12\/Zusammenhang-Corona-Impfung-und-Anstieg-der-Todesfaelle-\u2013-Gegenseite-in-Widersprueche.jpg\",\"width\":460,\"height\":259,\"caption\":\"Zusammenhang Corona-Impfung und Anstieg der Todesf\u00e4lle? \u2013 Gegenseite in Widerspr\u00fcche verwickelt\"},{\"@type\":\"BreadcrumbList\",\"@id\":\"https:\/\/now-news.de\/de\/deutschland\/zusammenhang-corona-impfung-und-anstieg-der-todesfaelle-gegenseite-in-widersprueche-verwickelt\/#breadcrumb\",\"itemListElement\":[{\"@type\":\"ListItem\",\"position\":1,\"name\":\"Home\",\"item\":\"https:\/\/now-news.de\/de\/\"},{\"@type\":\"ListItem\",\"position\":2,\"name\":\"Zusammenhang Corona-Impfung und Anstieg der Todesf\u00e4lle? \u2013 Gegenseite in Widerspr\u00fcche verwickelt\"}]},{\"@type\":\"WebSite\",\"@id\":\"https:\/\/now-news.de\/de\/#website\",\"url\":\"https:\/\/now-news.de\/de\/\",\"name\":\"just-now.NEWS Deutschland\",\"description\":\"Das Portal f\u00fcr unzensierte Nachrichten aus der Welt\",\"publisher\":{\"@id\":\"https:\/\/now-news.de\/de\/#organization\"},\"potentialAction\":[{\"@type\":\"SearchAction\",\"target\":{\"@type\":\"EntryPoint\",\"urlTemplate\":\"https:\/\/now-news.de\/de\/?s={search_term_string}\"},\"query-input\":\"required name=search_term_string\"}],\"inLanguage\":\"de\"},{\"@type\":\"Organization\",\"@id\":\"https:\/\/now-news.de\/de\/#organization\",\"name\":\"Just Now News\",\"url\":\"https:\/\/now-news.de\/de\/\",\"logo\":{\"@type\":\"ImageObject\",\"inLanguage\":\"de\",\"@id\":\"https:\/\/now-news.de\/de\/#\/schema\/logo\/image\/\",\"url\":\"http:\/\/just-now.news\/de\/wp-content\/uploads\/sites\/3\/2022\/04\/logo500x500.jpg\",\"contentUrl\":\"http:\/\/just-now.news\/de\/wp-content\/uploads\/sites\/3\/2022\/04\/logo500x500.jpg\",\"width\":500,\"height\":500,\"caption\":\"Just Now News\"},\"image\":{\"@id\":\"https:\/\/now-news.de\/de\/#\/schema\/logo\/image\/\"},\"sameAs\":[\"https:\/\/www.facebook.com\/wirmachenauf\",\"https:\/\/x.com\/WirMachenAuf_de\"]},{\"@type\":\"Person\",\"@id\":\"https:\/\/now-news.de\/de\/#\/schema\/person\/fb534a4e865501d8b3285208df34a9b5\",\"name\":\"rtnews\",\"image\":{\"@type\":\"ImageObject\",\"inLanguage\":\"de\",\"@id\":\"https:\/\/now-news.de\/de\/#\/schema\/person\/image\/\",\"url\":\"https:\/\/secure.gravatar.com\/avatar\/82aafea7d8127119dd649515f56e2117?s=96&d=mm&r=g\",\"contentUrl\":\"https:\/\/secure.gravatar.com\/avatar\/82aafea7d8127119dd649515f56e2117?s=96&d=mm&r=g\",\"caption\":\"rtnews\"},\"url\":\"https:\/\/now-news.de\/de\/author\/rnews\/\"}]}<\/script>\n<!-- \/ Yoast SEO Premium plugin. -->","yoast_head_json":{"title":"Zusammenhang Corona-Impfung und Anstieg der Todesf\u00e4lle? \u2013 Gegenseite in Widerspr\u00fcche verwickelt - just-now.NEWS Deutschland","robots":{"index":"index","follow":"follow","max-snippet":"max-snippet:-1","max-image-preview":"max-image-preview:large","max-video-preview":"max-video-preview:-1"},"canonical":"https:\/\/now-news.de\/de\/deutschland\/zusammenhang-corona-impfung-und-anstieg-der-todesfaelle-gegenseite-in-widersprueche-verwickelt\/","og_locale":"de_DE","og_type":"article","og_title":"Zusammenhang Corona-Impfung und Anstieg der Todesf\u00e4lle? \u2013 Gegenseite in Widerspr\u00fcche verwickelt","og_description":"Patientendaten der KBV zeigen einen steilen Anstieg unerwarteter Todesf\u00e4lle seit Beginn der Corona-Impfungen. Die Gegenseite wehrt sich nun mit widerspr\u00fcchlichen Spekulationen, teils skurrilen Vorw\u00fcrfen und Strohmann-Argumenten. Belege liefert sie weiterhin nicht. Von Susan Bonath Starben im ersten Impfjahr 2021 viermal mehr gesetzlich Krankenversicherte pl\u00f6tzlich und unerwartet als in jedem der f\u00fcnf Vorjahre? Diese am Montag [&hellip;]","og_url":"https:\/\/now-news.de\/de\/deutschland\/zusammenhang-corona-impfung-und-anstieg-der-todesfaelle-gegenseite-in-widersprueche-verwickelt\/","og_site_name":"just-now.NEWS Deutschland","article_publisher":"https:\/\/www.facebook.com\/wirmachenauf","article_published_time":"2022-12-15T19:09:07+00:00","og_image":[{"width":460,"height":259,"url":"https:\/\/now-news.de\/de\/wp-content\/uploads\/sites\/3\/2022\/12\/Zusammenhang-Corona-Impfung-und-Anstieg-der-Todesfaelle-\u2013-Gegenseite-in-Widersprueche.jpg","type":"image\/jpeg"}],"author":"rtnews","twitter_card":"summary_large_image","twitter_creator":"@WirMachenAuf_de","twitter_site":"@WirMachenAuf_de","twitter_misc":{"Verfasst von":"rtnews","Gesch\u00e4tzte Lesezeit":"8\u00a0Minuten"},"schema":{"@context":"https:\/\/schema.org","@graph":[{"@type":"Article","@id":"https:\/\/now-news.de\/de\/deutschland\/zusammenhang-corona-impfung-und-anstieg-der-todesfaelle-gegenseite-in-widersprueche-verwickelt\/#article","isPartOf":{"@id":"https:\/\/now-news.de\/de\/deutschland\/zusammenhang-corona-impfung-und-anstieg-der-todesfaelle-gegenseite-in-widersprueche-verwickelt\/"},"author":{"name":"rtnews","@id":"https:\/\/now-news.de\/de\/#\/schema\/person\/fb534a4e865501d8b3285208df34a9b5"},"headline":"Zusammenhang Corona-Impfung und Anstieg der Todesf\u00e4lle? \u2013 Gegenseite in Widerspr\u00fcche verwickelt","datePublished":"2022-12-15T19:09:07+00:00","dateModified":"2022-12-15T19:09:07+00:00","mainEntityOfPage":{"@id":"https:\/\/now-news.de\/de\/deutschland\/zusammenhang-corona-impfung-und-anstieg-der-todesfaelle-gegenseite-in-widersprueche-verwickelt\/"},"wordCount":1587,"commentCount":0,"publisher":{"@id":"https:\/\/now-news.de\/de\/#organization"},"image":{"@id":"https:\/\/now-news.de\/de\/deutschland\/zusammenhang-corona-impfung-und-anstieg-der-todesfaelle-gegenseite-in-widersprueche-verwickelt\/#primaryimage"},"thumbnailUrl":"https:\/\/now-news.de\/de\/wp-content\/uploads\/sites\/3\/2022\/12\/Zusammenhang-Corona-Impfung-und-Anstieg-der-Todesfaelle-\u2013-Gegenseite-in-Widersprueche.jpg","keywords":["Anstieg","CoronaImpfung","der","Gegenseite","Todesf\u00e4lle","und","verwickelt","Widerspr\u00fcche","Zusammenhang"],"articleSection":["Deutschland","Russland"],"inLanguage":"de","potentialAction":[{"@type":"CommentAction","name":"Comment","target":["https:\/\/now-news.de\/de\/deutschland\/zusammenhang-corona-impfung-und-anstieg-der-todesfaelle-gegenseite-in-widersprueche-verwickelt\/#respond"]}]},{"@type":"WebPage","@id":"https:\/\/now-news.de\/de\/deutschland\/zusammenhang-corona-impfung-und-anstieg-der-todesfaelle-gegenseite-in-widersprueche-verwickelt\/","url":"https:\/\/now-news.de\/de\/deutschland\/zusammenhang-corona-impfung-und-anstieg-der-todesfaelle-gegenseite-in-widersprueche-verwickelt\/","name":"Zusammenhang Corona-Impfung und Anstieg der Todesf\u00e4lle? \u2013 Gegenseite in Widerspr\u00fcche verwickelt - just-now.NEWS Deutschland","isPartOf":{"@id":"https:\/\/now-news.de\/de\/#website"},"primaryImageOfPage":{"@id":"https:\/\/now-news.de\/de\/deutschland\/zusammenhang-corona-impfung-und-anstieg-der-todesfaelle-gegenseite-in-widersprueche-verwickelt\/#primaryimage"},"image":{"@id":"https:\/\/now-news.de\/de\/deutschland\/zusammenhang-corona-impfung-und-anstieg-der-todesfaelle-gegenseite-in-widersprueche-verwickelt\/#primaryimage"},"thumbnailUrl":"https:\/\/now-news.de\/de\/wp-content\/uploads\/sites\/3\/2022\/12\/Zusammenhang-Corona-Impfung-und-Anstieg-der-Todesfaelle-\u2013-Gegenseite-in-Widersprueche.jpg","datePublished":"2022-12-15T19:09:07+00:00","dateModified":"2022-12-15T19:09:07+00:00","breadcrumb":{"@id":"https:\/\/now-news.de\/de\/deutschland\/zusammenhang-corona-impfung-und-anstieg-der-todesfaelle-gegenseite-in-widersprueche-verwickelt\/#breadcrumb"},"inLanguage":"de","potentialAction":[{"@type":"ReadAction","target":["https:\/\/now-news.de\/de\/deutschland\/zusammenhang-corona-impfung-und-anstieg-der-todesfaelle-gegenseite-in-widersprueche-verwickelt\/"]}]},{"@type":"ImageObject","inLanguage":"de","@id":"https:\/\/now-news.de\/de\/deutschland\/zusammenhang-corona-impfung-und-anstieg-der-todesfaelle-gegenseite-in-widersprueche-verwickelt\/#primaryimage","url":"https:\/\/now-news.de\/de\/wp-content\/uploads\/sites\/3\/2022\/12\/Zusammenhang-Corona-Impfung-und-Anstieg-der-Todesfaelle-\u2013-Gegenseite-in-Widersprueche.jpg","contentUrl":"https:\/\/now-news.de\/de\/wp-content\/uploads\/sites\/3\/2022\/12\/Zusammenhang-Corona-Impfung-und-Anstieg-der-Todesfaelle-\u2013-Gegenseite-in-Widersprueche.jpg","width":460,"height":259,"caption":"Zusammenhang Corona-Impfung und Anstieg der Todesf\u00e4lle? \u2013 Gegenseite in Widerspr\u00fcche verwickelt"},{"@type":"BreadcrumbList","@id":"https:\/\/now-news.de\/de\/deutschland\/zusammenhang-corona-impfung-und-anstieg-der-todesfaelle-gegenseite-in-widersprueche-verwickelt\/#breadcrumb","itemListElement":[{"@type":"ListItem","position":1,"name":"Home","item":"https:\/\/now-news.de\/de\/"},{"@type":"ListItem","position":2,"name":"Zusammenhang Corona-Impfung und Anstieg der Todesf\u00e4lle? \u2013 Gegenseite in Widerspr\u00fcche verwickelt"}]},{"@type":"WebSite","@id":"https:\/\/now-news.de\/de\/#website","url":"https:\/\/now-news.de\/de\/","name":"just-now.NEWS Deutschland","description":"Das Portal f\u00fcr unzensierte Nachrichten aus der Welt","publisher":{"@id":"https:\/\/now-news.de\/de\/#organization"},"potentialAction":[{"@type":"SearchAction","target":{"@type":"EntryPoint","urlTemplate":"https:\/\/now-news.de\/de\/?s={search_term_string}"},"query-input":"required name=search_term_string"}],"inLanguage":"de"},{"@type":"Organization","@id":"https:\/\/now-news.de\/de\/#organization","name":"Just Now News","url":"https:\/\/now-news.de\/de\/","logo":{"@type":"ImageObject","inLanguage":"de","@id":"https:\/\/now-news.de\/de\/#\/schema\/logo\/image\/","url":"http:\/\/just-now.news\/de\/wp-content\/uploads\/sites\/3\/2022\/04\/logo500x500.jpg","contentUrl":"http:\/\/just-now.news\/de\/wp-content\/uploads\/sites\/3\/2022\/04\/logo500x500.jpg","width":500,"height":500,"caption":"Just Now News"},"image":{"@id":"https:\/\/now-news.de\/de\/#\/schema\/logo\/image\/"},"sameAs":["https:\/\/www.facebook.com\/wirmachenauf","https:\/\/x.com\/WirMachenAuf_de"]},{"@type":"Person","@id":"https:\/\/now-news.de\/de\/#\/schema\/person\/fb534a4e865501d8b3285208df34a9b5","name":"rtnews","image":{"@type":"ImageObject","inLanguage":"de","@id":"https:\/\/now-news.de\/de\/#\/schema\/person\/image\/","url":"https:\/\/secure.gravatar.com\/avatar\/82aafea7d8127119dd649515f56e2117?s=96&d=mm&r=g","contentUrl":"https:\/\/secure.gravatar.com\/avatar\/82aafea7d8127119dd649515f56e2117?s=96&d=mm&r=g","caption":"rtnews"},"url":"https:\/\/now-news.de\/de\/author\/rnews\/"}]}},"_links":{"self":[{"href":"https:\/\/now-news.de\/de\/wp-json\/wp\/v2\/posts\/25543"}],"collection":[{"href":"https:\/\/now-news.de\/de\/wp-json\/wp\/v2\/posts"}],"about":[{"href":"https:\/\/now-news.de\/de\/wp-json\/wp\/v2\/types\/post"}],"author":[{"embeddable":true,"href":"https:\/\/now-news.de\/de\/wp-json\/wp\/v2\/users\/3"}],"replies":[{"embeddable":true,"href":"https:\/\/now-news.de\/de\/wp-json\/wp\/v2\/comments?post=25543"}],"version-history":[{"count":0,"href":"https:\/\/now-news.de\/de\/wp-json\/wp\/v2\/posts\/25543\/revisions"}],"wp:featuredmedia":[{"embeddable":true,"href":"https:\/\/now-news.de\/de\/wp-json\/wp\/v2\/media\/25544"}],"wp:attachment":[{"href":"https:\/\/now-news.de\/de\/wp-json\/wp\/v2\/media?parent=25543"}],"wp:term":[{"taxonomy":"category","embeddable":true,"href":"https:\/\/now-news.de\/de\/wp-json\/wp\/v2\/categories?post=25543"},{"taxonomy":"post_tag","embeddable":true,"href":"https:\/\/now-news.de\/de\/wp-json\/wp\/v2\/tags?post=25543"}],"curies":[{"name":"wp","href":"https:\/\/api.w.org\/{rel}","templated":true}]}}