{"id":25517,"date":"2022-12-15T15:54:39","date_gmt":"2022-12-15T13:54:39","guid":{"rendered":"https:\/\/just-now.news\/de\/deutschland\/boris-becker-nach-nur-sieben-monaten-aus-gefaengnis-entlassen\/"},"modified":"2022-12-15T15:54:39","modified_gmt":"2022-12-15T13:54:39","slug":"boris-becker-nach-nur-sieben-monaten-aus-gefaengnis-entlassen","status":"publish","type":"post","link":"https:\/\/now-news.de\/de\/deutschland\/boris-becker-nach-nur-sieben-monaten-aus-gefaengnis-entlassen\/","title":{"rendered":"Boris Becker nach nur sieben Monaten aus Gef\u00e4ngnis entlassen"},"content":{"rendered":"<p><img decoding=\"async\" src=\"http:\/\/just-now.news\/de\/wp-content\/uploads\/sites\/3\/2022\/12\/639b21a748fbef6a1437f5af.jpg\" \/><\/p>\n<div class=\"Text-root Text-type_1 \">\n                Dank seiner deutschen Staatsb\u00fcrgerschaft kann Boris Becker schon nach weniger als der H\u00e4lfte seiner Haftstrafe in Gro\u00dfbritannien entlassen werden. Doch er muss seine Wahlheimat umgehend verlassen. Becker war Ende April zu zweieinhalb Jahren Gef\u00e4ngnis verurteilt worden.\n            <\/div>\n<p><\/p>\n<div class=\"Text-root Text-type_5 ArticleView-text ViewText-root \">\n<p>Ex-Tennisstar Boris Becker ist einem Bericht der Nachrichtenagentur <em>PA<\/em> zufolge nach mehr als sieben Monaten aus einem britischen Gef\u00e4ngnis entlassen worden. Der 55-j\u00e4hrige geb\u00fcrtige Leimener sollte demnach noch am Donnerstag aus seiner Wahlheimat abgeschoben werden. Erwartet wurde, dass er nach Deutschland kommt. Wann und wo Becker eintreffen sollte, war aber zun\u00e4chst unklar.<\/p>\n<p>Becker war Ende April von einem Gericht in London zu zweieinhalb Jahren Gef\u00e4ngnis verurteilt worden, weil er Teile seines Verm\u00f6gens in seinem Insolvenzverfahren nicht ordnungsgem\u00e4\u00df angegeben hatte. Seitdem sa\u00df er ein. Zuerst im ber\u00fcchtigten Wandsworth-Gef\u00e4ngnis, sp\u00e4ter im etwas komfortableren Huntercombe-Gef\u00e4ngnis.<\/p>\n<p>Dass Becker nun Weihnachten wohl mit seiner Familie in Deutschland verbringen kann, verdankt er einer Sonderregel f\u00fcr straff\u00e4llige Ausl\u00e4nder in Gro\u00dfbritannien, wonach deren Haftstrafe nach einer bestimmten Zeit erlassen wird, wenn sie das Land umgehend verlassen. Eine R\u00fcckkehr ins Vereinigte K\u00f6nigreich d\u00fcrfte ihm zun\u00e4chst verwehrt bleiben. Doch in Deutschland wird Becker ein freier Mann sein.<\/p>\n<p>Den schlimmsten Teil seiner Insolvenz-Misere hat der dreifache Wimbledon-Sieger damit wohl hinter sich gebracht. Doch laut britischem Insolvenzregister ist er noch immer nicht Herr \u00fcber seine eigenen Finanzen. Der Abschluss seines Insolvenzverfahrens wurde auf unbestimmte Zeit verschoben. Einige Auflagen, wie zum Beispiel das Verbot, ohne gerichtliche Erlaubnis in Gro\u00dfbritannien ein Unternehmen zu leiten, gelten noch bis 2031. In einem Podcast im vergangenen Jahr hatte Becker erz\u00e4hlt, er m\u00fcsse die H\u00e4lfte seiner Eink\u00fcnfte abgeben. Wie das in Zukunft sein wird, war zun\u00e4chst aber unklar.<\/p>\n<p>Doch wie konnte es \u00fcberhaupt geschehen, dass der einstige &#8220;Wunderknabe&#8221;, der schon als 17-J\u00e4hriger auf dem &#8220;heiligen Rasen&#8221; in Wimbledon einen unvergesslichen Triumph feierte, so tief sank? Alles begann damit, dass er 2017 von einem Gericht in London f\u00fcr privatinsolvent erkl\u00e4rt wurde. Eigentlich k\u00f6nnen solche Verfahren in Gro\u00dfbritannien recht schnell beendet werden. Doch bei Becker zog es sich in die L\u00e4nge. Es folgten dem\u00fctigende Episoden: Unter anderem wurden ein Teil seiner Troph\u00e4en und andere pers\u00f6nliche Erinnerungsst\u00fccke \u00f6ffentlich versteigert.<\/p>\n<p>Doch es kam noch schlimmer: Sein Insolvenzverwalter warf Becker vor, Verm\u00f6gensbestandteile in Millionenh\u00f6he verschleiert zu haben. Die Tennis-Legende musste vor Gericht. In dem Prozess im Fr\u00fchjahr pl\u00e4dierte Becker in allen Punkten auf unschuldig. Sein Anwalt stellte ihn als einen Mann dar, der oft mit dem Leben als Star au\u00dferhalb des Tennisplatzes \u00fcberfordert war, Entscheidungen oft anderen \u00fcberlie\u00df und sich kaum um die Konsequenzen seines eigenen Handelns k\u00fcmmerte. Doch die Geschworenen nahmen ihm das nur zum Teil ab und befanden Becker in mehreren Anklagepunkten f\u00fcr schuldig.<\/p>\n<p>In einem Interview, das er Apple TV+ wenige Tage vor der Verk\u00fcndung des Strafma\u00dfes gab, sagte er unter Tr\u00e4nen:<\/p>\n<blockquote>\n<p><em>&#8220;Ich habe meinen Tiefpunkt erreicht. Ich werde sehen, was ich damit anfange.&#8221;<\/em><\/p>\n<\/blockquote>\n<p>Becker konnte nicht einmal Abschied nehmen von seiner Partnerin Lilian de Carvalho Monteiro und seinem \u00e4ltesten Sohn Noah, die zusehen mussten, wie er nach dem Richterspruch in dem fensterlosen Gerichtssaal in London abgef\u00fchrt wurde. Eine gepackte Tasche stand damals bereits neben ihm. Seitdem war von dem sonst so mitteilsamen Becker kaum mehr etwas zu h\u00f6ren.<\/p>\n<p>Vereinzelt gab es Berichte \u00fcber das Befinden Beckers oder seine Aktivit\u00e4ten im Gef\u00e4ngnis. Als sich seine Noch-Ehefrau Lilly zu Wort meldete und ihm den R\u00fccken st\u00e4rkte, wurde sie von seinem Anwalt mit harschen Worten in die Schranken gewiesen. Doch ansonsten herrschte weitgehend Funkstille.<\/p>\n<p><strong>Mehr zum Thema<\/strong> \u2013 <a rel=\"nofollow noopener\" target=\"_blank\" href=\"https:\/\/de.rt.com\/international\/156855-us-sportjournalist-grant-wahl-waehrend\/\">US-Sportjournalist Grant Wahl w\u00e4hrend Viertelfinalspiel in Katar verstorben<\/a><\/p>\n<\/div>\n<p><br \/>\n<br \/><a href=\"https:\/\/de.rt.com\/europa\/157312-boris-becker-aus-gefaengnis-entlassen\/\">Source link <\/a><\/p>\n","protected":false},"excerpt":{"rendered":"<p>Dank seiner deutschen Staatsb\u00fcrgerschaft kann Boris Becker schon nach weniger als der H\u00e4lfte seiner Haftstrafe in Gro\u00dfbritannien entlassen werden. Doch er muss seine Wahlheimat umgehend verlassen. Becker war Ende April zu zweieinhalb Jahren Gef\u00e4ngnis verurteilt worden. Ex-Tennisstar Boris Becker ist einem Bericht der Nachrichtenagentur PA zufolge nach mehr als sieben Monaten aus einem britischen Gef\u00e4ngnis [&hellip;]<\/p>\n","protected":false},"author":3,"featured_media":25518,"comment_status":"open","ping_status":"open","sticky":false,"template":"","format":"standard","meta":{"_yoast_indexnow_last_ping":["1671113326"],"wp_automatic_camp":["217"],"9f402e2dd271e39ae7a372c78b705325":["Boris Becker nach nur sieben Monaten aus Gef\u00e4ngnis entlassen"],"original_link":["https:\/\/de.rt.com\/europa\/157312-boris-becker-aus-gefaengnis-entlassen\/"],"_thumbnail_id":["25518"],"_wptgpro_p2tg_sent2tg":["a:1:{i:23737;s:19:\"2022-12-15 16:09:46\";}"],"jnews_social_counter_last_update":["1776970070"]},"categories":[19,23],"tags":[679,16205,6985,7142,7567,7566,979,4230,1812],"yoast_head":"<!-- This site is optimized with the Yoast SEO Premium plugin v22.7 (Yoast SEO v22.7) - https:\/\/yoast.com\/wordpress\/plugins\/seo\/ -->\n<title>Boris Becker nach nur sieben Monaten aus Gef\u00e4ngnis entlassen - just-now.NEWS Deutschland<\/title>\n<meta name=\"robots\" content=\"index, follow, max-snippet:-1, max-image-preview:large, max-video-preview:-1\" \/>\n<link rel=\"canonical\" href=\"https:\/\/now-news.de\/de\/deutschland\/boris-becker-nach-nur-sieben-monaten-aus-gefaengnis-entlassen\/\" \/>\n<meta property=\"og:locale\" content=\"de_DE\" \/>\n<meta property=\"og:type\" content=\"article\" \/>\n<meta property=\"og:title\" content=\"Boris Becker nach nur sieben Monaten aus Gef\u00e4ngnis entlassen\" \/>\n<meta property=\"og:description\" content=\"Dank seiner deutschen Staatsb\u00fcrgerschaft kann Boris Becker schon nach weniger als der H\u00e4lfte seiner Haftstrafe in Gro\u00dfbritannien entlassen werden. Doch er muss seine Wahlheimat umgehend verlassen. Becker war Ende April zu zweieinhalb Jahren Gef\u00e4ngnis verurteilt worden. Ex-Tennisstar Boris Becker ist einem Bericht der Nachrichtenagentur PA zufolge nach mehr als sieben Monaten aus einem britischen Gef\u00e4ngnis [&hellip;]\" \/>\n<meta property=\"og:url\" content=\"https:\/\/now-news.de\/de\/deutschland\/boris-becker-nach-nur-sieben-monaten-aus-gefaengnis-entlassen\/\" \/>\n<meta property=\"og:site_name\" content=\"just-now.NEWS Deutschland\" \/>\n<meta property=\"article:publisher\" content=\"https:\/\/www.facebook.com\/wirmachenauf\" \/>\n<meta property=\"article:published_time\" content=\"2022-12-15T13:54:39+00:00\" \/>\n<meta property=\"og:image\" content=\"https:\/\/now-news.de\/de\/wp-content\/uploads\/sites\/3\/2022\/12\/Boris-Becker-nach-nur-sieben-Monaten-aus-Gefaengnis-entlassen.jpg\" \/>\n\t<meta property=\"og:image:width\" content=\"460\" \/>\n\t<meta property=\"og:image:height\" content=\"259\" \/>\n\t<meta property=\"og:image:type\" content=\"image\/jpeg\" \/>\n<meta name=\"author\" content=\"rtnews\" \/>\n<meta name=\"twitter:card\" content=\"summary_large_image\" \/>\n<meta name=\"twitter:creator\" content=\"@WirMachenAuf_de\" \/>\n<meta name=\"twitter:site\" content=\"@WirMachenAuf_de\" \/>\n<meta name=\"twitter:label1\" content=\"Verfasst von\" \/>\n\t<meta name=\"twitter:data1\" content=\"rtnews\" \/>\n\t<meta name=\"twitter:label2\" content=\"Gesch\u00e4tzte Lesezeit\" \/>\n\t<meta name=\"twitter:data2\" content=\"3\u00a0Minuten\" \/>\n<script type=\"application\/ld+json\" class=\"yoast-schema-graph\">{\"@context\":\"https:\/\/schema.org\",\"@graph\":[{\"@type\":\"Article\",\"@id\":\"https:\/\/now-news.de\/de\/deutschland\/boris-becker-nach-nur-sieben-monaten-aus-gefaengnis-entlassen\/#article\",\"isPartOf\":{\"@id\":\"https:\/\/now-news.de\/de\/deutschland\/boris-becker-nach-nur-sieben-monaten-aus-gefaengnis-entlassen\/\"},\"author\":{\"name\":\"rtnews\",\"@id\":\"https:\/\/now-news.de\/de\/#\/schema\/person\/fb534a4e865501d8b3285208df34a9b5\"},\"headline\":\"Boris Becker nach nur sieben Monaten aus Gef\u00e4ngnis entlassen\",\"datePublished\":\"2022-12-15T13:54:39+00:00\",\"dateModified\":\"2022-12-15T13:54:39+00:00\",\"mainEntityOfPage\":{\"@id\":\"https:\/\/now-news.de\/de\/deutschland\/boris-becker-nach-nur-sieben-monaten-aus-gefaengnis-entlassen\/\"},\"wordCount\":635,\"commentCount\":0,\"publisher\":{\"@id\":\"https:\/\/now-news.de\/de\/#organization\"},\"image\":{\"@id\":\"https:\/\/now-news.de\/de\/deutschland\/boris-becker-nach-nur-sieben-monaten-aus-gefaengnis-entlassen\/#primaryimage\"},\"thumbnailUrl\":\"https:\/\/now-news.de\/de\/wp-content\/uploads\/sites\/3\/2022\/12\/Boris-Becker-nach-nur-sieben-Monaten-aus-Gefaengnis-entlassen.jpg\",\"keywords\":[\"aus\",\"Becker\",\"Boris\",\"entlassen\",\"Gef\u00e4ngnis\",\"Monaten\",\"nach\",\"NUR\",\"Sieben\"],\"articleSection\":[\"Deutschland\",\"Russland\"],\"inLanguage\":\"de\",\"potentialAction\":[{\"@type\":\"CommentAction\",\"name\":\"Comment\",\"target\":[\"https:\/\/now-news.de\/de\/deutschland\/boris-becker-nach-nur-sieben-monaten-aus-gefaengnis-entlassen\/#respond\"]}]},{\"@type\":\"WebPage\",\"@id\":\"https:\/\/now-news.de\/de\/deutschland\/boris-becker-nach-nur-sieben-monaten-aus-gefaengnis-entlassen\/\",\"url\":\"https:\/\/now-news.de\/de\/deutschland\/boris-becker-nach-nur-sieben-monaten-aus-gefaengnis-entlassen\/\",\"name\":\"Boris Becker nach nur sieben Monaten aus Gef\u00e4ngnis entlassen - just-now.NEWS Deutschland\",\"isPartOf\":{\"@id\":\"https:\/\/now-news.de\/de\/#website\"},\"primaryImageOfPage\":{\"@id\":\"https:\/\/now-news.de\/de\/deutschland\/boris-becker-nach-nur-sieben-monaten-aus-gefaengnis-entlassen\/#primaryimage\"},\"image\":{\"@id\":\"https:\/\/now-news.de\/de\/deutschland\/boris-becker-nach-nur-sieben-monaten-aus-gefaengnis-entlassen\/#primaryimage\"},\"thumbnailUrl\":\"https:\/\/now-news.de\/de\/wp-content\/uploads\/sites\/3\/2022\/12\/Boris-Becker-nach-nur-sieben-Monaten-aus-Gefaengnis-entlassen.jpg\",\"datePublished\":\"2022-12-15T13:54:39+00:00\",\"dateModified\":\"2022-12-15T13:54:39+00:00\",\"breadcrumb\":{\"@id\":\"https:\/\/now-news.de\/de\/deutschland\/boris-becker-nach-nur-sieben-monaten-aus-gefaengnis-entlassen\/#breadcrumb\"},\"inLanguage\":\"de\",\"potentialAction\":[{\"@type\":\"ReadAction\",\"target\":[\"https:\/\/now-news.de\/de\/deutschland\/boris-becker-nach-nur-sieben-monaten-aus-gefaengnis-entlassen\/\"]}]},{\"@type\":\"ImageObject\",\"inLanguage\":\"de\",\"@id\":\"https:\/\/now-news.de\/de\/deutschland\/boris-becker-nach-nur-sieben-monaten-aus-gefaengnis-entlassen\/#primaryimage\",\"url\":\"https:\/\/now-news.de\/de\/wp-content\/uploads\/sites\/3\/2022\/12\/Boris-Becker-nach-nur-sieben-Monaten-aus-Gefaengnis-entlassen.jpg\",\"contentUrl\":\"https:\/\/now-news.de\/de\/wp-content\/uploads\/sites\/3\/2022\/12\/Boris-Becker-nach-nur-sieben-Monaten-aus-Gefaengnis-entlassen.jpg\",\"width\":460,\"height\":259,\"caption\":\"Boris Becker nach nur sieben Monaten aus Gef\u00e4ngnis entlassen\"},{\"@type\":\"BreadcrumbList\",\"@id\":\"https:\/\/now-news.de\/de\/deutschland\/boris-becker-nach-nur-sieben-monaten-aus-gefaengnis-entlassen\/#breadcrumb\",\"itemListElement\":[{\"@type\":\"ListItem\",\"position\":1,\"name\":\"Home\",\"item\":\"https:\/\/now-news.de\/de\/\"},{\"@type\":\"ListItem\",\"position\":2,\"name\":\"Boris Becker nach nur sieben Monaten aus Gef\u00e4ngnis entlassen\"}]},{\"@type\":\"WebSite\",\"@id\":\"https:\/\/now-news.de\/de\/#website\",\"url\":\"https:\/\/now-news.de\/de\/\",\"name\":\"just-now.NEWS Deutschland\",\"description\":\"Das Portal f\u00fcr unzensierte Nachrichten aus der Welt\",\"publisher\":{\"@id\":\"https:\/\/now-news.de\/de\/#organization\"},\"potentialAction\":[{\"@type\":\"SearchAction\",\"target\":{\"@type\":\"EntryPoint\",\"urlTemplate\":\"https:\/\/now-news.de\/de\/?s={search_term_string}\"},\"query-input\":\"required name=search_term_string\"}],\"inLanguage\":\"de\"},{\"@type\":\"Organization\",\"@id\":\"https:\/\/now-news.de\/de\/#organization\",\"name\":\"Just Now News\",\"url\":\"https:\/\/now-news.de\/de\/\",\"logo\":{\"@type\":\"ImageObject\",\"inLanguage\":\"de\",\"@id\":\"https:\/\/now-news.de\/de\/#\/schema\/logo\/image\/\",\"url\":\"http:\/\/just-now.news\/de\/wp-content\/uploads\/sites\/3\/2022\/04\/logo500x500.jpg\",\"contentUrl\":\"http:\/\/just-now.news\/de\/wp-content\/uploads\/sites\/3\/2022\/04\/logo500x500.jpg\",\"width\":500,\"height\":500,\"caption\":\"Just Now News\"},\"image\":{\"@id\":\"https:\/\/now-news.de\/de\/#\/schema\/logo\/image\/\"},\"sameAs\":[\"https:\/\/www.facebook.com\/wirmachenauf\",\"https:\/\/x.com\/WirMachenAuf_de\"]},{\"@type\":\"Person\",\"@id\":\"https:\/\/now-news.de\/de\/#\/schema\/person\/fb534a4e865501d8b3285208df34a9b5\",\"name\":\"rtnews\",\"image\":{\"@type\":\"ImageObject\",\"inLanguage\":\"de\",\"@id\":\"https:\/\/now-news.de\/de\/#\/schema\/person\/image\/\",\"url\":\"https:\/\/secure.gravatar.com\/avatar\/82aafea7d8127119dd649515f56e2117?s=96&d=mm&r=g\",\"contentUrl\":\"https:\/\/secure.gravatar.com\/avatar\/82aafea7d8127119dd649515f56e2117?s=96&d=mm&r=g\",\"caption\":\"rtnews\"},\"url\":\"https:\/\/now-news.de\/de\/author\/rnews\/\"}]}<\/script>\n<!-- \/ Yoast SEO Premium plugin. -->","yoast_head_json":{"title":"Boris Becker nach nur sieben Monaten aus Gef\u00e4ngnis entlassen - just-now.NEWS Deutschland","robots":{"index":"index","follow":"follow","max-snippet":"max-snippet:-1","max-image-preview":"max-image-preview:large","max-video-preview":"max-video-preview:-1"},"canonical":"https:\/\/now-news.de\/de\/deutschland\/boris-becker-nach-nur-sieben-monaten-aus-gefaengnis-entlassen\/","og_locale":"de_DE","og_type":"article","og_title":"Boris Becker nach nur sieben Monaten aus Gef\u00e4ngnis entlassen","og_description":"Dank seiner deutschen Staatsb\u00fcrgerschaft kann Boris Becker schon nach weniger als der H\u00e4lfte seiner Haftstrafe in Gro\u00dfbritannien entlassen werden. Doch er muss seine Wahlheimat umgehend verlassen. Becker war Ende April zu zweieinhalb Jahren Gef\u00e4ngnis verurteilt worden. Ex-Tennisstar Boris Becker ist einem Bericht der Nachrichtenagentur PA zufolge nach mehr als sieben Monaten aus einem britischen Gef\u00e4ngnis [&hellip;]","og_url":"https:\/\/now-news.de\/de\/deutschland\/boris-becker-nach-nur-sieben-monaten-aus-gefaengnis-entlassen\/","og_site_name":"just-now.NEWS Deutschland","article_publisher":"https:\/\/www.facebook.com\/wirmachenauf","article_published_time":"2022-12-15T13:54:39+00:00","og_image":[{"width":460,"height":259,"url":"https:\/\/now-news.de\/de\/wp-content\/uploads\/sites\/3\/2022\/12\/Boris-Becker-nach-nur-sieben-Monaten-aus-Gefaengnis-entlassen.jpg","type":"image\/jpeg"}],"author":"rtnews","twitter_card":"summary_large_image","twitter_creator":"@WirMachenAuf_de","twitter_site":"@WirMachenAuf_de","twitter_misc":{"Verfasst von":"rtnews","Gesch\u00e4tzte Lesezeit":"3\u00a0Minuten"},"schema":{"@context":"https:\/\/schema.org","@graph":[{"@type":"Article","@id":"https:\/\/now-news.de\/de\/deutschland\/boris-becker-nach-nur-sieben-monaten-aus-gefaengnis-entlassen\/#article","isPartOf":{"@id":"https:\/\/now-news.de\/de\/deutschland\/boris-becker-nach-nur-sieben-monaten-aus-gefaengnis-entlassen\/"},"author":{"name":"rtnews","@id":"https:\/\/now-news.de\/de\/#\/schema\/person\/fb534a4e865501d8b3285208df34a9b5"},"headline":"Boris Becker nach nur sieben Monaten aus Gef\u00e4ngnis entlassen","datePublished":"2022-12-15T13:54:39+00:00","dateModified":"2022-12-15T13:54:39+00:00","mainEntityOfPage":{"@id":"https:\/\/now-news.de\/de\/deutschland\/boris-becker-nach-nur-sieben-monaten-aus-gefaengnis-entlassen\/"},"wordCount":635,"commentCount":0,"publisher":{"@id":"https:\/\/now-news.de\/de\/#organization"},"image":{"@id":"https:\/\/now-news.de\/de\/deutschland\/boris-becker-nach-nur-sieben-monaten-aus-gefaengnis-entlassen\/#primaryimage"},"thumbnailUrl":"https:\/\/now-news.de\/de\/wp-content\/uploads\/sites\/3\/2022\/12\/Boris-Becker-nach-nur-sieben-Monaten-aus-Gefaengnis-entlassen.jpg","keywords":["aus","Becker","Boris","entlassen","Gef\u00e4ngnis","Monaten","nach","NUR","Sieben"],"articleSection":["Deutschland","Russland"],"inLanguage":"de","potentialAction":[{"@type":"CommentAction","name":"Comment","target":["https:\/\/now-news.de\/de\/deutschland\/boris-becker-nach-nur-sieben-monaten-aus-gefaengnis-entlassen\/#respond"]}]},{"@type":"WebPage","@id":"https:\/\/now-news.de\/de\/deutschland\/boris-becker-nach-nur-sieben-monaten-aus-gefaengnis-entlassen\/","url":"https:\/\/now-news.de\/de\/deutschland\/boris-becker-nach-nur-sieben-monaten-aus-gefaengnis-entlassen\/","name":"Boris Becker nach nur sieben Monaten aus Gef\u00e4ngnis entlassen - just-now.NEWS Deutschland","isPartOf":{"@id":"https:\/\/now-news.de\/de\/#website"},"primaryImageOfPage":{"@id":"https:\/\/now-news.de\/de\/deutschland\/boris-becker-nach-nur-sieben-monaten-aus-gefaengnis-entlassen\/#primaryimage"},"image":{"@id":"https:\/\/now-news.de\/de\/deutschland\/boris-becker-nach-nur-sieben-monaten-aus-gefaengnis-entlassen\/#primaryimage"},"thumbnailUrl":"https:\/\/now-news.de\/de\/wp-content\/uploads\/sites\/3\/2022\/12\/Boris-Becker-nach-nur-sieben-Monaten-aus-Gefaengnis-entlassen.jpg","datePublished":"2022-12-15T13:54:39+00:00","dateModified":"2022-12-15T13:54:39+00:00","breadcrumb":{"@id":"https:\/\/now-news.de\/de\/deutschland\/boris-becker-nach-nur-sieben-monaten-aus-gefaengnis-entlassen\/#breadcrumb"},"inLanguage":"de","potentialAction":[{"@type":"ReadAction","target":["https:\/\/now-news.de\/de\/deutschland\/boris-becker-nach-nur-sieben-monaten-aus-gefaengnis-entlassen\/"]}]},{"@type":"ImageObject","inLanguage":"de","@id":"https:\/\/now-news.de\/de\/deutschland\/boris-becker-nach-nur-sieben-monaten-aus-gefaengnis-entlassen\/#primaryimage","url":"https:\/\/now-news.de\/de\/wp-content\/uploads\/sites\/3\/2022\/12\/Boris-Becker-nach-nur-sieben-Monaten-aus-Gefaengnis-entlassen.jpg","contentUrl":"https:\/\/now-news.de\/de\/wp-content\/uploads\/sites\/3\/2022\/12\/Boris-Becker-nach-nur-sieben-Monaten-aus-Gefaengnis-entlassen.jpg","width":460,"height":259,"caption":"Boris Becker nach nur sieben Monaten aus Gef\u00e4ngnis entlassen"},{"@type":"BreadcrumbList","@id":"https:\/\/now-news.de\/de\/deutschland\/boris-becker-nach-nur-sieben-monaten-aus-gefaengnis-entlassen\/#breadcrumb","itemListElement":[{"@type":"ListItem","position":1,"name":"Home","item":"https:\/\/now-news.de\/de\/"},{"@type":"ListItem","position":2,"name":"Boris Becker nach nur sieben Monaten aus Gef\u00e4ngnis entlassen"}]},{"@type":"WebSite","@id":"https:\/\/now-news.de\/de\/#website","url":"https:\/\/now-news.de\/de\/","name":"just-now.NEWS Deutschland","description":"Das Portal f\u00fcr unzensierte Nachrichten aus der Welt","publisher":{"@id":"https:\/\/now-news.de\/de\/#organization"},"potentialAction":[{"@type":"SearchAction","target":{"@type":"EntryPoint","urlTemplate":"https:\/\/now-news.de\/de\/?s={search_term_string}"},"query-input":"required name=search_term_string"}],"inLanguage":"de"},{"@type":"Organization","@id":"https:\/\/now-news.de\/de\/#organization","name":"Just Now News","url":"https:\/\/now-news.de\/de\/","logo":{"@type":"ImageObject","inLanguage":"de","@id":"https:\/\/now-news.de\/de\/#\/schema\/logo\/image\/","url":"http:\/\/just-now.news\/de\/wp-content\/uploads\/sites\/3\/2022\/04\/logo500x500.jpg","contentUrl":"http:\/\/just-now.news\/de\/wp-content\/uploads\/sites\/3\/2022\/04\/logo500x500.jpg","width":500,"height":500,"caption":"Just Now News"},"image":{"@id":"https:\/\/now-news.de\/de\/#\/schema\/logo\/image\/"},"sameAs":["https:\/\/www.facebook.com\/wirmachenauf","https:\/\/x.com\/WirMachenAuf_de"]},{"@type":"Person","@id":"https:\/\/now-news.de\/de\/#\/schema\/person\/fb534a4e865501d8b3285208df34a9b5","name":"rtnews","image":{"@type":"ImageObject","inLanguage":"de","@id":"https:\/\/now-news.de\/de\/#\/schema\/person\/image\/","url":"https:\/\/secure.gravatar.com\/avatar\/82aafea7d8127119dd649515f56e2117?s=96&d=mm&r=g","contentUrl":"https:\/\/secure.gravatar.com\/avatar\/82aafea7d8127119dd649515f56e2117?s=96&d=mm&r=g","caption":"rtnews"},"url":"https:\/\/now-news.de\/de\/author\/rnews\/"}]}},"_links":{"self":[{"href":"https:\/\/now-news.de\/de\/wp-json\/wp\/v2\/posts\/25517"}],"collection":[{"href":"https:\/\/now-news.de\/de\/wp-json\/wp\/v2\/posts"}],"about":[{"href":"https:\/\/now-news.de\/de\/wp-json\/wp\/v2\/types\/post"}],"author":[{"embeddable":true,"href":"https:\/\/now-news.de\/de\/wp-json\/wp\/v2\/users\/3"}],"replies":[{"embeddable":true,"href":"https:\/\/now-news.de\/de\/wp-json\/wp\/v2\/comments?post=25517"}],"version-history":[{"count":0,"href":"https:\/\/now-news.de\/de\/wp-json\/wp\/v2\/posts\/25517\/revisions"}],"wp:featuredmedia":[{"embeddable":true,"href":"https:\/\/now-news.de\/de\/wp-json\/wp\/v2\/media\/25518"}],"wp:attachment":[{"href":"https:\/\/now-news.de\/de\/wp-json\/wp\/v2\/media?parent=25517"}],"wp:term":[{"taxonomy":"category","embeddable":true,"href":"https:\/\/now-news.de\/de\/wp-json\/wp\/v2\/categories?post=25517"},{"taxonomy":"post_tag","embeddable":true,"href":"https:\/\/now-news.de\/de\/wp-json\/wp\/v2\/tags?post=25517"}],"curies":[{"name":"wp","href":"https:\/\/api.w.org\/{rel}","templated":true}]}}