{"id":25503,"date":"2022-12-15T13:23:59","date_gmt":"2022-12-15T11:23:59","guid":{"rendered":"https:\/\/just-now.news\/de\/deutschland\/proteste-in-peru-regierung-verhaengt-30-tage-ausnahmezustand-ueber-das-land\/"},"modified":"2022-12-15T13:23:59","modified_gmt":"2022-12-15T11:23:59","slug":"proteste-in-peru-regierung-verhaengt-30-tage-ausnahmezustand-ueber-das-land","status":"publish","type":"post","link":"https:\/\/now-news.de\/de\/deutschland\/proteste-in-peru-regierung-verhaengt-30-tage-ausnahmezustand-ueber-das-land\/","title":{"rendered":"Proteste in Peru: Regierung verh\u00e4ngt 30 Tage Ausnahmezustand \u00fcber das Land"},"content":{"rendered":"<p><img decoding=\"async\" src=\"http:\/\/just-now.news\/de\/wp-content\/uploads\/sites\/3\/2022\/12\/639afb0348fbef6a7a57e02b.jpg\" \/><\/p>\n<div class=\"Text-root Text-type_1 \">\n                Die Amtsenthebung des peruanischen Pr\u00e4sidenten Castillo hat die langj\u00e4hrige politische Krise im Andenland weiter versch\u00e4rft.  Auf den Stra\u00dfen kommt es zu teils gewaltsamen Protesten. Die neue Regierung in Lima verh\u00e4ngt einen 30-t\u00e4tigen landesweiten Ausnahmezustand.\n            <\/div>\n<p><\/p>\n<div class=\"Text-root Text-type_5 ArticleView-text ViewText-root \">\n<p>Die Regierung in Peru hat angesichts der zunehmend gewaltsamen Proteste gegen die Absetzung von Pr\u00e4sident Pedro Castillo einen landesweiten Ausnahmezustand verk\u00fcndet. Die zuvor von Verteidigungsminister Luis Alberto Ot\u00e1rola Pe\u00f1aranda angek\u00fcndigte Ma\u00dfnahme gilt zun\u00e4chst f\u00fcr 30 Tage. Wie aus dem im Amtsblatt <em>El Peruano<\/em> ver\u00f6ffentlichten <a rel=\"nofollow noopener\" target=\"_blank\" href=\"https:\/\/busquedas.elperuano.pe\/normaslegales\/decreto-supremo-que-declara-el-estado-de-emergencia-a-nivel-decreto-supremo-no-143-2022-pcm-2134229-1\/\">Dokument<\/a> hervorgeht, wird die Polizei mit Unterst\u00fctzung der Streitkr\u00e4fte die innere Ordnung aufrechterhalten.\u00a0F\u00fcr die Zeit des Ausnahmezustands sind die Bewegungs- und Versammlungsfreiheit ausgesetzt.<\/p>\n<p>Pr\u00e4sidentin Dina Boluarte hat inzwischen vor der Presse angedeutet, die Pr\u00e4sidentschafts- und Parlamentswahlen auf Dezember 2023 vorzuziehen, um die angespannte Lage zu beruhigen. Urspr\u00fcnglich wollte die Politikerin vorgezogene Wahlen im April 2024 stattfinden lassen. Boluarte <a rel=\"nofollow noopener\" target=\"_blank\" href=\"https:\/\/elperuano.pe\/noticia\/198991-presidenta-boluarte-afirma-que-elecciones-podrian-adelantarse-para-diciembre-del-2023\">rief<\/a> ihre Landsleute erneut dazu auf, Ruhe zu bewahren. Das Andenland k\u00f6nne sich kein Blutvergie\u00dfen leisten.\u00a0Peru\u00a0habe solche Erfahrungen in den 1980er- und 1990er-Jahren gemacht und niemand wolle, dass sich diese schmerzvolle Geschichte wiederhole. \u00a0\u00a0\u00a0\u00a0<\/p>\n<blockquote>\n<p><em>&#8220;Wir wollen Ruhe. Wir wollen Frieden. Lasst uns in Ruhe und Frieden miteinander reden.&#8221;<\/em><\/p>\n<\/blockquote>\n<p>Inzwischen\u00a0sprach\u00a0die Polizei am Mittwoch von insgesamt acht Toten bei den Massenprotesten. Zuletzt wurde der Tod eines Demonstranten in der Region La Libertad best\u00e4tigt. Der Mann sei durch einen Stein t\u00f6dlich verletzt worden,\u00a0<a rel=\"nofollow noopener\" target=\"_blank\" href=\"https:\/\/actualidad.rt.com\/actualidad\/451915-peru-octava-muerte-protestas-antigubernamentales\">berichteten <\/a>\u00f6rtliche Medien unter Berufung auf die Polizei.<\/p>\n<p>Die Unruhen waren ausgebrochen, nachdem der Kongress in Lima den Staatschef Pedro Castillo des Amtes enthoben hatte. Der linke Politiker wollte den Kongress aufl\u00f6sen, um einem Misstrauensvotum zuvorzukommen. Sowohl sein Kabinett als auch die Opposition warfen ihm einen Staatsstreich vor, weshalb der fr\u00fchere Dorfschullehrer am 7. Dezember festgenommen wurde.<\/p>\n<p>Tausende Menschen forderten den R\u00fccktritt von Castillos Nachfolgerin Boluarte, die Aufl\u00f6sung des Parlaments, baldige Neuwahlen und die Freilassung des inhaftierten Ex-Pr\u00e4sidenten. Protestierende blockierten in der Folge\u00a0Fernstra\u00dfen in mehreren Landesteilen. Sowohl in der Hauptstadt Lima als auch im S\u00fcden und S\u00fcdosten des Andenstaates, wo Castillo in l\u00e4ndlichen Gegenden besonders viele Anh\u00e4nger hat, kam es in den vergangenen Tagen zu Zusammenst\u00f6\u00dfen zwischen Demonstranten und Polizisten. Der Flug- und Zugverkehr in verschiedenen Gegenden des Landes wurde ausgesetzt.<\/p>\n<p><strong>Mehr zum Thema<\/strong> &#8211;\u00a0<a rel=\"nofollow noopener\" target=\"_blank\" href=\"https:\/\/de.rt.com\/amerika\/156666-politischer-tumult-perus-praesident-castillo\/\">Politisches Durcheinander: Perus Pr\u00e4sident Castillo aus Amt entfernt<\/a><\/p>\n<div class=\"EmbedBlock-root EmbedBlock-externalVideo EmbedBlock-vk\">\n<div class=\"VkEmbed\"><iframe class=\"lazyload\" data-src=\"https:\/\/vk.com\/video_ext.php?oid=-134310637&amp;id=456261283&amp;hash=b47814beac3b26f8\" frameborder=\"0\" width=\"853\" height=\"480\" allowfullscreen><\/iframe><\/div>\n<\/div>\n<p>(rt\/dpa)<\/p>\n<\/div>\n<p><br \/>\n<br \/><a href=\"https:\/\/de.rt.com\/amerika\/157278-peruanische-regierung-verhaengt-30-tage-ausnahmezustand\/\">Source link <\/a><\/p>\n","protected":false},"excerpt":{"rendered":"<p>Die Amtsenthebung des peruanischen Pr\u00e4sidenten Castillo hat die langj\u00e4hrige politische Krise im Andenland weiter versch\u00e4rft. Auf den Stra\u00dfen kommt es zu teils gewaltsamen Protesten. Die neue Regierung in Lima verh\u00e4ngt einen 30-t\u00e4tigen landesweiten Ausnahmezustand. Die Regierung in Peru hat angesichts der zunehmend gewaltsamen Proteste gegen die Absetzung von Pr\u00e4sident Pedro Castillo einen landesweiten Ausnahmezustand verk\u00fcndet. [&hellip;]<\/p>\n","protected":false},"author":3,"featured_media":25504,"comment_status":"open","ping_status":"open","sticky":false,"template":"","format":"standard","meta":{"_yoast_indexnow_last_ping":["1671103739"],"wp_automatic_camp":["217"],"e3bb04f0509dab0e4b811ca3ce7f508c":["Proteste in Peru: Regierung verh\u00e4ngt 30 Tage Ausnahmezustand \u00fcber das Land"],"original_link":["https:\/\/de.rt.com\/amerika\/157278-peruanische-regierung-verhaengt-30-tage-ausnahmezustand\/"],"_thumbnail_id":["25504"],"_wptgpro_p2tg_sent2tg":["a:1:{i:23737;s:19:\"2022-12-15 13:30:04\";}"],"jnews_social_counter_last_update":["1777191227"]},"categories":[19,23],"tags":[19681,427,7414,831,3824,46,3654,139,10528],"yoast_head":"<!-- This site is optimized with the Yoast SEO Premium plugin v22.7 (Yoast SEO v22.7) - https:\/\/yoast.com\/wordpress\/plugins\/seo\/ -->\n<title>Proteste in Peru: Regierung verh\u00e4ngt 30 Tage Ausnahmezustand \u00fcber das Land - just-now.NEWS Deutschland<\/title>\n<meta name=\"robots\" content=\"index, follow, max-snippet:-1, max-image-preview:large, max-video-preview:-1\" \/>\n<link rel=\"canonical\" href=\"https:\/\/now-news.de\/de\/deutschland\/proteste-in-peru-regierung-verhaengt-30-tage-ausnahmezustand-ueber-das-land\/\" \/>\n<meta property=\"og:locale\" content=\"de_DE\" \/>\n<meta property=\"og:type\" content=\"article\" \/>\n<meta property=\"og:title\" content=\"Proteste in Peru: Regierung verh\u00e4ngt 30 Tage Ausnahmezustand \u00fcber das Land\" \/>\n<meta property=\"og:description\" content=\"Die Amtsenthebung des peruanischen Pr\u00e4sidenten Castillo hat die langj\u00e4hrige politische Krise im Andenland weiter versch\u00e4rft. Auf den Stra\u00dfen kommt es zu teils gewaltsamen Protesten. Die neue Regierung in Lima verh\u00e4ngt einen 30-t\u00e4tigen landesweiten Ausnahmezustand. Die Regierung in Peru hat angesichts der zunehmend gewaltsamen Proteste gegen die Absetzung von Pr\u00e4sident Pedro Castillo einen landesweiten Ausnahmezustand verk\u00fcndet. [&hellip;]\" \/>\n<meta property=\"og:url\" content=\"https:\/\/now-news.de\/de\/deutschland\/proteste-in-peru-regierung-verhaengt-30-tage-ausnahmezustand-ueber-das-land\/\" \/>\n<meta property=\"og:site_name\" content=\"just-now.NEWS Deutschland\" \/>\n<meta property=\"article:publisher\" content=\"https:\/\/www.facebook.com\/wirmachenauf\" \/>\n<meta property=\"article:published_time\" content=\"2022-12-15T11:23:59+00:00\" \/>\n<meta property=\"og:image\" content=\"https:\/\/now-news.de\/de\/wp-content\/uploads\/sites\/3\/2022\/12\/Proteste-in-Peru-Regierung-verhaengt-30-Tage-Ausnahmezustand-ueber-das.jpg\" \/>\n\t<meta property=\"og:image:width\" content=\"460\" \/>\n\t<meta property=\"og:image:height\" content=\"259\" \/>\n\t<meta property=\"og:image:type\" content=\"image\/jpeg\" \/>\n<meta name=\"author\" content=\"rtnews\" \/>\n<meta name=\"twitter:card\" content=\"summary_large_image\" \/>\n<meta name=\"twitter:creator\" content=\"@WirMachenAuf_de\" \/>\n<meta name=\"twitter:site\" content=\"@WirMachenAuf_de\" \/>\n<meta name=\"twitter:label1\" content=\"Verfasst von\" \/>\n\t<meta name=\"twitter:data1\" content=\"rtnews\" \/>\n\t<meta name=\"twitter:label2\" content=\"Gesch\u00e4tzte Lesezeit\" \/>\n\t<meta name=\"twitter:data2\" content=\"2\u00a0Minuten\" \/>\n<script type=\"application\/ld+json\" class=\"yoast-schema-graph\">{\"@context\":\"https:\/\/schema.org\",\"@graph\":[{\"@type\":\"Article\",\"@id\":\"https:\/\/now-news.de\/de\/deutschland\/proteste-in-peru-regierung-verhaengt-30-tage-ausnahmezustand-ueber-das-land\/#article\",\"isPartOf\":{\"@id\":\"https:\/\/now-news.de\/de\/deutschland\/proteste-in-peru-regierung-verhaengt-30-tage-ausnahmezustand-ueber-das-land\/\"},\"author\":{\"name\":\"rtnews\",\"@id\":\"https:\/\/now-news.de\/de\/#\/schema\/person\/fb534a4e865501d8b3285208df34a9b5\"},\"headline\":\"Proteste in Peru: Regierung verh\u00e4ngt 30 Tage Ausnahmezustand \u00fcber das Land\",\"datePublished\":\"2022-12-15T11:23:59+00:00\",\"dateModified\":\"2022-12-15T11:23:59+00:00\",\"mainEntityOfPage\":{\"@id\":\"https:\/\/now-news.de\/de\/deutschland\/proteste-in-peru-regierung-verhaengt-30-tage-ausnahmezustand-ueber-das-land\/\"},\"wordCount\":413,\"commentCount\":0,\"publisher\":{\"@id\":\"https:\/\/now-news.de\/de\/#organization\"},\"image\":{\"@id\":\"https:\/\/now-news.de\/de\/deutschland\/proteste-in-peru-regierung-verhaengt-30-tage-ausnahmezustand-ueber-das-land\/#primaryimage\"},\"thumbnailUrl\":\"https:\/\/now-news.de\/de\/wp-content\/uploads\/sites\/3\/2022\/12\/Proteste-in-Peru-Regierung-verhaengt-30-Tage-Ausnahmezustand-ueber-das.jpg\",\"keywords\":[\"Ausnahmezustand\",\"das\",\"Land\",\"Peru\",\"Proteste\",\"Regierung\",\"Tage\",\"\u00fcber\",\"verh\u00e4ngt\"],\"articleSection\":[\"Deutschland\",\"Russland\"],\"inLanguage\":\"de\",\"potentialAction\":[{\"@type\":\"CommentAction\",\"name\":\"Comment\",\"target\":[\"https:\/\/now-news.de\/de\/deutschland\/proteste-in-peru-regierung-verhaengt-30-tage-ausnahmezustand-ueber-das-land\/#respond\"]}]},{\"@type\":\"WebPage\",\"@id\":\"https:\/\/now-news.de\/de\/deutschland\/proteste-in-peru-regierung-verhaengt-30-tage-ausnahmezustand-ueber-das-land\/\",\"url\":\"https:\/\/now-news.de\/de\/deutschland\/proteste-in-peru-regierung-verhaengt-30-tage-ausnahmezustand-ueber-das-land\/\",\"name\":\"Proteste in Peru: Regierung verh\u00e4ngt 30 Tage Ausnahmezustand \u00fcber das Land - just-now.NEWS Deutschland\",\"isPartOf\":{\"@id\":\"https:\/\/now-news.de\/de\/#website\"},\"primaryImageOfPage\":{\"@id\":\"https:\/\/now-news.de\/de\/deutschland\/proteste-in-peru-regierung-verhaengt-30-tage-ausnahmezustand-ueber-das-land\/#primaryimage\"},\"image\":{\"@id\":\"https:\/\/now-news.de\/de\/deutschland\/proteste-in-peru-regierung-verhaengt-30-tage-ausnahmezustand-ueber-das-land\/#primaryimage\"},\"thumbnailUrl\":\"https:\/\/now-news.de\/de\/wp-content\/uploads\/sites\/3\/2022\/12\/Proteste-in-Peru-Regierung-verhaengt-30-Tage-Ausnahmezustand-ueber-das.jpg\",\"datePublished\":\"2022-12-15T11:23:59+00:00\",\"dateModified\":\"2022-12-15T11:23:59+00:00\",\"breadcrumb\":{\"@id\":\"https:\/\/now-news.de\/de\/deutschland\/proteste-in-peru-regierung-verhaengt-30-tage-ausnahmezustand-ueber-das-land\/#breadcrumb\"},\"inLanguage\":\"de\",\"potentialAction\":[{\"@type\":\"ReadAction\",\"target\":[\"https:\/\/now-news.de\/de\/deutschland\/proteste-in-peru-regierung-verhaengt-30-tage-ausnahmezustand-ueber-das-land\/\"]}]},{\"@type\":\"ImageObject\",\"inLanguage\":\"de\",\"@id\":\"https:\/\/now-news.de\/de\/deutschland\/proteste-in-peru-regierung-verhaengt-30-tage-ausnahmezustand-ueber-das-land\/#primaryimage\",\"url\":\"https:\/\/now-news.de\/de\/wp-content\/uploads\/sites\/3\/2022\/12\/Proteste-in-Peru-Regierung-verhaengt-30-Tage-Ausnahmezustand-ueber-das.jpg\",\"contentUrl\":\"https:\/\/now-news.de\/de\/wp-content\/uploads\/sites\/3\/2022\/12\/Proteste-in-Peru-Regierung-verhaengt-30-Tage-Ausnahmezustand-ueber-das.jpg\",\"width\":460,\"height\":259,\"caption\":\"Proteste in Peru: Regierung verh\u00e4ngt 30 Tage Ausnahmezustand \u00fcber das Land\"},{\"@type\":\"BreadcrumbList\",\"@id\":\"https:\/\/now-news.de\/de\/deutschland\/proteste-in-peru-regierung-verhaengt-30-tage-ausnahmezustand-ueber-das-land\/#breadcrumb\",\"itemListElement\":[{\"@type\":\"ListItem\",\"position\":1,\"name\":\"Home\",\"item\":\"https:\/\/now-news.de\/de\/\"},{\"@type\":\"ListItem\",\"position\":2,\"name\":\"Proteste in Peru: Regierung verh\u00e4ngt 30 Tage Ausnahmezustand \u00fcber das Land\"}]},{\"@type\":\"WebSite\",\"@id\":\"https:\/\/now-news.de\/de\/#website\",\"url\":\"https:\/\/now-news.de\/de\/\",\"name\":\"just-now.NEWS Deutschland\",\"description\":\"Das Portal f\u00fcr unzensierte Nachrichten aus der Welt\",\"publisher\":{\"@id\":\"https:\/\/now-news.de\/de\/#organization\"},\"potentialAction\":[{\"@type\":\"SearchAction\",\"target\":{\"@type\":\"EntryPoint\",\"urlTemplate\":\"https:\/\/now-news.de\/de\/?s={search_term_string}\"},\"query-input\":\"required name=search_term_string\"}],\"inLanguage\":\"de\"},{\"@type\":\"Organization\",\"@id\":\"https:\/\/now-news.de\/de\/#organization\",\"name\":\"Just Now News\",\"url\":\"https:\/\/now-news.de\/de\/\",\"logo\":{\"@type\":\"ImageObject\",\"inLanguage\":\"de\",\"@id\":\"https:\/\/now-news.de\/de\/#\/schema\/logo\/image\/\",\"url\":\"http:\/\/just-now.news\/de\/wp-content\/uploads\/sites\/3\/2022\/04\/logo500x500.jpg\",\"contentUrl\":\"http:\/\/just-now.news\/de\/wp-content\/uploads\/sites\/3\/2022\/04\/logo500x500.jpg\",\"width\":500,\"height\":500,\"caption\":\"Just Now News\"},\"image\":{\"@id\":\"https:\/\/now-news.de\/de\/#\/schema\/logo\/image\/\"},\"sameAs\":[\"https:\/\/www.facebook.com\/wirmachenauf\",\"https:\/\/x.com\/WirMachenAuf_de\"]},{\"@type\":\"Person\",\"@id\":\"https:\/\/now-news.de\/de\/#\/schema\/person\/fb534a4e865501d8b3285208df34a9b5\",\"name\":\"rtnews\",\"image\":{\"@type\":\"ImageObject\",\"inLanguage\":\"de\",\"@id\":\"https:\/\/now-news.de\/de\/#\/schema\/person\/image\/\",\"url\":\"https:\/\/secure.gravatar.com\/avatar\/82aafea7d8127119dd649515f56e2117?s=96&d=mm&r=g\",\"contentUrl\":\"https:\/\/secure.gravatar.com\/avatar\/82aafea7d8127119dd649515f56e2117?s=96&d=mm&r=g\",\"caption\":\"rtnews\"},\"url\":\"https:\/\/now-news.de\/de\/author\/rnews\/\"}]}<\/script>\n<!-- \/ Yoast SEO Premium plugin. -->","yoast_head_json":{"title":"Proteste in Peru: Regierung verh\u00e4ngt 30 Tage Ausnahmezustand \u00fcber das Land - just-now.NEWS Deutschland","robots":{"index":"index","follow":"follow","max-snippet":"max-snippet:-1","max-image-preview":"max-image-preview:large","max-video-preview":"max-video-preview:-1"},"canonical":"https:\/\/now-news.de\/de\/deutschland\/proteste-in-peru-regierung-verhaengt-30-tage-ausnahmezustand-ueber-das-land\/","og_locale":"de_DE","og_type":"article","og_title":"Proteste in Peru: Regierung verh\u00e4ngt 30 Tage Ausnahmezustand \u00fcber das Land","og_description":"Die Amtsenthebung des peruanischen Pr\u00e4sidenten Castillo hat die langj\u00e4hrige politische Krise im Andenland weiter versch\u00e4rft. Auf den Stra\u00dfen kommt es zu teils gewaltsamen Protesten. Die neue Regierung in Lima verh\u00e4ngt einen 30-t\u00e4tigen landesweiten Ausnahmezustand. Die Regierung in Peru hat angesichts der zunehmend gewaltsamen Proteste gegen die Absetzung von Pr\u00e4sident Pedro Castillo einen landesweiten Ausnahmezustand verk\u00fcndet. [&hellip;]","og_url":"https:\/\/now-news.de\/de\/deutschland\/proteste-in-peru-regierung-verhaengt-30-tage-ausnahmezustand-ueber-das-land\/","og_site_name":"just-now.NEWS Deutschland","article_publisher":"https:\/\/www.facebook.com\/wirmachenauf","article_published_time":"2022-12-15T11:23:59+00:00","og_image":[{"width":460,"height":259,"url":"https:\/\/now-news.de\/de\/wp-content\/uploads\/sites\/3\/2022\/12\/Proteste-in-Peru-Regierung-verhaengt-30-Tage-Ausnahmezustand-ueber-das.jpg","type":"image\/jpeg"}],"author":"rtnews","twitter_card":"summary_large_image","twitter_creator":"@WirMachenAuf_de","twitter_site":"@WirMachenAuf_de","twitter_misc":{"Verfasst von":"rtnews","Gesch\u00e4tzte Lesezeit":"2\u00a0Minuten"},"schema":{"@context":"https:\/\/schema.org","@graph":[{"@type":"Article","@id":"https:\/\/now-news.de\/de\/deutschland\/proteste-in-peru-regierung-verhaengt-30-tage-ausnahmezustand-ueber-das-land\/#article","isPartOf":{"@id":"https:\/\/now-news.de\/de\/deutschland\/proteste-in-peru-regierung-verhaengt-30-tage-ausnahmezustand-ueber-das-land\/"},"author":{"name":"rtnews","@id":"https:\/\/now-news.de\/de\/#\/schema\/person\/fb534a4e865501d8b3285208df34a9b5"},"headline":"Proteste in Peru: Regierung verh\u00e4ngt 30 Tage Ausnahmezustand \u00fcber das Land","datePublished":"2022-12-15T11:23:59+00:00","dateModified":"2022-12-15T11:23:59+00:00","mainEntityOfPage":{"@id":"https:\/\/now-news.de\/de\/deutschland\/proteste-in-peru-regierung-verhaengt-30-tage-ausnahmezustand-ueber-das-land\/"},"wordCount":413,"commentCount":0,"publisher":{"@id":"https:\/\/now-news.de\/de\/#organization"},"image":{"@id":"https:\/\/now-news.de\/de\/deutschland\/proteste-in-peru-regierung-verhaengt-30-tage-ausnahmezustand-ueber-das-land\/#primaryimage"},"thumbnailUrl":"https:\/\/now-news.de\/de\/wp-content\/uploads\/sites\/3\/2022\/12\/Proteste-in-Peru-Regierung-verhaengt-30-Tage-Ausnahmezustand-ueber-das.jpg","keywords":["Ausnahmezustand","das","Land","Peru","Proteste","Regierung","Tage","\u00fcber","verh\u00e4ngt"],"articleSection":["Deutschland","Russland"],"inLanguage":"de","potentialAction":[{"@type":"CommentAction","name":"Comment","target":["https:\/\/now-news.de\/de\/deutschland\/proteste-in-peru-regierung-verhaengt-30-tage-ausnahmezustand-ueber-das-land\/#respond"]}]},{"@type":"WebPage","@id":"https:\/\/now-news.de\/de\/deutschland\/proteste-in-peru-regierung-verhaengt-30-tage-ausnahmezustand-ueber-das-land\/","url":"https:\/\/now-news.de\/de\/deutschland\/proteste-in-peru-regierung-verhaengt-30-tage-ausnahmezustand-ueber-das-land\/","name":"Proteste in Peru: Regierung verh\u00e4ngt 30 Tage Ausnahmezustand \u00fcber das Land - just-now.NEWS Deutschland","isPartOf":{"@id":"https:\/\/now-news.de\/de\/#website"},"primaryImageOfPage":{"@id":"https:\/\/now-news.de\/de\/deutschland\/proteste-in-peru-regierung-verhaengt-30-tage-ausnahmezustand-ueber-das-land\/#primaryimage"},"image":{"@id":"https:\/\/now-news.de\/de\/deutschland\/proteste-in-peru-regierung-verhaengt-30-tage-ausnahmezustand-ueber-das-land\/#primaryimage"},"thumbnailUrl":"https:\/\/now-news.de\/de\/wp-content\/uploads\/sites\/3\/2022\/12\/Proteste-in-Peru-Regierung-verhaengt-30-Tage-Ausnahmezustand-ueber-das.jpg","datePublished":"2022-12-15T11:23:59+00:00","dateModified":"2022-12-15T11:23:59+00:00","breadcrumb":{"@id":"https:\/\/now-news.de\/de\/deutschland\/proteste-in-peru-regierung-verhaengt-30-tage-ausnahmezustand-ueber-das-land\/#breadcrumb"},"inLanguage":"de","potentialAction":[{"@type":"ReadAction","target":["https:\/\/now-news.de\/de\/deutschland\/proteste-in-peru-regierung-verhaengt-30-tage-ausnahmezustand-ueber-das-land\/"]}]},{"@type":"ImageObject","inLanguage":"de","@id":"https:\/\/now-news.de\/de\/deutschland\/proteste-in-peru-regierung-verhaengt-30-tage-ausnahmezustand-ueber-das-land\/#primaryimage","url":"https:\/\/now-news.de\/de\/wp-content\/uploads\/sites\/3\/2022\/12\/Proteste-in-Peru-Regierung-verhaengt-30-Tage-Ausnahmezustand-ueber-das.jpg","contentUrl":"https:\/\/now-news.de\/de\/wp-content\/uploads\/sites\/3\/2022\/12\/Proteste-in-Peru-Regierung-verhaengt-30-Tage-Ausnahmezustand-ueber-das.jpg","width":460,"height":259,"caption":"Proteste in Peru: Regierung verh\u00e4ngt 30 Tage Ausnahmezustand \u00fcber das Land"},{"@type":"BreadcrumbList","@id":"https:\/\/now-news.de\/de\/deutschland\/proteste-in-peru-regierung-verhaengt-30-tage-ausnahmezustand-ueber-das-land\/#breadcrumb","itemListElement":[{"@type":"ListItem","position":1,"name":"Home","item":"https:\/\/now-news.de\/de\/"},{"@type":"ListItem","position":2,"name":"Proteste in Peru: Regierung verh\u00e4ngt 30 Tage Ausnahmezustand \u00fcber das Land"}]},{"@type":"WebSite","@id":"https:\/\/now-news.de\/de\/#website","url":"https:\/\/now-news.de\/de\/","name":"just-now.NEWS Deutschland","description":"Das Portal f\u00fcr unzensierte Nachrichten aus der Welt","publisher":{"@id":"https:\/\/now-news.de\/de\/#organization"},"potentialAction":[{"@type":"SearchAction","target":{"@type":"EntryPoint","urlTemplate":"https:\/\/now-news.de\/de\/?s={search_term_string}"},"query-input":"required name=search_term_string"}],"inLanguage":"de"},{"@type":"Organization","@id":"https:\/\/now-news.de\/de\/#organization","name":"Just Now News","url":"https:\/\/now-news.de\/de\/","logo":{"@type":"ImageObject","inLanguage":"de","@id":"https:\/\/now-news.de\/de\/#\/schema\/logo\/image\/","url":"http:\/\/just-now.news\/de\/wp-content\/uploads\/sites\/3\/2022\/04\/logo500x500.jpg","contentUrl":"http:\/\/just-now.news\/de\/wp-content\/uploads\/sites\/3\/2022\/04\/logo500x500.jpg","width":500,"height":500,"caption":"Just Now News"},"image":{"@id":"https:\/\/now-news.de\/de\/#\/schema\/logo\/image\/"},"sameAs":["https:\/\/www.facebook.com\/wirmachenauf","https:\/\/x.com\/WirMachenAuf_de"]},{"@type":"Person","@id":"https:\/\/now-news.de\/de\/#\/schema\/person\/fb534a4e865501d8b3285208df34a9b5","name":"rtnews","image":{"@type":"ImageObject","inLanguage":"de","@id":"https:\/\/now-news.de\/de\/#\/schema\/person\/image\/","url":"https:\/\/secure.gravatar.com\/avatar\/82aafea7d8127119dd649515f56e2117?s=96&d=mm&r=g","contentUrl":"https:\/\/secure.gravatar.com\/avatar\/82aafea7d8127119dd649515f56e2117?s=96&d=mm&r=g","caption":"rtnews"},"url":"https:\/\/now-news.de\/de\/author\/rnews\/"}]}},"_links":{"self":[{"href":"https:\/\/now-news.de\/de\/wp-json\/wp\/v2\/posts\/25503"}],"collection":[{"href":"https:\/\/now-news.de\/de\/wp-json\/wp\/v2\/posts"}],"about":[{"href":"https:\/\/now-news.de\/de\/wp-json\/wp\/v2\/types\/post"}],"author":[{"embeddable":true,"href":"https:\/\/now-news.de\/de\/wp-json\/wp\/v2\/users\/3"}],"replies":[{"embeddable":true,"href":"https:\/\/now-news.de\/de\/wp-json\/wp\/v2\/comments?post=25503"}],"version-history":[{"count":0,"href":"https:\/\/now-news.de\/de\/wp-json\/wp\/v2\/posts\/25503\/revisions"}],"wp:featuredmedia":[{"embeddable":true,"href":"https:\/\/now-news.de\/de\/wp-json\/wp\/v2\/media\/25504"}],"wp:attachment":[{"href":"https:\/\/now-news.de\/de\/wp-json\/wp\/v2\/media?parent=25503"}],"wp:term":[{"taxonomy":"category","embeddable":true,"href":"https:\/\/now-news.de\/de\/wp-json\/wp\/v2\/categories?post=25503"},{"taxonomy":"post_tag","embeddable":true,"href":"https:\/\/now-news.de\/de\/wp-json\/wp\/v2\/tags?post=25503"}],"curies":[{"name":"wp","href":"https:\/\/api.w.org\/{rel}","templated":true}]}}