{"id":25490,"date":"2022-12-15T10:00:00","date_gmt":"2022-12-15T08:00:00","guid":{"rendered":"https:\/\/just-now.news\/de\/deutschland\/krisen-und-insolvenzticker-preise-im-grosshandel-steigen-im-november-um-rund-15-prozent\/"},"modified":"2022-12-15T10:00:00","modified_gmt":"2022-12-15T08:00:00","slug":"krisen-und-insolvenzticker-preise-im-grosshandel-steigen-im-november-um-rund-15-prozent","status":"publish","type":"post","link":"https:\/\/now-news.de\/de\/deutschland\/krisen-und-insolvenzticker-preise-im-grosshandel-steigen-im-november-um-rund-15-prozent\/","title":{"rendered":"Krisen- und Insolvenzticker: Preise im Gro\u00dfhandel steigen im November um rund 15 Prozent"},"content":{"rendered":"<div class=\"Text-root Text-type_1 \">\n                Die deutsche Wirtschaft rutscht immer tiefer in die Krise. Unter dem Druck dramatisch steigender Energiekosten und anderer ung\u00fcnstiger Rahmenbedingungen sind allein in diesem Jahr tausende Unternehmen insolvent gegangen. Wir fassen in diesem Ticker die wichtigsten Entwicklungen und Neuigkeiten zusammen.\n            <\/div>\n<p><\/p>\n<div class=\"ArticleView-liveUpdates\">\n<div class=\"LiveUpdates-root\">\n<div class=\"LiveUpdates-content\">\n<ul class=\"LiveUpdates-list Listing-root\" data-listing=\"LiveUpdates\" data-count=\"10\">\n<li class=\"LiveUpdates-item Listing-item\">\n<div class=\"LiveUpdates-date\">\n<p class=\"HeaderNews-root HeaderNews-type_2 \">\n                15.12.2022 09:00 Uhr\n            <\/p>\n<\/div>\n<div class=\"LiveUpdate-root\">\n<div class=\"LiveUpdate-date\">\n<p class=\"HeaderNews-root HeaderNews-type_6 \">\n                09:00 Uhr\n            <\/p>\n<\/div>\n<div class=\"LiveUpdate-content\">\n<div class=\"LiveUpdate-text\">\n<div class=\"Text-root Text-type_5 ViewText-root\">\n<p><strong>Preise im Gro\u00dfhandel steigen im November um rund 15 Prozent<\/strong><\/p>\n<figure class=\"RTImage-root\">\n<div class=\"RTImage-image RTImage-original\"><picture class=\"Picture-root Picture-original\"><!--[if IE 9]><video style=\"display: none;\"><![endif]--><source media=\"(-webkit-min-device-pixel-ratio: 2) and (min-resolution: 120dpi)\" data-srcset=\" \nhttp:\/\/just-now.news\/de\/wp-content\/uploads\/sites\/3\/2022\/12\/639ad25ab480cc78f8184994.jpg 850w,\n                http:\/\/just-now.news\/de\/wp-content\/uploads\/sites\/3\/2022\/12\/639ad25ab480cc78f8184994.jpg 1960w,\n            \" ><source data-srcset=\" \nhttp:\/\/just-now.news\/de\/wp-content\/uploads\/sites\/3\/2022\/12\/639ad25ab480cc78f8184994.jpg 460w,\n              http:\/\/just-now.news\/de\/wp-content\/uploads\/sites\/3\/2022\/12\/639ad25ab480cc78f8184994.jpg 980w,\n            \" ><!--[if IE 9]><\/video><![endif]--><img decoding=\"async\" data- src=\"data:image\/png;base64,iVBORw0KGgoAAAANSUhEUgAAABAAAAAJCAQAAACRI2S5AAAAEElEQVR42mNkIAAYRxWAAQAG9gAKqv6+AwAAAABJRU5ErkJggg==\" class=\"Picture-root Picture-original lazyload\" data-src=\"http:\/\/just-now.news\/de\/wp-content\/uploads\/sites\/3\/2022\/12\/639ad25ab480cc78f8184994.jpg\" alt=\"\"><\/source><\/source><\/picture><!-- noscript pattern --><noscript><img decoding=\"async\" src=\"http:\/\/just-now.news\/de\/wp-content\/uploads\/sites\/3\/2022\/12\/639ad25ab480cc78f8184994.jpg\" alt=\"\"><\/noscript><\/div><figcaption class=\"RTImage-footer\"><span class=\"RTImage-caption\"><span class=\"RTImage-captionItem\">Symbolbild<\/span><\/span><span class=\"RTImage-source\"><span class=\"RTImage-captionItem\">sefa ozel \/ E+<\/span><span class=\"RTImage-captionItem\"> \/ Gettyimages.ru<\/span><\/span><\/figcaption><\/figure>\n<p>Im November des laufenden Jahres erh\u00f6hten sich die Preise im Gro\u00dfhandel in Deutschland zum Vorjahresmonat um 14,9 Prozent, wie das Statistische Bundesamt errechnet hat. Im September (plus 19,9 Prozent) und Oktober (plus 17,4 Prozent) hatten die Preise noch deutlicher \u00fcber dem jeweiligen Vorjahresniveau gelegen.<\/p>\n<p>Von Oktober auf November 2022 sanken die Preise nach Angaben der Wiesbadener Beh\u00f6rde vom Donnerstag um 0,9 Prozent. Einen st\u00e4rkeren Preisr\u00fcckgang zum Vormonat gab es demnach zuletzt im April 2020 mit minus 1,4 Prozent.<\/p>\n<p>Sei Monaten treiben kr\u00e4ftige Preissteigerungen bei Rohstoffen und Vorprodukten die Gro\u00dfhandelspreise. Im November 2022 waren Mineral\u00f6lerzeugnisse nach Berechnungen des Bundesamtes um fast ein Drittel (plus 30,4 Prozent) teurer als ein Jahr zuvor.<\/p>\n<\/div>\n<\/div>\n<\/div>\n<\/div>\n<\/li>\n<li class=\"LiveUpdates-item Listing-item\">\n<div class=\"LiveUpdates-date\">\n<p class=\"HeaderNews-root HeaderNews-type_2 \">\n                14.12.2022 20:30 Uhr\n            <\/p>\n<\/div>\n<div class=\"LiveUpdate-root\">\n<div class=\"LiveUpdate-date\">\n<p class=\"HeaderNews-root HeaderNews-type_6 \">\n                20:30 Uhr\n            <\/p>\n<\/div>\n<div class=\"LiveUpdate-content\">\n<div class=\"LiveUpdate-text\">\n<div class=\"Text-root Text-type_5 ViewText-root\">\n<p><strong>Inflation und Gewinne: Historisch hoher Reallohnverlust<\/strong><\/p>\n<p>Die anhaltend hohe Inflation zehrt in diesem Jahr einer Studie zufolge Lohnzuw\u00e4chse in einem bislang ungekannten Ausma\u00df auf. Selbst Tarifbesch\u00e4ftigte, die erfolgreich f\u00fcr eine Lohnerh\u00f6hung k\u00e4mpfen konnten, haben damit unter dem Strich real weniger Geld zur Verf\u00fcgung. Nach einer vorl\u00e4ufigen Bilanz des Wirtschafts- und Sozialwissenschaftlichen Instituts (WSI) handelt es sich um einen &#8220;in der Geschichte der Bundesrepublik Deutschland bislang einzigartigen Reallohnverlust&#8221;.<\/p>\n<p>Die Inflation in Deutschland wird seit Monaten insbesondere von hohen Energie- und Lebensmittelpreisen angetrieben, zunehmend k\u00f6nnen laut Statistischem Bundesamt auch Preisanstiege bei vielen anderen Waren neben der Energie beobachtet werden. Der Preisanstieg schw\u00e4chte sich nach einem Zuwachs um 43 Prozent im Oktober gegen\u00fcber dem Vorjahr im November leicht ab. F\u00fcr Nahrungsmittel mussten Verbraucher dennoch 21,1 Prozent mehr zahlen als im November 2021.<\/p>\n<p>Insgesamt stiegen die Verbraucherpreise im November gegen\u00fcber dem Vorjahresmonat um 10,0 Prozent. Im Oktober hatte die Jahresinflationsrate mit 10,4 Prozent den h\u00f6chsten Stand seit etwa 70 Jahren erreicht. Im Vergleich zum Vormonat sanken die Verbraucherpreise im November insgesamt leicht um 0,5 Prozent. Volkswirte sehen in der leichten Entspannung noch keinen Grund zur Entwarnung. Eine Analyse des Ifo-Instituts sieht neben den gestiegenen Kosten auch h\u00f6here Gewinne der Unternehmen hinter der aktuellen Inflation.<\/p>\n<p><strong>Mehr zum Thema<\/strong> &#8211; <a rel=\"nofollow noopener\" target=\"_blank\" href=\"https:\/\/test.rtde.tech\/inland\/157216-historischer-reallohnverlust-unternehmen-erzielen-gewinne\/\">Reallohnverlust: Unternehmen erzielen Gewinne auf Kosten der Inflation trotz Lohnentwertung<\/a><\/p>\n<\/div>\n<\/div>\n<\/div>\n<\/div>\n<\/li>\n<li class=\"LiveUpdates-item Listing-item\">\n<div class=\"LiveUpdate-root\">\n<div class=\"LiveUpdate-date\">\n<p class=\"HeaderNews-root HeaderNews-type_6 \">\n                11:15 Uhr\n            <\/p>\n<\/div>\n<div class=\"LiveUpdate-content\">\n<div class=\"LiveUpdate-text\">\n<div class=\"Text-root Text-type_5 ViewText-root\">\n<p><strong>43 Prozent der britischen Haushalte k\u00f6nnten sich bald grundlegende Dinge wie Essen und Kleidung nicht mehr leisten<\/strong><\/p>\n<p>Einem Bericht der britischen Denkfabrik New Economics Foundation (NEF) zufolge steht Gro\u00dfbritannien an der Schwelle zur gr\u00f6\u00dften Lebenskostenkrise der Neuzeit \u2013 und die Zahl derer, die unterhalb der Armutsgrenze leben, steigt kontinuierlich.<\/p>\n<p>In einer am Montag ver\u00f6ffentlichten Studie erkl\u00e4rte die Denkfabrik, dass 30 Millionen Menschen in Gro\u00dfbritannien bis zum Ende der Legislaturperiode im Jahr 2024 nicht mehr in der Lage sein werden, sich das zu leisten, was die \u00d6ffentlichkeit als angemessenen Lebensstandard betrachtet.<\/p>\n<p>Steigende Preise, unter der Inflationsrate liegende Einkommenszuw\u00e4chse und ein prognostizierter Anstieg der Arbeitslosigkeit w\u00fcrden dazu f\u00fchren, dass 43 Prozent der Haushalte nicht \u00fcber die Mittel verf\u00fcgen, um gen\u00fcgend Essen auf den Tisch zu bringen oder neue Kleidung zu kaufen, so der Bericht.<\/p>\n<p><strong>Mehr zum Thema<\/strong> &#8211; <a rel=\"nofollow noopener\" target=\"_blank\" href=\"https:\/\/test.rtde.tech\/europa\/157169-studie-millionen-briten-rutschen-in-armut\/\">Studie: Millionen Briten rutschen in Armut<\/a><\/p>\n<\/div>\n<\/div>\n<\/div>\n<\/div>\n<\/li>\n<li class=\"LiveUpdates-item Listing-item\">\n<div class=\"LiveUpdate-root\">\n<div class=\"LiveUpdate-date\">\n<p class=\"HeaderNews-root HeaderNews-type_6 \">\n                11:00 Uhr\n            <\/p>\n<\/div>\n<div class=\"LiveUpdate-content\">\n<div class=\"LiveUpdate-text\">\n<div class=\"Text-root Text-type_5 ViewText-root\">\n<p><strong>Verdienste von Postboten nur unterdurchschnittlich gestiegen<\/strong><\/p>\n<figure class=\"RTImage-root\">\n<div class=\"RTImage-image RTImage-original\"><picture class=\"Picture-root Picture-original\"><!--[if IE 9]><video style=\"display: none;\"><![endif]--><source media=\"(-webkit-min-device-pixel-ratio: 2) and (min-resolution: 120dpi)\" data-srcset=\" \nhttp:\/\/just-now.news\/de\/wp-content\/uploads\/sites\/3\/2022\/12\/639998adb480cc13b24745c6.jpg 850w,\n                http:\/\/just-now.news\/de\/wp-content\/uploads\/sites\/3\/2022\/12\/639998adb480cc13b24745c6.jpg 1960w,\n            \" ><source data-srcset=\" \nhttp:\/\/just-now.news\/de\/wp-content\/uploads\/sites\/3\/2022\/12\/639998adb480cc13b24745c6.jpg 460w,\n              http:\/\/just-now.news\/de\/wp-content\/uploads\/sites\/3\/2022\/12\/639998adb480cc13b24745c6.jpg 980w,\n            \" ><!--[if IE 9]><\/video><![endif]--><img decoding=\"async\" data- src=\"data:image\/png;base64,iVBORw0KGgoAAAANSUhEUgAAABAAAAAJCAQAAACRI2S5AAAAEElEQVR42mNkIAAYRxWAAQAG9gAKqv6+AwAAAABJRU5ErkJggg==\" class=\"Picture-root Picture-original lazyload\" data-src=\"http:\/\/just-now.news\/de\/wp-content\/uploads\/sites\/3\/2022\/12\/639998adb480cc13b24745c6.jpg\" alt=\"\"><\/source><\/source><\/picture><!-- noscript pattern --><noscript><img decoding=\"async\" src=\"http:\/\/just-now.news\/de\/wp-content\/uploads\/sites\/3\/2022\/12\/639998adb480cc13b24745c6.jpg\" alt=\"\"><\/noscript><\/div><figcaption class=\"RTImage-footer\"><span class=\"RTImage-caption\"><span class=\"RTImage-captionItem\">Symbolbild<\/span><\/span><span class=\"RTImage-source\"><span class=\"RTImage-captionItem\">Frank Hoermann\/SVEN SIMON<\/span><span class=\"RTImage-captionItem\"> \/ www.globallookpress.com<\/span><\/span><\/figcaption><\/figure>\n<p>Die in der Vorweihnachtszeit besonders belasteten Postboten und Paketzusteller haben in den vergangenen zehn Jahren unterdurchschnittliche Lohnzuw\u00e4chse erhalten. Vollzeitbesch\u00e4ftigte in der Branche verdienten im Jahr 2021 durchschnittlich 3.022 Euro brutto im Monat und damit 6 Prozent mehr als vor zehn Jahren, wie das Statistische Bundesamt am Mittwoch in Wiesbaden mitteilte. In der Wirtschaft insgesamt legten die Verdienste im selben Zeitraum um 23,8 Prozent zu.<\/p>\n<p>Im vergangenen Jahr lag der durchschnittliche Bruttomonatsverdienst in der Branche der Post-, Kurier- und Expressdienste gut 1.000 Euro unter dem Durchschnitt der Wirtschaft insgesamt, der bei 4.100 Euro lag. Ein Grund daf\u00fcr ist der Beh\u00f6rde zufolge der vergleichsweise geringe Anteil von Vollzeitbesch\u00e4ftigten in leitender Stellung (4 Prozent) und von gehobenen Fachkr\u00e4ften (7 Prozent). In der Gesamtwirtschaft lag deren Anteil im vergangenen Jahr deutlich h\u00f6her, bei 12 beziehungsweise 24 Prozent der Vollzeitbesch\u00e4ftigten.<\/p>\n<p>In der Post- und Paketbranche arbeiten Erwerbst\u00e4tige der Mitteilung zufolge\u00a0oft zu un\u00fcblichen Zeiten, zum Beispiel am Wochenende (60 Prozent) und nachts zwischen 23:00 Uhr und 06:00 Uhr (14 Prozent).<\/p>\n<\/div>\n<\/div>\n<\/div>\n<\/div>\n<\/li>\n<li class=\"LiveUpdates-item Listing-item\">\n<div class=\"LiveUpdate-root\">\n<div class=\"LiveUpdate-date\">\n<p class=\"HeaderNews-root HeaderNews-type_6 \">\n                09:00 Uhr\n            <\/p>\n<\/div>\n<div class=\"LiveUpdate-content\">\n<div class=\"LiveUpdate-text\">\n<div class=\"Text-root Text-type_5 ViewText-root\">\n<p><strong>Bargeld abschaffen? Kritik von deutschen Politikern zum EU-Gesetzespaket<\/strong><\/p>\n<div class=\"EmbedBlock-root EmbedBlock-externalVideo EmbedBlock-odysee\">\n<div class=\"VkEmbed\"><iframe class=\"lazyload\" data-src=\"https:\/\/odysee.com\/%24\/embed\/%40RTDE%3Ae%2FBargeld-abschaffen-Kritik-von-deutschen-Politikern-zum-EU-Gesetzespaket%3A4\" frameborder=\"0\" width=\"853\" height=\"480\" allowfullscreen><\/iframe><\/div>\n<\/div>\n<p>In allen EU-L\u00e4ndern sollen Barzahlungen \u00fcber 10.000 Euro k\u00fcnftig verboten werden. Das ist einer der Punkte des Gesetzespakets gegen Geldw\u00e4sche und Terror-Finanzierung, auf das sich die EU-Minister verst\u00e4ndigt haben. Deutschland enthielt sich bei Teilen des von der EU-Kommission vorgeschlagenen Pakets.<\/p>\n<p>Aussagen von Bundesinnenministerin Nancy Faeser, dass eine Bargeldobergrenze helfen w\u00fcrde, die organisierte Kriminalit\u00e4t zu bek\u00e4mpfen, sorgten f\u00fcr Kritik. So sagte etwa Bunndesfinanzminister Christian Lindner: &#8220;Deutschland kann einer Obergrenze f\u00fcr die Barzahlung nicht zustimmen&#8221;.<\/p>\n<\/div>\n<\/div>\n<\/div>\n<\/div>\n<\/li>\n<li class=\"LiveUpdates-item Listing-item\">\n<div class=\"LiveUpdate-root\">\n<div class=\"LiveUpdate-date\">\n<p class=\"HeaderNews-root HeaderNews-type_6 \">\n                08:00 Uhr\n            <\/p>\n<\/div>\n<div class=\"LiveUpdate-content\">\n<div class=\"LiveUpdate-text\">\n<div class=\"Text-root Text-type_5 ViewText-root\">\n<p><strong>Blackout: Zwei Stromausf\u00e4lle in Ludwigsburg kurz hintereinander<\/strong><\/p>\n<figure class=\"RTImage-root\">\n<div class=\"RTImage-image RTImage-original\"><picture class=\"Picture-root Picture-original\"><!--[if IE 9]><video style=\"display: none;\"><![endif]--><source media=\"(-webkit-min-device-pixel-ratio: 2) and (min-resolution: 120dpi)\" data-srcset=\" \nhttp:\/\/just-now.news\/de\/wp-content\/uploads\/sites\/3\/2022\/12\/6399774048fbef5e4d56313a.jpg 850w,\n                http:\/\/just-now.news\/de\/wp-content\/uploads\/sites\/3\/2022\/12\/6399774048fbef5e4d56313a.jpg 1960w,\n            \" ><source data-srcset=\" \nhttp:\/\/just-now.news\/de\/wp-content\/uploads\/sites\/3\/2022\/12\/6399774048fbef5e4d56313a.jpg 460w,\n              http:\/\/just-now.news\/de\/wp-content\/uploads\/sites\/3\/2022\/12\/6399774048fbef5e4d56313a.jpg 980w,\n            \" ><!--[if IE 9]><\/video><![endif]--><img decoding=\"async\" data- src=\"data:image\/png;base64,iVBORw0KGgoAAAANSUhEUgAAABAAAAAJCAQAAACRI2S5AAAAEElEQVR42mNkIAAYRxWAAQAG9gAKqv6+AwAAAABJRU5ErkJggg==\" class=\"Picture-root Picture-original lazyload\" data-src=\"http:\/\/just-now.news\/de\/wp-content\/uploads\/sites\/3\/2022\/12\/6399774048fbef5e4d56313a.jpg\" alt=\"\"><\/source><\/source><\/picture><!-- noscript pattern --><noscript><img decoding=\"async\" src=\"http:\/\/just-now.news\/de\/wp-content\/uploads\/sites\/3\/2022\/12\/6399774048fbef5e4d56313a.jpg\" alt=\"\"><\/noscript><\/div><figcaption class=\"RTImage-footer\"><span class=\"RTImage-caption\"><span class=\"RTImage-captionItem\">Symbolbild<\/span><\/span><span class=\"RTImage-source\"><span class=\"RTImage-captionItem\">Bihlmayerfotografie<\/span><span class=\"RTImage-captionItem\"> \/ Legion-media.ru<\/span><\/span><\/figcaption><\/figure>\n<p>Im baden-w\u00fcrttembergischen Ludwigsburg ist zwei Mal kurz hintereinander der Strom ausgefallen. Nach Auskunft eines Polizeisprechers vom Mittwoch begann der erste Stromausfall am Dienstagnachmittag gegen 17:30 Uhr und dauerte etwas mehr als zwei Stunden. Die Ursache hierf\u00fcr war noch unklar. Der zweite Stromausfall folgte am Mittwochmorgen und dauerte von 4:10 Uhr bis 6:30 Uhr.<\/p>\n<p>Grund war laut dem Polizeisprecher vermutlich ein Defekt in einer Trafostation. Die beiden Stromausf\u00e4lle betrafen den Ludwigsburger Stadtteil O\u00dfweil. Dort leben laut Homepage der Stadt rund 10.800 Menschen. Wie viele Haushalte tats\u00e4chlich betroffen waren, war dem Polizeisprecher nicht bekannt.<\/p>\n<\/div>\n<\/div>\n<\/div>\n<\/div>\n<\/li>\n<li class=\"LiveUpdates-item Listing-item\">\n<div class=\"LiveUpdates-date\">\n<p class=\"HeaderNews-root HeaderNews-type_2 \">\n                13.12.2022 19:30 Uhr\n            <\/p>\n<\/div>\n<div class=\"LiveUpdate-root\">\n<div class=\"LiveUpdate-date\">\n<p class=\"HeaderNews-root HeaderNews-type_6 \">\n                19:30 Uhr\n            <\/p>\n<\/div>\n<div class=\"LiveUpdate-content\">\n<div class=\"LiveUpdate-text\">\n<div class=\"Text-root Text-type_5 ViewText-root\">\n<p><strong>Betriebliche Zahlungsausf\u00e4lle in Deutschland\u00a0gehen durch die Decke<\/strong><\/p>\n<p>Laut eines Berichts des\u00a0<em>Handelsblatts\u00a0<\/em>am Dienstag sind die deutschen Warenkreditversicherer\u00a0dazu gezwungen, f\u00fcr deutlich\u00a0mehr Zahlungsausf\u00e4lle in\u00a0Deutschland\u00a0<a rel=\"nofollow noopener\" target=\"_blank\" href=\"https:\/\/www.handelsblatt.com\/finanzen\/vorsorge\/versicherung\/versicherer-zahlungsausfaelle-in-deutschland-schnellen-nach-oben\/28865148.html\">einzuspringen<\/a>.\u00a0Im Jahr 2022 schossen\u00a0die Schadenzahlungen in der Warenkredit- und der Kautionsversicherung um fast 50 Prozent auf 697 Millionen Euro in die H\u00f6he, wie der Branchenverband Gesamtverband der Deutschen Versicherungswirtschaft (GdV) am Dienstag mitteilte.<\/p>\n<p>Thomas Langen, der Vorsitzende der Kommission Kreditversicherung, betonte mit Blick auf die Auswirkungen des Ukraine-Kriegs, der durch die Geldmengenausweitung der EZB initiierten Inflation und die Folgen der &#8220;Corona-Krise&#8221;:<\/p>\n<blockquote>\n<p><em>&#8220;Wir sp\u00fcren die toxischen Effekte gleichzeitiger Krisen.&#8221;<\/em><\/p>\n<p><em>&#8220;In Teilen der Wirtschaft deutet sich ein regelrechter \u00dcberlebenskampf entlang der Lieferketten an.&#8221;<\/em><\/p>\n<\/blockquote>\n<\/div>\n<\/div>\n<\/div>\n<\/div>\n<\/li>\n<li class=\"LiveUpdates-item Listing-item\">\n<div class=\"LiveUpdate-root\">\n<div class=\"LiveUpdate-date\">\n<p class=\"HeaderNews-root HeaderNews-type_6 \">\n                16:54 Uhr\n            <\/p>\n<\/div>\n<div class=\"LiveUpdate-content\">\n<div class=\"LiveUpdate-text\">\n<div class=\"Text-root Text-type_5 ViewText-root\">\n<p><strong>US-Inflation verlangsamt, dennoch weitere Zinsanhebung erwartet<\/strong><\/p>\n<p>Die neuen Inflationsdaten aus den USA zeigen, dass sich dort der Preisanstieg verlangsamt. Im Vergleich zum Vormonat sind die Preise der Kerninflation nur noch um 0,2 Prozent gestiegen. Das \u00e4ndert zwar nichts an den deutlichen Erh\u00f6hungen seit Jahresbeginn, zeigt aber, dass die beginnende Rezession inzwischen der Inflation entgegenwirkt.<\/p>\n<p>Dennoch wird damit gerechnet, dass die US-Notenbank Fed den Zinssatz auf ihrer morgigen Sitzung weiter erh\u00f6hen wird; die Sch\u00e4tzungen schwanken zwischen 0,25 und 0,5 Prozent, weil der von der Fed angestrebte Zielwert der Inflation immer noch weit tiefer liegt. In der Folge wird auch die EZB eine weitere Zinserh\u00f6hung vornehmen m\u00fcssen.<\/p>\n<p>Die Verlangsamung der Inflation in den USA besagt leider wenig f\u00fcr Europa, da die Steigerung der Energiekosten, die die europ\u00e4ische Inflation vor allem antreibt, in den USA so nicht stattfindet. Was aber auf beiden Seiten des Atlantiks bemerkbar sein wird, ist die bremsende Wirkung, die steigende Zinsen auf das Wirtschaftswachstum entfalten. Der deutsche Wohnungsbau ist infolge von steigenden Materialkosten und steigenden Kreditzinsen schon fast zum Stillstand gekommen.<\/p>\n<p>Und w\u00e4hrend in den USA die Rezession mit gewaltigen Subventionen bek\u00e4mpft wird, die zudem europ\u00e4ische Unternehmen dorthin locken, werden in Europa bereits enorme Mittel ben\u00f6tigt, um die Folgen der gestiegenen Energiepreise abzufangen.<\/p>\n<p>Die bisherige Welle von Zinserh\u00f6hungen ist die st\u00e4rkste seit vierzig Jahren.<\/p>\n<\/div>\n<\/div>\n<\/div>\n<\/div>\n<\/li>\n<li class=\"LiveUpdates-item Listing-item\">\n<div class=\"LiveUpdate-root\">\n<div class=\"LiveUpdate-date\">\n<p class=\"HeaderNews-root HeaderNews-type_6 \">\n                16:10 Uhr\n            <\/p>\n<\/div>\n<div class=\"LiveUpdate-content\">\n<div class=\"LiveUpdate-text\">\n<div class=\"Text-root Text-type_5 ViewText-root\">\n<p><strong>Verm\u00f6gensverwalter Blackrock warnt vor beispielloser Rezession<\/strong><\/p>\n<p>Laut dem US-amerikanischen Verm\u00f6genverwalter BlackRock steht die Weltwirtschaft vor einer nie dagewesenen Rezession, wie unter anderem der Business-Insider\u00a0<a rel=\"nofollow noopener\" target=\"_blank\" href=\"https:\/\/www.businessinsider.de\/wirtschaft\/finanzen\/blackrock-sagt-dass-wir-uns-auf-eine-rezession-einstellen-muessen-die-anders-ist-als-jemals-zuvor-d\/\">berichtet<\/a>.\u00a0 Ein Team von Blackrock-Experten unter der Leitung von Vizepr\u00e4sident Philipp Hildebrand konstatiert diese neue Form der Wirtschaftskrise in einem Bericht mit dem Titel &#8220;<a rel=\"nofollow noopener\" target=\"_blank\" href=\"https:\/\/www.blackrock.com\/us\/individual\/insights\/blackrock-investment-institute\/outlook\">2023 Global Outlook<\/a>&#8220;.<\/p>\n<p>Dort wird unter anderem problematisiert, dass die Zentralbanken die Kreditkosten deutlich angehoben haben, um die Inflation in den Griff zu bekommen. Neu sei nach dieser Lesart,\u00a0dass die politischen Entscheidungstr\u00e4ger nicht mehr in der Lage sein werden, die M\u00e4rkte vor enormen Turbulenzen bis hin zum Kollaps zu bewahren, wie sie es seit der Finanzkrise 2007\/08 immer wieder getan haben. Konkret hei\u00dft es in dem Bericht:<\/p>\n<blockquote>\n<p><em>&#8220;Eine Rezession wird vorausgesagt, da die Zentralbanken versuchen, die Inflation zu z\u00fcgeln. Das ist das genaue Gegenteil der vergangenen Rezessionen. [&#8230;] Anders als von den Anlegern erwartet, werden die Zentralbanken nicht zu Hilfe eilen, wenn sich das Wachstum in diesem neuen System verlangsamt. Die Aktienbewertungen spiegeln den bevorstehenden Schaden noch nicht wider.&#8221;<\/em><\/p>\n<\/blockquote>\n<\/div>\n<\/div>\n<\/div>\n<\/div>\n<\/li>\n<li class=\"LiveUpdates-item Listing-item\">\n<div class=\"LiveUpdate-root\">\n<div class=\"LiveUpdate-date\">\n<p class=\"HeaderNews-root HeaderNews-type_6 \">\n                15:00 Uhr\n            <\/p>\n<\/div>\n<div class=\"LiveUpdate-content\">\n<div class=\"LiveUpdate-text\">\n<div class=\"Text-root Text-type_5 ViewText-root\">\n<p><strong>Energieagentur warnt: EU droht im n\u00e4chsten Winter 30 Milliarden Kubikmeter Gasknappheit<\/strong><\/p>\n<div class=\"EmbedBlock-root EmbedBlock-externalVideo EmbedBlock-vk\">\n<div class=\"VkEmbed\"><iframe class=\"lazyload\" data-src=\"https:\/\/vk.com\/video_ext.php?oid=-134310637&amp;id=456261315&amp;hash=ed8da8e53a09207c\" frameborder=\"0\" width=\"853\" height=\"480\" allowfullscreen><\/iframe><\/div>\n<\/div>\n<p>Die Leiter der Internationalen Energieagentur und der Exekutive der Europ\u00e4ischen Union erkl\u00e4rten am Montag, dass die 27 EU-Staaten in diesem Winter gut durch die Energiekrise kommen werden.<\/p>\n<p>Obwohl Russland im Zuge des Ukraine-Kriegs den gr\u00f6\u00dften Teil der Gaslieferungen nach Europa eingestellt hat, konnten die EU-L\u00e4nder ihre Gasspeicher f\u00fcr die Heizsaison im Winter weitgehend auff\u00fcllen, indem sie neue Lieferungen anzapften, Energie sparten und von dem milden Wetter profitierten.<\/p>\n<p>Diese Hintergr\u00fcnde k\u00f6nnten jedoch im n\u00e4chsten Jahr wegfallen, sodass sich die EU darauf konzentrieren m\u00fcsse, die Bem\u00fchungen um Energieeffizienz zu verst\u00e4rken, den Weg f\u00fcr erneuerbare Energien zu ebnen und weiterhin Energie zu sparen. Dies sagte der IEA-Exekutivdirektor Fatih Birol auf einer gemeinsamen Pressekonferenz mit der Pr\u00e4sidentin der Europ\u00e4ischen Kommission, Ursula von der Leyen.<\/p>\n<p>Der IEA zufolge drohe der EU ein m\u00f6gliches Gasdefizit von bis zu 30 Milliarden Kubikmetern. Als Gr\u00fcnde nennt sie den m\u00f6glichen Ausfall der restlichen russischen Gaslieferungen und einen angespannten Markt f\u00fcr Fl\u00fcssigerdgas (LNG), das per Schiff angeliefert wird, falls die chinesische Nachfrage wieder ansteigt.<\/p>\n<\/div>\n<\/div>\n<\/div>\n<\/div>\n<\/li>\n<\/ul>\n<div class=\"Listing-isReact\" data-rtmodule=\"Listing\" onload=\"return {\n                page: '1',\n                limit: '10',\n                listing: '\/listing\/parent.6337e74248fbef5b3c62f1db\/noprepare\/liveupdates\/10\/1',\n            };\"><\/div>\n<\/div>\n<\/div>\n<\/div>\n<p><br \/>\n<br \/><a href=\"https:\/\/de.rt.com\/wirtschaft\/150363-krisen-und-insolvenzticker-preise-steigen\/\">Source link <\/a><\/p>\n","protected":false},"excerpt":{"rendered":"<p>Die deutsche Wirtschaft rutscht immer tiefer in die Krise. Unter dem Druck dramatisch steigender Energiekosten und anderer ung\u00fcnstiger Rahmenbedingungen sind allein in diesem Jahr tausende Unternehmen insolvent gegangen. Wir fassen in diesem Ticker die wichtigsten Entwicklungen und Neuigkeiten zusammen. 15.12.2022 09:00 Uhr 09:00 Uhr Preise im Gro\u00dfhandel steigen im November um rund 15 Prozent Symbolbildsefa [&hellip;]<\/p>\n","protected":false},"author":3,"featured_media":25491,"comment_status":"open","ping_status":"open","sticky":false,"template":"","format":"standard","meta":{"_yoast_indexnow_last_ping":["1671091262"],"wp_automatic_camp":["217"],"7b230da74853921fc7ff66b1dbad6cd8":["Krisen- und Insolvenzticker: Preise im Gro\u00dfhandel steigen im November um rund 15 Prozent"],"original_link":["https:\/\/de.rt.com\/wirtschaft\/150363-krisen-und-insolvenzticker-preise-steigen\/"],"_thumbnail_id":["25491"],"jnews_social_counter_last_update":["1777274125"],"_wptgpro_p2tg_sent2tg":["a:1:{i:23737;s:19:\"2022-12-15 10:02:13\";}"]},"categories":[19,23],"tags":[37528,33683,2667,3384,1470,1429,18961,1472,140],"yoast_head":"<!-- This site is optimized with the Yoast SEO Premium plugin v22.7 (Yoast SEO v22.7) - https:\/\/yoast.com\/wordpress\/plugins\/seo\/ -->\n<title>Krisen- und Insolvenzticker: Preise im Gro\u00dfhandel steigen im November um rund 15 Prozent - just-now.NEWS Deutschland<\/title>\n<meta name=\"robots\" content=\"index, follow, max-snippet:-1, max-image-preview:large, max-video-preview:-1\" \/>\n<link rel=\"canonical\" href=\"https:\/\/now-news.de\/de\/deutschland\/krisen-und-insolvenzticker-preise-im-grosshandel-steigen-im-november-um-rund-15-prozent\/\" \/>\n<meta property=\"og:locale\" content=\"de_DE\" \/>\n<meta property=\"og:type\" content=\"article\" \/>\n<meta property=\"og:title\" content=\"Krisen- und Insolvenzticker: Preise im Gro\u00dfhandel steigen im November um rund 15 Prozent\" \/>\n<meta property=\"og:description\" content=\"Die deutsche Wirtschaft rutscht immer tiefer in die Krise. Unter dem Druck dramatisch steigender Energiekosten und anderer ung\u00fcnstiger Rahmenbedingungen sind allein in diesem Jahr tausende Unternehmen insolvent gegangen. Wir fassen in diesem Ticker die wichtigsten Entwicklungen und Neuigkeiten zusammen. 15.12.2022 09:00 Uhr 09:00 Uhr Preise im Gro\u00dfhandel steigen im November um rund 15 Prozent Symbolbildsefa [&hellip;]\" \/>\n<meta property=\"og:url\" content=\"https:\/\/now-news.de\/de\/deutschland\/krisen-und-insolvenzticker-preise-im-grosshandel-steigen-im-november-um-rund-15-prozent\/\" \/>\n<meta property=\"og:site_name\" content=\"just-now.NEWS Deutschland\" \/>\n<meta property=\"article:publisher\" content=\"https:\/\/www.facebook.com\/wirmachenauf\" \/>\n<meta property=\"article:published_time\" content=\"2022-12-15T08:00:00+00:00\" \/>\n<meta property=\"og:image\" content=\"https:\/\/now-news.de\/de\/wp-content\/uploads\/sites\/3\/2022\/12\/Krisen-und-Insolvenzticker-Preise-im-Grosshandel-steigen-im-November-um.jpg\" \/>\n\t<meta property=\"og:image:width\" content=\"1666\" \/>\n\t<meta property=\"og:image:height\" content=\"1080\" \/>\n\t<meta property=\"og:image:type\" content=\"image\/jpeg\" \/>\n<meta name=\"author\" content=\"rtnews\" \/>\n<meta name=\"twitter:card\" content=\"summary_large_image\" \/>\n<meta name=\"twitter:creator\" content=\"@WirMachenAuf_de\" \/>\n<meta name=\"twitter:site\" content=\"@WirMachenAuf_de\" \/>\n<meta name=\"twitter:label1\" content=\"Verfasst von\" \/>\n\t<meta name=\"twitter:data1\" content=\"rtnews\" \/>\n\t<meta name=\"twitter:label2\" content=\"Gesch\u00e4tzte Lesezeit\" \/>\n\t<meta name=\"twitter:data2\" content=\"8\u00a0Minuten\" \/>\n<script type=\"application\/ld+json\" class=\"yoast-schema-graph\">{\"@context\":\"https:\/\/schema.org\",\"@graph\":[{\"@type\":\"Article\",\"@id\":\"https:\/\/now-news.de\/de\/deutschland\/krisen-und-insolvenzticker-preise-im-grosshandel-steigen-im-november-um-rund-15-prozent\/#article\",\"isPartOf\":{\"@id\":\"https:\/\/now-news.de\/de\/deutschland\/krisen-und-insolvenzticker-preise-im-grosshandel-steigen-im-november-um-rund-15-prozent\/\"},\"author\":{\"name\":\"rtnews\",\"@id\":\"https:\/\/now-news.de\/de\/#\/schema\/person\/fb534a4e865501d8b3285208df34a9b5\"},\"headline\":\"Krisen- und Insolvenzticker: Preise im Gro\u00dfhandel steigen im November um rund 15 Prozent\",\"datePublished\":\"2022-12-15T08:00:00+00:00\",\"dateModified\":\"2022-12-15T08:00:00+00:00\",\"mainEntityOfPage\":{\"@id\":\"https:\/\/now-news.de\/de\/deutschland\/krisen-und-insolvenzticker-preise-im-grosshandel-steigen-im-november-um-rund-15-prozent\/\"},\"wordCount\":1634,\"commentCount\":0,\"publisher\":{\"@id\":\"https:\/\/now-news.de\/de\/#organization\"},\"image\":{\"@id\":\"https:\/\/now-news.de\/de\/deutschland\/krisen-und-insolvenzticker-preise-im-grosshandel-steigen-im-november-um-rund-15-prozent\/#primaryimage\"},\"thumbnailUrl\":\"https:\/\/now-news.de\/de\/wp-content\/uploads\/sites\/3\/2022\/12\/Krisen-und-Insolvenzticker-Preise-im-Grosshandel-steigen-im-November-um.jpg\",\"keywords\":[\"Gro\u00dfhandel\",\"Insolvenzticker\",\"Krisen\",\"November\",\"Preise\",\"Prozent\",\"rund\",\"steigen\",\"und\"],\"articleSection\":[\"Deutschland\",\"Russland\"],\"inLanguage\":\"de\",\"potentialAction\":[{\"@type\":\"CommentAction\",\"name\":\"Comment\",\"target\":[\"https:\/\/now-news.de\/de\/deutschland\/krisen-und-insolvenzticker-preise-im-grosshandel-steigen-im-november-um-rund-15-prozent\/#respond\"]}]},{\"@type\":\"WebPage\",\"@id\":\"https:\/\/now-news.de\/de\/deutschland\/krisen-und-insolvenzticker-preise-im-grosshandel-steigen-im-november-um-rund-15-prozent\/\",\"url\":\"https:\/\/now-news.de\/de\/deutschland\/krisen-und-insolvenzticker-preise-im-grosshandel-steigen-im-november-um-rund-15-prozent\/\",\"name\":\"Krisen- und Insolvenzticker: Preise im Gro\u00dfhandel steigen im November um rund 15 Prozent - just-now.NEWS Deutschland\",\"isPartOf\":{\"@id\":\"https:\/\/now-news.de\/de\/#website\"},\"primaryImageOfPage\":{\"@id\":\"https:\/\/now-news.de\/de\/deutschland\/krisen-und-insolvenzticker-preise-im-grosshandel-steigen-im-november-um-rund-15-prozent\/#primaryimage\"},\"image\":{\"@id\":\"https:\/\/now-news.de\/de\/deutschland\/krisen-und-insolvenzticker-preise-im-grosshandel-steigen-im-november-um-rund-15-prozent\/#primaryimage\"},\"thumbnailUrl\":\"https:\/\/now-news.de\/de\/wp-content\/uploads\/sites\/3\/2022\/12\/Krisen-und-Insolvenzticker-Preise-im-Grosshandel-steigen-im-November-um.jpg\",\"datePublished\":\"2022-12-15T08:00:00+00:00\",\"dateModified\":\"2022-12-15T08:00:00+00:00\",\"breadcrumb\":{\"@id\":\"https:\/\/now-news.de\/de\/deutschland\/krisen-und-insolvenzticker-preise-im-grosshandel-steigen-im-november-um-rund-15-prozent\/#breadcrumb\"},\"inLanguage\":\"de\",\"potentialAction\":[{\"@type\":\"ReadAction\",\"target\":[\"https:\/\/now-news.de\/de\/deutschland\/krisen-und-insolvenzticker-preise-im-grosshandel-steigen-im-november-um-rund-15-prozent\/\"]}]},{\"@type\":\"ImageObject\",\"inLanguage\":\"de\",\"@id\":\"https:\/\/now-news.de\/de\/deutschland\/krisen-und-insolvenzticker-preise-im-grosshandel-steigen-im-november-um-rund-15-prozent\/#primaryimage\",\"url\":\"https:\/\/now-news.de\/de\/wp-content\/uploads\/sites\/3\/2022\/12\/Krisen-und-Insolvenzticker-Preise-im-Grosshandel-steigen-im-November-um.jpg\",\"contentUrl\":\"https:\/\/now-news.de\/de\/wp-content\/uploads\/sites\/3\/2022\/12\/Krisen-und-Insolvenzticker-Preise-im-Grosshandel-steigen-im-November-um.jpg\",\"width\":1666,\"height\":1080,\"caption\":\"Krisen- und Insolvenzticker: Preise im Gro\u00dfhandel steigen im November um rund 15 Prozent\"},{\"@type\":\"BreadcrumbList\",\"@id\":\"https:\/\/now-news.de\/de\/deutschland\/krisen-und-insolvenzticker-preise-im-grosshandel-steigen-im-november-um-rund-15-prozent\/#breadcrumb\",\"itemListElement\":[{\"@type\":\"ListItem\",\"position\":1,\"name\":\"Home\",\"item\":\"https:\/\/now-news.de\/de\/\"},{\"@type\":\"ListItem\",\"position\":2,\"name\":\"Krisen- und Insolvenzticker: Preise im Gro\u00dfhandel steigen im November um rund 15 Prozent\"}]},{\"@type\":\"WebSite\",\"@id\":\"https:\/\/now-news.de\/de\/#website\",\"url\":\"https:\/\/now-news.de\/de\/\",\"name\":\"just-now.NEWS Deutschland\",\"description\":\"Das Portal f\u00fcr unzensierte Nachrichten aus der Welt\",\"publisher\":{\"@id\":\"https:\/\/now-news.de\/de\/#organization\"},\"potentialAction\":[{\"@type\":\"SearchAction\",\"target\":{\"@type\":\"EntryPoint\",\"urlTemplate\":\"https:\/\/now-news.de\/de\/?s={search_term_string}\"},\"query-input\":\"required name=search_term_string\"}],\"inLanguage\":\"de\"},{\"@type\":\"Organization\",\"@id\":\"https:\/\/now-news.de\/de\/#organization\",\"name\":\"Just Now News\",\"url\":\"https:\/\/now-news.de\/de\/\",\"logo\":{\"@type\":\"ImageObject\",\"inLanguage\":\"de\",\"@id\":\"https:\/\/now-news.de\/de\/#\/schema\/logo\/image\/\",\"url\":\"http:\/\/just-now.news\/de\/wp-content\/uploads\/sites\/3\/2022\/04\/logo500x500.jpg\",\"contentUrl\":\"http:\/\/just-now.news\/de\/wp-content\/uploads\/sites\/3\/2022\/04\/logo500x500.jpg\",\"width\":500,\"height\":500,\"caption\":\"Just Now News\"},\"image\":{\"@id\":\"https:\/\/now-news.de\/de\/#\/schema\/logo\/image\/\"},\"sameAs\":[\"https:\/\/www.facebook.com\/wirmachenauf\",\"https:\/\/x.com\/WirMachenAuf_de\"]},{\"@type\":\"Person\",\"@id\":\"https:\/\/now-news.de\/de\/#\/schema\/person\/fb534a4e865501d8b3285208df34a9b5\",\"name\":\"rtnews\",\"image\":{\"@type\":\"ImageObject\",\"inLanguage\":\"de\",\"@id\":\"https:\/\/now-news.de\/de\/#\/schema\/person\/image\/\",\"url\":\"https:\/\/secure.gravatar.com\/avatar\/82aafea7d8127119dd649515f56e2117?s=96&d=mm&r=g\",\"contentUrl\":\"https:\/\/secure.gravatar.com\/avatar\/82aafea7d8127119dd649515f56e2117?s=96&d=mm&r=g\",\"caption\":\"rtnews\"},\"url\":\"https:\/\/now-news.de\/de\/author\/rnews\/\"}]}<\/script>\n<!-- \/ Yoast SEO Premium plugin. -->","yoast_head_json":{"title":"Krisen- und Insolvenzticker: Preise im Gro\u00dfhandel steigen im November um rund 15 Prozent - just-now.NEWS Deutschland","robots":{"index":"index","follow":"follow","max-snippet":"max-snippet:-1","max-image-preview":"max-image-preview:large","max-video-preview":"max-video-preview:-1"},"canonical":"https:\/\/now-news.de\/de\/deutschland\/krisen-und-insolvenzticker-preise-im-grosshandel-steigen-im-november-um-rund-15-prozent\/","og_locale":"de_DE","og_type":"article","og_title":"Krisen- und Insolvenzticker: Preise im Gro\u00dfhandel steigen im November um rund 15 Prozent","og_description":"Die deutsche Wirtschaft rutscht immer tiefer in die Krise. Unter dem Druck dramatisch steigender Energiekosten und anderer ung\u00fcnstiger Rahmenbedingungen sind allein in diesem Jahr tausende Unternehmen insolvent gegangen. Wir fassen in diesem Ticker die wichtigsten Entwicklungen und Neuigkeiten zusammen. 15.12.2022 09:00 Uhr 09:00 Uhr Preise im Gro\u00dfhandel steigen im November um rund 15 Prozent Symbolbildsefa [&hellip;]","og_url":"https:\/\/now-news.de\/de\/deutschland\/krisen-und-insolvenzticker-preise-im-grosshandel-steigen-im-november-um-rund-15-prozent\/","og_site_name":"just-now.NEWS Deutschland","article_publisher":"https:\/\/www.facebook.com\/wirmachenauf","article_published_time":"2022-12-15T08:00:00+00:00","og_image":[{"width":1666,"height":1080,"url":"https:\/\/now-news.de\/de\/wp-content\/uploads\/sites\/3\/2022\/12\/Krisen-und-Insolvenzticker-Preise-im-Grosshandel-steigen-im-November-um.jpg","type":"image\/jpeg"}],"author":"rtnews","twitter_card":"summary_large_image","twitter_creator":"@WirMachenAuf_de","twitter_site":"@WirMachenAuf_de","twitter_misc":{"Verfasst von":"rtnews","Gesch\u00e4tzte Lesezeit":"8\u00a0Minuten"},"schema":{"@context":"https:\/\/schema.org","@graph":[{"@type":"Article","@id":"https:\/\/now-news.de\/de\/deutschland\/krisen-und-insolvenzticker-preise-im-grosshandel-steigen-im-november-um-rund-15-prozent\/#article","isPartOf":{"@id":"https:\/\/now-news.de\/de\/deutschland\/krisen-und-insolvenzticker-preise-im-grosshandel-steigen-im-november-um-rund-15-prozent\/"},"author":{"name":"rtnews","@id":"https:\/\/now-news.de\/de\/#\/schema\/person\/fb534a4e865501d8b3285208df34a9b5"},"headline":"Krisen- und Insolvenzticker: Preise im Gro\u00dfhandel steigen im November um rund 15 Prozent","datePublished":"2022-12-15T08:00:00+00:00","dateModified":"2022-12-15T08:00:00+00:00","mainEntityOfPage":{"@id":"https:\/\/now-news.de\/de\/deutschland\/krisen-und-insolvenzticker-preise-im-grosshandel-steigen-im-november-um-rund-15-prozent\/"},"wordCount":1634,"commentCount":0,"publisher":{"@id":"https:\/\/now-news.de\/de\/#organization"},"image":{"@id":"https:\/\/now-news.de\/de\/deutschland\/krisen-und-insolvenzticker-preise-im-grosshandel-steigen-im-november-um-rund-15-prozent\/#primaryimage"},"thumbnailUrl":"https:\/\/now-news.de\/de\/wp-content\/uploads\/sites\/3\/2022\/12\/Krisen-und-Insolvenzticker-Preise-im-Grosshandel-steigen-im-November-um.jpg","keywords":["Gro\u00dfhandel","Insolvenzticker","Krisen","November","Preise","Prozent","rund","steigen","und"],"articleSection":["Deutschland","Russland"],"inLanguage":"de","potentialAction":[{"@type":"CommentAction","name":"Comment","target":["https:\/\/now-news.de\/de\/deutschland\/krisen-und-insolvenzticker-preise-im-grosshandel-steigen-im-november-um-rund-15-prozent\/#respond"]}]},{"@type":"WebPage","@id":"https:\/\/now-news.de\/de\/deutschland\/krisen-und-insolvenzticker-preise-im-grosshandel-steigen-im-november-um-rund-15-prozent\/","url":"https:\/\/now-news.de\/de\/deutschland\/krisen-und-insolvenzticker-preise-im-grosshandel-steigen-im-november-um-rund-15-prozent\/","name":"Krisen- und Insolvenzticker: Preise im Gro\u00dfhandel steigen im November um rund 15 Prozent - just-now.NEWS Deutschland","isPartOf":{"@id":"https:\/\/now-news.de\/de\/#website"},"primaryImageOfPage":{"@id":"https:\/\/now-news.de\/de\/deutschland\/krisen-und-insolvenzticker-preise-im-grosshandel-steigen-im-november-um-rund-15-prozent\/#primaryimage"},"image":{"@id":"https:\/\/now-news.de\/de\/deutschland\/krisen-und-insolvenzticker-preise-im-grosshandel-steigen-im-november-um-rund-15-prozent\/#primaryimage"},"thumbnailUrl":"https:\/\/now-news.de\/de\/wp-content\/uploads\/sites\/3\/2022\/12\/Krisen-und-Insolvenzticker-Preise-im-Grosshandel-steigen-im-November-um.jpg","datePublished":"2022-12-15T08:00:00+00:00","dateModified":"2022-12-15T08:00:00+00:00","breadcrumb":{"@id":"https:\/\/now-news.de\/de\/deutschland\/krisen-und-insolvenzticker-preise-im-grosshandel-steigen-im-november-um-rund-15-prozent\/#breadcrumb"},"inLanguage":"de","potentialAction":[{"@type":"ReadAction","target":["https:\/\/now-news.de\/de\/deutschland\/krisen-und-insolvenzticker-preise-im-grosshandel-steigen-im-november-um-rund-15-prozent\/"]}]},{"@type":"ImageObject","inLanguage":"de","@id":"https:\/\/now-news.de\/de\/deutschland\/krisen-und-insolvenzticker-preise-im-grosshandel-steigen-im-november-um-rund-15-prozent\/#primaryimage","url":"https:\/\/now-news.de\/de\/wp-content\/uploads\/sites\/3\/2022\/12\/Krisen-und-Insolvenzticker-Preise-im-Grosshandel-steigen-im-November-um.jpg","contentUrl":"https:\/\/now-news.de\/de\/wp-content\/uploads\/sites\/3\/2022\/12\/Krisen-und-Insolvenzticker-Preise-im-Grosshandel-steigen-im-November-um.jpg","width":1666,"height":1080,"caption":"Krisen- und Insolvenzticker: Preise im Gro\u00dfhandel steigen im November um rund 15 Prozent"},{"@type":"BreadcrumbList","@id":"https:\/\/now-news.de\/de\/deutschland\/krisen-und-insolvenzticker-preise-im-grosshandel-steigen-im-november-um-rund-15-prozent\/#breadcrumb","itemListElement":[{"@type":"ListItem","position":1,"name":"Home","item":"https:\/\/now-news.de\/de\/"},{"@type":"ListItem","position":2,"name":"Krisen- und Insolvenzticker: Preise im Gro\u00dfhandel steigen im November um rund 15 Prozent"}]},{"@type":"WebSite","@id":"https:\/\/now-news.de\/de\/#website","url":"https:\/\/now-news.de\/de\/","name":"just-now.NEWS Deutschland","description":"Das Portal f\u00fcr unzensierte Nachrichten aus der Welt","publisher":{"@id":"https:\/\/now-news.de\/de\/#organization"},"potentialAction":[{"@type":"SearchAction","target":{"@type":"EntryPoint","urlTemplate":"https:\/\/now-news.de\/de\/?s={search_term_string}"},"query-input":"required name=search_term_string"}],"inLanguage":"de"},{"@type":"Organization","@id":"https:\/\/now-news.de\/de\/#organization","name":"Just Now News","url":"https:\/\/now-news.de\/de\/","logo":{"@type":"ImageObject","inLanguage":"de","@id":"https:\/\/now-news.de\/de\/#\/schema\/logo\/image\/","url":"http:\/\/just-now.news\/de\/wp-content\/uploads\/sites\/3\/2022\/04\/logo500x500.jpg","contentUrl":"http:\/\/just-now.news\/de\/wp-content\/uploads\/sites\/3\/2022\/04\/logo500x500.jpg","width":500,"height":500,"caption":"Just Now News"},"image":{"@id":"https:\/\/now-news.de\/de\/#\/schema\/logo\/image\/"},"sameAs":["https:\/\/www.facebook.com\/wirmachenauf","https:\/\/x.com\/WirMachenAuf_de"]},{"@type":"Person","@id":"https:\/\/now-news.de\/de\/#\/schema\/person\/fb534a4e865501d8b3285208df34a9b5","name":"rtnews","image":{"@type":"ImageObject","inLanguage":"de","@id":"https:\/\/now-news.de\/de\/#\/schema\/person\/image\/","url":"https:\/\/secure.gravatar.com\/avatar\/82aafea7d8127119dd649515f56e2117?s=96&d=mm&r=g","contentUrl":"https:\/\/secure.gravatar.com\/avatar\/82aafea7d8127119dd649515f56e2117?s=96&d=mm&r=g","caption":"rtnews"},"url":"https:\/\/now-news.de\/de\/author\/rnews\/"}]}},"_links":{"self":[{"href":"https:\/\/now-news.de\/de\/wp-json\/wp\/v2\/posts\/25490"}],"collection":[{"href":"https:\/\/now-news.de\/de\/wp-json\/wp\/v2\/posts"}],"about":[{"href":"https:\/\/now-news.de\/de\/wp-json\/wp\/v2\/types\/post"}],"author":[{"embeddable":true,"href":"https:\/\/now-news.de\/de\/wp-json\/wp\/v2\/users\/3"}],"replies":[{"embeddable":true,"href":"https:\/\/now-news.de\/de\/wp-json\/wp\/v2\/comments?post=25490"}],"version-history":[{"count":0,"href":"https:\/\/now-news.de\/de\/wp-json\/wp\/v2\/posts\/25490\/revisions"}],"wp:featuredmedia":[{"embeddable":true,"href":"https:\/\/now-news.de\/de\/wp-json\/wp\/v2\/media\/25491"}],"wp:attachment":[{"href":"https:\/\/now-news.de\/de\/wp-json\/wp\/v2\/media?parent=25490"}],"wp:term":[{"taxonomy":"category","embeddable":true,"href":"https:\/\/now-news.de\/de\/wp-json\/wp\/v2\/categories?post=25490"},{"taxonomy":"post_tag","embeddable":true,"href":"https:\/\/now-news.de\/de\/wp-json\/wp\/v2\/tags?post=25490"}],"curies":[{"name":"wp","href":"https:\/\/api.w.org\/{rel}","templated":true}]}}