{"id":25367,"date":"2022-12-13T22:26:56","date_gmt":"2022-12-13T20:26:56","guid":{"rendered":"https:\/\/just-now.news\/de\/deutschland\/weissrusslands-militaer-startet-ueberraschungstest-seiner-kampfbereitschaft\/"},"modified":"2022-12-13T22:26:56","modified_gmt":"2022-12-13T20:26:56","slug":"weissrusslands-militaer-startet-ueberraschungstest-seiner-kampfbereitschaft","status":"publish","type":"post","link":"https:\/\/now-news.de\/de\/deutschland\/weissrusslands-militaer-startet-ueberraschungstest-seiner-kampfbereitschaft\/","title":{"rendered":"Wei\u00dfrusslands Milit\u00e4r startet \u00dcberraschungstest seiner Kampfbereitschaft"},"content":{"rendered":"<p><img decoding=\"async\" src=\"http:\/\/just-now.news\/de\/wp-content\/uploads\/sites\/3\/2022\/12\/6398ae07b480cc2b31071ed6.jpg\" \/><\/p>\n<div class=\"Text-root Text-type_1 \">\n                Vor dem Hintergrund des Ukraine-Krieges hat Wei\u00dfrussland \u00fcberraschend eine gro\u00df angelegte Milit\u00e4r\u00fcbung gestartet. In einigen Regionen des Landes wird f\u00fcr diese Zeit der Autoverkehr eingeschr\u00e4nkt. Die wei\u00dfrussische F\u00fchrung betont den defensiven Charakter der \u00dcbung.\n            <\/div>\n<p><\/p>\n<div class=\"Text-root Text-type_5 ArticleView-text ViewText-root \">\n<p>Am Dienstag hat das wei\u00dfrussische Milit\u00e4r mit einem \u00dcberraschungstest seiner Kampfbereitschaft begonnen. Die gro\u00df angelegte \u00dcbung wurde nach Angaben des Verteidigungsministeriums von Pr\u00e4sident Alexander Lukaschenko angeordnet. In der entsprechenden Pressemitteilung hei\u00dft es, dass die Ma\u00dfnahme einen komplexen Charakter habe.<\/p>\n<blockquote>\n<p><em>&#8220;Die Truppen haben in k\u00fcrzester Frist an die vorausbestimmten Orte auszur\u00fccken, sie ingenieurtechnisch einzurichten, ihre Bewachung und Verteidigung zu organisieren und Br\u00fccken \u00fcber die Fl\u00fcsse Memel und Beresina zu legen.&#8221;<\/em><\/p>\n<\/blockquote>\n<p>Die Milit\u00e4rbeh\u00f6rde in Minsk warnte die Bev\u00f6lkerung vor Verkehrseinschr\u00e4nkungen auf einzelnen Stra\u00dfen. Der vorherige \u00dcberraschungstest der Kampfbereitschaft hatte in der ehemaligen Sowjetrepublik am 11. und 12. Oktober stattgefunden. Daran waren etwa 500 Armeeangeh\u00f6rige und 50 schwere Kriegsger\u00e4te beteiligt.<\/p>\n<p>Diesmal betonte das wei\u00dfrussische Verteidigungsministerium extra den defensiven Charakter der \u00dcbung. Der Leiter des Ressorts f\u00fcr die internationale Milit\u00e4rkooperation, Waleri Rewenko, gab bekannt, dass die \u00dcberpr\u00fcfung der Kampfbereitschaft der einheimischen Streitkr\u00e4fte stichprobenartig erfolge. Die Zusammensetzung der Teilnehmenden werde stufenweise aufgestockt.<\/p>\n<p>Der Staatssekret\u00e4r des Sicherheitsrates, Alexander Wolfowitsch, teilte seinerseits mit, dass die Teilnehmer des \u00dcberraschungstests unter anderem Aufgaben zu l\u00f6sen h\u00e4tten, die auf einer Analyse der Erfahrungen der russischen Sonderoperation in der Ukraine fu\u00dften.<\/p>\n<blockquote>\n<p><em>&#8220;Es soll ein breites Spektrum von Aufgaben durchgearbeitet werden: ein langer Marsch in eine unbekannte Gegend, in der Aufgaben zur Bewachung verschiedener Objekte erf\u00fcllt werden sollen; die Einnahme von Feuerstellungen und die Erf\u00fcllung von taktischen und Schie\u00dfaufgaben.&#8221;<\/em><\/p>\n<\/blockquote>\n<p>Wolfowitsch zufolge sei am Morgen eine Milit\u00e4reinheit in Kampfbereitschaft versetzt worden, die sich im S\u00fcden des Landes befinde. Ihre Aufgabe sei es, ein Objekt an der Grenze zur Ukraine zu bewachen. Die \u00dcberraschungs\u00fcbung werde stufenweise ausgeweitet. Danach werde man ihre Ergebnisse gr\u00fcndlich analysieren und das Resultat dem Pr\u00e4sidenten vorlegen. Wei\u00dfrussland sei bereit, auf die schwierige milit\u00e4r-politische Situation sowohl in der Welt als auch in Osteuropa zu reagieren. Der Staatssekret\u00e4r des Sicherheitsrates verwies auf eine \u00dcberpr\u00fcfung von Einheiten und Mitteln zum Antiterrorkampf und Kampf gegen massenhafte Unruhen, die in der vorigen Woche stattgefunden hatte.<\/p>\n<p>Anfang Oktober hatte Pr\u00e4sident Lukaschenko erkl\u00e4rt, dass die Ukraine an der Grenze zu Wei\u00dfrussland eine Truppengruppierung mit bis zu 15.000 Angeh\u00f6rigen zusammengezogen habe. Dabei betonte er, dass sich sein Land nicht an Russlands Sonderoperation beteilige. Wei\u00dfrussland wolle jedoch Angriffe aus Polen, Litauen und Lettland vereiteln. Seitdem berichtete Minsk mehrmals \u00fcber Provokationen an der Staatsgrenze und versch\u00e4rfte dort Sicherheitsvorkehrungen.<\/p>\n<p><strong>Mehr zum Thema<\/strong>\u00a0\u2013\u00a0<a rel=\"nofollow noopener\" target=\"_blank\" href=\"https:\/\/de.rt.com\/kurzclips\/video\/156938-warum-heulen-sie-jetzt-lukaschenko\/\">&#8220;Warum heulen sie jetzt?&#8221;: Lukaschenko demontiert Merkels &#8220;T\u00e4uschungsman\u00f6ver&#8221; bei Minsker Abkommen<\/a><\/p>\n<\/p>\n<\/div>\n<p><br \/>\n<br \/><a href=\"https:\/\/de.rt.com\/europa\/157123-weissrusslands-militaer-startet-ueberraschungstest-seiner-kampfbereitschaft\/\">Source link <\/a><\/p>\n","protected":false},"excerpt":{"rendered":"<p>Vor dem Hintergrund des Ukraine-Krieges hat Wei\u00dfrussland \u00fcberraschend eine gro\u00df angelegte Milit\u00e4r\u00fcbung gestartet. In einigen Regionen des Landes wird f\u00fcr diese Zeit der Autoverkehr eingeschr\u00e4nkt. Die wei\u00dfrussische F\u00fchrung betont den defensiven Charakter der \u00dcbung. Am Dienstag hat das wei\u00dfrussische Milit\u00e4r mit einem \u00dcberraschungstest seiner Kampfbereitschaft begonnen. Die gro\u00df angelegte \u00dcbung wurde nach Angaben des Verteidigungsministeriums [&hellip;]<\/p>\n","protected":false},"author":3,"featured_media":25368,"comment_status":"open","ping_status":"open","sticky":false,"template":"","format":"standard","meta":{"_yoast_indexnow_last_ping":["1670963565"],"wp_automatic_camp":["217"],"caabe8ee22b352efcd93fc2d3fe5e53a":["Wei\u00dfrusslands Milit\u00e4r startet \u00dcberraschungstest seiner Kampfbereitschaft"],"original_link":["https:\/\/de.rt.com\/europa\/157123-weissrusslands-militaer-startet-ueberraschungstest-seiner-kampfbereitschaft\/"],"_thumbnail_id":["25368"],"_wptgpro_p2tg_sent2tg":["a:1:{i:23737;s:19:\"2022-12-13 22:33:50\";}"],"jnews_social_counter_last_update":["1777330641"]},"categories":[19,23],"tags":[33058,4029,1607,1338,37445,18775],"yoast_head":"<!-- This site is optimized with the Yoast SEO Premium plugin v22.7 (Yoast SEO v22.7) - https:\/\/yoast.com\/wordpress\/plugins\/seo\/ -->\n<title>Wei\u00dfrusslands Milit\u00e4r startet \u00dcberraschungstest seiner Kampfbereitschaft - just-now.NEWS Deutschland<\/title>\n<meta name=\"robots\" content=\"index, follow, max-snippet:-1, max-image-preview:large, max-video-preview:-1\" \/>\n<link rel=\"canonical\" href=\"https:\/\/now-news.de\/de\/deutschland\/weissrusslands-militaer-startet-ueberraschungstest-seiner-kampfbereitschaft\/\" \/>\n<meta property=\"og:locale\" content=\"de_DE\" \/>\n<meta property=\"og:type\" content=\"article\" \/>\n<meta property=\"og:title\" content=\"Wei\u00dfrusslands Milit\u00e4r startet \u00dcberraschungstest seiner Kampfbereitschaft\" \/>\n<meta property=\"og:description\" content=\"Vor dem Hintergrund des Ukraine-Krieges hat Wei\u00dfrussland \u00fcberraschend eine gro\u00df angelegte Milit\u00e4r\u00fcbung gestartet. In einigen Regionen des Landes wird f\u00fcr diese Zeit der Autoverkehr eingeschr\u00e4nkt. Die wei\u00dfrussische F\u00fchrung betont den defensiven Charakter der \u00dcbung. Am Dienstag hat das wei\u00dfrussische Milit\u00e4r mit einem \u00dcberraschungstest seiner Kampfbereitschaft begonnen. Die gro\u00df angelegte \u00dcbung wurde nach Angaben des Verteidigungsministeriums [&hellip;]\" \/>\n<meta property=\"og:url\" content=\"https:\/\/now-news.de\/de\/deutschland\/weissrusslands-militaer-startet-ueberraschungstest-seiner-kampfbereitschaft\/\" \/>\n<meta property=\"og:site_name\" content=\"just-now.NEWS Deutschland\" \/>\n<meta property=\"article:publisher\" content=\"https:\/\/www.facebook.com\/wirmachenauf\" \/>\n<meta property=\"article:published_time\" content=\"2022-12-13T20:26:56+00:00\" \/>\n<meta property=\"og:image\" content=\"https:\/\/now-news.de\/de\/wp-content\/uploads\/sites\/3\/2022\/12\/Weissrusslands-Militaer-startet-Ueberraschungstest-seiner-Kampfbereitschaft.jpg\" \/>\n\t<meta property=\"og:image:width\" content=\"460\" \/>\n\t<meta property=\"og:image:height\" content=\"259\" \/>\n\t<meta property=\"og:image:type\" content=\"image\/jpeg\" \/>\n<meta name=\"author\" content=\"rtnews\" \/>\n<meta name=\"twitter:card\" content=\"summary_large_image\" \/>\n<meta name=\"twitter:creator\" content=\"@WirMachenAuf_de\" \/>\n<meta name=\"twitter:site\" content=\"@WirMachenAuf_de\" \/>\n<meta name=\"twitter:label1\" content=\"Verfasst von\" \/>\n\t<meta name=\"twitter:data1\" content=\"rtnews\" \/>\n\t<meta name=\"twitter:label2\" content=\"Gesch\u00e4tzte Lesezeit\" \/>\n\t<meta name=\"twitter:data2\" content=\"2\u00a0Minuten\" \/>\n<script type=\"application\/ld+json\" class=\"yoast-schema-graph\">{\"@context\":\"https:\/\/schema.org\",\"@graph\":[{\"@type\":\"Article\",\"@id\":\"https:\/\/now-news.de\/de\/deutschland\/weissrusslands-militaer-startet-ueberraschungstest-seiner-kampfbereitschaft\/#article\",\"isPartOf\":{\"@id\":\"https:\/\/now-news.de\/de\/deutschland\/weissrusslands-militaer-startet-ueberraschungstest-seiner-kampfbereitschaft\/\"},\"author\":{\"name\":\"rtnews\",\"@id\":\"https:\/\/now-news.de\/de\/#\/schema\/person\/fb534a4e865501d8b3285208df34a9b5\"},\"headline\":\"Wei\u00dfrusslands Milit\u00e4r startet \u00dcberraschungstest seiner Kampfbereitschaft\",\"datePublished\":\"2022-12-13T20:26:56+00:00\",\"dateModified\":\"2022-12-13T20:26:56+00:00\",\"mainEntityOfPage\":{\"@id\":\"https:\/\/now-news.de\/de\/deutschland\/weissrusslands-militaer-startet-ueberraschungstest-seiner-kampfbereitschaft\/\"},\"wordCount\":474,\"commentCount\":0,\"publisher\":{\"@id\":\"https:\/\/now-news.de\/de\/#organization\"},\"image\":{\"@id\":\"https:\/\/now-news.de\/de\/deutschland\/weissrusslands-militaer-startet-ueberraschungstest-seiner-kampfbereitschaft\/#primaryimage\"},\"thumbnailUrl\":\"https:\/\/now-news.de\/de\/wp-content\/uploads\/sites\/3\/2022\/12\/Weissrusslands-Militaer-startet-Ueberraschungstest-seiner-Kampfbereitschaft.jpg\",\"keywords\":[\"Kampfbereitschaft\",\"Milit\u00e4r\",\"seiner\",\"startet\",\"\u00dcberraschungstest\",\"Wei\u00dfrusslands\"],\"articleSection\":[\"Deutschland\",\"Russland\"],\"inLanguage\":\"de\",\"potentialAction\":[{\"@type\":\"CommentAction\",\"name\":\"Comment\",\"target\":[\"https:\/\/now-news.de\/de\/deutschland\/weissrusslands-militaer-startet-ueberraschungstest-seiner-kampfbereitschaft\/#respond\"]}]},{\"@type\":\"WebPage\",\"@id\":\"https:\/\/now-news.de\/de\/deutschland\/weissrusslands-militaer-startet-ueberraschungstest-seiner-kampfbereitschaft\/\",\"url\":\"https:\/\/now-news.de\/de\/deutschland\/weissrusslands-militaer-startet-ueberraschungstest-seiner-kampfbereitschaft\/\",\"name\":\"Wei\u00dfrusslands Milit\u00e4r startet \u00dcberraschungstest seiner Kampfbereitschaft - just-now.NEWS Deutschland\",\"isPartOf\":{\"@id\":\"https:\/\/now-news.de\/de\/#website\"},\"primaryImageOfPage\":{\"@id\":\"https:\/\/now-news.de\/de\/deutschland\/weissrusslands-militaer-startet-ueberraschungstest-seiner-kampfbereitschaft\/#primaryimage\"},\"image\":{\"@id\":\"https:\/\/now-news.de\/de\/deutschland\/weissrusslands-militaer-startet-ueberraschungstest-seiner-kampfbereitschaft\/#primaryimage\"},\"thumbnailUrl\":\"https:\/\/now-news.de\/de\/wp-content\/uploads\/sites\/3\/2022\/12\/Weissrusslands-Militaer-startet-Ueberraschungstest-seiner-Kampfbereitschaft.jpg\",\"datePublished\":\"2022-12-13T20:26:56+00:00\",\"dateModified\":\"2022-12-13T20:26:56+00:00\",\"breadcrumb\":{\"@id\":\"https:\/\/now-news.de\/de\/deutschland\/weissrusslands-militaer-startet-ueberraschungstest-seiner-kampfbereitschaft\/#breadcrumb\"},\"inLanguage\":\"de\",\"potentialAction\":[{\"@type\":\"ReadAction\",\"target\":[\"https:\/\/now-news.de\/de\/deutschland\/weissrusslands-militaer-startet-ueberraschungstest-seiner-kampfbereitschaft\/\"]}]},{\"@type\":\"ImageObject\",\"inLanguage\":\"de\",\"@id\":\"https:\/\/now-news.de\/de\/deutschland\/weissrusslands-militaer-startet-ueberraschungstest-seiner-kampfbereitschaft\/#primaryimage\",\"url\":\"https:\/\/now-news.de\/de\/wp-content\/uploads\/sites\/3\/2022\/12\/Weissrusslands-Militaer-startet-Ueberraschungstest-seiner-Kampfbereitschaft.jpg\",\"contentUrl\":\"https:\/\/now-news.de\/de\/wp-content\/uploads\/sites\/3\/2022\/12\/Weissrusslands-Militaer-startet-Ueberraschungstest-seiner-Kampfbereitschaft.jpg\",\"width\":460,\"height\":259,\"caption\":\"Wei\u00dfrusslands Milit\u00e4r startet \u00dcberraschungstest seiner Kampfbereitschaft\"},{\"@type\":\"BreadcrumbList\",\"@id\":\"https:\/\/now-news.de\/de\/deutschland\/weissrusslands-militaer-startet-ueberraschungstest-seiner-kampfbereitschaft\/#breadcrumb\",\"itemListElement\":[{\"@type\":\"ListItem\",\"position\":1,\"name\":\"Home\",\"item\":\"https:\/\/now-news.de\/de\/\"},{\"@type\":\"ListItem\",\"position\":2,\"name\":\"Wei\u00dfrusslands Milit\u00e4r startet \u00dcberraschungstest seiner Kampfbereitschaft\"}]},{\"@type\":\"WebSite\",\"@id\":\"https:\/\/now-news.de\/de\/#website\",\"url\":\"https:\/\/now-news.de\/de\/\",\"name\":\"just-now.NEWS Deutschland\",\"description\":\"Das Portal f\u00fcr unzensierte Nachrichten aus der Welt\",\"publisher\":{\"@id\":\"https:\/\/now-news.de\/de\/#organization\"},\"potentialAction\":[{\"@type\":\"SearchAction\",\"target\":{\"@type\":\"EntryPoint\",\"urlTemplate\":\"https:\/\/now-news.de\/de\/?s={search_term_string}\"},\"query-input\":\"required name=search_term_string\"}],\"inLanguage\":\"de\"},{\"@type\":\"Organization\",\"@id\":\"https:\/\/now-news.de\/de\/#organization\",\"name\":\"Just Now News\",\"url\":\"https:\/\/now-news.de\/de\/\",\"logo\":{\"@type\":\"ImageObject\",\"inLanguage\":\"de\",\"@id\":\"https:\/\/now-news.de\/de\/#\/schema\/logo\/image\/\",\"url\":\"http:\/\/just-now.news\/de\/wp-content\/uploads\/sites\/3\/2022\/04\/logo500x500.jpg\",\"contentUrl\":\"http:\/\/just-now.news\/de\/wp-content\/uploads\/sites\/3\/2022\/04\/logo500x500.jpg\",\"width\":500,\"height\":500,\"caption\":\"Just Now News\"},\"image\":{\"@id\":\"https:\/\/now-news.de\/de\/#\/schema\/logo\/image\/\"},\"sameAs\":[\"https:\/\/www.facebook.com\/wirmachenauf\",\"https:\/\/x.com\/WirMachenAuf_de\"]},{\"@type\":\"Person\",\"@id\":\"https:\/\/now-news.de\/de\/#\/schema\/person\/fb534a4e865501d8b3285208df34a9b5\",\"name\":\"rtnews\",\"image\":{\"@type\":\"ImageObject\",\"inLanguage\":\"de\",\"@id\":\"https:\/\/now-news.de\/de\/#\/schema\/person\/image\/\",\"url\":\"https:\/\/secure.gravatar.com\/avatar\/82aafea7d8127119dd649515f56e2117?s=96&d=mm&r=g\",\"contentUrl\":\"https:\/\/secure.gravatar.com\/avatar\/82aafea7d8127119dd649515f56e2117?s=96&d=mm&r=g\",\"caption\":\"rtnews\"},\"url\":\"https:\/\/now-news.de\/de\/author\/rnews\/\"}]}<\/script>\n<!-- \/ Yoast SEO Premium plugin. -->","yoast_head_json":{"title":"Wei\u00dfrusslands Milit\u00e4r startet \u00dcberraschungstest seiner Kampfbereitschaft - just-now.NEWS Deutschland","robots":{"index":"index","follow":"follow","max-snippet":"max-snippet:-1","max-image-preview":"max-image-preview:large","max-video-preview":"max-video-preview:-1"},"canonical":"https:\/\/now-news.de\/de\/deutschland\/weissrusslands-militaer-startet-ueberraschungstest-seiner-kampfbereitschaft\/","og_locale":"de_DE","og_type":"article","og_title":"Wei\u00dfrusslands Milit\u00e4r startet \u00dcberraschungstest seiner Kampfbereitschaft","og_description":"Vor dem Hintergrund des Ukraine-Krieges hat Wei\u00dfrussland \u00fcberraschend eine gro\u00df angelegte Milit\u00e4r\u00fcbung gestartet. In einigen Regionen des Landes wird f\u00fcr diese Zeit der Autoverkehr eingeschr\u00e4nkt. Die wei\u00dfrussische F\u00fchrung betont den defensiven Charakter der \u00dcbung. Am Dienstag hat das wei\u00dfrussische Milit\u00e4r mit einem \u00dcberraschungstest seiner Kampfbereitschaft begonnen. Die gro\u00df angelegte \u00dcbung wurde nach Angaben des Verteidigungsministeriums [&hellip;]","og_url":"https:\/\/now-news.de\/de\/deutschland\/weissrusslands-militaer-startet-ueberraschungstest-seiner-kampfbereitschaft\/","og_site_name":"just-now.NEWS Deutschland","article_publisher":"https:\/\/www.facebook.com\/wirmachenauf","article_published_time":"2022-12-13T20:26:56+00:00","og_image":[{"width":460,"height":259,"url":"https:\/\/now-news.de\/de\/wp-content\/uploads\/sites\/3\/2022\/12\/Weissrusslands-Militaer-startet-Ueberraschungstest-seiner-Kampfbereitschaft.jpg","type":"image\/jpeg"}],"author":"rtnews","twitter_card":"summary_large_image","twitter_creator":"@WirMachenAuf_de","twitter_site":"@WirMachenAuf_de","twitter_misc":{"Verfasst von":"rtnews","Gesch\u00e4tzte Lesezeit":"2\u00a0Minuten"},"schema":{"@context":"https:\/\/schema.org","@graph":[{"@type":"Article","@id":"https:\/\/now-news.de\/de\/deutschland\/weissrusslands-militaer-startet-ueberraschungstest-seiner-kampfbereitschaft\/#article","isPartOf":{"@id":"https:\/\/now-news.de\/de\/deutschland\/weissrusslands-militaer-startet-ueberraschungstest-seiner-kampfbereitschaft\/"},"author":{"name":"rtnews","@id":"https:\/\/now-news.de\/de\/#\/schema\/person\/fb534a4e865501d8b3285208df34a9b5"},"headline":"Wei\u00dfrusslands Milit\u00e4r startet \u00dcberraschungstest seiner Kampfbereitschaft","datePublished":"2022-12-13T20:26:56+00:00","dateModified":"2022-12-13T20:26:56+00:00","mainEntityOfPage":{"@id":"https:\/\/now-news.de\/de\/deutschland\/weissrusslands-militaer-startet-ueberraschungstest-seiner-kampfbereitschaft\/"},"wordCount":474,"commentCount":0,"publisher":{"@id":"https:\/\/now-news.de\/de\/#organization"},"image":{"@id":"https:\/\/now-news.de\/de\/deutschland\/weissrusslands-militaer-startet-ueberraschungstest-seiner-kampfbereitschaft\/#primaryimage"},"thumbnailUrl":"https:\/\/now-news.de\/de\/wp-content\/uploads\/sites\/3\/2022\/12\/Weissrusslands-Militaer-startet-Ueberraschungstest-seiner-Kampfbereitschaft.jpg","keywords":["Kampfbereitschaft","Milit\u00e4r","seiner","startet","\u00dcberraschungstest","Wei\u00dfrusslands"],"articleSection":["Deutschland","Russland"],"inLanguage":"de","potentialAction":[{"@type":"CommentAction","name":"Comment","target":["https:\/\/now-news.de\/de\/deutschland\/weissrusslands-militaer-startet-ueberraschungstest-seiner-kampfbereitschaft\/#respond"]}]},{"@type":"WebPage","@id":"https:\/\/now-news.de\/de\/deutschland\/weissrusslands-militaer-startet-ueberraschungstest-seiner-kampfbereitschaft\/","url":"https:\/\/now-news.de\/de\/deutschland\/weissrusslands-militaer-startet-ueberraschungstest-seiner-kampfbereitschaft\/","name":"Wei\u00dfrusslands Milit\u00e4r startet \u00dcberraschungstest seiner Kampfbereitschaft - just-now.NEWS Deutschland","isPartOf":{"@id":"https:\/\/now-news.de\/de\/#website"},"primaryImageOfPage":{"@id":"https:\/\/now-news.de\/de\/deutschland\/weissrusslands-militaer-startet-ueberraschungstest-seiner-kampfbereitschaft\/#primaryimage"},"image":{"@id":"https:\/\/now-news.de\/de\/deutschland\/weissrusslands-militaer-startet-ueberraschungstest-seiner-kampfbereitschaft\/#primaryimage"},"thumbnailUrl":"https:\/\/now-news.de\/de\/wp-content\/uploads\/sites\/3\/2022\/12\/Weissrusslands-Militaer-startet-Ueberraschungstest-seiner-Kampfbereitschaft.jpg","datePublished":"2022-12-13T20:26:56+00:00","dateModified":"2022-12-13T20:26:56+00:00","breadcrumb":{"@id":"https:\/\/now-news.de\/de\/deutschland\/weissrusslands-militaer-startet-ueberraschungstest-seiner-kampfbereitschaft\/#breadcrumb"},"inLanguage":"de","potentialAction":[{"@type":"ReadAction","target":["https:\/\/now-news.de\/de\/deutschland\/weissrusslands-militaer-startet-ueberraschungstest-seiner-kampfbereitschaft\/"]}]},{"@type":"ImageObject","inLanguage":"de","@id":"https:\/\/now-news.de\/de\/deutschland\/weissrusslands-militaer-startet-ueberraschungstest-seiner-kampfbereitschaft\/#primaryimage","url":"https:\/\/now-news.de\/de\/wp-content\/uploads\/sites\/3\/2022\/12\/Weissrusslands-Militaer-startet-Ueberraschungstest-seiner-Kampfbereitschaft.jpg","contentUrl":"https:\/\/now-news.de\/de\/wp-content\/uploads\/sites\/3\/2022\/12\/Weissrusslands-Militaer-startet-Ueberraschungstest-seiner-Kampfbereitschaft.jpg","width":460,"height":259,"caption":"Wei\u00dfrusslands Milit\u00e4r startet \u00dcberraschungstest seiner Kampfbereitschaft"},{"@type":"BreadcrumbList","@id":"https:\/\/now-news.de\/de\/deutschland\/weissrusslands-militaer-startet-ueberraschungstest-seiner-kampfbereitschaft\/#breadcrumb","itemListElement":[{"@type":"ListItem","position":1,"name":"Home","item":"https:\/\/now-news.de\/de\/"},{"@type":"ListItem","position":2,"name":"Wei\u00dfrusslands Milit\u00e4r startet \u00dcberraschungstest seiner Kampfbereitschaft"}]},{"@type":"WebSite","@id":"https:\/\/now-news.de\/de\/#website","url":"https:\/\/now-news.de\/de\/","name":"just-now.NEWS Deutschland","description":"Das Portal f\u00fcr unzensierte Nachrichten aus der Welt","publisher":{"@id":"https:\/\/now-news.de\/de\/#organization"},"potentialAction":[{"@type":"SearchAction","target":{"@type":"EntryPoint","urlTemplate":"https:\/\/now-news.de\/de\/?s={search_term_string}"},"query-input":"required name=search_term_string"}],"inLanguage":"de"},{"@type":"Organization","@id":"https:\/\/now-news.de\/de\/#organization","name":"Just Now News","url":"https:\/\/now-news.de\/de\/","logo":{"@type":"ImageObject","inLanguage":"de","@id":"https:\/\/now-news.de\/de\/#\/schema\/logo\/image\/","url":"http:\/\/just-now.news\/de\/wp-content\/uploads\/sites\/3\/2022\/04\/logo500x500.jpg","contentUrl":"http:\/\/just-now.news\/de\/wp-content\/uploads\/sites\/3\/2022\/04\/logo500x500.jpg","width":500,"height":500,"caption":"Just Now News"},"image":{"@id":"https:\/\/now-news.de\/de\/#\/schema\/logo\/image\/"},"sameAs":["https:\/\/www.facebook.com\/wirmachenauf","https:\/\/x.com\/WirMachenAuf_de"]},{"@type":"Person","@id":"https:\/\/now-news.de\/de\/#\/schema\/person\/fb534a4e865501d8b3285208df34a9b5","name":"rtnews","image":{"@type":"ImageObject","inLanguage":"de","@id":"https:\/\/now-news.de\/de\/#\/schema\/person\/image\/","url":"https:\/\/secure.gravatar.com\/avatar\/82aafea7d8127119dd649515f56e2117?s=96&d=mm&r=g","contentUrl":"https:\/\/secure.gravatar.com\/avatar\/82aafea7d8127119dd649515f56e2117?s=96&d=mm&r=g","caption":"rtnews"},"url":"https:\/\/now-news.de\/de\/author\/rnews\/"}]}},"_links":{"self":[{"href":"https:\/\/now-news.de\/de\/wp-json\/wp\/v2\/posts\/25367"}],"collection":[{"href":"https:\/\/now-news.de\/de\/wp-json\/wp\/v2\/posts"}],"about":[{"href":"https:\/\/now-news.de\/de\/wp-json\/wp\/v2\/types\/post"}],"author":[{"embeddable":true,"href":"https:\/\/now-news.de\/de\/wp-json\/wp\/v2\/users\/3"}],"replies":[{"embeddable":true,"href":"https:\/\/now-news.de\/de\/wp-json\/wp\/v2\/comments?post=25367"}],"version-history":[{"count":0,"href":"https:\/\/now-news.de\/de\/wp-json\/wp\/v2\/posts\/25367\/revisions"}],"wp:featuredmedia":[{"embeddable":true,"href":"https:\/\/now-news.de\/de\/wp-json\/wp\/v2\/media\/25368"}],"wp:attachment":[{"href":"https:\/\/now-news.de\/de\/wp-json\/wp\/v2\/media?parent=25367"}],"wp:term":[{"taxonomy":"category","embeddable":true,"href":"https:\/\/now-news.de\/de\/wp-json\/wp\/v2\/categories?post=25367"},{"taxonomy":"post_tag","embeddable":true,"href":"https:\/\/now-news.de\/de\/wp-json\/wp\/v2\/tags?post=25367"}],"curies":[{"name":"wp","href":"https:\/\/api.w.org\/{rel}","templated":true}]}}