{"id":2529,"date":"2022-04-22T16:14:27","date_gmt":"2022-04-22T17:14:27","guid":{"rendered":"http:\/\/just-now.news\/de\/deutschland\/analyse-und-kritik-zum-inhalt-einer-stellungnahme-aus-der-charite-zur-bundesnotbremse\/"},"modified":"2022-04-22T16:14:27","modified_gmt":"2022-04-22T17:14:27","slug":"analyse-und-kritik-zum-inhalt-einer-stellungnahme-aus-der-charite-zur-bundesnotbremse","status":"publish","type":"post","link":"https:\/\/now-news.de\/de\/deutschland\/analyse-und-kritik-zum-inhalt-einer-stellungnahme-aus-der-charite-zur-bundesnotbremse\/","title":{"rendered":"Analyse und Kritik zum Inhalt einer Stellungnahme aus der Charit\u00e9 zur &quot;Bundesnotbremse&quot;"},"content":{"rendered":"<div class=\"Text-root Text-type_5 ArticleView-text ViewText-root \">\n<p>Monatlich ver\u00f6ffentlicht die Hessische \u00c4rztekammer ihr <em>\u00c4rzteblatt<\/em>. In der aktuellen\u00a0<a target=\"_blank\" href=\"https:\/\/www.laekh.de\/heftarchiv\/ausgabe\/2022\/mai-2022\" rel=\"noopener noreferrer\">Ausgabe<\/a>\u00a0vom 21. April findet sich auf <a target=\"_blank\" href=\"https:\/\/www.laekh.de\/fileadmin\/user_upload\/Heftarchiv\/PDFs_ganze_Hefte\/2022\/HAEBL_05_2022.pdf\" rel=\"noopener noreferrer\">Seite 34<\/a> unter der \u00dcberschrift &#8220;Ansichten und Einsichten&#8221; ein Beitrag mit dem Titel:<\/p>\n<blockquote>\n<p>&#8220;Kinder in der SARS-CoV-2-Pandemie in Deutschland. Die Stellungnahme des Instituts f\u00fcr Virologie der Charit\u00e9 im Anh\u00f6rungsverfahren des Bundesverfassungsgerichts zur &#8216;Bundesnotbremse&#8217; \u2013 und offene Fragen.&#8221;<\/p>\n<\/blockquote>\n<p>Verfasst wurde dieser Artikel von\u00a0Prof. Dr. med. Ursel Heudorf, der ehemaligen Stellvertretenden Leiterin des Gesundheitsamtes Frankfurt am Main. Die erweiterte\u00a0<a target=\"_blank\" href=\"https:\/\/www.laekh.de\/fileadmin\/user_upload\/Heftarchiv\/Einzelartikel\/2022\/05_2022\/Kinder_SARS_COV_2_Pandemie_Deutschland.pdf\" rel=\"noopener noreferrer\">Artikel-Version<\/a>\u00a0findet sich in der Rubrik Autoren. Am Beginn des Artikels\u00a0erinnert die Autorin:<\/p>\n<blockquote>\n<p><em>&#8220;Kinder und Jugendliche in Deutschland waren in der Corona-Pandemie durch Schulschlie\u00dfungen, eingeschr\u00e4nkten Schulbetrieb, Maskentragepflichten und Pflicht-Testungen so lange und intensiv in ihren Rechten und Entwicklungsm\u00f6glichkeiten eingeschr\u00e4nkt wie in kaum einem anderen Land in Europa.&#8221;<\/em><\/p>\n<\/blockquote>\n<p>Diese Tatsache hatte unter anderem im September 2021, gut zwei Monate vor dem Urteil des Bundesverfassungsgerichts, die Menschenrechtskommissarin des Europarates dazu veranlasst, die Zur\u00fccksetzung der Kinder in Deutschland\u00a0eindeutig zu kritisieren:<\/p>\n<div class=\"EmbedBlock-root EmbedBlock-twitter\">\n<div class=\"TwitterEmbed\">\n<blockquote class=\"twitter-tweet lazyload\" data-twitter=\"twitter-tweet\">\n<p lang=\"de\" dir=\"ltr\"><a target=\"_blank\" href=\"https:\/\/twitter.com\/hashtag\/Schulschlie%C3%9Fungen?src=hash&amp;ref_src=twsrc%5Etfw\" rel=\"noopener\">#Schulschlie\u00dfungen<\/a>: <a target=\"_blank\" href=\"https:\/\/twitter.com\/hashtag\/Europarat?src=hash&amp;ref_src=twsrc%5Etfw\" rel=\"noopener\">#Europarat<\/a>-Menschenrechtskommissarin ermahnt BundesregierungDeutschland habe im Vergleich zu anderen L\u00e4ndern einen besonders strikten <a target=\"_blank\" href=\"https:\/\/twitter.com\/hashtag\/Corona?src=hash&amp;ref_src=twsrc%5Etfw\" rel=\"noopener\">#Corona<\/a>-Kurs gegen\u00fcber Kindern gefahren, kritisiert Dunja Mijatovi\u0107. Im Blog: <a target=\"_blank\" href=\"https:\/\/t.co\/Bv5jXzZXir\" rel=\"noopener\">https:\/\/t.co\/Bv5jXzZXir<\/a><a target=\"_blank\" href=\"https:\/\/t.co\/vg9OXmD3rw\" rel=\"noopener\">pic.twitter.com\/vg9OXmD3rw<\/a><\/p>\n<p>\u2014 Jan-Martin Wiarda (@JMWiarda) <a target=\"_blank\" href=\"https:\/\/twitter.com\/JMWiarda\/status\/1436253566113562625?ref_src=twsrc%5Etfw\" rel=\"noopener\">September 10, 2021<\/a><\/p><\/blockquote>\n<\/div>\n<\/div>\n<div class=\"ReadMore-root Section-root Section-is1to3-xs_is1to1\" data-widgets=\"ReadMore\" data-has-alias>\n<div class=\"Section-container Section-isRow-isTop-isWrap\">\n<article class=\"Card-root Card-is1to1 \">\n<div class=\"Card-imageWrap\">\n<div class=\"Card-picture\">\n<picture class=\"Picture-root Picture-default\"><!--[if IE 9]><video style=\"display: none;\"><![endif]--><source media=\"(-webkit-min-device-pixel-ratio: 2) and (min-resolution: 120dpi)\" data-srcset=\" \nhttps:\/\/cdni.russiatoday.com\/deutsch\/images\/2022.04\/thumbnail\/6260030ab480cc0c55531625.jpg 850w,\n                https:\/\/cdni.russiatoday.com\/deutsch\/images\/2022.04\/article\/62600309b480cc0c55531624.jpg 1960w,\n            \" srcset=\"data:image\/png;base64,iVBORw0KGgoAAAANSUhEUgAAABAAAAAJCAQAAACRI2S5AAAAEElEQVR42mNkIAAYRxWAAQAG9gAKqv6+AwAAAABJRU5ErkJggg==\"><source data-srcset=\" \nhttps:\/\/cdni.russiatoday.com\/deutsch\/images\/2022.04\/thumbnail\/6260030ab480cc0c55531625.jpg 460w,\n              https:\/\/cdni.russiatoday.com\/deutsch\/images\/2022.04\/article\/62600309b480cc0c55531624.jpg 980w,\n            \" srcset=\"data:image\/png;base64,iVBORw0KGgoAAAANSUhEUgAAABAAAAAJCAQAAACRI2S5AAAAEElEQVR42mNkIAAYRxWAAQAG9gAKqv6+AwAAAABJRU5ErkJggg==\"><!--[if IE 9]><\/video><![endif]--><\/source><\/source><\/picture><!-- noscript pattern --><noscript><img decoding=\"async\" src=\"https:\/\/cdni.russiatoday.com\/deutsch\/images\/2022.04\/article\/62600309b480cc0c55531624.jpg\" alt=\"Pflege-Impfpflicht: Karlsruhe wies zahlreiche Verfassungsbeschwerden von Betroffenen ab\"><\/noscript>    <\/div><\/div>\n<div class=\"Card-contentWrap\">\n<div class=\"Card-label\">\n                <span class=\"Label-root Label-analyse\"><br \/>\n                    Analyse<br \/>\n                <\/span>\n            <\/div>\n<div class=\"Card-content\">\n<div class=\"Card-title\">\n<div class=\"HeaderNews-root HeaderNews-type_6 \">\n<p>            <a target=\"_blank\" href=\"https:\/\/de.rt.com\/inland\/136590-pflege-impfpflicht-karlsruhe-wies-zahlreiche\/\" class=\"Link-root Link-isFullCard \" rel=\"noopener\"><br \/>\n                Pflege-Impfpflicht: Karlsruhe wies zahlreiche Verfassungsbeschwerden von Betroffenen ab<br \/>\n            <\/a><\/p><\/div><\/div><\/div><\/div>\n<\/article>\n<\/div><\/div>\n<p>Dr.\u00a0Heudorf formuliert in einer neuerlichen Analyse der Vorg\u00e4nge ihre eindeutige Kritik an der Entscheidung des Bundesverfassungsgerichts im November 2021 zu zwei als <a target=\"_blank\" href=\"https:\/\/www.bundesverfassungsgericht.de\/SharedDocs\/Pressemitteilungen\/DE\/2021\/bvg21-101.html\" rel=\"noopener noreferrer\">Musterverfahren<\/a> ausgew\u00e4hlten Beschwerden,\u00a0nachweislich \u00fcber eine im Urteil explizit zitierte Stellungnahme der Berliner\u00a0Charit\u00e9 zur finalen Entscheidung gefunden zu haben. Anlass f\u00fcr die Beschwerde-Musterverfahren war das seit April 2021 geltende &#8220;Vierte Gesetz zum Schutz der Bev\u00f6lkerung bei einer epidemischen Lage von nationaler Tragweite&#8221;, also die sogenannte &#8220;Bundesnotbremse&#8221;, sowie die daraus abgeleiteten Verordnungen, speziell f\u00fcr Kinder und Jugendliche\u00a0in Deutschland. Dazu hei\u00dft es in dem Artikel:<\/p>\n<blockquote>\n<p><em>&#8220;Im Hessischen \u00c4rzteblatt wurde in mehreren Beitr\u00e4gen auf die bereits in den ersten Wochen der Pandemie publizierten, aber von der Politik praktisch nicht ber\u00fccksichtigten Stellungnahmen p\u00e4diatrischer Fachgesellschaften und der Deutschen Gesellschaft f\u00fcr Krankenhaushygiene hingewiesen und die in Schulen und Kindergemeinschaftseinrichtungen ergriffenen Ma\u00dfnahmen kritisiert &#8230; In zwei als Musterverfahren ausgew\u00e4hlten Beschwerden hiergegen kam das Bundesverfassungsgericht zu dem Ergebnis, dass diese Regelung zul\u00e4ssig sei.&#8221;<\/em><\/p>\n<\/blockquote>\n<p>Des Weiteren\u00a0erl\u00e4utert Autorin Heudorf das damalige Verfahren im November 2021, bei dem &#8220;das Bundesverfassungsgericht zur Vorbereitung seiner Entscheidung ein Anh\u00f6rungsverfahren eingeleitet und u. a. 31 &#8216;sachkundige Dritte&#8217; um fachliche Stellungnahme zu einem mehrseitigen Fragenkatalog gebeten hatte&#8221;. Dazu hei\u00dft es:<\/p>\n<blockquote>\n<p><em>&#8220;Zu den sachkundigen Dritten geh\u00f6rte unter anderem das Institut f\u00fcr Virologie der Charit\u00e9, Universit\u00e4tsmedizin Berlin, das deutlich nach Ablauf der vom Bundesverfassungsgericht gesetzten Frist, nach allen anderen Sachkundigen, noch eine Stellungnahme einreichte.&#8221;<\/em><\/p>\n<\/blockquote>\n<p>Trotz einer versp\u00e4teten Eingabe seitens der\u00a0Charit\u00e9 sowie\u00a0ohne eine m\u00fcndliche Folgeanh\u00f6rung der anderen &#8220;sachkundigen Dritten&#8221;,\u00a0st\u00fctzte sich\u00a0das Bundesverfassungsgericht bei seiner Urteilsbegr\u00fcndung &#8220;erkennbar auf die Charit\u00e9-Stellungnahme&#8221;, so die Darlegung in dem Artikel. In einem weiteren Abschnitt, &#8220;lohne es sich daher,\u00a0die Charit\u00e9-Stellungnahme n\u00e4her anzusehen \u2013 insbesondere im Vergleich zu den Stellungnahmen der anderen medizinischen, insbesondere p\u00e4diatrischen Fachgesellschaften&#8221;. Die daraus resultierende Kritik ist mehr als aufschlussreich. Die Stellungnahme des Instituts f\u00fcr Virologie der Charit\u00e9 zeige &#8220;zahlreiche, zum Teil signifikante M\u00e4ngel&#8221;. So hei\u00dft es in dem Beitrag, diese<\/p>\n<ul>\n<li>ber\u00fccksichtige den vorhandenen wissenschaftlichen Forschungsstand nicht ausreichend,<\/li>\n<li>gebe Ergebnisse der wenigen, ausgew\u00e4hlten Untersuchungen, die Beachtung finden, fehlerhaft wieder,<\/li>\n<li>begehe erhebliche methodische Fehler und<\/li>\n<li>ziehe daraus epidemiologisch und statistisch nicht nachvollziehbare Schlussfolgerungen.\u00a0<\/li>\n<\/ul>\n<p>Es folgt als weitere Kritik an der Stellungnahme der\u00a0Charit\u00e9, dass diese &#8220;nur auf wenigen Quellen basieren&#8221; w\u00fcrde. Dazu hei\u00dft es:<\/p>\n<blockquote>\n<p><em>&#8220;Die Charit\u00e9-Stellungnahme kommt mit 17 Quellen aus. Hierbei handelt es sich nur in sechs F\u00e4llen um Arbeiten, die in wissenschaftlichen Zeitschriften mit Peer-Review erschienen sind, vier davon bereits im Jahr 2020 &#8230; ein Verweis auf einen Situationsbericht des Robert Koch-Instituts RKI, eine Pressemitteilung, ein Kurzbericht zu einer Studie und ein Preprint; eine letzte Referenz (&#8230;) konnte nicht nachvollzogen werden.&#8221;<\/em><\/p>\n<\/blockquote>\n<p>Zum Vergleich werden die wesentlich ausf\u00fchrlicheren, aussagekr\u00e4ftigeren sowie qualitativ und quantitativ anspruchsvolleren Stellungnahmen zitiert und dargelegt. Res\u00fcmierend hei\u00dft es zu diesem Punkt:<\/p>\n<blockquote>\n<p><em>&#8220;Allein dieser Vergleich zeigt, dass deutlich mehr wissenschaftliche Evidenz vorgelegen hatte, die in der Stellungnahme der Charit\u00e9 h\u00e4tte ber\u00fccksichtigt werden m\u00fcssen.&#8221;<\/em><\/p>\n<\/blockquote>\n<div class=\"ReadMore-root Section-root Section-is1to3-xs_is1to1\" data-widgets=\"ReadMore\" data-has-alias>\n<div class=\"Section-container Section-isRow-isTop-isWrap\">\n<article class=\"Card-root Card-is1to1 \">\n<div class=\"Card-imageWrap\">\n<div class=\"Card-picture\">\n<picture class=\"Picture-root Picture-default\"><!--[if IE 9]><video style=\"display: none;\"><![endif]--><source media=\"(-webkit-min-device-pixel-ratio: 2) and (min-resolution: 120dpi)\" data-srcset=\" \nhttps:\/\/cdni.russiatoday.com\/deutsch\/images\/2022.02\/thumbnail\/62062f96b480cc599f6f6b50.jpg 850w,\n                https:\/\/cdni.russiatoday.com\/deutsch\/images\/2022.02\/article\/62062f96b480cc599f6f6b4f.jpg 1960w,\n            \" srcset=\"data:image\/png;base64,iVBORw0KGgoAAAANSUhEUgAAABAAAAAJCAQAAACRI2S5AAAAEElEQVR42mNkIAAYRxWAAQAG9gAKqv6+AwAAAABJRU5ErkJggg==\"><source data-srcset=\" \nhttps:\/\/cdni.russiatoday.com\/deutsch\/images\/2022.02\/thumbnail\/62062f96b480cc599f6f6b50.jpg 460w,\n              https:\/\/cdni.russiatoday.com\/deutsch\/images\/2022.02\/article\/62062f96b480cc599f6f6b4f.jpg 980w,\n            \" srcset=\"data:image\/png;base64,iVBORw0KGgoAAAANSUhEUgAAABAAAAAJCAQAAACRI2S5AAAAEElEQVR42mNkIAAYRxWAAQAG9gAKqv6+AwAAAABJRU5ErkJggg==\"><!--[if IE 9]><\/video><![endif]--><img decoding=\"async\" data-sizes=\"auto\" src=\"data:image\/png;base64,iVBORw0KGgoAAAANSUhEUgAAABAAAAAJCAQAAACRI2S5AAAAEElEQVR42mNkIAAYRxWAAQAG9gAKqv6+AwAAAABJRU5ErkJggg==\" class=\"Picture-root Picture-default lazyload\" data-src=\"https:\/\/cdni.russiatoday.com\/deutsch\/images\/2022.02\/thumbnail\/62062f96b480cc599f6f6b50.jpg\" alt=\"Bundesverfassungsgericht lehnt Eilantrag gegen Impfpflicht in der Pflege ab\"><\/source><\/source><\/picture><!-- noscript pattern --><noscript><img decoding=\"async\" src=\"https:\/\/cdni.russiatoday.com\/deutsch\/images\/2022.02\/article\/62062f96b480cc599f6f6b4f.jpg\" alt=\"Bundesverfassungsgericht lehnt Eilantrag gegen Impfpflicht in der Pflege ab\"><\/noscript>    <\/div><\/div>\n<div class=\"Card-contentWrap\">\n<div class=\"Card-content\">\n<div class=\"Card-title\">\n<div class=\"HeaderNews-root HeaderNews-type_6 \">\n<p>            <a target=\"_blank\" href=\"https:\/\/de.rt.com\/inland\/131368-bundesverfassungsgericht-lehnt-eilantrag-gegen-impfpflicht\/\" class=\"Link-root Link-isFullCard \" rel=\"noopener\"><br \/>\n                Bundesverfassungsgericht lehnt Eilantrag gegen Impfpflicht in der Pflege ab<br \/>\n            <\/a><\/p><\/div><\/div><\/div><\/div>\n<\/article>\n<\/div><\/div>\n<p>Abschlie\u00dfend formuliert die Autorin ihre eindeutige Irritation in Bezug auf die Entscheidung des Bundesverfassungsgerichts im November 2021, sich mehrheitlich bei seiner Urteilsfindung auf die Stellungnahme der\u00a0Charit\u00e9 zu fokussieren. Dr. Heudorf kritisiert eindeutig:<\/p>\n<blockquote>\n<p><em>&#8220;Nach dem Vorstehenden ist auch aus medizinischer Sicht Kritik angebracht. Es ist nicht nachvollziehbar, wie eine nach Auffassung der Autorin des vorliegenden Beitrags fachlich so fehlerhafte Stellungnahme in einem wesentlichen Punkt zur Grundlage einer Entscheidung des Bundesverfassungsgerichts werden konnte, obwohl andere Stellungnahmen deutlich bessere Evidenz angef\u00fchrt hatten und das Gericht\u00a0auf die M\u00e4ngel der Stellungnahme hingewiesen wurde.&#8221;<\/em><\/p>\n<\/blockquote>\n<p>Nach Einsch\u00e4tzung der Autorin h\u00e4tte zum Zeitpunkt der Urteilsverk\u00fcndung im November 2021 zu Ungunsten der Kinder und Jugendlichen in Deutschland &#8220;vielmehr dem bis heute vorherrschenden Narrativ der gef\u00e4hrlichen Schulen und der Kinder als &#8216;Virenschleuder&#8217; &#8221; schon damals ein Ende gesetzt werden m\u00fcssen.<\/p>\n<div class=\"EmbedBlock-root EmbedBlock-twitter\">\n<div class=\"TwitterEmbed\">\n<blockquote class=\"twitter-tweet lazyload\" data-twitter=\"twitter-tweet\">\n<p lang=\"de\" dir=\"ltr\">Hier wegen Aktualit\u00e4t gute Zusammenfassung zur Frage: sind Schulen Treiber der 2. Welle, gibt es dort Superspreading, wie ist Studienlage. \u2066<a target=\"_blank\" href=\"https:\/\/twitter.com\/DrZoeHyde?ref_src=twsrc%5Etfw\" rel=\"noopener\">@DrZoeHyde<\/a>\u2069, Expertin f\u00fcr Kinder-Covid: Schulen sind Cluster, treiben Pandemie, Studienlage klar. Stimme zu <a target=\"_blank\" href=\"https:\/\/t.co\/AnFwzcNpCv\" rel=\"noopener\">https:\/\/t.co\/AnFwzcNpCv<\/a><\/p>\n<p>\u2014 Prof. Karl Lauterbach (@Karl_Lauterbach) <a target=\"_blank\" href=\"https:\/\/twitter.com\/Karl_Lauterbach\/status\/1331190962350133250?ref_src=twsrc%5Etfw\" rel=\"noopener\">November 24, 2020<\/a><\/p><\/blockquote>\n<\/div>\n<\/div>\n<div class=\"EmbedBlock-root EmbedBlock-twitter\">\n<div class=\"TwitterEmbed\">\n<blockquote class=\"twitter-tweet lazyload\" data-twitter=\"twitter-tweet\">\n<p lang=\"de\" dir=\"ltr\">Oft Hinweis, dass auch Kinder zunehmend schwerer erkranken und <a target=\"_blank\" href=\"https:\/\/twitter.com\/hashtag\/LongCovid?src=hash&amp;ref_src=twsrc%5Etfw\" rel=\"noopener\">#LongCovid<\/a> bekommen. Stimmt, sp\u00e4ter mehr dazu. Pr\u00e4senzunterricht auch f\u00fcr mich 0 Thema. Aber in Grundschulen w\u00e4re Wechselunterricht mit Maske, Tests, Impfung oft sicherer als 70% Notbetreuung <a target=\"_blank\" href=\"https:\/\/t.co\/OlAUNz4Xvi\" rel=\"noopener\">https:\/\/t.co\/OlAUNz4Xvi<\/a><\/p>\n<p>\u2014 Prof. Karl Lauterbach (@Karl_Lauterbach) <a target=\"_blank\" href=\"https:\/\/twitter.com\/Karl_Lauterbach\/status\/1358005405520134144?ref_src=twsrc%5Etfw\" rel=\"noopener\">February 6, 2021<\/a><\/p><\/blockquote>\n<\/div>\n<\/div>\n<div class=\"EmbedBlock-root EmbedBlock-twitter\">\n<div class=\"TwitterEmbed\">\n<blockquote class=\"twitter-tweet lazyload\" data-twitter=\"twitter-tweet\">\n<p lang=\"de\" dir=\"ltr\">(3) Es erkranken 7% Sch\u00fcler und 14% Eltern statistisch an <a target=\"_blank\" href=\"https:\/\/twitter.com\/hashtag\/LongCovid?src=hash&amp;ref_src=twsrc%5Etfw\" rel=\"noopener\">#LongCovid<\/a> auf Grundlage von UK Daten. Der vermeidbare massive Verlust an Schulerfolg, Berufsf\u00e4higkeit und Gesundheit ist nicht vertretbar. Daher sollte schon ab einer Inzidenz von 100 die Schule geschlossen bleiben.<\/p>\n<p>\u2014 Prof. Karl Lauterbach (@Karl_Lauterbach) <a target=\"_blank\" href=\"https:\/\/twitter.com\/Karl_Lauterbach\/status\/1382671015310942211?ref_src=twsrc%5Etfw\" rel=\"noopener\">April 15, 2021<\/a><\/p><\/blockquote>\n<\/div>\n<\/div>\n<p>Die Folgen des Urteils beider Beschwerde-Musterverfahren w\u00fcrden eindeutige &#8220;Vers\u00e4umnisse zu Lasten der Schw\u00e4chsten der Gesellschaft&#8221; darstellen. Es zeige sich in der Gegenwart, dass:<\/p>\n<blockquote>\n<p><em>&#8220;Kinder und Jugendliche in Deutschland auch heute noch st\u00e4rker eingeschr\u00e4nkt werden als Erwachsene \u2013 wie nach unserer Kenntnis in kaum einem anderen europ\u00e4ischen Land.&#8221;<\/em><\/p>\n<\/blockquote>\n<p><strong>Mehr zum Thema &#8211;<\/strong>\u00a0<a target=\"_blank\" href=\"https:\/\/de.rt.com\/inland\/136709-verdacht-verzogerte-rki-veroffentlichung-impfstatistik\/\" rel=\"noopener noreferrer\">Verdacht: Verz\u00f6gerte das RKI die Ver\u00f6ffentlichung der Impfstatistik vor der Bundestagsdebatte?<\/a><\/p>\n<\/div>\n<p><script async src=\"https:\/\/platform.twitter.com\/widgets.js\" charset=\"utf-8\"><\/script><br \/>\n<br \/><br \/>\n<br \/><a href=\"https:\/\/de.rt.com\/inland\/136799-analyse-und-kritik-zum-inhalt\/\">Source link <\/a><\/p>\n","protected":false},"excerpt":{"rendered":"<p>Monatlich ver\u00f6ffentlicht die Hessische \u00c4rztekammer ihr \u00c4rzteblatt. In der aktuellen\u00a0Ausgabe\u00a0vom 21. April findet sich auf Seite 34 unter der \u00dcberschrift &#8220;Ansichten und Einsichten&#8221; ein Beitrag mit dem Titel: &#8220;Kinder in der SARS-CoV-2-Pandemie in Deutschland. Die Stellungnahme des Instituts f\u00fcr Virologie der Charit\u00e9 im Anh\u00f6rungsverfahren des Bundesverfassungsgerichts zur &#8216;Bundesnotbremse&#8217; \u2013 und offene Fragen.&#8221; Verfasst wurde dieser [&hellip;]<\/p>\n","protected":false},"author":3,"featured_media":2530,"comment_status":"open","ping_status":"open","sticky":false,"template":"","format":"standard","meta":{"wp_automatic_camp":["217"],"fa7158feed614f8790bb010ddddbe46d":["Analyse und Kritik zum Inhalt einer Stellungnahme aus der Charit\u00e9 zur &quot;Bundesnotbremse&quot;"],"original_link":["https:\/\/de.rt.com\/inland\/136799-analyse-und-kritik-zum-inhalt\/"],"_thumbnail_id":["2530"],"wp_automatic_remove_first_image":["yes"],"_wptg_p2tg_sent2tg":["2022-04-22 16:27:12"],"jnews_social_counter_last_update":["1777584571"]},"categories":[19,23],"tags":[595,679,7406,82,212,7404,935,7407,7405,140,565,581],"yoast_head":"<!-- This site is optimized with the Yoast SEO Premium plugin v22.7 (Yoast SEO v22.7) - https:\/\/yoast.com\/wordpress\/plugins\/seo\/ -->\n<title>Analyse und Kritik zum Inhalt einer Stellungnahme aus der Charit\u00e9 zur &quot;Bundesnotbremse&quot; - just-now.NEWS Deutschland<\/title>\n<meta name=\"robots\" content=\"index, follow, max-snippet:-1, max-image-preview:large, max-video-preview:-1\" \/>\n<link rel=\"canonical\" href=\"https:\/\/now-news.de\/de\/deutschland\/analyse-und-kritik-zum-inhalt-einer-stellungnahme-aus-der-charite-zur-bundesnotbremse\/\" \/>\n<meta property=\"og:locale\" content=\"de_DE\" \/>\n<meta property=\"og:type\" content=\"article\" \/>\n<meta property=\"og:title\" content=\"Analyse und Kritik zum Inhalt einer Stellungnahme aus der Charit\u00e9 zur &quot;Bundesnotbremse&quot;\" \/>\n<meta property=\"og:description\" content=\"Monatlich ver\u00f6ffentlicht die Hessische \u00c4rztekammer ihr \u00c4rzteblatt. In der aktuellen\u00a0Ausgabe\u00a0vom 21. April findet sich auf Seite 34 unter der \u00dcberschrift &#8220;Ansichten und Einsichten&#8221; ein Beitrag mit dem Titel: &#8220;Kinder in der SARS-CoV-2-Pandemie in Deutschland. Die Stellungnahme des Instituts f\u00fcr Virologie der Charit\u00e9 im Anh\u00f6rungsverfahren des Bundesverfassungsgerichts zur &#8216;Bundesnotbremse&#8217; \u2013 und offene Fragen.&#8221; Verfasst wurde dieser [&hellip;]\" \/>\n<meta property=\"og:url\" content=\"https:\/\/now-news.de\/de\/deutschland\/analyse-und-kritik-zum-inhalt-einer-stellungnahme-aus-der-charite-zur-bundesnotbremse\/\" \/>\n<meta property=\"og:site_name\" content=\"just-now.NEWS Deutschland\" \/>\n<meta property=\"article:publisher\" content=\"https:\/\/www.facebook.com\/wirmachenauf\" \/>\n<meta property=\"article:published_time\" content=\"2022-04-22T17:14:27+00:00\" \/>\n<meta property=\"og:image\" content=\"https:\/\/now-news.de\/de\/wp-content\/uploads\/sites\/3\/2022\/04\/Analyse-und-Kritik-zum-Inhalt-einer-Stellungnahme-aus-der-Charite.jpg\" \/>\n\t<meta property=\"og:image:width\" content=\"1104\" \/>\n\t<meta property=\"og:image:height\" content=\"622\" \/>\n\t<meta property=\"og:image:type\" content=\"image\/jpeg\" \/>\n<meta name=\"author\" content=\"rtnews\" \/>\n<meta name=\"twitter:card\" content=\"summary_large_image\" \/>\n<meta name=\"twitter:creator\" content=\"@WirMachenAuf_de\" \/>\n<meta name=\"twitter:site\" content=\"@WirMachenAuf_de\" \/>\n<meta name=\"twitter:label1\" content=\"Verfasst von\" \/>\n\t<meta name=\"twitter:data1\" content=\"rtnews\" \/>\n\t<meta name=\"twitter:label2\" content=\"Gesch\u00e4tzte Lesezeit\" \/>\n\t<meta name=\"twitter:data2\" content=\"5\u00a0Minuten\" \/>\n<script type=\"application\/ld+json\" class=\"yoast-schema-graph\">{\"@context\":\"https:\/\/schema.org\",\"@graph\":[{\"@type\":\"Article\",\"@id\":\"https:\/\/now-news.de\/de\/deutschland\/analyse-und-kritik-zum-inhalt-einer-stellungnahme-aus-der-charite-zur-bundesnotbremse\/#article\",\"isPartOf\":{\"@id\":\"https:\/\/now-news.de\/de\/deutschland\/analyse-und-kritik-zum-inhalt-einer-stellungnahme-aus-der-charite-zur-bundesnotbremse\/\"},\"author\":{\"name\":\"rtnews\",\"@id\":\"https:\/\/now-news.de\/de\/#\/schema\/person\/fb534a4e865501d8b3285208df34a9b5\"},\"headline\":\"Analyse und Kritik zum Inhalt einer Stellungnahme aus der Charit\u00e9 zur &quot;Bundesnotbremse&quot;\",\"datePublished\":\"2022-04-22T17:14:27+00:00\",\"dateModified\":\"2022-04-22T17:14:27+00:00\",\"mainEntityOfPage\":{\"@id\":\"https:\/\/now-news.de\/de\/deutschland\/analyse-und-kritik-zum-inhalt-einer-stellungnahme-aus-der-charite-zur-bundesnotbremse\/\"},\"wordCount\":1073,\"commentCount\":0,\"publisher\":{\"@id\":\"https:\/\/now-news.de\/de\/#organization\"},\"image\":{\"@id\":\"https:\/\/now-news.de\/de\/deutschland\/analyse-und-kritik-zum-inhalt-einer-stellungnahme-aus-der-charite-zur-bundesnotbremse\/#primaryimage\"},\"thumbnailUrl\":\"https:\/\/now-news.de\/de\/wp-content\/uploads\/sites\/3\/2022\/04\/Analyse-und-Kritik-zum-Inhalt-einer-Stellungnahme-aus-der-Charite.jpg\",\"keywords\":[\"Analyse\",\"aus\",\"Charit\u00e9\",\"der\",\"einer\",\"Inhalt\",\"Kritik\",\"quotBundesnotbremsequot\",\"Stellungnahme\",\"und\",\"zum\",\"zur\"],\"articleSection\":[\"Deutschland\",\"Russland\"],\"inLanguage\":\"de\",\"potentialAction\":[{\"@type\":\"CommentAction\",\"name\":\"Comment\",\"target\":[\"https:\/\/now-news.de\/de\/deutschland\/analyse-und-kritik-zum-inhalt-einer-stellungnahme-aus-der-charite-zur-bundesnotbremse\/#respond\"]}]},{\"@type\":\"WebPage\",\"@id\":\"https:\/\/now-news.de\/de\/deutschland\/analyse-und-kritik-zum-inhalt-einer-stellungnahme-aus-der-charite-zur-bundesnotbremse\/\",\"url\":\"https:\/\/now-news.de\/de\/deutschland\/analyse-und-kritik-zum-inhalt-einer-stellungnahme-aus-der-charite-zur-bundesnotbremse\/\",\"name\":\"Analyse und Kritik zum Inhalt einer Stellungnahme aus der Charit\u00e9 zur &quot;Bundesnotbremse&quot; - just-now.NEWS Deutschland\",\"isPartOf\":{\"@id\":\"https:\/\/now-news.de\/de\/#website\"},\"primaryImageOfPage\":{\"@id\":\"https:\/\/now-news.de\/de\/deutschland\/analyse-und-kritik-zum-inhalt-einer-stellungnahme-aus-der-charite-zur-bundesnotbremse\/#primaryimage\"},\"image\":{\"@id\":\"https:\/\/now-news.de\/de\/deutschland\/analyse-und-kritik-zum-inhalt-einer-stellungnahme-aus-der-charite-zur-bundesnotbremse\/#primaryimage\"},\"thumbnailUrl\":\"https:\/\/now-news.de\/de\/wp-content\/uploads\/sites\/3\/2022\/04\/Analyse-und-Kritik-zum-Inhalt-einer-Stellungnahme-aus-der-Charite.jpg\",\"datePublished\":\"2022-04-22T17:14:27+00:00\",\"dateModified\":\"2022-04-22T17:14:27+00:00\",\"breadcrumb\":{\"@id\":\"https:\/\/now-news.de\/de\/deutschland\/analyse-und-kritik-zum-inhalt-einer-stellungnahme-aus-der-charite-zur-bundesnotbremse\/#breadcrumb\"},\"inLanguage\":\"de\",\"potentialAction\":[{\"@type\":\"ReadAction\",\"target\":[\"https:\/\/now-news.de\/de\/deutschland\/analyse-und-kritik-zum-inhalt-einer-stellungnahme-aus-der-charite-zur-bundesnotbremse\/\"]}]},{\"@type\":\"ImageObject\",\"inLanguage\":\"de\",\"@id\":\"https:\/\/now-news.de\/de\/deutschland\/analyse-und-kritik-zum-inhalt-einer-stellungnahme-aus-der-charite-zur-bundesnotbremse\/#primaryimage\",\"url\":\"https:\/\/now-news.de\/de\/wp-content\/uploads\/sites\/3\/2022\/04\/Analyse-und-Kritik-zum-Inhalt-einer-Stellungnahme-aus-der-Charite.jpg\",\"contentUrl\":\"https:\/\/now-news.de\/de\/wp-content\/uploads\/sites\/3\/2022\/04\/Analyse-und-Kritik-zum-Inhalt-einer-Stellungnahme-aus-der-Charite.jpg\",\"width\":1104,\"height\":622,\"caption\":\"Analyse und Kritik zum Inhalt einer Stellungnahme aus der Charit\u00e9 zur &quot;Bundesnotbremse&quot;\"},{\"@type\":\"BreadcrumbList\",\"@id\":\"https:\/\/now-news.de\/de\/deutschland\/analyse-und-kritik-zum-inhalt-einer-stellungnahme-aus-der-charite-zur-bundesnotbremse\/#breadcrumb\",\"itemListElement\":[{\"@type\":\"ListItem\",\"position\":1,\"name\":\"Home\",\"item\":\"https:\/\/now-news.de\/de\/\"},{\"@type\":\"ListItem\",\"position\":2,\"name\":\"Analyse und Kritik zum Inhalt einer Stellungnahme aus der Charit\u00e9 zur &quot;Bundesnotbremse&quot;\"}]},{\"@type\":\"WebSite\",\"@id\":\"https:\/\/now-news.de\/de\/#website\",\"url\":\"https:\/\/now-news.de\/de\/\",\"name\":\"just-now.NEWS Deutschland\",\"description\":\"Das Portal f\u00fcr unzensierte Nachrichten aus der Welt\",\"publisher\":{\"@id\":\"https:\/\/now-news.de\/de\/#organization\"},\"potentialAction\":[{\"@type\":\"SearchAction\",\"target\":{\"@type\":\"EntryPoint\",\"urlTemplate\":\"https:\/\/now-news.de\/de\/?s={search_term_string}\"},\"query-input\":\"required name=search_term_string\"}],\"inLanguage\":\"de\"},{\"@type\":\"Organization\",\"@id\":\"https:\/\/now-news.de\/de\/#organization\",\"name\":\"Just Now News\",\"url\":\"https:\/\/now-news.de\/de\/\",\"logo\":{\"@type\":\"ImageObject\",\"inLanguage\":\"de\",\"@id\":\"https:\/\/now-news.de\/de\/#\/schema\/logo\/image\/\",\"url\":\"http:\/\/just-now.news\/de\/wp-content\/uploads\/sites\/3\/2022\/04\/logo500x500.jpg\",\"contentUrl\":\"http:\/\/just-now.news\/de\/wp-content\/uploads\/sites\/3\/2022\/04\/logo500x500.jpg\",\"width\":500,\"height\":500,\"caption\":\"Just Now News\"},\"image\":{\"@id\":\"https:\/\/now-news.de\/de\/#\/schema\/logo\/image\/\"},\"sameAs\":[\"https:\/\/www.facebook.com\/wirmachenauf\",\"https:\/\/x.com\/WirMachenAuf_de\"]},{\"@type\":\"Person\",\"@id\":\"https:\/\/now-news.de\/de\/#\/schema\/person\/fb534a4e865501d8b3285208df34a9b5\",\"name\":\"rtnews\",\"image\":{\"@type\":\"ImageObject\",\"inLanguage\":\"de\",\"@id\":\"https:\/\/now-news.de\/de\/#\/schema\/person\/image\/\",\"url\":\"https:\/\/secure.gravatar.com\/avatar\/82aafea7d8127119dd649515f56e2117?s=96&d=mm&r=g\",\"contentUrl\":\"https:\/\/secure.gravatar.com\/avatar\/82aafea7d8127119dd649515f56e2117?s=96&d=mm&r=g\",\"caption\":\"rtnews\"},\"url\":\"https:\/\/now-news.de\/de\/author\/rnews\/\"}]}<\/script>\n<!-- \/ Yoast SEO Premium plugin. -->","yoast_head_json":{"title":"Analyse und Kritik zum Inhalt einer Stellungnahme aus der Charit\u00e9 zur &quot;Bundesnotbremse&quot; - just-now.NEWS Deutschland","robots":{"index":"index","follow":"follow","max-snippet":"max-snippet:-1","max-image-preview":"max-image-preview:large","max-video-preview":"max-video-preview:-1"},"canonical":"https:\/\/now-news.de\/de\/deutschland\/analyse-und-kritik-zum-inhalt-einer-stellungnahme-aus-der-charite-zur-bundesnotbremse\/","og_locale":"de_DE","og_type":"article","og_title":"Analyse und Kritik zum Inhalt einer Stellungnahme aus der Charit\u00e9 zur &quot;Bundesnotbremse&quot;","og_description":"Monatlich ver\u00f6ffentlicht die Hessische \u00c4rztekammer ihr \u00c4rzteblatt. In der aktuellen\u00a0Ausgabe\u00a0vom 21. April findet sich auf Seite 34 unter der \u00dcberschrift &#8220;Ansichten und Einsichten&#8221; ein Beitrag mit dem Titel: &#8220;Kinder in der SARS-CoV-2-Pandemie in Deutschland. Die Stellungnahme des Instituts f\u00fcr Virologie der Charit\u00e9 im Anh\u00f6rungsverfahren des Bundesverfassungsgerichts zur &#8216;Bundesnotbremse&#8217; \u2013 und offene Fragen.&#8221; Verfasst wurde dieser [&hellip;]","og_url":"https:\/\/now-news.de\/de\/deutschland\/analyse-und-kritik-zum-inhalt-einer-stellungnahme-aus-der-charite-zur-bundesnotbremse\/","og_site_name":"just-now.NEWS Deutschland","article_publisher":"https:\/\/www.facebook.com\/wirmachenauf","article_published_time":"2022-04-22T17:14:27+00:00","og_image":[{"width":1104,"height":622,"url":"https:\/\/now-news.de\/de\/wp-content\/uploads\/sites\/3\/2022\/04\/Analyse-und-Kritik-zum-Inhalt-einer-Stellungnahme-aus-der-Charite.jpg","type":"image\/jpeg"}],"author":"rtnews","twitter_card":"summary_large_image","twitter_creator":"@WirMachenAuf_de","twitter_site":"@WirMachenAuf_de","twitter_misc":{"Verfasst von":"rtnews","Gesch\u00e4tzte Lesezeit":"5\u00a0Minuten"},"schema":{"@context":"https:\/\/schema.org","@graph":[{"@type":"Article","@id":"https:\/\/now-news.de\/de\/deutschland\/analyse-und-kritik-zum-inhalt-einer-stellungnahme-aus-der-charite-zur-bundesnotbremse\/#article","isPartOf":{"@id":"https:\/\/now-news.de\/de\/deutschland\/analyse-und-kritik-zum-inhalt-einer-stellungnahme-aus-der-charite-zur-bundesnotbremse\/"},"author":{"name":"rtnews","@id":"https:\/\/now-news.de\/de\/#\/schema\/person\/fb534a4e865501d8b3285208df34a9b5"},"headline":"Analyse und Kritik zum Inhalt einer Stellungnahme aus der Charit\u00e9 zur &quot;Bundesnotbremse&quot;","datePublished":"2022-04-22T17:14:27+00:00","dateModified":"2022-04-22T17:14:27+00:00","mainEntityOfPage":{"@id":"https:\/\/now-news.de\/de\/deutschland\/analyse-und-kritik-zum-inhalt-einer-stellungnahme-aus-der-charite-zur-bundesnotbremse\/"},"wordCount":1073,"commentCount":0,"publisher":{"@id":"https:\/\/now-news.de\/de\/#organization"},"image":{"@id":"https:\/\/now-news.de\/de\/deutschland\/analyse-und-kritik-zum-inhalt-einer-stellungnahme-aus-der-charite-zur-bundesnotbremse\/#primaryimage"},"thumbnailUrl":"https:\/\/now-news.de\/de\/wp-content\/uploads\/sites\/3\/2022\/04\/Analyse-und-Kritik-zum-Inhalt-einer-Stellungnahme-aus-der-Charite.jpg","keywords":["Analyse","aus","Charit\u00e9","der","einer","Inhalt","Kritik","quotBundesnotbremsequot","Stellungnahme","und","zum","zur"],"articleSection":["Deutschland","Russland"],"inLanguage":"de","potentialAction":[{"@type":"CommentAction","name":"Comment","target":["https:\/\/now-news.de\/de\/deutschland\/analyse-und-kritik-zum-inhalt-einer-stellungnahme-aus-der-charite-zur-bundesnotbremse\/#respond"]}]},{"@type":"WebPage","@id":"https:\/\/now-news.de\/de\/deutschland\/analyse-und-kritik-zum-inhalt-einer-stellungnahme-aus-der-charite-zur-bundesnotbremse\/","url":"https:\/\/now-news.de\/de\/deutschland\/analyse-und-kritik-zum-inhalt-einer-stellungnahme-aus-der-charite-zur-bundesnotbremse\/","name":"Analyse und Kritik zum Inhalt einer Stellungnahme aus der Charit\u00e9 zur &quot;Bundesnotbremse&quot; - just-now.NEWS Deutschland","isPartOf":{"@id":"https:\/\/now-news.de\/de\/#website"},"primaryImageOfPage":{"@id":"https:\/\/now-news.de\/de\/deutschland\/analyse-und-kritik-zum-inhalt-einer-stellungnahme-aus-der-charite-zur-bundesnotbremse\/#primaryimage"},"image":{"@id":"https:\/\/now-news.de\/de\/deutschland\/analyse-und-kritik-zum-inhalt-einer-stellungnahme-aus-der-charite-zur-bundesnotbremse\/#primaryimage"},"thumbnailUrl":"https:\/\/now-news.de\/de\/wp-content\/uploads\/sites\/3\/2022\/04\/Analyse-und-Kritik-zum-Inhalt-einer-Stellungnahme-aus-der-Charite.jpg","datePublished":"2022-04-22T17:14:27+00:00","dateModified":"2022-04-22T17:14:27+00:00","breadcrumb":{"@id":"https:\/\/now-news.de\/de\/deutschland\/analyse-und-kritik-zum-inhalt-einer-stellungnahme-aus-der-charite-zur-bundesnotbremse\/#breadcrumb"},"inLanguage":"de","potentialAction":[{"@type":"ReadAction","target":["https:\/\/now-news.de\/de\/deutschland\/analyse-und-kritik-zum-inhalt-einer-stellungnahme-aus-der-charite-zur-bundesnotbremse\/"]}]},{"@type":"ImageObject","inLanguage":"de","@id":"https:\/\/now-news.de\/de\/deutschland\/analyse-und-kritik-zum-inhalt-einer-stellungnahme-aus-der-charite-zur-bundesnotbremse\/#primaryimage","url":"https:\/\/now-news.de\/de\/wp-content\/uploads\/sites\/3\/2022\/04\/Analyse-und-Kritik-zum-Inhalt-einer-Stellungnahme-aus-der-Charite.jpg","contentUrl":"https:\/\/now-news.de\/de\/wp-content\/uploads\/sites\/3\/2022\/04\/Analyse-und-Kritik-zum-Inhalt-einer-Stellungnahme-aus-der-Charite.jpg","width":1104,"height":622,"caption":"Analyse und Kritik zum Inhalt einer Stellungnahme aus der Charit\u00e9 zur &quot;Bundesnotbremse&quot;"},{"@type":"BreadcrumbList","@id":"https:\/\/now-news.de\/de\/deutschland\/analyse-und-kritik-zum-inhalt-einer-stellungnahme-aus-der-charite-zur-bundesnotbremse\/#breadcrumb","itemListElement":[{"@type":"ListItem","position":1,"name":"Home","item":"https:\/\/now-news.de\/de\/"},{"@type":"ListItem","position":2,"name":"Analyse und Kritik zum Inhalt einer Stellungnahme aus der Charit\u00e9 zur &quot;Bundesnotbremse&quot;"}]},{"@type":"WebSite","@id":"https:\/\/now-news.de\/de\/#website","url":"https:\/\/now-news.de\/de\/","name":"just-now.NEWS Deutschland","description":"Das Portal f\u00fcr unzensierte Nachrichten aus der Welt","publisher":{"@id":"https:\/\/now-news.de\/de\/#organization"},"potentialAction":[{"@type":"SearchAction","target":{"@type":"EntryPoint","urlTemplate":"https:\/\/now-news.de\/de\/?s={search_term_string}"},"query-input":"required name=search_term_string"}],"inLanguage":"de"},{"@type":"Organization","@id":"https:\/\/now-news.de\/de\/#organization","name":"Just Now News","url":"https:\/\/now-news.de\/de\/","logo":{"@type":"ImageObject","inLanguage":"de","@id":"https:\/\/now-news.de\/de\/#\/schema\/logo\/image\/","url":"http:\/\/just-now.news\/de\/wp-content\/uploads\/sites\/3\/2022\/04\/logo500x500.jpg","contentUrl":"http:\/\/just-now.news\/de\/wp-content\/uploads\/sites\/3\/2022\/04\/logo500x500.jpg","width":500,"height":500,"caption":"Just Now News"},"image":{"@id":"https:\/\/now-news.de\/de\/#\/schema\/logo\/image\/"},"sameAs":["https:\/\/www.facebook.com\/wirmachenauf","https:\/\/x.com\/WirMachenAuf_de"]},{"@type":"Person","@id":"https:\/\/now-news.de\/de\/#\/schema\/person\/fb534a4e865501d8b3285208df34a9b5","name":"rtnews","image":{"@type":"ImageObject","inLanguage":"de","@id":"https:\/\/now-news.de\/de\/#\/schema\/person\/image\/","url":"https:\/\/secure.gravatar.com\/avatar\/82aafea7d8127119dd649515f56e2117?s=96&d=mm&r=g","contentUrl":"https:\/\/secure.gravatar.com\/avatar\/82aafea7d8127119dd649515f56e2117?s=96&d=mm&r=g","caption":"rtnews"},"url":"https:\/\/now-news.de\/de\/author\/rnews\/"}]}},"_links":{"self":[{"href":"https:\/\/now-news.de\/de\/wp-json\/wp\/v2\/posts\/2529"}],"collection":[{"href":"https:\/\/now-news.de\/de\/wp-json\/wp\/v2\/posts"}],"about":[{"href":"https:\/\/now-news.de\/de\/wp-json\/wp\/v2\/types\/post"}],"author":[{"embeddable":true,"href":"https:\/\/now-news.de\/de\/wp-json\/wp\/v2\/users\/3"}],"replies":[{"embeddable":true,"href":"https:\/\/now-news.de\/de\/wp-json\/wp\/v2\/comments?post=2529"}],"version-history":[{"count":0,"href":"https:\/\/now-news.de\/de\/wp-json\/wp\/v2\/posts\/2529\/revisions"}],"wp:featuredmedia":[{"embeddable":true,"href":"https:\/\/now-news.de\/de\/wp-json\/wp\/v2\/media\/2530"}],"wp:attachment":[{"href":"https:\/\/now-news.de\/de\/wp-json\/wp\/v2\/media?parent=2529"}],"wp:term":[{"taxonomy":"category","embeddable":true,"href":"https:\/\/now-news.de\/de\/wp-json\/wp\/v2\/categories?post=2529"},{"taxonomy":"post_tag","embeddable":true,"href":"https:\/\/now-news.de\/de\/wp-json\/wp\/v2\/tags?post=2529"}],"curies":[{"name":"wp","href":"https:\/\/api.w.org\/{rel}","templated":true}]}}