{"id":25247,"date":"2022-12-12T15:32:51","date_gmt":"2022-12-12T13:32:51","guid":{"rendered":"http:\/\/just-now.news\/de\/deutschland\/artemis-mission-der-nasa-orion-kapsel-nach-knapp-einem-monat-im-all-im-pazifik-gelandet\/"},"modified":"2022-12-12T15:32:51","modified_gmt":"2022-12-12T13:32:51","slug":"artemis-mission-der-nasa-orion-kapsel-nach-knapp-einem-monat-im-all-im-pazifik-gelandet","status":"publish","type":"post","link":"https:\/\/now-news.de\/de\/deutschland\/artemis-mission-der-nasa-orion-kapsel-nach-knapp-einem-monat-im-all-im-pazifik-gelandet\/","title":{"rendered":"Artemis-Mission der NASA: Orion-Kapsel nach knapp einem Monat im All im Pazifik gelandet"},"content":{"rendered":"<p><img decoding=\"async\" src=\"http:\/\/just-now.news\/de\/wp-content\/uploads\/sites\/3\/2022\/12\/639723a948fbef597b4de01c.jpg\" \/><\/p>\n<div class=\"Text-root Text-type_1 \">\n                Nach mehreren Wochen im All ist die unbemannte Orion-Kapsel der NASA-Mondmission Artemis 1 am Sonntag sicher im Pazifik gelandet. Dass es w\u00e4hrend des Testflugs ersten Erkenntnissen zufolge zu keinen gr\u00f6\u00dferen Problemen kam, ist ein positives Signal f\u00fcr eine bemannte Mondmission in naher Zukunft.\n            <\/div>\n<p><\/p>\n<div class=\"Text-root Text-type_5 ArticleView-text ViewText-root \">\n<p>Auf den Tag genau 50 Jahre nach dem Aufsetzen der letzten Apollo-Mondmission auf der Mondoberfl\u00e4che hat die NASA mit der Landung der unbemannten &#8220;Orion&#8221;-Kapsel der NASA-Mondmission Artemis 1 am Sonntag\u00a0einen wichtigen Meilenstein bei der f\u00fcr 2024 geplanten R\u00fcckkehr von Menschen auf den Mond erreicht. Wie auf Live-Bildern der US-Raumfahrtbeh\u00f6rde NASA zu sehen war, landete die Kapsel am Abend erfolgreich im Pazifik vor der K\u00fcste Mexikos. Die Landung markierte somit das Ende des 25,5-t\u00e4gigen Artemis-1-Testflugs ohne Besatzung. Unter der F\u00fchrung der USS Portland soll die Raumkapsel mithilfe von Spezialisten und Tauchern nun in den Hafen von San Diego (Kalifornien) gebracht werden. Dort wird sie auf etwaige Sch\u00e4den untersucht.<\/p>\n<div class=\"EmbedBlock-root EmbedBlock-twitter\">\n<div class=\"TwitterEmbed\">\n<blockquote class=\"twitter-tweet lazyload\" data-twitter=\"twitter-tweet\">\n<p lang=\"en\" dir=\"ltr\">Splashdown. After traveling 1.4 million miles through space, orbiting the Moon, and collecting data that will prepare us to send astronauts on future <a rel=\"nofollow noopener\" target=\"_blank\" href=\"https:\/\/twitter.com\/hashtag\/Artemis?src=hash&amp;ref_src=twsrc%5Etfw\">#Artemis<\/a> missions, the <a rel=\"nofollow noopener\" target=\"_blank\" href=\"https:\/\/twitter.com\/NASA_Orion?ref_src=twsrc%5Etfw\">@NASA_Orion<\/a> spacecraft is home. <a rel=\"nofollow noopener\" target=\"_blank\" href=\"https:\/\/t.co\/ORxCtGa9v7\">pic.twitter.com\/ORxCtGa9v7<\/a><\/p>\n<p>\u2014 NASA (@NASA) <a rel=\"nofollow noopener\" target=\"_blank\" href=\"https:\/\/twitter.com\/NASA\/status\/1601995737449263104?ref_src=twsrc%5Etfw\">December 11, 2022<\/a><\/p><\/blockquote>\n<\/div>\n<\/div>\n<p>&#8220;Dies war eine au\u00dferordentlich erfolgreiche Mission&#8221;, sagte NASA-Administrator Bill Nelson bei einem <a rel=\"nofollow noopener\" target=\"_blank\" href=\"https:\/\/www.pbs.org\/newshour\/science\/watch-live-nasa-holds-press-conference-after-successful-end-of-artemis-1-mission\">Briefing<\/a> etwa drei Stunden nach der Wasserlandung. &#8220;Es ist der Beginn eines neuen Anfangs, und das ist die Erforschung des Himmels.&#8221; Nach der Abtrennung vom europ\u00e4ischen Antriebs- und Versorgungsmodul um genau 12:00 Uhr \u00f6stlicher Zeit f\u00fchrte die Orion-Besatzungskapsel demnach einen sogenannten &#8220;Skip&#8221;-Wiedereintritt durch, bei dem sie zun\u00e4chst auf eine H\u00f6he von etwa 60 Kilometern abgestiegen und von der Erdatmosph\u00e4re\u00a0dann wieder rund 90 Kilometer aufgestiegen war, bevor sie anschlie\u00dfend in Richtung Erde fiel. Dieses Man\u00f6ver soll nach Angaben der NASA die auf das Raumschiff wirkenden g-Kr\u00e4fte verringern und mehr Flexibilit\u00e4t bei der Wahl des Landeplatzes erm\u00f6glichen.<\/p>\n<p>Die erfolgreiche Durchf\u00fchrung des Wiedereintritts bei Geschwindigkeiten von bis zu 40.000 Kilometern pro Stunde war n\u00e4mlich das oberste Ziel der Artemis-1-Mission, da es zuvor keine andere M\u00f6glichkeit gab, das Hitzeschutzsystem des Raumfahrzeugs zu testen. &#8220;Es gibt hier auf der Erde keine Arcjet- oder aerothermische Anlage, die einen Hyperschall-Wiedereintritt mit einem Hitzeschild dieser Gr\u00f6\u00dfe nachbilden kann&#8221;, erl\u00e4uterte Mike Sarafin, Artemis-1-Missionsmanager, den bei der anschlie\u00dfenden Pressekonferenz anwesenden Reportern. Deshalb sind die Wissenschaftler vor allem daran interessiert, ob das Hitzeschutzschild den beim Wiedereintritt herrschenden Temperaturen von rund 2.800 Grad Celsius standhalten konnte \u2013 eine Voraussetzung f\u00fcr eine bemannte Mondmission in naher Zukunft.<\/p>\n<p>In diesem Zusammenhang verwies Sarafin darauf, dass die an der Mission beteiligten Wissenschaftler zwar erst mit der Auswertung der w\u00e4hrend des Wiedereintritts gesammelten Daten begonnen h\u00e4tten, die bisherigen Ergebnisse aber zeigten, dass das Hitzeschutzsystem von Orion die Erwartungen erf\u00fcllt habe.\u00a0&#8220;Ich w\u00fcrde sagen, wir sind sehr zufrieden mit dem, was wir bisher \u00fcber den Hitzeschild gesehen haben.\u00a0Die ersten Anzeichen sind sehr positiv, aber es liegt noch mehr vor uns, um genau zu verstehen, was der Wiedereintrittsflugtest ergeben hat.&#8221; Denn seine erste Einsch\u00e4tzung ber\u00fccksichtige noch nicht die Daten, die w\u00e4hrend der beiden durch das Plasma beim Wiedereintritt verursachten Kommunikationsausf\u00e4lle gesammelt wurden.<\/p>\n<p>Die erfolgreiche Wasserung war der Abschluss einer lange verz\u00f6gerten Mission, die\u00a0am 16. November mit dem Start des\u00a098 Meter hohen &#8220;Space Launch Systems (SLS)&#8221; vom Weltraumbahnhof Cape Canaveral im US-Bundesstaat Florida aus gestartet war.\u00a0Artemis I war ein Testflug,\u00a0auf dem das Raumschiff\u00a0&#8220;auf Herz und Nieren&#8221; gepr\u00fcft werden sollte. Es war das erste Mal, dass die SLS-Rakete der NASA flog, sowie das erste Mal, dass die f\u00fcr die k\u00fcnftigen Besatzungen vorgesehene Orion-Kapsel in den unmittelbaren Einflussbereich der Schwerkraft des Mondes eintrat. Schlie\u00dflich war es auch noch das erste Mal, dass der Hitzeschild dieses Raumfahrzeugs den rasanten Landeanflug durch die Erdatmosph\u00e4re \u00fcberstehen musste.<\/p>\n<p>Dementsprechend ist absehbar, dass bei der Auswertung s\u00e4mtlicher Daten in den kommenden Wochen noch wichtige Erkenntnisse gesammelt werden, die darauf hindeuten k\u00f6nnten, dass bei der Mission eventuell nicht alles genau nach Plan verlief. Die wichtigsten Meilensteine der Mission wurden bei dem Flug ersten Erkenntnissen zufolge jedoch alle erfolgreich absolviert. So umrundete die Orion-Kapsel \u2013 \u00e4hnlich wie\u00a0Apollo 8\u00a0und Apollo 13 \u2013 den Mond, aber auf einer komplexeren Bahn. Am 21. November kam das unbemannte Raumschiff der Mondoberfl\u00e4che dabei bis auf 130 Kilometer nahe.\u00a0Am 25. November schwenkte die Raumkapsel dann in einen sogenannte entfernten retrograden Orbit um den Mond ein \u2013 eine weit von seiner Oberfl\u00e4che entfernte und gegen seine Laufrichtung um die Erde ausgerichtete Umlaufbahn.\u00a0Am 1. Dezember verlie\u00df sie diese dann wieder und f\u00fchrte am 5. Dezember ein Man\u00f6ver durch, das das Raumfahrzeug auf Kurs zur\u00fcck zur Erde brachte, wo es am 11. Dezember schlie\u00dflich sicher landete.<\/p>\n<p>Die Landung erfolgte auf den Tag genau 50 Jahre nach der Landung der Mondlandef\u00e4hre von Apollo 17 in der Taurus-Littrow-Region des Mondes bei der sechsten und letzten Apollo-Mondlandemission. Seit dem Abschluss dieser Mission ist kein Mensch mehr au\u00dferhalb der niedrigen Erdumlaufbahn gewesen. Mit den Artemis-Missionen soll sich das nun wieder \u00e4ndern. Allerdings war die\u00a0Testflugbahn von Artemis 1 nicht identisch mit jenen, die f\u00fcr die sp\u00e4teren bemannten Missionen vorgesehen sind. Sollte Artemis 2 fliegen, wird es sich n\u00e4mlich um eine wesentlich k\u00fcrzere, zehnt\u00e4gige Mission mit bis zu vier Besatzungsmitgliedern handeln.<\/p>\n<p>Auch wenn sich sp\u00e4ter herausstellen sollte, dass der erste Testflug des Raumschiffs nahezu ohne gr\u00f6\u00dfere Probleme verlaufen ist, wird der &#8220;Weg zur\u00fcck zum Mond&#8221; dennoch auch weiterhin eine l\u00e4ngerfristige und\u00a0\u00e4u\u00dferst komplexe Herausforderung bleiben. Die bisher namentlich noch gar nicht auserw\u00e4hlten Astronauten sollen den Mond daher erstmals im Jahr 2024 wieder betreten \u2013 wenn der Zeitplan bis dahin eingehalten werden kann. Im Gegensatz zu den Apollo-Missionen, die alle in der N\u00e4he des Mond\u00e4quators gelandet waren, wird Artemis 3 jedoch in der N\u00e4he vom S\u00fcdpol des Mondes landen. Die NASA hat bis jetzt 13 m\u00f6gliche <a rel=\"nofollow noopener\" target=\"_blank\" href=\"https:\/\/www.nasa.gov\/press-release\/nasa-identifies-candidate-regions-for-landing-next-americans-on-moon\/\">Landegebiete<\/a>\u00a0erkundet und vorgestellt. Jedes dieser m\u00f6glichen Zielgebiete bildet ein Quadrat von etwa 15 Kilometer Kantenl\u00e4nge und enth\u00e4lt mindestens zehn m\u00f6gliche Landepl\u00e4tze.<\/p>\n<p>Die NASA zieht diese Zielgebiete in Betracht, weil sie verschiedene geologische Merkmale aufweisen, die bisher noch nicht erforscht worden sind. So vermuten die Wissenschaftler, dass sich in st\u00e4ndig beschatteten Senken in der N\u00e4he der Ziellandestellen\u00a0Mondgestein sowie lockeres Mondmaterial (analog dem irdischen\u00a0<a rel=\"nofollow noopener\" target=\"_blank\" href=\"https:\/\/de.wikipedia.org\/wiki\/Regolith\">Regolith<\/a>) finden l\u00e4sst, in denen sich im Laufe von Milliarden von Jahren Wassereis gehalten haben k\u00f6nnte.\u00a0Die Gewinnung von Wassereis aus dem Mond-Regolith w\u00fcrde die Gew\u00e4hrleistung einer langfristigen Pr\u00e4senz von Menschen auf dem Mond erheblich erleichtern \u2013 \u00e4hnlich etwa den Forschungsstationen in der irdischen Antarktis.<\/p>\n<p><strong>Mehr zum Thema &#8211; <\/strong><a rel=\"nofollow noopener\" target=\"_blank\" href=\"https:\/\/test.rtde.tech\/international\/149584-usa-wollen-mond-annektieren\/\">Die USA wollen den Mond annektieren: Die Umgehung des &#8220;Weltraumvertrags&#8221;<\/a><\/p>\n<\/div>\n<p><script async src=\"https:\/\/platform.twitter.com\/widgets.js\" charset=\"utf-8\"><\/script><br \/>\n<br \/><br \/>\n<br \/><a href=\"https:\/\/de.rt.com\/nordamerika\/156980-artemis-mission-der-nasa-orion-kapsel-im-pazifik-gelandet\/\">Source link <\/a><\/p>\n","protected":false},"excerpt":{"rendered":"<p>Nach mehreren Wochen im All ist die unbemannte Orion-Kapsel der NASA-Mondmission Artemis 1 am Sonntag sicher im Pazifik gelandet. Dass es w\u00e4hrend des Testflugs ersten Erkenntnissen zufolge zu keinen gr\u00f6\u00dferen Problemen kam, ist ein positives Signal f\u00fcr eine bemannte Mondmission in naher Zukunft. Auf den Tag genau 50 Jahre nach dem Aufsetzen der letzten Apollo-Mondmission [&hellip;]<\/p>\n","protected":false},"author":3,"featured_media":25248,"comment_status":"open","ping_status":"open","sticky":false,"template":"","format":"standard","meta":{"_yoast_indexnow_last_ping":["1670852622"],"wp_automatic_camp":["217"],"60e48e09e91729cab098a4291fd32222":["Artemis-Mission der NASA: Orion-Kapsel nach knapp einem Monat im All im Pazifik gelandet"],"original_link":["https:\/\/de.rt.com\/nordamerika\/156980-artemis-mission-der-nasa-orion-kapsel-im-pazifik-gelandet\/"],"_thumbnail_id":["25248"],"_wptgpro_p2tg_sent2tg":["a:1:{i:23737;s:19:\"2022-12-12 15:44:51\";}"],"jnews_social_counter_last_update":["1777275262"]},"categories":[19,23],"tags":[37361,82,352,35835,12599,4870,979,2963,37362,17219],"yoast_head":"<!-- This site is optimized with the Yoast SEO Premium plugin v22.7 (Yoast SEO v22.7) - https:\/\/yoast.com\/wordpress\/plugins\/seo\/ -->\n<title>Artemis-Mission der NASA: Orion-Kapsel nach knapp einem Monat im All im Pazifik gelandet - just-now.NEWS Deutschland<\/title>\n<meta name=\"robots\" content=\"index, follow, max-snippet:-1, max-image-preview:large, max-video-preview:-1\" \/>\n<link rel=\"canonical\" href=\"https:\/\/now-news.de\/de\/deutschland\/artemis-mission-der-nasa-orion-kapsel-nach-knapp-einem-monat-im-all-im-pazifik-gelandet\/\" \/>\n<meta property=\"og:locale\" content=\"de_DE\" \/>\n<meta property=\"og:type\" content=\"article\" \/>\n<meta property=\"og:title\" content=\"Artemis-Mission der NASA: Orion-Kapsel nach knapp einem Monat im All im Pazifik gelandet\" \/>\n<meta property=\"og:description\" content=\"Nach mehreren Wochen im All ist die unbemannte Orion-Kapsel der NASA-Mondmission Artemis 1 am Sonntag sicher im Pazifik gelandet. Dass es w\u00e4hrend des Testflugs ersten Erkenntnissen zufolge zu keinen gr\u00f6\u00dferen Problemen kam, ist ein positives Signal f\u00fcr eine bemannte Mondmission in naher Zukunft. Auf den Tag genau 50 Jahre nach dem Aufsetzen der letzten Apollo-Mondmission [&hellip;]\" \/>\n<meta property=\"og:url\" content=\"https:\/\/now-news.de\/de\/deutschland\/artemis-mission-der-nasa-orion-kapsel-nach-knapp-einem-monat-im-all-im-pazifik-gelandet\/\" \/>\n<meta property=\"og:site_name\" content=\"just-now.NEWS Deutschland\" \/>\n<meta property=\"article:publisher\" content=\"https:\/\/www.facebook.com\/wirmachenauf\" \/>\n<meta property=\"article:published_time\" content=\"2022-12-12T13:32:51+00:00\" \/>\n<meta property=\"og:image\" content=\"https:\/\/now-news.de\/de\/wp-content\/uploads\/sites\/3\/2022\/12\/Artemis-Mission-der-NASA-Orion-Kapsel-nach-knapp-einem-Monat-im-All.jpg\" \/>\n\t<meta property=\"og:image:width\" content=\"460\" \/>\n\t<meta property=\"og:image:height\" content=\"259\" \/>\n\t<meta property=\"og:image:type\" content=\"image\/jpeg\" \/>\n<meta name=\"author\" content=\"rtnews\" \/>\n<meta name=\"twitter:card\" content=\"summary_large_image\" \/>\n<meta name=\"twitter:creator\" content=\"@WirMachenAuf_de\" \/>\n<meta name=\"twitter:site\" content=\"@WirMachenAuf_de\" \/>\n<meta name=\"twitter:label1\" content=\"Verfasst von\" \/>\n\t<meta name=\"twitter:data1\" content=\"rtnews\" \/>\n\t<meta name=\"twitter:label2\" content=\"Gesch\u00e4tzte Lesezeit\" \/>\n\t<meta name=\"twitter:data2\" content=\"6\u00a0Minuten\" \/>\n<script type=\"application\/ld+json\" class=\"yoast-schema-graph\">{\"@context\":\"https:\/\/schema.org\",\"@graph\":[{\"@type\":\"Article\",\"@id\":\"https:\/\/now-news.de\/de\/deutschland\/artemis-mission-der-nasa-orion-kapsel-nach-knapp-einem-monat-im-all-im-pazifik-gelandet\/#article\",\"isPartOf\":{\"@id\":\"https:\/\/now-news.de\/de\/deutschland\/artemis-mission-der-nasa-orion-kapsel-nach-knapp-einem-monat-im-all-im-pazifik-gelandet\/\"},\"author\":{\"name\":\"rtnews\",\"@id\":\"https:\/\/now-news.de\/de\/#\/schema\/person\/fb534a4e865501d8b3285208df34a9b5\"},\"headline\":\"Artemis-Mission der NASA: Orion-Kapsel nach knapp einem Monat im All im Pazifik gelandet\",\"datePublished\":\"2022-12-12T13:32:51+00:00\",\"dateModified\":\"2022-12-12T13:32:51+00:00\",\"mainEntityOfPage\":{\"@id\":\"https:\/\/now-news.de\/de\/deutschland\/artemis-mission-der-nasa-orion-kapsel-nach-knapp-einem-monat-im-all-im-pazifik-gelandet\/\"},\"wordCount\":1127,\"commentCount\":0,\"publisher\":{\"@id\":\"https:\/\/now-news.de\/de\/#organization\"},\"image\":{\"@id\":\"https:\/\/now-news.de\/de\/deutschland\/artemis-mission-der-nasa-orion-kapsel-nach-knapp-einem-monat-im-all-im-pazifik-gelandet\/#primaryimage\"},\"thumbnailUrl\":\"https:\/\/now-news.de\/de\/wp-content\/uploads\/sites\/3\/2022\/12\/Artemis-Mission-der-NASA-Orion-Kapsel-nach-knapp-einem-Monat-im-All.jpg\",\"keywords\":[\"ArtemisMission\",\"der\",\"einem\",\"gelandet\",\"Knapp\",\"Monat\",\"nach\",\"NASA\",\"OrionKapsel\",\"Pazifik\"],\"articleSection\":[\"Deutschland\",\"Russland\"],\"inLanguage\":\"de\",\"potentialAction\":[{\"@type\":\"CommentAction\",\"name\":\"Comment\",\"target\":[\"https:\/\/now-news.de\/de\/deutschland\/artemis-mission-der-nasa-orion-kapsel-nach-knapp-einem-monat-im-all-im-pazifik-gelandet\/#respond\"]}]},{\"@type\":\"WebPage\",\"@id\":\"https:\/\/now-news.de\/de\/deutschland\/artemis-mission-der-nasa-orion-kapsel-nach-knapp-einem-monat-im-all-im-pazifik-gelandet\/\",\"url\":\"https:\/\/now-news.de\/de\/deutschland\/artemis-mission-der-nasa-orion-kapsel-nach-knapp-einem-monat-im-all-im-pazifik-gelandet\/\",\"name\":\"Artemis-Mission der NASA: Orion-Kapsel nach knapp einem Monat im All im Pazifik gelandet - just-now.NEWS Deutschland\",\"isPartOf\":{\"@id\":\"https:\/\/now-news.de\/de\/#website\"},\"primaryImageOfPage\":{\"@id\":\"https:\/\/now-news.de\/de\/deutschland\/artemis-mission-der-nasa-orion-kapsel-nach-knapp-einem-monat-im-all-im-pazifik-gelandet\/#primaryimage\"},\"image\":{\"@id\":\"https:\/\/now-news.de\/de\/deutschland\/artemis-mission-der-nasa-orion-kapsel-nach-knapp-einem-monat-im-all-im-pazifik-gelandet\/#primaryimage\"},\"thumbnailUrl\":\"https:\/\/now-news.de\/de\/wp-content\/uploads\/sites\/3\/2022\/12\/Artemis-Mission-der-NASA-Orion-Kapsel-nach-knapp-einem-Monat-im-All.jpg\",\"datePublished\":\"2022-12-12T13:32:51+00:00\",\"dateModified\":\"2022-12-12T13:32:51+00:00\",\"breadcrumb\":{\"@id\":\"https:\/\/now-news.de\/de\/deutschland\/artemis-mission-der-nasa-orion-kapsel-nach-knapp-einem-monat-im-all-im-pazifik-gelandet\/#breadcrumb\"},\"inLanguage\":\"de\",\"potentialAction\":[{\"@type\":\"ReadAction\",\"target\":[\"https:\/\/now-news.de\/de\/deutschland\/artemis-mission-der-nasa-orion-kapsel-nach-knapp-einem-monat-im-all-im-pazifik-gelandet\/\"]}]},{\"@type\":\"ImageObject\",\"inLanguage\":\"de\",\"@id\":\"https:\/\/now-news.de\/de\/deutschland\/artemis-mission-der-nasa-orion-kapsel-nach-knapp-einem-monat-im-all-im-pazifik-gelandet\/#primaryimage\",\"url\":\"https:\/\/now-news.de\/de\/wp-content\/uploads\/sites\/3\/2022\/12\/Artemis-Mission-der-NASA-Orion-Kapsel-nach-knapp-einem-Monat-im-All.jpg\",\"contentUrl\":\"https:\/\/now-news.de\/de\/wp-content\/uploads\/sites\/3\/2022\/12\/Artemis-Mission-der-NASA-Orion-Kapsel-nach-knapp-einem-Monat-im-All.jpg\",\"width\":460,\"height\":259,\"caption\":\"Artemis-Mission der NASA: Orion-Kapsel nach knapp einem Monat im All im Pazifik gelandet\"},{\"@type\":\"BreadcrumbList\",\"@id\":\"https:\/\/now-news.de\/de\/deutschland\/artemis-mission-der-nasa-orion-kapsel-nach-knapp-einem-monat-im-all-im-pazifik-gelandet\/#breadcrumb\",\"itemListElement\":[{\"@type\":\"ListItem\",\"position\":1,\"name\":\"Home\",\"item\":\"https:\/\/now-news.de\/de\/\"},{\"@type\":\"ListItem\",\"position\":2,\"name\":\"Artemis-Mission der NASA: Orion-Kapsel nach knapp einem Monat im All im Pazifik gelandet\"}]},{\"@type\":\"WebSite\",\"@id\":\"https:\/\/now-news.de\/de\/#website\",\"url\":\"https:\/\/now-news.de\/de\/\",\"name\":\"just-now.NEWS Deutschland\",\"description\":\"Das Portal f\u00fcr unzensierte Nachrichten aus der Welt\",\"publisher\":{\"@id\":\"https:\/\/now-news.de\/de\/#organization\"},\"potentialAction\":[{\"@type\":\"SearchAction\",\"target\":{\"@type\":\"EntryPoint\",\"urlTemplate\":\"https:\/\/now-news.de\/de\/?s={search_term_string}\"},\"query-input\":\"required name=search_term_string\"}],\"inLanguage\":\"de\"},{\"@type\":\"Organization\",\"@id\":\"https:\/\/now-news.de\/de\/#organization\",\"name\":\"Just Now News\",\"url\":\"https:\/\/now-news.de\/de\/\",\"logo\":{\"@type\":\"ImageObject\",\"inLanguage\":\"de\",\"@id\":\"https:\/\/now-news.de\/de\/#\/schema\/logo\/image\/\",\"url\":\"http:\/\/just-now.news\/de\/wp-content\/uploads\/sites\/3\/2022\/04\/logo500x500.jpg\",\"contentUrl\":\"http:\/\/just-now.news\/de\/wp-content\/uploads\/sites\/3\/2022\/04\/logo500x500.jpg\",\"width\":500,\"height\":500,\"caption\":\"Just Now News\"},\"image\":{\"@id\":\"https:\/\/now-news.de\/de\/#\/schema\/logo\/image\/\"},\"sameAs\":[\"https:\/\/www.facebook.com\/wirmachenauf\",\"https:\/\/x.com\/WirMachenAuf_de\"]},{\"@type\":\"Person\",\"@id\":\"https:\/\/now-news.de\/de\/#\/schema\/person\/fb534a4e865501d8b3285208df34a9b5\",\"name\":\"rtnews\",\"image\":{\"@type\":\"ImageObject\",\"inLanguage\":\"de\",\"@id\":\"https:\/\/now-news.de\/de\/#\/schema\/person\/image\/\",\"url\":\"https:\/\/secure.gravatar.com\/avatar\/82aafea7d8127119dd649515f56e2117?s=96&d=mm&r=g\",\"contentUrl\":\"https:\/\/secure.gravatar.com\/avatar\/82aafea7d8127119dd649515f56e2117?s=96&d=mm&r=g\",\"caption\":\"rtnews\"},\"url\":\"https:\/\/now-news.de\/de\/author\/rnews\/\"}]}<\/script>\n<!-- \/ Yoast SEO Premium plugin. -->","yoast_head_json":{"title":"Artemis-Mission der NASA: Orion-Kapsel nach knapp einem Monat im All im Pazifik gelandet - just-now.NEWS Deutschland","robots":{"index":"index","follow":"follow","max-snippet":"max-snippet:-1","max-image-preview":"max-image-preview:large","max-video-preview":"max-video-preview:-1"},"canonical":"https:\/\/now-news.de\/de\/deutschland\/artemis-mission-der-nasa-orion-kapsel-nach-knapp-einem-monat-im-all-im-pazifik-gelandet\/","og_locale":"de_DE","og_type":"article","og_title":"Artemis-Mission der NASA: Orion-Kapsel nach knapp einem Monat im All im Pazifik gelandet","og_description":"Nach mehreren Wochen im All ist die unbemannte Orion-Kapsel der NASA-Mondmission Artemis 1 am Sonntag sicher im Pazifik gelandet. Dass es w\u00e4hrend des Testflugs ersten Erkenntnissen zufolge zu keinen gr\u00f6\u00dferen Problemen kam, ist ein positives Signal f\u00fcr eine bemannte Mondmission in naher Zukunft. Auf den Tag genau 50 Jahre nach dem Aufsetzen der letzten Apollo-Mondmission [&hellip;]","og_url":"https:\/\/now-news.de\/de\/deutschland\/artemis-mission-der-nasa-orion-kapsel-nach-knapp-einem-monat-im-all-im-pazifik-gelandet\/","og_site_name":"just-now.NEWS Deutschland","article_publisher":"https:\/\/www.facebook.com\/wirmachenauf","article_published_time":"2022-12-12T13:32:51+00:00","og_image":[{"width":460,"height":259,"url":"https:\/\/now-news.de\/de\/wp-content\/uploads\/sites\/3\/2022\/12\/Artemis-Mission-der-NASA-Orion-Kapsel-nach-knapp-einem-Monat-im-All.jpg","type":"image\/jpeg"}],"author":"rtnews","twitter_card":"summary_large_image","twitter_creator":"@WirMachenAuf_de","twitter_site":"@WirMachenAuf_de","twitter_misc":{"Verfasst von":"rtnews","Gesch\u00e4tzte Lesezeit":"6\u00a0Minuten"},"schema":{"@context":"https:\/\/schema.org","@graph":[{"@type":"Article","@id":"https:\/\/now-news.de\/de\/deutschland\/artemis-mission-der-nasa-orion-kapsel-nach-knapp-einem-monat-im-all-im-pazifik-gelandet\/#article","isPartOf":{"@id":"https:\/\/now-news.de\/de\/deutschland\/artemis-mission-der-nasa-orion-kapsel-nach-knapp-einem-monat-im-all-im-pazifik-gelandet\/"},"author":{"name":"rtnews","@id":"https:\/\/now-news.de\/de\/#\/schema\/person\/fb534a4e865501d8b3285208df34a9b5"},"headline":"Artemis-Mission der NASA: Orion-Kapsel nach knapp einem Monat im All im Pazifik gelandet","datePublished":"2022-12-12T13:32:51+00:00","dateModified":"2022-12-12T13:32:51+00:00","mainEntityOfPage":{"@id":"https:\/\/now-news.de\/de\/deutschland\/artemis-mission-der-nasa-orion-kapsel-nach-knapp-einem-monat-im-all-im-pazifik-gelandet\/"},"wordCount":1127,"commentCount":0,"publisher":{"@id":"https:\/\/now-news.de\/de\/#organization"},"image":{"@id":"https:\/\/now-news.de\/de\/deutschland\/artemis-mission-der-nasa-orion-kapsel-nach-knapp-einem-monat-im-all-im-pazifik-gelandet\/#primaryimage"},"thumbnailUrl":"https:\/\/now-news.de\/de\/wp-content\/uploads\/sites\/3\/2022\/12\/Artemis-Mission-der-NASA-Orion-Kapsel-nach-knapp-einem-Monat-im-All.jpg","keywords":["ArtemisMission","der","einem","gelandet","Knapp","Monat","nach","NASA","OrionKapsel","Pazifik"],"articleSection":["Deutschland","Russland"],"inLanguage":"de","potentialAction":[{"@type":"CommentAction","name":"Comment","target":["https:\/\/now-news.de\/de\/deutschland\/artemis-mission-der-nasa-orion-kapsel-nach-knapp-einem-monat-im-all-im-pazifik-gelandet\/#respond"]}]},{"@type":"WebPage","@id":"https:\/\/now-news.de\/de\/deutschland\/artemis-mission-der-nasa-orion-kapsel-nach-knapp-einem-monat-im-all-im-pazifik-gelandet\/","url":"https:\/\/now-news.de\/de\/deutschland\/artemis-mission-der-nasa-orion-kapsel-nach-knapp-einem-monat-im-all-im-pazifik-gelandet\/","name":"Artemis-Mission der NASA: Orion-Kapsel nach knapp einem Monat im All im Pazifik gelandet - just-now.NEWS Deutschland","isPartOf":{"@id":"https:\/\/now-news.de\/de\/#website"},"primaryImageOfPage":{"@id":"https:\/\/now-news.de\/de\/deutschland\/artemis-mission-der-nasa-orion-kapsel-nach-knapp-einem-monat-im-all-im-pazifik-gelandet\/#primaryimage"},"image":{"@id":"https:\/\/now-news.de\/de\/deutschland\/artemis-mission-der-nasa-orion-kapsel-nach-knapp-einem-monat-im-all-im-pazifik-gelandet\/#primaryimage"},"thumbnailUrl":"https:\/\/now-news.de\/de\/wp-content\/uploads\/sites\/3\/2022\/12\/Artemis-Mission-der-NASA-Orion-Kapsel-nach-knapp-einem-Monat-im-All.jpg","datePublished":"2022-12-12T13:32:51+00:00","dateModified":"2022-12-12T13:32:51+00:00","breadcrumb":{"@id":"https:\/\/now-news.de\/de\/deutschland\/artemis-mission-der-nasa-orion-kapsel-nach-knapp-einem-monat-im-all-im-pazifik-gelandet\/#breadcrumb"},"inLanguage":"de","potentialAction":[{"@type":"ReadAction","target":["https:\/\/now-news.de\/de\/deutschland\/artemis-mission-der-nasa-orion-kapsel-nach-knapp-einem-monat-im-all-im-pazifik-gelandet\/"]}]},{"@type":"ImageObject","inLanguage":"de","@id":"https:\/\/now-news.de\/de\/deutschland\/artemis-mission-der-nasa-orion-kapsel-nach-knapp-einem-monat-im-all-im-pazifik-gelandet\/#primaryimage","url":"https:\/\/now-news.de\/de\/wp-content\/uploads\/sites\/3\/2022\/12\/Artemis-Mission-der-NASA-Orion-Kapsel-nach-knapp-einem-Monat-im-All.jpg","contentUrl":"https:\/\/now-news.de\/de\/wp-content\/uploads\/sites\/3\/2022\/12\/Artemis-Mission-der-NASA-Orion-Kapsel-nach-knapp-einem-Monat-im-All.jpg","width":460,"height":259,"caption":"Artemis-Mission der NASA: Orion-Kapsel nach knapp einem Monat im All im Pazifik gelandet"},{"@type":"BreadcrumbList","@id":"https:\/\/now-news.de\/de\/deutschland\/artemis-mission-der-nasa-orion-kapsel-nach-knapp-einem-monat-im-all-im-pazifik-gelandet\/#breadcrumb","itemListElement":[{"@type":"ListItem","position":1,"name":"Home","item":"https:\/\/now-news.de\/de\/"},{"@type":"ListItem","position":2,"name":"Artemis-Mission der NASA: Orion-Kapsel nach knapp einem Monat im All im Pazifik gelandet"}]},{"@type":"WebSite","@id":"https:\/\/now-news.de\/de\/#website","url":"https:\/\/now-news.de\/de\/","name":"just-now.NEWS Deutschland","description":"Das Portal f\u00fcr unzensierte Nachrichten aus der Welt","publisher":{"@id":"https:\/\/now-news.de\/de\/#organization"},"potentialAction":[{"@type":"SearchAction","target":{"@type":"EntryPoint","urlTemplate":"https:\/\/now-news.de\/de\/?s={search_term_string}"},"query-input":"required name=search_term_string"}],"inLanguage":"de"},{"@type":"Organization","@id":"https:\/\/now-news.de\/de\/#organization","name":"Just Now News","url":"https:\/\/now-news.de\/de\/","logo":{"@type":"ImageObject","inLanguage":"de","@id":"https:\/\/now-news.de\/de\/#\/schema\/logo\/image\/","url":"http:\/\/just-now.news\/de\/wp-content\/uploads\/sites\/3\/2022\/04\/logo500x500.jpg","contentUrl":"http:\/\/just-now.news\/de\/wp-content\/uploads\/sites\/3\/2022\/04\/logo500x500.jpg","width":500,"height":500,"caption":"Just Now News"},"image":{"@id":"https:\/\/now-news.de\/de\/#\/schema\/logo\/image\/"},"sameAs":["https:\/\/www.facebook.com\/wirmachenauf","https:\/\/x.com\/WirMachenAuf_de"]},{"@type":"Person","@id":"https:\/\/now-news.de\/de\/#\/schema\/person\/fb534a4e865501d8b3285208df34a9b5","name":"rtnews","image":{"@type":"ImageObject","inLanguage":"de","@id":"https:\/\/now-news.de\/de\/#\/schema\/person\/image\/","url":"https:\/\/secure.gravatar.com\/avatar\/82aafea7d8127119dd649515f56e2117?s=96&d=mm&r=g","contentUrl":"https:\/\/secure.gravatar.com\/avatar\/82aafea7d8127119dd649515f56e2117?s=96&d=mm&r=g","caption":"rtnews"},"url":"https:\/\/now-news.de\/de\/author\/rnews\/"}]}},"_links":{"self":[{"href":"https:\/\/now-news.de\/de\/wp-json\/wp\/v2\/posts\/25247"}],"collection":[{"href":"https:\/\/now-news.de\/de\/wp-json\/wp\/v2\/posts"}],"about":[{"href":"https:\/\/now-news.de\/de\/wp-json\/wp\/v2\/types\/post"}],"author":[{"embeddable":true,"href":"https:\/\/now-news.de\/de\/wp-json\/wp\/v2\/users\/3"}],"replies":[{"embeddable":true,"href":"https:\/\/now-news.de\/de\/wp-json\/wp\/v2\/comments?post=25247"}],"version-history":[{"count":0,"href":"https:\/\/now-news.de\/de\/wp-json\/wp\/v2\/posts\/25247\/revisions"}],"wp:featuredmedia":[{"embeddable":true,"href":"https:\/\/now-news.de\/de\/wp-json\/wp\/v2\/media\/25248"}],"wp:attachment":[{"href":"https:\/\/now-news.de\/de\/wp-json\/wp\/v2\/media?parent=25247"}],"wp:term":[{"taxonomy":"category","embeddable":true,"href":"https:\/\/now-news.de\/de\/wp-json\/wp\/v2\/categories?post=25247"},{"taxonomy":"post_tag","embeddable":true,"href":"https:\/\/now-news.de\/de\/wp-json\/wp\/v2\/tags?post=25247"}],"curies":[{"name":"wp","href":"https:\/\/api.w.org\/{rel}","templated":true}]}}