{"id":25225,"date":"2022-12-12T07:45:43","date_gmt":"2022-12-12T05:45:43","guid":{"rendered":"https:\/\/just-now.news\/de\/deutschland\/die-eu-verlangt-dass-sich-der-balkan-fuer-die-richtige-seite-entscheidet\/"},"modified":"2022-12-12T07:45:43","modified_gmt":"2022-12-12T05:45:43","slug":"die-eu-verlangt-dass-sich-der-balkan-fuer-die-richtige-seite-entscheidet","status":"publish","type":"post","link":"https:\/\/now-news.de\/de\/deutschland\/die-eu-verlangt-dass-sich-der-balkan-fuer-die-richtige-seite-entscheidet\/","title":{"rendered":"Die EU verlangt, dass sich der Balkan f\u00fcr die &quot;richtige&quot; Seite entscheidet"},"content":{"rendered":"<p><img decoding=\"async\" src=\"http:\/\/just-now.news\/de\/wp-content\/uploads\/sites\/3\/2022\/12\/6396056a48fbef1e273de111.jpg\" \/><\/p>\n<div class=\"Text-root Text-type_1 \">\n                Ursula von der Leyen hat die Wahl potenzieller internationaler Partner der Balkanstaaten als eine Frage von &#8220;Demokratie&#8221; versus &#8220;Autokratie&#8221; formuliert. Damit \u00fcbt die EU-Kommission Druck auf die Anw\u00e4rterstaaten aus, sich geopolitisch gegen Russland zu stellen.\n            <\/div>\n<p><\/p>\n<div class=\"Text-root Text-type_5 ArticleView-text ViewText-root \">\n<p><em>Eine Analyse von Rachel Marsden<\/em><\/p>\n<p>Der Konflikt zwischen Russland und der Ukraine spiegele den Balkan wider, in seinem Kampf zwischen &#8220;Autokratie und dem Recht des St\u00e4rkeren&#8221; und &#8220;Demokratie und Rechtsstaatlichkeit&#8221;, sagte vergangene Woche die Pr\u00e4sidentin der Europ\u00e4ischen Kommission, Ursula von der Leyen, w\u00e4hrend eines Partnerschaftsgipfels zwischen der EU und dem Westbalkan in der albanischen Hauptstadt Tirana.<\/p>\n<p>Das letzte Land auf dem Balkan, das tats\u00e4chlich in die Europ\u00e4ische Union eintrat, war Kroatien im Jahr 2013. Und im aktuellen Jahr mussten die L\u00e4nder des Balkans das Spektakel \u00fcber sich ergehen lassen, wie Br\u00fcssel in die Ukraine eilte und Kiew den Status eines EU-Beitrittskandidaten verlieh.<\/p>\n<p>Zum Vergleich: Albanien brauchte f\u00fcnf Jahre, um den Status eines Beitrittskandidaten zu erlangen, was 2014 erfolgte. Serbien, Kandidat seit 2012, brauchte drei Jahre, und Montenegro, Kandidat seit 2010, zwei Jahre. Man stelle sich vor: Da wartet man jahrelang darauf, dass die EU etwas zusagt oder gar Anzeichen daf\u00fcr zeigt, dass es die Kandidaturen ernst meint,\u00a0und dann hat\u00a0Br\u00fcssel pl\u00f6tzlich nur noch Augen f\u00fcr Kiew und scheint die Existenz der L\u00e4nder auf dem Balkan v\u00f6llig vergessen zu haben. Es kommt also nicht gerade \u00fcberraschend, wenn die B\u00fcrger dieser\u00a0Staaten anfangen zu glauben, dass die EU vielleicht einfach keine passende Partnerin f\u00fcr eine langfristige Beziehung ist.<\/p>\n<p>Derzeit haben 55 Prozent der B\u00fcrger in Nordmazedonien eine <a rel=\"nofollow noopener\" target=\"_blank\" href=\"https:\/\/www.bloomberg.com\/news\/articles\/2022-12-05\/eu-zeros-in-on-the-balkans-as-its-popularity-there-starts-to-ebb?srnd=premium-europe&amp;leadSource=uverify%20wall\">negative<\/a> Haltung zur EU, w\u00e4hrend nur 21 Prozent der Serben die EU <a rel=\"nofollow noopener\" target=\"_blank\" href=\"https:\/\/www.bloomberg.com\/news\/articles\/2022-12-05\/eu-zeros-in-on-the-balkans-as-its-popularity-there-starts-to-ebb?srnd=premium-europe\">positiv<\/a> sehen und eine Mehrheit von ihnen jetzt sogar gegen einen Beitritt zur Union ist. Selbst in <a rel=\"nofollow noopener\" target=\"_blank\" href=\"https:\/\/www.euronews.com\/2022\/04\/22\/for-first-time-a-majority-of-serbs-are-against-joining-the-eu-poll\">Albanien<\/a>\u00a0sowie\u00a0<a rel=\"nofollow noopener\" target=\"_blank\" href=\"https:\/\/www.cespi.it\/en\/eventi-attualita\/focus-balcani\/news-albania-confidence-european-institutions-declines-according\">Bosnien<\/a> und <a rel=\"nofollow noopener\" target=\"_blank\" href=\"https:\/\/n1info.hr\/english\/news\/poll-three-out-of-four-bosnians-would-support-eu-membership\/\">Herzegowina<\/a> ist das Vertrauen in die europ\u00e4ischen Institutionen gesunken. Es\u00a0erscheint also sinnvoll, dass die EU nun zu einem gro\u00dfen Gipfel dorthin eilt, besorgt dar\u00fcber, dass jemand anderes die Loyalit\u00e4t dieser Balkanl\u00e4nder f\u00fcr sich gewinnen k\u00f6nnte. Russland zum Beispiel oder \u2013 Gott beh\u00fcte \u2013\u00a0gar China.<\/p>\n<p>Serbien ist historisch ein enger Freund Russlands und der serbische Pr\u00e4sident Aleksandar Vu\u010di\u0107 sagte k\u00fcrzlich, dass Belgrads Beziehungen zu Albanien und insbesondere zu Nordmazedonien nie besser gewesen seien \u2013 obwohl Albanien in den vergangenen Jahrzehnten vom Westen als einer der standhaftesten Verb\u00fcndeten angesehen wurde, auch milit\u00e4risch, nachdem Tirana Truppen nach Afghanistan und in den Irak entsendet hatte. Serbien hingegen ist nicht mit den antirussischen Sanktionen sowie der Agenda der EU einverstanden und weigert sich, in seiner Au\u00dfenpolitik gegen\u00fcber Russland in den Gleichschritt mit Br\u00fcssel zu gehen. Vu\u010di\u0107 lehnte es ab, die <a rel=\"nofollow noopener\" target=\"_blank\" href=\"https:\/\/www.consilium.europa.eu\/media\/60568\/tirana-declaration-en.pdf\">Schlusserkl\u00e4rung<\/a> des Gipfels von Tirana zu unterzeichnen, deren erste Klausel sich auf Russlands &#8220;eskalierenden Krieg in der Ukraine&#8221; bezieht, und bekr\u00e4ftigte erneut seine Missbilligung der Sanktionspolitik der EU.\u00a0<\/p>\n<p>Es w\u00e4re nicht weit hergeholt, sich vorzustellen, dass Br\u00fcssel in all dem eine Bedrohung seiner Anti-Russland-Agenda sehen k\u00f6nnte, oder sich Sorgen macht, dass jene L\u00e4nder des Balkans, die den westlichen Sanktionen gefolgt sind, m\u00f6glicherweise anfangen k\u00f6nnten, ihre wirtschaftlichen und energiepolitischen Herausforderungen mit der Situation in Serbien zu vergleichen, das immer noch die Vorteile des billigen russischen Gases genie\u00dft, welches etwa 85 Prozent seiner Gasimporte ausmacht.<\/p>\n<p>Wie also geht die EU mit diesem potenziellen Pulverfass um? Mit der Subtilit\u00e4t einer Handgranate. Von der Leyen fiel vergangene Woche rhetorisch wie ein Sturzkampfbomber in die Region ein und wies darauf hin, dass die Welt in &#8220;Autokratien und Demokratien&#8221; gespalten sei und dass sich der Balkan f\u00fcr eine Seite entscheiden m\u00fcsse. &#8220;Wir merken sehr deutlich, dass der Krieg in der Ukraine nicht nur ein grausamer Krieg Russlands gegen die Ukraine ist, sondern dass es auch um die Frage geht, ob Autokratien und das Recht des St\u00e4rkeren siegen oder ob sich Demokratie und Rechtsstaatlichkeit durchsetzen werden. Und dieser Kampf ist auch auf dem Westbalkan sp\u00fcrbar&#8221;, <a rel=\"nofollow noopener\" target=\"_blank\" href=\"https:\/\/apnews.com\/article\/europe-business-albania-tirana-serbia-f14d6d7168ab5a3f28ef2c626bbf9197\">sagte<\/a> von der Leyen.<\/p>\n<p>Vermutlich z\u00e4hlt von der Leyen die Europ\u00e4ische Union zu den Demokratien. Aber nichts sagt mehr \u00fcber &#8220;Demokratie&#8221; aus, als eine nicht gew\u00e4hlte B\u00fcrokratin, die in ein fremdes Land reist und mit Forderungen um sich wirft. &#8220;Wir sind der engste Partner und deshalb geht es in der Diskussion auch darum, dass man sich entscheiden muss, auf welcher Seite man steht&#8221;, so von der Leyen.<\/p>\n<p>Kommen die B\u00fcrger dieser L\u00e4nder in dieser &#8220;Diskussion&#8221; zu Wort? Man k\u00f6nnte meinen, sie h\u00e4tte zumindest f\u00fcr die Demokratie ein Lippenbekenntnis abgelegt und darauf hingewiesen: &#8220;Hey, das ist etwas, das ihr offensichtlich euren B\u00fcrgern zur Pr\u00fcfung vorlegen solltet.&#8221; Oder: &#8220;Hey, vielleicht bleibt ihr im Interesse der eigenen Souver\u00e4nit\u00e4t lieber bei einer Position der strategischen Blockfreiheit.&#8221; Stattdessen klang sie wie ein b\u00f6ses M\u00e4dchen aus einer Clique vom Pausenhof einer Grundschule, die in der Cafeteria den Balkan beim Mittagessen mit einer verfeindeten Clique erwischt hat.<\/p>\n<p>Die Pr\u00e4sidentin der Europ\u00e4ischen Kommission erinnerte die L\u00e4nder des Balkans anschlie\u00dfend daran, dass die EU der &#8220;engste Partner&#8221; der Region sei, weshalb man sich f\u00fcr die EU entscheiden sollte. Laut der Erkl\u00e4rung von Tirana, die vermutlich in Br\u00fcssel verfasst wurde \u2013 Vu\u010di\u0107 wies darauf hin, dass er daran nicht beteiligt gewesen w\u00e4re, und wahrscheinlich auch andere Staatschefs des Balkans nicht \u2013 &#8220;bleibt die EU der engste Partner, Hauptinvestor, Handelspartner und Hauptgeber der Region. Das au\u00dfergew\u00f6hnliche Ausma\u00df und die Reichweite dieser Unterst\u00fctzung sollten sichtbarer gemacht und von den Partnern in ihrer \u00f6ffentlichen Debatte und Kommunikation proaktiv reflektiert werden, damit die B\u00fcrger die konkreten Vorteile der Partnerschaft mit der EU erkennen k\u00f6nnen.&#8221;<\/p>\n<p>Das wird wahrscheinlich sehr gut ankommen, weil die Menschen es wirklich lieben, wenn diejenige Person, die anbietet, die Rechnung zu bezahlen, jeden st\u00e4ndig daran erinnert, dass sie die Rechnung bezahlt \u2013 und von allen auch noch verlangt, dass sie verk\u00fcnden, wie gro\u00dfz\u00fcgig und was f\u00fcr eine tolle Partie sie sei, dass man ihr absolut treu sein sollte, damit vielleicht eines Tages \u2013 wenn man Gl\u00fcck hat und zuverl\u00e4ssig Russland und China verteufelt \u2013 es vielleicht doch noch zu einem Ehering reicht. Oder auch nicht.<\/p>\n<p><em>\u00dcbersetzt aus dem <a rel=\"nofollow noopener\" target=\"_blank\" href=\"https:\/\/www.rt.com\/news\/567970-eu-balkans-ursula-leyen\/\">Englischen<\/a>.<\/em><\/p>\n<p><em>Rachel Marsden ist eine Kolumnistin, politische Strategin und Moderatorin eines unabh\u00e4ngig produzierten franz\u00f6sischsprachigen Programms, das auf Sputnik France ausgestrahlt wird. Ihre Website findet man unter<\/em>\u00a0<a rel=\"nofollow noopener\" target=\"_blank\" href=\"http:\/\/rachelmarsden.com\/\">rachelmarsden.com<\/a>.<\/p>\n<p><strong>Mehr zum Thema<\/strong> &#8211; <a rel=\"nofollow noopener\" target=\"_blank\" href=\"https:\/\/test.rtde.tech\/europa\/153164-bericht-deutschland-fordert-serbien-auf\/\">Bericht: Deutschland fordert Serbien auf, sich zwischen Russland und der EU zu entscheiden<\/a><\/p>\n<\/div>\n<p><br \/>\n<br \/><a href=\"https:\/\/de.rt.com\/europa\/156932-eu-verlangt-dass-sich-balkan\/\">Source link <\/a><\/p>\n","protected":false},"excerpt":{"rendered":"<p>Ursula von der Leyen hat die Wahl potenzieller internationaler Partner der Balkanstaaten als eine Frage von &#8220;Demokratie&#8221; versus &#8220;Autokratie&#8221; formuliert. Damit \u00fcbt die EU-Kommission Druck auf die Anw\u00e4rterstaaten aus, sich geopolitisch gegen Russland zu stellen. Eine Analyse von Rachel Marsden Der Konflikt zwischen Russland und der Ukraine spiegele den Balkan wider, in seinem Kampf zwischen [&hellip;]<\/p>\n","protected":false},"author":3,"featured_media":25226,"comment_status":"open","ping_status":"open","sticky":false,"template":"","format":"standard","meta":{"_yoast_indexnow_last_ping":["1670824727"],"wp_automatic_camp":["217"],"b0b62c1e94a2670a65a06448f5ba4f0a":["Die EU verlangt, dass sich der Balkan f\u00fcr die &quot;richtige&quot; Seite entscheidet"],"original_link":["https:\/\/de.rt.com\/europa\/156932-eu-verlangt-dass-sich-balkan\/"],"_thumbnail_id":["25226"],"jnews_social_counter_last_update":["1777199460"],"_wptgpro_p2tg_sent2tg":["a:1:{i:23737;s:19:\"2022-12-12 07:59:54\";}"]},"categories":[19,23],"tags":[28537,42,82,45,14951,221,37352,1934,434,18985],"yoast_head":"<!-- This site is optimized with the Yoast SEO Premium plugin v22.7 (Yoast SEO v22.7) - https:\/\/yoast.com\/wordpress\/plugins\/seo\/ -->\n<title>Die EU verlangt, dass sich der Balkan f\u00fcr die &quot;richtige&quot; Seite entscheidet - just-now.NEWS Deutschland<\/title>\n<meta name=\"robots\" content=\"index, follow, max-snippet:-1, max-image-preview:large, max-video-preview:-1\" \/>\n<link rel=\"canonical\" href=\"https:\/\/now-news.de\/de\/deutschland\/die-eu-verlangt-dass-sich-der-balkan-fuer-die-richtige-seite-entscheidet\/\" \/>\n<meta property=\"og:locale\" content=\"de_DE\" \/>\n<meta property=\"og:type\" content=\"article\" \/>\n<meta property=\"og:title\" content=\"Die EU verlangt, dass sich der Balkan f\u00fcr die &quot;richtige&quot; Seite entscheidet\" \/>\n<meta property=\"og:description\" content=\"Ursula von der Leyen hat die Wahl potenzieller internationaler Partner der Balkanstaaten als eine Frage von &#8220;Demokratie&#8221; versus &#8220;Autokratie&#8221; formuliert. Damit \u00fcbt die EU-Kommission Druck auf die Anw\u00e4rterstaaten aus, sich geopolitisch gegen Russland zu stellen. Eine Analyse von Rachel Marsden Der Konflikt zwischen Russland und der Ukraine spiegele den Balkan wider, in seinem Kampf zwischen [&hellip;]\" \/>\n<meta property=\"og:url\" content=\"https:\/\/now-news.de\/de\/deutschland\/die-eu-verlangt-dass-sich-der-balkan-fuer-die-richtige-seite-entscheidet\/\" \/>\n<meta property=\"og:site_name\" content=\"just-now.NEWS Deutschland\" \/>\n<meta property=\"article:publisher\" content=\"https:\/\/www.facebook.com\/wirmachenauf\" \/>\n<meta property=\"article:published_time\" content=\"2022-12-12T05:45:43+00:00\" \/>\n<meta property=\"og:image\" content=\"https:\/\/now-news.de\/de\/wp-content\/uploads\/sites\/3\/2022\/12\/Die-EU-verlangt-dass-sich-der-Balkan-fuer-die-quotrichtigequot.jpg\" \/>\n\t<meta property=\"og:image:width\" content=\"460\" \/>\n\t<meta property=\"og:image:height\" content=\"259\" \/>\n\t<meta property=\"og:image:type\" content=\"image\/jpeg\" \/>\n<meta name=\"author\" content=\"rtnews\" \/>\n<meta name=\"twitter:card\" content=\"summary_large_image\" \/>\n<meta name=\"twitter:creator\" content=\"@WirMachenAuf_de\" \/>\n<meta name=\"twitter:site\" content=\"@WirMachenAuf_de\" \/>\n<meta name=\"twitter:label1\" content=\"Verfasst von\" \/>\n\t<meta name=\"twitter:data1\" content=\"rtnews\" \/>\n\t<meta name=\"twitter:label2\" content=\"Gesch\u00e4tzte Lesezeit\" \/>\n\t<meta name=\"twitter:data2\" content=\"5\u00a0Minuten\" \/>\n<script type=\"application\/ld+json\" class=\"yoast-schema-graph\">{\"@context\":\"https:\/\/schema.org\",\"@graph\":[{\"@type\":\"Article\",\"@id\":\"https:\/\/now-news.de\/de\/deutschland\/die-eu-verlangt-dass-sich-der-balkan-fuer-die-richtige-seite-entscheidet\/#article\",\"isPartOf\":{\"@id\":\"https:\/\/now-news.de\/de\/deutschland\/die-eu-verlangt-dass-sich-der-balkan-fuer-die-richtige-seite-entscheidet\/\"},\"author\":{\"name\":\"rtnews\",\"@id\":\"https:\/\/now-news.de\/de\/#\/schema\/person\/fb534a4e865501d8b3285208df34a9b5\"},\"headline\":\"Die EU verlangt, dass sich der Balkan f\u00fcr die &quot;richtige&quot; Seite entscheidet\",\"datePublished\":\"2022-12-12T05:45:43+00:00\",\"dateModified\":\"2022-12-12T05:45:43+00:00\",\"mainEntityOfPage\":{\"@id\":\"https:\/\/now-news.de\/de\/deutschland\/die-eu-verlangt-dass-sich-der-balkan-fuer-die-richtige-seite-entscheidet\/\"},\"wordCount\":1103,\"commentCount\":0,\"publisher\":{\"@id\":\"https:\/\/now-news.de\/de\/#organization\"},\"image\":{\"@id\":\"https:\/\/now-news.de\/de\/deutschland\/die-eu-verlangt-dass-sich-der-balkan-fuer-die-richtige-seite-entscheidet\/#primaryimage\"},\"thumbnailUrl\":\"https:\/\/now-news.de\/de\/wp-content\/uploads\/sites\/3\/2022\/12\/Die-EU-verlangt-dass-sich-der-Balkan-fuer-die-quotrichtigequot.jpg\",\"keywords\":[\"Balkan\",\"dass\",\"der\",\"die\",\"entscheidet\",\"f\u00fcr\",\"quotrichtigequot\",\"Seite\",\"sich\",\"verlangt\"],\"articleSection\":[\"Deutschland\",\"Russland\"],\"inLanguage\":\"de\",\"potentialAction\":[{\"@type\":\"CommentAction\",\"name\":\"Comment\",\"target\":[\"https:\/\/now-news.de\/de\/deutschland\/die-eu-verlangt-dass-sich-der-balkan-fuer-die-richtige-seite-entscheidet\/#respond\"]}]},{\"@type\":\"WebPage\",\"@id\":\"https:\/\/now-news.de\/de\/deutschland\/die-eu-verlangt-dass-sich-der-balkan-fuer-die-richtige-seite-entscheidet\/\",\"url\":\"https:\/\/now-news.de\/de\/deutschland\/die-eu-verlangt-dass-sich-der-balkan-fuer-die-richtige-seite-entscheidet\/\",\"name\":\"Die EU verlangt, dass sich der Balkan f\u00fcr die &quot;richtige&quot; Seite entscheidet - just-now.NEWS Deutschland\",\"isPartOf\":{\"@id\":\"https:\/\/now-news.de\/de\/#website\"},\"primaryImageOfPage\":{\"@id\":\"https:\/\/now-news.de\/de\/deutschland\/die-eu-verlangt-dass-sich-der-balkan-fuer-die-richtige-seite-entscheidet\/#primaryimage\"},\"image\":{\"@id\":\"https:\/\/now-news.de\/de\/deutschland\/die-eu-verlangt-dass-sich-der-balkan-fuer-die-richtige-seite-entscheidet\/#primaryimage\"},\"thumbnailUrl\":\"https:\/\/now-news.de\/de\/wp-content\/uploads\/sites\/3\/2022\/12\/Die-EU-verlangt-dass-sich-der-Balkan-fuer-die-quotrichtigequot.jpg\",\"datePublished\":\"2022-12-12T05:45:43+00:00\",\"dateModified\":\"2022-12-12T05:45:43+00:00\",\"breadcrumb\":{\"@id\":\"https:\/\/now-news.de\/de\/deutschland\/die-eu-verlangt-dass-sich-der-balkan-fuer-die-richtige-seite-entscheidet\/#breadcrumb\"},\"inLanguage\":\"de\",\"potentialAction\":[{\"@type\":\"ReadAction\",\"target\":[\"https:\/\/now-news.de\/de\/deutschland\/die-eu-verlangt-dass-sich-der-balkan-fuer-die-richtige-seite-entscheidet\/\"]}]},{\"@type\":\"ImageObject\",\"inLanguage\":\"de\",\"@id\":\"https:\/\/now-news.de\/de\/deutschland\/die-eu-verlangt-dass-sich-der-balkan-fuer-die-richtige-seite-entscheidet\/#primaryimage\",\"url\":\"https:\/\/now-news.de\/de\/wp-content\/uploads\/sites\/3\/2022\/12\/Die-EU-verlangt-dass-sich-der-Balkan-fuer-die-quotrichtigequot.jpg\",\"contentUrl\":\"https:\/\/now-news.de\/de\/wp-content\/uploads\/sites\/3\/2022\/12\/Die-EU-verlangt-dass-sich-der-Balkan-fuer-die-quotrichtigequot.jpg\",\"width\":460,\"height\":259,\"caption\":\"Die EU verlangt, dass sich der Balkan f\u00fcr die &quot;richtige&quot; Seite entscheidet\"},{\"@type\":\"BreadcrumbList\",\"@id\":\"https:\/\/now-news.de\/de\/deutschland\/die-eu-verlangt-dass-sich-der-balkan-fuer-die-richtige-seite-entscheidet\/#breadcrumb\",\"itemListElement\":[{\"@type\":\"ListItem\",\"position\":1,\"name\":\"Home\",\"item\":\"https:\/\/now-news.de\/de\/\"},{\"@type\":\"ListItem\",\"position\":2,\"name\":\"Die EU verlangt, dass sich der Balkan f\u00fcr die &quot;richtige&quot; Seite entscheidet\"}]},{\"@type\":\"WebSite\",\"@id\":\"https:\/\/now-news.de\/de\/#website\",\"url\":\"https:\/\/now-news.de\/de\/\",\"name\":\"just-now.NEWS Deutschland\",\"description\":\"Das Portal f\u00fcr unzensierte Nachrichten aus der Welt\",\"publisher\":{\"@id\":\"https:\/\/now-news.de\/de\/#organization\"},\"potentialAction\":[{\"@type\":\"SearchAction\",\"target\":{\"@type\":\"EntryPoint\",\"urlTemplate\":\"https:\/\/now-news.de\/de\/?s={search_term_string}\"},\"query-input\":\"required name=search_term_string\"}],\"inLanguage\":\"de\"},{\"@type\":\"Organization\",\"@id\":\"https:\/\/now-news.de\/de\/#organization\",\"name\":\"Just Now News\",\"url\":\"https:\/\/now-news.de\/de\/\",\"logo\":{\"@type\":\"ImageObject\",\"inLanguage\":\"de\",\"@id\":\"https:\/\/now-news.de\/de\/#\/schema\/logo\/image\/\",\"url\":\"http:\/\/just-now.news\/de\/wp-content\/uploads\/sites\/3\/2022\/04\/logo500x500.jpg\",\"contentUrl\":\"http:\/\/just-now.news\/de\/wp-content\/uploads\/sites\/3\/2022\/04\/logo500x500.jpg\",\"width\":500,\"height\":500,\"caption\":\"Just Now News\"},\"image\":{\"@id\":\"https:\/\/now-news.de\/de\/#\/schema\/logo\/image\/\"},\"sameAs\":[\"https:\/\/www.facebook.com\/wirmachenauf\",\"https:\/\/x.com\/WirMachenAuf_de\"]},{\"@type\":\"Person\",\"@id\":\"https:\/\/now-news.de\/de\/#\/schema\/person\/fb534a4e865501d8b3285208df34a9b5\",\"name\":\"rtnews\",\"image\":{\"@type\":\"ImageObject\",\"inLanguage\":\"de\",\"@id\":\"https:\/\/now-news.de\/de\/#\/schema\/person\/image\/\",\"url\":\"https:\/\/secure.gravatar.com\/avatar\/82aafea7d8127119dd649515f56e2117?s=96&d=mm&r=g\",\"contentUrl\":\"https:\/\/secure.gravatar.com\/avatar\/82aafea7d8127119dd649515f56e2117?s=96&d=mm&r=g\",\"caption\":\"rtnews\"},\"url\":\"https:\/\/now-news.de\/de\/author\/rnews\/\"}]}<\/script>\n<!-- \/ Yoast SEO Premium plugin. -->","yoast_head_json":{"title":"Die EU verlangt, dass sich der Balkan f\u00fcr die &quot;richtige&quot; Seite entscheidet - just-now.NEWS Deutschland","robots":{"index":"index","follow":"follow","max-snippet":"max-snippet:-1","max-image-preview":"max-image-preview:large","max-video-preview":"max-video-preview:-1"},"canonical":"https:\/\/now-news.de\/de\/deutschland\/die-eu-verlangt-dass-sich-der-balkan-fuer-die-richtige-seite-entscheidet\/","og_locale":"de_DE","og_type":"article","og_title":"Die EU verlangt, dass sich der Balkan f\u00fcr die &quot;richtige&quot; Seite entscheidet","og_description":"Ursula von der Leyen hat die Wahl potenzieller internationaler Partner der Balkanstaaten als eine Frage von &#8220;Demokratie&#8221; versus &#8220;Autokratie&#8221; formuliert. Damit \u00fcbt die EU-Kommission Druck auf die Anw\u00e4rterstaaten aus, sich geopolitisch gegen Russland zu stellen. Eine Analyse von Rachel Marsden Der Konflikt zwischen Russland und der Ukraine spiegele den Balkan wider, in seinem Kampf zwischen [&hellip;]","og_url":"https:\/\/now-news.de\/de\/deutschland\/die-eu-verlangt-dass-sich-der-balkan-fuer-die-richtige-seite-entscheidet\/","og_site_name":"just-now.NEWS Deutschland","article_publisher":"https:\/\/www.facebook.com\/wirmachenauf","article_published_time":"2022-12-12T05:45:43+00:00","og_image":[{"width":460,"height":259,"url":"https:\/\/now-news.de\/de\/wp-content\/uploads\/sites\/3\/2022\/12\/Die-EU-verlangt-dass-sich-der-Balkan-fuer-die-quotrichtigequot.jpg","type":"image\/jpeg"}],"author":"rtnews","twitter_card":"summary_large_image","twitter_creator":"@WirMachenAuf_de","twitter_site":"@WirMachenAuf_de","twitter_misc":{"Verfasst von":"rtnews","Gesch\u00e4tzte Lesezeit":"5\u00a0Minuten"},"schema":{"@context":"https:\/\/schema.org","@graph":[{"@type":"Article","@id":"https:\/\/now-news.de\/de\/deutschland\/die-eu-verlangt-dass-sich-der-balkan-fuer-die-richtige-seite-entscheidet\/#article","isPartOf":{"@id":"https:\/\/now-news.de\/de\/deutschland\/die-eu-verlangt-dass-sich-der-balkan-fuer-die-richtige-seite-entscheidet\/"},"author":{"name":"rtnews","@id":"https:\/\/now-news.de\/de\/#\/schema\/person\/fb534a4e865501d8b3285208df34a9b5"},"headline":"Die EU verlangt, dass sich der Balkan f\u00fcr die &quot;richtige&quot; Seite entscheidet","datePublished":"2022-12-12T05:45:43+00:00","dateModified":"2022-12-12T05:45:43+00:00","mainEntityOfPage":{"@id":"https:\/\/now-news.de\/de\/deutschland\/die-eu-verlangt-dass-sich-der-balkan-fuer-die-richtige-seite-entscheidet\/"},"wordCount":1103,"commentCount":0,"publisher":{"@id":"https:\/\/now-news.de\/de\/#organization"},"image":{"@id":"https:\/\/now-news.de\/de\/deutschland\/die-eu-verlangt-dass-sich-der-balkan-fuer-die-richtige-seite-entscheidet\/#primaryimage"},"thumbnailUrl":"https:\/\/now-news.de\/de\/wp-content\/uploads\/sites\/3\/2022\/12\/Die-EU-verlangt-dass-sich-der-Balkan-fuer-die-quotrichtigequot.jpg","keywords":["Balkan","dass","der","die","entscheidet","f\u00fcr","quotrichtigequot","Seite","sich","verlangt"],"articleSection":["Deutschland","Russland"],"inLanguage":"de","potentialAction":[{"@type":"CommentAction","name":"Comment","target":["https:\/\/now-news.de\/de\/deutschland\/die-eu-verlangt-dass-sich-der-balkan-fuer-die-richtige-seite-entscheidet\/#respond"]}]},{"@type":"WebPage","@id":"https:\/\/now-news.de\/de\/deutschland\/die-eu-verlangt-dass-sich-der-balkan-fuer-die-richtige-seite-entscheidet\/","url":"https:\/\/now-news.de\/de\/deutschland\/die-eu-verlangt-dass-sich-der-balkan-fuer-die-richtige-seite-entscheidet\/","name":"Die EU verlangt, dass sich der Balkan f\u00fcr die &quot;richtige&quot; Seite entscheidet - just-now.NEWS Deutschland","isPartOf":{"@id":"https:\/\/now-news.de\/de\/#website"},"primaryImageOfPage":{"@id":"https:\/\/now-news.de\/de\/deutschland\/die-eu-verlangt-dass-sich-der-balkan-fuer-die-richtige-seite-entscheidet\/#primaryimage"},"image":{"@id":"https:\/\/now-news.de\/de\/deutschland\/die-eu-verlangt-dass-sich-der-balkan-fuer-die-richtige-seite-entscheidet\/#primaryimage"},"thumbnailUrl":"https:\/\/now-news.de\/de\/wp-content\/uploads\/sites\/3\/2022\/12\/Die-EU-verlangt-dass-sich-der-Balkan-fuer-die-quotrichtigequot.jpg","datePublished":"2022-12-12T05:45:43+00:00","dateModified":"2022-12-12T05:45:43+00:00","breadcrumb":{"@id":"https:\/\/now-news.de\/de\/deutschland\/die-eu-verlangt-dass-sich-der-balkan-fuer-die-richtige-seite-entscheidet\/#breadcrumb"},"inLanguage":"de","potentialAction":[{"@type":"ReadAction","target":["https:\/\/now-news.de\/de\/deutschland\/die-eu-verlangt-dass-sich-der-balkan-fuer-die-richtige-seite-entscheidet\/"]}]},{"@type":"ImageObject","inLanguage":"de","@id":"https:\/\/now-news.de\/de\/deutschland\/die-eu-verlangt-dass-sich-der-balkan-fuer-die-richtige-seite-entscheidet\/#primaryimage","url":"https:\/\/now-news.de\/de\/wp-content\/uploads\/sites\/3\/2022\/12\/Die-EU-verlangt-dass-sich-der-Balkan-fuer-die-quotrichtigequot.jpg","contentUrl":"https:\/\/now-news.de\/de\/wp-content\/uploads\/sites\/3\/2022\/12\/Die-EU-verlangt-dass-sich-der-Balkan-fuer-die-quotrichtigequot.jpg","width":460,"height":259,"caption":"Die EU verlangt, dass sich der Balkan f\u00fcr die &quot;richtige&quot; Seite entscheidet"},{"@type":"BreadcrumbList","@id":"https:\/\/now-news.de\/de\/deutschland\/die-eu-verlangt-dass-sich-der-balkan-fuer-die-richtige-seite-entscheidet\/#breadcrumb","itemListElement":[{"@type":"ListItem","position":1,"name":"Home","item":"https:\/\/now-news.de\/de\/"},{"@type":"ListItem","position":2,"name":"Die EU verlangt, dass sich der Balkan f\u00fcr die &quot;richtige&quot; Seite entscheidet"}]},{"@type":"WebSite","@id":"https:\/\/now-news.de\/de\/#website","url":"https:\/\/now-news.de\/de\/","name":"just-now.NEWS Deutschland","description":"Das Portal f\u00fcr unzensierte Nachrichten aus der Welt","publisher":{"@id":"https:\/\/now-news.de\/de\/#organization"},"potentialAction":[{"@type":"SearchAction","target":{"@type":"EntryPoint","urlTemplate":"https:\/\/now-news.de\/de\/?s={search_term_string}"},"query-input":"required name=search_term_string"}],"inLanguage":"de"},{"@type":"Organization","@id":"https:\/\/now-news.de\/de\/#organization","name":"Just Now News","url":"https:\/\/now-news.de\/de\/","logo":{"@type":"ImageObject","inLanguage":"de","@id":"https:\/\/now-news.de\/de\/#\/schema\/logo\/image\/","url":"http:\/\/just-now.news\/de\/wp-content\/uploads\/sites\/3\/2022\/04\/logo500x500.jpg","contentUrl":"http:\/\/just-now.news\/de\/wp-content\/uploads\/sites\/3\/2022\/04\/logo500x500.jpg","width":500,"height":500,"caption":"Just Now News"},"image":{"@id":"https:\/\/now-news.de\/de\/#\/schema\/logo\/image\/"},"sameAs":["https:\/\/www.facebook.com\/wirmachenauf","https:\/\/x.com\/WirMachenAuf_de"]},{"@type":"Person","@id":"https:\/\/now-news.de\/de\/#\/schema\/person\/fb534a4e865501d8b3285208df34a9b5","name":"rtnews","image":{"@type":"ImageObject","inLanguage":"de","@id":"https:\/\/now-news.de\/de\/#\/schema\/person\/image\/","url":"https:\/\/secure.gravatar.com\/avatar\/82aafea7d8127119dd649515f56e2117?s=96&d=mm&r=g","contentUrl":"https:\/\/secure.gravatar.com\/avatar\/82aafea7d8127119dd649515f56e2117?s=96&d=mm&r=g","caption":"rtnews"},"url":"https:\/\/now-news.de\/de\/author\/rnews\/"}]}},"_links":{"self":[{"href":"https:\/\/now-news.de\/de\/wp-json\/wp\/v2\/posts\/25225"}],"collection":[{"href":"https:\/\/now-news.de\/de\/wp-json\/wp\/v2\/posts"}],"about":[{"href":"https:\/\/now-news.de\/de\/wp-json\/wp\/v2\/types\/post"}],"author":[{"embeddable":true,"href":"https:\/\/now-news.de\/de\/wp-json\/wp\/v2\/users\/3"}],"replies":[{"embeddable":true,"href":"https:\/\/now-news.de\/de\/wp-json\/wp\/v2\/comments?post=25225"}],"version-history":[{"count":0,"href":"https:\/\/now-news.de\/de\/wp-json\/wp\/v2\/posts\/25225\/revisions"}],"wp:featuredmedia":[{"embeddable":true,"href":"https:\/\/now-news.de\/de\/wp-json\/wp\/v2\/media\/25226"}],"wp:attachment":[{"href":"https:\/\/now-news.de\/de\/wp-json\/wp\/v2\/media?parent=25225"}],"wp:term":[{"taxonomy":"category","embeddable":true,"href":"https:\/\/now-news.de\/de\/wp-json\/wp\/v2\/categories?post=25225"},{"taxonomy":"post_tag","embeddable":true,"href":"https:\/\/now-news.de\/de\/wp-json\/wp\/v2\/tags?post=25225"}],"curies":[{"name":"wp","href":"https:\/\/api.w.org\/{rel}","templated":true}]}}