{"id":25221,"date":"2022-12-12T07:30:16","date_gmt":"2022-12-12T05:30:16","guid":{"rendered":"https:\/\/just-now.news\/de\/deutschland\/reichsbuerger-reservistenverband-fordert-degradierung-faeser-will-waffenrecht-verschaerfen\/"},"modified":"2022-12-12T07:30:16","modified_gmt":"2022-12-12T05:30:16","slug":"reichsbuerger-reservistenverband-fordert-degradierung-faeser-will-waffenrecht-verschaerfen","status":"publish","type":"post","link":"https:\/\/now-news.de\/de\/deutschland\/reichsbuerger-reservistenverband-fordert-degradierung-faeser-will-waffenrecht-verschaerfen\/","title":{"rendered":"&quot;Reichsb\u00fcrger&quot;: Reservistenverband fordert Degradierung \u2013 Faeser will Waffenrecht versch\u00e4rfen"},"content":{"rendered":"<p><img decoding=\"async\" src=\"http:\/\/just-now.news\/de\/wp-content\/uploads\/sites\/3\/2022\/12\/63963e69b480cc69431e634d.jpeg\" \/><\/p>\n<div class=\"Text-root Text-type_1 \">\n                Nach der Verhaftung mehrerer Personen, die angeblich einen Staatsstreich geplant haben und der sogenannten &#8220;Reichsb\u00fcrger-Szene&#8221; angeh\u00f6ren sollen, werden Rechtsversch\u00e4rfungen diskutiert. Der Chef des Reservistenverbandes hat nun die unehrenhafte Entlassung &#8220;solcher Menschen&#8221; gefordert und die Innenministerin will das Waffenrecht versch\u00e4rfen.\n            <\/div>\n<p><\/p>\n<div class=\"Text-root Text-type_5 ArticleView-text ViewText-root \">\n<p>Nach Razzien in der &#8220;Reichsb\u00fcrger-Szene&#8221; hat der Verband der Reservisten der Deutschen Bundeswehr vor einem Generalverdacht gegen Mitglieder von Sicherheitsbeh\u00f6rden und Streitkr\u00e4ften gewarnt.<\/p>\n<blockquote>\n<p><em>&#8220;Es gibt kein strukturelles Extremismusproblem bei den Reservisten oder aktiven Soldaten der Bundeswehr. Davon bin ich \u00fcberzeugt&#8221;,<\/em><\/p>\n<\/blockquote>\n<p>sagte Verbandspr\u00e4sident Patrick Sensburg der <em>Rheinischen Post<\/em>\u00a0am Samstag. Ein Generalverdacht sei vollkommen unangebracht. Gleichzeitig forderte Sensburg ein konsequenteres Durchgreifen gegen Menschen wie einen der Festgenommenen, einen Ex-Offizier. Dieser sei bekannt f\u00fcr seine Einstellungen, gegen ihn gebe es Strafverfahren, kritisierte Sensburg:<\/p>\n<blockquote>\n<p><em>&#8220;Und trotzdem l\u00e4uft er weiterhin in Uniform durchs Land und verbreitet seine kruden Theorien und dies bei vollen Pensionsbez\u00fcgen.&#8221;<\/em><\/p>\n<\/blockquote>\n<p>Solche Personen m\u00fcssten seiner Meinung nach &#8220;viel schneller aus dem Dienst entfernt werden samt Streichung der Privilegien, die Staatsbediensteten gew\u00e4hrt werden&#8221;. Sensburg warb f\u00fcr &#8220;mehr Sensibilisierungsma\u00dfnahmen in den robusten Einheiten von Bundeswehr, Polizei und anderen Sicherheitsbeh\u00f6rden&#8221;. Der Vorsitzende des Reservistenverbandes warnte:<\/p>\n<blockquote>\n<p><em>&#8220;Die Mitglieder des Kommando Spezialkr\u00e4fte der Bundeswehr und von Sondereinsatzkommandos der Polizei haben einen harten Job, sind schwer bewaffnet und sehen sich zu Recht als Elite. Das kann aber dazu f\u00fchren, dass sie abheben, sich f\u00fcr etwas Besseres jenseits der \u00fcblichen Regeln halten. Wir brauchen bessere Strukturen innerhalb der Sicherheitsbeh\u00f6rden, um eine Radikalisierung solcher Kr\u00e4fte zu verhindern<\/em>.<em>&#8220;<\/em><\/p>\n<\/blockquote>\n<p>Sensburg ist selbst Politiker und sa\u00df bis 2021 f\u00fcr die CDU des Hochsauerlandkreises im Bundestag. Er flog aus dem Bundestag raus, weil er bei der Aufstellung des Direktkandidaten der CDU Friedrich Merz unterlag.<\/p>\n<p>Unterdessen hat Bundesinnenministerin Nancy Faeser in einem Interview f\u00fcr die <em>Bild<\/em>\u00a0<em>am Sonntag<\/em> eine Versch\u00e4rfung des Waffenrechts angek\u00fcndigt.\u00a0Dieser Schritt sei nach ihrer Auffassung notwendig, um sogenannten &#8220;Reichsb\u00fcrgern&#8221; ihre Waffengenehmigungen zu entziehen. Laut Verfassungsschutz sei deren Anzahl zuletzt auf 23.000 Personen gestiegen, 2.000 mehr als im Vorjahr.<\/p>\n<p>Die Bundesanwaltschaft hatte am Mittwoch in einer der gr\u00f6\u00dften Polizeiaktionen in der Geschichte der Bundesrepublik 25 Menschen festnehmen lassen. 22 von ihnen wirft sie vor, Mitglied einer terroristischen Vereinigung zu sein, die das politische System in Deutschland st\u00fcrzen wollte. Drei gelten als Unterst\u00fctzer. &#8220;Reichsb\u00fcrger&#8221; sind Menschen, die die Bundesrepublik und ihre Strukturen nicht anerkennen.<\/p>\n<p><em>(rt\/dpa)<\/em><\/p>\n<p><strong>Mehr zum Thema<\/strong> &#8211; <a rel=\"nofollow noopener\" target=\"_blank\" href=\"https:\/\/test.rtde.tech\/meinung\/156818-grossrazzia-bei-reichsbuergern-wenn-lachen\/\">Gro\u00dfrazzia bei &#8220;Reichsb\u00fcrgern&#8221;: Wenn das Lachen im Halse stecken bleibt<\/a><\/p>\n<\/div>\n<p><br \/>\n<br \/><a href=\"https:\/\/de.rt.com\/inland\/156948-reichsbuerger-reservistenverband-fordert-degradierung-faeser\/\">Source link <\/a><\/p>\n","protected":false},"excerpt":{"rendered":"<p>Nach der Verhaftung mehrerer Personen, die angeblich einen Staatsstreich geplant haben und der sogenannten &#8220;Reichsb\u00fcrger-Szene&#8221; angeh\u00f6ren sollen, werden Rechtsversch\u00e4rfungen diskutiert. Der Chef des Reservistenverbandes hat nun die unehrenhafte Entlassung &#8220;solcher Menschen&#8221; gefordert und die Innenministerin will das Waffenrecht versch\u00e4rfen. Nach Razzien in der &#8220;Reichsb\u00fcrger-Szene&#8221; hat der Verband der Reservisten der Deutschen Bundeswehr vor einem Generalverdacht [&hellip;]<\/p>\n","protected":false},"author":3,"featured_media":25222,"comment_status":"open","ping_status":"open","sticky":false,"template":"","format":"standard","meta":{"_yoast_indexnow_last_ping":["1670823768"],"wp_automatic_camp":["217"],"f71278993ee164c432197a51b33e69ee":["&quot;Reichsb\u00fcrger&quot;: Reservistenverband fordert Degradierung \u2013 Faeser will Waffenrecht versch\u00e4rfen"],"original_link":["https:\/\/de.rt.com\/inland\/156948-reichsbuerger-reservistenverband-fordert-degradierung-faeser\/"],"_thumbnail_id":["25222"],"_wptgpro_p2tg_sent2tg":["a:1:{i:23737;s:19:\"2022-12-12 07:43:49\";}"],"jnews_social_counter_last_update":["1777826430"]},"categories":[19,23],"tags":[37346,16802,355,37256,37345,22114,37347],"yoast_head":"<!-- This site is optimized with the Yoast SEO Premium plugin v22.7 (Yoast SEO v22.7) - https:\/\/yoast.com\/wordpress\/plugins\/seo\/ -->\n<title>&quot;Reichsb\u00fcrger&quot;: Reservistenverband fordert Degradierung \u2013 Faeser will Waffenrecht versch\u00e4rfen - just-now.NEWS Deutschland<\/title>\n<meta name=\"robots\" content=\"index, follow, max-snippet:-1, max-image-preview:large, max-video-preview:-1\" \/>\n<link rel=\"canonical\" href=\"https:\/\/now-news.de\/de\/deutschland\/reichsbuerger-reservistenverband-fordert-degradierung-faeser-will-waffenrecht-verschaerfen\/\" \/>\n<meta property=\"og:locale\" content=\"de_DE\" \/>\n<meta property=\"og:type\" content=\"article\" \/>\n<meta property=\"og:title\" content=\"&quot;Reichsb\u00fcrger&quot;: Reservistenverband fordert Degradierung \u2013 Faeser will Waffenrecht versch\u00e4rfen\" \/>\n<meta property=\"og:description\" content=\"Nach der Verhaftung mehrerer Personen, die angeblich einen Staatsstreich geplant haben und der sogenannten &#8220;Reichsb\u00fcrger-Szene&#8221; angeh\u00f6ren sollen, werden Rechtsversch\u00e4rfungen diskutiert. Der Chef des Reservistenverbandes hat nun die unehrenhafte Entlassung &#8220;solcher Menschen&#8221; gefordert und die Innenministerin will das Waffenrecht versch\u00e4rfen. Nach Razzien in der &#8220;Reichsb\u00fcrger-Szene&#8221; hat der Verband der Reservisten der Deutschen Bundeswehr vor einem Generalverdacht [&hellip;]\" \/>\n<meta property=\"og:url\" content=\"https:\/\/now-news.de\/de\/deutschland\/reichsbuerger-reservistenverband-fordert-degradierung-faeser-will-waffenrecht-verschaerfen\/\" \/>\n<meta property=\"og:site_name\" content=\"just-now.NEWS Deutschland\" \/>\n<meta property=\"article:publisher\" content=\"https:\/\/www.facebook.com\/wirmachenauf\" \/>\n<meta property=\"article:published_time\" content=\"2022-12-12T05:30:16+00:00\" \/>\n<meta property=\"og:image\" content=\"https:\/\/now-news.de\/de\/wp-content\/uploads\/sites\/3\/2022\/12\/quotReichsbuergerquot-Reservistenverband-fordert-Degradierung-\u2013-Faeser-will-Waffenrecht-verschaerfen.jpeg\" \/>\n\t<meta property=\"og:image:width\" content=\"460\" \/>\n\t<meta property=\"og:image:height\" content=\"259\" \/>\n\t<meta property=\"og:image:type\" content=\"image\/jpeg\" \/>\n<meta name=\"author\" content=\"rtnews\" \/>\n<meta name=\"twitter:card\" content=\"summary_large_image\" \/>\n<meta name=\"twitter:creator\" content=\"@WirMachenAuf_de\" \/>\n<meta name=\"twitter:site\" content=\"@WirMachenAuf_de\" \/>\n<meta name=\"twitter:label1\" content=\"Verfasst von\" \/>\n\t<meta name=\"twitter:data1\" content=\"rtnews\" \/>\n\t<meta name=\"twitter:label2\" content=\"Gesch\u00e4tzte Lesezeit\" \/>\n\t<meta name=\"twitter:data2\" content=\"2\u00a0Minuten\" \/>\n<script type=\"application\/ld+json\" class=\"yoast-schema-graph\">{\"@context\":\"https:\/\/schema.org\",\"@graph\":[{\"@type\":\"Article\",\"@id\":\"https:\/\/now-news.de\/de\/deutschland\/reichsbuerger-reservistenverband-fordert-degradierung-faeser-will-waffenrecht-verschaerfen\/#article\",\"isPartOf\":{\"@id\":\"https:\/\/now-news.de\/de\/deutschland\/reichsbuerger-reservistenverband-fordert-degradierung-faeser-will-waffenrecht-verschaerfen\/\"},\"author\":{\"name\":\"rtnews\",\"@id\":\"https:\/\/now-news.de\/de\/#\/schema\/person\/fb534a4e865501d8b3285208df34a9b5\"},\"headline\":\"&quot;Reichsb\u00fcrger&quot;: Reservistenverband fordert Degradierung \u2013 Faeser will Waffenrecht versch\u00e4rfen\",\"datePublished\":\"2022-12-12T05:30:16+00:00\",\"dateModified\":\"2022-12-12T05:30:16+00:00\",\"mainEntityOfPage\":{\"@id\":\"https:\/\/now-news.de\/de\/deutschland\/reichsbuerger-reservistenverband-fordert-degradierung-faeser-will-waffenrecht-verschaerfen\/\"},\"wordCount\":429,\"commentCount\":0,\"publisher\":{\"@id\":\"https:\/\/now-news.de\/de\/#organization\"},\"image\":{\"@id\":\"https:\/\/now-news.de\/de\/deutschland\/reichsbuerger-reservistenverband-fordert-degradierung-faeser-will-waffenrecht-verschaerfen\/#primaryimage\"},\"thumbnailUrl\":\"https:\/\/now-news.de\/de\/wp-content\/uploads\/sites\/3\/2022\/12\/quotReichsbuergerquot-Reservistenverband-fordert-Degradierung-\u2013-Faeser-will-Waffenrecht-verschaerfen.jpeg\",\"keywords\":[\"Degradierung\",\"Faeser\",\"fordert\",\"quotReichsb\u00fcrgerquot\",\"Reservistenverband\",\"versch\u00e4rfen\",\"Waffenrecht\"],\"articleSection\":[\"Deutschland\",\"Russland\"],\"inLanguage\":\"de\",\"potentialAction\":[{\"@type\":\"CommentAction\",\"name\":\"Comment\",\"target\":[\"https:\/\/now-news.de\/de\/deutschland\/reichsbuerger-reservistenverband-fordert-degradierung-faeser-will-waffenrecht-verschaerfen\/#respond\"]}]},{\"@type\":\"WebPage\",\"@id\":\"https:\/\/now-news.de\/de\/deutschland\/reichsbuerger-reservistenverband-fordert-degradierung-faeser-will-waffenrecht-verschaerfen\/\",\"url\":\"https:\/\/now-news.de\/de\/deutschland\/reichsbuerger-reservistenverband-fordert-degradierung-faeser-will-waffenrecht-verschaerfen\/\",\"name\":\"&quot;Reichsb\u00fcrger&quot;: Reservistenverband fordert Degradierung \u2013 Faeser will Waffenrecht versch\u00e4rfen - just-now.NEWS Deutschland\",\"isPartOf\":{\"@id\":\"https:\/\/now-news.de\/de\/#website\"},\"primaryImageOfPage\":{\"@id\":\"https:\/\/now-news.de\/de\/deutschland\/reichsbuerger-reservistenverband-fordert-degradierung-faeser-will-waffenrecht-verschaerfen\/#primaryimage\"},\"image\":{\"@id\":\"https:\/\/now-news.de\/de\/deutschland\/reichsbuerger-reservistenverband-fordert-degradierung-faeser-will-waffenrecht-verschaerfen\/#primaryimage\"},\"thumbnailUrl\":\"https:\/\/now-news.de\/de\/wp-content\/uploads\/sites\/3\/2022\/12\/quotReichsbuergerquot-Reservistenverband-fordert-Degradierung-\u2013-Faeser-will-Waffenrecht-verschaerfen.jpeg\",\"datePublished\":\"2022-12-12T05:30:16+00:00\",\"dateModified\":\"2022-12-12T05:30:16+00:00\",\"breadcrumb\":{\"@id\":\"https:\/\/now-news.de\/de\/deutschland\/reichsbuerger-reservistenverband-fordert-degradierung-faeser-will-waffenrecht-verschaerfen\/#breadcrumb\"},\"inLanguage\":\"de\",\"potentialAction\":[{\"@type\":\"ReadAction\",\"target\":[\"https:\/\/now-news.de\/de\/deutschland\/reichsbuerger-reservistenverband-fordert-degradierung-faeser-will-waffenrecht-verschaerfen\/\"]}]},{\"@type\":\"ImageObject\",\"inLanguage\":\"de\",\"@id\":\"https:\/\/now-news.de\/de\/deutschland\/reichsbuerger-reservistenverband-fordert-degradierung-faeser-will-waffenrecht-verschaerfen\/#primaryimage\",\"url\":\"https:\/\/now-news.de\/de\/wp-content\/uploads\/sites\/3\/2022\/12\/quotReichsbuergerquot-Reservistenverband-fordert-Degradierung-\u2013-Faeser-will-Waffenrecht-verschaerfen.jpeg\",\"contentUrl\":\"https:\/\/now-news.de\/de\/wp-content\/uploads\/sites\/3\/2022\/12\/quotReichsbuergerquot-Reservistenverband-fordert-Degradierung-\u2013-Faeser-will-Waffenrecht-verschaerfen.jpeg\",\"width\":460,\"height\":259,\"caption\":\"&quot;Reichsb\u00fcrger&quot;: Reservistenverband fordert Degradierung \u2013 Faeser will Waffenrecht versch\u00e4rfen\"},{\"@type\":\"BreadcrumbList\",\"@id\":\"https:\/\/now-news.de\/de\/deutschland\/reichsbuerger-reservistenverband-fordert-degradierung-faeser-will-waffenrecht-verschaerfen\/#breadcrumb\",\"itemListElement\":[{\"@type\":\"ListItem\",\"position\":1,\"name\":\"Home\",\"item\":\"https:\/\/now-news.de\/de\/\"},{\"@type\":\"ListItem\",\"position\":2,\"name\":\"&quot;Reichsb\u00fcrger&quot;: Reservistenverband fordert Degradierung \u2013 Faeser will Waffenrecht versch\u00e4rfen\"}]},{\"@type\":\"WebSite\",\"@id\":\"https:\/\/now-news.de\/de\/#website\",\"url\":\"https:\/\/now-news.de\/de\/\",\"name\":\"just-now.NEWS Deutschland\",\"description\":\"Das Portal f\u00fcr unzensierte Nachrichten aus der Welt\",\"publisher\":{\"@id\":\"https:\/\/now-news.de\/de\/#organization\"},\"potentialAction\":[{\"@type\":\"SearchAction\",\"target\":{\"@type\":\"EntryPoint\",\"urlTemplate\":\"https:\/\/now-news.de\/de\/?s={search_term_string}\"},\"query-input\":\"required name=search_term_string\"}],\"inLanguage\":\"de\"},{\"@type\":\"Organization\",\"@id\":\"https:\/\/now-news.de\/de\/#organization\",\"name\":\"Just Now News\",\"url\":\"https:\/\/now-news.de\/de\/\",\"logo\":{\"@type\":\"ImageObject\",\"inLanguage\":\"de\",\"@id\":\"https:\/\/now-news.de\/de\/#\/schema\/logo\/image\/\",\"url\":\"http:\/\/just-now.news\/de\/wp-content\/uploads\/sites\/3\/2022\/04\/logo500x500.jpg\",\"contentUrl\":\"http:\/\/just-now.news\/de\/wp-content\/uploads\/sites\/3\/2022\/04\/logo500x500.jpg\",\"width\":500,\"height\":500,\"caption\":\"Just Now News\"},\"image\":{\"@id\":\"https:\/\/now-news.de\/de\/#\/schema\/logo\/image\/\"},\"sameAs\":[\"https:\/\/www.facebook.com\/wirmachenauf\",\"https:\/\/x.com\/WirMachenAuf_de\"]},{\"@type\":\"Person\",\"@id\":\"https:\/\/now-news.de\/de\/#\/schema\/person\/fb534a4e865501d8b3285208df34a9b5\",\"name\":\"rtnews\",\"image\":{\"@type\":\"ImageObject\",\"inLanguage\":\"de\",\"@id\":\"https:\/\/now-news.de\/de\/#\/schema\/person\/image\/\",\"url\":\"https:\/\/secure.gravatar.com\/avatar\/82aafea7d8127119dd649515f56e2117?s=96&d=mm&r=g\",\"contentUrl\":\"https:\/\/secure.gravatar.com\/avatar\/82aafea7d8127119dd649515f56e2117?s=96&d=mm&r=g\",\"caption\":\"rtnews\"},\"url\":\"https:\/\/now-news.de\/de\/author\/rnews\/\"}]}<\/script>\n<!-- \/ Yoast SEO Premium plugin. -->","yoast_head_json":{"title":"&quot;Reichsb\u00fcrger&quot;: Reservistenverband fordert Degradierung \u2013 Faeser will Waffenrecht versch\u00e4rfen - just-now.NEWS Deutschland","robots":{"index":"index","follow":"follow","max-snippet":"max-snippet:-1","max-image-preview":"max-image-preview:large","max-video-preview":"max-video-preview:-1"},"canonical":"https:\/\/now-news.de\/de\/deutschland\/reichsbuerger-reservistenverband-fordert-degradierung-faeser-will-waffenrecht-verschaerfen\/","og_locale":"de_DE","og_type":"article","og_title":"&quot;Reichsb\u00fcrger&quot;: Reservistenverband fordert Degradierung \u2013 Faeser will Waffenrecht versch\u00e4rfen","og_description":"Nach der Verhaftung mehrerer Personen, die angeblich einen Staatsstreich geplant haben und der sogenannten &#8220;Reichsb\u00fcrger-Szene&#8221; angeh\u00f6ren sollen, werden Rechtsversch\u00e4rfungen diskutiert. Der Chef des Reservistenverbandes hat nun die unehrenhafte Entlassung &#8220;solcher Menschen&#8221; gefordert und die Innenministerin will das Waffenrecht versch\u00e4rfen. Nach Razzien in der &#8220;Reichsb\u00fcrger-Szene&#8221; hat der Verband der Reservisten der Deutschen Bundeswehr vor einem Generalverdacht [&hellip;]","og_url":"https:\/\/now-news.de\/de\/deutschland\/reichsbuerger-reservistenverband-fordert-degradierung-faeser-will-waffenrecht-verschaerfen\/","og_site_name":"just-now.NEWS Deutschland","article_publisher":"https:\/\/www.facebook.com\/wirmachenauf","article_published_time":"2022-12-12T05:30:16+00:00","og_image":[{"width":460,"height":259,"url":"https:\/\/now-news.de\/de\/wp-content\/uploads\/sites\/3\/2022\/12\/quotReichsbuergerquot-Reservistenverband-fordert-Degradierung-\u2013-Faeser-will-Waffenrecht-verschaerfen.jpeg","type":"image\/jpeg"}],"author":"rtnews","twitter_card":"summary_large_image","twitter_creator":"@WirMachenAuf_de","twitter_site":"@WirMachenAuf_de","twitter_misc":{"Verfasst von":"rtnews","Gesch\u00e4tzte Lesezeit":"2\u00a0Minuten"},"schema":{"@context":"https:\/\/schema.org","@graph":[{"@type":"Article","@id":"https:\/\/now-news.de\/de\/deutschland\/reichsbuerger-reservistenverband-fordert-degradierung-faeser-will-waffenrecht-verschaerfen\/#article","isPartOf":{"@id":"https:\/\/now-news.de\/de\/deutschland\/reichsbuerger-reservistenverband-fordert-degradierung-faeser-will-waffenrecht-verschaerfen\/"},"author":{"name":"rtnews","@id":"https:\/\/now-news.de\/de\/#\/schema\/person\/fb534a4e865501d8b3285208df34a9b5"},"headline":"&quot;Reichsb\u00fcrger&quot;: Reservistenverband fordert Degradierung \u2013 Faeser will Waffenrecht versch\u00e4rfen","datePublished":"2022-12-12T05:30:16+00:00","dateModified":"2022-12-12T05:30:16+00:00","mainEntityOfPage":{"@id":"https:\/\/now-news.de\/de\/deutschland\/reichsbuerger-reservistenverband-fordert-degradierung-faeser-will-waffenrecht-verschaerfen\/"},"wordCount":429,"commentCount":0,"publisher":{"@id":"https:\/\/now-news.de\/de\/#organization"},"image":{"@id":"https:\/\/now-news.de\/de\/deutschland\/reichsbuerger-reservistenverband-fordert-degradierung-faeser-will-waffenrecht-verschaerfen\/#primaryimage"},"thumbnailUrl":"https:\/\/now-news.de\/de\/wp-content\/uploads\/sites\/3\/2022\/12\/quotReichsbuergerquot-Reservistenverband-fordert-Degradierung-\u2013-Faeser-will-Waffenrecht-verschaerfen.jpeg","keywords":["Degradierung","Faeser","fordert","quotReichsb\u00fcrgerquot","Reservistenverband","versch\u00e4rfen","Waffenrecht"],"articleSection":["Deutschland","Russland"],"inLanguage":"de","potentialAction":[{"@type":"CommentAction","name":"Comment","target":["https:\/\/now-news.de\/de\/deutschland\/reichsbuerger-reservistenverband-fordert-degradierung-faeser-will-waffenrecht-verschaerfen\/#respond"]}]},{"@type":"WebPage","@id":"https:\/\/now-news.de\/de\/deutschland\/reichsbuerger-reservistenverband-fordert-degradierung-faeser-will-waffenrecht-verschaerfen\/","url":"https:\/\/now-news.de\/de\/deutschland\/reichsbuerger-reservistenverband-fordert-degradierung-faeser-will-waffenrecht-verschaerfen\/","name":"&quot;Reichsb\u00fcrger&quot;: Reservistenverband fordert Degradierung \u2013 Faeser will Waffenrecht versch\u00e4rfen - just-now.NEWS Deutschland","isPartOf":{"@id":"https:\/\/now-news.de\/de\/#website"},"primaryImageOfPage":{"@id":"https:\/\/now-news.de\/de\/deutschland\/reichsbuerger-reservistenverband-fordert-degradierung-faeser-will-waffenrecht-verschaerfen\/#primaryimage"},"image":{"@id":"https:\/\/now-news.de\/de\/deutschland\/reichsbuerger-reservistenverband-fordert-degradierung-faeser-will-waffenrecht-verschaerfen\/#primaryimage"},"thumbnailUrl":"https:\/\/now-news.de\/de\/wp-content\/uploads\/sites\/3\/2022\/12\/quotReichsbuergerquot-Reservistenverband-fordert-Degradierung-\u2013-Faeser-will-Waffenrecht-verschaerfen.jpeg","datePublished":"2022-12-12T05:30:16+00:00","dateModified":"2022-12-12T05:30:16+00:00","breadcrumb":{"@id":"https:\/\/now-news.de\/de\/deutschland\/reichsbuerger-reservistenverband-fordert-degradierung-faeser-will-waffenrecht-verschaerfen\/#breadcrumb"},"inLanguage":"de","potentialAction":[{"@type":"ReadAction","target":["https:\/\/now-news.de\/de\/deutschland\/reichsbuerger-reservistenverband-fordert-degradierung-faeser-will-waffenrecht-verschaerfen\/"]}]},{"@type":"ImageObject","inLanguage":"de","@id":"https:\/\/now-news.de\/de\/deutschland\/reichsbuerger-reservistenverband-fordert-degradierung-faeser-will-waffenrecht-verschaerfen\/#primaryimage","url":"https:\/\/now-news.de\/de\/wp-content\/uploads\/sites\/3\/2022\/12\/quotReichsbuergerquot-Reservistenverband-fordert-Degradierung-\u2013-Faeser-will-Waffenrecht-verschaerfen.jpeg","contentUrl":"https:\/\/now-news.de\/de\/wp-content\/uploads\/sites\/3\/2022\/12\/quotReichsbuergerquot-Reservistenverband-fordert-Degradierung-\u2013-Faeser-will-Waffenrecht-verschaerfen.jpeg","width":460,"height":259,"caption":"&quot;Reichsb\u00fcrger&quot;: Reservistenverband fordert Degradierung \u2013 Faeser will Waffenrecht versch\u00e4rfen"},{"@type":"BreadcrumbList","@id":"https:\/\/now-news.de\/de\/deutschland\/reichsbuerger-reservistenverband-fordert-degradierung-faeser-will-waffenrecht-verschaerfen\/#breadcrumb","itemListElement":[{"@type":"ListItem","position":1,"name":"Home","item":"https:\/\/now-news.de\/de\/"},{"@type":"ListItem","position":2,"name":"&quot;Reichsb\u00fcrger&quot;: Reservistenverband fordert Degradierung \u2013 Faeser will Waffenrecht versch\u00e4rfen"}]},{"@type":"WebSite","@id":"https:\/\/now-news.de\/de\/#website","url":"https:\/\/now-news.de\/de\/","name":"just-now.NEWS Deutschland","description":"Das Portal f\u00fcr unzensierte Nachrichten aus der Welt","publisher":{"@id":"https:\/\/now-news.de\/de\/#organization"},"potentialAction":[{"@type":"SearchAction","target":{"@type":"EntryPoint","urlTemplate":"https:\/\/now-news.de\/de\/?s={search_term_string}"},"query-input":"required name=search_term_string"}],"inLanguage":"de"},{"@type":"Organization","@id":"https:\/\/now-news.de\/de\/#organization","name":"Just Now News","url":"https:\/\/now-news.de\/de\/","logo":{"@type":"ImageObject","inLanguage":"de","@id":"https:\/\/now-news.de\/de\/#\/schema\/logo\/image\/","url":"http:\/\/just-now.news\/de\/wp-content\/uploads\/sites\/3\/2022\/04\/logo500x500.jpg","contentUrl":"http:\/\/just-now.news\/de\/wp-content\/uploads\/sites\/3\/2022\/04\/logo500x500.jpg","width":500,"height":500,"caption":"Just Now News"},"image":{"@id":"https:\/\/now-news.de\/de\/#\/schema\/logo\/image\/"},"sameAs":["https:\/\/www.facebook.com\/wirmachenauf","https:\/\/x.com\/WirMachenAuf_de"]},{"@type":"Person","@id":"https:\/\/now-news.de\/de\/#\/schema\/person\/fb534a4e865501d8b3285208df34a9b5","name":"rtnews","image":{"@type":"ImageObject","inLanguage":"de","@id":"https:\/\/now-news.de\/de\/#\/schema\/person\/image\/","url":"https:\/\/secure.gravatar.com\/avatar\/82aafea7d8127119dd649515f56e2117?s=96&d=mm&r=g","contentUrl":"https:\/\/secure.gravatar.com\/avatar\/82aafea7d8127119dd649515f56e2117?s=96&d=mm&r=g","caption":"rtnews"},"url":"https:\/\/now-news.de\/de\/author\/rnews\/"}]}},"_links":{"self":[{"href":"https:\/\/now-news.de\/de\/wp-json\/wp\/v2\/posts\/25221"}],"collection":[{"href":"https:\/\/now-news.de\/de\/wp-json\/wp\/v2\/posts"}],"about":[{"href":"https:\/\/now-news.de\/de\/wp-json\/wp\/v2\/types\/post"}],"author":[{"embeddable":true,"href":"https:\/\/now-news.de\/de\/wp-json\/wp\/v2\/users\/3"}],"replies":[{"embeddable":true,"href":"https:\/\/now-news.de\/de\/wp-json\/wp\/v2\/comments?post=25221"}],"version-history":[{"count":0,"href":"https:\/\/now-news.de\/de\/wp-json\/wp\/v2\/posts\/25221\/revisions"}],"wp:featuredmedia":[{"embeddable":true,"href":"https:\/\/now-news.de\/de\/wp-json\/wp\/v2\/media\/25222"}],"wp:attachment":[{"href":"https:\/\/now-news.de\/de\/wp-json\/wp\/v2\/media?parent=25221"}],"wp:term":[{"taxonomy":"category","embeddable":true,"href":"https:\/\/now-news.de\/de\/wp-json\/wp\/v2\/categories?post=25221"},{"taxonomy":"post_tag","embeddable":true,"href":"https:\/\/now-news.de\/de\/wp-json\/wp\/v2\/tags?post=25221"}],"curies":[{"name":"wp","href":"https:\/\/api.w.org\/{rel}","templated":true}]}}