{"id":25211,"date":"2022-12-11T21:47:39","date_gmt":"2022-12-11T19:47:39","guid":{"rendered":"https:\/\/just-now.news\/de\/deutschland\/korruptionsskandal-im-eu-parlament-haftbefehl-gegen-vier-verdaechtige\/"},"modified":"2022-12-11T21:47:39","modified_gmt":"2022-12-11T19:47:39","slug":"korruptionsskandal-im-eu-parlament-haftbefehl-gegen-vier-verdaechtige","status":"publish","type":"post","link":"https:\/\/now-news.de\/de\/deutschland\/korruptionsskandal-im-eu-parlament-haftbefehl-gegen-vier-verdaechtige\/","title":{"rendered":"Korruptionsskandal im EU-Parlament: Haftbefehl gegen vier Verd\u00e4chtige"},"content":{"rendered":"<p><img decoding=\"async\" src=\"http:\/\/just-now.news\/de\/wp-content\/uploads\/sites\/3\/2022\/12\/6395decdb480cc1f330474d9.jpg\" \/><\/p>\n<div class=\"Text-root Text-type_1 \">\n                Taschen voller Geld wurden laut einem Medienbericht bei der festgenommenen griechischen Vizepr\u00e4sidentin des EU-Parlaments Eva Kaili beschlagnahmt. Nun gibt es erste Haftbefehle. Weitet sich der Korruptionsskandal, in den Katar verwickelt sein soll, noch aus?\n            <\/div>\n<p><\/p>\n<div class=\"Text-root Text-type_5 ArticleView-text ViewText-root \">\n<p>Im Zusammenhang mit dem Korruptionsskandal im Europaparlament hat die belgische Justiz Haftbefehl gegen vier Verd\u00e4chtige erlassen.<\/p>\n<blockquote>\n<p>&#8220;<em>Sie werden der Beteiligung an einer kriminellen Vereinigung, der Geldw\u00e4sche und der Korruption beschuldigt<\/em>&#8220;,<\/p>\n<\/blockquote>\n<p>teilte die Staatsanwaltschaft am Sonntag in Br\u00fcssel mit. Offen blieb zun\u00e4chst, ob auch die festgenommene Parlaments-Vizepr\u00e4sidentin Eva Kaili dazu geh\u00f6rt. Zwei weitere Festgenommene seien vom Untersuchungsrichter wieder freigelassen worden. Zudem sei am Samstagabend das Haus eines weiteren Europa-Abgeordneten durchsucht worden. Weitere Angaben werde man zum jetzigen Zeitpunkt nicht machen, hie\u00df es von der belgischen Justiz. Auch zur Identit\u00e4t des weiteren Abgeordneten gab es keine Informationen.<\/p>\n<p>Hintergrund ist einer der gr\u00f6\u00dften Korruptionsskandale in der Geschichte des EU-Parlaments. Es geht um Ermittlungen wegen mutma\u00dflicher Bestechung und Bestechlichkeit, Geldw\u00e4sche und versuchter Einflussnahme auf politische Entscheidungen durch das Emirat Katar, den Gastgeber der laufenden Fu\u00dfball-WM. Am Freitag gab es deswegen mindestens 16 Durchsuchungen und am Wochenende sechs Festnahmen.<\/p>\n<p><em>(rt\/dpa)<\/em><\/p>\n<p><strong>Mehr zum Thema<\/strong> &#8211; <a rel=\"nofollow noopener\" target=\"_blank\" href=\"https:\/\/test.rtde.tech\/europa\/156861-korruptionsverdacht-vizepraesidentin-eu-parlaments-festgenommen\/\">Korruptionsverdacht: Vizepr\u00e4sidentin des EU-Parlaments festgenommen<\/a><\/p>\n<\/div>\n<p><br \/>\n<br \/><a href=\"https:\/\/de.rt.com\/europa\/156920-korruptionsskandal-im-eu-parlament-haftbefehl\/\">Source link <\/a><\/p>\n","protected":false},"excerpt":{"rendered":"<p>Taschen voller Geld wurden laut einem Medienbericht bei der festgenommenen griechischen Vizepr\u00e4sidentin des EU-Parlaments Eva Kaili beschlagnahmt. Nun gibt es erste Haftbefehle. Weitet sich der Korruptionsskandal, in den Katar verwickelt sein soll, noch aus? Im Zusammenhang mit dem Korruptionsskandal im Europaparlament hat die belgische Justiz Haftbefehl gegen vier Verd\u00e4chtige erlassen. &#8220;Sie werden der Beteiligung an [&hellip;]<\/p>\n","protected":false},"author":3,"featured_media":25212,"comment_status":"open","ping_status":"open","sticky":false,"template":"","format":"standard","meta":{"_yoast_indexnow_last_ping":["1670788132"],"wp_automatic_camp":["217"],"8f2f64b5939837ab3b9e023fc9997946":["Korruptionsskandal im EU-Parlament: Haftbefehl gegen vier Verd\u00e4chtige"],"original_link":["https:\/\/de.rt.com\/europa\/156920-korruptionsskandal-im-eu-parlament-haftbefehl\/"],"_thumbnail_id":["25212"],"_wptgpro_p2tg_sent2tg":["a:1:{i:23737;s:19:\"2022-12-11 21:49:46\";}"],"jnews_social_counter_last_update":["1777598681"]},"categories":[19,23],"tags":[20898,278,26011,37340,22436,3232],"yoast_head":"<!-- This site is optimized with the Yoast SEO Premium plugin v22.7 (Yoast SEO v22.7) - https:\/\/yoast.com\/wordpress\/plugins\/seo\/ -->\n<title>Korruptionsskandal im EU-Parlament: Haftbefehl gegen vier Verd\u00e4chtige - just-now.NEWS Deutschland<\/title>\n<meta name=\"robots\" content=\"index, follow, max-snippet:-1, max-image-preview:large, max-video-preview:-1\" \/>\n<link rel=\"canonical\" href=\"https:\/\/now-news.de\/de\/deutschland\/korruptionsskandal-im-eu-parlament-haftbefehl-gegen-vier-verdaechtige\/\" \/>\n<meta property=\"og:locale\" content=\"de_DE\" \/>\n<meta property=\"og:type\" content=\"article\" \/>\n<meta property=\"og:title\" content=\"Korruptionsskandal im EU-Parlament: Haftbefehl gegen vier Verd\u00e4chtige\" \/>\n<meta property=\"og:description\" content=\"Taschen voller Geld wurden laut einem Medienbericht bei der festgenommenen griechischen Vizepr\u00e4sidentin des EU-Parlaments Eva Kaili beschlagnahmt. Nun gibt es erste Haftbefehle. Weitet sich der Korruptionsskandal, in den Katar verwickelt sein soll, noch aus? Im Zusammenhang mit dem Korruptionsskandal im Europaparlament hat die belgische Justiz Haftbefehl gegen vier Verd\u00e4chtige erlassen. &#8220;Sie werden der Beteiligung an [&hellip;]\" \/>\n<meta property=\"og:url\" content=\"https:\/\/now-news.de\/de\/deutschland\/korruptionsskandal-im-eu-parlament-haftbefehl-gegen-vier-verdaechtige\/\" \/>\n<meta property=\"og:site_name\" content=\"just-now.NEWS Deutschland\" \/>\n<meta property=\"article:publisher\" content=\"https:\/\/www.facebook.com\/wirmachenauf\" \/>\n<meta property=\"article:published_time\" content=\"2022-12-11T19:47:39+00:00\" \/>\n<meta property=\"og:image\" content=\"https:\/\/now-news.de\/de\/wp-content\/uploads\/sites\/3\/2022\/12\/Korruptionsskandal-im-EU-Parlament-Haftbefehl-gegen-vier-Verdaechtige.jpg\" \/>\n\t<meta property=\"og:image:width\" content=\"460\" \/>\n\t<meta property=\"og:image:height\" content=\"259\" \/>\n\t<meta property=\"og:image:type\" content=\"image\/jpeg\" \/>\n<meta name=\"author\" content=\"rtnews\" \/>\n<meta name=\"twitter:card\" content=\"summary_large_image\" \/>\n<meta name=\"twitter:creator\" content=\"@WirMachenAuf_de\" \/>\n<meta name=\"twitter:site\" content=\"@WirMachenAuf_de\" \/>\n<meta name=\"twitter:label1\" content=\"Verfasst von\" \/>\n\t<meta name=\"twitter:data1\" content=\"rtnews\" \/>\n\t<meta name=\"twitter:label2\" content=\"Gesch\u00e4tzte Lesezeit\" \/>\n\t<meta name=\"twitter:data2\" content=\"1\u00a0Minute\" \/>\n<script type=\"application\/ld+json\" class=\"yoast-schema-graph\">{\"@context\":\"https:\/\/schema.org\",\"@graph\":[{\"@type\":\"Article\",\"@id\":\"https:\/\/now-news.de\/de\/deutschland\/korruptionsskandal-im-eu-parlament-haftbefehl-gegen-vier-verdaechtige\/#article\",\"isPartOf\":{\"@id\":\"https:\/\/now-news.de\/de\/deutschland\/korruptionsskandal-im-eu-parlament-haftbefehl-gegen-vier-verdaechtige\/\"},\"author\":{\"name\":\"rtnews\",\"@id\":\"https:\/\/now-news.de\/de\/#\/schema\/person\/fb534a4e865501d8b3285208df34a9b5\"},\"headline\":\"Korruptionsskandal im EU-Parlament: Haftbefehl gegen vier Verd\u00e4chtige\",\"datePublished\":\"2022-12-11T19:47:39+00:00\",\"dateModified\":\"2022-12-11T19:47:39+00:00\",\"mainEntityOfPage\":{\"@id\":\"https:\/\/now-news.de\/de\/deutschland\/korruptionsskandal-im-eu-parlament-haftbefehl-gegen-vier-verdaechtige\/\"},\"wordCount\":212,\"commentCount\":0,\"publisher\":{\"@id\":\"https:\/\/now-news.de\/de\/#organization\"},\"image\":{\"@id\":\"https:\/\/now-news.de\/de\/deutschland\/korruptionsskandal-im-eu-parlament-haftbefehl-gegen-vier-verdaechtige\/#primaryimage\"},\"thumbnailUrl\":\"https:\/\/now-news.de\/de\/wp-content\/uploads\/sites\/3\/2022\/12\/Korruptionsskandal-im-EU-Parlament-Haftbefehl-gegen-vier-Verdaechtige.jpg\",\"keywords\":[\"EUParlament\",\"gegen\",\"Haftbefehl\",\"Korruptionsskandal\",\"Verd\u00e4chtige\",\"vier\"],\"articleSection\":[\"Deutschland\",\"Russland\"],\"inLanguage\":\"de\",\"potentialAction\":[{\"@type\":\"CommentAction\",\"name\":\"Comment\",\"target\":[\"https:\/\/now-news.de\/de\/deutschland\/korruptionsskandal-im-eu-parlament-haftbefehl-gegen-vier-verdaechtige\/#respond\"]}]},{\"@type\":\"WebPage\",\"@id\":\"https:\/\/now-news.de\/de\/deutschland\/korruptionsskandal-im-eu-parlament-haftbefehl-gegen-vier-verdaechtige\/\",\"url\":\"https:\/\/now-news.de\/de\/deutschland\/korruptionsskandal-im-eu-parlament-haftbefehl-gegen-vier-verdaechtige\/\",\"name\":\"Korruptionsskandal im EU-Parlament: Haftbefehl gegen vier Verd\u00e4chtige - just-now.NEWS Deutschland\",\"isPartOf\":{\"@id\":\"https:\/\/now-news.de\/de\/#website\"},\"primaryImageOfPage\":{\"@id\":\"https:\/\/now-news.de\/de\/deutschland\/korruptionsskandal-im-eu-parlament-haftbefehl-gegen-vier-verdaechtige\/#primaryimage\"},\"image\":{\"@id\":\"https:\/\/now-news.de\/de\/deutschland\/korruptionsskandal-im-eu-parlament-haftbefehl-gegen-vier-verdaechtige\/#primaryimage\"},\"thumbnailUrl\":\"https:\/\/now-news.de\/de\/wp-content\/uploads\/sites\/3\/2022\/12\/Korruptionsskandal-im-EU-Parlament-Haftbefehl-gegen-vier-Verdaechtige.jpg\",\"datePublished\":\"2022-12-11T19:47:39+00:00\",\"dateModified\":\"2022-12-11T19:47:39+00:00\",\"breadcrumb\":{\"@id\":\"https:\/\/now-news.de\/de\/deutschland\/korruptionsskandal-im-eu-parlament-haftbefehl-gegen-vier-verdaechtige\/#breadcrumb\"},\"inLanguage\":\"de\",\"potentialAction\":[{\"@type\":\"ReadAction\",\"target\":[\"https:\/\/now-news.de\/de\/deutschland\/korruptionsskandal-im-eu-parlament-haftbefehl-gegen-vier-verdaechtige\/\"]}]},{\"@type\":\"ImageObject\",\"inLanguage\":\"de\",\"@id\":\"https:\/\/now-news.de\/de\/deutschland\/korruptionsskandal-im-eu-parlament-haftbefehl-gegen-vier-verdaechtige\/#primaryimage\",\"url\":\"https:\/\/now-news.de\/de\/wp-content\/uploads\/sites\/3\/2022\/12\/Korruptionsskandal-im-EU-Parlament-Haftbefehl-gegen-vier-Verdaechtige.jpg\",\"contentUrl\":\"https:\/\/now-news.de\/de\/wp-content\/uploads\/sites\/3\/2022\/12\/Korruptionsskandal-im-EU-Parlament-Haftbefehl-gegen-vier-Verdaechtige.jpg\",\"width\":460,\"height\":259,\"caption\":\"Korruptionsskandal im EU-Parlament: Haftbefehl gegen vier Verd\u00e4chtige\"},{\"@type\":\"BreadcrumbList\",\"@id\":\"https:\/\/now-news.de\/de\/deutschland\/korruptionsskandal-im-eu-parlament-haftbefehl-gegen-vier-verdaechtige\/#breadcrumb\",\"itemListElement\":[{\"@type\":\"ListItem\",\"position\":1,\"name\":\"Home\",\"item\":\"https:\/\/now-news.de\/de\/\"},{\"@type\":\"ListItem\",\"position\":2,\"name\":\"Korruptionsskandal im EU-Parlament: Haftbefehl gegen vier Verd\u00e4chtige\"}]},{\"@type\":\"WebSite\",\"@id\":\"https:\/\/now-news.de\/de\/#website\",\"url\":\"https:\/\/now-news.de\/de\/\",\"name\":\"just-now.NEWS Deutschland\",\"description\":\"Das Portal f\u00fcr unzensierte Nachrichten aus der Welt\",\"publisher\":{\"@id\":\"https:\/\/now-news.de\/de\/#organization\"},\"potentialAction\":[{\"@type\":\"SearchAction\",\"target\":{\"@type\":\"EntryPoint\",\"urlTemplate\":\"https:\/\/now-news.de\/de\/?s={search_term_string}\"},\"query-input\":\"required name=search_term_string\"}],\"inLanguage\":\"de\"},{\"@type\":\"Organization\",\"@id\":\"https:\/\/now-news.de\/de\/#organization\",\"name\":\"Just Now News\",\"url\":\"https:\/\/now-news.de\/de\/\",\"logo\":{\"@type\":\"ImageObject\",\"inLanguage\":\"de\",\"@id\":\"https:\/\/now-news.de\/de\/#\/schema\/logo\/image\/\",\"url\":\"http:\/\/just-now.news\/de\/wp-content\/uploads\/sites\/3\/2022\/04\/logo500x500.jpg\",\"contentUrl\":\"http:\/\/just-now.news\/de\/wp-content\/uploads\/sites\/3\/2022\/04\/logo500x500.jpg\",\"width\":500,\"height\":500,\"caption\":\"Just Now News\"},\"image\":{\"@id\":\"https:\/\/now-news.de\/de\/#\/schema\/logo\/image\/\"},\"sameAs\":[\"https:\/\/www.facebook.com\/wirmachenauf\",\"https:\/\/x.com\/WirMachenAuf_de\"]},{\"@type\":\"Person\",\"@id\":\"https:\/\/now-news.de\/de\/#\/schema\/person\/fb534a4e865501d8b3285208df34a9b5\",\"name\":\"rtnews\",\"image\":{\"@type\":\"ImageObject\",\"inLanguage\":\"de\",\"@id\":\"https:\/\/now-news.de\/de\/#\/schema\/person\/image\/\",\"url\":\"https:\/\/secure.gravatar.com\/avatar\/82aafea7d8127119dd649515f56e2117?s=96&d=mm&r=g\",\"contentUrl\":\"https:\/\/secure.gravatar.com\/avatar\/82aafea7d8127119dd649515f56e2117?s=96&d=mm&r=g\",\"caption\":\"rtnews\"},\"url\":\"https:\/\/now-news.de\/de\/author\/rnews\/\"}]}<\/script>\n<!-- \/ Yoast SEO Premium plugin. -->","yoast_head_json":{"title":"Korruptionsskandal im EU-Parlament: Haftbefehl gegen vier Verd\u00e4chtige - just-now.NEWS Deutschland","robots":{"index":"index","follow":"follow","max-snippet":"max-snippet:-1","max-image-preview":"max-image-preview:large","max-video-preview":"max-video-preview:-1"},"canonical":"https:\/\/now-news.de\/de\/deutschland\/korruptionsskandal-im-eu-parlament-haftbefehl-gegen-vier-verdaechtige\/","og_locale":"de_DE","og_type":"article","og_title":"Korruptionsskandal im EU-Parlament: Haftbefehl gegen vier Verd\u00e4chtige","og_description":"Taschen voller Geld wurden laut einem Medienbericht bei der festgenommenen griechischen Vizepr\u00e4sidentin des EU-Parlaments Eva Kaili beschlagnahmt. Nun gibt es erste Haftbefehle. Weitet sich der Korruptionsskandal, in den Katar verwickelt sein soll, noch aus? Im Zusammenhang mit dem Korruptionsskandal im Europaparlament hat die belgische Justiz Haftbefehl gegen vier Verd\u00e4chtige erlassen. &#8220;Sie werden der Beteiligung an [&hellip;]","og_url":"https:\/\/now-news.de\/de\/deutschland\/korruptionsskandal-im-eu-parlament-haftbefehl-gegen-vier-verdaechtige\/","og_site_name":"just-now.NEWS Deutschland","article_publisher":"https:\/\/www.facebook.com\/wirmachenauf","article_published_time":"2022-12-11T19:47:39+00:00","og_image":[{"width":460,"height":259,"url":"https:\/\/now-news.de\/de\/wp-content\/uploads\/sites\/3\/2022\/12\/Korruptionsskandal-im-EU-Parlament-Haftbefehl-gegen-vier-Verdaechtige.jpg","type":"image\/jpeg"}],"author":"rtnews","twitter_card":"summary_large_image","twitter_creator":"@WirMachenAuf_de","twitter_site":"@WirMachenAuf_de","twitter_misc":{"Verfasst von":"rtnews","Gesch\u00e4tzte Lesezeit":"1\u00a0Minute"},"schema":{"@context":"https:\/\/schema.org","@graph":[{"@type":"Article","@id":"https:\/\/now-news.de\/de\/deutschland\/korruptionsskandal-im-eu-parlament-haftbefehl-gegen-vier-verdaechtige\/#article","isPartOf":{"@id":"https:\/\/now-news.de\/de\/deutschland\/korruptionsskandal-im-eu-parlament-haftbefehl-gegen-vier-verdaechtige\/"},"author":{"name":"rtnews","@id":"https:\/\/now-news.de\/de\/#\/schema\/person\/fb534a4e865501d8b3285208df34a9b5"},"headline":"Korruptionsskandal im EU-Parlament: Haftbefehl gegen vier Verd\u00e4chtige","datePublished":"2022-12-11T19:47:39+00:00","dateModified":"2022-12-11T19:47:39+00:00","mainEntityOfPage":{"@id":"https:\/\/now-news.de\/de\/deutschland\/korruptionsskandal-im-eu-parlament-haftbefehl-gegen-vier-verdaechtige\/"},"wordCount":212,"commentCount":0,"publisher":{"@id":"https:\/\/now-news.de\/de\/#organization"},"image":{"@id":"https:\/\/now-news.de\/de\/deutschland\/korruptionsskandal-im-eu-parlament-haftbefehl-gegen-vier-verdaechtige\/#primaryimage"},"thumbnailUrl":"https:\/\/now-news.de\/de\/wp-content\/uploads\/sites\/3\/2022\/12\/Korruptionsskandal-im-EU-Parlament-Haftbefehl-gegen-vier-Verdaechtige.jpg","keywords":["EUParlament","gegen","Haftbefehl","Korruptionsskandal","Verd\u00e4chtige","vier"],"articleSection":["Deutschland","Russland"],"inLanguage":"de","potentialAction":[{"@type":"CommentAction","name":"Comment","target":["https:\/\/now-news.de\/de\/deutschland\/korruptionsskandal-im-eu-parlament-haftbefehl-gegen-vier-verdaechtige\/#respond"]}]},{"@type":"WebPage","@id":"https:\/\/now-news.de\/de\/deutschland\/korruptionsskandal-im-eu-parlament-haftbefehl-gegen-vier-verdaechtige\/","url":"https:\/\/now-news.de\/de\/deutschland\/korruptionsskandal-im-eu-parlament-haftbefehl-gegen-vier-verdaechtige\/","name":"Korruptionsskandal im EU-Parlament: Haftbefehl gegen vier Verd\u00e4chtige - just-now.NEWS Deutschland","isPartOf":{"@id":"https:\/\/now-news.de\/de\/#website"},"primaryImageOfPage":{"@id":"https:\/\/now-news.de\/de\/deutschland\/korruptionsskandal-im-eu-parlament-haftbefehl-gegen-vier-verdaechtige\/#primaryimage"},"image":{"@id":"https:\/\/now-news.de\/de\/deutschland\/korruptionsskandal-im-eu-parlament-haftbefehl-gegen-vier-verdaechtige\/#primaryimage"},"thumbnailUrl":"https:\/\/now-news.de\/de\/wp-content\/uploads\/sites\/3\/2022\/12\/Korruptionsskandal-im-EU-Parlament-Haftbefehl-gegen-vier-Verdaechtige.jpg","datePublished":"2022-12-11T19:47:39+00:00","dateModified":"2022-12-11T19:47:39+00:00","breadcrumb":{"@id":"https:\/\/now-news.de\/de\/deutschland\/korruptionsskandal-im-eu-parlament-haftbefehl-gegen-vier-verdaechtige\/#breadcrumb"},"inLanguage":"de","potentialAction":[{"@type":"ReadAction","target":["https:\/\/now-news.de\/de\/deutschland\/korruptionsskandal-im-eu-parlament-haftbefehl-gegen-vier-verdaechtige\/"]}]},{"@type":"ImageObject","inLanguage":"de","@id":"https:\/\/now-news.de\/de\/deutschland\/korruptionsskandal-im-eu-parlament-haftbefehl-gegen-vier-verdaechtige\/#primaryimage","url":"https:\/\/now-news.de\/de\/wp-content\/uploads\/sites\/3\/2022\/12\/Korruptionsskandal-im-EU-Parlament-Haftbefehl-gegen-vier-Verdaechtige.jpg","contentUrl":"https:\/\/now-news.de\/de\/wp-content\/uploads\/sites\/3\/2022\/12\/Korruptionsskandal-im-EU-Parlament-Haftbefehl-gegen-vier-Verdaechtige.jpg","width":460,"height":259,"caption":"Korruptionsskandal im EU-Parlament: Haftbefehl gegen vier Verd\u00e4chtige"},{"@type":"BreadcrumbList","@id":"https:\/\/now-news.de\/de\/deutschland\/korruptionsskandal-im-eu-parlament-haftbefehl-gegen-vier-verdaechtige\/#breadcrumb","itemListElement":[{"@type":"ListItem","position":1,"name":"Home","item":"https:\/\/now-news.de\/de\/"},{"@type":"ListItem","position":2,"name":"Korruptionsskandal im EU-Parlament: Haftbefehl gegen vier Verd\u00e4chtige"}]},{"@type":"WebSite","@id":"https:\/\/now-news.de\/de\/#website","url":"https:\/\/now-news.de\/de\/","name":"just-now.NEWS Deutschland","description":"Das Portal f\u00fcr unzensierte Nachrichten aus der Welt","publisher":{"@id":"https:\/\/now-news.de\/de\/#organization"},"potentialAction":[{"@type":"SearchAction","target":{"@type":"EntryPoint","urlTemplate":"https:\/\/now-news.de\/de\/?s={search_term_string}"},"query-input":"required name=search_term_string"}],"inLanguage":"de"},{"@type":"Organization","@id":"https:\/\/now-news.de\/de\/#organization","name":"Just Now News","url":"https:\/\/now-news.de\/de\/","logo":{"@type":"ImageObject","inLanguage":"de","@id":"https:\/\/now-news.de\/de\/#\/schema\/logo\/image\/","url":"http:\/\/just-now.news\/de\/wp-content\/uploads\/sites\/3\/2022\/04\/logo500x500.jpg","contentUrl":"http:\/\/just-now.news\/de\/wp-content\/uploads\/sites\/3\/2022\/04\/logo500x500.jpg","width":500,"height":500,"caption":"Just Now News"},"image":{"@id":"https:\/\/now-news.de\/de\/#\/schema\/logo\/image\/"},"sameAs":["https:\/\/www.facebook.com\/wirmachenauf","https:\/\/x.com\/WirMachenAuf_de"]},{"@type":"Person","@id":"https:\/\/now-news.de\/de\/#\/schema\/person\/fb534a4e865501d8b3285208df34a9b5","name":"rtnews","image":{"@type":"ImageObject","inLanguage":"de","@id":"https:\/\/now-news.de\/de\/#\/schema\/person\/image\/","url":"https:\/\/secure.gravatar.com\/avatar\/82aafea7d8127119dd649515f56e2117?s=96&d=mm&r=g","contentUrl":"https:\/\/secure.gravatar.com\/avatar\/82aafea7d8127119dd649515f56e2117?s=96&d=mm&r=g","caption":"rtnews"},"url":"https:\/\/now-news.de\/de\/author\/rnews\/"}]}},"_links":{"self":[{"href":"https:\/\/now-news.de\/de\/wp-json\/wp\/v2\/posts\/25211"}],"collection":[{"href":"https:\/\/now-news.de\/de\/wp-json\/wp\/v2\/posts"}],"about":[{"href":"https:\/\/now-news.de\/de\/wp-json\/wp\/v2\/types\/post"}],"author":[{"embeddable":true,"href":"https:\/\/now-news.de\/de\/wp-json\/wp\/v2\/users\/3"}],"replies":[{"embeddable":true,"href":"https:\/\/now-news.de\/de\/wp-json\/wp\/v2\/comments?post=25211"}],"version-history":[{"count":0,"href":"https:\/\/now-news.de\/de\/wp-json\/wp\/v2\/posts\/25211\/revisions"}],"wp:featuredmedia":[{"embeddable":true,"href":"https:\/\/now-news.de\/de\/wp-json\/wp\/v2\/media\/25212"}],"wp:attachment":[{"href":"https:\/\/now-news.de\/de\/wp-json\/wp\/v2\/media?parent=25211"}],"wp:term":[{"taxonomy":"category","embeddable":true,"href":"https:\/\/now-news.de\/de\/wp-json\/wp\/v2\/categories?post=25211"},{"taxonomy":"post_tag","embeddable":true,"href":"https:\/\/now-news.de\/de\/wp-json\/wp\/v2\/tags?post=25211"}],"curies":[{"name":"wp","href":"https:\/\/api.w.org\/{rel}","templated":true}]}}