{"id":25168,"date":"2022-12-11T09:19:26","date_gmt":"2022-12-11T07:19:26","guid":{"rendered":"https:\/\/just-now.news\/de\/deutschland\/lukaschenko-merkel-ekelhaft-und-niedertraechtig\/"},"modified":"2022-12-11T09:19:26","modified_gmt":"2022-12-11T07:19:26","slug":"lukaschenko-merkel-ekelhaft-und-niedertraechtig","status":"publish","type":"post","link":"https:\/\/now-news.de\/de\/deutschland\/lukaschenko-merkel-ekelhaft-und-niedertraechtig\/","title":{"rendered":"Lukaschenko: Merkel ekelhaft und niedertr\u00e4chtig"},"content":{"rendered":"<p><img decoding=\"async\" src=\"http:\/\/just-now.news\/de\/wp-content\/uploads\/sites\/3\/2022\/12\/6394af4f48fbef4a643c208e.jpg\" \/><\/p>\n<div class=\"Text-root Text-type_1 \">\n                Wei\u00dfrusslands Pr\u00e4sident Lukaschenko \u00e4u\u00dfert sich zu Merkels Statement, mit dem Minsker Abkommen habe sie der Ukraine die M\u00f6glichkeit zur Aufr\u00fcstung geben wollen. Merkel handele ekelhaft und niedertr\u00e4chtig, sagte Lukaschenko. Sie h\u00e4tte besser den Mund gehalten.\n            <\/div>\n<p><\/p>\n<div class=\"Text-root Text-type_5 ArticleView-text ViewText-root \">\n<p>Am Rande des Gipfeltreffens der Mitglieder der Eurasischen Wirtschaftsunion \u00e4u\u00dferte sich Wei\u00dfrusslands Pr\u00e4sident Alexander Lukaschenko in einem Interview zu Angela Merkel. Die ehemalige Bundeskanzlerin hatte in zwei Interviews gesagt, die unter Mithilfe von Lukaschenko zustande gekommenen Vereinbarung Minsk 2 sollte vor allem Zeit kaufen, um die Ukraine f\u00fcr eine Krieg gegen Russland aufr\u00fcsten zu k\u00f6nnen.<\/p>\n<p>Der 13 Punkte umfassende Plan sollte eigentlich ein Weg zur Befriedung der Ukraine sein, bei der die territoriale Integrit\u00e4t der Ukraine erhalten bleibt. Der Vertrag wurde von der Ukraine nie umgesetzt. Merkel hatte behauptet, die Umsetzung sei nie das Ziel gewesen.<\/p>\n<div class=\"EmbedBlock-root EmbedBlock-youtube\">\n<div class=\"YouTubeEmbed\">\n<div class=\"jeg_video_container jeg_video_content\"><iframe loading=\"lazy\" title=\"\u041b\u0443\u043a\u0430\u0448\u0435\u043d\u043a\u043e: \u041c\u044b \u043e\u0431\u043d\u0430\u0440\u043e\u0434\u0443\u0435\u043c \u044d\u0442\u0438 \u0444\u0430\u043a\u0442\u044b! \u041a\u0430\u043a \u043e\u043d\u0438 \u0434\u043e\u043b\u0436\u043d\u044b \u0431\u044b\u043b\u0438 \u043d\u0430\u0447\u0430\u0442\u044c \u0432\u043e\u0439\u043d\u0443 \u043f\u0440\u043e\u0442\u0438\u0432 \u0420\u043e\u0441\u0441\u0438\u0438 \u0441 \u0414\u043e\u043d\u0431\u0430\u0441\u0441\u0430!\" width=\"500\" height=\"281\" src=\"https:\/\/www.youtube.com\/embed\/B8ounilcZAE?feature=oembed\" frameborder=\"0\" allow=\"accelerometer; autoplay; clipboard-write; encrypted-media; gyroscope; picture-in-picture; web-share\" referrerpolicy=\"strict-origin-when-cross-origin\" allowfullscreen><\/iframe><\/div>\n<\/div>\n<\/div>\n<p>Sollten die Worte Merkels wahr sein, w\u00e4re das ekelhaft, meinte Lukaschenko, zog die Aussage Merkels jedoch in Zweifel. Die Bem\u00fchungen damals seien von Ernsthaftigkeit gekennzeichnet gewesen. Merkel passe sich lediglich einem politischen Trend an. Das aber sei nicht nur ekelhaft, sondern niedertr\u00e4chtig.\u00a0<\/p>\n<p>Er selbst habe damals die Vorschl\u00e4ge und Pr\u00e4zisierungen, an deren Ende das v\u00f6lkerrechtlich bindende Minsker Abkommen stand, zwischen Wladimir Putin und Petro Poroschenko als unabh\u00e4ngiger Vermittler hin- und hergetragen.\u00a0<\/p>\n<p>Lukaschenko beschrieb Merkel als damals am Einigungsprozess interessiert. Den damaligen franz\u00f6sischen Pr\u00e4sidenten Fran\u00e7ois Hollande empfand Lukaschenko offenkundig als blass. Merkel habe ihn an der Hand hinter sich hergef\u00fchrt, meinte der wei\u00dfrussische Pr\u00e4sident.\u00a0<\/p>\n<p>Es w\u00e4re besser gewesen, Merkel h\u00e4tte den Mund gehalten, meinte der wei\u00dfrussische Pr\u00e4sident. Ihm zufolge versuchte sie, sich als Wegbereiterin in die jetzige Situation zu inszenieren und sich so gegen\u00fcber den Kr\u00e4ften reinzuwaschen, die in Deutschland und dem kollektiven Westen Krieg gegen Russland wollen.\u00a0<\/p>\n<p>Lukaschenko erkl\u00e4rte, dass auch der Putschversuch von 2020 in Wei\u00dfrussland dem Ziel gedient habe, den Einfluss der NATO weiter auszubauen und letztlich Russland anzugreifen. Vor diesem Hintergrund sei es wichtig, auch sicherheitspolitische Themen in der Eurasischen Wirtschaftsunion zu besprechen.\u00a0<\/p>\n<p>Befragt nach der weiteren Integration des Energiemarktes in der Eurasischen Wirtschaftsunion, antwortete Lukaschenko, unterschiedliche Preise f\u00fcr Energie m\u00fcssten vermieden werden, da sonst \u00f6konomische Ungleichgewichte entst\u00fcnden. W\u00e4re russisches Gas in Wei\u00dfrussland deutlich teurer als in Russland, k\u00f6nnten die dadurch entstehenden Ungleichgewichte nur durch Lohnsenkungen aufgefangen werden. Das sei letztlich aber in niemandes Interesse.<\/p>\n<p><strong>Mehr zum Thema<\/strong>\u00a0\u2013 <a rel=\"nofollow noopener\" target=\"_blank\" href=\"https:\/\/pressefreiheit.rtde.me\/kurzclips\/video\/156869-da-muss-man-kein-hellseher\/\">&#8220;Da muss man kein Hellseher sein&#8221; \u2013 Lukaschenko prophezeit schwere Krise im Westen<\/a><\/p>\n<\/div>\n<p><br \/>\n<br \/><a href=\"https:\/\/de.rt.com\/inland\/156870-lukaschenko-merkel-ekelhaft-und-niedertraechtig\/\">Source link <\/a><\/p>\n","protected":false},"excerpt":{"rendered":"<p>Wei\u00dfrusslands Pr\u00e4sident Lukaschenko \u00e4u\u00dfert sich zu Merkels Statement, mit dem Minsker Abkommen habe sie der Ukraine die M\u00f6glichkeit zur Aufr\u00fcstung geben wollen. Merkel handele ekelhaft und niedertr\u00e4chtig, sagte Lukaschenko. Sie h\u00e4tte besser den Mund gehalten. Am Rande des Gipfeltreffens der Mitglieder der Eurasischen Wirtschaftsunion \u00e4u\u00dferte sich Wei\u00dfrusslands Pr\u00e4sident Alexander Lukaschenko in einem Interview zu Angela [&hellip;]<\/p>\n","protected":false},"author":3,"featured_media":25169,"comment_status":"open","ping_status":"open","sticky":false,"template":"","format":"standard","meta":{"_yoast_indexnow_last_ping":["1670743904"],"_oembed_81840c3525fd7de207ec99e1a22cf335":["<iframe title=\"\u041b\u0443\u043a\u0430\u0448\u0435\u043d\u043a\u043e: \u041c\u044b \u043e\u0431\u043d\u0430\u0440\u043e\u0434\u0443\u0435\u043c \u044d\u0442\u0438 \u0444\u0430\u043a\u0442\u044b! \u041a\u0430\u043a \u043e\u043d\u0438 \u0434\u043e\u043b\u0436\u043d\u044b \u0431\u044b\u043b\u0438 \u043d\u0430\u0447\u0430\u0442\u044c \u0432\u043e\u0439\u043d\u0443 \u043f\u0440\u043e\u0442\u0438\u0432 \u0420\u043e\u0441\u0441\u0438\u0438 \u0441 \u0414\u043e\u043d\u0431\u0430\u0441\u0441\u0430!\" width=\"500\" height=\"281\" src=\"https:\/\/www.youtube.com\/embed\/B8ounilcZAE?feature=oembed\" frameborder=\"0\" allow=\"accelerometer; autoplay; clipboard-write; encrypted-media; gyroscope; picture-in-picture\" allowfullscreen><\/iframe>"],"_oembed_time_81840c3525fd7de207ec99e1a22cf335":["1670743905"],"wp_automatic_camp":["217"],"5791b2d742657583f2d2181442197230":["Lukaschenko: Merkel ekelhaft und niedertr\u00e4chtig"],"original_link":["https:\/\/de.rt.com\/inland\/156870-lukaschenko-merkel-ekelhaft-und-niedertraechtig\/"],"_thumbnail_id":["25169"],"_wptgpro_p2tg_sent2tg":["a:1:{i:23737;s:19:\"2022-12-11 09:32:47\";}"],"jnews_social_counter_last_update":["1777394330"],"_oembed_5a4321b9fb605f9cba6c90aa2b431df5":["<iframe title=\"\u041b\u0443\u043a\u0430\u0448\u0435\u043d\u043a\u043e: \u041c\u044b \u043e\u0431\u043d\u0430\u0440\u043e\u0434\u0443\u0435\u043c \u044d\u0442\u0438 \u0444\u0430\u043a\u0442\u044b! \u041a\u0430\u043a \u043e\u043d\u0438 \u0434\u043e\u043b\u0436\u043d\u044b \u0431\u044b\u043b\u0438 \u043d\u0430\u0447\u0430\u0442\u044c \u0432\u043e\u0439\u043d\u0443 \u043f\u0440\u043e\u0442\u0438\u0432 \u0420\u043e\u0441\u0441\u0438\u0438 \u0441 \u0414\u043e\u043d\u0431\u0430\u0441\u0441\u0430!\" width=\"500\" height=\"281\" src=\"https:\/\/www.youtube.com\/embed\/B8ounilcZAE?feature=oembed\" frameborder=\"0\" allow=\"accelerometer; autoplay; clipboard-write; encrypted-media; gyroscope; picture-in-picture; web-share\" referrerpolicy=\"strict-origin-when-cross-origin\" allowfullscreen><\/iframe>"],"_oembed_time_5a4321b9fb605f9cba6c90aa2b431df5":["1718543631"]},"categories":[19,23],"tags":[37319,21453,55,37243,140],"yoast_head":"<!-- This site is optimized with the Yoast SEO Premium plugin v22.7 (Yoast SEO v22.7) - https:\/\/yoast.com\/wordpress\/plugins\/seo\/ -->\n<title>Lukaschenko: Merkel ekelhaft und niedertr\u00e4chtig - just-now.NEWS Deutschland<\/title>\n<meta name=\"robots\" content=\"index, follow, max-snippet:-1, max-image-preview:large, max-video-preview:-1\" \/>\n<link rel=\"canonical\" href=\"https:\/\/now-news.de\/de\/deutschland\/lukaschenko-merkel-ekelhaft-und-niedertraechtig\/\" \/>\n<meta property=\"og:locale\" content=\"de_DE\" \/>\n<meta property=\"og:type\" content=\"article\" \/>\n<meta property=\"og:title\" content=\"Lukaschenko: Merkel ekelhaft und niedertr\u00e4chtig\" \/>\n<meta property=\"og:description\" content=\"Wei\u00dfrusslands Pr\u00e4sident Lukaschenko \u00e4u\u00dfert sich zu Merkels Statement, mit dem Minsker Abkommen habe sie der Ukraine die M\u00f6glichkeit zur Aufr\u00fcstung geben wollen. Merkel handele ekelhaft und niedertr\u00e4chtig, sagte Lukaschenko. Sie h\u00e4tte besser den Mund gehalten. Am Rande des Gipfeltreffens der Mitglieder der Eurasischen Wirtschaftsunion \u00e4u\u00dferte sich Wei\u00dfrusslands Pr\u00e4sident Alexander Lukaschenko in einem Interview zu Angela [&hellip;]\" \/>\n<meta property=\"og:url\" content=\"https:\/\/now-news.de\/de\/deutschland\/lukaschenko-merkel-ekelhaft-und-niedertraechtig\/\" \/>\n<meta property=\"og:site_name\" content=\"just-now.NEWS Deutschland\" \/>\n<meta property=\"article:publisher\" content=\"https:\/\/www.facebook.com\/wirmachenauf\" \/>\n<meta property=\"article:published_time\" content=\"2022-12-11T07:19:26+00:00\" \/>\n<meta property=\"og:image\" content=\"https:\/\/now-news.de\/de\/wp-content\/uploads\/sites\/3\/2022\/12\/Lukaschenko-Merkel-ekelhaft-und-niedertraechtig.jpg\" \/>\n\t<meta property=\"og:image:width\" content=\"460\" \/>\n\t<meta property=\"og:image:height\" content=\"259\" \/>\n\t<meta property=\"og:image:type\" content=\"image\/jpeg\" \/>\n<meta name=\"author\" content=\"rtnews\" \/>\n<meta name=\"twitter:card\" content=\"summary_large_image\" \/>\n<meta name=\"twitter:creator\" content=\"@WirMachenAuf_de\" \/>\n<meta name=\"twitter:site\" content=\"@WirMachenAuf_de\" \/>\n<meta name=\"twitter:label1\" content=\"Verfasst von\" \/>\n\t<meta name=\"twitter:data1\" content=\"rtnews\" \/>\n\t<meta name=\"twitter:label2\" content=\"Gesch\u00e4tzte Lesezeit\" \/>\n\t<meta name=\"twitter:data2\" content=\"2\u00a0Minuten\" \/>\n<script type=\"application\/ld+json\" class=\"yoast-schema-graph\">{\"@context\":\"https:\/\/schema.org\",\"@graph\":[{\"@type\":\"Article\",\"@id\":\"https:\/\/now-news.de\/de\/deutschland\/lukaschenko-merkel-ekelhaft-und-niedertraechtig\/#article\",\"isPartOf\":{\"@id\":\"https:\/\/now-news.de\/de\/deutschland\/lukaschenko-merkel-ekelhaft-und-niedertraechtig\/\"},\"author\":{\"name\":\"rtnews\",\"@id\":\"https:\/\/now-news.de\/de\/#\/schema\/person\/fb534a4e865501d8b3285208df34a9b5\"},\"headline\":\"Lukaschenko: Merkel ekelhaft und niedertr\u00e4chtig\",\"datePublished\":\"2022-12-11T07:19:26+00:00\",\"dateModified\":\"2022-12-11T07:19:26+00:00\",\"mainEntityOfPage\":{\"@id\":\"https:\/\/now-news.de\/de\/deutschland\/lukaschenko-merkel-ekelhaft-und-niedertraechtig\/\"},\"wordCount\":441,\"commentCount\":0,\"publisher\":{\"@id\":\"https:\/\/now-news.de\/de\/#organization\"},\"image\":{\"@id\":\"https:\/\/now-news.de\/de\/deutschland\/lukaschenko-merkel-ekelhaft-und-niedertraechtig\/#primaryimage\"},\"thumbnailUrl\":\"https:\/\/now-news.de\/de\/wp-content\/uploads\/sites\/3\/2022\/12\/Lukaschenko-Merkel-ekelhaft-und-niedertraechtig.jpg\",\"keywords\":[\"ekelhaft\",\"Lukaschenko\",\"Merkel\",\"niedertr\u00e4chtig\",\"und\"],\"articleSection\":[\"Deutschland\",\"Russland\"],\"inLanguage\":\"de\",\"potentialAction\":[{\"@type\":\"CommentAction\",\"name\":\"Comment\",\"target\":[\"https:\/\/now-news.de\/de\/deutschland\/lukaschenko-merkel-ekelhaft-und-niedertraechtig\/#respond\"]}]},{\"@type\":\"WebPage\",\"@id\":\"https:\/\/now-news.de\/de\/deutschland\/lukaschenko-merkel-ekelhaft-und-niedertraechtig\/\",\"url\":\"https:\/\/now-news.de\/de\/deutschland\/lukaschenko-merkel-ekelhaft-und-niedertraechtig\/\",\"name\":\"Lukaschenko: Merkel ekelhaft und niedertr\u00e4chtig - just-now.NEWS Deutschland\",\"isPartOf\":{\"@id\":\"https:\/\/now-news.de\/de\/#website\"},\"primaryImageOfPage\":{\"@id\":\"https:\/\/now-news.de\/de\/deutschland\/lukaschenko-merkel-ekelhaft-und-niedertraechtig\/#primaryimage\"},\"image\":{\"@id\":\"https:\/\/now-news.de\/de\/deutschland\/lukaschenko-merkel-ekelhaft-und-niedertraechtig\/#primaryimage\"},\"thumbnailUrl\":\"https:\/\/now-news.de\/de\/wp-content\/uploads\/sites\/3\/2022\/12\/Lukaschenko-Merkel-ekelhaft-und-niedertraechtig.jpg\",\"datePublished\":\"2022-12-11T07:19:26+00:00\",\"dateModified\":\"2022-12-11T07:19:26+00:00\",\"breadcrumb\":{\"@id\":\"https:\/\/now-news.de\/de\/deutschland\/lukaschenko-merkel-ekelhaft-und-niedertraechtig\/#breadcrumb\"},\"inLanguage\":\"de\",\"potentialAction\":[{\"@type\":\"ReadAction\",\"target\":[\"https:\/\/now-news.de\/de\/deutschland\/lukaschenko-merkel-ekelhaft-und-niedertraechtig\/\"]}]},{\"@type\":\"ImageObject\",\"inLanguage\":\"de\",\"@id\":\"https:\/\/now-news.de\/de\/deutschland\/lukaschenko-merkel-ekelhaft-und-niedertraechtig\/#primaryimage\",\"url\":\"https:\/\/now-news.de\/de\/wp-content\/uploads\/sites\/3\/2022\/12\/Lukaschenko-Merkel-ekelhaft-und-niedertraechtig.jpg\",\"contentUrl\":\"https:\/\/now-news.de\/de\/wp-content\/uploads\/sites\/3\/2022\/12\/Lukaschenko-Merkel-ekelhaft-und-niedertraechtig.jpg\",\"width\":460,\"height\":259,\"caption\":\"Lukaschenko: Merkel ekelhaft und niedertr\u00e4chtig\"},{\"@type\":\"BreadcrumbList\",\"@id\":\"https:\/\/now-news.de\/de\/deutschland\/lukaschenko-merkel-ekelhaft-und-niedertraechtig\/#breadcrumb\",\"itemListElement\":[{\"@type\":\"ListItem\",\"position\":1,\"name\":\"Home\",\"item\":\"https:\/\/now-news.de\/de\/\"},{\"@type\":\"ListItem\",\"position\":2,\"name\":\"Lukaschenko: Merkel ekelhaft und niedertr\u00e4chtig\"}]},{\"@type\":\"WebSite\",\"@id\":\"https:\/\/now-news.de\/de\/#website\",\"url\":\"https:\/\/now-news.de\/de\/\",\"name\":\"just-now.NEWS Deutschland\",\"description\":\"Das Portal f\u00fcr unzensierte Nachrichten aus der Welt\",\"publisher\":{\"@id\":\"https:\/\/now-news.de\/de\/#organization\"},\"potentialAction\":[{\"@type\":\"SearchAction\",\"target\":{\"@type\":\"EntryPoint\",\"urlTemplate\":\"https:\/\/now-news.de\/de\/?s={search_term_string}\"},\"query-input\":\"required name=search_term_string\"}],\"inLanguage\":\"de\"},{\"@type\":\"Organization\",\"@id\":\"https:\/\/now-news.de\/de\/#organization\",\"name\":\"Just Now News\",\"url\":\"https:\/\/now-news.de\/de\/\",\"logo\":{\"@type\":\"ImageObject\",\"inLanguage\":\"de\",\"@id\":\"https:\/\/now-news.de\/de\/#\/schema\/logo\/image\/\",\"url\":\"http:\/\/just-now.news\/de\/wp-content\/uploads\/sites\/3\/2022\/04\/logo500x500.jpg\",\"contentUrl\":\"http:\/\/just-now.news\/de\/wp-content\/uploads\/sites\/3\/2022\/04\/logo500x500.jpg\",\"width\":500,\"height\":500,\"caption\":\"Just Now News\"},\"image\":{\"@id\":\"https:\/\/now-news.de\/de\/#\/schema\/logo\/image\/\"},\"sameAs\":[\"https:\/\/www.facebook.com\/wirmachenauf\",\"https:\/\/x.com\/WirMachenAuf_de\"]},{\"@type\":\"Person\",\"@id\":\"https:\/\/now-news.de\/de\/#\/schema\/person\/fb534a4e865501d8b3285208df34a9b5\",\"name\":\"rtnews\",\"image\":{\"@type\":\"ImageObject\",\"inLanguage\":\"de\",\"@id\":\"https:\/\/now-news.de\/de\/#\/schema\/person\/image\/\",\"url\":\"https:\/\/secure.gravatar.com\/avatar\/82aafea7d8127119dd649515f56e2117?s=96&d=mm&r=g\",\"contentUrl\":\"https:\/\/secure.gravatar.com\/avatar\/82aafea7d8127119dd649515f56e2117?s=96&d=mm&r=g\",\"caption\":\"rtnews\"},\"url\":\"https:\/\/now-news.de\/de\/author\/rnews\/\"}]}<\/script>\n<!-- \/ Yoast SEO Premium plugin. -->","yoast_head_json":{"title":"Lukaschenko: Merkel ekelhaft und niedertr\u00e4chtig - just-now.NEWS Deutschland","robots":{"index":"index","follow":"follow","max-snippet":"max-snippet:-1","max-image-preview":"max-image-preview:large","max-video-preview":"max-video-preview:-1"},"canonical":"https:\/\/now-news.de\/de\/deutschland\/lukaschenko-merkel-ekelhaft-und-niedertraechtig\/","og_locale":"de_DE","og_type":"article","og_title":"Lukaschenko: Merkel ekelhaft und niedertr\u00e4chtig","og_description":"Wei\u00dfrusslands Pr\u00e4sident Lukaschenko \u00e4u\u00dfert sich zu Merkels Statement, mit dem Minsker Abkommen habe sie der Ukraine die M\u00f6glichkeit zur Aufr\u00fcstung geben wollen. Merkel handele ekelhaft und niedertr\u00e4chtig, sagte Lukaschenko. Sie h\u00e4tte besser den Mund gehalten. Am Rande des Gipfeltreffens der Mitglieder der Eurasischen Wirtschaftsunion \u00e4u\u00dferte sich Wei\u00dfrusslands Pr\u00e4sident Alexander Lukaschenko in einem Interview zu Angela [&hellip;]","og_url":"https:\/\/now-news.de\/de\/deutschland\/lukaschenko-merkel-ekelhaft-und-niedertraechtig\/","og_site_name":"just-now.NEWS Deutschland","article_publisher":"https:\/\/www.facebook.com\/wirmachenauf","article_published_time":"2022-12-11T07:19:26+00:00","og_image":[{"width":460,"height":259,"url":"https:\/\/now-news.de\/de\/wp-content\/uploads\/sites\/3\/2022\/12\/Lukaschenko-Merkel-ekelhaft-und-niedertraechtig.jpg","type":"image\/jpeg"}],"author":"rtnews","twitter_card":"summary_large_image","twitter_creator":"@WirMachenAuf_de","twitter_site":"@WirMachenAuf_de","twitter_misc":{"Verfasst von":"rtnews","Gesch\u00e4tzte Lesezeit":"2\u00a0Minuten"},"schema":{"@context":"https:\/\/schema.org","@graph":[{"@type":"Article","@id":"https:\/\/now-news.de\/de\/deutschland\/lukaschenko-merkel-ekelhaft-und-niedertraechtig\/#article","isPartOf":{"@id":"https:\/\/now-news.de\/de\/deutschland\/lukaschenko-merkel-ekelhaft-und-niedertraechtig\/"},"author":{"name":"rtnews","@id":"https:\/\/now-news.de\/de\/#\/schema\/person\/fb534a4e865501d8b3285208df34a9b5"},"headline":"Lukaschenko: Merkel ekelhaft und niedertr\u00e4chtig","datePublished":"2022-12-11T07:19:26+00:00","dateModified":"2022-12-11T07:19:26+00:00","mainEntityOfPage":{"@id":"https:\/\/now-news.de\/de\/deutschland\/lukaschenko-merkel-ekelhaft-und-niedertraechtig\/"},"wordCount":441,"commentCount":0,"publisher":{"@id":"https:\/\/now-news.de\/de\/#organization"},"image":{"@id":"https:\/\/now-news.de\/de\/deutschland\/lukaschenko-merkel-ekelhaft-und-niedertraechtig\/#primaryimage"},"thumbnailUrl":"https:\/\/now-news.de\/de\/wp-content\/uploads\/sites\/3\/2022\/12\/Lukaschenko-Merkel-ekelhaft-und-niedertraechtig.jpg","keywords":["ekelhaft","Lukaschenko","Merkel","niedertr\u00e4chtig","und"],"articleSection":["Deutschland","Russland"],"inLanguage":"de","potentialAction":[{"@type":"CommentAction","name":"Comment","target":["https:\/\/now-news.de\/de\/deutschland\/lukaschenko-merkel-ekelhaft-und-niedertraechtig\/#respond"]}]},{"@type":"WebPage","@id":"https:\/\/now-news.de\/de\/deutschland\/lukaschenko-merkel-ekelhaft-und-niedertraechtig\/","url":"https:\/\/now-news.de\/de\/deutschland\/lukaschenko-merkel-ekelhaft-und-niedertraechtig\/","name":"Lukaschenko: Merkel ekelhaft und niedertr\u00e4chtig - just-now.NEWS Deutschland","isPartOf":{"@id":"https:\/\/now-news.de\/de\/#website"},"primaryImageOfPage":{"@id":"https:\/\/now-news.de\/de\/deutschland\/lukaschenko-merkel-ekelhaft-und-niedertraechtig\/#primaryimage"},"image":{"@id":"https:\/\/now-news.de\/de\/deutschland\/lukaschenko-merkel-ekelhaft-und-niedertraechtig\/#primaryimage"},"thumbnailUrl":"https:\/\/now-news.de\/de\/wp-content\/uploads\/sites\/3\/2022\/12\/Lukaschenko-Merkel-ekelhaft-und-niedertraechtig.jpg","datePublished":"2022-12-11T07:19:26+00:00","dateModified":"2022-12-11T07:19:26+00:00","breadcrumb":{"@id":"https:\/\/now-news.de\/de\/deutschland\/lukaschenko-merkel-ekelhaft-und-niedertraechtig\/#breadcrumb"},"inLanguage":"de","potentialAction":[{"@type":"ReadAction","target":["https:\/\/now-news.de\/de\/deutschland\/lukaschenko-merkel-ekelhaft-und-niedertraechtig\/"]}]},{"@type":"ImageObject","inLanguage":"de","@id":"https:\/\/now-news.de\/de\/deutschland\/lukaschenko-merkel-ekelhaft-und-niedertraechtig\/#primaryimage","url":"https:\/\/now-news.de\/de\/wp-content\/uploads\/sites\/3\/2022\/12\/Lukaschenko-Merkel-ekelhaft-und-niedertraechtig.jpg","contentUrl":"https:\/\/now-news.de\/de\/wp-content\/uploads\/sites\/3\/2022\/12\/Lukaschenko-Merkel-ekelhaft-und-niedertraechtig.jpg","width":460,"height":259,"caption":"Lukaschenko: Merkel ekelhaft und niedertr\u00e4chtig"},{"@type":"BreadcrumbList","@id":"https:\/\/now-news.de\/de\/deutschland\/lukaschenko-merkel-ekelhaft-und-niedertraechtig\/#breadcrumb","itemListElement":[{"@type":"ListItem","position":1,"name":"Home","item":"https:\/\/now-news.de\/de\/"},{"@type":"ListItem","position":2,"name":"Lukaschenko: Merkel ekelhaft und niedertr\u00e4chtig"}]},{"@type":"WebSite","@id":"https:\/\/now-news.de\/de\/#website","url":"https:\/\/now-news.de\/de\/","name":"just-now.NEWS Deutschland","description":"Das Portal f\u00fcr unzensierte Nachrichten aus der Welt","publisher":{"@id":"https:\/\/now-news.de\/de\/#organization"},"potentialAction":[{"@type":"SearchAction","target":{"@type":"EntryPoint","urlTemplate":"https:\/\/now-news.de\/de\/?s={search_term_string}"},"query-input":"required name=search_term_string"}],"inLanguage":"de"},{"@type":"Organization","@id":"https:\/\/now-news.de\/de\/#organization","name":"Just Now News","url":"https:\/\/now-news.de\/de\/","logo":{"@type":"ImageObject","inLanguage":"de","@id":"https:\/\/now-news.de\/de\/#\/schema\/logo\/image\/","url":"http:\/\/just-now.news\/de\/wp-content\/uploads\/sites\/3\/2022\/04\/logo500x500.jpg","contentUrl":"http:\/\/just-now.news\/de\/wp-content\/uploads\/sites\/3\/2022\/04\/logo500x500.jpg","width":500,"height":500,"caption":"Just Now News"},"image":{"@id":"https:\/\/now-news.de\/de\/#\/schema\/logo\/image\/"},"sameAs":["https:\/\/www.facebook.com\/wirmachenauf","https:\/\/x.com\/WirMachenAuf_de"]},{"@type":"Person","@id":"https:\/\/now-news.de\/de\/#\/schema\/person\/fb534a4e865501d8b3285208df34a9b5","name":"rtnews","image":{"@type":"ImageObject","inLanguage":"de","@id":"https:\/\/now-news.de\/de\/#\/schema\/person\/image\/","url":"https:\/\/secure.gravatar.com\/avatar\/82aafea7d8127119dd649515f56e2117?s=96&d=mm&r=g","contentUrl":"https:\/\/secure.gravatar.com\/avatar\/82aafea7d8127119dd649515f56e2117?s=96&d=mm&r=g","caption":"rtnews"},"url":"https:\/\/now-news.de\/de\/author\/rnews\/"}]}},"_links":{"self":[{"href":"https:\/\/now-news.de\/de\/wp-json\/wp\/v2\/posts\/25168"}],"collection":[{"href":"https:\/\/now-news.de\/de\/wp-json\/wp\/v2\/posts"}],"about":[{"href":"https:\/\/now-news.de\/de\/wp-json\/wp\/v2\/types\/post"}],"author":[{"embeddable":true,"href":"https:\/\/now-news.de\/de\/wp-json\/wp\/v2\/users\/3"}],"replies":[{"embeddable":true,"href":"https:\/\/now-news.de\/de\/wp-json\/wp\/v2\/comments?post=25168"}],"version-history":[{"count":0,"href":"https:\/\/now-news.de\/de\/wp-json\/wp\/v2\/posts\/25168\/revisions"}],"wp:featuredmedia":[{"embeddable":true,"href":"https:\/\/now-news.de\/de\/wp-json\/wp\/v2\/media\/25169"}],"wp:attachment":[{"href":"https:\/\/now-news.de\/de\/wp-json\/wp\/v2\/media?parent=25168"}],"wp:term":[{"taxonomy":"category","embeddable":true,"href":"https:\/\/now-news.de\/de\/wp-json\/wp\/v2\/categories?post=25168"},{"taxonomy":"post_tag","embeddable":true,"href":"https:\/\/now-news.de\/de\/wp-json\/wp\/v2\/tags?post=25168"}],"curies":[{"name":"wp","href":"https:\/\/api.w.org\/{rel}","templated":true}]}}