{"id":25166,"date":"2022-12-11T08:38:45","date_gmt":"2022-12-11T06:38:45","guid":{"rendered":"http:\/\/just-now.news\/de\/deutschland\/moderiere-und-verbanne-die-operation-der-eu-gegen-elon-musk\/"},"modified":"2022-12-11T08:38:45","modified_gmt":"2022-12-11T06:38:45","slug":"moderiere-und-verbanne-die-operation-der-eu-gegen-elon-musk","status":"publish","type":"post","link":"https:\/\/now-news.de\/de\/deutschland\/moderiere-und-verbanne-die-operation-der-eu-gegen-elon-musk\/","title":{"rendered":"Moderiere und verbanne: Die Operation der EU gegen Elon Musk"},"content":{"rendered":"<p><img decoding=\"async\" src=\"http:\/\/just-now.news\/de\/wp-content\/uploads\/sites\/3\/2022\/12\/63932ce148fbef4b14441e71.jpg\" \/><\/p>\n<div class=\"Text-root Text-type_1 \">\n                Die Beh\u00f6rden der Europ\u00e4ischen Union bem\u00fchen sich, ihre m\u00fchselig aufgebaute Social-Media-Welt vor dem &#8220;Absolutisten der Redefreiheit&#8221;, Elon Musk, zu verteidigen. Dass Twitter ein Unternehmen in Privatbesitz ist, scheint f\u00fcr sie dabei keine Rolle zu spielen.\u00a0\n            <\/div>\n<p><\/p>\n<div class=\"Text-root Text-type_5 ArticleView-text ViewText-root \">\n<p><em>Von Matthieu Buge<\/em><\/p>\n<p>Nach der \u00dcbernahme von Twitter durch Elon Musk und den j\u00fcngsten Reaktionen der Br\u00fcsseler B\u00fcrokraten darauf, ist deutlich geworden, wie weit die EU zu gehen bereit ist, um ihre eigene Blase der politischen Agenda aufrechtzuerhalten.<\/p>\n<p>Genauso wie man ein spezielles Glossar ben\u00f6tigt, um Immanuel Kants Werke und sein eigenes Verst\u00e4ndnis bestimmter Begriffe und Konzepte zu verstehen, braucht man immer deutlicher ein spezielles Glossar, um die Sprache der EU zu verstehen. Und der erste Eintrag, den man nachschlagen m\u00fcsste, st\u00fcnde unter &#8220;F&#8221; \u2013\u00a0f\u00fcr Freiheit. Der Begriff &#8220;Freiheit&#8221; ist der erste Begriff im Wahlspruch der heutigen Franz\u00f6sischen Republik. Und mit der \u00dcbernahme von Twitter durch Elon Musk und dem Wunsch des Milliard\u00e4rs, die totale Meinungsfreiheit auf der Plattform wiederherzustellen, haben wir eine neue Gelegenheit bekommen, diesen Begriff zu entschl\u00fcsseln.<\/p>\n<p>Der franz\u00f6sische Pr\u00e4sident Emmanuel Macron kommentierte die franz\u00f6sisch-amerikanische Partnerschaft w\u00e4hrend seiner Rede im Wei\u00dfen Haus am 1. Dezember mit den Worten: &#8220;Unsere beiden Nationen sind Schwestern im Kampf f\u00fcr die Freiheit.&#8221; Worte, die durchaus mit der Rhetorik der EU \u00fcber die Freiheit des chinesischen Volkes korrelieren, angesichts der Null-Covid-Politik der Kommunistischen Partei Chinas; \u00fcber die Freiheit der Uiguren im Westen Chinas; die Freiheit jener Russen, die sich dem Kreml widersetzen oder die Freiheit der iranischen Frauen, die wie westliche Frauen leben wollen. Man k\u00f6nnte diese Liste endlos fortsetzen, weil sie sich st\u00e4ndig per se erweitert und sich an den jeweiligen, aktuellen Kontext der Geopolitik anpasst.<\/p>\n<p>Als Konzept ist Meinungsfreiheit wirklich eine Illusion, da sie wie alles andere auf der Welt von Machtverh\u00e4ltnissen bestimmt wird. Die EU hat diese schwer zuzugebende Tatsache bewiesen, als sie <em>RT<\/em> und <em>Sputnik<\/em> nach Beginn der russischen Sonderoperation in der Ukraine umgehen verboten hat. Und es besteht kein Zweifel, dass dieses abgedroschene Konzept seit Ewigkeiten in der Geopolitik angewendet wird, was gleichzeitig eine am\u00fcsante, wenn auch erb\u00e4rmliche Doppelmoral darstellt.<\/p>\n<p>Aber doppelte Standards sind nicht wirklich das Problem. Was auf dem Spiel steht, ist die reine Logik. Thierry Breton, EU-Kommissar f\u00fcr den Binnenmarkt, suchte mit Elon Musk das Gespr\u00e4ch, um ihm gegen\u00fcber den Standpunkt von Br\u00fcssel klarzumachen. Er <a rel=\"nofollow noopener\" target=\"_blank\" href=\"https:\/\/social.network.europa.eu\/@EC_Commissioner_Breton\/109434155495175191\">sagte<\/a> anschlie\u00dfend: &#8220;Ich begr\u00fc\u00dfe die Absichtserkl\u00e4rung von Elon Musk, Twitter 2.0 f\u00fcr das <a rel=\"nofollow noopener\" target=\"_blank\" href=\"https:\/\/de.wikipedia.org\/wiki\/Gesetz_%C3%BCber_digitale_Dienste\">GdD<\/a> (Gesetz \u00fcber digitale Dienste) fit zu machen. Ich freue mich zu h\u00f6ren, dass er das Gesetz sorgf\u00e4ltig gelesen hat und es f\u00fcr einen vern\u00fcnftigen Ansatz h\u00e4lt, der weltweit umgesetzt werden kann. Aber lassen Sie uns auch klarstellen, dass noch viel Arbeit vor uns liegt, da Twitter transparente Benutzerrichtlinien implementieren, die Moderation von Inhalten erheblich verst\u00e4rken und die Meinungsfreiheit sch\u00fctzen sowie Desinformation entschlossen bek\u00e4mpfen und manipulative politische Werbekampagnen einschr\u00e4nken muss.&#8221;<\/p>\n<p>Breton sollte hierzu jedem B\u00fcrger der EU einige Anweisungen oder einen Leitfaden mitgeben, damit er sich in dieser Logik der EU zurechtfinden kann. &#8220;Um die Moderation von Inhalten zu st\u00e4rken und die Meinungsfreiheit zu sch\u00fctzen&#8221; ist wie zu sagen: &#8220;Lasst uns zusammen zu Mittag essen. Es steht jedem frei das zu bestellen, was er will, solange es das ist, was wir als Hauptgang vorschreiben.&#8221;<\/p>\n<p>Diese nicht gew\u00e4hlten B\u00fcrokraten <a rel=\"nofollow noopener\" target=\"_blank\" href=\"https:\/\/www.reuters.com\/technology\/eu-warns-musk-that-twitter-faces-ban-over-content-moderation-ft-2022-11-30\/\">drohen<\/a> damit, das durch Musk erworbene Unternehmen in der EU zu verbieten, wenn er sich weigert, die Regeln der EU zu befolgen. Gleichzeitig haben die Mainstream-Medien einen neuen Weg gefunden, Krieg gegen diejenigen zu f\u00fchren, die mit all ihren Narrativen und Einschr\u00e4nkungen nicht einverstanden sind \u2013 mit der Nutzung des Wortes &#8220;<a rel=\"nofollow noopener\" target=\"_blank\" href=\"https:\/\/www.theguardian.com\/commentisfree\/2022\/nov\/28\/elon-musk-twitter-free-speech-donald-trump-kanye-west\">absolutistisch<\/a>&#8220;. W\u00e4hrend Musk sich selbst das Etikett eines &#8220;Absolutisten der Meinungsfreiheit&#8221; verliehen hat, nutzen Meinungsmacher das Wort, um diejenigen an den Pranger zu stellen, die man nicht als reine &#8220;Verschw\u00f6rungstheoretiker&#8221; abkanzeln kann. In diesem Zusammenhang reimt sich &#8220;absolutistisch&#8221; auf &#8220;terroristisch&#8221;, &#8220;extremistisch&#8221; oder was auch immer man sich vorstellen kann, das eine Bedrohung darstellen k\u00f6nnte.<\/p>\n<p>Ein prominenter Professor aus Toronto, Jordan Peterson, hat wiederholt argumentiert, dass freie Meinungs\u00e4u\u00dferung impliziert, dass man herausgefordert und sogar beleidigt werden darf, und dass Meinungsfreiheit eine Bedingung f\u00fcr Dialektik und Fortschritt ist. Das ist purer, gesunder Menschenverstand. Nicht so in Europa: W\u00e4hrend des Kampfes gegen die Covid-19-Pandemie argumentierten europ\u00e4ische Regierungen, um ihre Quarant\u00e4nepolitik voranzutreiben, dass es notwendig sei, &#8220;Freiheiten einzuschr\u00e4nken, um Freiheit zu sch\u00fctzen&#8221;. Und jetzt wollen sie die Meinungsfreiheit einschr\u00e4nken, um die Meinungsfreiheit zu sch\u00fctzen \u2013 eine Logik, die vielen Menschen verst\u00e4ndlicherweise die Sprache verschl\u00e4gt.<\/p>\n<p>Deutlicher wird es, wenn man sich anschaut, was bei Twitter moderiert werden soll. &#8220;Gef\u00e4hrlicher wissenschaftlicher Irrglaube&#8221;, Drohungen, Aufrufe zu Hass und Gewalt? Ja, aber nicht nur. Es h\u00e4ngt davon ab, auf welcher Seite der politischen Agenda man steht. In einigen F\u00e4llen \u2013\u00a0wie bei der aktuellen Ukraine-Krise, bei Covid-19 oder dem Klimawandel \u2013 geraten &#8220;inakzeptable&#8221; Ansichten \u00fcblicherweise unter starken sozialen Druck und profitieren nicht von einer breiten \u00d6ffentlichkeit in den Medien, selbst wenn sie sich der Moderation in den sozialen Medien entziehen.<\/p>\n<p>Dann gibt es Themen, die nicht einmal offen diskutiert werden d\u00fcrfen: Die Migrationspolitik der EU oder die LGBTQ+-Agenda, beides von den offiziellen Beh\u00f6rden gef\u00f6rdert. Zu behaupten, dass diese Themen &#8220;von den Beh\u00f6rden gef\u00f6rdert&#8221; werden, ist keine \u00dcbertreibung. Im Jahr 2012 zitierte die britische<em> BBC<\/em> Peter Sutherland, den ehemaligen Vorsitzenden von Goldman Sachs und UN-Sonderbeauftragten f\u00fcr internationale Migration, mit den Worten, die EU &#8220;sollte die nationale Homogenit\u00e4t aush\u00f6hlen&#8221;. Da diese Themen Einzelpersonen direkt betreffen, ist es ziemlich einfach, diese zu einer Bedrohung der nationalen oder supranationalen Ordnung zu erkl\u00e4ren und Emotionen hervorzurufen, ohne sich um wissenschaftliche Argumente zu k\u00fcmmern. Alternative Ansichten werden als rassistisch, homophob oder antisemitisch unterdr\u00fcckt, gar als menschenfeindlich \u2013\u00a0oder wie Justin Trudeau es ausdr\u00fccken w\u00fcrde, <a rel=\"nofollow noopener\" target=\"_blank\" href=\"https:\/\/www.youtube.com\/watch?v=ItsGW1Nlm3c\">leutefeindlich<\/a>.<\/p>\n<p>Nachdem man sich mit Donald Trump und seiner national zentrierten Politik auseinandersetzen musste, steht die EU \u2013 zusammen mit den Demokraten in den USA \u2013\u00a0nun dem &#8220;absolutistischen&#8221; Elon Musk gegen\u00fcber, der den ehemaligen amerikanischen Pr\u00e4sidenten in dem von ihm \u00fcbernommenen Netzwerk rehabilitiert hat. Man beschloss daher, schnell zu handeln und ihm die eigene Vision aufzuzwingen. Offensichtlich nicht schnell genug, denn Musk hat einige Asse im \u00c4rmel. Die <a rel=\"nofollow noopener\" target=\"_blank\" href=\"https:\/\/de.rt.com\/meinung\/156283-twitter-files-von-musk-machen\/\">Ver\u00f6ffentlichung<\/a> von &#8220;The Twitter Files&#8221; durch Musk und darauffolgend den Journalisten Matt Taibbi am 3. Dezember enth\u00fcllt offiziell, was jeder mit einem halben Verstand schon vor langer Zeit bemerkt hat: Twitter stand bisher klar aufseiten des woken Teils des politischen Spektrums. Der Journalist Glenn Greenwald hatte diesbez\u00fcglich schon vor zehn Jahren <a rel=\"nofollow noopener\" target=\"_blank\" href=\"https:\/\/www.theguardian.com\/commentisfree\/2013\/jan\/02\/free-speech-twitter-france\">Alarm<\/a> geschlagen.<\/p>\n<p>Was also bedeutet &#8220;Freiheit&#8221; in den K\u00f6pfen der Br\u00fcsseler B\u00fcrokraten? Es ist die Freiheit der EU sowie ihrer verb\u00fcndeten Medien und Anh\u00e4nger, um ihre Agenda der soziokulturellen Revolution voranzutreiben und sie ihren Gegnern aufzuzwingen, die nichts von dieser anthropologischen Verschiebung wissen wollen \u2013 und das &#8220;um jeden Preis&#8221;, wie Macron <a rel=\"nofollow noopener\" target=\"_blank\" href=\"https:\/\/www.france24.com\/en\/france\/20220323-yellow-vest-protests-covid-19-stymied-macron-s-plans-for-social-welfare-cuts\">es ausdr\u00fccken<\/a> w\u00fcrde.<\/p>\n<p><em>Aus dem <a rel=\"nofollow noopener\" target=\"_blank\" href=\"https:\/\/www.rt.com\/news\/567699-eu-against-musk-twitter\/\">Englischen<\/a>.<\/em><\/p>\n<p><em>Matthieu Buge hat f\u00fcr das franz\u00f6sische Magazin <\/em>L\u2019Histoire<em> und das Magazin \u00fcber russisches Filmschaffen <\/em>S\u00e9ance<em> gearbeitet, sowie als Kolumnist f\u00fcr <\/em>Le Courrier de Russie<em>. Er ist Autor des Buches &#8220;Le Cauchemar russe (Der russische Albtraum).<\/em><\/p>\n<p><strong>Mehr zum Thema<\/strong> &#8211; <a rel=\"nofollow noopener\" target=\"_blank\" href=\"https:\/\/freeassange.rtde.me\/meinung\/156139-abschied-von-meinungsfreiheit-beispiele-nachdenkseiten\/\">Abschied von der Meinungsfreiheit: Die Beispiele NachDenkSeiten und Twitter<\/a><\/p>\n<\/div>\n<p><br \/>\n<br \/><a href=\"https:\/\/de.rt.com\/meinung\/156788-moderiere-und-verbanne-operation-eu\/\">Source link <\/a><\/p>\n","protected":false},"excerpt":{"rendered":"<p>Die Beh\u00f6rden der Europ\u00e4ischen Union bem\u00fchen sich, ihre m\u00fchselig aufgebaute Social-Media-Welt vor dem &#8220;Absolutisten der Redefreiheit&#8221;, Elon Musk, zu verteidigen. Dass Twitter ein Unternehmen in Privatbesitz ist, scheint f\u00fcr sie dabei keine Rolle zu spielen.\u00a0 Von Matthieu Buge Nach der \u00dcbernahme von Twitter durch Elon Musk und den j\u00fcngsten Reaktionen der Br\u00fcsseler B\u00fcrokraten darauf, ist [&hellip;]<\/p>\n","protected":false},"author":3,"featured_media":25167,"comment_status":"open","ping_status":"open","sticky":false,"template":"","format":"standard","meta":{"_yoast_indexnow_last_ping":["1670741041"],"wp_automatic_camp":["217"],"ba3c596665ee14e823e491a3758ce6fe":["Moderiere und verbanne: Die Operation der EU gegen Elon Musk"],"original_link":["https:\/\/de.rt.com\/meinung\/156788-moderiere-und-verbanne-operation-eu\/"],"_thumbnail_id":["25167"],"_wptgpro_p2tg_sent2tg":["a:1:{i:23737;s:19:\"2022-12-11 08:44:49\";}"],"jnews_social_counter_last_update":["1777160528"]},"categories":[19,23],"tags":[82,45,2056,278,37317,1582,10676,140,37318],"yoast_head":"<!-- This site is optimized with the Yoast SEO Premium plugin v22.7 (Yoast SEO v22.7) - https:\/\/yoast.com\/wordpress\/plugins\/seo\/ -->\n<title>Moderiere und verbanne: Die Operation der EU gegen Elon Musk - just-now.NEWS Deutschland<\/title>\n<meta name=\"robots\" content=\"index, follow, max-snippet:-1, max-image-preview:large, max-video-preview:-1\" \/>\n<link rel=\"canonical\" href=\"https:\/\/now-news.de\/de\/deutschland\/moderiere-und-verbanne-die-operation-der-eu-gegen-elon-musk\/\" \/>\n<meta property=\"og:locale\" content=\"de_DE\" \/>\n<meta property=\"og:type\" content=\"article\" \/>\n<meta property=\"og:title\" content=\"Moderiere und verbanne: Die Operation der EU gegen Elon Musk\" \/>\n<meta property=\"og:description\" content=\"Die Beh\u00f6rden der Europ\u00e4ischen Union bem\u00fchen sich, ihre m\u00fchselig aufgebaute Social-Media-Welt vor dem &#8220;Absolutisten der Redefreiheit&#8221;, Elon Musk, zu verteidigen. Dass Twitter ein Unternehmen in Privatbesitz ist, scheint f\u00fcr sie dabei keine Rolle zu spielen.\u00a0 Von Matthieu Buge Nach der \u00dcbernahme von Twitter durch Elon Musk und den j\u00fcngsten Reaktionen der Br\u00fcsseler B\u00fcrokraten darauf, ist [&hellip;]\" \/>\n<meta property=\"og:url\" content=\"https:\/\/now-news.de\/de\/deutschland\/moderiere-und-verbanne-die-operation-der-eu-gegen-elon-musk\/\" \/>\n<meta property=\"og:site_name\" content=\"just-now.NEWS Deutschland\" \/>\n<meta property=\"article:publisher\" content=\"https:\/\/www.facebook.com\/wirmachenauf\" \/>\n<meta property=\"article:published_time\" content=\"2022-12-11T06:38:45+00:00\" \/>\n<meta property=\"og:image\" content=\"https:\/\/now-news.de\/de\/wp-content\/uploads\/sites\/3\/2022\/12\/Moderiere-und-verbanne-Die-Operation-der-EU-gegen-Elon-Musk.jpg\" \/>\n\t<meta property=\"og:image:width\" content=\"460\" \/>\n\t<meta property=\"og:image:height\" content=\"259\" \/>\n\t<meta property=\"og:image:type\" content=\"image\/jpeg\" \/>\n<meta name=\"author\" content=\"rtnews\" \/>\n<meta name=\"twitter:card\" content=\"summary_large_image\" \/>\n<meta name=\"twitter:creator\" content=\"@WirMachenAuf_de\" \/>\n<meta name=\"twitter:site\" content=\"@WirMachenAuf_de\" \/>\n<meta name=\"twitter:label1\" content=\"Verfasst von\" \/>\n\t<meta name=\"twitter:data1\" content=\"rtnews\" \/>\n\t<meta name=\"twitter:label2\" content=\"Gesch\u00e4tzte Lesezeit\" \/>\n\t<meta name=\"twitter:data2\" content=\"6\u00a0Minuten\" \/>\n<script type=\"application\/ld+json\" class=\"yoast-schema-graph\">{\"@context\":\"https:\/\/schema.org\",\"@graph\":[{\"@type\":\"Article\",\"@id\":\"https:\/\/now-news.de\/de\/deutschland\/moderiere-und-verbanne-die-operation-der-eu-gegen-elon-musk\/#article\",\"isPartOf\":{\"@id\":\"https:\/\/now-news.de\/de\/deutschland\/moderiere-und-verbanne-die-operation-der-eu-gegen-elon-musk\/\"},\"author\":{\"name\":\"rtnews\",\"@id\":\"https:\/\/now-news.de\/de\/#\/schema\/person\/fb534a4e865501d8b3285208df34a9b5\"},\"headline\":\"Moderiere und verbanne: Die Operation der EU gegen Elon Musk\",\"datePublished\":\"2022-12-11T06:38:45+00:00\",\"dateModified\":\"2022-12-11T06:38:45+00:00\",\"mainEntityOfPage\":{\"@id\":\"https:\/\/now-news.de\/de\/deutschland\/moderiere-und-verbanne-die-operation-der-eu-gegen-elon-musk\/\"},\"wordCount\":1246,\"commentCount\":0,\"publisher\":{\"@id\":\"https:\/\/now-news.de\/de\/#organization\"},\"image\":{\"@id\":\"https:\/\/now-news.de\/de\/deutschland\/moderiere-und-verbanne-die-operation-der-eu-gegen-elon-musk\/#primaryimage\"},\"thumbnailUrl\":\"https:\/\/now-news.de\/de\/wp-content\/uploads\/sites\/3\/2022\/12\/Moderiere-und-verbanne-Die-Operation-der-EU-gegen-Elon-Musk.jpg\",\"keywords\":[\"der\",\"die\",\"ELON\",\"gegen\",\"Moderiere\",\"Musk\",\"Operation\",\"und\",\"verbanne\"],\"articleSection\":[\"Deutschland\",\"Russland\"],\"inLanguage\":\"de\",\"potentialAction\":[{\"@type\":\"CommentAction\",\"name\":\"Comment\",\"target\":[\"https:\/\/now-news.de\/de\/deutschland\/moderiere-und-verbanne-die-operation-der-eu-gegen-elon-musk\/#respond\"]}]},{\"@type\":\"WebPage\",\"@id\":\"https:\/\/now-news.de\/de\/deutschland\/moderiere-und-verbanne-die-operation-der-eu-gegen-elon-musk\/\",\"url\":\"https:\/\/now-news.de\/de\/deutschland\/moderiere-und-verbanne-die-operation-der-eu-gegen-elon-musk\/\",\"name\":\"Moderiere und verbanne: Die Operation der EU gegen Elon Musk - just-now.NEWS Deutschland\",\"isPartOf\":{\"@id\":\"https:\/\/now-news.de\/de\/#website\"},\"primaryImageOfPage\":{\"@id\":\"https:\/\/now-news.de\/de\/deutschland\/moderiere-und-verbanne-die-operation-der-eu-gegen-elon-musk\/#primaryimage\"},\"image\":{\"@id\":\"https:\/\/now-news.de\/de\/deutschland\/moderiere-und-verbanne-die-operation-der-eu-gegen-elon-musk\/#primaryimage\"},\"thumbnailUrl\":\"https:\/\/now-news.de\/de\/wp-content\/uploads\/sites\/3\/2022\/12\/Moderiere-und-verbanne-Die-Operation-der-EU-gegen-Elon-Musk.jpg\",\"datePublished\":\"2022-12-11T06:38:45+00:00\",\"dateModified\":\"2022-12-11T06:38:45+00:00\",\"breadcrumb\":{\"@id\":\"https:\/\/now-news.de\/de\/deutschland\/moderiere-und-verbanne-die-operation-der-eu-gegen-elon-musk\/#breadcrumb\"},\"inLanguage\":\"de\",\"potentialAction\":[{\"@type\":\"ReadAction\",\"target\":[\"https:\/\/now-news.de\/de\/deutschland\/moderiere-und-verbanne-die-operation-der-eu-gegen-elon-musk\/\"]}]},{\"@type\":\"ImageObject\",\"inLanguage\":\"de\",\"@id\":\"https:\/\/now-news.de\/de\/deutschland\/moderiere-und-verbanne-die-operation-der-eu-gegen-elon-musk\/#primaryimage\",\"url\":\"https:\/\/now-news.de\/de\/wp-content\/uploads\/sites\/3\/2022\/12\/Moderiere-und-verbanne-Die-Operation-der-EU-gegen-Elon-Musk.jpg\",\"contentUrl\":\"https:\/\/now-news.de\/de\/wp-content\/uploads\/sites\/3\/2022\/12\/Moderiere-und-verbanne-Die-Operation-der-EU-gegen-Elon-Musk.jpg\",\"width\":460,\"height\":259,\"caption\":\"Moderiere und verbanne: Die Operation der EU gegen Elon Musk\"},{\"@type\":\"BreadcrumbList\",\"@id\":\"https:\/\/now-news.de\/de\/deutschland\/moderiere-und-verbanne-die-operation-der-eu-gegen-elon-musk\/#breadcrumb\",\"itemListElement\":[{\"@type\":\"ListItem\",\"position\":1,\"name\":\"Home\",\"item\":\"https:\/\/now-news.de\/de\/\"},{\"@type\":\"ListItem\",\"position\":2,\"name\":\"Moderiere und verbanne: Die Operation der EU gegen Elon Musk\"}]},{\"@type\":\"WebSite\",\"@id\":\"https:\/\/now-news.de\/de\/#website\",\"url\":\"https:\/\/now-news.de\/de\/\",\"name\":\"just-now.NEWS Deutschland\",\"description\":\"Das Portal f\u00fcr unzensierte Nachrichten aus der Welt\",\"publisher\":{\"@id\":\"https:\/\/now-news.de\/de\/#organization\"},\"potentialAction\":[{\"@type\":\"SearchAction\",\"target\":{\"@type\":\"EntryPoint\",\"urlTemplate\":\"https:\/\/now-news.de\/de\/?s={search_term_string}\"},\"query-input\":\"required name=search_term_string\"}],\"inLanguage\":\"de\"},{\"@type\":\"Organization\",\"@id\":\"https:\/\/now-news.de\/de\/#organization\",\"name\":\"Just Now News\",\"url\":\"https:\/\/now-news.de\/de\/\",\"logo\":{\"@type\":\"ImageObject\",\"inLanguage\":\"de\",\"@id\":\"https:\/\/now-news.de\/de\/#\/schema\/logo\/image\/\",\"url\":\"http:\/\/just-now.news\/de\/wp-content\/uploads\/sites\/3\/2022\/04\/logo500x500.jpg\",\"contentUrl\":\"http:\/\/just-now.news\/de\/wp-content\/uploads\/sites\/3\/2022\/04\/logo500x500.jpg\",\"width\":500,\"height\":500,\"caption\":\"Just Now News\"},\"image\":{\"@id\":\"https:\/\/now-news.de\/de\/#\/schema\/logo\/image\/\"},\"sameAs\":[\"https:\/\/www.facebook.com\/wirmachenauf\",\"https:\/\/x.com\/WirMachenAuf_de\"]},{\"@type\":\"Person\",\"@id\":\"https:\/\/now-news.de\/de\/#\/schema\/person\/fb534a4e865501d8b3285208df34a9b5\",\"name\":\"rtnews\",\"image\":{\"@type\":\"ImageObject\",\"inLanguage\":\"de\",\"@id\":\"https:\/\/now-news.de\/de\/#\/schema\/person\/image\/\",\"url\":\"https:\/\/secure.gravatar.com\/avatar\/82aafea7d8127119dd649515f56e2117?s=96&d=mm&r=g\",\"contentUrl\":\"https:\/\/secure.gravatar.com\/avatar\/82aafea7d8127119dd649515f56e2117?s=96&d=mm&r=g\",\"caption\":\"rtnews\"},\"url\":\"https:\/\/now-news.de\/de\/author\/rnews\/\"}]}<\/script>\n<!-- \/ Yoast SEO Premium plugin. -->","yoast_head_json":{"title":"Moderiere und verbanne: Die Operation der EU gegen Elon Musk - just-now.NEWS Deutschland","robots":{"index":"index","follow":"follow","max-snippet":"max-snippet:-1","max-image-preview":"max-image-preview:large","max-video-preview":"max-video-preview:-1"},"canonical":"https:\/\/now-news.de\/de\/deutschland\/moderiere-und-verbanne-die-operation-der-eu-gegen-elon-musk\/","og_locale":"de_DE","og_type":"article","og_title":"Moderiere und verbanne: Die Operation der EU gegen Elon Musk","og_description":"Die Beh\u00f6rden der Europ\u00e4ischen Union bem\u00fchen sich, ihre m\u00fchselig aufgebaute Social-Media-Welt vor dem &#8220;Absolutisten der Redefreiheit&#8221;, Elon Musk, zu verteidigen. Dass Twitter ein Unternehmen in Privatbesitz ist, scheint f\u00fcr sie dabei keine Rolle zu spielen.\u00a0 Von Matthieu Buge Nach der \u00dcbernahme von Twitter durch Elon Musk und den j\u00fcngsten Reaktionen der Br\u00fcsseler B\u00fcrokraten darauf, ist [&hellip;]","og_url":"https:\/\/now-news.de\/de\/deutschland\/moderiere-und-verbanne-die-operation-der-eu-gegen-elon-musk\/","og_site_name":"just-now.NEWS Deutschland","article_publisher":"https:\/\/www.facebook.com\/wirmachenauf","article_published_time":"2022-12-11T06:38:45+00:00","og_image":[{"width":460,"height":259,"url":"https:\/\/now-news.de\/de\/wp-content\/uploads\/sites\/3\/2022\/12\/Moderiere-und-verbanne-Die-Operation-der-EU-gegen-Elon-Musk.jpg","type":"image\/jpeg"}],"author":"rtnews","twitter_card":"summary_large_image","twitter_creator":"@WirMachenAuf_de","twitter_site":"@WirMachenAuf_de","twitter_misc":{"Verfasst von":"rtnews","Gesch\u00e4tzte Lesezeit":"6\u00a0Minuten"},"schema":{"@context":"https:\/\/schema.org","@graph":[{"@type":"Article","@id":"https:\/\/now-news.de\/de\/deutschland\/moderiere-und-verbanne-die-operation-der-eu-gegen-elon-musk\/#article","isPartOf":{"@id":"https:\/\/now-news.de\/de\/deutschland\/moderiere-und-verbanne-die-operation-der-eu-gegen-elon-musk\/"},"author":{"name":"rtnews","@id":"https:\/\/now-news.de\/de\/#\/schema\/person\/fb534a4e865501d8b3285208df34a9b5"},"headline":"Moderiere und verbanne: Die Operation der EU gegen Elon Musk","datePublished":"2022-12-11T06:38:45+00:00","dateModified":"2022-12-11T06:38:45+00:00","mainEntityOfPage":{"@id":"https:\/\/now-news.de\/de\/deutschland\/moderiere-und-verbanne-die-operation-der-eu-gegen-elon-musk\/"},"wordCount":1246,"commentCount":0,"publisher":{"@id":"https:\/\/now-news.de\/de\/#organization"},"image":{"@id":"https:\/\/now-news.de\/de\/deutschland\/moderiere-und-verbanne-die-operation-der-eu-gegen-elon-musk\/#primaryimage"},"thumbnailUrl":"https:\/\/now-news.de\/de\/wp-content\/uploads\/sites\/3\/2022\/12\/Moderiere-und-verbanne-Die-Operation-der-EU-gegen-Elon-Musk.jpg","keywords":["der","die","ELON","gegen","Moderiere","Musk","Operation","und","verbanne"],"articleSection":["Deutschland","Russland"],"inLanguage":"de","potentialAction":[{"@type":"CommentAction","name":"Comment","target":["https:\/\/now-news.de\/de\/deutschland\/moderiere-und-verbanne-die-operation-der-eu-gegen-elon-musk\/#respond"]}]},{"@type":"WebPage","@id":"https:\/\/now-news.de\/de\/deutschland\/moderiere-und-verbanne-die-operation-der-eu-gegen-elon-musk\/","url":"https:\/\/now-news.de\/de\/deutschland\/moderiere-und-verbanne-die-operation-der-eu-gegen-elon-musk\/","name":"Moderiere und verbanne: Die Operation der EU gegen Elon Musk - just-now.NEWS Deutschland","isPartOf":{"@id":"https:\/\/now-news.de\/de\/#website"},"primaryImageOfPage":{"@id":"https:\/\/now-news.de\/de\/deutschland\/moderiere-und-verbanne-die-operation-der-eu-gegen-elon-musk\/#primaryimage"},"image":{"@id":"https:\/\/now-news.de\/de\/deutschland\/moderiere-und-verbanne-die-operation-der-eu-gegen-elon-musk\/#primaryimage"},"thumbnailUrl":"https:\/\/now-news.de\/de\/wp-content\/uploads\/sites\/3\/2022\/12\/Moderiere-und-verbanne-Die-Operation-der-EU-gegen-Elon-Musk.jpg","datePublished":"2022-12-11T06:38:45+00:00","dateModified":"2022-12-11T06:38:45+00:00","breadcrumb":{"@id":"https:\/\/now-news.de\/de\/deutschland\/moderiere-und-verbanne-die-operation-der-eu-gegen-elon-musk\/#breadcrumb"},"inLanguage":"de","potentialAction":[{"@type":"ReadAction","target":["https:\/\/now-news.de\/de\/deutschland\/moderiere-und-verbanne-die-operation-der-eu-gegen-elon-musk\/"]}]},{"@type":"ImageObject","inLanguage":"de","@id":"https:\/\/now-news.de\/de\/deutschland\/moderiere-und-verbanne-die-operation-der-eu-gegen-elon-musk\/#primaryimage","url":"https:\/\/now-news.de\/de\/wp-content\/uploads\/sites\/3\/2022\/12\/Moderiere-und-verbanne-Die-Operation-der-EU-gegen-Elon-Musk.jpg","contentUrl":"https:\/\/now-news.de\/de\/wp-content\/uploads\/sites\/3\/2022\/12\/Moderiere-und-verbanne-Die-Operation-der-EU-gegen-Elon-Musk.jpg","width":460,"height":259,"caption":"Moderiere und verbanne: Die Operation der EU gegen Elon Musk"},{"@type":"BreadcrumbList","@id":"https:\/\/now-news.de\/de\/deutschland\/moderiere-und-verbanne-die-operation-der-eu-gegen-elon-musk\/#breadcrumb","itemListElement":[{"@type":"ListItem","position":1,"name":"Home","item":"https:\/\/now-news.de\/de\/"},{"@type":"ListItem","position":2,"name":"Moderiere und verbanne: Die Operation der EU gegen Elon Musk"}]},{"@type":"WebSite","@id":"https:\/\/now-news.de\/de\/#website","url":"https:\/\/now-news.de\/de\/","name":"just-now.NEWS Deutschland","description":"Das Portal f\u00fcr unzensierte Nachrichten aus der Welt","publisher":{"@id":"https:\/\/now-news.de\/de\/#organization"},"potentialAction":[{"@type":"SearchAction","target":{"@type":"EntryPoint","urlTemplate":"https:\/\/now-news.de\/de\/?s={search_term_string}"},"query-input":"required name=search_term_string"}],"inLanguage":"de"},{"@type":"Organization","@id":"https:\/\/now-news.de\/de\/#organization","name":"Just Now News","url":"https:\/\/now-news.de\/de\/","logo":{"@type":"ImageObject","inLanguage":"de","@id":"https:\/\/now-news.de\/de\/#\/schema\/logo\/image\/","url":"http:\/\/just-now.news\/de\/wp-content\/uploads\/sites\/3\/2022\/04\/logo500x500.jpg","contentUrl":"http:\/\/just-now.news\/de\/wp-content\/uploads\/sites\/3\/2022\/04\/logo500x500.jpg","width":500,"height":500,"caption":"Just Now News"},"image":{"@id":"https:\/\/now-news.de\/de\/#\/schema\/logo\/image\/"},"sameAs":["https:\/\/www.facebook.com\/wirmachenauf","https:\/\/x.com\/WirMachenAuf_de"]},{"@type":"Person","@id":"https:\/\/now-news.de\/de\/#\/schema\/person\/fb534a4e865501d8b3285208df34a9b5","name":"rtnews","image":{"@type":"ImageObject","inLanguage":"de","@id":"https:\/\/now-news.de\/de\/#\/schema\/person\/image\/","url":"https:\/\/secure.gravatar.com\/avatar\/82aafea7d8127119dd649515f56e2117?s=96&d=mm&r=g","contentUrl":"https:\/\/secure.gravatar.com\/avatar\/82aafea7d8127119dd649515f56e2117?s=96&d=mm&r=g","caption":"rtnews"},"url":"https:\/\/now-news.de\/de\/author\/rnews\/"}]}},"_links":{"self":[{"href":"https:\/\/now-news.de\/de\/wp-json\/wp\/v2\/posts\/25166"}],"collection":[{"href":"https:\/\/now-news.de\/de\/wp-json\/wp\/v2\/posts"}],"about":[{"href":"https:\/\/now-news.de\/de\/wp-json\/wp\/v2\/types\/post"}],"author":[{"embeddable":true,"href":"https:\/\/now-news.de\/de\/wp-json\/wp\/v2\/users\/3"}],"replies":[{"embeddable":true,"href":"https:\/\/now-news.de\/de\/wp-json\/wp\/v2\/comments?post=25166"}],"version-history":[{"count":0,"href":"https:\/\/now-news.de\/de\/wp-json\/wp\/v2\/posts\/25166\/revisions"}],"wp:featuredmedia":[{"embeddable":true,"href":"https:\/\/now-news.de\/de\/wp-json\/wp\/v2\/media\/25167"}],"wp:attachment":[{"href":"https:\/\/now-news.de\/de\/wp-json\/wp\/v2\/media?parent=25166"}],"wp:term":[{"taxonomy":"category","embeddable":true,"href":"https:\/\/now-news.de\/de\/wp-json\/wp\/v2\/categories?post=25166"},{"taxonomy":"post_tag","embeddable":true,"href":"https:\/\/now-news.de\/de\/wp-json\/wp\/v2\/tags?post=25166"}],"curies":[{"name":"wp","href":"https:\/\/api.w.org\/{rel}","templated":true}]}}